{"id":998,"date":"2021-04-27T15:11:17","date_gmt":"2021-04-27T18:11:17","guid":{"rendered":"http:\/\/34.239.117.254\/?p=998"},"modified":"2021-04-27T15:11:17","modified_gmt":"2021-04-27T18:11:17","slug":"sem-reforma-caminho-seria-elevar-contribuicoes","status":"publish","type":"post","link":"https:\/\/www.ayadvogados.com.br\/?p=998","title":{"rendered":"Sem reforma, caminho seria elevar contribui\u00e7\u00f5es"},"content":{"rendered":"\n<p>Sem uma reforma tribut\u00e1ria, a decis\u00e3o do Supremo Tribunal Federal (STF) sobre a exclus\u00e3o do ICMS da base do PIS e da Cofins pode levar a um aumento de al\u00edquotas das contribui\u00e7\u00f5es sociais, como forma de compensar a perda de arrecada\u00e7\u00e3o. Esse \u00e9 um dos cen\u00e1rios levantados por especialistas caso o julgamento, que implica risco fiscal elevado, se encerre mesmo nesta semana.<\/p>\n\n\n\n<p>Outro problema que poder\u00e1 surgir est\u00e1 relacionado ao teto de gastos. Precat\u00f3rios, no lado da despesa, e compensa\u00e7\u00f5es tribut\u00e1rias, pela \u00f3tica das receitas, s\u00e3o os principais caminhos para o governo acertar seu passivo com os contribuintes, ap\u00f3s a decis\u00e3o final.<\/p>\n\n\n\n<p>No primeiro caso, essa despesa competir\u00e1 com os demais gastos, cujo espa\u00e7o dado pelo limite constitucional j\u00e1 \u00e9 bastante restrito. Esse efeito certamente n\u00e3o ocorreria neste ano, mas sim nos pr\u00f3ximos, quando a Justi\u00e7a come\u00e7a a remeter para a Uni\u00e3o as d\u00edvidas a serem pagas no exerc\u00edcio seguinte.<\/p>\n\n\n\n<p>Na compensa\u00e7\u00e3o tribut\u00e1ria, que tem limita\u00e7\u00f5es porque s\u00f3 se aplica para quem tem cr\u00e9ditos a receber, o impacto \u00e9 de redu\u00e7\u00e3o nas receitas da Uni\u00e3o, diminuindo assim o resultado prim\u00e1rio, mas sem afetar o limite de despesas.<\/p>\n\n\n\n<p>O Minist\u00e9rio da Economia n\u00e3o quis se posicionar sobre os potenciais impactos. Por\u00e9m, em of\u00edcio enviado ao Supremo no dia 14, assinado pelo procurador-geral da Fazenda Nacional, Ricardo Soriano de Alencar, aponta uma conta de R$ 258,3 bilh\u00f5es &#8211; que hoje seria mais que o dobro das despesas discricion\u00e1rias do governo.<\/p>\n\n\n\n<p>\u201cEssa mensura\u00e7\u00e3o [sobre impacto no teto de gastos] somente poder\u00e1 ser realizada com maior precis\u00e3o a partir dos limites da decis\u00e3o dos embargos de declara\u00e7\u00e3o. Os esclarecimentos da Corte quanto aos crit\u00e9rios de liquida\u00e7\u00e3o e \u00e0 produ\u00e7\u00e3o de efeitos do julgamento de mar\u00e7o de 2017 s\u00e3o determinantes para esse tipo de an\u00e1lise\u201d, limitou-se a dizer a pasta em resposta ao <strong>Valor<\/strong>.<\/p>\n\n\n\n<p>A Procuradoria-Geral da Fazenda Nacional (PGFN), que est\u00e1 vinculada ao minist\u00e9rio, acrescentou que a quest\u00e3o \u00e9 \u201cprofunda e bastante complexa\u201d e levantou a d\u00favida sobre \u201ccomo o sistema se tornar\u00e1 sustent\u00e1vel para absorver decis\u00e3o com tal impacto\u201d.<\/p>\n\n\n\n<p>Diante do impacto estimado, Jorge Rachid, ex-secret\u00e1rio da Receita Federal, que estava no governo quando a Uni\u00e3o foi derrotada em 2017, defende que o Supremo module os efeitos da decis\u00e3o, evitando a devolu\u00e7\u00e3o de valores pela Uni\u00e3o. Para ele, \u00e9 natural se esperar uma eleva\u00e7\u00e3o das al\u00edquotas do PIS e da Cofins.<\/p>\n\n\n\n<p>Rachid lembra que o projeto de reforma tribut\u00e1ria por meio da CBS, enviado no ano passado pelo governo, j\u00e1 prev\u00ea al\u00edquota maior justamente por causa da exclus\u00e3o do ICMS da base de c\u00e1lculo das contribui\u00e7\u00f5es sociais.<\/p>\n\n\n\n<p>Uma das formas de devolver valores tribut\u00e1rios cobrados indevidamente, as compensa\u00e7\u00f5es j\u00e1 est\u00e3o em um patamar elevado este ano. De janeiro a mar\u00e7o foram realizadas 20.387 opera\u00e7\u00f5es com cr\u00e9ditos provenientes de a\u00e7\u00f5es judiciais, chegando ao valor de R$ 23,35 bilh\u00f5es.<\/p>\n\n\n\n<p>Em 2020, as compensa\u00e7\u00f5es foram um dos motivos para a queda de arrecada\u00e7\u00e3o. Com um total de 57.970 pedidos, o valor compensado foi de R$ 63,61 bilh\u00f5es. As a\u00e7\u00f5es judiciais responderam por quase 40% do total dos cr\u00e9ditos tribut\u00e1rios utilizados no ano passado.<\/p>\n\n\n\n<p>\u201cA compensa\u00e7\u00e3o \u00e9 s\u00f3 uma forma de fazer valer um cr\u00e9dito que se conseguiu por uma via. Ela \u00e9 um instrumento de agilidade\u201d, afirma o consultor Everardo Maciel, e ex-secret\u00e1rio da Receita Federal. Contr\u00e1rio \u00e0 decis\u00e3o do STF no m\u00e9rito, ele destaca que ainda existem muitas d\u00favidas, que tornam imposs\u00edvel prever quanto o julgamento vai custar para a Uni\u00e3o.<\/p>\n\n\n\n<p>Para o economista-chefe da RPS Capital e especialista em contas p\u00fablicas, Gabriel Leal de Barros, o impacto fiscal da decis\u00e3o, a depender do caminho adotado pelo STF, pode ser \u201cenorme\u201d. \u201cN\u00e3o est\u00e1 muito clara a forma de quita\u00e7\u00e3o, se ainda na linha da receita e usando d\u00e9bitos e cr\u00e9ditos de cada parte ou se via transfer\u00eancia [gasto] direto do governo. Acredito que o STF v\u00e1 decidir pela modula\u00e7\u00e3o para tr\u00e1s apenas para as empresas que ainda tinham causas e recursos, mitigando o efeito da repercuss\u00e3o geral para tr\u00e1s e o impacto fiscal\u201d, diz.<\/p>\n\n\n\n<p>Se o pagamento desse d\u00e9bito for via gasto, acrescenta, pode gerar problemas para o teto. Por\u00e9m, ele cogita a possibilidade de o governo eventualmente buscar enquadrar essa despesa como excepcional, pedindo ao Congresso licen\u00e7a para deix\u00e1-la de fora do teto. O julgamento, afirma, pode acelerar a press\u00e3o pela reforma tribut\u00e1ria.<\/p>\n\n\n\n<p>Fonte: <a href=\"https:\/\/valor.globo.com\/legislacao\/noticia\/2021\/04\/27\/sem-reforma-caminho-seria-elevar-contribuicoes.ghtml\" data-type=\"URL\" data-id=\"https:\/\/valor.globo.com\/legislacao\/noticia\/2021\/04\/27\/sem-reforma-caminho-seria-elevar-contribuicoes.ghtml\" target=\"_blank\" rel=\"noreferrer noopener\">Valor<\/a><\/p>\n\n\n\n<p>A Amaral, Yazbek, OAB\/PR 762, possui 35 anos de experi\u00eancia auxiliando empresas a transformar a tributa\u00e7\u00e3o em lucro. Entre em contato com um dos s\u00f3cios para agendamento de reuni\u00e3o em caso de d\u00favidas.<\/p>\n\n\n\n<p>Contato: 41 3595-8300 ou pelo nosso WhatsApp 41 99567-5696<\/p>\n\n\n\n<p>Av. C\u00e2ndido Hartmann, 50 \u2013 Bigorrilho | Curitiba-PR<\/p>\n\n\n\n<p>Assine nossa Newsletter e fique por dentro das novidades!<\/p>\n\n\n\n<p>Quer receber seu exemplar da revista Governan\u00e7a Jur\u00eddica? Clique <a href=\"http:\/\/ayadvogados.com.br\/revista\">aqui<\/a>&nbsp;e pe\u00e7a a sua.<\/p>\n\n\n\n<p>Nos acompanhe nas redes sociais: <a href=\"https:\/\/www.facebook.com\/amaral.yazbek\">Facebook<\/a>&nbsp;| <a href=\"https:\/\/www.instagram.com\/amaral.yazbek\/\">Instagram<\/a> | <a href=\"https:\/\/www.linkedin.com\/company\/3357082\/admin\/\">Linkedin<\/a><\/p>\n\n\n\n<p>J\u00e1 conhece o canal Direito da Intelig\u00eancia de Neg\u00f3cios? <a href=\"https:\/\/www.youtube.com\/channel\/UCu2Mpu32ht8DEN8OFRXYMyw\">Inscreva-se j\u00e1<\/a><\/p>\n","protected":false},"excerpt":{"rendered":"<p>Sem uma reforma tribut\u00e1ria, a decis\u00e3o do Supremo Tribunal Federal (STF) sobre a exclus\u00e3o do ICMS da base do PIS e da Cofins pode levar a um aumento de al\u00edquotas das contribui\u00e7\u00f5es sociais, como forma de compensar a perda de arrecada\u00e7\u00e3o. Esse \u00e9 um dos cen\u00e1rios levantados por especialistas caso o julgamento, que implica risco [&hellip;]<\/p>\n","protected":false},"author":2,"featured_media":999,"comment_status":"open","ping_status":"open","sticky":false,"template":"","format":"standard","meta":{"footnotes":""},"categories":[1],"tags":[],"class_list":["post-998","post","type-post","status-publish","format-standard","has-post-thumbnail","hentry","category-noticia-do-dia"],"blocksy_meta":{"styles_descriptor":{"styles":{"desktop":"","tablet":"","mobile":""},"google_fonts":[],"version":6}},"yoast_head":"<!-- This site is optimized with the Yoast SEO plugin v27.5 - https:\/\/yoast.com\/product\/yoast-seo-wordpress\/ -->\n<title>Sem reforma, caminho seria elevar contribui\u00e7\u00f5es - Amaral, Yazbek Advogados<\/title>\n<meta name=\"robots\" content=\"index, follow, max-snippet:-1, max-image-preview:large, max-video-preview:-1\" \/>\n<link rel=\"canonical\" href=\"https:\/\/www.ayadvogados.com.br\/?p=998\" \/>\n<meta property=\"og:locale\" content=\"pt_BR\" \/>\n<meta property=\"og:type\" content=\"article\" \/>\n<meta property=\"og:title\" content=\"Sem reforma, caminho seria elevar contribui\u00e7\u00f5es - Amaral, Yazbek Advogados\" \/>\n<meta property=\"og:description\" content=\"Sem uma reforma tribut\u00e1ria, a decis\u00e3o do Supremo Tribunal Federal (STF) sobre a exclus\u00e3o do ICMS da base do PIS e da Cofins pode levar a um aumento de al\u00edquotas das contribui\u00e7\u00f5es sociais, como forma de compensar a perda de arrecada\u00e7\u00e3o. Esse \u00e9 um dos cen\u00e1rios levantados por especialistas caso o julgamento, que implica risco [&hellip;]\" \/>\n<meta property=\"og:url\" content=\"https:\/\/www.ayadvogados.com.br\/?p=998\" \/>\n<meta property=\"og:site_name\" content=\"Amaral, Yazbek Advogados\" \/>\n<meta property=\"article:publisher\" content=\"https:\/\/www.facebook.com\/AYadvogados\" \/>\n<meta property=\"article:published_time\" content=\"2021-04-27T18:11:17+00:00\" \/>\n<meta property=\"og:image\" content=\"https:\/\/www.ayadvogados.com.br\/wp-content\/uploads\/2021\/04\/27-04-Blog.png\" \/>\n\t<meta property=\"og:image:width\" content=\"1000\" \/>\n\t<meta property=\"og:image:height\" content=\"620\" \/>\n\t<meta property=\"og:image:type\" content=\"image\/png\" \/>\n<meta name=\"author\" content=\"AY Advogados\" \/>\n<meta name=\"twitter:card\" content=\"summary_large_image\" \/>\n<meta name=\"twitter:label1\" content=\"Escrito por\" \/>\n\t<meta name=\"twitter:data1\" content=\"AY Advogados\" \/>\n\t<meta name=\"twitter:label2\" content=\"Est. tempo de leitura\" \/>\n\t<meta name=\"twitter:data2\" content=\"4 minutos\" \/>\n<script type=\"application\/ld+json\" class=\"yoast-schema-graph\">{\"@context\":\"https:\\\/\\\/schema.org\",\"@graph\":[{\"@type\":\"Article\",\"@id\":\"https:\\\/\\\/www.ayadvogados.com.br\\\/?p=998#article\",\"isPartOf\":{\"@id\":\"https:\\\/\\\/www.ayadvogados.com.br\\\/?p=998\"},\"author\":{\"name\":\"AY Advogados\",\"@id\":\"https:\\\/\\\/www.34.239.117.254.sslip.io\\\/#\\\/schema\\\/person\\\/4abfbf03ad3e577e691d333af064a912\"},\"headline\":\"Sem reforma, caminho seria elevar contribui\u00e7\u00f5es\",\"datePublished\":\"2021-04-27T18:11:17+00:00\",\"mainEntityOfPage\":{\"@id\":\"https:\\\/\\\/www.ayadvogados.com.br\\\/?p=998\"},\"wordCount\":899,\"commentCount\":0,\"publisher\":{\"@id\":\"https:\\\/\\\/www.34.239.117.254.sslip.io\\\/#organization\"},\"image\":{\"@id\":\"https:\\\/\\\/www.ayadvogados.com.br\\\/?p=998#primaryimage\"},\"thumbnailUrl\":\"https:\\\/\\\/www.ayadvogados.com.br\\\/wp-content\\\/uploads\\\/2021\\\/04\\\/27-04-Blog.png\",\"articleSection\":[\"Not\u00edcia do Dia\"],\"inLanguage\":\"pt-BR\",\"potentialAction\":[{\"@type\":\"CommentAction\",\"name\":\"Comment\",\"target\":[\"https:\\\/\\\/www.ayadvogados.com.br\\\/?p=998#respond\"]}]},{\"@type\":\"WebPage\",\"@id\":\"https:\\\/\\\/www.ayadvogados.com.br\\\/?p=998\",\"url\":\"https:\\\/\\\/www.ayadvogados.com.br\\\/?p=998\",\"name\":\"Sem reforma, caminho seria elevar contribui\u00e7\u00f5es - Amaral, Yazbek Advogados\",\"isPartOf\":{\"@id\":\"https:\\\/\\\/www.34.239.117.254.sslip.io\\\/#website\"},\"primaryImageOfPage\":{\"@id\":\"https:\\\/\\\/www.ayadvogados.com.br\\\/?p=998#primaryimage\"},\"image\":{\"@id\":\"https:\\\/\\\/www.ayadvogados.com.br\\\/?p=998#primaryimage\"},\"thumbnailUrl\":\"https:\\\/\\\/www.ayadvogados.com.br\\\/wp-content\\\/uploads\\\/2021\\\/04\\\/27-04-Blog.png\",\"datePublished\":\"2021-04-27T18:11:17+00:00\",\"breadcrumb\":{\"@id\":\"https:\\\/\\\/www.ayadvogados.com.br\\\/?p=998#breadcrumb\"},\"inLanguage\":\"pt-BR\",\"potentialAction\":[{\"@type\":\"ReadAction\",\"target\":[\"https:\\\/\\\/www.ayadvogados.com.br\\\/?p=998\"]}]},{\"@type\":\"ImageObject\",\"inLanguage\":\"pt-BR\",\"@id\":\"https:\\\/\\\/www.ayadvogados.com.br\\\/?p=998#primaryimage\",\"url\":\"https:\\\/\\\/www.ayadvogados.com.br\\\/wp-content\\\/uploads\\\/2021\\\/04\\\/27-04-Blog.png\",\"contentUrl\":\"https:\\\/\\\/www.ayadvogados.com.br\\\/wp-content\\\/uploads\\\/2021\\\/04\\\/27-04-Blog.png\",\"width\":1000,\"height\":620},{\"@type\":\"BreadcrumbList\",\"@id\":\"https:\\\/\\\/www.ayadvogados.com.br\\\/?p=998#breadcrumb\",\"itemListElement\":[{\"@type\":\"ListItem\",\"position\":1,\"name\":\"In\u00edcio\",\"item\":\"https:\\\/\\\/www.34.239.117.254.sslip.io\\\/\"},{\"@type\":\"ListItem\",\"position\":2,\"name\":\"Sem reforma, caminho seria elevar contribui\u00e7\u00f5es\"}]},{\"@type\":\"WebSite\",\"@id\":\"https:\\\/\\\/www.34.239.117.254.sslip.io\\\/#website\",\"url\":\"https:\\\/\\\/www.34.239.117.254.sslip.io\\\/\",\"name\":\"Amaral, Yazbek Advogados\",\"description\":\"Curitiba \u2022 Bras\u00edlia \u2022 S\u00e3o Paulo\",\"publisher\":{\"@id\":\"https:\\\/\\\/www.34.239.117.254.sslip.io\\\/#organization\"},\"potentialAction\":[{\"@type\":\"SearchAction\",\"target\":{\"@type\":\"EntryPoint\",\"urlTemplate\":\"https:\\\/\\\/www.34.239.117.254.sslip.io\\\/?s={search_term_string}\"},\"query-input\":{\"@type\":\"PropertyValueSpecification\",\"valueRequired\":true,\"valueName\":\"search_term_string\"}}],\"inLanguage\":\"pt-BR\"},{\"@type\":\"Organization\",\"@id\":\"https:\\\/\\\/www.34.239.117.254.sslip.io\\\/#organization\",\"name\":\"Amaral, Yazbek Advogados\",\"url\":\"https:\\\/\\\/www.34.239.117.254.sslip.io\\\/\",\"logo\":{\"@type\":\"ImageObject\",\"inLanguage\":\"pt-BR\",\"@id\":\"https:\\\/\\\/www.34.239.117.254.sslip.io\\\/#\\\/schema\\\/logo\\\/image\\\/\",\"url\":\"http:\\\/\\\/34.239.117.254\\\/wp-content\\\/uploads\\\/2021\\\/03\\\/logo-ay-g.png\",\"contentUrl\":\"http:\\\/\\\/34.239.117.254\\\/wp-content\\\/uploads\\\/2021\\\/03\\\/logo-ay-g.png\",\"width\":434,\"height\":106,\"caption\":\"Amaral, Yazbek Advogados\"},\"image\":{\"@id\":\"https:\\\/\\\/www.34.239.117.254.sslip.io\\\/#\\\/schema\\\/logo\\\/image\\\/\"},\"sameAs\":[\"https:\\\/\\\/www.facebook.com\\\/AYadvogados\",\"https:\\\/\\\/www.instagram.com\\\/ayadvogados\\\/\"]},{\"@type\":\"Person\",\"@id\":\"https:\\\/\\\/www.34.239.117.254.sslip.io\\\/#\\\/schema\\\/person\\\/4abfbf03ad3e577e691d333af064a912\",\"name\":\"AY Advogados\",\"image\":{\"@type\":\"ImageObject\",\"inLanguage\":\"pt-BR\",\"@id\":\"https:\\\/\\\/secure.gravatar.com\\\/avatar\\\/1473912b851241f5503026e6156e144dcd83ff7addb67f65e1ed9ca21ee1d9cf?s=96&d=mm&r=g\",\"url\":\"https:\\\/\\\/secure.gravatar.com\\\/avatar\\\/1473912b851241f5503026e6156e144dcd83ff7addb67f65e1ed9ca21ee1d9cf?s=96&d=mm&r=g\",\"contentUrl\":\"https:\\\/\\\/secure.gravatar.com\\\/avatar\\\/1473912b851241f5503026e6156e144dcd83ff7addb67f65e1ed9ca21ee1d9cf?s=96&d=mm&r=g\",\"caption\":\"AY Advogados\"},\"sameAs\":[\"https:\\\/\\\/ayadvogados.com.br\"],\"url\":\"https:\\\/\\\/www.ayadvogados.com.br\\\/?author=2\"}]}<\/script>\n<!-- \/ Yoast SEO plugin. -->","yoast_head_json":{"title":"Sem reforma, caminho seria elevar contribui\u00e7\u00f5es - Amaral, Yazbek Advogados","robots":{"index":"index","follow":"follow","max-snippet":"max-snippet:-1","max-image-preview":"max-image-preview:large","max-video-preview":"max-video-preview:-1"},"canonical":"https:\/\/www.ayadvogados.com.br\/?p=998","og_locale":"pt_BR","og_type":"article","og_title":"Sem reforma, caminho seria elevar contribui\u00e7\u00f5es - Amaral, Yazbek Advogados","og_description":"Sem uma reforma tribut\u00e1ria, a decis\u00e3o do Supremo Tribunal Federal (STF) sobre a exclus\u00e3o do ICMS da base do PIS e da Cofins pode levar a um aumento de al\u00edquotas das contribui\u00e7\u00f5es sociais, como forma de compensar a perda de arrecada\u00e7\u00e3o. Esse \u00e9 um dos cen\u00e1rios levantados por especialistas caso o julgamento, que implica risco [&hellip;]","og_url":"https:\/\/www.ayadvogados.com.br\/?p=998","og_site_name":"Amaral, Yazbek Advogados","article_publisher":"https:\/\/www.facebook.com\/AYadvogados","article_published_time":"2021-04-27T18:11:17+00:00","og_image":[{"width":1000,"height":620,"url":"https:\/\/www.ayadvogados.com.br\/wp-content\/uploads\/2021\/04\/27-04-Blog.png","type":"image\/png"}],"author":"AY Advogados","twitter_card":"summary_large_image","twitter_misc":{"Escrito por":"AY Advogados","Est. tempo de leitura":"4 minutos"},"schema":{"@context":"https:\/\/schema.org","@graph":[{"@type":"Article","@id":"https:\/\/www.ayadvogados.com.br\/?p=998#article","isPartOf":{"@id":"https:\/\/www.ayadvogados.com.br\/?p=998"},"author":{"name":"AY Advogados","@id":"https:\/\/www.34.239.117.254.sslip.io\/#\/schema\/person\/4abfbf03ad3e577e691d333af064a912"},"headline":"Sem reforma, caminho seria elevar contribui\u00e7\u00f5es","datePublished":"2021-04-27T18:11:17+00:00","mainEntityOfPage":{"@id":"https:\/\/www.ayadvogados.com.br\/?p=998"},"wordCount":899,"commentCount":0,"publisher":{"@id":"https:\/\/www.34.239.117.254.sslip.io\/#organization"},"image":{"@id":"https:\/\/www.ayadvogados.com.br\/?p=998#primaryimage"},"thumbnailUrl":"https:\/\/www.ayadvogados.com.br\/wp-content\/uploads\/2021\/04\/27-04-Blog.png","articleSection":["Not\u00edcia do Dia"],"inLanguage":"pt-BR","potentialAction":[{"@type":"CommentAction","name":"Comment","target":["https:\/\/www.ayadvogados.com.br\/?p=998#respond"]}]},{"@type":"WebPage","@id":"https:\/\/www.ayadvogados.com.br\/?p=998","url":"https:\/\/www.ayadvogados.com.br\/?p=998","name":"Sem reforma, caminho seria elevar contribui\u00e7\u00f5es - Amaral, Yazbek Advogados","isPartOf":{"@id":"https:\/\/www.34.239.117.254.sslip.io\/#website"},"primaryImageOfPage":{"@id":"https:\/\/www.ayadvogados.com.br\/?p=998#primaryimage"},"image":{"@id":"https:\/\/www.ayadvogados.com.br\/?p=998#primaryimage"},"thumbnailUrl":"https:\/\/www.ayadvogados.com.br\/wp-content\/uploads\/2021\/04\/27-04-Blog.png","datePublished":"2021-04-27T18:11:17+00:00","breadcrumb":{"@id":"https:\/\/www.ayadvogados.com.br\/?p=998#breadcrumb"},"inLanguage":"pt-BR","potentialAction":[{"@type":"ReadAction","target":["https:\/\/www.ayadvogados.com.br\/?p=998"]}]},{"@type":"ImageObject","inLanguage":"pt-BR","@id":"https:\/\/www.ayadvogados.com.br\/?p=998#primaryimage","url":"https:\/\/www.ayadvogados.com.br\/wp-content\/uploads\/2021\/04\/27-04-Blog.png","contentUrl":"https:\/\/www.ayadvogados.com.br\/wp-content\/uploads\/2021\/04\/27-04-Blog.png","width":1000,"height":620},{"@type":"BreadcrumbList","@id":"https:\/\/www.ayadvogados.com.br\/?p=998#breadcrumb","itemListElement":[{"@type":"ListItem","position":1,"name":"In\u00edcio","item":"https:\/\/www.34.239.117.254.sslip.io\/"},{"@type":"ListItem","position":2,"name":"Sem reforma, caminho seria elevar contribui\u00e7\u00f5es"}]},{"@type":"WebSite","@id":"https:\/\/www.34.239.117.254.sslip.io\/#website","url":"https:\/\/www.34.239.117.254.sslip.io\/","name":"Amaral, Yazbek Advogados","description":"Curitiba \u2022 Bras\u00edlia \u2022 S\u00e3o Paulo","publisher":{"@id":"https:\/\/www.34.239.117.254.sslip.io\/#organization"},"potentialAction":[{"@type":"SearchAction","target":{"@type":"EntryPoint","urlTemplate":"https:\/\/www.34.239.117.254.sslip.io\/?s={search_term_string}"},"query-input":{"@type":"PropertyValueSpecification","valueRequired":true,"valueName":"search_term_string"}}],"inLanguage":"pt-BR"},{"@type":"Organization","@id":"https:\/\/www.34.239.117.254.sslip.io\/#organization","name":"Amaral, Yazbek Advogados","url":"https:\/\/www.34.239.117.254.sslip.io\/","logo":{"@type":"ImageObject","inLanguage":"pt-BR","@id":"https:\/\/www.34.239.117.254.sslip.io\/#\/schema\/logo\/image\/","url":"http:\/\/34.239.117.254\/wp-content\/uploads\/2021\/03\/logo-ay-g.png","contentUrl":"http:\/\/34.239.117.254\/wp-content\/uploads\/2021\/03\/logo-ay-g.png","width":434,"height":106,"caption":"Amaral, Yazbek Advogados"},"image":{"@id":"https:\/\/www.34.239.117.254.sslip.io\/#\/schema\/logo\/image\/"},"sameAs":["https:\/\/www.facebook.com\/AYadvogados","https:\/\/www.instagram.com\/ayadvogados\/"]},{"@type":"Person","@id":"https:\/\/www.34.239.117.254.sslip.io\/#\/schema\/person\/4abfbf03ad3e577e691d333af064a912","name":"AY Advogados","image":{"@type":"ImageObject","inLanguage":"pt-BR","@id":"https:\/\/secure.gravatar.com\/avatar\/1473912b851241f5503026e6156e144dcd83ff7addb67f65e1ed9ca21ee1d9cf?s=96&d=mm&r=g","url":"https:\/\/secure.gravatar.com\/avatar\/1473912b851241f5503026e6156e144dcd83ff7addb67f65e1ed9ca21ee1d9cf?s=96&d=mm&r=g","contentUrl":"https:\/\/secure.gravatar.com\/avatar\/1473912b851241f5503026e6156e144dcd83ff7addb67f65e1ed9ca21ee1d9cf?s=96&d=mm&r=g","caption":"AY Advogados"},"sameAs":["https:\/\/ayadvogados.com.br"],"url":"https:\/\/www.ayadvogados.com.br\/?author=2"}]}},"rttpg_featured_image_url":{"full":["https:\/\/www.ayadvogados.com.br\/wp-content\/uploads\/2021\/04\/27-04-Blog.png",1000,620,false],"landscape":["https:\/\/www.ayadvogados.com.br\/wp-content\/uploads\/2021\/04\/27-04-Blog.png",1000,620,false],"portraits":["https:\/\/www.ayadvogados.com.br\/wp-content\/uploads\/2021\/04\/27-04-Blog.png",1000,620,false],"thumbnail":["https:\/\/www.ayadvogados.com.br\/wp-content\/uploads\/2021\/04\/27-04-Blog-150x150.png",150,150,true],"medium":["https:\/\/www.ayadvogados.com.br\/wp-content\/uploads\/2021\/04\/27-04-Blog-300x186.png",300,186,true],"large":["https:\/\/www.ayadvogados.com.br\/wp-content\/uploads\/2021\/04\/27-04-Blog.png",1000,620,false],"1536x1536":["https:\/\/www.ayadvogados.com.br\/wp-content\/uploads\/2021\/04\/27-04-Blog.png",1000,620,false],"2048x2048":["https:\/\/www.ayadvogados.com.br\/wp-content\/uploads\/2021\/04\/27-04-Blog.png",1000,620,false]},"rttpg_author":{"display_name":"AY Advogados","author_link":"https:\/\/www.ayadvogados.com.br\/?author=2"},"rttpg_comment":0,"rttpg_category":"<a href=\"https:\/\/www.ayadvogados.com.br\/?cat=1\" rel=\"category\">Not\u00edcia do Dia<\/a>","rttpg_excerpt":"Sem uma reforma tribut\u00e1ria, a decis\u00e3o do Supremo Tribunal Federal (STF) sobre a exclus\u00e3o do ICMS da base do PIS e da Cofins pode levar a um aumento de al\u00edquotas das contribui\u00e7\u00f5es sociais, como forma de compensar a perda de arrecada\u00e7\u00e3o. Esse \u00e9 um dos cen\u00e1rios levantados por especialistas caso o julgamento, que implica risco&hellip;","_links":{"self":[{"href":"https:\/\/www.ayadvogados.com.br\/index.php?rest_route=\/wp\/v2\/posts\/998","targetHints":{"allow":["GET"]}}],"collection":[{"href":"https:\/\/www.ayadvogados.com.br\/index.php?rest_route=\/wp\/v2\/posts"}],"about":[{"href":"https:\/\/www.ayadvogados.com.br\/index.php?rest_route=\/wp\/v2\/types\/post"}],"author":[{"embeddable":true,"href":"https:\/\/www.ayadvogados.com.br\/index.php?rest_route=\/wp\/v2\/users\/2"}],"replies":[{"embeddable":true,"href":"https:\/\/www.ayadvogados.com.br\/index.php?rest_route=%2Fwp%2Fv2%2Fcomments&post=998"}],"version-history":[{"count":1,"href":"https:\/\/www.ayadvogados.com.br\/index.php?rest_route=\/wp\/v2\/posts\/998\/revisions"}],"predecessor-version":[{"id":1000,"href":"https:\/\/www.ayadvogados.com.br\/index.php?rest_route=\/wp\/v2\/posts\/998\/revisions\/1000"}],"wp:featuredmedia":[{"embeddable":true,"href":"https:\/\/www.ayadvogados.com.br\/index.php?rest_route=\/wp\/v2\/media\/999"}],"wp:attachment":[{"href":"https:\/\/www.ayadvogados.com.br\/index.php?rest_route=%2Fwp%2Fv2%2Fmedia&parent=998"}],"wp:term":[{"taxonomy":"category","embeddable":true,"href":"https:\/\/www.ayadvogados.com.br\/index.php?rest_route=%2Fwp%2Fv2%2Fcategories&post=998"},{"taxonomy":"post_tag","embeddable":true,"href":"https:\/\/www.ayadvogados.com.br\/index.php?rest_route=%2Fwp%2Fv2%2Ftags&post=998"}],"curies":[{"name":"wp","href":"https:\/\/api.w.org\/{rel}","templated":true}]}}