{"id":994,"date":"2021-04-26T17:55:04","date_gmt":"2021-04-26T20:55:04","guid":{"rendered":"http:\/\/34.239.117.254\/?p=994"},"modified":"2021-04-26T17:55:04","modified_gmt":"2021-04-26T20:55:04","slug":"supremo-devera-decidir-se-uniao-tera-que-devolver-valores-de-pis-e-cofins","status":"publish","type":"post","link":"https:\/\/www.ayadvogados.com.br\/?p=994","title":{"rendered":"Supremo dever\u00e1 decidir se Uni\u00e3o ter\u00e1 que devolver valores de PIS e Cofins"},"content":{"rendered":"\n<p>O Supremo Tribunal Federal (<strong>STF<\/strong>) poder\u00e1 decidir, na quinta-feira, se a Uni\u00e3o ter\u00e1 que devolver os valores cobrados indevidamente das empresas por causa do <strong>ICMS na base de c\u00e1lculo do PIS e da Cofins<\/strong>. A Fazenda Nacional fala em perdas de <strong>R$ 258,3 bilh\u00f5es<\/strong> e vem usando esse n\u00famero para tentar sensibilizar os ministros. J\u00e1 os contribuintes contestam esse resultado e afirmam que uma decis\u00e3o favor\u00e1vel \u00e0 Uni\u00e3o seria catastr\u00f3fica para o mercado.<\/p>\n\n\n\n<p>A Corte decidiu em mar\u00e7o de 2017 que o ICMS n\u00e3o se caracteriza como receita ou faturamento e, por esse motivo, tem de ser exclu\u00eddo da base de c\u00e1lculo das contribui\u00e7\u00f5es sociais &#8211; reduzindo, portanto, os valores a pagar ao governo em PIS e Cofins. O que os ministros v\u00e3o julgar, agora, \u00e9 o alcance dessa decis\u00e3o.<\/p>\n\n\n\n<p>A Uni\u00e3o tenta <strong>reduzir o impacto para os cofres p\u00fablicos<\/strong>. Pede, por meio de embargos de declara\u00e7\u00e3o, que os ministros apliquem ao caso a chamada <strong>modula\u00e7\u00e3o de efeitos<\/strong>. Essa medida serve para impedir que a decis\u00e3o seja aplicada de forma retroativa.<\/p>\n\n\n\n<p>Se o STF for por esse caminho, as empresas teriam garantido o direito de recolher PIS e Cofins sem o valor de ICMS embutido no c\u00e1lculo, mas n\u00e3o poderiam receber de volta o que pagaram ao governo no passado.<\/p>\n\n\n\n<p>Em entrevistas ao <strong>Valor<\/strong>, o tributarista <a href=\"https:\/\/valor.globo.com\/legislacao\/noticia\/2021\/04\/26\/carrazza-contesta-alegacao-de-rombo-para-governo-1.ghtml\">Roque Antonio Carrazza<\/a> rejeita a ideia de \u201crombo\u201d no or\u00e7amento, enquanto o procurador-geral da Fazenda Nacional, <a href=\"https:\/\/valor.globo.com\/legislacao\/noticia\/2021\/04\/26\/pgfn-defende-modulacao-e-exclusao-de-imposto-recolhido-1.ghtml\">Ricardo Soriano de Alencar<\/a>, sustenta que a modula\u00e7\u00e3o de efeitos \u00e9 fundamental para garantir a seguran\u00e7a jur\u00eddica.<\/p>\n\n\n\n<p>A modula\u00e7\u00e3o de efeitos sem que, pelo menos, sejam garantidos os direitos das empresas que t\u00eam a\u00e7\u00f5es judiciais sobre o tema, dizem os advogados, provocaria um abalo no mercado.<\/p>\n\n\n\n<p>Com decis\u00f5es favor\u00e1veis, muitas empresas registraram seus cr\u00e9ditos nos seus balan\u00e7os e v\u00eam fazendo compensa\u00e7\u00f5es (uso do cr\u00e9dito para quitar tributos). Esses valores, al\u00e9m disso, s\u00e3o contabilizados como ganho e as companhias j\u00e1 repassaram parte aos acionistas, como dividendos, e aos funcion\u00e1rios, por meio dos programas de participa\u00e7\u00e3o nos lucros &#8211; al\u00e9m de ter recolhido Imposto de Renda sobre tais quantias.<\/p>\n\n\n\n<p>Antes de analisar o pedido da Uni\u00e3o, no entanto, os ministros v\u00e3o ter que decidir sobre uma <strong>quest\u00e3o processual<\/strong>. H\u00e1 d\u00favidas, na Corte, se s\u00e3o necess\u00e1rios seis ou oito votos para aplicar a modula\u00e7\u00e3o de efeitos nos julgamentos dos recursos extraordin\u00e1rios.<\/p>\n\n\n\n<p>Os ministros vinham utilizando a regra das a\u00e7\u00f5es diretas de inconstitucionalidade, que prev\u00ea o qu\u00f3rum qualificado de oito votos. Mas, ao julgar uma quest\u00e3o de ordem em dezembro de 2019, eles entenderam que para recursos extraordin\u00e1rios em que n\u00e3o h\u00e1 declara\u00e7\u00e3o de inconstitucionalidade de ato normativo se poderia, com base no C\u00f3digo de Processo Civil (CPC), aplicar a maioria simples, de seis votos. Dois ministros n\u00e3o estavam presentes no julgamento e, por esse motivo, o STF voltar\u00e1 a debater a quest\u00e3o.<\/p>\n\n\n\n<p>Um outro ponto de tens\u00e3o do julgamento dos embargos de declara\u00e7\u00e3o trata sobre <strong>o ICMS que deve ser retirado do c\u00e1lculo<\/strong> do PIS e da Cofins. A Uni\u00e3o entende que tem de ser o imposto efetivamente recolhido aos Estados. J\u00e1 os contribuintes defendem o ICMS que consta em nota fiscal &#8211; geralmente maior.<\/p>\n\n\n\n<p>A PGFN, em of\u00edcio enviado ao presidente do STF, ministro Luiz Fux, neste m\u00eas, diz que o c\u00e1lculo que previu os R$ 258,3 bilh\u00f5es de impacto aos cofres p\u00fablicos foi feito com base no ICMS recolhido aos Estados. Se prevalecer o que consta na nota fiscal, afirma, \u201co impacto se multiplicar\u00e1 a valores imprevis\u00edveis\u201d.<\/p>\n\n\n\n<p>Esses valores que v\u00eam sendo utilizados pelo \u00f3rg\u00e3o, no entanto, s\u00e3o vistos com desconfian\u00e7a no meio jur\u00eddico. O <strong>Valor<\/strong> teve acesso ao documento em que consta o c\u00e1lculo utilizado para estimar o impacto da chamada \u201ctese do s\u00e9culo\u201d. Trata-se da Nota T\u00e9cnica n\u00ba 167, de 2020, produzida pelo Centro de Estudos Tribut\u00e1rios e Aduaneiros (Cetad) da Receita Federal.<\/p>\n\n\n\n<p>Os t\u00e9cnicos da Receita aplicaram a al\u00edquota de<strong> 9,25%<\/strong> sobre a soma das arrecada\u00e7\u00f5es de ICMS e ISS de 2014 a 2018. O resultado foi atualizado ano a ano, at\u00e9 2020, pela varia\u00e7\u00e3o da Selic. Eles descontaram, ent\u00e3o, a parcela referente ao ISS e chegaram \u00e0 cifra de R$ 258,3 bilh\u00f5es. Procurado, o Minist\u00e9rio da Economia preferiu n\u00e3o se manifestar sobre o assunto.<\/p>\n\n\n\n<p>\u201cEles levaram em conta a al\u00edquota de 9,25%. Mas s\u00f3 recolhem esse percentual as empresas no lucro real [que faturam acima de R$ 70 milh\u00f5es por ano], e nem todas, porque a lei abre exce\u00e7\u00f5es. A maioria paga <strong>3,65%<\/strong> de PIS e Cofins\u201d, diz o advogado Nicolau Haddad Neto sobre as inconsist\u00eancias do c\u00e1lculo.<\/p>\n\n\n\n<p>O tributarista Breno Vasconcelos, al\u00e9m da quest\u00e3o da al\u00edquota, observa que nem todo contribuinte de ICMS paga PIS e Cofins e n\u00e3o h\u00e1 nenhuma indica\u00e7\u00e3o no documento de que as isen\u00e7\u00f5es e imunidades, por exemplo, tenham sido consideradas nesse c\u00e1lculo. Tamb\u00e9m n\u00e3o h\u00e1 indicativo, ele afirma, de que tenham sido levadas em conta somente as empresas com a\u00e7\u00f5es sobre o tema para calcular os valores que ter\u00e3o que ser devolvidos pela Uni\u00e3o.<\/p>\n\n\n\n<p>Fonte: <a href=\"https:\/\/valor.globo.com\/legislacao\/noticia\/2021\/04\/26\/supremo-devera-decidir-se-uniao-tera-que-devolver-valores-de-pis-e-cofins.ghtml\" data-type=\"URL\" data-id=\"https:\/\/valor.globo.com\/legislacao\/noticia\/2021\/04\/26\/supremo-devera-decidir-se-uniao-tera-que-devolver-valores-de-pis-e-cofins.ghtml\" target=\"_blank\" rel=\"noreferrer noopener\">Valor<\/a><\/p>\n\n\n\n<p>A Amaral, Yazbek, OAB\/PR 762, possui 35 anos de experi\u00eancia auxiliando empresas a transformar a tributa\u00e7\u00e3o em lucro. Entre em contato com um dos s\u00f3cios para agendamento de reuni\u00e3o em caso de d\u00favidas.<\/p>\n\n\n\n<p>Contato: 41 3595-8300 ou pelo nosso WhatsApp 41 99567-5696<\/p>\n\n\n\n<p>Av. C\u00e2ndido Hartmann, 50 \u2013 Bigorrilho | Curitiba-PR<\/p>\n\n\n\n<p>Assine nossa Newsletter e fique por dentro das novidades!<\/p>\n\n\n\n<p>Quer receber seu exemplar da revista Governan\u00e7a Jur\u00eddica? Clique <a href=\"http:\/\/ayadvogados.com.br\/revista\">aqui<\/a>&nbsp;e pe\u00e7a a sua.<\/p>\n\n\n\n<p>Nos acompanhe nas redes sociais: <a href=\"https:\/\/www.facebook.com\/amaral.yazbek\">Facebook<\/a>&nbsp;| <a href=\"https:\/\/www.instagram.com\/amaral.yazbek\/\">Instagram<\/a> | <a href=\"https:\/\/www.linkedin.com\/company\/3357082\/admin\/\">Linkedin<\/a><\/p>\n\n\n\n<p>J\u00e1 conhece o canal Direito da Intelig\u00eancia de Neg\u00f3cios? <a href=\"https:\/\/www.youtube.com\/channel\/UCu2Mpu32ht8DEN8OFRXYMyw\">Inscreva-se j\u00e1<\/a><\/p>\n","protected":false},"excerpt":{"rendered":"<p>O Supremo Tribunal Federal (STF) poder\u00e1 decidir, na quinta-feira, se a Uni\u00e3o ter\u00e1 que devolver os valores cobrados indevidamente das empresas por causa do ICMS na base de c\u00e1lculo do PIS e da Cofins. A Fazenda Nacional fala em perdas de R$ 258,3 bilh\u00f5es e vem usando esse n\u00famero para tentar sensibilizar os ministros. J\u00e1 [&hellip;]<\/p>\n","protected":false},"author":2,"featured_media":995,"comment_status":"open","ping_status":"open","sticky":false,"template":"","format":"standard","meta":{"footnotes":""},"categories":[1],"tags":[],"class_list":["post-994","post","type-post","status-publish","format-standard","has-post-thumbnail","hentry","category-noticia-do-dia"],"blocksy_meta":{"styles_descriptor":{"styles":{"desktop":"","tablet":"","mobile":""},"google_fonts":[],"version":6}},"yoast_head":"<!-- This site is optimized with the Yoast SEO plugin v27.5 - https:\/\/yoast.com\/product\/yoast-seo-wordpress\/ -->\n<title>Supremo dever\u00e1 decidir se Uni\u00e3o ter\u00e1 que devolver valores de PIS e Cofins - Amaral, Yazbek Advogados<\/title>\n<meta name=\"robots\" content=\"index, follow, max-snippet:-1, max-image-preview:large, max-video-preview:-1\" \/>\n<link rel=\"canonical\" href=\"https:\/\/www.ayadvogados.com.br\/?p=994\" \/>\n<meta property=\"og:locale\" content=\"pt_BR\" \/>\n<meta property=\"og:type\" content=\"article\" \/>\n<meta property=\"og:title\" content=\"Supremo dever\u00e1 decidir se Uni\u00e3o ter\u00e1 que devolver valores de PIS e Cofins - Amaral, Yazbek Advogados\" \/>\n<meta property=\"og:description\" content=\"O Supremo Tribunal Federal (STF) poder\u00e1 decidir, na quinta-feira, se a Uni\u00e3o ter\u00e1 que devolver os valores cobrados indevidamente das empresas por causa do ICMS na base de c\u00e1lculo do PIS e da Cofins. A Fazenda Nacional fala em perdas de R$ 258,3 bilh\u00f5es e vem usando esse n\u00famero para tentar sensibilizar os ministros. J\u00e1 [&hellip;]\" \/>\n<meta property=\"og:url\" content=\"https:\/\/www.ayadvogados.com.br\/?p=994\" \/>\n<meta property=\"og:site_name\" content=\"Amaral, Yazbek Advogados\" \/>\n<meta property=\"article:publisher\" content=\"https:\/\/www.facebook.com\/AYadvogados\" \/>\n<meta property=\"article:published_time\" content=\"2021-04-26T20:55:04+00:00\" \/>\n<meta property=\"og:image\" content=\"https:\/\/www.ayadvogados.com.br\/wp-content\/uploads\/2021\/04\/26-04-Blog-1.png\" \/>\n\t<meta property=\"og:image:width\" content=\"1000\" \/>\n\t<meta property=\"og:image:height\" content=\"620\" \/>\n\t<meta property=\"og:image:type\" content=\"image\/png\" \/>\n<meta name=\"author\" content=\"AY Advogados\" \/>\n<meta name=\"twitter:card\" content=\"summary_large_image\" \/>\n<meta name=\"twitter:label1\" content=\"Escrito por\" \/>\n\t<meta name=\"twitter:data1\" content=\"AY Advogados\" \/>\n\t<meta name=\"twitter:label2\" content=\"Est. tempo de leitura\" \/>\n\t<meta name=\"twitter:data2\" content=\"5 minutos\" \/>\n<script type=\"application\/ld+json\" class=\"yoast-schema-graph\">{\"@context\":\"https:\\\/\\\/schema.org\",\"@graph\":[{\"@type\":\"Article\",\"@id\":\"https:\\\/\\\/www.ayadvogados.com.br\\\/?p=994#article\",\"isPartOf\":{\"@id\":\"https:\\\/\\\/www.ayadvogados.com.br\\\/?p=994\"},\"author\":{\"name\":\"AY Advogados\",\"@id\":\"https:\\\/\\\/www.34.239.117.254.sslip.io\\\/#\\\/schema\\\/person\\\/4abfbf03ad3e577e691d333af064a912\"},\"headline\":\"Supremo dever\u00e1 decidir se Uni\u00e3o ter\u00e1 que devolver valores de PIS e Cofins\",\"datePublished\":\"2021-04-26T20:55:04+00:00\",\"mainEntityOfPage\":{\"@id\":\"https:\\\/\\\/www.ayadvogados.com.br\\\/?p=994\"},\"wordCount\":1014,\"commentCount\":0,\"publisher\":{\"@id\":\"https:\\\/\\\/www.34.239.117.254.sslip.io\\\/#organization\"},\"image\":{\"@id\":\"https:\\\/\\\/www.ayadvogados.com.br\\\/?p=994#primaryimage\"},\"thumbnailUrl\":\"https:\\\/\\\/www.ayadvogados.com.br\\\/wp-content\\\/uploads\\\/2021\\\/04\\\/26-04-Blog-1.png\",\"articleSection\":[\"Not\u00edcia do Dia\"],\"inLanguage\":\"pt-BR\",\"potentialAction\":[{\"@type\":\"CommentAction\",\"name\":\"Comment\",\"target\":[\"https:\\\/\\\/www.ayadvogados.com.br\\\/?p=994#respond\"]}]},{\"@type\":\"WebPage\",\"@id\":\"https:\\\/\\\/www.ayadvogados.com.br\\\/?p=994\",\"url\":\"https:\\\/\\\/www.ayadvogados.com.br\\\/?p=994\",\"name\":\"Supremo dever\u00e1 decidir se Uni\u00e3o ter\u00e1 que devolver valores de PIS e Cofins - Amaral, Yazbek Advogados\",\"isPartOf\":{\"@id\":\"https:\\\/\\\/www.34.239.117.254.sslip.io\\\/#website\"},\"primaryImageOfPage\":{\"@id\":\"https:\\\/\\\/www.ayadvogados.com.br\\\/?p=994#primaryimage\"},\"image\":{\"@id\":\"https:\\\/\\\/www.ayadvogados.com.br\\\/?p=994#primaryimage\"},\"thumbnailUrl\":\"https:\\\/\\\/www.ayadvogados.com.br\\\/wp-content\\\/uploads\\\/2021\\\/04\\\/26-04-Blog-1.png\",\"datePublished\":\"2021-04-26T20:55:04+00:00\",\"breadcrumb\":{\"@id\":\"https:\\\/\\\/www.ayadvogados.com.br\\\/?p=994#breadcrumb\"},\"inLanguage\":\"pt-BR\",\"potentialAction\":[{\"@type\":\"ReadAction\",\"target\":[\"https:\\\/\\\/www.ayadvogados.com.br\\\/?p=994\"]}]},{\"@type\":\"ImageObject\",\"inLanguage\":\"pt-BR\",\"@id\":\"https:\\\/\\\/www.ayadvogados.com.br\\\/?p=994#primaryimage\",\"url\":\"https:\\\/\\\/www.ayadvogados.com.br\\\/wp-content\\\/uploads\\\/2021\\\/04\\\/26-04-Blog-1.png\",\"contentUrl\":\"https:\\\/\\\/www.ayadvogados.com.br\\\/wp-content\\\/uploads\\\/2021\\\/04\\\/26-04-Blog-1.png\",\"width\":1000,\"height\":620},{\"@type\":\"BreadcrumbList\",\"@id\":\"https:\\\/\\\/www.ayadvogados.com.br\\\/?p=994#breadcrumb\",\"itemListElement\":[{\"@type\":\"ListItem\",\"position\":1,\"name\":\"In\u00edcio\",\"item\":\"https:\\\/\\\/www.34.239.117.254.sslip.io\\\/\"},{\"@type\":\"ListItem\",\"position\":2,\"name\":\"Supremo dever\u00e1 decidir se Uni\u00e3o ter\u00e1 que devolver valores de PIS e Cofins\"}]},{\"@type\":\"WebSite\",\"@id\":\"https:\\\/\\\/www.34.239.117.254.sslip.io\\\/#website\",\"url\":\"https:\\\/\\\/www.34.239.117.254.sslip.io\\\/\",\"name\":\"Amaral, Yazbek Advogados\",\"description\":\"Curitiba \u2022 Bras\u00edlia \u2022 S\u00e3o Paulo\",\"publisher\":{\"@id\":\"https:\\\/\\\/www.34.239.117.254.sslip.io\\\/#organization\"},\"potentialAction\":[{\"@type\":\"SearchAction\",\"target\":{\"@type\":\"EntryPoint\",\"urlTemplate\":\"https:\\\/\\\/www.34.239.117.254.sslip.io\\\/?s={search_term_string}\"},\"query-input\":{\"@type\":\"PropertyValueSpecification\",\"valueRequired\":true,\"valueName\":\"search_term_string\"}}],\"inLanguage\":\"pt-BR\"},{\"@type\":\"Organization\",\"@id\":\"https:\\\/\\\/www.34.239.117.254.sslip.io\\\/#organization\",\"name\":\"Amaral, Yazbek Advogados\",\"url\":\"https:\\\/\\\/www.34.239.117.254.sslip.io\\\/\",\"logo\":{\"@type\":\"ImageObject\",\"inLanguage\":\"pt-BR\",\"@id\":\"https:\\\/\\\/www.34.239.117.254.sslip.io\\\/#\\\/schema\\\/logo\\\/image\\\/\",\"url\":\"http:\\\/\\\/34.239.117.254\\\/wp-content\\\/uploads\\\/2021\\\/03\\\/logo-ay-g.png\",\"contentUrl\":\"http:\\\/\\\/34.239.117.254\\\/wp-content\\\/uploads\\\/2021\\\/03\\\/logo-ay-g.png\",\"width\":434,\"height\":106,\"caption\":\"Amaral, Yazbek Advogados\"},\"image\":{\"@id\":\"https:\\\/\\\/www.34.239.117.254.sslip.io\\\/#\\\/schema\\\/logo\\\/image\\\/\"},\"sameAs\":[\"https:\\\/\\\/www.facebook.com\\\/AYadvogados\",\"https:\\\/\\\/www.instagram.com\\\/ayadvogados\\\/\"]},{\"@type\":\"Person\",\"@id\":\"https:\\\/\\\/www.34.239.117.254.sslip.io\\\/#\\\/schema\\\/person\\\/4abfbf03ad3e577e691d333af064a912\",\"name\":\"AY Advogados\",\"image\":{\"@type\":\"ImageObject\",\"inLanguage\":\"pt-BR\",\"@id\":\"https:\\\/\\\/secure.gravatar.com\\\/avatar\\\/1473912b851241f5503026e6156e144dcd83ff7addb67f65e1ed9ca21ee1d9cf?s=96&d=mm&r=g\",\"url\":\"https:\\\/\\\/secure.gravatar.com\\\/avatar\\\/1473912b851241f5503026e6156e144dcd83ff7addb67f65e1ed9ca21ee1d9cf?s=96&d=mm&r=g\",\"contentUrl\":\"https:\\\/\\\/secure.gravatar.com\\\/avatar\\\/1473912b851241f5503026e6156e144dcd83ff7addb67f65e1ed9ca21ee1d9cf?s=96&d=mm&r=g\",\"caption\":\"AY Advogados\"},\"sameAs\":[\"https:\\\/\\\/ayadvogados.com.br\"],\"url\":\"https:\\\/\\\/www.ayadvogados.com.br\\\/?author=2\"}]}<\/script>\n<!-- \/ Yoast SEO plugin. -->","yoast_head_json":{"title":"Supremo dever\u00e1 decidir se Uni\u00e3o ter\u00e1 que devolver valores de PIS e Cofins - Amaral, Yazbek Advogados","robots":{"index":"index","follow":"follow","max-snippet":"max-snippet:-1","max-image-preview":"max-image-preview:large","max-video-preview":"max-video-preview:-1"},"canonical":"https:\/\/www.ayadvogados.com.br\/?p=994","og_locale":"pt_BR","og_type":"article","og_title":"Supremo dever\u00e1 decidir se Uni\u00e3o ter\u00e1 que devolver valores de PIS e Cofins - Amaral, Yazbek Advogados","og_description":"O Supremo Tribunal Federal (STF) poder\u00e1 decidir, na quinta-feira, se a Uni\u00e3o ter\u00e1 que devolver os valores cobrados indevidamente das empresas por causa do ICMS na base de c\u00e1lculo do PIS e da Cofins. A Fazenda Nacional fala em perdas de R$ 258,3 bilh\u00f5es e vem usando esse n\u00famero para tentar sensibilizar os ministros. J\u00e1 [&hellip;]","og_url":"https:\/\/www.ayadvogados.com.br\/?p=994","og_site_name":"Amaral, Yazbek Advogados","article_publisher":"https:\/\/www.facebook.com\/AYadvogados","article_published_time":"2021-04-26T20:55:04+00:00","og_image":[{"width":1000,"height":620,"url":"https:\/\/www.ayadvogados.com.br\/wp-content\/uploads\/2021\/04\/26-04-Blog-1.png","type":"image\/png"}],"author":"AY Advogados","twitter_card":"summary_large_image","twitter_misc":{"Escrito por":"AY Advogados","Est. tempo de leitura":"5 minutos"},"schema":{"@context":"https:\/\/schema.org","@graph":[{"@type":"Article","@id":"https:\/\/www.ayadvogados.com.br\/?p=994#article","isPartOf":{"@id":"https:\/\/www.ayadvogados.com.br\/?p=994"},"author":{"name":"AY Advogados","@id":"https:\/\/www.34.239.117.254.sslip.io\/#\/schema\/person\/4abfbf03ad3e577e691d333af064a912"},"headline":"Supremo dever\u00e1 decidir se Uni\u00e3o ter\u00e1 que devolver valores de PIS e Cofins","datePublished":"2021-04-26T20:55:04+00:00","mainEntityOfPage":{"@id":"https:\/\/www.ayadvogados.com.br\/?p=994"},"wordCount":1014,"commentCount":0,"publisher":{"@id":"https:\/\/www.34.239.117.254.sslip.io\/#organization"},"image":{"@id":"https:\/\/www.ayadvogados.com.br\/?p=994#primaryimage"},"thumbnailUrl":"https:\/\/www.ayadvogados.com.br\/wp-content\/uploads\/2021\/04\/26-04-Blog-1.png","articleSection":["Not\u00edcia do Dia"],"inLanguage":"pt-BR","potentialAction":[{"@type":"CommentAction","name":"Comment","target":["https:\/\/www.ayadvogados.com.br\/?p=994#respond"]}]},{"@type":"WebPage","@id":"https:\/\/www.ayadvogados.com.br\/?p=994","url":"https:\/\/www.ayadvogados.com.br\/?p=994","name":"Supremo dever\u00e1 decidir se Uni\u00e3o ter\u00e1 que devolver valores de PIS e Cofins - Amaral, Yazbek Advogados","isPartOf":{"@id":"https:\/\/www.34.239.117.254.sslip.io\/#website"},"primaryImageOfPage":{"@id":"https:\/\/www.ayadvogados.com.br\/?p=994#primaryimage"},"image":{"@id":"https:\/\/www.ayadvogados.com.br\/?p=994#primaryimage"},"thumbnailUrl":"https:\/\/www.ayadvogados.com.br\/wp-content\/uploads\/2021\/04\/26-04-Blog-1.png","datePublished":"2021-04-26T20:55:04+00:00","breadcrumb":{"@id":"https:\/\/www.ayadvogados.com.br\/?p=994#breadcrumb"},"inLanguage":"pt-BR","potentialAction":[{"@type":"ReadAction","target":["https:\/\/www.ayadvogados.com.br\/?p=994"]}]},{"@type":"ImageObject","inLanguage":"pt-BR","@id":"https:\/\/www.ayadvogados.com.br\/?p=994#primaryimage","url":"https:\/\/www.ayadvogados.com.br\/wp-content\/uploads\/2021\/04\/26-04-Blog-1.png","contentUrl":"https:\/\/www.ayadvogados.com.br\/wp-content\/uploads\/2021\/04\/26-04-Blog-1.png","width":1000,"height":620},{"@type":"BreadcrumbList","@id":"https:\/\/www.ayadvogados.com.br\/?p=994#breadcrumb","itemListElement":[{"@type":"ListItem","position":1,"name":"In\u00edcio","item":"https:\/\/www.34.239.117.254.sslip.io\/"},{"@type":"ListItem","position":2,"name":"Supremo dever\u00e1 decidir se Uni\u00e3o ter\u00e1 que devolver valores de PIS e Cofins"}]},{"@type":"WebSite","@id":"https:\/\/www.34.239.117.254.sslip.io\/#website","url":"https:\/\/www.34.239.117.254.sslip.io\/","name":"Amaral, Yazbek Advogados","description":"Curitiba \u2022 Bras\u00edlia \u2022 S\u00e3o Paulo","publisher":{"@id":"https:\/\/www.34.239.117.254.sslip.io\/#organization"},"potentialAction":[{"@type":"SearchAction","target":{"@type":"EntryPoint","urlTemplate":"https:\/\/www.34.239.117.254.sslip.io\/?s={search_term_string}"},"query-input":{"@type":"PropertyValueSpecification","valueRequired":true,"valueName":"search_term_string"}}],"inLanguage":"pt-BR"},{"@type":"Organization","@id":"https:\/\/www.34.239.117.254.sslip.io\/#organization","name":"Amaral, Yazbek Advogados","url":"https:\/\/www.34.239.117.254.sslip.io\/","logo":{"@type":"ImageObject","inLanguage":"pt-BR","@id":"https:\/\/www.34.239.117.254.sslip.io\/#\/schema\/logo\/image\/","url":"http:\/\/34.239.117.254\/wp-content\/uploads\/2021\/03\/logo-ay-g.png","contentUrl":"http:\/\/34.239.117.254\/wp-content\/uploads\/2021\/03\/logo-ay-g.png","width":434,"height":106,"caption":"Amaral, Yazbek Advogados"},"image":{"@id":"https:\/\/www.34.239.117.254.sslip.io\/#\/schema\/logo\/image\/"},"sameAs":["https:\/\/www.facebook.com\/AYadvogados","https:\/\/www.instagram.com\/ayadvogados\/"]},{"@type":"Person","@id":"https:\/\/www.34.239.117.254.sslip.io\/#\/schema\/person\/4abfbf03ad3e577e691d333af064a912","name":"AY Advogados","image":{"@type":"ImageObject","inLanguage":"pt-BR","@id":"https:\/\/secure.gravatar.com\/avatar\/1473912b851241f5503026e6156e144dcd83ff7addb67f65e1ed9ca21ee1d9cf?s=96&d=mm&r=g","url":"https:\/\/secure.gravatar.com\/avatar\/1473912b851241f5503026e6156e144dcd83ff7addb67f65e1ed9ca21ee1d9cf?s=96&d=mm&r=g","contentUrl":"https:\/\/secure.gravatar.com\/avatar\/1473912b851241f5503026e6156e144dcd83ff7addb67f65e1ed9ca21ee1d9cf?s=96&d=mm&r=g","caption":"AY Advogados"},"sameAs":["https:\/\/ayadvogados.com.br"],"url":"https:\/\/www.ayadvogados.com.br\/?author=2"}]}},"rttpg_featured_image_url":{"full":["https:\/\/www.ayadvogados.com.br\/wp-content\/uploads\/2021\/04\/26-04-Blog-1.png",1000,620,false],"landscape":["https:\/\/www.ayadvogados.com.br\/wp-content\/uploads\/2021\/04\/26-04-Blog-1.png",1000,620,false],"portraits":["https:\/\/www.ayadvogados.com.br\/wp-content\/uploads\/2021\/04\/26-04-Blog-1.png",1000,620,false],"thumbnail":["https:\/\/www.ayadvogados.com.br\/wp-content\/uploads\/2021\/04\/26-04-Blog-1-150x150.png",150,150,true],"medium":["https:\/\/www.ayadvogados.com.br\/wp-content\/uploads\/2021\/04\/26-04-Blog-1-300x186.png",300,186,true],"large":["https:\/\/www.ayadvogados.com.br\/wp-content\/uploads\/2021\/04\/26-04-Blog-1.png",1000,620,false],"1536x1536":["https:\/\/www.ayadvogados.com.br\/wp-content\/uploads\/2021\/04\/26-04-Blog-1.png",1000,620,false],"2048x2048":["https:\/\/www.ayadvogados.com.br\/wp-content\/uploads\/2021\/04\/26-04-Blog-1.png",1000,620,false]},"rttpg_author":{"display_name":"AY Advogados","author_link":"https:\/\/www.ayadvogados.com.br\/?author=2"},"rttpg_comment":0,"rttpg_category":"<a href=\"https:\/\/www.ayadvogados.com.br\/?cat=1\" rel=\"category\">Not\u00edcia do Dia<\/a>","rttpg_excerpt":"O Supremo Tribunal Federal (STF) poder\u00e1 decidir, na quinta-feira, se a Uni\u00e3o ter\u00e1 que devolver os valores cobrados indevidamente das empresas por causa do ICMS na base de c\u00e1lculo do PIS e da Cofins. A Fazenda Nacional fala em perdas de R$ 258,3 bilh\u00f5es e vem usando esse n\u00famero para tentar sensibilizar os ministros. J\u00e1&hellip;","_links":{"self":[{"href":"https:\/\/www.ayadvogados.com.br\/index.php?rest_route=\/wp\/v2\/posts\/994","targetHints":{"allow":["GET"]}}],"collection":[{"href":"https:\/\/www.ayadvogados.com.br\/index.php?rest_route=\/wp\/v2\/posts"}],"about":[{"href":"https:\/\/www.ayadvogados.com.br\/index.php?rest_route=\/wp\/v2\/types\/post"}],"author":[{"embeddable":true,"href":"https:\/\/www.ayadvogados.com.br\/index.php?rest_route=\/wp\/v2\/users\/2"}],"replies":[{"embeddable":true,"href":"https:\/\/www.ayadvogados.com.br\/index.php?rest_route=%2Fwp%2Fv2%2Fcomments&post=994"}],"version-history":[{"count":1,"href":"https:\/\/www.ayadvogados.com.br\/index.php?rest_route=\/wp\/v2\/posts\/994\/revisions"}],"predecessor-version":[{"id":996,"href":"https:\/\/www.ayadvogados.com.br\/index.php?rest_route=\/wp\/v2\/posts\/994\/revisions\/996"}],"wp:featuredmedia":[{"embeddable":true,"href":"https:\/\/www.ayadvogados.com.br\/index.php?rest_route=\/wp\/v2\/media\/995"}],"wp:attachment":[{"href":"https:\/\/www.ayadvogados.com.br\/index.php?rest_route=%2Fwp%2Fv2%2Fmedia&parent=994"}],"wp:term":[{"taxonomy":"category","embeddable":true,"href":"https:\/\/www.ayadvogados.com.br\/index.php?rest_route=%2Fwp%2Fv2%2Fcategories&post=994"},{"taxonomy":"post_tag","embeddable":true,"href":"https:\/\/www.ayadvogados.com.br\/index.php?rest_route=%2Fwp%2Fv2%2Ftags&post=994"}],"curies":[{"name":"wp","href":"https:\/\/api.w.org\/{rel}","templated":true}]}}