{"id":992,"date":"2017-01-11T11:05:00","date_gmt":"2017-01-11T13:05:00","guid":{"rendered":"http:\/\/34.239.117.254\/?p=992"},"modified":"2021-04-26T11:07:44","modified_gmt":"2021-04-26T14:07:44","slug":"a-nova-declaracao-unica-de-exportacao-du-e","status":"publish","type":"post","link":"https:\/\/www.ayadvogados.com.br\/?p=992","title":{"rendered":"A nova declara\u00e7\u00e3o \u00fanica de exporta\u00e7\u00e3o &#8211; DU-E"},"content":{"rendered":"\n<p>A institui\u00e7\u00e3o da IN RFB 1702, de 21 de mar\u00e7o de 2017 trouxe significativas mudan\u00e7as nos processos de exporta\u00e7\u00e3o. A partir da edi\u00e7\u00e3o desta instru\u00e7\u00e3o da Receita Federal, o despacho aduaneiro de exporta\u00e7\u00e3o passou a poder ser realizado atrav\u00e9s de Declara\u00e7\u00e3o \u00danica de Exporta\u00e7\u00e3o (DU-E), formulada atrav\u00e9s do Portal \u00danico de Com\u00e9rcio Exterior, no Sistema Integrado de Com\u00e9rcio Exterior1 (Portal Siscomex).<\/p>\n\n\n\n<p>Acompanham a instru\u00e7\u00e3o normativa acima a Portaria Conjunta RFB\/SECEX 349, de 21 de mar\u00e7o de 2017, a Portaria SECEX 14, de 22 de mar\u00e7o de 2017 e a Portaria COANA 54, de 03 de julho de 2017.<\/p>\n\n\n\n<p>A Declara\u00e7\u00e3o \u00danica de Exporta\u00e7\u00e3o \u00e9 um documento eletr\u00f4nico que cont\u00e9m informa\u00e7\u00f5es de natureza aduaneira, administrativa, comercial, financeira, tribut\u00e1ria, fiscal e log\u00edstica, que caracterizam a opera\u00e7\u00e3o de exporta\u00e7\u00e3o dos bens por ela amparados e definem o enquadramento da opera\u00e7\u00e3o, al\u00e9m de servir de base para o despacho aduaneiro de exporta\u00e7\u00e3o, inclusive para fins de controle aduaneiro e administrativo.<\/p>\n\n\n\n<p>O exportador poder\u00e1 optar por qualquer uma das 03 (tr\u00eas) modalidades para realizar sua exporta\u00e7\u00e3o por meio de DU-E, sendo elas, a exporta\u00e7\u00e3o pr\u00f3pria, a exporta\u00e7\u00e3o por meio de operador de remessa expressa ou postal e exporta\u00e7\u00e3o por conta e ordem de terceiro.<\/p>\n\n\n\n<p>Na hip\u00f3tese de exporta\u00e7\u00e3o por meio de operador de remessa expressa ou postal, atuar\u00e1 como declarante na opera\u00e7\u00e3o de exporta\u00e7\u00e3o a empresa de transporte expresso internacional ou a ECT. J\u00e1 na hip\u00f3tese de exporta\u00e7\u00e3o por conta e ordem de terceiro, atuar\u00e1 como declarante na opera\u00e7\u00e3o de exporta\u00e7\u00e3o, inclusive na qualidade de operador log\u00edstico, a pessoa jur\u00eddica contratada para essa atividade.<\/p>\n\n\n\n<p>Na hip\u00f3tese de exporta\u00e7\u00e3o pr\u00f3pria o declarante \u00e9 o pr\u00f3prio exportador, por\u00e9m h\u00e1 necessidade de se destacar a peculiaridade de que, tratando-se de exporta\u00e7\u00e3o consorciada, poder\u00e1 atuar como declarante um dos exportadores, a empresa de transporte expresso internacional, a ECT, ou mesmo a pessoa jur\u00eddica contratada para a realiza\u00e7\u00e3o da atividade.<\/p>\n\n\n\n<p><em><strong>Importante salientar que o in\u00edcio do despacho aduaneiro de exporta\u00e7\u00e3o se d\u00e1 com o registro da DU-E.<\/strong><\/em><\/p>\n\n\n\n<p>Para dar mais seguran\u00e7a e evitar transtornos na implanta\u00e7\u00e3o do sistema, o Governo disponibilizou ambientes de valida\u00e7\u00e3o e de produ\u00e7\u00e3o do Novo Processo de Exporta\u00e7\u00f5es do Portal \u00danico de Com\u00e9rcio Exterior.&nbsp;<\/p>\n\n\n\n<p>Atrav\u00e9s do ambiente de valida\u00e7\u00e3o o exportador pode simular o funcionamento do sistema, bem como integrar seus sistemas informatizados ao Portal \u00danico, para testar solu\u00e7\u00f5es de tecnologia da informa\u00e7\u00e3o desenvolvidas para amparar o Novo Processo de Exporta\u00e7\u00f5es.<\/p>\n\n\n\n<p>As opera\u00e7\u00f5es realizadas no ambiente de valida\u00e7\u00e3o n\u00e3o ser\u00e3o contabilizadas para efeitos administrativos, tribut\u00e1rios ou aduaneiros, por se tratar de um ambiente notoriamente designado para testes.<\/p>\n\n\n\n<p>O ambiente de produ\u00e7\u00e3o permite aos operadores a integra\u00e7\u00e3o de fato de seus sistemas informatizados ao Portal \u00danico de Com\u00e9rcio Exterior, assim, a partir de uma interface gr\u00e1fica \u00e9 poss\u00edvel a intera\u00e7\u00e3o direta com usu\u00e1rios para elabora\u00e7\u00e3o da DU-E no ambiente.<\/p>\n\n\n\n<p><em><strong>As empresas que se adaptarem com maior rapidez e facilidade ter\u00e3o vantagem competitiva no mercado, portanto \u00e9 preciso se qualificar.<\/strong><\/em><\/p>\n\n\n\n<p>Os usu\u00e1rios podem ter mais informa\u00e7\u00f5es relacionadas aos aspectos t\u00e9cnicos do ambiente de valida\u00e7\u00e3o e de produ\u00e7\u00e3o do Portal \u00danico Siscomex. Tamb\u00e9m foi disponibilizado um Manual4 para elabora\u00e7\u00e3o de DU-E.<\/p>\n\n\n\n<p>O MDIC tamb\u00e9m disponibilizou tutoriais no \u201cYouTube\u201d, pelos quais \u00e9 poss\u00edvel obter informa\u00e7\u00f5es completas sobre como registrar a DU-E, realizar consultas, recepcionar mercadoria por nota fiscal eletr\u00f4nica, entregar mercadorias para o transportador, manifesto de dados de embarque e embarque antecipado.<\/p>\n\n\n\n<p>Fonte:&nbsp;Portos e Navios<\/p>\n\n\n\n<p>Autor:&nbsp;Arthur Achiles de Souza Correa<\/p>\n\n\n\n<p>Advogado no escrit\u00f3rio Amaral, Yazbek Advogados, com MBA em gest\u00e3o de neg\u00f3cios internacionais e com\u00e9rcio exterior pela Funda\u00e7\u00e3o Get\u00falio Vargas; especialista em direito empresarial pela Escola Superior de Advocacia; especialista em direito internacional pela Pontif\u00edcia Universidade Cat\u00f3lica de S\u00e3o Paulo; Bacharel em direito pela Universidade de Ribeir\u00e3o Preto \u2013 SP; Graduando em Filosofia pela Universidade Federal do Paran\u00e1; Membro da C\u00e2mara Brit\u00e2nica de Com\u00e9rcio e Ind\u00fastria \u2013 Britcham.<\/p>\n","protected":false},"excerpt":{"rendered":"<p>A institui\u00e7\u00e3o da IN RFB 1702, de 21 de mar\u00e7o de 2017 trouxe significativas mudan\u00e7as nos processos de exporta\u00e7\u00e3o. A partir da edi\u00e7\u00e3o desta instru\u00e7\u00e3o da Receita Federal, o despacho aduaneiro de exporta\u00e7\u00e3o passou a poder ser realizado atrav\u00e9s de Declara\u00e7\u00e3o \u00danica de Exporta\u00e7\u00e3o (DU-E), formulada atrav\u00e9s do Portal \u00danico de Com\u00e9rcio Exterior, no Sistema [&hellip;]<\/p>\n","protected":false},"author":3,"featured_media":0,"comment_status":"open","ping_status":"open","sticky":false,"template":"","format":"standard","meta":{"footnotes":""},"categories":[1],"tags":[],"class_list":["post-992","post","type-post","status-publish","format-standard","hentry","category-noticia-do-dia"],"blocksy_meta":{"styles_descriptor":{"styles":{"desktop":"","tablet":"","mobile":""},"google_fonts":[],"version":6}},"yoast_head":"<!-- This site is optimized with the Yoast SEO plugin v27.5 - https:\/\/yoast.com\/product\/yoast-seo-wordpress\/ -->\n<title>A nova declara\u00e7\u00e3o \u00fanica de exporta\u00e7\u00e3o - DU-E - Amaral, Yazbek Advogados<\/title>\n<meta name=\"robots\" content=\"index, follow, max-snippet:-1, max-image-preview:large, max-video-preview:-1\" \/>\n<link rel=\"canonical\" href=\"https:\/\/www.34.239.117.254.nip.io\/?p=992\" \/>\n<meta property=\"og:locale\" content=\"pt_BR\" \/>\n<meta property=\"og:type\" content=\"article\" \/>\n<meta property=\"og:title\" content=\"A nova declara\u00e7\u00e3o \u00fanica de exporta\u00e7\u00e3o - DU-E - Amaral, Yazbek Advogados\" \/>\n<meta property=\"og:description\" content=\"A institui\u00e7\u00e3o da IN RFB 1702, de 21 de mar\u00e7o de 2017 trouxe significativas mudan\u00e7as nos processos de exporta\u00e7\u00e3o. A partir da edi\u00e7\u00e3o desta instru\u00e7\u00e3o da Receita Federal, o despacho aduaneiro de exporta\u00e7\u00e3o passou a poder ser realizado atrav\u00e9s de Declara\u00e7\u00e3o \u00danica de Exporta\u00e7\u00e3o (DU-E), formulada atrav\u00e9s do Portal \u00danico de Com\u00e9rcio Exterior, no Sistema [&hellip;]\" \/>\n<meta property=\"og:url\" content=\"https:\/\/www.34.239.117.254.nip.io\/?p=992\" \/>\n<meta property=\"og:site_name\" content=\"Amaral, Yazbek Advogados\" \/>\n<meta property=\"article:publisher\" content=\"https:\/\/www.facebook.com\/AYadvogados\" \/>\n<meta property=\"article:published_time\" content=\"2017-01-11T13:05:00+00:00\" \/>\n<meta property=\"article:modified_time\" content=\"2021-04-26T14:07:44+00:00\" \/>\n<meta name=\"author\" content=\"Infra\" \/>\n<meta name=\"twitter:card\" content=\"summary_large_image\" \/>\n<meta name=\"twitter:label1\" content=\"Escrito por\" \/>\n\t<meta name=\"twitter:data1\" content=\"Infra\" \/>\n\t<meta name=\"twitter:label2\" content=\"Est. tempo de leitura\" \/>\n\t<meta name=\"twitter:data2\" content=\"4 minutos\" \/>\n<script type=\"application\/ld+json\" class=\"yoast-schema-graph\">{\"@context\":\"https:\\\/\\\/schema.org\",\"@graph\":[{\"@type\":\"Article\",\"@id\":\"https:\\\/\\\/www.34.239.117.254.nip.io\\\/?p=992#article\",\"isPartOf\":{\"@id\":\"https:\\\/\\\/www.34.239.117.254.nip.io\\\/?p=992\"},\"author\":{\"name\":\"Infra\",\"@id\":\"https:\\\/\\\/www.34.239.117.254.sslip.io\\\/#\\\/schema\\\/person\\\/6b9165a58758b048b8ea5a4fbd4ec3c4\"},\"headline\":\"A nova declara\u00e7\u00e3o \u00fanica de exporta\u00e7\u00e3o &#8211; DU-E\",\"datePublished\":\"2017-01-11T13:05:00+00:00\",\"dateModified\":\"2021-04-26T14:07:44+00:00\",\"mainEntityOfPage\":{\"@id\":\"https:\\\/\\\/www.34.239.117.254.nip.io\\\/?p=992\"},\"wordCount\":728,\"commentCount\":0,\"publisher\":{\"@id\":\"https:\\\/\\\/www.34.239.117.254.sslip.io\\\/#organization\"},\"articleSection\":[\"Not\u00edcia do Dia\"],\"inLanguage\":\"pt-BR\",\"potentialAction\":[{\"@type\":\"CommentAction\",\"name\":\"Comment\",\"target\":[\"https:\\\/\\\/www.34.239.117.254.nip.io\\\/?p=992#respond\"]}]},{\"@type\":\"WebPage\",\"@id\":\"https:\\\/\\\/www.34.239.117.254.nip.io\\\/?p=992\",\"url\":\"https:\\\/\\\/www.34.239.117.254.nip.io\\\/?p=992\",\"name\":\"A nova declara\u00e7\u00e3o \u00fanica de exporta\u00e7\u00e3o - DU-E - Amaral, Yazbek Advogados\",\"isPartOf\":{\"@id\":\"https:\\\/\\\/www.34.239.117.254.sslip.io\\\/#website\"},\"datePublished\":\"2017-01-11T13:05:00+00:00\",\"dateModified\":\"2021-04-26T14:07:44+00:00\",\"breadcrumb\":{\"@id\":\"https:\\\/\\\/www.34.239.117.254.nip.io\\\/?p=992#breadcrumb\"},\"inLanguage\":\"pt-BR\",\"potentialAction\":[{\"@type\":\"ReadAction\",\"target\":[\"https:\\\/\\\/www.34.239.117.254.nip.io\\\/?p=992\"]}]},{\"@type\":\"BreadcrumbList\",\"@id\":\"https:\\\/\\\/www.34.239.117.254.nip.io\\\/?p=992#breadcrumb\",\"itemListElement\":[{\"@type\":\"ListItem\",\"position\":1,\"name\":\"In\u00edcio\",\"item\":\"https:\\\/\\\/www.34.239.117.254.sslip.io\\\/\"},{\"@type\":\"ListItem\",\"position\":2,\"name\":\"A nova declara\u00e7\u00e3o \u00fanica de exporta\u00e7\u00e3o &#8211; DU-E\"}]},{\"@type\":\"WebSite\",\"@id\":\"https:\\\/\\\/www.34.239.117.254.sslip.io\\\/#website\",\"url\":\"https:\\\/\\\/www.34.239.117.254.sslip.io\\\/\",\"name\":\"Amaral, Yazbek Advogados\",\"description\":\"Curitiba \u2022 Bras\u00edlia \u2022 S\u00e3o Paulo\",\"publisher\":{\"@id\":\"https:\\\/\\\/www.34.239.117.254.sslip.io\\\/#organization\"},\"potentialAction\":[{\"@type\":\"SearchAction\",\"target\":{\"@type\":\"EntryPoint\",\"urlTemplate\":\"https:\\\/\\\/www.34.239.117.254.sslip.io\\\/?s={search_term_string}\"},\"query-input\":{\"@type\":\"PropertyValueSpecification\",\"valueRequired\":true,\"valueName\":\"search_term_string\"}}],\"inLanguage\":\"pt-BR\"},{\"@type\":\"Organization\",\"@id\":\"https:\\\/\\\/www.34.239.117.254.sslip.io\\\/#organization\",\"name\":\"Amaral, Yazbek Advogados\",\"url\":\"https:\\\/\\\/www.34.239.117.254.sslip.io\\\/\",\"logo\":{\"@type\":\"ImageObject\",\"inLanguage\":\"pt-BR\",\"@id\":\"https:\\\/\\\/www.34.239.117.254.sslip.io\\\/#\\\/schema\\\/logo\\\/image\\\/\",\"url\":\"http:\\\/\\\/34.239.117.254\\\/wp-content\\\/uploads\\\/2021\\\/03\\\/logo-ay-g.png\",\"contentUrl\":\"http:\\\/\\\/34.239.117.254\\\/wp-content\\\/uploads\\\/2021\\\/03\\\/logo-ay-g.png\",\"width\":434,\"height\":106,\"caption\":\"Amaral, Yazbek Advogados\"},\"image\":{\"@id\":\"https:\\\/\\\/www.34.239.117.254.sslip.io\\\/#\\\/schema\\\/logo\\\/image\\\/\"},\"sameAs\":[\"https:\\\/\\\/www.facebook.com\\\/AYadvogados\",\"https:\\\/\\\/www.instagram.com\\\/ayadvogados\\\/\"]},{\"@type\":\"Person\",\"@id\":\"https:\\\/\\\/www.34.239.117.254.sslip.io\\\/#\\\/schema\\\/person\\\/6b9165a58758b048b8ea5a4fbd4ec3c4\",\"name\":\"Infra\",\"image\":{\"@type\":\"ImageObject\",\"inLanguage\":\"pt-BR\",\"@id\":\"https:\\\/\\\/secure.gravatar.com\\\/avatar\\\/60bf67293e186b9c834e31753dcc586dfcedb661d13b6b9ba29ac991ccafc035?s=96&d=mm&r=g\",\"url\":\"https:\\\/\\\/secure.gravatar.com\\\/avatar\\\/60bf67293e186b9c834e31753dcc586dfcedb661d13b6b9ba29ac991ccafc035?s=96&d=mm&r=g\",\"contentUrl\":\"https:\\\/\\\/secure.gravatar.com\\\/avatar\\\/60bf67293e186b9c834e31753dcc586dfcedb661d13b6b9ba29ac991ccafc035?s=96&d=mm&r=g\",\"caption\":\"Infra\"},\"url\":\"https:\\\/\\\/www.ayadvogados.com.br\\\/?author=3\"}]}<\/script>\n<!-- \/ Yoast SEO plugin. -->","yoast_head_json":{"title":"A nova declara\u00e7\u00e3o \u00fanica de exporta\u00e7\u00e3o - DU-E - Amaral, Yazbek Advogados","robots":{"index":"index","follow":"follow","max-snippet":"max-snippet:-1","max-image-preview":"max-image-preview:large","max-video-preview":"max-video-preview:-1"},"canonical":"https:\/\/www.34.239.117.254.nip.io\/?p=992","og_locale":"pt_BR","og_type":"article","og_title":"A nova declara\u00e7\u00e3o \u00fanica de exporta\u00e7\u00e3o - DU-E - Amaral, Yazbek Advogados","og_description":"A institui\u00e7\u00e3o da IN RFB 1702, de 21 de mar\u00e7o de 2017 trouxe significativas mudan\u00e7as nos processos de exporta\u00e7\u00e3o. A partir da edi\u00e7\u00e3o desta instru\u00e7\u00e3o da Receita Federal, o despacho aduaneiro de exporta\u00e7\u00e3o passou a poder ser realizado atrav\u00e9s de Declara\u00e7\u00e3o \u00danica de Exporta\u00e7\u00e3o (DU-E), formulada atrav\u00e9s do Portal \u00danico de Com\u00e9rcio Exterior, no Sistema [&hellip;]","og_url":"https:\/\/www.34.239.117.254.nip.io\/?p=992","og_site_name":"Amaral, Yazbek Advogados","article_publisher":"https:\/\/www.facebook.com\/AYadvogados","article_published_time":"2017-01-11T13:05:00+00:00","article_modified_time":"2021-04-26T14:07:44+00:00","author":"Infra","twitter_card":"summary_large_image","twitter_misc":{"Escrito por":"Infra","Est. tempo de leitura":"4 minutos"},"schema":{"@context":"https:\/\/schema.org","@graph":[{"@type":"Article","@id":"https:\/\/www.34.239.117.254.nip.io\/?p=992#article","isPartOf":{"@id":"https:\/\/www.34.239.117.254.nip.io\/?p=992"},"author":{"name":"Infra","@id":"https:\/\/www.34.239.117.254.sslip.io\/#\/schema\/person\/6b9165a58758b048b8ea5a4fbd4ec3c4"},"headline":"A nova declara\u00e7\u00e3o \u00fanica de exporta\u00e7\u00e3o &#8211; DU-E","datePublished":"2017-01-11T13:05:00+00:00","dateModified":"2021-04-26T14:07:44+00:00","mainEntityOfPage":{"@id":"https:\/\/www.34.239.117.254.nip.io\/?p=992"},"wordCount":728,"commentCount":0,"publisher":{"@id":"https:\/\/www.34.239.117.254.sslip.io\/#organization"},"articleSection":["Not\u00edcia do Dia"],"inLanguage":"pt-BR","potentialAction":[{"@type":"CommentAction","name":"Comment","target":["https:\/\/www.34.239.117.254.nip.io\/?p=992#respond"]}]},{"@type":"WebPage","@id":"https:\/\/www.34.239.117.254.nip.io\/?p=992","url":"https:\/\/www.34.239.117.254.nip.io\/?p=992","name":"A nova declara\u00e7\u00e3o \u00fanica de exporta\u00e7\u00e3o - DU-E - Amaral, Yazbek Advogados","isPartOf":{"@id":"https:\/\/www.34.239.117.254.sslip.io\/#website"},"datePublished":"2017-01-11T13:05:00+00:00","dateModified":"2021-04-26T14:07:44+00:00","breadcrumb":{"@id":"https:\/\/www.34.239.117.254.nip.io\/?p=992#breadcrumb"},"inLanguage":"pt-BR","potentialAction":[{"@type":"ReadAction","target":["https:\/\/www.34.239.117.254.nip.io\/?p=992"]}]},{"@type":"BreadcrumbList","@id":"https:\/\/www.34.239.117.254.nip.io\/?p=992#breadcrumb","itemListElement":[{"@type":"ListItem","position":1,"name":"In\u00edcio","item":"https:\/\/www.34.239.117.254.sslip.io\/"},{"@type":"ListItem","position":2,"name":"A nova declara\u00e7\u00e3o \u00fanica de exporta\u00e7\u00e3o &#8211; DU-E"}]},{"@type":"WebSite","@id":"https:\/\/www.34.239.117.254.sslip.io\/#website","url":"https:\/\/www.34.239.117.254.sslip.io\/","name":"Amaral, Yazbek Advogados","description":"Curitiba \u2022 Bras\u00edlia \u2022 S\u00e3o Paulo","publisher":{"@id":"https:\/\/www.34.239.117.254.sslip.io\/#organization"},"potentialAction":[{"@type":"SearchAction","target":{"@type":"EntryPoint","urlTemplate":"https:\/\/www.34.239.117.254.sslip.io\/?s={search_term_string}"},"query-input":{"@type":"PropertyValueSpecification","valueRequired":true,"valueName":"search_term_string"}}],"inLanguage":"pt-BR"},{"@type":"Organization","@id":"https:\/\/www.34.239.117.254.sslip.io\/#organization","name":"Amaral, Yazbek Advogados","url":"https:\/\/www.34.239.117.254.sslip.io\/","logo":{"@type":"ImageObject","inLanguage":"pt-BR","@id":"https:\/\/www.34.239.117.254.sslip.io\/#\/schema\/logo\/image\/","url":"http:\/\/34.239.117.254\/wp-content\/uploads\/2021\/03\/logo-ay-g.png","contentUrl":"http:\/\/34.239.117.254\/wp-content\/uploads\/2021\/03\/logo-ay-g.png","width":434,"height":106,"caption":"Amaral, Yazbek Advogados"},"image":{"@id":"https:\/\/www.34.239.117.254.sslip.io\/#\/schema\/logo\/image\/"},"sameAs":["https:\/\/www.facebook.com\/AYadvogados","https:\/\/www.instagram.com\/ayadvogados\/"]},{"@type":"Person","@id":"https:\/\/www.34.239.117.254.sslip.io\/#\/schema\/person\/6b9165a58758b048b8ea5a4fbd4ec3c4","name":"Infra","image":{"@type":"ImageObject","inLanguage":"pt-BR","@id":"https:\/\/secure.gravatar.com\/avatar\/60bf67293e186b9c834e31753dcc586dfcedb661d13b6b9ba29ac991ccafc035?s=96&d=mm&r=g","url":"https:\/\/secure.gravatar.com\/avatar\/60bf67293e186b9c834e31753dcc586dfcedb661d13b6b9ba29ac991ccafc035?s=96&d=mm&r=g","contentUrl":"https:\/\/secure.gravatar.com\/avatar\/60bf67293e186b9c834e31753dcc586dfcedb661d13b6b9ba29ac991ccafc035?s=96&d=mm&r=g","caption":"Infra"},"url":"https:\/\/www.ayadvogados.com.br\/?author=3"}]}},"rttpg_featured_image_url":null,"rttpg_author":{"display_name":"Infra","author_link":"https:\/\/www.ayadvogados.com.br\/?author=3"},"rttpg_comment":0,"rttpg_category":"<a href=\"https:\/\/www.ayadvogados.com.br\/?cat=1\" rel=\"category\">Not\u00edcia do Dia<\/a>","rttpg_excerpt":"A institui\u00e7\u00e3o da IN RFB 1702, de 21 de mar\u00e7o de 2017 trouxe significativas mudan\u00e7as nos processos de exporta\u00e7\u00e3o. A partir da edi\u00e7\u00e3o desta instru\u00e7\u00e3o da Receita Federal, o despacho aduaneiro de exporta\u00e7\u00e3o passou a poder ser realizado atrav\u00e9s de Declara\u00e7\u00e3o \u00danica de Exporta\u00e7\u00e3o (DU-E), formulada atrav\u00e9s do Portal \u00danico de Com\u00e9rcio Exterior, no Sistema&hellip;","_links":{"self":[{"href":"https:\/\/www.ayadvogados.com.br\/index.php?rest_route=\/wp\/v2\/posts\/992","targetHints":{"allow":["GET"]}}],"collection":[{"href":"https:\/\/www.ayadvogados.com.br\/index.php?rest_route=\/wp\/v2\/posts"}],"about":[{"href":"https:\/\/www.ayadvogados.com.br\/index.php?rest_route=\/wp\/v2\/types\/post"}],"author":[{"embeddable":true,"href":"https:\/\/www.ayadvogados.com.br\/index.php?rest_route=\/wp\/v2\/users\/3"}],"replies":[{"embeddable":true,"href":"https:\/\/www.ayadvogados.com.br\/index.php?rest_route=%2Fwp%2Fv2%2Fcomments&post=992"}],"version-history":[{"count":1,"href":"https:\/\/www.ayadvogados.com.br\/index.php?rest_route=\/wp\/v2\/posts\/992\/revisions"}],"predecessor-version":[{"id":993,"href":"https:\/\/www.ayadvogados.com.br\/index.php?rest_route=\/wp\/v2\/posts\/992\/revisions\/993"}],"wp:attachment":[{"href":"https:\/\/www.ayadvogados.com.br\/index.php?rest_route=%2Fwp%2Fv2%2Fmedia&parent=992"}],"wp:term":[{"taxonomy":"category","embeddable":true,"href":"https:\/\/www.ayadvogados.com.br\/index.php?rest_route=%2Fwp%2Fv2%2Fcategories&post=992"},{"taxonomy":"post_tag","embeddable":true,"href":"https:\/\/www.ayadvogados.com.br\/index.php?rest_route=%2Fwp%2Fv2%2Ftags&post=992"}],"curies":[{"name":"wp","href":"https:\/\/api.w.org\/{rel}","templated":true}]}}