{"id":827,"date":"2021-04-19T16:16:36","date_gmt":"2021-04-19T19:16:36","guid":{"rendered":"http:\/\/34.239.117.254\/?p=827"},"modified":"2021-04-19T16:16:36","modified_gmt":"2021-04-19T19:16:36","slug":"receita-federal-cobrara-pis-e-cofins-sobre-variacao-cambial","status":"publish","type":"post","link":"https:\/\/www.ayadvogados.com.br\/?p=827","title":{"rendered":"Receita Federal cobrar\u00e1 PIS e Cofins sobre varia\u00e7\u00e3o cambial"},"content":{"rendered":"\n<p>A <strong>Receita Federal<\/strong> passa a orientar os fiscais do pa\u00eds a cobrar <strong>PIS e Cofins sobre a varia\u00e7\u00e3o cambial <\/strong>positiva registrada na venda de participa\u00e7\u00e3o em investimento no exterior por empresa brasileira. Os tributos incidir\u00e3o ainda que se trate apenas de redu\u00e7\u00e3o do capital social. Segundo a Solu\u00e7\u00e3o de Consulta da Coordena\u00e7\u00e3o-Geral de Tributa\u00e7\u00e3o n\u00ba 39, apenas <strong>o IRPJ e a CSLL n\u00e3o s\u00e3o devidos<\/strong>.<\/p>\n\n\n\n<p>O tema interessa especialmente \u00e0s multinacionais. Elas entendem que, nesse caso, a varia\u00e7\u00e3o cambial n\u00e3o deveria ser tributada. Para os advogados que as representam, a mesma justificativa usada para afastar os <strong>34% de IRPJ e CSLL<\/strong> serviria em rela\u00e7\u00e3o aos <strong>4,65% de PIS e Cofins<\/strong>.<\/p>\n\n\n\n<p>No <a href=\"http:\/\/normas.receita.fazenda.gov.br\/sijut2consulta\/link.action?visao=anotado&amp;idAto=116270\" target=\"_blank\" rel=\"noreferrer noopener\">caso da consulta<\/a>, uma empresa do setor de petr\u00f3leo arrendou bens de sociedades holandesas do mesmo grupo econ\u00f4mico. Mas, em uma reorganiza\u00e7\u00e3o societ\u00e1ria e patrimonial, agora avalia reduzir o capital social nessas controladas na Holanda. Assim, a companhia repatriaria parte do capital no exterior, detido pelas suas controladas, com o ingressos de divisas no Brasil.<\/p>\n\n\n\n<p>Antes de realizar a opera\u00e7\u00e3o, a empresa perguntou ao Fisco se seu entendimento est\u00e1 correto. Para a companhia, as varia\u00e7\u00f5es cambiais positivas de investimento no exterior, avaliadas pelo M\u00e9todo da Equival\u00eancia Patrimonial (MEP), se qualificam como \u201cajustes\u201d. Assim, elas comp\u00f5em o custo do investimento e n\u00e3o influenciam a base de c\u00e1lculo do IRPJ, CSLL, PIS ou Cofins.<\/p>\n\n\n\n<p>Na resposta, a Receita afirma que essas varia\u00e7\u00f5es cambiais positivas, enquanto o investimento no exterior for mantido pela empresa brasileira, n\u00e3o s\u00e3o alcan\u00e7adas pelo IRPJ ou pela CSLL. Isso por causa do artigo 77 da Lei n\u00ba 12.973, de 2014. O dispositivo exclui a varia\u00e7\u00e3o cambial referente a esse tipo de investimento da base de c\u00e1lculo do IRPJ e da CSLL.<\/p>\n\n\n\n<p>Com a introdu\u00e7\u00e3o dos crit\u00e9rios cont\u00e1beis internacionais na legisla\u00e7\u00e3o brasileira, a varia\u00e7\u00e3o cambial de investimentos avaliados pelo MEP passou a ser contabilizada diretamente como patrim\u00f4nio l\u00edquido, sem afetar as contas de resultado. Mas esses novos padr\u00f5es cont\u00e1beis determinam que a varia\u00e7\u00e3o cambial deve ser transferida para o resultado da investidora no momento (exerc\u00edcio) da baixa, ainda que parcial, do investimento.<\/p>\n\n\n\n<p>Ainda assim, a Receita Federal entende que a varia\u00e7\u00e3o cambial mant\u00e9m a sua natureza de contrapartida de ajuste do valor do investimento. Por isso, n\u00e3o incidem o IRPJ e a CSLL.<\/p>\n\n\n\n<p>Contudo, o Fisco interpreta a situa\u00e7\u00e3o de modo diferente em rela\u00e7\u00e3o ao PIS e \u00e0 Cofins. \u201cAs varia\u00e7\u00f5es monet\u00e1rias em fun\u00e7\u00e3o da taxa de c\u00e2mbio s\u00e3o consideradas receitas financeiras e devem ser inclu\u00eddas na determina\u00e7\u00e3o da base de c\u00e1lculo do PIS e da Cofins\u201d, afirma. No regime tribut\u00e1rio n\u00e3o cumulativo, a base de c\u00e1lculo dessas contribui\u00e7\u00f5es \u00e9 o total das receitas auferidas.<\/p>\n\n\n\n<p>A resposta da Receita Federal \u00e9 importante porque, historicamente, ela sempre tentou tributar a varia\u00e7\u00e3o cambial. As grandes empresas tinham receio sobre como a conta seria feita, segundo <strong>Bruno Habib<\/strong>, associado da \u00e1rea tribut\u00e1ria do Veirano Advogados. \u201cNas multinacionais, os investimentos s\u00e3o altos e, por isso, os valores envolvidos tamb\u00e9m\u201d, afirma. O advogado lembra que medidas provis\u00f3rias j\u00e1 tentaram tributar essa varia\u00e7\u00e3o cambial, mas as previs\u00f5es foram vetadas.<\/p>\n\n\n\n<p>Uma dessas tentativas estava no antigo artigo 46 da Medida Provis\u00f3ria n\u00ba 135, de 2003. O dispositivo dizia que a varia\u00e7\u00e3o cambial dos investimentos no exterior, avaliados pela equival\u00eancia patrimonial, seriam considerados receita ou despesa financeira. \u201cPor isso, a resposta da solu\u00e7\u00e3o de consulta \u00e9 uma surpresa\u201d, afirma Raphael Lavez, s\u00f3cio do Rivitti e Dias Advogados.<\/p>\n\n\n\n<p>Segundo o advogado, a Solu\u00e7\u00e3o de Consulta n\u00ba 39 ignora que, quando o Congresso pretendeu autorizar a tributa\u00e7\u00e3o das varia\u00e7\u00f5es cambiais, o presidente da Rep\u00fablica vetou a medida, entre outros motivos, por uma preocupa\u00e7\u00e3o em rela\u00e7\u00e3o a poss\u00edvel litigiosidade. Al\u00e9m disso, para Lavez, \u201cseguindo o racioc\u00ednio aplicado ao IR e \u00e0 CSLL, [a Receita] n\u00e3o deveria cobrar PIS e Cofins.\u201d<\/p>\n\n\n\n<p>Andr\u00e9 de Oliveira, s\u00f3cio do Castro Barros Advogados, refor\u00e7a que as empresas acreditavam que nenhum dos tributos incidiria sobre a varia\u00e7\u00e3o cambial nesses casos. \u201cA legisla\u00e7\u00e3o veio evoluindo para impedir que varia\u00e7\u00f5es cambiais produzissem efeito em decorr\u00eancia das simples oscila\u00e7\u00f5es\u201d, afirma. Por isso, segundo ele, a compreens\u00e3o da Receita \u00e9 uma surpresa.<\/p>\n\n\n\n<p>Fonte: <a href=\"https:\/\/valor.globo.com\/legislacao\/noticia\/2021\/04\/19\/receita-federal-cobrara-pis-e-cofins-sobre-variacao-cambial.ghtml\" data-type=\"URL\" data-id=\"https:\/\/valor.globo.com\/legislacao\/noticia\/2021\/04\/19\/receita-federal-cobrara-pis-e-cofins-sobre-variacao-cambial.ghtml\" target=\"_blank\" rel=\"noreferrer noopener\">Valor<\/a><\/p>\n\n\n\n<p>A Amaral, Yazbek, OAB\/PR 762, possui 35 anos de experi\u00eancia auxiliando empresas a transformar a tributa\u00e7\u00e3o em lucro. Entre em contato com um dos s\u00f3cios para agendamento de reuni\u00e3o em caso de d\u00favidas.<\/p>\n\n\n\n<p>Contato: 41 3595-8300 ou pelo nosso WhatsApp 41 99567-5696<\/p>\n\n\n\n<p>Av. C\u00e2ndido Hartmann, 50 \u2013 Bigorrilho | Curitiba-PR<\/p>\n\n\n\n<p>Assine nossa Newsletter e fique por dentro das novidades!<\/p>\n\n\n\n<p>Quer receber seu exemplar da revista Governan\u00e7a Jur\u00eddica? Clique <a href=\"http:\/\/ayadvogados.com.br\/revista\">aqui<\/a>&nbsp;e pe\u00e7a a sua.<\/p>\n\n\n\n<p>Nos acompanhe nas redes sociais: <a href=\"https:\/\/www.facebook.com\/amaral.yazbek\">Facebook<\/a>&nbsp;| <a href=\"https:\/\/www.instagram.com\/amaral.yazbek\/\">Instagram<\/a> | <a href=\"https:\/\/www.linkedin.com\/company\/3357082\/admin\/\">Linkedin<\/a><\/p>\n\n\n\n<p>J\u00e1 conhece o canal Direito da Intelig\u00eancia de Neg\u00f3cios? <a href=\"https:\/\/www.youtube.com\/channel\/UCu2Mpu32ht8DEN8OFRXYMyw\">Inscreva-se j\u00e1<\/a><\/p>\n","protected":false},"excerpt":{"rendered":"<p>A Receita Federal passa a orientar os fiscais do pa\u00eds a cobrar PIS e Cofins sobre a varia\u00e7\u00e3o cambial positiva registrada na venda de participa\u00e7\u00e3o em investimento no exterior por empresa brasileira. Os tributos incidir\u00e3o ainda que se trate apenas de redu\u00e7\u00e3o do capital social. Segundo a Solu\u00e7\u00e3o de Consulta da Coordena\u00e7\u00e3o-Geral de Tributa\u00e7\u00e3o n\u00ba [&hellip;]<\/p>\n","protected":false},"author":2,"featured_media":828,"comment_status":"open","ping_status":"open","sticky":false,"template":"","format":"standard","meta":{"footnotes":""},"categories":[1],"tags":[],"class_list":["post-827","post","type-post","status-publish","format-standard","has-post-thumbnail","hentry","category-noticia-do-dia"],"blocksy_meta":{"styles_descriptor":{"styles":{"desktop":"","tablet":"","mobile":""},"google_fonts":[],"version":6}},"yoast_head":"<!-- This site is optimized with the Yoast SEO plugin v27.5 - https:\/\/yoast.com\/product\/yoast-seo-wordpress\/ -->\n<title>Receita Federal cobrar\u00e1 PIS e Cofins sobre varia\u00e7\u00e3o cambial - Amaral, Yazbek Advogados<\/title>\n<meta name=\"robots\" content=\"index, follow, max-snippet:-1, max-image-preview:large, max-video-preview:-1\" \/>\n<link rel=\"canonical\" href=\"https:\/\/www.ayadvogados.com.br\/?p=827\" \/>\n<meta property=\"og:locale\" content=\"pt_BR\" \/>\n<meta property=\"og:type\" content=\"article\" \/>\n<meta property=\"og:title\" content=\"Receita Federal cobrar\u00e1 PIS e Cofins sobre varia\u00e7\u00e3o cambial - Amaral, Yazbek Advogados\" \/>\n<meta property=\"og:description\" content=\"A Receita Federal passa a orientar os fiscais do pa\u00eds a cobrar PIS e Cofins sobre a varia\u00e7\u00e3o cambial positiva registrada na venda de participa\u00e7\u00e3o em investimento no exterior por empresa brasileira. Os tributos incidir\u00e3o ainda que se trate apenas de redu\u00e7\u00e3o do capital social. Segundo a Solu\u00e7\u00e3o de Consulta da Coordena\u00e7\u00e3o-Geral de Tributa\u00e7\u00e3o n\u00ba [&hellip;]\" \/>\n<meta property=\"og:url\" content=\"https:\/\/www.ayadvogados.com.br\/?p=827\" \/>\n<meta property=\"og:site_name\" content=\"Amaral, Yazbek Advogados\" \/>\n<meta property=\"article:publisher\" content=\"https:\/\/www.facebook.com\/AYadvogados\" \/>\n<meta property=\"article:published_time\" content=\"2021-04-19T19:16:36+00:00\" \/>\n<meta property=\"og:image\" content=\"https:\/\/www.ayadvogados.com.br\/wp-content\/uploads\/2021\/04\/19-04-Blog-1.png\" \/>\n\t<meta property=\"og:image:width\" content=\"1000\" \/>\n\t<meta property=\"og:image:height\" content=\"620\" \/>\n\t<meta property=\"og:image:type\" content=\"image\/png\" \/>\n<meta name=\"author\" content=\"AY Advogados\" \/>\n<meta name=\"twitter:card\" content=\"summary_large_image\" \/>\n<meta name=\"twitter:label1\" content=\"Escrito por\" \/>\n\t<meta name=\"twitter:data1\" content=\"AY Advogados\" \/>\n\t<meta name=\"twitter:label2\" content=\"Est. tempo de leitura\" \/>\n\t<meta name=\"twitter:data2\" content=\"4 minutos\" \/>\n<script type=\"application\/ld+json\" class=\"yoast-schema-graph\">{\"@context\":\"https:\\\/\\\/schema.org\",\"@graph\":[{\"@type\":\"Article\",\"@id\":\"https:\\\/\\\/www.ayadvogados.com.br\\\/?p=827#article\",\"isPartOf\":{\"@id\":\"https:\\\/\\\/www.ayadvogados.com.br\\\/?p=827\"},\"author\":{\"name\":\"AY Advogados\",\"@id\":\"https:\\\/\\\/www.34.239.117.254.sslip.io\\\/#\\\/schema\\\/person\\\/4abfbf03ad3e577e691d333af064a912\"},\"headline\":\"Receita Federal cobrar\u00e1 PIS e Cofins sobre varia\u00e7\u00e3o cambial\",\"datePublished\":\"2021-04-19T19:16:36+00:00\",\"mainEntityOfPage\":{\"@id\":\"https:\\\/\\\/www.ayadvogados.com.br\\\/?p=827\"},\"wordCount\":856,\"commentCount\":0,\"publisher\":{\"@id\":\"https:\\\/\\\/www.34.239.117.254.sslip.io\\\/#organization\"},\"image\":{\"@id\":\"https:\\\/\\\/www.ayadvogados.com.br\\\/?p=827#primaryimage\"},\"thumbnailUrl\":\"https:\\\/\\\/www.ayadvogados.com.br\\\/wp-content\\\/uploads\\\/2021\\\/04\\\/19-04-Blog-1.png\",\"articleSection\":[\"Not\u00edcia do Dia\"],\"inLanguage\":\"pt-BR\",\"potentialAction\":[{\"@type\":\"CommentAction\",\"name\":\"Comment\",\"target\":[\"https:\\\/\\\/www.ayadvogados.com.br\\\/?p=827#respond\"]}]},{\"@type\":\"WebPage\",\"@id\":\"https:\\\/\\\/www.ayadvogados.com.br\\\/?p=827\",\"url\":\"https:\\\/\\\/www.ayadvogados.com.br\\\/?p=827\",\"name\":\"Receita Federal cobrar\u00e1 PIS e Cofins sobre varia\u00e7\u00e3o cambial - Amaral, Yazbek Advogados\",\"isPartOf\":{\"@id\":\"https:\\\/\\\/www.34.239.117.254.sslip.io\\\/#website\"},\"primaryImageOfPage\":{\"@id\":\"https:\\\/\\\/www.ayadvogados.com.br\\\/?p=827#primaryimage\"},\"image\":{\"@id\":\"https:\\\/\\\/www.ayadvogados.com.br\\\/?p=827#primaryimage\"},\"thumbnailUrl\":\"https:\\\/\\\/www.ayadvogados.com.br\\\/wp-content\\\/uploads\\\/2021\\\/04\\\/19-04-Blog-1.png\",\"datePublished\":\"2021-04-19T19:16:36+00:00\",\"breadcrumb\":{\"@id\":\"https:\\\/\\\/www.ayadvogados.com.br\\\/?p=827#breadcrumb\"},\"inLanguage\":\"pt-BR\",\"potentialAction\":[{\"@type\":\"ReadAction\",\"target\":[\"https:\\\/\\\/www.ayadvogados.com.br\\\/?p=827\"]}]},{\"@type\":\"ImageObject\",\"inLanguage\":\"pt-BR\",\"@id\":\"https:\\\/\\\/www.ayadvogados.com.br\\\/?p=827#primaryimage\",\"url\":\"https:\\\/\\\/www.ayadvogados.com.br\\\/wp-content\\\/uploads\\\/2021\\\/04\\\/19-04-Blog-1.png\",\"contentUrl\":\"https:\\\/\\\/www.ayadvogados.com.br\\\/wp-content\\\/uploads\\\/2021\\\/04\\\/19-04-Blog-1.png\",\"width\":1000,\"height\":620},{\"@type\":\"BreadcrumbList\",\"@id\":\"https:\\\/\\\/www.ayadvogados.com.br\\\/?p=827#breadcrumb\",\"itemListElement\":[{\"@type\":\"ListItem\",\"position\":1,\"name\":\"In\u00edcio\",\"item\":\"https:\\\/\\\/www.34.239.117.254.sslip.io\\\/\"},{\"@type\":\"ListItem\",\"position\":2,\"name\":\"Receita Federal cobrar\u00e1 PIS e Cofins sobre varia\u00e7\u00e3o cambial\"}]},{\"@type\":\"WebSite\",\"@id\":\"https:\\\/\\\/www.34.239.117.254.sslip.io\\\/#website\",\"url\":\"https:\\\/\\\/www.34.239.117.254.sslip.io\\\/\",\"name\":\"Amaral, Yazbek Advogados\",\"description\":\"Curitiba \u2022 Bras\u00edlia \u2022 S\u00e3o Paulo\",\"publisher\":{\"@id\":\"https:\\\/\\\/www.34.239.117.254.sslip.io\\\/#organization\"},\"potentialAction\":[{\"@type\":\"SearchAction\",\"target\":{\"@type\":\"EntryPoint\",\"urlTemplate\":\"https:\\\/\\\/www.34.239.117.254.sslip.io\\\/?s={search_term_string}\"},\"query-input\":{\"@type\":\"PropertyValueSpecification\",\"valueRequired\":true,\"valueName\":\"search_term_string\"}}],\"inLanguage\":\"pt-BR\"},{\"@type\":\"Organization\",\"@id\":\"https:\\\/\\\/www.34.239.117.254.sslip.io\\\/#organization\",\"name\":\"Amaral, Yazbek Advogados\",\"url\":\"https:\\\/\\\/www.34.239.117.254.sslip.io\\\/\",\"logo\":{\"@type\":\"ImageObject\",\"inLanguage\":\"pt-BR\",\"@id\":\"https:\\\/\\\/www.34.239.117.254.sslip.io\\\/#\\\/schema\\\/logo\\\/image\\\/\",\"url\":\"http:\\\/\\\/34.239.117.254\\\/wp-content\\\/uploads\\\/2021\\\/03\\\/logo-ay-g.png\",\"contentUrl\":\"http:\\\/\\\/34.239.117.254\\\/wp-content\\\/uploads\\\/2021\\\/03\\\/logo-ay-g.png\",\"width\":434,\"height\":106,\"caption\":\"Amaral, Yazbek Advogados\"},\"image\":{\"@id\":\"https:\\\/\\\/www.34.239.117.254.sslip.io\\\/#\\\/schema\\\/logo\\\/image\\\/\"},\"sameAs\":[\"https:\\\/\\\/www.facebook.com\\\/AYadvogados\",\"https:\\\/\\\/www.instagram.com\\\/ayadvogados\\\/\"]},{\"@type\":\"Person\",\"@id\":\"https:\\\/\\\/www.34.239.117.254.sslip.io\\\/#\\\/schema\\\/person\\\/4abfbf03ad3e577e691d333af064a912\",\"name\":\"AY Advogados\",\"image\":{\"@type\":\"ImageObject\",\"inLanguage\":\"pt-BR\",\"@id\":\"https:\\\/\\\/secure.gravatar.com\\\/avatar\\\/1473912b851241f5503026e6156e144dcd83ff7addb67f65e1ed9ca21ee1d9cf?s=96&d=mm&r=g\",\"url\":\"https:\\\/\\\/secure.gravatar.com\\\/avatar\\\/1473912b851241f5503026e6156e144dcd83ff7addb67f65e1ed9ca21ee1d9cf?s=96&d=mm&r=g\",\"contentUrl\":\"https:\\\/\\\/secure.gravatar.com\\\/avatar\\\/1473912b851241f5503026e6156e144dcd83ff7addb67f65e1ed9ca21ee1d9cf?s=96&d=mm&r=g\",\"caption\":\"AY Advogados\"},\"sameAs\":[\"https:\\\/\\\/ayadvogados.com.br\"],\"url\":\"https:\\\/\\\/www.ayadvogados.com.br\\\/?author=2\"}]}<\/script>\n<!-- \/ Yoast SEO plugin. -->","yoast_head_json":{"title":"Receita Federal cobrar\u00e1 PIS e Cofins sobre varia\u00e7\u00e3o cambial - Amaral, Yazbek Advogados","robots":{"index":"index","follow":"follow","max-snippet":"max-snippet:-1","max-image-preview":"max-image-preview:large","max-video-preview":"max-video-preview:-1"},"canonical":"https:\/\/www.ayadvogados.com.br\/?p=827","og_locale":"pt_BR","og_type":"article","og_title":"Receita Federal cobrar\u00e1 PIS e Cofins sobre varia\u00e7\u00e3o cambial - Amaral, Yazbek Advogados","og_description":"A Receita Federal passa a orientar os fiscais do pa\u00eds a cobrar PIS e Cofins sobre a varia\u00e7\u00e3o cambial positiva registrada na venda de participa\u00e7\u00e3o em investimento no exterior por empresa brasileira. Os tributos incidir\u00e3o ainda que se trate apenas de redu\u00e7\u00e3o do capital social. Segundo a Solu\u00e7\u00e3o de Consulta da Coordena\u00e7\u00e3o-Geral de Tributa\u00e7\u00e3o n\u00ba [&hellip;]","og_url":"https:\/\/www.ayadvogados.com.br\/?p=827","og_site_name":"Amaral, Yazbek Advogados","article_publisher":"https:\/\/www.facebook.com\/AYadvogados","article_published_time":"2021-04-19T19:16:36+00:00","og_image":[{"width":1000,"height":620,"url":"https:\/\/www.ayadvogados.com.br\/wp-content\/uploads\/2021\/04\/19-04-Blog-1.png","type":"image\/png"}],"author":"AY Advogados","twitter_card":"summary_large_image","twitter_misc":{"Escrito por":"AY Advogados","Est. tempo de leitura":"4 minutos"},"schema":{"@context":"https:\/\/schema.org","@graph":[{"@type":"Article","@id":"https:\/\/www.ayadvogados.com.br\/?p=827#article","isPartOf":{"@id":"https:\/\/www.ayadvogados.com.br\/?p=827"},"author":{"name":"AY Advogados","@id":"https:\/\/www.34.239.117.254.sslip.io\/#\/schema\/person\/4abfbf03ad3e577e691d333af064a912"},"headline":"Receita Federal cobrar\u00e1 PIS e Cofins sobre varia\u00e7\u00e3o cambial","datePublished":"2021-04-19T19:16:36+00:00","mainEntityOfPage":{"@id":"https:\/\/www.ayadvogados.com.br\/?p=827"},"wordCount":856,"commentCount":0,"publisher":{"@id":"https:\/\/www.34.239.117.254.sslip.io\/#organization"},"image":{"@id":"https:\/\/www.ayadvogados.com.br\/?p=827#primaryimage"},"thumbnailUrl":"https:\/\/www.ayadvogados.com.br\/wp-content\/uploads\/2021\/04\/19-04-Blog-1.png","articleSection":["Not\u00edcia do Dia"],"inLanguage":"pt-BR","potentialAction":[{"@type":"CommentAction","name":"Comment","target":["https:\/\/www.ayadvogados.com.br\/?p=827#respond"]}]},{"@type":"WebPage","@id":"https:\/\/www.ayadvogados.com.br\/?p=827","url":"https:\/\/www.ayadvogados.com.br\/?p=827","name":"Receita Federal cobrar\u00e1 PIS e Cofins sobre varia\u00e7\u00e3o cambial - Amaral, Yazbek Advogados","isPartOf":{"@id":"https:\/\/www.34.239.117.254.sslip.io\/#website"},"primaryImageOfPage":{"@id":"https:\/\/www.ayadvogados.com.br\/?p=827#primaryimage"},"image":{"@id":"https:\/\/www.ayadvogados.com.br\/?p=827#primaryimage"},"thumbnailUrl":"https:\/\/www.ayadvogados.com.br\/wp-content\/uploads\/2021\/04\/19-04-Blog-1.png","datePublished":"2021-04-19T19:16:36+00:00","breadcrumb":{"@id":"https:\/\/www.ayadvogados.com.br\/?p=827#breadcrumb"},"inLanguage":"pt-BR","potentialAction":[{"@type":"ReadAction","target":["https:\/\/www.ayadvogados.com.br\/?p=827"]}]},{"@type":"ImageObject","inLanguage":"pt-BR","@id":"https:\/\/www.ayadvogados.com.br\/?p=827#primaryimage","url":"https:\/\/www.ayadvogados.com.br\/wp-content\/uploads\/2021\/04\/19-04-Blog-1.png","contentUrl":"https:\/\/www.ayadvogados.com.br\/wp-content\/uploads\/2021\/04\/19-04-Blog-1.png","width":1000,"height":620},{"@type":"BreadcrumbList","@id":"https:\/\/www.ayadvogados.com.br\/?p=827#breadcrumb","itemListElement":[{"@type":"ListItem","position":1,"name":"In\u00edcio","item":"https:\/\/www.34.239.117.254.sslip.io\/"},{"@type":"ListItem","position":2,"name":"Receita Federal cobrar\u00e1 PIS e Cofins sobre varia\u00e7\u00e3o cambial"}]},{"@type":"WebSite","@id":"https:\/\/www.34.239.117.254.sslip.io\/#website","url":"https:\/\/www.34.239.117.254.sslip.io\/","name":"Amaral, Yazbek Advogados","description":"Curitiba \u2022 Bras\u00edlia \u2022 S\u00e3o Paulo","publisher":{"@id":"https:\/\/www.34.239.117.254.sslip.io\/#organization"},"potentialAction":[{"@type":"SearchAction","target":{"@type":"EntryPoint","urlTemplate":"https:\/\/www.34.239.117.254.sslip.io\/?s={search_term_string}"},"query-input":{"@type":"PropertyValueSpecification","valueRequired":true,"valueName":"search_term_string"}}],"inLanguage":"pt-BR"},{"@type":"Organization","@id":"https:\/\/www.34.239.117.254.sslip.io\/#organization","name":"Amaral, Yazbek Advogados","url":"https:\/\/www.34.239.117.254.sslip.io\/","logo":{"@type":"ImageObject","inLanguage":"pt-BR","@id":"https:\/\/www.34.239.117.254.sslip.io\/#\/schema\/logo\/image\/","url":"http:\/\/34.239.117.254\/wp-content\/uploads\/2021\/03\/logo-ay-g.png","contentUrl":"http:\/\/34.239.117.254\/wp-content\/uploads\/2021\/03\/logo-ay-g.png","width":434,"height":106,"caption":"Amaral, Yazbek Advogados"},"image":{"@id":"https:\/\/www.34.239.117.254.sslip.io\/#\/schema\/logo\/image\/"},"sameAs":["https:\/\/www.facebook.com\/AYadvogados","https:\/\/www.instagram.com\/ayadvogados\/"]},{"@type":"Person","@id":"https:\/\/www.34.239.117.254.sslip.io\/#\/schema\/person\/4abfbf03ad3e577e691d333af064a912","name":"AY Advogados","image":{"@type":"ImageObject","inLanguage":"pt-BR","@id":"https:\/\/secure.gravatar.com\/avatar\/1473912b851241f5503026e6156e144dcd83ff7addb67f65e1ed9ca21ee1d9cf?s=96&d=mm&r=g","url":"https:\/\/secure.gravatar.com\/avatar\/1473912b851241f5503026e6156e144dcd83ff7addb67f65e1ed9ca21ee1d9cf?s=96&d=mm&r=g","contentUrl":"https:\/\/secure.gravatar.com\/avatar\/1473912b851241f5503026e6156e144dcd83ff7addb67f65e1ed9ca21ee1d9cf?s=96&d=mm&r=g","caption":"AY Advogados"},"sameAs":["https:\/\/ayadvogados.com.br"],"url":"https:\/\/www.ayadvogados.com.br\/?author=2"}]}},"rttpg_featured_image_url":{"full":["https:\/\/www.ayadvogados.com.br\/wp-content\/uploads\/2021\/04\/19-04-Blog-1.png",1000,620,false],"landscape":["https:\/\/www.ayadvogados.com.br\/wp-content\/uploads\/2021\/04\/19-04-Blog-1.png",1000,620,false],"portraits":["https:\/\/www.ayadvogados.com.br\/wp-content\/uploads\/2021\/04\/19-04-Blog-1.png",1000,620,false],"thumbnail":["https:\/\/www.ayadvogados.com.br\/wp-content\/uploads\/2021\/04\/19-04-Blog-1-150x150.png",150,150,true],"medium":["https:\/\/www.ayadvogados.com.br\/wp-content\/uploads\/2021\/04\/19-04-Blog-1-300x186.png",300,186,true],"large":["https:\/\/www.ayadvogados.com.br\/wp-content\/uploads\/2021\/04\/19-04-Blog-1.png",1000,620,false],"1536x1536":["https:\/\/www.ayadvogados.com.br\/wp-content\/uploads\/2021\/04\/19-04-Blog-1.png",1000,620,false],"2048x2048":["https:\/\/www.ayadvogados.com.br\/wp-content\/uploads\/2021\/04\/19-04-Blog-1.png",1000,620,false]},"rttpg_author":{"display_name":"AY Advogados","author_link":"https:\/\/www.ayadvogados.com.br\/?author=2"},"rttpg_comment":0,"rttpg_category":"<a href=\"https:\/\/www.ayadvogados.com.br\/?cat=1\" rel=\"category\">Not\u00edcia do Dia<\/a>","rttpg_excerpt":"A Receita Federal passa a orientar os fiscais do pa\u00eds a cobrar PIS e Cofins sobre a varia\u00e7\u00e3o cambial positiva registrada na venda de participa\u00e7\u00e3o em investimento no exterior por empresa brasileira. Os tributos incidir\u00e3o ainda que se trate apenas de redu\u00e7\u00e3o do capital social. Segundo a Solu\u00e7\u00e3o de Consulta da Coordena\u00e7\u00e3o-Geral de Tributa\u00e7\u00e3o n\u00ba&hellip;","_links":{"self":[{"href":"https:\/\/www.ayadvogados.com.br\/index.php?rest_route=\/wp\/v2\/posts\/827","targetHints":{"allow":["GET"]}}],"collection":[{"href":"https:\/\/www.ayadvogados.com.br\/index.php?rest_route=\/wp\/v2\/posts"}],"about":[{"href":"https:\/\/www.ayadvogados.com.br\/index.php?rest_route=\/wp\/v2\/types\/post"}],"author":[{"embeddable":true,"href":"https:\/\/www.ayadvogados.com.br\/index.php?rest_route=\/wp\/v2\/users\/2"}],"replies":[{"embeddable":true,"href":"https:\/\/www.ayadvogados.com.br\/index.php?rest_route=%2Fwp%2Fv2%2Fcomments&post=827"}],"version-history":[{"count":1,"href":"https:\/\/www.ayadvogados.com.br\/index.php?rest_route=\/wp\/v2\/posts\/827\/revisions"}],"predecessor-version":[{"id":829,"href":"https:\/\/www.ayadvogados.com.br\/index.php?rest_route=\/wp\/v2\/posts\/827\/revisions\/829"}],"wp:featuredmedia":[{"embeddable":true,"href":"https:\/\/www.ayadvogados.com.br\/index.php?rest_route=\/wp\/v2\/media\/828"}],"wp:attachment":[{"href":"https:\/\/www.ayadvogados.com.br\/index.php?rest_route=%2Fwp%2Fv2%2Fmedia&parent=827"}],"wp:term":[{"taxonomy":"category","embeddable":true,"href":"https:\/\/www.ayadvogados.com.br\/index.php?rest_route=%2Fwp%2Fv2%2Fcategories&post=827"},{"taxonomy":"post_tag","embeddable":true,"href":"https:\/\/www.ayadvogados.com.br\/index.php?rest_route=%2Fwp%2Fv2%2Ftags&post=827"}],"curies":[{"name":"wp","href":"https:\/\/api.w.org\/{rel}","templated":true}]}}