{"id":785,"date":"2021-04-15T17:44:29","date_gmt":"2021-04-15T20:44:29","guid":{"rendered":"http:\/\/34.239.117.254\/?p=785"},"modified":"2021-04-15T17:44:29","modified_gmt":"2021-04-15T20:44:29","slug":"stj-nega-creditos-de-pis-e-cofins-a-empresas-no-regime-monofasico","status":"publish","type":"post","link":"https:\/\/www.ayadvogados.com.br\/?p=785","title":{"rendered":"STJ nega cr\u00e9ditos de PIS e Cofins a empresas no regime monof\u00e1sico"},"content":{"rendered":"\n<p>O Superior Tribunal de Justi\u00e7a (STJ) entendeu que as empresas tributadas pelo regime monof\u00e1sico n\u00e3o t\u00eam direito a cr\u00e9ditos de PIS e Cofins. Essa decis\u00e3o foi proferida, ontem, pela 1\u00aa Se\u00e7\u00e3o &#8211; que uniformiza o entendimento a ser adotado nas turmas de direito p\u00fablico.<\/p>\n\n\n\n<p>O julgamento \u00e9 importante para a Uni\u00e3o e pode ser o ponto final da tese levada ao Judici\u00e1rio pelos contribuintes. Existem, segundo a Procuradoria-Geral da Fazenda Nacional (PGFN), pelo menos 1,6 mil a\u00e7\u00f5es sobre esse tema.<\/p>\n\n\n\n<p>Os setores farmac\u00eautico, automotivo e de combust\u00edveis est\u00e3o entre os que recolhem as contribui\u00e7\u00f5es sociais pelo regime monof\u00e1sico. Nesse modelo de tributa\u00e7\u00e3o, a cobran\u00e7a de PIS e Cofins \u00e9 concentrada no primeiro elo da cadeia: o fabricante ou o importador.<\/p>\n\n\n\n<p>A decis\u00e3o da 1\u00aa Se\u00e7\u00e3o tem efeito para as empresas que adquirem os produtos. Aquelas que compram do fabricante ou do importador para a revenda, disseram os ministros, n\u00e3o podem usar os valores referentes ao PIS e \u00e0 Cofins que foram repassados no pre\u00e7o da mercadoria como um cr\u00e9dito fiscal.<\/p>\n\n\n\n<p>Isso porque, oficialmente, as al\u00edquotas das contribui\u00e7\u00f5es sociais, nessa etapa, est\u00e3o zeradas. As empresas que compram a mercadoria n\u00e3o recolhem PIS e Cofins ao governo.<\/p>\n\n\n\n<p>Esse tema deve voltar \u00e0 pauta da Se\u00e7\u00e3o, em breve, por meio de um recurso repetitivo &#8211; que vincula as inst\u00e2ncias inferiores -, mas \u00e9 pouco prov\u00e1vel que os contribuintes consigam virar o resultado. A decis\u00e3o, ontem, se deu por ampla maioria de votos. O placar fechou em sete a dois.<\/p>\n\n\n\n<p>Tamb\u00e9m ser\u00e1 muito dif\u00edcil emplacar essa tese no Supremo Tribunal Federal (STF). Existem decis\u00f5es de ministros considerando a quest\u00e3o como infraconstitucional. E, neste caso, a palavra final fica com o STJ.<\/p>\n\n\n\n<p>A Se\u00e7\u00e3o, no julgamento de ontem, analisou o tema por meio de dois recursos. Um deles (EAREsp 1109354) apresentado pela Rizatti &amp; Cia Ltda, de S\u00e3o Paulo, e o outro (EREsp 17682 24) pela Cooperativa Languir\u00fa, do Rio Grande do Sul.<\/p>\n\n\n\n<p>Um dos principais argumentos dos contribuintes era o de que a Lei n\u00ba 11.033, de 2004, legitimou o uso de cr\u00e9ditos. No artigo 17 da norma consta que as vendas efetuadas com a suspens\u00e3o, isen\u00e7\u00e3o, al\u00edquota zero ou n\u00e3o incid\u00eancia de PIS e Cofins n\u00e3o impedem a manuten\u00e7\u00e3o, pelo vendedor, dos cr\u00e9ditos vinculados a essas opera\u00e7\u00f5es.<\/p>\n\n\n\n<p>Esse julgamento teve in\u00edcio em outubro de 2019. O relator, ministro Gurgel de Faria, abriu as discuss\u00f5es, naquela ocasi\u00e3o, com voto contr\u00e1rio ao pleito das empresas. Para ele, a Lei n\u00ba 11.033 n\u00e3o modificou o que consta nas Leis n\u00ba 10.637, de 2002, e n\u00ba 10.833, de 2003, que tratam do PIS e da Cofins e vedam o uso de cr\u00e9ditos na revenda de bens sujeitos ao regime monof\u00e1sico.<\/p>\n\n\n\n<p>\u201cN\u00e3o havendo incid\u00eancia do tributo na opera\u00e7\u00e3o anterior, n\u00e3o h\u00e1 nada para ser creditado posteriormente. No regime monof\u00e1sico a carga tribut\u00e1ria concentra-se numa \u00fanica fase, sendo suportada por um \u00fanico contribuinte, n\u00e3o havendo cumulatividade\u201d, frisou ao proferir o voto.<\/p>\n\n\n\n<p>O julgamento havia sido suspenso, naquela ocasi\u00e3o, por um pedido de vista do ministro Napole\u00e3o Nunes Maia Filho. Ele colocou o caso novamente em pauta em novembro do ano passado &#8211; pouco antes de se aposentar. Napole\u00e3o divergiu do relator, dando raz\u00e3o aos contribuintes. S\u00f3 ele votou nessa ocasi\u00e3o.<\/p>\n\n\n\n<p>A discuss\u00e3o, ontem, foi retomada com o voto da ministra Regina Helena Costa. Ela acompanhou a diverg\u00eancia. A ministra e Napole\u00e3o Nunes Maia Filho foram os \u00fanicos a entender que a lei de 2004 abriu a possibilidade para a tomada de cr\u00e9dito dentro do regime monof\u00e1sico.<\/p>\n\n\n\n<p>Gurgel de Faria reafirmou o seu voto e foi acompanhado por seis ministros: Og Fernandes, Francisco Falc\u00e3o, Herman Benjamin, Assusete Magalh\u00e3es, Mauro Campbell Marques e S\u00e9rgio Kukina.<\/p>\n\n\n\n<p>A procuradora Amanda Geracy, da Procuradoria-Geral da Fazenda Nacional, diz que entendimento contr\u00e1rio ao que foi adotado &#8211; atendendo o pleito das empresas &#8211; poderia zerar a arrecada\u00e7\u00e3o de PIS e Cofins para toda a cadeia. Equivaleria, segundo ela, a um benef\u00edcio fiscal.<\/p>\n\n\n\n<p>\u201cHoje s\u00f3 quem paga a contribui\u00e7\u00e3o \u00e9 o importador ou o fabricante e eles podem se creditar. As etapas subsequentes da cadeia, atacadista e varejista, n\u00e3o pagam. Se quem paga se credita e quem n\u00e3o paga tamb\u00e9m se credita, n\u00e3o vai entrar nada nos cofres p\u00fablicos. Poderia, inclusive, ficar negativo\u201d, afirma.<\/p>\n\n\n\n<p>O advogado F\u00e1bio Calcini, s\u00f3cio do escrit\u00f3rio Brasil, Salom\u00e3o e Matthes, atuou em um dos casos julgados pela 1\u00aa Se\u00e7\u00e3o. Ele chama a aten\u00e7\u00e3o que n\u00e3o significa, com essa decis\u00e3o, que os ministros estejam negando todo e qualquer tipo de cr\u00e9dito \u00e0s empresas que t\u00eam produtos sujeitos ao sistema monof\u00e1sico. \u201cEssa decis\u00e3o est\u00e1 restrita \u00e0 aquisi\u00e7\u00e3o dos produtos da monofasia\u201d, diz.<\/p>\n\n\n\n<p>Especialista na \u00e1rea, Julio Janolio, s\u00f3cio do escrit\u00f3rio Vinhas e Redenschi, complementa que outras despesas necess\u00e1rias \u00e0 empresa que revende produtos no regime monof\u00e1sico &#8211; como energia el\u00e9trica, frete e armazenagem, por exemplo &#8211; continuam gerando cr\u00e9dito. \u201cA parte relacionada \u00e0s despesas necess\u00e1rias, que s\u00e3o os insumos, n\u00e3o est\u00e1 abarcada por essa decis\u00e3o e h\u00e1 de ser preservado, portanto, o direito de cr\u00e9dito\u201d, afirma.<\/p>\n\n\n\n<p>Fonte: <a href=\"https:\/\/valor.globo.com\/legislacao\/noticia\/2021\/04\/15\/stj-nega-creditos-de-pis-e-cofins-a-empresas-no-regime-monofasico.ghtml\" data-type=\"URL\" data-id=\"https:\/\/valor.globo.com\/legislacao\/noticia\/2021\/04\/15\/stj-nega-creditos-de-pis-e-cofins-a-empresas-no-regime-monofasico.ghtml\" target=\"_blank\" rel=\"noreferrer noopener\">Valor<\/a><\/p>\n\n\n\n<p>A Amaral, Yazbek, OAB\/PR 762, possui 35 anos de experi\u00eancia auxiliando empresas a transformar a tributa\u00e7\u00e3o em lucro. Entre em contato com um dos s\u00f3cios para agendamento de reuni\u00e3o em caso de d\u00favidas.<\/p>\n\n\n\n<p>Contato: 41 3595-8300 ou pelo nosso WhatsApp 41 99567-5696<\/p>\n\n\n\n<p>Av. C\u00e2ndido Hartmann, 50 \u2013 Bigorrilho | Curitiba-PR<\/p>\n\n\n\n<p>Assine nossa Newsletter e fique por dentro das novidades!<\/p>\n\n\n\n<p>Quer receber seu exemplar da revista Governan\u00e7a Jur\u00eddica? Clique <a href=\"http:\/\/ayadvogados.com.br\/revista\">aqui<\/a>&nbsp;e pe\u00e7a a sua.<\/p>\n\n\n\n<p>Nos acompanhe nas redes sociais: <a href=\"https:\/\/www.facebook.com\/amaral.yazbek\">Facebook<\/a>&nbsp;| <a href=\"https:\/\/www.instagram.com\/amaral.yazbek\/\">Instagram<\/a> | <a href=\"https:\/\/www.linkedin.com\/company\/3357082\/admin\/\">Linkedin<\/a><\/p>\n\n\n\n<p>J\u00e1 conhece o canal Direito da Intelig\u00eancia de Neg\u00f3cios? <a href=\"https:\/\/www.youtube.com\/channel\/UCu2Mpu32ht8DEN8OFRXYMyw\">Inscreva-se j\u00e1<\/a><\/p>\n","protected":false},"excerpt":{"rendered":"<p>O Superior Tribunal de Justi\u00e7a (STJ) entendeu que as empresas tributadas pelo regime monof\u00e1sico n\u00e3o t\u00eam direito a cr\u00e9ditos de PIS e Cofins. Essa decis\u00e3o foi proferida, ontem, pela 1\u00aa Se\u00e7\u00e3o &#8211; que uniformiza o entendimento a ser adotado nas turmas de direito p\u00fablico. O julgamento \u00e9 importante para a Uni\u00e3o e pode ser o [&hellip;]<\/p>\n","protected":false},"author":2,"featured_media":786,"comment_status":"open","ping_status":"open","sticky":false,"template":"","format":"standard","meta":{"footnotes":""},"categories":[1],"tags":[],"class_list":["post-785","post","type-post","status-publish","format-standard","has-post-thumbnail","hentry","category-noticia-do-dia"],"blocksy_meta":{"styles_descriptor":{"styles":{"desktop":"","tablet":"","mobile":""},"google_fonts":[],"version":6}},"yoast_head":"<!-- This site is optimized with the Yoast SEO plugin v27.5 - https:\/\/yoast.com\/product\/yoast-seo-wordpress\/ -->\n<title>STJ nega cr\u00e9ditos de PIS e Cofins a empresas no regime monof\u00e1sico - Amaral, Yazbek Advogados<\/title>\n<meta name=\"robots\" content=\"index, follow, max-snippet:-1, max-image-preview:large, max-video-preview:-1\" \/>\n<link rel=\"canonical\" href=\"https:\/\/www.eloquent-edison.34-239-117-254.plesk.page\/?p=785\" \/>\n<meta property=\"og:locale\" content=\"pt_BR\" \/>\n<meta property=\"og:type\" content=\"article\" \/>\n<meta property=\"og:title\" content=\"STJ nega cr\u00e9ditos de PIS e Cofins a empresas no regime monof\u00e1sico - Amaral, Yazbek Advogados\" \/>\n<meta property=\"og:description\" content=\"O Superior Tribunal de Justi\u00e7a (STJ) entendeu que as empresas tributadas pelo regime monof\u00e1sico n\u00e3o t\u00eam direito a cr\u00e9ditos de PIS e Cofins. Essa decis\u00e3o foi proferida, ontem, pela 1\u00aa Se\u00e7\u00e3o &#8211; que uniformiza o entendimento a ser adotado nas turmas de direito p\u00fablico. O julgamento \u00e9 importante para a Uni\u00e3o e pode ser o [&hellip;]\" \/>\n<meta property=\"og:url\" content=\"https:\/\/www.eloquent-edison.34-239-117-254.plesk.page\/?p=785\" \/>\n<meta property=\"og:site_name\" content=\"Amaral, Yazbek Advogados\" \/>\n<meta property=\"article:publisher\" content=\"https:\/\/www.facebook.com\/AYadvogados\" \/>\n<meta property=\"article:published_time\" content=\"2021-04-15T20:44:29+00:00\" \/>\n<meta property=\"og:image\" content=\"https:\/\/www.eloquent-edison.34-239-117-254.plesk.page\/wp-content\/uploads\/2021\/04\/15-04-Blog.png\" \/>\n\t<meta property=\"og:image:width\" content=\"1000\" \/>\n\t<meta property=\"og:image:height\" content=\"620\" \/>\n\t<meta property=\"og:image:type\" content=\"image\/png\" \/>\n<meta name=\"author\" content=\"AY Advogados\" \/>\n<meta name=\"twitter:card\" content=\"summary_large_image\" \/>\n<meta name=\"twitter:label1\" content=\"Escrito por\" \/>\n\t<meta name=\"twitter:data1\" content=\"AY Advogados\" \/>\n\t<meta name=\"twitter:label2\" content=\"Est. tempo de leitura\" \/>\n\t<meta name=\"twitter:data2\" content=\"5 minutos\" \/>\n<script type=\"application\/ld+json\" class=\"yoast-schema-graph\">{\"@context\":\"https:\\\/\\\/schema.org\",\"@graph\":[{\"@type\":\"Article\",\"@id\":\"https:\\\/\\\/www.eloquent-edison.34-239-117-254.plesk.page\\\/?p=785#article\",\"isPartOf\":{\"@id\":\"https:\\\/\\\/www.eloquent-edison.34-239-117-254.plesk.page\\\/?p=785\"},\"author\":{\"name\":\"AY Advogados\",\"@id\":\"https:\\\/\\\/www.34.239.117.254.sslip.io\\\/#\\\/schema\\\/person\\\/4abfbf03ad3e577e691d333af064a912\"},\"headline\":\"STJ nega cr\u00e9ditos de PIS e Cofins a empresas no regime monof\u00e1sico\",\"datePublished\":\"2021-04-15T20:44:29+00:00\",\"mainEntityOfPage\":{\"@id\":\"https:\\\/\\\/www.eloquent-edison.34-239-117-254.plesk.page\\\/?p=785\"},\"wordCount\":1020,\"commentCount\":0,\"publisher\":{\"@id\":\"https:\\\/\\\/www.34.239.117.254.sslip.io\\\/#organization\"},\"image\":{\"@id\":\"https:\\\/\\\/www.eloquent-edison.34-239-117-254.plesk.page\\\/?p=785#primaryimage\"},\"thumbnailUrl\":\"https:\\\/\\\/www.ayadvogados.com.br\\\/wp-content\\\/uploads\\\/2021\\\/04\\\/15-04-Blog.png\",\"articleSection\":[\"Not\u00edcia do Dia\"],\"inLanguage\":\"pt-BR\",\"potentialAction\":[{\"@type\":\"CommentAction\",\"name\":\"Comment\",\"target\":[\"https:\\\/\\\/www.eloquent-edison.34-239-117-254.plesk.page\\\/?p=785#respond\"]}]},{\"@type\":\"WebPage\",\"@id\":\"https:\\\/\\\/www.eloquent-edison.34-239-117-254.plesk.page\\\/?p=785\",\"url\":\"https:\\\/\\\/www.eloquent-edison.34-239-117-254.plesk.page\\\/?p=785\",\"name\":\"STJ nega cr\u00e9ditos de PIS e Cofins a empresas no regime monof\u00e1sico - Amaral, Yazbek Advogados\",\"isPartOf\":{\"@id\":\"https:\\\/\\\/www.34.239.117.254.sslip.io\\\/#website\"},\"primaryImageOfPage\":{\"@id\":\"https:\\\/\\\/www.eloquent-edison.34-239-117-254.plesk.page\\\/?p=785#primaryimage\"},\"image\":{\"@id\":\"https:\\\/\\\/www.eloquent-edison.34-239-117-254.plesk.page\\\/?p=785#primaryimage\"},\"thumbnailUrl\":\"https:\\\/\\\/www.ayadvogados.com.br\\\/wp-content\\\/uploads\\\/2021\\\/04\\\/15-04-Blog.png\",\"datePublished\":\"2021-04-15T20:44:29+00:00\",\"breadcrumb\":{\"@id\":\"https:\\\/\\\/www.eloquent-edison.34-239-117-254.plesk.page\\\/?p=785#breadcrumb\"},\"inLanguage\":\"pt-BR\",\"potentialAction\":[{\"@type\":\"ReadAction\",\"target\":[\"https:\\\/\\\/www.eloquent-edison.34-239-117-254.plesk.page\\\/?p=785\"]}]},{\"@type\":\"ImageObject\",\"inLanguage\":\"pt-BR\",\"@id\":\"https:\\\/\\\/www.eloquent-edison.34-239-117-254.plesk.page\\\/?p=785#primaryimage\",\"url\":\"https:\\\/\\\/www.ayadvogados.com.br\\\/wp-content\\\/uploads\\\/2021\\\/04\\\/15-04-Blog.png\",\"contentUrl\":\"https:\\\/\\\/www.ayadvogados.com.br\\\/wp-content\\\/uploads\\\/2021\\\/04\\\/15-04-Blog.png\",\"width\":1000,\"height\":620},{\"@type\":\"BreadcrumbList\",\"@id\":\"https:\\\/\\\/www.eloquent-edison.34-239-117-254.plesk.page\\\/?p=785#breadcrumb\",\"itemListElement\":[{\"@type\":\"ListItem\",\"position\":1,\"name\":\"In\u00edcio\",\"item\":\"https:\\\/\\\/www.34.239.117.254.sslip.io\\\/\"},{\"@type\":\"ListItem\",\"position\":2,\"name\":\"STJ nega cr\u00e9ditos de PIS e Cofins a empresas no regime monof\u00e1sico\"}]},{\"@type\":\"WebSite\",\"@id\":\"https:\\\/\\\/www.34.239.117.254.sslip.io\\\/#website\",\"url\":\"https:\\\/\\\/www.34.239.117.254.sslip.io\\\/\",\"name\":\"Amaral, Yazbek Advogados\",\"description\":\"Curitiba \u2022 Bras\u00edlia \u2022 S\u00e3o Paulo\",\"publisher\":{\"@id\":\"https:\\\/\\\/www.34.239.117.254.sslip.io\\\/#organization\"},\"potentialAction\":[{\"@type\":\"SearchAction\",\"target\":{\"@type\":\"EntryPoint\",\"urlTemplate\":\"https:\\\/\\\/www.34.239.117.254.sslip.io\\\/?s={search_term_string}\"},\"query-input\":{\"@type\":\"PropertyValueSpecification\",\"valueRequired\":true,\"valueName\":\"search_term_string\"}}],\"inLanguage\":\"pt-BR\"},{\"@type\":\"Organization\",\"@id\":\"https:\\\/\\\/www.34.239.117.254.sslip.io\\\/#organization\",\"name\":\"Amaral, Yazbek Advogados\",\"url\":\"https:\\\/\\\/www.34.239.117.254.sslip.io\\\/\",\"logo\":{\"@type\":\"ImageObject\",\"inLanguage\":\"pt-BR\",\"@id\":\"https:\\\/\\\/www.34.239.117.254.sslip.io\\\/#\\\/schema\\\/logo\\\/image\\\/\",\"url\":\"http:\\\/\\\/34.239.117.254\\\/wp-content\\\/uploads\\\/2021\\\/03\\\/logo-ay-g.png\",\"contentUrl\":\"http:\\\/\\\/34.239.117.254\\\/wp-content\\\/uploads\\\/2021\\\/03\\\/logo-ay-g.png\",\"width\":434,\"height\":106,\"caption\":\"Amaral, Yazbek Advogados\"},\"image\":{\"@id\":\"https:\\\/\\\/www.34.239.117.254.sslip.io\\\/#\\\/schema\\\/logo\\\/image\\\/\"},\"sameAs\":[\"https:\\\/\\\/www.facebook.com\\\/AYadvogados\",\"https:\\\/\\\/www.instagram.com\\\/ayadvogados\\\/\"]},{\"@type\":\"Person\",\"@id\":\"https:\\\/\\\/www.34.239.117.254.sslip.io\\\/#\\\/schema\\\/person\\\/4abfbf03ad3e577e691d333af064a912\",\"name\":\"AY Advogados\",\"image\":{\"@type\":\"ImageObject\",\"inLanguage\":\"pt-BR\",\"@id\":\"https:\\\/\\\/secure.gravatar.com\\\/avatar\\\/1473912b851241f5503026e6156e144dcd83ff7addb67f65e1ed9ca21ee1d9cf?s=96&d=mm&r=g\",\"url\":\"https:\\\/\\\/secure.gravatar.com\\\/avatar\\\/1473912b851241f5503026e6156e144dcd83ff7addb67f65e1ed9ca21ee1d9cf?s=96&d=mm&r=g\",\"contentUrl\":\"https:\\\/\\\/secure.gravatar.com\\\/avatar\\\/1473912b851241f5503026e6156e144dcd83ff7addb67f65e1ed9ca21ee1d9cf?s=96&d=mm&r=g\",\"caption\":\"AY Advogados\"},\"sameAs\":[\"https:\\\/\\\/ayadvogados.com.br\"],\"url\":\"https:\\\/\\\/www.ayadvogados.com.br\\\/?author=2\"}]}<\/script>\n<!-- \/ Yoast SEO plugin. -->","yoast_head_json":{"title":"STJ nega cr\u00e9ditos de PIS e Cofins a empresas no regime monof\u00e1sico - Amaral, Yazbek Advogados","robots":{"index":"index","follow":"follow","max-snippet":"max-snippet:-1","max-image-preview":"max-image-preview:large","max-video-preview":"max-video-preview:-1"},"canonical":"https:\/\/www.eloquent-edison.34-239-117-254.plesk.page\/?p=785","og_locale":"pt_BR","og_type":"article","og_title":"STJ nega cr\u00e9ditos de PIS e Cofins a empresas no regime monof\u00e1sico - Amaral, Yazbek Advogados","og_description":"O Superior Tribunal de Justi\u00e7a (STJ) entendeu que as empresas tributadas pelo regime monof\u00e1sico n\u00e3o t\u00eam direito a cr\u00e9ditos de PIS e Cofins. Essa decis\u00e3o foi proferida, ontem, pela 1\u00aa Se\u00e7\u00e3o &#8211; que uniformiza o entendimento a ser adotado nas turmas de direito p\u00fablico. O julgamento \u00e9 importante para a Uni\u00e3o e pode ser o [&hellip;]","og_url":"https:\/\/www.eloquent-edison.34-239-117-254.plesk.page\/?p=785","og_site_name":"Amaral, Yazbek Advogados","article_publisher":"https:\/\/www.facebook.com\/AYadvogados","article_published_time":"2021-04-15T20:44:29+00:00","og_image":[{"width":1000,"height":620,"url":"https:\/\/www.eloquent-edison.34-239-117-254.plesk.page\/wp-content\/uploads\/2021\/04\/15-04-Blog.png","type":"image\/png"}],"author":"AY Advogados","twitter_card":"summary_large_image","twitter_misc":{"Escrito por":"AY Advogados","Est. tempo de leitura":"5 minutos"},"schema":{"@context":"https:\/\/schema.org","@graph":[{"@type":"Article","@id":"https:\/\/www.eloquent-edison.34-239-117-254.plesk.page\/?p=785#article","isPartOf":{"@id":"https:\/\/www.eloquent-edison.34-239-117-254.plesk.page\/?p=785"},"author":{"name":"AY Advogados","@id":"https:\/\/www.34.239.117.254.sslip.io\/#\/schema\/person\/4abfbf03ad3e577e691d333af064a912"},"headline":"STJ nega cr\u00e9ditos de PIS e Cofins a empresas no regime monof\u00e1sico","datePublished":"2021-04-15T20:44:29+00:00","mainEntityOfPage":{"@id":"https:\/\/www.eloquent-edison.34-239-117-254.plesk.page\/?p=785"},"wordCount":1020,"commentCount":0,"publisher":{"@id":"https:\/\/www.34.239.117.254.sslip.io\/#organization"},"image":{"@id":"https:\/\/www.eloquent-edison.34-239-117-254.plesk.page\/?p=785#primaryimage"},"thumbnailUrl":"https:\/\/www.ayadvogados.com.br\/wp-content\/uploads\/2021\/04\/15-04-Blog.png","articleSection":["Not\u00edcia do Dia"],"inLanguage":"pt-BR","potentialAction":[{"@type":"CommentAction","name":"Comment","target":["https:\/\/www.eloquent-edison.34-239-117-254.plesk.page\/?p=785#respond"]}]},{"@type":"WebPage","@id":"https:\/\/www.eloquent-edison.34-239-117-254.plesk.page\/?p=785","url":"https:\/\/www.eloquent-edison.34-239-117-254.plesk.page\/?p=785","name":"STJ nega cr\u00e9ditos de PIS e Cofins a empresas no regime monof\u00e1sico - Amaral, Yazbek Advogados","isPartOf":{"@id":"https:\/\/www.34.239.117.254.sslip.io\/#website"},"primaryImageOfPage":{"@id":"https:\/\/www.eloquent-edison.34-239-117-254.plesk.page\/?p=785#primaryimage"},"image":{"@id":"https:\/\/www.eloquent-edison.34-239-117-254.plesk.page\/?p=785#primaryimage"},"thumbnailUrl":"https:\/\/www.ayadvogados.com.br\/wp-content\/uploads\/2021\/04\/15-04-Blog.png","datePublished":"2021-04-15T20:44:29+00:00","breadcrumb":{"@id":"https:\/\/www.eloquent-edison.34-239-117-254.plesk.page\/?p=785#breadcrumb"},"inLanguage":"pt-BR","potentialAction":[{"@type":"ReadAction","target":["https:\/\/www.eloquent-edison.34-239-117-254.plesk.page\/?p=785"]}]},{"@type":"ImageObject","inLanguage":"pt-BR","@id":"https:\/\/www.eloquent-edison.34-239-117-254.plesk.page\/?p=785#primaryimage","url":"https:\/\/www.ayadvogados.com.br\/wp-content\/uploads\/2021\/04\/15-04-Blog.png","contentUrl":"https:\/\/www.ayadvogados.com.br\/wp-content\/uploads\/2021\/04\/15-04-Blog.png","width":1000,"height":620},{"@type":"BreadcrumbList","@id":"https:\/\/www.eloquent-edison.34-239-117-254.plesk.page\/?p=785#breadcrumb","itemListElement":[{"@type":"ListItem","position":1,"name":"In\u00edcio","item":"https:\/\/www.34.239.117.254.sslip.io\/"},{"@type":"ListItem","position":2,"name":"STJ nega cr\u00e9ditos de PIS e Cofins a empresas no regime monof\u00e1sico"}]},{"@type":"WebSite","@id":"https:\/\/www.34.239.117.254.sslip.io\/#website","url":"https:\/\/www.34.239.117.254.sslip.io\/","name":"Amaral, Yazbek Advogados","description":"Curitiba \u2022 Bras\u00edlia \u2022 S\u00e3o Paulo","publisher":{"@id":"https:\/\/www.34.239.117.254.sslip.io\/#organization"},"potentialAction":[{"@type":"SearchAction","target":{"@type":"EntryPoint","urlTemplate":"https:\/\/www.34.239.117.254.sslip.io\/?s={search_term_string}"},"query-input":{"@type":"PropertyValueSpecification","valueRequired":true,"valueName":"search_term_string"}}],"inLanguage":"pt-BR"},{"@type":"Organization","@id":"https:\/\/www.34.239.117.254.sslip.io\/#organization","name":"Amaral, Yazbek Advogados","url":"https:\/\/www.34.239.117.254.sslip.io\/","logo":{"@type":"ImageObject","inLanguage":"pt-BR","@id":"https:\/\/www.34.239.117.254.sslip.io\/#\/schema\/logo\/image\/","url":"http:\/\/34.239.117.254\/wp-content\/uploads\/2021\/03\/logo-ay-g.png","contentUrl":"http:\/\/34.239.117.254\/wp-content\/uploads\/2021\/03\/logo-ay-g.png","width":434,"height":106,"caption":"Amaral, Yazbek Advogados"},"image":{"@id":"https:\/\/www.34.239.117.254.sslip.io\/#\/schema\/logo\/image\/"},"sameAs":["https:\/\/www.facebook.com\/AYadvogados","https:\/\/www.instagram.com\/ayadvogados\/"]},{"@type":"Person","@id":"https:\/\/www.34.239.117.254.sslip.io\/#\/schema\/person\/4abfbf03ad3e577e691d333af064a912","name":"AY Advogados","image":{"@type":"ImageObject","inLanguage":"pt-BR","@id":"https:\/\/secure.gravatar.com\/avatar\/1473912b851241f5503026e6156e144dcd83ff7addb67f65e1ed9ca21ee1d9cf?s=96&d=mm&r=g","url":"https:\/\/secure.gravatar.com\/avatar\/1473912b851241f5503026e6156e144dcd83ff7addb67f65e1ed9ca21ee1d9cf?s=96&d=mm&r=g","contentUrl":"https:\/\/secure.gravatar.com\/avatar\/1473912b851241f5503026e6156e144dcd83ff7addb67f65e1ed9ca21ee1d9cf?s=96&d=mm&r=g","caption":"AY Advogados"},"sameAs":["https:\/\/ayadvogados.com.br"],"url":"https:\/\/www.ayadvogados.com.br\/?author=2"}]}},"rttpg_featured_image_url":{"full":["https:\/\/www.ayadvogados.com.br\/wp-content\/uploads\/2021\/04\/15-04-Blog.png",1000,620,false],"landscape":["https:\/\/www.ayadvogados.com.br\/wp-content\/uploads\/2021\/04\/15-04-Blog.png",1000,620,false],"portraits":["https:\/\/www.ayadvogados.com.br\/wp-content\/uploads\/2021\/04\/15-04-Blog.png",1000,620,false],"thumbnail":["https:\/\/www.ayadvogados.com.br\/wp-content\/uploads\/2021\/04\/15-04-Blog-150x150.png",150,150,true],"medium":["https:\/\/www.ayadvogados.com.br\/wp-content\/uploads\/2021\/04\/15-04-Blog-300x186.png",300,186,true],"large":["https:\/\/www.ayadvogados.com.br\/wp-content\/uploads\/2021\/04\/15-04-Blog.png",1000,620,false],"1536x1536":["https:\/\/www.ayadvogados.com.br\/wp-content\/uploads\/2021\/04\/15-04-Blog.png",1000,620,false],"2048x2048":["https:\/\/www.ayadvogados.com.br\/wp-content\/uploads\/2021\/04\/15-04-Blog.png",1000,620,false]},"rttpg_author":{"display_name":"AY Advogados","author_link":"https:\/\/www.ayadvogados.com.br\/?author=2"},"rttpg_comment":0,"rttpg_category":"<a href=\"https:\/\/www.ayadvogados.com.br\/?cat=1\" rel=\"category\">Not\u00edcia do Dia<\/a>","rttpg_excerpt":"O Superior Tribunal de Justi\u00e7a (STJ) entendeu que as empresas tributadas pelo regime monof\u00e1sico n\u00e3o t\u00eam direito a cr\u00e9ditos de PIS e Cofins. Essa decis\u00e3o foi proferida, ontem, pela 1\u00aa Se\u00e7\u00e3o &#8211; que uniformiza o entendimento a ser adotado nas turmas de direito p\u00fablico. O julgamento \u00e9 importante para a Uni\u00e3o e pode ser o&hellip;","_links":{"self":[{"href":"https:\/\/www.ayadvogados.com.br\/index.php?rest_route=\/wp\/v2\/posts\/785","targetHints":{"allow":["GET"]}}],"collection":[{"href":"https:\/\/www.ayadvogados.com.br\/index.php?rest_route=\/wp\/v2\/posts"}],"about":[{"href":"https:\/\/www.ayadvogados.com.br\/index.php?rest_route=\/wp\/v2\/types\/post"}],"author":[{"embeddable":true,"href":"https:\/\/www.ayadvogados.com.br\/index.php?rest_route=\/wp\/v2\/users\/2"}],"replies":[{"embeddable":true,"href":"https:\/\/www.ayadvogados.com.br\/index.php?rest_route=%2Fwp%2Fv2%2Fcomments&post=785"}],"version-history":[{"count":1,"href":"https:\/\/www.ayadvogados.com.br\/index.php?rest_route=\/wp\/v2\/posts\/785\/revisions"}],"predecessor-version":[{"id":787,"href":"https:\/\/www.ayadvogados.com.br\/index.php?rest_route=\/wp\/v2\/posts\/785\/revisions\/787"}],"wp:featuredmedia":[{"embeddable":true,"href":"https:\/\/www.ayadvogados.com.br\/index.php?rest_route=\/wp\/v2\/media\/786"}],"wp:attachment":[{"href":"https:\/\/www.ayadvogados.com.br\/index.php?rest_route=%2Fwp%2Fv2%2Fmedia&parent=785"}],"wp:term":[{"taxonomy":"category","embeddable":true,"href":"https:\/\/www.ayadvogados.com.br\/index.php?rest_route=%2Fwp%2Fv2%2Fcategories&post=785"},{"taxonomy":"post_tag","embeddable":true,"href":"https:\/\/www.ayadvogados.com.br\/index.php?rest_route=%2Fwp%2Fv2%2Ftags&post=785"}],"curies":[{"name":"wp","href":"https:\/\/api.w.org\/{rel}","templated":true}]}}