{"id":769,"date":"2021-04-14T18:06:04","date_gmt":"2021-04-14T21:06:04","guid":{"rendered":"http:\/\/34.239.117.254\/?p=769"},"modified":"2021-04-14T18:06:04","modified_gmt":"2021-04-14T21:06:04","slug":"industria-e-comercio-pressionam-stf-para-garantir-vitoria-no-caso-pis-cofins","status":"publish","type":"post","link":"https:\/\/www.ayadvogados.com.br\/?p=769","title":{"rendered":"Ind\u00fastria e com\u00e9rcio pressionam STF para garantir vit\u00f3ria no caso PIS\/Cofins"},"content":{"rendered":"\n<p>A proximidade do julgamento sobre o alcance da exclus\u00e3o do ICMS do c\u00e1lculo do PIS e a da Cofins &#8211; a chamada \u201ctese do s\u00e9culo\u201d &#8211; fez surgir um movimento hist\u00f3rico nos bastidores do Supremo Tribunal Federal (STF). Nunca um processo tribut\u00e1rio juntou tanta gente. Mais de 60 entidades ligadas \u00e0 ind\u00fastria, ao com\u00e9rcio e \u00e0 advocacia enviaram cartas abertas aos ministros Luiz Fux, o presidente da Corte, e C\u00e1rmen L\u00facia, a relatora do caso, nos \u00faltimos dias.<\/p>\n\n\n\n<p>Elas se mostram preocupadas com o peso que os ministros podem dar para o discurso da Uni\u00e3o &#8211; com rela\u00e7\u00e3o \u00e0s perdas para a arrecada\u00e7\u00e3o &#8211; e alertam para o baque que uma decis\u00e3o favor\u00e1vel ao governo provocar\u00e1 no mercado.<\/p>\n\n\n\n<p>\u201cPoucas vezes na hist\u00f3ria da jurisprud\u00eancia do STF a seguran\u00e7a jur\u00eddica dos contribuintes esteve sob um fogo t\u00e3o cerrado\u201d, diz uma das cartas \u00e0 Corte, que est\u00e1 assinada por 21 entidades. A maioria de Minas Gerais e do Paran\u00e1.<\/p>\n\n\n\n<p>Os ministros decidiram, em mar\u00e7o de 2017, que o ICMS, por n\u00e3o se caracterizar receita ou faturamento, n\u00e3o poderia compor a base de c\u00e1lculo do PIS e da Cofins, o que reduziu os valores repassados pelas empresas ao governo. Mais do que isso: gerou um cr\u00e9dito gigantesco por causa das cobran\u00e7as feitas de forma indevida no passado.<\/p>\n\n\n\n<p>A Uni\u00e3o fala em R$ 250 bilh\u00f5es de impacto e tenta, desde ent\u00e3o, reduzir a conta. Essa tentativa \u00e9 o que, agora, est\u00e1 em jogo. Os ministros v\u00e3o decidir, por meio de novo recurso (embargos de declara\u00e7\u00e3o), no dia 29, a chamada modula\u00e7\u00e3o de efeitos. Se a medida for aplicada, os valores cobrados no passado n\u00e3o precisar\u00e3o ser devolvidos.<\/p>\n\n\n\n<p>As Federa\u00e7\u00f5es das Ind\u00fastrias de S\u00e3o Paulo (Fiesp), Minas Gerais (Fiemg) e do Rio de Janeiro (Firjan) falam em \u201cgrave preocupa\u00e7\u00e3o\u201d com o julgamento. Tratam como \u201csendo absolutamente crucial que a aventada perda arrecadat\u00f3ria [para a Uni\u00e3o] n\u00e3o sirva como raz\u00e3o para flexibilizar ou postergar os efeitos\u201d da decis\u00e3o de 2017.<\/p>\n\n\n\n<p>Essas tr\u00eas entidades foram as primeiras a enviar carta \u00e0 Corte. Elas afirmam, no documento, que a ind\u00fastria nacional passa pela maior crise econ\u00f4mica dos \u00faltimos 25 anos, com forte retra\u00e7\u00e3o e elevado n\u00edvel de desemprego, e dizem que \u201ceventual altera\u00e7\u00e3o ou modula\u00e7\u00e3o da decis\u00e3o afetar\u00e1 gravemente a seguran\u00e7a jur\u00eddica com que os agentes econ\u00f4micos operam\u201d.<\/p>\n\n\n\n<p>Os presidentes das comiss\u00f5es de direito tribut\u00e1rio de todas as seccionais da Ordem dos Advogados do Brasil (OAB), que tamb\u00e9m enviaram carta conjunta ao ministro Fux, afirmam que muitas empresas j\u00e1 tiveram as suas a\u00e7\u00f5es encerradas no Judici\u00e1rio e algumas delas inclusive j\u00e1 est\u00e3o aproveitando os seus cr\u00e9ditos por meio de compensa\u00e7\u00f5es &#8211; para quitar tributos correntes.<\/p>\n\n\n\n<p>Outras, de capital aberto, dizem, incorporaram os cr\u00e9ditos nos balan\u00e7os, \u201cimpactando em seus valores de mercado e, assim, atingindo a esfera de interesses e direitos de investidores\u201d. Eles afirmam ainda que os contribuintes que tiveram o direito aos cr\u00e9ditos reconhecido na Justi\u00e7a precisaram, inclusive, recolher Imposto de Renda (IRPJ) e CSLL sobre tais ganhos.<\/p>\n\n\n\n<p>\u201cA modula\u00e7\u00e3o, caso aplicada, exige extrema parcim\u00f4nia pois, em verdade, ser\u00e1 um instrumento de redu\u00e7\u00e3o da efic\u00e1cia da Constitui\u00e7\u00e3o, com efeitos nefastos na economia das empresas, do emprego, da capacidade produtiva, de investimentos, e, pior, de confian\u00e7a no Poder Judici\u00e1rio, e, por conseguinte, na pr\u00f3pria advocacia\u201d, consta na carta.<\/p>\n\n\n\n<p>O grupo de advogados acrescenta que a Uni\u00e3o tem conhecimento da inconstitucionalidade da cobran\u00e7a h\u00e1 15 anos e que, por esse motivo, n\u00e3o pode alegar \u201cqualquer surpresa ou preju\u00edzo financeiro injusto e imprevis\u00edvel\u201d. Eles dizem que o STF j\u00e1 havia decidido sobre a exclus\u00e3o do ICMS do c\u00e1lculo do PIS e da Cofins ao julgar um outro processo, no ano de 2014, e que desde 2006 tinha maioria de votos contra a tributa\u00e7\u00e3o.<\/p>\n\n\n\n<p>Al\u00e9m da modula\u00e7\u00e3o de efeitos, a Uni\u00e3o pede, nos embargos de declara\u00e7\u00e3o, para que os ministros se posicionem sobre qual ICMS tem de ser retirado do c\u00e1lculo das contribui\u00e7\u00f5es: se o que incide sobre as vendas, constante na nota fiscal, ou o efetivamente recolhido, geralmente menor e que, consequentemente, faria menos diferen\u00e7a na conta.<\/p>\n\n\n\n<p>A Receita Federal publicou solu\u00e7\u00e3o de consulta, em dezembro de 2018, afirmando que aceitaria a retirada somente do imposto recolhido. No ano seguinte, em 2019, editou a Instru\u00e7\u00e3o Normativa n\u00ba 1.911, refor\u00e7ando o posicionamento.<\/p>\n\n\n\n<p>O F\u00f3rum Nacional da Ind\u00fastria, tamb\u00e9m em carta enviada ao ministro Luiz Fux, diz que n\u00e3o h\u00e1 base jur\u00eddica para essa interpreta\u00e7\u00e3o &#8211; nunca tratada no processo e que n\u00e3o consta na decis\u00e3o. A Receita Federal, segundo a entidade, agiu de forma \u201carbitr\u00e1ria e ileg\u00edtima\u201d.<\/p>\n\n\n\n<p>\u201cVisou reduzir os impactos da restitui\u00e7\u00e3o ou compensa\u00e7\u00e3o de valores indevidamente recolhidos pelos contribuintes, ainda que decorrentes de decis\u00e3o final transitada em julgado em suas a\u00e7\u00f5es individuais\u201d, afirma no documento.<\/p>\n\n\n\n<p>Associa\u00e7\u00f5es de diversos setores assinam esse manifesto em nome do F\u00f3rum Nacional da Ind\u00fastria. S\u00e3o, ao todo, 39 entidades. Entre elas, as representantes de alimentos (Abia), m\u00e1quinas e equipamentos (Abimaq), processadora de a\u00e7o (Abimetal), pl\u00e1stico (Abiplast), t\u00eaxtil (Abit) e farmac\u00eautica (FarmaBrasil e Interfarma), al\u00e9m da Confedera\u00e7\u00e3o Nacional da Ind\u00fastria (CNI).<\/p>\n\n\n\n<p>Especialista em tributa\u00e7\u00e3o, Priscila Fariceli, do escrit\u00f3rio Demarest, afirma que, sobre esse ponto espec\u00edfico &#8211; do ICMS destacado versus o recolhido &#8211; os contribuintes t\u00eam levado a melhor. Ela tem um levantamento referente ao Tribunal Regional Federal da 3\u00aa Regi\u00e3o (SP e MS).<\/p>\n\n\n\n<p>Havia, at\u00e9 2019, 386 ac\u00f3rd\u00e3os mencionando essa discuss\u00e3o. Em 346 deles os desembargadores decidiram pelo ICMS destacado na nota fiscal, favorecendo o contribuinte. E nos 40 casos restantes n\u00e3o enfrentaram a quest\u00e3o. \u201cN\u00e3o localizamos um \u00fanico ac\u00f3rd\u00e3o desfavor\u00e1vel\u201d, diz.<\/p>\n\n\n\n<p>O advogado Alberto Medeiros, s\u00f3cio do escrit\u00f3rio Stocche Forbes, preside a Comiss\u00e3o de Direito Tribut\u00e1rio da OAB do Distrito Federal e assinou uma das cartas que foram enviadas ao Supremo. \u201cEsse movimento, tanto do mercado quanto da pr\u00f3pria advocacia, \u00e9 in\u00e9dito\u201d, afirma.<\/p>\n\n\n\n<p>Medeiros atribui a mobiliza\u00e7\u00e3o ao impacto econ\u00f4mico e ao direcionamento jurisprudencial. \u201cPorque se decidir pela modula\u00e7\u00e3o de efeitos, a Suprema Corte estar\u00e1 permitindo que se altere um cen\u00e1rio que se consolidou no tempo. Estamos falando de 15 anos.\u201d<\/p>\n\n\n\n<p>A Procuradoria-Geral da Fazenda Nacional (PGFN) foi procurada, mas n\u00e3o deu retorno at\u00e9 o fechamento da edi\u00e7\u00e3o.<\/p>\n\n\n\n<p>Fonte: <a href=\"https:\/\/valor.globo.com\/legislacao\/noticia\/2021\/04\/14\/industria-e-comercio-pressionam-stf-para-garantir-vitoria-no-caso-pis-cofins.ghtml\" data-type=\"URL\" data-id=\"https:\/\/valor.globo.com\/legislacao\/noticia\/2021\/04\/14\/industria-e-comercio-pressionam-stf-para-garantir-vitoria-no-caso-pis-cofins.ghtml\" target=\"_blank\" rel=\"noreferrer noopener\">Valor<\/a><\/p>\n\n\n\n<p>A Amaral, Yazbek, OAB\/PR 762, possui 35 anos de experi\u00eancia auxiliando empresas a transformar a tributa\u00e7\u00e3o em lucro. Entre em contato com um dos s\u00f3cios para agendamento de reuni\u00e3o em caso de d\u00favidas.<\/p>\n\n\n\n<p>Contato: 41 3595-8300 ou pelo nosso WhatsApp 41 99567-5696<\/p>\n\n\n\n<p>Av. C\u00e2ndido Hartmann, 50 \u2013 Bigorrilho | Curitiba-PR<\/p>\n\n\n\n<p>Assine nossa Newsletter e fique por dentro das novidades!<\/p>\n\n\n\n<p>Quer receber seu exemplar da revista Governan\u00e7a Jur\u00eddica? Clique <a href=\"http:\/\/ayadvogados.com.br\/revista\">aqui<\/a>&nbsp;e pe\u00e7a a sua.<\/p>\n\n\n\n<p>Nos acompanhe nas redes sociais: <a href=\"https:\/\/www.facebook.com\/amaral.yazbek\">Facebook<\/a>&nbsp;| <a href=\"https:\/\/www.instagram.com\/amaral.yazbek\/\">Instagram<\/a> | <a href=\"https:\/\/www.linkedin.com\/company\/3357082\/admin\/\">Linkedin<\/a><\/p>\n\n\n\n<p>J\u00e1 conhece o canal Direito da Intelig\u00eancia de Neg\u00f3cios? <a href=\"https:\/\/www.youtube.com\/channel\/UCu2Mpu32ht8DEN8OFRXYMyw\">Inscreva-se j\u00e1<\/a><\/p>\n","protected":false},"excerpt":{"rendered":"<p>A proximidade do julgamento sobre o alcance da exclus\u00e3o do ICMS do c\u00e1lculo do PIS e a da Cofins &#8211; a chamada \u201ctese do s\u00e9culo\u201d &#8211; fez surgir um movimento hist\u00f3rico nos bastidores do Supremo Tribunal Federal (STF). Nunca um processo tribut\u00e1rio juntou tanta gente. Mais de 60 entidades ligadas \u00e0 ind\u00fastria, ao com\u00e9rcio e [&hellip;]<\/p>\n","protected":false},"author":2,"featured_media":770,"comment_status":"open","ping_status":"open","sticky":false,"template":"","format":"standard","meta":{"footnotes":""},"categories":[1],"tags":[],"class_list":["post-769","post","type-post","status-publish","format-standard","has-post-thumbnail","hentry","category-noticia-do-dia"],"blocksy_meta":{"styles_descriptor":{"styles":{"desktop":"","tablet":"","mobile":""},"google_fonts":[],"version":6}},"yoast_head":"<!-- This site is optimized with the Yoast SEO plugin v27.5 - https:\/\/yoast.com\/product\/yoast-seo-wordpress\/ -->\n<title>Ind\u00fastria e com\u00e9rcio pressionam STF para garantir vit\u00f3ria no caso PIS\/Cofins - Amaral, Yazbek Advogados<\/title>\n<meta name=\"robots\" content=\"index, follow, max-snippet:-1, max-image-preview:large, max-video-preview:-1\" \/>\n<link rel=\"canonical\" href=\"https:\/\/www.eloquent-edison.34-239-117-254.plesk.page\/?p=769\" \/>\n<meta property=\"og:locale\" content=\"pt_BR\" \/>\n<meta property=\"og:type\" content=\"article\" \/>\n<meta property=\"og:title\" content=\"Ind\u00fastria e com\u00e9rcio pressionam STF para garantir vit\u00f3ria no caso PIS\/Cofins - Amaral, Yazbek Advogados\" \/>\n<meta property=\"og:description\" content=\"A proximidade do julgamento sobre o alcance da exclus\u00e3o do ICMS do c\u00e1lculo do PIS e a da Cofins &#8211; a chamada \u201ctese do s\u00e9culo\u201d &#8211; fez surgir um movimento hist\u00f3rico nos bastidores do Supremo Tribunal Federal (STF). Nunca um processo tribut\u00e1rio juntou tanta gente. Mais de 60 entidades ligadas \u00e0 ind\u00fastria, ao com\u00e9rcio e [&hellip;]\" \/>\n<meta property=\"og:url\" content=\"https:\/\/www.eloquent-edison.34-239-117-254.plesk.page\/?p=769\" \/>\n<meta property=\"og:site_name\" content=\"Amaral, Yazbek Advogados\" \/>\n<meta property=\"article:publisher\" content=\"https:\/\/www.facebook.com\/AYadvogados\" \/>\n<meta property=\"article:published_time\" content=\"2021-04-14T21:06:04+00:00\" \/>\n<meta property=\"og:image\" content=\"https:\/\/www.eloquent-edison.34-239-117-254.plesk.page\/wp-content\/uploads\/2021\/04\/14-04-Blog.png\" \/>\n\t<meta property=\"og:image:width\" content=\"1000\" \/>\n\t<meta property=\"og:image:height\" content=\"620\" \/>\n\t<meta property=\"og:image:type\" content=\"image\/png\" \/>\n<meta name=\"author\" content=\"AY Advogados\" \/>\n<meta name=\"twitter:card\" content=\"summary_large_image\" \/>\n<meta name=\"twitter:label1\" content=\"Escrito por\" \/>\n\t<meta name=\"twitter:data1\" content=\"AY Advogados\" \/>\n\t<meta name=\"twitter:label2\" content=\"Est. tempo de leitura\" \/>\n\t<meta name=\"twitter:data2\" content=\"6 minutos\" \/>\n<script type=\"application\/ld+json\" class=\"yoast-schema-graph\">{\"@context\":\"https:\\\/\\\/schema.org\",\"@graph\":[{\"@type\":\"Article\",\"@id\":\"https:\\\/\\\/www.eloquent-edison.34-239-117-254.plesk.page\\\/?p=769#article\",\"isPartOf\":{\"@id\":\"https:\\\/\\\/www.eloquent-edison.34-239-117-254.plesk.page\\\/?p=769\"},\"author\":{\"name\":\"AY Advogados\",\"@id\":\"https:\\\/\\\/www.34.239.117.254.sslip.io\\\/#\\\/schema\\\/person\\\/4abfbf03ad3e577e691d333af064a912\"},\"headline\":\"Ind\u00fastria e com\u00e9rcio pressionam STF para garantir vit\u00f3ria no caso PIS\\\/Cofins\",\"datePublished\":\"2021-04-14T21:06:04+00:00\",\"mainEntityOfPage\":{\"@id\":\"https:\\\/\\\/www.eloquent-edison.34-239-117-254.plesk.page\\\/?p=769\"},\"wordCount\":1238,\"commentCount\":0,\"publisher\":{\"@id\":\"https:\\\/\\\/www.34.239.117.254.sslip.io\\\/#organization\"},\"image\":{\"@id\":\"https:\\\/\\\/www.eloquent-edison.34-239-117-254.plesk.page\\\/?p=769#primaryimage\"},\"thumbnailUrl\":\"https:\\\/\\\/www.ayadvogados.com.br\\\/wp-content\\\/uploads\\\/2021\\\/04\\\/14-04-Blog.png\",\"articleSection\":[\"Not\u00edcia do Dia\"],\"inLanguage\":\"pt-BR\",\"potentialAction\":[{\"@type\":\"CommentAction\",\"name\":\"Comment\",\"target\":[\"https:\\\/\\\/www.eloquent-edison.34-239-117-254.plesk.page\\\/?p=769#respond\"]}]},{\"@type\":\"WebPage\",\"@id\":\"https:\\\/\\\/www.eloquent-edison.34-239-117-254.plesk.page\\\/?p=769\",\"url\":\"https:\\\/\\\/www.eloquent-edison.34-239-117-254.plesk.page\\\/?p=769\",\"name\":\"Ind\u00fastria e com\u00e9rcio pressionam STF para garantir vit\u00f3ria no caso PIS\\\/Cofins - Amaral, Yazbek Advogados\",\"isPartOf\":{\"@id\":\"https:\\\/\\\/www.34.239.117.254.sslip.io\\\/#website\"},\"primaryImageOfPage\":{\"@id\":\"https:\\\/\\\/www.eloquent-edison.34-239-117-254.plesk.page\\\/?p=769#primaryimage\"},\"image\":{\"@id\":\"https:\\\/\\\/www.eloquent-edison.34-239-117-254.plesk.page\\\/?p=769#primaryimage\"},\"thumbnailUrl\":\"https:\\\/\\\/www.ayadvogados.com.br\\\/wp-content\\\/uploads\\\/2021\\\/04\\\/14-04-Blog.png\",\"datePublished\":\"2021-04-14T21:06:04+00:00\",\"breadcrumb\":{\"@id\":\"https:\\\/\\\/www.eloquent-edison.34-239-117-254.plesk.page\\\/?p=769#breadcrumb\"},\"inLanguage\":\"pt-BR\",\"potentialAction\":[{\"@type\":\"ReadAction\",\"target\":[\"https:\\\/\\\/www.eloquent-edison.34-239-117-254.plesk.page\\\/?p=769\"]}]},{\"@type\":\"ImageObject\",\"inLanguage\":\"pt-BR\",\"@id\":\"https:\\\/\\\/www.eloquent-edison.34-239-117-254.plesk.page\\\/?p=769#primaryimage\",\"url\":\"https:\\\/\\\/www.ayadvogados.com.br\\\/wp-content\\\/uploads\\\/2021\\\/04\\\/14-04-Blog.png\",\"contentUrl\":\"https:\\\/\\\/www.ayadvogados.com.br\\\/wp-content\\\/uploads\\\/2021\\\/04\\\/14-04-Blog.png\",\"width\":1000,\"height\":620},{\"@type\":\"BreadcrumbList\",\"@id\":\"https:\\\/\\\/www.eloquent-edison.34-239-117-254.plesk.page\\\/?p=769#breadcrumb\",\"itemListElement\":[{\"@type\":\"ListItem\",\"position\":1,\"name\":\"In\u00edcio\",\"item\":\"https:\\\/\\\/www.34.239.117.254.sslip.io\\\/\"},{\"@type\":\"ListItem\",\"position\":2,\"name\":\"Ind\u00fastria e com\u00e9rcio pressionam STF para garantir vit\u00f3ria no caso PIS\\\/Cofins\"}]},{\"@type\":\"WebSite\",\"@id\":\"https:\\\/\\\/www.34.239.117.254.sslip.io\\\/#website\",\"url\":\"https:\\\/\\\/www.34.239.117.254.sslip.io\\\/\",\"name\":\"Amaral, Yazbek Advogados\",\"description\":\"Curitiba \u2022 Bras\u00edlia \u2022 S\u00e3o Paulo\",\"publisher\":{\"@id\":\"https:\\\/\\\/www.34.239.117.254.sslip.io\\\/#organization\"},\"potentialAction\":[{\"@type\":\"SearchAction\",\"target\":{\"@type\":\"EntryPoint\",\"urlTemplate\":\"https:\\\/\\\/www.34.239.117.254.sslip.io\\\/?s={search_term_string}\"},\"query-input\":{\"@type\":\"PropertyValueSpecification\",\"valueRequired\":true,\"valueName\":\"search_term_string\"}}],\"inLanguage\":\"pt-BR\"},{\"@type\":\"Organization\",\"@id\":\"https:\\\/\\\/www.34.239.117.254.sslip.io\\\/#organization\",\"name\":\"Amaral, Yazbek Advogados\",\"url\":\"https:\\\/\\\/www.34.239.117.254.sslip.io\\\/\",\"logo\":{\"@type\":\"ImageObject\",\"inLanguage\":\"pt-BR\",\"@id\":\"https:\\\/\\\/www.34.239.117.254.sslip.io\\\/#\\\/schema\\\/logo\\\/image\\\/\",\"url\":\"http:\\\/\\\/34.239.117.254\\\/wp-content\\\/uploads\\\/2021\\\/03\\\/logo-ay-g.png\",\"contentUrl\":\"http:\\\/\\\/34.239.117.254\\\/wp-content\\\/uploads\\\/2021\\\/03\\\/logo-ay-g.png\",\"width\":434,\"height\":106,\"caption\":\"Amaral, Yazbek Advogados\"},\"image\":{\"@id\":\"https:\\\/\\\/www.34.239.117.254.sslip.io\\\/#\\\/schema\\\/logo\\\/image\\\/\"},\"sameAs\":[\"https:\\\/\\\/www.facebook.com\\\/AYadvogados\",\"https:\\\/\\\/www.instagram.com\\\/ayadvogados\\\/\"]},{\"@type\":\"Person\",\"@id\":\"https:\\\/\\\/www.34.239.117.254.sslip.io\\\/#\\\/schema\\\/person\\\/4abfbf03ad3e577e691d333af064a912\",\"name\":\"AY Advogados\",\"image\":{\"@type\":\"ImageObject\",\"inLanguage\":\"pt-BR\",\"@id\":\"https:\\\/\\\/secure.gravatar.com\\\/avatar\\\/1473912b851241f5503026e6156e144dcd83ff7addb67f65e1ed9ca21ee1d9cf?s=96&d=mm&r=g\",\"url\":\"https:\\\/\\\/secure.gravatar.com\\\/avatar\\\/1473912b851241f5503026e6156e144dcd83ff7addb67f65e1ed9ca21ee1d9cf?s=96&d=mm&r=g\",\"contentUrl\":\"https:\\\/\\\/secure.gravatar.com\\\/avatar\\\/1473912b851241f5503026e6156e144dcd83ff7addb67f65e1ed9ca21ee1d9cf?s=96&d=mm&r=g\",\"caption\":\"AY Advogados\"},\"sameAs\":[\"https:\\\/\\\/ayadvogados.com.br\"],\"url\":\"https:\\\/\\\/www.ayadvogados.com.br\\\/?author=2\"}]}<\/script>\n<!-- \/ Yoast SEO plugin. -->","yoast_head_json":{"title":"Ind\u00fastria e com\u00e9rcio pressionam STF para garantir vit\u00f3ria no caso PIS\/Cofins - Amaral, Yazbek Advogados","robots":{"index":"index","follow":"follow","max-snippet":"max-snippet:-1","max-image-preview":"max-image-preview:large","max-video-preview":"max-video-preview:-1"},"canonical":"https:\/\/www.eloquent-edison.34-239-117-254.plesk.page\/?p=769","og_locale":"pt_BR","og_type":"article","og_title":"Ind\u00fastria e com\u00e9rcio pressionam STF para garantir vit\u00f3ria no caso PIS\/Cofins - Amaral, Yazbek Advogados","og_description":"A proximidade do julgamento sobre o alcance da exclus\u00e3o do ICMS do c\u00e1lculo do PIS e a da Cofins &#8211; a chamada \u201ctese do s\u00e9culo\u201d &#8211; fez surgir um movimento hist\u00f3rico nos bastidores do Supremo Tribunal Federal (STF). Nunca um processo tribut\u00e1rio juntou tanta gente. Mais de 60 entidades ligadas \u00e0 ind\u00fastria, ao com\u00e9rcio e [&hellip;]","og_url":"https:\/\/www.eloquent-edison.34-239-117-254.plesk.page\/?p=769","og_site_name":"Amaral, Yazbek Advogados","article_publisher":"https:\/\/www.facebook.com\/AYadvogados","article_published_time":"2021-04-14T21:06:04+00:00","og_image":[{"width":1000,"height":620,"url":"https:\/\/www.eloquent-edison.34-239-117-254.plesk.page\/wp-content\/uploads\/2021\/04\/14-04-Blog.png","type":"image\/png"}],"author":"AY Advogados","twitter_card":"summary_large_image","twitter_misc":{"Escrito por":"AY Advogados","Est. tempo de leitura":"6 minutos"},"schema":{"@context":"https:\/\/schema.org","@graph":[{"@type":"Article","@id":"https:\/\/www.eloquent-edison.34-239-117-254.plesk.page\/?p=769#article","isPartOf":{"@id":"https:\/\/www.eloquent-edison.34-239-117-254.plesk.page\/?p=769"},"author":{"name":"AY Advogados","@id":"https:\/\/www.34.239.117.254.sslip.io\/#\/schema\/person\/4abfbf03ad3e577e691d333af064a912"},"headline":"Ind\u00fastria e com\u00e9rcio pressionam STF para garantir vit\u00f3ria no caso PIS\/Cofins","datePublished":"2021-04-14T21:06:04+00:00","mainEntityOfPage":{"@id":"https:\/\/www.eloquent-edison.34-239-117-254.plesk.page\/?p=769"},"wordCount":1238,"commentCount":0,"publisher":{"@id":"https:\/\/www.34.239.117.254.sslip.io\/#organization"},"image":{"@id":"https:\/\/www.eloquent-edison.34-239-117-254.plesk.page\/?p=769#primaryimage"},"thumbnailUrl":"https:\/\/www.ayadvogados.com.br\/wp-content\/uploads\/2021\/04\/14-04-Blog.png","articleSection":["Not\u00edcia do Dia"],"inLanguage":"pt-BR","potentialAction":[{"@type":"CommentAction","name":"Comment","target":["https:\/\/www.eloquent-edison.34-239-117-254.plesk.page\/?p=769#respond"]}]},{"@type":"WebPage","@id":"https:\/\/www.eloquent-edison.34-239-117-254.plesk.page\/?p=769","url":"https:\/\/www.eloquent-edison.34-239-117-254.plesk.page\/?p=769","name":"Ind\u00fastria e com\u00e9rcio pressionam STF para garantir vit\u00f3ria no caso PIS\/Cofins - Amaral, Yazbek Advogados","isPartOf":{"@id":"https:\/\/www.34.239.117.254.sslip.io\/#website"},"primaryImageOfPage":{"@id":"https:\/\/www.eloquent-edison.34-239-117-254.plesk.page\/?p=769#primaryimage"},"image":{"@id":"https:\/\/www.eloquent-edison.34-239-117-254.plesk.page\/?p=769#primaryimage"},"thumbnailUrl":"https:\/\/www.ayadvogados.com.br\/wp-content\/uploads\/2021\/04\/14-04-Blog.png","datePublished":"2021-04-14T21:06:04+00:00","breadcrumb":{"@id":"https:\/\/www.eloquent-edison.34-239-117-254.plesk.page\/?p=769#breadcrumb"},"inLanguage":"pt-BR","potentialAction":[{"@type":"ReadAction","target":["https:\/\/www.eloquent-edison.34-239-117-254.plesk.page\/?p=769"]}]},{"@type":"ImageObject","inLanguage":"pt-BR","@id":"https:\/\/www.eloquent-edison.34-239-117-254.plesk.page\/?p=769#primaryimage","url":"https:\/\/www.ayadvogados.com.br\/wp-content\/uploads\/2021\/04\/14-04-Blog.png","contentUrl":"https:\/\/www.ayadvogados.com.br\/wp-content\/uploads\/2021\/04\/14-04-Blog.png","width":1000,"height":620},{"@type":"BreadcrumbList","@id":"https:\/\/www.eloquent-edison.34-239-117-254.plesk.page\/?p=769#breadcrumb","itemListElement":[{"@type":"ListItem","position":1,"name":"In\u00edcio","item":"https:\/\/www.34.239.117.254.sslip.io\/"},{"@type":"ListItem","position":2,"name":"Ind\u00fastria e com\u00e9rcio pressionam STF para garantir vit\u00f3ria no caso PIS\/Cofins"}]},{"@type":"WebSite","@id":"https:\/\/www.34.239.117.254.sslip.io\/#website","url":"https:\/\/www.34.239.117.254.sslip.io\/","name":"Amaral, Yazbek Advogados","description":"Curitiba \u2022 Bras\u00edlia \u2022 S\u00e3o Paulo","publisher":{"@id":"https:\/\/www.34.239.117.254.sslip.io\/#organization"},"potentialAction":[{"@type":"SearchAction","target":{"@type":"EntryPoint","urlTemplate":"https:\/\/www.34.239.117.254.sslip.io\/?s={search_term_string}"},"query-input":{"@type":"PropertyValueSpecification","valueRequired":true,"valueName":"search_term_string"}}],"inLanguage":"pt-BR"},{"@type":"Organization","@id":"https:\/\/www.34.239.117.254.sslip.io\/#organization","name":"Amaral, Yazbek Advogados","url":"https:\/\/www.34.239.117.254.sslip.io\/","logo":{"@type":"ImageObject","inLanguage":"pt-BR","@id":"https:\/\/www.34.239.117.254.sslip.io\/#\/schema\/logo\/image\/","url":"http:\/\/34.239.117.254\/wp-content\/uploads\/2021\/03\/logo-ay-g.png","contentUrl":"http:\/\/34.239.117.254\/wp-content\/uploads\/2021\/03\/logo-ay-g.png","width":434,"height":106,"caption":"Amaral, Yazbek Advogados"},"image":{"@id":"https:\/\/www.34.239.117.254.sslip.io\/#\/schema\/logo\/image\/"},"sameAs":["https:\/\/www.facebook.com\/AYadvogados","https:\/\/www.instagram.com\/ayadvogados\/"]},{"@type":"Person","@id":"https:\/\/www.34.239.117.254.sslip.io\/#\/schema\/person\/4abfbf03ad3e577e691d333af064a912","name":"AY Advogados","image":{"@type":"ImageObject","inLanguage":"pt-BR","@id":"https:\/\/secure.gravatar.com\/avatar\/1473912b851241f5503026e6156e144dcd83ff7addb67f65e1ed9ca21ee1d9cf?s=96&d=mm&r=g","url":"https:\/\/secure.gravatar.com\/avatar\/1473912b851241f5503026e6156e144dcd83ff7addb67f65e1ed9ca21ee1d9cf?s=96&d=mm&r=g","contentUrl":"https:\/\/secure.gravatar.com\/avatar\/1473912b851241f5503026e6156e144dcd83ff7addb67f65e1ed9ca21ee1d9cf?s=96&d=mm&r=g","caption":"AY Advogados"},"sameAs":["https:\/\/ayadvogados.com.br"],"url":"https:\/\/www.ayadvogados.com.br\/?author=2"}]}},"rttpg_featured_image_url":{"full":["https:\/\/www.ayadvogados.com.br\/wp-content\/uploads\/2021\/04\/14-04-Blog.png",1000,620,false],"landscape":["https:\/\/www.ayadvogados.com.br\/wp-content\/uploads\/2021\/04\/14-04-Blog.png",1000,620,false],"portraits":["https:\/\/www.ayadvogados.com.br\/wp-content\/uploads\/2021\/04\/14-04-Blog.png",1000,620,false],"thumbnail":["https:\/\/www.ayadvogados.com.br\/wp-content\/uploads\/2021\/04\/14-04-Blog-150x150.png",150,150,true],"medium":["https:\/\/www.ayadvogados.com.br\/wp-content\/uploads\/2021\/04\/14-04-Blog-300x186.png",300,186,true],"large":["https:\/\/www.ayadvogados.com.br\/wp-content\/uploads\/2021\/04\/14-04-Blog.png",1000,620,false],"1536x1536":["https:\/\/www.ayadvogados.com.br\/wp-content\/uploads\/2021\/04\/14-04-Blog.png",1000,620,false],"2048x2048":["https:\/\/www.ayadvogados.com.br\/wp-content\/uploads\/2021\/04\/14-04-Blog.png",1000,620,false]},"rttpg_author":{"display_name":"AY Advogados","author_link":"https:\/\/www.ayadvogados.com.br\/?author=2"},"rttpg_comment":0,"rttpg_category":"<a href=\"https:\/\/www.ayadvogados.com.br\/?cat=1\" rel=\"category\">Not\u00edcia do Dia<\/a>","rttpg_excerpt":"A proximidade do julgamento sobre o alcance da exclus\u00e3o do ICMS do c\u00e1lculo do PIS e a da Cofins &#8211; a chamada \u201ctese do s\u00e9culo\u201d &#8211; fez surgir um movimento hist\u00f3rico nos bastidores do Supremo Tribunal Federal (STF). Nunca um processo tribut\u00e1rio juntou tanta gente. Mais de 60 entidades ligadas \u00e0 ind\u00fastria, ao com\u00e9rcio e&hellip;","_links":{"self":[{"href":"https:\/\/www.ayadvogados.com.br\/index.php?rest_route=\/wp\/v2\/posts\/769","targetHints":{"allow":["GET"]}}],"collection":[{"href":"https:\/\/www.ayadvogados.com.br\/index.php?rest_route=\/wp\/v2\/posts"}],"about":[{"href":"https:\/\/www.ayadvogados.com.br\/index.php?rest_route=\/wp\/v2\/types\/post"}],"author":[{"embeddable":true,"href":"https:\/\/www.ayadvogados.com.br\/index.php?rest_route=\/wp\/v2\/users\/2"}],"replies":[{"embeddable":true,"href":"https:\/\/www.ayadvogados.com.br\/index.php?rest_route=%2Fwp%2Fv2%2Fcomments&post=769"}],"version-history":[{"count":1,"href":"https:\/\/www.ayadvogados.com.br\/index.php?rest_route=\/wp\/v2\/posts\/769\/revisions"}],"predecessor-version":[{"id":771,"href":"https:\/\/www.ayadvogados.com.br\/index.php?rest_route=\/wp\/v2\/posts\/769\/revisions\/771"}],"wp:featuredmedia":[{"embeddable":true,"href":"https:\/\/www.ayadvogados.com.br\/index.php?rest_route=\/wp\/v2\/media\/770"}],"wp:attachment":[{"href":"https:\/\/www.ayadvogados.com.br\/index.php?rest_route=%2Fwp%2Fv2%2Fmedia&parent=769"}],"wp:term":[{"taxonomy":"category","embeddable":true,"href":"https:\/\/www.ayadvogados.com.br\/index.php?rest_route=%2Fwp%2Fv2%2Fcategories&post=769"},{"taxonomy":"post_tag","embeddable":true,"href":"https:\/\/www.ayadvogados.com.br\/index.php?rest_route=%2Fwp%2Fv2%2Ftags&post=769"}],"curies":[{"name":"wp","href":"https:\/\/api.w.org\/{rel}","templated":true}]}}