{"id":762,"date":"2021-04-12T15:55:29","date_gmt":"2021-04-12T18:55:29","guid":{"rendered":"http:\/\/34.239.117.254\/?p=762"},"modified":"2021-04-12T15:55:29","modified_gmt":"2021-04-12T18:55:29","slug":"conclusao-do-caso-icms-do-pis-cofins-depende-de-questao-processual","status":"publish","type":"post","link":"https:\/\/www.ayadvogados.com.br\/?p=762","title":{"rendered":"Conclus\u00e3o do caso ICMS do PIS\/Cofins depende de quest\u00e3o processual"},"content":{"rendered":"\n<p>A conclus\u00e3o do processo sobre a exclus\u00e3o do ICMS do c\u00e1lculo do PIS e da Cofins depender\u00e1 da an\u00e1lise de uma quest\u00e3o importante pelo Supremo Tribunal Federal (STF). Os ministros ter\u00e3o que decidir no julgamento do recurso apresentado pela Uni\u00e3o (embargos de declara\u00e7\u00e3o) se s\u00e3o necess\u00e1rios seis ou oito votos para aplicar a chamada modula\u00e7\u00e3o dos efeitos.<\/p>\n\n\n\n<p>Essa medida pode ser adotada pelo STF, a pedido de uma das partes, para impedir que uma decis\u00e3o seja aplicada de forma retroativa. No caso da exclus\u00e3o do ICMS, se os ministros decidirem pela modula\u00e7\u00e3o, os valores cobrados no passado n\u00e3o precisar\u00e3o ser devolvidos aos contribuintes. Esse \u00e9 um dos principais pontos de aten\u00e7\u00e3o do julgamento previsto para o dia 29.<\/p>\n\n\n\n<p>Essa discuss\u00e3o do qu\u00f3rum necess\u00e1rio para a modula\u00e7\u00e3o de efeitos ganhou for\u00e7a na semana passada, com o julgamento de um outro caso, em que se discute a tributa\u00e7\u00e3o do ter\u00e7o de f\u00e9rias. O ministro Luiz Fux, presidente do STF, retirou o processo do Plen\u00e1rio Virtual faltando s\u00f3 dois votos para o desfecho.<\/p>\n\n\n\n<p>Nesse caso, a modula\u00e7\u00e3o favoreceria as empresas. Elas se livrariam de uma d\u00edvida de cerca de R$ 100 bilh\u00f5es com a Uni\u00e3o. Auxiliares da presid\u00eancia afirmaram ao <strong>Valor<\/strong> que Fux agiu para evitar questionamentos &#8211; inclusive de colegas da Corte &#8211; sobre o qu\u00f3rum necess\u00e1rio para aplicar a medida. O placar estava em cinco a quatro. Os contribuintes n\u00e3o teriam como chegar a oito votos.<\/p>\n\n\n\n<p>Essa situa\u00e7\u00e3o causou surpresa no meio jur\u00eddico. Advogados davam como certa a possibilidade de modula\u00e7\u00e3o dos efeitos, nesse caso, com seis votos. Isso por conta de uma decis\u00e3o que foi tomada, em Plen\u00e1rio, no dia 18 de dezembro de 2019.<\/p>\n\n\n\n<p>Os ministros decidiram, por meio de uma quest\u00e3o de ordem, que nos recursos extraordin\u00e1rios em que n\u00e3o se declara a inconstitucionalidade de um ato normativo, ou seja, a decis\u00e3o serve somente para uniformizar o entendimento sobre o tema, a modula\u00e7\u00e3o de efeitos pode ser aplicada por maioria simples &#8211; seis votos, portanto.<\/p>\n\n\n\n<p>Essa decis\u00e3o reduziu o qu\u00f3rum que era utilizado at\u00e9 ent\u00e3o. Aplicava-se, antes, a regra das a\u00e7\u00f5es diretas de inconstitucionalidade, que exige a aprova\u00e7\u00e3o por dois ter\u00e7os (oito votos).<\/p>\n\n\n\n<p>Os ministros levaram em conta, para fazer essa diferencia\u00e7\u00e3o, o artigo 927, par\u00e1grafo 3\u00ba, do C\u00f3digo de Processo Civil (CPC). Essa norma prev\u00ea a modula\u00e7\u00e3o de efeitos nas hip\u00f3teses de altera\u00e7\u00e3o de jurisprud\u00eancia dominante nos tribunais superiores e n\u00e3o cita a necessidade de qu\u00f3rum qualificado.<\/p>\n\n\n\n<p>Advogados afirmam que o processo sobre a tributa\u00e7\u00e3o do ter\u00e7o de f\u00e9rias seria um caso t\u00edpico para a utiliza\u00e7\u00e3o do qu\u00f3rum de seis votos. A discuss\u00e3o, afinal de contas, se d\u00e1 por meio de um recurso extraordin\u00e1rio e n\u00e3o h\u00e1 declara\u00e7\u00e3o de inconstitucionalidade de nenhuma norma.<\/p>\n\n\n\n<p>Os ministros entenderam que o valor pago como ter\u00e7o de f\u00e9rias n\u00e3o tem natureza indenizat\u00f3ria. Seria um complemento \u00e0 remunera\u00e7\u00e3o do empregado e, por esse motivo, tem de ser inclu\u00eddo no c\u00e1lculo da contribui\u00e7\u00e3o patronal.<\/p>\n\n\n\n<p>Por isso, passou-se a questionar por que cogitar o qu\u00f3rum de oito votos para a modula\u00e7\u00e3o de efeitos. Ao <strong>Valor<\/strong>, o STF respondeu que aquele caso de 2019 era muito espec\u00edfico. Havia dois ministros impedidos &#8211; Fux e Lu\u00eds Roberto Barroso. Significa, portanto, que essa quest\u00e3o ainda est\u00e1 em aberto na Corte.<\/p>\n\n\n\n<p>Luiz Fux transferiu o julgamento sobre a tributa\u00e7\u00e3o do ter\u00e7o de f\u00e9rias do plen\u00e1rio virtual para o presencial &#8211; realizado, atualmente, por meio de videoconfer\u00eancia &#8211; para que os ministros possam debater e pacificar a quest\u00e3o do qu\u00f3rum necess\u00e1rio para a modula\u00e7\u00e3o. Desta vez, num julgamento com a participa\u00e7\u00e3o dos onze ministros.<\/p>\n\n\n\n<p>Como esse caso n\u00e3o deve entrar em pauta antes do dia 29, a discuss\u00e3o, portanto, ser\u00e1 antecipada para o julgamento da chamada \u201ctese do s\u00e9culo\u201d. S\u00f3 que, aqui, ao contr\u00e1rio do ter\u00e7o de f\u00e9rias, o qu\u00f3rum reduzido, de seis votos, favorece a Uni\u00e3o.<\/p>\n\n\n\n<p>Os ministros decidiram, em mar\u00e7o de 2017, que o ICMS, por n\u00e3o se caracterizar receita ou faturamento, tem de ser exclu\u00eddo do c\u00e1lculo do PIS e da Cofins. A modula\u00e7\u00e3o de efeitos, nesse caso, \u00e9 pleiteada pela Procuradoria-Geral da Fazenda Nacional (PGFN).<\/p>\n\n\n\n<p>Alguns advogados defendem que a \u201ctese do s\u00e9culo\u201d &#8211; apesar de tamb\u00e9m ser tratada em recurso extraordin\u00e1rio &#8211; n\u00e3o seria um caso t\u00edpico de aplica\u00e7\u00e3o do qu\u00f3rum simplificado. Seria diferente do ter\u00e7o de f\u00e9rias.<\/p>\n\n\n\n<p>\u201cA discuss\u00e3o do ter\u00e7o de f\u00e9rias se controverte sobre a mudan\u00e7a da jurisprud\u00eancia\u201d, diz Luiz Gustavo Bichara, s\u00f3cio do Bichara Advogados, destacando que havia uma decis\u00e3o do Superior Tribunal de Justi\u00e7a (STJ), em repetitivo, contra a tributa\u00e7\u00e3o. Esse caso, ent\u00e3o, se encaixaria exatamente no artigo 927 do CPC.<\/p>\n\n\n\n<p>Com rela\u00e7\u00e3o \u00e0 chamada tese do s\u00e9culo, ele entende ter havido a declara\u00e7\u00e3o de inconstitucionalidade de um ato praticado pela Uni\u00e3o e, por esse motivo, defende a necessidade do qu\u00f3rum qualificado.<\/p>\n\n\n\n<p>H\u00e1 aposta, no mercado, de que esse caso ser\u00e1 resolvido voto a voto, com placar apertado. \u00c9 por isso que o qu\u00f3rum faz tanta diferen\u00e7a. Quando a Corte decidiu pela exclus\u00e3o do ICMS, em mar\u00e7o de 2017, o placar fechou em seis votos a quatro.<\/p>\n\n\n\n<p>E de l\u00e1 para c\u00e1 houve mudan\u00e7a na composi\u00e7\u00e3o do tribunal. Alexandre de Moraes e Nunes Marques n\u00e3o participaram do julgamento. J\u00e1 Celso de Mello, que votou a favor das empresas, n\u00e3o est\u00e1 mais no STF.<\/p>\n\n\n\n<p>Advogados acreditam, no entanto, que, mesmo se houver a modula\u00e7\u00e3o, os ministros v\u00e3o preservar as a\u00e7\u00f5es em andamento. Tem sido assim. Apenas quem n\u00e3o tem a\u00e7\u00e3o judicial sobre o tema, precisa respeitar o limite de tempo que foi imposto, ou seja, n\u00e3o pode se valer da decis\u00e3o para o passado.<\/p>\n\n\n\n<p>Os contribuintes ter\u00e3o que ficar atentos, nesse caso, \u00e0 data de corte a ser adotada em uma poss\u00edvel modula\u00e7\u00e3o. Os ministros geralmente optam pela publica\u00e7\u00e3o da ata do julgamento do m\u00e9rito ou do ac\u00f3rd\u00e3o.<\/p>\n\n\n\n<p>No caso da exclus\u00e3o do ICMS da base do PIS e da Cofins, isso ocorreu h\u00e1 quatro anos. Ou seja, se os ministros mantiverem esse formato, aquelas empresas que ingressaram com a\u00e7\u00e3o depois da decis\u00e3o de 2017 n\u00e3o poder\u00e3o receber de volta os valores pagos a mais ao governo.<\/p>\n\n\n\n<p>\u201cMas \u00e9 importante que se diga: do ponto de vista jur\u00eddico, n\u00e3o houve mudan\u00e7a de jurisprud\u00eancia para atrair a modula\u00e7\u00e3o\u201d, afirma Leo Lopes, s\u00f3cio do FAS Advogados, destacando que o STF j\u00e1 havia decidido, em 2014, pela exclus\u00e3o do imposto estadual do PIS\/Cofins. \u201cO pedido de modula\u00e7\u00e3o foi feito s\u00f3 para reduzir o impacto nas contas da Uni\u00e3o.\u201d<\/p>\n\n\n\n<p>A Amaral, Yazbek, OAB\/PR 762, possui 35 anos de experi\u00eancia auxiliando empresas a transformar a tributa\u00e7\u00e3o em lucro. Entre em contato com um dos s\u00f3cios para agendamento de reuni\u00e3o em caso de d\u00favidas.<\/p>\n\n\n\n<p>Fonte: <a href=\"https:\/\/valor.globo.com\/legislacao\/noticia\/2021\/04\/12\/conclusao-do-caso-icms-do-pis-cofins-depende-de-questao-processual.ghtml\" data-type=\"URL\" data-id=\"https:\/\/valor.globo.com\/legislacao\/noticia\/2021\/04\/12\/conclusao-do-caso-icms-do-pis-cofins-depende-de-questao-processual.ghtml\" target=\"_blank\" rel=\"noreferrer noopener\">Valor<\/a><\/p>\n\n\n\n<p>Contato: 41 3595-8300 ou pelo nosso WhatsApp 41 99567-5696<\/p>\n\n\n\n<p>Av. C\u00e2ndido Hartmann, 50 \u2013 Bigorrilho | Curitiba-PR<\/p>\n\n\n\n<p>Assine nossa Newsletter e fique por dentro das novidades!<\/p>\n\n\n\n<p>Quer receber seu exemplar da revista Governan\u00e7a Jur\u00eddica? Clique <a href=\"http:\/\/ayadvogados.com.br\/revista\">aqui<\/a>&nbsp;e pe\u00e7a a sua.<\/p>\n\n\n\n<p>Nos acompanhe nas redes sociais: <a href=\"https:\/\/www.facebook.com\/amaral.yazbek\">Facebook<\/a>&nbsp;| <a href=\"https:\/\/www.instagram.com\/amaral.yazbek\/\">Instagram<\/a> | <a href=\"https:\/\/www.linkedin.com\/company\/3357082\/admin\/\">Linkedin<\/a><\/p>\n\n\n\n<p>J\u00e1 conhece o canal Direito da Intelig\u00eancia de Neg\u00f3cios? <a href=\"https:\/\/www.youtube.com\/channel\/UCu2Mpu32ht8DEN8OFRXYMyw\">Inscreva-se j\u00e1<\/a><\/p>\n","protected":false},"excerpt":{"rendered":"<p>A conclus\u00e3o do processo sobre a exclus\u00e3o do ICMS do c\u00e1lculo do PIS e da Cofins depender\u00e1 da an\u00e1lise de uma quest\u00e3o importante pelo Supremo Tribunal Federal (STF). Os ministros ter\u00e3o que decidir no julgamento do recurso apresentado pela Uni\u00e3o (embargos de declara\u00e7\u00e3o) se s\u00e3o necess\u00e1rios seis ou oito votos para aplicar a chamada modula\u00e7\u00e3o [&hellip;]<\/p>\n","protected":false},"author":2,"featured_media":763,"comment_status":"open","ping_status":"open","sticky":false,"template":"","format":"standard","meta":{"footnotes":""},"categories":[1],"tags":[],"class_list":["post-762","post","type-post","status-publish","format-standard","has-post-thumbnail","hentry","category-noticia-do-dia"],"blocksy_meta":{"styles_descriptor":{"styles":{"desktop":"","tablet":"","mobile":""},"google_fonts":[],"version":6}},"yoast_head":"<!-- This site is optimized with the Yoast SEO plugin v27.5 - https:\/\/yoast.com\/product\/yoast-seo-wordpress\/ -->\n<title>Conclus\u00e3o do caso ICMS do PIS\/Cofins depende de quest\u00e3o processual - Amaral, Yazbek Advogados<\/title>\n<meta name=\"robots\" content=\"index, follow, max-snippet:-1, max-image-preview:large, max-video-preview:-1\" \/>\n<link rel=\"canonical\" href=\"https:\/\/www.eloquent-edison.34-239-117-254.plesk.page\/?p=762\" \/>\n<meta property=\"og:locale\" content=\"pt_BR\" \/>\n<meta property=\"og:type\" content=\"article\" \/>\n<meta property=\"og:title\" content=\"Conclus\u00e3o do caso ICMS do PIS\/Cofins depende de quest\u00e3o processual - Amaral, Yazbek Advogados\" \/>\n<meta property=\"og:description\" content=\"A conclus\u00e3o do processo sobre a exclus\u00e3o do ICMS do c\u00e1lculo do PIS e da Cofins depender\u00e1 da an\u00e1lise de uma quest\u00e3o importante pelo Supremo Tribunal Federal (STF). Os ministros ter\u00e3o que decidir no julgamento do recurso apresentado pela Uni\u00e3o (embargos de declara\u00e7\u00e3o) se s\u00e3o necess\u00e1rios seis ou oito votos para aplicar a chamada modula\u00e7\u00e3o [&hellip;]\" \/>\n<meta property=\"og:url\" content=\"https:\/\/www.eloquent-edison.34-239-117-254.plesk.page\/?p=762\" \/>\n<meta property=\"og:site_name\" content=\"Amaral, Yazbek Advogados\" \/>\n<meta property=\"article:publisher\" content=\"https:\/\/www.facebook.com\/AYadvogados\" \/>\n<meta property=\"article:published_time\" content=\"2021-04-12T18:55:29+00:00\" \/>\n<meta property=\"og:image\" content=\"https:\/\/www.eloquent-edison.34-239-117-254.plesk.page\/wp-content\/uploads\/2021\/04\/12-04-Blog-1.png\" \/>\n\t<meta property=\"og:image:width\" content=\"1000\" \/>\n\t<meta property=\"og:image:height\" content=\"620\" \/>\n\t<meta property=\"og:image:type\" content=\"image\/png\" \/>\n<meta name=\"author\" content=\"AY Advogados\" \/>\n<meta name=\"twitter:card\" content=\"summary_large_image\" \/>\n<meta name=\"twitter:label1\" content=\"Escrito por\" \/>\n\t<meta name=\"twitter:data1\" content=\"AY Advogados\" \/>\n\t<meta name=\"twitter:label2\" content=\"Est. tempo de leitura\" \/>\n\t<meta name=\"twitter:data2\" content=\"7 minutos\" \/>\n<script type=\"application\/ld+json\" class=\"yoast-schema-graph\">{\"@context\":\"https:\\\/\\\/schema.org\",\"@graph\":[{\"@type\":\"Article\",\"@id\":\"https:\\\/\\\/www.eloquent-edison.34-239-117-254.plesk.page\\\/?p=762#article\",\"isPartOf\":{\"@id\":\"https:\\\/\\\/www.eloquent-edison.34-239-117-254.plesk.page\\\/?p=762\"},\"author\":{\"name\":\"AY Advogados\",\"@id\":\"https:\\\/\\\/www.34.239.117.254.sslip.io\\\/#\\\/schema\\\/person\\\/4abfbf03ad3e577e691d333af064a912\"},\"headline\":\"Conclus\u00e3o do caso ICMS do PIS\\\/Cofins depende de quest\u00e3o processual\",\"datePublished\":\"2021-04-12T18:55:29+00:00\",\"mainEntityOfPage\":{\"@id\":\"https:\\\/\\\/www.eloquent-edison.34-239-117-254.plesk.page\\\/?p=762\"},\"wordCount\":1315,\"commentCount\":0,\"publisher\":{\"@id\":\"https:\\\/\\\/www.34.239.117.254.sslip.io\\\/#organization\"},\"image\":{\"@id\":\"https:\\\/\\\/www.eloquent-edison.34-239-117-254.plesk.page\\\/?p=762#primaryimage\"},\"thumbnailUrl\":\"https:\\\/\\\/www.ayadvogados.com.br\\\/wp-content\\\/uploads\\\/2021\\\/04\\\/12-04-Blog-1.png\",\"articleSection\":[\"Not\u00edcia do Dia\"],\"inLanguage\":\"pt-BR\",\"potentialAction\":[{\"@type\":\"CommentAction\",\"name\":\"Comment\",\"target\":[\"https:\\\/\\\/www.eloquent-edison.34-239-117-254.plesk.page\\\/?p=762#respond\"]}]},{\"@type\":\"WebPage\",\"@id\":\"https:\\\/\\\/www.eloquent-edison.34-239-117-254.plesk.page\\\/?p=762\",\"url\":\"https:\\\/\\\/www.eloquent-edison.34-239-117-254.plesk.page\\\/?p=762\",\"name\":\"Conclus\u00e3o do caso ICMS do PIS\\\/Cofins depende de quest\u00e3o processual - Amaral, Yazbek Advogados\",\"isPartOf\":{\"@id\":\"https:\\\/\\\/www.34.239.117.254.sslip.io\\\/#website\"},\"primaryImageOfPage\":{\"@id\":\"https:\\\/\\\/www.eloquent-edison.34-239-117-254.plesk.page\\\/?p=762#primaryimage\"},\"image\":{\"@id\":\"https:\\\/\\\/www.eloquent-edison.34-239-117-254.plesk.page\\\/?p=762#primaryimage\"},\"thumbnailUrl\":\"https:\\\/\\\/www.ayadvogados.com.br\\\/wp-content\\\/uploads\\\/2021\\\/04\\\/12-04-Blog-1.png\",\"datePublished\":\"2021-04-12T18:55:29+00:00\",\"breadcrumb\":{\"@id\":\"https:\\\/\\\/www.eloquent-edison.34-239-117-254.plesk.page\\\/?p=762#breadcrumb\"},\"inLanguage\":\"pt-BR\",\"potentialAction\":[{\"@type\":\"ReadAction\",\"target\":[\"https:\\\/\\\/www.eloquent-edison.34-239-117-254.plesk.page\\\/?p=762\"]}]},{\"@type\":\"ImageObject\",\"inLanguage\":\"pt-BR\",\"@id\":\"https:\\\/\\\/www.eloquent-edison.34-239-117-254.plesk.page\\\/?p=762#primaryimage\",\"url\":\"https:\\\/\\\/www.ayadvogados.com.br\\\/wp-content\\\/uploads\\\/2021\\\/04\\\/12-04-Blog-1.png\",\"contentUrl\":\"https:\\\/\\\/www.ayadvogados.com.br\\\/wp-content\\\/uploads\\\/2021\\\/04\\\/12-04-Blog-1.png\",\"width\":1000,\"height\":620},{\"@type\":\"BreadcrumbList\",\"@id\":\"https:\\\/\\\/www.eloquent-edison.34-239-117-254.plesk.page\\\/?p=762#breadcrumb\",\"itemListElement\":[{\"@type\":\"ListItem\",\"position\":1,\"name\":\"In\u00edcio\",\"item\":\"https:\\\/\\\/www.34.239.117.254.sslip.io\\\/\"},{\"@type\":\"ListItem\",\"position\":2,\"name\":\"Conclus\u00e3o do caso ICMS do PIS\\\/Cofins depende de quest\u00e3o processual\"}]},{\"@type\":\"WebSite\",\"@id\":\"https:\\\/\\\/www.34.239.117.254.sslip.io\\\/#website\",\"url\":\"https:\\\/\\\/www.34.239.117.254.sslip.io\\\/\",\"name\":\"Amaral, Yazbek Advogados\",\"description\":\"Curitiba \u2022 Bras\u00edlia \u2022 S\u00e3o Paulo\",\"publisher\":{\"@id\":\"https:\\\/\\\/www.34.239.117.254.sslip.io\\\/#organization\"},\"potentialAction\":[{\"@type\":\"SearchAction\",\"target\":{\"@type\":\"EntryPoint\",\"urlTemplate\":\"https:\\\/\\\/www.34.239.117.254.sslip.io\\\/?s={search_term_string}\"},\"query-input\":{\"@type\":\"PropertyValueSpecification\",\"valueRequired\":true,\"valueName\":\"search_term_string\"}}],\"inLanguage\":\"pt-BR\"},{\"@type\":\"Organization\",\"@id\":\"https:\\\/\\\/www.34.239.117.254.sslip.io\\\/#organization\",\"name\":\"Amaral, Yazbek Advogados\",\"url\":\"https:\\\/\\\/www.34.239.117.254.sslip.io\\\/\",\"logo\":{\"@type\":\"ImageObject\",\"inLanguage\":\"pt-BR\",\"@id\":\"https:\\\/\\\/www.34.239.117.254.sslip.io\\\/#\\\/schema\\\/logo\\\/image\\\/\",\"url\":\"http:\\\/\\\/34.239.117.254\\\/wp-content\\\/uploads\\\/2021\\\/03\\\/logo-ay-g.png\",\"contentUrl\":\"http:\\\/\\\/34.239.117.254\\\/wp-content\\\/uploads\\\/2021\\\/03\\\/logo-ay-g.png\",\"width\":434,\"height\":106,\"caption\":\"Amaral, Yazbek Advogados\"},\"image\":{\"@id\":\"https:\\\/\\\/www.34.239.117.254.sslip.io\\\/#\\\/schema\\\/logo\\\/image\\\/\"},\"sameAs\":[\"https:\\\/\\\/www.facebook.com\\\/AYadvogados\",\"https:\\\/\\\/www.instagram.com\\\/ayadvogados\\\/\"]},{\"@type\":\"Person\",\"@id\":\"https:\\\/\\\/www.34.239.117.254.sslip.io\\\/#\\\/schema\\\/person\\\/4abfbf03ad3e577e691d333af064a912\",\"name\":\"AY Advogados\",\"image\":{\"@type\":\"ImageObject\",\"inLanguage\":\"pt-BR\",\"@id\":\"https:\\\/\\\/secure.gravatar.com\\\/avatar\\\/1473912b851241f5503026e6156e144dcd83ff7addb67f65e1ed9ca21ee1d9cf?s=96&d=mm&r=g\",\"url\":\"https:\\\/\\\/secure.gravatar.com\\\/avatar\\\/1473912b851241f5503026e6156e144dcd83ff7addb67f65e1ed9ca21ee1d9cf?s=96&d=mm&r=g\",\"contentUrl\":\"https:\\\/\\\/secure.gravatar.com\\\/avatar\\\/1473912b851241f5503026e6156e144dcd83ff7addb67f65e1ed9ca21ee1d9cf?s=96&d=mm&r=g\",\"caption\":\"AY Advogados\"},\"sameAs\":[\"https:\\\/\\\/ayadvogados.com.br\"],\"url\":\"https:\\\/\\\/www.ayadvogados.com.br\\\/?author=2\"}]}<\/script>\n<!-- \/ Yoast SEO plugin. -->","yoast_head_json":{"title":"Conclus\u00e3o do caso ICMS do PIS\/Cofins depende de quest\u00e3o processual - Amaral, Yazbek Advogados","robots":{"index":"index","follow":"follow","max-snippet":"max-snippet:-1","max-image-preview":"max-image-preview:large","max-video-preview":"max-video-preview:-1"},"canonical":"https:\/\/www.eloquent-edison.34-239-117-254.plesk.page\/?p=762","og_locale":"pt_BR","og_type":"article","og_title":"Conclus\u00e3o do caso ICMS do PIS\/Cofins depende de quest\u00e3o processual - Amaral, Yazbek Advogados","og_description":"A conclus\u00e3o do processo sobre a exclus\u00e3o do ICMS do c\u00e1lculo do PIS e da Cofins depender\u00e1 da an\u00e1lise de uma quest\u00e3o importante pelo Supremo Tribunal Federal (STF). Os ministros ter\u00e3o que decidir no julgamento do recurso apresentado pela Uni\u00e3o (embargos de declara\u00e7\u00e3o) se s\u00e3o necess\u00e1rios seis ou oito votos para aplicar a chamada modula\u00e7\u00e3o [&hellip;]","og_url":"https:\/\/www.eloquent-edison.34-239-117-254.plesk.page\/?p=762","og_site_name":"Amaral, Yazbek Advogados","article_publisher":"https:\/\/www.facebook.com\/AYadvogados","article_published_time":"2021-04-12T18:55:29+00:00","og_image":[{"width":1000,"height":620,"url":"https:\/\/www.eloquent-edison.34-239-117-254.plesk.page\/wp-content\/uploads\/2021\/04\/12-04-Blog-1.png","type":"image\/png"}],"author":"AY Advogados","twitter_card":"summary_large_image","twitter_misc":{"Escrito por":"AY Advogados","Est. tempo de leitura":"7 minutos"},"schema":{"@context":"https:\/\/schema.org","@graph":[{"@type":"Article","@id":"https:\/\/www.eloquent-edison.34-239-117-254.plesk.page\/?p=762#article","isPartOf":{"@id":"https:\/\/www.eloquent-edison.34-239-117-254.plesk.page\/?p=762"},"author":{"name":"AY Advogados","@id":"https:\/\/www.34.239.117.254.sslip.io\/#\/schema\/person\/4abfbf03ad3e577e691d333af064a912"},"headline":"Conclus\u00e3o do caso ICMS do PIS\/Cofins depende de quest\u00e3o processual","datePublished":"2021-04-12T18:55:29+00:00","mainEntityOfPage":{"@id":"https:\/\/www.eloquent-edison.34-239-117-254.plesk.page\/?p=762"},"wordCount":1315,"commentCount":0,"publisher":{"@id":"https:\/\/www.34.239.117.254.sslip.io\/#organization"},"image":{"@id":"https:\/\/www.eloquent-edison.34-239-117-254.plesk.page\/?p=762#primaryimage"},"thumbnailUrl":"https:\/\/www.ayadvogados.com.br\/wp-content\/uploads\/2021\/04\/12-04-Blog-1.png","articleSection":["Not\u00edcia do Dia"],"inLanguage":"pt-BR","potentialAction":[{"@type":"CommentAction","name":"Comment","target":["https:\/\/www.eloquent-edison.34-239-117-254.plesk.page\/?p=762#respond"]}]},{"@type":"WebPage","@id":"https:\/\/www.eloquent-edison.34-239-117-254.plesk.page\/?p=762","url":"https:\/\/www.eloquent-edison.34-239-117-254.plesk.page\/?p=762","name":"Conclus\u00e3o do caso ICMS do PIS\/Cofins depende de quest\u00e3o processual - Amaral, Yazbek Advogados","isPartOf":{"@id":"https:\/\/www.34.239.117.254.sslip.io\/#website"},"primaryImageOfPage":{"@id":"https:\/\/www.eloquent-edison.34-239-117-254.plesk.page\/?p=762#primaryimage"},"image":{"@id":"https:\/\/www.eloquent-edison.34-239-117-254.plesk.page\/?p=762#primaryimage"},"thumbnailUrl":"https:\/\/www.ayadvogados.com.br\/wp-content\/uploads\/2021\/04\/12-04-Blog-1.png","datePublished":"2021-04-12T18:55:29+00:00","breadcrumb":{"@id":"https:\/\/www.eloquent-edison.34-239-117-254.plesk.page\/?p=762#breadcrumb"},"inLanguage":"pt-BR","potentialAction":[{"@type":"ReadAction","target":["https:\/\/www.eloquent-edison.34-239-117-254.plesk.page\/?p=762"]}]},{"@type":"ImageObject","inLanguage":"pt-BR","@id":"https:\/\/www.eloquent-edison.34-239-117-254.plesk.page\/?p=762#primaryimage","url":"https:\/\/www.ayadvogados.com.br\/wp-content\/uploads\/2021\/04\/12-04-Blog-1.png","contentUrl":"https:\/\/www.ayadvogados.com.br\/wp-content\/uploads\/2021\/04\/12-04-Blog-1.png","width":1000,"height":620},{"@type":"BreadcrumbList","@id":"https:\/\/www.eloquent-edison.34-239-117-254.plesk.page\/?p=762#breadcrumb","itemListElement":[{"@type":"ListItem","position":1,"name":"In\u00edcio","item":"https:\/\/www.34.239.117.254.sslip.io\/"},{"@type":"ListItem","position":2,"name":"Conclus\u00e3o do caso ICMS do PIS\/Cofins depende de quest\u00e3o processual"}]},{"@type":"WebSite","@id":"https:\/\/www.34.239.117.254.sslip.io\/#website","url":"https:\/\/www.34.239.117.254.sslip.io\/","name":"Amaral, Yazbek Advogados","description":"Curitiba \u2022 Bras\u00edlia \u2022 S\u00e3o Paulo","publisher":{"@id":"https:\/\/www.34.239.117.254.sslip.io\/#organization"},"potentialAction":[{"@type":"SearchAction","target":{"@type":"EntryPoint","urlTemplate":"https:\/\/www.34.239.117.254.sslip.io\/?s={search_term_string}"},"query-input":{"@type":"PropertyValueSpecification","valueRequired":true,"valueName":"search_term_string"}}],"inLanguage":"pt-BR"},{"@type":"Organization","@id":"https:\/\/www.34.239.117.254.sslip.io\/#organization","name":"Amaral, Yazbek Advogados","url":"https:\/\/www.34.239.117.254.sslip.io\/","logo":{"@type":"ImageObject","inLanguage":"pt-BR","@id":"https:\/\/www.34.239.117.254.sslip.io\/#\/schema\/logo\/image\/","url":"http:\/\/34.239.117.254\/wp-content\/uploads\/2021\/03\/logo-ay-g.png","contentUrl":"http:\/\/34.239.117.254\/wp-content\/uploads\/2021\/03\/logo-ay-g.png","width":434,"height":106,"caption":"Amaral, Yazbek Advogados"},"image":{"@id":"https:\/\/www.34.239.117.254.sslip.io\/#\/schema\/logo\/image\/"},"sameAs":["https:\/\/www.facebook.com\/AYadvogados","https:\/\/www.instagram.com\/ayadvogados\/"]},{"@type":"Person","@id":"https:\/\/www.34.239.117.254.sslip.io\/#\/schema\/person\/4abfbf03ad3e577e691d333af064a912","name":"AY Advogados","image":{"@type":"ImageObject","inLanguage":"pt-BR","@id":"https:\/\/secure.gravatar.com\/avatar\/1473912b851241f5503026e6156e144dcd83ff7addb67f65e1ed9ca21ee1d9cf?s=96&d=mm&r=g","url":"https:\/\/secure.gravatar.com\/avatar\/1473912b851241f5503026e6156e144dcd83ff7addb67f65e1ed9ca21ee1d9cf?s=96&d=mm&r=g","contentUrl":"https:\/\/secure.gravatar.com\/avatar\/1473912b851241f5503026e6156e144dcd83ff7addb67f65e1ed9ca21ee1d9cf?s=96&d=mm&r=g","caption":"AY Advogados"},"sameAs":["https:\/\/ayadvogados.com.br"],"url":"https:\/\/www.ayadvogados.com.br\/?author=2"}]}},"rttpg_featured_image_url":{"full":["https:\/\/www.ayadvogados.com.br\/wp-content\/uploads\/2021\/04\/12-04-Blog-1.png",1000,620,false],"landscape":["https:\/\/www.ayadvogados.com.br\/wp-content\/uploads\/2021\/04\/12-04-Blog-1.png",1000,620,false],"portraits":["https:\/\/www.ayadvogados.com.br\/wp-content\/uploads\/2021\/04\/12-04-Blog-1.png",1000,620,false],"thumbnail":["https:\/\/www.ayadvogados.com.br\/wp-content\/uploads\/2021\/04\/12-04-Blog-1-150x150.png",150,150,true],"medium":["https:\/\/www.ayadvogados.com.br\/wp-content\/uploads\/2021\/04\/12-04-Blog-1-300x186.png",300,186,true],"large":["https:\/\/www.ayadvogados.com.br\/wp-content\/uploads\/2021\/04\/12-04-Blog-1.png",1000,620,false],"1536x1536":["https:\/\/www.ayadvogados.com.br\/wp-content\/uploads\/2021\/04\/12-04-Blog-1.png",1000,620,false],"2048x2048":["https:\/\/www.ayadvogados.com.br\/wp-content\/uploads\/2021\/04\/12-04-Blog-1.png",1000,620,false]},"rttpg_author":{"display_name":"AY Advogados","author_link":"https:\/\/www.ayadvogados.com.br\/?author=2"},"rttpg_comment":0,"rttpg_category":"<a href=\"https:\/\/www.ayadvogados.com.br\/?cat=1\" rel=\"category\">Not\u00edcia do Dia<\/a>","rttpg_excerpt":"A conclus\u00e3o do processo sobre a exclus\u00e3o do ICMS do c\u00e1lculo do PIS e da Cofins depender\u00e1 da an\u00e1lise de uma quest\u00e3o importante pelo Supremo Tribunal Federal (STF). Os ministros ter\u00e3o que decidir no julgamento do recurso apresentado pela Uni\u00e3o (embargos de declara\u00e7\u00e3o) se s\u00e3o necess\u00e1rios seis ou oito votos para aplicar a chamada modula\u00e7\u00e3o&hellip;","_links":{"self":[{"href":"https:\/\/www.ayadvogados.com.br\/index.php?rest_route=\/wp\/v2\/posts\/762","targetHints":{"allow":["GET"]}}],"collection":[{"href":"https:\/\/www.ayadvogados.com.br\/index.php?rest_route=\/wp\/v2\/posts"}],"about":[{"href":"https:\/\/www.ayadvogados.com.br\/index.php?rest_route=\/wp\/v2\/types\/post"}],"author":[{"embeddable":true,"href":"https:\/\/www.ayadvogados.com.br\/index.php?rest_route=\/wp\/v2\/users\/2"}],"replies":[{"embeddable":true,"href":"https:\/\/www.ayadvogados.com.br\/index.php?rest_route=%2Fwp%2Fv2%2Fcomments&post=762"}],"version-history":[{"count":1,"href":"https:\/\/www.ayadvogados.com.br\/index.php?rest_route=\/wp\/v2\/posts\/762\/revisions"}],"predecessor-version":[{"id":764,"href":"https:\/\/www.ayadvogados.com.br\/index.php?rest_route=\/wp\/v2\/posts\/762\/revisions\/764"}],"wp:featuredmedia":[{"embeddable":true,"href":"https:\/\/www.ayadvogados.com.br\/index.php?rest_route=\/wp\/v2\/media\/763"}],"wp:attachment":[{"href":"https:\/\/www.ayadvogados.com.br\/index.php?rest_route=%2Fwp%2Fv2%2Fmedia&parent=762"}],"wp:term":[{"taxonomy":"category","embeddable":true,"href":"https:\/\/www.ayadvogados.com.br\/index.php?rest_route=%2Fwp%2Fv2%2Fcategories&post=762"},{"taxonomy":"post_tag","embeddable":true,"href":"https:\/\/www.ayadvogados.com.br\/index.php?rest_route=%2Fwp%2Fv2%2Ftags&post=762"}],"curies":[{"name":"wp","href":"https:\/\/api.w.org\/{rel}","templated":true}]}}