{"id":752,"date":"2021-04-09T18:35:26","date_gmt":"2021-04-09T21:35:26","guid":{"rendered":"http:\/\/34.239.117.254\/?p=752"},"modified":"2021-04-09T18:38:49","modified_gmt":"2021-04-09T21:38:49","slug":"gerdau-vence-no-trf-disputa-sobre-agio","status":"publish","type":"post","link":"https:\/\/www.ayadvogados.com.br\/?p=752","title":{"rendered":"Gerdau vence no TRF disputa sobre \u00e1gio"},"content":{"rendered":"\n<p>A Gerdau A\u00e7os Especiais conseguiu anular um auto de infra\u00e7\u00e3o no valor de R$ 367 milh\u00f5es, que trata de \u00e1gio interno, no Tribunal Regional Federal (TRF) da 4\u00aa Regi\u00e3o, com sede em Porto Alegre. A ata de julgamento foi publicada ontem. \u00c9 a primeira decis\u00e3o dos desembargadores favor\u00e1vel ao contribuinte, de acordo com especialistas.<\/p>\n\n\n\n<p>Em caso anterior sobre o tema, o TRF da 4\u00aa Regi\u00e3o manteve parte da autua\u00e7\u00e3o, em 2015, contra o grupo Dass, fabricante de cal\u00e7ados (processo n\u00ba 5004003-95.2014.404.7202). Os desembargadores tamb\u00e9m analisaram processo envolvendo a Todeschini, mantendo a cobran\u00e7a. Por\u00e9m, especialistas n\u00e3o o consideram como precedente sobre \u00e1gio interno porque houve aquisi\u00e7\u00e3o de empresa fora do grupo (processo n\u00ba 5005789-24.2012.4.04.7113).<\/p>\n\n\n\n<p>No TRF da 3\u00aa Regi\u00e3o, com sede em S\u00e3o Paulo, h\u00e1 duas decis\u00f5es desfavor\u00e1veis, uma delas envolve a Via\u00e7\u00e3o Cometa (processo n\u00ba 0027143-60.20 09.4.03.6100), que j\u00e1 recorreu ao Superior Tribunal de Justi\u00e7a (STJ). A outra, de 2014, tem como parte o Grupo Libra (processo n\u00ba 00172372.2010.4.03.6100).<\/p>\n\n\n\n<p>No caso da Gerdau, os desembargadores analisaram \u00e1gio supostamente gerado a partir de reorganiza\u00e7\u00e3o societ\u00e1ria realizada pelo grupo entre 2004 e 2005. O processo (n\u00ba 5058075-42.2017.4.04.7100) teve que ser analisado por uma turma estendida, com mais dois julgadores, ap\u00f3s dois votos favor\u00e1veis \u00e0 anula\u00e7\u00e3o da autua\u00e7\u00e3o e um contra em julgamento realizado pela 2\u00aa Turma em novembro.<\/p>\n\n\n\n<p>O placar final ficou em tr\u00eas votos a favor da empresa e dois contra. Prevaleceu o entendimento do relator, juiz federal convocado Alexandre Rossato da Silva \u00c1vila. Ele levou em considera\u00e7\u00e3o o fato de a Lei n\u00b0 12.973, de 2014, que vedou o \u00e1gio interno, ser posterior \u00e0 opera\u00e7\u00e3o. \u201cOcorre que, quando os referidos \u00e1gios foram registrados pelos contribuintes, nem a contabilidade nem o direito proibiam o seu registro\u201d, diz.<\/p>\n\n\n\n<p>O \u00e1gio pode ser registrado como despesa no balan\u00e7o e amortizado para reduzir o Imposto de Renda e CSLL a pagar. Contudo, a Receita Federal autua o contribuinte quando interpreta que uma opera\u00e7\u00e3o entre empresas foi realizada apenas para reduzir tributos.<\/p>\n\n\n\n<p>O Grupo Gerdau fez a amortiza\u00e7\u00e3o do chamado \u00e1gio interno entre setembro de 2005 e junho de 2010, depois de aporte de capital social ocorrido em uma sequ\u00eancia de opera\u00e7\u00f5es de reorganiza\u00e7\u00e3o societ\u00e1ria, iniciada em 2004. A Gerdau A\u00e7os Especiais levou o embate \u00e0 Justi\u00e7a ap\u00f3s perder na C\u00e2mara Superior do Conselho Administrativo de Recursos Fiscais (Carf), em 2016, por voto de qualidade &#8211; desempate pelo representante da Fazenda. Em 2018, obteve senten\u00e7a judicial favor\u00e1vel.<\/p>\n\n\n\n<p>De acordo com o advogado Diego Miguita, s\u00f3cio do VBSO Advogados, ficou claro, para o TRF, que todos os atos praticados e declarados estavam em conformidade com a lei e produziram os seus efeitos pr\u00f3prios. \u201cComo a acusa\u00e7\u00e3o fiscal n\u00e3o alegou sequer ocorr\u00eancia de simula\u00e7\u00e3o ou fraude, jamais poderia prevalecer a exig\u00eancia fiscal por mera acusa\u00e7\u00e3o de \u00e1gio interno, sem base legal\u201d, diz.<\/p>\n\n\n\n<p>Para o advogado Matheus Bueno de Oliveira, s\u00f3cio do Bueno &amp; Castro Tax Lawyers, ainda \u00e9 necess\u00e1rio aguardar a publica\u00e7\u00e3o do ac\u00f3rd\u00e3o do caso, \u201cmas certamente \u00e9 uma vit\u00f3ria importante\u201d. Conforme o voto do relator vencedor, acrescenta, a amortiza\u00e7\u00e3o do \u00e1gio ficou garantida at\u00e9 a vig\u00eancia da Lei n\u00ba 12.973\/14, ainda que o valor que deu origem ao benef\u00edcio tenha sido pago com a\u00e7\u00f5es de sociedade integrante do mesmo grupo econ\u00f4mico.<\/p>\n\n\n\n<p>Al\u00e9m da Gerdau A\u00e7os Especiais, a Gerdau A\u00e7os Longos e a Gerdau A\u00e7ominas foram autuadas pela mesma opera\u00e7\u00e3o. Pelo menos quatro cobran\u00e7as foram mantidas pela C\u00e2mara Superior do Carf em 2016. A Gerdau A\u00e7os Longos j\u00e1 obteve senten\u00e7a favor\u00e1vel para anular dois autos de infra\u00e7\u00e3o (processo n\u00ba 0143649-58.2017.4.02.5101).<\/p>\n\n\n\n<p>O valor das autua\u00e7\u00f5es chega a R$ 5 bilh\u00f5es, segundo o Formul\u00e1rio de Refer\u00eancia da Gerdau de 2017. Parte das decis\u00f5es obtidas no Carf chegou a ser inclu\u00edda na Opera\u00e7\u00e3o Zelotes. Para a empresa, foram opera\u00e7\u00f5es regulares, que geraram \u00e1gio em raz\u00e3o de cis\u00e3o da Gerdau A\u00e7ominas. Procurado, o grupo informou que \u201crecebeu, com o respeito de sempre, a decis\u00e3o do TRF da 4\u00aa Regi\u00e3o\u201d.<\/p>\n\n\n\n<p><\/p>\n\n\n\n<p>Fonte: <a href=\"https:\/\/valor.globo.com\/legislacao\/noticia\/2021\/04\/09\/gerdau-vence-no-trf-disputa-sobre-agio.ghtml\" data-type=\"URL\" data-id=\"https:\/\/valor.globo.com\/legislacao\/noticia\/2021\/04\/09\/gerdau-vence-no-trf-disputa-sobre-agio.ghtml\" target=\"_blank\" rel=\"noreferrer noopener\">Valor<\/a><\/p>\n\n\n\n<p>A Amaral, Yazbek, OAB\/PR 762, possui 35 anos de experi\u00eancia auxiliando empresas a transformar a tributa\u00e7\u00e3o em lucro. Entre em contato com um dos s\u00f3cios para agendamento de reuni\u00e3o em caso de d\u00favidas.<\/p>\n\n\n\n<p>Contato: 41 3595-8300 ou pelo nosso WhatsApp 41 99567-5696<\/p>\n\n\n\n<p>Av. C\u00e2ndido Hartmann, 50 \u2013 Bigorrilho | Curitiba-PR<\/p>\n\n\n\n<p>Assine nossa Newsletter e fique por dentro das novidades!<\/p>\n\n\n\n<p>Quer receber seu exemplar da revista Governan\u00e7a Jur\u00eddica? Clique <a href=\"http:\/\/ayadvogados.com.br\/revista\">aqui<\/a>&nbsp;e pe\u00e7a a sua.<\/p>\n\n\n\n<p>Nos acompanhe nas redes sociais: <a href=\"https:\/\/www.facebook.com\/amaral.yazbek\">Facebook<\/a>&nbsp;| <a href=\"https:\/\/www.instagram.com\/amaral.yazbek\/\">Instagram<\/a> | <a href=\"https:\/\/www.linkedin.com\/company\/3357082\/admin\/\">Linkedin<\/a><\/p>\n\n\n\n<p>J\u00e1 conhece o canal Direito da Intelig\u00eancia de Neg\u00f3cios? <a href=\"https:\/\/www.youtube.com\/channel\/UCu2Mpu32ht8DEN8OFRXYMyw\">Inscreva-se j\u00e1<\/a><\/p>\n","protected":false},"excerpt":{"rendered":"<p>A Gerdau A\u00e7os Especiais conseguiu anular um auto de infra\u00e7\u00e3o no valor de R$ 367 milh\u00f5es, que trata de \u00e1gio interno, no Tribunal Regional Federal (TRF) da 4\u00aa Regi\u00e3o, com sede em Porto Alegre. A ata de julgamento foi publicada ontem. \u00c9 a primeira decis\u00e3o dos desembargadores favor\u00e1vel ao contribuinte, de acordo com especialistas. Em [&hellip;]<\/p>\n","protected":false},"author":2,"featured_media":755,"comment_status":"open","ping_status":"open","sticky":false,"template":"","format":"standard","meta":{"footnotes":""},"categories":[1],"tags":[],"class_list":["post-752","post","type-post","status-publish","format-standard","has-post-thumbnail","hentry","category-noticia-do-dia"],"blocksy_meta":{"styles_descriptor":{"styles":{"desktop":"","tablet":"","mobile":""},"google_fonts":[],"version":6}},"yoast_head":"<!-- This site is optimized with the Yoast SEO plugin v27.5 - https:\/\/yoast.com\/product\/yoast-seo-wordpress\/ -->\n<title>Gerdau vence no TRF disputa sobre \u00e1gio - Amaral, Yazbek Advogados<\/title>\n<meta name=\"robots\" content=\"index, follow, max-snippet:-1, max-image-preview:large, max-video-preview:-1\" \/>\n<link rel=\"canonical\" href=\"https:\/\/www.ayadvogados.com.br\/?p=752\" \/>\n<meta property=\"og:locale\" content=\"pt_BR\" \/>\n<meta property=\"og:type\" content=\"article\" \/>\n<meta property=\"og:title\" content=\"Gerdau vence no TRF disputa sobre \u00e1gio - Amaral, Yazbek Advogados\" \/>\n<meta property=\"og:description\" content=\"A Gerdau A\u00e7os Especiais conseguiu anular um auto de infra\u00e7\u00e3o no valor de R$ 367 milh\u00f5es, que trata de \u00e1gio interno, no Tribunal Regional Federal (TRF) da 4\u00aa Regi\u00e3o, com sede em Porto Alegre. A ata de julgamento foi publicada ontem. \u00c9 a primeira decis\u00e3o dos desembargadores favor\u00e1vel ao contribuinte, de acordo com especialistas. Em [&hellip;]\" \/>\n<meta property=\"og:url\" content=\"https:\/\/www.ayadvogados.com.br\/?p=752\" \/>\n<meta property=\"og:site_name\" content=\"Amaral, Yazbek Advogados\" \/>\n<meta property=\"article:publisher\" content=\"https:\/\/www.facebook.com\/AYadvogados\" \/>\n<meta property=\"article:published_time\" content=\"2021-04-09T21:35:26+00:00\" \/>\n<meta property=\"article:modified_time\" content=\"2021-04-09T21:38:49+00:00\" \/>\n<meta property=\"og:image\" content=\"https:\/\/www.ayadvogados.com.br\/wp-content\/uploads\/2021\/04\/09-04-Blog-1.png\" \/>\n\t<meta property=\"og:image:width\" content=\"1000\" \/>\n\t<meta property=\"og:image:height\" content=\"620\" \/>\n\t<meta property=\"og:image:type\" content=\"image\/png\" \/>\n<meta name=\"author\" content=\"AY Advogados\" \/>\n<meta name=\"twitter:card\" content=\"summary_large_image\" \/>\n<meta name=\"twitter:label1\" content=\"Escrito por\" \/>\n\t<meta name=\"twitter:data1\" content=\"AY Advogados\" \/>\n\t<meta name=\"twitter:label2\" content=\"Est. tempo de leitura\" \/>\n\t<meta name=\"twitter:data2\" content=\"4 minutos\" \/>\n<script type=\"application\/ld+json\" class=\"yoast-schema-graph\">{\"@context\":\"https:\\\/\\\/schema.org\",\"@graph\":[{\"@type\":\"Article\",\"@id\":\"https:\\\/\\\/www.ayadvogados.com.br\\\/?p=752#article\",\"isPartOf\":{\"@id\":\"https:\\\/\\\/www.ayadvogados.com.br\\\/?p=752\"},\"author\":{\"name\":\"AY Advogados\",\"@id\":\"https:\\\/\\\/www.34.239.117.254.sslip.io\\\/#\\\/schema\\\/person\\\/4abfbf03ad3e577e691d333af064a912\"},\"headline\":\"Gerdau vence no TRF disputa sobre \u00e1gio\",\"datePublished\":\"2021-04-09T21:35:26+00:00\",\"dateModified\":\"2021-04-09T21:38:49+00:00\",\"mainEntityOfPage\":{\"@id\":\"https:\\\/\\\/www.ayadvogados.com.br\\\/?p=752\"},\"wordCount\":813,\"commentCount\":0,\"publisher\":{\"@id\":\"https:\\\/\\\/www.34.239.117.254.sslip.io\\\/#organization\"},\"image\":{\"@id\":\"https:\\\/\\\/www.ayadvogados.com.br\\\/?p=752#primaryimage\"},\"thumbnailUrl\":\"https:\\\/\\\/www.ayadvogados.com.br\\\/wp-content\\\/uploads\\\/2021\\\/04\\\/09-04-Blog-1.png\",\"articleSection\":[\"Not\u00edcia do Dia\"],\"inLanguage\":\"pt-BR\",\"potentialAction\":[{\"@type\":\"CommentAction\",\"name\":\"Comment\",\"target\":[\"https:\\\/\\\/www.ayadvogados.com.br\\\/?p=752#respond\"]}]},{\"@type\":\"WebPage\",\"@id\":\"https:\\\/\\\/www.ayadvogados.com.br\\\/?p=752\",\"url\":\"https:\\\/\\\/www.ayadvogados.com.br\\\/?p=752\",\"name\":\"Gerdau vence no TRF disputa sobre \u00e1gio - Amaral, Yazbek Advogados\",\"isPartOf\":{\"@id\":\"https:\\\/\\\/www.34.239.117.254.sslip.io\\\/#website\"},\"primaryImageOfPage\":{\"@id\":\"https:\\\/\\\/www.ayadvogados.com.br\\\/?p=752#primaryimage\"},\"image\":{\"@id\":\"https:\\\/\\\/www.ayadvogados.com.br\\\/?p=752#primaryimage\"},\"thumbnailUrl\":\"https:\\\/\\\/www.ayadvogados.com.br\\\/wp-content\\\/uploads\\\/2021\\\/04\\\/09-04-Blog-1.png\",\"datePublished\":\"2021-04-09T21:35:26+00:00\",\"dateModified\":\"2021-04-09T21:38:49+00:00\",\"breadcrumb\":{\"@id\":\"https:\\\/\\\/www.ayadvogados.com.br\\\/?p=752#breadcrumb\"},\"inLanguage\":\"pt-BR\",\"potentialAction\":[{\"@type\":\"ReadAction\",\"target\":[\"https:\\\/\\\/www.ayadvogados.com.br\\\/?p=752\"]}]},{\"@type\":\"ImageObject\",\"inLanguage\":\"pt-BR\",\"@id\":\"https:\\\/\\\/www.ayadvogados.com.br\\\/?p=752#primaryimage\",\"url\":\"https:\\\/\\\/www.ayadvogados.com.br\\\/wp-content\\\/uploads\\\/2021\\\/04\\\/09-04-Blog-1.png\",\"contentUrl\":\"https:\\\/\\\/www.ayadvogados.com.br\\\/wp-content\\\/uploads\\\/2021\\\/04\\\/09-04-Blog-1.png\",\"width\":1000,\"height\":620},{\"@type\":\"BreadcrumbList\",\"@id\":\"https:\\\/\\\/www.ayadvogados.com.br\\\/?p=752#breadcrumb\",\"itemListElement\":[{\"@type\":\"ListItem\",\"position\":1,\"name\":\"In\u00edcio\",\"item\":\"https:\\\/\\\/www.34.239.117.254.sslip.io\\\/\"},{\"@type\":\"ListItem\",\"position\":2,\"name\":\"Gerdau vence no TRF disputa sobre \u00e1gio\"}]},{\"@type\":\"WebSite\",\"@id\":\"https:\\\/\\\/www.34.239.117.254.sslip.io\\\/#website\",\"url\":\"https:\\\/\\\/www.34.239.117.254.sslip.io\\\/\",\"name\":\"Amaral, Yazbek Advogados\",\"description\":\"Curitiba \u2022 Bras\u00edlia \u2022 S\u00e3o Paulo\",\"publisher\":{\"@id\":\"https:\\\/\\\/www.34.239.117.254.sslip.io\\\/#organization\"},\"potentialAction\":[{\"@type\":\"SearchAction\",\"target\":{\"@type\":\"EntryPoint\",\"urlTemplate\":\"https:\\\/\\\/www.34.239.117.254.sslip.io\\\/?s={search_term_string}\"},\"query-input\":{\"@type\":\"PropertyValueSpecification\",\"valueRequired\":true,\"valueName\":\"search_term_string\"}}],\"inLanguage\":\"pt-BR\"},{\"@type\":\"Organization\",\"@id\":\"https:\\\/\\\/www.34.239.117.254.sslip.io\\\/#organization\",\"name\":\"Amaral, Yazbek Advogados\",\"url\":\"https:\\\/\\\/www.34.239.117.254.sslip.io\\\/\",\"logo\":{\"@type\":\"ImageObject\",\"inLanguage\":\"pt-BR\",\"@id\":\"https:\\\/\\\/www.34.239.117.254.sslip.io\\\/#\\\/schema\\\/logo\\\/image\\\/\",\"url\":\"http:\\\/\\\/34.239.117.254\\\/wp-content\\\/uploads\\\/2021\\\/03\\\/logo-ay-g.png\",\"contentUrl\":\"http:\\\/\\\/34.239.117.254\\\/wp-content\\\/uploads\\\/2021\\\/03\\\/logo-ay-g.png\",\"width\":434,\"height\":106,\"caption\":\"Amaral, Yazbek Advogados\"},\"image\":{\"@id\":\"https:\\\/\\\/www.34.239.117.254.sslip.io\\\/#\\\/schema\\\/logo\\\/image\\\/\"},\"sameAs\":[\"https:\\\/\\\/www.facebook.com\\\/AYadvogados\",\"https:\\\/\\\/www.instagram.com\\\/ayadvogados\\\/\"]},{\"@type\":\"Person\",\"@id\":\"https:\\\/\\\/www.34.239.117.254.sslip.io\\\/#\\\/schema\\\/person\\\/4abfbf03ad3e577e691d333af064a912\",\"name\":\"AY Advogados\",\"image\":{\"@type\":\"ImageObject\",\"inLanguage\":\"pt-BR\",\"@id\":\"https:\\\/\\\/secure.gravatar.com\\\/avatar\\\/1473912b851241f5503026e6156e144dcd83ff7addb67f65e1ed9ca21ee1d9cf?s=96&d=mm&r=g\",\"url\":\"https:\\\/\\\/secure.gravatar.com\\\/avatar\\\/1473912b851241f5503026e6156e144dcd83ff7addb67f65e1ed9ca21ee1d9cf?s=96&d=mm&r=g\",\"contentUrl\":\"https:\\\/\\\/secure.gravatar.com\\\/avatar\\\/1473912b851241f5503026e6156e144dcd83ff7addb67f65e1ed9ca21ee1d9cf?s=96&d=mm&r=g\",\"caption\":\"AY Advogados\"},\"sameAs\":[\"https:\\\/\\\/ayadvogados.com.br\"],\"url\":\"https:\\\/\\\/www.ayadvogados.com.br\\\/?author=2\"}]}<\/script>\n<!-- \/ Yoast SEO plugin. -->","yoast_head_json":{"title":"Gerdau vence no TRF disputa sobre \u00e1gio - Amaral, Yazbek Advogados","robots":{"index":"index","follow":"follow","max-snippet":"max-snippet:-1","max-image-preview":"max-image-preview:large","max-video-preview":"max-video-preview:-1"},"canonical":"https:\/\/www.ayadvogados.com.br\/?p=752","og_locale":"pt_BR","og_type":"article","og_title":"Gerdau vence no TRF disputa sobre \u00e1gio - Amaral, Yazbek Advogados","og_description":"A Gerdau A\u00e7os Especiais conseguiu anular um auto de infra\u00e7\u00e3o no valor de R$ 367 milh\u00f5es, que trata de \u00e1gio interno, no Tribunal Regional Federal (TRF) da 4\u00aa Regi\u00e3o, com sede em Porto Alegre. A ata de julgamento foi publicada ontem. \u00c9 a primeira decis\u00e3o dos desembargadores favor\u00e1vel ao contribuinte, de acordo com especialistas. Em [&hellip;]","og_url":"https:\/\/www.ayadvogados.com.br\/?p=752","og_site_name":"Amaral, Yazbek Advogados","article_publisher":"https:\/\/www.facebook.com\/AYadvogados","article_published_time":"2021-04-09T21:35:26+00:00","article_modified_time":"2021-04-09T21:38:49+00:00","og_image":[{"width":1000,"height":620,"url":"https:\/\/www.ayadvogados.com.br\/wp-content\/uploads\/2021\/04\/09-04-Blog-1.png","type":"image\/png"}],"author":"AY Advogados","twitter_card":"summary_large_image","twitter_misc":{"Escrito por":"AY Advogados","Est. tempo de leitura":"4 minutos"},"schema":{"@context":"https:\/\/schema.org","@graph":[{"@type":"Article","@id":"https:\/\/www.ayadvogados.com.br\/?p=752#article","isPartOf":{"@id":"https:\/\/www.ayadvogados.com.br\/?p=752"},"author":{"name":"AY Advogados","@id":"https:\/\/www.34.239.117.254.sslip.io\/#\/schema\/person\/4abfbf03ad3e577e691d333af064a912"},"headline":"Gerdau vence no TRF disputa sobre \u00e1gio","datePublished":"2021-04-09T21:35:26+00:00","dateModified":"2021-04-09T21:38:49+00:00","mainEntityOfPage":{"@id":"https:\/\/www.ayadvogados.com.br\/?p=752"},"wordCount":813,"commentCount":0,"publisher":{"@id":"https:\/\/www.34.239.117.254.sslip.io\/#organization"},"image":{"@id":"https:\/\/www.ayadvogados.com.br\/?p=752#primaryimage"},"thumbnailUrl":"https:\/\/www.ayadvogados.com.br\/wp-content\/uploads\/2021\/04\/09-04-Blog-1.png","articleSection":["Not\u00edcia do Dia"],"inLanguage":"pt-BR","potentialAction":[{"@type":"CommentAction","name":"Comment","target":["https:\/\/www.ayadvogados.com.br\/?p=752#respond"]}]},{"@type":"WebPage","@id":"https:\/\/www.ayadvogados.com.br\/?p=752","url":"https:\/\/www.ayadvogados.com.br\/?p=752","name":"Gerdau vence no TRF disputa sobre \u00e1gio - Amaral, Yazbek Advogados","isPartOf":{"@id":"https:\/\/www.34.239.117.254.sslip.io\/#website"},"primaryImageOfPage":{"@id":"https:\/\/www.ayadvogados.com.br\/?p=752#primaryimage"},"image":{"@id":"https:\/\/www.ayadvogados.com.br\/?p=752#primaryimage"},"thumbnailUrl":"https:\/\/www.ayadvogados.com.br\/wp-content\/uploads\/2021\/04\/09-04-Blog-1.png","datePublished":"2021-04-09T21:35:26+00:00","dateModified":"2021-04-09T21:38:49+00:00","breadcrumb":{"@id":"https:\/\/www.ayadvogados.com.br\/?p=752#breadcrumb"},"inLanguage":"pt-BR","potentialAction":[{"@type":"ReadAction","target":["https:\/\/www.ayadvogados.com.br\/?p=752"]}]},{"@type":"ImageObject","inLanguage":"pt-BR","@id":"https:\/\/www.ayadvogados.com.br\/?p=752#primaryimage","url":"https:\/\/www.ayadvogados.com.br\/wp-content\/uploads\/2021\/04\/09-04-Blog-1.png","contentUrl":"https:\/\/www.ayadvogados.com.br\/wp-content\/uploads\/2021\/04\/09-04-Blog-1.png","width":1000,"height":620},{"@type":"BreadcrumbList","@id":"https:\/\/www.ayadvogados.com.br\/?p=752#breadcrumb","itemListElement":[{"@type":"ListItem","position":1,"name":"In\u00edcio","item":"https:\/\/www.34.239.117.254.sslip.io\/"},{"@type":"ListItem","position":2,"name":"Gerdau vence no TRF disputa sobre \u00e1gio"}]},{"@type":"WebSite","@id":"https:\/\/www.34.239.117.254.sslip.io\/#website","url":"https:\/\/www.34.239.117.254.sslip.io\/","name":"Amaral, Yazbek Advogados","description":"Curitiba \u2022 Bras\u00edlia \u2022 S\u00e3o Paulo","publisher":{"@id":"https:\/\/www.34.239.117.254.sslip.io\/#organization"},"potentialAction":[{"@type":"SearchAction","target":{"@type":"EntryPoint","urlTemplate":"https:\/\/www.34.239.117.254.sslip.io\/?s={search_term_string}"},"query-input":{"@type":"PropertyValueSpecification","valueRequired":true,"valueName":"search_term_string"}}],"inLanguage":"pt-BR"},{"@type":"Organization","@id":"https:\/\/www.34.239.117.254.sslip.io\/#organization","name":"Amaral, Yazbek Advogados","url":"https:\/\/www.34.239.117.254.sslip.io\/","logo":{"@type":"ImageObject","inLanguage":"pt-BR","@id":"https:\/\/www.34.239.117.254.sslip.io\/#\/schema\/logo\/image\/","url":"http:\/\/34.239.117.254\/wp-content\/uploads\/2021\/03\/logo-ay-g.png","contentUrl":"http:\/\/34.239.117.254\/wp-content\/uploads\/2021\/03\/logo-ay-g.png","width":434,"height":106,"caption":"Amaral, Yazbek Advogados"},"image":{"@id":"https:\/\/www.34.239.117.254.sslip.io\/#\/schema\/logo\/image\/"},"sameAs":["https:\/\/www.facebook.com\/AYadvogados","https:\/\/www.instagram.com\/ayadvogados\/"]},{"@type":"Person","@id":"https:\/\/www.34.239.117.254.sslip.io\/#\/schema\/person\/4abfbf03ad3e577e691d333af064a912","name":"AY Advogados","image":{"@type":"ImageObject","inLanguage":"pt-BR","@id":"https:\/\/secure.gravatar.com\/avatar\/1473912b851241f5503026e6156e144dcd83ff7addb67f65e1ed9ca21ee1d9cf?s=96&d=mm&r=g","url":"https:\/\/secure.gravatar.com\/avatar\/1473912b851241f5503026e6156e144dcd83ff7addb67f65e1ed9ca21ee1d9cf?s=96&d=mm&r=g","contentUrl":"https:\/\/secure.gravatar.com\/avatar\/1473912b851241f5503026e6156e144dcd83ff7addb67f65e1ed9ca21ee1d9cf?s=96&d=mm&r=g","caption":"AY Advogados"},"sameAs":["https:\/\/ayadvogados.com.br"],"url":"https:\/\/www.ayadvogados.com.br\/?author=2"}]}},"rttpg_featured_image_url":{"full":["https:\/\/www.ayadvogados.com.br\/wp-content\/uploads\/2021\/04\/09-04-Blog-1.png",1000,620,false],"landscape":["https:\/\/www.ayadvogados.com.br\/wp-content\/uploads\/2021\/04\/09-04-Blog-1.png",1000,620,false],"portraits":["https:\/\/www.ayadvogados.com.br\/wp-content\/uploads\/2021\/04\/09-04-Blog-1.png",1000,620,false],"thumbnail":["https:\/\/www.ayadvogados.com.br\/wp-content\/uploads\/2021\/04\/09-04-Blog-1-150x150.png",150,150,true],"medium":["https:\/\/www.ayadvogados.com.br\/wp-content\/uploads\/2021\/04\/09-04-Blog-1-300x186.png",300,186,true],"large":["https:\/\/www.ayadvogados.com.br\/wp-content\/uploads\/2021\/04\/09-04-Blog-1.png",1000,620,false],"1536x1536":["https:\/\/www.ayadvogados.com.br\/wp-content\/uploads\/2021\/04\/09-04-Blog-1.png",1000,620,false],"2048x2048":["https:\/\/www.ayadvogados.com.br\/wp-content\/uploads\/2021\/04\/09-04-Blog-1.png",1000,620,false]},"rttpg_author":{"display_name":"AY Advogados","author_link":"https:\/\/www.ayadvogados.com.br\/?author=2"},"rttpg_comment":0,"rttpg_category":"<a href=\"https:\/\/www.ayadvogados.com.br\/?cat=1\" rel=\"category\">Not\u00edcia do Dia<\/a>","rttpg_excerpt":"A Gerdau A\u00e7os Especiais conseguiu anular um auto de infra\u00e7\u00e3o no valor de R$ 367 milh\u00f5es, que trata de \u00e1gio interno, no Tribunal Regional Federal (TRF) da 4\u00aa Regi\u00e3o, com sede em Porto Alegre. A ata de julgamento foi publicada ontem. \u00c9 a primeira decis\u00e3o dos desembargadores favor\u00e1vel ao contribuinte, de acordo com especialistas. Em&hellip;","_links":{"self":[{"href":"https:\/\/www.ayadvogados.com.br\/index.php?rest_route=\/wp\/v2\/posts\/752","targetHints":{"allow":["GET"]}}],"collection":[{"href":"https:\/\/www.ayadvogados.com.br\/index.php?rest_route=\/wp\/v2\/posts"}],"about":[{"href":"https:\/\/www.ayadvogados.com.br\/index.php?rest_route=\/wp\/v2\/types\/post"}],"author":[{"embeddable":true,"href":"https:\/\/www.ayadvogados.com.br\/index.php?rest_route=\/wp\/v2\/users\/2"}],"replies":[{"embeddable":true,"href":"https:\/\/www.ayadvogados.com.br\/index.php?rest_route=%2Fwp%2Fv2%2Fcomments&post=752"}],"version-history":[{"count":1,"href":"https:\/\/www.ayadvogados.com.br\/index.php?rest_route=\/wp\/v2\/posts\/752\/revisions"}],"predecessor-version":[{"id":754,"href":"https:\/\/www.ayadvogados.com.br\/index.php?rest_route=\/wp\/v2\/posts\/752\/revisions\/754"}],"wp:featuredmedia":[{"embeddable":true,"href":"https:\/\/www.ayadvogados.com.br\/index.php?rest_route=\/wp\/v2\/media\/755"}],"wp:attachment":[{"href":"https:\/\/www.ayadvogados.com.br\/index.php?rest_route=%2Fwp%2Fv2%2Fmedia&parent=752"}],"wp:term":[{"taxonomy":"category","embeddable":true,"href":"https:\/\/www.ayadvogados.com.br\/index.php?rest_route=%2Fwp%2Fv2%2Fcategories&post=752"},{"taxonomy":"post_tag","embeddable":true,"href":"https:\/\/www.ayadvogados.com.br\/index.php?rest_route=%2Fwp%2Fv2%2Ftags&post=752"}],"curies":[{"name":"wp","href":"https:\/\/api.w.org\/{rel}","templated":true}]}}