{"id":749,"date":"2021-04-08T17:17:18","date_gmt":"2021-04-08T20:17:18","guid":{"rendered":"http:\/\/34.239.117.254\/?p=749"},"modified":"2021-04-08T17:17:18","modified_gmt":"2021-04-08T20:17:18","slug":"supremo-decide-reiniciar-julgamento-do-terco-de-ferias","status":"publish","type":"post","link":"https:\/\/www.ayadvogados.com.br\/?p=749","title":{"rendered":"Supremo decide reiniciar julgamento do ter\u00e7o de f\u00e9rias"},"content":{"rendered":"\n<p>O julgamento sobre a tributa\u00e7\u00e3o do ter\u00e7o de f\u00e9rias, que se encerraria ontem no Supremo Tribunal Federal (STF), foi adiado e n\u00e3o h\u00e1 previs\u00e3o de quando ser\u00e1 retomado. Essa suspens\u00e3o, dizem os advogados, n\u00e3o alivia a situa\u00e7\u00e3o das empresas. As a\u00e7\u00f5es que existem sobre o tema continuar\u00e3o correndo nos tribunais regionais e poder\u00e3o ser encerradas de forma contr\u00e1ria aos contribuintes antes de os ministros darem a palavra final.<\/p>\n\n\n\n<p>Trata-se de uma discuss\u00e3o extremamente sens\u00edvel para o mercado. Pode custar entre R$ 80 bilh\u00f5es e R$ 100 bilh\u00f5es para as empresas, segundo proje\u00e7\u00e3o feita pela Associa\u00e7\u00e3o Brasileira de Advocacia Tribut\u00e1ria (Abat).<\/p>\n\n\n\n<p>O julgamento, no STF, foi interrompido por um pedido de destaque no ministro Luiz Fux. Isso faz com que o caso seja deslocado do Plen\u00e1rio Virtual para o presencial &#8211; realizado, atualmente, por meio de videoconfer\u00eancia. Mas n\u00e3o \u00e9 autom\u00e1tico. A inclus\u00e3o em pauta depende de uma decis\u00e3o do presidente da Corte, que \u00e9 o pr\u00f3prio Fux.<\/p>\n\n\n\n<p>Essa movimenta\u00e7\u00e3o interfere no andamento da discuss\u00e3o. Os votos que foram proferidos durante o julgamento no Plen\u00e1rio Virtual n\u00e3o contam. O placar fica novamente zerado e todos os ministros se posicionam presencialmente, o que abre a possibilidade de mudan\u00e7a de voto.<\/p>\n\n\n\n<p>O <strong>Valor<\/strong> apurou que Fux agiu para minimizar o impacto da decis\u00e3o para as empresas. O placar estava apertado e, segundo auxiliares da presid\u00eancia, havia o risco de os ministros n\u00e3o aplicarem a chamada \u201cmodula\u00e7\u00e3o de efeitos\u201d, o que permitiria \u00e0 Receita Federal cobrar os valores que deixaram de ser recolhidos nos \u00faltimos cinco anos. Fux quer conversar com os demais ministros antes de levar o caso ao Plen\u00e1rio.<\/p>\n\n\n\n<p>H\u00e1 discuss\u00e3o, internamente, sobre o qu\u00f3rum necess\u00e1rio para aplicar a modula\u00e7\u00e3o: se oito ou seis votos. Antes de Fux interromper o julgamento, o placar, no Plen\u00e1rio Virtual, estava em cinco a quatro para as empresas. Faltavam somente os votos dele e de Nunes Marques para que houvesse o desfecho.<\/p>\n\n\n\n<p>A discuss\u00e3o sobre a tributa\u00e7\u00e3o do ter\u00e7o de f\u00e9rias vem se estendendo desde agosto do ano passado. Os ministros decidiram, naquela ocasi\u00e3o, que as empresas t\u00eam que incluir esses valores no c\u00e1lculo da contribui\u00e7\u00e3o previdenci\u00e1ria patronal. Elas obedeceram e, imediatamente, passaram a recolher desta forma.<\/p>\n\n\n\n<p>Mas o que deixou de ser pago at\u00e9 a decis\u00e3o do m\u00eas de agosto ficou em aberto. Essa \u00e9 a discuss\u00e3o de agora &#8211; e que pode gerar a d\u00edvida bilion\u00e1ria. O tema est\u00e1 sendo julgado por meio de embargos de declara\u00e7\u00e3o (RE 1072485).<\/p>\n\n\n\n<p>A maioria das empresas, segundo os advogados, se encontra \u201cem d\u00edvida\u201d. Isso por conta de uma decis\u00e3o do Superior Tribunal de Justi\u00e7a (STJ). A Corte havia se posicionado contra a tributa\u00e7\u00e3o do ter\u00e7o de f\u00e9rias no ano de 2014, em car\u00e1ter repetitivo &#8211; vinculando as inst\u00e2ncias inferiores.<\/p>\n\n\n\n<p>Algumas tomaram esse julgamento como verdade e pararam de pagar o tributo, sem sequer recorrer \u00e0 Justi\u00e7a, o que as deixa numa situa\u00e7\u00e3o mais delicada. Outras, mais prudentes, entraram com a\u00e7\u00e3o para ter esse direito formalizado.<\/p>\n\n\n\n<p>De agosto para c\u00e1, no entanto, uma grande parte viu as suas decis\u00f5es caindo por terra. Os desembargadores n\u00e3o esperaram pelo julgamento dos embargos de declara\u00e7\u00e3o para revert\u00ea-las.<\/p>\n\n\n\n<p>Isso acontece por uma determina\u00e7\u00e3o do C\u00f3digo de Processo Civil (CPC). Consta na norma que as decis\u00f5es proferidas em repercuss\u00e3o geral t\u00eam de ser aplicadas logo ap\u00f3s a publica\u00e7\u00e3o da ata do julgamento. Os tribunais regionais promovem, a partir de ent\u00e3o, o que se chama de ju\u00edzo de retrata\u00e7\u00e3o.<\/p>\n\n\n\n<p>\u201cA empresa pode pedir para que o seu caso seja retratado ap\u00f3s o julgamento dos embargos de declara\u00e7\u00e3o. Mas a grande maioria, eu diria 98% desses pedidos, \u00e9 negada. Existe recurso contra essa decis\u00e3o. S\u00f3 que os tribunais t\u00eam entendido como uma a\u00e7\u00e3o meramente protelat\u00f3ria do contribuinte\u201d, diz Tiago Conde, s\u00f3cio do escrit\u00f3rio Sacha Calmon.<\/p>\n\n\n\n<p>Por esse motivo, portanto, as a\u00e7\u00f5es em andamento podem ser encerradas, com decis\u00e3o contr\u00e1ria \u00e0 empresa, antes de o STF definir o caso. Advogados dizem que quanto mais tempo os ministros demorarem para julgar, mais chances haver\u00e1 de os processos se encerrarem na segunda inst\u00e2ncia.<\/p>\n\n\n\n<p>O advogado Pedro Ackel, do escrit\u00f3rio WFaria, diz que 75% dos clientes que t\u00eam a\u00e7\u00f5es sobre esse tema j\u00e1 tiveram as suas decis\u00f5es revertidas nos tribunais regionais. O processo de um \u00fanico deles, no entanto, transitou em julgado at\u00e9 agora. Todos os demais ainda est\u00e3o em discuss\u00e3o.<\/p>\n\n\n\n<p>Mas essa movimenta\u00e7\u00e3o &#8211; de decis\u00f5es revertidas -, por si s\u00f3, tem impactado o caixa das empresas. O contribuinte tem at\u00e9 30 dias, a partir da ci\u00eancia da decis\u00e3o, para pagar os valores devidos ao Fisco ou fazer um dep\u00f3sito judicial. Se cumprir esse prazo, ele se livra da multa de of\u00edcio, que \u00e9 de 20% sobre a d\u00edvida.<\/p>\n\n\n\n<p>Se os valores n\u00e3o forem recolhidos nem depositados judicialmente, diz Pedro Ackel, a Uni\u00e3o pode incluir o d\u00e9bito em d\u00edvida ativa e cobr\u00e1-lo via execu\u00e7\u00e3o fiscal.<\/p>\n\n\n\n<p>O advogado Leo Lopes, s\u00f3cio do escrit\u00f3rio FAS Advogados, complementa que para as empresas que pararam de recolher o tributo sem autoriza\u00e7\u00e3o judicial &#8211; aquelas que se aproveitaram, informalmente, da decis\u00e3o do STJ &#8211; a situa\u00e7\u00e3o \u00e9 ainda mais complicada. \u201cSe forem fiscalizadas nesse per\u00edodo, a tend\u00eancia \u00e9 que a Receita Federal lavre o auto de infra\u00e7\u00e3o, cobrando todos os valores que deixaram de ser recolhidos com juros e corre\u00e7\u00e3o, e ainda aplique uma multa de 75%.\u201d<\/p>\n\n\n\n<p>Fonte: <a href=\"https:\/\/valor.globo.com\/legislacao\/noticia\/2021\/04\/08\/supremo-decide-reiniciar-julgamento-do-terco-de-ferias.ghtml\" data-type=\"URL\" data-id=\"https:\/\/valor.globo.com\/legislacao\/noticia\/2021\/04\/08\/supremo-decide-reiniciar-julgamento-do-terco-de-ferias.ghtml\" target=\"_blank\" rel=\"noreferrer noopener\">Valor<\/a><\/p>\n\n\n\n<p>A Amaral, Yazbek, OAB\/PR 762, possui 35 anos de experi\u00eancia auxiliando empresas a transformar a tributa\u00e7\u00e3o em lucro. Entre em contato com um dos s\u00f3cios para agendamento de reuni\u00e3o em caso de d\u00favidas.<\/p>\n\n\n\n<p>Contato: 41 3595-8300 ou pelo nosso WhatsApp 41 99567-5696<\/p>\n\n\n\n<p>Av. C\u00e2ndido Hartmann, 50 \u2013 Bigorrilho | Curitiba-PR<\/p>\n\n\n\n<p>Assine nossa Newsletter e fique por dentro das novidades!<\/p>\n\n\n\n<p>Quer receber seu exemplar da revista Governan\u00e7a Jur\u00eddica? Clique <a href=\"http:\/\/ayadvogados.com.br\/revista\">aqui<\/a>&nbsp;e pe\u00e7a a sua.<\/p>\n\n\n\n<p>Nos acompanhe nas redes sociais: <a href=\"https:\/\/www.facebook.com\/amaral.yazbek\">Facebook<\/a>&nbsp;| <a href=\"https:\/\/www.instagram.com\/amaral.yazbek\/\">Instagram<\/a> | <a href=\"https:\/\/www.linkedin.com\/company\/3357082\/admin\/\">Linkedin<\/a><\/p>\n\n\n\n<p>J\u00e1 conhece o canal Direito da Intelig\u00eancia de Neg\u00f3cios? <a href=\"https:\/\/www.youtube.com\/channel\/UCu2Mpu32ht8DEN8OFRXYMyw\">Inscreva-se j\u00e1<\/a><\/p>\n","protected":false},"excerpt":{"rendered":"<p>O julgamento sobre a tributa\u00e7\u00e3o do ter\u00e7o de f\u00e9rias, que se encerraria ontem no Supremo Tribunal Federal (STF), foi adiado e n\u00e3o h\u00e1 previs\u00e3o de quando ser\u00e1 retomado. Essa suspens\u00e3o, dizem os advogados, n\u00e3o alivia a situa\u00e7\u00e3o das empresas. As a\u00e7\u00f5es que existem sobre o tema continuar\u00e3o correndo nos tribunais regionais e poder\u00e3o ser encerradas [&hellip;]<\/p>\n","protected":false},"author":2,"featured_media":750,"comment_status":"open","ping_status":"open","sticky":false,"template":"","format":"standard","meta":{"footnotes":""},"categories":[1],"tags":[],"class_list":["post-749","post","type-post","status-publish","format-standard","has-post-thumbnail","hentry","category-noticia-do-dia"],"blocksy_meta":{"styles_descriptor":{"styles":{"desktop":"","tablet":"","mobile":""},"google_fonts":[],"version":6}},"yoast_head":"<!-- This site is optimized with the Yoast SEO plugin v27.5 - https:\/\/yoast.com\/product\/yoast-seo-wordpress\/ -->\n<title>Supremo decide reiniciar julgamento do ter\u00e7o de f\u00e9rias - Amaral, Yazbek Advogados<\/title>\n<meta name=\"robots\" content=\"index, follow, max-snippet:-1, max-image-preview:large, max-video-preview:-1\" \/>\n<link rel=\"canonical\" href=\"https:\/\/www.eloquent-edison.34-239-117-254.plesk.page\/?p=749\" \/>\n<meta property=\"og:locale\" content=\"pt_BR\" \/>\n<meta property=\"og:type\" content=\"article\" \/>\n<meta property=\"og:title\" content=\"Supremo decide reiniciar julgamento do ter\u00e7o de f\u00e9rias - Amaral, Yazbek Advogados\" \/>\n<meta property=\"og:description\" content=\"O julgamento sobre a tributa\u00e7\u00e3o do ter\u00e7o de f\u00e9rias, que se encerraria ontem no Supremo Tribunal Federal (STF), foi adiado e n\u00e3o h\u00e1 previs\u00e3o de quando ser\u00e1 retomado. Essa suspens\u00e3o, dizem os advogados, n\u00e3o alivia a situa\u00e7\u00e3o das empresas. As a\u00e7\u00f5es que existem sobre o tema continuar\u00e3o correndo nos tribunais regionais e poder\u00e3o ser encerradas [&hellip;]\" \/>\n<meta property=\"og:url\" content=\"https:\/\/www.eloquent-edison.34-239-117-254.plesk.page\/?p=749\" \/>\n<meta property=\"og:site_name\" content=\"Amaral, Yazbek Advogados\" \/>\n<meta property=\"article:publisher\" content=\"https:\/\/www.facebook.com\/AYadvogados\" \/>\n<meta property=\"article:published_time\" content=\"2021-04-08T20:17:18+00:00\" \/>\n<meta property=\"og:image\" content=\"https:\/\/www.eloquent-edison.34-239-117-254.plesk.page\/wp-content\/uploads\/2021\/04\/08-04-Blog.png\" \/>\n\t<meta property=\"og:image:width\" content=\"1000\" \/>\n\t<meta property=\"og:image:height\" content=\"620\" \/>\n\t<meta property=\"og:image:type\" content=\"image\/png\" \/>\n<meta name=\"author\" content=\"AY Advogados\" \/>\n<meta name=\"twitter:card\" content=\"summary_large_image\" \/>\n<meta name=\"twitter:label1\" content=\"Escrito por\" \/>\n\t<meta name=\"twitter:data1\" content=\"AY Advogados\" \/>\n\t<meta name=\"twitter:label2\" content=\"Est. tempo de leitura\" \/>\n\t<meta name=\"twitter:data2\" content=\"5 minutos\" \/>\n<script type=\"application\/ld+json\" class=\"yoast-schema-graph\">{\"@context\":\"https:\\\/\\\/schema.org\",\"@graph\":[{\"@type\":\"Article\",\"@id\":\"https:\\\/\\\/www.eloquent-edison.34-239-117-254.plesk.page\\\/?p=749#article\",\"isPartOf\":{\"@id\":\"https:\\\/\\\/www.eloquent-edison.34-239-117-254.plesk.page\\\/?p=749\"},\"author\":{\"name\":\"AY Advogados\",\"@id\":\"https:\\\/\\\/www.34.239.117.254.sslip.io\\\/#\\\/schema\\\/person\\\/4abfbf03ad3e577e691d333af064a912\"},\"headline\":\"Supremo decide reiniciar julgamento do ter\u00e7o de f\u00e9rias\",\"datePublished\":\"2021-04-08T20:17:18+00:00\",\"mainEntityOfPage\":{\"@id\":\"https:\\\/\\\/www.eloquent-edison.34-239-117-254.plesk.page\\\/?p=749\"},\"wordCount\":1087,\"commentCount\":0,\"publisher\":{\"@id\":\"https:\\\/\\\/www.34.239.117.254.sslip.io\\\/#organization\"},\"image\":{\"@id\":\"https:\\\/\\\/www.eloquent-edison.34-239-117-254.plesk.page\\\/?p=749#primaryimage\"},\"thumbnailUrl\":\"https:\\\/\\\/www.ayadvogados.com.br\\\/wp-content\\\/uploads\\\/2021\\\/04\\\/08-04-Blog.png\",\"articleSection\":[\"Not\u00edcia do Dia\"],\"inLanguage\":\"pt-BR\",\"potentialAction\":[{\"@type\":\"CommentAction\",\"name\":\"Comment\",\"target\":[\"https:\\\/\\\/www.eloquent-edison.34-239-117-254.plesk.page\\\/?p=749#respond\"]}]},{\"@type\":\"WebPage\",\"@id\":\"https:\\\/\\\/www.eloquent-edison.34-239-117-254.plesk.page\\\/?p=749\",\"url\":\"https:\\\/\\\/www.eloquent-edison.34-239-117-254.plesk.page\\\/?p=749\",\"name\":\"Supremo decide reiniciar julgamento do ter\u00e7o de f\u00e9rias - Amaral, Yazbek Advogados\",\"isPartOf\":{\"@id\":\"https:\\\/\\\/www.34.239.117.254.sslip.io\\\/#website\"},\"primaryImageOfPage\":{\"@id\":\"https:\\\/\\\/www.eloquent-edison.34-239-117-254.plesk.page\\\/?p=749#primaryimage\"},\"image\":{\"@id\":\"https:\\\/\\\/www.eloquent-edison.34-239-117-254.plesk.page\\\/?p=749#primaryimage\"},\"thumbnailUrl\":\"https:\\\/\\\/www.ayadvogados.com.br\\\/wp-content\\\/uploads\\\/2021\\\/04\\\/08-04-Blog.png\",\"datePublished\":\"2021-04-08T20:17:18+00:00\",\"breadcrumb\":{\"@id\":\"https:\\\/\\\/www.eloquent-edison.34-239-117-254.plesk.page\\\/?p=749#breadcrumb\"},\"inLanguage\":\"pt-BR\",\"potentialAction\":[{\"@type\":\"ReadAction\",\"target\":[\"https:\\\/\\\/www.eloquent-edison.34-239-117-254.plesk.page\\\/?p=749\"]}]},{\"@type\":\"ImageObject\",\"inLanguage\":\"pt-BR\",\"@id\":\"https:\\\/\\\/www.eloquent-edison.34-239-117-254.plesk.page\\\/?p=749#primaryimage\",\"url\":\"https:\\\/\\\/www.ayadvogados.com.br\\\/wp-content\\\/uploads\\\/2021\\\/04\\\/08-04-Blog.png\",\"contentUrl\":\"https:\\\/\\\/www.ayadvogados.com.br\\\/wp-content\\\/uploads\\\/2021\\\/04\\\/08-04-Blog.png\",\"width\":1000,\"height\":620},{\"@type\":\"BreadcrumbList\",\"@id\":\"https:\\\/\\\/www.eloquent-edison.34-239-117-254.plesk.page\\\/?p=749#breadcrumb\",\"itemListElement\":[{\"@type\":\"ListItem\",\"position\":1,\"name\":\"In\u00edcio\",\"item\":\"https:\\\/\\\/www.34.239.117.254.sslip.io\\\/\"},{\"@type\":\"ListItem\",\"position\":2,\"name\":\"Supremo decide reiniciar julgamento do ter\u00e7o de f\u00e9rias\"}]},{\"@type\":\"WebSite\",\"@id\":\"https:\\\/\\\/www.34.239.117.254.sslip.io\\\/#website\",\"url\":\"https:\\\/\\\/www.34.239.117.254.sslip.io\\\/\",\"name\":\"Amaral, Yazbek Advogados\",\"description\":\"Curitiba \u2022 Bras\u00edlia \u2022 S\u00e3o Paulo\",\"publisher\":{\"@id\":\"https:\\\/\\\/www.34.239.117.254.sslip.io\\\/#organization\"},\"potentialAction\":[{\"@type\":\"SearchAction\",\"target\":{\"@type\":\"EntryPoint\",\"urlTemplate\":\"https:\\\/\\\/www.34.239.117.254.sslip.io\\\/?s={search_term_string}\"},\"query-input\":{\"@type\":\"PropertyValueSpecification\",\"valueRequired\":true,\"valueName\":\"search_term_string\"}}],\"inLanguage\":\"pt-BR\"},{\"@type\":\"Organization\",\"@id\":\"https:\\\/\\\/www.34.239.117.254.sslip.io\\\/#organization\",\"name\":\"Amaral, Yazbek Advogados\",\"url\":\"https:\\\/\\\/www.34.239.117.254.sslip.io\\\/\",\"logo\":{\"@type\":\"ImageObject\",\"inLanguage\":\"pt-BR\",\"@id\":\"https:\\\/\\\/www.34.239.117.254.sslip.io\\\/#\\\/schema\\\/logo\\\/image\\\/\",\"url\":\"http:\\\/\\\/34.239.117.254\\\/wp-content\\\/uploads\\\/2021\\\/03\\\/logo-ay-g.png\",\"contentUrl\":\"http:\\\/\\\/34.239.117.254\\\/wp-content\\\/uploads\\\/2021\\\/03\\\/logo-ay-g.png\",\"width\":434,\"height\":106,\"caption\":\"Amaral, Yazbek Advogados\"},\"image\":{\"@id\":\"https:\\\/\\\/www.34.239.117.254.sslip.io\\\/#\\\/schema\\\/logo\\\/image\\\/\"},\"sameAs\":[\"https:\\\/\\\/www.facebook.com\\\/AYadvogados\",\"https:\\\/\\\/www.instagram.com\\\/ayadvogados\\\/\"]},{\"@type\":\"Person\",\"@id\":\"https:\\\/\\\/www.34.239.117.254.sslip.io\\\/#\\\/schema\\\/person\\\/4abfbf03ad3e577e691d333af064a912\",\"name\":\"AY Advogados\",\"image\":{\"@type\":\"ImageObject\",\"inLanguage\":\"pt-BR\",\"@id\":\"https:\\\/\\\/secure.gravatar.com\\\/avatar\\\/1473912b851241f5503026e6156e144dcd83ff7addb67f65e1ed9ca21ee1d9cf?s=96&d=mm&r=g\",\"url\":\"https:\\\/\\\/secure.gravatar.com\\\/avatar\\\/1473912b851241f5503026e6156e144dcd83ff7addb67f65e1ed9ca21ee1d9cf?s=96&d=mm&r=g\",\"contentUrl\":\"https:\\\/\\\/secure.gravatar.com\\\/avatar\\\/1473912b851241f5503026e6156e144dcd83ff7addb67f65e1ed9ca21ee1d9cf?s=96&d=mm&r=g\",\"caption\":\"AY Advogados\"},\"sameAs\":[\"https:\\\/\\\/ayadvogados.com.br\"],\"url\":\"https:\\\/\\\/www.ayadvogados.com.br\\\/?author=2\"}]}<\/script>\n<!-- \/ Yoast SEO plugin. -->","yoast_head_json":{"title":"Supremo decide reiniciar julgamento do ter\u00e7o de f\u00e9rias - Amaral, Yazbek Advogados","robots":{"index":"index","follow":"follow","max-snippet":"max-snippet:-1","max-image-preview":"max-image-preview:large","max-video-preview":"max-video-preview:-1"},"canonical":"https:\/\/www.eloquent-edison.34-239-117-254.plesk.page\/?p=749","og_locale":"pt_BR","og_type":"article","og_title":"Supremo decide reiniciar julgamento do ter\u00e7o de f\u00e9rias - Amaral, Yazbek Advogados","og_description":"O julgamento sobre a tributa\u00e7\u00e3o do ter\u00e7o de f\u00e9rias, que se encerraria ontem no Supremo Tribunal Federal (STF), foi adiado e n\u00e3o h\u00e1 previs\u00e3o de quando ser\u00e1 retomado. Essa suspens\u00e3o, dizem os advogados, n\u00e3o alivia a situa\u00e7\u00e3o das empresas. As a\u00e7\u00f5es que existem sobre o tema continuar\u00e3o correndo nos tribunais regionais e poder\u00e3o ser encerradas [&hellip;]","og_url":"https:\/\/www.eloquent-edison.34-239-117-254.plesk.page\/?p=749","og_site_name":"Amaral, Yazbek Advogados","article_publisher":"https:\/\/www.facebook.com\/AYadvogados","article_published_time":"2021-04-08T20:17:18+00:00","og_image":[{"width":1000,"height":620,"url":"https:\/\/www.eloquent-edison.34-239-117-254.plesk.page\/wp-content\/uploads\/2021\/04\/08-04-Blog.png","type":"image\/png"}],"author":"AY Advogados","twitter_card":"summary_large_image","twitter_misc":{"Escrito por":"AY Advogados","Est. tempo de leitura":"5 minutos"},"schema":{"@context":"https:\/\/schema.org","@graph":[{"@type":"Article","@id":"https:\/\/www.eloquent-edison.34-239-117-254.plesk.page\/?p=749#article","isPartOf":{"@id":"https:\/\/www.eloquent-edison.34-239-117-254.plesk.page\/?p=749"},"author":{"name":"AY Advogados","@id":"https:\/\/www.34.239.117.254.sslip.io\/#\/schema\/person\/4abfbf03ad3e577e691d333af064a912"},"headline":"Supremo decide reiniciar julgamento do ter\u00e7o de f\u00e9rias","datePublished":"2021-04-08T20:17:18+00:00","mainEntityOfPage":{"@id":"https:\/\/www.eloquent-edison.34-239-117-254.plesk.page\/?p=749"},"wordCount":1087,"commentCount":0,"publisher":{"@id":"https:\/\/www.34.239.117.254.sslip.io\/#organization"},"image":{"@id":"https:\/\/www.eloquent-edison.34-239-117-254.plesk.page\/?p=749#primaryimage"},"thumbnailUrl":"https:\/\/www.ayadvogados.com.br\/wp-content\/uploads\/2021\/04\/08-04-Blog.png","articleSection":["Not\u00edcia do Dia"],"inLanguage":"pt-BR","potentialAction":[{"@type":"CommentAction","name":"Comment","target":["https:\/\/www.eloquent-edison.34-239-117-254.plesk.page\/?p=749#respond"]}]},{"@type":"WebPage","@id":"https:\/\/www.eloquent-edison.34-239-117-254.plesk.page\/?p=749","url":"https:\/\/www.eloquent-edison.34-239-117-254.plesk.page\/?p=749","name":"Supremo decide reiniciar julgamento do ter\u00e7o de f\u00e9rias - Amaral, Yazbek Advogados","isPartOf":{"@id":"https:\/\/www.34.239.117.254.sslip.io\/#website"},"primaryImageOfPage":{"@id":"https:\/\/www.eloquent-edison.34-239-117-254.plesk.page\/?p=749#primaryimage"},"image":{"@id":"https:\/\/www.eloquent-edison.34-239-117-254.plesk.page\/?p=749#primaryimage"},"thumbnailUrl":"https:\/\/www.ayadvogados.com.br\/wp-content\/uploads\/2021\/04\/08-04-Blog.png","datePublished":"2021-04-08T20:17:18+00:00","breadcrumb":{"@id":"https:\/\/www.eloquent-edison.34-239-117-254.plesk.page\/?p=749#breadcrumb"},"inLanguage":"pt-BR","potentialAction":[{"@type":"ReadAction","target":["https:\/\/www.eloquent-edison.34-239-117-254.plesk.page\/?p=749"]}]},{"@type":"ImageObject","inLanguage":"pt-BR","@id":"https:\/\/www.eloquent-edison.34-239-117-254.plesk.page\/?p=749#primaryimage","url":"https:\/\/www.ayadvogados.com.br\/wp-content\/uploads\/2021\/04\/08-04-Blog.png","contentUrl":"https:\/\/www.ayadvogados.com.br\/wp-content\/uploads\/2021\/04\/08-04-Blog.png","width":1000,"height":620},{"@type":"BreadcrumbList","@id":"https:\/\/www.eloquent-edison.34-239-117-254.plesk.page\/?p=749#breadcrumb","itemListElement":[{"@type":"ListItem","position":1,"name":"In\u00edcio","item":"https:\/\/www.34.239.117.254.sslip.io\/"},{"@type":"ListItem","position":2,"name":"Supremo decide reiniciar julgamento do ter\u00e7o de f\u00e9rias"}]},{"@type":"WebSite","@id":"https:\/\/www.34.239.117.254.sslip.io\/#website","url":"https:\/\/www.34.239.117.254.sslip.io\/","name":"Amaral, Yazbek Advogados","description":"Curitiba \u2022 Bras\u00edlia \u2022 S\u00e3o Paulo","publisher":{"@id":"https:\/\/www.34.239.117.254.sslip.io\/#organization"},"potentialAction":[{"@type":"SearchAction","target":{"@type":"EntryPoint","urlTemplate":"https:\/\/www.34.239.117.254.sslip.io\/?s={search_term_string}"},"query-input":{"@type":"PropertyValueSpecification","valueRequired":true,"valueName":"search_term_string"}}],"inLanguage":"pt-BR"},{"@type":"Organization","@id":"https:\/\/www.34.239.117.254.sslip.io\/#organization","name":"Amaral, Yazbek Advogados","url":"https:\/\/www.34.239.117.254.sslip.io\/","logo":{"@type":"ImageObject","inLanguage":"pt-BR","@id":"https:\/\/www.34.239.117.254.sslip.io\/#\/schema\/logo\/image\/","url":"http:\/\/34.239.117.254\/wp-content\/uploads\/2021\/03\/logo-ay-g.png","contentUrl":"http:\/\/34.239.117.254\/wp-content\/uploads\/2021\/03\/logo-ay-g.png","width":434,"height":106,"caption":"Amaral, Yazbek Advogados"},"image":{"@id":"https:\/\/www.34.239.117.254.sslip.io\/#\/schema\/logo\/image\/"},"sameAs":["https:\/\/www.facebook.com\/AYadvogados","https:\/\/www.instagram.com\/ayadvogados\/"]},{"@type":"Person","@id":"https:\/\/www.34.239.117.254.sslip.io\/#\/schema\/person\/4abfbf03ad3e577e691d333af064a912","name":"AY Advogados","image":{"@type":"ImageObject","inLanguage":"pt-BR","@id":"https:\/\/secure.gravatar.com\/avatar\/1473912b851241f5503026e6156e144dcd83ff7addb67f65e1ed9ca21ee1d9cf?s=96&d=mm&r=g","url":"https:\/\/secure.gravatar.com\/avatar\/1473912b851241f5503026e6156e144dcd83ff7addb67f65e1ed9ca21ee1d9cf?s=96&d=mm&r=g","contentUrl":"https:\/\/secure.gravatar.com\/avatar\/1473912b851241f5503026e6156e144dcd83ff7addb67f65e1ed9ca21ee1d9cf?s=96&d=mm&r=g","caption":"AY Advogados"},"sameAs":["https:\/\/ayadvogados.com.br"],"url":"https:\/\/www.ayadvogados.com.br\/?author=2"}]}},"rttpg_featured_image_url":{"full":["https:\/\/www.ayadvogados.com.br\/wp-content\/uploads\/2021\/04\/08-04-Blog.png",1000,620,false],"landscape":["https:\/\/www.ayadvogados.com.br\/wp-content\/uploads\/2021\/04\/08-04-Blog.png",1000,620,false],"portraits":["https:\/\/www.ayadvogados.com.br\/wp-content\/uploads\/2021\/04\/08-04-Blog.png",1000,620,false],"thumbnail":["https:\/\/www.ayadvogados.com.br\/wp-content\/uploads\/2021\/04\/08-04-Blog-150x150.png",150,150,true],"medium":["https:\/\/www.ayadvogados.com.br\/wp-content\/uploads\/2021\/04\/08-04-Blog-300x186.png",300,186,true],"large":["https:\/\/www.ayadvogados.com.br\/wp-content\/uploads\/2021\/04\/08-04-Blog.png",1000,620,false],"1536x1536":["https:\/\/www.ayadvogados.com.br\/wp-content\/uploads\/2021\/04\/08-04-Blog.png",1000,620,false],"2048x2048":["https:\/\/www.ayadvogados.com.br\/wp-content\/uploads\/2021\/04\/08-04-Blog.png",1000,620,false]},"rttpg_author":{"display_name":"AY Advogados","author_link":"https:\/\/www.ayadvogados.com.br\/?author=2"},"rttpg_comment":0,"rttpg_category":"<a href=\"https:\/\/www.ayadvogados.com.br\/?cat=1\" rel=\"category\">Not\u00edcia do Dia<\/a>","rttpg_excerpt":"O julgamento sobre a tributa\u00e7\u00e3o do ter\u00e7o de f\u00e9rias, que se encerraria ontem no Supremo Tribunal Federal (STF), foi adiado e n\u00e3o h\u00e1 previs\u00e3o de quando ser\u00e1 retomado. Essa suspens\u00e3o, dizem os advogados, n\u00e3o alivia a situa\u00e7\u00e3o das empresas. As a\u00e7\u00f5es que existem sobre o tema continuar\u00e3o correndo nos tribunais regionais e poder\u00e3o ser encerradas&hellip;","_links":{"self":[{"href":"https:\/\/www.ayadvogados.com.br\/index.php?rest_route=\/wp\/v2\/posts\/749","targetHints":{"allow":["GET"]}}],"collection":[{"href":"https:\/\/www.ayadvogados.com.br\/index.php?rest_route=\/wp\/v2\/posts"}],"about":[{"href":"https:\/\/www.ayadvogados.com.br\/index.php?rest_route=\/wp\/v2\/types\/post"}],"author":[{"embeddable":true,"href":"https:\/\/www.ayadvogados.com.br\/index.php?rest_route=\/wp\/v2\/users\/2"}],"replies":[{"embeddable":true,"href":"https:\/\/www.ayadvogados.com.br\/index.php?rest_route=%2Fwp%2Fv2%2Fcomments&post=749"}],"version-history":[{"count":1,"href":"https:\/\/www.ayadvogados.com.br\/index.php?rest_route=\/wp\/v2\/posts\/749\/revisions"}],"predecessor-version":[{"id":751,"href":"https:\/\/www.ayadvogados.com.br\/index.php?rest_route=\/wp\/v2\/posts\/749\/revisions\/751"}],"wp:featuredmedia":[{"embeddable":true,"href":"https:\/\/www.ayadvogados.com.br\/index.php?rest_route=\/wp\/v2\/media\/750"}],"wp:attachment":[{"href":"https:\/\/www.ayadvogados.com.br\/index.php?rest_route=%2Fwp%2Fv2%2Fmedia&parent=749"}],"wp:term":[{"taxonomy":"category","embeddable":true,"href":"https:\/\/www.ayadvogados.com.br\/index.php?rest_route=%2Fwp%2Fv2%2Fcategories&post=749"},{"taxonomy":"post_tag","embeddable":true,"href":"https:\/\/www.ayadvogados.com.br\/index.php?rest_route=%2Fwp%2Fv2%2Ftags&post=749"}],"curies":[{"name":"wp","href":"https:\/\/api.w.org\/{rel}","templated":true}]}}