{"id":734,"date":"2021-04-07T17:05:49","date_gmt":"2021-04-07T20:05:49","guid":{"rendered":"http:\/\/34.239.117.254\/?p=734"},"modified":"2021-04-07T17:05:49","modified_gmt":"2021-04-07T20:05:49","slug":"empresas-tentam-no-stf-se-livrar-de-divida-bilionaria-sobre-terco-de-ferias","status":"publish","type":"post","link":"https:\/\/www.ayadvogados.com.br\/?p=734","title":{"rendered":"Empresas tentam no STF se livrar de d\u00edvida bilion\u00e1ria sobre ter\u00e7o de f\u00e9rias"},"content":{"rendered":"\n<p>As empresas poder\u00e3o encerrar o dia de hoje com uma <strong>d\u00edvida bilion\u00e1ria com a Uni\u00e3o<\/strong>. A confirma\u00e7\u00e3o depende de um julgamento no Supremo Tribunal Federal (<strong>STF<\/strong>). Os ministros t\u00eam at\u00e9 a meia-noite para decidir se a Receita Federal poder\u00e1 cobrar valores que deixaram de ser pagos, no passado, por aquelas que n\u00e3o contabilizaram o ter\u00e7o de f\u00e9rias no c\u00e1lculo da contribui\u00e7\u00e3o previdenci\u00e1ria patronal.<\/p>\n\n\n\n<p>Esse julgamento ocorre no Plen\u00e1rio Virtual e, por enquanto, a situa\u00e7\u00e3o \u00e9 dram\u00e1tica para as empresas. Dos seis ministros que votaram, quatro se posicionaram pela possibilidade da cobran\u00e7a. Mas ainda <strong>faltam os votos de outros cinco ministros<\/strong> para que se tenha o desfecho.<\/p>\n\n\n\n<p>O STF decidiu pela tributa\u00e7\u00e3o do ter\u00e7o de f\u00e9rias em agosto do ano passado. As empresas, imediatamente, reinclu\u00edram esses valores no c\u00e1lculo da contribui\u00e7\u00e3o patronal e, desde l\u00e1, v\u00eam recolhendo desta forma.<\/p>\n\n\n\n<p>Agora se discute no Supremo <strong>o que deixou de ser pago no passado<\/strong> &#8211; a chamada modula\u00e7\u00e3o de efeitos. Os ministros julgam esse tema por meio dos embargos de declara\u00e7\u00e3o apresentados pelo contribuinte (RE 1072485).<\/p>\n\n\n\n<p>A maioria das empresas n\u00e3o tributava o ter\u00e7o de f\u00e9rias antes da decis\u00e3o de agosto, com base em entendimento do Superior Tribunal de Justi\u00e7a (STJ). Muitas delas amparadas por decis\u00f5es de primeira e segunda inst\u00e2ncias.<\/p>\n\n\n\n<p>De agosto para c\u00e1, no entanto, uma grande parte viu as suas decis\u00f5es caindo por terra. Os desembargadores n\u00e3o esperaram pelo julgamento dos embargos de declara\u00e7\u00e3o para revert\u00ea-las. Essa movimenta\u00e7\u00e3o, por si s\u00f3, tem impactado o caixa das empresas.<\/p>\n\n\n\n<p>O contribuinte tem at\u00e9 30 dias, a partir da ci\u00eancia da decis\u00e3o, para pagar os valores devidos ao Fisco ou fazer um dep\u00f3sito judicial. Se cumprir esse prazo, ele se livra da multa de of\u00edcio, que \u00e9 de 20% sobre a d\u00edvida.<\/p>\n\n\n\n<p>\u201cA import\u00e2ncia de se fazer o dep\u00f3sito \u00e9 para evitar que a Receita Federal venha a lavrar o auto de infra\u00e7\u00e3o. E, nesse caso, com a multa\u201d, afirma o advogado Pedro Ackel, s\u00f3cio do escrit\u00f3rio WFaria. Ele diz que 75% dos seus clientes j\u00e1 tiveram as decis\u00f5es revertidas nos tribunais regionais. Um \u00fanico deles precisou desembolsar, recentemente, <strong>R$ 2,7 milh\u00f5es<\/strong>.<\/p>\n\n\n\n<p>Nesses casos, acrescenta, eles v\u00eam apresentando recurso contra a decis\u00e3o, argumentando que ainda h\u00e1 o julgamento dos embargos de declara\u00e7\u00e3o no STF. Se os ministros aplicarem a modula\u00e7\u00e3o de efeitos, as empresas que optaram por fazer os dep\u00f3sitos poder\u00e3o levantar os valores. Sen\u00e3o, elas, pelo menos, ter\u00e3o se livrado da multa de 20%.<\/p>\n\n\n\n<p>\u201cMas \u00e9 preciso levar em conta que nem todas conseguem tirar milh\u00f5es de reais do seu caixa em 30 dias. Estamos em meio a uma pandemia e as empresas n\u00e3o est\u00e3o capitalizadas\u201d, diz o advogado Halley Henares Neto, presidente da Associa\u00e7\u00e3o Brasileira de Advocacia Tribut\u00e1ria (Abat).<\/p>\n\n\n\n<p>A Abat tem um estudo sobre o impacto da decis\u00e3o do Supremo. Ter\u00e3o de ser desembolsados, pelas empresas, <strong>entre R$ 80 bilh\u00f5es e R$ 100 bilh\u00f5es<\/strong> se prevalecer o entendimento de que a Receita Federal pode cobrar os valores passados.<\/p>\n\n\n\n<p>Essa proje\u00e7\u00e3o foi feita com base nos valores arrecadados pelo governo federal. S\u00e3o cerca de R$ 200 bilh\u00f5es por ano com a contribui\u00e7\u00e3o previdenci\u00e1ria patronal. O ter\u00e7o de f\u00e9rias, se contabilizado, diz a Abat, representaria <strong>entre 10% e 12% <\/strong>desse total.<\/p>\n\n\n\n<p>\u201cAs demonstra\u00e7\u00f5es financeiras das empresas neste ano de 2021 v\u00e3o sofrer um impacto significativo. Vai ser dif\u00edcil at\u00e9 explicar para o acionista de fora, no caso de uma multinacional, por exemplo, como esse rombo surgiu do dia para a noite. Existia, afinal, uma decis\u00e3o em car\u00e1ter repetitivo do STJ\u201d, diz Henares Neto.<\/p>\n\n\n\n<p>Ele se refere \u00e0 decis\u00e3o de fevereiro de 2014, quando o STJ se posicionou sobre o tema em car\u00e1ter repetitivo &#8211; vinculando as inst\u00e2ncias inferiores. Os ministros consideraram, naquela ocasi\u00e3o, que por ter natureza indenizat\u00f3ria, o ter\u00e7o de f\u00e9rias n\u00e3o deveria ser inclu\u00eddo no c\u00e1lculo da contribui\u00e7\u00e3o patronal.<\/p>\n\n\n\n<p>\u00c9 por esse motivo, segundo os advogados, que praticamente todas as empresas se encontram \u201cem d\u00edvida\u201d. Algumas tomaram esse julgamento como verdade e pararam de tributar, sem sequer recorrer \u00e0 Justi\u00e7a &#8211; o que, segundo os advogados, as deixa numa situa\u00e7\u00e3o delicada. Outras, mais prudentes, entraram com a\u00e7\u00e3o para ter esse direito formalizado.<\/p>\n\n\n\n<p>Os ministros do STF alteraram essa jurisprud\u00eancia &#8211; seis anos depois &#8211; com ampla maioria de votos: 9 a 1. Prevaleceu o entendimento do relator, o ministro Marco Aur\u00e9lio.<\/p>\n\n\n\n<p>Ele tamb\u00e9m est\u00e1 puxando votos, agora, no julgamento dos embargos. Marco Aur\u00e9lio se posicionou pela possibilidade de a Receita Federal cobrar os valores passados e, por enquanto, est\u00e1 sendo acompanhado por tr\u00eas ministros: Alexandre de Moraes, Gilmar Mendes e Ricardo Lewandowski.<\/p>\n\n\n\n<p>O posicionamento do relator n\u00e3o causou surpresa ao mercado. Marco Aur\u00e9lio, que <a href=\"https:\/\/valor.globo.com\/politica\/noticia\/2021\/04\/06\/ministro-marco-aurlio-do-stf-submetido-a-cirurgia-para-retirada-de-carcinoma.ghtml\">passou recentemente por uma cirurgia<\/a>, geralmente vota contra a chamada modula\u00e7\u00e3o de efeitos na Corte. Ele repetiu, nesse caso, portanto, algo que j\u00e1 era j\u00e1 conhecido.<\/p>\n\n\n\n<p>\u201cConcluindo-se pela modula\u00e7\u00e3o, a \u00f3ptica desaguar\u00e1 na presun\u00e7\u00e3o de inconstitucionalidade da norma enquanto n\u00e3o houver delibera\u00e7\u00e3o do tribunal sob o \u00e2ngulo da repercuss\u00e3o maior. N\u00e3o se pode potencializar a seguran\u00e7a jur\u00eddica &#8211; g\u00eanero &#8211; em detrimento da pr\u00f3pria lei, instrumento \u00faltimo de estabiliza\u00e7\u00e3o das expectativas no Estado Democr\u00e1tico de Direito\u201d, diz em seu voto.<\/p>\n\n\n\n<p>Os ministros Lu\u00eds Roberto Barroso e Dias Toffoli, minoria por enquanto, s\u00e3o os \u00fanicos divergindo. Eles defendem que o governo possa cobrar a tributa\u00e7\u00e3o sobre o ter\u00e7o de f\u00e9rias somente a partir da ata do julgamento do STF &#8211; impedindo, portanto, a cobran\u00e7a dos valores que, no passado, n\u00e3o foram pagos.<\/p>\n\n\n\n<p>Eles ressaltam, no entanto, que quem recolheu a contribui\u00e7\u00e3o sobre o ter\u00e7o de f\u00e9rias no passado n\u00e3o poder\u00e1 pedir a devolu\u00e7\u00e3o dos valores ao governo.<\/p>\n\n\n\n<p>O ministro Barroso cita, no seu voto, o artigo 927 do C\u00f3digo de Processo Civil. Consta nesse dispositivo que pode haver a modula\u00e7\u00e3o de efeitos quando h\u00e1 altera\u00e7\u00e3o de jurisprud\u00eancia dominante nos tribunais superiores ou oriunda de julgamento de casos repetitivos.<\/p>\n\n\n\n<p>\u201cResta clara a altera\u00e7\u00e3o de jurisprud\u00eancia dominante do STJ, o que, por si s\u00f3, j\u00e1 demandaria atua\u00e7\u00e3o desta Corte a fim de assegurar que a seguran\u00e7a jur\u00eddica e a confian\u00e7a no sistema integrado de precedentes sofram os menores impactos negativos poss\u00edveis\u201d, ele afirma.<\/p>\n\n\n\n<p>Al\u00e9m disso, acrescenta, o STF, desde 2011, vinha se negando a julgar, por meio de repercuss\u00e3o geral, as discuss\u00f5es referentes \u00e0 defini\u00e7\u00e3o das verbas &#8211; se indenizat\u00f3ria ou remunerat\u00f3ria &#8211; para fins de incid\u00eancia da contribui\u00e7\u00e3o previdenci\u00e1ria.<\/p>\n\n\n\n<p>\u201cImposs\u00edvel desconsiderar que o julgamento de m\u00e9rito e o reconhecimento da constitucionalidade da incid\u00eancia da contribui\u00e7\u00e3o previdenci\u00e1ria sobre o ter\u00e7o de f\u00e9rias contrariam um arcabou\u00e7o jurisprudencial que envolve precedentes desta Corte e do Superior Tribunal de Justi\u00e7a\u201d, conclui.<\/p>\n\n\n\n<p>Ele chama a aten\u00e7\u00e3o que essa decis\u00e3o pode reverberar, inclusive, em outras mat\u00e9rias com jurisprud\u00eancia pacificada. Entre elas, a incid\u00eancia da contribui\u00e7\u00e3o do empregado sobre o ter\u00e7o de f\u00e9rias.<\/p>\n\n\n\n<p>At\u00e9 a noite de ontem, faltavam os votos dos ministros C\u00e1rmen L\u00facia, Edson Fachin, Luiz Fux, Nunes Marques e Rosa Weber. Eles podem apresentar pedido de vista ou de destaque, o que, se ocorrer, suspende as discuss\u00f5es, adiando, portanto, a conclus\u00e3o do caso.<\/p>\n\n\n\n<p>Fonte: <a href=\"https:\/\/valor.globo.com\/legislacao\/noticia\/2021\/04\/07\/empresas-tentam-no-stf-se-livrar-de-divida-bilionaria-sobre-terco-de-ferias.ghtml\" data-type=\"URL\" data-id=\"https:\/\/valor.globo.com\/legislacao\/noticia\/2021\/04\/07\/empresas-tentam-no-stf-se-livrar-de-divida-bilionaria-sobre-terco-de-ferias.ghtml\" target=\"_blank\" rel=\"noreferrer noopener\">Valor<\/a><\/p>\n\n\n\n<p><\/p>\n\n\n\n<p>A Amaral, Yazbek, OAB\/PR 762, possui 35 anos de experi\u00eancia auxiliando empresas a transformar a tributa\u00e7\u00e3o em lucro. Entre em contato com um dos s\u00f3cios para agendamento de reuni\u00e3o em caso de d\u00favidas.<\/p>\n\n\n\n<p>Contato: 41 3595-8300 ou pelo nosso WhatsApp 41 99567-5696<\/p>\n\n\n\n<p>Av. C\u00e2ndido Hartmann, 50 \u2013 Bigorrilho | Curitiba-PR<\/p>\n\n\n\n<p>Assine nossa Newsletter e fique por dentro das novidades!<\/p>\n\n\n\n<p>Quer receber seu exemplar da revista Governan\u00e7a Jur\u00eddica? Clique <a href=\"http:\/\/ayadvogados.com.br\/revista\">aqui<\/a>&nbsp;e pe\u00e7a a sua.<\/p>\n\n\n\n<p>Nos acompanhe nas redes sociais: <a href=\"https:\/\/www.facebook.com\/amaral.yazbek\">Facebook<\/a>&nbsp;| <a href=\"https:\/\/www.instagram.com\/amaral.yazbek\/\">Instagram<\/a> | <a href=\"https:\/\/www.linkedin.com\/company\/3357082\/admin\/\">Linkedin<\/a><\/p>\n\n\n\n<p>J\u00e1 conhece o canal Direito da Intelig\u00eancia de Neg\u00f3cios? <a href=\"https:\/\/www.youtube.com\/channel\/UCu2Mpu32ht8DEN8OFRXYMyw\">Inscreva-se j\u00e1<\/a><\/p>\n","protected":false},"excerpt":{"rendered":"<p>As empresas poder\u00e3o encerrar o dia de hoje com uma d\u00edvida bilion\u00e1ria com a Uni\u00e3o. A confirma\u00e7\u00e3o depende de um julgamento no Supremo Tribunal Federal (STF). Os ministros t\u00eam at\u00e9 a meia-noite para decidir se a Receita Federal poder\u00e1 cobrar valores que deixaram de ser pagos, no passado, por aquelas que n\u00e3o contabilizaram o ter\u00e7o [&hellip;]<\/p>\n","protected":false},"author":2,"featured_media":735,"comment_status":"open","ping_status":"open","sticky":false,"template":"","format":"standard","meta":{"footnotes":""},"categories":[1],"tags":[],"class_list":["post-734","post","type-post","status-publish","format-standard","has-post-thumbnail","hentry","category-noticia-do-dia"],"blocksy_meta":{"styles_descriptor":{"styles":{"desktop":"","tablet":"","mobile":""},"google_fonts":[],"version":6}},"yoast_head":"<!-- This site is optimized with the Yoast SEO plugin v27.5 - https:\/\/yoast.com\/product\/yoast-seo-wordpress\/ -->\n<title>Empresas tentam no STF se livrar de d\u00edvida bilion\u00e1ria sobre ter\u00e7o de f\u00e9rias - Amaral, Yazbek Advogados<\/title>\n<meta name=\"robots\" content=\"index, follow, max-snippet:-1, max-image-preview:large, max-video-preview:-1\" \/>\n<link rel=\"canonical\" href=\"https:\/\/www.eloquent-edison.34-239-117-254.plesk.page\/?p=734\" \/>\n<meta property=\"og:locale\" content=\"pt_BR\" \/>\n<meta property=\"og:type\" content=\"article\" \/>\n<meta property=\"og:title\" content=\"Empresas tentam no STF se livrar de d\u00edvida bilion\u00e1ria sobre ter\u00e7o de f\u00e9rias - Amaral, Yazbek Advogados\" \/>\n<meta property=\"og:description\" content=\"As empresas poder\u00e3o encerrar o dia de hoje com uma d\u00edvida bilion\u00e1ria com a Uni\u00e3o. A confirma\u00e7\u00e3o depende de um julgamento no Supremo Tribunal Federal (STF). Os ministros t\u00eam at\u00e9 a meia-noite para decidir se a Receita Federal poder\u00e1 cobrar valores que deixaram de ser pagos, no passado, por aquelas que n\u00e3o contabilizaram o ter\u00e7o [&hellip;]\" \/>\n<meta property=\"og:url\" content=\"https:\/\/www.eloquent-edison.34-239-117-254.plesk.page\/?p=734\" \/>\n<meta property=\"og:site_name\" content=\"Amaral, Yazbek Advogados\" \/>\n<meta property=\"article:publisher\" content=\"https:\/\/www.facebook.com\/AYadvogados\" \/>\n<meta property=\"article:published_time\" content=\"2021-04-07T20:05:49+00:00\" \/>\n<meta property=\"og:image\" content=\"https:\/\/www.eloquent-edison.34-239-117-254.plesk.page\/wp-content\/uploads\/2021\/04\/07-04-Blog.png\" \/>\n\t<meta property=\"og:image:width\" content=\"1000\" \/>\n\t<meta property=\"og:image:height\" content=\"620\" \/>\n\t<meta property=\"og:image:type\" content=\"image\/png\" \/>\n<meta name=\"author\" content=\"AY Advogados\" \/>\n<meta name=\"twitter:card\" content=\"summary_large_image\" \/>\n<meta name=\"twitter:label1\" content=\"Escrito por\" \/>\n\t<meta name=\"twitter:data1\" content=\"AY Advogados\" \/>\n\t<meta name=\"twitter:label2\" content=\"Est. tempo de leitura\" \/>\n\t<meta name=\"twitter:data2\" content=\"7 minutos\" \/>\n<script type=\"application\/ld+json\" class=\"yoast-schema-graph\">{\"@context\":\"https:\\\/\\\/schema.org\",\"@graph\":[{\"@type\":\"Article\",\"@id\":\"https:\\\/\\\/www.eloquent-edison.34-239-117-254.plesk.page\\\/?p=734#article\",\"isPartOf\":{\"@id\":\"https:\\\/\\\/www.eloquent-edison.34-239-117-254.plesk.page\\\/?p=734\"},\"author\":{\"name\":\"AY Advogados\",\"@id\":\"https:\\\/\\\/www.34.239.117.254.sslip.io\\\/#\\\/schema\\\/person\\\/4abfbf03ad3e577e691d333af064a912\"},\"headline\":\"Empresas tentam no STF se livrar de d\u00edvida bilion\u00e1ria sobre ter\u00e7o de f\u00e9rias\",\"datePublished\":\"2021-04-07T20:05:49+00:00\",\"mainEntityOfPage\":{\"@id\":\"https:\\\/\\\/www.eloquent-edison.34-239-117-254.plesk.page\\\/?p=734\"},\"wordCount\":1409,\"commentCount\":0,\"publisher\":{\"@id\":\"https:\\\/\\\/www.34.239.117.254.sslip.io\\\/#organization\"},\"image\":{\"@id\":\"https:\\\/\\\/www.eloquent-edison.34-239-117-254.plesk.page\\\/?p=734#primaryimage\"},\"thumbnailUrl\":\"https:\\\/\\\/www.ayadvogados.com.br\\\/wp-content\\\/uploads\\\/2021\\\/04\\\/07-04-Blog.png\",\"articleSection\":[\"Not\u00edcia do Dia\"],\"inLanguage\":\"pt-BR\",\"potentialAction\":[{\"@type\":\"CommentAction\",\"name\":\"Comment\",\"target\":[\"https:\\\/\\\/www.eloquent-edison.34-239-117-254.plesk.page\\\/?p=734#respond\"]}]},{\"@type\":\"WebPage\",\"@id\":\"https:\\\/\\\/www.eloquent-edison.34-239-117-254.plesk.page\\\/?p=734\",\"url\":\"https:\\\/\\\/www.eloquent-edison.34-239-117-254.plesk.page\\\/?p=734\",\"name\":\"Empresas tentam no STF se livrar de d\u00edvida bilion\u00e1ria sobre ter\u00e7o de f\u00e9rias - Amaral, Yazbek Advogados\",\"isPartOf\":{\"@id\":\"https:\\\/\\\/www.34.239.117.254.sslip.io\\\/#website\"},\"primaryImageOfPage\":{\"@id\":\"https:\\\/\\\/www.eloquent-edison.34-239-117-254.plesk.page\\\/?p=734#primaryimage\"},\"image\":{\"@id\":\"https:\\\/\\\/www.eloquent-edison.34-239-117-254.plesk.page\\\/?p=734#primaryimage\"},\"thumbnailUrl\":\"https:\\\/\\\/www.ayadvogados.com.br\\\/wp-content\\\/uploads\\\/2021\\\/04\\\/07-04-Blog.png\",\"datePublished\":\"2021-04-07T20:05:49+00:00\",\"breadcrumb\":{\"@id\":\"https:\\\/\\\/www.eloquent-edison.34-239-117-254.plesk.page\\\/?p=734#breadcrumb\"},\"inLanguage\":\"pt-BR\",\"potentialAction\":[{\"@type\":\"ReadAction\",\"target\":[\"https:\\\/\\\/www.eloquent-edison.34-239-117-254.plesk.page\\\/?p=734\"]}]},{\"@type\":\"ImageObject\",\"inLanguage\":\"pt-BR\",\"@id\":\"https:\\\/\\\/www.eloquent-edison.34-239-117-254.plesk.page\\\/?p=734#primaryimage\",\"url\":\"https:\\\/\\\/www.ayadvogados.com.br\\\/wp-content\\\/uploads\\\/2021\\\/04\\\/07-04-Blog.png\",\"contentUrl\":\"https:\\\/\\\/www.ayadvogados.com.br\\\/wp-content\\\/uploads\\\/2021\\\/04\\\/07-04-Blog.png\",\"width\":1000,\"height\":620},{\"@type\":\"BreadcrumbList\",\"@id\":\"https:\\\/\\\/www.eloquent-edison.34-239-117-254.plesk.page\\\/?p=734#breadcrumb\",\"itemListElement\":[{\"@type\":\"ListItem\",\"position\":1,\"name\":\"In\u00edcio\",\"item\":\"https:\\\/\\\/www.34.239.117.254.sslip.io\\\/\"},{\"@type\":\"ListItem\",\"position\":2,\"name\":\"Empresas tentam no STF se livrar de d\u00edvida bilion\u00e1ria sobre ter\u00e7o de f\u00e9rias\"}]},{\"@type\":\"WebSite\",\"@id\":\"https:\\\/\\\/www.34.239.117.254.sslip.io\\\/#website\",\"url\":\"https:\\\/\\\/www.34.239.117.254.sslip.io\\\/\",\"name\":\"Amaral, Yazbek Advogados\",\"description\":\"Curitiba \u2022 Bras\u00edlia \u2022 S\u00e3o Paulo\",\"publisher\":{\"@id\":\"https:\\\/\\\/www.34.239.117.254.sslip.io\\\/#organization\"},\"potentialAction\":[{\"@type\":\"SearchAction\",\"target\":{\"@type\":\"EntryPoint\",\"urlTemplate\":\"https:\\\/\\\/www.34.239.117.254.sslip.io\\\/?s={search_term_string}\"},\"query-input\":{\"@type\":\"PropertyValueSpecification\",\"valueRequired\":true,\"valueName\":\"search_term_string\"}}],\"inLanguage\":\"pt-BR\"},{\"@type\":\"Organization\",\"@id\":\"https:\\\/\\\/www.34.239.117.254.sslip.io\\\/#organization\",\"name\":\"Amaral, Yazbek Advogados\",\"url\":\"https:\\\/\\\/www.34.239.117.254.sslip.io\\\/\",\"logo\":{\"@type\":\"ImageObject\",\"inLanguage\":\"pt-BR\",\"@id\":\"https:\\\/\\\/www.34.239.117.254.sslip.io\\\/#\\\/schema\\\/logo\\\/image\\\/\",\"url\":\"http:\\\/\\\/34.239.117.254\\\/wp-content\\\/uploads\\\/2021\\\/03\\\/logo-ay-g.png\",\"contentUrl\":\"http:\\\/\\\/34.239.117.254\\\/wp-content\\\/uploads\\\/2021\\\/03\\\/logo-ay-g.png\",\"width\":434,\"height\":106,\"caption\":\"Amaral, Yazbek Advogados\"},\"image\":{\"@id\":\"https:\\\/\\\/www.34.239.117.254.sslip.io\\\/#\\\/schema\\\/logo\\\/image\\\/\"},\"sameAs\":[\"https:\\\/\\\/www.facebook.com\\\/AYadvogados\",\"https:\\\/\\\/www.instagram.com\\\/ayadvogados\\\/\"]},{\"@type\":\"Person\",\"@id\":\"https:\\\/\\\/www.34.239.117.254.sslip.io\\\/#\\\/schema\\\/person\\\/4abfbf03ad3e577e691d333af064a912\",\"name\":\"AY Advogados\",\"image\":{\"@type\":\"ImageObject\",\"inLanguage\":\"pt-BR\",\"@id\":\"https:\\\/\\\/secure.gravatar.com\\\/avatar\\\/1473912b851241f5503026e6156e144dcd83ff7addb67f65e1ed9ca21ee1d9cf?s=96&d=mm&r=g\",\"url\":\"https:\\\/\\\/secure.gravatar.com\\\/avatar\\\/1473912b851241f5503026e6156e144dcd83ff7addb67f65e1ed9ca21ee1d9cf?s=96&d=mm&r=g\",\"contentUrl\":\"https:\\\/\\\/secure.gravatar.com\\\/avatar\\\/1473912b851241f5503026e6156e144dcd83ff7addb67f65e1ed9ca21ee1d9cf?s=96&d=mm&r=g\",\"caption\":\"AY Advogados\"},\"sameAs\":[\"https:\\\/\\\/ayadvogados.com.br\"],\"url\":\"https:\\\/\\\/www.ayadvogados.com.br\\\/?author=2\"}]}<\/script>\n<!-- \/ Yoast SEO plugin. -->","yoast_head_json":{"title":"Empresas tentam no STF se livrar de d\u00edvida bilion\u00e1ria sobre ter\u00e7o de f\u00e9rias - Amaral, Yazbek Advogados","robots":{"index":"index","follow":"follow","max-snippet":"max-snippet:-1","max-image-preview":"max-image-preview:large","max-video-preview":"max-video-preview:-1"},"canonical":"https:\/\/www.eloquent-edison.34-239-117-254.plesk.page\/?p=734","og_locale":"pt_BR","og_type":"article","og_title":"Empresas tentam no STF se livrar de d\u00edvida bilion\u00e1ria sobre ter\u00e7o de f\u00e9rias - Amaral, Yazbek Advogados","og_description":"As empresas poder\u00e3o encerrar o dia de hoje com uma d\u00edvida bilion\u00e1ria com a Uni\u00e3o. A confirma\u00e7\u00e3o depende de um julgamento no Supremo Tribunal Federal (STF). Os ministros t\u00eam at\u00e9 a meia-noite para decidir se a Receita Federal poder\u00e1 cobrar valores que deixaram de ser pagos, no passado, por aquelas que n\u00e3o contabilizaram o ter\u00e7o [&hellip;]","og_url":"https:\/\/www.eloquent-edison.34-239-117-254.plesk.page\/?p=734","og_site_name":"Amaral, Yazbek Advogados","article_publisher":"https:\/\/www.facebook.com\/AYadvogados","article_published_time":"2021-04-07T20:05:49+00:00","og_image":[{"width":1000,"height":620,"url":"https:\/\/www.eloquent-edison.34-239-117-254.plesk.page\/wp-content\/uploads\/2021\/04\/07-04-Blog.png","type":"image\/png"}],"author":"AY Advogados","twitter_card":"summary_large_image","twitter_misc":{"Escrito por":"AY Advogados","Est. tempo de leitura":"7 minutos"},"schema":{"@context":"https:\/\/schema.org","@graph":[{"@type":"Article","@id":"https:\/\/www.eloquent-edison.34-239-117-254.plesk.page\/?p=734#article","isPartOf":{"@id":"https:\/\/www.eloquent-edison.34-239-117-254.plesk.page\/?p=734"},"author":{"name":"AY Advogados","@id":"https:\/\/www.34.239.117.254.sslip.io\/#\/schema\/person\/4abfbf03ad3e577e691d333af064a912"},"headline":"Empresas tentam no STF se livrar de d\u00edvida bilion\u00e1ria sobre ter\u00e7o de f\u00e9rias","datePublished":"2021-04-07T20:05:49+00:00","mainEntityOfPage":{"@id":"https:\/\/www.eloquent-edison.34-239-117-254.plesk.page\/?p=734"},"wordCount":1409,"commentCount":0,"publisher":{"@id":"https:\/\/www.34.239.117.254.sslip.io\/#organization"},"image":{"@id":"https:\/\/www.eloquent-edison.34-239-117-254.plesk.page\/?p=734#primaryimage"},"thumbnailUrl":"https:\/\/www.ayadvogados.com.br\/wp-content\/uploads\/2021\/04\/07-04-Blog.png","articleSection":["Not\u00edcia do Dia"],"inLanguage":"pt-BR","potentialAction":[{"@type":"CommentAction","name":"Comment","target":["https:\/\/www.eloquent-edison.34-239-117-254.plesk.page\/?p=734#respond"]}]},{"@type":"WebPage","@id":"https:\/\/www.eloquent-edison.34-239-117-254.plesk.page\/?p=734","url":"https:\/\/www.eloquent-edison.34-239-117-254.plesk.page\/?p=734","name":"Empresas tentam no STF se livrar de d\u00edvida bilion\u00e1ria sobre ter\u00e7o de f\u00e9rias - Amaral, Yazbek Advogados","isPartOf":{"@id":"https:\/\/www.34.239.117.254.sslip.io\/#website"},"primaryImageOfPage":{"@id":"https:\/\/www.eloquent-edison.34-239-117-254.plesk.page\/?p=734#primaryimage"},"image":{"@id":"https:\/\/www.eloquent-edison.34-239-117-254.plesk.page\/?p=734#primaryimage"},"thumbnailUrl":"https:\/\/www.ayadvogados.com.br\/wp-content\/uploads\/2021\/04\/07-04-Blog.png","datePublished":"2021-04-07T20:05:49+00:00","breadcrumb":{"@id":"https:\/\/www.eloquent-edison.34-239-117-254.plesk.page\/?p=734#breadcrumb"},"inLanguage":"pt-BR","potentialAction":[{"@type":"ReadAction","target":["https:\/\/www.eloquent-edison.34-239-117-254.plesk.page\/?p=734"]}]},{"@type":"ImageObject","inLanguage":"pt-BR","@id":"https:\/\/www.eloquent-edison.34-239-117-254.plesk.page\/?p=734#primaryimage","url":"https:\/\/www.ayadvogados.com.br\/wp-content\/uploads\/2021\/04\/07-04-Blog.png","contentUrl":"https:\/\/www.ayadvogados.com.br\/wp-content\/uploads\/2021\/04\/07-04-Blog.png","width":1000,"height":620},{"@type":"BreadcrumbList","@id":"https:\/\/www.eloquent-edison.34-239-117-254.plesk.page\/?p=734#breadcrumb","itemListElement":[{"@type":"ListItem","position":1,"name":"In\u00edcio","item":"https:\/\/www.34.239.117.254.sslip.io\/"},{"@type":"ListItem","position":2,"name":"Empresas tentam no STF se livrar de d\u00edvida bilion\u00e1ria sobre ter\u00e7o de f\u00e9rias"}]},{"@type":"WebSite","@id":"https:\/\/www.34.239.117.254.sslip.io\/#website","url":"https:\/\/www.34.239.117.254.sslip.io\/","name":"Amaral, Yazbek Advogados","description":"Curitiba \u2022 Bras\u00edlia \u2022 S\u00e3o Paulo","publisher":{"@id":"https:\/\/www.34.239.117.254.sslip.io\/#organization"},"potentialAction":[{"@type":"SearchAction","target":{"@type":"EntryPoint","urlTemplate":"https:\/\/www.34.239.117.254.sslip.io\/?s={search_term_string}"},"query-input":{"@type":"PropertyValueSpecification","valueRequired":true,"valueName":"search_term_string"}}],"inLanguage":"pt-BR"},{"@type":"Organization","@id":"https:\/\/www.34.239.117.254.sslip.io\/#organization","name":"Amaral, Yazbek Advogados","url":"https:\/\/www.34.239.117.254.sslip.io\/","logo":{"@type":"ImageObject","inLanguage":"pt-BR","@id":"https:\/\/www.34.239.117.254.sslip.io\/#\/schema\/logo\/image\/","url":"http:\/\/34.239.117.254\/wp-content\/uploads\/2021\/03\/logo-ay-g.png","contentUrl":"http:\/\/34.239.117.254\/wp-content\/uploads\/2021\/03\/logo-ay-g.png","width":434,"height":106,"caption":"Amaral, Yazbek Advogados"},"image":{"@id":"https:\/\/www.34.239.117.254.sslip.io\/#\/schema\/logo\/image\/"},"sameAs":["https:\/\/www.facebook.com\/AYadvogados","https:\/\/www.instagram.com\/ayadvogados\/"]},{"@type":"Person","@id":"https:\/\/www.34.239.117.254.sslip.io\/#\/schema\/person\/4abfbf03ad3e577e691d333af064a912","name":"AY Advogados","image":{"@type":"ImageObject","inLanguage":"pt-BR","@id":"https:\/\/secure.gravatar.com\/avatar\/1473912b851241f5503026e6156e144dcd83ff7addb67f65e1ed9ca21ee1d9cf?s=96&d=mm&r=g","url":"https:\/\/secure.gravatar.com\/avatar\/1473912b851241f5503026e6156e144dcd83ff7addb67f65e1ed9ca21ee1d9cf?s=96&d=mm&r=g","contentUrl":"https:\/\/secure.gravatar.com\/avatar\/1473912b851241f5503026e6156e144dcd83ff7addb67f65e1ed9ca21ee1d9cf?s=96&d=mm&r=g","caption":"AY Advogados"},"sameAs":["https:\/\/ayadvogados.com.br"],"url":"https:\/\/www.ayadvogados.com.br\/?author=2"}]}},"rttpg_featured_image_url":{"full":["https:\/\/www.ayadvogados.com.br\/wp-content\/uploads\/2021\/04\/07-04-Blog.png",1000,620,false],"landscape":["https:\/\/www.ayadvogados.com.br\/wp-content\/uploads\/2021\/04\/07-04-Blog.png",1000,620,false],"portraits":["https:\/\/www.ayadvogados.com.br\/wp-content\/uploads\/2021\/04\/07-04-Blog.png",1000,620,false],"thumbnail":["https:\/\/www.ayadvogados.com.br\/wp-content\/uploads\/2021\/04\/07-04-Blog-150x150.png",150,150,true],"medium":["https:\/\/www.ayadvogados.com.br\/wp-content\/uploads\/2021\/04\/07-04-Blog-300x186.png",300,186,true],"large":["https:\/\/www.ayadvogados.com.br\/wp-content\/uploads\/2021\/04\/07-04-Blog.png",1000,620,false],"1536x1536":["https:\/\/www.ayadvogados.com.br\/wp-content\/uploads\/2021\/04\/07-04-Blog.png",1000,620,false],"2048x2048":["https:\/\/www.ayadvogados.com.br\/wp-content\/uploads\/2021\/04\/07-04-Blog.png",1000,620,false]},"rttpg_author":{"display_name":"AY Advogados","author_link":"https:\/\/www.ayadvogados.com.br\/?author=2"},"rttpg_comment":0,"rttpg_category":"<a href=\"https:\/\/www.ayadvogados.com.br\/?cat=1\" rel=\"category\">Not\u00edcia do Dia<\/a>","rttpg_excerpt":"As empresas poder\u00e3o encerrar o dia de hoje com uma d\u00edvida bilion\u00e1ria com a Uni\u00e3o. A confirma\u00e7\u00e3o depende de um julgamento no Supremo Tribunal Federal (STF). Os ministros t\u00eam at\u00e9 a meia-noite para decidir se a Receita Federal poder\u00e1 cobrar valores que deixaram de ser pagos, no passado, por aquelas que n\u00e3o contabilizaram o ter\u00e7o&hellip;","_links":{"self":[{"href":"https:\/\/www.ayadvogados.com.br\/index.php?rest_route=\/wp\/v2\/posts\/734","targetHints":{"allow":["GET"]}}],"collection":[{"href":"https:\/\/www.ayadvogados.com.br\/index.php?rest_route=\/wp\/v2\/posts"}],"about":[{"href":"https:\/\/www.ayadvogados.com.br\/index.php?rest_route=\/wp\/v2\/types\/post"}],"author":[{"embeddable":true,"href":"https:\/\/www.ayadvogados.com.br\/index.php?rest_route=\/wp\/v2\/users\/2"}],"replies":[{"embeddable":true,"href":"https:\/\/www.ayadvogados.com.br\/index.php?rest_route=%2Fwp%2Fv2%2Fcomments&post=734"}],"version-history":[{"count":1,"href":"https:\/\/www.ayadvogados.com.br\/index.php?rest_route=\/wp\/v2\/posts\/734\/revisions"}],"predecessor-version":[{"id":736,"href":"https:\/\/www.ayadvogados.com.br\/index.php?rest_route=\/wp\/v2\/posts\/734\/revisions\/736"}],"wp:featuredmedia":[{"embeddable":true,"href":"https:\/\/www.ayadvogados.com.br\/index.php?rest_route=\/wp\/v2\/media\/735"}],"wp:attachment":[{"href":"https:\/\/www.ayadvogados.com.br\/index.php?rest_route=%2Fwp%2Fv2%2Fmedia&parent=734"}],"wp:term":[{"taxonomy":"category","embeddable":true,"href":"https:\/\/www.ayadvogados.com.br\/index.php?rest_route=%2Fwp%2Fv2%2Fcategories&post=734"},{"taxonomy":"post_tag","embeddable":true,"href":"https:\/\/www.ayadvogados.com.br\/index.php?rest_route=%2Fwp%2Fv2%2Ftags&post=734"}],"curies":[{"name":"wp","href":"https:\/\/api.w.org\/{rel}","templated":true}]}}