{"id":731,"date":"2021-04-06T11:23:16","date_gmt":"2021-04-06T14:23:16","guid":{"rendered":"http:\/\/34.239.117.254\/?p=731"},"modified":"2021-04-06T11:23:16","modified_gmt":"2021-04-06T14:23:16","slug":"receita-autoriza-uso-de-saldo-negativo-de-irpj-para-pagar-inss","status":"publish","type":"post","link":"https:\/\/www.ayadvogados.com.br\/?p=731","title":{"rendered":"Receita autoriza uso de saldo negativo de IRPJ para pagar INSS"},"content":{"rendered":"\n<p>Empresas que registraram saldo negativo de Imposto de Renda (IRPJ) e CSLL podem compensar os cr\u00e9ditos gerados com d\u00e9bitos de contribui\u00e7\u00f5es previdenci\u00e1rias apuradas pelo eSocial. O sinal verde foi dado pela Receita Federal, a partir da Solu\u00e7\u00e3o de Consulta n\u00ba 15, editada pela Coordena\u00e7\u00e3o-Geral de Tributa\u00e7\u00e3o (Cosit).<\/p>\n\n\n\n<p>O saldo negativo \u00e9 a diferen\u00e7a entre o montante de IRPJ e CSLL antecipado m\u00eas a m\u00eas a partir de uma estimativa de lucro e o que a empresa realmente apurou sobre o lucro real no dia 31 de dezembro de cada ano, quando ocorre o fato gerador dos tributos.<\/p>\n\n\n\n<p>O caso analisado pela Receita Federal \u00e9 de um comerciante. Ele questionou se poderia fazer a compensa\u00e7\u00e3o de cr\u00e9ditos dos tributos apurados por estimativa ao longo de 2018 com d\u00e9bitos de contribui\u00e7\u00f5es previdenci\u00e1rias apuradas por meio do eSocial, a partir de julho daquele ano. A d\u00favida, portanto, era se as antecipa\u00e7\u00f5es feitas no primeiro semestre daquele ano impediriam a compensa\u00e7\u00e3o.<\/p>\n\n\n\n<p>Apesar de os recolhimentos mensais por estimativa terem ocorrido antes do uso do eSocial &#8211; no primeiro semestre de 2018 -, a Receita entendeu que a compensa\u00e7\u00e3o cruzada \u00e9 poss\u00edvel nessa situa\u00e7\u00e3o porque o fato gerador do IRPJ e da CSLL ocorre apenas no \u00faltimo dia de cada ano. No caso espec\u00edfico, no dia 31 de dezembro de 2018 o contribuinte j\u00e1 usava o eSocial.<\/p>\n\n\n\n<p>\u201cA compensa\u00e7\u00e3o que tenha por objeto o d\u00e9bito das contribui\u00e7\u00f5es previdenci\u00e1rias a que se referem os artigos 2\u00ba e 3\u00ba da Lei n\u00ba 11.457, de 2007, relativo a per\u00edodo de apura\u00e7\u00e3o posterior \u00e0 utiliza\u00e7\u00e3o do eSocial, pode ser compensado com a integralidade do saldo negativo de IRPJ\/CSLL constitu\u00eddo ao final do exerc\u00edcio &#8211; quando se tem por efetivado o fato gerador destes tributos -, desde que o sujeito passivo tenha utilizado o Sistema de Escritura\u00e7\u00e3o Digital das Obriga\u00e7\u00f5es Fiscais, Previdenci\u00e1rias e Trabalhistas (eSocial) para apura\u00e7\u00e3o das referidas contribui\u00e7\u00f5es e cumpra o disciplinamento firmado pela RFB\u201d, diz a solu\u00e7\u00e3o de consulta, que vincula os auditores fiscais do pa\u00eds.<\/p>\n\n\n\n<p>Na resposta ao contribuinte, a Receita interpretou dispositivo da Lei n\u00ba 11.457, de 2007, inserido pela Lei n\u00ba 13.670, de 30 de maio de 2018, que pro\u00edbe a compensa\u00e7\u00e3o de d\u00e9bitos previdenci\u00e1rios com cr\u00e9ditos de demais tributos apurados antes da utiliza\u00e7\u00e3o do eSocial pelo contribuinte.<\/p>\n\n\n\n<p>Segundo advogados, a manifesta\u00e7\u00e3o da Receita \u00e9 correta e traz al\u00edvio de caixa para as empresas que apuram os tributos pelo lucro presumido ao permitir a compensa\u00e7\u00e3o de saldo de IRPJ e CSLL com d\u00e9bitos de contribui\u00e7\u00e3o previdenci\u00e1ria apurados pelo eSocial.<\/p>\n\n\n\n<p>\u201cApesar da interpreta\u00e7\u00e3o geral equivocada que veda a compensa\u00e7\u00e3o cruzada, a Receita foi coerente ao considerar as especificidades desse regime de apura\u00e7\u00e3o\u201d, afirma Caio Malpighi, advogado tributarista do Ayres Ribeiro Advogados.<\/p>\n\n\n\n<p>Para Rubens de Souza, coordenador da \u00e1rea tribut\u00e1ria da W Faria Advogados, \u201csurpreendente seria se n\u00e3o concordassem com essa compensa\u00e7\u00e3o\u201d. Ele chama a aten\u00e7\u00e3o, por\u00e9m, para um cen\u00e1rio que foge do escopo da interpreta\u00e7\u00e3o do Fisco. \u201cEstamos falando do saldo negativo apurado no final do per\u00edodo, situa\u00e7\u00e3o diferente do recolhimento a maior de estimativa mensal, em que pode aproveitar cr\u00e9dito dentro do ano calend\u00e1rio.\u201d<\/p>\n\n\n\n<p>Fonte: <a href=\"https:\/\/valor.globo.com\/legislacao\/noticia\/2021\/04\/06\/receita-autoriza-uso-de-saldo-negativo-de-irpj-para-pagar-inss.ghtml\" data-type=\"URL\" data-id=\"https:\/\/valor.globo.com\/legislacao\/noticia\/2021\/04\/06\/receita-autoriza-uso-de-saldo-negativo-de-irpj-para-pagar-inss.ghtml\" target=\"_blank\" rel=\"noreferrer noopener\">Valor<\/a><\/p>\n\n\n\n<p><\/p>\n\n\n\n<p>A Amaral, Yazbek, OAB\/PR 762, possui 35 anos de experi\u00eancia auxiliando empresas a transformar a tributa\u00e7\u00e3o em lucro. Entre em contato com um dos s\u00f3cios para agendamento de reuni\u00e3o em caso de d\u00favidas.<\/p>\n\n\n\n<p>Contato: 41 3595-8300 ou pelo nosso WhatsApp 41 99567-5696<\/p>\n\n\n\n<p>Av. C\u00e2ndido Hartmann, 50 \u2013 Bigorrilho | Curitiba-PR<\/p>\n\n\n\n<p>Assine nossa Newsletter e fique por dentro das novidades!<\/p>\n\n\n\n<p>Quer receber seu exemplar da revista Governan\u00e7a Jur\u00eddica? Clique <a href=\"http:\/\/ayadvogados.com.br\/revista\">aqui<\/a>&nbsp;e pe\u00e7a a sua.<\/p>\n\n\n\n<p>Nos acompanhe nas redes sociais: <a href=\"https:\/\/www.facebook.com\/amaral.yazbek\">Facebook<\/a>&nbsp;| <a href=\"https:\/\/www.instagram.com\/amaral.yazbek\/\">Instagram<\/a> | <a href=\"https:\/\/www.linkedin.com\/company\/3357082\/admin\/\">Linkedin<\/a><\/p>\n\n\n\n<p>J\u00e1 conhece o canal Direito da Intelig\u00eancia de Neg\u00f3cios? <a href=\"https:\/\/www.youtube.com\/channel\/UCu2Mpu32ht8DEN8OFRXYMyw\">Inscreva-se j\u00e1<\/a><\/p>\n","protected":false},"excerpt":{"rendered":"<p>Empresas que registraram saldo negativo de Imposto de Renda (IRPJ) e CSLL podem compensar os cr\u00e9ditos gerados com d\u00e9bitos de contribui\u00e7\u00f5es previdenci\u00e1rias apuradas pelo eSocial. O sinal verde foi dado pela Receita Federal, a partir da Solu\u00e7\u00e3o de Consulta n\u00ba 15, editada pela Coordena\u00e7\u00e3o-Geral de Tributa\u00e7\u00e3o (Cosit). O saldo negativo \u00e9 a diferen\u00e7a entre o [&hellip;]<\/p>\n","protected":false},"author":2,"featured_media":732,"comment_status":"open","ping_status":"open","sticky":false,"template":"","format":"standard","meta":{"footnotes":""},"categories":[1],"tags":[],"class_list":["post-731","post","type-post","status-publish","format-standard","has-post-thumbnail","hentry","category-noticia-do-dia"],"blocksy_meta":{"styles_descriptor":{"styles":{"desktop":"","tablet":"","mobile":""},"google_fonts":[],"version":6}},"yoast_head":"<!-- This site is optimized with the Yoast SEO plugin v27.5 - https:\/\/yoast.com\/product\/yoast-seo-wordpress\/ -->\n<title>Receita autoriza uso de saldo negativo de IRPJ para pagar INSS - Amaral, Yazbek Advogados<\/title>\n<meta name=\"robots\" content=\"index, follow, max-snippet:-1, max-image-preview:large, max-video-preview:-1\" \/>\n<link rel=\"canonical\" href=\"https:\/\/www.eloquent-edison.34-239-117-254.plesk.page\/?p=731\" \/>\n<meta property=\"og:locale\" content=\"pt_BR\" \/>\n<meta property=\"og:type\" content=\"article\" \/>\n<meta property=\"og:title\" content=\"Receita autoriza uso de saldo negativo de IRPJ para pagar INSS - Amaral, Yazbek Advogados\" \/>\n<meta property=\"og:description\" content=\"Empresas que registraram saldo negativo de Imposto de Renda (IRPJ) e CSLL podem compensar os cr\u00e9ditos gerados com d\u00e9bitos de contribui\u00e7\u00f5es previdenci\u00e1rias apuradas pelo eSocial. O sinal verde foi dado pela Receita Federal, a partir da Solu\u00e7\u00e3o de Consulta n\u00ba 15, editada pela Coordena\u00e7\u00e3o-Geral de Tributa\u00e7\u00e3o (Cosit). O saldo negativo \u00e9 a diferen\u00e7a entre o [&hellip;]\" \/>\n<meta property=\"og:url\" content=\"https:\/\/www.eloquent-edison.34-239-117-254.plesk.page\/?p=731\" \/>\n<meta property=\"og:site_name\" content=\"Amaral, Yazbek Advogados\" \/>\n<meta property=\"article:publisher\" content=\"https:\/\/www.facebook.com\/AYadvogados\" \/>\n<meta property=\"article:published_time\" content=\"2021-04-06T14:23:16+00:00\" \/>\n<meta property=\"og:image\" content=\"https:\/\/www.eloquent-edison.34-239-117-254.plesk.page\/wp-content\/uploads\/2021\/04\/06-04-Blog.png\" \/>\n\t<meta property=\"og:image:width\" content=\"1000\" \/>\n\t<meta property=\"og:image:height\" content=\"620\" \/>\n\t<meta property=\"og:image:type\" content=\"image\/png\" \/>\n<meta name=\"author\" content=\"AY Advogados\" \/>\n<meta name=\"twitter:card\" content=\"summary_large_image\" \/>\n<meta name=\"twitter:label1\" content=\"Escrito por\" \/>\n\t<meta name=\"twitter:data1\" content=\"AY Advogados\" \/>\n\t<meta name=\"twitter:label2\" content=\"Est. tempo de leitura\" \/>\n\t<meta name=\"twitter:data2\" content=\"3 minutos\" \/>\n<script type=\"application\/ld+json\" class=\"yoast-schema-graph\">{\"@context\":\"https:\\\/\\\/schema.org\",\"@graph\":[{\"@type\":\"Article\",\"@id\":\"https:\\\/\\\/www.eloquent-edison.34-239-117-254.plesk.page\\\/?p=731#article\",\"isPartOf\":{\"@id\":\"https:\\\/\\\/www.eloquent-edison.34-239-117-254.plesk.page\\\/?p=731\"},\"author\":{\"name\":\"AY Advogados\",\"@id\":\"https:\\\/\\\/www.34.239.117.254.sslip.io\\\/#\\\/schema\\\/person\\\/4abfbf03ad3e577e691d333af064a912\"},\"headline\":\"Receita autoriza uso de saldo negativo de IRPJ para pagar INSS\",\"datePublished\":\"2021-04-06T14:23:16+00:00\",\"mainEntityOfPage\":{\"@id\":\"https:\\\/\\\/www.eloquent-edison.34-239-117-254.plesk.page\\\/?p=731\"},\"wordCount\":667,\"commentCount\":0,\"publisher\":{\"@id\":\"https:\\\/\\\/www.34.239.117.254.sslip.io\\\/#organization\"},\"image\":{\"@id\":\"https:\\\/\\\/www.eloquent-edison.34-239-117-254.plesk.page\\\/?p=731#primaryimage\"},\"thumbnailUrl\":\"https:\\\/\\\/www.ayadvogados.com.br\\\/wp-content\\\/uploads\\\/2021\\\/04\\\/06-04-Blog.png\",\"articleSection\":[\"Not\u00edcia do Dia\"],\"inLanguage\":\"pt-BR\",\"potentialAction\":[{\"@type\":\"CommentAction\",\"name\":\"Comment\",\"target\":[\"https:\\\/\\\/www.eloquent-edison.34-239-117-254.plesk.page\\\/?p=731#respond\"]}]},{\"@type\":\"WebPage\",\"@id\":\"https:\\\/\\\/www.eloquent-edison.34-239-117-254.plesk.page\\\/?p=731\",\"url\":\"https:\\\/\\\/www.eloquent-edison.34-239-117-254.plesk.page\\\/?p=731\",\"name\":\"Receita autoriza uso de saldo negativo de IRPJ para pagar INSS - Amaral, Yazbek Advogados\",\"isPartOf\":{\"@id\":\"https:\\\/\\\/www.34.239.117.254.sslip.io\\\/#website\"},\"primaryImageOfPage\":{\"@id\":\"https:\\\/\\\/www.eloquent-edison.34-239-117-254.plesk.page\\\/?p=731#primaryimage\"},\"image\":{\"@id\":\"https:\\\/\\\/www.eloquent-edison.34-239-117-254.plesk.page\\\/?p=731#primaryimage\"},\"thumbnailUrl\":\"https:\\\/\\\/www.ayadvogados.com.br\\\/wp-content\\\/uploads\\\/2021\\\/04\\\/06-04-Blog.png\",\"datePublished\":\"2021-04-06T14:23:16+00:00\",\"breadcrumb\":{\"@id\":\"https:\\\/\\\/www.eloquent-edison.34-239-117-254.plesk.page\\\/?p=731#breadcrumb\"},\"inLanguage\":\"pt-BR\",\"potentialAction\":[{\"@type\":\"ReadAction\",\"target\":[\"https:\\\/\\\/www.eloquent-edison.34-239-117-254.plesk.page\\\/?p=731\"]}]},{\"@type\":\"ImageObject\",\"inLanguage\":\"pt-BR\",\"@id\":\"https:\\\/\\\/www.eloquent-edison.34-239-117-254.plesk.page\\\/?p=731#primaryimage\",\"url\":\"https:\\\/\\\/www.ayadvogados.com.br\\\/wp-content\\\/uploads\\\/2021\\\/04\\\/06-04-Blog.png\",\"contentUrl\":\"https:\\\/\\\/www.ayadvogados.com.br\\\/wp-content\\\/uploads\\\/2021\\\/04\\\/06-04-Blog.png\",\"width\":1000,\"height\":620},{\"@type\":\"BreadcrumbList\",\"@id\":\"https:\\\/\\\/www.eloquent-edison.34-239-117-254.plesk.page\\\/?p=731#breadcrumb\",\"itemListElement\":[{\"@type\":\"ListItem\",\"position\":1,\"name\":\"In\u00edcio\",\"item\":\"https:\\\/\\\/www.34.239.117.254.sslip.io\\\/\"},{\"@type\":\"ListItem\",\"position\":2,\"name\":\"Receita autoriza uso de saldo negativo de IRPJ para pagar INSS\"}]},{\"@type\":\"WebSite\",\"@id\":\"https:\\\/\\\/www.34.239.117.254.sslip.io\\\/#website\",\"url\":\"https:\\\/\\\/www.34.239.117.254.sslip.io\\\/\",\"name\":\"Amaral, Yazbek Advogados\",\"description\":\"Curitiba \u2022 Bras\u00edlia \u2022 S\u00e3o Paulo\",\"publisher\":{\"@id\":\"https:\\\/\\\/www.34.239.117.254.sslip.io\\\/#organization\"},\"potentialAction\":[{\"@type\":\"SearchAction\",\"target\":{\"@type\":\"EntryPoint\",\"urlTemplate\":\"https:\\\/\\\/www.34.239.117.254.sslip.io\\\/?s={search_term_string}\"},\"query-input\":{\"@type\":\"PropertyValueSpecification\",\"valueRequired\":true,\"valueName\":\"search_term_string\"}}],\"inLanguage\":\"pt-BR\"},{\"@type\":\"Organization\",\"@id\":\"https:\\\/\\\/www.34.239.117.254.sslip.io\\\/#organization\",\"name\":\"Amaral, Yazbek Advogados\",\"url\":\"https:\\\/\\\/www.34.239.117.254.sslip.io\\\/\",\"logo\":{\"@type\":\"ImageObject\",\"inLanguage\":\"pt-BR\",\"@id\":\"https:\\\/\\\/www.34.239.117.254.sslip.io\\\/#\\\/schema\\\/logo\\\/image\\\/\",\"url\":\"http:\\\/\\\/34.239.117.254\\\/wp-content\\\/uploads\\\/2021\\\/03\\\/logo-ay-g.png\",\"contentUrl\":\"http:\\\/\\\/34.239.117.254\\\/wp-content\\\/uploads\\\/2021\\\/03\\\/logo-ay-g.png\",\"width\":434,\"height\":106,\"caption\":\"Amaral, Yazbek Advogados\"},\"image\":{\"@id\":\"https:\\\/\\\/www.34.239.117.254.sslip.io\\\/#\\\/schema\\\/logo\\\/image\\\/\"},\"sameAs\":[\"https:\\\/\\\/www.facebook.com\\\/AYadvogados\",\"https:\\\/\\\/www.instagram.com\\\/ayadvogados\\\/\"]},{\"@type\":\"Person\",\"@id\":\"https:\\\/\\\/www.34.239.117.254.sslip.io\\\/#\\\/schema\\\/person\\\/4abfbf03ad3e577e691d333af064a912\",\"name\":\"AY Advogados\",\"image\":{\"@type\":\"ImageObject\",\"inLanguage\":\"pt-BR\",\"@id\":\"https:\\\/\\\/secure.gravatar.com\\\/avatar\\\/1473912b851241f5503026e6156e144dcd83ff7addb67f65e1ed9ca21ee1d9cf?s=96&d=mm&r=g\",\"url\":\"https:\\\/\\\/secure.gravatar.com\\\/avatar\\\/1473912b851241f5503026e6156e144dcd83ff7addb67f65e1ed9ca21ee1d9cf?s=96&d=mm&r=g\",\"contentUrl\":\"https:\\\/\\\/secure.gravatar.com\\\/avatar\\\/1473912b851241f5503026e6156e144dcd83ff7addb67f65e1ed9ca21ee1d9cf?s=96&d=mm&r=g\",\"caption\":\"AY Advogados\"},\"sameAs\":[\"https:\\\/\\\/ayadvogados.com.br\"],\"url\":\"https:\\\/\\\/www.ayadvogados.com.br\\\/?author=2\"}]}<\/script>\n<!-- \/ Yoast SEO plugin. -->","yoast_head_json":{"title":"Receita autoriza uso de saldo negativo de IRPJ para pagar INSS - Amaral, Yazbek Advogados","robots":{"index":"index","follow":"follow","max-snippet":"max-snippet:-1","max-image-preview":"max-image-preview:large","max-video-preview":"max-video-preview:-1"},"canonical":"https:\/\/www.eloquent-edison.34-239-117-254.plesk.page\/?p=731","og_locale":"pt_BR","og_type":"article","og_title":"Receita autoriza uso de saldo negativo de IRPJ para pagar INSS - Amaral, Yazbek Advogados","og_description":"Empresas que registraram saldo negativo de Imposto de Renda (IRPJ) e CSLL podem compensar os cr\u00e9ditos gerados com d\u00e9bitos de contribui\u00e7\u00f5es previdenci\u00e1rias apuradas pelo eSocial. O sinal verde foi dado pela Receita Federal, a partir da Solu\u00e7\u00e3o de Consulta n\u00ba 15, editada pela Coordena\u00e7\u00e3o-Geral de Tributa\u00e7\u00e3o (Cosit). O saldo negativo \u00e9 a diferen\u00e7a entre o [&hellip;]","og_url":"https:\/\/www.eloquent-edison.34-239-117-254.plesk.page\/?p=731","og_site_name":"Amaral, Yazbek Advogados","article_publisher":"https:\/\/www.facebook.com\/AYadvogados","article_published_time":"2021-04-06T14:23:16+00:00","og_image":[{"width":1000,"height":620,"url":"https:\/\/www.eloquent-edison.34-239-117-254.plesk.page\/wp-content\/uploads\/2021\/04\/06-04-Blog.png","type":"image\/png"}],"author":"AY Advogados","twitter_card":"summary_large_image","twitter_misc":{"Escrito por":"AY Advogados","Est. tempo de leitura":"3 minutos"},"schema":{"@context":"https:\/\/schema.org","@graph":[{"@type":"Article","@id":"https:\/\/www.eloquent-edison.34-239-117-254.plesk.page\/?p=731#article","isPartOf":{"@id":"https:\/\/www.eloquent-edison.34-239-117-254.plesk.page\/?p=731"},"author":{"name":"AY Advogados","@id":"https:\/\/www.34.239.117.254.sslip.io\/#\/schema\/person\/4abfbf03ad3e577e691d333af064a912"},"headline":"Receita autoriza uso de saldo negativo de IRPJ para pagar INSS","datePublished":"2021-04-06T14:23:16+00:00","mainEntityOfPage":{"@id":"https:\/\/www.eloquent-edison.34-239-117-254.plesk.page\/?p=731"},"wordCount":667,"commentCount":0,"publisher":{"@id":"https:\/\/www.34.239.117.254.sslip.io\/#organization"},"image":{"@id":"https:\/\/www.eloquent-edison.34-239-117-254.plesk.page\/?p=731#primaryimage"},"thumbnailUrl":"https:\/\/www.ayadvogados.com.br\/wp-content\/uploads\/2021\/04\/06-04-Blog.png","articleSection":["Not\u00edcia do Dia"],"inLanguage":"pt-BR","potentialAction":[{"@type":"CommentAction","name":"Comment","target":["https:\/\/www.eloquent-edison.34-239-117-254.plesk.page\/?p=731#respond"]}]},{"@type":"WebPage","@id":"https:\/\/www.eloquent-edison.34-239-117-254.plesk.page\/?p=731","url":"https:\/\/www.eloquent-edison.34-239-117-254.plesk.page\/?p=731","name":"Receita autoriza uso de saldo negativo de IRPJ para pagar INSS - Amaral, Yazbek Advogados","isPartOf":{"@id":"https:\/\/www.34.239.117.254.sslip.io\/#website"},"primaryImageOfPage":{"@id":"https:\/\/www.eloquent-edison.34-239-117-254.plesk.page\/?p=731#primaryimage"},"image":{"@id":"https:\/\/www.eloquent-edison.34-239-117-254.plesk.page\/?p=731#primaryimage"},"thumbnailUrl":"https:\/\/www.ayadvogados.com.br\/wp-content\/uploads\/2021\/04\/06-04-Blog.png","datePublished":"2021-04-06T14:23:16+00:00","breadcrumb":{"@id":"https:\/\/www.eloquent-edison.34-239-117-254.plesk.page\/?p=731#breadcrumb"},"inLanguage":"pt-BR","potentialAction":[{"@type":"ReadAction","target":["https:\/\/www.eloquent-edison.34-239-117-254.plesk.page\/?p=731"]}]},{"@type":"ImageObject","inLanguage":"pt-BR","@id":"https:\/\/www.eloquent-edison.34-239-117-254.plesk.page\/?p=731#primaryimage","url":"https:\/\/www.ayadvogados.com.br\/wp-content\/uploads\/2021\/04\/06-04-Blog.png","contentUrl":"https:\/\/www.ayadvogados.com.br\/wp-content\/uploads\/2021\/04\/06-04-Blog.png","width":1000,"height":620},{"@type":"BreadcrumbList","@id":"https:\/\/www.eloquent-edison.34-239-117-254.plesk.page\/?p=731#breadcrumb","itemListElement":[{"@type":"ListItem","position":1,"name":"In\u00edcio","item":"https:\/\/www.34.239.117.254.sslip.io\/"},{"@type":"ListItem","position":2,"name":"Receita autoriza uso de saldo negativo de IRPJ para pagar INSS"}]},{"@type":"WebSite","@id":"https:\/\/www.34.239.117.254.sslip.io\/#website","url":"https:\/\/www.34.239.117.254.sslip.io\/","name":"Amaral, Yazbek Advogados","description":"Curitiba \u2022 Bras\u00edlia \u2022 S\u00e3o Paulo","publisher":{"@id":"https:\/\/www.34.239.117.254.sslip.io\/#organization"},"potentialAction":[{"@type":"SearchAction","target":{"@type":"EntryPoint","urlTemplate":"https:\/\/www.34.239.117.254.sslip.io\/?s={search_term_string}"},"query-input":{"@type":"PropertyValueSpecification","valueRequired":true,"valueName":"search_term_string"}}],"inLanguage":"pt-BR"},{"@type":"Organization","@id":"https:\/\/www.34.239.117.254.sslip.io\/#organization","name":"Amaral, Yazbek Advogados","url":"https:\/\/www.34.239.117.254.sslip.io\/","logo":{"@type":"ImageObject","inLanguage":"pt-BR","@id":"https:\/\/www.34.239.117.254.sslip.io\/#\/schema\/logo\/image\/","url":"http:\/\/34.239.117.254\/wp-content\/uploads\/2021\/03\/logo-ay-g.png","contentUrl":"http:\/\/34.239.117.254\/wp-content\/uploads\/2021\/03\/logo-ay-g.png","width":434,"height":106,"caption":"Amaral, Yazbek Advogados"},"image":{"@id":"https:\/\/www.34.239.117.254.sslip.io\/#\/schema\/logo\/image\/"},"sameAs":["https:\/\/www.facebook.com\/AYadvogados","https:\/\/www.instagram.com\/ayadvogados\/"]},{"@type":"Person","@id":"https:\/\/www.34.239.117.254.sslip.io\/#\/schema\/person\/4abfbf03ad3e577e691d333af064a912","name":"AY Advogados","image":{"@type":"ImageObject","inLanguage":"pt-BR","@id":"https:\/\/secure.gravatar.com\/avatar\/1473912b851241f5503026e6156e144dcd83ff7addb67f65e1ed9ca21ee1d9cf?s=96&d=mm&r=g","url":"https:\/\/secure.gravatar.com\/avatar\/1473912b851241f5503026e6156e144dcd83ff7addb67f65e1ed9ca21ee1d9cf?s=96&d=mm&r=g","contentUrl":"https:\/\/secure.gravatar.com\/avatar\/1473912b851241f5503026e6156e144dcd83ff7addb67f65e1ed9ca21ee1d9cf?s=96&d=mm&r=g","caption":"AY Advogados"},"sameAs":["https:\/\/ayadvogados.com.br"],"url":"https:\/\/www.ayadvogados.com.br\/?author=2"}]}},"rttpg_featured_image_url":{"full":["https:\/\/www.ayadvogados.com.br\/wp-content\/uploads\/2021\/04\/06-04-Blog.png",1000,620,false],"landscape":["https:\/\/www.ayadvogados.com.br\/wp-content\/uploads\/2021\/04\/06-04-Blog.png",1000,620,false],"portraits":["https:\/\/www.ayadvogados.com.br\/wp-content\/uploads\/2021\/04\/06-04-Blog.png",1000,620,false],"thumbnail":["https:\/\/www.ayadvogados.com.br\/wp-content\/uploads\/2021\/04\/06-04-Blog-150x150.png",150,150,true],"medium":["https:\/\/www.ayadvogados.com.br\/wp-content\/uploads\/2021\/04\/06-04-Blog-300x186.png",300,186,true],"large":["https:\/\/www.ayadvogados.com.br\/wp-content\/uploads\/2021\/04\/06-04-Blog.png",1000,620,false],"1536x1536":["https:\/\/www.ayadvogados.com.br\/wp-content\/uploads\/2021\/04\/06-04-Blog.png",1000,620,false],"2048x2048":["https:\/\/www.ayadvogados.com.br\/wp-content\/uploads\/2021\/04\/06-04-Blog.png",1000,620,false]},"rttpg_author":{"display_name":"AY Advogados","author_link":"https:\/\/www.ayadvogados.com.br\/?author=2"},"rttpg_comment":0,"rttpg_category":"<a href=\"https:\/\/www.ayadvogados.com.br\/?cat=1\" rel=\"category\">Not\u00edcia do Dia<\/a>","rttpg_excerpt":"Empresas que registraram saldo negativo de Imposto de Renda (IRPJ) e CSLL podem compensar os cr\u00e9ditos gerados com d\u00e9bitos de contribui\u00e7\u00f5es previdenci\u00e1rias apuradas pelo eSocial. O sinal verde foi dado pela Receita Federal, a partir da Solu\u00e7\u00e3o de Consulta n\u00ba 15, editada pela Coordena\u00e7\u00e3o-Geral de Tributa\u00e7\u00e3o (Cosit). O saldo negativo \u00e9 a diferen\u00e7a entre o&hellip;","_links":{"self":[{"href":"https:\/\/www.ayadvogados.com.br\/index.php?rest_route=\/wp\/v2\/posts\/731","targetHints":{"allow":["GET"]}}],"collection":[{"href":"https:\/\/www.ayadvogados.com.br\/index.php?rest_route=\/wp\/v2\/posts"}],"about":[{"href":"https:\/\/www.ayadvogados.com.br\/index.php?rest_route=\/wp\/v2\/types\/post"}],"author":[{"embeddable":true,"href":"https:\/\/www.ayadvogados.com.br\/index.php?rest_route=\/wp\/v2\/users\/2"}],"replies":[{"embeddable":true,"href":"https:\/\/www.ayadvogados.com.br\/index.php?rest_route=%2Fwp%2Fv2%2Fcomments&post=731"}],"version-history":[{"count":1,"href":"https:\/\/www.ayadvogados.com.br\/index.php?rest_route=\/wp\/v2\/posts\/731\/revisions"}],"predecessor-version":[{"id":733,"href":"https:\/\/www.ayadvogados.com.br\/index.php?rest_route=\/wp\/v2\/posts\/731\/revisions\/733"}],"wp:featuredmedia":[{"embeddable":true,"href":"https:\/\/www.ayadvogados.com.br\/index.php?rest_route=\/wp\/v2\/media\/732"}],"wp:attachment":[{"href":"https:\/\/www.ayadvogados.com.br\/index.php?rest_route=%2Fwp%2Fv2%2Fmedia&parent=731"}],"wp:term":[{"taxonomy":"category","embeddable":true,"href":"https:\/\/www.ayadvogados.com.br\/index.php?rest_route=%2Fwp%2Fv2%2Fcategories&post=731"},{"taxonomy":"post_tag","embeddable":true,"href":"https:\/\/www.ayadvogados.com.br\/index.php?rest_route=%2Fwp%2Fv2%2Ftags&post=731"}],"curies":[{"name":"wp","href":"https:\/\/api.w.org\/{rel}","templated":true}]}}