{"id":691,"date":"2021-03-30T17:36:00","date_gmt":"2021-03-30T20:36:00","guid":{"rendered":"http:\/\/34.239.117.254\/?p=691"},"modified":"2021-03-31T17:37:13","modified_gmt":"2021-03-31T20:37:13","slug":"bolsonaro-assina-mp-para-melhoria-do-ambiente-de-negocios-no-brasil","status":"publish","type":"post","link":"https:\/\/www.ayadvogados.com.br\/?p=691","title":{"rendered":"Bolsonaro assina MP para melhoria do ambiente de neg\u00f3cios no Brasil"},"content":{"rendered":"\n<p>O presidente Jair Bolsonaro assinou hoje (29) uma medida provis\u00f3ria (MP) com o objetivo de modernizar e desburocratizar o ambiente de neg\u00f3cios no Brasil, melhorando a posi\u00e7\u00e3o do pa\u00eds no ranking Doing Business, do Banco Mundial. O documento traz mudan\u00e7as legislativas para a simplifica\u00e7\u00e3o de abertura de empresas, a prote\u00e7\u00e3o aos investidores minorit\u00e1rios, a facilita\u00e7\u00e3o no com\u00e9rcio exterior de bens e servi\u00e7os e a libera\u00e7\u00e3o de constru\u00e7\u00f5es de baixo risco, entre outros.<\/p>\n\n\n\n<p>Por meio de dez indicadores diferentes, o Banco Mundial analisa o n\u00edvel de facilidade de se fazer neg\u00f3cios em 190 economias do mundo. No levantamento mais recente, o Brasil ocupava a 124\u00aa posi\u00e7\u00e3o.<\/p>\n\n\n\n<p>De acordo com o Minist\u00e9rio da Economia, a MP deve elevar o Brasil de 18 a 20 posi\u00e7\u00f5es no ranking. \u201cCom as a\u00e7\u00f5es j\u00e1 tra\u00e7adas e em execu\u00e7\u00e3o desde 2020, em conjunto com a implementa\u00e7\u00e3o do que \u00e9 proposto na MP, o Brasil pode figurar pela primeira vez, no curto prazo, dentre as 100 melhores economias para se fazer neg\u00f3cios no pa\u00eds\u201d, informou, em comunicado.<\/p>\n\n\n\n<p>O objetivo do governo Bolsonaro \u00e9, at\u00e9 2022, colocar o Brasil entre os 50 melhores pa\u00edses para se fazer neg\u00f3cios.<\/p>\n\n\n\n<p>A assinatura da MP aconteceu em r\u00e1pida cerim\u00f4nia, no Pal\u00e1cio do Planalto. A expectativa do governo \u00e9 que a proposta tramite e seja aprovada no Congresso Nacional ainda neste ano.<\/p>\n\n\n\n<p>\u201cTrata-se de um conjunto de medidas de curto prazo n\u00e3o s\u00f3 extremamente relevantes para a minimiza\u00e7\u00e3o dos efeitos negativos da pandemia de covid-19 sobre a economia, como tamb\u00e9m urgentes, em raz\u00e3o de ser necess\u00e1rio que as mudan\u00e7as legislativas ora propostas sejam implementadas a tempo de serem refletidas nas respostas aos question\u00e1rios no primeiro semestre de 2021 e constarem do relat\u00f3rio 2022 do Banco Mundial\u201d, explicou a Secretaria-Geral da Presid\u00eancia, em nota.<\/p>\n\n\n\n<p>Medidas adotas<\/p>\n\n\n\n<p>De acordo com a pasta, no \u00e2mbito da abertura de empresas, a MP determina a unifica\u00e7\u00e3o de inscri\u00e7\u00f5es fiscais federal, estadual e municipal no Cadastro Nacional da Pessoa Jur\u00eddica (CNPJ), \u201celiminando an\u00e1lises de viabilidade &#8211; que somente existem no Brasil \u2013 e automatizando a checagem de nome empresarial em segundos\u201d.<\/p>\n\n\n\n<p>A medida ainda trata da prote\u00e7\u00e3o aos investidores minorit\u00e1rios, por meio da altera\u00e7\u00e3o da Lei das S.As (Sociedades por A\u00e7\u00f5es), \u201cseguindo as boas pr\u00e1ticas definidas pelo Banco Mundial\u201d. De acordo com a Presid\u00eancia, as mudan\u00e7as aumentar\u00e3o o poder de decis\u00e3o dos acionistas, inclusive minorit\u00e1rios, mediante eleva\u00e7\u00e3o do prazo de anteced\u00eancia para o envio de informa\u00e7\u00f5es para uso nas assembleias; o aprimoramento dos dispositivos relacionados \u00e0 comunica\u00e7\u00e3o; e a veda\u00e7\u00e3o ao ac\u00famulo de fun\u00e7\u00f5es entre o principal dirigente da empresa e o presidente do Conselho de Administra\u00e7\u00e3o, entre outras medidas.<\/p>\n\n\n\n<p>Sobre o com\u00e9rcio exterior de bens e servi\u00e7os, o texto assegura, por exemplo, a disponibilidade de guich\u00ea \u00fanico eletr\u00f4nico aos operadores de com\u00e9rcio exterior e prev\u00ea que quaisquer exig\u00eancias baseadas em caracter\u00edsticas das mercadorias sejam impostas somente por meio de lei, \u201cmodernizando o sistema de verifica\u00e7\u00e3o de regras de origem n\u00e3o preferenciais\u201d.<\/p>\n\n\n\n<p>Na mesma linha, de acordo com a Presid\u00eancia, a MP tamb\u00e9m confere nova regulamenta\u00e7\u00e3o \u00e0 profiss\u00e3o de Tradutor P\u00fablico e Int\u00e9rprete Comercial, revogando o Decreto n\u00ba 13.609, de 1943. \u201cA altera\u00e7\u00e3o desburocratiza a profiss\u00e3o ao permitir que tradutores atuem em todo pa\u00eds e possam realizar seu trabalho em meio eletr\u00f4nico, garantindo maior seguran\u00e7a jur\u00eddica \u00e0 mat\u00e9ria, indispens\u00e1vel ao desenvolvimento do com\u00e9rcio exterior e \u00e0 evolu\u00e7\u00e3o do Brasil em diversos outros indicadores relacionados ao ambiente de neg\u00f3cios\u201d, diz a nota.<\/p>\n\n\n\n<p>No \u00e2mbito da execu\u00e7\u00e3o de contratos, o governo instituiu o Sistema Integrado de Recupera\u00e7\u00e3o de Ativos (SIRA) para agilizar a cobran\u00e7a e recupera\u00e7\u00e3o de cr\u00e9dito. O SIRA ser\u00e1 capaz de reunir dados cadastrais, relacionamentos e bases patrimoniais de pessoas f\u00edsicas e jur\u00eddicas com o objetivo de reduzir o custo de transa\u00e7\u00e3o da concess\u00e3o de cr\u00e9dito atrav\u00e9s do aumento da efetividade das a\u00e7\u00f5es judiciais que envolvam a recupera\u00e7\u00e3o de cr\u00e9ditos p\u00fablicos ou privados.<\/p>\n\n\n\n<p>De acordo com a Secretaria-Geral, com a mudan\u00e7a, conselhos profissionais poder\u00e3o tomar medidas administrativas de cobran\u00e7a, tais como a notifica\u00e7\u00e3o extrajudicial e a inclus\u00e3o em cadastros de inadimplentes, \u201ccontribuindo para diminuir a sobrecarga judici\u00e1ria brasileira\u201d.<\/p>\n\n\n\n<p>Outro destaque da MP se refere ao fornecimento de eletricidade, \u201ca fim de aumentar a celeridade de alguns processos de acesso \u00e0 energia el\u00e9trica\u201d. O texto prop\u00f5e solu\u00e7\u00f5es para a quest\u00e3o, como o estabelecimento de prazo para o Poder P\u00fablico autorizar a realiza\u00e7\u00e3o de obras de extens\u00e3o de redes de distribui\u00e7\u00e3o de energia el\u00e9trica.<\/p>\n\n\n\n<p>Por fim, MP tamb\u00e9m promove altera\u00e7\u00e3o do C\u00f3digo Civil, \u201cpara cristalizar o instituto da prescri\u00e7\u00e3o intercorrente j\u00e1 consagrado pelo Supremo Tribunal Federal na S\u00famula 150, contribuindo, dessa forma, para o aumento da seguran\u00e7a jur\u00eddica\u201d. A prescri\u00e7\u00e3o intercorrente \u00e9 a perda do direito pela aus\u00eancia de a\u00e7\u00e3o durante um determinado tempo.<\/p>\n\n\n\n<p>Fonte: <a href=\"https:\/\/agenciabrasil.ebc.com.br\/economia\/noticia\/2021-03\/bolsonaro-assina-mp-para-melhoria-do-ambiente-de-negocios-no-brasil\">Ag\u00eanciaBrasil<\/a><\/p>\n\n\n\n<p>A Amaral, Yazbek, OAB\/PR 762, possui 35 anos de experi\u00eancia auxiliando empresas a transformar a tributa\u00e7\u00e3o em lucro. Entre em contato com um dos s\u00f3cios para agendamento de reuni\u00e3o em caso de d\u00favidas.<\/p>\n\n\n\n<p>Contato: 41 3595-8300 ou pelo nosso WhatsApp 41 99567-5696<\/p>\n\n\n\n<p>Av. C\u00e2ndido Hartmann, 50 \u2013 Bigorrilho | Curitiba-PR<\/p>\n\n\n\n<p>Assine nossa Newsletter e fique por dentro das novidades!<\/p>\n\n\n\n<p>Quer receber seu exemplar da revista Governan\u00e7a Jur\u00eddica? Clique <a href=\"http:\/\/ayadvogados.com.br\/revista\">aqui<\/a>&nbsp;e pe\u00e7a a sua.<\/p>\n\n\n\n<p>Nos acompanhe nas redes sociais: <a href=\"https:\/\/www.facebook.com\/amaral.yazbek\">Facebook<\/a>&nbsp;| <a href=\"https:\/\/www.instagram.com\/amaral.yazbek\/\">Instagram<\/a> | <a href=\"https:\/\/www.linkedin.com\/company\/3357082\/admin\/\">Linkedin<\/a><\/p>\n\n\n\n<p>J\u00e1 conhece o canal Direito da Intelig\u00eancia de Neg\u00f3cios? <a href=\"https:\/\/www.youtube.com\/channel\/UCu2Mpu32ht8DEN8OFRXYMyw\">Inscreva-se j\u00e1<\/a><\/p>\n","protected":false},"excerpt":{"rendered":"<p>O presidente Jair Bolsonaro assinou hoje (29) uma medida provis\u00f3ria (MP) com o objetivo de modernizar e desburocratizar o ambiente de neg\u00f3cios no Brasil, melhorando a posi\u00e7\u00e3o do pa\u00eds no ranking Doing Business, do Banco Mundial. O documento traz mudan\u00e7as legislativas para a simplifica\u00e7\u00e3o de abertura de empresas, a prote\u00e7\u00e3o aos investidores minorit\u00e1rios, a facilita\u00e7\u00e3o [&hellip;]<\/p>\n","protected":false},"author":3,"featured_media":692,"comment_status":"open","ping_status":"open","sticky":false,"template":"","format":"standard","meta":{"footnotes":""},"categories":[1],"tags":[],"class_list":["post-691","post","type-post","status-publish","format-standard","has-post-thumbnail","hentry","category-noticia-do-dia"],"blocksy_meta":{"styles_descriptor":{"styles":{"desktop":"","tablet":"","mobile":""},"google_fonts":[],"version":6}},"yoast_head":"<!-- This site is optimized with the Yoast SEO plugin v27.5 - https:\/\/yoast.com\/product\/yoast-seo-wordpress\/ -->\n<title>Bolsonaro assina MP para melhoria do ambiente de neg\u00f3cios no Brasil - Amaral, Yazbek Advogados<\/title>\n<meta name=\"robots\" content=\"index, follow, max-snippet:-1, max-image-preview:large, max-video-preview:-1\" \/>\n<link rel=\"canonical\" href=\"https:\/\/www.34.239.117.254.sslip.io\/?p=691\" \/>\n<meta property=\"og:locale\" content=\"pt_BR\" \/>\n<meta property=\"og:type\" content=\"article\" \/>\n<meta property=\"og:title\" content=\"Bolsonaro assina MP para melhoria do ambiente de neg\u00f3cios no Brasil - Amaral, Yazbek Advogados\" \/>\n<meta property=\"og:description\" content=\"O presidente Jair Bolsonaro assinou hoje (29) uma medida provis\u00f3ria (MP) com o objetivo de modernizar e desburocratizar o ambiente de neg\u00f3cios no Brasil, melhorando a posi\u00e7\u00e3o do pa\u00eds no ranking Doing Business, do Banco Mundial. O documento traz mudan\u00e7as legislativas para a simplifica\u00e7\u00e3o de abertura de empresas, a prote\u00e7\u00e3o aos investidores minorit\u00e1rios, a facilita\u00e7\u00e3o [&hellip;]\" \/>\n<meta property=\"og:url\" content=\"https:\/\/www.34.239.117.254.sslip.io\/?p=691\" \/>\n<meta property=\"og:site_name\" content=\"Amaral, Yazbek Advogados\" \/>\n<meta property=\"article:publisher\" content=\"https:\/\/www.facebook.com\/AYadvogados\" \/>\n<meta property=\"article:published_time\" content=\"2021-03-30T20:36:00+00:00\" \/>\n<meta property=\"article:modified_time\" content=\"2021-03-31T20:37:13+00:00\" \/>\n<meta property=\"og:image\" content=\"https:\/\/www.34.239.117.254.sslip.io\/wp-content\/uploads\/2021\/03\/7316379f74264dff9a6847fdbc64ff19.png\" \/>\n\t<meta property=\"og:image:width\" content=\"1000\" \/>\n\t<meta property=\"og:image:height\" content=\"620\" \/>\n\t<meta property=\"og:image:type\" content=\"image\/png\" \/>\n<meta name=\"author\" content=\"Infra\" \/>\n<meta name=\"twitter:card\" content=\"summary_large_image\" \/>\n<meta name=\"twitter:label1\" content=\"Escrito por\" \/>\n\t<meta name=\"twitter:data1\" content=\"Infra\" \/>\n\t<meta name=\"twitter:label2\" content=\"Est. tempo de leitura\" \/>\n\t<meta name=\"twitter:data2\" content=\"5 minutos\" \/>\n<script type=\"application\/ld+json\" class=\"yoast-schema-graph\">{\"@context\":\"https:\\\/\\\/schema.org\",\"@graph\":[{\"@type\":\"Article\",\"@id\":\"https:\\\/\\\/www.34.239.117.254.sslip.io\\\/?p=691#article\",\"isPartOf\":{\"@id\":\"https:\\\/\\\/www.34.239.117.254.sslip.io\\\/?p=691\"},\"author\":{\"name\":\"Infra\",\"@id\":\"https:\\\/\\\/www.34.239.117.254.sslip.io\\\/#\\\/schema\\\/person\\\/6b9165a58758b048b8ea5a4fbd4ec3c4\"},\"headline\":\"Bolsonaro assina MP para melhoria do ambiente de neg\u00f3cios no Brasil\",\"datePublished\":\"2021-03-30T20:36:00+00:00\",\"dateModified\":\"2021-03-31T20:37:13+00:00\",\"mainEntityOfPage\":{\"@id\":\"https:\\\/\\\/www.34.239.117.254.sslip.io\\\/?p=691\"},\"wordCount\":990,\"commentCount\":0,\"publisher\":{\"@id\":\"https:\\\/\\\/www.34.239.117.254.sslip.io\\\/#organization\"},\"image\":{\"@id\":\"https:\\\/\\\/www.34.239.117.254.sslip.io\\\/?p=691#primaryimage\"},\"thumbnailUrl\":\"https:\\\/\\\/www.ayadvogados.com.br\\\/wp-content\\\/uploads\\\/2021\\\/03\\\/7316379f74264dff9a6847fdbc64ff19.png\",\"articleSection\":[\"Not\u00edcia do Dia\"],\"inLanguage\":\"pt-BR\",\"potentialAction\":[{\"@type\":\"CommentAction\",\"name\":\"Comment\",\"target\":[\"https:\\\/\\\/www.34.239.117.254.sslip.io\\\/?p=691#respond\"]}]},{\"@type\":\"WebPage\",\"@id\":\"https:\\\/\\\/www.34.239.117.254.sslip.io\\\/?p=691\",\"url\":\"https:\\\/\\\/www.34.239.117.254.sslip.io\\\/?p=691\",\"name\":\"Bolsonaro assina MP para melhoria do ambiente de neg\u00f3cios no Brasil - Amaral, Yazbek Advogados\",\"isPartOf\":{\"@id\":\"https:\\\/\\\/www.34.239.117.254.sslip.io\\\/#website\"},\"primaryImageOfPage\":{\"@id\":\"https:\\\/\\\/www.34.239.117.254.sslip.io\\\/?p=691#primaryimage\"},\"image\":{\"@id\":\"https:\\\/\\\/www.34.239.117.254.sslip.io\\\/?p=691#primaryimage\"},\"thumbnailUrl\":\"https:\\\/\\\/www.ayadvogados.com.br\\\/wp-content\\\/uploads\\\/2021\\\/03\\\/7316379f74264dff9a6847fdbc64ff19.png\",\"datePublished\":\"2021-03-30T20:36:00+00:00\",\"dateModified\":\"2021-03-31T20:37:13+00:00\",\"breadcrumb\":{\"@id\":\"https:\\\/\\\/www.34.239.117.254.sslip.io\\\/?p=691#breadcrumb\"},\"inLanguage\":\"pt-BR\",\"potentialAction\":[{\"@type\":\"ReadAction\",\"target\":[\"https:\\\/\\\/www.34.239.117.254.sslip.io\\\/?p=691\"]}]},{\"@type\":\"ImageObject\",\"inLanguage\":\"pt-BR\",\"@id\":\"https:\\\/\\\/www.34.239.117.254.sslip.io\\\/?p=691#primaryimage\",\"url\":\"https:\\\/\\\/www.ayadvogados.com.br\\\/wp-content\\\/uploads\\\/2021\\\/03\\\/7316379f74264dff9a6847fdbc64ff19.png\",\"contentUrl\":\"https:\\\/\\\/www.ayadvogados.com.br\\\/wp-content\\\/uploads\\\/2021\\\/03\\\/7316379f74264dff9a6847fdbc64ff19.png\",\"width\":1000,\"height\":620},{\"@type\":\"BreadcrumbList\",\"@id\":\"https:\\\/\\\/www.34.239.117.254.sslip.io\\\/?p=691#breadcrumb\",\"itemListElement\":[{\"@type\":\"ListItem\",\"position\":1,\"name\":\"In\u00edcio\",\"item\":\"https:\\\/\\\/www.34.239.117.254.sslip.io\\\/\"},{\"@type\":\"ListItem\",\"position\":2,\"name\":\"Bolsonaro assina MP para melhoria do ambiente de neg\u00f3cios no Brasil\"}]},{\"@type\":\"WebSite\",\"@id\":\"https:\\\/\\\/www.34.239.117.254.sslip.io\\\/#website\",\"url\":\"https:\\\/\\\/www.34.239.117.254.sslip.io\\\/\",\"name\":\"Amaral, Yazbek Advogados\",\"description\":\"Curitiba \u2022 Bras\u00edlia \u2022 S\u00e3o Paulo\",\"publisher\":{\"@id\":\"https:\\\/\\\/www.34.239.117.254.sslip.io\\\/#organization\"},\"potentialAction\":[{\"@type\":\"SearchAction\",\"target\":{\"@type\":\"EntryPoint\",\"urlTemplate\":\"https:\\\/\\\/www.34.239.117.254.sslip.io\\\/?s={search_term_string}\"},\"query-input\":{\"@type\":\"PropertyValueSpecification\",\"valueRequired\":true,\"valueName\":\"search_term_string\"}}],\"inLanguage\":\"pt-BR\"},{\"@type\":\"Organization\",\"@id\":\"https:\\\/\\\/www.34.239.117.254.sslip.io\\\/#organization\",\"name\":\"Amaral, Yazbek Advogados\",\"url\":\"https:\\\/\\\/www.34.239.117.254.sslip.io\\\/\",\"logo\":{\"@type\":\"ImageObject\",\"inLanguage\":\"pt-BR\",\"@id\":\"https:\\\/\\\/www.34.239.117.254.sslip.io\\\/#\\\/schema\\\/logo\\\/image\\\/\",\"url\":\"http:\\\/\\\/34.239.117.254\\\/wp-content\\\/uploads\\\/2021\\\/03\\\/logo-ay-g.png\",\"contentUrl\":\"http:\\\/\\\/34.239.117.254\\\/wp-content\\\/uploads\\\/2021\\\/03\\\/logo-ay-g.png\",\"width\":434,\"height\":106,\"caption\":\"Amaral, Yazbek Advogados\"},\"image\":{\"@id\":\"https:\\\/\\\/www.34.239.117.254.sslip.io\\\/#\\\/schema\\\/logo\\\/image\\\/\"},\"sameAs\":[\"https:\\\/\\\/www.facebook.com\\\/AYadvogados\",\"https:\\\/\\\/www.instagram.com\\\/ayadvogados\\\/\"]},{\"@type\":\"Person\",\"@id\":\"https:\\\/\\\/www.34.239.117.254.sslip.io\\\/#\\\/schema\\\/person\\\/6b9165a58758b048b8ea5a4fbd4ec3c4\",\"name\":\"Infra\",\"image\":{\"@type\":\"ImageObject\",\"inLanguage\":\"pt-BR\",\"@id\":\"https:\\\/\\\/secure.gravatar.com\\\/avatar\\\/60bf67293e186b9c834e31753dcc586dfcedb661d13b6b9ba29ac991ccafc035?s=96&d=mm&r=g\",\"url\":\"https:\\\/\\\/secure.gravatar.com\\\/avatar\\\/60bf67293e186b9c834e31753dcc586dfcedb661d13b6b9ba29ac991ccafc035?s=96&d=mm&r=g\",\"contentUrl\":\"https:\\\/\\\/secure.gravatar.com\\\/avatar\\\/60bf67293e186b9c834e31753dcc586dfcedb661d13b6b9ba29ac991ccafc035?s=96&d=mm&r=g\",\"caption\":\"Infra\"},\"url\":\"https:\\\/\\\/www.ayadvogados.com.br\\\/?author=3\"}]}<\/script>\n<!-- \/ Yoast SEO plugin. -->","yoast_head_json":{"title":"Bolsonaro assina MP para melhoria do ambiente de neg\u00f3cios no Brasil - Amaral, Yazbek Advogados","robots":{"index":"index","follow":"follow","max-snippet":"max-snippet:-1","max-image-preview":"max-image-preview:large","max-video-preview":"max-video-preview:-1"},"canonical":"https:\/\/www.34.239.117.254.sslip.io\/?p=691","og_locale":"pt_BR","og_type":"article","og_title":"Bolsonaro assina MP para melhoria do ambiente de neg\u00f3cios no Brasil - Amaral, Yazbek Advogados","og_description":"O presidente Jair Bolsonaro assinou hoje (29) uma medida provis\u00f3ria (MP) com o objetivo de modernizar e desburocratizar o ambiente de neg\u00f3cios no Brasil, melhorando a posi\u00e7\u00e3o do pa\u00eds no ranking Doing Business, do Banco Mundial. O documento traz mudan\u00e7as legislativas para a simplifica\u00e7\u00e3o de abertura de empresas, a prote\u00e7\u00e3o aos investidores minorit\u00e1rios, a facilita\u00e7\u00e3o [&hellip;]","og_url":"https:\/\/www.34.239.117.254.sslip.io\/?p=691","og_site_name":"Amaral, Yazbek Advogados","article_publisher":"https:\/\/www.facebook.com\/AYadvogados","article_published_time":"2021-03-30T20:36:00+00:00","article_modified_time":"2021-03-31T20:37:13+00:00","og_image":[{"width":1000,"height":620,"url":"https:\/\/www.34.239.117.254.sslip.io\/wp-content\/uploads\/2021\/03\/7316379f74264dff9a6847fdbc64ff19.png","type":"image\/png"}],"author":"Infra","twitter_card":"summary_large_image","twitter_misc":{"Escrito por":"Infra","Est. tempo de leitura":"5 minutos"},"schema":{"@context":"https:\/\/schema.org","@graph":[{"@type":"Article","@id":"https:\/\/www.34.239.117.254.sslip.io\/?p=691#article","isPartOf":{"@id":"https:\/\/www.34.239.117.254.sslip.io\/?p=691"},"author":{"name":"Infra","@id":"https:\/\/www.34.239.117.254.sslip.io\/#\/schema\/person\/6b9165a58758b048b8ea5a4fbd4ec3c4"},"headline":"Bolsonaro assina MP para melhoria do ambiente de neg\u00f3cios no Brasil","datePublished":"2021-03-30T20:36:00+00:00","dateModified":"2021-03-31T20:37:13+00:00","mainEntityOfPage":{"@id":"https:\/\/www.34.239.117.254.sslip.io\/?p=691"},"wordCount":990,"commentCount":0,"publisher":{"@id":"https:\/\/www.34.239.117.254.sslip.io\/#organization"},"image":{"@id":"https:\/\/www.34.239.117.254.sslip.io\/?p=691#primaryimage"},"thumbnailUrl":"https:\/\/www.ayadvogados.com.br\/wp-content\/uploads\/2021\/03\/7316379f74264dff9a6847fdbc64ff19.png","articleSection":["Not\u00edcia do Dia"],"inLanguage":"pt-BR","potentialAction":[{"@type":"CommentAction","name":"Comment","target":["https:\/\/www.34.239.117.254.sslip.io\/?p=691#respond"]}]},{"@type":"WebPage","@id":"https:\/\/www.34.239.117.254.sslip.io\/?p=691","url":"https:\/\/www.34.239.117.254.sslip.io\/?p=691","name":"Bolsonaro assina MP para melhoria do ambiente de neg\u00f3cios no Brasil - Amaral, Yazbek Advogados","isPartOf":{"@id":"https:\/\/www.34.239.117.254.sslip.io\/#website"},"primaryImageOfPage":{"@id":"https:\/\/www.34.239.117.254.sslip.io\/?p=691#primaryimage"},"image":{"@id":"https:\/\/www.34.239.117.254.sslip.io\/?p=691#primaryimage"},"thumbnailUrl":"https:\/\/www.ayadvogados.com.br\/wp-content\/uploads\/2021\/03\/7316379f74264dff9a6847fdbc64ff19.png","datePublished":"2021-03-30T20:36:00+00:00","dateModified":"2021-03-31T20:37:13+00:00","breadcrumb":{"@id":"https:\/\/www.34.239.117.254.sslip.io\/?p=691#breadcrumb"},"inLanguage":"pt-BR","potentialAction":[{"@type":"ReadAction","target":["https:\/\/www.34.239.117.254.sslip.io\/?p=691"]}]},{"@type":"ImageObject","inLanguage":"pt-BR","@id":"https:\/\/www.34.239.117.254.sslip.io\/?p=691#primaryimage","url":"https:\/\/www.ayadvogados.com.br\/wp-content\/uploads\/2021\/03\/7316379f74264dff9a6847fdbc64ff19.png","contentUrl":"https:\/\/www.ayadvogados.com.br\/wp-content\/uploads\/2021\/03\/7316379f74264dff9a6847fdbc64ff19.png","width":1000,"height":620},{"@type":"BreadcrumbList","@id":"https:\/\/www.34.239.117.254.sslip.io\/?p=691#breadcrumb","itemListElement":[{"@type":"ListItem","position":1,"name":"In\u00edcio","item":"https:\/\/www.34.239.117.254.sslip.io\/"},{"@type":"ListItem","position":2,"name":"Bolsonaro assina MP para melhoria do ambiente de neg\u00f3cios no Brasil"}]},{"@type":"WebSite","@id":"https:\/\/www.34.239.117.254.sslip.io\/#website","url":"https:\/\/www.34.239.117.254.sslip.io\/","name":"Amaral, Yazbek Advogados","description":"Curitiba \u2022 Bras\u00edlia \u2022 S\u00e3o Paulo","publisher":{"@id":"https:\/\/www.34.239.117.254.sslip.io\/#organization"},"potentialAction":[{"@type":"SearchAction","target":{"@type":"EntryPoint","urlTemplate":"https:\/\/www.34.239.117.254.sslip.io\/?s={search_term_string}"},"query-input":{"@type":"PropertyValueSpecification","valueRequired":true,"valueName":"search_term_string"}}],"inLanguage":"pt-BR"},{"@type":"Organization","@id":"https:\/\/www.34.239.117.254.sslip.io\/#organization","name":"Amaral, Yazbek Advogados","url":"https:\/\/www.34.239.117.254.sslip.io\/","logo":{"@type":"ImageObject","inLanguage":"pt-BR","@id":"https:\/\/www.34.239.117.254.sslip.io\/#\/schema\/logo\/image\/","url":"http:\/\/34.239.117.254\/wp-content\/uploads\/2021\/03\/logo-ay-g.png","contentUrl":"http:\/\/34.239.117.254\/wp-content\/uploads\/2021\/03\/logo-ay-g.png","width":434,"height":106,"caption":"Amaral, Yazbek Advogados"},"image":{"@id":"https:\/\/www.34.239.117.254.sslip.io\/#\/schema\/logo\/image\/"},"sameAs":["https:\/\/www.facebook.com\/AYadvogados","https:\/\/www.instagram.com\/ayadvogados\/"]},{"@type":"Person","@id":"https:\/\/www.34.239.117.254.sslip.io\/#\/schema\/person\/6b9165a58758b048b8ea5a4fbd4ec3c4","name":"Infra","image":{"@type":"ImageObject","inLanguage":"pt-BR","@id":"https:\/\/secure.gravatar.com\/avatar\/60bf67293e186b9c834e31753dcc586dfcedb661d13b6b9ba29ac991ccafc035?s=96&d=mm&r=g","url":"https:\/\/secure.gravatar.com\/avatar\/60bf67293e186b9c834e31753dcc586dfcedb661d13b6b9ba29ac991ccafc035?s=96&d=mm&r=g","contentUrl":"https:\/\/secure.gravatar.com\/avatar\/60bf67293e186b9c834e31753dcc586dfcedb661d13b6b9ba29ac991ccafc035?s=96&d=mm&r=g","caption":"Infra"},"url":"https:\/\/www.ayadvogados.com.br\/?author=3"}]}},"rttpg_featured_image_url":{"full":["https:\/\/www.ayadvogados.com.br\/wp-content\/uploads\/2021\/03\/7316379f74264dff9a6847fdbc64ff19.png",1000,620,false],"landscape":["https:\/\/www.ayadvogados.com.br\/wp-content\/uploads\/2021\/03\/7316379f74264dff9a6847fdbc64ff19.png",1000,620,false],"portraits":["https:\/\/www.ayadvogados.com.br\/wp-content\/uploads\/2021\/03\/7316379f74264dff9a6847fdbc64ff19.png",1000,620,false],"thumbnail":["https:\/\/www.ayadvogados.com.br\/wp-content\/uploads\/2021\/03\/7316379f74264dff9a6847fdbc64ff19-150x150.png",150,150,true],"medium":["https:\/\/www.ayadvogados.com.br\/wp-content\/uploads\/2021\/03\/7316379f74264dff9a6847fdbc64ff19-300x186.png",300,186,true],"large":["https:\/\/www.ayadvogados.com.br\/wp-content\/uploads\/2021\/03\/7316379f74264dff9a6847fdbc64ff19.png",1000,620,false],"1536x1536":["https:\/\/www.ayadvogados.com.br\/wp-content\/uploads\/2021\/03\/7316379f74264dff9a6847fdbc64ff19.png",1000,620,false],"2048x2048":["https:\/\/www.ayadvogados.com.br\/wp-content\/uploads\/2021\/03\/7316379f74264dff9a6847fdbc64ff19.png",1000,620,false]},"rttpg_author":{"display_name":"Infra","author_link":"https:\/\/www.ayadvogados.com.br\/?author=3"},"rttpg_comment":0,"rttpg_category":"<a href=\"https:\/\/www.ayadvogados.com.br\/?cat=1\" rel=\"category\">Not\u00edcia do Dia<\/a>","rttpg_excerpt":"O presidente Jair Bolsonaro assinou hoje (29) uma medida provis\u00f3ria (MP) com o objetivo de modernizar e desburocratizar o ambiente de neg\u00f3cios no Brasil, melhorando a posi\u00e7\u00e3o do pa\u00eds no ranking Doing Business, do Banco Mundial. O documento traz mudan\u00e7as legislativas para a simplifica\u00e7\u00e3o de abertura de empresas, a prote\u00e7\u00e3o aos investidores minorit\u00e1rios, a facilita\u00e7\u00e3o&hellip;","_links":{"self":[{"href":"https:\/\/www.ayadvogados.com.br\/index.php?rest_route=\/wp\/v2\/posts\/691","targetHints":{"allow":["GET"]}}],"collection":[{"href":"https:\/\/www.ayadvogados.com.br\/index.php?rest_route=\/wp\/v2\/posts"}],"about":[{"href":"https:\/\/www.ayadvogados.com.br\/index.php?rest_route=\/wp\/v2\/types\/post"}],"author":[{"embeddable":true,"href":"https:\/\/www.ayadvogados.com.br\/index.php?rest_route=\/wp\/v2\/users\/3"}],"replies":[{"embeddable":true,"href":"https:\/\/www.ayadvogados.com.br\/index.php?rest_route=%2Fwp%2Fv2%2Fcomments&post=691"}],"version-history":[{"count":1,"href":"https:\/\/www.ayadvogados.com.br\/index.php?rest_route=\/wp\/v2\/posts\/691\/revisions"}],"predecessor-version":[{"id":693,"href":"https:\/\/www.ayadvogados.com.br\/index.php?rest_route=\/wp\/v2\/posts\/691\/revisions\/693"}],"wp:featuredmedia":[{"embeddable":true,"href":"https:\/\/www.ayadvogados.com.br\/index.php?rest_route=\/wp\/v2\/media\/692"}],"wp:attachment":[{"href":"https:\/\/www.ayadvogados.com.br\/index.php?rest_route=%2Fwp%2Fv2%2Fmedia&parent=691"}],"wp:term":[{"taxonomy":"category","embeddable":true,"href":"https:\/\/www.ayadvogados.com.br\/index.php?rest_route=%2Fwp%2Fv2%2Fcategories&post=691"},{"taxonomy":"post_tag","embeddable":true,"href":"https:\/\/www.ayadvogados.com.br\/index.php?rest_route=%2Fwp%2Fv2%2Ftags&post=691"}],"curies":[{"name":"wp","href":"https:\/\/api.w.org\/{rel}","templated":true}]}}