{"id":54,"date":"2021-02-24T17:32:44","date_gmt":"2021-02-24T20:32:44","guid":{"rendered":"http:\/\/34.239.117.254\/?p=54"},"modified":"2021-02-24T17:33:17","modified_gmt":"2021-02-24T20:33:17","slug":"maioria-no-supremo-e-contra-excluir-icms-da-cprb","status":"publish","type":"post","link":"https:\/\/www.ayadvogados.com.br\/?p=54","title":{"rendered":"Maioria no Supremo \u00e9 contra excluir ICMS da CPRB"},"content":{"rendered":"\n<p>A maioria dos ministros do Supremo Tribunal Federal (STF) votou para manter o ICMS na base da Contribui\u00e7\u00e3o Previdenci\u00e1ria sobre a Receita Bruta (CPRB). O julgamento foi retomado no Plen\u00e1rio Virtual h\u00e1 pouco mais de uma semana e a maioria foi formada ontem \u00e0 noite. Faltava apenas o voto do ministro Luiz Fux para a conclus\u00e3o da sess\u00e3o.<\/p>\n\n\n\n<p>O processo foi um dos temas tribut\u00e1rios tratados recentemente pelo ministro da Economia, Paulo Guedes, com o presidente do STF, ministro Luiz Fux. A maioria formada contra o contribuinte surpreendeu alguns tributaristas, que esperavam o mesmo resultado do julgamento que excluiu o ICMS da base do PIS e da Cofins &#8211; apesar de haver uma diferen\u00e7a entre as teses.<\/p>\n\n\n\n<p>Os advogados esperavam que o ministro Nunes Marques votasse pela exclus\u00e3o, por causa de seus precedentes quando desembargador, que exclu\u00edram o ISS da base do PIS e da Cofins e tamb\u00e9m o ICMS da CPRB &#8211; caso em que replicou decis\u00e3o da 1\u00aa Se\u00e7\u00e3o do Superior Tribunal de Justi\u00e7a (STJ). No STF, ele votou para manter o imposto estadual.<\/p>\n\n\n\n<p>No recurso ao STF, a empresa Midori Auto Leather Brasil questionou decis\u00e3o do Tribunal Regional Federal (TRF) da 3\u00aa Regi\u00e3o (SP e MS). O TRF entendeu que o montante relativo ao ICMS integra o conceito de receita bruta para fins de determina\u00e7\u00e3o da base de c\u00e1lculo da contribui\u00e7\u00e3o previdenci\u00e1ria.<\/p>\n\n\n\n<p>A empresa alega que compete \u00e0 Uni\u00e3o criar contribui\u00e7\u00e3o sobre o faturamento ou a receita bruta e, por isso, a decis\u00e3o desrespeita o artigo 195 da Constitui\u00e7\u00e3o. J\u00e1 a Uni\u00e3o argumenta que o conceito de receita bruta deve ser o previsto na legisla\u00e7\u00e3o, e n\u00e3o o da Constitui\u00e7\u00e3o (RE 1187264).<\/p>\n\n\n\n<p>Para o relator, ministro Marco Aur\u00e9lio Mello, \u00e9 incompat\u00edvel com a Constitui\u00e7\u00e3o Federal a inclus\u00e3o do ICMS na base de c\u00e1lculo da CPRB. O ministro afirma em seu voto que o tema n\u00e3o \u00e9 novo e ele mesmo j\u00e1 decidiu que o imposto n\u00e3o pode ser inclu\u00eddo na base de outra contribui\u00e7\u00e3o social, a Cofins. Depois o Plen\u00e1rio definiu, em 2017, a exclus\u00e3o do ICMS do c\u00e1lculo do PIS e da Cofins.<\/p>\n\n\n\n<p>Ainda segundo o relator, para tentar distinguir o caso da CPRB dos precedentes, a Uni\u00e3o articula a facultatividade da sujei\u00e7\u00e3o ao regime substitutivo da CPRB, buscando flexibilizar a observ\u00e2ncia \u00e0 moldura constitucional do tributo. \u201cO argumento seduz, mas n\u00e3o convence\u201d, diz ele em seu voto, que foi seguido pelo ministro Ricardo Lewandowski e pelas ministras C\u00e1rmen L\u00facia e Rosa Weber.<\/p>\n\n\n\n<p>O ministro Alexandre de Moraes divergiu. Para ele, a Emenda Constitucional n\u00ba 42, de 2003, inaugurou uma nova ordem previdenci\u00e1ria, ao inserir o par\u00e1grafo 13 ao artigo 195 da Constitui\u00e7\u00e3o &#8211; altera\u00e7\u00e3o que permite a institui\u00e7\u00e3o de contribui\u00e7\u00e3o previdenci\u00e1ria substitutiva da incidente sobre a folha de sal\u00e1rios e pagamentos. Diante da autoriza\u00e7\u00e3o constitucional, foi editada a Lei n\u00ba 12.546, de 2011, e criou-se a CPRB, um benef\u00edcio fiscal facultativo.<\/p>\n\n\n\n<p>\u201cDe acordo com a legisla\u00e7\u00e3o vigente, se a receita l\u00edquida compreende a receita bruta, descontados, entre outros, os tributos incidentes, significa que, contrario sensu, a receita bruta compreende os tributos sobre ela incidentes\u201d, afirma.<\/p>\n\n\n\n<p>Ele acrescenta em seu voto que permitir que a recorrente entre ao novo regime abatendo do c\u00e1lculo da CPRB o ICMS ampliaria \u201cdemasiadamente\u2019 o benef\u00edcio fiscal. O entendimento foi seguido pelos ministros Edson Fachin, Gilmar Mendes, Dias Toffoli, Nunes Marques e Lu\u00eds Roberto Barroso.<\/p>\n\n\n\n<p>O ministro Luiz Fux n\u00e3o votou at\u00e9 o fechamento da edi\u00e7\u00e3o e pode suspender o julgamento com um pedido de vista. O t\u00e9rmino estava previsto para ontem.&nbsp;<\/p>\n\n\n\n<p>Fonte: <a href=\"https:\/\/valor.globo.com\/legislacao\/noticia\/2021\/02\/24\/maioria-no-supremo-e-contra-excluir-icms-da-cprb.ghtml\">Valor<\/a><\/p>\n\n\n\n<p>A Amaral, Yazbek, OAB\/PR 762, possui 35 anos de experi\u00eancia auxiliando empresas a transformar a tributa\u00e7\u00e3o em lucro. Entre em contato com um dos s\u00f3cios para agendamento de reuni\u00e3o em caso de d\u00favidas.<\/p>\n\n\n\n<p>Contato: 41 3595-8300 ou pelo nosso WhatsApp 41 99567-5696<\/p>\n\n\n\n<p>Av. C\u00e2ndido Hartmann, 50 \u2013 Bigorrilho | Curitiba-PR<\/p>\n\n\n\n<p>Assine nossa Newsletter e fique por dentro das novidades!<\/p>\n\n\n\n<p>Quer receber seu exemplar da revista Governan\u00e7a Jur\u00eddica? Clique <a href=\"http:\/\/ayadvogados.com.br\/revista\">aqui<\/a>&nbsp;e pe\u00e7a a sua.<\/p>\n\n\n\n<p>Nos acompanhe nas redes sociais: <a href=\"https:\/\/www.facebook.com\/amaral.yazbek\">Facebook<\/a>&nbsp;| <a href=\"https:\/\/www.instagram.com\/amaral.yazbek\/\">Instagram<\/a> | <a href=\"https:\/\/www.linkedin.com\/company\/3357082\/admin\/\">Linkedin<\/a><\/p>\n\n\n\n<p>J\u00e1 conhece o canal Direito da Intelig\u00eancia de Neg\u00f3cios? <a href=\"https:\/\/www.youtube.com\/channel\/UCu2Mpu32ht8DEN8OFRXYMyw\">Inscreva-se j\u00e1<\/a><\/p>\n","protected":false},"excerpt":{"rendered":"<p>A maioria dos ministros do Supremo Tribunal Federal (STF) votou para manter o ICMS na base da Contribui\u00e7\u00e3o Previdenci\u00e1ria sobre a Receita Bruta (CPRB). O julgamento foi retomado no Plen\u00e1rio Virtual h\u00e1 pouco mais de uma semana e a maioria foi formada ontem \u00e0 noite. Faltava apenas o voto do ministro Luiz Fux para a [&hellip;]<\/p>\n","protected":false},"author":3,"featured_media":56,"comment_status":"open","ping_status":"open","sticky":false,"template":"","format":"standard","meta":{"footnotes":""},"categories":[1],"tags":[],"class_list":["post-54","post","type-post","status-publish","format-standard","has-post-thumbnail","hentry","category-noticia-do-dia"],"blocksy_meta":{"styles_descriptor":{"styles":{"desktop":"","tablet":"","mobile":""},"google_fonts":[],"version":6}},"yoast_head":"<!-- This site is optimized with the Yoast SEO plugin v27.5 - https:\/\/yoast.com\/product\/yoast-seo-wordpress\/ -->\n<title>Maioria no Supremo \u00e9 contra excluir ICMS da CPRB - Amaral, Yazbek Advogados<\/title>\n<meta name=\"robots\" content=\"index, follow, max-snippet:-1, max-image-preview:large, max-video-preview:-1\" \/>\n<link rel=\"canonical\" href=\"https:\/\/www.ayadvogados.com.br\/?p=54\" \/>\n<meta property=\"og:locale\" content=\"pt_BR\" \/>\n<meta property=\"og:type\" content=\"article\" \/>\n<meta property=\"og:title\" content=\"Maioria no Supremo \u00e9 contra excluir ICMS da CPRB - Amaral, Yazbek Advogados\" \/>\n<meta property=\"og:description\" content=\"A maioria dos ministros do Supremo Tribunal Federal (STF) votou para manter o ICMS na base da Contribui\u00e7\u00e3o Previdenci\u00e1ria sobre a Receita Bruta (CPRB). O julgamento foi retomado no Plen\u00e1rio Virtual h\u00e1 pouco mais de uma semana e a maioria foi formada ontem \u00e0 noite. Faltava apenas o voto do ministro Luiz Fux para a [&hellip;]\" \/>\n<meta property=\"og:url\" content=\"https:\/\/www.ayadvogados.com.br\/?p=54\" \/>\n<meta property=\"og:site_name\" content=\"Amaral, Yazbek Advogados\" \/>\n<meta property=\"article:publisher\" content=\"https:\/\/www.facebook.com\/AYadvogados\" \/>\n<meta property=\"article:published_time\" content=\"2021-02-24T20:32:44+00:00\" \/>\n<meta property=\"article:modified_time\" content=\"2021-02-24T20:33:17+00:00\" \/>\n<meta property=\"og:image\" content=\"https:\/\/www.ayadvogados.com.br\/wp-content\/uploads\/2021\/02\/e78a11c8c0214e13bf1913cb5d22a4af.png\" \/>\n\t<meta property=\"og:image:width\" content=\"1000\" \/>\n\t<meta property=\"og:image:height\" content=\"620\" \/>\n\t<meta property=\"og:image:type\" content=\"image\/png\" \/>\n<meta name=\"author\" content=\"Infra\" \/>\n<meta name=\"twitter:card\" content=\"summary_large_image\" \/>\n<meta name=\"twitter:label1\" content=\"Escrito por\" \/>\n\t<meta name=\"twitter:data1\" content=\"Infra\" \/>\n\t<meta name=\"twitter:label2\" content=\"Est. tempo de leitura\" \/>\n\t<meta name=\"twitter:data2\" content=\"4 minutos\" \/>\n<script type=\"application\/ld+json\" class=\"yoast-schema-graph\">{\"@context\":\"https:\\\/\\\/schema.org\",\"@graph\":[{\"@type\":\"Article\",\"@id\":\"https:\\\/\\\/www.ayadvogados.com.br\\\/?p=54#article\",\"isPartOf\":{\"@id\":\"https:\\\/\\\/www.ayadvogados.com.br\\\/?p=54\"},\"author\":{\"name\":\"Infra\",\"@id\":\"https:\\\/\\\/www.34.239.117.254.sslip.io\\\/#\\\/schema\\\/person\\\/6b9165a58758b048b8ea5a4fbd4ec3c4\"},\"headline\":\"Maioria no Supremo \u00e9 contra excluir ICMS da CPRB\",\"datePublished\":\"2021-02-24T20:32:44+00:00\",\"dateModified\":\"2021-02-24T20:33:17+00:00\",\"mainEntityOfPage\":{\"@id\":\"https:\\\/\\\/www.ayadvogados.com.br\\\/?p=54\"},\"wordCount\":738,\"commentCount\":0,\"publisher\":{\"@id\":\"https:\\\/\\\/www.34.239.117.254.sslip.io\\\/#organization\"},\"image\":{\"@id\":\"https:\\\/\\\/www.ayadvogados.com.br\\\/?p=54#primaryimage\"},\"thumbnailUrl\":\"https:\\\/\\\/www.ayadvogados.com.br\\\/wp-content\\\/uploads\\\/2021\\\/02\\\/e78a11c8c0214e13bf1913cb5d22a4af.png\",\"articleSection\":[\"Not\u00edcia do Dia\"],\"inLanguage\":\"pt-BR\",\"potentialAction\":[{\"@type\":\"CommentAction\",\"name\":\"Comment\",\"target\":[\"https:\\\/\\\/www.ayadvogados.com.br\\\/?p=54#respond\"]}]},{\"@type\":\"WebPage\",\"@id\":\"https:\\\/\\\/www.ayadvogados.com.br\\\/?p=54\",\"url\":\"https:\\\/\\\/www.ayadvogados.com.br\\\/?p=54\",\"name\":\"Maioria no Supremo \u00e9 contra excluir ICMS da CPRB - Amaral, Yazbek Advogados\",\"isPartOf\":{\"@id\":\"https:\\\/\\\/www.34.239.117.254.sslip.io\\\/#website\"},\"primaryImageOfPage\":{\"@id\":\"https:\\\/\\\/www.ayadvogados.com.br\\\/?p=54#primaryimage\"},\"image\":{\"@id\":\"https:\\\/\\\/www.ayadvogados.com.br\\\/?p=54#primaryimage\"},\"thumbnailUrl\":\"https:\\\/\\\/www.ayadvogados.com.br\\\/wp-content\\\/uploads\\\/2021\\\/02\\\/e78a11c8c0214e13bf1913cb5d22a4af.png\",\"datePublished\":\"2021-02-24T20:32:44+00:00\",\"dateModified\":\"2021-02-24T20:33:17+00:00\",\"breadcrumb\":{\"@id\":\"https:\\\/\\\/www.ayadvogados.com.br\\\/?p=54#breadcrumb\"},\"inLanguage\":\"pt-BR\",\"potentialAction\":[{\"@type\":\"ReadAction\",\"target\":[\"https:\\\/\\\/www.ayadvogados.com.br\\\/?p=54\"]}]},{\"@type\":\"ImageObject\",\"inLanguage\":\"pt-BR\",\"@id\":\"https:\\\/\\\/www.ayadvogados.com.br\\\/?p=54#primaryimage\",\"url\":\"https:\\\/\\\/www.ayadvogados.com.br\\\/wp-content\\\/uploads\\\/2021\\\/02\\\/e78a11c8c0214e13bf1913cb5d22a4af.png\",\"contentUrl\":\"https:\\\/\\\/www.ayadvogados.com.br\\\/wp-content\\\/uploads\\\/2021\\\/02\\\/e78a11c8c0214e13bf1913cb5d22a4af.png\",\"width\":1000,\"height\":620},{\"@type\":\"BreadcrumbList\",\"@id\":\"https:\\\/\\\/www.ayadvogados.com.br\\\/?p=54#breadcrumb\",\"itemListElement\":[{\"@type\":\"ListItem\",\"position\":1,\"name\":\"In\u00edcio\",\"item\":\"https:\\\/\\\/www.34.239.117.254.sslip.io\\\/\"},{\"@type\":\"ListItem\",\"position\":2,\"name\":\"Maioria no Supremo \u00e9 contra excluir ICMS da CPRB\"}]},{\"@type\":\"WebSite\",\"@id\":\"https:\\\/\\\/www.34.239.117.254.sslip.io\\\/#website\",\"url\":\"https:\\\/\\\/www.34.239.117.254.sslip.io\\\/\",\"name\":\"Amaral, Yazbek Advogados\",\"description\":\"Curitiba \u2022 Bras\u00edlia \u2022 S\u00e3o Paulo\",\"publisher\":{\"@id\":\"https:\\\/\\\/www.34.239.117.254.sslip.io\\\/#organization\"},\"potentialAction\":[{\"@type\":\"SearchAction\",\"target\":{\"@type\":\"EntryPoint\",\"urlTemplate\":\"https:\\\/\\\/www.34.239.117.254.sslip.io\\\/?s={search_term_string}\"},\"query-input\":{\"@type\":\"PropertyValueSpecification\",\"valueRequired\":true,\"valueName\":\"search_term_string\"}}],\"inLanguage\":\"pt-BR\"},{\"@type\":\"Organization\",\"@id\":\"https:\\\/\\\/www.34.239.117.254.sslip.io\\\/#organization\",\"name\":\"Amaral, Yazbek Advogados\",\"url\":\"https:\\\/\\\/www.34.239.117.254.sslip.io\\\/\",\"logo\":{\"@type\":\"ImageObject\",\"inLanguage\":\"pt-BR\",\"@id\":\"https:\\\/\\\/www.34.239.117.254.sslip.io\\\/#\\\/schema\\\/logo\\\/image\\\/\",\"url\":\"http:\\\/\\\/34.239.117.254\\\/wp-content\\\/uploads\\\/2021\\\/03\\\/logo-ay-g.png\",\"contentUrl\":\"http:\\\/\\\/34.239.117.254\\\/wp-content\\\/uploads\\\/2021\\\/03\\\/logo-ay-g.png\",\"width\":434,\"height\":106,\"caption\":\"Amaral, Yazbek Advogados\"},\"image\":{\"@id\":\"https:\\\/\\\/www.34.239.117.254.sslip.io\\\/#\\\/schema\\\/logo\\\/image\\\/\"},\"sameAs\":[\"https:\\\/\\\/www.facebook.com\\\/AYadvogados\",\"https:\\\/\\\/www.instagram.com\\\/ayadvogados\\\/\"]},{\"@type\":\"Person\",\"@id\":\"https:\\\/\\\/www.34.239.117.254.sslip.io\\\/#\\\/schema\\\/person\\\/6b9165a58758b048b8ea5a4fbd4ec3c4\",\"name\":\"Infra\",\"image\":{\"@type\":\"ImageObject\",\"inLanguage\":\"pt-BR\",\"@id\":\"https:\\\/\\\/secure.gravatar.com\\\/avatar\\\/60bf67293e186b9c834e31753dcc586dfcedb661d13b6b9ba29ac991ccafc035?s=96&d=mm&r=g\",\"url\":\"https:\\\/\\\/secure.gravatar.com\\\/avatar\\\/60bf67293e186b9c834e31753dcc586dfcedb661d13b6b9ba29ac991ccafc035?s=96&d=mm&r=g\",\"contentUrl\":\"https:\\\/\\\/secure.gravatar.com\\\/avatar\\\/60bf67293e186b9c834e31753dcc586dfcedb661d13b6b9ba29ac991ccafc035?s=96&d=mm&r=g\",\"caption\":\"Infra\"},\"url\":\"https:\\\/\\\/www.ayadvogados.com.br\\\/?author=3\"}]}<\/script>\n<!-- \/ Yoast SEO plugin. -->","yoast_head_json":{"title":"Maioria no Supremo \u00e9 contra excluir ICMS da CPRB - Amaral, Yazbek Advogados","robots":{"index":"index","follow":"follow","max-snippet":"max-snippet:-1","max-image-preview":"max-image-preview:large","max-video-preview":"max-video-preview:-1"},"canonical":"https:\/\/www.ayadvogados.com.br\/?p=54","og_locale":"pt_BR","og_type":"article","og_title":"Maioria no Supremo \u00e9 contra excluir ICMS da CPRB - Amaral, Yazbek Advogados","og_description":"A maioria dos ministros do Supremo Tribunal Federal (STF) votou para manter o ICMS na base da Contribui\u00e7\u00e3o Previdenci\u00e1ria sobre a Receita Bruta (CPRB). O julgamento foi retomado no Plen\u00e1rio Virtual h\u00e1 pouco mais de uma semana e a maioria foi formada ontem \u00e0 noite. Faltava apenas o voto do ministro Luiz Fux para a [&hellip;]","og_url":"https:\/\/www.ayadvogados.com.br\/?p=54","og_site_name":"Amaral, Yazbek Advogados","article_publisher":"https:\/\/www.facebook.com\/AYadvogados","article_published_time":"2021-02-24T20:32:44+00:00","article_modified_time":"2021-02-24T20:33:17+00:00","og_image":[{"width":1000,"height":620,"url":"https:\/\/www.ayadvogados.com.br\/wp-content\/uploads\/2021\/02\/e78a11c8c0214e13bf1913cb5d22a4af.png","type":"image\/png"}],"author":"Infra","twitter_card":"summary_large_image","twitter_misc":{"Escrito por":"Infra","Est. tempo de leitura":"4 minutos"},"schema":{"@context":"https:\/\/schema.org","@graph":[{"@type":"Article","@id":"https:\/\/www.ayadvogados.com.br\/?p=54#article","isPartOf":{"@id":"https:\/\/www.ayadvogados.com.br\/?p=54"},"author":{"name":"Infra","@id":"https:\/\/www.34.239.117.254.sslip.io\/#\/schema\/person\/6b9165a58758b048b8ea5a4fbd4ec3c4"},"headline":"Maioria no Supremo \u00e9 contra excluir ICMS da CPRB","datePublished":"2021-02-24T20:32:44+00:00","dateModified":"2021-02-24T20:33:17+00:00","mainEntityOfPage":{"@id":"https:\/\/www.ayadvogados.com.br\/?p=54"},"wordCount":738,"commentCount":0,"publisher":{"@id":"https:\/\/www.34.239.117.254.sslip.io\/#organization"},"image":{"@id":"https:\/\/www.ayadvogados.com.br\/?p=54#primaryimage"},"thumbnailUrl":"https:\/\/www.ayadvogados.com.br\/wp-content\/uploads\/2021\/02\/e78a11c8c0214e13bf1913cb5d22a4af.png","articleSection":["Not\u00edcia do Dia"],"inLanguage":"pt-BR","potentialAction":[{"@type":"CommentAction","name":"Comment","target":["https:\/\/www.ayadvogados.com.br\/?p=54#respond"]}]},{"@type":"WebPage","@id":"https:\/\/www.ayadvogados.com.br\/?p=54","url":"https:\/\/www.ayadvogados.com.br\/?p=54","name":"Maioria no Supremo \u00e9 contra excluir ICMS da CPRB - Amaral, Yazbek Advogados","isPartOf":{"@id":"https:\/\/www.34.239.117.254.sslip.io\/#website"},"primaryImageOfPage":{"@id":"https:\/\/www.ayadvogados.com.br\/?p=54#primaryimage"},"image":{"@id":"https:\/\/www.ayadvogados.com.br\/?p=54#primaryimage"},"thumbnailUrl":"https:\/\/www.ayadvogados.com.br\/wp-content\/uploads\/2021\/02\/e78a11c8c0214e13bf1913cb5d22a4af.png","datePublished":"2021-02-24T20:32:44+00:00","dateModified":"2021-02-24T20:33:17+00:00","breadcrumb":{"@id":"https:\/\/www.ayadvogados.com.br\/?p=54#breadcrumb"},"inLanguage":"pt-BR","potentialAction":[{"@type":"ReadAction","target":["https:\/\/www.ayadvogados.com.br\/?p=54"]}]},{"@type":"ImageObject","inLanguage":"pt-BR","@id":"https:\/\/www.ayadvogados.com.br\/?p=54#primaryimage","url":"https:\/\/www.ayadvogados.com.br\/wp-content\/uploads\/2021\/02\/e78a11c8c0214e13bf1913cb5d22a4af.png","contentUrl":"https:\/\/www.ayadvogados.com.br\/wp-content\/uploads\/2021\/02\/e78a11c8c0214e13bf1913cb5d22a4af.png","width":1000,"height":620},{"@type":"BreadcrumbList","@id":"https:\/\/www.ayadvogados.com.br\/?p=54#breadcrumb","itemListElement":[{"@type":"ListItem","position":1,"name":"In\u00edcio","item":"https:\/\/www.34.239.117.254.sslip.io\/"},{"@type":"ListItem","position":2,"name":"Maioria no Supremo \u00e9 contra excluir ICMS da CPRB"}]},{"@type":"WebSite","@id":"https:\/\/www.34.239.117.254.sslip.io\/#website","url":"https:\/\/www.34.239.117.254.sslip.io\/","name":"Amaral, Yazbek Advogados","description":"Curitiba \u2022 Bras\u00edlia \u2022 S\u00e3o Paulo","publisher":{"@id":"https:\/\/www.34.239.117.254.sslip.io\/#organization"},"potentialAction":[{"@type":"SearchAction","target":{"@type":"EntryPoint","urlTemplate":"https:\/\/www.34.239.117.254.sslip.io\/?s={search_term_string}"},"query-input":{"@type":"PropertyValueSpecification","valueRequired":true,"valueName":"search_term_string"}}],"inLanguage":"pt-BR"},{"@type":"Organization","@id":"https:\/\/www.34.239.117.254.sslip.io\/#organization","name":"Amaral, Yazbek Advogados","url":"https:\/\/www.34.239.117.254.sslip.io\/","logo":{"@type":"ImageObject","inLanguage":"pt-BR","@id":"https:\/\/www.34.239.117.254.sslip.io\/#\/schema\/logo\/image\/","url":"http:\/\/34.239.117.254\/wp-content\/uploads\/2021\/03\/logo-ay-g.png","contentUrl":"http:\/\/34.239.117.254\/wp-content\/uploads\/2021\/03\/logo-ay-g.png","width":434,"height":106,"caption":"Amaral, Yazbek Advogados"},"image":{"@id":"https:\/\/www.34.239.117.254.sslip.io\/#\/schema\/logo\/image\/"},"sameAs":["https:\/\/www.facebook.com\/AYadvogados","https:\/\/www.instagram.com\/ayadvogados\/"]},{"@type":"Person","@id":"https:\/\/www.34.239.117.254.sslip.io\/#\/schema\/person\/6b9165a58758b048b8ea5a4fbd4ec3c4","name":"Infra","image":{"@type":"ImageObject","inLanguage":"pt-BR","@id":"https:\/\/secure.gravatar.com\/avatar\/60bf67293e186b9c834e31753dcc586dfcedb661d13b6b9ba29ac991ccafc035?s=96&d=mm&r=g","url":"https:\/\/secure.gravatar.com\/avatar\/60bf67293e186b9c834e31753dcc586dfcedb661d13b6b9ba29ac991ccafc035?s=96&d=mm&r=g","contentUrl":"https:\/\/secure.gravatar.com\/avatar\/60bf67293e186b9c834e31753dcc586dfcedb661d13b6b9ba29ac991ccafc035?s=96&d=mm&r=g","caption":"Infra"},"url":"https:\/\/www.ayadvogados.com.br\/?author=3"}]}},"rttpg_featured_image_url":{"full":["https:\/\/www.ayadvogados.com.br\/wp-content\/uploads\/2021\/02\/e78a11c8c0214e13bf1913cb5d22a4af.png",1000,620,false],"landscape":["https:\/\/www.ayadvogados.com.br\/wp-content\/uploads\/2021\/02\/e78a11c8c0214e13bf1913cb5d22a4af.png",1000,620,false],"portraits":["https:\/\/www.ayadvogados.com.br\/wp-content\/uploads\/2021\/02\/e78a11c8c0214e13bf1913cb5d22a4af.png",1000,620,false],"thumbnail":["https:\/\/www.ayadvogados.com.br\/wp-content\/uploads\/2021\/02\/e78a11c8c0214e13bf1913cb5d22a4af-150x150.png",150,150,true],"medium":["https:\/\/www.ayadvogados.com.br\/wp-content\/uploads\/2021\/02\/e78a11c8c0214e13bf1913cb5d22a4af-300x186.png",300,186,true],"large":["https:\/\/www.ayadvogados.com.br\/wp-content\/uploads\/2021\/02\/e78a11c8c0214e13bf1913cb5d22a4af.png",1000,620,false],"1536x1536":["https:\/\/www.ayadvogados.com.br\/wp-content\/uploads\/2021\/02\/e78a11c8c0214e13bf1913cb5d22a4af.png",1000,620,false],"2048x2048":["https:\/\/www.ayadvogados.com.br\/wp-content\/uploads\/2021\/02\/e78a11c8c0214e13bf1913cb5d22a4af.png",1000,620,false]},"rttpg_author":{"display_name":"Infra","author_link":"https:\/\/www.ayadvogados.com.br\/?author=3"},"rttpg_comment":0,"rttpg_category":"<a href=\"https:\/\/www.ayadvogados.com.br\/?cat=1\" rel=\"category\">Not\u00edcia do Dia<\/a>","rttpg_excerpt":"A maioria dos ministros do Supremo Tribunal Federal (STF) votou para manter o ICMS na base da Contribui\u00e7\u00e3o Previdenci\u00e1ria sobre a Receita Bruta (CPRB). O julgamento foi retomado no Plen\u00e1rio Virtual h\u00e1 pouco mais de uma semana e a maioria foi formada ontem \u00e0 noite. Faltava apenas o voto do ministro Luiz Fux para a&hellip;","_links":{"self":[{"href":"https:\/\/www.ayadvogados.com.br\/index.php?rest_route=\/wp\/v2\/posts\/54","targetHints":{"allow":["GET"]}}],"collection":[{"href":"https:\/\/www.ayadvogados.com.br\/index.php?rest_route=\/wp\/v2\/posts"}],"about":[{"href":"https:\/\/www.ayadvogados.com.br\/index.php?rest_route=\/wp\/v2\/types\/post"}],"author":[{"embeddable":true,"href":"https:\/\/www.ayadvogados.com.br\/index.php?rest_route=\/wp\/v2\/users\/3"}],"replies":[{"embeddable":true,"href":"https:\/\/www.ayadvogados.com.br\/index.php?rest_route=%2Fwp%2Fv2%2Fcomments&post=54"}],"version-history":[{"count":1,"href":"https:\/\/www.ayadvogados.com.br\/index.php?rest_route=\/wp\/v2\/posts\/54\/revisions"}],"predecessor-version":[{"id":55,"href":"https:\/\/www.ayadvogados.com.br\/index.php?rest_route=\/wp\/v2\/posts\/54\/revisions\/55"}],"wp:featuredmedia":[{"embeddable":true,"href":"https:\/\/www.ayadvogados.com.br\/index.php?rest_route=\/wp\/v2\/media\/56"}],"wp:attachment":[{"href":"https:\/\/www.ayadvogados.com.br\/index.php?rest_route=%2Fwp%2Fv2%2Fmedia&parent=54"}],"wp:term":[{"taxonomy":"category","embeddable":true,"href":"https:\/\/www.ayadvogados.com.br\/index.php?rest_route=%2Fwp%2Fv2%2Fcategories&post=54"},{"taxonomy":"post_tag","embeddable":true,"href":"https:\/\/www.ayadvogados.com.br\/index.php?rest_route=%2Fwp%2Fv2%2Ftags&post=54"}],"curies":[{"name":"wp","href":"https:\/\/api.w.org\/{rel}","templated":true}]}}