{"id":532,"date":"2021-03-18T11:29:00","date_gmt":"2021-03-18T14:29:00","guid":{"rendered":"http:\/\/34.239.117.254\/?p=532"},"modified":"2021-03-25T11:30:59","modified_gmt":"2021-03-25T14:30:59","slug":"stj-nega-exclusao-do-icms-st-da-base-do-pis-cofins","status":"publish","type":"post","link":"https:\/\/www.ayadvogados.com.br\/?p=532","title":{"rendered":"STJ nega exclus\u00e3o do ICMS-ST da base do PIS\/Cofins"},"content":{"rendered":"\n<p>A 2\u00aa Turma do Superior Tribunal de Justi\u00e7a (STJ) negou, por unanimidade, a possibilidade de uma empresa excluir o ICMS-ST (substitui\u00e7\u00e3o tribut\u00e1ria) da base de c\u00e1lculo do PIS e da Cofins. Trata-se da primeira manifesta\u00e7\u00e3o dos ministros depois de o Supremo Tribunal Federal (STF) resolver deixar a quest\u00e3o nas m\u00e3os do STJ.<\/p>\n\n\n\n<p>Para o relator do caso, ministro Mauro Campbell Marques, n\u00e3o \u00e9 poss\u00edvel excluir o imposto estadual recolhido na sistem\u00e1tica da substitui\u00e7\u00e3o tribut\u00e1ria porque \u201cjamais esteve formalmente inclu\u00eddo nessa mesma base de c\u00e1lculo\u201d. O processo foi julgado em sess\u00e3o virtual (AgInt no REsp 1885048), sem debate entre os ministros.<\/p>\n\n\n\n<p>Neste m\u00eas, a pr\u00f3pria 2\u00aa Turma deve voltar a analisar a quest\u00e3o, ao analisar outro recurso (REsp 1.864.092\/PR). Desta vez, por meio de videoconfer\u00eancia, o que possibilitar\u00e1 \u00e0s partes apresentarem defesa oral.<\/p>\n\n\n\n<p>A substitui\u00e7\u00e3o tribut\u00e1ria \u00e9 uma forma de arrecada\u00e7\u00e3o em que um contribuinte da cadeia de consumo \u00e9 o respons\u00e1vel por recolher o imposto para os demais. O objetivo \u00e9 facilitar a fiscaliza\u00e7\u00e3o quanto ao pagamento dos valores devidos ao Estado.<\/p>\n\n\n\n<p>H\u00e1 uma peculiaridade nessa sistem\u00e1tica de recolhimento que foi levada em conta pelos ministros da 2\u00aa Turma do STJ. O ICMS-ST \u00e9 destacado formalmente na nota fiscal de aquisi\u00e7\u00e3o das mercadorias, mas n\u00e3o na nota fiscal de sa\u00edda ou de revenda do produto.<\/p>\n\n\n\n<p>Mas a aus\u00eancia de destaque do ICMS-ST na nota de revenda, de acordo com advogados, n\u00e3o significa que o imposto tenha deixado de compor o valor da mercadoria, o que gera repercuss\u00e3o econ\u00f4mica do tributo na opera\u00e7\u00e3o. Al\u00e9m disso, afirmam que na nota fiscal eletr\u00f4nica consta a informa\u00e7\u00e3o de que o ICMS-ST foi recolhido.<\/p>\n\n\n\n<p>Para o ministro Campbell, por\u00e9m, \u201c\u00e9 da natureza de todos os tributos a repercuss\u00e3o econ\u00f4mica\u201d, logo n\u00e3o seria suficiente para excluir o ICMS-ST na base do PIS\/Cofins, que \u00e9 o faturamento das empresas. \u201cA exist\u00eancia de repercuss\u00e3o meramente econ\u00f4mica n\u00e3o \u00e9 suficiente para ensejar a condi\u00e7\u00e3o jur\u00eddica de contribuinte ou respons\u00e1vel o que, porventura, possibilitaria a exclus\u00e3o pretendida\u201d, afirma no voto.<\/p>\n\n\n\n<p>Al\u00e9m disso, o ministro julgou que o destaque do imposto estadual na nota fiscal eletr\u00f4nica serve apenas para controle fiscal. \u201cOs informes de \u2018ICMS Cobrado Anteriormente por ST\u2019 preenchidos eletronicamente pelo substitu\u00eddo existem apenas para efeito de controle fiscal, n\u00e3o o transformando em contribuinte de direito da exa\u00e7\u00e3o, mas apenas informando sua repercuss\u00e3o econ\u00f4mica, o que n\u00e3o \u00e9 suficiente para possibilitar a \u2018exclus\u00e3o\u2019 pretendida\u201d, diz.<\/p>\n\n\n\n<p>Advogados avaliam que o STJ se prende a uma quest\u00e3o formal e deixa de considerar a repercuss\u00e3o jur\u00eddica da quest\u00e3o. As legisla\u00e7\u00f5es dos Estados estabelecem que se o respons\u00e1vel tribut\u00e1rio deixa de recolher o imposto, os substitu\u00eddos devem pagar.<\/p>\n\n\n\n<p>\u201cO contribuinte substitu\u00eddo n\u00e3o est\u00e1 livre do encargo\u201d, argumenta o advogado Renan Godoy, do escrit\u00f3rio Giordani &amp; Advogados Associados, que representou o contribuinte no caso julgado em sess\u00e3o virtual.<\/p>\n\n\n\n<p>No caso analisado pelos ministros da 2\u00aa Turma, tamb\u00e9m n\u00e3o se reconheceu o direito do contribuinte de tomar cr\u00e9ditos de PIS e Cofins sobre o valor pago na etapa anterior a t\u00edtulo de ICMS-ST. Essa discuss\u00e3o n\u00e3o \u00e9 nova e dividiu as duas turmas que analisam quest\u00f5es tribut\u00e1rias no STJ. A 1\u00aa Turma admite e a 2\u00aa Turma nega o creditamento.<\/p>\n\n\n\n<p>\u201cA quest\u00e3o foi superada nas turmas e agora a 1\u00aa Se\u00e7\u00e3o deve pacificar o entendimento do SUperior Tribunal de Justi\u00e7a sobre o assunto a partir de embargos de diverg\u00eancia\u201d, afirma o procurador da Fazenda Nacional Marcelo Kosminsky.&nbsp;<\/p>\n\n\n\n<p>Fonte: <a href=\"https:\/\/valor.globo.com\/legislacao\/noticia\/2021\/03\/18\/stj-nega-exclusao-do-icms-st-da-base-do-pis-cofins.ghtml\">Valor<\/a><\/p>\n\n\n\n<p>A Amaral, Yazbek, OAB\/PR 762, possui 35 anos de experi\u00eancia auxiliando empresas a transformar a tributa\u00e7\u00e3o em lucro. Entre em contato com um dos s\u00f3cios para agendamento de reuni\u00e3o em caso de d\u00favidas.<\/p>\n\n\n\n<p>Contato: 41 3595-8300 ou pelo nosso WhatsApp 41 99567-5696<\/p>\n\n\n\n<p>Av. C\u00e2ndido Hartmann, 50 \u2013 Bigorrilho | Curitiba-PR<\/p>\n\n\n\n<p>Assine nossa Newsletter e fique por dentro das novidades!<\/p>\n\n\n\n<p>Quer receber seu exemplar da revista Governan\u00e7a Jur\u00eddica? Clique <a href=\"http:\/\/ayadvogados.com.br\/revista\">aqui<\/a>&nbsp;e pe\u00e7a a sua.<\/p>\n\n\n\n<p>Nos acompanhe nas redes sociais: <a href=\"https:\/\/www.facebook.com\/amaral.yazbek\">Facebook<\/a>&nbsp;| <a href=\"https:\/\/www.instagram.com\/amaral.yazbek\/\">Instagram<\/a> | <a href=\"https:\/\/www.linkedin.com\/company\/3357082\/admin\/\">Linkedin<\/a><\/p>\n\n\n\n<p>J\u00e1 conhece o canal Direito da Intelig\u00eancia de Neg\u00f3cios? <a href=\"https:\/\/www.youtube.com\/channel\/UCu2Mpu32ht8DEN8OFRXYMyw\">Inscreva-se j\u00e1<\/a><\/p>\n","protected":false},"excerpt":{"rendered":"<p>A 2\u00aa Turma do Superior Tribunal de Justi\u00e7a (STJ) negou, por unanimidade, a possibilidade de uma empresa excluir o ICMS-ST (substitui\u00e7\u00e3o tribut\u00e1ria) da base de c\u00e1lculo do PIS e da Cofins. Trata-se da primeira manifesta\u00e7\u00e3o dos ministros depois de o Supremo Tribunal Federal (STF) resolver deixar a quest\u00e3o nas m\u00e3os do STJ. Para o relator [&hellip;]<\/p>\n","protected":false},"author":3,"featured_media":533,"comment_status":"open","ping_status":"open","sticky":false,"template":"","format":"standard","meta":{"footnotes":""},"categories":[1],"tags":[],"class_list":["post-532","post","type-post","status-publish","format-standard","has-post-thumbnail","hentry","category-noticia-do-dia"],"blocksy_meta":{"styles_descriptor":{"styles":{"desktop":"","tablet":"","mobile":""},"google_fonts":[],"version":6}},"yoast_head":"<!-- This site is optimized with the Yoast SEO plugin v27.5 - https:\/\/yoast.com\/product\/yoast-seo-wordpress\/ -->\n<title>STJ nega exclus\u00e3o do ICMS-ST da base do PIS\/Cofins - Amaral, Yazbek Advogados<\/title>\n<meta name=\"robots\" content=\"index, follow, max-snippet:-1, max-image-preview:large, max-video-preview:-1\" \/>\n<link rel=\"canonical\" href=\"https:\/\/www.ayadvogados.com.br\/?p=532\" \/>\n<meta property=\"og:locale\" content=\"pt_BR\" \/>\n<meta property=\"og:type\" content=\"article\" \/>\n<meta property=\"og:title\" content=\"STJ nega exclus\u00e3o do ICMS-ST da base do PIS\/Cofins - Amaral, Yazbek Advogados\" \/>\n<meta property=\"og:description\" content=\"A 2\u00aa Turma do Superior Tribunal de Justi\u00e7a (STJ) negou, por unanimidade, a possibilidade de uma empresa excluir o ICMS-ST (substitui\u00e7\u00e3o tribut\u00e1ria) da base de c\u00e1lculo do PIS e da Cofins. Trata-se da primeira manifesta\u00e7\u00e3o dos ministros depois de o Supremo Tribunal Federal (STF) resolver deixar a quest\u00e3o nas m\u00e3os do STJ. Para o relator [&hellip;]\" \/>\n<meta property=\"og:url\" content=\"https:\/\/www.ayadvogados.com.br\/?p=532\" \/>\n<meta property=\"og:site_name\" content=\"Amaral, Yazbek Advogados\" \/>\n<meta property=\"article:publisher\" content=\"https:\/\/www.facebook.com\/AYadvogados\" \/>\n<meta property=\"article:published_time\" content=\"2021-03-18T14:29:00+00:00\" \/>\n<meta property=\"article:modified_time\" content=\"2021-03-25T14:30:59+00:00\" \/>\n<meta property=\"og:image\" content=\"https:\/\/www.ayadvogados.com.br\/wp-content\/uploads\/2021\/03\/ab5895626b3f4e8a8a3d2bb6c2780606.png\" \/>\n\t<meta property=\"og:image:width\" content=\"1000\" \/>\n\t<meta property=\"og:image:height\" content=\"620\" \/>\n\t<meta property=\"og:image:type\" content=\"image\/png\" \/>\n<meta name=\"author\" content=\"Infra\" \/>\n<meta name=\"twitter:card\" content=\"summary_large_image\" \/>\n<meta name=\"twitter:label1\" content=\"Escrito por\" \/>\n\t<meta name=\"twitter:data1\" content=\"Infra\" \/>\n\t<meta name=\"twitter:label2\" content=\"Est. tempo de leitura\" \/>\n\t<meta name=\"twitter:data2\" content=\"4 minutos\" \/>\n<script type=\"application\/ld+json\" class=\"yoast-schema-graph\">{\"@context\":\"https:\\\/\\\/schema.org\",\"@graph\":[{\"@type\":\"Article\",\"@id\":\"https:\\\/\\\/www.ayadvogados.com.br\\\/?p=532#article\",\"isPartOf\":{\"@id\":\"https:\\\/\\\/www.ayadvogados.com.br\\\/?p=532\"},\"author\":{\"name\":\"Infra\",\"@id\":\"https:\\\/\\\/www.34.239.117.254.sslip.io\\\/#\\\/schema\\\/person\\\/6b9165a58758b048b8ea5a4fbd4ec3c4\"},\"headline\":\"STJ nega exclus\u00e3o do ICMS-ST da base do PIS\\\/Cofins\",\"datePublished\":\"2021-03-18T14:29:00+00:00\",\"dateModified\":\"2021-03-25T14:30:59+00:00\",\"mainEntityOfPage\":{\"@id\":\"https:\\\/\\\/www.ayadvogados.com.br\\\/?p=532\"},\"wordCount\":738,\"commentCount\":0,\"publisher\":{\"@id\":\"https:\\\/\\\/www.34.239.117.254.sslip.io\\\/#organization\"},\"image\":{\"@id\":\"https:\\\/\\\/www.ayadvogados.com.br\\\/?p=532#primaryimage\"},\"thumbnailUrl\":\"https:\\\/\\\/www.ayadvogados.com.br\\\/wp-content\\\/uploads\\\/2021\\\/03\\\/ab5895626b3f4e8a8a3d2bb6c2780606.png\",\"articleSection\":[\"Not\u00edcia do Dia\"],\"inLanguage\":\"pt-BR\",\"potentialAction\":[{\"@type\":\"CommentAction\",\"name\":\"Comment\",\"target\":[\"https:\\\/\\\/www.ayadvogados.com.br\\\/?p=532#respond\"]}]},{\"@type\":\"WebPage\",\"@id\":\"https:\\\/\\\/www.ayadvogados.com.br\\\/?p=532\",\"url\":\"https:\\\/\\\/www.ayadvogados.com.br\\\/?p=532\",\"name\":\"STJ nega exclus\u00e3o do ICMS-ST da base do PIS\\\/Cofins - Amaral, Yazbek Advogados\",\"isPartOf\":{\"@id\":\"https:\\\/\\\/www.34.239.117.254.sslip.io\\\/#website\"},\"primaryImageOfPage\":{\"@id\":\"https:\\\/\\\/www.ayadvogados.com.br\\\/?p=532#primaryimage\"},\"image\":{\"@id\":\"https:\\\/\\\/www.ayadvogados.com.br\\\/?p=532#primaryimage\"},\"thumbnailUrl\":\"https:\\\/\\\/www.ayadvogados.com.br\\\/wp-content\\\/uploads\\\/2021\\\/03\\\/ab5895626b3f4e8a8a3d2bb6c2780606.png\",\"datePublished\":\"2021-03-18T14:29:00+00:00\",\"dateModified\":\"2021-03-25T14:30:59+00:00\",\"breadcrumb\":{\"@id\":\"https:\\\/\\\/www.ayadvogados.com.br\\\/?p=532#breadcrumb\"},\"inLanguage\":\"pt-BR\",\"potentialAction\":[{\"@type\":\"ReadAction\",\"target\":[\"https:\\\/\\\/www.ayadvogados.com.br\\\/?p=532\"]}]},{\"@type\":\"ImageObject\",\"inLanguage\":\"pt-BR\",\"@id\":\"https:\\\/\\\/www.ayadvogados.com.br\\\/?p=532#primaryimage\",\"url\":\"https:\\\/\\\/www.ayadvogados.com.br\\\/wp-content\\\/uploads\\\/2021\\\/03\\\/ab5895626b3f4e8a8a3d2bb6c2780606.png\",\"contentUrl\":\"https:\\\/\\\/www.ayadvogados.com.br\\\/wp-content\\\/uploads\\\/2021\\\/03\\\/ab5895626b3f4e8a8a3d2bb6c2780606.png\",\"width\":1000,\"height\":620},{\"@type\":\"BreadcrumbList\",\"@id\":\"https:\\\/\\\/www.ayadvogados.com.br\\\/?p=532#breadcrumb\",\"itemListElement\":[{\"@type\":\"ListItem\",\"position\":1,\"name\":\"In\u00edcio\",\"item\":\"https:\\\/\\\/www.34.239.117.254.sslip.io\\\/\"},{\"@type\":\"ListItem\",\"position\":2,\"name\":\"STJ nega exclus\u00e3o do ICMS-ST da base do PIS\\\/Cofins\"}]},{\"@type\":\"WebSite\",\"@id\":\"https:\\\/\\\/www.34.239.117.254.sslip.io\\\/#website\",\"url\":\"https:\\\/\\\/www.34.239.117.254.sslip.io\\\/\",\"name\":\"Amaral, Yazbek Advogados\",\"description\":\"Curitiba \u2022 Bras\u00edlia \u2022 S\u00e3o Paulo\",\"publisher\":{\"@id\":\"https:\\\/\\\/www.34.239.117.254.sslip.io\\\/#organization\"},\"potentialAction\":[{\"@type\":\"SearchAction\",\"target\":{\"@type\":\"EntryPoint\",\"urlTemplate\":\"https:\\\/\\\/www.34.239.117.254.sslip.io\\\/?s={search_term_string}\"},\"query-input\":{\"@type\":\"PropertyValueSpecification\",\"valueRequired\":true,\"valueName\":\"search_term_string\"}}],\"inLanguage\":\"pt-BR\"},{\"@type\":\"Organization\",\"@id\":\"https:\\\/\\\/www.34.239.117.254.sslip.io\\\/#organization\",\"name\":\"Amaral, Yazbek Advogados\",\"url\":\"https:\\\/\\\/www.34.239.117.254.sslip.io\\\/\",\"logo\":{\"@type\":\"ImageObject\",\"inLanguage\":\"pt-BR\",\"@id\":\"https:\\\/\\\/www.34.239.117.254.sslip.io\\\/#\\\/schema\\\/logo\\\/image\\\/\",\"url\":\"http:\\\/\\\/34.239.117.254\\\/wp-content\\\/uploads\\\/2021\\\/03\\\/logo-ay-g.png\",\"contentUrl\":\"http:\\\/\\\/34.239.117.254\\\/wp-content\\\/uploads\\\/2021\\\/03\\\/logo-ay-g.png\",\"width\":434,\"height\":106,\"caption\":\"Amaral, Yazbek Advogados\"},\"image\":{\"@id\":\"https:\\\/\\\/www.34.239.117.254.sslip.io\\\/#\\\/schema\\\/logo\\\/image\\\/\"},\"sameAs\":[\"https:\\\/\\\/www.facebook.com\\\/AYadvogados\",\"https:\\\/\\\/www.instagram.com\\\/ayadvogados\\\/\"]},{\"@type\":\"Person\",\"@id\":\"https:\\\/\\\/www.34.239.117.254.sslip.io\\\/#\\\/schema\\\/person\\\/6b9165a58758b048b8ea5a4fbd4ec3c4\",\"name\":\"Infra\",\"image\":{\"@type\":\"ImageObject\",\"inLanguage\":\"pt-BR\",\"@id\":\"https:\\\/\\\/secure.gravatar.com\\\/avatar\\\/60bf67293e186b9c834e31753dcc586dfcedb661d13b6b9ba29ac991ccafc035?s=96&d=mm&r=g\",\"url\":\"https:\\\/\\\/secure.gravatar.com\\\/avatar\\\/60bf67293e186b9c834e31753dcc586dfcedb661d13b6b9ba29ac991ccafc035?s=96&d=mm&r=g\",\"contentUrl\":\"https:\\\/\\\/secure.gravatar.com\\\/avatar\\\/60bf67293e186b9c834e31753dcc586dfcedb661d13b6b9ba29ac991ccafc035?s=96&d=mm&r=g\",\"caption\":\"Infra\"},\"url\":\"https:\\\/\\\/www.ayadvogados.com.br\\\/?author=3\"}]}<\/script>\n<!-- \/ Yoast SEO plugin. -->","yoast_head_json":{"title":"STJ nega exclus\u00e3o do ICMS-ST da base do PIS\/Cofins - Amaral, Yazbek Advogados","robots":{"index":"index","follow":"follow","max-snippet":"max-snippet:-1","max-image-preview":"max-image-preview:large","max-video-preview":"max-video-preview:-1"},"canonical":"https:\/\/www.ayadvogados.com.br\/?p=532","og_locale":"pt_BR","og_type":"article","og_title":"STJ nega exclus\u00e3o do ICMS-ST da base do PIS\/Cofins - Amaral, Yazbek Advogados","og_description":"A 2\u00aa Turma do Superior Tribunal de Justi\u00e7a (STJ) negou, por unanimidade, a possibilidade de uma empresa excluir o ICMS-ST (substitui\u00e7\u00e3o tribut\u00e1ria) da base de c\u00e1lculo do PIS e da Cofins. Trata-se da primeira manifesta\u00e7\u00e3o dos ministros depois de o Supremo Tribunal Federal (STF) resolver deixar a quest\u00e3o nas m\u00e3os do STJ. Para o relator [&hellip;]","og_url":"https:\/\/www.ayadvogados.com.br\/?p=532","og_site_name":"Amaral, Yazbek Advogados","article_publisher":"https:\/\/www.facebook.com\/AYadvogados","article_published_time":"2021-03-18T14:29:00+00:00","article_modified_time":"2021-03-25T14:30:59+00:00","og_image":[{"width":1000,"height":620,"url":"https:\/\/www.ayadvogados.com.br\/wp-content\/uploads\/2021\/03\/ab5895626b3f4e8a8a3d2bb6c2780606.png","type":"image\/png"}],"author":"Infra","twitter_card":"summary_large_image","twitter_misc":{"Escrito por":"Infra","Est. tempo de leitura":"4 minutos"},"schema":{"@context":"https:\/\/schema.org","@graph":[{"@type":"Article","@id":"https:\/\/www.ayadvogados.com.br\/?p=532#article","isPartOf":{"@id":"https:\/\/www.ayadvogados.com.br\/?p=532"},"author":{"name":"Infra","@id":"https:\/\/www.34.239.117.254.sslip.io\/#\/schema\/person\/6b9165a58758b048b8ea5a4fbd4ec3c4"},"headline":"STJ nega exclus\u00e3o do ICMS-ST da base do PIS\/Cofins","datePublished":"2021-03-18T14:29:00+00:00","dateModified":"2021-03-25T14:30:59+00:00","mainEntityOfPage":{"@id":"https:\/\/www.ayadvogados.com.br\/?p=532"},"wordCount":738,"commentCount":0,"publisher":{"@id":"https:\/\/www.34.239.117.254.sslip.io\/#organization"},"image":{"@id":"https:\/\/www.ayadvogados.com.br\/?p=532#primaryimage"},"thumbnailUrl":"https:\/\/www.ayadvogados.com.br\/wp-content\/uploads\/2021\/03\/ab5895626b3f4e8a8a3d2bb6c2780606.png","articleSection":["Not\u00edcia do Dia"],"inLanguage":"pt-BR","potentialAction":[{"@type":"CommentAction","name":"Comment","target":["https:\/\/www.ayadvogados.com.br\/?p=532#respond"]}]},{"@type":"WebPage","@id":"https:\/\/www.ayadvogados.com.br\/?p=532","url":"https:\/\/www.ayadvogados.com.br\/?p=532","name":"STJ nega exclus\u00e3o do ICMS-ST da base do PIS\/Cofins - Amaral, Yazbek Advogados","isPartOf":{"@id":"https:\/\/www.34.239.117.254.sslip.io\/#website"},"primaryImageOfPage":{"@id":"https:\/\/www.ayadvogados.com.br\/?p=532#primaryimage"},"image":{"@id":"https:\/\/www.ayadvogados.com.br\/?p=532#primaryimage"},"thumbnailUrl":"https:\/\/www.ayadvogados.com.br\/wp-content\/uploads\/2021\/03\/ab5895626b3f4e8a8a3d2bb6c2780606.png","datePublished":"2021-03-18T14:29:00+00:00","dateModified":"2021-03-25T14:30:59+00:00","breadcrumb":{"@id":"https:\/\/www.ayadvogados.com.br\/?p=532#breadcrumb"},"inLanguage":"pt-BR","potentialAction":[{"@type":"ReadAction","target":["https:\/\/www.ayadvogados.com.br\/?p=532"]}]},{"@type":"ImageObject","inLanguage":"pt-BR","@id":"https:\/\/www.ayadvogados.com.br\/?p=532#primaryimage","url":"https:\/\/www.ayadvogados.com.br\/wp-content\/uploads\/2021\/03\/ab5895626b3f4e8a8a3d2bb6c2780606.png","contentUrl":"https:\/\/www.ayadvogados.com.br\/wp-content\/uploads\/2021\/03\/ab5895626b3f4e8a8a3d2bb6c2780606.png","width":1000,"height":620},{"@type":"BreadcrumbList","@id":"https:\/\/www.ayadvogados.com.br\/?p=532#breadcrumb","itemListElement":[{"@type":"ListItem","position":1,"name":"In\u00edcio","item":"https:\/\/www.34.239.117.254.sslip.io\/"},{"@type":"ListItem","position":2,"name":"STJ nega exclus\u00e3o do ICMS-ST da base do PIS\/Cofins"}]},{"@type":"WebSite","@id":"https:\/\/www.34.239.117.254.sslip.io\/#website","url":"https:\/\/www.34.239.117.254.sslip.io\/","name":"Amaral, Yazbek Advogados","description":"Curitiba \u2022 Bras\u00edlia \u2022 S\u00e3o Paulo","publisher":{"@id":"https:\/\/www.34.239.117.254.sslip.io\/#organization"},"potentialAction":[{"@type":"SearchAction","target":{"@type":"EntryPoint","urlTemplate":"https:\/\/www.34.239.117.254.sslip.io\/?s={search_term_string}"},"query-input":{"@type":"PropertyValueSpecification","valueRequired":true,"valueName":"search_term_string"}}],"inLanguage":"pt-BR"},{"@type":"Organization","@id":"https:\/\/www.34.239.117.254.sslip.io\/#organization","name":"Amaral, Yazbek Advogados","url":"https:\/\/www.34.239.117.254.sslip.io\/","logo":{"@type":"ImageObject","inLanguage":"pt-BR","@id":"https:\/\/www.34.239.117.254.sslip.io\/#\/schema\/logo\/image\/","url":"http:\/\/34.239.117.254\/wp-content\/uploads\/2021\/03\/logo-ay-g.png","contentUrl":"http:\/\/34.239.117.254\/wp-content\/uploads\/2021\/03\/logo-ay-g.png","width":434,"height":106,"caption":"Amaral, Yazbek Advogados"},"image":{"@id":"https:\/\/www.34.239.117.254.sslip.io\/#\/schema\/logo\/image\/"},"sameAs":["https:\/\/www.facebook.com\/AYadvogados","https:\/\/www.instagram.com\/ayadvogados\/"]},{"@type":"Person","@id":"https:\/\/www.34.239.117.254.sslip.io\/#\/schema\/person\/6b9165a58758b048b8ea5a4fbd4ec3c4","name":"Infra","image":{"@type":"ImageObject","inLanguage":"pt-BR","@id":"https:\/\/secure.gravatar.com\/avatar\/60bf67293e186b9c834e31753dcc586dfcedb661d13b6b9ba29ac991ccafc035?s=96&d=mm&r=g","url":"https:\/\/secure.gravatar.com\/avatar\/60bf67293e186b9c834e31753dcc586dfcedb661d13b6b9ba29ac991ccafc035?s=96&d=mm&r=g","contentUrl":"https:\/\/secure.gravatar.com\/avatar\/60bf67293e186b9c834e31753dcc586dfcedb661d13b6b9ba29ac991ccafc035?s=96&d=mm&r=g","caption":"Infra"},"url":"https:\/\/www.ayadvogados.com.br\/?author=3"}]}},"rttpg_featured_image_url":{"full":["https:\/\/www.ayadvogados.com.br\/wp-content\/uploads\/2021\/03\/ab5895626b3f4e8a8a3d2bb6c2780606.png",1000,620,false],"landscape":["https:\/\/www.ayadvogados.com.br\/wp-content\/uploads\/2021\/03\/ab5895626b3f4e8a8a3d2bb6c2780606.png",1000,620,false],"portraits":["https:\/\/www.ayadvogados.com.br\/wp-content\/uploads\/2021\/03\/ab5895626b3f4e8a8a3d2bb6c2780606.png",1000,620,false],"thumbnail":["https:\/\/www.ayadvogados.com.br\/wp-content\/uploads\/2021\/03\/ab5895626b3f4e8a8a3d2bb6c2780606-150x150.png",150,150,true],"medium":["https:\/\/www.ayadvogados.com.br\/wp-content\/uploads\/2021\/03\/ab5895626b3f4e8a8a3d2bb6c2780606-300x186.png",300,186,true],"large":["https:\/\/www.ayadvogados.com.br\/wp-content\/uploads\/2021\/03\/ab5895626b3f4e8a8a3d2bb6c2780606.png",1000,620,false],"1536x1536":["https:\/\/www.ayadvogados.com.br\/wp-content\/uploads\/2021\/03\/ab5895626b3f4e8a8a3d2bb6c2780606.png",1000,620,false],"2048x2048":["https:\/\/www.ayadvogados.com.br\/wp-content\/uploads\/2021\/03\/ab5895626b3f4e8a8a3d2bb6c2780606.png",1000,620,false]},"rttpg_author":{"display_name":"Infra","author_link":"https:\/\/www.ayadvogados.com.br\/?author=3"},"rttpg_comment":0,"rttpg_category":"<a href=\"https:\/\/www.ayadvogados.com.br\/?cat=1\" rel=\"category\">Not\u00edcia do Dia<\/a>","rttpg_excerpt":"A 2\u00aa Turma do Superior Tribunal de Justi\u00e7a (STJ) negou, por unanimidade, a possibilidade de uma empresa excluir o ICMS-ST (substitui\u00e7\u00e3o tribut\u00e1ria) da base de c\u00e1lculo do PIS e da Cofins. Trata-se da primeira manifesta\u00e7\u00e3o dos ministros depois de o Supremo Tribunal Federal (STF) resolver deixar a quest\u00e3o nas m\u00e3os do STJ. Para o relator&hellip;","_links":{"self":[{"href":"https:\/\/www.ayadvogados.com.br\/index.php?rest_route=\/wp\/v2\/posts\/532","targetHints":{"allow":["GET"]}}],"collection":[{"href":"https:\/\/www.ayadvogados.com.br\/index.php?rest_route=\/wp\/v2\/posts"}],"about":[{"href":"https:\/\/www.ayadvogados.com.br\/index.php?rest_route=\/wp\/v2\/types\/post"}],"author":[{"embeddable":true,"href":"https:\/\/www.ayadvogados.com.br\/index.php?rest_route=\/wp\/v2\/users\/3"}],"replies":[{"embeddable":true,"href":"https:\/\/www.ayadvogados.com.br\/index.php?rest_route=%2Fwp%2Fv2%2Fcomments&post=532"}],"version-history":[{"count":1,"href":"https:\/\/www.ayadvogados.com.br\/index.php?rest_route=\/wp\/v2\/posts\/532\/revisions"}],"predecessor-version":[{"id":534,"href":"https:\/\/www.ayadvogados.com.br\/index.php?rest_route=\/wp\/v2\/posts\/532\/revisions\/534"}],"wp:featuredmedia":[{"embeddable":true,"href":"https:\/\/www.ayadvogados.com.br\/index.php?rest_route=\/wp\/v2\/media\/533"}],"wp:attachment":[{"href":"https:\/\/www.ayadvogados.com.br\/index.php?rest_route=%2Fwp%2Fv2%2Fmedia&parent=532"}],"wp:term":[{"taxonomy":"category","embeddable":true,"href":"https:\/\/www.ayadvogados.com.br\/index.php?rest_route=%2Fwp%2Fv2%2Fcategories&post=532"},{"taxonomy":"post_tag","embeddable":true,"href":"https:\/\/www.ayadvogados.com.br\/index.php?rest_route=%2Fwp%2Fv2%2Ftags&post=532"}],"curies":[{"name":"wp","href":"https:\/\/api.w.org\/{rel}","templated":true}]}}