{"id":529,"date":"2021-03-19T11:28:00","date_gmt":"2021-03-19T14:28:00","guid":{"rendered":"http:\/\/34.239.117.254\/?p=529"},"modified":"2021-03-25T11:29:38","modified_gmt":"2021-03-25T14:29:38","slug":"fux-marca-julgamento-sobre-exclusao-do-icms-do-pis-cofins-para-abril","status":"publish","type":"post","link":"https:\/\/www.ayadvogados.com.br\/?p=529","title":{"rendered":"Fux marca julgamento sobre exclus\u00e3o do ICMS do PIS\/Cofins para abril"},"content":{"rendered":"\n<p>O ministro Luiz Fux, presidente do Supremo Tribunal Federal (STF), incluiu na pauta de julgamentos de abril o processo sobre a exclus\u00e3o do ICMS do c\u00e1lculo do PIS e da Cofins \u2014 a chamada tese do s\u00e9culo. Trata-se do julgamento tribut\u00e1rio mais esperado pelo mercado. Para a Uni\u00e3o, s\u00e3o cerca de R$ 250 bilh\u00f5es em jogo.<\/p>\n\n\n\n<p>O julgamento foi agendado para o dia 29 do pr\u00f3ximo m\u00eas. No come\u00e7o da semana, Fux j\u00e1 havia dado sinais de que poderia pautar o caso ainda neste ano.<\/p>\n\n\n\n<p>A assessoria da presid\u00eancia da Corte afirmou, ter\u00e7a-feira, que ele avaliava incluir nos julgamentos do segundo semestre. A afirma\u00e7\u00e3o foi feita poucas horas depois de eclodir entre advogados tributaristas um of\u00edcio enviado pelo ministro aos tribunais regionais federais.<\/p>\n\n\n\n<p>O presidente do Supremo pediu para que os desembargadores n\u00e3o enviem mais recursos sobre esse tema \u00e0 Corte. A orienta\u00e7\u00e3o \u00e9 para que fiquem represados na segunda inst\u00e2ncia at\u00e9 que os ministros coloquem um ponto final nessa hist\u00f3ria.<\/p>\n\n\n\n<p>O desfecho depende unicamente do julgamento do recurso que Fux decidiu incluir na pauta do dia 29.<\/p>\n\n\n\n<p>Os ministros decidiram pela exclus\u00e3o do ICMS do c\u00e1lculo do PIS e da Cofins em mar\u00e7o de 2017. Naquele mesmo ano, a Uni\u00e3o apresentou embargos de declara\u00e7\u00e3o.<\/p>\n\n\n\n<p>Pede para que o resultado seja modificado e, se isso n\u00e3o acontecer, que seja aplicada, ent\u00e3o, a chamada modula\u00e7\u00e3o de efeitos &#8211; o que faria com que a decis\u00e3o tivesse validade somente para per\u00edodo posterior ao julgamento dos embargos.<\/p>\n\n\n\n<p>Consta nesse recurso, al\u00e9m disso, discuss\u00e3o sobre qual ICMS deve ser retirado do c\u00e1lculo do PIS e da Cofins: o que consta na nota fiscal, como entendem os contribuintes, ou o valor efetivamente recolhido aos Estados &#8211; geralmente menor -, como interpreta a Receita Federal.<\/p>\n\n\n\n<p>Esse recurso foi liberado para julgamento pela relatora do caso, a ministra C\u00e1rmen L\u00facia, em julho de 2019. J\u00e1 entrou e saiu da pauta algumas vezes. A \u00faltima delas em 1\u00ba de abril de 2020. Os advogados fazem piada com a data. Dizem ter sido a maior \u201cmentira tribut\u00e1ria\u201d dos \u00faltimos anos.<\/p>\n\n\n\n<p>Existem, atualmente, 9,3 mil a\u00e7\u00f5es sobre esse tema no Judici\u00e1rio e in\u00fameras outras j\u00e1 foram encerradas.<\/p>\n\n\n\n<p>As empresas utilizaram, em 2020, R$ 63,6 bilh\u00f5es em cr\u00e9ditos fiscais decorrentes de disputas na Justi\u00e7a &#8211; 174% a mais que no ano anterior. O forte crescimento, afirma a Receita Federal, est\u00e1 relacionado ao tr\u00e2nsito em julgado de a\u00e7\u00f5es sobre a exclus\u00e3o do ICMS do PIS e da Cofins.&nbsp;<\/p>\n\n\n\n<p>Fonte: <a href=\"https:\/\/valor.globo.com\/legislacao\/noticia\/2021\/03\/18\/fux-marca-julgamento-sobre-exclusao-do-icms-do-piscofins-para-abril.ghtml\">Valor<\/a><\/p>\n\n\n\n<p>A Amaral, Yazbek, OAB\/PR 762, possui 35 anos de experi\u00eancia auxiliando empresas a transformar a tributa\u00e7\u00e3o em lucro. Entre em contato com um dos s\u00f3cios para agendamento de reuni\u00e3o em caso de d\u00favidas.<\/p>\n\n\n\n<p>Contato: 41 3595-8300 ou pelo nosso WhatsApp 41 99567-5696<\/p>\n\n\n\n<p>Av. C\u00e2ndido Hartmann, 50 \u2013 Bigorrilho | Curitiba-PR<\/p>\n\n\n\n<p>Assine nossa Newsletter e fique por dentro das novidades!<\/p>\n\n\n\n<p>Quer receber seu exemplar da revista Governan\u00e7a Jur\u00eddica? Clique <a href=\"http:\/\/ayadvogados.com.br\/revista\">aqui<\/a>&nbsp;e pe\u00e7a a sua.<\/p>\n\n\n\n<p>Nos acompanhe nas redes sociais: <a href=\"https:\/\/www.facebook.com\/amaral.yazbek\">Facebook<\/a>&nbsp;| <a href=\"https:\/\/www.instagram.com\/amaral.yazbek\/\">Instagram<\/a> | <a href=\"https:\/\/www.linkedin.com\/company\/3357082\/admin\/\">Linkedin<\/a><\/p>\n\n\n\n<p>J\u00e1 conhece o canal Direito da Intelig\u00eancia de Neg\u00f3cios? <a href=\"https:\/\/www.youtube.com\/channel\/UCu2Mpu32ht8DEN8OFRXYMyw\">Inscreva-se j\u00e1<\/a><\/p>\n","protected":false},"excerpt":{"rendered":"<p>O ministro Luiz Fux, presidente do Supremo Tribunal Federal (STF), incluiu na pauta de julgamentos de abril o processo sobre a exclus\u00e3o do ICMS do c\u00e1lculo do PIS e da Cofins \u2014 a chamada tese do s\u00e9culo. Trata-se do julgamento tribut\u00e1rio mais esperado pelo mercado. Para a Uni\u00e3o, s\u00e3o cerca de R$ 250 bilh\u00f5es em [&hellip;]<\/p>\n","protected":false},"author":3,"featured_media":530,"comment_status":"open","ping_status":"open","sticky":false,"template":"","format":"standard","meta":{"footnotes":""},"categories":[1],"tags":[],"class_list":["post-529","post","type-post","status-publish","format-standard","has-post-thumbnail","hentry","category-noticia-do-dia"],"blocksy_meta":{"styles_descriptor":{"styles":{"desktop":"","tablet":"","mobile":""},"google_fonts":[],"version":6}},"yoast_head":"<!-- This site is optimized with the Yoast SEO plugin v27.5 - https:\/\/yoast.com\/product\/yoast-seo-wordpress\/ -->\n<title>Fux marca julgamento sobre exclus\u00e3o do ICMS do PIS\/Cofins para abril - Amaral, Yazbek Advogados<\/title>\n<meta name=\"robots\" content=\"index, follow, max-snippet:-1, max-image-preview:large, max-video-preview:-1\" \/>\n<link rel=\"canonical\" href=\"https:\/\/www.34.239.117.254.sslip.io\/?p=529\" \/>\n<meta property=\"og:locale\" content=\"pt_BR\" \/>\n<meta property=\"og:type\" content=\"article\" \/>\n<meta property=\"og:title\" content=\"Fux marca julgamento sobre exclus\u00e3o do ICMS do PIS\/Cofins para abril - Amaral, Yazbek Advogados\" \/>\n<meta property=\"og:description\" content=\"O ministro Luiz Fux, presidente do Supremo Tribunal Federal (STF), incluiu na pauta de julgamentos de abril o processo sobre a exclus\u00e3o do ICMS do c\u00e1lculo do PIS e da Cofins \u2014 a chamada tese do s\u00e9culo. Trata-se do julgamento tribut\u00e1rio mais esperado pelo mercado. Para a Uni\u00e3o, s\u00e3o cerca de R$ 250 bilh\u00f5es em [&hellip;]\" \/>\n<meta property=\"og:url\" content=\"https:\/\/www.34.239.117.254.sslip.io\/?p=529\" \/>\n<meta property=\"og:site_name\" content=\"Amaral, Yazbek Advogados\" \/>\n<meta property=\"article:publisher\" content=\"https:\/\/www.facebook.com\/AYadvogados\" \/>\n<meta property=\"article:published_time\" content=\"2021-03-19T14:28:00+00:00\" \/>\n<meta property=\"article:modified_time\" content=\"2021-03-25T14:29:38+00:00\" \/>\n<meta property=\"og:image\" content=\"https:\/\/www.34.239.117.254.sslip.io\/wp-content\/uploads\/2021\/03\/4468b162ccc949098899f52f695b60dc.png\" \/>\n\t<meta property=\"og:image:width\" content=\"1000\" \/>\n\t<meta property=\"og:image:height\" content=\"620\" \/>\n\t<meta property=\"og:image:type\" content=\"image\/png\" \/>\n<meta name=\"author\" content=\"Infra\" \/>\n<meta name=\"twitter:card\" content=\"summary_large_image\" \/>\n<meta name=\"twitter:label1\" content=\"Escrito por\" \/>\n\t<meta name=\"twitter:data1\" content=\"Infra\" \/>\n\t<meta name=\"twitter:label2\" content=\"Est. tempo de leitura\" \/>\n\t<meta name=\"twitter:data2\" content=\"3 minutos\" \/>\n<script type=\"application\/ld+json\" class=\"yoast-schema-graph\">{\"@context\":\"https:\\\/\\\/schema.org\",\"@graph\":[{\"@type\":\"Article\",\"@id\":\"https:\\\/\\\/www.34.239.117.254.sslip.io\\\/?p=529#article\",\"isPartOf\":{\"@id\":\"https:\\\/\\\/www.34.239.117.254.sslip.io\\\/?p=529\"},\"author\":{\"name\":\"Infra\",\"@id\":\"https:\\\/\\\/www.34.239.117.254.sslip.io\\\/#\\\/schema\\\/person\\\/6b9165a58758b048b8ea5a4fbd4ec3c4\"},\"headline\":\"Fux marca julgamento sobre exclus\u00e3o do ICMS do PIS\\\/Cofins para abril\",\"datePublished\":\"2021-03-19T14:28:00+00:00\",\"dateModified\":\"2021-03-25T14:29:38+00:00\",\"mainEntityOfPage\":{\"@id\":\"https:\\\/\\\/www.34.239.117.254.sslip.io\\\/?p=529\"},\"wordCount\":550,\"commentCount\":0,\"publisher\":{\"@id\":\"https:\\\/\\\/www.34.239.117.254.sslip.io\\\/#organization\"},\"image\":{\"@id\":\"https:\\\/\\\/www.34.239.117.254.sslip.io\\\/?p=529#primaryimage\"},\"thumbnailUrl\":\"https:\\\/\\\/www.ayadvogados.com.br\\\/wp-content\\\/uploads\\\/2021\\\/03\\\/4468b162ccc949098899f52f695b60dc.png\",\"articleSection\":[\"Not\u00edcia do Dia\"],\"inLanguage\":\"pt-BR\",\"potentialAction\":[{\"@type\":\"CommentAction\",\"name\":\"Comment\",\"target\":[\"https:\\\/\\\/www.34.239.117.254.sslip.io\\\/?p=529#respond\"]}]},{\"@type\":\"WebPage\",\"@id\":\"https:\\\/\\\/www.34.239.117.254.sslip.io\\\/?p=529\",\"url\":\"https:\\\/\\\/www.34.239.117.254.sslip.io\\\/?p=529\",\"name\":\"Fux marca julgamento sobre exclus\u00e3o do ICMS do PIS\\\/Cofins para abril - Amaral, Yazbek Advogados\",\"isPartOf\":{\"@id\":\"https:\\\/\\\/www.34.239.117.254.sslip.io\\\/#website\"},\"primaryImageOfPage\":{\"@id\":\"https:\\\/\\\/www.34.239.117.254.sslip.io\\\/?p=529#primaryimage\"},\"image\":{\"@id\":\"https:\\\/\\\/www.34.239.117.254.sslip.io\\\/?p=529#primaryimage\"},\"thumbnailUrl\":\"https:\\\/\\\/www.ayadvogados.com.br\\\/wp-content\\\/uploads\\\/2021\\\/03\\\/4468b162ccc949098899f52f695b60dc.png\",\"datePublished\":\"2021-03-19T14:28:00+00:00\",\"dateModified\":\"2021-03-25T14:29:38+00:00\",\"breadcrumb\":{\"@id\":\"https:\\\/\\\/www.34.239.117.254.sslip.io\\\/?p=529#breadcrumb\"},\"inLanguage\":\"pt-BR\",\"potentialAction\":[{\"@type\":\"ReadAction\",\"target\":[\"https:\\\/\\\/www.34.239.117.254.sslip.io\\\/?p=529\"]}]},{\"@type\":\"ImageObject\",\"inLanguage\":\"pt-BR\",\"@id\":\"https:\\\/\\\/www.34.239.117.254.sslip.io\\\/?p=529#primaryimage\",\"url\":\"https:\\\/\\\/www.ayadvogados.com.br\\\/wp-content\\\/uploads\\\/2021\\\/03\\\/4468b162ccc949098899f52f695b60dc.png\",\"contentUrl\":\"https:\\\/\\\/www.ayadvogados.com.br\\\/wp-content\\\/uploads\\\/2021\\\/03\\\/4468b162ccc949098899f52f695b60dc.png\",\"width\":1000,\"height\":620},{\"@type\":\"BreadcrumbList\",\"@id\":\"https:\\\/\\\/www.34.239.117.254.sslip.io\\\/?p=529#breadcrumb\",\"itemListElement\":[{\"@type\":\"ListItem\",\"position\":1,\"name\":\"In\u00edcio\",\"item\":\"https:\\\/\\\/www.34.239.117.254.sslip.io\\\/\"},{\"@type\":\"ListItem\",\"position\":2,\"name\":\"Fux marca julgamento sobre exclus\u00e3o do ICMS do PIS\\\/Cofins para abril\"}]},{\"@type\":\"WebSite\",\"@id\":\"https:\\\/\\\/www.34.239.117.254.sslip.io\\\/#website\",\"url\":\"https:\\\/\\\/www.34.239.117.254.sslip.io\\\/\",\"name\":\"Amaral, Yazbek Advogados\",\"description\":\"Curitiba \u2022 Bras\u00edlia \u2022 S\u00e3o Paulo\",\"publisher\":{\"@id\":\"https:\\\/\\\/www.34.239.117.254.sslip.io\\\/#organization\"},\"potentialAction\":[{\"@type\":\"SearchAction\",\"target\":{\"@type\":\"EntryPoint\",\"urlTemplate\":\"https:\\\/\\\/www.34.239.117.254.sslip.io\\\/?s={search_term_string}\"},\"query-input\":{\"@type\":\"PropertyValueSpecification\",\"valueRequired\":true,\"valueName\":\"search_term_string\"}}],\"inLanguage\":\"pt-BR\"},{\"@type\":\"Organization\",\"@id\":\"https:\\\/\\\/www.34.239.117.254.sslip.io\\\/#organization\",\"name\":\"Amaral, Yazbek Advogados\",\"url\":\"https:\\\/\\\/www.34.239.117.254.sslip.io\\\/\",\"logo\":{\"@type\":\"ImageObject\",\"inLanguage\":\"pt-BR\",\"@id\":\"https:\\\/\\\/www.34.239.117.254.sslip.io\\\/#\\\/schema\\\/logo\\\/image\\\/\",\"url\":\"http:\\\/\\\/34.239.117.254\\\/wp-content\\\/uploads\\\/2021\\\/03\\\/logo-ay-g.png\",\"contentUrl\":\"http:\\\/\\\/34.239.117.254\\\/wp-content\\\/uploads\\\/2021\\\/03\\\/logo-ay-g.png\",\"width\":434,\"height\":106,\"caption\":\"Amaral, Yazbek Advogados\"},\"image\":{\"@id\":\"https:\\\/\\\/www.34.239.117.254.sslip.io\\\/#\\\/schema\\\/logo\\\/image\\\/\"},\"sameAs\":[\"https:\\\/\\\/www.facebook.com\\\/AYadvogados\",\"https:\\\/\\\/www.instagram.com\\\/ayadvogados\\\/\"]},{\"@type\":\"Person\",\"@id\":\"https:\\\/\\\/www.34.239.117.254.sslip.io\\\/#\\\/schema\\\/person\\\/6b9165a58758b048b8ea5a4fbd4ec3c4\",\"name\":\"Infra\",\"image\":{\"@type\":\"ImageObject\",\"inLanguage\":\"pt-BR\",\"@id\":\"https:\\\/\\\/secure.gravatar.com\\\/avatar\\\/60bf67293e186b9c834e31753dcc586dfcedb661d13b6b9ba29ac991ccafc035?s=96&d=mm&r=g\",\"url\":\"https:\\\/\\\/secure.gravatar.com\\\/avatar\\\/60bf67293e186b9c834e31753dcc586dfcedb661d13b6b9ba29ac991ccafc035?s=96&d=mm&r=g\",\"contentUrl\":\"https:\\\/\\\/secure.gravatar.com\\\/avatar\\\/60bf67293e186b9c834e31753dcc586dfcedb661d13b6b9ba29ac991ccafc035?s=96&d=mm&r=g\",\"caption\":\"Infra\"},\"url\":\"https:\\\/\\\/www.ayadvogados.com.br\\\/?author=3\"}]}<\/script>\n<!-- \/ Yoast SEO plugin. -->","yoast_head_json":{"title":"Fux marca julgamento sobre exclus\u00e3o do ICMS do PIS\/Cofins para abril - Amaral, Yazbek Advogados","robots":{"index":"index","follow":"follow","max-snippet":"max-snippet:-1","max-image-preview":"max-image-preview:large","max-video-preview":"max-video-preview:-1"},"canonical":"https:\/\/www.34.239.117.254.sslip.io\/?p=529","og_locale":"pt_BR","og_type":"article","og_title":"Fux marca julgamento sobre exclus\u00e3o do ICMS do PIS\/Cofins para abril - Amaral, Yazbek Advogados","og_description":"O ministro Luiz Fux, presidente do Supremo Tribunal Federal (STF), incluiu na pauta de julgamentos de abril o processo sobre a exclus\u00e3o do ICMS do c\u00e1lculo do PIS e da Cofins \u2014 a chamada tese do s\u00e9culo. Trata-se do julgamento tribut\u00e1rio mais esperado pelo mercado. Para a Uni\u00e3o, s\u00e3o cerca de R$ 250 bilh\u00f5es em [&hellip;]","og_url":"https:\/\/www.34.239.117.254.sslip.io\/?p=529","og_site_name":"Amaral, Yazbek Advogados","article_publisher":"https:\/\/www.facebook.com\/AYadvogados","article_published_time":"2021-03-19T14:28:00+00:00","article_modified_time":"2021-03-25T14:29:38+00:00","og_image":[{"width":1000,"height":620,"url":"https:\/\/www.34.239.117.254.sslip.io\/wp-content\/uploads\/2021\/03\/4468b162ccc949098899f52f695b60dc.png","type":"image\/png"}],"author":"Infra","twitter_card":"summary_large_image","twitter_misc":{"Escrito por":"Infra","Est. tempo de leitura":"3 minutos"},"schema":{"@context":"https:\/\/schema.org","@graph":[{"@type":"Article","@id":"https:\/\/www.34.239.117.254.sslip.io\/?p=529#article","isPartOf":{"@id":"https:\/\/www.34.239.117.254.sslip.io\/?p=529"},"author":{"name":"Infra","@id":"https:\/\/www.34.239.117.254.sslip.io\/#\/schema\/person\/6b9165a58758b048b8ea5a4fbd4ec3c4"},"headline":"Fux marca julgamento sobre exclus\u00e3o do ICMS do PIS\/Cofins para abril","datePublished":"2021-03-19T14:28:00+00:00","dateModified":"2021-03-25T14:29:38+00:00","mainEntityOfPage":{"@id":"https:\/\/www.34.239.117.254.sslip.io\/?p=529"},"wordCount":550,"commentCount":0,"publisher":{"@id":"https:\/\/www.34.239.117.254.sslip.io\/#organization"},"image":{"@id":"https:\/\/www.34.239.117.254.sslip.io\/?p=529#primaryimage"},"thumbnailUrl":"https:\/\/www.ayadvogados.com.br\/wp-content\/uploads\/2021\/03\/4468b162ccc949098899f52f695b60dc.png","articleSection":["Not\u00edcia do Dia"],"inLanguage":"pt-BR","potentialAction":[{"@type":"CommentAction","name":"Comment","target":["https:\/\/www.34.239.117.254.sslip.io\/?p=529#respond"]}]},{"@type":"WebPage","@id":"https:\/\/www.34.239.117.254.sslip.io\/?p=529","url":"https:\/\/www.34.239.117.254.sslip.io\/?p=529","name":"Fux marca julgamento sobre exclus\u00e3o do ICMS do PIS\/Cofins para abril - Amaral, Yazbek Advogados","isPartOf":{"@id":"https:\/\/www.34.239.117.254.sslip.io\/#website"},"primaryImageOfPage":{"@id":"https:\/\/www.34.239.117.254.sslip.io\/?p=529#primaryimage"},"image":{"@id":"https:\/\/www.34.239.117.254.sslip.io\/?p=529#primaryimage"},"thumbnailUrl":"https:\/\/www.ayadvogados.com.br\/wp-content\/uploads\/2021\/03\/4468b162ccc949098899f52f695b60dc.png","datePublished":"2021-03-19T14:28:00+00:00","dateModified":"2021-03-25T14:29:38+00:00","breadcrumb":{"@id":"https:\/\/www.34.239.117.254.sslip.io\/?p=529#breadcrumb"},"inLanguage":"pt-BR","potentialAction":[{"@type":"ReadAction","target":["https:\/\/www.34.239.117.254.sslip.io\/?p=529"]}]},{"@type":"ImageObject","inLanguage":"pt-BR","@id":"https:\/\/www.34.239.117.254.sslip.io\/?p=529#primaryimage","url":"https:\/\/www.ayadvogados.com.br\/wp-content\/uploads\/2021\/03\/4468b162ccc949098899f52f695b60dc.png","contentUrl":"https:\/\/www.ayadvogados.com.br\/wp-content\/uploads\/2021\/03\/4468b162ccc949098899f52f695b60dc.png","width":1000,"height":620},{"@type":"BreadcrumbList","@id":"https:\/\/www.34.239.117.254.sslip.io\/?p=529#breadcrumb","itemListElement":[{"@type":"ListItem","position":1,"name":"In\u00edcio","item":"https:\/\/www.34.239.117.254.sslip.io\/"},{"@type":"ListItem","position":2,"name":"Fux marca julgamento sobre exclus\u00e3o do ICMS do PIS\/Cofins para abril"}]},{"@type":"WebSite","@id":"https:\/\/www.34.239.117.254.sslip.io\/#website","url":"https:\/\/www.34.239.117.254.sslip.io\/","name":"Amaral, Yazbek Advogados","description":"Curitiba \u2022 Bras\u00edlia \u2022 S\u00e3o Paulo","publisher":{"@id":"https:\/\/www.34.239.117.254.sslip.io\/#organization"},"potentialAction":[{"@type":"SearchAction","target":{"@type":"EntryPoint","urlTemplate":"https:\/\/www.34.239.117.254.sslip.io\/?s={search_term_string}"},"query-input":{"@type":"PropertyValueSpecification","valueRequired":true,"valueName":"search_term_string"}}],"inLanguage":"pt-BR"},{"@type":"Organization","@id":"https:\/\/www.34.239.117.254.sslip.io\/#organization","name":"Amaral, Yazbek Advogados","url":"https:\/\/www.34.239.117.254.sslip.io\/","logo":{"@type":"ImageObject","inLanguage":"pt-BR","@id":"https:\/\/www.34.239.117.254.sslip.io\/#\/schema\/logo\/image\/","url":"http:\/\/34.239.117.254\/wp-content\/uploads\/2021\/03\/logo-ay-g.png","contentUrl":"http:\/\/34.239.117.254\/wp-content\/uploads\/2021\/03\/logo-ay-g.png","width":434,"height":106,"caption":"Amaral, Yazbek Advogados"},"image":{"@id":"https:\/\/www.34.239.117.254.sslip.io\/#\/schema\/logo\/image\/"},"sameAs":["https:\/\/www.facebook.com\/AYadvogados","https:\/\/www.instagram.com\/ayadvogados\/"]},{"@type":"Person","@id":"https:\/\/www.34.239.117.254.sslip.io\/#\/schema\/person\/6b9165a58758b048b8ea5a4fbd4ec3c4","name":"Infra","image":{"@type":"ImageObject","inLanguage":"pt-BR","@id":"https:\/\/secure.gravatar.com\/avatar\/60bf67293e186b9c834e31753dcc586dfcedb661d13b6b9ba29ac991ccafc035?s=96&d=mm&r=g","url":"https:\/\/secure.gravatar.com\/avatar\/60bf67293e186b9c834e31753dcc586dfcedb661d13b6b9ba29ac991ccafc035?s=96&d=mm&r=g","contentUrl":"https:\/\/secure.gravatar.com\/avatar\/60bf67293e186b9c834e31753dcc586dfcedb661d13b6b9ba29ac991ccafc035?s=96&d=mm&r=g","caption":"Infra"},"url":"https:\/\/www.ayadvogados.com.br\/?author=3"}]}},"rttpg_featured_image_url":{"full":["https:\/\/www.ayadvogados.com.br\/wp-content\/uploads\/2021\/03\/4468b162ccc949098899f52f695b60dc.png",1000,620,false],"landscape":["https:\/\/www.ayadvogados.com.br\/wp-content\/uploads\/2021\/03\/4468b162ccc949098899f52f695b60dc.png",1000,620,false],"portraits":["https:\/\/www.ayadvogados.com.br\/wp-content\/uploads\/2021\/03\/4468b162ccc949098899f52f695b60dc.png",1000,620,false],"thumbnail":["https:\/\/www.ayadvogados.com.br\/wp-content\/uploads\/2021\/03\/4468b162ccc949098899f52f695b60dc-150x150.png",150,150,true],"medium":["https:\/\/www.ayadvogados.com.br\/wp-content\/uploads\/2021\/03\/4468b162ccc949098899f52f695b60dc-300x186.png",300,186,true],"large":["https:\/\/www.ayadvogados.com.br\/wp-content\/uploads\/2021\/03\/4468b162ccc949098899f52f695b60dc.png",1000,620,false],"1536x1536":["https:\/\/www.ayadvogados.com.br\/wp-content\/uploads\/2021\/03\/4468b162ccc949098899f52f695b60dc.png",1000,620,false],"2048x2048":["https:\/\/www.ayadvogados.com.br\/wp-content\/uploads\/2021\/03\/4468b162ccc949098899f52f695b60dc.png",1000,620,false]},"rttpg_author":{"display_name":"Infra","author_link":"https:\/\/www.ayadvogados.com.br\/?author=3"},"rttpg_comment":0,"rttpg_category":"<a href=\"https:\/\/www.ayadvogados.com.br\/?cat=1\" rel=\"category\">Not\u00edcia do Dia<\/a>","rttpg_excerpt":"O ministro Luiz Fux, presidente do Supremo Tribunal Federal (STF), incluiu na pauta de julgamentos de abril o processo sobre a exclus\u00e3o do ICMS do c\u00e1lculo do PIS e da Cofins \u2014 a chamada tese do s\u00e9culo. Trata-se do julgamento tribut\u00e1rio mais esperado pelo mercado. Para a Uni\u00e3o, s\u00e3o cerca de R$ 250 bilh\u00f5es em&hellip;","_links":{"self":[{"href":"https:\/\/www.ayadvogados.com.br\/index.php?rest_route=\/wp\/v2\/posts\/529","targetHints":{"allow":["GET"]}}],"collection":[{"href":"https:\/\/www.ayadvogados.com.br\/index.php?rest_route=\/wp\/v2\/posts"}],"about":[{"href":"https:\/\/www.ayadvogados.com.br\/index.php?rest_route=\/wp\/v2\/types\/post"}],"author":[{"embeddable":true,"href":"https:\/\/www.ayadvogados.com.br\/index.php?rest_route=\/wp\/v2\/users\/3"}],"replies":[{"embeddable":true,"href":"https:\/\/www.ayadvogados.com.br\/index.php?rest_route=%2Fwp%2Fv2%2Fcomments&post=529"}],"version-history":[{"count":1,"href":"https:\/\/www.ayadvogados.com.br\/index.php?rest_route=\/wp\/v2\/posts\/529\/revisions"}],"predecessor-version":[{"id":531,"href":"https:\/\/www.ayadvogados.com.br\/index.php?rest_route=\/wp\/v2\/posts\/529\/revisions\/531"}],"wp:featuredmedia":[{"embeddable":true,"href":"https:\/\/www.ayadvogados.com.br\/index.php?rest_route=\/wp\/v2\/media\/530"}],"wp:attachment":[{"href":"https:\/\/www.ayadvogados.com.br\/index.php?rest_route=%2Fwp%2Fv2%2Fmedia&parent=529"}],"wp:term":[{"taxonomy":"category","embeddable":true,"href":"https:\/\/www.ayadvogados.com.br\/index.php?rest_route=%2Fwp%2Fv2%2Fcategories&post=529"},{"taxonomy":"post_tag","embeddable":true,"href":"https:\/\/www.ayadvogados.com.br\/index.php?rest_route=%2Fwp%2Fv2%2Ftags&post=529"}],"curies":[{"name":"wp","href":"https:\/\/api.w.org\/{rel}","templated":true}]}}