{"id":520,"date":"2021-03-22T11:19:00","date_gmt":"2021-03-22T14:19:00","guid":{"rendered":"http:\/\/34.239.117.254\/?p=520"},"modified":"2021-03-25T11:19:47","modified_gmt":"2021-03-25T14:19:47","slug":"contribuinte-perde-disputa-sobre-servicos-portuarios","status":"publish","type":"post","link":"https:\/\/www.ayadvogados.com.br\/?p=520","title":{"rendered":"Contribuinte perde disputa sobre servi\u00e7os portu\u00e1rios"},"content":{"rendered":"\n<p>Os contribuintes perderam a disputa contra a tributa\u00e7\u00e3o de despesas com descarga, manuten\u00e7\u00e3o e confer\u00eancia de mercadorias em portos e aeroportos &#8211; a chamada capatazia. O Supremo Tribunal Federal (STF) decidiu que esse tema \u00e9 infraconstitucional, prevalecendo, portanto, entendimento desfavor\u00e1vel do Superior Tribunal de Justi\u00e7a (STJ).<\/p>\n\n\n\n<p>A 1\u00aa Se\u00e7\u00e3o do STJ decidiu, em mar\u00e7o do ano passado, que esses custos est\u00e3o inseridos na composi\u00e7\u00e3o do valor aduaneiro e, por esse motivo, devem fazer parte da base de c\u00e1lculo do Imposto de Importa\u00e7\u00e3o. A decis\u00e3o foi proferida em car\u00e1ter repetitivo &#8211; ou seja, deve ser seguida pela primeira e segunda inst\u00e2ncias.<\/p>\n\n\n\n<p>O efeito pr\u00e1tico para as empresas, com a manuten\u00e7\u00e3o do entendimento do STJ, \u00e9 aumento de carga tribut\u00e1ria. E n\u00e3o s\u00f3 no Imposto de Importa\u00e7\u00e3o. Advogados dizem que tem efeito em outras situa\u00e7\u00f5es, j\u00e1 que o valor aduaneiro serve como base de c\u00e1lculo tamb\u00e9m para o IPI, PIS e Cofins &#8211; Importa\u00e7\u00e3o e ICMS.<\/p>\n\n\n\n<p>Um desfecho a favor dos contribuintes, por outro lado, teria gerado enorme perda para a Uni\u00e3o. Era estimado impacto de R$ 12 bilh\u00f5es aos cofres p\u00fablicos &#8211; levando em conta a devolu\u00e7\u00e3o do que foi pago pelos contribuintes nos \u00faltimos cinco anos.<\/p>\n\n\n\n<p>Os ministros do Supremo Tribunal Federal julgaram esse tema por meio de um recurso apresentado pela Marcopolo, fabricante de carrocerias de \u00f4nibus com sede no Rio Grande do Sul (ARE 1298840). A an\u00e1lise ocorreu no Plen\u00e1rio Virtual. Come\u00e7ou no dia 12 e se encerrou \u00e0 meia-noite da \u00faltima sexta-feira.<\/p>\n\n\n\n<p>Todos os ministros acompanharam o entendimento presidente da Corte, Luiz Fux, relator do caso. \u201cO acolhimento da pretens\u00e3o da parte agravante demandaria a an\u00e1lise de legisla\u00e7\u00e3o infraconstitucional pertinente, o que se mostra de invi\u00e1vel ocorr\u00eancia no \u00e2mbito do recurso extraordin\u00e1rio\u201d, afirma em um voto curto, de s\u00f3 duas p\u00e1ginas.<\/p>\n\n\n\n<p>Esse assunto \u00e9 pol\u00eamico. Especialmente porque a inclus\u00e3o das despesas de capatazia no valor aduaneiro ocorreu por meio de uma Instru\u00e7\u00e3o Normativa (IN) da Receita Federal &#8211; n\u00ba 327, publicada no ano de 2003. \u201cFere o princ\u00edpio da legalidade\u201d, diz a tributarista Maria Danielle Rezende de Toledo, do escrit\u00f3rio Lira Advogados.<\/p>\n\n\n\n<p>At\u00e9 a 1\u00aa Se\u00e7\u00e3o do STJ decidir sobre esse tema, o contribuinte \u00e9 quem vinha levando a melhor. Os julgamentos nas turmas, no entanto, n\u00e3o eram un\u00e2nimes. E foi justamente por uma mudan\u00e7a na composi\u00e7\u00e3o que se deu a virada na jurisprud\u00eancia.<\/p>\n\n\n\n<p>O ministro Francisco Falc\u00e3o, que ocupou o lugar de Humberto Martins &#8211; na \u00e9poca corregedor nacional de Justi\u00e7a e atualmente presidente do STJ &#8211; proferiu o voto que acabou virando o jogo. Humberto Martins tinha posicionamento favor\u00e1vel ao contribuinte, j\u00e1 o ministro Falc\u00e3o proferiu voto em sentido diferente, favorecendo a Uni\u00e3o. Ele foi acompanhado pela maioria na Se\u00e7\u00e3o.<\/p>\n\n\n\n<p>O placar final ficou em cinco votos a quatro pela tributa\u00e7\u00e3o. A maioria dos ministros entendeu que n\u00e3o se trata apenas de um ato administrativo interno. Falc\u00e3o, no seu voto, citou que o Decreto n\u00ba 6.759, de 2009, que regulamentou as atividades aduaneiras de fiscaliza\u00e7\u00e3o, controle e tributa\u00e7\u00e3o das opera\u00e7\u00f5es, ratificou a norma que anos antes foi editada pela Receita Federal.<\/p>\n\n\n\n<p>Ele levou em conta, ainda, o Acordo Geral sobre Tarifas e Com\u00e9rcio, conhecido como GATT, de 1994, que no artigo 7\u00ba estabelece normas para a determina\u00e7\u00e3o \u201cdo valor para fins alfandeg\u00e1rios\u201d. \u201cOu seja, o valor aduaneiro\u201d, disse o ministro na ocasi\u00e3o.<\/p>\n\n\n\n<p>Advogados t\u00eam a esperan\u00e7a, no entanto, de que o governo federal reveja esse posicionamento. Maria Danielle Rezende de Toledo diz que o texto da IN 327 foi objeto de consulta p\u00fablica no ano passado. \u201cEspecialmente porque h\u00e1 necessidade de melhoria de desempenho no com\u00e9rcio exterior\u201d, afirma.&nbsp;<\/p>\n\n\n\n<p>Fonte: <a href=\"https:\/\/valor.globo.com\/legislacao\/noticia\/2021\/03\/22\/contribuinte-perde-disputa-sobre-servicos-portuarios.ghtml\">Valor<\/a><\/p>\n\n\n\n<p>A Amaral, Yazbek, OAB\/PR 762, possui 35 anos de experi\u00eancia auxiliando empresas a transformar a tributa\u00e7\u00e3o em lucro. Entre em contato com um dos s\u00f3cios para agendamento de reuni\u00e3o em caso de d\u00favidas.<\/p>\n\n\n\n<p>Contato: 41 3595-8300 ou pelo nosso WhatsApp 41 99567-5696<\/p>\n\n\n\n<p>Av. C\u00e2ndido Hartmann, 50 \u2013 Bigorrilho | Curitiba-PR<\/p>\n\n\n\n<p>Assine nossa Newsletter e fique por dentro das novidades!<\/p>\n\n\n\n<p>Quer receber seu exemplar da revista Governan\u00e7a Jur\u00eddica? Clique <a href=\"http:\/\/ayadvogados.com.br\/revista\">aqui<\/a>&nbsp;e pe\u00e7a a sua.<\/p>\n\n\n\n<p>Nos acompanhe nas redes sociais: <a href=\"https:\/\/www.facebook.com\/amaral.yazbek\">Facebook<\/a>&nbsp;| <a href=\"https:\/\/www.instagram.com\/amaral.yazbek\/\">Instagram<\/a> | <a href=\"https:\/\/www.linkedin.com\/company\/3357082\/admin\/\">Linkedin<\/a><\/p>\n\n\n\n<p>J\u00e1 conhece o canal Direito da Intelig\u00eancia de Neg\u00f3cios? <a href=\"https:\/\/www.youtube.com\/channel\/UCu2Mpu32ht8DEN8OFRXYMyw\">Inscreva-se j\u00e1<\/a><\/p>\n","protected":false},"excerpt":{"rendered":"<p>Os contribuintes perderam a disputa contra a tributa\u00e7\u00e3o de despesas com descarga, manuten\u00e7\u00e3o e confer\u00eancia de mercadorias em portos e aeroportos &#8211; a chamada capatazia. O Supremo Tribunal Federal (STF) decidiu que esse tema \u00e9 infraconstitucional, prevalecendo, portanto, entendimento desfavor\u00e1vel do Superior Tribunal de Justi\u00e7a (STJ). A 1\u00aa Se\u00e7\u00e3o do STJ decidiu, em mar\u00e7o do [&hellip;]<\/p>\n","protected":false},"author":3,"featured_media":521,"comment_status":"open","ping_status":"open","sticky":false,"template":"","format":"standard","meta":{"footnotes":""},"categories":[1],"tags":[],"class_list":["post-520","post","type-post","status-publish","format-standard","has-post-thumbnail","hentry","category-noticia-do-dia"],"blocksy_meta":{"styles_descriptor":{"styles":{"desktop":"","tablet":"","mobile":""},"google_fonts":[],"version":6}},"yoast_head":"<!-- This site is optimized with the Yoast SEO plugin v27.5 - https:\/\/yoast.com\/product\/yoast-seo-wordpress\/ -->\n<title>Contribuinte perde disputa sobre servi\u00e7os portu\u00e1rios - Amaral, Yazbek Advogados<\/title>\n<meta name=\"robots\" content=\"index, follow, max-snippet:-1, max-image-preview:large, max-video-preview:-1\" \/>\n<link rel=\"canonical\" href=\"https:\/\/www.34.239.117.254.sslip.io\/?p=520\" \/>\n<meta property=\"og:locale\" content=\"pt_BR\" \/>\n<meta property=\"og:type\" content=\"article\" \/>\n<meta property=\"og:title\" content=\"Contribuinte perde disputa sobre servi\u00e7os portu\u00e1rios - Amaral, Yazbek Advogados\" \/>\n<meta property=\"og:description\" content=\"Os contribuintes perderam a disputa contra a tributa\u00e7\u00e3o de despesas com descarga, manuten\u00e7\u00e3o e confer\u00eancia de mercadorias em portos e aeroportos &#8211; a chamada capatazia. O Supremo Tribunal Federal (STF) decidiu que esse tema \u00e9 infraconstitucional, prevalecendo, portanto, entendimento desfavor\u00e1vel do Superior Tribunal de Justi\u00e7a (STJ). A 1\u00aa Se\u00e7\u00e3o do STJ decidiu, em mar\u00e7o do [&hellip;]\" \/>\n<meta property=\"og:url\" content=\"https:\/\/www.34.239.117.254.sslip.io\/?p=520\" \/>\n<meta property=\"og:site_name\" content=\"Amaral, Yazbek Advogados\" \/>\n<meta property=\"article:publisher\" content=\"https:\/\/www.facebook.com\/AYadvogados\" \/>\n<meta property=\"article:published_time\" content=\"2021-03-22T14:19:00+00:00\" \/>\n<meta property=\"article:modified_time\" content=\"2021-03-25T14:19:47+00:00\" \/>\n<meta property=\"og:image\" content=\"https:\/\/www.34.239.117.254.sslip.io\/wp-content\/uploads\/2021\/03\/566940ac5edf4536b0136be11d0cfbf0.png\" \/>\n\t<meta property=\"og:image:width\" content=\"1000\" \/>\n\t<meta property=\"og:image:height\" content=\"620\" \/>\n\t<meta property=\"og:image:type\" content=\"image\/png\" \/>\n<meta name=\"author\" content=\"Infra\" \/>\n<meta name=\"twitter:card\" content=\"summary_large_image\" \/>\n<meta name=\"twitter:label1\" content=\"Escrito por\" \/>\n\t<meta name=\"twitter:data1\" content=\"Infra\" \/>\n\t<meta name=\"twitter:label2\" content=\"Est. tempo de leitura\" \/>\n\t<meta name=\"twitter:data2\" content=\"4 minutos\" \/>\n<script type=\"application\/ld+json\" class=\"yoast-schema-graph\">{\"@context\":\"https:\\\/\\\/schema.org\",\"@graph\":[{\"@type\":\"Article\",\"@id\":\"https:\\\/\\\/www.34.239.117.254.sslip.io\\\/?p=520#article\",\"isPartOf\":{\"@id\":\"https:\\\/\\\/www.34.239.117.254.sslip.io\\\/?p=520\"},\"author\":{\"name\":\"Infra\",\"@id\":\"https:\\\/\\\/www.34.239.117.254.sslip.io\\\/#\\\/schema\\\/person\\\/6b9165a58758b048b8ea5a4fbd4ec3c4\"},\"headline\":\"Contribuinte perde disputa sobre servi\u00e7os portu\u00e1rios\",\"datePublished\":\"2021-03-22T14:19:00+00:00\",\"dateModified\":\"2021-03-25T14:19:47+00:00\",\"mainEntityOfPage\":{\"@id\":\"https:\\\/\\\/www.34.239.117.254.sslip.io\\\/?p=520\"},\"wordCount\":754,\"commentCount\":0,\"publisher\":{\"@id\":\"https:\\\/\\\/www.34.239.117.254.sslip.io\\\/#organization\"},\"image\":{\"@id\":\"https:\\\/\\\/www.34.239.117.254.sslip.io\\\/?p=520#primaryimage\"},\"thumbnailUrl\":\"https:\\\/\\\/www.ayadvogados.com.br\\\/wp-content\\\/uploads\\\/2021\\\/03\\\/566940ac5edf4536b0136be11d0cfbf0.png\",\"articleSection\":[\"Not\u00edcia do Dia\"],\"inLanguage\":\"pt-BR\",\"potentialAction\":[{\"@type\":\"CommentAction\",\"name\":\"Comment\",\"target\":[\"https:\\\/\\\/www.34.239.117.254.sslip.io\\\/?p=520#respond\"]}]},{\"@type\":\"WebPage\",\"@id\":\"https:\\\/\\\/www.34.239.117.254.sslip.io\\\/?p=520\",\"url\":\"https:\\\/\\\/www.34.239.117.254.sslip.io\\\/?p=520\",\"name\":\"Contribuinte perde disputa sobre servi\u00e7os portu\u00e1rios - Amaral, Yazbek Advogados\",\"isPartOf\":{\"@id\":\"https:\\\/\\\/www.34.239.117.254.sslip.io\\\/#website\"},\"primaryImageOfPage\":{\"@id\":\"https:\\\/\\\/www.34.239.117.254.sslip.io\\\/?p=520#primaryimage\"},\"image\":{\"@id\":\"https:\\\/\\\/www.34.239.117.254.sslip.io\\\/?p=520#primaryimage\"},\"thumbnailUrl\":\"https:\\\/\\\/www.ayadvogados.com.br\\\/wp-content\\\/uploads\\\/2021\\\/03\\\/566940ac5edf4536b0136be11d0cfbf0.png\",\"datePublished\":\"2021-03-22T14:19:00+00:00\",\"dateModified\":\"2021-03-25T14:19:47+00:00\",\"breadcrumb\":{\"@id\":\"https:\\\/\\\/www.34.239.117.254.sslip.io\\\/?p=520#breadcrumb\"},\"inLanguage\":\"pt-BR\",\"potentialAction\":[{\"@type\":\"ReadAction\",\"target\":[\"https:\\\/\\\/www.34.239.117.254.sslip.io\\\/?p=520\"]}]},{\"@type\":\"ImageObject\",\"inLanguage\":\"pt-BR\",\"@id\":\"https:\\\/\\\/www.34.239.117.254.sslip.io\\\/?p=520#primaryimage\",\"url\":\"https:\\\/\\\/www.ayadvogados.com.br\\\/wp-content\\\/uploads\\\/2021\\\/03\\\/566940ac5edf4536b0136be11d0cfbf0.png\",\"contentUrl\":\"https:\\\/\\\/www.ayadvogados.com.br\\\/wp-content\\\/uploads\\\/2021\\\/03\\\/566940ac5edf4536b0136be11d0cfbf0.png\",\"width\":1000,\"height\":620},{\"@type\":\"BreadcrumbList\",\"@id\":\"https:\\\/\\\/www.34.239.117.254.sslip.io\\\/?p=520#breadcrumb\",\"itemListElement\":[{\"@type\":\"ListItem\",\"position\":1,\"name\":\"In\u00edcio\",\"item\":\"https:\\\/\\\/www.34.239.117.254.sslip.io\\\/\"},{\"@type\":\"ListItem\",\"position\":2,\"name\":\"Contribuinte perde disputa sobre servi\u00e7os portu\u00e1rios\"}]},{\"@type\":\"WebSite\",\"@id\":\"https:\\\/\\\/www.34.239.117.254.sslip.io\\\/#website\",\"url\":\"https:\\\/\\\/www.34.239.117.254.sslip.io\\\/\",\"name\":\"Amaral, Yazbek Advogados\",\"description\":\"Curitiba \u2022 Bras\u00edlia \u2022 S\u00e3o Paulo\",\"publisher\":{\"@id\":\"https:\\\/\\\/www.34.239.117.254.sslip.io\\\/#organization\"},\"potentialAction\":[{\"@type\":\"SearchAction\",\"target\":{\"@type\":\"EntryPoint\",\"urlTemplate\":\"https:\\\/\\\/www.34.239.117.254.sslip.io\\\/?s={search_term_string}\"},\"query-input\":{\"@type\":\"PropertyValueSpecification\",\"valueRequired\":true,\"valueName\":\"search_term_string\"}}],\"inLanguage\":\"pt-BR\"},{\"@type\":\"Organization\",\"@id\":\"https:\\\/\\\/www.34.239.117.254.sslip.io\\\/#organization\",\"name\":\"Amaral, Yazbek Advogados\",\"url\":\"https:\\\/\\\/www.34.239.117.254.sslip.io\\\/\",\"logo\":{\"@type\":\"ImageObject\",\"inLanguage\":\"pt-BR\",\"@id\":\"https:\\\/\\\/www.34.239.117.254.sslip.io\\\/#\\\/schema\\\/logo\\\/image\\\/\",\"url\":\"http:\\\/\\\/34.239.117.254\\\/wp-content\\\/uploads\\\/2021\\\/03\\\/logo-ay-g.png\",\"contentUrl\":\"http:\\\/\\\/34.239.117.254\\\/wp-content\\\/uploads\\\/2021\\\/03\\\/logo-ay-g.png\",\"width\":434,\"height\":106,\"caption\":\"Amaral, Yazbek Advogados\"},\"image\":{\"@id\":\"https:\\\/\\\/www.34.239.117.254.sslip.io\\\/#\\\/schema\\\/logo\\\/image\\\/\"},\"sameAs\":[\"https:\\\/\\\/www.facebook.com\\\/AYadvogados\",\"https:\\\/\\\/www.instagram.com\\\/ayadvogados\\\/\"]},{\"@type\":\"Person\",\"@id\":\"https:\\\/\\\/www.34.239.117.254.sslip.io\\\/#\\\/schema\\\/person\\\/6b9165a58758b048b8ea5a4fbd4ec3c4\",\"name\":\"Infra\",\"image\":{\"@type\":\"ImageObject\",\"inLanguage\":\"pt-BR\",\"@id\":\"https:\\\/\\\/secure.gravatar.com\\\/avatar\\\/60bf67293e186b9c834e31753dcc586dfcedb661d13b6b9ba29ac991ccafc035?s=96&d=mm&r=g\",\"url\":\"https:\\\/\\\/secure.gravatar.com\\\/avatar\\\/60bf67293e186b9c834e31753dcc586dfcedb661d13b6b9ba29ac991ccafc035?s=96&d=mm&r=g\",\"contentUrl\":\"https:\\\/\\\/secure.gravatar.com\\\/avatar\\\/60bf67293e186b9c834e31753dcc586dfcedb661d13b6b9ba29ac991ccafc035?s=96&d=mm&r=g\",\"caption\":\"Infra\"},\"url\":\"https:\\\/\\\/www.ayadvogados.com.br\\\/?author=3\"}]}<\/script>\n<!-- \/ Yoast SEO plugin. -->","yoast_head_json":{"title":"Contribuinte perde disputa sobre servi\u00e7os portu\u00e1rios - Amaral, Yazbek Advogados","robots":{"index":"index","follow":"follow","max-snippet":"max-snippet:-1","max-image-preview":"max-image-preview:large","max-video-preview":"max-video-preview:-1"},"canonical":"https:\/\/www.34.239.117.254.sslip.io\/?p=520","og_locale":"pt_BR","og_type":"article","og_title":"Contribuinte perde disputa sobre servi\u00e7os portu\u00e1rios - Amaral, Yazbek Advogados","og_description":"Os contribuintes perderam a disputa contra a tributa\u00e7\u00e3o de despesas com descarga, manuten\u00e7\u00e3o e confer\u00eancia de mercadorias em portos e aeroportos &#8211; a chamada capatazia. O Supremo Tribunal Federal (STF) decidiu que esse tema \u00e9 infraconstitucional, prevalecendo, portanto, entendimento desfavor\u00e1vel do Superior Tribunal de Justi\u00e7a (STJ). A 1\u00aa Se\u00e7\u00e3o do STJ decidiu, em mar\u00e7o do [&hellip;]","og_url":"https:\/\/www.34.239.117.254.sslip.io\/?p=520","og_site_name":"Amaral, Yazbek Advogados","article_publisher":"https:\/\/www.facebook.com\/AYadvogados","article_published_time":"2021-03-22T14:19:00+00:00","article_modified_time":"2021-03-25T14:19:47+00:00","og_image":[{"width":1000,"height":620,"url":"https:\/\/www.34.239.117.254.sslip.io\/wp-content\/uploads\/2021\/03\/566940ac5edf4536b0136be11d0cfbf0.png","type":"image\/png"}],"author":"Infra","twitter_card":"summary_large_image","twitter_misc":{"Escrito por":"Infra","Est. tempo de leitura":"4 minutos"},"schema":{"@context":"https:\/\/schema.org","@graph":[{"@type":"Article","@id":"https:\/\/www.34.239.117.254.sslip.io\/?p=520#article","isPartOf":{"@id":"https:\/\/www.34.239.117.254.sslip.io\/?p=520"},"author":{"name":"Infra","@id":"https:\/\/www.34.239.117.254.sslip.io\/#\/schema\/person\/6b9165a58758b048b8ea5a4fbd4ec3c4"},"headline":"Contribuinte perde disputa sobre servi\u00e7os portu\u00e1rios","datePublished":"2021-03-22T14:19:00+00:00","dateModified":"2021-03-25T14:19:47+00:00","mainEntityOfPage":{"@id":"https:\/\/www.34.239.117.254.sslip.io\/?p=520"},"wordCount":754,"commentCount":0,"publisher":{"@id":"https:\/\/www.34.239.117.254.sslip.io\/#organization"},"image":{"@id":"https:\/\/www.34.239.117.254.sslip.io\/?p=520#primaryimage"},"thumbnailUrl":"https:\/\/www.ayadvogados.com.br\/wp-content\/uploads\/2021\/03\/566940ac5edf4536b0136be11d0cfbf0.png","articleSection":["Not\u00edcia do Dia"],"inLanguage":"pt-BR","potentialAction":[{"@type":"CommentAction","name":"Comment","target":["https:\/\/www.34.239.117.254.sslip.io\/?p=520#respond"]}]},{"@type":"WebPage","@id":"https:\/\/www.34.239.117.254.sslip.io\/?p=520","url":"https:\/\/www.34.239.117.254.sslip.io\/?p=520","name":"Contribuinte perde disputa sobre servi\u00e7os portu\u00e1rios - Amaral, Yazbek Advogados","isPartOf":{"@id":"https:\/\/www.34.239.117.254.sslip.io\/#website"},"primaryImageOfPage":{"@id":"https:\/\/www.34.239.117.254.sslip.io\/?p=520#primaryimage"},"image":{"@id":"https:\/\/www.34.239.117.254.sslip.io\/?p=520#primaryimage"},"thumbnailUrl":"https:\/\/www.ayadvogados.com.br\/wp-content\/uploads\/2021\/03\/566940ac5edf4536b0136be11d0cfbf0.png","datePublished":"2021-03-22T14:19:00+00:00","dateModified":"2021-03-25T14:19:47+00:00","breadcrumb":{"@id":"https:\/\/www.34.239.117.254.sslip.io\/?p=520#breadcrumb"},"inLanguage":"pt-BR","potentialAction":[{"@type":"ReadAction","target":["https:\/\/www.34.239.117.254.sslip.io\/?p=520"]}]},{"@type":"ImageObject","inLanguage":"pt-BR","@id":"https:\/\/www.34.239.117.254.sslip.io\/?p=520#primaryimage","url":"https:\/\/www.ayadvogados.com.br\/wp-content\/uploads\/2021\/03\/566940ac5edf4536b0136be11d0cfbf0.png","contentUrl":"https:\/\/www.ayadvogados.com.br\/wp-content\/uploads\/2021\/03\/566940ac5edf4536b0136be11d0cfbf0.png","width":1000,"height":620},{"@type":"BreadcrumbList","@id":"https:\/\/www.34.239.117.254.sslip.io\/?p=520#breadcrumb","itemListElement":[{"@type":"ListItem","position":1,"name":"In\u00edcio","item":"https:\/\/www.34.239.117.254.sslip.io\/"},{"@type":"ListItem","position":2,"name":"Contribuinte perde disputa sobre servi\u00e7os portu\u00e1rios"}]},{"@type":"WebSite","@id":"https:\/\/www.34.239.117.254.sslip.io\/#website","url":"https:\/\/www.34.239.117.254.sslip.io\/","name":"Amaral, Yazbek Advogados","description":"Curitiba \u2022 Bras\u00edlia \u2022 S\u00e3o Paulo","publisher":{"@id":"https:\/\/www.34.239.117.254.sslip.io\/#organization"},"potentialAction":[{"@type":"SearchAction","target":{"@type":"EntryPoint","urlTemplate":"https:\/\/www.34.239.117.254.sslip.io\/?s={search_term_string}"},"query-input":{"@type":"PropertyValueSpecification","valueRequired":true,"valueName":"search_term_string"}}],"inLanguage":"pt-BR"},{"@type":"Organization","@id":"https:\/\/www.34.239.117.254.sslip.io\/#organization","name":"Amaral, Yazbek Advogados","url":"https:\/\/www.34.239.117.254.sslip.io\/","logo":{"@type":"ImageObject","inLanguage":"pt-BR","@id":"https:\/\/www.34.239.117.254.sslip.io\/#\/schema\/logo\/image\/","url":"http:\/\/34.239.117.254\/wp-content\/uploads\/2021\/03\/logo-ay-g.png","contentUrl":"http:\/\/34.239.117.254\/wp-content\/uploads\/2021\/03\/logo-ay-g.png","width":434,"height":106,"caption":"Amaral, Yazbek Advogados"},"image":{"@id":"https:\/\/www.34.239.117.254.sslip.io\/#\/schema\/logo\/image\/"},"sameAs":["https:\/\/www.facebook.com\/AYadvogados","https:\/\/www.instagram.com\/ayadvogados\/"]},{"@type":"Person","@id":"https:\/\/www.34.239.117.254.sslip.io\/#\/schema\/person\/6b9165a58758b048b8ea5a4fbd4ec3c4","name":"Infra","image":{"@type":"ImageObject","inLanguage":"pt-BR","@id":"https:\/\/secure.gravatar.com\/avatar\/60bf67293e186b9c834e31753dcc586dfcedb661d13b6b9ba29ac991ccafc035?s=96&d=mm&r=g","url":"https:\/\/secure.gravatar.com\/avatar\/60bf67293e186b9c834e31753dcc586dfcedb661d13b6b9ba29ac991ccafc035?s=96&d=mm&r=g","contentUrl":"https:\/\/secure.gravatar.com\/avatar\/60bf67293e186b9c834e31753dcc586dfcedb661d13b6b9ba29ac991ccafc035?s=96&d=mm&r=g","caption":"Infra"},"url":"https:\/\/www.ayadvogados.com.br\/?author=3"}]}},"rttpg_featured_image_url":{"full":["https:\/\/www.ayadvogados.com.br\/wp-content\/uploads\/2021\/03\/566940ac5edf4536b0136be11d0cfbf0.png",1000,620,false],"landscape":["https:\/\/www.ayadvogados.com.br\/wp-content\/uploads\/2021\/03\/566940ac5edf4536b0136be11d0cfbf0.png",1000,620,false],"portraits":["https:\/\/www.ayadvogados.com.br\/wp-content\/uploads\/2021\/03\/566940ac5edf4536b0136be11d0cfbf0.png",1000,620,false],"thumbnail":["https:\/\/www.ayadvogados.com.br\/wp-content\/uploads\/2021\/03\/566940ac5edf4536b0136be11d0cfbf0-150x150.png",150,150,true],"medium":["https:\/\/www.ayadvogados.com.br\/wp-content\/uploads\/2021\/03\/566940ac5edf4536b0136be11d0cfbf0-300x186.png",300,186,true],"large":["https:\/\/www.ayadvogados.com.br\/wp-content\/uploads\/2021\/03\/566940ac5edf4536b0136be11d0cfbf0.png",1000,620,false],"1536x1536":["https:\/\/www.ayadvogados.com.br\/wp-content\/uploads\/2021\/03\/566940ac5edf4536b0136be11d0cfbf0.png",1000,620,false],"2048x2048":["https:\/\/www.ayadvogados.com.br\/wp-content\/uploads\/2021\/03\/566940ac5edf4536b0136be11d0cfbf0.png",1000,620,false]},"rttpg_author":{"display_name":"Infra","author_link":"https:\/\/www.ayadvogados.com.br\/?author=3"},"rttpg_comment":0,"rttpg_category":"<a href=\"https:\/\/www.ayadvogados.com.br\/?cat=1\" rel=\"category\">Not\u00edcia do Dia<\/a>","rttpg_excerpt":"Os contribuintes perderam a disputa contra a tributa\u00e7\u00e3o de despesas com descarga, manuten\u00e7\u00e3o e confer\u00eancia de mercadorias em portos e aeroportos &#8211; a chamada capatazia. O Supremo Tribunal Federal (STF) decidiu que esse tema \u00e9 infraconstitucional, prevalecendo, portanto, entendimento desfavor\u00e1vel do Superior Tribunal de Justi\u00e7a (STJ). A 1\u00aa Se\u00e7\u00e3o do STJ decidiu, em mar\u00e7o do&hellip;","_links":{"self":[{"href":"https:\/\/www.ayadvogados.com.br\/index.php?rest_route=\/wp\/v2\/posts\/520","targetHints":{"allow":["GET"]}}],"collection":[{"href":"https:\/\/www.ayadvogados.com.br\/index.php?rest_route=\/wp\/v2\/posts"}],"about":[{"href":"https:\/\/www.ayadvogados.com.br\/index.php?rest_route=\/wp\/v2\/types\/post"}],"author":[{"embeddable":true,"href":"https:\/\/www.ayadvogados.com.br\/index.php?rest_route=\/wp\/v2\/users\/3"}],"replies":[{"embeddable":true,"href":"https:\/\/www.ayadvogados.com.br\/index.php?rest_route=%2Fwp%2Fv2%2Fcomments&post=520"}],"version-history":[{"count":1,"href":"https:\/\/www.ayadvogados.com.br\/index.php?rest_route=\/wp\/v2\/posts\/520\/revisions"}],"predecessor-version":[{"id":522,"href":"https:\/\/www.ayadvogados.com.br\/index.php?rest_route=\/wp\/v2\/posts\/520\/revisions\/522"}],"wp:featuredmedia":[{"embeddable":true,"href":"https:\/\/www.ayadvogados.com.br\/index.php?rest_route=\/wp\/v2\/media\/521"}],"wp:attachment":[{"href":"https:\/\/www.ayadvogados.com.br\/index.php?rest_route=%2Fwp%2Fv2%2Fmedia&parent=520"}],"wp:term":[{"taxonomy":"category","embeddable":true,"href":"https:\/\/www.ayadvogados.com.br\/index.php?rest_route=%2Fwp%2Fv2%2Fcategories&post=520"},{"taxonomy":"post_tag","embeddable":true,"href":"https:\/\/www.ayadvogados.com.br\/index.php?rest_route=%2Fwp%2Fv2%2Ftags&post=520"}],"curies":[{"name":"wp","href":"https:\/\/api.w.org\/{rel}","templated":true}]}}