{"id":514,"date":"2021-03-24T11:15:00","date_gmt":"2021-03-24T14:15:00","guid":{"rendered":"http:\/\/34.239.117.254\/?p=514"},"modified":"2021-03-25T11:16:25","modified_gmt":"2021-03-25T14:16:25","slug":"camara-superior-do-carf-afasta-multa-de-mora-em-compensacao-tributaria","status":"publish","type":"post","link":"https:\/\/www.ayadvogados.com.br\/?p=514","title":{"rendered":"C\u00e2mara Superior do Carf afasta multa de mora em compensa\u00e7\u00e3o tribut\u00e1ria"},"content":{"rendered":"\n<p>A C\u00e2mara Superior do Conselho Administrativo de Recursos Fiscais (Carf) afastou a cobran\u00e7a da multa de mora de um contribuinte beneficiado por den\u00fancia espont\u00e2nea, que quitou a d\u00edvida por meio de compensa\u00e7\u00e3o tribut\u00e1ria. Os conselheiros da 3\u00aa Turma entenderam que a medida tem o mesmo efeito pr\u00e1tico e jur\u00eddico do pagamento \u00e0 vista &#8211; o que garantiria a exclus\u00e3o da penalidade.<\/p>\n\n\n\n<p>O julgamento chamou a aten\u00e7\u00e3o dos advogados porque normalmente o contribuinte perde a discuss\u00e3o no Carf. Esta \u00e9 a \u00fanica decis\u00e3o favor\u00e1vel entre as 30 publicadas pelas turmas e C\u00e2mara Superior este ano, de acordo com levantamento realizado pelo escrit\u00f3rio Vaz, Buranello, Shingaki &amp; Oioli (VBSO Advogados).<\/p>\n\n\n\n<p>No Superior Tribunal de Justi\u00e7a (STJ), a tend\u00eancia tamb\u00e9m \u00e9 desfavor\u00e1vel ao contribuinte. Os ministros costumam n\u00e3o admitir a exclus\u00e3o da multa de mora &#8211; que pode chegar a 20% &#8211; com o pagamento por meio de compensa\u00e7\u00e3o tribut\u00e1ria, afirmam Diego Miguita e Diogo Olm Ferreira, do VBSO Advogados.<\/p>\n\n\n\n<p>A discuss\u00e3o envolve o artigo 138 do C\u00f3digo Tribut\u00e1rio Nacional (CTN). O dispositivo trata da den\u00fancia espont\u00e2nea e estabelece que, caso o contribuinte pague o tributo antes de qualquer procedimento de fiscaliza\u00e7\u00e3o, ficar\u00e1 livre de qualquer infra\u00e7\u00e3o. Em uma interpreta\u00e7\u00e3o literal, por\u00e9m, acrescentam os advogados, a Receita Federal entende que o benef\u00edcio n\u00e3o vale para a compensa\u00e7\u00e3o tribut\u00e1ria.<\/p>\n\n\n\n<p>Na 3\u00aa Turma da C\u00e2mara Superior, as discuss\u00f5es sobre o tema costumam empatar. At\u00e9 abril de 2020, com a exist\u00eancia do chamado voto de qualidade, o entendimento do presidente tinha peso duplo, o que fazia com que os contribuintes perdessem. Por\u00e9m, no caso analisado recentemente, foi aplicada a Lei n\u00ba 13.988, de 2020. Ela estabelece que, em caso de empate no julgamento de autua\u00e7\u00f5es fiscais, o contribuinte deve sair vencedor.<\/p>\n\n\n\n<p>Os conselheiros levaram em conta a nova lei porque o caso tratado envolvia autua\u00e7\u00e3o fiscal. Como em muitos casos, segundo Diego Miguita, a Receita Federal nega a exclus\u00e3o da multa de mora por meio de despacho, normalmente n\u00e3o se tem aplicado as regras que favorecem o contribuinte.<\/p>\n\n\n\n<p>No julgamento, ocorrido em janeiro, ao analisar o caso de uma empresa de servi\u00e7os de limpeza (processo n\u00ba 10805.000996\/2006-45), o presidente em exerc\u00edcio, conselheiro Rodrigo da Costa P\u00f4ssas, afirmou que se trata do mesmo assunto j\u00e1 anteriormente julgado, com os mesmos julgadores. S\u00f3 que pelo fato da compensa\u00e7\u00e3o da diferen\u00e7a ter sido feita por auto de infra\u00e7\u00e3o, acrescentou, \u201cisso vai mudar o resultado\u201d. De acordo com ele, esse fato causa uma grande inseguran\u00e7a jur\u00eddica, uma vez que haver\u00e1 resultados diferentes para a mesma mat\u00e9ria.<\/p>\n\n\n\n<p>Para Diego Miguita, essa distin\u00e7\u00e3o feita \u00e9 incab\u00edvel, uma vez que o assunto \u00e9 o mesmo e o que muda \u00e9 apenas o procedimento de cobran\u00e7a feito pela fiscaliza\u00e7\u00e3o. Com base nessa decis\u00e3o favor\u00e1vel aos contribuintes, afirma, as empresas que perderem a discuss\u00e3o no Carf poder\u00e3o discutir, em fase preliminar, esses crit\u00e9rios para aplica\u00e7\u00e3o ou n\u00e3o do que diz a nova Lei n\u00ba 13.988.<\/p>\n\n\n\n<p>\u201cTemos que tomar cuidado ao usar esse precedente como um divisor de \u00e1guas sobre o assunto porque o contribuinte s\u00f3 ganhou porque era um auto de infra\u00e7\u00e3o\u201d, diz o advogado.<\/p>\n\n\n\n<p>Diogo Olm Ferreira entende que, dependendo do procedimento adotado, a decis\u00e3o pode gerar distor\u00e7\u00f5es, como aconteceu no caso. \u201cA jurisprud\u00eancia no Carf e no Judici\u00e1rio \u00e9, em geral, desfavor\u00e1vel. Por isso, a decis\u00e3o causou surpresa\u201d, afirma.<\/p>\n\n\n\n<p>Em um julgamento ocorrido em dezembro, na mesma 3\u00aa Turma da C\u00e2mara Superior, o resultado foi contr\u00e1rio a uma empresa de alimentos que fez compensa\u00e7\u00e3o de cr\u00e9ditos para quitar tributos devidos em den\u00fancia espont\u00e2nea (processo n\u00ba 10980.920582\/2009-56). No caso, ela foi cobrada por despacho decis\u00f3rio sobre a multa de mora. \u201cQuando voc\u00ea n\u00e3o presta aten\u00e7\u00e3o nos detalhes acha que a turma mudou de entendimento\u201d, diz Miguita.<\/p>\n\n\n\n<p>Segundo o advogado Filipe Richter, do Veirano Advogados, parece que est\u00e1 havendo uma interpreta\u00e7\u00e3o extremamente rigorosa da nova norma, que d\u00e1 ganho de causa ao contribuinte em caso de empate. Para ele, o conselho \u201cvai fazer jogo duro na aplica\u00e7\u00e3o porque n\u00e3o gostou da mudan\u00e7a\u201d.<\/p>\n\n\n\n<p>J\u00e1 com rela\u00e7\u00e3o \u00e0 tese, o advogado acredita que ainda \u00e9 defens\u00e1vel, uma vez que a compensa\u00e7\u00e3o decorre de pagamento indevido a mais de algum tributo, logo houve um pagamento, que justificaria o afastamento da multa de mora.<\/p>\n\n\n\n<p>Roberto Duque Estrada, s\u00f3cio do Brigag\u00e3o, Duque Estrada Advogados, entende que a decis\u00e3o tomada pela C\u00e2mara Superior a favor do contribuinte seria a mais acertada. Para ele, o uso da compensa\u00e7\u00e3o tem o mesmo efeito do pagamento \u00e0 vista, uma vez que esses cr\u00e9ditos existentes s\u00e3o resultado de valores de tributos pagos a mais.<\/p>\n\n\n\n<p>\u201cN\u00e3o faz sentido n\u00e3o afastar a multa do contribuinte que de boa-f\u00e9 quis regularizar sua situa\u00e7\u00e3o e usou a compensa\u00e7\u00e3o de cr\u00e9ditos existentes\u201d, diz o advogado. \u201cA compensa\u00e7\u00e3o tem que ter o mesmo efeito do pagamento.\u201d&nbsp;<\/p>\n\n\n\n<p>Fonte: <a href=\"https:\/\/valor.globo.com\/legislacao\/noticia\/2021\/03\/24\/camara-superior-do-carf-afasta-multa-de-mora-em-compensacao-tributaria.ghtml\">Valor<\/a><\/p>\n\n\n\n<p>A Amaral, Yazbek, OAB\/PR 762, possui 35 anos de experi\u00eancia auxiliando empresas a transformar a tributa\u00e7\u00e3o em lucro. Entre em contato com um dos s\u00f3cios para agendamento de reuni\u00e3o em caso de d\u00favidas.<\/p>\n\n\n\n<p>Contato: 41 3595-8300 ou pelo nosso WhatsApp 41 99567-5696<\/p>\n\n\n\n<p>Av. C\u00e2ndido Hartmann, 50 \u2013 Bigorrilho | Curitiba-PR<\/p>\n\n\n\n<p>Assine nossa Newsletter e fique por dentro das novidades!<\/p>\n\n\n\n<p>Quer receber seu exemplar da revista Governan\u00e7a Jur\u00eddica? Clique <a href=\"http:\/\/ayadvogados.com.br\/revista\">aqui<\/a>&nbsp;e pe\u00e7a a sua.<\/p>\n\n\n\n<p>Nos acompanhe nas redes sociais: <a href=\"https:\/\/www.facebook.com\/amaral.yazbek\">Facebook<\/a>&nbsp;| <a href=\"https:\/\/www.instagram.com\/amaral.yazbek\/\">Instagram<\/a> | <a href=\"https:\/\/www.linkedin.com\/company\/3357082\/admin\/\">Linkedin<\/a><\/p>\n\n\n\n<p>J\u00e1 conhece o canal Direito da Intelig\u00eancia de Neg\u00f3cios? <a href=\"https:\/\/www.youtube.com\/channel\/UCu2Mpu32ht8DEN8OFRXYMyw\">Inscreva-se j\u00e1<\/a><\/p>\n","protected":false},"excerpt":{"rendered":"<p>A C\u00e2mara Superior do Conselho Administrativo de Recursos Fiscais (Carf) afastou a cobran\u00e7a da multa de mora de um contribuinte beneficiado por den\u00fancia espont\u00e2nea, que quitou a d\u00edvida por meio de compensa\u00e7\u00e3o tribut\u00e1ria. Os conselheiros da 3\u00aa Turma entenderam que a medida tem o mesmo efeito pr\u00e1tico e jur\u00eddico do pagamento \u00e0 vista &#8211; o [&hellip;]<\/p>\n","protected":false},"author":3,"featured_media":515,"comment_status":"open","ping_status":"open","sticky":false,"template":"","format":"standard","meta":{"footnotes":""},"categories":[1],"tags":[],"class_list":["post-514","post","type-post","status-publish","format-standard","has-post-thumbnail","hentry","category-noticia-do-dia"],"blocksy_meta":{"styles_descriptor":{"styles":{"desktop":"","tablet":"","mobile":""},"google_fonts":[],"version":6}},"yoast_head":"<!-- This site is optimized with the Yoast SEO plugin v27.5 - https:\/\/yoast.com\/product\/yoast-seo-wordpress\/ -->\n<title>C\u00e2mara Superior do Carf afasta multa de mora em compensa\u00e7\u00e3o tribut\u00e1ria - Amaral, Yazbek Advogados<\/title>\n<meta name=\"robots\" content=\"index, follow, max-snippet:-1, max-image-preview:large, max-video-preview:-1\" \/>\n<link rel=\"canonical\" href=\"https:\/\/www.34.239.117.254.sslip.io\/?p=514\" \/>\n<meta property=\"og:locale\" content=\"pt_BR\" \/>\n<meta property=\"og:type\" content=\"article\" \/>\n<meta property=\"og:title\" content=\"C\u00e2mara Superior do Carf afasta multa de mora em compensa\u00e7\u00e3o tribut\u00e1ria - Amaral, Yazbek Advogados\" \/>\n<meta property=\"og:description\" content=\"A C\u00e2mara Superior do Conselho Administrativo de Recursos Fiscais (Carf) afastou a cobran\u00e7a da multa de mora de um contribuinte beneficiado por den\u00fancia espont\u00e2nea, que quitou a d\u00edvida por meio de compensa\u00e7\u00e3o tribut\u00e1ria. Os conselheiros da 3\u00aa Turma entenderam que a medida tem o mesmo efeito pr\u00e1tico e jur\u00eddico do pagamento \u00e0 vista &#8211; o [&hellip;]\" \/>\n<meta property=\"og:url\" content=\"https:\/\/www.34.239.117.254.sslip.io\/?p=514\" \/>\n<meta property=\"og:site_name\" content=\"Amaral, Yazbek Advogados\" \/>\n<meta property=\"article:publisher\" content=\"https:\/\/www.facebook.com\/AYadvogados\" \/>\n<meta property=\"article:published_time\" content=\"2021-03-24T14:15:00+00:00\" \/>\n<meta property=\"article:modified_time\" content=\"2021-03-25T14:16:25+00:00\" \/>\n<meta property=\"og:image\" content=\"https:\/\/www.34.239.117.254.sslip.io\/wp-content\/uploads\/2021\/03\/ec62d5d83385456299b55bf573c20d5c.png\" \/>\n\t<meta property=\"og:image:width\" content=\"1000\" \/>\n\t<meta property=\"og:image:height\" content=\"620\" \/>\n\t<meta property=\"og:image:type\" content=\"image\/png\" \/>\n<meta name=\"author\" content=\"Infra\" \/>\n<meta name=\"twitter:card\" content=\"summary_large_image\" \/>\n<meta name=\"twitter:label1\" content=\"Escrito por\" \/>\n\t<meta name=\"twitter:data1\" content=\"Infra\" \/>\n\t<meta name=\"twitter:label2\" content=\"Est. tempo de leitura\" \/>\n\t<meta name=\"twitter:data2\" content=\"5 minutos\" \/>\n<script type=\"application\/ld+json\" class=\"yoast-schema-graph\">{\"@context\":\"https:\\\/\\\/schema.org\",\"@graph\":[{\"@type\":\"Article\",\"@id\":\"https:\\\/\\\/www.34.239.117.254.sslip.io\\\/?p=514#article\",\"isPartOf\":{\"@id\":\"https:\\\/\\\/www.34.239.117.254.sslip.io\\\/?p=514\"},\"author\":{\"name\":\"Infra\",\"@id\":\"https:\\\/\\\/www.34.239.117.254.sslip.io\\\/#\\\/schema\\\/person\\\/6b9165a58758b048b8ea5a4fbd4ec3c4\"},\"headline\":\"C\u00e2mara Superior do Carf afasta multa de mora em compensa\u00e7\u00e3o tribut\u00e1ria\",\"datePublished\":\"2021-03-24T14:15:00+00:00\",\"dateModified\":\"2021-03-25T14:16:25+00:00\",\"mainEntityOfPage\":{\"@id\":\"https:\\\/\\\/www.34.239.117.254.sslip.io\\\/?p=514\"},\"wordCount\":982,\"commentCount\":0,\"publisher\":{\"@id\":\"https:\\\/\\\/www.34.239.117.254.sslip.io\\\/#organization\"},\"image\":{\"@id\":\"https:\\\/\\\/www.34.239.117.254.sslip.io\\\/?p=514#primaryimage\"},\"thumbnailUrl\":\"https:\\\/\\\/www.ayadvogados.com.br\\\/wp-content\\\/uploads\\\/2021\\\/03\\\/ec62d5d83385456299b55bf573c20d5c.png\",\"articleSection\":[\"Not\u00edcia do Dia\"],\"inLanguage\":\"pt-BR\",\"potentialAction\":[{\"@type\":\"CommentAction\",\"name\":\"Comment\",\"target\":[\"https:\\\/\\\/www.34.239.117.254.sslip.io\\\/?p=514#respond\"]}]},{\"@type\":\"WebPage\",\"@id\":\"https:\\\/\\\/www.34.239.117.254.sslip.io\\\/?p=514\",\"url\":\"https:\\\/\\\/www.34.239.117.254.sslip.io\\\/?p=514\",\"name\":\"C\u00e2mara Superior do Carf afasta multa de mora em compensa\u00e7\u00e3o tribut\u00e1ria - Amaral, Yazbek Advogados\",\"isPartOf\":{\"@id\":\"https:\\\/\\\/www.34.239.117.254.sslip.io\\\/#website\"},\"primaryImageOfPage\":{\"@id\":\"https:\\\/\\\/www.34.239.117.254.sslip.io\\\/?p=514#primaryimage\"},\"image\":{\"@id\":\"https:\\\/\\\/www.34.239.117.254.sslip.io\\\/?p=514#primaryimage\"},\"thumbnailUrl\":\"https:\\\/\\\/www.ayadvogados.com.br\\\/wp-content\\\/uploads\\\/2021\\\/03\\\/ec62d5d83385456299b55bf573c20d5c.png\",\"datePublished\":\"2021-03-24T14:15:00+00:00\",\"dateModified\":\"2021-03-25T14:16:25+00:00\",\"breadcrumb\":{\"@id\":\"https:\\\/\\\/www.34.239.117.254.sslip.io\\\/?p=514#breadcrumb\"},\"inLanguage\":\"pt-BR\",\"potentialAction\":[{\"@type\":\"ReadAction\",\"target\":[\"https:\\\/\\\/www.34.239.117.254.sslip.io\\\/?p=514\"]}]},{\"@type\":\"ImageObject\",\"inLanguage\":\"pt-BR\",\"@id\":\"https:\\\/\\\/www.34.239.117.254.sslip.io\\\/?p=514#primaryimage\",\"url\":\"https:\\\/\\\/www.ayadvogados.com.br\\\/wp-content\\\/uploads\\\/2021\\\/03\\\/ec62d5d83385456299b55bf573c20d5c.png\",\"contentUrl\":\"https:\\\/\\\/www.ayadvogados.com.br\\\/wp-content\\\/uploads\\\/2021\\\/03\\\/ec62d5d83385456299b55bf573c20d5c.png\",\"width\":1000,\"height\":620},{\"@type\":\"BreadcrumbList\",\"@id\":\"https:\\\/\\\/www.34.239.117.254.sslip.io\\\/?p=514#breadcrumb\",\"itemListElement\":[{\"@type\":\"ListItem\",\"position\":1,\"name\":\"In\u00edcio\",\"item\":\"https:\\\/\\\/www.34.239.117.254.sslip.io\\\/\"},{\"@type\":\"ListItem\",\"position\":2,\"name\":\"C\u00e2mara Superior do Carf afasta multa de mora em compensa\u00e7\u00e3o tribut\u00e1ria\"}]},{\"@type\":\"WebSite\",\"@id\":\"https:\\\/\\\/www.34.239.117.254.sslip.io\\\/#website\",\"url\":\"https:\\\/\\\/www.34.239.117.254.sslip.io\\\/\",\"name\":\"Amaral, Yazbek Advogados\",\"description\":\"Curitiba \u2022 Bras\u00edlia \u2022 S\u00e3o Paulo\",\"publisher\":{\"@id\":\"https:\\\/\\\/www.34.239.117.254.sslip.io\\\/#organization\"},\"potentialAction\":[{\"@type\":\"SearchAction\",\"target\":{\"@type\":\"EntryPoint\",\"urlTemplate\":\"https:\\\/\\\/www.34.239.117.254.sslip.io\\\/?s={search_term_string}\"},\"query-input\":{\"@type\":\"PropertyValueSpecification\",\"valueRequired\":true,\"valueName\":\"search_term_string\"}}],\"inLanguage\":\"pt-BR\"},{\"@type\":\"Organization\",\"@id\":\"https:\\\/\\\/www.34.239.117.254.sslip.io\\\/#organization\",\"name\":\"Amaral, Yazbek Advogados\",\"url\":\"https:\\\/\\\/www.34.239.117.254.sslip.io\\\/\",\"logo\":{\"@type\":\"ImageObject\",\"inLanguage\":\"pt-BR\",\"@id\":\"https:\\\/\\\/www.34.239.117.254.sslip.io\\\/#\\\/schema\\\/logo\\\/image\\\/\",\"url\":\"http:\\\/\\\/34.239.117.254\\\/wp-content\\\/uploads\\\/2021\\\/03\\\/logo-ay-g.png\",\"contentUrl\":\"http:\\\/\\\/34.239.117.254\\\/wp-content\\\/uploads\\\/2021\\\/03\\\/logo-ay-g.png\",\"width\":434,\"height\":106,\"caption\":\"Amaral, Yazbek Advogados\"},\"image\":{\"@id\":\"https:\\\/\\\/www.34.239.117.254.sslip.io\\\/#\\\/schema\\\/logo\\\/image\\\/\"},\"sameAs\":[\"https:\\\/\\\/www.facebook.com\\\/AYadvogados\",\"https:\\\/\\\/www.instagram.com\\\/ayadvogados\\\/\"]},{\"@type\":\"Person\",\"@id\":\"https:\\\/\\\/www.34.239.117.254.sslip.io\\\/#\\\/schema\\\/person\\\/6b9165a58758b048b8ea5a4fbd4ec3c4\",\"name\":\"Infra\",\"image\":{\"@type\":\"ImageObject\",\"inLanguage\":\"pt-BR\",\"@id\":\"https:\\\/\\\/secure.gravatar.com\\\/avatar\\\/60bf67293e186b9c834e31753dcc586dfcedb661d13b6b9ba29ac991ccafc035?s=96&d=mm&r=g\",\"url\":\"https:\\\/\\\/secure.gravatar.com\\\/avatar\\\/60bf67293e186b9c834e31753dcc586dfcedb661d13b6b9ba29ac991ccafc035?s=96&d=mm&r=g\",\"contentUrl\":\"https:\\\/\\\/secure.gravatar.com\\\/avatar\\\/60bf67293e186b9c834e31753dcc586dfcedb661d13b6b9ba29ac991ccafc035?s=96&d=mm&r=g\",\"caption\":\"Infra\"},\"url\":\"https:\\\/\\\/www.ayadvogados.com.br\\\/?author=3\"}]}<\/script>\n<!-- \/ Yoast SEO plugin. -->","yoast_head_json":{"title":"C\u00e2mara Superior do Carf afasta multa de mora em compensa\u00e7\u00e3o tribut\u00e1ria - Amaral, Yazbek Advogados","robots":{"index":"index","follow":"follow","max-snippet":"max-snippet:-1","max-image-preview":"max-image-preview:large","max-video-preview":"max-video-preview:-1"},"canonical":"https:\/\/www.34.239.117.254.sslip.io\/?p=514","og_locale":"pt_BR","og_type":"article","og_title":"C\u00e2mara Superior do Carf afasta multa de mora em compensa\u00e7\u00e3o tribut\u00e1ria - Amaral, Yazbek Advogados","og_description":"A C\u00e2mara Superior do Conselho Administrativo de Recursos Fiscais (Carf) afastou a cobran\u00e7a da multa de mora de um contribuinte beneficiado por den\u00fancia espont\u00e2nea, que quitou a d\u00edvida por meio de compensa\u00e7\u00e3o tribut\u00e1ria. Os conselheiros da 3\u00aa Turma entenderam que a medida tem o mesmo efeito pr\u00e1tico e jur\u00eddico do pagamento \u00e0 vista &#8211; o [&hellip;]","og_url":"https:\/\/www.34.239.117.254.sslip.io\/?p=514","og_site_name":"Amaral, Yazbek Advogados","article_publisher":"https:\/\/www.facebook.com\/AYadvogados","article_published_time":"2021-03-24T14:15:00+00:00","article_modified_time":"2021-03-25T14:16:25+00:00","og_image":[{"width":1000,"height":620,"url":"https:\/\/www.34.239.117.254.sslip.io\/wp-content\/uploads\/2021\/03\/ec62d5d83385456299b55bf573c20d5c.png","type":"image\/png"}],"author":"Infra","twitter_card":"summary_large_image","twitter_misc":{"Escrito por":"Infra","Est. tempo de leitura":"5 minutos"},"schema":{"@context":"https:\/\/schema.org","@graph":[{"@type":"Article","@id":"https:\/\/www.34.239.117.254.sslip.io\/?p=514#article","isPartOf":{"@id":"https:\/\/www.34.239.117.254.sslip.io\/?p=514"},"author":{"name":"Infra","@id":"https:\/\/www.34.239.117.254.sslip.io\/#\/schema\/person\/6b9165a58758b048b8ea5a4fbd4ec3c4"},"headline":"C\u00e2mara Superior do Carf afasta multa de mora em compensa\u00e7\u00e3o tribut\u00e1ria","datePublished":"2021-03-24T14:15:00+00:00","dateModified":"2021-03-25T14:16:25+00:00","mainEntityOfPage":{"@id":"https:\/\/www.34.239.117.254.sslip.io\/?p=514"},"wordCount":982,"commentCount":0,"publisher":{"@id":"https:\/\/www.34.239.117.254.sslip.io\/#organization"},"image":{"@id":"https:\/\/www.34.239.117.254.sslip.io\/?p=514#primaryimage"},"thumbnailUrl":"https:\/\/www.ayadvogados.com.br\/wp-content\/uploads\/2021\/03\/ec62d5d83385456299b55bf573c20d5c.png","articleSection":["Not\u00edcia do Dia"],"inLanguage":"pt-BR","potentialAction":[{"@type":"CommentAction","name":"Comment","target":["https:\/\/www.34.239.117.254.sslip.io\/?p=514#respond"]}]},{"@type":"WebPage","@id":"https:\/\/www.34.239.117.254.sslip.io\/?p=514","url":"https:\/\/www.34.239.117.254.sslip.io\/?p=514","name":"C\u00e2mara Superior do Carf afasta multa de mora em compensa\u00e7\u00e3o tribut\u00e1ria - Amaral, Yazbek Advogados","isPartOf":{"@id":"https:\/\/www.34.239.117.254.sslip.io\/#website"},"primaryImageOfPage":{"@id":"https:\/\/www.34.239.117.254.sslip.io\/?p=514#primaryimage"},"image":{"@id":"https:\/\/www.34.239.117.254.sslip.io\/?p=514#primaryimage"},"thumbnailUrl":"https:\/\/www.ayadvogados.com.br\/wp-content\/uploads\/2021\/03\/ec62d5d83385456299b55bf573c20d5c.png","datePublished":"2021-03-24T14:15:00+00:00","dateModified":"2021-03-25T14:16:25+00:00","breadcrumb":{"@id":"https:\/\/www.34.239.117.254.sslip.io\/?p=514#breadcrumb"},"inLanguage":"pt-BR","potentialAction":[{"@type":"ReadAction","target":["https:\/\/www.34.239.117.254.sslip.io\/?p=514"]}]},{"@type":"ImageObject","inLanguage":"pt-BR","@id":"https:\/\/www.34.239.117.254.sslip.io\/?p=514#primaryimage","url":"https:\/\/www.ayadvogados.com.br\/wp-content\/uploads\/2021\/03\/ec62d5d83385456299b55bf573c20d5c.png","contentUrl":"https:\/\/www.ayadvogados.com.br\/wp-content\/uploads\/2021\/03\/ec62d5d83385456299b55bf573c20d5c.png","width":1000,"height":620},{"@type":"BreadcrumbList","@id":"https:\/\/www.34.239.117.254.sslip.io\/?p=514#breadcrumb","itemListElement":[{"@type":"ListItem","position":1,"name":"In\u00edcio","item":"https:\/\/www.34.239.117.254.sslip.io\/"},{"@type":"ListItem","position":2,"name":"C\u00e2mara Superior do Carf afasta multa de mora em compensa\u00e7\u00e3o tribut\u00e1ria"}]},{"@type":"WebSite","@id":"https:\/\/www.34.239.117.254.sslip.io\/#website","url":"https:\/\/www.34.239.117.254.sslip.io\/","name":"Amaral, Yazbek Advogados","description":"Curitiba \u2022 Bras\u00edlia \u2022 S\u00e3o Paulo","publisher":{"@id":"https:\/\/www.34.239.117.254.sslip.io\/#organization"},"potentialAction":[{"@type":"SearchAction","target":{"@type":"EntryPoint","urlTemplate":"https:\/\/www.34.239.117.254.sslip.io\/?s={search_term_string}"},"query-input":{"@type":"PropertyValueSpecification","valueRequired":true,"valueName":"search_term_string"}}],"inLanguage":"pt-BR"},{"@type":"Organization","@id":"https:\/\/www.34.239.117.254.sslip.io\/#organization","name":"Amaral, Yazbek Advogados","url":"https:\/\/www.34.239.117.254.sslip.io\/","logo":{"@type":"ImageObject","inLanguage":"pt-BR","@id":"https:\/\/www.34.239.117.254.sslip.io\/#\/schema\/logo\/image\/","url":"http:\/\/34.239.117.254\/wp-content\/uploads\/2021\/03\/logo-ay-g.png","contentUrl":"http:\/\/34.239.117.254\/wp-content\/uploads\/2021\/03\/logo-ay-g.png","width":434,"height":106,"caption":"Amaral, Yazbek Advogados"},"image":{"@id":"https:\/\/www.34.239.117.254.sslip.io\/#\/schema\/logo\/image\/"},"sameAs":["https:\/\/www.facebook.com\/AYadvogados","https:\/\/www.instagram.com\/ayadvogados\/"]},{"@type":"Person","@id":"https:\/\/www.34.239.117.254.sslip.io\/#\/schema\/person\/6b9165a58758b048b8ea5a4fbd4ec3c4","name":"Infra","image":{"@type":"ImageObject","inLanguage":"pt-BR","@id":"https:\/\/secure.gravatar.com\/avatar\/60bf67293e186b9c834e31753dcc586dfcedb661d13b6b9ba29ac991ccafc035?s=96&d=mm&r=g","url":"https:\/\/secure.gravatar.com\/avatar\/60bf67293e186b9c834e31753dcc586dfcedb661d13b6b9ba29ac991ccafc035?s=96&d=mm&r=g","contentUrl":"https:\/\/secure.gravatar.com\/avatar\/60bf67293e186b9c834e31753dcc586dfcedb661d13b6b9ba29ac991ccafc035?s=96&d=mm&r=g","caption":"Infra"},"url":"https:\/\/www.ayadvogados.com.br\/?author=3"}]}},"rttpg_featured_image_url":{"full":["https:\/\/www.ayadvogados.com.br\/wp-content\/uploads\/2021\/03\/ec62d5d83385456299b55bf573c20d5c.png",1000,620,false],"landscape":["https:\/\/www.ayadvogados.com.br\/wp-content\/uploads\/2021\/03\/ec62d5d83385456299b55bf573c20d5c.png",1000,620,false],"portraits":["https:\/\/www.ayadvogados.com.br\/wp-content\/uploads\/2021\/03\/ec62d5d83385456299b55bf573c20d5c.png",1000,620,false],"thumbnail":["https:\/\/www.ayadvogados.com.br\/wp-content\/uploads\/2021\/03\/ec62d5d83385456299b55bf573c20d5c-150x150.png",150,150,true],"medium":["https:\/\/www.ayadvogados.com.br\/wp-content\/uploads\/2021\/03\/ec62d5d83385456299b55bf573c20d5c-300x186.png",300,186,true],"large":["https:\/\/www.ayadvogados.com.br\/wp-content\/uploads\/2021\/03\/ec62d5d83385456299b55bf573c20d5c.png",1000,620,false],"1536x1536":["https:\/\/www.ayadvogados.com.br\/wp-content\/uploads\/2021\/03\/ec62d5d83385456299b55bf573c20d5c.png",1000,620,false],"2048x2048":["https:\/\/www.ayadvogados.com.br\/wp-content\/uploads\/2021\/03\/ec62d5d83385456299b55bf573c20d5c.png",1000,620,false]},"rttpg_author":{"display_name":"Infra","author_link":"https:\/\/www.ayadvogados.com.br\/?author=3"},"rttpg_comment":0,"rttpg_category":"<a href=\"https:\/\/www.ayadvogados.com.br\/?cat=1\" rel=\"category\">Not\u00edcia do Dia<\/a>","rttpg_excerpt":"A C\u00e2mara Superior do Conselho Administrativo de Recursos Fiscais (Carf) afastou a cobran\u00e7a da multa de mora de um contribuinte beneficiado por den\u00fancia espont\u00e2nea, que quitou a d\u00edvida por meio de compensa\u00e7\u00e3o tribut\u00e1ria. Os conselheiros da 3\u00aa Turma entenderam que a medida tem o mesmo efeito pr\u00e1tico e jur\u00eddico do pagamento \u00e0 vista &#8211; o&hellip;","_links":{"self":[{"href":"https:\/\/www.ayadvogados.com.br\/index.php?rest_route=\/wp\/v2\/posts\/514","targetHints":{"allow":["GET"]}}],"collection":[{"href":"https:\/\/www.ayadvogados.com.br\/index.php?rest_route=\/wp\/v2\/posts"}],"about":[{"href":"https:\/\/www.ayadvogados.com.br\/index.php?rest_route=\/wp\/v2\/types\/post"}],"author":[{"embeddable":true,"href":"https:\/\/www.ayadvogados.com.br\/index.php?rest_route=\/wp\/v2\/users\/3"}],"replies":[{"embeddable":true,"href":"https:\/\/www.ayadvogados.com.br\/index.php?rest_route=%2Fwp%2Fv2%2Fcomments&post=514"}],"version-history":[{"count":1,"href":"https:\/\/www.ayadvogados.com.br\/index.php?rest_route=\/wp\/v2\/posts\/514\/revisions"}],"predecessor-version":[{"id":516,"href":"https:\/\/www.ayadvogados.com.br\/index.php?rest_route=\/wp\/v2\/posts\/514\/revisions\/516"}],"wp:featuredmedia":[{"embeddable":true,"href":"https:\/\/www.ayadvogados.com.br\/index.php?rest_route=\/wp\/v2\/media\/515"}],"wp:attachment":[{"href":"https:\/\/www.ayadvogados.com.br\/index.php?rest_route=%2Fwp%2Fv2%2Fmedia&parent=514"}],"wp:term":[{"taxonomy":"category","embeddable":true,"href":"https:\/\/www.ayadvogados.com.br\/index.php?rest_route=%2Fwp%2Fv2%2Fcategories&post=514"},{"taxonomy":"post_tag","embeddable":true,"href":"https:\/\/www.ayadvogados.com.br\/index.php?rest_route=%2Fwp%2Fv2%2Ftags&post=514"}],"curies":[{"name":"wp","href":"https:\/\/api.w.org\/{rel}","templated":true}]}}