{"id":3827,"date":"2025-07-17T09:00:07","date_gmt":"2025-07-17T12:00:07","guid":{"rendered":"https:\/\/www.ayadvogados.com.br\/?p=3827"},"modified":"2025-07-17T09:00:08","modified_gmt":"2025-07-17T12:00:08","slug":"reforma-tributaria-receita-federal-divulga-tabela-de-creditos-presumidos-de-ibs-e-cbs","status":"publish","type":"post","link":"https:\/\/www.ayadvogados.com.br\/?p=3827","title":{"rendered":"Reforma Tribut\u00e1ria: Receita Federal divulga tabela de cr\u00e9ditos presumidos de IBS e CBS"},"content":{"rendered":"\n<h3 class=\"wp-block-heading\"><strong>Reforma Tribut\u00e1ria: Receita Federal divulga tabela de cr\u00e9ditos presumidos de IBS e CBS<\/strong><\/h3>\n\n\n\n<p>A Receita Federal publicou, no dia 23 de junho de 2025, a <strong>tabela oficial de cr\u00e9ditos presumidos<\/strong> do IBS (Imposto sobre Bens e Servi\u00e7os) e da CBS (Contribui\u00e7\u00e3o sobre Bens e Servi\u00e7os), como parte das medidas de transi\u00e7\u00e3o da Reforma Tribut\u00e1ria.<\/p>\n\n\n\n<p>A tabela apresenta <strong>13 hip\u00f3teses de cr\u00e9dito<\/strong> aplic\u00e1veis em diferentes cen\u00e1rios empresariais, como:<\/p>\n\n\n\n<ul class=\"wp-block-list\">\n<li>Aquisi\u00e7\u00e3o de bens para revenda;<\/li>\n\n\n\n<li>Transporte intermunicipal;<\/li>\n\n\n\n<li>Compra de res\u00edduos recicl\u00e1veis;<\/li>\n\n\n\n<li>Projetos vinculados a incentivos automotivos e regionais.<\/li>\n<\/ul>\n\n\n\n<p>Embora o aproveitamento dos cr\u00e9ditos seja permitido, a Receita alerta: <strong>o uso n\u00e3o ser\u00e1 autom\u00e1tico<\/strong>. Ser\u00e1 necess\u00e1rio verificar, caso a caso, se a opera\u00e7\u00e3o est\u00e1 enquadrada em uma das hip\u00f3teses previstas e se a empresa cumpre os requisitos exigidos.<\/p>\n\n\n\n<h3 class=\"wp-block-heading\">\ud83d\udccc O que isso muda para sua empresa?<\/h3>\n\n\n\n<p>A publica\u00e7\u00e3o \u00e9 um marco importante na transi\u00e7\u00e3o para o novo modelo tribut\u00e1rio, que ser\u00e1 implantado de forma gradual a partir de 2026. Empresas que se anteciparem, compreendendo os crit\u00e9rios de cr\u00e9dito e ajustando suas pr\u00e1ticas fiscais, ter\u00e3o uma vantagem estrat\u00e9gica significativa.<\/p>\n\n\n\n<p>Na AY, acompanhamos cada etapa da regulamenta\u00e7\u00e3o para garantir seguran\u00e7a jur\u00eddica e planejamento tribut\u00e1rio eficiente aos nossos clientes.<\/p>\n\n\n\n<p>Fonte: <a href=\"https:\/\/www.contabeis.com.br\/noticias\/71655\/publicada-tabela-de-creditos-do-ibs-e-cbs\/\">Publicada tabela de cr\u00e9ditos do IBS e CBS<\/a><\/p>\n","protected":false},"excerpt":{"rendered":"<p>Reforma Tribut\u00e1ria: Receita Federal divulga tabela de cr\u00e9ditos presumidos de IBS e CBS A Receita Federal publicou, no dia 23 de junho de 2025, a tabela oficial de cr\u00e9ditos presumidos do IBS (Imposto sobre Bens e Servi\u00e7os) e da CBS (Contribui\u00e7\u00e3o sobre Bens e Servi\u00e7os), como parte das medidas de transi\u00e7\u00e3o da Reforma Tribut\u00e1ria. A [&hellip;]<\/p>\n","protected":false},"author":2,"featured_media":3829,"comment_status":"open","ping_status":"open","sticky":false,"template":"","format":"standard","meta":{"footnotes":""},"categories":[5],"tags":[9,10,123,124,45,96],"class_list":["post-3827","post","type-post","status-publish","format-standard","has-post-thumbnail","hentry","category-dincast","tag-amaral-yazbek","tag-dincast","tag-dividas","tag-nova-forma-de-regularizar","tag-receita-federal","tag-reforma-tributaria"],"blocksy_meta":{"styles_descriptor":{"styles":{"desktop":"","tablet":"","mobile":""},"google_fonts":[],"version":6}},"yoast_head":"<!-- This site is optimized with the Yoast SEO plugin v27.5 - https:\/\/yoast.com\/product\/yoast-seo-wordpress\/ -->\n<title>Reforma Tribut\u00e1ria: Receita Federal divulga tabela de cr\u00e9ditos presumidos de IBS e CBS<\/title>\n<meta name=\"description\" content=\"Reforma Tribut\u00e1ria: Receita Federal divulga tabela de cr\u00e9ditos presumidos de IBS e CBS. A Receita Federal publicou, em junho de 2025\" \/>\n<meta name=\"robots\" content=\"index, follow, max-snippet:-1, max-image-preview:large, max-video-preview:-1\" \/>\n<link rel=\"canonical\" href=\"https:\/\/www.ayadvogados.com.br\/?p=3827\" \/>\n<meta property=\"og:locale\" content=\"pt_BR\" \/>\n<meta property=\"og:type\" content=\"article\" \/>\n<meta property=\"og:title\" content=\"Reforma Tribut\u00e1ria: Receita Federal divulga tabela de cr\u00e9ditos presumidos de IBS e CBS\" \/>\n<meta property=\"og:description\" content=\"Reforma Tribut\u00e1ria: Receita Federal divulga tabela de cr\u00e9ditos presumidos de IBS e CBS. A Receita Federal publicou, em junho de 2025\" \/>\n<meta property=\"og:url\" content=\"https:\/\/www.ayadvogados.com.br\/?p=3827\" \/>\n<meta property=\"og:site_name\" content=\"Amaral, Yazbek Advogados\" \/>\n<meta property=\"article:publisher\" content=\"https:\/\/www.facebook.com\/AYadvogados\" \/>\n<meta property=\"article:published_time\" content=\"2025-07-17T12:00:07+00:00\" \/>\n<meta property=\"article:modified_time\" content=\"2025-07-17T12:00:08+00:00\" \/>\n<meta property=\"og:image\" content=\"https:\/\/www.ayadvogados.com.br\/wp-content\/uploads\/2025\/07\/Base-AY-47-e1752753565847.png\" \/>\n\t<meta property=\"og:image:width\" content=\"1080\" \/>\n\t<meta property=\"og:image:height\" content=\"527\" \/>\n\t<meta property=\"og:image:type\" content=\"image\/png\" \/>\n<meta name=\"author\" content=\"AY Advogados\" \/>\n<meta name=\"twitter:card\" content=\"summary_large_image\" \/>\n<meta name=\"twitter:label1\" content=\"Escrito por\" \/>\n\t<meta name=\"twitter:data1\" content=\"AY Advogados\" \/>\n\t<meta name=\"twitter:label2\" content=\"Est. tempo de leitura\" \/>\n\t<meta name=\"twitter:data2\" content=\"2 minutos\" \/>\n<script type=\"application\/ld+json\" class=\"yoast-schema-graph\">{\"@context\":\"https:\\\/\\\/schema.org\",\"@graph\":[{\"@type\":\"Article\",\"@id\":\"https:\\\/\\\/www.ayadvogados.com.br\\\/?p=3827#article\",\"isPartOf\":{\"@id\":\"https:\\\/\\\/www.ayadvogados.com.br\\\/?p=3827\"},\"author\":{\"name\":\"AY Advogados\",\"@id\":\"https:\\\/\\\/34.239.117.254\\\/#\\\/schema\\\/person\\\/4abfbf03ad3e577e691d333af064a912\"},\"headline\":\"Reforma Tribut\u00e1ria: Receita Federal divulga tabela de cr\u00e9ditos presumidos de IBS e CBS\",\"datePublished\":\"2025-07-17T12:00:07+00:00\",\"dateModified\":\"2025-07-17T12:00:08+00:00\",\"mainEntityOfPage\":{\"@id\":\"https:\\\/\\\/www.ayadvogados.com.br\\\/?p=3827\"},\"wordCount\":244,\"commentCount\":0,\"publisher\":{\"@id\":\"https:\\\/\\\/34.239.117.254\\\/#organization\"},\"image\":{\"@id\":\"https:\\\/\\\/www.ayadvogados.com.br\\\/?p=3827#primaryimage\"},\"thumbnailUrl\":\"https:\\\/\\\/www.ayadvogados.com.br\\\/wp-content\\\/uploads\\\/2025\\\/07\\\/Base-AY-47-e1752753565847.png\",\"keywords\":[\"amaral yazbek\",\"dincast\",\"dividas\",\"nova forma de regularizar\",\"receita federal\",\"Reforma Tribut\u00e1ria\"],\"articleSection\":[\"DINCast\"],\"inLanguage\":\"pt-BR\",\"potentialAction\":[{\"@type\":\"CommentAction\",\"name\":\"Comment\",\"target\":[\"https:\\\/\\\/www.ayadvogados.com.br\\\/?p=3827#respond\"]}]},{\"@type\":\"WebPage\",\"@id\":\"https:\\\/\\\/www.ayadvogados.com.br\\\/?p=3827\",\"url\":\"https:\\\/\\\/www.ayadvogados.com.br\\\/?p=3827\",\"name\":\"Reforma Tribut\u00e1ria: Receita Federal divulga tabela de cr\u00e9ditos presumidos de IBS e CBS\",\"isPartOf\":{\"@id\":\"https:\\\/\\\/34.239.117.254\\\/#website\"},\"primaryImageOfPage\":{\"@id\":\"https:\\\/\\\/www.ayadvogados.com.br\\\/?p=3827#primaryimage\"},\"image\":{\"@id\":\"https:\\\/\\\/www.ayadvogados.com.br\\\/?p=3827#primaryimage\"},\"thumbnailUrl\":\"https:\\\/\\\/www.ayadvogados.com.br\\\/wp-content\\\/uploads\\\/2025\\\/07\\\/Base-AY-47-e1752753565847.png\",\"datePublished\":\"2025-07-17T12:00:07+00:00\",\"dateModified\":\"2025-07-17T12:00:08+00:00\",\"description\":\"Reforma Tribut\u00e1ria: Receita Federal divulga tabela de cr\u00e9ditos presumidos de IBS e CBS. A Receita Federal publicou, em junho de 2025\",\"breadcrumb\":{\"@id\":\"https:\\\/\\\/www.ayadvogados.com.br\\\/?p=3827#breadcrumb\"},\"inLanguage\":\"pt-BR\",\"potentialAction\":[{\"@type\":\"ReadAction\",\"target\":[\"https:\\\/\\\/www.ayadvogados.com.br\\\/?p=3827\"]}]},{\"@type\":\"ImageObject\",\"inLanguage\":\"pt-BR\",\"@id\":\"https:\\\/\\\/www.ayadvogados.com.br\\\/?p=3827#primaryimage\",\"url\":\"https:\\\/\\\/www.ayadvogados.com.br\\\/wp-content\\\/uploads\\\/2025\\\/07\\\/Base-AY-47-e1752753565847.png\",\"contentUrl\":\"https:\\\/\\\/www.ayadvogados.com.br\\\/wp-content\\\/uploads\\\/2025\\\/07\\\/Base-AY-47-e1752753565847.png\",\"width\":1080,\"height\":527},{\"@type\":\"BreadcrumbList\",\"@id\":\"https:\\\/\\\/www.ayadvogados.com.br\\\/?p=3827#breadcrumb\",\"itemListElement\":[{\"@type\":\"ListItem\",\"position\":1,\"name\":\"In\u00edcio\",\"item\":\"https:\\\/\\\/34.239.117.254\\\/\"},{\"@type\":\"ListItem\",\"position\":2,\"name\":\"Reforma Tribut\u00e1ria: Receita Federal divulga tabela de cr\u00e9ditos presumidos de IBS e CBS\"}]},{\"@type\":\"WebSite\",\"@id\":\"https:\\\/\\\/34.239.117.254\\\/#website\",\"url\":\"https:\\\/\\\/34.239.117.254\\\/\",\"name\":\"Amaral, Yazbek Advogados\",\"description\":\"Curitiba \u2022 Bras\u00edlia \u2022 S\u00e3o Paulo\",\"publisher\":{\"@id\":\"https:\\\/\\\/34.239.117.254\\\/#organization\"},\"potentialAction\":[{\"@type\":\"SearchAction\",\"target\":{\"@type\":\"EntryPoint\",\"urlTemplate\":\"https:\\\/\\\/34.239.117.254\\\/?s={search_term_string}\"},\"query-input\":{\"@type\":\"PropertyValueSpecification\",\"valueRequired\":true,\"valueName\":\"search_term_string\"}}],\"inLanguage\":\"pt-BR\"},{\"@type\":\"Organization\",\"@id\":\"https:\\\/\\\/34.239.117.254\\\/#organization\",\"name\":\"Amaral, Yazbek Advogados\",\"url\":\"https:\\\/\\\/34.239.117.254\\\/\",\"logo\":{\"@type\":\"ImageObject\",\"inLanguage\":\"pt-BR\",\"@id\":\"https:\\\/\\\/34.239.117.254\\\/#\\\/schema\\\/logo\\\/image\\\/\",\"url\":\"http:\\\/\\\/34.239.117.254\\\/wp-content\\\/uploads\\\/2021\\\/03\\\/logo-ay-g.png\",\"contentUrl\":\"http:\\\/\\\/34.239.117.254\\\/wp-content\\\/uploads\\\/2021\\\/03\\\/logo-ay-g.png\",\"width\":434,\"height\":106,\"caption\":\"Amaral, Yazbek Advogados\"},\"image\":{\"@id\":\"https:\\\/\\\/34.239.117.254\\\/#\\\/schema\\\/logo\\\/image\\\/\"},\"sameAs\":[\"https:\\\/\\\/www.facebook.com\\\/AYadvogados\",\"https:\\\/\\\/www.instagram.com\\\/ayadvogados\\\/\"]},{\"@type\":\"Person\",\"@id\":\"https:\\\/\\\/34.239.117.254\\\/#\\\/schema\\\/person\\\/4abfbf03ad3e577e691d333af064a912\",\"name\":\"AY Advogados\",\"image\":{\"@type\":\"ImageObject\",\"inLanguage\":\"pt-BR\",\"@id\":\"https:\\\/\\\/secure.gravatar.com\\\/avatar\\\/1473912b851241f5503026e6156e144dcd83ff7addb67f65e1ed9ca21ee1d9cf?s=96&d=mm&r=g\",\"url\":\"https:\\\/\\\/secure.gravatar.com\\\/avatar\\\/1473912b851241f5503026e6156e144dcd83ff7addb67f65e1ed9ca21ee1d9cf?s=96&d=mm&r=g\",\"contentUrl\":\"https:\\\/\\\/secure.gravatar.com\\\/avatar\\\/1473912b851241f5503026e6156e144dcd83ff7addb67f65e1ed9ca21ee1d9cf?s=96&d=mm&r=g\",\"caption\":\"AY Advogados\"},\"sameAs\":[\"https:\\\/\\\/ayadvogados.com.br\"],\"url\":\"https:\\\/\\\/www.ayadvogados.com.br\\\/?author=2\"}]}<\/script>\n<!-- \/ Yoast SEO plugin. -->","yoast_head_json":{"title":"Reforma Tribut\u00e1ria: Receita Federal divulga tabela de cr\u00e9ditos presumidos de IBS e CBS","description":"Reforma Tribut\u00e1ria: Receita Federal divulga tabela de cr\u00e9ditos presumidos de IBS e CBS. A Receita Federal publicou, em junho de 2025","robots":{"index":"index","follow":"follow","max-snippet":"max-snippet:-1","max-image-preview":"max-image-preview:large","max-video-preview":"max-video-preview:-1"},"canonical":"https:\/\/www.ayadvogados.com.br\/?p=3827","og_locale":"pt_BR","og_type":"article","og_title":"Reforma Tribut\u00e1ria: Receita Federal divulga tabela de cr\u00e9ditos presumidos de IBS e CBS","og_description":"Reforma Tribut\u00e1ria: Receita Federal divulga tabela de cr\u00e9ditos presumidos de IBS e CBS. A Receita Federal publicou, em junho de 2025","og_url":"https:\/\/www.ayadvogados.com.br\/?p=3827","og_site_name":"Amaral, Yazbek Advogados","article_publisher":"https:\/\/www.facebook.com\/AYadvogados","article_published_time":"2025-07-17T12:00:07+00:00","article_modified_time":"2025-07-17T12:00:08+00:00","og_image":[{"width":1080,"height":527,"url":"https:\/\/www.ayadvogados.com.br\/wp-content\/uploads\/2025\/07\/Base-AY-47-e1752753565847.png","type":"image\/png"}],"author":"AY Advogados","twitter_card":"summary_large_image","twitter_misc":{"Escrito por":"AY Advogados","Est. tempo de leitura":"2 minutos"},"schema":{"@context":"https:\/\/schema.org","@graph":[{"@type":"Article","@id":"https:\/\/www.ayadvogados.com.br\/?p=3827#article","isPartOf":{"@id":"https:\/\/www.ayadvogados.com.br\/?p=3827"},"author":{"name":"AY Advogados","@id":"https:\/\/34.239.117.254\/#\/schema\/person\/4abfbf03ad3e577e691d333af064a912"},"headline":"Reforma Tribut\u00e1ria: Receita Federal divulga tabela de cr\u00e9ditos presumidos de IBS e CBS","datePublished":"2025-07-17T12:00:07+00:00","dateModified":"2025-07-17T12:00:08+00:00","mainEntityOfPage":{"@id":"https:\/\/www.ayadvogados.com.br\/?p=3827"},"wordCount":244,"commentCount":0,"publisher":{"@id":"https:\/\/34.239.117.254\/#organization"},"image":{"@id":"https:\/\/www.ayadvogados.com.br\/?p=3827#primaryimage"},"thumbnailUrl":"https:\/\/www.ayadvogados.com.br\/wp-content\/uploads\/2025\/07\/Base-AY-47-e1752753565847.png","keywords":["amaral yazbek","dincast","dividas","nova forma de regularizar","receita federal","Reforma Tribut\u00e1ria"],"articleSection":["DINCast"],"inLanguage":"pt-BR","potentialAction":[{"@type":"CommentAction","name":"Comment","target":["https:\/\/www.ayadvogados.com.br\/?p=3827#respond"]}]},{"@type":"WebPage","@id":"https:\/\/www.ayadvogados.com.br\/?p=3827","url":"https:\/\/www.ayadvogados.com.br\/?p=3827","name":"Reforma Tribut\u00e1ria: Receita Federal divulga tabela de cr\u00e9ditos presumidos de IBS e CBS","isPartOf":{"@id":"https:\/\/34.239.117.254\/#website"},"primaryImageOfPage":{"@id":"https:\/\/www.ayadvogados.com.br\/?p=3827#primaryimage"},"image":{"@id":"https:\/\/www.ayadvogados.com.br\/?p=3827#primaryimage"},"thumbnailUrl":"https:\/\/www.ayadvogados.com.br\/wp-content\/uploads\/2025\/07\/Base-AY-47-e1752753565847.png","datePublished":"2025-07-17T12:00:07+00:00","dateModified":"2025-07-17T12:00:08+00:00","description":"Reforma Tribut\u00e1ria: Receita Federal divulga tabela de cr\u00e9ditos presumidos de IBS e CBS. A Receita Federal publicou, em junho de 2025","breadcrumb":{"@id":"https:\/\/www.ayadvogados.com.br\/?p=3827#breadcrumb"},"inLanguage":"pt-BR","potentialAction":[{"@type":"ReadAction","target":["https:\/\/www.ayadvogados.com.br\/?p=3827"]}]},{"@type":"ImageObject","inLanguage":"pt-BR","@id":"https:\/\/www.ayadvogados.com.br\/?p=3827#primaryimage","url":"https:\/\/www.ayadvogados.com.br\/wp-content\/uploads\/2025\/07\/Base-AY-47-e1752753565847.png","contentUrl":"https:\/\/www.ayadvogados.com.br\/wp-content\/uploads\/2025\/07\/Base-AY-47-e1752753565847.png","width":1080,"height":527},{"@type":"BreadcrumbList","@id":"https:\/\/www.ayadvogados.com.br\/?p=3827#breadcrumb","itemListElement":[{"@type":"ListItem","position":1,"name":"In\u00edcio","item":"https:\/\/34.239.117.254\/"},{"@type":"ListItem","position":2,"name":"Reforma Tribut\u00e1ria: Receita Federal divulga tabela de cr\u00e9ditos presumidos de IBS e CBS"}]},{"@type":"WebSite","@id":"https:\/\/34.239.117.254\/#website","url":"https:\/\/34.239.117.254\/","name":"Amaral, Yazbek Advogados","description":"Curitiba \u2022 Bras\u00edlia \u2022 S\u00e3o Paulo","publisher":{"@id":"https:\/\/34.239.117.254\/#organization"},"potentialAction":[{"@type":"SearchAction","target":{"@type":"EntryPoint","urlTemplate":"https:\/\/34.239.117.254\/?s={search_term_string}"},"query-input":{"@type":"PropertyValueSpecification","valueRequired":true,"valueName":"search_term_string"}}],"inLanguage":"pt-BR"},{"@type":"Organization","@id":"https:\/\/34.239.117.254\/#organization","name":"Amaral, Yazbek Advogados","url":"https:\/\/34.239.117.254\/","logo":{"@type":"ImageObject","inLanguage":"pt-BR","@id":"https:\/\/34.239.117.254\/#\/schema\/logo\/image\/","url":"http:\/\/34.239.117.254\/wp-content\/uploads\/2021\/03\/logo-ay-g.png","contentUrl":"http:\/\/34.239.117.254\/wp-content\/uploads\/2021\/03\/logo-ay-g.png","width":434,"height":106,"caption":"Amaral, Yazbek Advogados"},"image":{"@id":"https:\/\/34.239.117.254\/#\/schema\/logo\/image\/"},"sameAs":["https:\/\/www.facebook.com\/AYadvogados","https:\/\/www.instagram.com\/ayadvogados\/"]},{"@type":"Person","@id":"https:\/\/34.239.117.254\/#\/schema\/person\/4abfbf03ad3e577e691d333af064a912","name":"AY Advogados","image":{"@type":"ImageObject","inLanguage":"pt-BR","@id":"https:\/\/secure.gravatar.com\/avatar\/1473912b851241f5503026e6156e144dcd83ff7addb67f65e1ed9ca21ee1d9cf?s=96&d=mm&r=g","url":"https:\/\/secure.gravatar.com\/avatar\/1473912b851241f5503026e6156e144dcd83ff7addb67f65e1ed9ca21ee1d9cf?s=96&d=mm&r=g","contentUrl":"https:\/\/secure.gravatar.com\/avatar\/1473912b851241f5503026e6156e144dcd83ff7addb67f65e1ed9ca21ee1d9cf?s=96&d=mm&r=g","caption":"AY Advogados"},"sameAs":["https:\/\/ayadvogados.com.br"],"url":"https:\/\/www.ayadvogados.com.br\/?author=2"}]}},"rttpg_featured_image_url":{"full":["https:\/\/www.ayadvogados.com.br\/wp-content\/uploads\/2025\/07\/Base-AY-47-e1752753565847.png",1080,527,false],"landscape":["https:\/\/www.ayadvogados.com.br\/wp-content\/uploads\/2025\/07\/Base-AY-47-e1752753565847.png",1080,527,false],"portraits":["https:\/\/www.ayadvogados.com.br\/wp-content\/uploads\/2025\/07\/Base-AY-47-e1752753565847.png",1080,527,false],"thumbnail":["https:\/\/www.ayadvogados.com.br\/wp-content\/uploads\/2025\/07\/Base-AY-47-e1752753565847-150x150.png",150,150,true],"medium":["https:\/\/www.ayadvogados.com.br\/wp-content\/uploads\/2025\/07\/Base-AY-47-e1752753565847-300x146.png",300,146,true],"large":["https:\/\/www.ayadvogados.com.br\/wp-content\/uploads\/2025\/07\/Base-AY-47-e1752753565847-1024x500.png",1024,500,true],"1536x1536":["https:\/\/www.ayadvogados.com.br\/wp-content\/uploads\/2025\/07\/Base-AY-47-e1752753565847.png",1080,527,false],"2048x2048":["https:\/\/www.ayadvogados.com.br\/wp-content\/uploads\/2025\/07\/Base-AY-47-e1752753565847.png",1080,527,false]},"rttpg_author":{"display_name":"AY Advogados","author_link":"https:\/\/www.ayadvogados.com.br\/?author=2"},"rttpg_comment":0,"rttpg_category":"<a href=\"https:\/\/www.ayadvogados.com.br\/?cat=5\" rel=\"category\">DINCast<\/a>","rttpg_excerpt":"Reforma Tribut\u00e1ria: Receita Federal divulga tabela de cr\u00e9ditos presumidos de IBS e CBS A Receita Federal publicou, no dia 23 de junho de 2025, a tabela oficial de cr\u00e9ditos presumidos do IBS (Imposto sobre Bens e Servi\u00e7os) e da CBS (Contribui\u00e7\u00e3o sobre Bens e Servi\u00e7os), como parte das medidas de transi\u00e7\u00e3o da Reforma Tribut\u00e1ria. A&hellip;","_links":{"self":[{"href":"https:\/\/www.ayadvogados.com.br\/index.php?rest_route=\/wp\/v2\/posts\/3827","targetHints":{"allow":["GET"]}}],"collection":[{"href":"https:\/\/www.ayadvogados.com.br\/index.php?rest_route=\/wp\/v2\/posts"}],"about":[{"href":"https:\/\/www.ayadvogados.com.br\/index.php?rest_route=\/wp\/v2\/types\/post"}],"author":[{"embeddable":true,"href":"https:\/\/www.ayadvogados.com.br\/index.php?rest_route=\/wp\/v2\/users\/2"}],"replies":[{"embeddable":true,"href":"https:\/\/www.ayadvogados.com.br\/index.php?rest_route=%2Fwp%2Fv2%2Fcomments&post=3827"}],"version-history":[{"count":2,"href":"https:\/\/www.ayadvogados.com.br\/index.php?rest_route=\/wp\/v2\/posts\/3827\/revisions"}],"predecessor-version":[{"id":3830,"href":"https:\/\/www.ayadvogados.com.br\/index.php?rest_route=\/wp\/v2\/posts\/3827\/revisions\/3830"}],"wp:featuredmedia":[{"embeddable":true,"href":"https:\/\/www.ayadvogados.com.br\/index.php?rest_route=\/wp\/v2\/media\/3829"}],"wp:attachment":[{"href":"https:\/\/www.ayadvogados.com.br\/index.php?rest_route=%2Fwp%2Fv2%2Fmedia&parent=3827"}],"wp:term":[{"taxonomy":"category","embeddable":true,"href":"https:\/\/www.ayadvogados.com.br\/index.php?rest_route=%2Fwp%2Fv2%2Fcategories&post=3827"},{"taxonomy":"post_tag","embeddable":true,"href":"https:\/\/www.ayadvogados.com.br\/index.php?rest_route=%2Fwp%2Fv2%2Ftags&post=3827"}],"curies":[{"name":"wp","href":"https:\/\/api.w.org\/{rel}","templated":true}]}}