{"id":3817,"date":"2025-07-14T09:17:32","date_gmt":"2025-07-14T12:17:32","guid":{"rendered":"https:\/\/www.ayadvogados.com.br\/?p=3817"},"modified":"2025-07-14T12:15:36","modified_gmt":"2025-07-14T15:15:36","slug":"decisao-do-stf-sobre-vale-refeicao-e-transporte-como-isso-pode-impactar-o-caixa-da-sua-empresa","status":"publish","type":"post","link":"https:\/\/www.ayadvogados.com.br\/?p=3817","title":{"rendered":"Decis\u00e3o do STF sobre Vale-Refei\u00e7\u00e3o e Transporte: Como Isso Pode Impactar o Caixa da Sua Empresa"},"content":{"rendered":"\n<p><strong><u>Decis\u00e3o do STF sobre Vale-Refei\u00e7\u00e3o e Transporte: Como Isso Pode Impactar o Caixa da Sua Empresa<\/u><\/strong><\/p>\n\n\n\n<p><strong>O Que Est\u00e1 em Jogo na Nova Decis\u00e3o do STF?<\/strong><\/p>\n\n\n\n<p>No epis\u00f3dio de hoje, vamos falar sobre um tema que est\u00e1 movimentando os tribunais e pode impactar diretamente empresas, trabalhadores e toda a economia: a cobran\u00e7a de contribui\u00e7\u00e3o previdenci\u00e1ria sobre o vale-refei\u00e7\u00e3o e vale-transporte.<\/p>\n\n\n\n<p>Esse assunto voltou \u00e0 tona porque, recentemente, a 2\u00aa Turma do Supremo Tribunal Federal, por decis\u00e3o un\u00e2nime, decidiu reavaliar um tema que antes era tratado como infraconstitucional, ou seja, fora da jurisdi\u00e7\u00e3o do STF. Vamos entender o que mudou, quais os poss\u00edveis impactos e o porqu\u00ea dessa discuss\u00e3o ser t\u00e3o relevante.<\/p>\n\n\n\n<p><strong>Qual o contexto inicial dessa discuss\u00e3o?<\/strong><\/p>\n\n\n\n<p>Primeiro, um breve contexto hist\u00f3rico:<\/p>\n\n\n\n<p>Em 2020, o Supremo j\u00e1 havia determinado que a quest\u00e3o sobre a tributa\u00e7\u00e3o de benef\u00edcios como vale-refei\u00e7\u00e3o e vale-transporte era infraconstitucional. Isso significa que a decis\u00e3o caberia ao Superior Tribunal de Justi\u00e7a (STJ), que, em diversas ocasi\u00f5es, se posicionou ANTES favoravelmente \u00e0 tributa\u00e7\u00e3o desses valores.<\/p>\n\n\n\n<p>Desde ent\u00e3o, as empresas passaram a arcar com os encargos mais pesados, o que gerou muito debate entre tributaristas e empres\u00e1rios. No entanto, neste ano, uma decis\u00e3o do STF abriu espa\u00e7o para reavaliar o tema a partir de uma perspectiva constitucional, focando na interpreta\u00e7\u00e3o do conceito de &#8220;rendimentos do trabalho&#8221; \u2014 previsto no artigo 195 da Constitui\u00e7\u00e3o Federal.<\/p>\n\n\n\n<p>Nesses benef\u00edcios pagos ao trabalhador, parte do custo cabe ao trabalhador e outra parcela \u00e9 bancada pelo empregador. A parte que \u00e9 descontada do sal\u00e1rio do trabalhador integra o sal\u00e1rio de contribui\u00e7\u00e3o, que \u00e9 a base de c\u00e1lculo da contribui\u00e7\u00e3o previdenci\u00e1ria paga pela empresa, sob al\u00edquota de 20%. Sobre a parcela que a pr\u00f3pria empresa custeia do benef\u00edcio, por outro lado, n\u00e3o incide contribui\u00e7\u00e3o previdenci\u00e1ria, segundo o pr\u00f3prio STF (RE 487410).<\/p>\n\n\n\n<p>No ano de 2022, chegou ao STF o processo de uma empresa de engenharia questionando decis\u00e3o do Tribunal Regional Federal da 4\u00aa Regi\u00e3o (TRF-4) favor\u00e1vel \u00e0 tributa\u00e7\u00e3o. Na \u00e9poca, acompanhando o relator, Luiz Fux, os ministros entenderam que a quest\u00e3o \u00e9 infraconstitucional (ARE 1370843).<\/p>\n\n\n\n<p>No ano passado, o STJ firmou entendimento no sentido de que as parcelas de vale-transporte, vale-refei\u00e7\u00e3o e alimenta\u00e7\u00e3o, e plano de assist\u00eancia \u00e0 sa\u00fade est\u00e3o sujeitas \u00e0 contribui\u00e7\u00e3o previdenci\u00e1ria (Tema 1.174).<\/p>\n\n\n\n<p>A decis\u00e3o do STF, no entanto, de n\u00e3o analisar a quest\u00e3o, foi revertida, por unanimidade, na 2\u00aa Turma da Corte, pouco antes do recesso do Judici\u00e1rio. O ministro Andr\u00e9 Mendon\u00e7a, novo relator do processo, tinha entendido que n\u00e3o era o caso de analisar a a\u00e7\u00e3o, por se tratar de quest\u00e3o infraconstitucional.<\/p>\n\n\n\n<p>Dias Toffoli, por\u00e9m, concordou com o contribuinte que a discuss\u00e3o gira em torno do conceito constitucional de \u201crendimentos do trabalho\u201d, inclu\u00eddo no artigo 195, inciso I, al\u00ednea \u201ca\u201d da Constitui\u00e7\u00e3o pela Emenda Constitucional n\u00ba 20, de 1998. Ele disp\u00f5e que incide contribui\u00e7\u00e3o destinada ao custeio da previd\u00eancia \u201csobre a folha de sal\u00e1rios e demais rendimentos do trabalho\u201d. Mendon\u00e7a mudou o pr\u00f3prio voto e os demais ministros da 2\u00aa Turma o acompanharam (ARE 1260750).<\/p>\n\n\n\n<p>Toffoli ainda n\u00e3o se manifestou sobre o m\u00e9rito, que \u00e9 o pedido do contribuinte para afastar a incid\u00eancia da contribui\u00e7\u00e3o previdenci\u00e1ria. Mas ele entendeu que a Corte deve analisar o alcance da express\u00e3o \u201crendimentos do trabalho\u201d &#8211; apesar de j\u00e1 ter julgado a abrang\u00eancia da folha de sal\u00e1rios no ano de 2017 (RE 565160).<\/p>\n\n\n\n<p>\u201cCabe investigar se \u00e9 relevante, considerando-se os direitos sociais fundamentais ao transporte e \u00e0 alimenta\u00e7\u00e3o do trabalhador, a distin\u00e7\u00e3o entre presta\u00e7\u00f5es dadas pelo empregador para o trabalho e aquelas dadas pelo trabalho e, nessa seara, se comp\u00f5em os rendimentos do trabalhador os valores atinentes a tais despesas necess\u00e1rias para o trabalho\u201d, afirma o ministro em seu voto. Ainda n\u00e3o h\u00e1 data marcada para o julgamento.<\/p>\n\n\n\n<p>Isso muda toda a l\u00f3gica do debate, j\u00e1 que agora o foco passa a ser analisar se os valores descontados para esses benef\u00edcios fazem parte ou n\u00e3o da remunera\u00e7\u00e3o do trabalhador.<\/p>\n\n\n\n<p><strong>Por que \u00e9 importante discutir o conceito de \u201crendimentos do trabalho\u201d?<\/strong><\/p>\n\n\n\n<p>\u00c9 essencial considerar que rendimentos do trabalho est\u00e3o vinculados ao pagamento pelo servi\u00e7o prestado. Diferenciar isso de valores como vale-refei\u00e7\u00e3o e vale-transporte, que oferecem suporte ao trabalhador, \u00e9 o principal desafio do STF nesse julgamento.<\/p>\n\n\n\n<p>Esse conceito \u00e9 o centro da quest\u00e3o. Em s\u00edntese, o que est\u00e1 sendo discutido \u00e9 isso:<\/p>\n\n\n\n<ul class=\"wp-block-list\">\n<li>Vale-refei\u00e7\u00e3o e vale-transporte, quando descontados do sal\u00e1rio do empregado, devem ou n\u00e3o ser considerados para c\u00e1lculo de contribui\u00e7\u00f5es previdenci\u00e1rias?<\/li>\n\n\n\n<li>As parcelas t\u00eam car\u00e1ter indenizat\u00f3rio ou remunerat\u00f3rio? Se forem indenizat\u00f3rias, n\u00e3o devem ser tributadas. Se forem remunerat\u00f3rias, devem.<\/li>\n<\/ul>\n\n\n\n<p>Al\u00e9m disso, existe o pano de fundo dos direitos fundamentais do trabalhador, que incluem condi\u00e7\u00f5es dignas de transporte e alimenta\u00e7\u00e3o. \u00c9 uma equa\u00e7\u00e3o complexa que o STF precisar\u00e1 resolver.<\/p>\n\n\n\n<p><strong>O impacto para as empresas e a economia<\/strong><\/p>\n\n\n\n<p>E por que essa decis\u00e3o \u00e9 t\u00e3o crucial para as empresas?<\/p>\n\n\n\n<p>O impacto financeiro \u00e9 significativo, especialmente no setor industrial. Isso porque:<\/p>\n\n\n\n<ul class=\"wp-block-list\">\n<li>As contribui\u00e7\u00f5es previdenci\u00e1rias recaem sobre a folha de pagamento, que j\u00e1 \u00e9 alta por si s\u00f3.<\/li>\n\n\n\n<li>Uma eventual decis\u00e3o favor\u00e1vel ao contribuinte poder\u00e1 resultar na recupera\u00e7\u00e3o de valores pagos indevidamente nos \u00faltimos anos, algo que as empresas aguardam com ansiedade.<\/li>\n<\/ul>\n\n\n\n<p>Por outro lado, a decis\u00e3o tamb\u00e9m afeta o or\u00e7amento p\u00fablico. A trava no recolhimento dessas contribui\u00e7\u00f5es pode significar menos recursos para a Previd\u00eancia Social.<\/p>\n\n\n\n<p><strong>O que esperam os especialistas?<\/strong><\/p>\n\n\n\n<p>Os valores destinados a benef\u00edcios como alimenta\u00e7\u00e3o e transporte n\u00e3o podem ser vistos como sal\u00e1rio. Segundo ela, esses valores visam proporcionar condi\u00e7\u00f5es m\u00ednimas de trabalho e subsist\u00eancia.<\/p>\n\n\n\n<p>A decis\u00e3o do STF representa uma oportunidade para reafirmar que remunera\u00e7\u00e3o \u00e9 aquilo que se paga pelo trabalho realizado, e n\u00e3o o que se proporciona para viabilizar o trabalho. N\u00e3o podemos tratar benef\u00edcios como parte da remunera\u00e7\u00e3o, ignorando a dignidade do trabalhador.<\/p>\n\n\n\n<p>Al\u00e9m disso, os especialistas apontam para uma quest\u00e3o central:<\/p>\n\n\n\n<ul class=\"wp-block-list\">\n<li>N\u00e3o se pode alterar a natureza jur\u00eddica de uma verba em raz\u00e3o de sua mec\u00e2nica de pagamento. O simples fato de o vale-transporte ou o vale-refei\u00e7\u00e3o incluir desconto no contracheque n\u00e3o os transforma automaticamente em pagamento pelo servi\u00e7o prestado.<\/li>\n<\/ul>\n\n\n\n<p><strong>Quais os pr\u00f3ximos passos?<\/strong><\/p>\n\n\n\n<p>Por enquanto, o julgamento ainda est\u00e1 em fase inicial. At\u00e9 agora, o relator Andr\u00e9 Mendon\u00e7a e os demais ministros da 2\u00aa Turma do STF concordaram em reexaminar o caso, que agora ser\u00e1 analisado sob uma vis\u00e3o mais ampla.<\/p>\n\n\n\n<p>O ponto mais aguardado ser\u00e1 a an\u00e1lise do conceito constitucional de &#8220;rendimentos do trabalho&#8221;, algo que promete trazer clareza e uniformidade \u00e0 quest\u00e3o.<\/p>\n\n\n\n<p>No entanto, vale lembrar que h\u00e1 outros processos tramitando no STF que tamb\u00e9m discutem temas tribut\u00e1rios relacionados, o que indica que essa decis\u00e3o poder\u00e1 abrir precedentes amplos e causar mudan\u00e7as significativas em como benef\u00edcios trabalhistas s\u00e3o tributados no Brasil.<\/p>\n\n\n\n<p>Por fim, \u00e9 fundamental que os empres\u00e1rios fiquem atentos aos desdobramentos dessa decis\u00e3o no STF, j\u00e1 que ela pode impactar diretamente os custos operacionais da sua empresa. A reinterpreta\u00e7\u00e3o sobre a tributa\u00e7\u00e3o de benef\u00edcios como vale-refei\u00e7\u00e3o e vale-transporte pode n\u00e3o apenas aliviar a carga tribut\u00e1ria atual, mas tamb\u00e9m possibilitar a recupera\u00e7\u00e3o de valores recolhidos indevidamente no passado. Esse \u00e9 o momento de acompanhar de perto e se preparar para poss\u00edveis mudan\u00e7as que podem influenciar diretamente o planejamento financeiro e tribut\u00e1rio do seu neg\u00f3cio.<\/p>\n\n\n\n<p>E este foi o epis\u00f3dio de hoje eu espero ter descomplicado essa quest\u00e3o t\u00e3o s\u00e9ria e importante. Continue nos acompanhando para entender as decis\u00f5es jur\u00eddicas que impactam o dia a dia das empresas, dos trabalhadores e de toda a sociedade.<\/p>\n\n\n\n<p>At\u00e9 a pr\u00f3xima!<\/p>\n\n\n\n<figure class=\"wp-block-embed is-type-rich is-provider-incorporar-manipulador wp-block-embed-incorporar-manipulador wp-embed-aspect-16-9 wp-has-aspect-ratio\"><div class=\"wp-block-embed__wrapper\">\n<iframe title=\"Decis\u00e3o do STF sobre Vale-Refei\u00e7\u00e3o e Transporte: Como Isso Pode Impactar o Caixa da Sua Empresa\" width=\"1290\" height=\"726\" src=\"https:\/\/www.youtube.com\/embed\/dQLFjJMAtNo?feature=oembed\" frameborder=\"0\" allow=\"accelerometer; autoplay; clipboard-write; encrypted-media; gyroscope; picture-in-picture; web-share\" referrerpolicy=\"strict-origin-when-cross-origin\" allowfullscreen><\/iframe>\n<\/div><\/figure>\n","protected":false},"excerpt":{"rendered":"<p>Decis\u00e3o do STF sobre Vale-Refei\u00e7\u00e3o e Transporte: Como Isso Pode Impactar o Caixa da Sua Empresa O Que Est\u00e1 em Jogo na Nova Decis\u00e3o do STF? No epis\u00f3dio de hoje, vamos falar sobre um tema que est\u00e1 movimentando os tribunais e pode impactar diretamente empresas, trabalhadores e toda a economia: a cobran\u00e7a de contribui\u00e7\u00e3o previdenci\u00e1ria [&hellip;]<\/p>\n","protected":false},"author":2,"featured_media":3820,"comment_status":"open","ping_status":"open","sticky":false,"template":"","format":"standard","meta":{"footnotes":""},"categories":[5],"tags":[9,10,123,124,45,96],"class_list":["post-3817","post","type-post","status-publish","format-standard","has-post-thumbnail","hentry","category-dincast","tag-amaral-yazbek","tag-dincast","tag-dividas","tag-nova-forma-de-regularizar","tag-receita-federal","tag-reforma-tributaria"],"blocksy_meta":{"styles_descriptor":{"styles":{"desktop":"","tablet":"","mobile":""},"google_fonts":[],"version":6}},"yoast_head":"<!-- This site is optimized with the Yoast SEO plugin v27.5 - https:\/\/yoast.com\/product\/yoast-seo-wordpress\/ -->\n<title>Decis\u00e3o do STF sobre Vale-Refei\u00e7\u00e3o e Transporte: Como Isso Pode Impactar o Caixa da Sua Empresa<\/title>\n<meta name=\"description\" content=\"Decis\u00e3o do STF sobre Vale-Refei\u00e7\u00e3o e Transporte: Como Isso Pode Impactar o Caixa da Sua Empresa\" \/>\n<meta name=\"robots\" content=\"index, follow, max-snippet:-1, max-image-preview:large, max-video-preview:-1\" \/>\n<link rel=\"canonical\" href=\"https:\/\/www.ayadvogados.com.br\/?p=3817\" \/>\n<meta property=\"og:locale\" content=\"pt_BR\" \/>\n<meta property=\"og:type\" content=\"article\" \/>\n<meta property=\"og:title\" content=\"Decis\u00e3o do STF sobre Vale-Refei\u00e7\u00e3o e Transporte: Como Isso Pode Impactar o Caixa da Sua Empresa\" \/>\n<meta property=\"og:description\" content=\"Decis\u00e3o do STF sobre Vale-Refei\u00e7\u00e3o e Transporte: Como Isso Pode Impactar o Caixa da Sua Empresa\" \/>\n<meta property=\"og:url\" content=\"https:\/\/www.ayadvogados.com.br\/?p=3817\" \/>\n<meta property=\"og:site_name\" content=\"Amaral, Yazbek Advogados\" \/>\n<meta property=\"article:publisher\" content=\"https:\/\/www.facebook.com\/AYadvogados\" \/>\n<meta property=\"article:published_time\" content=\"2025-07-14T12:17:32+00:00\" \/>\n<meta property=\"article:modified_time\" content=\"2025-07-14T15:15:36+00:00\" \/>\n<meta property=\"og:image\" content=\"https:\/\/www.ayadvogados.com.br\/wp-content\/uploads\/2025\/07\/Base-AY-Video-9.png\" \/>\n\t<meta property=\"og:image:width\" content=\"1920\" \/>\n\t<meta property=\"og:image:height\" content=\"1080\" \/>\n\t<meta property=\"og:image:type\" content=\"image\/png\" \/>\n<meta name=\"author\" content=\"AY Advogados\" \/>\n<meta name=\"twitter:card\" content=\"summary_large_image\" \/>\n<meta name=\"twitter:label1\" content=\"Escrito por\" \/>\n\t<meta name=\"twitter:data1\" content=\"AY Advogados\" \/>\n\t<meta name=\"twitter:label2\" content=\"Est. tempo de leitura\" \/>\n\t<meta name=\"twitter:data2\" content=\"7 minutos\" \/>\n<script type=\"application\/ld+json\" class=\"yoast-schema-graph\">{\"@context\":\"https:\\\/\\\/schema.org\",\"@graph\":[{\"@type\":\"Article\",\"@id\":\"https:\\\/\\\/www.ayadvogados.com.br\\\/?p=3817#article\",\"isPartOf\":{\"@id\":\"https:\\\/\\\/www.ayadvogados.com.br\\\/?p=3817\"},\"author\":{\"name\":\"AY Advogados\",\"@id\":\"https:\\\/\\\/34.239.117.254\\\/#\\\/schema\\\/person\\\/4abfbf03ad3e577e691d333af064a912\"},\"headline\":\"Decis\u00e3o do STF sobre Vale-Refei\u00e7\u00e3o e Transporte: Como Isso Pode Impactar o Caixa da Sua Empresa\",\"datePublished\":\"2025-07-14T12:17:32+00:00\",\"dateModified\":\"2025-07-14T15:15:36+00:00\",\"mainEntityOfPage\":{\"@id\":\"https:\\\/\\\/www.ayadvogados.com.br\\\/?p=3817\"},\"wordCount\":1381,\"commentCount\":0,\"publisher\":{\"@id\":\"https:\\\/\\\/34.239.117.254\\\/#organization\"},\"image\":{\"@id\":\"https:\\\/\\\/www.ayadvogados.com.br\\\/?p=3817#primaryimage\"},\"thumbnailUrl\":\"https:\\\/\\\/www.ayadvogados.com.br\\\/wp-content\\\/uploads\\\/2025\\\/07\\\/Base-AY-Video-9.png\",\"keywords\":[\"amaral yazbek\",\"dincast\",\"dividas\",\"nova forma de regularizar\",\"receita federal\",\"Reforma Tribut\u00e1ria\"],\"articleSection\":[\"DINCast\"],\"inLanguage\":\"pt-BR\",\"potentialAction\":[{\"@type\":\"CommentAction\",\"name\":\"Comment\",\"target\":[\"https:\\\/\\\/www.ayadvogados.com.br\\\/?p=3817#respond\"]}]},{\"@type\":\"WebPage\",\"@id\":\"https:\\\/\\\/www.ayadvogados.com.br\\\/?p=3817\",\"url\":\"https:\\\/\\\/www.ayadvogados.com.br\\\/?p=3817\",\"name\":\"Decis\u00e3o do STF sobre Vale-Refei\u00e7\u00e3o e Transporte: Como Isso Pode Impactar o Caixa da Sua Empresa\",\"isPartOf\":{\"@id\":\"https:\\\/\\\/34.239.117.254\\\/#website\"},\"primaryImageOfPage\":{\"@id\":\"https:\\\/\\\/www.ayadvogados.com.br\\\/?p=3817#primaryimage\"},\"image\":{\"@id\":\"https:\\\/\\\/www.ayadvogados.com.br\\\/?p=3817#primaryimage\"},\"thumbnailUrl\":\"https:\\\/\\\/www.ayadvogados.com.br\\\/wp-content\\\/uploads\\\/2025\\\/07\\\/Base-AY-Video-9.png\",\"datePublished\":\"2025-07-14T12:17:32+00:00\",\"dateModified\":\"2025-07-14T15:15:36+00:00\",\"description\":\"Decis\u00e3o do STF sobre Vale-Refei\u00e7\u00e3o e Transporte: Como Isso Pode Impactar o Caixa da Sua Empresa\",\"breadcrumb\":{\"@id\":\"https:\\\/\\\/www.ayadvogados.com.br\\\/?p=3817#breadcrumb\"},\"inLanguage\":\"pt-BR\",\"potentialAction\":[{\"@type\":\"ReadAction\",\"target\":[\"https:\\\/\\\/www.ayadvogados.com.br\\\/?p=3817\"]}]},{\"@type\":\"ImageObject\",\"inLanguage\":\"pt-BR\",\"@id\":\"https:\\\/\\\/www.ayadvogados.com.br\\\/?p=3817#primaryimage\",\"url\":\"https:\\\/\\\/www.ayadvogados.com.br\\\/wp-content\\\/uploads\\\/2025\\\/07\\\/Base-AY-Video-9.png\",\"contentUrl\":\"https:\\\/\\\/www.ayadvogados.com.br\\\/wp-content\\\/uploads\\\/2025\\\/07\\\/Base-AY-Video-9.png\",\"width\":1920,\"height\":1080,\"caption\":\"Decis\u00e3o do STF sobre Vale-Refei\u00e7\u00e3o e Transporte: Como Isso Pode Impactar o Caixa da Sua Empresa\"},{\"@type\":\"BreadcrumbList\",\"@id\":\"https:\\\/\\\/www.ayadvogados.com.br\\\/?p=3817#breadcrumb\",\"itemListElement\":[{\"@type\":\"ListItem\",\"position\":1,\"name\":\"In\u00edcio\",\"item\":\"https:\\\/\\\/34.239.117.254\\\/\"},{\"@type\":\"ListItem\",\"position\":2,\"name\":\"Decis\u00e3o do STF sobre Vale-Refei\u00e7\u00e3o e Transporte: Como Isso Pode Impactar o Caixa da Sua Empresa\"}]},{\"@type\":\"WebSite\",\"@id\":\"https:\\\/\\\/34.239.117.254\\\/#website\",\"url\":\"https:\\\/\\\/34.239.117.254\\\/\",\"name\":\"Amaral, Yazbek Advogados\",\"description\":\"Curitiba \u2022 Bras\u00edlia \u2022 S\u00e3o Paulo\",\"publisher\":{\"@id\":\"https:\\\/\\\/34.239.117.254\\\/#organization\"},\"potentialAction\":[{\"@type\":\"SearchAction\",\"target\":{\"@type\":\"EntryPoint\",\"urlTemplate\":\"https:\\\/\\\/34.239.117.254\\\/?s={search_term_string}\"},\"query-input\":{\"@type\":\"PropertyValueSpecification\",\"valueRequired\":true,\"valueName\":\"search_term_string\"}}],\"inLanguage\":\"pt-BR\"},{\"@type\":\"Organization\",\"@id\":\"https:\\\/\\\/34.239.117.254\\\/#organization\",\"name\":\"Amaral, Yazbek Advogados\",\"url\":\"https:\\\/\\\/34.239.117.254\\\/\",\"logo\":{\"@type\":\"ImageObject\",\"inLanguage\":\"pt-BR\",\"@id\":\"https:\\\/\\\/34.239.117.254\\\/#\\\/schema\\\/logo\\\/image\\\/\",\"url\":\"http:\\\/\\\/34.239.117.254\\\/wp-content\\\/uploads\\\/2021\\\/03\\\/logo-ay-g.png\",\"contentUrl\":\"http:\\\/\\\/34.239.117.254\\\/wp-content\\\/uploads\\\/2021\\\/03\\\/logo-ay-g.png\",\"width\":434,\"height\":106,\"caption\":\"Amaral, Yazbek Advogados\"},\"image\":{\"@id\":\"https:\\\/\\\/34.239.117.254\\\/#\\\/schema\\\/logo\\\/image\\\/\"},\"sameAs\":[\"https:\\\/\\\/www.facebook.com\\\/AYadvogados\",\"https:\\\/\\\/www.instagram.com\\\/ayadvogados\\\/\"]},{\"@type\":\"Person\",\"@id\":\"https:\\\/\\\/34.239.117.254\\\/#\\\/schema\\\/person\\\/4abfbf03ad3e577e691d333af064a912\",\"name\":\"AY Advogados\",\"image\":{\"@type\":\"ImageObject\",\"inLanguage\":\"pt-BR\",\"@id\":\"https:\\\/\\\/secure.gravatar.com\\\/avatar\\\/1473912b851241f5503026e6156e144dcd83ff7addb67f65e1ed9ca21ee1d9cf?s=96&d=mm&r=g\",\"url\":\"https:\\\/\\\/secure.gravatar.com\\\/avatar\\\/1473912b851241f5503026e6156e144dcd83ff7addb67f65e1ed9ca21ee1d9cf?s=96&d=mm&r=g\",\"contentUrl\":\"https:\\\/\\\/secure.gravatar.com\\\/avatar\\\/1473912b851241f5503026e6156e144dcd83ff7addb67f65e1ed9ca21ee1d9cf?s=96&d=mm&r=g\",\"caption\":\"AY Advogados\"},\"sameAs\":[\"https:\\\/\\\/ayadvogados.com.br\"],\"url\":\"https:\\\/\\\/www.ayadvogados.com.br\\\/?author=2\"}]}<\/script>\n<!-- \/ Yoast SEO plugin. -->","yoast_head_json":{"title":"Decis\u00e3o do STF sobre Vale-Refei\u00e7\u00e3o e Transporte: Como Isso Pode Impactar o Caixa da Sua Empresa","description":"Decis\u00e3o do STF sobre Vale-Refei\u00e7\u00e3o e Transporte: Como Isso Pode Impactar o Caixa da Sua Empresa","robots":{"index":"index","follow":"follow","max-snippet":"max-snippet:-1","max-image-preview":"max-image-preview:large","max-video-preview":"max-video-preview:-1"},"canonical":"https:\/\/www.ayadvogados.com.br\/?p=3817","og_locale":"pt_BR","og_type":"article","og_title":"Decis\u00e3o do STF sobre Vale-Refei\u00e7\u00e3o e Transporte: Como Isso Pode Impactar o Caixa da Sua Empresa","og_description":"Decis\u00e3o do STF sobre Vale-Refei\u00e7\u00e3o e Transporte: Como Isso Pode Impactar o Caixa da Sua Empresa","og_url":"https:\/\/www.ayadvogados.com.br\/?p=3817","og_site_name":"Amaral, Yazbek Advogados","article_publisher":"https:\/\/www.facebook.com\/AYadvogados","article_published_time":"2025-07-14T12:17:32+00:00","article_modified_time":"2025-07-14T15:15:36+00:00","og_image":[{"width":1920,"height":1080,"url":"https:\/\/www.ayadvogados.com.br\/wp-content\/uploads\/2025\/07\/Base-AY-Video-9.png","type":"image\/png"}],"author":"AY Advogados","twitter_card":"summary_large_image","twitter_misc":{"Escrito por":"AY Advogados","Est. tempo de leitura":"7 minutos"},"schema":{"@context":"https:\/\/schema.org","@graph":[{"@type":"Article","@id":"https:\/\/www.ayadvogados.com.br\/?p=3817#article","isPartOf":{"@id":"https:\/\/www.ayadvogados.com.br\/?p=3817"},"author":{"name":"AY Advogados","@id":"https:\/\/34.239.117.254\/#\/schema\/person\/4abfbf03ad3e577e691d333af064a912"},"headline":"Decis\u00e3o do STF sobre Vale-Refei\u00e7\u00e3o e Transporte: Como Isso Pode Impactar o Caixa da Sua Empresa","datePublished":"2025-07-14T12:17:32+00:00","dateModified":"2025-07-14T15:15:36+00:00","mainEntityOfPage":{"@id":"https:\/\/www.ayadvogados.com.br\/?p=3817"},"wordCount":1381,"commentCount":0,"publisher":{"@id":"https:\/\/34.239.117.254\/#organization"},"image":{"@id":"https:\/\/www.ayadvogados.com.br\/?p=3817#primaryimage"},"thumbnailUrl":"https:\/\/www.ayadvogados.com.br\/wp-content\/uploads\/2025\/07\/Base-AY-Video-9.png","keywords":["amaral yazbek","dincast","dividas","nova forma de regularizar","receita federal","Reforma Tribut\u00e1ria"],"articleSection":["DINCast"],"inLanguage":"pt-BR","potentialAction":[{"@type":"CommentAction","name":"Comment","target":["https:\/\/www.ayadvogados.com.br\/?p=3817#respond"]}]},{"@type":"WebPage","@id":"https:\/\/www.ayadvogados.com.br\/?p=3817","url":"https:\/\/www.ayadvogados.com.br\/?p=3817","name":"Decis\u00e3o do STF sobre Vale-Refei\u00e7\u00e3o e Transporte: Como Isso Pode Impactar o Caixa da Sua Empresa","isPartOf":{"@id":"https:\/\/34.239.117.254\/#website"},"primaryImageOfPage":{"@id":"https:\/\/www.ayadvogados.com.br\/?p=3817#primaryimage"},"image":{"@id":"https:\/\/www.ayadvogados.com.br\/?p=3817#primaryimage"},"thumbnailUrl":"https:\/\/www.ayadvogados.com.br\/wp-content\/uploads\/2025\/07\/Base-AY-Video-9.png","datePublished":"2025-07-14T12:17:32+00:00","dateModified":"2025-07-14T15:15:36+00:00","description":"Decis\u00e3o do STF sobre Vale-Refei\u00e7\u00e3o e Transporte: Como Isso Pode Impactar o Caixa da Sua Empresa","breadcrumb":{"@id":"https:\/\/www.ayadvogados.com.br\/?p=3817#breadcrumb"},"inLanguage":"pt-BR","potentialAction":[{"@type":"ReadAction","target":["https:\/\/www.ayadvogados.com.br\/?p=3817"]}]},{"@type":"ImageObject","inLanguage":"pt-BR","@id":"https:\/\/www.ayadvogados.com.br\/?p=3817#primaryimage","url":"https:\/\/www.ayadvogados.com.br\/wp-content\/uploads\/2025\/07\/Base-AY-Video-9.png","contentUrl":"https:\/\/www.ayadvogados.com.br\/wp-content\/uploads\/2025\/07\/Base-AY-Video-9.png","width":1920,"height":1080,"caption":"Decis\u00e3o do STF sobre Vale-Refei\u00e7\u00e3o e Transporte: Como Isso Pode Impactar o Caixa da Sua Empresa"},{"@type":"BreadcrumbList","@id":"https:\/\/www.ayadvogados.com.br\/?p=3817#breadcrumb","itemListElement":[{"@type":"ListItem","position":1,"name":"In\u00edcio","item":"https:\/\/34.239.117.254\/"},{"@type":"ListItem","position":2,"name":"Decis\u00e3o do STF sobre Vale-Refei\u00e7\u00e3o e Transporte: Como Isso Pode Impactar o Caixa da Sua Empresa"}]},{"@type":"WebSite","@id":"https:\/\/34.239.117.254\/#website","url":"https:\/\/34.239.117.254\/","name":"Amaral, Yazbek Advogados","description":"Curitiba \u2022 Bras\u00edlia \u2022 S\u00e3o Paulo","publisher":{"@id":"https:\/\/34.239.117.254\/#organization"},"potentialAction":[{"@type":"SearchAction","target":{"@type":"EntryPoint","urlTemplate":"https:\/\/34.239.117.254\/?s={search_term_string}"},"query-input":{"@type":"PropertyValueSpecification","valueRequired":true,"valueName":"search_term_string"}}],"inLanguage":"pt-BR"},{"@type":"Organization","@id":"https:\/\/34.239.117.254\/#organization","name":"Amaral, Yazbek Advogados","url":"https:\/\/34.239.117.254\/","logo":{"@type":"ImageObject","inLanguage":"pt-BR","@id":"https:\/\/34.239.117.254\/#\/schema\/logo\/image\/","url":"http:\/\/34.239.117.254\/wp-content\/uploads\/2021\/03\/logo-ay-g.png","contentUrl":"http:\/\/34.239.117.254\/wp-content\/uploads\/2021\/03\/logo-ay-g.png","width":434,"height":106,"caption":"Amaral, Yazbek Advogados"},"image":{"@id":"https:\/\/34.239.117.254\/#\/schema\/logo\/image\/"},"sameAs":["https:\/\/www.facebook.com\/AYadvogados","https:\/\/www.instagram.com\/ayadvogados\/"]},{"@type":"Person","@id":"https:\/\/34.239.117.254\/#\/schema\/person\/4abfbf03ad3e577e691d333af064a912","name":"AY Advogados","image":{"@type":"ImageObject","inLanguage":"pt-BR","@id":"https:\/\/secure.gravatar.com\/avatar\/1473912b851241f5503026e6156e144dcd83ff7addb67f65e1ed9ca21ee1d9cf?s=96&d=mm&r=g","url":"https:\/\/secure.gravatar.com\/avatar\/1473912b851241f5503026e6156e144dcd83ff7addb67f65e1ed9ca21ee1d9cf?s=96&d=mm&r=g","contentUrl":"https:\/\/secure.gravatar.com\/avatar\/1473912b851241f5503026e6156e144dcd83ff7addb67f65e1ed9ca21ee1d9cf?s=96&d=mm&r=g","caption":"AY Advogados"},"sameAs":["https:\/\/ayadvogados.com.br"],"url":"https:\/\/www.ayadvogados.com.br\/?author=2"}]}},"rttpg_featured_image_url":{"full":["https:\/\/www.ayadvogados.com.br\/wp-content\/uploads\/2025\/07\/Base-AY-Video-9.png",1920,1080,false],"landscape":["https:\/\/www.ayadvogados.com.br\/wp-content\/uploads\/2025\/07\/Base-AY-Video-9.png",1920,1080,false],"portraits":["https:\/\/www.ayadvogados.com.br\/wp-content\/uploads\/2025\/07\/Base-AY-Video-9.png",1920,1080,false],"thumbnail":["https:\/\/www.ayadvogados.com.br\/wp-content\/uploads\/2025\/07\/Base-AY-Video-9-150x150.png",150,150,true],"medium":["https:\/\/www.ayadvogados.com.br\/wp-content\/uploads\/2025\/07\/Base-AY-Video-9-300x169.png",300,169,true],"large":["https:\/\/www.ayadvogados.com.br\/wp-content\/uploads\/2025\/07\/Base-AY-Video-9-1024x576.png",1024,576,true],"1536x1536":["https:\/\/www.ayadvogados.com.br\/wp-content\/uploads\/2025\/07\/Base-AY-Video-9-1536x864.png",1536,864,true],"2048x2048":["https:\/\/www.ayadvogados.com.br\/wp-content\/uploads\/2025\/07\/Base-AY-Video-9.png",1920,1080,false]},"rttpg_author":{"display_name":"AY Advogados","author_link":"https:\/\/www.ayadvogados.com.br\/?author=2"},"rttpg_comment":0,"rttpg_category":"<a href=\"https:\/\/www.ayadvogados.com.br\/?cat=5\" rel=\"category\">DINCast<\/a>","rttpg_excerpt":"Decis\u00e3o do STF sobre Vale-Refei\u00e7\u00e3o e Transporte: Como Isso Pode Impactar o Caixa da Sua Empresa O Que Est\u00e1 em Jogo na Nova Decis\u00e3o do STF? No epis\u00f3dio de hoje, vamos falar sobre um tema que est\u00e1 movimentando os tribunais e pode impactar diretamente empresas, trabalhadores e toda a economia: a cobran\u00e7a de contribui\u00e7\u00e3o previdenci\u00e1ria&hellip;","_links":{"self":[{"href":"https:\/\/www.ayadvogados.com.br\/index.php?rest_route=\/wp\/v2\/posts\/3817","targetHints":{"allow":["GET"]}}],"collection":[{"href":"https:\/\/www.ayadvogados.com.br\/index.php?rest_route=\/wp\/v2\/posts"}],"about":[{"href":"https:\/\/www.ayadvogados.com.br\/index.php?rest_route=\/wp\/v2\/types\/post"}],"author":[{"embeddable":true,"href":"https:\/\/www.ayadvogados.com.br\/index.php?rest_route=\/wp\/v2\/users\/2"}],"replies":[{"embeddable":true,"href":"https:\/\/www.ayadvogados.com.br\/index.php?rest_route=%2Fwp%2Fv2%2Fcomments&post=3817"}],"version-history":[{"count":2,"href":"https:\/\/www.ayadvogados.com.br\/index.php?rest_route=\/wp\/v2\/posts\/3817\/revisions"}],"predecessor-version":[{"id":3822,"href":"https:\/\/www.ayadvogados.com.br\/index.php?rest_route=\/wp\/v2\/posts\/3817\/revisions\/3822"}],"wp:featuredmedia":[{"embeddable":true,"href":"https:\/\/www.ayadvogados.com.br\/index.php?rest_route=\/wp\/v2\/media\/3820"}],"wp:attachment":[{"href":"https:\/\/www.ayadvogados.com.br\/index.php?rest_route=%2Fwp%2Fv2%2Fmedia&parent=3817"}],"wp:term":[{"taxonomy":"category","embeddable":true,"href":"https:\/\/www.ayadvogados.com.br\/index.php?rest_route=%2Fwp%2Fv2%2Fcategories&post=3817"},{"taxonomy":"post_tag","embeddable":true,"href":"https:\/\/www.ayadvogados.com.br\/index.php?rest_route=%2Fwp%2Fv2%2Ftags&post=3817"}],"curies":[{"name":"wp","href":"https:\/\/api.w.org\/{rel}","templated":true}]}}