{"id":3762,"date":"2025-05-13T11:32:08","date_gmt":"2025-05-13T14:32:08","guid":{"rendered":"https:\/\/www.ayadvogados.com.br\/?p=3762"},"modified":"2025-05-13T11:32:09","modified_gmt":"2025-05-13T14:32:09","slug":"reforma-tributaria-no-brasil-atualizacao-2025","status":"publish","type":"post","link":"https:\/\/www.ayadvogados.com.br\/?p=3762","title":{"rendered":"Reforma Tribut\u00e1ria no Brasil: Atualiza\u00e7\u00e3o 2025"},"content":{"rendered":"\n<p><strong>Reforma Tribut\u00e1ria no Brasil: Atualiza\u00e7\u00e3o 2025<\/strong><\/p>\n\n\n\n<p>A regulamenta\u00e7\u00e3o da reforma tribut\u00e1ria, tema central das discuss\u00f5es no Congresso em 2024, ainda n\u00e3o foi finalizada. Em dezembro do ano passado, o Projeto 68 de 2024 foi aprovado e, posteriormente, sancionado pelo presidente Luiz In\u00e1cio Lula da Silva no in\u00edcio de 2025. No entanto, a aprova\u00e7\u00e3o do Projeto 108 de 2024 no Senado \u00e9 crucial, especialmente porque o per\u00edodo de testes para a cobran\u00e7a dos novos impostos est\u00e1 previsto para come\u00e7ar em 2026.&nbsp;<\/p>\n\n\n\n<p>A primeira fase da regulamenta\u00e7\u00e3o abordou a reforma tribut\u00e1ria sobre o consumo. Agora, a nova regulamenta\u00e7\u00e3o se concentra no Comit\u00ea Gestor de Impostos sobre Bens e Servi\u00e7os, estabelecendo normas para gerenciar e administrar esses novos impostos. Essa gest\u00e3o ser\u00e1 compartilhada entre os estados e munic\u00edpios.&nbsp;<\/p>\n\n\n\n<p>Al\u00e9m disso, a proposta define o processo administrativo para resolver disputas relativas ao IBS, com o objetivo de encerrar a guerra fiscal entre os estados. As principais consequ\u00eancias desse projeto s\u00e3o diversas:<\/p>\n\n\n\n<ol class=\"wp-block-list\">\n<li>Para estados e munic\u00edpios: Haver\u00e1 uma nova estrutura de gest\u00e3o e arrecada\u00e7\u00e3o do IBS, que substituir\u00e1 o ICMS e o ISS.\u00a0<\/li>\n\n\n\n<li>Para os contribuintes: A proposta visa simplificar o processo de pagamento e fiscaliza\u00e7\u00e3o dos impostos, al\u00e9m de criar um sistema mais claro para resolver disputas tribut\u00e1rias.\u00a0<\/li>\n\n\n\n<li>Para as empresas: Especialmente aquelas com saldos credores do ICMS, haver\u00e1 mudan\u00e7as no reembolso e compensa\u00e7\u00e3o desses cr\u00e9ditos, o que pode afetar a gest\u00e3o financeira.\u00a0<\/li>\n\n\n\n<li>Para institui\u00e7\u00f5es sem fins lucrativos: Ser\u00e3o afetadas pelas regras do ITC-MD, com a promessa de maior seguran\u00e7a jur\u00eddica sobre doa\u00e7\u00f5es, evitando cobran\u00e7as indevidas de impostos.\u00a0<\/li>\n\n\n\n<li>Para o governo federal: A proposta exige o financiamento inicial do comit\u00ea gestor, o que pode aumentar os custos no or\u00e7amento.\u00a0<\/li>\n<\/ol>\n\n\n\n<p>A proposta j\u00e1 foi aprovada na C\u00e2mara dos Deputados no ano passado, e a discuss\u00e3o agora se encontra no Senado. O ideal seria que j\u00e1 tivesse sido votada, mas ainda h\u00e1 um atraso. O Congresso precisa aprovar esse novo projeto em 2025 para que a reforma tribut\u00e1ria esteja 100% regulada em 2026.&nbsp;<\/p>\n\n\n\n<p>Obrigado pela sua audi\u00eancia. Continue nos acompanhando para mais conte\u00fados que realmente fazem diferen\u00e7a na gest\u00e3o jur\u00eddica e estrat\u00e9gica da sua empresa! At\u00e9 o pr\u00f3ximo epis\u00f3dio do DINCAST.<\/p>\n\n\n\n<p>Confira o nosso <a href=\"https:\/\/youtu.be\/CFvA-QT694k\">DINCast! <\/a><\/p>\n\n\n\n<figure class=\"wp-block-embed is-type-video is-provider-spotify wp-block-embed-spotify wp-embed-aspect-16-9 wp-has-aspect-ratio\"><div class=\"wp-block-embed__wrapper\">\n<iframe title=\"Spotify Embed: Reforma Tribut\u00e1ria no Brasil: Atualiza\u00e7\u00e3o 2025\" style=\"border-radius: 12px\" width=\"624\" height=\"351\" frameborder=\"0\" allowfullscreen allow=\"autoplay; clipboard-write; encrypted-media; fullscreen; picture-in-picture\" loading=\"lazy\" src=\"https:\/\/open.spotify.com\/embed\/episode\/1CEZPJVC4oycIVISv1JDUt\/video?si=2d7c119a61ba4cfe&#038;utm_source=oembed\"><\/iframe>\n<\/div><\/figure>\n\n\n\n<p><\/p>\n\n\n\n<p>Episodio anterior:<\/p>\n\n\n\n<figure class=\"wp-block-embed is-type-video is-provider-youtube wp-block-embed-youtube wp-embed-aspect-16-9 wp-has-aspect-ratio\"><div class=\"wp-block-embed__wrapper\">\n<iframe title=\"Produ\u00e7\u00e3o de Bens N\u00e3o Tributados e o Cr\u00e9dito de IPI \u2014 Uma Vit\u00f3ria para a Seguran\u00e7a Jur\u00eddica\" width=\"1290\" height=\"726\" src=\"https:\/\/www.youtube.com\/embed\/cZjH1va1hJc?feature=oembed\" frameborder=\"0\" allow=\"accelerometer; autoplay; clipboard-write; encrypted-media; gyroscope; picture-in-picture; web-share\" referrerpolicy=\"strict-origin-when-cross-origin\" allowfullscreen><\/iframe>\n<\/div><\/figure>\n","protected":false},"excerpt":{"rendered":"<p>Reforma Tribut\u00e1ria no Brasil: Atualiza\u00e7\u00e3o 2025 A regulamenta\u00e7\u00e3o da reforma tribut\u00e1ria, tema central das discuss\u00f5es no Congresso em 2024, ainda n\u00e3o foi finalizada. Em dezembro do ano passado, o Projeto 68 de 2024 foi aprovado e, posteriormente, sancionado pelo presidente Luiz In\u00e1cio Lula da Silva no in\u00edcio de 2025. No entanto, a aprova\u00e7\u00e3o do Projeto [&hellip;]<\/p>\n","protected":false},"author":2,"featured_media":3764,"comment_status":"open","ping_status":"open","sticky":false,"template":"","format":"standard","meta":{"footnotes":""},"categories":[5],"tags":[9,10,123,124,45,96],"class_list":["post-3762","post","type-post","status-publish","format-standard","has-post-thumbnail","hentry","category-dincast","tag-amaral-yazbek","tag-dincast","tag-dividas","tag-nova-forma-de-regularizar","tag-receita-federal","tag-reforma-tributaria"],"blocksy_meta":{"styles_descriptor":{"styles":{"desktop":"","tablet":"","mobile":""},"google_fonts":[],"version":6}},"yoast_head":"<!-- This site is optimized with the Yoast SEO plugin v27.5 - https:\/\/yoast.com\/product\/yoast-seo-wordpress\/ -->\n<title>Reforma Tribut\u00e1ria no Brasil: Atualiza\u00e7\u00e3o 2025<\/title>\n<meta name=\"description\" content=\"Reforma Tribut\u00e1ria no Brasil: Atualiza\u00e7\u00e3o 2025. tema central das discuss\u00f5es no Congresso em 2024, ainda n\u00e3o foi finalizada.\" \/>\n<meta name=\"robots\" content=\"index, follow, max-snippet:-1, max-image-preview:large, max-video-preview:-1\" \/>\n<link rel=\"canonical\" href=\"https:\/\/www.ayadvogados.com.br\/?p=3762\" \/>\n<meta property=\"og:locale\" content=\"pt_BR\" \/>\n<meta property=\"og:type\" content=\"article\" \/>\n<meta property=\"og:title\" content=\"Reforma Tribut\u00e1ria no Brasil: Atualiza\u00e7\u00e3o 2025\" \/>\n<meta property=\"og:description\" content=\"Reforma Tribut\u00e1ria no Brasil: Atualiza\u00e7\u00e3o 2025. tema central das discuss\u00f5es no Congresso em 2024, ainda n\u00e3o foi finalizada.\" \/>\n<meta property=\"og:url\" content=\"https:\/\/www.ayadvogados.com.br\/?p=3762\" \/>\n<meta property=\"og:site_name\" content=\"Amaral, Yazbek Advogados\" \/>\n<meta property=\"article:publisher\" content=\"https:\/\/www.facebook.com\/AYadvogados\" \/>\n<meta property=\"article:published_time\" content=\"2025-05-13T14:32:08+00:00\" \/>\n<meta property=\"article:modified_time\" content=\"2025-05-13T14:32:09+00:00\" \/>\n<meta property=\"og:image\" content=\"https:\/\/www.ayadvogados.com.br\/wp-content\/uploads\/2025\/05\/Base-AY-Video-8.png\" \/>\n\t<meta property=\"og:image:width\" content=\"1920\" \/>\n\t<meta property=\"og:image:height\" content=\"1080\" \/>\n\t<meta property=\"og:image:type\" content=\"image\/png\" \/>\n<meta name=\"author\" content=\"AY Advogados\" \/>\n<meta name=\"twitter:card\" content=\"summary_large_image\" \/>\n<meta name=\"twitter:label1\" content=\"Escrito por\" \/>\n\t<meta name=\"twitter:data1\" content=\"AY Advogados\" \/>\n\t<meta name=\"twitter:label2\" content=\"Est. tempo de leitura\" \/>\n\t<meta name=\"twitter:data2\" content=\"3 minutos\" \/>\n<script type=\"application\/ld+json\" class=\"yoast-schema-graph\">{\"@context\":\"https:\\\/\\\/schema.org\",\"@graph\":[{\"@type\":\"Article\",\"@id\":\"https:\\\/\\\/www.ayadvogados.com.br\\\/?p=3762#article\",\"isPartOf\":{\"@id\":\"https:\\\/\\\/www.ayadvogados.com.br\\\/?p=3762\"},\"author\":{\"name\":\"AY Advogados\",\"@id\":\"https:\\\/\\\/www.34.239.117.254.sslip.io\\\/#\\\/schema\\\/person\\\/4abfbf03ad3e577e691d333af064a912\"},\"headline\":\"Reforma Tribut\u00e1ria no Brasil: Atualiza\u00e7\u00e3o 2025\",\"datePublished\":\"2025-05-13T14:32:08+00:00\",\"dateModified\":\"2025-05-13T14:32:09+00:00\",\"mainEntityOfPage\":{\"@id\":\"https:\\\/\\\/www.ayadvogados.com.br\\\/?p=3762\"},\"wordCount\":431,\"commentCount\":0,\"publisher\":{\"@id\":\"https:\\\/\\\/www.34.239.117.254.sslip.io\\\/#organization\"},\"image\":{\"@id\":\"https:\\\/\\\/www.ayadvogados.com.br\\\/?p=3762#primaryimage\"},\"thumbnailUrl\":\"https:\\\/\\\/www.ayadvogados.com.br\\\/wp-content\\\/uploads\\\/2025\\\/05\\\/Base-AY-Video-8.png\",\"keywords\":[\"amaral yazbek\",\"dincast\",\"dividas\",\"nova forma de regularizar\",\"receita federal\",\"Reforma Tribut\u00e1ria\"],\"articleSection\":[\"DINCast\"],\"inLanguage\":\"pt-BR\",\"potentialAction\":[{\"@type\":\"CommentAction\",\"name\":\"Comment\",\"target\":[\"https:\\\/\\\/www.ayadvogados.com.br\\\/?p=3762#respond\"]}]},{\"@type\":\"WebPage\",\"@id\":\"https:\\\/\\\/www.ayadvogados.com.br\\\/?p=3762\",\"url\":\"https:\\\/\\\/www.ayadvogados.com.br\\\/?p=3762\",\"name\":\"Reforma Tribut\u00e1ria no Brasil: Atualiza\u00e7\u00e3o 2025\",\"isPartOf\":{\"@id\":\"https:\\\/\\\/www.34.239.117.254.sslip.io\\\/#website\"},\"primaryImageOfPage\":{\"@id\":\"https:\\\/\\\/www.ayadvogados.com.br\\\/?p=3762#primaryimage\"},\"image\":{\"@id\":\"https:\\\/\\\/www.ayadvogados.com.br\\\/?p=3762#primaryimage\"},\"thumbnailUrl\":\"https:\\\/\\\/www.ayadvogados.com.br\\\/wp-content\\\/uploads\\\/2025\\\/05\\\/Base-AY-Video-8.png\",\"datePublished\":\"2025-05-13T14:32:08+00:00\",\"dateModified\":\"2025-05-13T14:32:09+00:00\",\"description\":\"Reforma Tribut\u00e1ria no Brasil: Atualiza\u00e7\u00e3o 2025. tema central das discuss\u00f5es no Congresso em 2024, ainda n\u00e3o foi finalizada.\",\"breadcrumb\":{\"@id\":\"https:\\\/\\\/www.ayadvogados.com.br\\\/?p=3762#breadcrumb\"},\"inLanguage\":\"pt-BR\",\"potentialAction\":[{\"@type\":\"ReadAction\",\"target\":[\"https:\\\/\\\/www.ayadvogados.com.br\\\/?p=3762\"]}]},{\"@type\":\"ImageObject\",\"inLanguage\":\"pt-BR\",\"@id\":\"https:\\\/\\\/www.ayadvogados.com.br\\\/?p=3762#primaryimage\",\"url\":\"https:\\\/\\\/www.ayadvogados.com.br\\\/wp-content\\\/uploads\\\/2025\\\/05\\\/Base-AY-Video-8.png\",\"contentUrl\":\"https:\\\/\\\/www.ayadvogados.com.br\\\/wp-content\\\/uploads\\\/2025\\\/05\\\/Base-AY-Video-8.png\",\"width\":1920,\"height\":1080,\"caption\":\"Reforma Tribut\u00e1ria no Brasil: Atualiza\u00e7\u00e3o 2025\"},{\"@type\":\"BreadcrumbList\",\"@id\":\"https:\\\/\\\/www.ayadvogados.com.br\\\/?p=3762#breadcrumb\",\"itemListElement\":[{\"@type\":\"ListItem\",\"position\":1,\"name\":\"In\u00edcio\",\"item\":\"https:\\\/\\\/www.34.239.117.254.sslip.io\\\/\"},{\"@type\":\"ListItem\",\"position\":2,\"name\":\"Reforma Tribut\u00e1ria no Brasil: Atualiza\u00e7\u00e3o 2025\"}]},{\"@type\":\"WebSite\",\"@id\":\"https:\\\/\\\/www.34.239.117.254.sslip.io\\\/#website\",\"url\":\"https:\\\/\\\/www.34.239.117.254.sslip.io\\\/\",\"name\":\"Amaral, Yazbek Advogados\",\"description\":\"Curitiba \u2022 Bras\u00edlia \u2022 S\u00e3o Paulo\",\"publisher\":{\"@id\":\"https:\\\/\\\/www.34.239.117.254.sslip.io\\\/#organization\"},\"potentialAction\":[{\"@type\":\"SearchAction\",\"target\":{\"@type\":\"EntryPoint\",\"urlTemplate\":\"https:\\\/\\\/www.34.239.117.254.sslip.io\\\/?s={search_term_string}\"},\"query-input\":{\"@type\":\"PropertyValueSpecification\",\"valueRequired\":true,\"valueName\":\"search_term_string\"}}],\"inLanguage\":\"pt-BR\"},{\"@type\":\"Organization\",\"@id\":\"https:\\\/\\\/www.34.239.117.254.sslip.io\\\/#organization\",\"name\":\"Amaral, Yazbek Advogados\",\"url\":\"https:\\\/\\\/www.34.239.117.254.sslip.io\\\/\",\"logo\":{\"@type\":\"ImageObject\",\"inLanguage\":\"pt-BR\",\"@id\":\"https:\\\/\\\/www.34.239.117.254.sslip.io\\\/#\\\/schema\\\/logo\\\/image\\\/\",\"url\":\"http:\\\/\\\/34.239.117.254\\\/wp-content\\\/uploads\\\/2021\\\/03\\\/logo-ay-g.png\",\"contentUrl\":\"http:\\\/\\\/34.239.117.254\\\/wp-content\\\/uploads\\\/2021\\\/03\\\/logo-ay-g.png\",\"width\":434,\"height\":106,\"caption\":\"Amaral, Yazbek Advogados\"},\"image\":{\"@id\":\"https:\\\/\\\/www.34.239.117.254.sslip.io\\\/#\\\/schema\\\/logo\\\/image\\\/\"},\"sameAs\":[\"https:\\\/\\\/www.facebook.com\\\/AYadvogados\",\"https:\\\/\\\/www.instagram.com\\\/ayadvogados\\\/\"]},{\"@type\":\"Person\",\"@id\":\"https:\\\/\\\/www.34.239.117.254.sslip.io\\\/#\\\/schema\\\/person\\\/4abfbf03ad3e577e691d333af064a912\",\"name\":\"AY Advogados\",\"image\":{\"@type\":\"ImageObject\",\"inLanguage\":\"pt-BR\",\"@id\":\"https:\\\/\\\/secure.gravatar.com\\\/avatar\\\/1473912b851241f5503026e6156e144dcd83ff7addb67f65e1ed9ca21ee1d9cf?s=96&d=mm&r=g\",\"url\":\"https:\\\/\\\/secure.gravatar.com\\\/avatar\\\/1473912b851241f5503026e6156e144dcd83ff7addb67f65e1ed9ca21ee1d9cf?s=96&d=mm&r=g\",\"contentUrl\":\"https:\\\/\\\/secure.gravatar.com\\\/avatar\\\/1473912b851241f5503026e6156e144dcd83ff7addb67f65e1ed9ca21ee1d9cf?s=96&d=mm&r=g\",\"caption\":\"AY Advogados\"},\"sameAs\":[\"https:\\\/\\\/ayadvogados.com.br\"],\"url\":\"https:\\\/\\\/www.ayadvogados.com.br\\\/?author=2\"}]}<\/script>\n<!-- \/ Yoast SEO plugin. -->","yoast_head_json":{"title":"Reforma Tribut\u00e1ria no Brasil: Atualiza\u00e7\u00e3o 2025","description":"Reforma Tribut\u00e1ria no Brasil: Atualiza\u00e7\u00e3o 2025. tema central das discuss\u00f5es no Congresso em 2024, ainda n\u00e3o foi finalizada.","robots":{"index":"index","follow":"follow","max-snippet":"max-snippet:-1","max-image-preview":"max-image-preview:large","max-video-preview":"max-video-preview:-1"},"canonical":"https:\/\/www.ayadvogados.com.br\/?p=3762","og_locale":"pt_BR","og_type":"article","og_title":"Reforma Tribut\u00e1ria no Brasil: Atualiza\u00e7\u00e3o 2025","og_description":"Reforma Tribut\u00e1ria no Brasil: Atualiza\u00e7\u00e3o 2025. tema central das discuss\u00f5es no Congresso em 2024, ainda n\u00e3o foi finalizada.","og_url":"https:\/\/www.ayadvogados.com.br\/?p=3762","og_site_name":"Amaral, Yazbek Advogados","article_publisher":"https:\/\/www.facebook.com\/AYadvogados","article_published_time":"2025-05-13T14:32:08+00:00","article_modified_time":"2025-05-13T14:32:09+00:00","og_image":[{"width":1920,"height":1080,"url":"https:\/\/www.ayadvogados.com.br\/wp-content\/uploads\/2025\/05\/Base-AY-Video-8.png","type":"image\/png"}],"author":"AY Advogados","twitter_card":"summary_large_image","twitter_misc":{"Escrito por":"AY Advogados","Est. tempo de leitura":"3 minutos"},"schema":{"@context":"https:\/\/schema.org","@graph":[{"@type":"Article","@id":"https:\/\/www.ayadvogados.com.br\/?p=3762#article","isPartOf":{"@id":"https:\/\/www.ayadvogados.com.br\/?p=3762"},"author":{"name":"AY Advogados","@id":"https:\/\/www.34.239.117.254.sslip.io\/#\/schema\/person\/4abfbf03ad3e577e691d333af064a912"},"headline":"Reforma Tribut\u00e1ria no Brasil: Atualiza\u00e7\u00e3o 2025","datePublished":"2025-05-13T14:32:08+00:00","dateModified":"2025-05-13T14:32:09+00:00","mainEntityOfPage":{"@id":"https:\/\/www.ayadvogados.com.br\/?p=3762"},"wordCount":431,"commentCount":0,"publisher":{"@id":"https:\/\/www.34.239.117.254.sslip.io\/#organization"},"image":{"@id":"https:\/\/www.ayadvogados.com.br\/?p=3762#primaryimage"},"thumbnailUrl":"https:\/\/www.ayadvogados.com.br\/wp-content\/uploads\/2025\/05\/Base-AY-Video-8.png","keywords":["amaral yazbek","dincast","dividas","nova forma de regularizar","receita federal","Reforma Tribut\u00e1ria"],"articleSection":["DINCast"],"inLanguage":"pt-BR","potentialAction":[{"@type":"CommentAction","name":"Comment","target":["https:\/\/www.ayadvogados.com.br\/?p=3762#respond"]}]},{"@type":"WebPage","@id":"https:\/\/www.ayadvogados.com.br\/?p=3762","url":"https:\/\/www.ayadvogados.com.br\/?p=3762","name":"Reforma Tribut\u00e1ria no Brasil: Atualiza\u00e7\u00e3o 2025","isPartOf":{"@id":"https:\/\/www.34.239.117.254.sslip.io\/#website"},"primaryImageOfPage":{"@id":"https:\/\/www.ayadvogados.com.br\/?p=3762#primaryimage"},"image":{"@id":"https:\/\/www.ayadvogados.com.br\/?p=3762#primaryimage"},"thumbnailUrl":"https:\/\/www.ayadvogados.com.br\/wp-content\/uploads\/2025\/05\/Base-AY-Video-8.png","datePublished":"2025-05-13T14:32:08+00:00","dateModified":"2025-05-13T14:32:09+00:00","description":"Reforma Tribut\u00e1ria no Brasil: Atualiza\u00e7\u00e3o 2025. tema central das discuss\u00f5es no Congresso em 2024, ainda n\u00e3o foi finalizada.","breadcrumb":{"@id":"https:\/\/www.ayadvogados.com.br\/?p=3762#breadcrumb"},"inLanguage":"pt-BR","potentialAction":[{"@type":"ReadAction","target":["https:\/\/www.ayadvogados.com.br\/?p=3762"]}]},{"@type":"ImageObject","inLanguage":"pt-BR","@id":"https:\/\/www.ayadvogados.com.br\/?p=3762#primaryimage","url":"https:\/\/www.ayadvogados.com.br\/wp-content\/uploads\/2025\/05\/Base-AY-Video-8.png","contentUrl":"https:\/\/www.ayadvogados.com.br\/wp-content\/uploads\/2025\/05\/Base-AY-Video-8.png","width":1920,"height":1080,"caption":"Reforma Tribut\u00e1ria no Brasil: Atualiza\u00e7\u00e3o 2025"},{"@type":"BreadcrumbList","@id":"https:\/\/www.ayadvogados.com.br\/?p=3762#breadcrumb","itemListElement":[{"@type":"ListItem","position":1,"name":"In\u00edcio","item":"https:\/\/www.34.239.117.254.sslip.io\/"},{"@type":"ListItem","position":2,"name":"Reforma Tribut\u00e1ria no Brasil: Atualiza\u00e7\u00e3o 2025"}]},{"@type":"WebSite","@id":"https:\/\/www.34.239.117.254.sslip.io\/#website","url":"https:\/\/www.34.239.117.254.sslip.io\/","name":"Amaral, Yazbek Advogados","description":"Curitiba \u2022 Bras\u00edlia \u2022 S\u00e3o Paulo","publisher":{"@id":"https:\/\/www.34.239.117.254.sslip.io\/#organization"},"potentialAction":[{"@type":"SearchAction","target":{"@type":"EntryPoint","urlTemplate":"https:\/\/www.34.239.117.254.sslip.io\/?s={search_term_string}"},"query-input":{"@type":"PropertyValueSpecification","valueRequired":true,"valueName":"search_term_string"}}],"inLanguage":"pt-BR"},{"@type":"Organization","@id":"https:\/\/www.34.239.117.254.sslip.io\/#organization","name":"Amaral, Yazbek Advogados","url":"https:\/\/www.34.239.117.254.sslip.io\/","logo":{"@type":"ImageObject","inLanguage":"pt-BR","@id":"https:\/\/www.34.239.117.254.sslip.io\/#\/schema\/logo\/image\/","url":"http:\/\/34.239.117.254\/wp-content\/uploads\/2021\/03\/logo-ay-g.png","contentUrl":"http:\/\/34.239.117.254\/wp-content\/uploads\/2021\/03\/logo-ay-g.png","width":434,"height":106,"caption":"Amaral, Yazbek Advogados"},"image":{"@id":"https:\/\/www.34.239.117.254.sslip.io\/#\/schema\/logo\/image\/"},"sameAs":["https:\/\/www.facebook.com\/AYadvogados","https:\/\/www.instagram.com\/ayadvogados\/"]},{"@type":"Person","@id":"https:\/\/www.34.239.117.254.sslip.io\/#\/schema\/person\/4abfbf03ad3e577e691d333af064a912","name":"AY Advogados","image":{"@type":"ImageObject","inLanguage":"pt-BR","@id":"https:\/\/secure.gravatar.com\/avatar\/1473912b851241f5503026e6156e144dcd83ff7addb67f65e1ed9ca21ee1d9cf?s=96&d=mm&r=g","url":"https:\/\/secure.gravatar.com\/avatar\/1473912b851241f5503026e6156e144dcd83ff7addb67f65e1ed9ca21ee1d9cf?s=96&d=mm&r=g","contentUrl":"https:\/\/secure.gravatar.com\/avatar\/1473912b851241f5503026e6156e144dcd83ff7addb67f65e1ed9ca21ee1d9cf?s=96&d=mm&r=g","caption":"AY Advogados"},"sameAs":["https:\/\/ayadvogados.com.br"],"url":"https:\/\/www.ayadvogados.com.br\/?author=2"}]}},"rttpg_featured_image_url":{"full":["https:\/\/www.ayadvogados.com.br\/wp-content\/uploads\/2025\/05\/Base-AY-Video-8.png",1920,1080,false],"landscape":["https:\/\/www.ayadvogados.com.br\/wp-content\/uploads\/2025\/05\/Base-AY-Video-8.png",1920,1080,false],"portraits":["https:\/\/www.ayadvogados.com.br\/wp-content\/uploads\/2025\/05\/Base-AY-Video-8.png",1920,1080,false],"thumbnail":["https:\/\/www.ayadvogados.com.br\/wp-content\/uploads\/2025\/05\/Base-AY-Video-8-150x150.png",150,150,true],"medium":["https:\/\/www.ayadvogados.com.br\/wp-content\/uploads\/2025\/05\/Base-AY-Video-8-300x169.png",300,169,true],"large":["https:\/\/www.ayadvogados.com.br\/wp-content\/uploads\/2025\/05\/Base-AY-Video-8-1024x576.png",1024,576,true],"1536x1536":["https:\/\/www.ayadvogados.com.br\/wp-content\/uploads\/2025\/05\/Base-AY-Video-8-1536x864.png",1536,864,true],"2048x2048":["https:\/\/www.ayadvogados.com.br\/wp-content\/uploads\/2025\/05\/Base-AY-Video-8.png",1920,1080,false]},"rttpg_author":{"display_name":"AY Advogados","author_link":"https:\/\/www.ayadvogados.com.br\/?author=2"},"rttpg_comment":0,"rttpg_category":"<a href=\"https:\/\/www.ayadvogados.com.br\/?cat=5\" rel=\"category\">DINCast<\/a>","rttpg_excerpt":"Reforma Tribut\u00e1ria no Brasil: Atualiza\u00e7\u00e3o 2025 A regulamenta\u00e7\u00e3o da reforma tribut\u00e1ria, tema central das discuss\u00f5es no Congresso em 2024, ainda n\u00e3o foi finalizada. Em dezembro do ano passado, o Projeto 68 de 2024 foi aprovado e, posteriormente, sancionado pelo presidente Luiz In\u00e1cio Lula da Silva no in\u00edcio de 2025. No entanto, a aprova\u00e7\u00e3o do Projeto&hellip;","_links":{"self":[{"href":"https:\/\/www.ayadvogados.com.br\/index.php?rest_route=\/wp\/v2\/posts\/3762","targetHints":{"allow":["GET"]}}],"collection":[{"href":"https:\/\/www.ayadvogados.com.br\/index.php?rest_route=\/wp\/v2\/posts"}],"about":[{"href":"https:\/\/www.ayadvogados.com.br\/index.php?rest_route=\/wp\/v2\/types\/post"}],"author":[{"embeddable":true,"href":"https:\/\/www.ayadvogados.com.br\/index.php?rest_route=\/wp\/v2\/users\/2"}],"replies":[{"embeddable":true,"href":"https:\/\/www.ayadvogados.com.br\/index.php?rest_route=%2Fwp%2Fv2%2Fcomments&post=3762"}],"version-history":[{"count":2,"href":"https:\/\/www.ayadvogados.com.br\/index.php?rest_route=\/wp\/v2\/posts\/3762\/revisions"}],"predecessor-version":[{"id":3765,"href":"https:\/\/www.ayadvogados.com.br\/index.php?rest_route=\/wp\/v2\/posts\/3762\/revisions\/3765"}],"wp:featuredmedia":[{"embeddable":true,"href":"https:\/\/www.ayadvogados.com.br\/index.php?rest_route=\/wp\/v2\/media\/3764"}],"wp:attachment":[{"href":"https:\/\/www.ayadvogados.com.br\/index.php?rest_route=%2Fwp%2Fv2%2Fmedia&parent=3762"}],"wp:term":[{"taxonomy":"category","embeddable":true,"href":"https:\/\/www.ayadvogados.com.br\/index.php?rest_route=%2Fwp%2Fv2%2Fcategories&post=3762"},{"taxonomy":"post_tag","embeddable":true,"href":"https:\/\/www.ayadvogados.com.br\/index.php?rest_route=%2Fwp%2Fv2%2Ftags&post=3762"}],"curies":[{"name":"wp","href":"https:\/\/api.w.org\/{rel}","templated":true}]}}