{"id":3710,"date":"2025-04-10T08:40:18","date_gmt":"2025-04-10T11:40:18","guid":{"rendered":"https:\/\/www.ayadvogados.com.br\/?p=3710"},"modified":"2025-04-10T08:40:20","modified_gmt":"2025-04-10T11:40:20","slug":"fim-do-perse-tributaristas-alertam-para-violacao-da-seguranca-juridica-e-principios-da-anterioridade","status":"publish","type":"post","link":"https:\/\/www.ayadvogados.com.br\/?p=3710","title":{"rendered":"Fim do PERSE: Tributaristas Alertam para Viola\u00e7\u00e3o da Seguran\u00e7a Jur\u00eddica e Princ\u00edpios da Anterioridade"},"content":{"rendered":"\n<p><strong>Fim do PERSE: Tributaristas Alertam para Viola\u00e7\u00e3o da Seguran\u00e7a Jur\u00eddica e Princ\u00edpios da Anterioridade<\/strong><\/p>\n\n\n\n<p>No dia 24 de mar\u00e7o de 2025, a Receita Federal oficializou o fim do Programa Emergencial de Retomada do Setor de Eventos (PERSE), alegando que o limite de R$ 15 bilh\u00f5es em ren\u00fancia fiscal havia sido atingido. No entanto, especialistas do direito tribut\u00e1rio afirmam que a medida pode <strong>violar a seguran\u00e7a jur\u00eddica<\/strong> e os princ\u00edpios constitucionais da <strong>anterioridade tribut\u00e1ria<\/strong>.<\/p>\n\n\n\n<h2 class=\"wp-block-heading\">O que foi o PERSE?<\/h2>\n\n\n\n<p>Criado pela <strong>Lei 14.148\/2021<\/strong>, o PERSE surgiu como uma medida de apoio \u00e0s empresas do setor de eventos, um dos mais impactados pela pandemia da Covid-19. O programa previa a redu\u00e7\u00e3o a zero das al\u00edquotas de <strong>PIS, Cofins, IRPJ e CSLL<\/strong> por um prazo de <strong>cinco anos<\/strong>, representando um al\u00edvio fiscal importante para a recupera\u00e7\u00e3o do setor.<\/p>\n\n\n\n<h2 class=\"wp-block-heading\">Por que o PERSE foi encerrado?<\/h2>\n\n\n\n<p>A <strong>Lei 14.859\/2024<\/strong> estabeleceu que o PERSE teria vig\u00eancia at\u00e9 que fosse atingido o limite de R$ 15 bilh\u00f5es em ren\u00fancia fiscal, ou at\u00e9 dezembro de 2026 \u2014 o que ocorresse primeiro. Segundo a Receita, esse teto foi atingido em mar\u00e7o de 2025, o que levou \u00e0 decis\u00e3o de encerrar o programa j\u00e1 no m\u00eas seguinte.<\/p>\n\n\n\n<h2 class=\"wp-block-heading\">Quais os argumentos dos tributaristas?<\/h2>\n\n\n\n<p>Diversos especialistas argumentam que o <strong>fim abrupto do PERSE<\/strong> viola princ\u00edpios fundamentais do direito tribut\u00e1rio:<\/p>\n\n\n\n<h3 class=\"wp-block-heading\">1. <strong>Viola\u00e7\u00e3o da seguran\u00e7a jur\u00eddica<\/strong><\/h3>\n\n\n\n<p>O <strong>artigo 178 do C\u00f3digo Tribut\u00e1rio Nacional (CTN)<\/strong> estabelece que incentivos fiscais concedidos por <strong>prazo certo e sob condi\u00e7\u00f5es<\/strong> n\u00e3o podem ser revogados unilateralmente antes do t\u00e9rmino desse prazo. Ainda que o PERSE tenha sido limitado por um teto de ren\u00fancia, muitos advogados consideram que a mudan\u00e7a surpreendeu os contribuintes, que planejaram suas obriga\u00e7\u00f5es tribut\u00e1rias contando com o benef\u00edcio at\u00e9 <strong>2027<\/strong>.<\/p>\n\n\n\n<h3 class=\"wp-block-heading\">2. <strong>Quebra dos princ\u00edpios da anterioridade<\/strong><\/h3>\n\n\n\n<p>A Constitui\u00e7\u00e3o Federal determina, nos incisos III, al\u00edneas &#8220;b&#8221; e &#8220;c&#8221; do artigo 150, que a cria\u00e7\u00e3o ou aumento de tributos deve respeitar os princ\u00edpios da <strong>anterioridade anual<\/strong> e <strong>anterioridade nonagesimal<\/strong>. Isso significa que o restabelecimento da cobran\u00e7a de tributos \u2014 mesmo via revoga\u00e7\u00e3o de um benef\u00edcio \u2014 deve ser feito com aviso pr\u00e9vio de 90 dias ou no ano seguinte.<\/p>\n\n\n\n<p>Segundo especialistas, ao encerrar o PERSE imediatamente ap\u00f3s a constata\u00e7\u00e3o do teto, o governo <strong>n\u00e3o respeitou esses prazos<\/strong>.<\/p>\n\n\n\n<h2 class=\"wp-block-heading\">H\u00e1 possibilidade de contesta\u00e7\u00e3o judicial?<\/h2>\n\n\n\n<p>Sim. Como destaca o tributarista <strong>Leonardo Aguirra de Andrade<\/strong>, h\u00e1 fundamentos jur\u00eddicos s\u00f3lidos para que empresas prejudicadas ingressem com <strong>a\u00e7\u00f5es judiciais<\/strong> alegando viola\u00e7\u00e3o ao direito adquirido, \u00e0 seguran\u00e7a jur\u00eddica e \u00e0 anterioridade. H\u00e1 precedentes no Supremo Tribunal Federal (STF) que refor\u00e7am essa tese \u2014 como no <strong>RE 1.473.645<\/strong>, que reconhece a aplica\u00e7\u00e3o da anterioridade \u00e0 revoga\u00e7\u00e3o de benef\u00edcios fiscais.<\/p>\n\n\n\n<p>Al\u00e9m disso, o pr\u00f3prio STF j\u00e1 reconheceu que <strong>a retirada de benef\u00edcios fiscais equivale ao aumento de tributos<\/strong>, o que exige respeito aos mesmos crit\u00e9rios constitucionais que regem a cria\u00e7\u00e3o de impostos.<\/p>\n\n\n\n<h2 class=\"wp-block-heading\">Impacto no planejamento tribut\u00e1rio<\/h2>\n\n\n\n<p>A extin\u00e7\u00e3o repentina do PERSE compromete o <strong>planejamento tribut\u00e1rio e financeiro<\/strong> de centenas de empresas. Conforme apontado por diversos tributaristas, a imprevisibilidade do momento exato em que o teto seria atingido criou um ambiente de incerteza para os contribuintes, dificultando a gest\u00e3o estrat\u00e9gica dos neg\u00f3cios.<\/p>\n\n\n\n<p>O fim do PERSE, embora legalmente previsto, levanta s\u00e9rias quest\u00f5es sobre <strong>seguran\u00e7a jur\u00eddica, direito adquirido e a aplica\u00e7\u00e3o correta dos princ\u00edpios da anterioridade tribut\u00e1ria<\/strong>. Empresas afetadas devem buscar <strong>orienta\u00e7\u00e3o especializada<\/strong> para avaliar a possibilidade de a\u00e7\u00f5es judiciais e mitigar os impactos financeiros da medida.<\/p>\n\n\n\n<p>Confira mais conte\u00fados! <a href=\"http:\/\/ayadvogados.com.br\/?page_id=67\">Blog &#8211; Amaral, Yazbek Advogados<\/a><\/p>\n\n\n\n<p>Fonte: <a href=\"https:\/\/www.jota.info\/tributos\/receita-federal-reduziu-as-compensacoes-tributarias-em-r-11-bilhoes-em-2024\"><a href=\"https:\/\/www.conjur.com.br\/2025-mar-31\/fim-do-perse-viola-seguranca-juridica-e-anterioridades-dizem-tributaristas\/\">Para tributaristas, fim do Perse viola seguran\u00e7a e anterioridades<\/a><\/a><\/p>\n","protected":false},"excerpt":{"rendered":"<p>Fim do PERSE: Tributaristas Alertam para Viola\u00e7\u00e3o da Seguran\u00e7a Jur\u00eddica e Princ\u00edpios da Anterioridade No dia 24 de mar\u00e7o de 2025, a Receita Federal oficializou o fim do Programa Emergencial de Retomada do Setor de Eventos (PERSE), alegando que o limite de R$ 15 bilh\u00f5es em ren\u00fancia fiscal havia sido atingido. No entanto, especialistas do [&hellip;]<\/p>\n","protected":false},"author":2,"featured_media":3711,"comment_status":"open","ping_status":"closed","sticky":false,"template":"","format":"standard","meta":{"footnotes":""},"categories":[1],"tags":[9,29,33,63,96,73],"class_list":["post-3710","post","type-post","status-publish","format-standard","has-post-thumbnail","hentry","category-noticia-do-dia","tag-amaral-yazbek","tag-empresas","tag-negocios","tag-noticia-do-dia","tag-reforma-tributaria","tag-retrospecto-tributario"],"blocksy_meta":{"styles_descriptor":{"styles":{"desktop":"","tablet":"","mobile":""},"google_fonts":[],"version":6}},"yoast_head":"<!-- This site is optimized with the Yoast SEO plugin v27.5 - https:\/\/yoast.com\/product\/yoast-seo-wordpress\/ -->\n<title>Fim do PERSE: Tributaristas Alertam<\/title>\n<meta name=\"description\" content=\"Fim do PERSE: Tributaristas Alertam para Viola\u00e7\u00e3o da Seguran\u00e7a Jur\u00eddica e Princ\u00edpios da Anterioridade. No dia 24 de mar\u00e7o de 2025...\" \/>\n<meta name=\"robots\" content=\"index, follow, max-snippet:-1, max-image-preview:large, max-video-preview:-1\" \/>\n<link rel=\"canonical\" href=\"https:\/\/www.ayadvogados.com.br\/?p=3710\" \/>\n<meta property=\"og:locale\" content=\"pt_BR\" \/>\n<meta property=\"og:type\" content=\"article\" \/>\n<meta property=\"og:title\" content=\"Fim do PERSE: Tributaristas Alertam\" \/>\n<meta property=\"og:description\" content=\"Fim do PERSE: Tributaristas Alertam para Viola\u00e7\u00e3o da Seguran\u00e7a Jur\u00eddica e Princ\u00edpios da Anterioridade. No dia 24 de mar\u00e7o de 2025...\" \/>\n<meta property=\"og:url\" content=\"https:\/\/www.ayadvogados.com.br\/?p=3710\" \/>\n<meta property=\"og:site_name\" content=\"Amaral, Yazbek Advogados\" \/>\n<meta property=\"article:publisher\" content=\"https:\/\/www.facebook.com\/AYadvogados\" \/>\n<meta property=\"article:published_time\" content=\"2025-04-10T11:40:18+00:00\" \/>\n<meta property=\"article:modified_time\" content=\"2025-04-10T11:40:20+00:00\" \/>\n<meta property=\"og:image\" content=\"https:\/\/www.ayadvogados.com.br\/wp-content\/uploads\/2025\/04\/3-e1744285210692.png\" \/>\n\t<meta property=\"og:image:width\" content=\"1080\" \/>\n\t<meta property=\"og:image:height\" content=\"527\" \/>\n\t<meta property=\"og:image:type\" content=\"image\/png\" \/>\n<meta name=\"author\" content=\"AY Advogados\" \/>\n<meta name=\"twitter:card\" content=\"summary_large_image\" \/>\n<meta name=\"twitter:label1\" content=\"Escrito por\" \/>\n\t<meta name=\"twitter:data1\" content=\"AY Advogados\" \/>\n\t<meta name=\"twitter:label2\" content=\"Est. tempo de leitura\" \/>\n\t<meta name=\"twitter:data2\" content=\"4 minutos\" \/>\n<script type=\"application\/ld+json\" class=\"yoast-schema-graph\">{\"@context\":\"https:\\\/\\\/schema.org\",\"@graph\":[{\"@type\":\"Article\",\"@id\":\"https:\\\/\\\/www.ayadvogados.com.br\\\/?p=3710#article\",\"isPartOf\":{\"@id\":\"https:\\\/\\\/www.ayadvogados.com.br\\\/?p=3710\"},\"author\":{\"name\":\"AY Advogados\",\"@id\":\"https:\\\/\\\/www.ayadvogados.com.br\\\/#\\\/schema\\\/person\\\/4abfbf03ad3e577e691d333af064a912\"},\"headline\":\"Fim do PERSE: Tributaristas Alertam para Viola\u00e7\u00e3o da Seguran\u00e7a Jur\u00eddica e Princ\u00edpios da Anterioridade\",\"datePublished\":\"2025-04-10T11:40:18+00:00\",\"dateModified\":\"2025-04-10T11:40:20+00:00\",\"mainEntityOfPage\":{\"@id\":\"https:\\\/\\\/www.ayadvogados.com.br\\\/?p=3710\"},\"wordCount\":652,\"commentCount\":0,\"publisher\":{\"@id\":\"https:\\\/\\\/www.ayadvogados.com.br\\\/#organization\"},\"image\":{\"@id\":\"https:\\\/\\\/www.ayadvogados.com.br\\\/?p=3710#primaryimage\"},\"thumbnailUrl\":\"https:\\\/\\\/www.ayadvogados.com.br\\\/wp-content\\\/uploads\\\/2025\\\/04\\\/3-e1744285210692.png\",\"keywords\":[\"amaral yazbek\",\"empresas\",\"neg\u00f3cios\",\"noticia do dia\",\"Reforma Tribut\u00e1ria\",\"retrospecto tribut\u00e1rio\"],\"articleSection\":[\"Not\u00edcia do Dia\"],\"inLanguage\":\"pt-BR\",\"potentialAction\":[{\"@type\":\"CommentAction\",\"name\":\"Comment\",\"target\":[\"https:\\\/\\\/www.ayadvogados.com.br\\\/?p=3710#respond\"]}]},{\"@type\":\"WebPage\",\"@id\":\"https:\\\/\\\/www.ayadvogados.com.br\\\/?p=3710\",\"url\":\"https:\\\/\\\/www.ayadvogados.com.br\\\/?p=3710\",\"name\":\"Fim do PERSE: Tributaristas Alertam\",\"isPartOf\":{\"@id\":\"https:\\\/\\\/www.ayadvogados.com.br\\\/#website\"},\"primaryImageOfPage\":{\"@id\":\"https:\\\/\\\/www.ayadvogados.com.br\\\/?p=3710#primaryimage\"},\"image\":{\"@id\":\"https:\\\/\\\/www.ayadvogados.com.br\\\/?p=3710#primaryimage\"},\"thumbnailUrl\":\"https:\\\/\\\/www.ayadvogados.com.br\\\/wp-content\\\/uploads\\\/2025\\\/04\\\/3-e1744285210692.png\",\"datePublished\":\"2025-04-10T11:40:18+00:00\",\"dateModified\":\"2025-04-10T11:40:20+00:00\",\"description\":\"Fim do PERSE: Tributaristas Alertam para Viola\u00e7\u00e3o da Seguran\u00e7a Jur\u00eddica e Princ\u00edpios da Anterioridade. No dia 24 de mar\u00e7o de 2025...\",\"breadcrumb\":{\"@id\":\"https:\\\/\\\/www.ayadvogados.com.br\\\/?p=3710#breadcrumb\"},\"inLanguage\":\"pt-BR\",\"potentialAction\":[{\"@type\":\"ReadAction\",\"target\":[\"https:\\\/\\\/www.ayadvogados.com.br\\\/?p=3710\"]}]},{\"@type\":\"ImageObject\",\"inLanguage\":\"pt-BR\",\"@id\":\"https:\\\/\\\/www.ayadvogados.com.br\\\/?p=3710#primaryimage\",\"url\":\"https:\\\/\\\/www.ayadvogados.com.br\\\/wp-content\\\/uploads\\\/2025\\\/04\\\/3-e1744285210692.png\",\"contentUrl\":\"https:\\\/\\\/www.ayadvogados.com.br\\\/wp-content\\\/uploads\\\/2025\\\/04\\\/3-e1744285210692.png\",\"width\":1080,\"height\":527,\"caption\":\"Fim do PERSE: Tributaristas Alertam\"},{\"@type\":\"BreadcrumbList\",\"@id\":\"https:\\\/\\\/www.ayadvogados.com.br\\\/?p=3710#breadcrumb\",\"itemListElement\":[{\"@type\":\"ListItem\",\"position\":1,\"name\":\"In\u00edcio\",\"item\":\"https:\\\/\\\/www.ayadvogados.com.br\\\/\"},{\"@type\":\"ListItem\",\"position\":2,\"name\":\"Fim do PERSE: Tributaristas Alertam para Viola\u00e7\u00e3o da Seguran\u00e7a Jur\u00eddica e Princ\u00edpios da Anterioridade\"}]},{\"@type\":\"WebSite\",\"@id\":\"https:\\\/\\\/www.ayadvogados.com.br\\\/#website\",\"url\":\"https:\\\/\\\/www.ayadvogados.com.br\\\/\",\"name\":\"Amaral, Yazbek Advogados\",\"description\":\"Curitiba \u2022 Bras\u00edlia \u2022 S\u00e3o Paulo\",\"publisher\":{\"@id\":\"https:\\\/\\\/www.ayadvogados.com.br\\\/#organization\"},\"potentialAction\":[{\"@type\":\"SearchAction\",\"target\":{\"@type\":\"EntryPoint\",\"urlTemplate\":\"https:\\\/\\\/www.ayadvogados.com.br\\\/?s={search_term_string}\"},\"query-input\":{\"@type\":\"PropertyValueSpecification\",\"valueRequired\":true,\"valueName\":\"search_term_string\"}}],\"inLanguage\":\"pt-BR\"},{\"@type\":\"Organization\",\"@id\":\"https:\\\/\\\/www.ayadvogados.com.br\\\/#organization\",\"name\":\"Amaral, Yazbek Advogados\",\"url\":\"https:\\\/\\\/www.ayadvogados.com.br\\\/\",\"logo\":{\"@type\":\"ImageObject\",\"inLanguage\":\"pt-BR\",\"@id\":\"https:\\\/\\\/www.ayadvogados.com.br\\\/#\\\/schema\\\/logo\\\/image\\\/\",\"url\":\"http:\\\/\\\/34.239.117.254\\\/wp-content\\\/uploads\\\/2021\\\/03\\\/logo-ay-g.png\",\"contentUrl\":\"http:\\\/\\\/34.239.117.254\\\/wp-content\\\/uploads\\\/2021\\\/03\\\/logo-ay-g.png\",\"width\":434,\"height\":106,\"caption\":\"Amaral, Yazbek Advogados\"},\"image\":{\"@id\":\"https:\\\/\\\/www.ayadvogados.com.br\\\/#\\\/schema\\\/logo\\\/image\\\/\"},\"sameAs\":[\"https:\\\/\\\/www.facebook.com\\\/AYadvogados\",\"https:\\\/\\\/www.instagram.com\\\/ayadvogados\\\/\"]},{\"@type\":\"Person\",\"@id\":\"https:\\\/\\\/www.ayadvogados.com.br\\\/#\\\/schema\\\/person\\\/4abfbf03ad3e577e691d333af064a912\",\"name\":\"AY Advogados\",\"image\":{\"@type\":\"ImageObject\",\"inLanguage\":\"pt-BR\",\"@id\":\"https:\\\/\\\/secure.gravatar.com\\\/avatar\\\/1473912b851241f5503026e6156e144dcd83ff7addb67f65e1ed9ca21ee1d9cf?s=96&d=mm&r=g\",\"url\":\"https:\\\/\\\/secure.gravatar.com\\\/avatar\\\/1473912b851241f5503026e6156e144dcd83ff7addb67f65e1ed9ca21ee1d9cf?s=96&d=mm&r=g\",\"contentUrl\":\"https:\\\/\\\/secure.gravatar.com\\\/avatar\\\/1473912b851241f5503026e6156e144dcd83ff7addb67f65e1ed9ca21ee1d9cf?s=96&d=mm&r=g\",\"caption\":\"AY Advogados\"},\"sameAs\":[\"https:\\\/\\\/ayadvogados.com.br\"],\"url\":\"https:\\\/\\\/www.ayadvogados.com.br\\\/?author=2\"}]}<\/script>\n<!-- \/ Yoast SEO plugin. -->","yoast_head_json":{"title":"Fim do PERSE: Tributaristas Alertam","description":"Fim do PERSE: Tributaristas Alertam para Viola\u00e7\u00e3o da Seguran\u00e7a Jur\u00eddica e Princ\u00edpios da Anterioridade. No dia 24 de mar\u00e7o de 2025...","robots":{"index":"index","follow":"follow","max-snippet":"max-snippet:-1","max-image-preview":"max-image-preview:large","max-video-preview":"max-video-preview:-1"},"canonical":"https:\/\/www.ayadvogados.com.br\/?p=3710","og_locale":"pt_BR","og_type":"article","og_title":"Fim do PERSE: Tributaristas Alertam","og_description":"Fim do PERSE: Tributaristas Alertam para Viola\u00e7\u00e3o da Seguran\u00e7a Jur\u00eddica e Princ\u00edpios da Anterioridade. No dia 24 de mar\u00e7o de 2025...","og_url":"https:\/\/www.ayadvogados.com.br\/?p=3710","og_site_name":"Amaral, Yazbek Advogados","article_publisher":"https:\/\/www.facebook.com\/AYadvogados","article_published_time":"2025-04-10T11:40:18+00:00","article_modified_time":"2025-04-10T11:40:20+00:00","og_image":[{"width":1080,"height":527,"url":"https:\/\/www.ayadvogados.com.br\/wp-content\/uploads\/2025\/04\/3-e1744285210692.png","type":"image\/png"}],"author":"AY Advogados","twitter_card":"summary_large_image","twitter_misc":{"Escrito por":"AY Advogados","Est. tempo de leitura":"4 minutos"},"schema":{"@context":"https:\/\/schema.org","@graph":[{"@type":"Article","@id":"https:\/\/www.ayadvogados.com.br\/?p=3710#article","isPartOf":{"@id":"https:\/\/www.ayadvogados.com.br\/?p=3710"},"author":{"name":"AY Advogados","@id":"https:\/\/www.ayadvogados.com.br\/#\/schema\/person\/4abfbf03ad3e577e691d333af064a912"},"headline":"Fim do PERSE: Tributaristas Alertam para Viola\u00e7\u00e3o da Seguran\u00e7a Jur\u00eddica e Princ\u00edpios da Anterioridade","datePublished":"2025-04-10T11:40:18+00:00","dateModified":"2025-04-10T11:40:20+00:00","mainEntityOfPage":{"@id":"https:\/\/www.ayadvogados.com.br\/?p=3710"},"wordCount":652,"commentCount":0,"publisher":{"@id":"https:\/\/www.ayadvogados.com.br\/#organization"},"image":{"@id":"https:\/\/www.ayadvogados.com.br\/?p=3710#primaryimage"},"thumbnailUrl":"https:\/\/www.ayadvogados.com.br\/wp-content\/uploads\/2025\/04\/3-e1744285210692.png","keywords":["amaral yazbek","empresas","neg\u00f3cios","noticia do dia","Reforma Tribut\u00e1ria","retrospecto tribut\u00e1rio"],"articleSection":["Not\u00edcia do Dia"],"inLanguage":"pt-BR","potentialAction":[{"@type":"CommentAction","name":"Comment","target":["https:\/\/www.ayadvogados.com.br\/?p=3710#respond"]}]},{"@type":"WebPage","@id":"https:\/\/www.ayadvogados.com.br\/?p=3710","url":"https:\/\/www.ayadvogados.com.br\/?p=3710","name":"Fim do PERSE: Tributaristas Alertam","isPartOf":{"@id":"https:\/\/www.ayadvogados.com.br\/#website"},"primaryImageOfPage":{"@id":"https:\/\/www.ayadvogados.com.br\/?p=3710#primaryimage"},"image":{"@id":"https:\/\/www.ayadvogados.com.br\/?p=3710#primaryimage"},"thumbnailUrl":"https:\/\/www.ayadvogados.com.br\/wp-content\/uploads\/2025\/04\/3-e1744285210692.png","datePublished":"2025-04-10T11:40:18+00:00","dateModified":"2025-04-10T11:40:20+00:00","description":"Fim do PERSE: Tributaristas Alertam para Viola\u00e7\u00e3o da Seguran\u00e7a Jur\u00eddica e Princ\u00edpios da Anterioridade. No dia 24 de mar\u00e7o de 2025...","breadcrumb":{"@id":"https:\/\/www.ayadvogados.com.br\/?p=3710#breadcrumb"},"inLanguage":"pt-BR","potentialAction":[{"@type":"ReadAction","target":["https:\/\/www.ayadvogados.com.br\/?p=3710"]}]},{"@type":"ImageObject","inLanguage":"pt-BR","@id":"https:\/\/www.ayadvogados.com.br\/?p=3710#primaryimage","url":"https:\/\/www.ayadvogados.com.br\/wp-content\/uploads\/2025\/04\/3-e1744285210692.png","contentUrl":"https:\/\/www.ayadvogados.com.br\/wp-content\/uploads\/2025\/04\/3-e1744285210692.png","width":1080,"height":527,"caption":"Fim do PERSE: Tributaristas Alertam"},{"@type":"BreadcrumbList","@id":"https:\/\/www.ayadvogados.com.br\/?p=3710#breadcrumb","itemListElement":[{"@type":"ListItem","position":1,"name":"In\u00edcio","item":"https:\/\/www.ayadvogados.com.br\/"},{"@type":"ListItem","position":2,"name":"Fim do PERSE: Tributaristas Alertam para Viola\u00e7\u00e3o da Seguran\u00e7a Jur\u00eddica e Princ\u00edpios da Anterioridade"}]},{"@type":"WebSite","@id":"https:\/\/www.ayadvogados.com.br\/#website","url":"https:\/\/www.ayadvogados.com.br\/","name":"Amaral, Yazbek Advogados","description":"Curitiba \u2022 Bras\u00edlia \u2022 S\u00e3o Paulo","publisher":{"@id":"https:\/\/www.ayadvogados.com.br\/#organization"},"potentialAction":[{"@type":"SearchAction","target":{"@type":"EntryPoint","urlTemplate":"https:\/\/www.ayadvogados.com.br\/?s={search_term_string}"},"query-input":{"@type":"PropertyValueSpecification","valueRequired":true,"valueName":"search_term_string"}}],"inLanguage":"pt-BR"},{"@type":"Organization","@id":"https:\/\/www.ayadvogados.com.br\/#organization","name":"Amaral, Yazbek Advogados","url":"https:\/\/www.ayadvogados.com.br\/","logo":{"@type":"ImageObject","inLanguage":"pt-BR","@id":"https:\/\/www.ayadvogados.com.br\/#\/schema\/logo\/image\/","url":"http:\/\/34.239.117.254\/wp-content\/uploads\/2021\/03\/logo-ay-g.png","contentUrl":"http:\/\/34.239.117.254\/wp-content\/uploads\/2021\/03\/logo-ay-g.png","width":434,"height":106,"caption":"Amaral, Yazbek Advogados"},"image":{"@id":"https:\/\/www.ayadvogados.com.br\/#\/schema\/logo\/image\/"},"sameAs":["https:\/\/www.facebook.com\/AYadvogados","https:\/\/www.instagram.com\/ayadvogados\/"]},{"@type":"Person","@id":"https:\/\/www.ayadvogados.com.br\/#\/schema\/person\/4abfbf03ad3e577e691d333af064a912","name":"AY Advogados","image":{"@type":"ImageObject","inLanguage":"pt-BR","@id":"https:\/\/secure.gravatar.com\/avatar\/1473912b851241f5503026e6156e144dcd83ff7addb67f65e1ed9ca21ee1d9cf?s=96&d=mm&r=g","url":"https:\/\/secure.gravatar.com\/avatar\/1473912b851241f5503026e6156e144dcd83ff7addb67f65e1ed9ca21ee1d9cf?s=96&d=mm&r=g","contentUrl":"https:\/\/secure.gravatar.com\/avatar\/1473912b851241f5503026e6156e144dcd83ff7addb67f65e1ed9ca21ee1d9cf?s=96&d=mm&r=g","caption":"AY Advogados"},"sameAs":["https:\/\/ayadvogados.com.br"],"url":"https:\/\/www.ayadvogados.com.br\/?author=2"}]}},"rttpg_featured_image_url":{"full":["https:\/\/www.ayadvogados.com.br\/wp-content\/uploads\/2025\/04\/3-e1744285210692.png",1080,527,false],"landscape":["https:\/\/www.ayadvogados.com.br\/wp-content\/uploads\/2025\/04\/3-e1744285210692.png",1080,527,false],"portraits":["https:\/\/www.ayadvogados.com.br\/wp-content\/uploads\/2025\/04\/3-e1744285210692.png",1080,527,false],"thumbnail":["https:\/\/www.ayadvogados.com.br\/wp-content\/uploads\/2025\/04\/3-e1744285210692-150x150.png",150,150,true],"medium":["https:\/\/www.ayadvogados.com.br\/wp-content\/uploads\/2025\/04\/3-e1744285210692-300x146.png",300,146,true],"large":["https:\/\/www.ayadvogados.com.br\/wp-content\/uploads\/2025\/04\/3-e1744285210692-1024x500.png",1024,500,true],"1536x1536":["https:\/\/www.ayadvogados.com.br\/wp-content\/uploads\/2025\/04\/3-e1744285210692.png",1080,527,false],"2048x2048":["https:\/\/www.ayadvogados.com.br\/wp-content\/uploads\/2025\/04\/3-e1744285210692.png",1080,527,false]},"rttpg_author":{"display_name":"AY Advogados","author_link":"https:\/\/www.ayadvogados.com.br\/?author=2"},"rttpg_comment":0,"rttpg_category":"<a href=\"https:\/\/www.ayadvogados.com.br\/?cat=1\" rel=\"category\">Not\u00edcia do Dia<\/a>","rttpg_excerpt":"Fim do PERSE: Tributaristas Alertam para Viola\u00e7\u00e3o da Seguran\u00e7a Jur\u00eddica e Princ\u00edpios da Anterioridade No dia 24 de mar\u00e7o de 2025, a Receita Federal oficializou o fim do Programa Emergencial de Retomada do Setor de Eventos (PERSE), alegando que o limite de R$ 15 bilh\u00f5es em ren\u00fancia fiscal havia sido atingido. No entanto, especialistas do&hellip;","_links":{"self":[{"href":"https:\/\/www.ayadvogados.com.br\/index.php?rest_route=\/wp\/v2\/posts\/3710","targetHints":{"allow":["GET"]}}],"collection":[{"href":"https:\/\/www.ayadvogados.com.br\/index.php?rest_route=\/wp\/v2\/posts"}],"about":[{"href":"https:\/\/www.ayadvogados.com.br\/index.php?rest_route=\/wp\/v2\/types\/post"}],"author":[{"embeddable":true,"href":"https:\/\/www.ayadvogados.com.br\/index.php?rest_route=\/wp\/v2\/users\/2"}],"replies":[{"embeddable":true,"href":"https:\/\/www.ayadvogados.com.br\/index.php?rest_route=%2Fwp%2Fv2%2Fcomments&post=3710"}],"version-history":[{"count":1,"href":"https:\/\/www.ayadvogados.com.br\/index.php?rest_route=\/wp\/v2\/posts\/3710\/revisions"}],"predecessor-version":[{"id":3712,"href":"https:\/\/www.ayadvogados.com.br\/index.php?rest_route=\/wp\/v2\/posts\/3710\/revisions\/3712"}],"wp:featuredmedia":[{"embeddable":true,"href":"https:\/\/www.ayadvogados.com.br\/index.php?rest_route=\/wp\/v2\/media\/3711"}],"wp:attachment":[{"href":"https:\/\/www.ayadvogados.com.br\/index.php?rest_route=%2Fwp%2Fv2%2Fmedia&parent=3710"}],"wp:term":[{"taxonomy":"category","embeddable":true,"href":"https:\/\/www.ayadvogados.com.br\/index.php?rest_route=%2Fwp%2Fv2%2Fcategories&post=3710"},{"taxonomy":"post_tag","embeddable":true,"href":"https:\/\/www.ayadvogados.com.br\/index.php?rest_route=%2Fwp%2Fv2%2Ftags&post=3710"}],"curies":[{"name":"wp","href":"https:\/\/api.w.org\/{rel}","templated":true}]}}