{"id":3682,"date":"2025-04-02T09:33:06","date_gmt":"2025-04-02T12:33:06","guid":{"rendered":"https:\/\/www.ayadvogados.com.br\/?p=3682"},"modified":"2025-04-02T09:33:07","modified_gmt":"2025-04-02T12:33:07","slug":"o-fim-do-perse-em-2025-empresas-podem-questionar-na-justica","status":"publish","type":"post","link":"https:\/\/www.ayadvogados.com.br\/?p=3682","title":{"rendered":"O Fim do PERSE em 2025: Empresas Podem Questionar na Justi\u00e7a?"},"content":{"rendered":"\n<p><strong>O Fim do PERSE em 2025: Empresas Podem Questionar na Justi\u00e7a?<\/strong><\/p>\n\n\n\n<p>O Programa Emergencial de Retomada do Setor de Eventos (PERSE), criado para apoiar empresas afetadas pela pandemia, ser\u00e1 encerrado em abril de 2025. Mas ser\u00e1 que essa decis\u00e3o pode ser contestada na Justi\u00e7a? Entenda os impactos e os direitos dos contribuintes neste artigo.<\/p>\n\n\n\n<h2 class=\"wp-block-heading\">O que \u00e9 o PERSE e por que ele ser\u00e1 encerrado?<\/h2>\n\n\n\n<p>O PERSE foi institu\u00eddo em 2021 com o objetivo de ajudar o setor de eventos, fortemente impactado pela Covid-19. O programa concedia isen\u00e7\u00e3o de quatro tributos federais:<\/p>\n\n\n\n<ul class=\"wp-block-list\">\n<li><strong>PIS<\/strong><\/li>\n\n\n\n<li><strong>COFINS<\/strong><\/li>\n\n\n\n<li><strong>Imposto de Renda<\/strong><\/li>\n\n\n\n<li><strong>CSLL<\/strong><\/li>\n<\/ul>\n\n\n\n<p>No entanto, uma reformula\u00e7\u00e3o do programa estabeleceu um limite m\u00e1ximo de ren\u00fancia fiscal de <strong>R$ 15 bilh\u00f5es<\/strong> ou um prazo m\u00e1ximo at\u00e9 <strong>dezembro de 2026<\/strong>, o que ocorresse primeiro. Segundo a Receita Federal, esse limite ser\u00e1 atingido em mar\u00e7o de 2025, antecipando o fim do benef\u00edcio para abril.<\/p>\n\n\n\n<h2 class=\"wp-block-heading\">O Fim do PERSE Pode Ser Questionado na Justi\u00e7a?<\/h2>\n\n\n\n<p>Do ponto de vista jur\u00eddico, h\u00e1 argumentos s\u00f3lidos para contestar o encerramento do programa antes do prazo previsto. Dois pontos principais merecem aten\u00e7\u00e3o:<\/p>\n\n\n\n<h3 class=\"wp-block-heading\">1. Seguran\u00e7a Jur\u00eddica<\/h3>\n\n\n\n<p>O <strong>C\u00f3digo Tribut\u00e1rio Nacional (CTN), no artigo 178<\/strong>, estabelece que incentivos fiscais concedidos por prazo certo e mediante condi\u00e7\u00f5es onerosas <strong>n\u00e3o podem ser revogados antes do t\u00e9rmino acordado<\/strong>. Al\u00e9m disso, a <strong>S\u00famula 544 do STF<\/strong> refor\u00e7a que uma isen\u00e7\u00e3o fiscal concedida nessas condi\u00e7\u00f5es <strong>n\u00e3o pode ser retirada unilateralmente<\/strong>.<\/p>\n\n\n\n<h3 class=\"wp-block-heading\">2. Princ\u00edpio da Anterioridade Tribut\u00e1ria<\/h3>\n\n\n\n<p>A revoga\u00e7\u00e3o do PERSE resultar\u00e1 no restabelecimento da cobran\u00e7a dos tributos federais. No entanto, o princ\u00edpio da <strong>anterioridade tribut\u00e1ria<\/strong>, previsto na Constitui\u00e7\u00e3o Federal, impede que aumentos de tributos sejam aplicados de forma imediata. Dependendo do caso, pode-se argumentar que a retomada das cobran\u00e7as deveria seguir o princ\u00edpio da <strong>anterioridade nonagesimal (90 dias)<\/strong> ou <strong>anual<\/strong>.<\/p>\n\n\n\n<h2 class=\"wp-block-heading\">O Que as Empresas Podem Fazer?<\/h2>\n\n\n\n<p>Empresas afetadas pelo fim do PERSE podem ingressar com a\u00e7\u00f5es judiciais para questionar a revoga\u00e7\u00e3o do benef\u00edcio antes do prazo original. H\u00e1 precedentes favor\u00e1veis em decis\u00f5es anteriores sobre seguran\u00e7a jur\u00eddica e incentivos fiscais.<\/p>\n\n\n\n<p>Se sua empresa faz parte do setor de eventos e foi impactada por essa mudan\u00e7a, \u00e9 fundamental buscar <strong>orienta\u00e7\u00e3o jur\u00eddica especializada<\/strong> para avaliar as melhores estrat\u00e9gias para garantir seus direitos.<\/p>\n\n\n\n<h3 class=\"wp-block-heading\">\ud83d\udccc <strong>Fique Atualizado<\/strong><\/h3>\n\n\n\n<p>Ficou alguma duvida sobre o  Fim do PERSE em 2025: Empresas Podem Questionar na Justi\u00e7a? Quer saber mais sobre tributa\u00e7\u00e3o e os seus direitos como contribuinte? Acompanhe o <a href=\"https:\/\/www.youtube.com\/@direitodainteligenciadeneg4337\"><strong>DINCast<\/strong> <\/a>e fique por dentro das principais atualiza\u00e7\u00f5es do cen\u00e1rio tribut\u00e1rio.<\/p>\n\n\n\n<p>Nos vemos no pr\u00f3ximo epis\u00f3dio!<\/p>\n\n\n\n<p>Confira o nosso DINCast!<\/p>\n\n\n\n<figure class=\"wp-block-embed is-type-rich is-provider-incorporar-manipulador wp-block-embed-incorporar-manipulador wp-embed-aspect-16-9 wp-has-aspect-ratio\"><div class=\"wp-block-embed__wrapper\">\n<iframe title=\"O Fim do PERSE e os Direitos dos Contribuintes\" width=\"1290\" height=\"726\" src=\"https:\/\/www.youtube.com\/embed\/g8RLGv6JQ9g?feature=oembed\" frameborder=\"0\" allow=\"accelerometer; autoplay; clipboard-write; encrypted-media; gyroscope; picture-in-picture; web-share\" referrerpolicy=\"strict-origin-when-cross-origin\" allowfullscreen><\/iframe>\n<\/div><\/figure>\n","protected":false},"excerpt":{"rendered":"<p>O Fim do PERSE em 2025: Empresas Podem Questionar na Justi\u00e7a? O Programa Emergencial de Retomada do Setor de Eventos (PERSE), criado para apoiar empresas afetadas pela pandemia, ser\u00e1 encerrado em abril de 2025. Mas ser\u00e1 que essa decis\u00e3o pode ser contestada na Justi\u00e7a? Entenda os impactos e os direitos dos contribuintes neste artigo. O [&hellip;]<\/p>\n","protected":false},"author":2,"featured_media":3685,"comment_status":"open","ping_status":"open","sticky":false,"template":"","format":"standard","meta":{"footnotes":""},"categories":[5],"tags":[9,10,123,124,45,96],"class_list":["post-3682","post","type-post","status-publish","format-standard","has-post-thumbnail","hentry","category-dincast","tag-amaral-yazbek","tag-dincast","tag-dividas","tag-nova-forma-de-regularizar","tag-receita-federal","tag-reforma-tributaria"],"blocksy_meta":{"styles_descriptor":{"styles":{"desktop":"","tablet":"","mobile":""},"google_fonts":[],"version":6}},"yoast_head":"<!-- This site is optimized with the Yoast SEO plugin v27.5 - https:\/\/yoast.com\/product\/yoast-seo-wordpress\/ -->\n<title>O Fim do PERSE em 2025: Empresas Podem Questionar na Justi\u00e7a?<\/title>\n<meta name=\"description\" content=\"O Fim do PERSE em 2025: Empresas Podem Questionar na Justi\u00e7a? Descubra os argumentos jur\u00eddicos e seus direitos como contribuinte.\" \/>\n<meta name=\"robots\" content=\"index, follow, max-snippet:-1, max-image-preview:large, max-video-preview:-1\" \/>\n<link rel=\"canonical\" href=\"https:\/\/www.ayadvogados.com.br\/?p=3682\" \/>\n<meta property=\"og:locale\" content=\"pt_BR\" \/>\n<meta property=\"og:type\" content=\"article\" \/>\n<meta property=\"og:title\" content=\"O Fim do PERSE em 2025: Empresas Podem Questionar na Justi\u00e7a?\" \/>\n<meta property=\"og:description\" content=\"O Fim do PERSE em 2025: Empresas Podem Questionar na Justi\u00e7a? Descubra os argumentos jur\u00eddicos e seus direitos como contribuinte.\" \/>\n<meta property=\"og:url\" content=\"https:\/\/www.ayadvogados.com.br\/?p=3682\" \/>\n<meta property=\"og:site_name\" content=\"Amaral, Yazbek Advogados\" \/>\n<meta property=\"article:publisher\" content=\"https:\/\/www.facebook.com\/AYadvogados\" \/>\n<meta property=\"article:published_time\" content=\"2025-04-02T12:33:06+00:00\" \/>\n<meta property=\"article:modified_time\" content=\"2025-04-02T12:33:07+00:00\" \/>\n<meta property=\"og:image\" content=\"https:\/\/www.ayadvogados.com.br\/wp-content\/uploads\/2025\/04\/Base-AY-Video-4.png\" \/>\n\t<meta property=\"og:image:width\" content=\"1920\" \/>\n\t<meta property=\"og:image:height\" content=\"1080\" \/>\n\t<meta property=\"og:image:type\" content=\"image\/png\" \/>\n<meta name=\"author\" content=\"AY Advogados\" \/>\n<meta name=\"twitter:card\" content=\"summary_large_image\" \/>\n<meta name=\"twitter:label1\" content=\"Escrito por\" \/>\n\t<meta name=\"twitter:data1\" content=\"AY Advogados\" \/>\n\t<meta name=\"twitter:label2\" content=\"Est. tempo de leitura\" \/>\n\t<meta name=\"twitter:data2\" content=\"3 minutos\" \/>\n<script type=\"application\/ld+json\" class=\"yoast-schema-graph\">{\"@context\":\"https:\\\/\\\/schema.org\",\"@graph\":[{\"@type\":\"Article\",\"@id\":\"https:\\\/\\\/www.ayadvogados.com.br\\\/?p=3682#article\",\"isPartOf\":{\"@id\":\"https:\\\/\\\/www.ayadvogados.com.br\\\/?p=3682\"},\"author\":{\"name\":\"AY Advogados\",\"@id\":\"https:\\\/\\\/34.239.117.254\\\/#\\\/schema\\\/person\\\/4abfbf03ad3e577e691d333af064a912\"},\"headline\":\"O Fim do PERSE em 2025: Empresas Podem Questionar na Justi\u00e7a?\",\"datePublished\":\"2025-04-02T12:33:06+00:00\",\"dateModified\":\"2025-04-02T12:33:07+00:00\",\"mainEntityOfPage\":{\"@id\":\"https:\\\/\\\/www.ayadvogados.com.br\\\/?p=3682\"},\"wordCount\":469,\"commentCount\":0,\"publisher\":{\"@id\":\"https:\\\/\\\/34.239.117.254\\\/#organization\"},\"image\":{\"@id\":\"https:\\\/\\\/www.ayadvogados.com.br\\\/?p=3682#primaryimage\"},\"thumbnailUrl\":\"https:\\\/\\\/www.ayadvogados.com.br\\\/wp-content\\\/uploads\\\/2025\\\/04\\\/Base-AY-Video-4.png\",\"keywords\":[\"amaral yazbek\",\"dincast\",\"dividas\",\"nova forma de regularizar\",\"receita federal\",\"Reforma Tribut\u00e1ria\"],\"articleSection\":[\"DINCast\"],\"inLanguage\":\"pt-BR\",\"potentialAction\":[{\"@type\":\"CommentAction\",\"name\":\"Comment\",\"target\":[\"https:\\\/\\\/www.ayadvogados.com.br\\\/?p=3682#respond\"]}]},{\"@type\":\"WebPage\",\"@id\":\"https:\\\/\\\/www.ayadvogados.com.br\\\/?p=3682\",\"url\":\"https:\\\/\\\/www.ayadvogados.com.br\\\/?p=3682\",\"name\":\"O Fim do PERSE em 2025: Empresas Podem Questionar na Justi\u00e7a?\",\"isPartOf\":{\"@id\":\"https:\\\/\\\/34.239.117.254\\\/#website\"},\"primaryImageOfPage\":{\"@id\":\"https:\\\/\\\/www.ayadvogados.com.br\\\/?p=3682#primaryimage\"},\"image\":{\"@id\":\"https:\\\/\\\/www.ayadvogados.com.br\\\/?p=3682#primaryimage\"},\"thumbnailUrl\":\"https:\\\/\\\/www.ayadvogados.com.br\\\/wp-content\\\/uploads\\\/2025\\\/04\\\/Base-AY-Video-4.png\",\"datePublished\":\"2025-04-02T12:33:06+00:00\",\"dateModified\":\"2025-04-02T12:33:07+00:00\",\"description\":\"O Fim do PERSE em 2025: Empresas Podem Questionar na Justi\u00e7a? Descubra os argumentos jur\u00eddicos e seus direitos como contribuinte.\",\"breadcrumb\":{\"@id\":\"https:\\\/\\\/www.ayadvogados.com.br\\\/?p=3682#breadcrumb\"},\"inLanguage\":\"pt-BR\",\"potentialAction\":[{\"@type\":\"ReadAction\",\"target\":[\"https:\\\/\\\/www.ayadvogados.com.br\\\/?p=3682\"]}]},{\"@type\":\"ImageObject\",\"inLanguage\":\"pt-BR\",\"@id\":\"https:\\\/\\\/www.ayadvogados.com.br\\\/?p=3682#primaryimage\",\"url\":\"https:\\\/\\\/www.ayadvogados.com.br\\\/wp-content\\\/uploads\\\/2025\\\/04\\\/Base-AY-Video-4.png\",\"contentUrl\":\"https:\\\/\\\/www.ayadvogados.com.br\\\/wp-content\\\/uploads\\\/2025\\\/04\\\/Base-AY-Video-4.png\",\"width\":1920,\"height\":1080,\"caption\":\"O Fim do PERSE em 2025: Empresas Podem Questionar na Justi\u00e7a?\"},{\"@type\":\"BreadcrumbList\",\"@id\":\"https:\\\/\\\/www.ayadvogados.com.br\\\/?p=3682#breadcrumb\",\"itemListElement\":[{\"@type\":\"ListItem\",\"position\":1,\"name\":\"In\u00edcio\",\"item\":\"https:\\\/\\\/34.239.117.254\\\/\"},{\"@type\":\"ListItem\",\"position\":2,\"name\":\"O Fim do PERSE em 2025: Empresas Podem Questionar na Justi\u00e7a?\"}]},{\"@type\":\"WebSite\",\"@id\":\"https:\\\/\\\/34.239.117.254\\\/#website\",\"url\":\"https:\\\/\\\/34.239.117.254\\\/\",\"name\":\"Amaral, Yazbek Advogados\",\"description\":\"Curitiba \u2022 Bras\u00edlia \u2022 S\u00e3o Paulo\",\"publisher\":{\"@id\":\"https:\\\/\\\/34.239.117.254\\\/#organization\"},\"potentialAction\":[{\"@type\":\"SearchAction\",\"target\":{\"@type\":\"EntryPoint\",\"urlTemplate\":\"https:\\\/\\\/34.239.117.254\\\/?s={search_term_string}\"},\"query-input\":{\"@type\":\"PropertyValueSpecification\",\"valueRequired\":true,\"valueName\":\"search_term_string\"}}],\"inLanguage\":\"pt-BR\"},{\"@type\":\"Organization\",\"@id\":\"https:\\\/\\\/34.239.117.254\\\/#organization\",\"name\":\"Amaral, Yazbek Advogados\",\"url\":\"https:\\\/\\\/34.239.117.254\\\/\",\"logo\":{\"@type\":\"ImageObject\",\"inLanguage\":\"pt-BR\",\"@id\":\"https:\\\/\\\/34.239.117.254\\\/#\\\/schema\\\/logo\\\/image\\\/\",\"url\":\"http:\\\/\\\/34.239.117.254\\\/wp-content\\\/uploads\\\/2021\\\/03\\\/logo-ay-g.png\",\"contentUrl\":\"http:\\\/\\\/34.239.117.254\\\/wp-content\\\/uploads\\\/2021\\\/03\\\/logo-ay-g.png\",\"width\":434,\"height\":106,\"caption\":\"Amaral, Yazbek Advogados\"},\"image\":{\"@id\":\"https:\\\/\\\/34.239.117.254\\\/#\\\/schema\\\/logo\\\/image\\\/\"},\"sameAs\":[\"https:\\\/\\\/www.facebook.com\\\/AYadvogados\",\"https:\\\/\\\/www.instagram.com\\\/ayadvogados\\\/\"]},{\"@type\":\"Person\",\"@id\":\"https:\\\/\\\/34.239.117.254\\\/#\\\/schema\\\/person\\\/4abfbf03ad3e577e691d333af064a912\",\"name\":\"AY Advogados\",\"image\":{\"@type\":\"ImageObject\",\"inLanguage\":\"pt-BR\",\"@id\":\"https:\\\/\\\/secure.gravatar.com\\\/avatar\\\/1473912b851241f5503026e6156e144dcd83ff7addb67f65e1ed9ca21ee1d9cf?s=96&d=mm&r=g\",\"url\":\"https:\\\/\\\/secure.gravatar.com\\\/avatar\\\/1473912b851241f5503026e6156e144dcd83ff7addb67f65e1ed9ca21ee1d9cf?s=96&d=mm&r=g\",\"contentUrl\":\"https:\\\/\\\/secure.gravatar.com\\\/avatar\\\/1473912b851241f5503026e6156e144dcd83ff7addb67f65e1ed9ca21ee1d9cf?s=96&d=mm&r=g\",\"caption\":\"AY Advogados\"},\"sameAs\":[\"https:\\\/\\\/ayadvogados.com.br\"],\"url\":\"https:\\\/\\\/www.ayadvogados.com.br\\\/?author=2\"}]}<\/script>\n<!-- \/ Yoast SEO plugin. -->","yoast_head_json":{"title":"O Fim do PERSE em 2025: Empresas Podem Questionar na Justi\u00e7a?","description":"O Fim do PERSE em 2025: Empresas Podem Questionar na Justi\u00e7a? Descubra os argumentos jur\u00eddicos e seus direitos como contribuinte.","robots":{"index":"index","follow":"follow","max-snippet":"max-snippet:-1","max-image-preview":"max-image-preview:large","max-video-preview":"max-video-preview:-1"},"canonical":"https:\/\/www.ayadvogados.com.br\/?p=3682","og_locale":"pt_BR","og_type":"article","og_title":"O Fim do PERSE em 2025: Empresas Podem Questionar na Justi\u00e7a?","og_description":"O Fim do PERSE em 2025: Empresas Podem Questionar na Justi\u00e7a? Descubra os argumentos jur\u00eddicos e seus direitos como contribuinte.","og_url":"https:\/\/www.ayadvogados.com.br\/?p=3682","og_site_name":"Amaral, Yazbek Advogados","article_publisher":"https:\/\/www.facebook.com\/AYadvogados","article_published_time":"2025-04-02T12:33:06+00:00","article_modified_time":"2025-04-02T12:33:07+00:00","og_image":[{"width":1920,"height":1080,"url":"https:\/\/www.ayadvogados.com.br\/wp-content\/uploads\/2025\/04\/Base-AY-Video-4.png","type":"image\/png"}],"author":"AY Advogados","twitter_card":"summary_large_image","twitter_misc":{"Escrito por":"AY Advogados","Est. tempo de leitura":"3 minutos"},"schema":{"@context":"https:\/\/schema.org","@graph":[{"@type":"Article","@id":"https:\/\/www.ayadvogados.com.br\/?p=3682#article","isPartOf":{"@id":"https:\/\/www.ayadvogados.com.br\/?p=3682"},"author":{"name":"AY Advogados","@id":"https:\/\/34.239.117.254\/#\/schema\/person\/4abfbf03ad3e577e691d333af064a912"},"headline":"O Fim do PERSE em 2025: Empresas Podem Questionar na Justi\u00e7a?","datePublished":"2025-04-02T12:33:06+00:00","dateModified":"2025-04-02T12:33:07+00:00","mainEntityOfPage":{"@id":"https:\/\/www.ayadvogados.com.br\/?p=3682"},"wordCount":469,"commentCount":0,"publisher":{"@id":"https:\/\/34.239.117.254\/#organization"},"image":{"@id":"https:\/\/www.ayadvogados.com.br\/?p=3682#primaryimage"},"thumbnailUrl":"https:\/\/www.ayadvogados.com.br\/wp-content\/uploads\/2025\/04\/Base-AY-Video-4.png","keywords":["amaral yazbek","dincast","dividas","nova forma de regularizar","receita federal","Reforma Tribut\u00e1ria"],"articleSection":["DINCast"],"inLanguage":"pt-BR","potentialAction":[{"@type":"CommentAction","name":"Comment","target":["https:\/\/www.ayadvogados.com.br\/?p=3682#respond"]}]},{"@type":"WebPage","@id":"https:\/\/www.ayadvogados.com.br\/?p=3682","url":"https:\/\/www.ayadvogados.com.br\/?p=3682","name":"O Fim do PERSE em 2025: Empresas Podem Questionar na Justi\u00e7a?","isPartOf":{"@id":"https:\/\/34.239.117.254\/#website"},"primaryImageOfPage":{"@id":"https:\/\/www.ayadvogados.com.br\/?p=3682#primaryimage"},"image":{"@id":"https:\/\/www.ayadvogados.com.br\/?p=3682#primaryimage"},"thumbnailUrl":"https:\/\/www.ayadvogados.com.br\/wp-content\/uploads\/2025\/04\/Base-AY-Video-4.png","datePublished":"2025-04-02T12:33:06+00:00","dateModified":"2025-04-02T12:33:07+00:00","description":"O Fim do PERSE em 2025: Empresas Podem Questionar na Justi\u00e7a? Descubra os argumentos jur\u00eddicos e seus direitos como contribuinte.","breadcrumb":{"@id":"https:\/\/www.ayadvogados.com.br\/?p=3682#breadcrumb"},"inLanguage":"pt-BR","potentialAction":[{"@type":"ReadAction","target":["https:\/\/www.ayadvogados.com.br\/?p=3682"]}]},{"@type":"ImageObject","inLanguage":"pt-BR","@id":"https:\/\/www.ayadvogados.com.br\/?p=3682#primaryimage","url":"https:\/\/www.ayadvogados.com.br\/wp-content\/uploads\/2025\/04\/Base-AY-Video-4.png","contentUrl":"https:\/\/www.ayadvogados.com.br\/wp-content\/uploads\/2025\/04\/Base-AY-Video-4.png","width":1920,"height":1080,"caption":"O Fim do PERSE em 2025: Empresas Podem Questionar na Justi\u00e7a?"},{"@type":"BreadcrumbList","@id":"https:\/\/www.ayadvogados.com.br\/?p=3682#breadcrumb","itemListElement":[{"@type":"ListItem","position":1,"name":"In\u00edcio","item":"https:\/\/34.239.117.254\/"},{"@type":"ListItem","position":2,"name":"O Fim do PERSE em 2025: Empresas Podem Questionar na Justi\u00e7a?"}]},{"@type":"WebSite","@id":"https:\/\/34.239.117.254\/#website","url":"https:\/\/34.239.117.254\/","name":"Amaral, Yazbek Advogados","description":"Curitiba \u2022 Bras\u00edlia \u2022 S\u00e3o Paulo","publisher":{"@id":"https:\/\/34.239.117.254\/#organization"},"potentialAction":[{"@type":"SearchAction","target":{"@type":"EntryPoint","urlTemplate":"https:\/\/34.239.117.254\/?s={search_term_string}"},"query-input":{"@type":"PropertyValueSpecification","valueRequired":true,"valueName":"search_term_string"}}],"inLanguage":"pt-BR"},{"@type":"Organization","@id":"https:\/\/34.239.117.254\/#organization","name":"Amaral, Yazbek Advogados","url":"https:\/\/34.239.117.254\/","logo":{"@type":"ImageObject","inLanguage":"pt-BR","@id":"https:\/\/34.239.117.254\/#\/schema\/logo\/image\/","url":"http:\/\/34.239.117.254\/wp-content\/uploads\/2021\/03\/logo-ay-g.png","contentUrl":"http:\/\/34.239.117.254\/wp-content\/uploads\/2021\/03\/logo-ay-g.png","width":434,"height":106,"caption":"Amaral, Yazbek Advogados"},"image":{"@id":"https:\/\/34.239.117.254\/#\/schema\/logo\/image\/"},"sameAs":["https:\/\/www.facebook.com\/AYadvogados","https:\/\/www.instagram.com\/ayadvogados\/"]},{"@type":"Person","@id":"https:\/\/34.239.117.254\/#\/schema\/person\/4abfbf03ad3e577e691d333af064a912","name":"AY Advogados","image":{"@type":"ImageObject","inLanguage":"pt-BR","@id":"https:\/\/secure.gravatar.com\/avatar\/1473912b851241f5503026e6156e144dcd83ff7addb67f65e1ed9ca21ee1d9cf?s=96&d=mm&r=g","url":"https:\/\/secure.gravatar.com\/avatar\/1473912b851241f5503026e6156e144dcd83ff7addb67f65e1ed9ca21ee1d9cf?s=96&d=mm&r=g","contentUrl":"https:\/\/secure.gravatar.com\/avatar\/1473912b851241f5503026e6156e144dcd83ff7addb67f65e1ed9ca21ee1d9cf?s=96&d=mm&r=g","caption":"AY Advogados"},"sameAs":["https:\/\/ayadvogados.com.br"],"url":"https:\/\/www.ayadvogados.com.br\/?author=2"}]}},"rttpg_featured_image_url":{"full":["https:\/\/www.ayadvogados.com.br\/wp-content\/uploads\/2025\/04\/Base-AY-Video-4.png",1920,1080,false],"landscape":["https:\/\/www.ayadvogados.com.br\/wp-content\/uploads\/2025\/04\/Base-AY-Video-4.png",1920,1080,false],"portraits":["https:\/\/www.ayadvogados.com.br\/wp-content\/uploads\/2025\/04\/Base-AY-Video-4.png",1920,1080,false],"thumbnail":["https:\/\/www.ayadvogados.com.br\/wp-content\/uploads\/2025\/04\/Base-AY-Video-4-150x150.png",150,150,true],"medium":["https:\/\/www.ayadvogados.com.br\/wp-content\/uploads\/2025\/04\/Base-AY-Video-4-300x169.png",300,169,true],"large":["https:\/\/www.ayadvogados.com.br\/wp-content\/uploads\/2025\/04\/Base-AY-Video-4-1024x576.png",1024,576,true],"1536x1536":["https:\/\/www.ayadvogados.com.br\/wp-content\/uploads\/2025\/04\/Base-AY-Video-4-1536x864.png",1536,864,true],"2048x2048":["https:\/\/www.ayadvogados.com.br\/wp-content\/uploads\/2025\/04\/Base-AY-Video-4.png",1920,1080,false]},"rttpg_author":{"display_name":"AY Advogados","author_link":"https:\/\/www.ayadvogados.com.br\/?author=2"},"rttpg_comment":0,"rttpg_category":"<a href=\"https:\/\/www.ayadvogados.com.br\/?cat=5\" rel=\"category\">DINCast<\/a>","rttpg_excerpt":"O Fim do PERSE em 2025: Empresas Podem Questionar na Justi\u00e7a? O Programa Emergencial de Retomada do Setor de Eventos (PERSE), criado para apoiar empresas afetadas pela pandemia, ser\u00e1 encerrado em abril de 2025. Mas ser\u00e1 que essa decis\u00e3o pode ser contestada na Justi\u00e7a? Entenda os impactos e os direitos dos contribuintes neste artigo. O&hellip;","_links":{"self":[{"href":"https:\/\/www.ayadvogados.com.br\/index.php?rest_route=\/wp\/v2\/posts\/3682","targetHints":{"allow":["GET"]}}],"collection":[{"href":"https:\/\/www.ayadvogados.com.br\/index.php?rest_route=\/wp\/v2\/posts"}],"about":[{"href":"https:\/\/www.ayadvogados.com.br\/index.php?rest_route=\/wp\/v2\/types\/post"}],"author":[{"embeddable":true,"href":"https:\/\/www.ayadvogados.com.br\/index.php?rest_route=\/wp\/v2\/users\/2"}],"replies":[{"embeddable":true,"href":"https:\/\/www.ayadvogados.com.br\/index.php?rest_route=%2Fwp%2Fv2%2Fcomments&post=3682"}],"version-history":[{"count":2,"href":"https:\/\/www.ayadvogados.com.br\/index.php?rest_route=\/wp\/v2\/posts\/3682\/revisions"}],"predecessor-version":[{"id":3686,"href":"https:\/\/www.ayadvogados.com.br\/index.php?rest_route=\/wp\/v2\/posts\/3682\/revisions\/3686"}],"wp:featuredmedia":[{"embeddable":true,"href":"https:\/\/www.ayadvogados.com.br\/index.php?rest_route=\/wp\/v2\/media\/3685"}],"wp:attachment":[{"href":"https:\/\/www.ayadvogados.com.br\/index.php?rest_route=%2Fwp%2Fv2%2Fmedia&parent=3682"}],"wp:term":[{"taxonomy":"category","embeddable":true,"href":"https:\/\/www.ayadvogados.com.br\/index.php?rest_route=%2Fwp%2Fv2%2Fcategories&post=3682"},{"taxonomy":"post_tag","embeddable":true,"href":"https:\/\/www.ayadvogados.com.br\/index.php?rest_route=%2Fwp%2Fv2%2Ftags&post=3682"}],"curies":[{"name":"wp","href":"https:\/\/api.w.org\/{rel}","templated":true}]}}