{"id":3636,"date":"2025-02-05T09:56:27","date_gmt":"2025-02-05T12:56:27","guid":{"rendered":"http:\/\/34.239.117.254\/?p=3636"},"modified":"2025-02-05T10:01:42","modified_gmt":"2025-02-05T13:01:42","slug":"receita-federal-reduz-compensacoes-tributarias-em-r-11-bilhoes","status":"publish","type":"post","link":"https:\/\/www.ayadvogados.com.br\/?p=3636","title":{"rendered":"Receita Federal reduz compensa\u00e7\u00f5es tribut\u00e1rias em R$ 11 bilh\u00f5es"},"content":{"rendered":"\n<p><strong>Receita Federal reduz compensa\u00e7\u00f5es tribut\u00e1rias em R$ 11 bilh\u00f5es<\/strong><\/p>\n\n\n\n<p>Em 2024, a Receita Federal implementou uma significativa redu\u00e7\u00e3o nas compensa\u00e7\u00f5es tribut\u00e1rias concedidas aos contribuintes, totalizando R$ 11,1 bilh\u00f5es. Esse movimento reverteu a tend\u00eancia de alta dos anos anteriores e impactou diretamente a arrecada\u00e7\u00e3o fiscal do pa\u00eds.<\/p>\n\n\n\n<h3 class=\"wp-block-heading\">Queda nas Compensa\u00e7\u00f5es Tribut\u00e1rias<\/h3>\n\n\n\n<p>A maior parte dessa redu\u00e7\u00e3o ocorreu nas compensa\u00e7\u00f5es do <strong>Imposto sobre Produtos Industrializados (IPI)<\/strong>, representando uma economia de <strong>R$ 8,1 bilh\u00f5es<\/strong>. Em seguida, as compensa\u00e7\u00f5es do <strong>PIS e Cofins<\/strong> ca\u00edram <strong>R$ 5 bilh\u00f5es<\/strong>, enquanto as do <strong>Imposto de Renda Pessoa Jur\u00eddica (IRPJ) e da Contribui\u00e7\u00e3o Social sobre o Lucro L\u00edquido (CSLL)<\/strong> tiveram uma queda de <strong>R$ 3,8 bilh\u00f5es<\/strong>.<\/p>\n\n\n\n<h3 class=\"wp-block-heading\">Impacto na Arrecada\u00e7\u00e3o<\/h3>\n\n\n\n<p>A redu\u00e7\u00e3o das compensa\u00e7\u00f5es foi um dos fatores respons\u00e1veis pelo aumento da arrecada\u00e7\u00e3o federal, que atingiu <strong>R$ 2,65 trilh\u00f5es em 2024<\/strong>, representando uma varia\u00e7\u00e3o real de <strong>9,62%<\/strong> em rela\u00e7\u00e3o ao ano anterior.<\/p>\n\n\n\n<p>O secret\u00e1rio da Receita Federal, <strong>Robinson Barreirinhas<\/strong>, celebrou o resultado e destacou que a estrat\u00e9gia da equipe econ\u00f4mica visa promover justi\u00e7a fiscal, buscando incluir na tributa\u00e7\u00e3o setores que anteriormente n\u00e3o estavam devidamente tributados. Barreirinhas tamb\u00e9m atribuiu o crescimento da arrecada\u00e7\u00e3o \u00e0 recupera\u00e7\u00e3o econ\u00f4mica, destacando a redu\u00e7\u00e3o hist\u00f3rica no \u00edndice de desemprego e sua contribui\u00e7\u00e3o para o aumento da receita tribut\u00e1ria.<\/p>\n\n\n\n<h3 class=\"wp-block-heading\">Principais Fatores para o Crescimento da Arrecada\u00e7\u00e3o<\/h3>\n\n\n\n<p>Al\u00e9m da queda nas compensa\u00e7\u00f5es, outros fatores influenciaram o resultado positivo da arrecada\u00e7\u00e3o federal:<\/p>\n\n\n\n<ul class=\"wp-block-list\">\n<li><strong>Retorno da tributa\u00e7\u00e3o do PIS\/Cofins sobre combust\u00edveis<\/strong>;<\/li>\n\n\n\n<li><strong>Tributa\u00e7\u00e3o de bens no exterior e de fundos exclusivos<\/strong>;<\/li>\n\n\n\n<li><strong>Aumento da arrecada\u00e7\u00e3o de IRPJ\/CSLL<\/strong>.<\/li>\n<\/ul>\n\n\n\n<p>No entanto, alguns dos fatores que contribu\u00edram para o crescimento da arrecada\u00e7\u00e3o foram classificados como <strong>n\u00e3o recorrentes<\/strong>, ou seja, n\u00e3o devem se repetir em 2025. Entre eles, destaca-se a arrecada\u00e7\u00e3o de <strong>R$ 20,6 bilh\u00f5es<\/strong> proveniente da tributa\u00e7\u00e3o de estoques de <strong>offshores e fundos exclusivos<\/strong>, sob condi\u00e7\u00f5es especiais.<\/p>\n\n\n\n<h3 class=\"wp-block-heading\">Perspectivas para 2025<\/h3>\n\n\n\n<p>Em dezembro de 2024, a arrecada\u00e7\u00e3o federal atingiu <strong>R$ 261 bilh\u00f5es<\/strong>, uma varia\u00e7\u00e3o real de <strong>24%<\/strong> em rela\u00e7\u00e3o a novembro. Apesar desse n\u00famero expressivo, especialistas apontam que pode haver uma desacelera\u00e7\u00e3o no ritmo de crescimento.<\/p>\n\n\n\n<p>O chefe do <strong>Centro de Estudos Tribut\u00e1rios e Aduaneiros da Receita Federal<\/strong> destacou que ainda \u00e9 cedo para prever o cen\u00e1rio de 2025, e que um panorama mais claro ser\u00e1 obtido ap\u00f3s a vota\u00e7\u00e3o da <strong>Lei Or\u00e7ament\u00e1ria Anual (LOA)<\/strong> pelo Congresso e a divulga\u00e7\u00e3o dos primeiros dados de receita e despesa no relat\u00f3rio de mar\u00e7o.<\/p>\n\n\n\n<p>Fique atento \u00e0s atualiza\u00e7\u00f5es para acompanhar como essas mudan\u00e7as afetar\u00e3o o cen\u00e1rio tribut\u00e1rio e econ\u00f4mico do pa\u00eds.<\/p>\n\n\n\n<p>Confira mais conte\u00fados! <a href=\"http:\/\/ayadvogados.com.br\/?page_id=67\">Blog &#8211; Amaral, Yazbek Advogados<\/a><\/p>\n\n\n\n<p>Fonte: <a href=\"https:\/\/www.jota.info\/tributos\/receita-federal-reduziu-as-compensacoes-tributarias-em-r-11-bilhoes-em-2024\">Receita reduziu as compensa\u00e7\u00f5es tribut\u00e1rias em R$ 11 bilh\u00f5es em 2024<\/a><\/p>\n","protected":false},"excerpt":{"rendered":"<p>Receita Federal reduz compensa\u00e7\u00f5es tribut\u00e1rias em R$ 11 bilh\u00f5es Em 2024, a Receita Federal implementou uma significativa redu\u00e7\u00e3o nas compensa\u00e7\u00f5es tribut\u00e1rias concedidas aos contribuintes, totalizando R$ 11,1 bilh\u00f5es. Esse movimento reverteu a tend\u00eancia de alta dos anos anteriores e impactou diretamente a arrecada\u00e7\u00e3o fiscal do pa\u00eds. Queda nas Compensa\u00e7\u00f5es Tribut\u00e1rias A maior parte dessa redu\u00e7\u00e3o [&hellip;]<\/p>\n","protected":false},"author":3,"featured_media":3638,"comment_status":"open","ping_status":"closed","sticky":false,"template":"","format":"standard","meta":{"footnotes":""},"categories":[1],"tags":[9,29,33,63,96,73],"class_list":["post-3636","post","type-post","status-publish","format-standard","has-post-thumbnail","hentry","category-noticia-do-dia","tag-amaral-yazbek","tag-empresas","tag-negocios","tag-noticia-do-dia","tag-reforma-tributaria","tag-retrospecto-tributario"],"blocksy_meta":{"styles_descriptor":{"styles":{"desktop":"","tablet":"","mobile":""},"google_fonts":[],"version":6}},"yoast_head":"<!-- This site is optimized with the Yoast SEO plugin v27.5 - https:\/\/yoast.com\/product\/yoast-seo-wordpress\/ -->\n<title>Receita Federal reduz compensa\u00e7\u00f5es tribut\u00e1rias em R$ 11 bilh\u00f5es<\/title>\n<meta name=\"description\" content=\"Receita Federal reduz compensa\u00e7\u00f5es tribut\u00e1rias em R$ 11 bilh\u00f5es em 2024. Esse movimento reverteu a tend\u00eancia de alta dos anos anteriores\" \/>\n<meta name=\"robots\" content=\"index, follow, max-snippet:-1, max-image-preview:large, max-video-preview:-1\" \/>\n<link rel=\"canonical\" href=\"https:\/\/www.ayadvogados.com.br\/?p=3636\" \/>\n<meta property=\"og:locale\" content=\"pt_BR\" \/>\n<meta property=\"og:type\" content=\"article\" \/>\n<meta property=\"og:title\" content=\"Receita Federal reduz compensa\u00e7\u00f5es tribut\u00e1rias em R$ 11 bilh\u00f5es\" \/>\n<meta property=\"og:description\" content=\"Receita Federal reduz compensa\u00e7\u00f5es tribut\u00e1rias em R$ 11 bilh\u00f5es em 2024. Esse movimento reverteu a tend\u00eancia de alta dos anos anteriores\" \/>\n<meta property=\"og:url\" content=\"https:\/\/www.ayadvogados.com.br\/?p=3636\" \/>\n<meta property=\"og:site_name\" content=\"Amaral, Yazbek Advogados\" \/>\n<meta property=\"article:publisher\" content=\"https:\/\/www.facebook.com\/AYadvogados\" \/>\n<meta property=\"article:published_time\" content=\"2025-02-05T12:56:27+00:00\" \/>\n<meta property=\"article:modified_time\" content=\"2025-02-05T13:01:42+00:00\" \/>\n<meta property=\"og:image\" content=\"https:\/\/www.ayadvogados.com.br\/wp-content\/uploads\/2025\/02\/Base-AY.png\" \/>\n\t<meta property=\"og:image:width\" content=\"1080\" \/>\n\t<meta property=\"og:image:height\" content=\"1350\" \/>\n\t<meta property=\"og:image:type\" content=\"image\/png\" \/>\n<meta name=\"author\" content=\"Infra\" \/>\n<meta name=\"twitter:card\" content=\"summary_large_image\" \/>\n<meta name=\"twitter:label1\" content=\"Escrito por\" \/>\n\t<meta name=\"twitter:data1\" content=\"Infra\" \/>\n\t<meta name=\"twitter:label2\" content=\"Est. tempo de leitura\" \/>\n\t<meta name=\"twitter:data2\" content=\"3 minutos\" \/>\n<script type=\"application\/ld+json\" class=\"yoast-schema-graph\">{\"@context\":\"https:\\\/\\\/schema.org\",\"@graph\":[{\"@type\":\"Article\",\"@id\":\"https:\\\/\\\/www.ayadvogados.com.br\\\/?p=3636#article\",\"isPartOf\":{\"@id\":\"https:\\\/\\\/www.ayadvogados.com.br\\\/?p=3636\"},\"author\":{\"name\":\"Infra\",\"@id\":\"https:\\\/\\\/www.ayadvogados.com.br\\\/#\\\/schema\\\/person\\\/6b9165a58758b048b8ea5a4fbd4ec3c4\"},\"headline\":\"Receita Federal reduz compensa\u00e7\u00f5es tribut\u00e1rias em R$ 11 bilh\u00f5es\",\"datePublished\":\"2025-02-05T12:56:27+00:00\",\"dateModified\":\"2025-02-05T13:01:42+00:00\",\"mainEntityOfPage\":{\"@id\":\"https:\\\/\\\/www.ayadvogados.com.br\\\/?p=3636\"},\"wordCount\":501,\"commentCount\":0,\"publisher\":{\"@id\":\"https:\\\/\\\/www.ayadvogados.com.br\\\/#organization\"},\"image\":{\"@id\":\"https:\\\/\\\/www.ayadvogados.com.br\\\/?p=3636#primaryimage\"},\"thumbnailUrl\":\"https:\\\/\\\/www.ayadvogados.com.br\\\/wp-content\\\/uploads\\\/2025\\\/02\\\/Base-AY.png\",\"keywords\":[\"amaral yazbek\",\"empresas\",\"neg\u00f3cios\",\"noticia do dia\",\"Reforma Tribut\u00e1ria\",\"retrospecto tribut\u00e1rio\"],\"articleSection\":[\"Not\u00edcia do Dia\"],\"inLanguage\":\"pt-BR\",\"potentialAction\":[{\"@type\":\"CommentAction\",\"name\":\"Comment\",\"target\":[\"https:\\\/\\\/www.ayadvogados.com.br\\\/?p=3636#respond\"]}]},{\"@type\":\"WebPage\",\"@id\":\"https:\\\/\\\/www.ayadvogados.com.br\\\/?p=3636\",\"url\":\"https:\\\/\\\/www.ayadvogados.com.br\\\/?p=3636\",\"name\":\"Receita Federal reduz compensa\u00e7\u00f5es tribut\u00e1rias em R$ 11 bilh\u00f5es\",\"isPartOf\":{\"@id\":\"https:\\\/\\\/www.ayadvogados.com.br\\\/#website\"},\"primaryImageOfPage\":{\"@id\":\"https:\\\/\\\/www.ayadvogados.com.br\\\/?p=3636#primaryimage\"},\"image\":{\"@id\":\"https:\\\/\\\/www.ayadvogados.com.br\\\/?p=3636#primaryimage\"},\"thumbnailUrl\":\"https:\\\/\\\/www.ayadvogados.com.br\\\/wp-content\\\/uploads\\\/2025\\\/02\\\/Base-AY.png\",\"datePublished\":\"2025-02-05T12:56:27+00:00\",\"dateModified\":\"2025-02-05T13:01:42+00:00\",\"description\":\"Receita Federal reduz compensa\u00e7\u00f5es tribut\u00e1rias em R$ 11 bilh\u00f5es em 2024. Esse movimento reverteu a tend\u00eancia de alta dos anos anteriores\",\"breadcrumb\":{\"@id\":\"https:\\\/\\\/www.ayadvogados.com.br\\\/?p=3636#breadcrumb\"},\"inLanguage\":\"pt-BR\",\"potentialAction\":[{\"@type\":\"ReadAction\",\"target\":[\"https:\\\/\\\/www.ayadvogados.com.br\\\/?p=3636\"]}]},{\"@type\":\"ImageObject\",\"inLanguage\":\"pt-BR\",\"@id\":\"https:\\\/\\\/www.ayadvogados.com.br\\\/?p=3636#primaryimage\",\"url\":\"https:\\\/\\\/www.ayadvogados.com.br\\\/wp-content\\\/uploads\\\/2025\\\/02\\\/Base-AY.png\",\"contentUrl\":\"https:\\\/\\\/www.ayadvogados.com.br\\\/wp-content\\\/uploads\\\/2025\\\/02\\\/Base-AY.png\",\"width\":1080,\"height\":1350},{\"@type\":\"BreadcrumbList\",\"@id\":\"https:\\\/\\\/www.ayadvogados.com.br\\\/?p=3636#breadcrumb\",\"itemListElement\":[{\"@type\":\"ListItem\",\"position\":1,\"name\":\"In\u00edcio\",\"item\":\"https:\\\/\\\/www.ayadvogados.com.br\\\/\"},{\"@type\":\"ListItem\",\"position\":2,\"name\":\"Receita Federal reduz compensa\u00e7\u00f5es tribut\u00e1rias em R$ 11 bilh\u00f5es\"}]},{\"@type\":\"WebSite\",\"@id\":\"https:\\\/\\\/www.ayadvogados.com.br\\\/#website\",\"url\":\"https:\\\/\\\/www.ayadvogados.com.br\\\/\",\"name\":\"Amaral, Yazbek Advogados\",\"description\":\"Curitiba \u2022 Bras\u00edlia \u2022 S\u00e3o Paulo\",\"publisher\":{\"@id\":\"https:\\\/\\\/www.ayadvogados.com.br\\\/#organization\"},\"potentialAction\":[{\"@type\":\"SearchAction\",\"target\":{\"@type\":\"EntryPoint\",\"urlTemplate\":\"https:\\\/\\\/www.ayadvogados.com.br\\\/?s={search_term_string}\"},\"query-input\":{\"@type\":\"PropertyValueSpecification\",\"valueRequired\":true,\"valueName\":\"search_term_string\"}}],\"inLanguage\":\"pt-BR\"},{\"@type\":\"Organization\",\"@id\":\"https:\\\/\\\/www.ayadvogados.com.br\\\/#organization\",\"name\":\"Amaral, Yazbek Advogados\",\"url\":\"https:\\\/\\\/www.ayadvogados.com.br\\\/\",\"logo\":{\"@type\":\"ImageObject\",\"inLanguage\":\"pt-BR\",\"@id\":\"https:\\\/\\\/www.ayadvogados.com.br\\\/#\\\/schema\\\/logo\\\/image\\\/\",\"url\":\"http:\\\/\\\/34.239.117.254\\\/wp-content\\\/uploads\\\/2021\\\/03\\\/logo-ay-g.png\",\"contentUrl\":\"http:\\\/\\\/34.239.117.254\\\/wp-content\\\/uploads\\\/2021\\\/03\\\/logo-ay-g.png\",\"width\":434,\"height\":106,\"caption\":\"Amaral, Yazbek Advogados\"},\"image\":{\"@id\":\"https:\\\/\\\/www.ayadvogados.com.br\\\/#\\\/schema\\\/logo\\\/image\\\/\"},\"sameAs\":[\"https:\\\/\\\/www.facebook.com\\\/AYadvogados\",\"https:\\\/\\\/www.instagram.com\\\/ayadvogados\\\/\"]},{\"@type\":\"Person\",\"@id\":\"https:\\\/\\\/www.ayadvogados.com.br\\\/#\\\/schema\\\/person\\\/6b9165a58758b048b8ea5a4fbd4ec3c4\",\"name\":\"Infra\",\"image\":{\"@type\":\"ImageObject\",\"inLanguage\":\"pt-BR\",\"@id\":\"https:\\\/\\\/secure.gravatar.com\\\/avatar\\\/60bf67293e186b9c834e31753dcc586dfcedb661d13b6b9ba29ac991ccafc035?s=96&d=mm&r=g\",\"url\":\"https:\\\/\\\/secure.gravatar.com\\\/avatar\\\/60bf67293e186b9c834e31753dcc586dfcedb661d13b6b9ba29ac991ccafc035?s=96&d=mm&r=g\",\"contentUrl\":\"https:\\\/\\\/secure.gravatar.com\\\/avatar\\\/60bf67293e186b9c834e31753dcc586dfcedb661d13b6b9ba29ac991ccafc035?s=96&d=mm&r=g\",\"caption\":\"Infra\"},\"url\":\"https:\\\/\\\/www.ayadvogados.com.br\\\/?author=3\"}]}<\/script>\n<!-- \/ Yoast SEO plugin. -->","yoast_head_json":{"title":"Receita Federal reduz compensa\u00e7\u00f5es tribut\u00e1rias em R$ 11 bilh\u00f5es","description":"Receita Federal reduz compensa\u00e7\u00f5es tribut\u00e1rias em R$ 11 bilh\u00f5es em 2024. Esse movimento reverteu a tend\u00eancia de alta dos anos anteriores","robots":{"index":"index","follow":"follow","max-snippet":"max-snippet:-1","max-image-preview":"max-image-preview:large","max-video-preview":"max-video-preview:-1"},"canonical":"https:\/\/www.ayadvogados.com.br\/?p=3636","og_locale":"pt_BR","og_type":"article","og_title":"Receita Federal reduz compensa\u00e7\u00f5es tribut\u00e1rias em R$ 11 bilh\u00f5es","og_description":"Receita Federal reduz compensa\u00e7\u00f5es tribut\u00e1rias em R$ 11 bilh\u00f5es em 2024. Esse movimento reverteu a tend\u00eancia de alta dos anos anteriores","og_url":"https:\/\/www.ayadvogados.com.br\/?p=3636","og_site_name":"Amaral, Yazbek Advogados","article_publisher":"https:\/\/www.facebook.com\/AYadvogados","article_published_time":"2025-02-05T12:56:27+00:00","article_modified_time":"2025-02-05T13:01:42+00:00","og_image":[{"width":1080,"height":1350,"url":"https:\/\/www.ayadvogados.com.br\/wp-content\/uploads\/2025\/02\/Base-AY.png","type":"image\/png"}],"author":"Infra","twitter_card":"summary_large_image","twitter_misc":{"Escrito por":"Infra","Est. tempo de leitura":"3 minutos"},"schema":{"@context":"https:\/\/schema.org","@graph":[{"@type":"Article","@id":"https:\/\/www.ayadvogados.com.br\/?p=3636#article","isPartOf":{"@id":"https:\/\/www.ayadvogados.com.br\/?p=3636"},"author":{"name":"Infra","@id":"https:\/\/www.ayadvogados.com.br\/#\/schema\/person\/6b9165a58758b048b8ea5a4fbd4ec3c4"},"headline":"Receita Federal reduz compensa\u00e7\u00f5es tribut\u00e1rias em R$ 11 bilh\u00f5es","datePublished":"2025-02-05T12:56:27+00:00","dateModified":"2025-02-05T13:01:42+00:00","mainEntityOfPage":{"@id":"https:\/\/www.ayadvogados.com.br\/?p=3636"},"wordCount":501,"commentCount":0,"publisher":{"@id":"https:\/\/www.ayadvogados.com.br\/#organization"},"image":{"@id":"https:\/\/www.ayadvogados.com.br\/?p=3636#primaryimage"},"thumbnailUrl":"https:\/\/www.ayadvogados.com.br\/wp-content\/uploads\/2025\/02\/Base-AY.png","keywords":["amaral yazbek","empresas","neg\u00f3cios","noticia do dia","Reforma Tribut\u00e1ria","retrospecto tribut\u00e1rio"],"articleSection":["Not\u00edcia do Dia"],"inLanguage":"pt-BR","potentialAction":[{"@type":"CommentAction","name":"Comment","target":["https:\/\/www.ayadvogados.com.br\/?p=3636#respond"]}]},{"@type":"WebPage","@id":"https:\/\/www.ayadvogados.com.br\/?p=3636","url":"https:\/\/www.ayadvogados.com.br\/?p=3636","name":"Receita Federal reduz compensa\u00e7\u00f5es tribut\u00e1rias em R$ 11 bilh\u00f5es","isPartOf":{"@id":"https:\/\/www.ayadvogados.com.br\/#website"},"primaryImageOfPage":{"@id":"https:\/\/www.ayadvogados.com.br\/?p=3636#primaryimage"},"image":{"@id":"https:\/\/www.ayadvogados.com.br\/?p=3636#primaryimage"},"thumbnailUrl":"https:\/\/www.ayadvogados.com.br\/wp-content\/uploads\/2025\/02\/Base-AY.png","datePublished":"2025-02-05T12:56:27+00:00","dateModified":"2025-02-05T13:01:42+00:00","description":"Receita Federal reduz compensa\u00e7\u00f5es tribut\u00e1rias em R$ 11 bilh\u00f5es em 2024. Esse movimento reverteu a tend\u00eancia de alta dos anos anteriores","breadcrumb":{"@id":"https:\/\/www.ayadvogados.com.br\/?p=3636#breadcrumb"},"inLanguage":"pt-BR","potentialAction":[{"@type":"ReadAction","target":["https:\/\/www.ayadvogados.com.br\/?p=3636"]}]},{"@type":"ImageObject","inLanguage":"pt-BR","@id":"https:\/\/www.ayadvogados.com.br\/?p=3636#primaryimage","url":"https:\/\/www.ayadvogados.com.br\/wp-content\/uploads\/2025\/02\/Base-AY.png","contentUrl":"https:\/\/www.ayadvogados.com.br\/wp-content\/uploads\/2025\/02\/Base-AY.png","width":1080,"height":1350},{"@type":"BreadcrumbList","@id":"https:\/\/www.ayadvogados.com.br\/?p=3636#breadcrumb","itemListElement":[{"@type":"ListItem","position":1,"name":"In\u00edcio","item":"https:\/\/www.ayadvogados.com.br\/"},{"@type":"ListItem","position":2,"name":"Receita Federal reduz compensa\u00e7\u00f5es tribut\u00e1rias em R$ 11 bilh\u00f5es"}]},{"@type":"WebSite","@id":"https:\/\/www.ayadvogados.com.br\/#website","url":"https:\/\/www.ayadvogados.com.br\/","name":"Amaral, Yazbek Advogados","description":"Curitiba \u2022 Bras\u00edlia \u2022 S\u00e3o Paulo","publisher":{"@id":"https:\/\/www.ayadvogados.com.br\/#organization"},"potentialAction":[{"@type":"SearchAction","target":{"@type":"EntryPoint","urlTemplate":"https:\/\/www.ayadvogados.com.br\/?s={search_term_string}"},"query-input":{"@type":"PropertyValueSpecification","valueRequired":true,"valueName":"search_term_string"}}],"inLanguage":"pt-BR"},{"@type":"Organization","@id":"https:\/\/www.ayadvogados.com.br\/#organization","name":"Amaral, Yazbek Advogados","url":"https:\/\/www.ayadvogados.com.br\/","logo":{"@type":"ImageObject","inLanguage":"pt-BR","@id":"https:\/\/www.ayadvogados.com.br\/#\/schema\/logo\/image\/","url":"http:\/\/34.239.117.254\/wp-content\/uploads\/2021\/03\/logo-ay-g.png","contentUrl":"http:\/\/34.239.117.254\/wp-content\/uploads\/2021\/03\/logo-ay-g.png","width":434,"height":106,"caption":"Amaral, Yazbek Advogados"},"image":{"@id":"https:\/\/www.ayadvogados.com.br\/#\/schema\/logo\/image\/"},"sameAs":["https:\/\/www.facebook.com\/AYadvogados","https:\/\/www.instagram.com\/ayadvogados\/"]},{"@type":"Person","@id":"https:\/\/www.ayadvogados.com.br\/#\/schema\/person\/6b9165a58758b048b8ea5a4fbd4ec3c4","name":"Infra","image":{"@type":"ImageObject","inLanguage":"pt-BR","@id":"https:\/\/secure.gravatar.com\/avatar\/60bf67293e186b9c834e31753dcc586dfcedb661d13b6b9ba29ac991ccafc035?s=96&d=mm&r=g","url":"https:\/\/secure.gravatar.com\/avatar\/60bf67293e186b9c834e31753dcc586dfcedb661d13b6b9ba29ac991ccafc035?s=96&d=mm&r=g","contentUrl":"https:\/\/secure.gravatar.com\/avatar\/60bf67293e186b9c834e31753dcc586dfcedb661d13b6b9ba29ac991ccafc035?s=96&d=mm&r=g","caption":"Infra"},"url":"https:\/\/www.ayadvogados.com.br\/?author=3"}]}},"rttpg_featured_image_url":{"full":["https:\/\/www.ayadvogados.com.br\/wp-content\/uploads\/2025\/02\/Base-AY.png",1080,1350,false],"landscape":["https:\/\/www.ayadvogados.com.br\/wp-content\/uploads\/2025\/02\/Base-AY.png",1080,1350,false],"portraits":["https:\/\/www.ayadvogados.com.br\/wp-content\/uploads\/2025\/02\/Base-AY.png",1080,1350,false],"thumbnail":["https:\/\/www.ayadvogados.com.br\/wp-content\/uploads\/2025\/02\/Base-AY-150x150.png",150,150,true],"medium":["https:\/\/www.ayadvogados.com.br\/wp-content\/uploads\/2025\/02\/Base-AY-240x300.png",240,300,true],"large":["https:\/\/www.ayadvogados.com.br\/wp-content\/uploads\/2025\/02\/Base-AY-819x1024.png",819,1024,true],"1536x1536":["https:\/\/www.ayadvogados.com.br\/wp-content\/uploads\/2025\/02\/Base-AY.png",1080,1350,false],"2048x2048":["https:\/\/www.ayadvogados.com.br\/wp-content\/uploads\/2025\/02\/Base-AY.png",1080,1350,false]},"rttpg_author":{"display_name":"Infra","author_link":"https:\/\/www.ayadvogados.com.br\/?author=3"},"rttpg_comment":0,"rttpg_category":"<a href=\"https:\/\/www.ayadvogados.com.br\/?cat=1\" rel=\"category\">Not\u00edcia do Dia<\/a>","rttpg_excerpt":"Receita Federal reduz compensa\u00e7\u00f5es tribut\u00e1rias em R$ 11 bilh\u00f5es Em 2024, a Receita Federal implementou uma significativa redu\u00e7\u00e3o nas compensa\u00e7\u00f5es tribut\u00e1rias concedidas aos contribuintes, totalizando R$ 11,1 bilh\u00f5es. Esse movimento reverteu a tend\u00eancia de alta dos anos anteriores e impactou diretamente a arrecada\u00e7\u00e3o fiscal do pa\u00eds. Queda nas Compensa\u00e7\u00f5es Tribut\u00e1rias A maior parte dessa redu\u00e7\u00e3o&hellip;","_links":{"self":[{"href":"https:\/\/www.ayadvogados.com.br\/index.php?rest_route=\/wp\/v2\/posts\/3636","targetHints":{"allow":["GET"]}}],"collection":[{"href":"https:\/\/www.ayadvogados.com.br\/index.php?rest_route=\/wp\/v2\/posts"}],"about":[{"href":"https:\/\/www.ayadvogados.com.br\/index.php?rest_route=\/wp\/v2\/types\/post"}],"author":[{"embeddable":true,"href":"https:\/\/www.ayadvogados.com.br\/index.php?rest_route=\/wp\/v2\/users\/3"}],"replies":[{"embeddable":true,"href":"https:\/\/www.ayadvogados.com.br\/index.php?rest_route=%2Fwp%2Fv2%2Fcomments&post=3636"}],"version-history":[{"count":2,"href":"https:\/\/www.ayadvogados.com.br\/index.php?rest_route=\/wp\/v2\/posts\/3636\/revisions"}],"predecessor-version":[{"id":3639,"href":"https:\/\/www.ayadvogados.com.br\/index.php?rest_route=\/wp\/v2\/posts\/3636\/revisions\/3639"}],"wp:featuredmedia":[{"embeddable":true,"href":"https:\/\/www.ayadvogados.com.br\/index.php?rest_route=\/wp\/v2\/media\/3638"}],"wp:attachment":[{"href":"https:\/\/www.ayadvogados.com.br\/index.php?rest_route=%2Fwp%2Fv2%2Fmedia&parent=3636"}],"wp:term":[{"taxonomy":"category","embeddable":true,"href":"https:\/\/www.ayadvogados.com.br\/index.php?rest_route=%2Fwp%2Fv2%2Fcategories&post=3636"},{"taxonomy":"post_tag","embeddable":true,"href":"https:\/\/www.ayadvogados.com.br\/index.php?rest_route=%2Fwp%2Fv2%2Ftags&post=3636"}],"curies":[{"name":"wp","href":"https:\/\/api.w.org\/{rel}","templated":true}]}}