{"id":3629,"date":"2025-01-29T16:11:29","date_gmt":"2025-01-29T19:11:29","guid":{"rendered":"http:\/\/34.239.117.254\/?p=3629"},"modified":"2025-01-29T16:14:24","modified_gmt":"2025-01-29T19:14:24","slug":"vetos-da-reforma-tributaria-e-os-fundos-de-investimento","status":"publish","type":"post","link":"https:\/\/www.ayadvogados.com.br\/?p=3629","title":{"rendered":"Vetos da Reforma Tribut\u00e1ria e os Fundos de Investimento"},"content":{"rendered":"\n<p>Vetos da Reforma Tribut\u00e1ria e os Fundos de Investimento<\/p>\n\n\n\n<p>A recente san\u00e7\u00e3o do <strong>PLP 68\/2024<\/strong>, que regulamenta a <strong>Reforma Tribut\u00e1ria<\/strong>, veio acompanhada de <strong>18 vetos presidenciais<\/strong>. Entre os mais debatidos est\u00e1 a exclus\u00e3o dos <strong>fundos de investimento imobili\u00e1rio (FII) e do agroneg\u00f3cio (Fiagro)<\/strong> do rol de <strong>n\u00e3o contribuintes<\/strong> do <strong>Imposto sobre Bens e Servi\u00e7os (IBS) e da Contribui\u00e7\u00e3o sobre Bens e Servi\u00e7os (CBS)<\/strong>.<\/p>\n\n\n\n<p>A decis\u00e3o gerou d\u00favidas no mercado financeiro e levantou preocupa\u00e7\u00f5es sobre a <strong>poss\u00edvel tributa\u00e7\u00e3o<\/strong> desses fundos, o que pode levar a disputas judiciais e debates no Congresso Nacional.<\/p>\n\n\n\n<h2 class=\"wp-block-heading\"><strong>O que muda para os Fundos de Investimento?<\/strong><\/h2>\n\n\n\n<p>Antes da san\u00e7\u00e3o da lei, o texto previa que os <strong>fundos de investimento n\u00e3o seriam contribuintes do IBS e da CBS<\/strong>. Entretanto, o veto presidencial removeu essa previs\u00e3o, deixando margem para interpreta\u00e7\u00f5es de que esses fundos possam ser tributados.<\/p>\n\n\n\n<p>Especialistas destacam que:<\/p>\n\n\n\n<p>\u2705 A exclus\u00e3o da isen\u00e7\u00e3o pode afetar <strong>fundos imobili\u00e1rios e do agroneg\u00f3cio<\/strong>, tornando-os potenciais contribuintes do IBS e da CBS.<br>\u2705 Ainda h\u00e1 incerteza se <strong>fundos de investimentos em geral<\/strong> ser\u00e3o impactados pela tributa\u00e7\u00e3o sobre suas aplica\u00e7\u00f5es.<br>\u2705 O <strong>Minist\u00e9rio da Fazenda<\/strong> afirma que n\u00e3o h\u00e1 inten\u00e7\u00e3o de tributar as opera\u00e7\u00f5es dos fundos em <strong>t\u00edtulos e valores mobili\u00e1rios<\/strong>, mas reconhece o risco de inseguran\u00e7a jur\u00eddica.<\/p>\n\n\n\n<h2 class=\"wp-block-heading\"><strong>Por que os vetos foram feitos?<\/strong><\/h2>\n\n\n\n<p>O governo justifica os vetos argumentando que a <strong>Emenda Constitucional 132\/2023<\/strong>, que criou o novo sistema tribut\u00e1rio, <strong>n\u00e3o prev\u00ea isen\u00e7\u00e3o espec\u00edfica para esses fundos<\/strong>. Al\u00e9m disso, h\u00e1 o receio de que a medida seja usada para <strong>planejamento tribut\u00e1rio abusivo<\/strong>, como a cria\u00e7\u00e3o de <strong>fundos menores<\/strong> para administrar im\u00f3veis e evitar tributa\u00e7\u00e3o sobre alugu\u00e9is.<\/p>\n\n\n\n<h2 class=\"wp-block-heading\"><strong>O que esperar agora?<\/strong><\/h2>\n\n\n\n<p>\ud83d\udd39 Os vetos ainda podem ser <strong>derrubados pelo Congresso Nacional<\/strong>, caso deputados e senadores considerem que a tributa\u00e7\u00e3o pode prejudicar o setor financeiro e a economia.<br>\ud83d\udd39 Se os vetos forem mantidos, h\u00e1 chances de <strong>judicializa\u00e7\u00e3o<\/strong>, com questionamentos sobre a incid\u00eancia do IBS e da CBS nesses fundos.<br>\ud83d\udd39 A Fazenda admite que pode haver ajustes no texto para esclarecer a quest\u00e3o e garantir seguran\u00e7a jur\u00eddica ao mercado.<\/p>\n\n\n\n<p>A exclus\u00e3o da isen\u00e7\u00e3o dos fundos imobili\u00e1rios e do agroneg\u00f3cio na Reforma Tribut\u00e1ria gera um cen\u00e1rio de <strong>incerteza e inseguran\u00e7a jur\u00eddica<\/strong>. A decis\u00e3o final ainda depende do Congresso Nacional e, possivelmente, do Judici\u00e1rio. Enquanto isso, o mercado segue atento aos desdobramentos dessa nova realidade tribut\u00e1ria. <strong>O que voc\u00ea acha desses Vetos da Reforma Tribut\u00e1ria e os Fundos de Investimento mudan\u00e7a? <\/strong><\/p>\n\n\n\n<p>Fonte: <a href=\"https:\/\/www.jota.info\/tributos\/vetos-da-reforma-geram-duvidas-sobre-alcance-do-ibs-cbs-nos-fundos-de-investimentos\">https:\/\/www.jota.info\/tributos\/vetos-da-reforma-geram-duvidas-sobre-alcance-do-ibs-cbs-nos-fundos-de-investimentos<\/a> <\/p>\n","protected":false},"excerpt":{"rendered":"<p>Vetos da Reforma Tribut\u00e1ria e os Fundos de Investimento A recente san\u00e7\u00e3o do PLP 68\/2024, que regulamenta a Reforma Tribut\u00e1ria, veio acompanhada de 18 vetos presidenciais. Entre os mais debatidos est\u00e1 a exclus\u00e3o dos fundos de investimento imobili\u00e1rio (FII) e do agroneg\u00f3cio (Fiagro) do rol de n\u00e3o contribuintes do Imposto sobre Bens e Servi\u00e7os (IBS) [&hellip;]<\/p>\n","protected":false},"author":3,"featured_media":3631,"comment_status":"open","ping_status":"closed","sticky":false,"template":"","format":"standard","meta":{"footnotes":""},"categories":[1],"tags":[9,29,33,63,96,73],"class_list":["post-3629","post","type-post","status-publish","format-standard","has-post-thumbnail","hentry","category-noticia-do-dia","tag-amaral-yazbek","tag-empresas","tag-negocios","tag-noticia-do-dia","tag-reforma-tributaria","tag-retrospecto-tributario"],"blocksy_meta":{"styles_descriptor":{"styles":{"desktop":"","tablet":"","mobile":""},"google_fonts":[],"version":6}},"yoast_head":"<!-- This site is optimized with the Yoast SEO plugin v27.5 - https:\/\/yoast.com\/product\/yoast-seo-wordpress\/ -->\n<title>Vetos da Reforma Tribut\u00e1ria e os Fundos de Investimento<\/title>\n<meta name=\"description\" content=\"Vetos da Reforma Tribut\u00e1ria e os Fundos de Investimento. A recente san\u00e7\u00e3o do PLP 68\/2024, veio acompanhada de 18 vetos presidenciais.\" \/>\n<meta name=\"robots\" content=\"index, follow, max-snippet:-1, max-image-preview:large, max-video-preview:-1\" \/>\n<link rel=\"canonical\" href=\"https:\/\/www.ayadvogados.com.br\/?p=3629\" \/>\n<meta property=\"og:locale\" content=\"pt_BR\" \/>\n<meta property=\"og:type\" content=\"article\" \/>\n<meta property=\"og:title\" content=\"Vetos da Reforma Tribut\u00e1ria e os Fundos de Investimento\" \/>\n<meta property=\"og:description\" content=\"Vetos da Reforma Tribut\u00e1ria e os Fundos de Investimento. A recente san\u00e7\u00e3o do PLP 68\/2024, veio acompanhada de 18 vetos presidenciais.\" \/>\n<meta property=\"og:url\" content=\"https:\/\/www.ayadvogados.com.br\/?p=3629\" \/>\n<meta property=\"og:site_name\" content=\"Amaral, Yazbek Advogados\" \/>\n<meta property=\"article:publisher\" content=\"https:\/\/www.facebook.com\/AYadvogados\" \/>\n<meta property=\"article:published_time\" content=\"2025-01-29T19:11:29+00:00\" \/>\n<meta property=\"article:modified_time\" content=\"2025-01-29T19:14:24+00:00\" \/>\n<meta property=\"og:image\" content=\"https:\/\/www.ayadvogados.com.br\/wp-content\/uploads\/2025\/01\/0909-a-1609.png\" \/>\n\t<meta property=\"og:image:width\" content=\"1080\" \/>\n\t<meta property=\"og:image:height\" content=\"1080\" \/>\n\t<meta property=\"og:image:type\" content=\"image\/png\" \/>\n<meta name=\"author\" content=\"Infra\" \/>\n<meta name=\"twitter:card\" content=\"summary_large_image\" \/>\n<meta name=\"twitter:label1\" content=\"Escrito por\" \/>\n\t<meta name=\"twitter:data1\" content=\"Infra\" \/>\n\t<meta name=\"twitter:label2\" content=\"Est. tempo de leitura\" \/>\n\t<meta name=\"twitter:data2\" content=\"3 minutos\" \/>\n<script type=\"application\/ld+json\" class=\"yoast-schema-graph\">{\"@context\":\"https:\\\/\\\/schema.org\",\"@graph\":[{\"@type\":\"Article\",\"@id\":\"https:\\\/\\\/www.ayadvogados.com.br\\\/?p=3629#article\",\"isPartOf\":{\"@id\":\"https:\\\/\\\/www.ayadvogados.com.br\\\/?p=3629\"},\"author\":{\"name\":\"Infra\",\"@id\":\"https:\\\/\\\/www.ayadvogados.com.br\\\/#\\\/schema\\\/person\\\/6b9165a58758b048b8ea5a4fbd4ec3c4\"},\"headline\":\"Vetos da Reforma Tribut\u00e1ria e os Fundos de Investimento\",\"datePublished\":\"2025-01-29T19:11:29+00:00\",\"dateModified\":\"2025-01-29T19:14:24+00:00\",\"mainEntityOfPage\":{\"@id\":\"https:\\\/\\\/www.ayadvogados.com.br\\\/?p=3629\"},\"wordCount\":468,\"commentCount\":0,\"publisher\":{\"@id\":\"https:\\\/\\\/www.ayadvogados.com.br\\\/#organization\"},\"image\":{\"@id\":\"https:\\\/\\\/www.ayadvogados.com.br\\\/?p=3629#primaryimage\"},\"thumbnailUrl\":\"https:\\\/\\\/www.ayadvogados.com.br\\\/wp-content\\\/uploads\\\/2025\\\/01\\\/0909-a-1609.png\",\"keywords\":[\"amaral yazbek\",\"empresas\",\"neg\u00f3cios\",\"noticia do dia\",\"Reforma Tribut\u00e1ria\",\"retrospecto tribut\u00e1rio\"],\"articleSection\":[\"Not\u00edcia do Dia\"],\"inLanguage\":\"pt-BR\",\"potentialAction\":[{\"@type\":\"CommentAction\",\"name\":\"Comment\",\"target\":[\"https:\\\/\\\/www.ayadvogados.com.br\\\/?p=3629#respond\"]}]},{\"@type\":\"WebPage\",\"@id\":\"https:\\\/\\\/www.ayadvogados.com.br\\\/?p=3629\",\"url\":\"https:\\\/\\\/www.ayadvogados.com.br\\\/?p=3629\",\"name\":\"Vetos da Reforma Tribut\u00e1ria e os Fundos de Investimento\",\"isPartOf\":{\"@id\":\"https:\\\/\\\/www.ayadvogados.com.br\\\/#website\"},\"primaryImageOfPage\":{\"@id\":\"https:\\\/\\\/www.ayadvogados.com.br\\\/?p=3629#primaryimage\"},\"image\":{\"@id\":\"https:\\\/\\\/www.ayadvogados.com.br\\\/?p=3629#primaryimage\"},\"thumbnailUrl\":\"https:\\\/\\\/www.ayadvogados.com.br\\\/wp-content\\\/uploads\\\/2025\\\/01\\\/0909-a-1609.png\",\"datePublished\":\"2025-01-29T19:11:29+00:00\",\"dateModified\":\"2025-01-29T19:14:24+00:00\",\"description\":\"Vetos da Reforma Tribut\u00e1ria e os Fundos de Investimento. A recente san\u00e7\u00e3o do PLP 68\\\/2024, veio acompanhada de 18 vetos presidenciais.\",\"breadcrumb\":{\"@id\":\"https:\\\/\\\/www.ayadvogados.com.br\\\/?p=3629#breadcrumb\"},\"inLanguage\":\"pt-BR\",\"potentialAction\":[{\"@type\":\"ReadAction\",\"target\":[\"https:\\\/\\\/www.ayadvogados.com.br\\\/?p=3629\"]}]},{\"@type\":\"ImageObject\",\"inLanguage\":\"pt-BR\",\"@id\":\"https:\\\/\\\/www.ayadvogados.com.br\\\/?p=3629#primaryimage\",\"url\":\"https:\\\/\\\/www.ayadvogados.com.br\\\/wp-content\\\/uploads\\\/2025\\\/01\\\/0909-a-1609.png\",\"contentUrl\":\"https:\\\/\\\/www.ayadvogados.com.br\\\/wp-content\\\/uploads\\\/2025\\\/01\\\/0909-a-1609.png\",\"width\":1080,\"height\":1080,\"caption\":\"Vetos da Reforma Tribut\u00e1ria e os Fundos de Investimento\"},{\"@type\":\"BreadcrumbList\",\"@id\":\"https:\\\/\\\/www.ayadvogados.com.br\\\/?p=3629#breadcrumb\",\"itemListElement\":[{\"@type\":\"ListItem\",\"position\":1,\"name\":\"In\u00edcio\",\"item\":\"https:\\\/\\\/www.ayadvogados.com.br\\\/\"},{\"@type\":\"ListItem\",\"position\":2,\"name\":\"Vetos da Reforma Tribut\u00e1ria e os Fundos de Investimento\"}]},{\"@type\":\"WebSite\",\"@id\":\"https:\\\/\\\/www.ayadvogados.com.br\\\/#website\",\"url\":\"https:\\\/\\\/www.ayadvogados.com.br\\\/\",\"name\":\"Amaral, Yazbek Advogados\",\"description\":\"Curitiba \u2022 Bras\u00edlia \u2022 S\u00e3o Paulo\",\"publisher\":{\"@id\":\"https:\\\/\\\/www.ayadvogados.com.br\\\/#organization\"},\"potentialAction\":[{\"@type\":\"SearchAction\",\"target\":{\"@type\":\"EntryPoint\",\"urlTemplate\":\"https:\\\/\\\/www.ayadvogados.com.br\\\/?s={search_term_string}\"},\"query-input\":{\"@type\":\"PropertyValueSpecification\",\"valueRequired\":true,\"valueName\":\"search_term_string\"}}],\"inLanguage\":\"pt-BR\"},{\"@type\":\"Organization\",\"@id\":\"https:\\\/\\\/www.ayadvogados.com.br\\\/#organization\",\"name\":\"Amaral, Yazbek Advogados\",\"url\":\"https:\\\/\\\/www.ayadvogados.com.br\\\/\",\"logo\":{\"@type\":\"ImageObject\",\"inLanguage\":\"pt-BR\",\"@id\":\"https:\\\/\\\/www.ayadvogados.com.br\\\/#\\\/schema\\\/logo\\\/image\\\/\",\"url\":\"http:\\\/\\\/34.239.117.254\\\/wp-content\\\/uploads\\\/2021\\\/03\\\/logo-ay-g.png\",\"contentUrl\":\"http:\\\/\\\/34.239.117.254\\\/wp-content\\\/uploads\\\/2021\\\/03\\\/logo-ay-g.png\",\"width\":434,\"height\":106,\"caption\":\"Amaral, Yazbek Advogados\"},\"image\":{\"@id\":\"https:\\\/\\\/www.ayadvogados.com.br\\\/#\\\/schema\\\/logo\\\/image\\\/\"},\"sameAs\":[\"https:\\\/\\\/www.facebook.com\\\/AYadvogados\",\"https:\\\/\\\/www.instagram.com\\\/ayadvogados\\\/\"]},{\"@type\":\"Person\",\"@id\":\"https:\\\/\\\/www.ayadvogados.com.br\\\/#\\\/schema\\\/person\\\/6b9165a58758b048b8ea5a4fbd4ec3c4\",\"name\":\"Infra\",\"image\":{\"@type\":\"ImageObject\",\"inLanguage\":\"pt-BR\",\"@id\":\"https:\\\/\\\/secure.gravatar.com\\\/avatar\\\/60bf67293e186b9c834e31753dcc586dfcedb661d13b6b9ba29ac991ccafc035?s=96&d=mm&r=g\",\"url\":\"https:\\\/\\\/secure.gravatar.com\\\/avatar\\\/60bf67293e186b9c834e31753dcc586dfcedb661d13b6b9ba29ac991ccafc035?s=96&d=mm&r=g\",\"contentUrl\":\"https:\\\/\\\/secure.gravatar.com\\\/avatar\\\/60bf67293e186b9c834e31753dcc586dfcedb661d13b6b9ba29ac991ccafc035?s=96&d=mm&r=g\",\"caption\":\"Infra\"},\"url\":\"https:\\\/\\\/www.ayadvogados.com.br\\\/?author=3\"}]}<\/script>\n<!-- \/ Yoast SEO plugin. -->","yoast_head_json":{"title":"Vetos da Reforma Tribut\u00e1ria e os Fundos de Investimento","description":"Vetos da Reforma Tribut\u00e1ria e os Fundos de Investimento. A recente san\u00e7\u00e3o do PLP 68\/2024, veio acompanhada de 18 vetos presidenciais.","robots":{"index":"index","follow":"follow","max-snippet":"max-snippet:-1","max-image-preview":"max-image-preview:large","max-video-preview":"max-video-preview:-1"},"canonical":"https:\/\/www.ayadvogados.com.br\/?p=3629","og_locale":"pt_BR","og_type":"article","og_title":"Vetos da Reforma Tribut\u00e1ria e os Fundos de Investimento","og_description":"Vetos da Reforma Tribut\u00e1ria e os Fundos de Investimento. A recente san\u00e7\u00e3o do PLP 68\/2024, veio acompanhada de 18 vetos presidenciais.","og_url":"https:\/\/www.ayadvogados.com.br\/?p=3629","og_site_name":"Amaral, Yazbek Advogados","article_publisher":"https:\/\/www.facebook.com\/AYadvogados","article_published_time":"2025-01-29T19:11:29+00:00","article_modified_time":"2025-01-29T19:14:24+00:00","og_image":[{"width":1080,"height":1080,"url":"https:\/\/www.ayadvogados.com.br\/wp-content\/uploads\/2025\/01\/0909-a-1609.png","type":"image\/png"}],"author":"Infra","twitter_card":"summary_large_image","twitter_misc":{"Escrito por":"Infra","Est. tempo de leitura":"3 minutos"},"schema":{"@context":"https:\/\/schema.org","@graph":[{"@type":"Article","@id":"https:\/\/www.ayadvogados.com.br\/?p=3629#article","isPartOf":{"@id":"https:\/\/www.ayadvogados.com.br\/?p=3629"},"author":{"name":"Infra","@id":"https:\/\/www.ayadvogados.com.br\/#\/schema\/person\/6b9165a58758b048b8ea5a4fbd4ec3c4"},"headline":"Vetos da Reforma Tribut\u00e1ria e os Fundos de Investimento","datePublished":"2025-01-29T19:11:29+00:00","dateModified":"2025-01-29T19:14:24+00:00","mainEntityOfPage":{"@id":"https:\/\/www.ayadvogados.com.br\/?p=3629"},"wordCount":468,"commentCount":0,"publisher":{"@id":"https:\/\/www.ayadvogados.com.br\/#organization"},"image":{"@id":"https:\/\/www.ayadvogados.com.br\/?p=3629#primaryimage"},"thumbnailUrl":"https:\/\/www.ayadvogados.com.br\/wp-content\/uploads\/2025\/01\/0909-a-1609.png","keywords":["amaral yazbek","empresas","neg\u00f3cios","noticia do dia","Reforma Tribut\u00e1ria","retrospecto tribut\u00e1rio"],"articleSection":["Not\u00edcia do Dia"],"inLanguage":"pt-BR","potentialAction":[{"@type":"CommentAction","name":"Comment","target":["https:\/\/www.ayadvogados.com.br\/?p=3629#respond"]}]},{"@type":"WebPage","@id":"https:\/\/www.ayadvogados.com.br\/?p=3629","url":"https:\/\/www.ayadvogados.com.br\/?p=3629","name":"Vetos da Reforma Tribut\u00e1ria e os Fundos de Investimento","isPartOf":{"@id":"https:\/\/www.ayadvogados.com.br\/#website"},"primaryImageOfPage":{"@id":"https:\/\/www.ayadvogados.com.br\/?p=3629#primaryimage"},"image":{"@id":"https:\/\/www.ayadvogados.com.br\/?p=3629#primaryimage"},"thumbnailUrl":"https:\/\/www.ayadvogados.com.br\/wp-content\/uploads\/2025\/01\/0909-a-1609.png","datePublished":"2025-01-29T19:11:29+00:00","dateModified":"2025-01-29T19:14:24+00:00","description":"Vetos da Reforma Tribut\u00e1ria e os Fundos de Investimento. A recente san\u00e7\u00e3o do PLP 68\/2024, veio acompanhada de 18 vetos presidenciais.","breadcrumb":{"@id":"https:\/\/www.ayadvogados.com.br\/?p=3629#breadcrumb"},"inLanguage":"pt-BR","potentialAction":[{"@type":"ReadAction","target":["https:\/\/www.ayadvogados.com.br\/?p=3629"]}]},{"@type":"ImageObject","inLanguage":"pt-BR","@id":"https:\/\/www.ayadvogados.com.br\/?p=3629#primaryimage","url":"https:\/\/www.ayadvogados.com.br\/wp-content\/uploads\/2025\/01\/0909-a-1609.png","contentUrl":"https:\/\/www.ayadvogados.com.br\/wp-content\/uploads\/2025\/01\/0909-a-1609.png","width":1080,"height":1080,"caption":"Vetos da Reforma Tribut\u00e1ria e os Fundos de Investimento"},{"@type":"BreadcrumbList","@id":"https:\/\/www.ayadvogados.com.br\/?p=3629#breadcrumb","itemListElement":[{"@type":"ListItem","position":1,"name":"In\u00edcio","item":"https:\/\/www.ayadvogados.com.br\/"},{"@type":"ListItem","position":2,"name":"Vetos da Reforma Tribut\u00e1ria e os Fundos de Investimento"}]},{"@type":"WebSite","@id":"https:\/\/www.ayadvogados.com.br\/#website","url":"https:\/\/www.ayadvogados.com.br\/","name":"Amaral, Yazbek Advogados","description":"Curitiba \u2022 Bras\u00edlia \u2022 S\u00e3o Paulo","publisher":{"@id":"https:\/\/www.ayadvogados.com.br\/#organization"},"potentialAction":[{"@type":"SearchAction","target":{"@type":"EntryPoint","urlTemplate":"https:\/\/www.ayadvogados.com.br\/?s={search_term_string}"},"query-input":{"@type":"PropertyValueSpecification","valueRequired":true,"valueName":"search_term_string"}}],"inLanguage":"pt-BR"},{"@type":"Organization","@id":"https:\/\/www.ayadvogados.com.br\/#organization","name":"Amaral, Yazbek Advogados","url":"https:\/\/www.ayadvogados.com.br\/","logo":{"@type":"ImageObject","inLanguage":"pt-BR","@id":"https:\/\/www.ayadvogados.com.br\/#\/schema\/logo\/image\/","url":"http:\/\/34.239.117.254\/wp-content\/uploads\/2021\/03\/logo-ay-g.png","contentUrl":"http:\/\/34.239.117.254\/wp-content\/uploads\/2021\/03\/logo-ay-g.png","width":434,"height":106,"caption":"Amaral, Yazbek Advogados"},"image":{"@id":"https:\/\/www.ayadvogados.com.br\/#\/schema\/logo\/image\/"},"sameAs":["https:\/\/www.facebook.com\/AYadvogados","https:\/\/www.instagram.com\/ayadvogados\/"]},{"@type":"Person","@id":"https:\/\/www.ayadvogados.com.br\/#\/schema\/person\/6b9165a58758b048b8ea5a4fbd4ec3c4","name":"Infra","image":{"@type":"ImageObject","inLanguage":"pt-BR","@id":"https:\/\/secure.gravatar.com\/avatar\/60bf67293e186b9c834e31753dcc586dfcedb661d13b6b9ba29ac991ccafc035?s=96&d=mm&r=g","url":"https:\/\/secure.gravatar.com\/avatar\/60bf67293e186b9c834e31753dcc586dfcedb661d13b6b9ba29ac991ccafc035?s=96&d=mm&r=g","contentUrl":"https:\/\/secure.gravatar.com\/avatar\/60bf67293e186b9c834e31753dcc586dfcedb661d13b6b9ba29ac991ccafc035?s=96&d=mm&r=g","caption":"Infra"},"url":"https:\/\/www.ayadvogados.com.br\/?author=3"}]}},"rttpg_featured_image_url":{"full":["https:\/\/www.ayadvogados.com.br\/wp-content\/uploads\/2025\/01\/0909-a-1609.png",1080,1080,false],"landscape":["https:\/\/www.ayadvogados.com.br\/wp-content\/uploads\/2025\/01\/0909-a-1609.png",1080,1080,false],"portraits":["https:\/\/www.ayadvogados.com.br\/wp-content\/uploads\/2025\/01\/0909-a-1609.png",1080,1080,false],"thumbnail":["https:\/\/www.ayadvogados.com.br\/wp-content\/uploads\/2025\/01\/0909-a-1609-150x150.png",150,150,true],"medium":["https:\/\/www.ayadvogados.com.br\/wp-content\/uploads\/2025\/01\/0909-a-1609-300x300.png",300,300,true],"large":["https:\/\/www.ayadvogados.com.br\/wp-content\/uploads\/2025\/01\/0909-a-1609-1024x1024.png",1024,1024,true],"1536x1536":["https:\/\/www.ayadvogados.com.br\/wp-content\/uploads\/2025\/01\/0909-a-1609.png",1080,1080,false],"2048x2048":["https:\/\/www.ayadvogados.com.br\/wp-content\/uploads\/2025\/01\/0909-a-1609.png",1080,1080,false]},"rttpg_author":{"display_name":"Infra","author_link":"https:\/\/www.ayadvogados.com.br\/?author=3"},"rttpg_comment":0,"rttpg_category":"<a href=\"https:\/\/www.ayadvogados.com.br\/?cat=1\" rel=\"category\">Not\u00edcia do Dia<\/a>","rttpg_excerpt":"Vetos da Reforma Tribut\u00e1ria e os Fundos de Investimento A recente san\u00e7\u00e3o do PLP 68\/2024, que regulamenta a Reforma Tribut\u00e1ria, veio acompanhada de 18 vetos presidenciais. Entre os mais debatidos est\u00e1 a exclus\u00e3o dos fundos de investimento imobili\u00e1rio (FII) e do agroneg\u00f3cio (Fiagro) do rol de n\u00e3o contribuintes do Imposto sobre Bens e Servi\u00e7os (IBS)&hellip;","_links":{"self":[{"href":"https:\/\/www.ayadvogados.com.br\/index.php?rest_route=\/wp\/v2\/posts\/3629","targetHints":{"allow":["GET"]}}],"collection":[{"href":"https:\/\/www.ayadvogados.com.br\/index.php?rest_route=\/wp\/v2\/posts"}],"about":[{"href":"https:\/\/www.ayadvogados.com.br\/index.php?rest_route=\/wp\/v2\/types\/post"}],"author":[{"embeddable":true,"href":"https:\/\/www.ayadvogados.com.br\/index.php?rest_route=\/wp\/v2\/users\/3"}],"replies":[{"embeddable":true,"href":"https:\/\/www.ayadvogados.com.br\/index.php?rest_route=%2Fwp%2Fv2%2Fcomments&post=3629"}],"version-history":[{"count":2,"href":"https:\/\/www.ayadvogados.com.br\/index.php?rest_route=\/wp\/v2\/posts\/3629\/revisions"}],"predecessor-version":[{"id":3632,"href":"https:\/\/www.ayadvogados.com.br\/index.php?rest_route=\/wp\/v2\/posts\/3629\/revisions\/3632"}],"wp:featuredmedia":[{"embeddable":true,"href":"https:\/\/www.ayadvogados.com.br\/index.php?rest_route=\/wp\/v2\/media\/3631"}],"wp:attachment":[{"href":"https:\/\/www.ayadvogados.com.br\/index.php?rest_route=%2Fwp%2Fv2%2Fmedia&parent=3629"}],"wp:term":[{"taxonomy":"category","embeddable":true,"href":"https:\/\/www.ayadvogados.com.br\/index.php?rest_route=%2Fwp%2Fv2%2Fcategories&post=3629"},{"taxonomy":"post_tag","embeddable":true,"href":"https:\/\/www.ayadvogados.com.br\/index.php?rest_route=%2Fwp%2Fv2%2Ftags&post=3629"}],"curies":[{"name":"wp","href":"https:\/\/api.w.org\/{rel}","templated":true}]}}