{"id":3576,"date":"2024-11-19T10:56:47","date_gmt":"2024-11-19T13:56:47","guid":{"rendered":"http:\/\/34.239.117.254\/?p=3576"},"modified":"2024-11-19T10:56:47","modified_gmt":"2024-11-19T13:56:47","slug":"reforma-tributaria-no-brasil-um-panorama-atual","status":"publish","type":"post","link":"https:\/\/www.ayadvogados.com.br\/?p=3576","title":{"rendered":"Reforma Tribut\u00e1ria no Brasil: Um Panorama Atual"},"content":{"rendered":"\n<p><strong>Reforma Tribut\u00e1ria no Brasil: Um Panorama Atual<\/strong><br>A reforma tribut\u00e1ria no Brasil \u00e9 um tema que gera muitas d\u00favidas e discuss\u00f5es, especialmente em rela\u00e7\u00e3o aos seus impactos na sociedade e nas empresas. Este artigo busca esclarecer o andamento atual da reforma e as principais mudan\u00e7as previstas para os pr\u00f3ximos anos.<\/p>\n\n\n\n<p><br><strong>Al\u00edquotas e Compensa\u00e7\u00f5es<\/strong><\/p>\n\n\n\n<p><br>A partir do ano de 2026, que fato iniciaram as al\u00edquotas do CBS e IBS, que variam entre 0,9% e 0,1%, e podem ser compens\u00e1veis com PIS e COFINS, uma vez que esses tributos ainda est\u00e3o vigentes. Este ano ainda promete gerar muitas d\u00favidas, pois dois sistemas estar\u00e3o em funcionamento simultaneamente.<\/p>\n\n\n\n<p><br>Os tributos CBS (Contribui\u00e7\u00e3o sobre Bens e Servi\u00e7os) e IBS (Imposto sobre Bens e Servi\u00e7os) poder\u00e3o ter seus recolhimentos dispensados caso os contribuintes cumpram com as obriga\u00e7\u00f5es acess\u00f3rias. Isso ser\u00e1 crucial para compensar o PIS e COFINS e evitar o pagamento das al\u00edquotas da CBS e do IBS. A partir de 2027, a cobran\u00e7a se tornar\u00e1 efetiva, com a extin\u00e7\u00e3o do PIS, COFINS, IOF e a redu\u00e7\u00e3o a zero das al\u00edquotas do IPI.<\/p>\n\n\n\n<p><br><strong>Exce\u00e7\u00f5es e Impostos Seletivos<\/strong><\/p>\n\n\n\n<p><br>Haver\u00e1 exce\u00e7\u00f5es, como os produtos industrializados na Zona Franca de Manaus, que seguem um regulamento espec\u00edfico e representam apenas 5% do total das opera\u00e7\u00f5es. Esses continuar\u00e3o a valer na Zona Franca de Manaus. Em 2027, tamb\u00e9m come\u00e7ar\u00e1 a cobran\u00e7a do imposto seletivo, que incidir\u00e1 sobre produtos como cigarros, bebidas alco\u00f3licas e bebidas com alto teor de a\u00e7\u00facar.<br>Transi\u00e7\u00e3o do ICMS e ISS para o IBS<\/p>\n\n\n\n<p><br>Entre 2029 e 2032, ocorrer\u00e1 a transi\u00e7\u00e3o do ICMS e do ISS para o IBS. Esse processo ser\u00e1 gradual, com aumento das al\u00edquotas do IBS e redu\u00e7\u00e3o das al\u00edquotas do ICMS e do ISS. Em 2029, a al\u00edquota inicial ser\u00e1 de 10%, aumentando 10% ao ano at\u00e9 2032 e atingir\u00e1 100% em 2033, quando o ICMS e o ISS ser\u00e3o extintos definitivamente.<\/p>\n\n\n\n<p><br><strong>Emenda Constitucional e Regulamenta\u00e7\u00e3o<\/strong><\/p>\n\n\n\n<p><br>A emenda constitucional n\u00famero 132, aprovada em 2023, deu in\u00edcio \u00e0 reforma tribut\u00e1ria. Apesar de aprovada, a emenda ainda n\u00e3o tem efic\u00e1cia, pois depende de regulamenta\u00e7\u00e3o por meio de leis complementares e ordin\u00e1rias. Os anos de 2024 e 2025 ser\u00e3o cruciais para a aprova\u00e7\u00e3o e discuss\u00e3o dessas leis.<\/p>\n\n\n\n<p><br><strong>Pr\u00f3ximos Passos<\/strong><\/p>\n\n\n\n<p><br>Em novembro de 2024, a reforma tribut\u00e1ria entrou em uma nova etapa de regulamenta\u00e7\u00e3o, avan\u00e7ando na transi\u00e7\u00e3o para o novo modelo. At\u00e9 2026, haver\u00e1 um ano teste para CBS e IBS, preparando o caminho para a vig\u00eancia integral do novo sistema em 2033.<br>Os profissionais da Amaral Yazbek est\u00e3o dispon\u00edveis para auxiliar nessa transi\u00e7\u00e3o, ajudando a esclarecer d\u00favidas e a maximizar a efici\u00eancia tribut\u00e1ria para os neg\u00f3cios.<\/p>\n\n\n\n<p><br><strong>Conclus\u00e3o<\/strong><\/p>\n\n\n\n<p><br>A reforma tribut\u00e1ria no Brasil promete alterar significativamente o cen\u00e1rio fiscal do pa\u00eds. Embora ainda existam muitas incertezas, \u00e9 fundamental que empresas e contribuintes se mantenham atualizados e preparados para as mudan\u00e7as que est\u00e3o por vir. Para mais informa\u00e7\u00f5es ou d\u00favidas, estamos \u00e0 disposi\u00e7\u00e3o para ajudar.<\/p>\n\n\n\n<p>Esperamos que este conte\u00fado tenha esclarecido alguns dos principais pontos sobre Reforma Tribut\u00e1ria no Brasil: Um Panorama Atual<\/p>\n\n\n\n<figure class=\"wp-block-embed is-type-video is-provider-spotify wp-block-embed-spotify wp-embed-aspect-16-9 wp-has-aspect-ratio\"><div class=\"wp-block-embed__wrapper\">\n<iframe title=\"Spotify Embed: Reforma Tribut\u00e1ria no Brasil: Um Panorama Atual\" style=\"border-radius: 12px\" width=\"624\" height=\"351\" frameborder=\"0\" allowfullscreen allow=\"autoplay; clipboard-write; encrypted-media; fullscreen; picture-in-picture\" loading=\"lazy\" src=\"https:\/\/open.spotify.com\/embed\/episode\/6tRYRorUQUI2m61AAC75BP\/video?si=397acc451c054797&#038;utm_source=oembed\"><\/iframe>\n<\/div><\/figure>\n\n\n\n<hr class=\"wp-block-separator has-text-color has-palette-color-1-color has-css-opacity has-palette-color-1-background-color has-background is-style-dots\"\/>\n\n\n\n<div class=\"wp-block-group has-palette-color-6-background-color has-background is-layout-flow wp-block-group-is-layout-flow\">\n<p style=\"font-size:0.8em\">A Amaral,\u00a0Yazbek, OAB\/PR 762, possui 36 anos de experi\u00eancia auxiliando empresas a transformar a tributa\u00e7\u00e3o em lucro. Entre em contato com um dos s\u00f3cios para agendamento de reuni\u00e3o em caso de d\u00favidas.\u00a0\u00a0\u00a0<\/p>\n\n\n\n<p style=\"font-size:0.8em\">Contato: 41 3595-8300 ou pelo nosso WhatsApp 41 99567-5696\u00a0\u00a0\u00a0<\/p>\n\n\n\n<p style=\"font-size:0.8em\">Av. C\u00e2ndido Hartmann, 50 \u2013\u00a0Bigorrilho\u00a0| Curitiba-PR\u00a0\u00a0\u00a0<\/p>\n\n\n\n<p style=\"font-size:0.8em\">Assine nossa <a href=\"http:\/\/ayadvogados.com.br\/contato\/\">Newsletter<\/a> e fique por dentro das novidades!\u00a0\u00a0\u00a0<\/p>\n\n\n\n<p style=\"font-size:0.8em\">Quer receber seu exemplar da revista Governan\u00e7a Jur\u00eddica? <a href=\"http:\/\/ayadvogados.com.br\/revista\/\" data-type=\"page\" data-id=\"68\">Clique\u00a0aqui\u00a0e pe\u00e7a a sua<\/a>.\u00a0\u00a0\u00a0<\/p>\n\n\n\n<p style=\"font-size:0.8em\">Nos acompanhe nas redes sociais:\u00a0<a href=\"https:\/\/www.facebook.com\/AYadvogados\">Facebook<\/a>\u00a0|\u00a0<a href=\"https:\/\/www.instagram.com\/ayadvogados\/\">Instagram<\/a>\u00a0|\u00a0<a href=\"https:\/\/www.linkedin.com\/company\/amaral-yazbek-advogados\">Linkedin<\/a>\u00a0<\/p>\n\n\n\n<p style=\"font-size:0.8em\">J\u00e1 conhece o canal Direito da Intelig\u00eancia de Neg\u00f3cios?\u00a0<a href=\"https:\/\/www.youtube.com\/channel\/UCu2Mpu32ht8DEN8OFRXYMyw\">Inscreva-se j\u00e1<\/a><\/p>\n<\/div>\n","protected":false},"excerpt":{"rendered":"<p>Reforma Tribut\u00e1ria no Brasil: Um Panorama AtualA reforma tribut\u00e1ria no Brasil \u00e9 um tema que gera muitas d\u00favidas e discuss\u00f5es, especialmente em rela\u00e7\u00e3o aos seus impactos na sociedade e nas empresas. Este artigo busca esclarecer o andamento atual da reforma e as principais mudan\u00e7as previstas para os pr\u00f3ximos anos. Al\u00edquotas e Compensa\u00e7\u00f5es A partir do [&hellip;]<\/p>\n","protected":false},"author":3,"featured_media":3577,"comment_status":"open","ping_status":"open","sticky":false,"template":"","format":"standard","meta":{"footnotes":""},"categories":[5],"tags":[9,10,123,124,45,96],"class_list":["post-3576","post","type-post","status-publish","format-standard","has-post-thumbnail","hentry","category-dincast","tag-amaral-yazbek","tag-dincast","tag-dividas","tag-nova-forma-de-regularizar","tag-receita-federal","tag-reforma-tributaria"],"blocksy_meta":{"styles_descriptor":{"styles":{"desktop":"","tablet":"","mobile":""},"google_fonts":[],"version":6}},"yoast_head":"<!-- This site is optimized with the Yoast SEO plugin v27.5 - https:\/\/yoast.com\/product\/yoast-seo-wordpress\/ -->\n<title>Mandado de Seguran\u00e7a Coletivo para Recupera\u00e7\u00e3o Tribut\u00e1ria<\/title>\n<meta name=\"description\" content=\"Descubra os riscos e vantagens do Mandado de Seguran\u00e7a Coletivo para Recupera\u00e7\u00e3o Tribut\u00e1ria. Entenda os cuidados necess\u00e1rios..\" \/>\n<meta name=\"robots\" content=\"index, follow, max-snippet:-1, max-image-preview:large, max-video-preview:-1\" \/>\n<link rel=\"canonical\" href=\"https:\/\/www.ayadvogados.com.br\/?p=3576\" \/>\n<meta property=\"og:locale\" content=\"pt_BR\" \/>\n<meta property=\"og:type\" content=\"article\" \/>\n<meta property=\"og:title\" content=\"Mandado de Seguran\u00e7a Coletivo para Recupera\u00e7\u00e3o Tribut\u00e1ria\" \/>\n<meta property=\"og:description\" content=\"Descubra os riscos e vantagens do Mandado de Seguran\u00e7a Coletivo para Recupera\u00e7\u00e3o Tribut\u00e1ria. Entenda os cuidados necess\u00e1rios..\" \/>\n<meta property=\"og:url\" content=\"https:\/\/www.ayadvogados.com.br\/?p=3576\" \/>\n<meta property=\"og:site_name\" content=\"Amaral, Yazbek Advogados\" \/>\n<meta property=\"article:publisher\" content=\"https:\/\/www.facebook.com\/AYadvogados\" \/>\n<meta property=\"article:published_time\" content=\"2024-11-19T13:56:47+00:00\" \/>\n<meta property=\"og:image\" content=\"https:\/\/www.ayadvogados.com.br\/wp-content\/uploads\/2024\/11\/dincast-1.png\" \/>\n\t<meta property=\"og:image:width\" content=\"1920\" \/>\n\t<meta property=\"og:image:height\" content=\"1080\" \/>\n\t<meta property=\"og:image:type\" content=\"image\/png\" \/>\n<meta name=\"author\" content=\"Infra\" \/>\n<meta name=\"twitter:card\" content=\"summary_large_image\" \/>\n<meta name=\"twitter:label1\" content=\"Escrito por\" \/>\n\t<meta name=\"twitter:data1\" content=\"Infra\" \/>\n\t<meta name=\"twitter:label2\" content=\"Est. tempo de leitura\" \/>\n\t<meta name=\"twitter:data2\" content=\"3 minutos\" \/>\n<script type=\"application\/ld+json\" class=\"yoast-schema-graph\">{\"@context\":\"https:\\\/\\\/schema.org\",\"@graph\":[{\"@type\":\"Article\",\"@id\":\"https:\\\/\\\/www.ayadvogados.com.br\\\/?p=3576#article\",\"isPartOf\":{\"@id\":\"https:\\\/\\\/www.ayadvogados.com.br\\\/?p=3576\"},\"author\":{\"name\":\"Infra\",\"@id\":\"https:\\\/\\\/34.239.117.254\\\/#\\\/schema\\\/person\\\/6b9165a58758b048b8ea5a4fbd4ec3c4\"},\"headline\":\"Reforma Tribut\u00e1ria no Brasil: Um Panorama Atual\",\"datePublished\":\"2024-11-19T13:56:47+00:00\",\"mainEntityOfPage\":{\"@id\":\"https:\\\/\\\/www.ayadvogados.com.br\\\/?p=3576\"},\"wordCount\":566,\"commentCount\":0,\"publisher\":{\"@id\":\"https:\\\/\\\/34.239.117.254\\\/#organization\"},\"image\":{\"@id\":\"https:\\\/\\\/www.ayadvogados.com.br\\\/?p=3576#primaryimage\"},\"thumbnailUrl\":\"https:\\\/\\\/www.ayadvogados.com.br\\\/wp-content\\\/uploads\\\/2024\\\/11\\\/dincast-1.png\",\"keywords\":[\"amaral yazbek\",\"dincast\",\"dividas\",\"nova forma de regularizar\",\"receita federal\",\"Reforma Tribut\u00e1ria\"],\"articleSection\":[\"DINCast\"],\"inLanguage\":\"pt-BR\",\"potentialAction\":[{\"@type\":\"CommentAction\",\"name\":\"Comment\",\"target\":[\"https:\\\/\\\/www.ayadvogados.com.br\\\/?p=3576#respond\"]}]},{\"@type\":\"WebPage\",\"@id\":\"https:\\\/\\\/www.ayadvogados.com.br\\\/?p=3576\",\"url\":\"https:\\\/\\\/www.ayadvogados.com.br\\\/?p=3576\",\"name\":\"Mandado de Seguran\u00e7a Coletivo para Recupera\u00e7\u00e3o Tribut\u00e1ria\",\"isPartOf\":{\"@id\":\"https:\\\/\\\/34.239.117.254\\\/#website\"},\"primaryImageOfPage\":{\"@id\":\"https:\\\/\\\/www.ayadvogados.com.br\\\/?p=3576#primaryimage\"},\"image\":{\"@id\":\"https:\\\/\\\/www.ayadvogados.com.br\\\/?p=3576#primaryimage\"},\"thumbnailUrl\":\"https:\\\/\\\/www.ayadvogados.com.br\\\/wp-content\\\/uploads\\\/2024\\\/11\\\/dincast-1.png\",\"datePublished\":\"2024-11-19T13:56:47+00:00\",\"description\":\"Descubra os riscos e vantagens do Mandado de Seguran\u00e7a Coletivo para Recupera\u00e7\u00e3o Tribut\u00e1ria. Entenda os cuidados necess\u00e1rios..\",\"breadcrumb\":{\"@id\":\"https:\\\/\\\/www.ayadvogados.com.br\\\/?p=3576#breadcrumb\"},\"inLanguage\":\"pt-BR\",\"potentialAction\":[{\"@type\":\"ReadAction\",\"target\":[\"https:\\\/\\\/www.ayadvogados.com.br\\\/?p=3576\"]}]},{\"@type\":\"ImageObject\",\"inLanguage\":\"pt-BR\",\"@id\":\"https:\\\/\\\/www.ayadvogados.com.br\\\/?p=3576#primaryimage\",\"url\":\"https:\\\/\\\/www.ayadvogados.com.br\\\/wp-content\\\/uploads\\\/2024\\\/11\\\/dincast-1.png\",\"contentUrl\":\"https:\\\/\\\/www.ayadvogados.com.br\\\/wp-content\\\/uploads\\\/2024\\\/11\\\/dincast-1.png\",\"width\":1920,\"height\":1080,\"caption\":\"Reforma Tribut\u00e1ria no Brasil: Um Panorama Atual\"},{\"@type\":\"BreadcrumbList\",\"@id\":\"https:\\\/\\\/www.ayadvogados.com.br\\\/?p=3576#breadcrumb\",\"itemListElement\":[{\"@type\":\"ListItem\",\"position\":1,\"name\":\"In\u00edcio\",\"item\":\"https:\\\/\\\/34.239.117.254\\\/\"},{\"@type\":\"ListItem\",\"position\":2,\"name\":\"Reforma Tribut\u00e1ria no Brasil: Um Panorama Atual\"}]},{\"@type\":\"WebSite\",\"@id\":\"https:\\\/\\\/34.239.117.254\\\/#website\",\"url\":\"https:\\\/\\\/34.239.117.254\\\/\",\"name\":\"Amaral, Yazbek Advogados\",\"description\":\"Curitiba \u2022 Bras\u00edlia \u2022 S\u00e3o Paulo\",\"publisher\":{\"@id\":\"https:\\\/\\\/34.239.117.254\\\/#organization\"},\"potentialAction\":[{\"@type\":\"SearchAction\",\"target\":{\"@type\":\"EntryPoint\",\"urlTemplate\":\"https:\\\/\\\/34.239.117.254\\\/?s={search_term_string}\"},\"query-input\":{\"@type\":\"PropertyValueSpecification\",\"valueRequired\":true,\"valueName\":\"search_term_string\"}}],\"inLanguage\":\"pt-BR\"},{\"@type\":\"Organization\",\"@id\":\"https:\\\/\\\/34.239.117.254\\\/#organization\",\"name\":\"Amaral, Yazbek Advogados\",\"url\":\"https:\\\/\\\/34.239.117.254\\\/\",\"logo\":{\"@type\":\"ImageObject\",\"inLanguage\":\"pt-BR\",\"@id\":\"https:\\\/\\\/34.239.117.254\\\/#\\\/schema\\\/logo\\\/image\\\/\",\"url\":\"http:\\\/\\\/34.239.117.254\\\/wp-content\\\/uploads\\\/2021\\\/03\\\/logo-ay-g.png\",\"contentUrl\":\"http:\\\/\\\/34.239.117.254\\\/wp-content\\\/uploads\\\/2021\\\/03\\\/logo-ay-g.png\",\"width\":434,\"height\":106,\"caption\":\"Amaral, Yazbek Advogados\"},\"image\":{\"@id\":\"https:\\\/\\\/34.239.117.254\\\/#\\\/schema\\\/logo\\\/image\\\/\"},\"sameAs\":[\"https:\\\/\\\/www.facebook.com\\\/AYadvogados\",\"https:\\\/\\\/www.instagram.com\\\/ayadvogados\\\/\"]},{\"@type\":\"Person\",\"@id\":\"https:\\\/\\\/34.239.117.254\\\/#\\\/schema\\\/person\\\/6b9165a58758b048b8ea5a4fbd4ec3c4\",\"name\":\"Infra\",\"image\":{\"@type\":\"ImageObject\",\"inLanguage\":\"pt-BR\",\"@id\":\"https:\\\/\\\/secure.gravatar.com\\\/avatar\\\/60bf67293e186b9c834e31753dcc586dfcedb661d13b6b9ba29ac991ccafc035?s=96&d=mm&r=g\",\"url\":\"https:\\\/\\\/secure.gravatar.com\\\/avatar\\\/60bf67293e186b9c834e31753dcc586dfcedb661d13b6b9ba29ac991ccafc035?s=96&d=mm&r=g\",\"contentUrl\":\"https:\\\/\\\/secure.gravatar.com\\\/avatar\\\/60bf67293e186b9c834e31753dcc586dfcedb661d13b6b9ba29ac991ccafc035?s=96&d=mm&r=g\",\"caption\":\"Infra\"},\"url\":\"https:\\\/\\\/www.ayadvogados.com.br\\\/?author=3\"}]}<\/script>\n<!-- \/ Yoast SEO plugin. -->","yoast_head_json":{"title":"Mandado de Seguran\u00e7a Coletivo para Recupera\u00e7\u00e3o Tribut\u00e1ria","description":"Descubra os riscos e vantagens do Mandado de Seguran\u00e7a Coletivo para Recupera\u00e7\u00e3o Tribut\u00e1ria. Entenda os cuidados necess\u00e1rios..","robots":{"index":"index","follow":"follow","max-snippet":"max-snippet:-1","max-image-preview":"max-image-preview:large","max-video-preview":"max-video-preview:-1"},"canonical":"https:\/\/www.ayadvogados.com.br\/?p=3576","og_locale":"pt_BR","og_type":"article","og_title":"Mandado de Seguran\u00e7a Coletivo para Recupera\u00e7\u00e3o Tribut\u00e1ria","og_description":"Descubra os riscos e vantagens do Mandado de Seguran\u00e7a Coletivo para Recupera\u00e7\u00e3o Tribut\u00e1ria. Entenda os cuidados necess\u00e1rios..","og_url":"https:\/\/www.ayadvogados.com.br\/?p=3576","og_site_name":"Amaral, Yazbek Advogados","article_publisher":"https:\/\/www.facebook.com\/AYadvogados","article_published_time":"2024-11-19T13:56:47+00:00","og_image":[{"width":1920,"height":1080,"url":"https:\/\/www.ayadvogados.com.br\/wp-content\/uploads\/2024\/11\/dincast-1.png","type":"image\/png"}],"author":"Infra","twitter_card":"summary_large_image","twitter_misc":{"Escrito por":"Infra","Est. tempo de leitura":"3 minutos"},"schema":{"@context":"https:\/\/schema.org","@graph":[{"@type":"Article","@id":"https:\/\/www.ayadvogados.com.br\/?p=3576#article","isPartOf":{"@id":"https:\/\/www.ayadvogados.com.br\/?p=3576"},"author":{"name":"Infra","@id":"https:\/\/34.239.117.254\/#\/schema\/person\/6b9165a58758b048b8ea5a4fbd4ec3c4"},"headline":"Reforma Tribut\u00e1ria no Brasil: Um Panorama Atual","datePublished":"2024-11-19T13:56:47+00:00","mainEntityOfPage":{"@id":"https:\/\/www.ayadvogados.com.br\/?p=3576"},"wordCount":566,"commentCount":0,"publisher":{"@id":"https:\/\/34.239.117.254\/#organization"},"image":{"@id":"https:\/\/www.ayadvogados.com.br\/?p=3576#primaryimage"},"thumbnailUrl":"https:\/\/www.ayadvogados.com.br\/wp-content\/uploads\/2024\/11\/dincast-1.png","keywords":["amaral yazbek","dincast","dividas","nova forma de regularizar","receita federal","Reforma Tribut\u00e1ria"],"articleSection":["DINCast"],"inLanguage":"pt-BR","potentialAction":[{"@type":"CommentAction","name":"Comment","target":["https:\/\/www.ayadvogados.com.br\/?p=3576#respond"]}]},{"@type":"WebPage","@id":"https:\/\/www.ayadvogados.com.br\/?p=3576","url":"https:\/\/www.ayadvogados.com.br\/?p=3576","name":"Mandado de Seguran\u00e7a Coletivo para Recupera\u00e7\u00e3o Tribut\u00e1ria","isPartOf":{"@id":"https:\/\/34.239.117.254\/#website"},"primaryImageOfPage":{"@id":"https:\/\/www.ayadvogados.com.br\/?p=3576#primaryimage"},"image":{"@id":"https:\/\/www.ayadvogados.com.br\/?p=3576#primaryimage"},"thumbnailUrl":"https:\/\/www.ayadvogados.com.br\/wp-content\/uploads\/2024\/11\/dincast-1.png","datePublished":"2024-11-19T13:56:47+00:00","description":"Descubra os riscos e vantagens do Mandado de Seguran\u00e7a Coletivo para Recupera\u00e7\u00e3o Tribut\u00e1ria. Entenda os cuidados necess\u00e1rios..","breadcrumb":{"@id":"https:\/\/www.ayadvogados.com.br\/?p=3576#breadcrumb"},"inLanguage":"pt-BR","potentialAction":[{"@type":"ReadAction","target":["https:\/\/www.ayadvogados.com.br\/?p=3576"]}]},{"@type":"ImageObject","inLanguage":"pt-BR","@id":"https:\/\/www.ayadvogados.com.br\/?p=3576#primaryimage","url":"https:\/\/www.ayadvogados.com.br\/wp-content\/uploads\/2024\/11\/dincast-1.png","contentUrl":"https:\/\/www.ayadvogados.com.br\/wp-content\/uploads\/2024\/11\/dincast-1.png","width":1920,"height":1080,"caption":"Reforma Tribut\u00e1ria no Brasil: Um Panorama Atual"},{"@type":"BreadcrumbList","@id":"https:\/\/www.ayadvogados.com.br\/?p=3576#breadcrumb","itemListElement":[{"@type":"ListItem","position":1,"name":"In\u00edcio","item":"https:\/\/34.239.117.254\/"},{"@type":"ListItem","position":2,"name":"Reforma Tribut\u00e1ria no Brasil: Um Panorama Atual"}]},{"@type":"WebSite","@id":"https:\/\/34.239.117.254\/#website","url":"https:\/\/34.239.117.254\/","name":"Amaral, Yazbek Advogados","description":"Curitiba \u2022 Bras\u00edlia \u2022 S\u00e3o Paulo","publisher":{"@id":"https:\/\/34.239.117.254\/#organization"},"potentialAction":[{"@type":"SearchAction","target":{"@type":"EntryPoint","urlTemplate":"https:\/\/34.239.117.254\/?s={search_term_string}"},"query-input":{"@type":"PropertyValueSpecification","valueRequired":true,"valueName":"search_term_string"}}],"inLanguage":"pt-BR"},{"@type":"Organization","@id":"https:\/\/34.239.117.254\/#organization","name":"Amaral, Yazbek Advogados","url":"https:\/\/34.239.117.254\/","logo":{"@type":"ImageObject","inLanguage":"pt-BR","@id":"https:\/\/34.239.117.254\/#\/schema\/logo\/image\/","url":"http:\/\/34.239.117.254\/wp-content\/uploads\/2021\/03\/logo-ay-g.png","contentUrl":"http:\/\/34.239.117.254\/wp-content\/uploads\/2021\/03\/logo-ay-g.png","width":434,"height":106,"caption":"Amaral, Yazbek Advogados"},"image":{"@id":"https:\/\/34.239.117.254\/#\/schema\/logo\/image\/"},"sameAs":["https:\/\/www.facebook.com\/AYadvogados","https:\/\/www.instagram.com\/ayadvogados\/"]},{"@type":"Person","@id":"https:\/\/34.239.117.254\/#\/schema\/person\/6b9165a58758b048b8ea5a4fbd4ec3c4","name":"Infra","image":{"@type":"ImageObject","inLanguage":"pt-BR","@id":"https:\/\/secure.gravatar.com\/avatar\/60bf67293e186b9c834e31753dcc586dfcedb661d13b6b9ba29ac991ccafc035?s=96&d=mm&r=g","url":"https:\/\/secure.gravatar.com\/avatar\/60bf67293e186b9c834e31753dcc586dfcedb661d13b6b9ba29ac991ccafc035?s=96&d=mm&r=g","contentUrl":"https:\/\/secure.gravatar.com\/avatar\/60bf67293e186b9c834e31753dcc586dfcedb661d13b6b9ba29ac991ccafc035?s=96&d=mm&r=g","caption":"Infra"},"url":"https:\/\/www.ayadvogados.com.br\/?author=3"}]}},"rttpg_featured_image_url":{"full":["https:\/\/www.ayadvogados.com.br\/wp-content\/uploads\/2024\/11\/dincast-1.png",1920,1080,false],"landscape":["https:\/\/www.ayadvogados.com.br\/wp-content\/uploads\/2024\/11\/dincast-1.png",1920,1080,false],"portraits":["https:\/\/www.ayadvogados.com.br\/wp-content\/uploads\/2024\/11\/dincast-1.png",1920,1080,false],"thumbnail":["https:\/\/www.ayadvogados.com.br\/wp-content\/uploads\/2024\/11\/dincast-1-150x150.png",150,150,true],"medium":["https:\/\/www.ayadvogados.com.br\/wp-content\/uploads\/2024\/11\/dincast-1-300x169.png",300,169,true],"large":["https:\/\/www.ayadvogados.com.br\/wp-content\/uploads\/2024\/11\/dincast-1-1024x576.png",1024,576,true],"1536x1536":["https:\/\/www.ayadvogados.com.br\/wp-content\/uploads\/2024\/11\/dincast-1-1536x864.png",1536,864,true],"2048x2048":["https:\/\/www.ayadvogados.com.br\/wp-content\/uploads\/2024\/11\/dincast-1.png",1920,1080,false]},"rttpg_author":{"display_name":"Infra","author_link":"https:\/\/www.ayadvogados.com.br\/?author=3"},"rttpg_comment":0,"rttpg_category":"<a href=\"https:\/\/www.ayadvogados.com.br\/?cat=5\" rel=\"category\">DINCast<\/a>","rttpg_excerpt":"Reforma Tribut\u00e1ria no Brasil: Um Panorama AtualA reforma tribut\u00e1ria no Brasil \u00e9 um tema que gera muitas d\u00favidas e discuss\u00f5es, especialmente em rela\u00e7\u00e3o aos seus impactos na sociedade e nas empresas. Este artigo busca esclarecer o andamento atual da reforma e as principais mudan\u00e7as previstas para os pr\u00f3ximos anos. Al\u00edquotas e Compensa\u00e7\u00f5es A partir do&hellip;","_links":{"self":[{"href":"https:\/\/www.ayadvogados.com.br\/index.php?rest_route=\/wp\/v2\/posts\/3576","targetHints":{"allow":["GET"]}}],"collection":[{"href":"https:\/\/www.ayadvogados.com.br\/index.php?rest_route=\/wp\/v2\/posts"}],"about":[{"href":"https:\/\/www.ayadvogados.com.br\/index.php?rest_route=\/wp\/v2\/types\/post"}],"author":[{"embeddable":true,"href":"https:\/\/www.ayadvogados.com.br\/index.php?rest_route=\/wp\/v2\/users\/3"}],"replies":[{"embeddable":true,"href":"https:\/\/www.ayadvogados.com.br\/index.php?rest_route=%2Fwp%2Fv2%2Fcomments&post=3576"}],"version-history":[{"count":1,"href":"https:\/\/www.ayadvogados.com.br\/index.php?rest_route=\/wp\/v2\/posts\/3576\/revisions"}],"predecessor-version":[{"id":3578,"href":"https:\/\/www.ayadvogados.com.br\/index.php?rest_route=\/wp\/v2\/posts\/3576\/revisions\/3578"}],"wp:featuredmedia":[{"embeddable":true,"href":"https:\/\/www.ayadvogados.com.br\/index.php?rest_route=\/wp\/v2\/media\/3577"}],"wp:attachment":[{"href":"https:\/\/www.ayadvogados.com.br\/index.php?rest_route=%2Fwp%2Fv2%2Fmedia&parent=3576"}],"wp:term":[{"taxonomy":"category","embeddable":true,"href":"https:\/\/www.ayadvogados.com.br\/index.php?rest_route=%2Fwp%2Fv2%2Fcategories&post=3576"},{"taxonomy":"post_tag","embeddable":true,"href":"https:\/\/www.ayadvogados.com.br\/index.php?rest_route=%2Fwp%2Fv2%2Ftags&post=3576"}],"curies":[{"name":"wp","href":"https:\/\/api.w.org\/{rel}","templated":true}]}}