{"id":357,"date":"2021-03-15T13:52:00","date_gmt":"2021-03-15T16:52:00","guid":{"rendered":"http:\/\/34.239.117.254\/?p=357"},"modified":"2021-03-25T11:33:14","modified_gmt":"2021-03-25T14:33:14","slug":"ministros-votam-contra-creditos-de-icms-no-pis-cofins","status":"publish","type":"post","link":"https:\/\/www.ayadvogados.com.br\/?p=357","title":{"rendered":"Ministros votam contra cr\u00e9ditos de ICMS no PIS\/Cofins"},"content":{"rendered":"\n<p>A maioria dos ministros do Supremo Tribunal Federal (STF) votou pela exclus\u00e3o de cr\u00e9ditos presumidos de ICMS na base de c\u00e1lculo do PIS e da Cofins. Mas o julgamento foi suspenso por um pedido de vista do ministro Dias Toffoli, na noite de sexta-feira. O tema \u00e9 julgado com repercuss\u00e3o geral, portanto, a decis\u00e3o dever\u00e1 ser seguida pelas inst\u00e2ncias inferiores da Justi\u00e7a.<\/p>\n\n\n\n<p>Cr\u00e9ditos presumidos de ICMS s\u00e3o concedidos pelos Estados para aliviar a carga tribut\u00e1ria de determinados segmentos econ\u00f4micos. O tema \u00e9 julgado em recurso apresentado pela Uni\u00e3o para tentar reformar decis\u00e3o do Tribunal Regional Federal (TRF) da 4\u00aa Regi\u00e3o, sediado em Porto Alegre, favor\u00e1vel \u00e0 OVD Importadora e Distribuidora.<\/p>\n\n\n\n<p>O TRF havia decidido que os cr\u00e9ditos presumidos de ICMS n\u00e3o configuram receita ou faturamento para atrair a incid\u00eancia da Cofins e do PIS, mas ren\u00fancia fiscal. A Uni\u00e3o alega que n\u00e3o existe previs\u00e3o legal para essa exclus\u00e3o e que o TRF teria criado um novo caso de isen\u00e7\u00e3o.<\/p>\n\n\n\n<p>Ap\u00f3s um julgamento acirrado, a maioria foi formada no pen\u00faltimo voto, do ministro Lu\u00eds Roberto Barroso, que seguiu o entendimento do relator, ministro Marco Aur\u00e9lio Mello. Tamb\u00e9m o acompanharam os ministros Rosa Weber, C\u00e1rmen L\u00facia, Edson Fachin e Ricardo Lewandowski.<\/p>\n\n\n\n<p>No voto, o relator afirmou que as tens\u00f5es revelam, de um lado, o Fisco buscando m\u00e1xima amplitude aos conceitos de faturamento e receita visando a arrecada\u00e7\u00e3o. Do outro, os contribuintes tentando limitar o alcance da materialidade dos tributos, ante o \u00f4nus fiscal (RE 835.818).<\/p>\n\n\n\n<p>\u201cOs cr\u00e9ditos presumidos revelam ren\u00fancia fiscal cujo efeito pr\u00e1tico \u00e9 a diminui\u00e7\u00e3o do imposto devido. N\u00e3o h\u00e1 aquisi\u00e7\u00e3o de disponibilidade a sinalizar capacidade contributiva, mas simples redu\u00e7\u00e3o ou ressarcimento de custos\u201d, afirma no voto. O relator apontou ainda que a presun\u00e7\u00e3o de cr\u00e9dito, longe de revelar riqueza nova e, portanto, pass\u00edvel de sujei\u00e7\u00e3o ao PIS e \u00e0 Cofins, indica o abrandamento de custo a ser suportado.<\/p>\n\n\n\n<p>Marco Aur\u00e9lio tamb\u00e9m citou a decis\u00e3o do STF de excluir o ICMS da base de c\u00e1lculo do PIS e da Cofins, em 2017, como precedente para o assunto. O voto segue a forma como o ministro tem se posicionado em teses consideradas \u201cfilhotes\u201d daquele julgamento, que tratam de um tributo na base de c\u00e1lculo de outro.<\/p>\n\n\n\n<p>Foi assim que votou, recentemente, sobre o ICMS na base da contribui\u00e7\u00e3o previdenci\u00e1ria. O ministro ficou vencido no caso.<\/p>\n\n\n\n<p>O ministro Alexandre de Moraes divergiu. Ele n\u00e3o votou no precedente de 2017 e n\u00e3o o cita em seu voto nesse caso. Ele destaca que os artigos das leis sobre PIS e Cofins, n\u00b0 10.637, de 2002, e 10.833, de 2003, respectivamente, preveem o que est\u00e1 exclu\u00eddo da base de c\u00e1lculo dessas contribui\u00e7\u00f5es e n\u00e3o mencionam cr\u00e9ditos presumidos de ICMS.<\/p>\n\n\n\n<p>Ainda segundo o ministro, de acordo com a Constitui\u00e7\u00e3o, a concess\u00e3o de isen\u00e7\u00f5es ou quaisquer outros benef\u00edcios fiscais deve ocorrer mediante lei espec\u00edfica do ente federado competente para instituir o tributo, n\u00e3o cabendo ao Judici\u00e1rio ampliar o alcance do benef\u00edcio. Para Moraes, apesar da possibilidade de concess\u00e3o de cr\u00e9dito presumido de ICMS pelos Estados e Distrito Federal, a quest\u00e3o trata da possibilidade ou n\u00e3o de estes benef\u00edcios ferirem a compet\u00eancia tribut\u00e1ria conferida \u00e0 Uni\u00e3o.<\/p>\n\n\n\n<p>No voto, conclui que permitir a exclus\u00e3o do cr\u00e9dito presumido de ICMS da base de c\u00e1lculo do PIS e da Cofins em raz\u00e3o da concess\u00e3o de cr\u00e9dito presumido concedido por Estado membro seria o mesmo que aceitar a concess\u00e3o de benef\u00edcio fiscal de tributos federais por uma unidade da federa\u00e7\u00e3o. \u201cO que importa grave viola\u00e7\u00e3o ao pacto federativo.\u201d<\/p>\n\n\n\n<p>Para o ministro, a concess\u00e3o de benef\u00edcio fiscal pelo Estado, de tributo de sua compet\u00eancia, n\u00e3o pode, por via obl\u00edqua, impedir a tributa\u00e7\u00e3o da Uni\u00e3o sobre a parte que lhe compete. Votaram com Moraes os ministros Gilmar Mendes, Nunes Marques e o presidente da Corte Luiz Fux. Os votos podem ser alterados at\u00e9 a conclus\u00e3o do julgamento.&nbsp;<\/p>\n\n\n\n<p>Fonte: <a href=\"https:\/\/valor.globo.com\/legislacao\/noticia\/2021\/03\/15\/ministros-votam-contra-creditos-de-icms-no-pis-cofins.ghtml\">Valor<\/a><\/p>\n\n\n\n<p>A Amaral, Yazbek, OAB\/PR 762, possui 35 anos de experi\u00eancia auxiliando empresas a transformar a tributa\u00e7\u00e3o em lucro. Entre em contato com um dos s\u00f3cios para agendamento de reuni\u00e3o em caso de d\u00favidas.<\/p>\n\n\n\n<p>Contato: 41 3595-8300 ou pelo nosso WhatsApp 41 99567-5696<\/p>\n\n\n\n<p>Av. C\u00e2ndido Hartmann, 50 \u2013 Bigorrilho | Curitiba-PR<\/p>\n\n\n\n<p>Assine nossa Newsletter e fique por dentro das novidades!<\/p>\n\n\n\n<p>Quer receber seu exemplar da revista Governan\u00e7a Jur\u00eddica? Clique <a href=\"http:\/\/ayadvogados.com.br\/revista\">aqui<\/a>&nbsp;e pe\u00e7a a sua.<\/p>\n\n\n\n<p>Nos acompanhe nas redes sociais: <a href=\"https:\/\/www.facebook.com\/amaral.yazbek\">Facebook<\/a>&nbsp;| <a href=\"https:\/\/www.instagram.com\/amaral.yazbek\/\">Instagram<\/a> | <a href=\"https:\/\/www.linkedin.com\/company\/3357082\/admin\/\">Linkedin<\/a><\/p>\n\n\n\n<p>J\u00e1 conhece o canal Direito da Intelig\u00eancia de Neg\u00f3cios? <a href=\"https:\/\/www.youtube.com\/channel\/UCu2Mpu32ht8DEN8OFRXYMyw\">Inscreva-se j\u00e1<\/a><\/p>\n","protected":false},"excerpt":{"rendered":"<p>A maioria dos ministros do Supremo Tribunal Federal (STF) votou pela exclus\u00e3o de cr\u00e9ditos presumidos de ICMS na base de c\u00e1lculo do PIS e da Cofins. Mas o julgamento foi suspenso por um pedido de vista do ministro Dias Toffoli, na noite de sexta-feira. O tema \u00e9 julgado com repercuss\u00e3o geral, portanto, a decis\u00e3o dever\u00e1 [&hellip;]<\/p>\n","protected":false},"author":3,"featured_media":535,"comment_status":"open","ping_status":"open","sticky":false,"template":"","format":"standard","meta":{"footnotes":""},"categories":[1],"tags":[],"class_list":["post-357","post","type-post","status-publish","format-standard","has-post-thumbnail","hentry","category-noticia-do-dia"],"blocksy_meta":{"styles_descriptor":{"styles":{"desktop":"","tablet":"","mobile":""},"google_fonts":[],"version":6}},"yoast_head":"<!-- This site is optimized with the Yoast SEO plugin v27.5 - https:\/\/yoast.com\/product\/yoast-seo-wordpress\/ -->\n<title>Ministros votam contra cr\u00e9ditos de ICMS no PIS\/Cofins - Amaral, Yazbek Advogados<\/title>\n<meta name=\"robots\" content=\"index, follow, max-snippet:-1, max-image-preview:large, max-video-preview:-1\" \/>\n<link rel=\"canonical\" href=\"https:\/\/www.34.239.117.254.sslip.io\/?p=357\" \/>\n<meta property=\"og:locale\" content=\"pt_BR\" \/>\n<meta property=\"og:type\" content=\"article\" \/>\n<meta property=\"og:title\" content=\"Ministros votam contra cr\u00e9ditos de ICMS no PIS\/Cofins - Amaral, Yazbek Advogados\" \/>\n<meta property=\"og:description\" content=\"A maioria dos ministros do Supremo Tribunal Federal (STF) votou pela exclus\u00e3o de cr\u00e9ditos presumidos de ICMS na base de c\u00e1lculo do PIS e da Cofins. Mas o julgamento foi suspenso por um pedido de vista do ministro Dias Toffoli, na noite de sexta-feira. O tema \u00e9 julgado com repercuss\u00e3o geral, portanto, a decis\u00e3o dever\u00e1 [&hellip;]\" \/>\n<meta property=\"og:url\" content=\"https:\/\/www.34.239.117.254.sslip.io\/?p=357\" \/>\n<meta property=\"og:site_name\" content=\"Amaral, Yazbek Advogados\" \/>\n<meta property=\"article:publisher\" content=\"https:\/\/www.facebook.com\/AYadvogados\" \/>\n<meta property=\"article:published_time\" content=\"2021-03-15T16:52:00+00:00\" \/>\n<meta property=\"article:modified_time\" content=\"2021-03-25T14:33:14+00:00\" \/>\n<meta property=\"og:image\" content=\"https:\/\/www.34.239.117.254.sslip.io\/wp-content\/uploads\/2021\/03\/fb2552aff4634868a9783a08acea15c8.png\" \/>\n\t<meta property=\"og:image:width\" content=\"1000\" \/>\n\t<meta property=\"og:image:height\" content=\"620\" \/>\n\t<meta property=\"og:image:type\" content=\"image\/png\" \/>\n<meta name=\"author\" content=\"Infra\" \/>\n<meta name=\"twitter:card\" content=\"summary_large_image\" \/>\n<meta name=\"twitter:label1\" content=\"Escrito por\" \/>\n\t<meta name=\"twitter:data1\" content=\"Infra\" \/>\n\t<meta name=\"twitter:label2\" content=\"Est. tempo de leitura\" \/>\n\t<meta name=\"twitter:data2\" content=\"4 minutos\" \/>\n<script type=\"application\/ld+json\" class=\"yoast-schema-graph\">{\"@context\":\"https:\\\/\\\/schema.org\",\"@graph\":[{\"@type\":\"Article\",\"@id\":\"https:\\\/\\\/www.34.239.117.254.sslip.io\\\/?p=357#article\",\"isPartOf\":{\"@id\":\"https:\\\/\\\/www.34.239.117.254.sslip.io\\\/?p=357\"},\"author\":{\"name\":\"Infra\",\"@id\":\"https:\\\/\\\/www.34.239.117.254.sslip.io\\\/#\\\/schema\\\/person\\\/6b9165a58758b048b8ea5a4fbd4ec3c4\"},\"headline\":\"Ministros votam contra cr\u00e9ditos de ICMS no PIS\\\/Cofins\",\"datePublished\":\"2021-03-15T16:52:00+00:00\",\"dateModified\":\"2021-03-25T14:33:14+00:00\",\"mainEntityOfPage\":{\"@id\":\"https:\\\/\\\/www.34.239.117.254.sslip.io\\\/?p=357\"},\"wordCount\":824,\"commentCount\":0,\"publisher\":{\"@id\":\"https:\\\/\\\/www.34.239.117.254.sslip.io\\\/#organization\"},\"image\":{\"@id\":\"https:\\\/\\\/www.34.239.117.254.sslip.io\\\/?p=357#primaryimage\"},\"thumbnailUrl\":\"https:\\\/\\\/www.ayadvogados.com.br\\\/wp-content\\\/uploads\\\/2021\\\/03\\\/fb2552aff4634868a9783a08acea15c8.png\",\"articleSection\":[\"Not\u00edcia do Dia\"],\"inLanguage\":\"pt-BR\",\"potentialAction\":[{\"@type\":\"CommentAction\",\"name\":\"Comment\",\"target\":[\"https:\\\/\\\/www.34.239.117.254.sslip.io\\\/?p=357#respond\"]}]},{\"@type\":\"WebPage\",\"@id\":\"https:\\\/\\\/www.34.239.117.254.sslip.io\\\/?p=357\",\"url\":\"https:\\\/\\\/www.34.239.117.254.sslip.io\\\/?p=357\",\"name\":\"Ministros votam contra cr\u00e9ditos de ICMS no PIS\\\/Cofins - Amaral, Yazbek Advogados\",\"isPartOf\":{\"@id\":\"https:\\\/\\\/www.34.239.117.254.sslip.io\\\/#website\"},\"primaryImageOfPage\":{\"@id\":\"https:\\\/\\\/www.34.239.117.254.sslip.io\\\/?p=357#primaryimage\"},\"image\":{\"@id\":\"https:\\\/\\\/www.34.239.117.254.sslip.io\\\/?p=357#primaryimage\"},\"thumbnailUrl\":\"https:\\\/\\\/www.ayadvogados.com.br\\\/wp-content\\\/uploads\\\/2021\\\/03\\\/fb2552aff4634868a9783a08acea15c8.png\",\"datePublished\":\"2021-03-15T16:52:00+00:00\",\"dateModified\":\"2021-03-25T14:33:14+00:00\",\"breadcrumb\":{\"@id\":\"https:\\\/\\\/www.34.239.117.254.sslip.io\\\/?p=357#breadcrumb\"},\"inLanguage\":\"pt-BR\",\"potentialAction\":[{\"@type\":\"ReadAction\",\"target\":[\"https:\\\/\\\/www.34.239.117.254.sslip.io\\\/?p=357\"]}]},{\"@type\":\"ImageObject\",\"inLanguage\":\"pt-BR\",\"@id\":\"https:\\\/\\\/www.34.239.117.254.sslip.io\\\/?p=357#primaryimage\",\"url\":\"https:\\\/\\\/www.ayadvogados.com.br\\\/wp-content\\\/uploads\\\/2021\\\/03\\\/fb2552aff4634868a9783a08acea15c8.png\",\"contentUrl\":\"https:\\\/\\\/www.ayadvogados.com.br\\\/wp-content\\\/uploads\\\/2021\\\/03\\\/fb2552aff4634868a9783a08acea15c8.png\",\"width\":1000,\"height\":620},{\"@type\":\"BreadcrumbList\",\"@id\":\"https:\\\/\\\/www.34.239.117.254.sslip.io\\\/?p=357#breadcrumb\",\"itemListElement\":[{\"@type\":\"ListItem\",\"position\":1,\"name\":\"In\u00edcio\",\"item\":\"https:\\\/\\\/www.34.239.117.254.sslip.io\\\/\"},{\"@type\":\"ListItem\",\"position\":2,\"name\":\"Ministros votam contra cr\u00e9ditos de ICMS no PIS\\\/Cofins\"}]},{\"@type\":\"WebSite\",\"@id\":\"https:\\\/\\\/www.34.239.117.254.sslip.io\\\/#website\",\"url\":\"https:\\\/\\\/www.34.239.117.254.sslip.io\\\/\",\"name\":\"Amaral, Yazbek Advogados\",\"description\":\"Curitiba \u2022 Bras\u00edlia \u2022 S\u00e3o Paulo\",\"publisher\":{\"@id\":\"https:\\\/\\\/www.34.239.117.254.sslip.io\\\/#organization\"},\"potentialAction\":[{\"@type\":\"SearchAction\",\"target\":{\"@type\":\"EntryPoint\",\"urlTemplate\":\"https:\\\/\\\/www.34.239.117.254.sslip.io\\\/?s={search_term_string}\"},\"query-input\":{\"@type\":\"PropertyValueSpecification\",\"valueRequired\":true,\"valueName\":\"search_term_string\"}}],\"inLanguage\":\"pt-BR\"},{\"@type\":\"Organization\",\"@id\":\"https:\\\/\\\/www.34.239.117.254.sslip.io\\\/#organization\",\"name\":\"Amaral, Yazbek Advogados\",\"url\":\"https:\\\/\\\/www.34.239.117.254.sslip.io\\\/\",\"logo\":{\"@type\":\"ImageObject\",\"inLanguage\":\"pt-BR\",\"@id\":\"https:\\\/\\\/www.34.239.117.254.sslip.io\\\/#\\\/schema\\\/logo\\\/image\\\/\",\"url\":\"http:\\\/\\\/34.239.117.254\\\/wp-content\\\/uploads\\\/2021\\\/03\\\/logo-ay-g.png\",\"contentUrl\":\"http:\\\/\\\/34.239.117.254\\\/wp-content\\\/uploads\\\/2021\\\/03\\\/logo-ay-g.png\",\"width\":434,\"height\":106,\"caption\":\"Amaral, Yazbek Advogados\"},\"image\":{\"@id\":\"https:\\\/\\\/www.34.239.117.254.sslip.io\\\/#\\\/schema\\\/logo\\\/image\\\/\"},\"sameAs\":[\"https:\\\/\\\/www.facebook.com\\\/AYadvogados\",\"https:\\\/\\\/www.instagram.com\\\/ayadvogados\\\/\"]},{\"@type\":\"Person\",\"@id\":\"https:\\\/\\\/www.34.239.117.254.sslip.io\\\/#\\\/schema\\\/person\\\/6b9165a58758b048b8ea5a4fbd4ec3c4\",\"name\":\"Infra\",\"image\":{\"@type\":\"ImageObject\",\"inLanguage\":\"pt-BR\",\"@id\":\"https:\\\/\\\/secure.gravatar.com\\\/avatar\\\/60bf67293e186b9c834e31753dcc586dfcedb661d13b6b9ba29ac991ccafc035?s=96&d=mm&r=g\",\"url\":\"https:\\\/\\\/secure.gravatar.com\\\/avatar\\\/60bf67293e186b9c834e31753dcc586dfcedb661d13b6b9ba29ac991ccafc035?s=96&d=mm&r=g\",\"contentUrl\":\"https:\\\/\\\/secure.gravatar.com\\\/avatar\\\/60bf67293e186b9c834e31753dcc586dfcedb661d13b6b9ba29ac991ccafc035?s=96&d=mm&r=g\",\"caption\":\"Infra\"},\"url\":\"https:\\\/\\\/www.ayadvogados.com.br\\\/?author=3\"}]}<\/script>\n<!-- \/ Yoast SEO plugin. -->","yoast_head_json":{"title":"Ministros votam contra cr\u00e9ditos de ICMS no PIS\/Cofins - Amaral, Yazbek Advogados","robots":{"index":"index","follow":"follow","max-snippet":"max-snippet:-1","max-image-preview":"max-image-preview:large","max-video-preview":"max-video-preview:-1"},"canonical":"https:\/\/www.34.239.117.254.sslip.io\/?p=357","og_locale":"pt_BR","og_type":"article","og_title":"Ministros votam contra cr\u00e9ditos de ICMS no PIS\/Cofins - Amaral, Yazbek Advogados","og_description":"A maioria dos ministros do Supremo Tribunal Federal (STF) votou pela exclus\u00e3o de cr\u00e9ditos presumidos de ICMS na base de c\u00e1lculo do PIS e da Cofins. Mas o julgamento foi suspenso por um pedido de vista do ministro Dias Toffoli, na noite de sexta-feira. O tema \u00e9 julgado com repercuss\u00e3o geral, portanto, a decis\u00e3o dever\u00e1 [&hellip;]","og_url":"https:\/\/www.34.239.117.254.sslip.io\/?p=357","og_site_name":"Amaral, Yazbek Advogados","article_publisher":"https:\/\/www.facebook.com\/AYadvogados","article_published_time":"2021-03-15T16:52:00+00:00","article_modified_time":"2021-03-25T14:33:14+00:00","og_image":[{"width":1000,"height":620,"url":"https:\/\/www.34.239.117.254.sslip.io\/wp-content\/uploads\/2021\/03\/fb2552aff4634868a9783a08acea15c8.png","type":"image\/png"}],"author":"Infra","twitter_card":"summary_large_image","twitter_misc":{"Escrito por":"Infra","Est. tempo de leitura":"4 minutos"},"schema":{"@context":"https:\/\/schema.org","@graph":[{"@type":"Article","@id":"https:\/\/www.34.239.117.254.sslip.io\/?p=357#article","isPartOf":{"@id":"https:\/\/www.34.239.117.254.sslip.io\/?p=357"},"author":{"name":"Infra","@id":"https:\/\/www.34.239.117.254.sslip.io\/#\/schema\/person\/6b9165a58758b048b8ea5a4fbd4ec3c4"},"headline":"Ministros votam contra cr\u00e9ditos de ICMS no PIS\/Cofins","datePublished":"2021-03-15T16:52:00+00:00","dateModified":"2021-03-25T14:33:14+00:00","mainEntityOfPage":{"@id":"https:\/\/www.34.239.117.254.sslip.io\/?p=357"},"wordCount":824,"commentCount":0,"publisher":{"@id":"https:\/\/www.34.239.117.254.sslip.io\/#organization"},"image":{"@id":"https:\/\/www.34.239.117.254.sslip.io\/?p=357#primaryimage"},"thumbnailUrl":"https:\/\/www.ayadvogados.com.br\/wp-content\/uploads\/2021\/03\/fb2552aff4634868a9783a08acea15c8.png","articleSection":["Not\u00edcia do Dia"],"inLanguage":"pt-BR","potentialAction":[{"@type":"CommentAction","name":"Comment","target":["https:\/\/www.34.239.117.254.sslip.io\/?p=357#respond"]}]},{"@type":"WebPage","@id":"https:\/\/www.34.239.117.254.sslip.io\/?p=357","url":"https:\/\/www.34.239.117.254.sslip.io\/?p=357","name":"Ministros votam contra cr\u00e9ditos de ICMS no PIS\/Cofins - Amaral, Yazbek Advogados","isPartOf":{"@id":"https:\/\/www.34.239.117.254.sslip.io\/#website"},"primaryImageOfPage":{"@id":"https:\/\/www.34.239.117.254.sslip.io\/?p=357#primaryimage"},"image":{"@id":"https:\/\/www.34.239.117.254.sslip.io\/?p=357#primaryimage"},"thumbnailUrl":"https:\/\/www.ayadvogados.com.br\/wp-content\/uploads\/2021\/03\/fb2552aff4634868a9783a08acea15c8.png","datePublished":"2021-03-15T16:52:00+00:00","dateModified":"2021-03-25T14:33:14+00:00","breadcrumb":{"@id":"https:\/\/www.34.239.117.254.sslip.io\/?p=357#breadcrumb"},"inLanguage":"pt-BR","potentialAction":[{"@type":"ReadAction","target":["https:\/\/www.34.239.117.254.sslip.io\/?p=357"]}]},{"@type":"ImageObject","inLanguage":"pt-BR","@id":"https:\/\/www.34.239.117.254.sslip.io\/?p=357#primaryimage","url":"https:\/\/www.ayadvogados.com.br\/wp-content\/uploads\/2021\/03\/fb2552aff4634868a9783a08acea15c8.png","contentUrl":"https:\/\/www.ayadvogados.com.br\/wp-content\/uploads\/2021\/03\/fb2552aff4634868a9783a08acea15c8.png","width":1000,"height":620},{"@type":"BreadcrumbList","@id":"https:\/\/www.34.239.117.254.sslip.io\/?p=357#breadcrumb","itemListElement":[{"@type":"ListItem","position":1,"name":"In\u00edcio","item":"https:\/\/www.34.239.117.254.sslip.io\/"},{"@type":"ListItem","position":2,"name":"Ministros votam contra cr\u00e9ditos de ICMS no PIS\/Cofins"}]},{"@type":"WebSite","@id":"https:\/\/www.34.239.117.254.sslip.io\/#website","url":"https:\/\/www.34.239.117.254.sslip.io\/","name":"Amaral, Yazbek Advogados","description":"Curitiba \u2022 Bras\u00edlia \u2022 S\u00e3o Paulo","publisher":{"@id":"https:\/\/www.34.239.117.254.sslip.io\/#organization"},"potentialAction":[{"@type":"SearchAction","target":{"@type":"EntryPoint","urlTemplate":"https:\/\/www.34.239.117.254.sslip.io\/?s={search_term_string}"},"query-input":{"@type":"PropertyValueSpecification","valueRequired":true,"valueName":"search_term_string"}}],"inLanguage":"pt-BR"},{"@type":"Organization","@id":"https:\/\/www.34.239.117.254.sslip.io\/#organization","name":"Amaral, Yazbek Advogados","url":"https:\/\/www.34.239.117.254.sslip.io\/","logo":{"@type":"ImageObject","inLanguage":"pt-BR","@id":"https:\/\/www.34.239.117.254.sslip.io\/#\/schema\/logo\/image\/","url":"http:\/\/34.239.117.254\/wp-content\/uploads\/2021\/03\/logo-ay-g.png","contentUrl":"http:\/\/34.239.117.254\/wp-content\/uploads\/2021\/03\/logo-ay-g.png","width":434,"height":106,"caption":"Amaral, Yazbek Advogados"},"image":{"@id":"https:\/\/www.34.239.117.254.sslip.io\/#\/schema\/logo\/image\/"},"sameAs":["https:\/\/www.facebook.com\/AYadvogados","https:\/\/www.instagram.com\/ayadvogados\/"]},{"@type":"Person","@id":"https:\/\/www.34.239.117.254.sslip.io\/#\/schema\/person\/6b9165a58758b048b8ea5a4fbd4ec3c4","name":"Infra","image":{"@type":"ImageObject","inLanguage":"pt-BR","@id":"https:\/\/secure.gravatar.com\/avatar\/60bf67293e186b9c834e31753dcc586dfcedb661d13b6b9ba29ac991ccafc035?s=96&d=mm&r=g","url":"https:\/\/secure.gravatar.com\/avatar\/60bf67293e186b9c834e31753dcc586dfcedb661d13b6b9ba29ac991ccafc035?s=96&d=mm&r=g","contentUrl":"https:\/\/secure.gravatar.com\/avatar\/60bf67293e186b9c834e31753dcc586dfcedb661d13b6b9ba29ac991ccafc035?s=96&d=mm&r=g","caption":"Infra"},"url":"https:\/\/www.ayadvogados.com.br\/?author=3"}]}},"rttpg_featured_image_url":{"full":["https:\/\/www.ayadvogados.com.br\/wp-content\/uploads\/2021\/03\/fb2552aff4634868a9783a08acea15c8.png",1000,620,false],"landscape":["https:\/\/www.ayadvogados.com.br\/wp-content\/uploads\/2021\/03\/fb2552aff4634868a9783a08acea15c8.png",1000,620,false],"portraits":["https:\/\/www.ayadvogados.com.br\/wp-content\/uploads\/2021\/03\/fb2552aff4634868a9783a08acea15c8.png",1000,620,false],"thumbnail":["https:\/\/www.ayadvogados.com.br\/wp-content\/uploads\/2021\/03\/fb2552aff4634868a9783a08acea15c8-150x150.png",150,150,true],"medium":["https:\/\/www.ayadvogados.com.br\/wp-content\/uploads\/2021\/03\/fb2552aff4634868a9783a08acea15c8-300x186.png",300,186,true],"large":["https:\/\/www.ayadvogados.com.br\/wp-content\/uploads\/2021\/03\/fb2552aff4634868a9783a08acea15c8.png",1000,620,false],"1536x1536":["https:\/\/www.ayadvogados.com.br\/wp-content\/uploads\/2021\/03\/fb2552aff4634868a9783a08acea15c8.png",1000,620,false],"2048x2048":["https:\/\/www.ayadvogados.com.br\/wp-content\/uploads\/2021\/03\/fb2552aff4634868a9783a08acea15c8.png",1000,620,false]},"rttpg_author":{"display_name":"Infra","author_link":"https:\/\/www.ayadvogados.com.br\/?author=3"},"rttpg_comment":0,"rttpg_category":"<a href=\"https:\/\/www.ayadvogados.com.br\/?cat=1\" rel=\"category\">Not\u00edcia do Dia<\/a>","rttpg_excerpt":"A maioria dos ministros do Supremo Tribunal Federal (STF) votou pela exclus\u00e3o de cr\u00e9ditos presumidos de ICMS na base de c\u00e1lculo do PIS e da Cofins. Mas o julgamento foi suspenso por um pedido de vista do ministro Dias Toffoli, na noite de sexta-feira. O tema \u00e9 julgado com repercuss\u00e3o geral, portanto, a decis\u00e3o dever\u00e1&hellip;","_links":{"self":[{"href":"https:\/\/www.ayadvogados.com.br\/index.php?rest_route=\/wp\/v2\/posts\/357","targetHints":{"allow":["GET"]}}],"collection":[{"href":"https:\/\/www.ayadvogados.com.br\/index.php?rest_route=\/wp\/v2\/posts"}],"about":[{"href":"https:\/\/www.ayadvogados.com.br\/index.php?rest_route=\/wp\/v2\/types\/post"}],"author":[{"embeddable":true,"href":"https:\/\/www.ayadvogados.com.br\/index.php?rest_route=\/wp\/v2\/users\/3"}],"replies":[{"embeddable":true,"href":"https:\/\/www.ayadvogados.com.br\/index.php?rest_route=%2Fwp%2Fv2%2Fcomments&post=357"}],"version-history":[{"count":1,"href":"https:\/\/www.ayadvogados.com.br\/index.php?rest_route=\/wp\/v2\/posts\/357\/revisions"}],"predecessor-version":[{"id":358,"href":"https:\/\/www.ayadvogados.com.br\/index.php?rest_route=\/wp\/v2\/posts\/357\/revisions\/358"}],"wp:featuredmedia":[{"embeddable":true,"href":"https:\/\/www.ayadvogados.com.br\/index.php?rest_route=\/wp\/v2\/media\/535"}],"wp:attachment":[{"href":"https:\/\/www.ayadvogados.com.br\/index.php?rest_route=%2Fwp%2Fv2%2Fmedia&parent=357"}],"wp:term":[{"taxonomy":"category","embeddable":true,"href":"https:\/\/www.ayadvogados.com.br\/index.php?rest_route=%2Fwp%2Fv2%2Fcategories&post=357"},{"taxonomy":"post_tag","embeddable":true,"href":"https:\/\/www.ayadvogados.com.br\/index.php?rest_route=%2Fwp%2Fv2%2Ftags&post=357"}],"curies":[{"name":"wp","href":"https:\/\/api.w.org\/{rel}","templated":true}]}}