{"id":3551,"date":"2024-11-06T15:08:42","date_gmt":"2024-11-06T18:08:42","guid":{"rendered":"http:\/\/34.239.117.254\/?p=3551"},"modified":"2024-11-05T10:10:38","modified_gmt":"2024-11-05T13:10:38","slug":"fazenda-quer-tributacao-do-terco-de-ferias-a-partir-de-2018-entenda-o-pedido-da-pgfn-ao-stf","status":"publish","type":"post","link":"https:\/\/www.ayadvogados.com.br\/?p=3551","title":{"rendered":"Fazenda Quer Tributa\u00e7\u00e3o do Ter\u00e7o de F\u00e9rias a Partir de 2018"},"content":{"rendered":"\n<p>Fazenda Quer Tributa\u00e7\u00e3o do Ter\u00e7o de F\u00e9rias a Partir de 2018<\/p>\n\n\n\n<p>A Procuradoria-Geral da Fazenda Nacional (PGFN) solicitou ao Supremo Tribunal Federal (STF) que a cobran\u00e7a de contribui\u00e7\u00e3o previdenci\u00e1ria patronal sobre o ter\u00e7o constitucional de f\u00e9rias seja aplicada de forma retroativa, com efeitos a partir de 23 de fevereiro de 2018. Entenda o que est\u00e1 em jogo, como essa decis\u00e3o pode impactar empresas e contribuintes e quais os pr\u00f3ximos passos.<\/p>\n\n\n\n<h4 class=\"wp-block-heading\">O Contexto da Solicita\u00e7\u00e3o da PGFN<\/h4>\n\n\n\n<p>Em junho deste ano, o STF estabeleceu que a tributa\u00e7\u00e3o sobre o ter\u00e7o de f\u00e9rias fosse aplicada a partir de 15 de setembro de 2020, data da publica\u00e7\u00e3o da ata do julgamento. No entanto, para a Fazenda, a defini\u00e7\u00e3o dessa data como marco temporal para a aplica\u00e7\u00e3o da contribui\u00e7\u00e3o previdenci\u00e1ria \u00e9 inadequada. A PGFN argumenta que o momento em que o tema foi afetado \u00e0 repercuss\u00e3o geral \u2013 em fevereiro de 2018 \u2013 seria o per\u00edodo mais adequado para a tributa\u00e7\u00e3o, pois j\u00e1 havia uma expectativa quanto ao entendimento jur\u00eddico do STF.<\/p>\n\n\n\n<h4 class=\"wp-block-heading\">Motivos da Fazenda para Solicitar a Retroatividade<\/h4>\n\n\n\n<p>Um dos principais pontos apresentados pela Fazenda \u00e9 que, ap\u00f3s a afeta\u00e7\u00e3o do tema \u00e0 repercuss\u00e3o geral em 2018, houve um aumento significativo nas a\u00e7\u00f5es judiciais discutindo a tributa\u00e7\u00e3o sobre o ter\u00e7o de f\u00e9rias. Segundo dados da PGFN, 64% das a\u00e7\u00f5es sobre esse tema foram ajuizadas ap\u00f3s a defini\u00e7\u00e3o da repercuss\u00e3o geral. A Fazenda acredita que este aumento reflete uma \u201ccorrida ao Judici\u00e1rio\u201d com o objetivo de garantir direitos tribut\u00e1rios para os anos anteriores ao julgamento, caso o STF decidisse modular os efeitos para o futuro.<\/p>\n\n\n\n<h4 class=\"wp-block-heading\">Implica\u00e7\u00f5es para Empresas e Contribuintes<\/h4>\n\n\n\n<p>Se o STF aceitar o pedido da PGFN, isso significa que a cobran\u00e7a poder\u00e1 ser aplicada retroativamente desde 2018. Para muitas empresas, essa mudan\u00e7a pode resultar em despesas tribut\u00e1rias adicionais, al\u00e9m de ajustes financeiros para se adequarem \u00e0 nova cobran\u00e7a retroativa.<\/p>\n\n\n\n<p>Por outro lado, para os contribuintes que ajuizaram a\u00e7\u00f5es antes de 2018, a PGFN prop\u00f4s uma limita\u00e7\u00e3o nos direitos desses processos, restringindo a aplica\u00e7\u00e3o da decis\u00e3o apenas para os primeiros ajuizamentos.<\/p>\n\n\n\n<h4 class=\"wp-block-heading\">Quest\u00f5es em Debate<\/h4>\n\n\n\n<p>A PGFN tamb\u00e9m questiona a possibilidade de o Superior Tribunal de Justi\u00e7a (STJ) influenciar a modula\u00e7\u00e3o dos efeitos no STF, j\u00e1 que, anteriormente, o STJ havia declarado que a contribui\u00e7\u00e3o previdenci\u00e1ria sobre o ter\u00e7o de f\u00e9rias n\u00e3o incidia. A PGFN ressalta que, apesar da decis\u00e3o do STJ, o STF sobrestou processos em andamento com base no Tema 20, que previa a incid\u00eancia da contribui\u00e7\u00e3o social patronal.<\/p>\n\n\n\n<p>Essa situa\u00e7\u00e3o reflete um ponto de tens\u00e3o sobre at\u00e9 que ponto as decis\u00f5es de tribunais inferiores podem interferir nas modulagens de decis\u00f5es do STF.<\/p>\n\n\n\n<h4 class=\"wp-block-heading\">O Que Podemos Esperar?<\/h4>\n\n\n\n<p>A decis\u00e3o sobre os embargos de declara\u00e7\u00e3o da PGFN pode resultar em mudan\u00e7as significativas para o setor tribut\u00e1rio e trabalhista. Caso o STF modifique o marco temporal, empresas precisar\u00e3o rever sua contabilidade e estrat\u00e9gias financeiras para cumprir com a tributa\u00e7\u00e3o desde 2018.<\/p>\n\n\n\n<p>Ficou alguma duvida sobre o tema: Fazenda Quer Tributa\u00e7\u00e3o do Ter\u00e7o de F\u00e9rias a Partir de 2018?<\/p>\n","protected":false},"excerpt":{"rendered":"<p>Fazenda Quer Tributa\u00e7\u00e3o do Ter\u00e7o de F\u00e9rias a Partir de 2018 A Procuradoria-Geral da Fazenda Nacional (PGFN) solicitou ao Supremo Tribunal Federal (STF) que a cobran\u00e7a de contribui\u00e7\u00e3o previdenci\u00e1ria patronal sobre o ter\u00e7o constitucional de f\u00e9rias seja aplicada de forma retroativa, com efeitos a partir de 23 de fevereiro de 2018. Entenda o que est\u00e1 [&hellip;]<\/p>\n","protected":false},"author":3,"featured_media":0,"comment_status":"open","ping_status":"closed","sticky":false,"template":"","format":"standard","meta":{"footnotes":""},"categories":[1],"tags":[9,29,33,63,96,73],"class_list":["post-3551","post","type-post","status-publish","format-standard","hentry","category-noticia-do-dia","tag-amaral-yazbek","tag-empresas","tag-negocios","tag-noticia-do-dia","tag-reforma-tributaria","tag-retrospecto-tributario"],"blocksy_meta":{"styles_descriptor":{"styles":{"desktop":"","tablet":"","mobile":""},"google_fonts":[],"version":6}},"yoast_head":"<!-- This site is optimized with the Yoast SEO plugin v27.5 - https:\/\/yoast.com\/product\/yoast-seo-wordpress\/ -->\n<title>Retrospecto Tribut\u00e1rio - 29\/10 a 04\/11<\/title>\n<meta name=\"description\" content=\"As principais atualiza\u00e7\u00f5es tribut\u00e1rias que voc\u00ea n\u00e3o pode perder est\u00e3o aqui. Retrospecto Tribut\u00e1rio - 29\/10 a 04\/11\" \/>\n<meta name=\"robots\" content=\"index, follow, max-snippet:-1, max-image-preview:large, max-video-preview:-1\" \/>\n<link rel=\"canonical\" href=\"https:\/\/www.ayadvogados.com.br\/?p=3551\" \/>\n<meta property=\"og:locale\" content=\"pt_BR\" \/>\n<meta property=\"og:type\" content=\"article\" \/>\n<meta property=\"og:title\" content=\"Retrospecto Tribut\u00e1rio - 29\/10 a 04\/11\" \/>\n<meta property=\"og:description\" content=\"As principais atualiza\u00e7\u00f5es tribut\u00e1rias que voc\u00ea n\u00e3o pode perder est\u00e3o aqui. Retrospecto Tribut\u00e1rio - 29\/10 a 04\/11\" \/>\n<meta property=\"og:url\" content=\"https:\/\/www.ayadvogados.com.br\/?p=3551\" \/>\n<meta property=\"og:site_name\" content=\"Amaral, Yazbek Advogados\" \/>\n<meta property=\"article:publisher\" content=\"https:\/\/www.facebook.com\/AYadvogados\" \/>\n<meta property=\"article:published_time\" content=\"2024-11-06T18:08:42+00:00\" \/>\n<meta name=\"author\" content=\"Infra\" \/>\n<meta name=\"twitter:card\" content=\"summary_large_image\" \/>\n<meta name=\"twitter:label1\" content=\"Escrito por\" \/>\n\t<meta name=\"twitter:data1\" content=\"Infra\" \/>\n\t<meta name=\"twitter:label2\" content=\"Est. tempo de leitura\" \/>\n\t<meta name=\"twitter:data2\" content=\"104 minutos\" \/>\n<script type=\"application\/ld+json\" class=\"yoast-schema-graph\">{\"@context\":\"https:\\\/\\\/schema.org\",\"@graph\":[{\"@type\":\"Article\",\"@id\":\"https:\\\/\\\/www.ayadvogados.com.br\\\/?p=3551#article\",\"isPartOf\":{\"@id\":\"https:\\\/\\\/www.ayadvogados.com.br\\\/?p=3551\"},\"author\":{\"name\":\"Infra\",\"@id\":\"https:\\\/\\\/www.ayadvogados.com.br\\\/#\\\/schema\\\/person\\\/6b9165a58758b048b8ea5a4fbd4ec3c4\"},\"headline\":\"Fazenda Quer Tributa\u00e7\u00e3o do Ter\u00e7o de F\u00e9rias a Partir de 2018\",\"datePublished\":\"2024-11-06T18:08:42+00:00\",\"mainEntityOfPage\":{\"@id\":\"https:\\\/\\\/www.ayadvogados.com.br\\\/?p=3551\"},\"wordCount\":560,\"commentCount\":0,\"publisher\":{\"@id\":\"https:\\\/\\\/www.ayadvogados.com.br\\\/#organization\"},\"keywords\":[\"amaral yazbek\",\"empresas\",\"neg\u00f3cios\",\"noticia do dia\",\"Reforma Tribut\u00e1ria\",\"retrospecto tribut\u00e1rio\"],\"articleSection\":[\"Not\u00edcia do Dia\"],\"inLanguage\":\"pt-BR\",\"potentialAction\":[{\"@type\":\"CommentAction\",\"name\":\"Comment\",\"target\":[\"https:\\\/\\\/www.ayadvogados.com.br\\\/?p=3551#respond\"]}]},{\"@type\":\"WebPage\",\"@id\":\"https:\\\/\\\/www.ayadvogados.com.br\\\/?p=3551\",\"url\":\"https:\\\/\\\/www.ayadvogados.com.br\\\/?p=3551\",\"name\":\"Retrospecto Tribut\u00e1rio - 29\\\/10 a 04\\\/11\",\"isPartOf\":{\"@id\":\"https:\\\/\\\/www.ayadvogados.com.br\\\/#website\"},\"datePublished\":\"2024-11-06T18:08:42+00:00\",\"description\":\"As principais atualiza\u00e7\u00f5es tribut\u00e1rias que voc\u00ea n\u00e3o pode perder est\u00e3o aqui. Retrospecto Tribut\u00e1rio - 29\\\/10 a 04\\\/11\",\"breadcrumb\":{\"@id\":\"https:\\\/\\\/www.ayadvogados.com.br\\\/?p=3551#breadcrumb\"},\"inLanguage\":\"pt-BR\",\"potentialAction\":[{\"@type\":\"ReadAction\",\"target\":[\"https:\\\/\\\/www.ayadvogados.com.br\\\/?p=3551\"]}]},{\"@type\":\"BreadcrumbList\",\"@id\":\"https:\\\/\\\/www.ayadvogados.com.br\\\/?p=3551#breadcrumb\",\"itemListElement\":[{\"@type\":\"ListItem\",\"position\":1,\"name\":\"In\u00edcio\",\"item\":\"https:\\\/\\\/www.ayadvogados.com.br\\\/\"},{\"@type\":\"ListItem\",\"position\":2,\"name\":\"Fazenda Quer Tributa\u00e7\u00e3o do Ter\u00e7o de F\u00e9rias a Partir de 2018\"}]},{\"@type\":\"WebSite\",\"@id\":\"https:\\\/\\\/www.ayadvogados.com.br\\\/#website\",\"url\":\"https:\\\/\\\/www.ayadvogados.com.br\\\/\",\"name\":\"Amaral, Yazbek Advogados\",\"description\":\"Curitiba \u2022 Bras\u00edlia \u2022 S\u00e3o Paulo\",\"publisher\":{\"@id\":\"https:\\\/\\\/www.ayadvogados.com.br\\\/#organization\"},\"potentialAction\":[{\"@type\":\"SearchAction\",\"target\":{\"@type\":\"EntryPoint\",\"urlTemplate\":\"https:\\\/\\\/www.ayadvogados.com.br\\\/?s={search_term_string}\"},\"query-input\":{\"@type\":\"PropertyValueSpecification\",\"valueRequired\":true,\"valueName\":\"search_term_string\"}}],\"inLanguage\":\"pt-BR\"},{\"@type\":\"Organization\",\"@id\":\"https:\\\/\\\/www.ayadvogados.com.br\\\/#organization\",\"name\":\"Amaral, Yazbek Advogados\",\"url\":\"https:\\\/\\\/www.ayadvogados.com.br\\\/\",\"logo\":{\"@type\":\"ImageObject\",\"inLanguage\":\"pt-BR\",\"@id\":\"https:\\\/\\\/www.ayadvogados.com.br\\\/#\\\/schema\\\/logo\\\/image\\\/\",\"url\":\"http:\\\/\\\/34.239.117.254\\\/wp-content\\\/uploads\\\/2021\\\/03\\\/logo-ay-g.png\",\"contentUrl\":\"http:\\\/\\\/34.239.117.254\\\/wp-content\\\/uploads\\\/2021\\\/03\\\/logo-ay-g.png\",\"width\":434,\"height\":106,\"caption\":\"Amaral, Yazbek Advogados\"},\"image\":{\"@id\":\"https:\\\/\\\/www.ayadvogados.com.br\\\/#\\\/schema\\\/logo\\\/image\\\/\"},\"sameAs\":[\"https:\\\/\\\/www.facebook.com\\\/AYadvogados\",\"https:\\\/\\\/www.instagram.com\\\/ayadvogados\\\/\"]},{\"@type\":\"Person\",\"@id\":\"https:\\\/\\\/www.ayadvogados.com.br\\\/#\\\/schema\\\/person\\\/6b9165a58758b048b8ea5a4fbd4ec3c4\",\"name\":\"Infra\",\"image\":{\"@type\":\"ImageObject\",\"inLanguage\":\"pt-BR\",\"@id\":\"https:\\\/\\\/secure.gravatar.com\\\/avatar\\\/60bf67293e186b9c834e31753dcc586dfcedb661d13b6b9ba29ac991ccafc035?s=96&d=mm&r=g\",\"url\":\"https:\\\/\\\/secure.gravatar.com\\\/avatar\\\/60bf67293e186b9c834e31753dcc586dfcedb661d13b6b9ba29ac991ccafc035?s=96&d=mm&r=g\",\"contentUrl\":\"https:\\\/\\\/secure.gravatar.com\\\/avatar\\\/60bf67293e186b9c834e31753dcc586dfcedb661d13b6b9ba29ac991ccafc035?s=96&d=mm&r=g\",\"caption\":\"Infra\"},\"url\":\"https:\\\/\\\/www.ayadvogados.com.br\\\/?author=3\"}]}<\/script>\n<!-- \/ Yoast SEO plugin. -->","yoast_head_json":{"title":"Retrospecto Tribut\u00e1rio - 29\/10 a 04\/11","description":"As principais atualiza\u00e7\u00f5es tribut\u00e1rias que voc\u00ea n\u00e3o pode perder est\u00e3o aqui. Retrospecto Tribut\u00e1rio - 29\/10 a 04\/11","robots":{"index":"index","follow":"follow","max-snippet":"max-snippet:-1","max-image-preview":"max-image-preview:large","max-video-preview":"max-video-preview:-1"},"canonical":"https:\/\/www.ayadvogados.com.br\/?p=3551","og_locale":"pt_BR","og_type":"article","og_title":"Retrospecto Tribut\u00e1rio - 29\/10 a 04\/11","og_description":"As principais atualiza\u00e7\u00f5es tribut\u00e1rias que voc\u00ea n\u00e3o pode perder est\u00e3o aqui. Retrospecto Tribut\u00e1rio - 29\/10 a 04\/11","og_url":"https:\/\/www.ayadvogados.com.br\/?p=3551","og_site_name":"Amaral, Yazbek Advogados","article_publisher":"https:\/\/www.facebook.com\/AYadvogados","article_published_time":"2024-11-06T18:08:42+00:00","author":"Infra","twitter_card":"summary_large_image","twitter_misc":{"Escrito por":"Infra","Est. tempo de leitura":"104 minutos"},"schema":{"@context":"https:\/\/schema.org","@graph":[{"@type":"Article","@id":"https:\/\/www.ayadvogados.com.br\/?p=3551#article","isPartOf":{"@id":"https:\/\/www.ayadvogados.com.br\/?p=3551"},"author":{"name":"Infra","@id":"https:\/\/www.ayadvogados.com.br\/#\/schema\/person\/6b9165a58758b048b8ea5a4fbd4ec3c4"},"headline":"Fazenda Quer Tributa\u00e7\u00e3o do Ter\u00e7o de F\u00e9rias a Partir de 2018","datePublished":"2024-11-06T18:08:42+00:00","mainEntityOfPage":{"@id":"https:\/\/www.ayadvogados.com.br\/?p=3551"},"wordCount":560,"commentCount":0,"publisher":{"@id":"https:\/\/www.ayadvogados.com.br\/#organization"},"keywords":["amaral yazbek","empresas","neg\u00f3cios","noticia do dia","Reforma Tribut\u00e1ria","retrospecto tribut\u00e1rio"],"articleSection":["Not\u00edcia do Dia"],"inLanguage":"pt-BR","potentialAction":[{"@type":"CommentAction","name":"Comment","target":["https:\/\/www.ayadvogados.com.br\/?p=3551#respond"]}]},{"@type":"WebPage","@id":"https:\/\/www.ayadvogados.com.br\/?p=3551","url":"https:\/\/www.ayadvogados.com.br\/?p=3551","name":"Retrospecto Tribut\u00e1rio - 29\/10 a 04\/11","isPartOf":{"@id":"https:\/\/www.ayadvogados.com.br\/#website"},"datePublished":"2024-11-06T18:08:42+00:00","description":"As principais atualiza\u00e7\u00f5es tribut\u00e1rias que voc\u00ea n\u00e3o pode perder est\u00e3o aqui. Retrospecto Tribut\u00e1rio - 29\/10 a 04\/11","breadcrumb":{"@id":"https:\/\/www.ayadvogados.com.br\/?p=3551#breadcrumb"},"inLanguage":"pt-BR","potentialAction":[{"@type":"ReadAction","target":["https:\/\/www.ayadvogados.com.br\/?p=3551"]}]},{"@type":"BreadcrumbList","@id":"https:\/\/www.ayadvogados.com.br\/?p=3551#breadcrumb","itemListElement":[{"@type":"ListItem","position":1,"name":"In\u00edcio","item":"https:\/\/www.ayadvogados.com.br\/"},{"@type":"ListItem","position":2,"name":"Fazenda Quer Tributa\u00e7\u00e3o do Ter\u00e7o de F\u00e9rias a Partir de 2018"}]},{"@type":"WebSite","@id":"https:\/\/www.ayadvogados.com.br\/#website","url":"https:\/\/www.ayadvogados.com.br\/","name":"Amaral, Yazbek Advogados","description":"Curitiba \u2022 Bras\u00edlia \u2022 S\u00e3o Paulo","publisher":{"@id":"https:\/\/www.ayadvogados.com.br\/#organization"},"potentialAction":[{"@type":"SearchAction","target":{"@type":"EntryPoint","urlTemplate":"https:\/\/www.ayadvogados.com.br\/?s={search_term_string}"},"query-input":{"@type":"PropertyValueSpecification","valueRequired":true,"valueName":"search_term_string"}}],"inLanguage":"pt-BR"},{"@type":"Organization","@id":"https:\/\/www.ayadvogados.com.br\/#organization","name":"Amaral, Yazbek Advogados","url":"https:\/\/www.ayadvogados.com.br\/","logo":{"@type":"ImageObject","inLanguage":"pt-BR","@id":"https:\/\/www.ayadvogados.com.br\/#\/schema\/logo\/image\/","url":"http:\/\/34.239.117.254\/wp-content\/uploads\/2021\/03\/logo-ay-g.png","contentUrl":"http:\/\/34.239.117.254\/wp-content\/uploads\/2021\/03\/logo-ay-g.png","width":434,"height":106,"caption":"Amaral, Yazbek Advogados"},"image":{"@id":"https:\/\/www.ayadvogados.com.br\/#\/schema\/logo\/image\/"},"sameAs":["https:\/\/www.facebook.com\/AYadvogados","https:\/\/www.instagram.com\/ayadvogados\/"]},{"@type":"Person","@id":"https:\/\/www.ayadvogados.com.br\/#\/schema\/person\/6b9165a58758b048b8ea5a4fbd4ec3c4","name":"Infra","image":{"@type":"ImageObject","inLanguage":"pt-BR","@id":"https:\/\/secure.gravatar.com\/avatar\/60bf67293e186b9c834e31753dcc586dfcedb661d13b6b9ba29ac991ccafc035?s=96&d=mm&r=g","url":"https:\/\/secure.gravatar.com\/avatar\/60bf67293e186b9c834e31753dcc586dfcedb661d13b6b9ba29ac991ccafc035?s=96&d=mm&r=g","contentUrl":"https:\/\/secure.gravatar.com\/avatar\/60bf67293e186b9c834e31753dcc586dfcedb661d13b6b9ba29ac991ccafc035?s=96&d=mm&r=g","caption":"Infra"},"url":"https:\/\/www.ayadvogados.com.br\/?author=3"}]}},"rttpg_featured_image_url":null,"rttpg_author":{"display_name":"Infra","author_link":"https:\/\/www.ayadvogados.com.br\/?author=3"},"rttpg_comment":0,"rttpg_category":"<a href=\"https:\/\/www.ayadvogados.com.br\/?cat=1\" rel=\"category\">Not\u00edcia do Dia<\/a>","rttpg_excerpt":"Fazenda Quer Tributa\u00e7\u00e3o do Ter\u00e7o de F\u00e9rias a Partir de 2018 A Procuradoria-Geral da Fazenda Nacional (PGFN) solicitou ao Supremo Tribunal Federal (STF) que a cobran\u00e7a de contribui\u00e7\u00e3o previdenci\u00e1ria patronal sobre o ter\u00e7o constitucional de f\u00e9rias seja aplicada de forma retroativa, com efeitos a partir de 23 de fevereiro de 2018. Entenda o que est\u00e1&hellip;","_links":{"self":[{"href":"https:\/\/www.ayadvogados.com.br\/index.php?rest_route=\/wp\/v2\/posts\/3551","targetHints":{"allow":["GET"]}}],"collection":[{"href":"https:\/\/www.ayadvogados.com.br\/index.php?rest_route=\/wp\/v2\/posts"}],"about":[{"href":"https:\/\/www.ayadvogados.com.br\/index.php?rest_route=\/wp\/v2\/types\/post"}],"author":[{"embeddable":true,"href":"https:\/\/www.ayadvogados.com.br\/index.php?rest_route=\/wp\/v2\/users\/3"}],"replies":[{"embeddable":true,"href":"https:\/\/www.ayadvogados.com.br\/index.php?rest_route=%2Fwp%2Fv2%2Fcomments&post=3551"}],"version-history":[{"count":5,"href":"https:\/\/www.ayadvogados.com.br\/index.php?rest_route=\/wp\/v2\/posts\/3551\/revisions"}],"predecessor-version":[{"id":3557,"href":"https:\/\/www.ayadvogados.com.br\/index.php?rest_route=\/wp\/v2\/posts\/3551\/revisions\/3557"}],"wp:attachment":[{"href":"https:\/\/www.ayadvogados.com.br\/index.php?rest_route=%2Fwp%2Fv2%2Fmedia&parent=3551"}],"wp:term":[{"taxonomy":"category","embeddable":true,"href":"https:\/\/www.ayadvogados.com.br\/index.php?rest_route=%2Fwp%2Fv2%2Fcategories&post=3551"},{"taxonomy":"post_tag","embeddable":true,"href":"https:\/\/www.ayadvogados.com.br\/index.php?rest_route=%2Fwp%2Fv2%2Ftags&post=3551"}],"curies":[{"name":"wp","href":"https:\/\/api.w.org\/{rel}","templated":true}]}}