{"id":3548,"date":"2024-10-29T11:51:01","date_gmt":"2024-10-29T14:51:01","guid":{"rendered":"http:\/\/34.239.117.254\/?p=3548"},"modified":"2024-10-29T11:51:02","modified_gmt":"2024-10-29T14:51:02","slug":"operacao-fonte-nao-pagadora-e-a-regularizacao-fiscal-das-empresas","status":"publish","type":"post","link":"https:\/\/www.ayadvogados.com.br\/?p=3548","title":{"rendered":"<strong>Opera\u00e7\u00e3o \u201cFonte N\u00e3o Pagadora\u201d e a Regulariza\u00e7\u00e3o Fiscal das Empresas<\/strong>"},"content":{"rendered":"\n<p><strong>Opera\u00e7\u00e3o \u201cFonte N\u00e3o Pagadora\u201d e a Regulariza\u00e7\u00e3o Fiscal das Empresas<\/strong><\/p>\n\n\n\n<p>Se a sua empresa ret\u00e9m Imposto de Renda na Fonte, fique atento, pois o prazo para regularizar eventuais pend\u00eancias fiscais vai at\u00e9 o dia 19 de novembro. A situa\u00e7\u00e3o merece aten\u00e7\u00e3o, pois caso n\u00e3o tomadas as medidas adequadas, poder\u00e1 haver autua\u00e7\u00e3o que pode impactar diretamente a regularidade tribut\u00e1ria da sua empresa.<\/p>\n\n\n\n<p><br>Cerca de 6 mil empresas no Brasil est\u00e3o com pend\u00eancias em rela\u00e7\u00e3o ao Imposto de Renda Retido na Fonte. Essa reten\u00e7\u00e3o \u00e9 uma responsabilidade das empresas que, ao reter o imposto de seus funcion\u00e1rios ou terceiros, devem repass\u00e1-lo \u00e0 Receita Federal. No entanto, muitas empresas acabam n\u00e3o fazendo isso corretamente.<\/p>\n\n\n\n<p>Essa \u00e9 uma situa\u00e7\u00e3o que pode gerar problemas consider\u00e1veis, tanto financeiros quanto operacionais, como a dificuldade em obter certid\u00f5es negativas de d\u00e9bito \u2014 um documento essencial para quem deseja participar de licita\u00e7\u00f5es p\u00fablicas ou firmar contratos com o governo. E essa oportunidade para regularizar a situa\u00e7\u00e3o fiscal se encerra em pouco menos de um m\u00eas.<\/p>\n\n\n\n<p>As empresas que n\u00e3o aproveitarem a chance de autorregulariza\u00e7\u00e3o ter\u00e3o lan\u00e7ados contra si autos de infra\u00e7\u00e3o, com penalidades que incluem multas calculadas com base no valor do imposto n\u00e3o recolhido e juros apurados pelo tempo de atraso, e riscos de inscri\u00e7\u00e3o na d\u00edvida ativa da Uni\u00e3o, o que pode gerar a\u00e7\u00f5es de cobran\u00e7a judicial.<\/p>\n\n\n\n<p>Segundo dados da Receita, S\u00e3o Paulo tem mais de 2,3 mil empresas devendo R$ 340 milh\u00f5es. O Rio de Janeiro vem em seguida, com 673 empresas em d\u00e9bito e R$ 100 milh\u00f5es em d\u00edvidas, e Minas Gerais completa o p\u00f3dio com 476 contribuintes devendo R$ 40 milh\u00f5es.<\/p>\n\n\n\n<p>Se a sua empresa est\u00e1 entre as que precisam regularizar a situa\u00e7\u00e3o, o processo \u00e9 relativamente simples, mas exige aten\u00e7\u00e3o. Tudo come\u00e7a pelo acesso ao e-CAC da Receita Federal. L\u00e1, com o uso de um certificado digital ou c\u00f3digo de acesso, a empresa pode verificar poss\u00edveis diverg\u00eancias, especialmente relacionadas ao Imposto de Renda Retido na Fonte.<\/p>\n\n\n\n<p>Caso sejam encontradas inconsist\u00eancias, \u00e9 preciso retificar as obriga\u00e7\u00f5es acess\u00f3rias, gerando as guias de pagamento ou parcelamento das diferen\u00e7as devidas, incluindo os acr\u00e9scimos legais.<\/p>\n\n\n\n<p>\u00c9 importante o acompanhamento de um advogado tributarista em todo processo, para analisar se as pend\u00eancias realmente existem e, se devidos os d\u00e9bitos, que sejam baixados corretamente.&nbsp;<\/p>\n\n\n\n<p>Estamos falando de uma oportunidade de ouro para as empresas evitarem penalidades graves e regularizarem suas obriga\u00e7\u00f5es fiscais. A recomenda\u00e7\u00e3o \u00e9 simples: n\u00e3o deixe para a \u00faltima hora. Acesse o e-CAC, verifique as diverg\u00eancias, fa\u00e7a a retifica\u00e7\u00e3o necess\u00e1ria e siga em frente com a tranquilidade de estar em dia com o fisco.<\/p>\n\n\n\n<p>\u00c9 isso, ouvintes! Obrigada por nos acompanhar em mais um epis\u00f3dio. N\u00e3o se esque\u00e7a de seguir nosso DINcast e compartilhar com seus colegas. At\u00e9 a pr\u00f3xima!<\/p>\n\n\n\n<figure class=\"wp-block-embed is-type-video is-provider-spotify wp-block-embed-spotify wp-embed-aspect-16-9 wp-has-aspect-ratio\"><div class=\"wp-block-embed__wrapper\">\n<iframe title=\"Spotify Embed: Opera\u00e7\u00e3o \u201cFonte N\u00e3o Pagadora\u201d e a Regulariza\u00e7\u00e3o Fiscal das Empresas\" style=\"border-radius: 12px\" width=\"624\" height=\"351\" frameborder=\"0\" allowfullscreen allow=\"autoplay; clipboard-write; encrypted-media; fullscreen; picture-in-picture\" loading=\"lazy\" src=\"https:\/\/open.spotify.com\/embed\/episode\/6DUIKPb84EJQas73uheWxO\/video?si=4f31531fccc74fcc&#038;utm_source=oembed\"><\/iframe>\n<\/div><\/figure>\n\n\n\n<hr class=\"wp-block-separator has-text-color has-palette-color-1-color has-css-opacity has-palette-color-1-background-color has-background is-style-dots\"\/>\n\n\n\n<div class=\"wp-block-group has-palette-color-6-background-color has-background is-layout-flow wp-block-group-is-layout-flow\">\n<p style=\"font-size:0.8em\">A Amaral,\u00a0Yazbek, OAB\/PR 762, possui 36 anos de experi\u00eancia auxiliando empresas a transformar a tributa\u00e7\u00e3o em lucro. Entre em contato com um dos s\u00f3cios para agendamento de reuni\u00e3o em caso de d\u00favidas.\u00a0\u00a0\u00a0<\/p>\n\n\n\n<p style=\"font-size:0.8em\">Contato: 41 3595-8300 ou pelo nosso WhatsApp 41 99567-5696\u00a0\u00a0\u00a0<\/p>\n\n\n\n<p style=\"font-size:0.8em\">Av. C\u00e2ndido Hartmann, 50 \u2013\u00a0Bigorrilho\u00a0| Curitiba-PR\u00a0\u00a0\u00a0<\/p>\n\n\n\n<p style=\"font-size:0.8em\">Assine nossa <a href=\"http:\/\/ayadvogados.com.br\/contato\/\">Newsletter<\/a> e fique por dentro das novidades!\u00a0\u00a0\u00a0<\/p>\n\n\n\n<p style=\"font-size:0.8em\">Quer receber seu exemplar da revista Governan\u00e7a Jur\u00eddica? <a href=\"http:\/\/ayadvogados.com.br\/revista\/\" data-type=\"page\" data-id=\"68\">Clique\u00a0aqui\u00a0e pe\u00e7a a sua<\/a>.\u00a0\u00a0\u00a0<\/p>\n\n\n\n<p style=\"font-size:0.8em\">Nos acompanhe nas redes sociais:\u00a0<a href=\"https:\/\/www.facebook.com\/AYadvogados\">Facebook<\/a>\u00a0|\u00a0<a href=\"https:\/\/www.instagram.com\/ayadvogados\/\">Instagram<\/a>\u00a0|\u00a0<a href=\"https:\/\/www.linkedin.com\/company\/amaral-yazbek-advogados\">Linkedin<\/a>\u00a0<\/p>\n\n\n\n<p style=\"font-size:0.8em\">J\u00e1 conhece o canal Direito da Intelig\u00eancia de Neg\u00f3cios?\u00a0<a href=\"https:\/\/www.youtube.com\/channel\/UCu2Mpu32ht8DEN8OFRXYMyw\">Inscreva-se j\u00e1<\/a><\/p>\n<\/div>\n","protected":false},"excerpt":{"rendered":"<p>Opera\u00e7\u00e3o \u201cFonte N\u00e3o Pagadora\u201d e a Regulariza\u00e7\u00e3o Fiscal das Empresas Se a sua empresa ret\u00e9m Imposto de Renda na Fonte, fique atento, pois o prazo para regularizar eventuais pend\u00eancias fiscais vai at\u00e9 o dia 19 de novembro. A situa\u00e7\u00e3o merece aten\u00e7\u00e3o, pois caso n\u00e3o tomadas as medidas adequadas, poder\u00e1 haver autua\u00e7\u00e3o que pode impactar diretamente [&hellip;]<\/p>\n","protected":false},"author":3,"featured_media":3549,"comment_status":"open","ping_status":"open","sticky":false,"template":"","format":"standard","meta":{"footnotes":""},"categories":[5],"tags":[9,10,123,124,45,96],"class_list":["post-3548","post","type-post","status-publish","format-standard","has-post-thumbnail","hentry","category-dincast","tag-amaral-yazbek","tag-dincast","tag-dividas","tag-nova-forma-de-regularizar","tag-receita-federal","tag-reforma-tributaria"],"blocksy_meta":{"styles_descriptor":{"styles":{"desktop":"","tablet":"","mobile":""},"google_fonts":[],"version":6}},"yoast_head":"<!-- This site is optimized with the Yoast SEO plugin v27.5 - https:\/\/yoast.com\/product\/yoast-seo-wordpress\/ -->\n<title>Opera\u00e7\u00e3o \u201cFonte N\u00e3o Pagadora\u201d e a Regulariza\u00e7\u00e3o Fiscal das Empresas<\/title>\n<meta name=\"description\" content=\"Opera\u00e7\u00e3o \u201cFonte N\u00e3o Pagadora\u201d e a Regulariza\u00e7\u00e3o Fiscal das Empresas. fique atento, pois o prazo vai at\u00e9 o dia 19 de novembro\" \/>\n<meta name=\"robots\" content=\"index, follow, max-snippet:-1, max-image-preview:large, max-video-preview:-1\" \/>\n<link rel=\"canonical\" href=\"https:\/\/www.ayadvogados.com.br\/?p=3548\" \/>\n<meta property=\"og:locale\" content=\"pt_BR\" \/>\n<meta property=\"og:type\" content=\"article\" \/>\n<meta property=\"og:title\" content=\"Opera\u00e7\u00e3o \u201cFonte N\u00e3o Pagadora\u201d e a Regulariza\u00e7\u00e3o Fiscal das Empresas\" \/>\n<meta property=\"og:description\" content=\"Opera\u00e7\u00e3o \u201cFonte N\u00e3o Pagadora\u201d e a Regulariza\u00e7\u00e3o Fiscal das Empresas. fique atento, pois o prazo vai at\u00e9 o dia 19 de novembro\" \/>\n<meta property=\"og:url\" content=\"https:\/\/www.ayadvogados.com.br\/?p=3548\" \/>\n<meta property=\"og:site_name\" content=\"Amaral, Yazbek Advogados\" \/>\n<meta property=\"article:publisher\" content=\"https:\/\/www.facebook.com\/AYadvogados\" \/>\n<meta property=\"article:published_time\" content=\"2024-10-29T14:51:01+00:00\" \/>\n<meta property=\"article:modified_time\" content=\"2024-10-29T14:51:02+00:00\" \/>\n<meta property=\"og:image\" content=\"https:\/\/www.ayadvogados.com.br\/wp-content\/uploads\/2024\/10\/0909-a-1609-Video-1.png\" \/>\n\t<meta property=\"og:image:width\" content=\"1920\" \/>\n\t<meta property=\"og:image:height\" content=\"1080\" \/>\n\t<meta property=\"og:image:type\" content=\"image\/png\" \/>\n<meta name=\"author\" content=\"Infra\" \/>\n<meta name=\"twitter:card\" content=\"summary_large_image\" \/>\n<meta name=\"twitter:label1\" content=\"Escrito por\" \/>\n\t<meta name=\"twitter:data1\" content=\"Infra\" \/>\n\t<meta name=\"twitter:label2\" content=\"Est. tempo de leitura\" \/>\n\t<meta name=\"twitter:data2\" content=\"3 minutos\" \/>\n<script type=\"application\/ld+json\" class=\"yoast-schema-graph\">{\"@context\":\"https:\\\/\\\/schema.org\",\"@graph\":[{\"@type\":\"Article\",\"@id\":\"https:\\\/\\\/www.ayadvogados.com.br\\\/?p=3548#article\",\"isPartOf\":{\"@id\":\"https:\\\/\\\/www.ayadvogados.com.br\\\/?p=3548\"},\"author\":{\"name\":\"Infra\",\"@id\":\"https:\\\/\\\/34.239.117.254\\\/#\\\/schema\\\/person\\\/6b9165a58758b048b8ea5a4fbd4ec3c4\"},\"headline\":\"Opera\u00e7\u00e3o \u201cFonte N\u00e3o Pagadora\u201d e a Regulariza\u00e7\u00e3o Fiscal das Empresas\",\"datePublished\":\"2024-10-29T14:51:01+00:00\",\"dateModified\":\"2024-10-29T14:51:02+00:00\",\"mainEntityOfPage\":{\"@id\":\"https:\\\/\\\/www.ayadvogados.com.br\\\/?p=3548\"},\"wordCount\":528,\"commentCount\":0,\"publisher\":{\"@id\":\"https:\\\/\\\/34.239.117.254\\\/#organization\"},\"image\":{\"@id\":\"https:\\\/\\\/www.ayadvogados.com.br\\\/?p=3548#primaryimage\"},\"thumbnailUrl\":\"https:\\\/\\\/www.ayadvogados.com.br\\\/wp-content\\\/uploads\\\/2024\\\/10\\\/0909-a-1609-Video-1.png\",\"keywords\":[\"amaral yazbek\",\"dincast\",\"dividas\",\"nova forma de regularizar\",\"receita federal\",\"Reforma Tribut\u00e1ria\"],\"articleSection\":[\"DINCast\"],\"inLanguage\":\"pt-BR\",\"potentialAction\":[{\"@type\":\"CommentAction\",\"name\":\"Comment\",\"target\":[\"https:\\\/\\\/www.ayadvogados.com.br\\\/?p=3548#respond\"]}]},{\"@type\":\"WebPage\",\"@id\":\"https:\\\/\\\/www.ayadvogados.com.br\\\/?p=3548\",\"url\":\"https:\\\/\\\/www.ayadvogados.com.br\\\/?p=3548\",\"name\":\"Opera\u00e7\u00e3o \u201cFonte N\u00e3o Pagadora\u201d e a Regulariza\u00e7\u00e3o Fiscal das Empresas\",\"isPartOf\":{\"@id\":\"https:\\\/\\\/34.239.117.254\\\/#website\"},\"primaryImageOfPage\":{\"@id\":\"https:\\\/\\\/www.ayadvogados.com.br\\\/?p=3548#primaryimage\"},\"image\":{\"@id\":\"https:\\\/\\\/www.ayadvogados.com.br\\\/?p=3548#primaryimage\"},\"thumbnailUrl\":\"https:\\\/\\\/www.ayadvogados.com.br\\\/wp-content\\\/uploads\\\/2024\\\/10\\\/0909-a-1609-Video-1.png\",\"datePublished\":\"2024-10-29T14:51:01+00:00\",\"dateModified\":\"2024-10-29T14:51:02+00:00\",\"description\":\"Opera\u00e7\u00e3o \u201cFonte N\u00e3o Pagadora\u201d e a Regulariza\u00e7\u00e3o Fiscal das Empresas. fique atento, pois o prazo vai at\u00e9 o dia 19 de novembro\",\"breadcrumb\":{\"@id\":\"https:\\\/\\\/www.ayadvogados.com.br\\\/?p=3548#breadcrumb\"},\"inLanguage\":\"pt-BR\",\"potentialAction\":[{\"@type\":\"ReadAction\",\"target\":[\"https:\\\/\\\/www.ayadvogados.com.br\\\/?p=3548\"]}]},{\"@type\":\"ImageObject\",\"inLanguage\":\"pt-BR\",\"@id\":\"https:\\\/\\\/www.ayadvogados.com.br\\\/?p=3548#primaryimage\",\"url\":\"https:\\\/\\\/www.ayadvogados.com.br\\\/wp-content\\\/uploads\\\/2024\\\/10\\\/0909-a-1609-Video-1.png\",\"contentUrl\":\"https:\\\/\\\/www.ayadvogados.com.br\\\/wp-content\\\/uploads\\\/2024\\\/10\\\/0909-a-1609-Video-1.png\",\"width\":1920,\"height\":1080,\"caption\":\"Opera\u00e7\u00e3o \u201cFonte N\u00e3o Pagadora\u201d e a Regulariza\u00e7\u00e3o Fiscal das Empresas\"},{\"@type\":\"BreadcrumbList\",\"@id\":\"https:\\\/\\\/www.ayadvogados.com.br\\\/?p=3548#breadcrumb\",\"itemListElement\":[{\"@type\":\"ListItem\",\"position\":1,\"name\":\"In\u00edcio\",\"item\":\"https:\\\/\\\/34.239.117.254\\\/\"},{\"@type\":\"ListItem\",\"position\":2,\"name\":\"Opera\u00e7\u00e3o \u201cFonte N\u00e3o Pagadora\u201d e a Regulariza\u00e7\u00e3o Fiscal das Empresas\"}]},{\"@type\":\"WebSite\",\"@id\":\"https:\\\/\\\/34.239.117.254\\\/#website\",\"url\":\"https:\\\/\\\/34.239.117.254\\\/\",\"name\":\"Amaral, Yazbek Advogados\",\"description\":\"Curitiba \u2022 Bras\u00edlia \u2022 S\u00e3o Paulo\",\"publisher\":{\"@id\":\"https:\\\/\\\/34.239.117.254\\\/#organization\"},\"potentialAction\":[{\"@type\":\"SearchAction\",\"target\":{\"@type\":\"EntryPoint\",\"urlTemplate\":\"https:\\\/\\\/34.239.117.254\\\/?s={search_term_string}\"},\"query-input\":{\"@type\":\"PropertyValueSpecification\",\"valueRequired\":true,\"valueName\":\"search_term_string\"}}],\"inLanguage\":\"pt-BR\"},{\"@type\":\"Organization\",\"@id\":\"https:\\\/\\\/34.239.117.254\\\/#organization\",\"name\":\"Amaral, Yazbek Advogados\",\"url\":\"https:\\\/\\\/34.239.117.254\\\/\",\"logo\":{\"@type\":\"ImageObject\",\"inLanguage\":\"pt-BR\",\"@id\":\"https:\\\/\\\/34.239.117.254\\\/#\\\/schema\\\/logo\\\/image\\\/\",\"url\":\"http:\\\/\\\/34.239.117.254\\\/wp-content\\\/uploads\\\/2021\\\/03\\\/logo-ay-g.png\",\"contentUrl\":\"http:\\\/\\\/34.239.117.254\\\/wp-content\\\/uploads\\\/2021\\\/03\\\/logo-ay-g.png\",\"width\":434,\"height\":106,\"caption\":\"Amaral, Yazbek Advogados\"},\"image\":{\"@id\":\"https:\\\/\\\/34.239.117.254\\\/#\\\/schema\\\/logo\\\/image\\\/\"},\"sameAs\":[\"https:\\\/\\\/www.facebook.com\\\/AYadvogados\",\"https:\\\/\\\/www.instagram.com\\\/ayadvogados\\\/\"]},{\"@type\":\"Person\",\"@id\":\"https:\\\/\\\/34.239.117.254\\\/#\\\/schema\\\/person\\\/6b9165a58758b048b8ea5a4fbd4ec3c4\",\"name\":\"Infra\",\"image\":{\"@type\":\"ImageObject\",\"inLanguage\":\"pt-BR\",\"@id\":\"https:\\\/\\\/secure.gravatar.com\\\/avatar\\\/60bf67293e186b9c834e31753dcc586dfcedb661d13b6b9ba29ac991ccafc035?s=96&d=mm&r=g\",\"url\":\"https:\\\/\\\/secure.gravatar.com\\\/avatar\\\/60bf67293e186b9c834e31753dcc586dfcedb661d13b6b9ba29ac991ccafc035?s=96&d=mm&r=g\",\"contentUrl\":\"https:\\\/\\\/secure.gravatar.com\\\/avatar\\\/60bf67293e186b9c834e31753dcc586dfcedb661d13b6b9ba29ac991ccafc035?s=96&d=mm&r=g\",\"caption\":\"Infra\"},\"url\":\"https:\\\/\\\/www.ayadvogados.com.br\\\/?author=3\"}]}<\/script>\n<!-- \/ Yoast SEO plugin. -->","yoast_head_json":{"title":"Opera\u00e7\u00e3o \u201cFonte N\u00e3o Pagadora\u201d e a Regulariza\u00e7\u00e3o Fiscal das Empresas","description":"Opera\u00e7\u00e3o \u201cFonte N\u00e3o Pagadora\u201d e a Regulariza\u00e7\u00e3o Fiscal das Empresas. fique atento, pois o prazo vai at\u00e9 o dia 19 de novembro","robots":{"index":"index","follow":"follow","max-snippet":"max-snippet:-1","max-image-preview":"max-image-preview:large","max-video-preview":"max-video-preview:-1"},"canonical":"https:\/\/www.ayadvogados.com.br\/?p=3548","og_locale":"pt_BR","og_type":"article","og_title":"Opera\u00e7\u00e3o \u201cFonte N\u00e3o Pagadora\u201d e a Regulariza\u00e7\u00e3o Fiscal das Empresas","og_description":"Opera\u00e7\u00e3o \u201cFonte N\u00e3o Pagadora\u201d e a Regulariza\u00e7\u00e3o Fiscal das Empresas. fique atento, pois o prazo vai at\u00e9 o dia 19 de novembro","og_url":"https:\/\/www.ayadvogados.com.br\/?p=3548","og_site_name":"Amaral, Yazbek Advogados","article_publisher":"https:\/\/www.facebook.com\/AYadvogados","article_published_time":"2024-10-29T14:51:01+00:00","article_modified_time":"2024-10-29T14:51:02+00:00","og_image":[{"width":1920,"height":1080,"url":"https:\/\/www.ayadvogados.com.br\/wp-content\/uploads\/2024\/10\/0909-a-1609-Video-1.png","type":"image\/png"}],"author":"Infra","twitter_card":"summary_large_image","twitter_misc":{"Escrito por":"Infra","Est. tempo de leitura":"3 minutos"},"schema":{"@context":"https:\/\/schema.org","@graph":[{"@type":"Article","@id":"https:\/\/www.ayadvogados.com.br\/?p=3548#article","isPartOf":{"@id":"https:\/\/www.ayadvogados.com.br\/?p=3548"},"author":{"name":"Infra","@id":"https:\/\/34.239.117.254\/#\/schema\/person\/6b9165a58758b048b8ea5a4fbd4ec3c4"},"headline":"Opera\u00e7\u00e3o \u201cFonte N\u00e3o Pagadora\u201d e a Regulariza\u00e7\u00e3o Fiscal das Empresas","datePublished":"2024-10-29T14:51:01+00:00","dateModified":"2024-10-29T14:51:02+00:00","mainEntityOfPage":{"@id":"https:\/\/www.ayadvogados.com.br\/?p=3548"},"wordCount":528,"commentCount":0,"publisher":{"@id":"https:\/\/34.239.117.254\/#organization"},"image":{"@id":"https:\/\/www.ayadvogados.com.br\/?p=3548#primaryimage"},"thumbnailUrl":"https:\/\/www.ayadvogados.com.br\/wp-content\/uploads\/2024\/10\/0909-a-1609-Video-1.png","keywords":["amaral yazbek","dincast","dividas","nova forma de regularizar","receita federal","Reforma Tribut\u00e1ria"],"articleSection":["DINCast"],"inLanguage":"pt-BR","potentialAction":[{"@type":"CommentAction","name":"Comment","target":["https:\/\/www.ayadvogados.com.br\/?p=3548#respond"]}]},{"@type":"WebPage","@id":"https:\/\/www.ayadvogados.com.br\/?p=3548","url":"https:\/\/www.ayadvogados.com.br\/?p=3548","name":"Opera\u00e7\u00e3o \u201cFonte N\u00e3o Pagadora\u201d e a Regulariza\u00e7\u00e3o Fiscal das Empresas","isPartOf":{"@id":"https:\/\/34.239.117.254\/#website"},"primaryImageOfPage":{"@id":"https:\/\/www.ayadvogados.com.br\/?p=3548#primaryimage"},"image":{"@id":"https:\/\/www.ayadvogados.com.br\/?p=3548#primaryimage"},"thumbnailUrl":"https:\/\/www.ayadvogados.com.br\/wp-content\/uploads\/2024\/10\/0909-a-1609-Video-1.png","datePublished":"2024-10-29T14:51:01+00:00","dateModified":"2024-10-29T14:51:02+00:00","description":"Opera\u00e7\u00e3o \u201cFonte N\u00e3o Pagadora\u201d e a Regulariza\u00e7\u00e3o Fiscal das Empresas. fique atento, pois o prazo vai at\u00e9 o dia 19 de novembro","breadcrumb":{"@id":"https:\/\/www.ayadvogados.com.br\/?p=3548#breadcrumb"},"inLanguage":"pt-BR","potentialAction":[{"@type":"ReadAction","target":["https:\/\/www.ayadvogados.com.br\/?p=3548"]}]},{"@type":"ImageObject","inLanguage":"pt-BR","@id":"https:\/\/www.ayadvogados.com.br\/?p=3548#primaryimage","url":"https:\/\/www.ayadvogados.com.br\/wp-content\/uploads\/2024\/10\/0909-a-1609-Video-1.png","contentUrl":"https:\/\/www.ayadvogados.com.br\/wp-content\/uploads\/2024\/10\/0909-a-1609-Video-1.png","width":1920,"height":1080,"caption":"Opera\u00e7\u00e3o \u201cFonte N\u00e3o Pagadora\u201d e a Regulariza\u00e7\u00e3o Fiscal das Empresas"},{"@type":"BreadcrumbList","@id":"https:\/\/www.ayadvogados.com.br\/?p=3548#breadcrumb","itemListElement":[{"@type":"ListItem","position":1,"name":"In\u00edcio","item":"https:\/\/34.239.117.254\/"},{"@type":"ListItem","position":2,"name":"Opera\u00e7\u00e3o \u201cFonte N\u00e3o Pagadora\u201d e a Regulariza\u00e7\u00e3o Fiscal das Empresas"}]},{"@type":"WebSite","@id":"https:\/\/34.239.117.254\/#website","url":"https:\/\/34.239.117.254\/","name":"Amaral, Yazbek Advogados","description":"Curitiba \u2022 Bras\u00edlia \u2022 S\u00e3o Paulo","publisher":{"@id":"https:\/\/34.239.117.254\/#organization"},"potentialAction":[{"@type":"SearchAction","target":{"@type":"EntryPoint","urlTemplate":"https:\/\/34.239.117.254\/?s={search_term_string}"},"query-input":{"@type":"PropertyValueSpecification","valueRequired":true,"valueName":"search_term_string"}}],"inLanguage":"pt-BR"},{"@type":"Organization","@id":"https:\/\/34.239.117.254\/#organization","name":"Amaral, Yazbek Advogados","url":"https:\/\/34.239.117.254\/","logo":{"@type":"ImageObject","inLanguage":"pt-BR","@id":"https:\/\/34.239.117.254\/#\/schema\/logo\/image\/","url":"http:\/\/34.239.117.254\/wp-content\/uploads\/2021\/03\/logo-ay-g.png","contentUrl":"http:\/\/34.239.117.254\/wp-content\/uploads\/2021\/03\/logo-ay-g.png","width":434,"height":106,"caption":"Amaral, Yazbek Advogados"},"image":{"@id":"https:\/\/34.239.117.254\/#\/schema\/logo\/image\/"},"sameAs":["https:\/\/www.facebook.com\/AYadvogados","https:\/\/www.instagram.com\/ayadvogados\/"]},{"@type":"Person","@id":"https:\/\/34.239.117.254\/#\/schema\/person\/6b9165a58758b048b8ea5a4fbd4ec3c4","name":"Infra","image":{"@type":"ImageObject","inLanguage":"pt-BR","@id":"https:\/\/secure.gravatar.com\/avatar\/60bf67293e186b9c834e31753dcc586dfcedb661d13b6b9ba29ac991ccafc035?s=96&d=mm&r=g","url":"https:\/\/secure.gravatar.com\/avatar\/60bf67293e186b9c834e31753dcc586dfcedb661d13b6b9ba29ac991ccafc035?s=96&d=mm&r=g","contentUrl":"https:\/\/secure.gravatar.com\/avatar\/60bf67293e186b9c834e31753dcc586dfcedb661d13b6b9ba29ac991ccafc035?s=96&d=mm&r=g","caption":"Infra"},"url":"https:\/\/www.ayadvogados.com.br\/?author=3"}]}},"rttpg_featured_image_url":{"full":["https:\/\/www.ayadvogados.com.br\/wp-content\/uploads\/2024\/10\/0909-a-1609-Video-1.png",1920,1080,false],"landscape":["https:\/\/www.ayadvogados.com.br\/wp-content\/uploads\/2024\/10\/0909-a-1609-Video-1.png",1920,1080,false],"portraits":["https:\/\/www.ayadvogados.com.br\/wp-content\/uploads\/2024\/10\/0909-a-1609-Video-1.png",1920,1080,false],"thumbnail":["https:\/\/www.ayadvogados.com.br\/wp-content\/uploads\/2024\/10\/0909-a-1609-Video-1-150x150.png",150,150,true],"medium":["https:\/\/www.ayadvogados.com.br\/wp-content\/uploads\/2024\/10\/0909-a-1609-Video-1-300x169.png",300,169,true],"large":["https:\/\/www.ayadvogados.com.br\/wp-content\/uploads\/2024\/10\/0909-a-1609-Video-1-1024x576.png",1024,576,true],"1536x1536":["https:\/\/www.ayadvogados.com.br\/wp-content\/uploads\/2024\/10\/0909-a-1609-Video-1-1536x864.png",1536,864,true],"2048x2048":["https:\/\/www.ayadvogados.com.br\/wp-content\/uploads\/2024\/10\/0909-a-1609-Video-1.png",1920,1080,false]},"rttpg_author":{"display_name":"Infra","author_link":"https:\/\/www.ayadvogados.com.br\/?author=3"},"rttpg_comment":0,"rttpg_category":"<a href=\"https:\/\/www.ayadvogados.com.br\/?cat=5\" rel=\"category\">DINCast<\/a>","rttpg_excerpt":"Opera\u00e7\u00e3o \u201cFonte N\u00e3o Pagadora\u201d e a Regulariza\u00e7\u00e3o Fiscal das Empresas Se a sua empresa ret\u00e9m Imposto de Renda na Fonte, fique atento, pois o prazo para regularizar eventuais pend\u00eancias fiscais vai at\u00e9 o dia 19 de novembro. A situa\u00e7\u00e3o merece aten\u00e7\u00e3o, pois caso n\u00e3o tomadas as medidas adequadas, poder\u00e1 haver autua\u00e7\u00e3o que pode impactar diretamente&hellip;","_links":{"self":[{"href":"https:\/\/www.ayadvogados.com.br\/index.php?rest_route=\/wp\/v2\/posts\/3548","targetHints":{"allow":["GET"]}}],"collection":[{"href":"https:\/\/www.ayadvogados.com.br\/index.php?rest_route=\/wp\/v2\/posts"}],"about":[{"href":"https:\/\/www.ayadvogados.com.br\/index.php?rest_route=\/wp\/v2\/types\/post"}],"author":[{"embeddable":true,"href":"https:\/\/www.ayadvogados.com.br\/index.php?rest_route=\/wp\/v2\/users\/3"}],"replies":[{"embeddable":true,"href":"https:\/\/www.ayadvogados.com.br\/index.php?rest_route=%2Fwp%2Fv2%2Fcomments&post=3548"}],"version-history":[{"count":1,"href":"https:\/\/www.ayadvogados.com.br\/index.php?rest_route=\/wp\/v2\/posts\/3548\/revisions"}],"predecessor-version":[{"id":3550,"href":"https:\/\/www.ayadvogados.com.br\/index.php?rest_route=\/wp\/v2\/posts\/3548\/revisions\/3550"}],"wp:featuredmedia":[{"embeddable":true,"href":"https:\/\/www.ayadvogados.com.br\/index.php?rest_route=\/wp\/v2\/media\/3549"}],"wp:attachment":[{"href":"https:\/\/www.ayadvogados.com.br\/index.php?rest_route=%2Fwp%2Fv2%2Fmedia&parent=3548"}],"wp:term":[{"taxonomy":"category","embeddable":true,"href":"https:\/\/www.ayadvogados.com.br\/index.php?rest_route=%2Fwp%2Fv2%2Fcategories&post=3548"},{"taxonomy":"post_tag","embeddable":true,"href":"https:\/\/www.ayadvogados.com.br\/index.php?rest_route=%2Fwp%2Fv2%2Ftags&post=3548"}],"curies":[{"name":"wp","href":"https:\/\/api.w.org\/{rel}","templated":true}]}}