{"id":3540,"date":"2024-10-22T09:51:15","date_gmt":"2024-10-22T12:51:15","guid":{"rendered":"http:\/\/34.239.117.254\/?p=3540"},"modified":"2024-10-22T16:06:24","modified_gmt":"2024-10-22T19:06:24","slug":"analise-constitucional-recente-decisao-do-stj-devolve-a-discussao-sobre-a-tese-sobre-a-inclusao-do-pis-e-cofins-na-base-de-calculo-do-iss-para-que-o-stf-realize-o-julgamento","status":"publish","type":"post","link":"https:\/\/www.ayadvogados.com.br\/?p=3540","title":{"rendered":"An\u00e1lise Constitucional &#8211; Recente decis\u00e3o do STJ devolve a discuss\u00e3o sobre a tese sobre a Inclus\u00e3o do PIS e Cofins na Base de C\u00e1lculo do ISS para que o STF realize o julgamento."},"content":{"rendered":"\n<p>O ministro S\u00e9rgio Kukina, do Superior Tribunal de Justi\u00e7a (STJ), proferiu uma decis\u00e3o significativa ao determinar que a inclus\u00e3o do PIS e da Cofins na base de c\u00e1lculo do ISS (Imposto Sobre Servi\u00e7os) \u00e9 uma quest\u00e3o de natureza constitucional. Consequentemente, essa discuss\u00e3o n\u00e3o deve ser analisada em sede de recursos repetitivos pelo STJ. Kukina ordenou o sobrestamento dos recursos e o envio dos autos ao Supremo Tribunal Federal (STF) para que este se manifeste sobre a controv\u00e9rsia.<\/p>\n\n\n\n<p><strong>Decis\u00e3o Monocr\u00e1tica e Implica\u00e7\u00f5es<\/strong><\/p>\n\n\n\n<p>A decis\u00e3o foi tomada nos Recursos Especiais (REsps) 2455017, 2144749 e 2144754, em 19 de setembro. A partir dessa decis\u00e3o, encerra-se a discuss\u00e3o sobre a afeta\u00e7\u00e3o, uma vez que n\u00e3o cabe recurso contra esse entendimento. Kukina aplicou o artigo 1.031, par\u00e1grafo 1\u00ba, do C\u00f3digo de Processo Civil (CPC), que estipula que a decis\u00e3o de sobrestamento \u00e9 irrecorr\u00edvel.<\/p>\n\n\n\n<p>Segundo o ministro, a discuss\u00e3o \u00e9 de natureza constitucional, pois envolve a an\u00e1lise das Argui\u00e7\u00f5es de Descumprimento de Preceito Fundamental (ADPFs) 189 e 190. Nessas ADPFs, o STF declarou inconstitucionais as leis municipais que excluem valores da base de c\u00e1lculo do ISS fora das hip\u00f3teses previstas na legisla\u00e7\u00e3o complementar nacional, a Lei Complementar 116\/2003. Em outras palavras, o STF entendeu que n\u00e3o pode haver abatimentos na base de c\u00e1lculo do ISS sem previs\u00e3o na referida lei complementar.<\/p>\n\n\n\n<p><strong>Contexto dos Recursos Especiais<\/strong><\/p>\n\n\n\n<p>Nos recursos especiais relatados por Kukina, os ac\u00f3rd\u00e3os de origem mencionaram as ADPFs 189 e 190 para fundamentar decis\u00f5es de que n\u00e3o h\u00e1 previs\u00e3o legal para a exclus\u00e3o dos tributos federais da base de c\u00e1lculo do ISS. Assim, o ministro concluiu que o STJ n\u00e3o poderia analisar a controv\u00e9rsia. Ele tamb\u00e9m observou que, quando a an\u00e1lise dos recursos extraordin\u00e1rios pelo STF pode tornar prejudicial o julgamento de recursos especiais, os recursos extraordin\u00e1rios devem ser julgados primeiro. O Minist\u00e9rio P\u00fablico Federal (MPF) tamb\u00e9m se manifestou contra a afeta\u00e7\u00e3o da mat\u00e9ria ao rito dos recursos repetitivos, refor\u00e7ando o car\u00e1ter constitucional da discuss\u00e3o.<\/p>\n\n\n\n<p><strong>Precedentes e Perspectivas<\/strong><\/p>\n\n\n\n<p>O Plen\u00e1rio do STF ainda n\u00e3o possui precedentes sobre a inclus\u00e3o de tributos federais na base de c\u00e1lculo do ISS. No entanto, a 1\u00aa e a 2\u00aa Turmas da Corte t\u00eam decis\u00f5es recentes desfavor\u00e1veis aos contribuintes. A 1\u00aa Turma analisou o tema nos AREs 1.469.426 e 1.497.379, decididos em mar\u00e7o e agosto deste ano, respectivamente, mantendo por unanimidade os tributos federais na base de c\u00e1lculo do ISS devido \u00e0 aus\u00eancia de previs\u00e3o na LC 116\/2003. A 2\u00aa Turma, em agosto, julgou o ARE 1.494.685 com o mesmo entendimento.<\/p>\n\n\n\n<p>Os contribuintes argumentam que o PIS e a Cofins, assim como o ICMS, s\u00e3o ingressos transit\u00f3rios no caixa das empresas, devendo ser repassados ao fisco, e, portanto, n\u00e3o comp\u00f5em o pre\u00e7o do servi\u00e7o, base de c\u00e1lculo do ISS. Este argumento \u00e9 semelhante ao utilizado no julgamento do Tema 69, a &#8220;tese do s\u00e9culo&#8221;, onde o STF definiu que o ICMS n\u00e3o comp\u00f5e a base de c\u00e1lculo do PIS e da Cofins.<\/p>\n\n\n\n<p><strong>Conclus\u00e3o<\/strong><\/p>\n\n\n\n<p>O caso em quest\u00e3o envolve a PricewaterhouseCoopers Tecnologia da Informa\u00e7\u00e3o Ltda. A decis\u00e3o do ministro Kukina reafirma que somente o STF tem a compet\u00eancia para definir sobre a inclus\u00e3o de tributos na base de c\u00e1lculo do ISS, em alinhamento com o entendimento das ADPFs 189 e 190. A expectativa \u00e9 que o STF examine mais profundamente o conceito de pre\u00e7o do servi\u00e7o, trazendo maior clareza para essa quest\u00e3o tribut\u00e1ria complexa.<\/p>\n\n\n\n<p>\u00c9 isso, ouvintes! Obrigada por nos acompanhar em mais um epis\u00f3dio. N\u00e3o se esque\u00e7a de seguir nosso DINcast e compartilhar com seus colegas. At\u00e9 a pr\u00f3xima!<\/p>\n\n\n\n<figure class=\"wp-block-embed is-type-video is-provider-spotify wp-block-embed-spotify wp-embed-aspect-16-9 wp-has-aspect-ratio\"><div class=\"wp-block-embed__wrapper\">\n<iframe title=\"Spotify Embed: Recente decis\u00e3o do STJ devolve a discuss\u00e3o sobre a tese sobre a Inclus\u00e3o do PIS e Cofins na Base de C\u00e1lculo do ISS para que o STF realize o julgamento.\" style=\"border-radius: 12px\" width=\"624\" height=\"351\" frameborder=\"0\" allowfullscreen allow=\"autoplay; clipboard-write; encrypted-media; fullscreen; picture-in-picture\" loading=\"lazy\" src=\"https:\/\/open.spotify.com\/embed\/episode\/2ROSIhabjAhwCY23ZOFLqJ\/video?si=2881ae77cf32467b&#038;utm_source=oembed\"><\/iframe>\n<\/div><\/figure>\n\n\n\n<hr class=\"wp-block-separator has-text-color has-palette-color-1-color has-css-opacity has-palette-color-1-background-color has-background is-style-dots\"\/>\n\n\n\n<div class=\"wp-block-group has-palette-color-6-background-color has-background is-layout-flow wp-block-group-is-layout-flow\">\n<p style=\"font-size:0.8em\">A Amaral,\u00a0Yazbek, OAB\/PR 762, possui 36 anos de experi\u00eancia auxiliando empresas a transformar a tributa\u00e7\u00e3o em lucro. Entre em contato com um dos s\u00f3cios para agendamento de reuni\u00e3o em caso de d\u00favidas.\u00a0\u00a0\u00a0<\/p>\n\n\n\n<p style=\"font-size:0.8em\">Contato: 41 3595-8300 ou pelo nosso WhatsApp 41 99567-5696\u00a0\u00a0\u00a0<\/p>\n\n\n\n<p style=\"font-size:0.8em\">Av. C\u00e2ndido Hartmann, 50 \u2013\u00a0Bigorrilho\u00a0| Curitiba-PR\u00a0\u00a0\u00a0<\/p>\n\n\n\n<p style=\"font-size:0.8em\">Assine nossa <a href=\"http:\/\/ayadvogados.com.br\/contato\/\">Newsletter<\/a> e fique por dentro das novidades!\u00a0\u00a0\u00a0<\/p>\n\n\n\n<p style=\"font-size:0.8em\">Quer receber seu exemplar da revista Governan\u00e7a Jur\u00eddica? <a href=\"http:\/\/ayadvogados.com.br\/revista\/\" data-type=\"page\" data-id=\"68\">Clique\u00a0aqui\u00a0e pe\u00e7a a sua<\/a>.\u00a0\u00a0\u00a0<\/p>\n\n\n\n<p style=\"font-size:0.8em\">Nos acompanhe nas redes sociais:\u00a0<a href=\"https:\/\/www.facebook.com\/AYadvogados\">Facebook<\/a>\u00a0|\u00a0<a href=\"https:\/\/www.instagram.com\/ayadvogados\/\">Instagram<\/a>\u00a0|\u00a0<a href=\"https:\/\/www.linkedin.com\/company\/amaral-yazbek-advogados\">Linkedin<\/a>\u00a0<\/p>\n\n\n\n<p style=\"font-size:0.8em\">J\u00e1 conhece o canal Direito da Intelig\u00eancia de Neg\u00f3cios?\u00a0<a href=\"https:\/\/www.youtube.com\/channel\/UCu2Mpu32ht8DEN8OFRXYMyw\">Inscreva-se j\u00e1<\/a><\/p>\n<\/div>\n","protected":false},"excerpt":{"rendered":"<p>O ministro S\u00e9rgio Kukina, do Superior Tribunal de Justi\u00e7a (STJ), proferiu uma decis\u00e3o significativa ao determinar que a inclus\u00e3o do PIS e da Cofins na base de c\u00e1lculo do ISS (Imposto Sobre Servi\u00e7os) \u00e9 uma quest\u00e3o de natureza constitucional. Consequentemente, essa discuss\u00e3o n\u00e3o deve ser analisada em sede de recursos repetitivos pelo STJ. Kukina ordenou [&hellip;]<\/p>\n","protected":false},"author":3,"featured_media":0,"comment_status":"open","ping_status":"open","sticky":false,"template":"","format":"standard","meta":{"footnotes":""},"categories":[5],"tags":[9,10,123,124,45,96],"class_list":["post-3540","post","type-post","status-publish","format-standard","hentry","category-dincast","tag-amaral-yazbek","tag-dincast","tag-dividas","tag-nova-forma-de-regularizar","tag-receita-federal","tag-reforma-tributaria"],"blocksy_meta":{"styles_descriptor":{"styles":{"desktop":"","tablet":"","mobile":""},"google_fonts":[],"version":6}},"yoast_head":"<!-- This site is optimized with the Yoast SEO plugin v27.5 - https:\/\/yoast.com\/product\/yoast-seo-wordpress\/ -->\n<title>NOVA LEGISLA\u00c7\u00c3O DO GOVERNO FEDERAL PERMITE ATUALIZA\u00c7\u00c3O DE BENS IM\u00d3VEIS AO VALOR DE MERCADO<\/title>\n<meta name=\"description\" content=\"NOVA LEGISLA\u00c7\u00c3O DO GOVERNO FEDERAL PERMITE ATUALIZA\u00c7\u00c3O DE BENS IM\u00d3VEIS AO VALOR DE MERCADO. Esta medida \u00e9 v\u00e1lida at\u00e9 16 de dezembro de 2024\" \/>\n<meta name=\"robots\" content=\"index, follow, max-snippet:-1, max-image-preview:large, max-video-preview:-1\" \/>\n<link rel=\"canonical\" href=\"https:\/\/www.ayadvogados.com.br\/?p=3540\" \/>\n<meta property=\"og:locale\" content=\"pt_BR\" \/>\n<meta property=\"og:type\" content=\"article\" \/>\n<meta property=\"og:title\" content=\"NOVA LEGISLA\u00c7\u00c3O DO GOVERNO FEDERAL PERMITE ATUALIZA\u00c7\u00c3O DE BENS IM\u00d3VEIS AO VALOR DE MERCADO\" \/>\n<meta property=\"og:description\" content=\"NOVA LEGISLA\u00c7\u00c3O DO GOVERNO FEDERAL PERMITE ATUALIZA\u00c7\u00c3O DE BENS IM\u00d3VEIS AO VALOR DE MERCADO. Esta medida \u00e9 v\u00e1lida at\u00e9 16 de dezembro de 2024\" \/>\n<meta property=\"og:url\" content=\"https:\/\/www.ayadvogados.com.br\/?p=3540\" \/>\n<meta property=\"og:site_name\" content=\"Amaral, Yazbek Advogados\" \/>\n<meta property=\"article:publisher\" content=\"https:\/\/www.facebook.com\/AYadvogados\" \/>\n<meta property=\"article:published_time\" content=\"2024-10-22T12:51:15+00:00\" \/>\n<meta property=\"article:modified_time\" content=\"2024-10-22T19:06:24+00:00\" \/>\n<meta name=\"author\" content=\"Infra\" \/>\n<meta name=\"twitter:card\" content=\"summary_large_image\" \/>\n<meta name=\"twitter:label1\" content=\"Escrito por\" \/>\n\t<meta name=\"twitter:data1\" content=\"Infra\" \/>\n\t<meta name=\"twitter:label2\" content=\"Est. tempo de leitura\" \/>\n\t<meta name=\"twitter:data2\" content=\"4 minutos\" \/>\n<script type=\"application\/ld+json\" class=\"yoast-schema-graph\">{\"@context\":\"https:\\\/\\\/schema.org\",\"@graph\":[{\"@type\":\"Article\",\"@id\":\"https:\\\/\\\/www.ayadvogados.com.br\\\/?p=3540#article\",\"isPartOf\":{\"@id\":\"https:\\\/\\\/www.ayadvogados.com.br\\\/?p=3540\"},\"author\":{\"name\":\"Infra\",\"@id\":\"https:\\\/\\\/34.239.117.254\\\/#\\\/schema\\\/person\\\/6b9165a58758b048b8ea5a4fbd4ec3c4\"},\"headline\":\"An\u00e1lise Constitucional &#8211; Recente decis\u00e3o do STJ devolve a discuss\u00e3o sobre a tese sobre a Inclus\u00e3o do PIS e Cofins na Base de C\u00e1lculo do ISS para que o STF realize o julgamento.\",\"datePublished\":\"2024-10-22T12:51:15+00:00\",\"dateModified\":\"2024-10-22T19:06:24+00:00\",\"mainEntityOfPage\":{\"@id\":\"https:\\\/\\\/www.ayadvogados.com.br\\\/?p=3540\"},\"wordCount\":687,\"commentCount\":0,\"publisher\":{\"@id\":\"https:\\\/\\\/34.239.117.254\\\/#organization\"},\"keywords\":[\"amaral yazbek\",\"dincast\",\"dividas\",\"nova forma de regularizar\",\"receita federal\",\"Reforma Tribut\u00e1ria\"],\"articleSection\":[\"DINCast\"],\"inLanguage\":\"pt-BR\",\"potentialAction\":[{\"@type\":\"CommentAction\",\"name\":\"Comment\",\"target\":[\"https:\\\/\\\/www.ayadvogados.com.br\\\/?p=3540#respond\"]}]},{\"@type\":\"WebPage\",\"@id\":\"https:\\\/\\\/www.ayadvogados.com.br\\\/?p=3540\",\"url\":\"https:\\\/\\\/www.ayadvogados.com.br\\\/?p=3540\",\"name\":\"NOVA LEGISLA\u00c7\u00c3O DO GOVERNO FEDERAL PERMITE ATUALIZA\u00c7\u00c3O DE BENS IM\u00d3VEIS AO VALOR DE MERCADO\",\"isPartOf\":{\"@id\":\"https:\\\/\\\/34.239.117.254\\\/#website\"},\"datePublished\":\"2024-10-22T12:51:15+00:00\",\"dateModified\":\"2024-10-22T19:06:24+00:00\",\"description\":\"NOVA LEGISLA\u00c7\u00c3O DO GOVERNO FEDERAL PERMITE ATUALIZA\u00c7\u00c3O DE BENS IM\u00d3VEIS AO VALOR DE MERCADO. Esta medida \u00e9 v\u00e1lida at\u00e9 16 de dezembro de 2024\",\"breadcrumb\":{\"@id\":\"https:\\\/\\\/www.ayadvogados.com.br\\\/?p=3540#breadcrumb\"},\"inLanguage\":\"pt-BR\",\"potentialAction\":[{\"@type\":\"ReadAction\",\"target\":[\"https:\\\/\\\/www.ayadvogados.com.br\\\/?p=3540\"]}]},{\"@type\":\"BreadcrumbList\",\"@id\":\"https:\\\/\\\/www.ayadvogados.com.br\\\/?p=3540#breadcrumb\",\"itemListElement\":[{\"@type\":\"ListItem\",\"position\":1,\"name\":\"In\u00edcio\",\"item\":\"https:\\\/\\\/34.239.117.254\\\/\"},{\"@type\":\"ListItem\",\"position\":2,\"name\":\"An\u00e1lise Constitucional &#8211; Recente decis\u00e3o do STJ devolve a discuss\u00e3o sobre a tese sobre a Inclus\u00e3o do PIS e Cofins na Base de C\u00e1lculo do ISS para que o STF realize o julgamento.\"}]},{\"@type\":\"WebSite\",\"@id\":\"https:\\\/\\\/34.239.117.254\\\/#website\",\"url\":\"https:\\\/\\\/34.239.117.254\\\/\",\"name\":\"Amaral, Yazbek Advogados\",\"description\":\"Curitiba \u2022 Bras\u00edlia \u2022 S\u00e3o Paulo\",\"publisher\":{\"@id\":\"https:\\\/\\\/34.239.117.254\\\/#organization\"},\"potentialAction\":[{\"@type\":\"SearchAction\",\"target\":{\"@type\":\"EntryPoint\",\"urlTemplate\":\"https:\\\/\\\/34.239.117.254\\\/?s={search_term_string}\"},\"query-input\":{\"@type\":\"PropertyValueSpecification\",\"valueRequired\":true,\"valueName\":\"search_term_string\"}}],\"inLanguage\":\"pt-BR\"},{\"@type\":\"Organization\",\"@id\":\"https:\\\/\\\/34.239.117.254\\\/#organization\",\"name\":\"Amaral, Yazbek Advogados\",\"url\":\"https:\\\/\\\/34.239.117.254\\\/\",\"logo\":{\"@type\":\"ImageObject\",\"inLanguage\":\"pt-BR\",\"@id\":\"https:\\\/\\\/34.239.117.254\\\/#\\\/schema\\\/logo\\\/image\\\/\",\"url\":\"http:\\\/\\\/34.239.117.254\\\/wp-content\\\/uploads\\\/2021\\\/03\\\/logo-ay-g.png\",\"contentUrl\":\"http:\\\/\\\/34.239.117.254\\\/wp-content\\\/uploads\\\/2021\\\/03\\\/logo-ay-g.png\",\"width\":434,\"height\":106,\"caption\":\"Amaral, Yazbek Advogados\"},\"image\":{\"@id\":\"https:\\\/\\\/34.239.117.254\\\/#\\\/schema\\\/logo\\\/image\\\/\"},\"sameAs\":[\"https:\\\/\\\/www.facebook.com\\\/AYadvogados\",\"https:\\\/\\\/www.instagram.com\\\/ayadvogados\\\/\"]},{\"@type\":\"Person\",\"@id\":\"https:\\\/\\\/34.239.117.254\\\/#\\\/schema\\\/person\\\/6b9165a58758b048b8ea5a4fbd4ec3c4\",\"name\":\"Infra\",\"image\":{\"@type\":\"ImageObject\",\"inLanguage\":\"pt-BR\",\"@id\":\"https:\\\/\\\/secure.gravatar.com\\\/avatar\\\/60bf67293e186b9c834e31753dcc586dfcedb661d13b6b9ba29ac991ccafc035?s=96&d=mm&r=g\",\"url\":\"https:\\\/\\\/secure.gravatar.com\\\/avatar\\\/60bf67293e186b9c834e31753dcc586dfcedb661d13b6b9ba29ac991ccafc035?s=96&d=mm&r=g\",\"contentUrl\":\"https:\\\/\\\/secure.gravatar.com\\\/avatar\\\/60bf67293e186b9c834e31753dcc586dfcedb661d13b6b9ba29ac991ccafc035?s=96&d=mm&r=g\",\"caption\":\"Infra\"},\"url\":\"https:\\\/\\\/www.ayadvogados.com.br\\\/?author=3\"}]}<\/script>\n<!-- \/ Yoast SEO plugin. -->","yoast_head_json":{"title":"NOVA LEGISLA\u00c7\u00c3O DO GOVERNO FEDERAL PERMITE ATUALIZA\u00c7\u00c3O DE BENS IM\u00d3VEIS AO VALOR DE MERCADO","description":"NOVA LEGISLA\u00c7\u00c3O DO GOVERNO FEDERAL PERMITE ATUALIZA\u00c7\u00c3O DE BENS IM\u00d3VEIS AO VALOR DE MERCADO. Esta medida \u00e9 v\u00e1lida at\u00e9 16 de dezembro de 2024","robots":{"index":"index","follow":"follow","max-snippet":"max-snippet:-1","max-image-preview":"max-image-preview:large","max-video-preview":"max-video-preview:-1"},"canonical":"https:\/\/www.ayadvogados.com.br\/?p=3540","og_locale":"pt_BR","og_type":"article","og_title":"NOVA LEGISLA\u00c7\u00c3O DO GOVERNO FEDERAL PERMITE ATUALIZA\u00c7\u00c3O DE BENS IM\u00d3VEIS AO VALOR DE MERCADO","og_description":"NOVA LEGISLA\u00c7\u00c3O DO GOVERNO FEDERAL PERMITE ATUALIZA\u00c7\u00c3O DE BENS IM\u00d3VEIS AO VALOR DE MERCADO. Esta medida \u00e9 v\u00e1lida at\u00e9 16 de dezembro de 2024","og_url":"https:\/\/www.ayadvogados.com.br\/?p=3540","og_site_name":"Amaral, Yazbek Advogados","article_publisher":"https:\/\/www.facebook.com\/AYadvogados","article_published_time":"2024-10-22T12:51:15+00:00","article_modified_time":"2024-10-22T19:06:24+00:00","author":"Infra","twitter_card":"summary_large_image","twitter_misc":{"Escrito por":"Infra","Est. tempo de leitura":"4 minutos"},"schema":{"@context":"https:\/\/schema.org","@graph":[{"@type":"Article","@id":"https:\/\/www.ayadvogados.com.br\/?p=3540#article","isPartOf":{"@id":"https:\/\/www.ayadvogados.com.br\/?p=3540"},"author":{"name":"Infra","@id":"https:\/\/34.239.117.254\/#\/schema\/person\/6b9165a58758b048b8ea5a4fbd4ec3c4"},"headline":"An\u00e1lise Constitucional &#8211; Recente decis\u00e3o do STJ devolve a discuss\u00e3o sobre a tese sobre a Inclus\u00e3o do PIS e Cofins na Base de C\u00e1lculo do ISS para que o STF realize o julgamento.","datePublished":"2024-10-22T12:51:15+00:00","dateModified":"2024-10-22T19:06:24+00:00","mainEntityOfPage":{"@id":"https:\/\/www.ayadvogados.com.br\/?p=3540"},"wordCount":687,"commentCount":0,"publisher":{"@id":"https:\/\/34.239.117.254\/#organization"},"keywords":["amaral yazbek","dincast","dividas","nova forma de regularizar","receita federal","Reforma Tribut\u00e1ria"],"articleSection":["DINCast"],"inLanguage":"pt-BR","potentialAction":[{"@type":"CommentAction","name":"Comment","target":["https:\/\/www.ayadvogados.com.br\/?p=3540#respond"]}]},{"@type":"WebPage","@id":"https:\/\/www.ayadvogados.com.br\/?p=3540","url":"https:\/\/www.ayadvogados.com.br\/?p=3540","name":"NOVA LEGISLA\u00c7\u00c3O DO GOVERNO FEDERAL PERMITE ATUALIZA\u00c7\u00c3O DE BENS IM\u00d3VEIS AO VALOR DE MERCADO","isPartOf":{"@id":"https:\/\/34.239.117.254\/#website"},"datePublished":"2024-10-22T12:51:15+00:00","dateModified":"2024-10-22T19:06:24+00:00","description":"NOVA LEGISLA\u00c7\u00c3O DO GOVERNO FEDERAL PERMITE ATUALIZA\u00c7\u00c3O DE BENS IM\u00d3VEIS AO VALOR DE MERCADO. Esta medida \u00e9 v\u00e1lida at\u00e9 16 de dezembro de 2024","breadcrumb":{"@id":"https:\/\/www.ayadvogados.com.br\/?p=3540#breadcrumb"},"inLanguage":"pt-BR","potentialAction":[{"@type":"ReadAction","target":["https:\/\/www.ayadvogados.com.br\/?p=3540"]}]},{"@type":"BreadcrumbList","@id":"https:\/\/www.ayadvogados.com.br\/?p=3540#breadcrumb","itemListElement":[{"@type":"ListItem","position":1,"name":"In\u00edcio","item":"https:\/\/34.239.117.254\/"},{"@type":"ListItem","position":2,"name":"An\u00e1lise Constitucional &#8211; Recente decis\u00e3o do STJ devolve a discuss\u00e3o sobre a tese sobre a Inclus\u00e3o do PIS e Cofins na Base de C\u00e1lculo do ISS para que o STF realize o julgamento."}]},{"@type":"WebSite","@id":"https:\/\/34.239.117.254\/#website","url":"https:\/\/34.239.117.254\/","name":"Amaral, Yazbek Advogados","description":"Curitiba \u2022 Bras\u00edlia \u2022 S\u00e3o Paulo","publisher":{"@id":"https:\/\/34.239.117.254\/#organization"},"potentialAction":[{"@type":"SearchAction","target":{"@type":"EntryPoint","urlTemplate":"https:\/\/34.239.117.254\/?s={search_term_string}"},"query-input":{"@type":"PropertyValueSpecification","valueRequired":true,"valueName":"search_term_string"}}],"inLanguage":"pt-BR"},{"@type":"Organization","@id":"https:\/\/34.239.117.254\/#organization","name":"Amaral, Yazbek Advogados","url":"https:\/\/34.239.117.254\/","logo":{"@type":"ImageObject","inLanguage":"pt-BR","@id":"https:\/\/34.239.117.254\/#\/schema\/logo\/image\/","url":"http:\/\/34.239.117.254\/wp-content\/uploads\/2021\/03\/logo-ay-g.png","contentUrl":"http:\/\/34.239.117.254\/wp-content\/uploads\/2021\/03\/logo-ay-g.png","width":434,"height":106,"caption":"Amaral, Yazbek Advogados"},"image":{"@id":"https:\/\/34.239.117.254\/#\/schema\/logo\/image\/"},"sameAs":["https:\/\/www.facebook.com\/AYadvogados","https:\/\/www.instagram.com\/ayadvogados\/"]},{"@type":"Person","@id":"https:\/\/34.239.117.254\/#\/schema\/person\/6b9165a58758b048b8ea5a4fbd4ec3c4","name":"Infra","image":{"@type":"ImageObject","inLanguage":"pt-BR","@id":"https:\/\/secure.gravatar.com\/avatar\/60bf67293e186b9c834e31753dcc586dfcedb661d13b6b9ba29ac991ccafc035?s=96&d=mm&r=g","url":"https:\/\/secure.gravatar.com\/avatar\/60bf67293e186b9c834e31753dcc586dfcedb661d13b6b9ba29ac991ccafc035?s=96&d=mm&r=g","contentUrl":"https:\/\/secure.gravatar.com\/avatar\/60bf67293e186b9c834e31753dcc586dfcedb661d13b6b9ba29ac991ccafc035?s=96&d=mm&r=g","caption":"Infra"},"url":"https:\/\/www.ayadvogados.com.br\/?author=3"}]}},"rttpg_featured_image_url":null,"rttpg_author":{"display_name":"Infra","author_link":"https:\/\/www.ayadvogados.com.br\/?author=3"},"rttpg_comment":0,"rttpg_category":"<a href=\"https:\/\/www.ayadvogados.com.br\/?cat=5\" rel=\"category\">DINCast<\/a>","rttpg_excerpt":"O ministro S\u00e9rgio Kukina, do Superior Tribunal de Justi\u00e7a (STJ), proferiu uma decis\u00e3o significativa ao determinar que a inclus\u00e3o do PIS e da Cofins na base de c\u00e1lculo do ISS (Imposto Sobre Servi\u00e7os) \u00e9 uma quest\u00e3o de natureza constitucional. Consequentemente, essa discuss\u00e3o n\u00e3o deve ser analisada em sede de recursos repetitivos pelo STJ. Kukina ordenou&hellip;","_links":{"self":[{"href":"https:\/\/www.ayadvogados.com.br\/index.php?rest_route=\/wp\/v2\/posts\/3540","targetHints":{"allow":["GET"]}}],"collection":[{"href":"https:\/\/www.ayadvogados.com.br\/index.php?rest_route=\/wp\/v2\/posts"}],"about":[{"href":"https:\/\/www.ayadvogados.com.br\/index.php?rest_route=\/wp\/v2\/types\/post"}],"author":[{"embeddable":true,"href":"https:\/\/www.ayadvogados.com.br\/index.php?rest_route=\/wp\/v2\/users\/3"}],"replies":[{"embeddable":true,"href":"https:\/\/www.ayadvogados.com.br\/index.php?rest_route=%2Fwp%2Fv2%2Fcomments&post=3540"}],"version-history":[{"count":2,"href":"https:\/\/www.ayadvogados.com.br\/index.php?rest_route=\/wp\/v2\/posts\/3540\/revisions"}],"predecessor-version":[{"id":3542,"href":"https:\/\/www.ayadvogados.com.br\/index.php?rest_route=\/wp\/v2\/posts\/3540\/revisions\/3542"}],"wp:attachment":[{"href":"https:\/\/www.ayadvogados.com.br\/index.php?rest_route=%2Fwp%2Fv2%2Fmedia&parent=3540"}],"wp:term":[{"taxonomy":"category","embeddable":true,"href":"https:\/\/www.ayadvogados.com.br\/index.php?rest_route=%2Fwp%2Fv2%2Fcategories&post=3540"},{"taxonomy":"post_tag","embeddable":true,"href":"https:\/\/www.ayadvogados.com.br\/index.php?rest_route=%2Fwp%2Fv2%2Ftags&post=3540"}],"curies":[{"name":"wp","href":"https:\/\/api.w.org\/{rel}","templated":true}]}}