{"id":3517,"date":"2024-10-08T13:20:56","date_gmt":"2024-10-08T16:20:56","guid":{"rendered":"http:\/\/34.239.117.254\/?p=3517"},"modified":"2024-10-08T13:31:40","modified_gmt":"2024-10-08T16:31:40","slug":"nova-legislacao-do-governo-federal-permite-atualizacao-de-bens-imoveis-ao-valor-de-mercado","status":"publish","type":"post","link":"https:\/\/www.ayadvogados.com.br\/?p=3517","title":{"rendered":"NOVA LEGISLA\u00c7\u00c3O DO GOVERNO FEDERAL PERMITE ATUALIZA\u00c7\u00c3O DE BENS IM\u00d3VEIS AO VALOR DE MERCADO"},"content":{"rendered":"\n<p><strong><strong>NOVA LEGISLA\u00c7\u00c3O DO GOVERNO FEDERAL PERMITE ATUALIZA\u00c7\u00c3O DE BENS IM\u00d3VEIS AO VALOR DE MERCADO<\/strong><\/strong><\/p>\n\n\n\n<p>No epis\u00f3dio de hoje, discutimos a nova legisla\u00e7\u00e3o do Governo Federal, publicada em setembro de 2024, que permite a atualiza\u00e7\u00e3o do valor de bens im\u00f3veis ao valor de mercado. Esta medida \u00e9 v\u00e1lida at\u00e9 o dia 16 de dezembro de 2024 e prev\u00ea al\u00edquotas reduzidas, sendo uma estrat\u00e9gia do governo para antecipar a arrecada\u00e7\u00e3o de impostos que possivelmente ocorreriam nos pr\u00f3ximos anos.<\/p>\n\n\n\n<p><strong>Impacto da Nova Legisla\u00e7\u00e3o<\/strong><\/p>\n\n\n\n<p>A nova legisla\u00e7\u00e3o permite que os contribuintes atualizem o valor dos seus im\u00f3veis, tanto no Brasil quanto no exterior, ao valor de mercado. Esta atualiza\u00e7\u00e3o pode ser vantajosa, pois oferece a possibilidade de pagar menos imposto agora, em vez de esperar para pagar valores possivelmente maiores no futuro. No entanto, \u00e9 importante que os contribuintes avaliem cuidadosamente se essa antecipa\u00e7\u00e3o ser\u00e1 realmente ben\u00e9fica.<\/p>\n\n\n\n<p><strong>Al\u00edquotas e Prazo<\/strong><\/p>\n\n\n\n<p>Os contribuintes que optarem por atualizar o valor dos im\u00f3veis declarados no imposto de renda pagar\u00e3o uma al\u00edquota definitiva de 4% sobre a diferen\u00e7a entre o valor declarado e o valor de mercado. Atualmente, as al\u00edquotas variam de 15% a 22%, o que pode representar uma economia significativa. No entanto, \u00e9 necess\u00e1rio considerar que essa declara\u00e7\u00e3o \u00e9 irretrat\u00e1vel, ou seja, uma vez realizada, n\u00e3o ser\u00e1 poss\u00edvel retornar ao regime anterior.<\/p>\n\n\n\n<p><strong>Simula\u00e7\u00e3o e Planejamento<\/strong><\/p>\n\n\n\n<p>Antes de optar pela atualiza\u00e7\u00e3o, \u00e9 fundamental realizar uma simula\u00e7\u00e3o para verificar se a antecipa\u00e7\u00e3o do imposto ser\u00e1 vantajosa. Para im\u00f3veis muito antigos, a diferen\u00e7a pode ser pouco significativa, e a simula\u00e7\u00e3o ajudar\u00e1 a determinar se vale a pena fazer a atualiza\u00e7\u00e3o.<\/p>\n\n\n\n<p><strong>Atualiza\u00e7\u00e3o para Pessoas Jur\u00eddicas<\/strong><\/p>\n\n\n\n<p>Para as pessoas jur\u00eddicas, a atualiza\u00e7\u00e3o dos im\u00f3veis constantes no ativo ou n\u00e3o circulantes ser\u00e1 tributada com 6% de imposto de renda e 4% de contribui\u00e7\u00e3o social sobre a diferen\u00e7a. Essas al\u00edquotas podem ser reduzidas, dependendo do regime de tributa\u00e7\u00e3o da empresa, somando at\u00e9 34%. Caso o im\u00f3vel seja alienado antes de decorridos 15 anos, o c\u00e1lculo do ganho de capital ser\u00e1 ajustado proporcionalmente ao tempo decorrido desde a atualiza\u00e7\u00e3o.<\/p>\n\n\n\n<p><strong>Considera\u00e7\u00f5es Finais<\/strong><\/p>\n\n\n\n<p>A nova legisla\u00e7\u00e3o oferece uma oportunidade para os contribuintes atualizarem o valor de seus im\u00f3veis ao valor de mercado com al\u00edquotas reduzidas. No entanto, \u00e9 essencial avaliar cuidadosamente essa op\u00e7\u00e3o, considerando os benef\u00edcios e as implica\u00e7\u00f5es a longo prazo. Realizar simula\u00e7\u00f5es e planejar adequadamente pode garantir que a decis\u00e3o de antecipar o imposto seja realmente vantajosa.<\/p>\n\n\n\n<p>Em resumo, a medida pode ser uma estrat\u00e9gia interessante para aqueles que pretendem alienar seus bens em m\u00e9dio e longo prazo, mas deve ser analisada com cautela para evitar preju\u00edzos futuros.<\/p>\n\n\n\n<p><\/p>\n\n\n\n<p>\u00c9 isso, ouvintes! Obrigada por nos acompanhar em mais um epis\u00f3dio. N\u00e3o se esque\u00e7a de seguir nosso DINcast e compartilhar com seus colegas. At\u00e9 a pr\u00f3xima!<\/p>\n\n\n\n<figure class=\"wp-block-embed is-type-rich is-provider-spotify wp-block-embed-spotify wp-embed-aspect-21-9 wp-has-aspect-ratio\"><div class=\"wp-block-embed__wrapper\">\n<iframe title=\"Spotify Embed: NOVA LEGISLA\u00c7\u00c3O DO GOVERNO FEDERAL PERMITE ATUALIZA\u00c7\u00c3O DE BENS IM\u00d3VEIS AO VALOR DE MERCADO\" style=\"border-radius: 12px\" width=\"100%\" height=\"152\" frameborder=\"0\" allowfullscreen allow=\"autoplay; clipboard-write; encrypted-media; fullscreen; picture-in-picture\" loading=\"lazy\" src=\"https:\/\/open.spotify.com\/embed\/episode\/3bwdxAH0F361Sd4zdttQHy?si=23122fef82eb4f98&#038;utm_source=oembed\"><\/iframe>\n<\/div><\/figure>\n\n\n\n<hr class=\"wp-block-separator has-text-color has-palette-color-1-color has-css-opacity has-palette-color-1-background-color has-background is-style-dots\"\/>\n\n\n\n<div class=\"wp-block-group has-palette-color-6-background-color has-background is-layout-flow wp-block-group-is-layout-flow\">\n<p style=\"font-size:0.8em\">A Amaral,\u00a0Yazbek, OAB\/PR 762, possui 36 anos de experi\u00eancia auxiliando empresas a transformar a tributa\u00e7\u00e3o em lucro. Entre em contato com um dos s\u00f3cios para agendamento de reuni\u00e3o em caso de d\u00favidas.\u00a0\u00a0\u00a0<\/p>\n\n\n\n<p style=\"font-size:0.8em\">Contato: 41 3595-8300 ou pelo nosso WhatsApp 41 99567-5696\u00a0\u00a0\u00a0<\/p>\n\n\n\n<p style=\"font-size:0.8em\">Av. C\u00e2ndido Hartmann, 50 \u2013\u00a0Bigorrilho\u00a0| Curitiba-PR\u00a0\u00a0\u00a0<\/p>\n\n\n\n<p style=\"font-size:0.8em\">Assine nossa <a href=\"http:\/\/ayadvogados.com.br\/contato\/\">Newsletter<\/a> e fique por dentro das novidades!\u00a0\u00a0\u00a0<\/p>\n\n\n\n<p style=\"font-size:0.8em\">Quer receber seu exemplar da revista Governan\u00e7a Jur\u00eddica? <a href=\"http:\/\/ayadvogados.com.br\/revista\/\" data-type=\"page\" data-id=\"68\">Clique\u00a0aqui\u00a0e pe\u00e7a a sua<\/a>.\u00a0\u00a0\u00a0<\/p>\n\n\n\n<p style=\"font-size:0.8em\">Nos acompanhe nas redes sociais:\u00a0<a href=\"https:\/\/www.facebook.com\/AYadvogados\">Facebook<\/a>\u00a0|\u00a0<a href=\"https:\/\/www.instagram.com\/ayadvogados\/\">Instagram<\/a>\u00a0|\u00a0<a href=\"https:\/\/www.linkedin.com\/company\/amaral-yazbek-advogados\">Linkedin<\/a>\u00a0<\/p>\n\n\n\n<p style=\"font-size:0.8em\">J\u00e1 conhece o canal Direito da Intelig\u00eancia de Neg\u00f3cios?\u00a0<a href=\"https:\/\/www.youtube.com\/channel\/UCu2Mpu32ht8DEN8OFRXYMyw\">Inscreva-se j\u00e1<\/a><\/p>\n<\/div>\n","protected":false},"excerpt":{"rendered":"<p>NOVA LEGISLA\u00c7\u00c3O DO GOVERNO FEDERAL PERMITE ATUALIZA\u00c7\u00c3O DE BENS IM\u00d3VEIS AO VALOR DE MERCADO No epis\u00f3dio de hoje, discutimos a nova legisla\u00e7\u00e3o do Governo Federal, publicada em setembro de 2024, que permite a atualiza\u00e7\u00e3o do valor de bens im\u00f3veis ao valor de mercado. Esta medida \u00e9 v\u00e1lida at\u00e9 o dia 16 de dezembro de 2024 [&hellip;]<\/p>\n","protected":false},"author":3,"featured_media":3519,"comment_status":"open","ping_status":"open","sticky":false,"template":"","format":"standard","meta":{"footnotes":""},"categories":[5],"tags":[9,10,123,124,45,96],"class_list":["post-3517","post","type-post","status-publish","format-standard","has-post-thumbnail","hentry","category-dincast","tag-amaral-yazbek","tag-dincast","tag-dividas","tag-nova-forma-de-regularizar","tag-receita-federal","tag-reforma-tributaria"],"blocksy_meta":{"styles_descriptor":{"styles":{"desktop":"","tablet":"","mobile":""},"google_fonts":[],"version":6}},"yoast_head":"<!-- This site is optimized with the Yoast SEO plugin v27.5 - https:\/\/yoast.com\/product\/yoast-seo-wordpress\/ -->\n<title>NOVA LEGISLA\u00c7\u00c3O DO GOVERNO FEDERAL PERMITE ATUALIZA\u00c7\u00c3O DE BENS IM\u00d3VEIS AO VALOR DE MERCADO<\/title>\n<meta name=\"description\" content=\"NOVA LEGISLA\u00c7\u00c3O DO GOVERNO FEDERAL PERMITE ATUALIZA\u00c7\u00c3O DE BENS IM\u00d3VEIS AO VALOR DE MERCADO. Esta medida \u00e9 v\u00e1lida at\u00e9 16 de dezembro de 2024\" \/>\n<meta name=\"robots\" content=\"index, follow, max-snippet:-1, max-image-preview:large, max-video-preview:-1\" \/>\n<link rel=\"canonical\" href=\"https:\/\/www.34.239.117.254.sslip.io\/?p=3517\" \/>\n<meta property=\"og:locale\" content=\"pt_BR\" \/>\n<meta property=\"og:type\" content=\"article\" \/>\n<meta property=\"og:title\" content=\"NOVA LEGISLA\u00c7\u00c3O DO GOVERNO FEDERAL PERMITE ATUALIZA\u00c7\u00c3O DE BENS IM\u00d3VEIS AO VALOR DE MERCADO\" \/>\n<meta property=\"og:description\" content=\"NOVA LEGISLA\u00c7\u00c3O DO GOVERNO FEDERAL PERMITE ATUALIZA\u00c7\u00c3O DE BENS IM\u00d3VEIS AO VALOR DE MERCADO. Esta medida \u00e9 v\u00e1lida at\u00e9 16 de dezembro de 2024\" \/>\n<meta property=\"og:url\" content=\"https:\/\/www.34.239.117.254.sslip.io\/?p=3517\" \/>\n<meta property=\"og:site_name\" content=\"Amaral, Yazbek Advogados\" \/>\n<meta property=\"article:publisher\" content=\"https:\/\/www.facebook.com\/AYadvogados\" \/>\n<meta property=\"article:published_time\" content=\"2024-10-08T16:20:56+00:00\" \/>\n<meta property=\"article:modified_time\" content=\"2024-10-08T16:31:40+00:00\" \/>\n<meta property=\"og:image\" content=\"https:\/\/www.34.239.117.254.sslip.io\/wp-content\/uploads\/2024\/10\/Retrospecto-1609-a-2409-8.png\" \/>\n\t<meta property=\"og:image:width\" content=\"1920\" \/>\n\t<meta property=\"og:image:height\" content=\"1080\" \/>\n\t<meta property=\"og:image:type\" content=\"image\/png\" \/>\n<meta name=\"author\" content=\"Infra\" \/>\n<meta name=\"twitter:card\" content=\"summary_large_image\" \/>\n<meta name=\"twitter:label1\" content=\"Escrito por\" \/>\n\t<meta name=\"twitter:data1\" content=\"Infra\" \/>\n\t<meta name=\"twitter:label2\" content=\"Est. tempo de leitura\" \/>\n\t<meta name=\"twitter:data2\" content=\"3 minutos\" \/>\n<script type=\"application\/ld+json\" class=\"yoast-schema-graph\">{\"@context\":\"https:\\\/\\\/schema.org\",\"@graph\":[{\"@type\":\"Article\",\"@id\":\"https:\\\/\\\/www.34.239.117.254.sslip.io\\\/?p=3517#article\",\"isPartOf\":{\"@id\":\"https:\\\/\\\/www.34.239.117.254.sslip.io\\\/?p=3517\"},\"author\":{\"name\":\"Infra\",\"@id\":\"https:\\\/\\\/34.239.117.254\\\/#\\\/schema\\\/person\\\/6b9165a58758b048b8ea5a4fbd4ec3c4\"},\"headline\":\"NOVA LEGISLA\u00c7\u00c3O DO GOVERNO FEDERAL PERMITE ATUALIZA\u00c7\u00c3O DE BENS IM\u00d3VEIS AO VALOR DE MERCADO\",\"datePublished\":\"2024-10-08T16:20:56+00:00\",\"dateModified\":\"2024-10-08T16:31:40+00:00\",\"mainEntityOfPage\":{\"@id\":\"https:\\\/\\\/www.34.239.117.254.sslip.io\\\/?p=3517\"},\"wordCount\":529,\"commentCount\":0,\"publisher\":{\"@id\":\"https:\\\/\\\/34.239.117.254\\\/#organization\"},\"image\":{\"@id\":\"https:\\\/\\\/www.34.239.117.254.sslip.io\\\/?p=3517#primaryimage\"},\"thumbnailUrl\":\"https:\\\/\\\/www.ayadvogados.com.br\\\/wp-content\\\/uploads\\\/2024\\\/10\\\/Retrospecto-1609-a-2409-8.png\",\"keywords\":[\"amaral yazbek\",\"dincast\",\"dividas\",\"nova forma de regularizar\",\"receita federal\",\"Reforma Tribut\u00e1ria\"],\"articleSection\":[\"DINCast\"],\"inLanguage\":\"pt-BR\",\"potentialAction\":[{\"@type\":\"CommentAction\",\"name\":\"Comment\",\"target\":[\"https:\\\/\\\/www.34.239.117.254.sslip.io\\\/?p=3517#respond\"]}]},{\"@type\":\"WebPage\",\"@id\":\"https:\\\/\\\/www.34.239.117.254.sslip.io\\\/?p=3517\",\"url\":\"https:\\\/\\\/www.34.239.117.254.sslip.io\\\/?p=3517\",\"name\":\"NOVA LEGISLA\u00c7\u00c3O DO GOVERNO FEDERAL PERMITE ATUALIZA\u00c7\u00c3O DE BENS IM\u00d3VEIS AO VALOR DE MERCADO\",\"isPartOf\":{\"@id\":\"https:\\\/\\\/34.239.117.254\\\/#website\"},\"primaryImageOfPage\":{\"@id\":\"https:\\\/\\\/www.34.239.117.254.sslip.io\\\/?p=3517#primaryimage\"},\"image\":{\"@id\":\"https:\\\/\\\/www.34.239.117.254.sslip.io\\\/?p=3517#primaryimage\"},\"thumbnailUrl\":\"https:\\\/\\\/www.ayadvogados.com.br\\\/wp-content\\\/uploads\\\/2024\\\/10\\\/Retrospecto-1609-a-2409-8.png\",\"datePublished\":\"2024-10-08T16:20:56+00:00\",\"dateModified\":\"2024-10-08T16:31:40+00:00\",\"description\":\"NOVA LEGISLA\u00c7\u00c3O DO GOVERNO FEDERAL PERMITE ATUALIZA\u00c7\u00c3O DE BENS IM\u00d3VEIS AO VALOR DE MERCADO. Esta medida \u00e9 v\u00e1lida at\u00e9 16 de dezembro de 2024\",\"breadcrumb\":{\"@id\":\"https:\\\/\\\/www.34.239.117.254.sslip.io\\\/?p=3517#breadcrumb\"},\"inLanguage\":\"pt-BR\",\"potentialAction\":[{\"@type\":\"ReadAction\",\"target\":[\"https:\\\/\\\/www.34.239.117.254.sslip.io\\\/?p=3517\"]}]},{\"@type\":\"ImageObject\",\"inLanguage\":\"pt-BR\",\"@id\":\"https:\\\/\\\/www.34.239.117.254.sslip.io\\\/?p=3517#primaryimage\",\"url\":\"https:\\\/\\\/www.ayadvogados.com.br\\\/wp-content\\\/uploads\\\/2024\\\/10\\\/Retrospecto-1609-a-2409-8.png\",\"contentUrl\":\"https:\\\/\\\/www.ayadvogados.com.br\\\/wp-content\\\/uploads\\\/2024\\\/10\\\/Retrospecto-1609-a-2409-8.png\",\"width\":1920,\"height\":1080,\"caption\":\"NOVA LEGISLA\u00c7\u00c3O DO GOVERNO FEDERAL PERMITE ATUALIZA\u00c7\u00c3O DE BENS IM\u00d3VEIS AO VALOR DE MERCADO\"},{\"@type\":\"BreadcrumbList\",\"@id\":\"https:\\\/\\\/www.34.239.117.254.sslip.io\\\/?p=3517#breadcrumb\",\"itemListElement\":[{\"@type\":\"ListItem\",\"position\":1,\"name\":\"In\u00edcio\",\"item\":\"https:\\\/\\\/34.239.117.254\\\/\"},{\"@type\":\"ListItem\",\"position\":2,\"name\":\"NOVA LEGISLA\u00c7\u00c3O DO GOVERNO FEDERAL PERMITE ATUALIZA\u00c7\u00c3O DE BENS IM\u00d3VEIS AO VALOR DE MERCADO\"}]},{\"@type\":\"WebSite\",\"@id\":\"https:\\\/\\\/34.239.117.254\\\/#website\",\"url\":\"https:\\\/\\\/34.239.117.254\\\/\",\"name\":\"Amaral, Yazbek Advogados\",\"description\":\"Curitiba \u2022 Bras\u00edlia \u2022 S\u00e3o Paulo\",\"publisher\":{\"@id\":\"https:\\\/\\\/34.239.117.254\\\/#organization\"},\"potentialAction\":[{\"@type\":\"SearchAction\",\"target\":{\"@type\":\"EntryPoint\",\"urlTemplate\":\"https:\\\/\\\/34.239.117.254\\\/?s={search_term_string}\"},\"query-input\":{\"@type\":\"PropertyValueSpecification\",\"valueRequired\":true,\"valueName\":\"search_term_string\"}}],\"inLanguage\":\"pt-BR\"},{\"@type\":\"Organization\",\"@id\":\"https:\\\/\\\/34.239.117.254\\\/#organization\",\"name\":\"Amaral, Yazbek Advogados\",\"url\":\"https:\\\/\\\/34.239.117.254\\\/\",\"logo\":{\"@type\":\"ImageObject\",\"inLanguage\":\"pt-BR\",\"@id\":\"https:\\\/\\\/34.239.117.254\\\/#\\\/schema\\\/logo\\\/image\\\/\",\"url\":\"http:\\\/\\\/34.239.117.254\\\/wp-content\\\/uploads\\\/2021\\\/03\\\/logo-ay-g.png\",\"contentUrl\":\"http:\\\/\\\/34.239.117.254\\\/wp-content\\\/uploads\\\/2021\\\/03\\\/logo-ay-g.png\",\"width\":434,\"height\":106,\"caption\":\"Amaral, Yazbek Advogados\"},\"image\":{\"@id\":\"https:\\\/\\\/34.239.117.254\\\/#\\\/schema\\\/logo\\\/image\\\/\"},\"sameAs\":[\"https:\\\/\\\/www.facebook.com\\\/AYadvogados\",\"https:\\\/\\\/www.instagram.com\\\/ayadvogados\\\/\"]},{\"@type\":\"Person\",\"@id\":\"https:\\\/\\\/34.239.117.254\\\/#\\\/schema\\\/person\\\/6b9165a58758b048b8ea5a4fbd4ec3c4\",\"name\":\"Infra\",\"image\":{\"@type\":\"ImageObject\",\"inLanguage\":\"pt-BR\",\"@id\":\"https:\\\/\\\/secure.gravatar.com\\\/avatar\\\/60bf67293e186b9c834e31753dcc586dfcedb661d13b6b9ba29ac991ccafc035?s=96&d=mm&r=g\",\"url\":\"https:\\\/\\\/secure.gravatar.com\\\/avatar\\\/60bf67293e186b9c834e31753dcc586dfcedb661d13b6b9ba29ac991ccafc035?s=96&d=mm&r=g\",\"contentUrl\":\"https:\\\/\\\/secure.gravatar.com\\\/avatar\\\/60bf67293e186b9c834e31753dcc586dfcedb661d13b6b9ba29ac991ccafc035?s=96&d=mm&r=g\",\"caption\":\"Infra\"},\"url\":\"https:\\\/\\\/www.ayadvogados.com.br\\\/?author=3\"}]}<\/script>\n<!-- \/ Yoast SEO plugin. -->","yoast_head_json":{"title":"NOVA LEGISLA\u00c7\u00c3O DO GOVERNO FEDERAL PERMITE ATUALIZA\u00c7\u00c3O DE BENS IM\u00d3VEIS AO VALOR DE MERCADO","description":"NOVA LEGISLA\u00c7\u00c3O DO GOVERNO FEDERAL PERMITE ATUALIZA\u00c7\u00c3O DE BENS IM\u00d3VEIS AO VALOR DE MERCADO. Esta medida \u00e9 v\u00e1lida at\u00e9 16 de dezembro de 2024","robots":{"index":"index","follow":"follow","max-snippet":"max-snippet:-1","max-image-preview":"max-image-preview:large","max-video-preview":"max-video-preview:-1"},"canonical":"https:\/\/www.34.239.117.254.sslip.io\/?p=3517","og_locale":"pt_BR","og_type":"article","og_title":"NOVA LEGISLA\u00c7\u00c3O DO GOVERNO FEDERAL PERMITE ATUALIZA\u00c7\u00c3O DE BENS IM\u00d3VEIS AO VALOR DE MERCADO","og_description":"NOVA LEGISLA\u00c7\u00c3O DO GOVERNO FEDERAL PERMITE ATUALIZA\u00c7\u00c3O DE BENS IM\u00d3VEIS AO VALOR DE MERCADO. Esta medida \u00e9 v\u00e1lida at\u00e9 16 de dezembro de 2024","og_url":"https:\/\/www.34.239.117.254.sslip.io\/?p=3517","og_site_name":"Amaral, Yazbek Advogados","article_publisher":"https:\/\/www.facebook.com\/AYadvogados","article_published_time":"2024-10-08T16:20:56+00:00","article_modified_time":"2024-10-08T16:31:40+00:00","og_image":[{"width":1920,"height":1080,"url":"https:\/\/www.34.239.117.254.sslip.io\/wp-content\/uploads\/2024\/10\/Retrospecto-1609-a-2409-8.png","type":"image\/png"}],"author":"Infra","twitter_card":"summary_large_image","twitter_misc":{"Escrito por":"Infra","Est. tempo de leitura":"3 minutos"},"schema":{"@context":"https:\/\/schema.org","@graph":[{"@type":"Article","@id":"https:\/\/www.34.239.117.254.sslip.io\/?p=3517#article","isPartOf":{"@id":"https:\/\/www.34.239.117.254.sslip.io\/?p=3517"},"author":{"name":"Infra","@id":"https:\/\/34.239.117.254\/#\/schema\/person\/6b9165a58758b048b8ea5a4fbd4ec3c4"},"headline":"NOVA LEGISLA\u00c7\u00c3O DO GOVERNO FEDERAL PERMITE ATUALIZA\u00c7\u00c3O DE BENS IM\u00d3VEIS AO VALOR DE MERCADO","datePublished":"2024-10-08T16:20:56+00:00","dateModified":"2024-10-08T16:31:40+00:00","mainEntityOfPage":{"@id":"https:\/\/www.34.239.117.254.sslip.io\/?p=3517"},"wordCount":529,"commentCount":0,"publisher":{"@id":"https:\/\/34.239.117.254\/#organization"},"image":{"@id":"https:\/\/www.34.239.117.254.sslip.io\/?p=3517#primaryimage"},"thumbnailUrl":"https:\/\/www.ayadvogados.com.br\/wp-content\/uploads\/2024\/10\/Retrospecto-1609-a-2409-8.png","keywords":["amaral yazbek","dincast","dividas","nova forma de regularizar","receita federal","Reforma Tribut\u00e1ria"],"articleSection":["DINCast"],"inLanguage":"pt-BR","potentialAction":[{"@type":"CommentAction","name":"Comment","target":["https:\/\/www.34.239.117.254.sslip.io\/?p=3517#respond"]}]},{"@type":"WebPage","@id":"https:\/\/www.34.239.117.254.sslip.io\/?p=3517","url":"https:\/\/www.34.239.117.254.sslip.io\/?p=3517","name":"NOVA LEGISLA\u00c7\u00c3O DO GOVERNO FEDERAL PERMITE ATUALIZA\u00c7\u00c3O DE BENS IM\u00d3VEIS AO VALOR DE MERCADO","isPartOf":{"@id":"https:\/\/34.239.117.254\/#website"},"primaryImageOfPage":{"@id":"https:\/\/www.34.239.117.254.sslip.io\/?p=3517#primaryimage"},"image":{"@id":"https:\/\/www.34.239.117.254.sslip.io\/?p=3517#primaryimage"},"thumbnailUrl":"https:\/\/www.ayadvogados.com.br\/wp-content\/uploads\/2024\/10\/Retrospecto-1609-a-2409-8.png","datePublished":"2024-10-08T16:20:56+00:00","dateModified":"2024-10-08T16:31:40+00:00","description":"NOVA LEGISLA\u00c7\u00c3O DO GOVERNO FEDERAL PERMITE ATUALIZA\u00c7\u00c3O DE BENS IM\u00d3VEIS AO VALOR DE MERCADO. Esta medida \u00e9 v\u00e1lida at\u00e9 16 de dezembro de 2024","breadcrumb":{"@id":"https:\/\/www.34.239.117.254.sslip.io\/?p=3517#breadcrumb"},"inLanguage":"pt-BR","potentialAction":[{"@type":"ReadAction","target":["https:\/\/www.34.239.117.254.sslip.io\/?p=3517"]}]},{"@type":"ImageObject","inLanguage":"pt-BR","@id":"https:\/\/www.34.239.117.254.sslip.io\/?p=3517#primaryimage","url":"https:\/\/www.ayadvogados.com.br\/wp-content\/uploads\/2024\/10\/Retrospecto-1609-a-2409-8.png","contentUrl":"https:\/\/www.ayadvogados.com.br\/wp-content\/uploads\/2024\/10\/Retrospecto-1609-a-2409-8.png","width":1920,"height":1080,"caption":"NOVA LEGISLA\u00c7\u00c3O DO GOVERNO FEDERAL PERMITE ATUALIZA\u00c7\u00c3O DE BENS IM\u00d3VEIS AO VALOR DE MERCADO"},{"@type":"BreadcrumbList","@id":"https:\/\/www.34.239.117.254.sslip.io\/?p=3517#breadcrumb","itemListElement":[{"@type":"ListItem","position":1,"name":"In\u00edcio","item":"https:\/\/34.239.117.254\/"},{"@type":"ListItem","position":2,"name":"NOVA LEGISLA\u00c7\u00c3O DO GOVERNO FEDERAL PERMITE ATUALIZA\u00c7\u00c3O DE BENS IM\u00d3VEIS AO VALOR DE MERCADO"}]},{"@type":"WebSite","@id":"https:\/\/34.239.117.254\/#website","url":"https:\/\/34.239.117.254\/","name":"Amaral, Yazbek Advogados","description":"Curitiba \u2022 Bras\u00edlia \u2022 S\u00e3o Paulo","publisher":{"@id":"https:\/\/34.239.117.254\/#organization"},"potentialAction":[{"@type":"SearchAction","target":{"@type":"EntryPoint","urlTemplate":"https:\/\/34.239.117.254\/?s={search_term_string}"},"query-input":{"@type":"PropertyValueSpecification","valueRequired":true,"valueName":"search_term_string"}}],"inLanguage":"pt-BR"},{"@type":"Organization","@id":"https:\/\/34.239.117.254\/#organization","name":"Amaral, Yazbek Advogados","url":"https:\/\/34.239.117.254\/","logo":{"@type":"ImageObject","inLanguage":"pt-BR","@id":"https:\/\/34.239.117.254\/#\/schema\/logo\/image\/","url":"http:\/\/34.239.117.254\/wp-content\/uploads\/2021\/03\/logo-ay-g.png","contentUrl":"http:\/\/34.239.117.254\/wp-content\/uploads\/2021\/03\/logo-ay-g.png","width":434,"height":106,"caption":"Amaral, Yazbek Advogados"},"image":{"@id":"https:\/\/34.239.117.254\/#\/schema\/logo\/image\/"},"sameAs":["https:\/\/www.facebook.com\/AYadvogados","https:\/\/www.instagram.com\/ayadvogados\/"]},{"@type":"Person","@id":"https:\/\/34.239.117.254\/#\/schema\/person\/6b9165a58758b048b8ea5a4fbd4ec3c4","name":"Infra","image":{"@type":"ImageObject","inLanguage":"pt-BR","@id":"https:\/\/secure.gravatar.com\/avatar\/60bf67293e186b9c834e31753dcc586dfcedb661d13b6b9ba29ac991ccafc035?s=96&d=mm&r=g","url":"https:\/\/secure.gravatar.com\/avatar\/60bf67293e186b9c834e31753dcc586dfcedb661d13b6b9ba29ac991ccafc035?s=96&d=mm&r=g","contentUrl":"https:\/\/secure.gravatar.com\/avatar\/60bf67293e186b9c834e31753dcc586dfcedb661d13b6b9ba29ac991ccafc035?s=96&d=mm&r=g","caption":"Infra"},"url":"https:\/\/www.ayadvogados.com.br\/?author=3"}]}},"rttpg_featured_image_url":{"full":["https:\/\/www.ayadvogados.com.br\/wp-content\/uploads\/2024\/10\/Retrospecto-1609-a-2409-8.png",1920,1080,false],"landscape":["https:\/\/www.ayadvogados.com.br\/wp-content\/uploads\/2024\/10\/Retrospecto-1609-a-2409-8.png",1920,1080,false],"portraits":["https:\/\/www.ayadvogados.com.br\/wp-content\/uploads\/2024\/10\/Retrospecto-1609-a-2409-8.png",1920,1080,false],"thumbnail":["https:\/\/www.ayadvogados.com.br\/wp-content\/uploads\/2024\/10\/Retrospecto-1609-a-2409-8-150x150.png",150,150,true],"medium":["https:\/\/www.ayadvogados.com.br\/wp-content\/uploads\/2024\/10\/Retrospecto-1609-a-2409-8-300x169.png",300,169,true],"large":["https:\/\/www.ayadvogados.com.br\/wp-content\/uploads\/2024\/10\/Retrospecto-1609-a-2409-8-1024x576.png",1024,576,true],"1536x1536":["https:\/\/www.ayadvogados.com.br\/wp-content\/uploads\/2024\/10\/Retrospecto-1609-a-2409-8-1536x864.png",1536,864,true],"2048x2048":["https:\/\/www.ayadvogados.com.br\/wp-content\/uploads\/2024\/10\/Retrospecto-1609-a-2409-8.png",1920,1080,false]},"rttpg_author":{"display_name":"Infra","author_link":"https:\/\/www.ayadvogados.com.br\/?author=3"},"rttpg_comment":0,"rttpg_category":"<a href=\"https:\/\/www.ayadvogados.com.br\/?cat=5\" rel=\"category\">DINCast<\/a>","rttpg_excerpt":"NOVA LEGISLA\u00c7\u00c3O DO GOVERNO FEDERAL PERMITE ATUALIZA\u00c7\u00c3O DE BENS IM\u00d3VEIS AO VALOR DE MERCADO No epis\u00f3dio de hoje, discutimos a nova legisla\u00e7\u00e3o do Governo Federal, publicada em setembro de 2024, que permite a atualiza\u00e7\u00e3o do valor de bens im\u00f3veis ao valor de mercado. Esta medida \u00e9 v\u00e1lida at\u00e9 o dia 16 de dezembro de 2024&hellip;","_links":{"self":[{"href":"https:\/\/www.ayadvogados.com.br\/index.php?rest_route=\/wp\/v2\/posts\/3517","targetHints":{"allow":["GET"]}}],"collection":[{"href":"https:\/\/www.ayadvogados.com.br\/index.php?rest_route=\/wp\/v2\/posts"}],"about":[{"href":"https:\/\/www.ayadvogados.com.br\/index.php?rest_route=\/wp\/v2\/types\/post"}],"author":[{"embeddable":true,"href":"https:\/\/www.ayadvogados.com.br\/index.php?rest_route=\/wp\/v2\/users\/3"}],"replies":[{"embeddable":true,"href":"https:\/\/www.ayadvogados.com.br\/index.php?rest_route=%2Fwp%2Fv2%2Fcomments&post=3517"}],"version-history":[{"count":2,"href":"https:\/\/www.ayadvogados.com.br\/index.php?rest_route=\/wp\/v2\/posts\/3517\/revisions"}],"predecessor-version":[{"id":3520,"href":"https:\/\/www.ayadvogados.com.br\/index.php?rest_route=\/wp\/v2\/posts\/3517\/revisions\/3520"}],"wp:featuredmedia":[{"embeddable":true,"href":"https:\/\/www.ayadvogados.com.br\/index.php?rest_route=\/wp\/v2\/media\/3519"}],"wp:attachment":[{"href":"https:\/\/www.ayadvogados.com.br\/index.php?rest_route=%2Fwp%2Fv2%2Fmedia&parent=3517"}],"wp:term":[{"taxonomy":"category","embeddable":true,"href":"https:\/\/www.ayadvogados.com.br\/index.php?rest_route=%2Fwp%2Fv2%2Fcategories&post=3517"},{"taxonomy":"post_tag","embeddable":true,"href":"https:\/\/www.ayadvogados.com.br\/index.php?rest_route=%2Fwp%2Fv2%2Ftags&post=3517"}],"curies":[{"name":"wp","href":"https:\/\/api.w.org\/{rel}","templated":true}]}}