{"id":3508,"date":"2024-10-01T13:09:10","date_gmt":"2024-10-01T16:09:10","guid":{"rendered":"http:\/\/34.239.117.254\/?p=3508"},"modified":"2024-10-01T13:42:36","modified_gmt":"2024-10-01T16:42:36","slug":"alteracoes-na-reforma-tributaria-e-impactos-por-mudancas-no-itcmd","status":"publish","type":"post","link":"https:\/\/www.ayadvogados.com.br\/?p=3508","title":{"rendered":"Altera\u00e7\u00f5es na reforma tribut\u00e1ria e impactos por mudan\u00e7as no ITCMD"},"content":{"rendered":"\n<p><strong>Altera\u00e7\u00f5es na reforma tribut\u00e1ria e impactos por mudan\u00e7as no ITCMD<\/strong><\/p>\n\n\n\n<p>A cobran\u00e7a do Imposto sobre Transmiss\u00e3o Causa Mortis e Doa\u00e7\u00e3o (ITCMD) deve ter mudan\u00e7as significativas a partir da Reforma Tribut\u00e1ria, e isso afeta diretamente doa\u00e7\u00f5es e heran\u00e7as em todo o pa\u00eds. Nesse contexto, \u00e9 crucial entender as implica\u00e7\u00f5es dessas altera\u00e7\u00f5es. Neste texto, vamos pontuar o que prev\u00ea o novo conjunto de regras e as movimenta\u00e7\u00f5es feitas em alguns Estados da federa\u00e7\u00e3o.<\/p>\n\n\n\n<p><br>De forma geral, se v\u00ea uma corrida para a realiza\u00e7\u00e3o de doa\u00e7\u00f5es em vida e o planejamento sucess\u00f3rio antes do final de 2024. J\u00e1 que este ano \u00e9 visto como a \u00faltima oportunidade para aproveitar as regras tribut\u00e1rias atuais, antes que as mudan\u00e7as propostas pelo Congresso Nacional entrem em vigor. Conforme levantamento informado pelo Valor Econ\u00f4mico, os grandes escrit\u00f3rios de advocacia est\u00e3o registrando um aumento m\u00e9dio de 40% na demanda por servi\u00e7os relacionados a essa \u00e1rea.<\/p>\n\n\n\n<p><br>As modifica\u00e7\u00f5es propostas pela Reforma Tribut\u00e1ria afetam diretamente o ITCMD. Para o ITCMD, a reforma estabelece que as al\u00edquotas ser\u00e3o obrigatoriamente progressivas, limitadas a um teto m\u00e1ximo de 8%, embora haja propostas para aumentar esse limite para at\u00e9 16%. Isso pode resultar em um aumento significativo das al\u00edquotas, impactando o valor a ser pago em heran\u00e7as e doa\u00e7\u00f5es.<\/p>\n\n\n\n<p><br>Al\u00e9m disso, no PLP 108 prev\u00ea que o imposto dever\u00e1 ser feito no local de domic\u00edlio do falecido. Hoje, pode-se abrir o invent\u00e1rio em qualquer lugar do Pa\u00eds, possibilitando uma brecha fiscal. Muita gente abre um invent\u00e1rio em Manaus, porque l\u00e1 o ITCMD \u00e9 de 2%, e faz um invent\u00e1rio extrajudicial e paga o ITCMD.<\/p>\n\n\n\n<p><br>Os contribuintes de dez estados ser\u00e3o os mais impactados pelas mudan\u00e7as nas regras referentes \u00e0&nbsp;<a rel=\"noreferrer noopener\" target=\"_blank\" href=\"https:\/\/www.conjur.com.br\/2024-jul-04\/a-tributacao-da-heranca-na-reforma-tributaria\/\">tributa\u00e7\u00e3o de doa\u00e7\u00f5es e heran\u00e7as<\/a>&nbsp;\u2014 o ITCMD ou ITCD. S\u00e3o eles: Alagoas, Amap\u00e1, Amazonas, Bahia, Esp\u00edrito Santo, Paran\u00e1, Piau\u00ed, Rio Grande do Norte, Roraima e S\u00e3o Paulo.<br>\u00c9 o que revela levantamento realizado pelo escrit\u00f3rio&nbsp;Andr\u00e9 Teixeira, Rossi, Andrade, Saadi Advogados, que avaliou os efeitos de eventual eleva\u00e7\u00e3o das al\u00edquotas que incidir\u00e3o sobre a transmiss\u00e3o de propriedade a t\u00edtulo de heran\u00e7a e doa\u00e7\u00e3o em estados onde o imposto \u00e9 fixo e a al\u00edquota m\u00e1xima ainda est\u00e1 distante do teto atual de 8%, percentual determinado pelo Senado.<\/p>\n\n\n\n<p><br>Os estados destacados no levantamento t\u00eam, atualmente, as menores al\u00edquotas do&nbsp;<a rel=\"noreferrer noopener\" target=\"_blank\" href=\"https:\/\/www.camara.leg.br\/noticias\/1027535-texto-da-reforma-tributaria-altera-impostos-sobre-heranca-e-preve-ipva-sobre-jatinhos-e-iates\/\">imposto<\/a>&nbsp;sobre heran\u00e7as e doa\u00e7\u00f5es do pa\u00eds e ainda n\u00e3o adotaram a regra do imposto progressivo, estabelecida como obrigat\u00f3ria pela reforma tribut\u00e1ria.<\/p>\n\n\n\n<p>No Amazonas, por exemplo, onde o imposto tem al\u00edquota de 2%, as novas regras podem representar para o contribuinte um aumento de at\u00e9 quatro vezes o valor do tributo atual.<\/p>\n\n\n\n<p><br>Em Alagoas, h\u00e1 al\u00edquota fixa de 2% para doa\u00e7\u00e3o e de 4% sobre heran\u00e7as. O tributo pago pelo contribuinte, portanto, poder\u00e1 quadriplicar nas doa\u00e7\u00f5es e dobrar nos casos de heran\u00e7a. A situa\u00e7\u00e3o \u00e9 semelhante em outros estados que ainda n\u00e3o adotaram o imposto progressivo ou cujas al\u00edquotas m\u00e1ximas n\u00e3o estejam fixadas no teto de 8%.<\/p>\n\n\n\n<p>\u201cCom a reforma, os estados que ainda n\u00e3o preveem progressividade nas suas al\u00edquotas ser\u00e3o obrigados a faz\u00ea-lo\u201d, diz o alerta o advogado&nbsp;Bernardo de Vilhena Saadi, \u00e0 frente do levantamento.<\/p>\n\n\n\n<p>Al\u00e9m disso, todos os estados passaram a ter a possibilidade de tributar heran\u00e7as e doa\u00e7\u00f5es recebidas no exterior. Hoje cada unidade da federa\u00e7\u00e3o \u00e9 livre para estabelecer quaisquer al\u00edquotas at\u00e9 o limite de 8% estabelecido pelo Senado, mas o Projeto de Lei Complementar 108\/2024, prev\u00ea que os Estados regulamentem o que configura \u2018grande patrim\u00f4nio\u2019&nbsp;e este, necessariamente, dever\u00e1 ser submetido ao teto de 8%.<\/p>\n\n\n\n<p>&nbsp;Esta regra vale tamb\u00e9m para os estados que adotaram a progressividade e cuja al\u00edquota m\u00e1xima est\u00e1 muito abaixo do teto de 8%. \u00c9 o caso do Maranh\u00e3o, cuja al\u00edquota m\u00e1xima para doa\u00e7\u00e3o \u00e9 de 2%.&nbsp;<\/p>\n\n\n\n<p>Todas essas mudan\u00e7as ir\u00e3o vigorar no ano seguinte \u00e0s respectivas aprova\u00e7\u00f5es em cada estado, esclarece Saadi, lembrando, ainda, que existe um Projeto de Resolu\u00e7\u00e3o que tramita no Senado com o objetivo de elevar o limite m\u00e1ximo deste imposto para 16% o que permitiria que os estados estabelecessem al\u00edquotas at\u00e9 este percentual.<\/p>\n\n\n\n<p>Essa \u00e9 uma tend\u00eancia mundial de aumento da tributa\u00e7\u00e3o sobre renda, patrim\u00f4nio, heran\u00e7as e doa\u00e7\u00f5es. As mudan\u00e7as legislativas tamb\u00e9m come\u00e7am a ser introduzidas no Brasil com esta finalidade.<\/p>\n\n\n\n<p>Para tentar fazer com que a sucess\u00e3o patrimonial pese menos no bolso, muitos contribuintes antecipam a transmiss\u00e3o do patrim\u00f4nio para pagar uma al\u00edquota menor antes do aumento, al\u00e9m dos custos adicionais relacionados a um processo de invent\u00e1rio.<\/p>\n\n\n\n<p>&nbsp;\u201cPor meio de diversos instrumentos legais, pode-se garantir ao doador controle sobre o patrim\u00f4nio doado. H\u00e1 possibilidade, tamb\u00e9m, de aumentar ou diminuir quinh\u00f5es de herdeiros, determinar que bens cada herdeiro receber\u00e1 e estipular regras de governan\u00e7a em sociedades operacionais ou patrimoniais evitando potenciais lit\u00edgios futuros\u201d, conclui Saadi.<\/p>\n\n\n\n<p>Diante das mudan\u00e7as iminentes, \u00e9 essencial que os contribuintes realizem um planejamento tribut\u00e1rio adequado para otimizar seus processos de doa\u00e7\u00e3o e heran\u00e7a.<\/p>\n\n\n\n<p>Com a perspectiva de aumento na tributa\u00e7\u00e3o para valores mais altos, as pessoas est\u00e3o buscando acelerar esses processos enquanto as al\u00edquotas atuais ainda est\u00e3o em vigor, evidenciando a necessidade de estrat\u00e9gias sucess\u00f3rias e tribut\u00e1rias eficientes.<br><\/p>\n\n\n\n<p>\u00c0 vista disso, \u00e9 prudente que seja feito a revis\u00e3o do seu planejamento sucess\u00f3rio para aproveitar todas as oportunidades da reforma, aumentando assim sua competitividade perante os seus neg\u00f3cios<\/p>\n\n\n\n<p>\u00c9 isso, ouvintes! Obrigada por nos acompanhar em mais um epis\u00f3dio. N\u00e3o se esque\u00e7a de seguir nosso DINcast e compartilhar com seus colegas. At\u00e9 a pr\u00f3xima!<\/p>\n\n\n\n<figure class=\"wp-block-embed is-type-rich is-provider-spotify wp-block-embed-spotify wp-embed-aspect-21-9 wp-has-aspect-ratio\"><div class=\"wp-block-embed__wrapper\">\n<iframe title=\"Spotify Embed: Altera\u00e7\u00f5es na reforma tribut\u00e1ria e impactos por mudan\u00e7as no ITCMD\" style=\"border-radius: 12px\" width=\"100%\" height=\"152\" frameborder=\"0\" allowfullscreen allow=\"autoplay; clipboard-write; encrypted-media; fullscreen; picture-in-picture\" loading=\"lazy\" src=\"https:\/\/open.spotify.com\/embed\/episode\/3jXmEIebk94DW4m7qBZ6UW?si=16c9520388b04d6a&#038;utm_source=oembed\"><\/iframe>\n<\/div><\/figure>\n\n\n\n<hr class=\"wp-block-separator has-text-color has-palette-color-1-color has-css-opacity has-palette-color-1-background-color has-background is-style-dots\"\/>\n\n\n\n<div class=\"wp-block-group has-palette-color-6-background-color has-background is-layout-flow wp-block-group-is-layout-flow\">\n<p style=\"font-size:0.8em\">A Amaral,\u00a0Yazbek, OAB\/PR 762, possui 36 anos de experi\u00eancia auxiliando empresas a transformar a tributa\u00e7\u00e3o em lucro. Entre em contato com um dos s\u00f3cios para agendamento de reuni\u00e3o em caso de d\u00favidas.\u00a0\u00a0\u00a0<\/p>\n\n\n\n<p style=\"font-size:0.8em\">Contato: 41 3595-8300 ou pelo nosso WhatsApp 41 99567-5696\u00a0\u00a0\u00a0<\/p>\n\n\n\n<p style=\"font-size:0.8em\">Av. C\u00e2ndido Hartmann, 50 \u2013\u00a0Bigorrilho\u00a0| Curitiba-PR\u00a0\u00a0\u00a0<\/p>\n\n\n\n<p style=\"font-size:0.8em\">Assine nossa <a href=\"http:\/\/ayadvogados.com.br\/contato\/\">Newsletter<\/a> e fique por dentro das novidades!\u00a0\u00a0\u00a0<\/p>\n\n\n\n<p style=\"font-size:0.8em\">Quer receber seu exemplar da revista Governan\u00e7a Jur\u00eddica? <a href=\"http:\/\/ayadvogados.com.br\/revista\/\" data-type=\"page\" data-id=\"68\">Clique\u00a0aqui\u00a0e pe\u00e7a a sua<\/a>.\u00a0\u00a0\u00a0<\/p>\n\n\n\n<p style=\"font-size:0.8em\">Nos acompanhe nas redes sociais:\u00a0<a href=\"https:\/\/www.facebook.com\/AYadvogados\">Facebook<\/a>\u00a0|\u00a0<a href=\"https:\/\/www.instagram.com\/ayadvogados\/\">Instagram<\/a>\u00a0|\u00a0<a href=\"https:\/\/www.linkedin.com\/company\/amaral-yazbek-advogados\">Linkedin<\/a>\u00a0<\/p>\n\n\n\n<p style=\"font-size:0.8em\">J\u00e1 conhece o canal Direito da Intelig\u00eancia de Neg\u00f3cios?\u00a0<a href=\"https:\/\/www.youtube.com\/channel\/UCu2Mpu32ht8DEN8OFRXYMyw\">Inscreva-se j\u00e1<\/a><\/p>\n<\/div>\n","protected":false},"excerpt":{"rendered":"<p>Altera\u00e7\u00f5es na reforma tribut\u00e1ria e impactos por mudan\u00e7as no ITCMD A cobran\u00e7a do Imposto sobre Transmiss\u00e3o Causa Mortis e Doa\u00e7\u00e3o (ITCMD) deve ter mudan\u00e7as significativas a partir da Reforma Tribut\u00e1ria, e isso afeta diretamente doa\u00e7\u00f5es e heran\u00e7as em todo o pa\u00eds. Nesse contexto, \u00e9 crucial entender as implica\u00e7\u00f5es dessas altera\u00e7\u00f5es. Neste texto, vamos pontuar o [&hellip;]<\/p>\n","protected":false},"author":3,"featured_media":3510,"comment_status":"open","ping_status":"open","sticky":false,"template":"","format":"standard","meta":{"footnotes":""},"categories":[5],"tags":[9,10,123,124,45,96],"class_list":["post-3508","post","type-post","status-publish","format-standard","has-post-thumbnail","hentry","category-dincast","tag-amaral-yazbek","tag-dincast","tag-dividas","tag-nova-forma-de-regularizar","tag-receita-federal","tag-reforma-tributaria"],"blocksy_meta":{"styles_descriptor":{"styles":{"desktop":"","tablet":"","mobile":""},"google_fonts":[],"version":6}},"yoast_head":"<!-- This site is optimized with the Yoast SEO plugin v27.5 - https:\/\/yoast.com\/product\/yoast-seo-wordpress\/ -->\n<title>Altera\u00e7\u00f5es na reforma tribut\u00e1ria e impactos por mudan\u00e7as no ITCMD<\/title>\n<meta name=\"description\" content=\"Altera\u00e7\u00f5es na reforma tribut\u00e1ria e impactos por mudan\u00e7as no ITCMD. A cobran\u00e7a do Imposto deve ter mudan\u00e7as significativas a partir da Reforma.\" \/>\n<meta name=\"robots\" content=\"index, follow, max-snippet:-1, max-image-preview:large, max-video-preview:-1\" \/>\n<link rel=\"canonical\" href=\"https:\/\/www.ayadvogados.com.br\/?p=3508\" \/>\n<meta property=\"og:locale\" content=\"pt_BR\" \/>\n<meta property=\"og:type\" content=\"article\" \/>\n<meta property=\"og:title\" content=\"Altera\u00e7\u00f5es na reforma tribut\u00e1ria e impactos por mudan\u00e7as no ITCMD\" \/>\n<meta property=\"og:description\" content=\"Altera\u00e7\u00f5es na reforma tribut\u00e1ria e impactos por mudan\u00e7as no ITCMD. A cobran\u00e7a do Imposto deve ter mudan\u00e7as significativas a partir da Reforma.\" \/>\n<meta property=\"og:url\" content=\"https:\/\/www.ayadvogados.com.br\/?p=3508\" \/>\n<meta property=\"og:site_name\" content=\"Amaral, Yazbek Advogados\" \/>\n<meta property=\"article:publisher\" content=\"https:\/\/www.facebook.com\/AYadvogados\" \/>\n<meta property=\"article:published_time\" content=\"2024-10-01T16:09:10+00:00\" \/>\n<meta property=\"article:modified_time\" content=\"2024-10-01T16:42:36+00:00\" \/>\n<meta property=\"og:image\" content=\"https:\/\/www.ayadvogados.com.br\/wp-content\/uploads\/2024\/10\/Retrospecto-1609-a-2409-6.png\" \/>\n\t<meta property=\"og:image:width\" content=\"1920\" \/>\n\t<meta property=\"og:image:height\" content=\"1080\" \/>\n\t<meta property=\"og:image:type\" content=\"image\/png\" \/>\n<meta name=\"author\" content=\"Infra\" \/>\n<meta name=\"twitter:card\" content=\"summary_large_image\" \/>\n<meta name=\"twitter:label1\" content=\"Escrito por\" \/>\n\t<meta name=\"twitter:data1\" content=\"Infra\" \/>\n\t<meta name=\"twitter:label2\" content=\"Est. tempo de leitura\" \/>\n\t<meta name=\"twitter:data2\" content=\"5 minutos\" \/>\n<script type=\"application\/ld+json\" class=\"yoast-schema-graph\">{\"@context\":\"https:\\\/\\\/schema.org\",\"@graph\":[{\"@type\":\"Article\",\"@id\":\"https:\\\/\\\/www.ayadvogados.com.br\\\/?p=3508#article\",\"isPartOf\":{\"@id\":\"https:\\\/\\\/www.ayadvogados.com.br\\\/?p=3508\"},\"author\":{\"name\":\"Infra\",\"@id\":\"https:\\\/\\\/34.239.117.254\\\/#\\\/schema\\\/person\\\/6b9165a58758b048b8ea5a4fbd4ec3c4\"},\"headline\":\"Altera\u00e7\u00f5es na reforma tribut\u00e1ria e impactos por mudan\u00e7as no ITCMD\",\"datePublished\":\"2024-10-01T16:09:10+00:00\",\"dateModified\":\"2024-10-01T16:42:36+00:00\",\"mainEntityOfPage\":{\"@id\":\"https:\\\/\\\/www.ayadvogados.com.br\\\/?p=3508\"},\"wordCount\":1024,\"commentCount\":0,\"publisher\":{\"@id\":\"https:\\\/\\\/34.239.117.254\\\/#organization\"},\"image\":{\"@id\":\"https:\\\/\\\/www.ayadvogados.com.br\\\/?p=3508#primaryimage\"},\"thumbnailUrl\":\"https:\\\/\\\/www.ayadvogados.com.br\\\/wp-content\\\/uploads\\\/2024\\\/10\\\/Retrospecto-1609-a-2409-6.png\",\"keywords\":[\"amaral yazbek\",\"dincast\",\"dividas\",\"nova forma de regularizar\",\"receita federal\",\"Reforma Tribut\u00e1ria\"],\"articleSection\":[\"DINCast\"],\"inLanguage\":\"pt-BR\",\"potentialAction\":[{\"@type\":\"CommentAction\",\"name\":\"Comment\",\"target\":[\"https:\\\/\\\/www.ayadvogados.com.br\\\/?p=3508#respond\"]}]},{\"@type\":\"WebPage\",\"@id\":\"https:\\\/\\\/www.ayadvogados.com.br\\\/?p=3508\",\"url\":\"https:\\\/\\\/www.ayadvogados.com.br\\\/?p=3508\",\"name\":\"Altera\u00e7\u00f5es na reforma tribut\u00e1ria e impactos por mudan\u00e7as no ITCMD\",\"isPartOf\":{\"@id\":\"https:\\\/\\\/34.239.117.254\\\/#website\"},\"primaryImageOfPage\":{\"@id\":\"https:\\\/\\\/www.ayadvogados.com.br\\\/?p=3508#primaryimage\"},\"image\":{\"@id\":\"https:\\\/\\\/www.ayadvogados.com.br\\\/?p=3508#primaryimage\"},\"thumbnailUrl\":\"https:\\\/\\\/www.ayadvogados.com.br\\\/wp-content\\\/uploads\\\/2024\\\/10\\\/Retrospecto-1609-a-2409-6.png\",\"datePublished\":\"2024-10-01T16:09:10+00:00\",\"dateModified\":\"2024-10-01T16:42:36+00:00\",\"description\":\"Altera\u00e7\u00f5es na reforma tribut\u00e1ria e impactos por mudan\u00e7as no ITCMD. A cobran\u00e7a do Imposto deve ter mudan\u00e7as significativas a partir da Reforma.\",\"breadcrumb\":{\"@id\":\"https:\\\/\\\/www.ayadvogados.com.br\\\/?p=3508#breadcrumb\"},\"inLanguage\":\"pt-BR\",\"potentialAction\":[{\"@type\":\"ReadAction\",\"target\":[\"https:\\\/\\\/www.ayadvogados.com.br\\\/?p=3508\"]}]},{\"@type\":\"ImageObject\",\"inLanguage\":\"pt-BR\",\"@id\":\"https:\\\/\\\/www.ayadvogados.com.br\\\/?p=3508#primaryimage\",\"url\":\"https:\\\/\\\/www.ayadvogados.com.br\\\/wp-content\\\/uploads\\\/2024\\\/10\\\/Retrospecto-1609-a-2409-6.png\",\"contentUrl\":\"https:\\\/\\\/www.ayadvogados.com.br\\\/wp-content\\\/uploads\\\/2024\\\/10\\\/Retrospecto-1609-a-2409-6.png\",\"width\":1920,\"height\":1080,\"caption\":\"Altera\u00e7\u00f5es na reforma tribut\u00e1ria e impactos por mudan\u00e7as no ITCMD\"},{\"@type\":\"BreadcrumbList\",\"@id\":\"https:\\\/\\\/www.ayadvogados.com.br\\\/?p=3508#breadcrumb\",\"itemListElement\":[{\"@type\":\"ListItem\",\"position\":1,\"name\":\"In\u00edcio\",\"item\":\"https:\\\/\\\/34.239.117.254\\\/\"},{\"@type\":\"ListItem\",\"position\":2,\"name\":\"Altera\u00e7\u00f5es na reforma tribut\u00e1ria e impactos por mudan\u00e7as no ITCMD\"}]},{\"@type\":\"WebSite\",\"@id\":\"https:\\\/\\\/34.239.117.254\\\/#website\",\"url\":\"https:\\\/\\\/34.239.117.254\\\/\",\"name\":\"Amaral, Yazbek Advogados\",\"description\":\"Curitiba \u2022 Bras\u00edlia \u2022 S\u00e3o Paulo\",\"publisher\":{\"@id\":\"https:\\\/\\\/34.239.117.254\\\/#organization\"},\"potentialAction\":[{\"@type\":\"SearchAction\",\"target\":{\"@type\":\"EntryPoint\",\"urlTemplate\":\"https:\\\/\\\/34.239.117.254\\\/?s={search_term_string}\"},\"query-input\":{\"@type\":\"PropertyValueSpecification\",\"valueRequired\":true,\"valueName\":\"search_term_string\"}}],\"inLanguage\":\"pt-BR\"},{\"@type\":\"Organization\",\"@id\":\"https:\\\/\\\/34.239.117.254\\\/#organization\",\"name\":\"Amaral, Yazbek Advogados\",\"url\":\"https:\\\/\\\/34.239.117.254\\\/\",\"logo\":{\"@type\":\"ImageObject\",\"inLanguage\":\"pt-BR\",\"@id\":\"https:\\\/\\\/34.239.117.254\\\/#\\\/schema\\\/logo\\\/image\\\/\",\"url\":\"http:\\\/\\\/34.239.117.254\\\/wp-content\\\/uploads\\\/2021\\\/03\\\/logo-ay-g.png\",\"contentUrl\":\"http:\\\/\\\/34.239.117.254\\\/wp-content\\\/uploads\\\/2021\\\/03\\\/logo-ay-g.png\",\"width\":434,\"height\":106,\"caption\":\"Amaral, Yazbek Advogados\"},\"image\":{\"@id\":\"https:\\\/\\\/34.239.117.254\\\/#\\\/schema\\\/logo\\\/image\\\/\"},\"sameAs\":[\"https:\\\/\\\/www.facebook.com\\\/AYadvogados\",\"https:\\\/\\\/www.instagram.com\\\/ayadvogados\\\/\"]},{\"@type\":\"Person\",\"@id\":\"https:\\\/\\\/34.239.117.254\\\/#\\\/schema\\\/person\\\/6b9165a58758b048b8ea5a4fbd4ec3c4\",\"name\":\"Infra\",\"image\":{\"@type\":\"ImageObject\",\"inLanguage\":\"pt-BR\",\"@id\":\"https:\\\/\\\/secure.gravatar.com\\\/avatar\\\/60bf67293e186b9c834e31753dcc586dfcedb661d13b6b9ba29ac991ccafc035?s=96&d=mm&r=g\",\"url\":\"https:\\\/\\\/secure.gravatar.com\\\/avatar\\\/60bf67293e186b9c834e31753dcc586dfcedb661d13b6b9ba29ac991ccafc035?s=96&d=mm&r=g\",\"contentUrl\":\"https:\\\/\\\/secure.gravatar.com\\\/avatar\\\/60bf67293e186b9c834e31753dcc586dfcedb661d13b6b9ba29ac991ccafc035?s=96&d=mm&r=g\",\"caption\":\"Infra\"},\"url\":\"https:\\\/\\\/www.ayadvogados.com.br\\\/?author=3\"}]}<\/script>\n<!-- \/ Yoast SEO plugin. -->","yoast_head_json":{"title":"Altera\u00e7\u00f5es na reforma tribut\u00e1ria e impactos por mudan\u00e7as no ITCMD","description":"Altera\u00e7\u00f5es na reforma tribut\u00e1ria e impactos por mudan\u00e7as no ITCMD. A cobran\u00e7a do Imposto deve ter mudan\u00e7as significativas a partir da Reforma.","robots":{"index":"index","follow":"follow","max-snippet":"max-snippet:-1","max-image-preview":"max-image-preview:large","max-video-preview":"max-video-preview:-1"},"canonical":"https:\/\/www.ayadvogados.com.br\/?p=3508","og_locale":"pt_BR","og_type":"article","og_title":"Altera\u00e7\u00f5es na reforma tribut\u00e1ria e impactos por mudan\u00e7as no ITCMD","og_description":"Altera\u00e7\u00f5es na reforma tribut\u00e1ria e impactos por mudan\u00e7as no ITCMD. A cobran\u00e7a do Imposto deve ter mudan\u00e7as significativas a partir da Reforma.","og_url":"https:\/\/www.ayadvogados.com.br\/?p=3508","og_site_name":"Amaral, Yazbek Advogados","article_publisher":"https:\/\/www.facebook.com\/AYadvogados","article_published_time":"2024-10-01T16:09:10+00:00","article_modified_time":"2024-10-01T16:42:36+00:00","og_image":[{"width":1920,"height":1080,"url":"https:\/\/www.ayadvogados.com.br\/wp-content\/uploads\/2024\/10\/Retrospecto-1609-a-2409-6.png","type":"image\/png"}],"author":"Infra","twitter_card":"summary_large_image","twitter_misc":{"Escrito por":"Infra","Est. tempo de leitura":"5 minutos"},"schema":{"@context":"https:\/\/schema.org","@graph":[{"@type":"Article","@id":"https:\/\/www.ayadvogados.com.br\/?p=3508#article","isPartOf":{"@id":"https:\/\/www.ayadvogados.com.br\/?p=3508"},"author":{"name":"Infra","@id":"https:\/\/34.239.117.254\/#\/schema\/person\/6b9165a58758b048b8ea5a4fbd4ec3c4"},"headline":"Altera\u00e7\u00f5es na reforma tribut\u00e1ria e impactos por mudan\u00e7as no ITCMD","datePublished":"2024-10-01T16:09:10+00:00","dateModified":"2024-10-01T16:42:36+00:00","mainEntityOfPage":{"@id":"https:\/\/www.ayadvogados.com.br\/?p=3508"},"wordCount":1024,"commentCount":0,"publisher":{"@id":"https:\/\/34.239.117.254\/#organization"},"image":{"@id":"https:\/\/www.ayadvogados.com.br\/?p=3508#primaryimage"},"thumbnailUrl":"https:\/\/www.ayadvogados.com.br\/wp-content\/uploads\/2024\/10\/Retrospecto-1609-a-2409-6.png","keywords":["amaral yazbek","dincast","dividas","nova forma de regularizar","receita federal","Reforma Tribut\u00e1ria"],"articleSection":["DINCast"],"inLanguage":"pt-BR","potentialAction":[{"@type":"CommentAction","name":"Comment","target":["https:\/\/www.ayadvogados.com.br\/?p=3508#respond"]}]},{"@type":"WebPage","@id":"https:\/\/www.ayadvogados.com.br\/?p=3508","url":"https:\/\/www.ayadvogados.com.br\/?p=3508","name":"Altera\u00e7\u00f5es na reforma tribut\u00e1ria e impactos por mudan\u00e7as no ITCMD","isPartOf":{"@id":"https:\/\/34.239.117.254\/#website"},"primaryImageOfPage":{"@id":"https:\/\/www.ayadvogados.com.br\/?p=3508#primaryimage"},"image":{"@id":"https:\/\/www.ayadvogados.com.br\/?p=3508#primaryimage"},"thumbnailUrl":"https:\/\/www.ayadvogados.com.br\/wp-content\/uploads\/2024\/10\/Retrospecto-1609-a-2409-6.png","datePublished":"2024-10-01T16:09:10+00:00","dateModified":"2024-10-01T16:42:36+00:00","description":"Altera\u00e7\u00f5es na reforma tribut\u00e1ria e impactos por mudan\u00e7as no ITCMD. A cobran\u00e7a do Imposto deve ter mudan\u00e7as significativas a partir da Reforma.","breadcrumb":{"@id":"https:\/\/www.ayadvogados.com.br\/?p=3508#breadcrumb"},"inLanguage":"pt-BR","potentialAction":[{"@type":"ReadAction","target":["https:\/\/www.ayadvogados.com.br\/?p=3508"]}]},{"@type":"ImageObject","inLanguage":"pt-BR","@id":"https:\/\/www.ayadvogados.com.br\/?p=3508#primaryimage","url":"https:\/\/www.ayadvogados.com.br\/wp-content\/uploads\/2024\/10\/Retrospecto-1609-a-2409-6.png","contentUrl":"https:\/\/www.ayadvogados.com.br\/wp-content\/uploads\/2024\/10\/Retrospecto-1609-a-2409-6.png","width":1920,"height":1080,"caption":"Altera\u00e7\u00f5es na reforma tribut\u00e1ria e impactos por mudan\u00e7as no ITCMD"},{"@type":"BreadcrumbList","@id":"https:\/\/www.ayadvogados.com.br\/?p=3508#breadcrumb","itemListElement":[{"@type":"ListItem","position":1,"name":"In\u00edcio","item":"https:\/\/34.239.117.254\/"},{"@type":"ListItem","position":2,"name":"Altera\u00e7\u00f5es na reforma tribut\u00e1ria e impactos por mudan\u00e7as no ITCMD"}]},{"@type":"WebSite","@id":"https:\/\/34.239.117.254\/#website","url":"https:\/\/34.239.117.254\/","name":"Amaral, Yazbek Advogados","description":"Curitiba \u2022 Bras\u00edlia \u2022 S\u00e3o Paulo","publisher":{"@id":"https:\/\/34.239.117.254\/#organization"},"potentialAction":[{"@type":"SearchAction","target":{"@type":"EntryPoint","urlTemplate":"https:\/\/34.239.117.254\/?s={search_term_string}"},"query-input":{"@type":"PropertyValueSpecification","valueRequired":true,"valueName":"search_term_string"}}],"inLanguage":"pt-BR"},{"@type":"Organization","@id":"https:\/\/34.239.117.254\/#organization","name":"Amaral, Yazbek Advogados","url":"https:\/\/34.239.117.254\/","logo":{"@type":"ImageObject","inLanguage":"pt-BR","@id":"https:\/\/34.239.117.254\/#\/schema\/logo\/image\/","url":"http:\/\/34.239.117.254\/wp-content\/uploads\/2021\/03\/logo-ay-g.png","contentUrl":"http:\/\/34.239.117.254\/wp-content\/uploads\/2021\/03\/logo-ay-g.png","width":434,"height":106,"caption":"Amaral, Yazbek Advogados"},"image":{"@id":"https:\/\/34.239.117.254\/#\/schema\/logo\/image\/"},"sameAs":["https:\/\/www.facebook.com\/AYadvogados","https:\/\/www.instagram.com\/ayadvogados\/"]},{"@type":"Person","@id":"https:\/\/34.239.117.254\/#\/schema\/person\/6b9165a58758b048b8ea5a4fbd4ec3c4","name":"Infra","image":{"@type":"ImageObject","inLanguage":"pt-BR","@id":"https:\/\/secure.gravatar.com\/avatar\/60bf67293e186b9c834e31753dcc586dfcedb661d13b6b9ba29ac991ccafc035?s=96&d=mm&r=g","url":"https:\/\/secure.gravatar.com\/avatar\/60bf67293e186b9c834e31753dcc586dfcedb661d13b6b9ba29ac991ccafc035?s=96&d=mm&r=g","contentUrl":"https:\/\/secure.gravatar.com\/avatar\/60bf67293e186b9c834e31753dcc586dfcedb661d13b6b9ba29ac991ccafc035?s=96&d=mm&r=g","caption":"Infra"},"url":"https:\/\/www.ayadvogados.com.br\/?author=3"}]}},"rttpg_featured_image_url":{"full":["https:\/\/www.ayadvogados.com.br\/wp-content\/uploads\/2024\/10\/Retrospecto-1609-a-2409-6.png",1920,1080,false],"landscape":["https:\/\/www.ayadvogados.com.br\/wp-content\/uploads\/2024\/10\/Retrospecto-1609-a-2409-6.png",1920,1080,false],"portraits":["https:\/\/www.ayadvogados.com.br\/wp-content\/uploads\/2024\/10\/Retrospecto-1609-a-2409-6.png",1920,1080,false],"thumbnail":["https:\/\/www.ayadvogados.com.br\/wp-content\/uploads\/2024\/10\/Retrospecto-1609-a-2409-6-150x150.png",150,150,true],"medium":["https:\/\/www.ayadvogados.com.br\/wp-content\/uploads\/2024\/10\/Retrospecto-1609-a-2409-6-300x169.png",300,169,true],"large":["https:\/\/www.ayadvogados.com.br\/wp-content\/uploads\/2024\/10\/Retrospecto-1609-a-2409-6-1024x576.png",1024,576,true],"1536x1536":["https:\/\/www.ayadvogados.com.br\/wp-content\/uploads\/2024\/10\/Retrospecto-1609-a-2409-6-1536x864.png",1536,864,true],"2048x2048":["https:\/\/www.ayadvogados.com.br\/wp-content\/uploads\/2024\/10\/Retrospecto-1609-a-2409-6.png",1920,1080,false]},"rttpg_author":{"display_name":"Infra","author_link":"https:\/\/www.ayadvogados.com.br\/?author=3"},"rttpg_comment":0,"rttpg_category":"<a href=\"https:\/\/www.ayadvogados.com.br\/?cat=5\" rel=\"category\">DINCast<\/a>","rttpg_excerpt":"Altera\u00e7\u00f5es na reforma tribut\u00e1ria e impactos por mudan\u00e7as no ITCMD A cobran\u00e7a do Imposto sobre Transmiss\u00e3o Causa Mortis e Doa\u00e7\u00e3o (ITCMD) deve ter mudan\u00e7as significativas a partir da Reforma Tribut\u00e1ria, e isso afeta diretamente doa\u00e7\u00f5es e heran\u00e7as em todo o pa\u00eds. Nesse contexto, \u00e9 crucial entender as implica\u00e7\u00f5es dessas altera\u00e7\u00f5es. Neste texto, vamos pontuar o&hellip;","_links":{"self":[{"href":"https:\/\/www.ayadvogados.com.br\/index.php?rest_route=\/wp\/v2\/posts\/3508","targetHints":{"allow":["GET"]}}],"collection":[{"href":"https:\/\/www.ayadvogados.com.br\/index.php?rest_route=\/wp\/v2\/posts"}],"about":[{"href":"https:\/\/www.ayadvogados.com.br\/index.php?rest_route=\/wp\/v2\/types\/post"}],"author":[{"embeddable":true,"href":"https:\/\/www.ayadvogados.com.br\/index.php?rest_route=\/wp\/v2\/users\/3"}],"replies":[{"embeddable":true,"href":"https:\/\/www.ayadvogados.com.br\/index.php?rest_route=%2Fwp%2Fv2%2Fcomments&post=3508"}],"version-history":[{"count":2,"href":"https:\/\/www.ayadvogados.com.br\/index.php?rest_route=\/wp\/v2\/posts\/3508\/revisions"}],"predecessor-version":[{"id":3511,"href":"https:\/\/www.ayadvogados.com.br\/index.php?rest_route=\/wp\/v2\/posts\/3508\/revisions\/3511"}],"wp:featuredmedia":[{"embeddable":true,"href":"https:\/\/www.ayadvogados.com.br\/index.php?rest_route=\/wp\/v2\/media\/3510"}],"wp:attachment":[{"href":"https:\/\/www.ayadvogados.com.br\/index.php?rest_route=%2Fwp%2Fv2%2Fmedia&parent=3508"}],"wp:term":[{"taxonomy":"category","embeddable":true,"href":"https:\/\/www.ayadvogados.com.br\/index.php?rest_route=%2Fwp%2Fv2%2Fcategories&post=3508"},{"taxonomy":"post_tag","embeddable":true,"href":"https:\/\/www.ayadvogados.com.br\/index.php?rest_route=%2Fwp%2Fv2%2Ftags&post=3508"}],"curies":[{"name":"wp","href":"https:\/\/api.w.org\/{rel}","templated":true}]}}