{"id":349,"date":"2021-03-10T13:46:00","date_gmt":"2021-03-10T16:46:00","guid":{"rendered":"http:\/\/34.239.117.254\/?p=349"},"modified":"2021-03-25T11:40:10","modified_gmt":"2021-03-25T14:40:10","slug":"pgfn-tenta-na-justica-barrar-pedidos-de-compensacao-cruzada-de-creditos","status":"publish","type":"post","link":"https:\/\/www.ayadvogados.com.br\/?p=349","title":{"rendered":"PGFN tenta na Justi\u00e7a barrar pedidos de compensa\u00e7\u00e3o cruzada de cr\u00e9ditos"},"content":{"rendered":"\n<p>A recente discuss\u00e3o judicial sobre a possibilidade de pagamento de d\u00e9bitos previdenci\u00e1rios com cr\u00e9ditos de tributos federais &#8211; especialmente os de PIS e Cofins gerados com a exclus\u00e3o do ICMS &#8211; chamou a aten\u00e7\u00e3o da Fazenda Nacional. Os procuradores em S\u00e3o Paulo (3\u00aa Regi\u00e3o) colocaram sob acompanhamento especial ao menos 54 processos de grandes empresas que buscam a chamada compensa\u00e7\u00e3o cruzada.<\/p>\n\n\n\n<p>A Lei n\u00ba 13.670, de 2018, viabilizou esse tipo de compensa\u00e7\u00e3o, mas apenas de cr\u00e9ditos e d\u00e9bitos apurados ap\u00f3s a vig\u00eancia do eSocial, sistema que permite ao Fisco acompanhar os pagamentos ao INSS em tempo real. Na pr\u00e1tica, segundo advogados, trata-se de uma desonera\u00e7\u00e3o indireta da folha de sal\u00e1rios, que ajuda as empresas a terem mais f\u00f4lego de caixa.<\/p>\n\n\n\n<p>A luz amarela acendeu na Procuradoria-Geral da Fazenda Nacional (PGFN) ap\u00f3s o Grupo SBF, dono da Centauro, conseguir a primeira liminar favor\u00e1vel. Depois dessa decis\u00e3o, os procuradores conseguiram barrar na Justi\u00e7a os pedidos do GPA (P\u00e3o de A\u00e7\u00facar), da Camil, da fabricante de tintas The Valspar e da Expresso de Prata. Mas ainda cabe recurso.<\/p>\n\n\n\n<p>O principal objetivo das grandes empresas, com os processos, \u00e9 dar vaz\u00e3o ao grande volume de cr\u00e9ditos obtidos com a exclus\u00e3o do ICMS do PIS e da Cofins. O GPA, nas suas demonstra\u00e7\u00f5es financeiras, relata ter R$ 1,6 bilh\u00e3o. A Camil, R$ 64,2 milh\u00f5es. E a Expresso de Prata cerca de R$ 10 milh\u00f5es.<\/p>\n\n\n\n<p>Na Justi\u00e7a, empresas e Fazenda Nacional divergem sobre quais cr\u00e9ditos s\u00e3o v\u00e1lidos na compensa\u00e7\u00e3o cruzada. Pela interpreta\u00e7\u00e3o dos procuradores, o fato gerador do cr\u00e9dito deve ser posterior \u00e0 ades\u00e3o do contribuinte ao eSocial. J\u00e1 os contribuintes alegam que a data da decis\u00e3o judicial final (tr\u00e2nsito em julgado) que reconhece o direito deve ser subsequente \u00e0 entrada no sistema, o que estende o prazo para uso dos valores.<\/p>\n\n\n\n<p>A liminar que beneficia a Centauro foi obtida na 2\u00aa Vara C\u00edvel Federal de S\u00e3o Paulo (processo n\u00ba 5021593-13.2020.4.03.6100). O Grupo SBF, segundo prospecto ao mercado, tinha em 30 de setembro de 2020 R$ 420,99 milh\u00f5es em cr\u00e9ditos de PIS e Cofins com a exclus\u00e3o do ICMS.<\/p>\n\n\n\n<p>No caso da Centauro, a Justi\u00e7a acatou o argumento de que vale o momento em que a empresa obteve a decis\u00e3o transitada em julgado. A Fazenda pediu a suspens\u00e3o dos efeitos da liminar. N\u00e3o conseguiu. Mas obteve efeito suspensivo no processo do GPA (processo n\u00ba 5001068-40.2021.4.03.0000). O grupo havia obtido senten\u00e7a favor\u00e1vel.<\/p>\n\n\n\n<p>Ao analisar a apela\u00e7\u00e3o no caso GPA, o desembargador Helio Egydio de Matos Nogueira concluiu: \u201cExtrai-se da leitura do dispositivo legal que h\u00e1 expressa veda\u00e7\u00e3o \u00e0 compensa\u00e7\u00e3o de d\u00e9bitos relativos a contribui\u00e7\u00f5es previdenci\u00e1rias e contribui\u00e7\u00f5es devidas a terceiros (artigos 2\u00ba e 3\u00ba da Lei n\u00ba 11.457\/07) relativo a per\u00edodo de apura\u00e7\u00e3o anterior \u00e0 utiliza\u00e7\u00e3o do eSocial para a apura\u00e7\u00e3o das referidas contribui\u00e7\u00f5es\u201d.<\/p>\n\n\n\n<p>Procurador da Divis\u00e3o de Acompanhamento Especial da 3\u00aa Regi\u00e3o, Marcio Crejonias afirma que, embora n\u00e3o haja determina\u00e7\u00e3o em lei sobre a partir de qual momento o cr\u00e9dito tribut\u00e1rio existe, \u201ca interpreta\u00e7\u00e3o consagrada na doutrina \u00e9 de que sua apura\u00e7\u00e3o ocorre a partir do pagamento indevido, que \u00e9 o fato gerador\u201d. Para ele, a decis\u00e3o judicial s\u00f3 reconhece um cr\u00e9dito preexistente.<\/p>\n\n\n\n<p>Crejonias considera a tese das empresas \u201cbastante fr\u00e1gil\u201d e at\u00e9 \u201cesdr\u00faxula\u201d. \u201cA compensa\u00e7\u00e3o \u00e9 um direito do contribuinte, mas existe esse corte temporal, da data da apura\u00e7\u00e3o do cr\u00e9dito. A n\u00e3o ser que uma nova lei revogue a veda\u00e7\u00e3o imposta pelo artigo 26-A da Lei 13.670\u201d, diz.<\/p>\n\n\n\n<p>Com o crescimento de mandados de seguran\u00e7a com pedido de liminar, a procuradoria vem fazendo uma esp\u00e9cie de trabalho preventivo. \u201cAssim que uma a\u00e7\u00e3o \u00e9 distribu\u00edda, antes de recebermos a cita\u00e7\u00e3o, j\u00e1 apresentamos defesa\u201d, afirma o procurador. \u201cApesar do contribuinte com liminar j\u00e1 poder usar o cr\u00e9dito, se ele perde a discuss\u00e3o de m\u00e9rito l\u00e1 na frente, ter\u00e1 que pagar o d\u00e9bito indevidamente compensado com juros e multa.\u201d<\/p>\n\n\n\n<p>Os tributaristas contestam a argumenta\u00e7\u00e3o da Fazenda. A advogada especialista em direito previdenci\u00e1rio Cristiane Matsumoto, s\u00f3cia do Pinheiro Neto Advogados, diz que a Lei \u00ba 13.670 n\u00e3o disp\u00f5e sobre o momento do fato gerador do cr\u00e9dito. \u201cUm cr\u00e9dito s\u00f3 pode ser habilitado pelo tr\u00e2nsito em julgado. Antes disso h\u00e1 uma expectativa de direito. O cr\u00e9dito n\u00e3o existe ainda\u201d, diz.<\/p>\n\n\n\n<p>A grande maioria dos cr\u00e9ditos de PIS e Cofins sem o ICMS da Expresso de Prata transitaram em julgado ap\u00f3s a ades\u00e3o ao eSocial, segundo Gilberto Andrade J\u00fanior, s\u00f3cio do AFM Sociedade de Advogados, que representa a empresa (processo n\u00ba 5004511-66.2020.4.03.6100).<\/p>\n\n\n\n<p>Edson Franciscato Mortari, tamb\u00e9m s\u00f3cio do escrit\u00f3rio, afirma que j\u00e1 foi apresentado agravo e a negativa ao pedido da empresa foi mantida. \u201cMas h\u00e1 expectativa de reviravolta na an\u00e1lise do m\u00e9rito\u201d, diz.<\/p>\n\n\n\n<p>\u201cAlegamos que, com base na Instru\u00e7\u00e3o Normativa da Receita Federal n\u00ba 1717, a empresa precisa primeiro credenciar o tr\u00e2nsito em julgado, para s\u00f3 depois habilitar o cr\u00e9dito e fazer a compensa\u00e7\u00e3o cruzada\u201d, acrescenta Gilberto Andrade J\u00fanior. Ele afirma que o setor de transporte rodovi\u00e1rio de passageiros foi afetado pela pandemia em mais de 70% do faturamento.<\/p>\n\n\n\n<p>Para o tributarista Fernando Westin Marcondes Pereira, do escrit\u00f3rio Ayres Ribeiro Advogados, a discuss\u00e3o pode ir parar no Supremo Tribunal Federal. Como a implementa\u00e7\u00e3o do eSocial aconteceu em fases, a depender do faturamento da empresa, explica, se a Fazenda permitir a compensa\u00e7\u00e3o cruzada a partir da data de cada fase, pode-se alegar viola\u00e7\u00e3o ao princ\u00edpio constitucional da isonomia.<\/p>\n\n\n\n<p>Do mesmo escrit\u00f3rio, Caio Malpighi diz que o objetivo final da procuradoria \u00e9 restringir ao m\u00e1ximo o uso de cr\u00e9ditos, \u201cna mesma linha da Receita Federal\u201d. Na semana passada, o \u00f3rg\u00e3o montou uma equipe para verificar os cr\u00e9ditos aos quais as empresas dizem ter direito.<\/p>\n\n\n\n<p>A Camil (processo n\u00ba 5018774-06.2020.4.03.6100) e a Sherwin Williams, que \u00e9 controladora da The Valspar (processo n\u00ba 5003058-91.<\/p>\n\n\n\n<p>2020.4.03.6114), n\u00e3o comentam processos em andamento. Por nota, o GPA diz que o mandado de seguran\u00e7a aguarda julgamento do m\u00e9rito em segunda inst\u00e2ncia. A Centauro preferiu n\u00e3o se manifestar.<\/p>\n\n\n\n<p>Fonte: <a href=\"https:\/\/valor.globo.com\/legislacao\/noticia\/2021\/03\/10\/pgfn-tenta-na-justica-barrar-pedidos-de-compensacao-cruzada-de-creditos.ghtml\">Valor<\/a><\/p>\n\n\n\n<p>A Amaral, Yazbek, OAB\/PR 762, possui 35 anos de experi\u00eancia auxiliando empresas a transformar a tributa\u00e7\u00e3o em lucro. Entre em contato com um dos s\u00f3cios para agendamento de reuni\u00e3o em caso de d\u00favidas.<\/p>\n\n\n\n<p>Contato: 41 3595-8300 ou pelo nosso WhatsApp 41 99567-5696<\/p>\n\n\n\n<p>Av. C\u00e2ndido Hartmann, 50 \u2013 Bigorrilho | Curitiba-PR<\/p>\n\n\n\n<p>Assine nossa Newsletter e fique por dentro das novidades!<\/p>\n\n\n\n<p>Quer receber seu exemplar da revista Governan\u00e7a Jur\u00eddica? Clique <a href=\"http:\/\/ayadvogados.com.br\/revista\">aqui<\/a>&nbsp;e pe\u00e7a a sua.<\/p>\n\n\n\n<p>Nos acompanhe nas redes sociais: <a href=\"https:\/\/www.facebook.com\/amaral.yazbek\">Facebook<\/a>&nbsp;| <a href=\"https:\/\/www.instagram.com\/amaral.yazbek\/\">Instagram<\/a> | <a href=\"https:\/\/www.linkedin.com\/company\/3357082\/admin\/\">Linkedin<\/a><\/p>\n\n\n\n<p>J\u00e1 conhece o canal Direito da Intelig\u00eancia de Neg\u00f3cios? <a href=\"https:\/\/www.youtube.com\/channel\/UCu2Mpu32ht8DEN8OFRXYMyw\">Inscreva-se j\u00e1<\/a><\/p>\n","protected":false},"excerpt":{"rendered":"<p>A recente discuss\u00e3o judicial sobre a possibilidade de pagamento de d\u00e9bitos previdenci\u00e1rios com cr\u00e9ditos de tributos federais &#8211; especialmente os de PIS e Cofins gerados com a exclus\u00e3o do ICMS &#8211; chamou a aten\u00e7\u00e3o da Fazenda Nacional. Os procuradores em S\u00e3o Paulo (3\u00aa Regi\u00e3o) colocaram sob acompanhamento especial ao menos 54 processos de grandes empresas [&hellip;]<\/p>\n","protected":false},"author":3,"featured_media":538,"comment_status":"open","ping_status":"open","sticky":false,"template":"","format":"standard","meta":{"footnotes":""},"categories":[1],"tags":[],"class_list":["post-349","post","type-post","status-publish","format-standard","has-post-thumbnail","hentry","category-noticia-do-dia"],"blocksy_meta":{"styles_descriptor":{"styles":{"desktop":"","tablet":"","mobile":""},"google_fonts":[],"version":6}},"yoast_head":"<!-- This site is optimized with the Yoast SEO plugin v27.5 - https:\/\/yoast.com\/product\/yoast-seo-wordpress\/ -->\n<title>PGFN tenta na Justi\u00e7a barrar pedidos de compensa\u00e7\u00e3o cruzada de cr\u00e9ditos - Amaral, Yazbek Advogados<\/title>\n<meta name=\"robots\" content=\"index, follow, max-snippet:-1, max-image-preview:large, max-video-preview:-1\" \/>\n<link rel=\"canonical\" href=\"https:\/\/www.34.239.117.254.sslip.io\/?p=349\" \/>\n<meta property=\"og:locale\" content=\"pt_BR\" \/>\n<meta property=\"og:type\" content=\"article\" \/>\n<meta property=\"og:title\" content=\"PGFN tenta na Justi\u00e7a barrar pedidos de compensa\u00e7\u00e3o cruzada de cr\u00e9ditos - Amaral, Yazbek Advogados\" \/>\n<meta property=\"og:description\" content=\"A recente discuss\u00e3o judicial sobre a possibilidade de pagamento de d\u00e9bitos previdenci\u00e1rios com cr\u00e9ditos de tributos federais &#8211; especialmente os de PIS e Cofins gerados com a exclus\u00e3o do ICMS &#8211; chamou a aten\u00e7\u00e3o da Fazenda Nacional. Os procuradores em S\u00e3o Paulo (3\u00aa Regi\u00e3o) colocaram sob acompanhamento especial ao menos 54 processos de grandes empresas [&hellip;]\" \/>\n<meta property=\"og:url\" content=\"https:\/\/www.34.239.117.254.sslip.io\/?p=349\" \/>\n<meta property=\"og:site_name\" content=\"Amaral, Yazbek Advogados\" \/>\n<meta property=\"article:publisher\" content=\"https:\/\/www.facebook.com\/AYadvogados\" \/>\n<meta property=\"article:published_time\" content=\"2021-03-10T16:46:00+00:00\" \/>\n<meta property=\"article:modified_time\" content=\"2021-03-25T14:40:10+00:00\" \/>\n<meta property=\"og:image\" content=\"https:\/\/www.34.239.117.254.sslip.io\/wp-content\/uploads\/2021\/03\/eb626eead19d49a18e2b7ca150370eec.png\" \/>\n\t<meta property=\"og:image:width\" content=\"1000\" \/>\n\t<meta property=\"og:image:height\" content=\"620\" \/>\n\t<meta property=\"og:image:type\" content=\"image\/png\" \/>\n<meta name=\"author\" content=\"Infra\" \/>\n<meta name=\"twitter:card\" content=\"summary_large_image\" \/>\n<meta name=\"twitter:label1\" content=\"Escrito por\" \/>\n\t<meta name=\"twitter:data1\" content=\"Infra\" \/>\n\t<meta name=\"twitter:label2\" content=\"Est. tempo de leitura\" \/>\n\t<meta name=\"twitter:data2\" content=\"6 minutos\" \/>\n<script type=\"application\/ld+json\" class=\"yoast-schema-graph\">{\"@context\":\"https:\\\/\\\/schema.org\",\"@graph\":[{\"@type\":\"Article\",\"@id\":\"https:\\\/\\\/www.34.239.117.254.sslip.io\\\/?p=349#article\",\"isPartOf\":{\"@id\":\"https:\\\/\\\/www.34.239.117.254.sslip.io\\\/?p=349\"},\"author\":{\"name\":\"Infra\",\"@id\":\"https:\\\/\\\/www.34.239.117.254.sslip.io\\\/#\\\/schema\\\/person\\\/6b9165a58758b048b8ea5a4fbd4ec3c4\"},\"headline\":\"PGFN tenta na Justi\u00e7a barrar pedidos de compensa\u00e7\u00e3o cruzada de cr\u00e9ditos\",\"datePublished\":\"2021-03-10T16:46:00+00:00\",\"dateModified\":\"2021-03-25T14:40:10+00:00\",\"mainEntityOfPage\":{\"@id\":\"https:\\\/\\\/www.34.239.117.254.sslip.io\\\/?p=349\"},\"wordCount\":1185,\"commentCount\":0,\"publisher\":{\"@id\":\"https:\\\/\\\/www.34.239.117.254.sslip.io\\\/#organization\"},\"image\":{\"@id\":\"https:\\\/\\\/www.34.239.117.254.sslip.io\\\/?p=349#primaryimage\"},\"thumbnailUrl\":\"https:\\\/\\\/www.ayadvogados.com.br\\\/wp-content\\\/uploads\\\/2021\\\/03\\\/eb626eead19d49a18e2b7ca150370eec.png\",\"articleSection\":[\"Not\u00edcia do Dia\"],\"inLanguage\":\"pt-BR\",\"potentialAction\":[{\"@type\":\"CommentAction\",\"name\":\"Comment\",\"target\":[\"https:\\\/\\\/www.34.239.117.254.sslip.io\\\/?p=349#respond\"]}]},{\"@type\":\"WebPage\",\"@id\":\"https:\\\/\\\/www.34.239.117.254.sslip.io\\\/?p=349\",\"url\":\"https:\\\/\\\/www.34.239.117.254.sslip.io\\\/?p=349\",\"name\":\"PGFN tenta na Justi\u00e7a barrar pedidos de compensa\u00e7\u00e3o cruzada de cr\u00e9ditos - Amaral, Yazbek Advogados\",\"isPartOf\":{\"@id\":\"https:\\\/\\\/www.34.239.117.254.sslip.io\\\/#website\"},\"primaryImageOfPage\":{\"@id\":\"https:\\\/\\\/www.34.239.117.254.sslip.io\\\/?p=349#primaryimage\"},\"image\":{\"@id\":\"https:\\\/\\\/www.34.239.117.254.sslip.io\\\/?p=349#primaryimage\"},\"thumbnailUrl\":\"https:\\\/\\\/www.ayadvogados.com.br\\\/wp-content\\\/uploads\\\/2021\\\/03\\\/eb626eead19d49a18e2b7ca150370eec.png\",\"datePublished\":\"2021-03-10T16:46:00+00:00\",\"dateModified\":\"2021-03-25T14:40:10+00:00\",\"breadcrumb\":{\"@id\":\"https:\\\/\\\/www.34.239.117.254.sslip.io\\\/?p=349#breadcrumb\"},\"inLanguage\":\"pt-BR\",\"potentialAction\":[{\"@type\":\"ReadAction\",\"target\":[\"https:\\\/\\\/www.34.239.117.254.sslip.io\\\/?p=349\"]}]},{\"@type\":\"ImageObject\",\"inLanguage\":\"pt-BR\",\"@id\":\"https:\\\/\\\/www.34.239.117.254.sslip.io\\\/?p=349#primaryimage\",\"url\":\"https:\\\/\\\/www.ayadvogados.com.br\\\/wp-content\\\/uploads\\\/2021\\\/03\\\/eb626eead19d49a18e2b7ca150370eec.png\",\"contentUrl\":\"https:\\\/\\\/www.ayadvogados.com.br\\\/wp-content\\\/uploads\\\/2021\\\/03\\\/eb626eead19d49a18e2b7ca150370eec.png\",\"width\":1000,\"height\":620},{\"@type\":\"BreadcrumbList\",\"@id\":\"https:\\\/\\\/www.34.239.117.254.sslip.io\\\/?p=349#breadcrumb\",\"itemListElement\":[{\"@type\":\"ListItem\",\"position\":1,\"name\":\"In\u00edcio\",\"item\":\"https:\\\/\\\/www.34.239.117.254.sslip.io\\\/\"},{\"@type\":\"ListItem\",\"position\":2,\"name\":\"PGFN tenta na Justi\u00e7a barrar pedidos de compensa\u00e7\u00e3o cruzada de cr\u00e9ditos\"}]},{\"@type\":\"WebSite\",\"@id\":\"https:\\\/\\\/www.34.239.117.254.sslip.io\\\/#website\",\"url\":\"https:\\\/\\\/www.34.239.117.254.sslip.io\\\/\",\"name\":\"Amaral, Yazbek Advogados\",\"description\":\"Curitiba \u2022 Bras\u00edlia \u2022 S\u00e3o Paulo\",\"publisher\":{\"@id\":\"https:\\\/\\\/www.34.239.117.254.sslip.io\\\/#organization\"},\"potentialAction\":[{\"@type\":\"SearchAction\",\"target\":{\"@type\":\"EntryPoint\",\"urlTemplate\":\"https:\\\/\\\/www.34.239.117.254.sslip.io\\\/?s={search_term_string}\"},\"query-input\":{\"@type\":\"PropertyValueSpecification\",\"valueRequired\":true,\"valueName\":\"search_term_string\"}}],\"inLanguage\":\"pt-BR\"},{\"@type\":\"Organization\",\"@id\":\"https:\\\/\\\/www.34.239.117.254.sslip.io\\\/#organization\",\"name\":\"Amaral, Yazbek Advogados\",\"url\":\"https:\\\/\\\/www.34.239.117.254.sslip.io\\\/\",\"logo\":{\"@type\":\"ImageObject\",\"inLanguage\":\"pt-BR\",\"@id\":\"https:\\\/\\\/www.34.239.117.254.sslip.io\\\/#\\\/schema\\\/logo\\\/image\\\/\",\"url\":\"http:\\\/\\\/34.239.117.254\\\/wp-content\\\/uploads\\\/2021\\\/03\\\/logo-ay-g.png\",\"contentUrl\":\"http:\\\/\\\/34.239.117.254\\\/wp-content\\\/uploads\\\/2021\\\/03\\\/logo-ay-g.png\",\"width\":434,\"height\":106,\"caption\":\"Amaral, Yazbek Advogados\"},\"image\":{\"@id\":\"https:\\\/\\\/www.34.239.117.254.sslip.io\\\/#\\\/schema\\\/logo\\\/image\\\/\"},\"sameAs\":[\"https:\\\/\\\/www.facebook.com\\\/AYadvogados\",\"https:\\\/\\\/www.instagram.com\\\/ayadvogados\\\/\"]},{\"@type\":\"Person\",\"@id\":\"https:\\\/\\\/www.34.239.117.254.sslip.io\\\/#\\\/schema\\\/person\\\/6b9165a58758b048b8ea5a4fbd4ec3c4\",\"name\":\"Infra\",\"image\":{\"@type\":\"ImageObject\",\"inLanguage\":\"pt-BR\",\"@id\":\"https:\\\/\\\/secure.gravatar.com\\\/avatar\\\/60bf67293e186b9c834e31753dcc586dfcedb661d13b6b9ba29ac991ccafc035?s=96&d=mm&r=g\",\"url\":\"https:\\\/\\\/secure.gravatar.com\\\/avatar\\\/60bf67293e186b9c834e31753dcc586dfcedb661d13b6b9ba29ac991ccafc035?s=96&d=mm&r=g\",\"contentUrl\":\"https:\\\/\\\/secure.gravatar.com\\\/avatar\\\/60bf67293e186b9c834e31753dcc586dfcedb661d13b6b9ba29ac991ccafc035?s=96&d=mm&r=g\",\"caption\":\"Infra\"},\"url\":\"https:\\\/\\\/www.ayadvogados.com.br\\\/?author=3\"}]}<\/script>\n<!-- \/ Yoast SEO plugin. -->","yoast_head_json":{"title":"PGFN tenta na Justi\u00e7a barrar pedidos de compensa\u00e7\u00e3o cruzada de cr\u00e9ditos - Amaral, Yazbek Advogados","robots":{"index":"index","follow":"follow","max-snippet":"max-snippet:-1","max-image-preview":"max-image-preview:large","max-video-preview":"max-video-preview:-1"},"canonical":"https:\/\/www.34.239.117.254.sslip.io\/?p=349","og_locale":"pt_BR","og_type":"article","og_title":"PGFN tenta na Justi\u00e7a barrar pedidos de compensa\u00e7\u00e3o cruzada de cr\u00e9ditos - Amaral, Yazbek Advogados","og_description":"A recente discuss\u00e3o judicial sobre a possibilidade de pagamento de d\u00e9bitos previdenci\u00e1rios com cr\u00e9ditos de tributos federais &#8211; especialmente os de PIS e Cofins gerados com a exclus\u00e3o do ICMS &#8211; chamou a aten\u00e7\u00e3o da Fazenda Nacional. Os procuradores em S\u00e3o Paulo (3\u00aa Regi\u00e3o) colocaram sob acompanhamento especial ao menos 54 processos de grandes empresas [&hellip;]","og_url":"https:\/\/www.34.239.117.254.sslip.io\/?p=349","og_site_name":"Amaral, Yazbek Advogados","article_publisher":"https:\/\/www.facebook.com\/AYadvogados","article_published_time":"2021-03-10T16:46:00+00:00","article_modified_time":"2021-03-25T14:40:10+00:00","og_image":[{"width":1000,"height":620,"url":"https:\/\/www.34.239.117.254.sslip.io\/wp-content\/uploads\/2021\/03\/eb626eead19d49a18e2b7ca150370eec.png","type":"image\/png"}],"author":"Infra","twitter_card":"summary_large_image","twitter_misc":{"Escrito por":"Infra","Est. tempo de leitura":"6 minutos"},"schema":{"@context":"https:\/\/schema.org","@graph":[{"@type":"Article","@id":"https:\/\/www.34.239.117.254.sslip.io\/?p=349#article","isPartOf":{"@id":"https:\/\/www.34.239.117.254.sslip.io\/?p=349"},"author":{"name":"Infra","@id":"https:\/\/www.34.239.117.254.sslip.io\/#\/schema\/person\/6b9165a58758b048b8ea5a4fbd4ec3c4"},"headline":"PGFN tenta na Justi\u00e7a barrar pedidos de compensa\u00e7\u00e3o cruzada de cr\u00e9ditos","datePublished":"2021-03-10T16:46:00+00:00","dateModified":"2021-03-25T14:40:10+00:00","mainEntityOfPage":{"@id":"https:\/\/www.34.239.117.254.sslip.io\/?p=349"},"wordCount":1185,"commentCount":0,"publisher":{"@id":"https:\/\/www.34.239.117.254.sslip.io\/#organization"},"image":{"@id":"https:\/\/www.34.239.117.254.sslip.io\/?p=349#primaryimage"},"thumbnailUrl":"https:\/\/www.ayadvogados.com.br\/wp-content\/uploads\/2021\/03\/eb626eead19d49a18e2b7ca150370eec.png","articleSection":["Not\u00edcia do Dia"],"inLanguage":"pt-BR","potentialAction":[{"@type":"CommentAction","name":"Comment","target":["https:\/\/www.34.239.117.254.sslip.io\/?p=349#respond"]}]},{"@type":"WebPage","@id":"https:\/\/www.34.239.117.254.sslip.io\/?p=349","url":"https:\/\/www.34.239.117.254.sslip.io\/?p=349","name":"PGFN tenta na Justi\u00e7a barrar pedidos de compensa\u00e7\u00e3o cruzada de cr\u00e9ditos - Amaral, Yazbek Advogados","isPartOf":{"@id":"https:\/\/www.34.239.117.254.sslip.io\/#website"},"primaryImageOfPage":{"@id":"https:\/\/www.34.239.117.254.sslip.io\/?p=349#primaryimage"},"image":{"@id":"https:\/\/www.34.239.117.254.sslip.io\/?p=349#primaryimage"},"thumbnailUrl":"https:\/\/www.ayadvogados.com.br\/wp-content\/uploads\/2021\/03\/eb626eead19d49a18e2b7ca150370eec.png","datePublished":"2021-03-10T16:46:00+00:00","dateModified":"2021-03-25T14:40:10+00:00","breadcrumb":{"@id":"https:\/\/www.34.239.117.254.sslip.io\/?p=349#breadcrumb"},"inLanguage":"pt-BR","potentialAction":[{"@type":"ReadAction","target":["https:\/\/www.34.239.117.254.sslip.io\/?p=349"]}]},{"@type":"ImageObject","inLanguage":"pt-BR","@id":"https:\/\/www.34.239.117.254.sslip.io\/?p=349#primaryimage","url":"https:\/\/www.ayadvogados.com.br\/wp-content\/uploads\/2021\/03\/eb626eead19d49a18e2b7ca150370eec.png","contentUrl":"https:\/\/www.ayadvogados.com.br\/wp-content\/uploads\/2021\/03\/eb626eead19d49a18e2b7ca150370eec.png","width":1000,"height":620},{"@type":"BreadcrumbList","@id":"https:\/\/www.34.239.117.254.sslip.io\/?p=349#breadcrumb","itemListElement":[{"@type":"ListItem","position":1,"name":"In\u00edcio","item":"https:\/\/www.34.239.117.254.sslip.io\/"},{"@type":"ListItem","position":2,"name":"PGFN tenta na Justi\u00e7a barrar pedidos de compensa\u00e7\u00e3o cruzada de cr\u00e9ditos"}]},{"@type":"WebSite","@id":"https:\/\/www.34.239.117.254.sslip.io\/#website","url":"https:\/\/www.34.239.117.254.sslip.io\/","name":"Amaral, Yazbek Advogados","description":"Curitiba \u2022 Bras\u00edlia \u2022 S\u00e3o Paulo","publisher":{"@id":"https:\/\/www.34.239.117.254.sslip.io\/#organization"},"potentialAction":[{"@type":"SearchAction","target":{"@type":"EntryPoint","urlTemplate":"https:\/\/www.34.239.117.254.sslip.io\/?s={search_term_string}"},"query-input":{"@type":"PropertyValueSpecification","valueRequired":true,"valueName":"search_term_string"}}],"inLanguage":"pt-BR"},{"@type":"Organization","@id":"https:\/\/www.34.239.117.254.sslip.io\/#organization","name":"Amaral, Yazbek Advogados","url":"https:\/\/www.34.239.117.254.sslip.io\/","logo":{"@type":"ImageObject","inLanguage":"pt-BR","@id":"https:\/\/www.34.239.117.254.sslip.io\/#\/schema\/logo\/image\/","url":"http:\/\/34.239.117.254\/wp-content\/uploads\/2021\/03\/logo-ay-g.png","contentUrl":"http:\/\/34.239.117.254\/wp-content\/uploads\/2021\/03\/logo-ay-g.png","width":434,"height":106,"caption":"Amaral, Yazbek Advogados"},"image":{"@id":"https:\/\/www.34.239.117.254.sslip.io\/#\/schema\/logo\/image\/"},"sameAs":["https:\/\/www.facebook.com\/AYadvogados","https:\/\/www.instagram.com\/ayadvogados\/"]},{"@type":"Person","@id":"https:\/\/www.34.239.117.254.sslip.io\/#\/schema\/person\/6b9165a58758b048b8ea5a4fbd4ec3c4","name":"Infra","image":{"@type":"ImageObject","inLanguage":"pt-BR","@id":"https:\/\/secure.gravatar.com\/avatar\/60bf67293e186b9c834e31753dcc586dfcedb661d13b6b9ba29ac991ccafc035?s=96&d=mm&r=g","url":"https:\/\/secure.gravatar.com\/avatar\/60bf67293e186b9c834e31753dcc586dfcedb661d13b6b9ba29ac991ccafc035?s=96&d=mm&r=g","contentUrl":"https:\/\/secure.gravatar.com\/avatar\/60bf67293e186b9c834e31753dcc586dfcedb661d13b6b9ba29ac991ccafc035?s=96&d=mm&r=g","caption":"Infra"},"url":"https:\/\/www.ayadvogados.com.br\/?author=3"}]}},"rttpg_featured_image_url":{"full":["https:\/\/www.ayadvogados.com.br\/wp-content\/uploads\/2021\/03\/eb626eead19d49a18e2b7ca150370eec.png",1000,620,false],"landscape":["https:\/\/www.ayadvogados.com.br\/wp-content\/uploads\/2021\/03\/eb626eead19d49a18e2b7ca150370eec.png",1000,620,false],"portraits":["https:\/\/www.ayadvogados.com.br\/wp-content\/uploads\/2021\/03\/eb626eead19d49a18e2b7ca150370eec.png",1000,620,false],"thumbnail":["https:\/\/www.ayadvogados.com.br\/wp-content\/uploads\/2021\/03\/eb626eead19d49a18e2b7ca150370eec-150x150.png",150,150,true],"medium":["https:\/\/www.ayadvogados.com.br\/wp-content\/uploads\/2021\/03\/eb626eead19d49a18e2b7ca150370eec-300x186.png",300,186,true],"large":["https:\/\/www.ayadvogados.com.br\/wp-content\/uploads\/2021\/03\/eb626eead19d49a18e2b7ca150370eec.png",1000,620,false],"1536x1536":["https:\/\/www.ayadvogados.com.br\/wp-content\/uploads\/2021\/03\/eb626eead19d49a18e2b7ca150370eec.png",1000,620,false],"2048x2048":["https:\/\/www.ayadvogados.com.br\/wp-content\/uploads\/2021\/03\/eb626eead19d49a18e2b7ca150370eec.png",1000,620,false]},"rttpg_author":{"display_name":"Infra","author_link":"https:\/\/www.ayadvogados.com.br\/?author=3"},"rttpg_comment":0,"rttpg_category":"<a href=\"https:\/\/www.ayadvogados.com.br\/?cat=1\" rel=\"category\">Not\u00edcia do Dia<\/a>","rttpg_excerpt":"A recente discuss\u00e3o judicial sobre a possibilidade de pagamento de d\u00e9bitos previdenci\u00e1rios com cr\u00e9ditos de tributos federais &#8211; especialmente os de PIS e Cofins gerados com a exclus\u00e3o do ICMS &#8211; chamou a aten\u00e7\u00e3o da Fazenda Nacional. Os procuradores em S\u00e3o Paulo (3\u00aa Regi\u00e3o) colocaram sob acompanhamento especial ao menos 54 processos de grandes empresas&hellip;","_links":{"self":[{"href":"https:\/\/www.ayadvogados.com.br\/index.php?rest_route=\/wp\/v2\/posts\/349","targetHints":{"allow":["GET"]}}],"collection":[{"href":"https:\/\/www.ayadvogados.com.br\/index.php?rest_route=\/wp\/v2\/posts"}],"about":[{"href":"https:\/\/www.ayadvogados.com.br\/index.php?rest_route=\/wp\/v2\/types\/post"}],"author":[{"embeddable":true,"href":"https:\/\/www.ayadvogados.com.br\/index.php?rest_route=\/wp\/v2\/users\/3"}],"replies":[{"embeddable":true,"href":"https:\/\/www.ayadvogados.com.br\/index.php?rest_route=%2Fwp%2Fv2%2Fcomments&post=349"}],"version-history":[{"count":1,"href":"https:\/\/www.ayadvogados.com.br\/index.php?rest_route=\/wp\/v2\/posts\/349\/revisions"}],"predecessor-version":[{"id":350,"href":"https:\/\/www.ayadvogados.com.br\/index.php?rest_route=\/wp\/v2\/posts\/349\/revisions\/350"}],"wp:featuredmedia":[{"embeddable":true,"href":"https:\/\/www.ayadvogados.com.br\/index.php?rest_route=\/wp\/v2\/media\/538"}],"wp:attachment":[{"href":"https:\/\/www.ayadvogados.com.br\/index.php?rest_route=%2Fwp%2Fv2%2Fmedia&parent=349"}],"wp:term":[{"taxonomy":"category","embeddable":true,"href":"https:\/\/www.ayadvogados.com.br\/index.php?rest_route=%2Fwp%2Fv2%2Fcategories&post=349"},{"taxonomy":"post_tag","embeddable":true,"href":"https:\/\/www.ayadvogados.com.br\/index.php?rest_route=%2Fwp%2Fv2%2Ftags&post=349"}],"curies":[{"name":"wp","href":"https:\/\/api.w.org\/{rel}","templated":true}]}}