{"id":347,"date":"2021-03-09T13:46:00","date_gmt":"2021-03-09T16:46:00","guid":{"rendered":"http:\/\/34.239.117.254\/?p=347"},"modified":"2021-03-25T11:41:06","modified_gmt":"2021-03-25T14:41:06","slug":"justica-federal-afasta-pis-e-cofins-sobre-valor-perdoado-de-divida","status":"publish","type":"post","link":"https:\/\/www.ayadvogados.com.br\/?p=347","title":{"rendered":"Justi\u00e7a Federal afasta PIS e Cofins sobre valor perdoado de d\u00edvida"},"content":{"rendered":"\n<p>Uma ind\u00fastria metal\u00fargica conseguiu na Justi\u00e7a afastar a cobran\u00e7a de PIS e Cofins sobre valor perdoado de d\u00edvida, negociado com um banco. A decis\u00e3o liminar \u00e9 a primeira que se tem not\u00edcia e foi proferida pela 6\u00aa Vara Federal de Campinas (SP).<\/p>\n\n\n\n<p>A tese chegou ao Judici\u00e1rio com a jurisprud\u00eancia desfavor\u00e1vel na esfera administrativa. Os poucos julgados sobre o tema adotam o entendimento da Fazenda Nacional de que os valores devem ser considerados receita e, portanto, tributados &#8211; al\u00edquota de 9,25% de PIS e Cofins.<\/p>\n\n\n\n<p>A discuss\u00e3o \u00e9 importante neste momento de pandemia e pode abrir caminho, segundo advogados, n\u00e3o s\u00f3 para descontos dados por bancos em financiamentos, mas tamb\u00e9m para negocia\u00e7\u00f5es entre empresas e at\u00e9 mesmo em recupera\u00e7\u00f5es judiciais.<\/p>\n\n\n\n<p>No caso, a ind\u00fastria metal\u00fargica, localizada em Hortol\u00e2ndia, interior de S\u00e3o Paulo, conseguiu um abatimento de cerca de R$ 640 mil em empr\u00e9stimo com o Banco Bradesco. E decidiu entrar na Justi\u00e7a com a tese, com a alega\u00e7\u00e3o de que esses valores perdoados n\u00e3o poderiam ser considerados receita, uma vez que n\u00e3o houve novo ingresso de dinheiro no caixa.<\/p>\n\n\n\n<p>De acordo com o advogado que assessora a metal\u00fargica, Eduardo Galv\u00e3o, do GBA Advogados Associados, \u201cainda que numa an\u00e1lise cont\u00e1bil se trate de um resultado escritural positivo, os valores obtidos com o perd\u00e3o n\u00e3o podem ser classificados como receita financeira, uma vez que n\u00e3o representa ingresso de novos valores originados de uma atividade operacional ou n\u00e3o operacional desenvolvida pela empresa\u201d.<\/p>\n\n\n\n<p>Se mantida, a decis\u00e3o da 6\u00aa Vara Federal de Campinas, acrescenta o advogado, pode representar uma economia de cerca de R$ 60 mil, um valor significativo para uma empresa de m\u00e9dio porte em crise financeira (processo n\u00ba 5002526-13.2021.4.03.6105).<\/p>\n\n\n\n<p>A tese ganhou for\u00e7a depois do julgamento do Supremo Tribunal Federal (STF), em 2017, que tratou da exclus\u00e3o do ICMS da base de c\u00e1lculo do PIS e da Cofins. Na ocasi\u00e3o, os ministros reafirmaram que existe diferen\u00e7a entre o conceito de faturamento e receita. Para eles, embora todo faturamento seja receita, nem toda receita \u00e9 faturamento (RE 574706).<\/p>\n\n\n\n<p>Mas desde 2013, com o julgamento em repercuss\u00e3o geral que afastou a incid\u00eancia do PIS e Cofins sobre valores auferidos em cess\u00e3o de cr\u00e9ditos acumulados de ICMS (RE 606107), advogados acham a discuss\u00e3o poss\u00edvel. Na ocasi\u00e3o, o STF definiu receita como ingresso financeiro que se integra no patrim\u00f4nio, na condi\u00e7\u00e3o de elemento novo e positivo.<\/p>\n\n\n\n<p>A Receita Federal, por\u00e9m, tem entendimento contr\u00e1rio ao contribuinte. Na Solu\u00e7\u00e3o de Consulta Cosit n\u00ba 176, de 2018, afirma que a remiss\u00e3o de d\u00edvida representaria uma receita operacional tribut\u00e1vel pelo PIS e a Cofins.<\/p>\n\n\n\n<p>Ao analisar o pedido de liminar da empresa, o juiz Haroldo Nader, da 6\u00aa Vara Federal de Campinas, entendeu, por\u00e9m, que \u201c \u00e9 cedi\u00e7o que o PIS e a Cofins se tratam de tributos que incidem sobre receita, n\u00e3o sobre resultado\/lucro. Ent\u00e3o, qualquer desconto obtido pelo contribuinte, ainda que negociado, n\u00e3o pode ser considerado receita financeira: trata-se daquilo que ele deixou de gastar, ou seja, um abatimento no custo de sua atividade, n\u00e3o tribut\u00e1vel exceto pelas exa\u00e7\u00f5es sobre o lucro\u201d.<\/p>\n\n\n\n<p>Ariana de Paula Andrade Amorim, do escrit\u00f3rio Briganti Advogados, afirma que a liminar \u00e9 a primeira que conhece e pode dar for\u00e7a para a discuss\u00e3o. Ela aguarda senten\u00e7a sobre discuss\u00e3o semelhante, que envolve perd\u00e3o de d\u00edvidas entre duas empresas. O caso est\u00e1 para ser julgado em Divin\u00f3polis, em Minas Gerais. Para ela, a discuss\u00e3o cresceu em volume depois do julgamento da exclus\u00e3o do ICMS do c\u00e1lculo do PIS e da Cofins.<\/p>\n\n\n\n<p>A advogada acrescenta que existem decis\u00f5es semelhantes para descontos obtidos em multas e juros de mora de d\u00edvida inclu\u00edda no Programa Especial de Regulariza\u00e7\u00e3o Tribut\u00e1ria (Pert). Em abril de 2018, por exemplo, a Cairu Ind\u00fastria de Bicicletas obteve na Justi\u00e7a Federal liminar que afasta a cobran\u00e7a de Imposto de Renda (IRPJ), CSLL, PIS e Cofins (processo n\u00ba 1000052-91.2018.4.01.4103).<\/p>\n\n\n\n<p>Na decis\u00e3o, o juiz federal Andr\u00e9 Dias Irigon, da Vara Federal C\u00edvel e Criminal de Vilhena (RO), cita a decis\u00e3o do Supremo que excluiu o ICMS da base de c\u00e1lculo do PIS e da Cofins e diz que, a partir do precedente, a remiss\u00e3o da d\u00edvida n\u00e3o poderia ser tratada como receita para fins de tributa\u00e7\u00e3o.<\/p>\n\n\n\n<p>J\u00e1 no Conselho Administrativo de Recursos Fiscais (Carf), os poucos julgados sobre o tema s\u00e3o desfavor\u00e1veis. Em um caso emblem\u00e1tico, a 3\u00aa Turma da C\u00e2mara Superior manteve autua\u00e7\u00e3o contra a Silvio Santos Participa\u00e7\u00f5es de cerca de R$ 900 milh\u00f5es, em valores atualizados (processo n\u00ba 16327.720855\/2014-11), que tratou de remiss\u00e3o de d\u00edvida.<\/p>\n\n\n\n<p>Para o advogado Leo Lopes, do FAS Advogados, a discuss\u00e3o ainda n\u00e3o ganhou corpo porque n\u00e3o h\u00e1 muitas autua\u00e7\u00f5es sobre o tema e nem sempre as companhias querem discutir antecipadamente o assunto no Judici\u00e1rio. A tese, afirma, abre caminho principalmente para as empresas em recupera\u00e7\u00e3o judicial, que conseguem obter \u00e0s vezes perd\u00e3o para mais da metade da d\u00edvida.<\/p>\n\n\n\n<p>Ele lembra que no projeto da nova Lei de Recupera\u00e7\u00e3o e Fal\u00eancias, sancionada em dezembro, havia a previs\u00e3o para que os valores perdoados n\u00e3o fossem tributados. Contudo, esse ponto foi vetado pela presid\u00eancia da Rep\u00fablica.&nbsp;<\/p>\n\n\n\n<p>Fonte: <a href=\"https:\/\/valor.globo.com\/legislacao\/noticia\/2021\/03\/09\/justica-federal-afasta-pis-e-cofins-sobre-valor-perdoado-de-divida.ghtml\">Valor<\/a><\/p>\n\n\n\n<p>A Amaral, Yazbek, OAB\/PR 762, possui 35 anos de experi\u00eancia auxiliando empresas a transformar a tributa\u00e7\u00e3o em lucro. Entre em contato com um dos s\u00f3cios para agendamento de reuni\u00e3o em caso de d\u00favidas.<\/p>\n\n\n\n<p>Contato: 41 3595-8300 ou pelo nosso WhatsApp 41 99567-5696<\/p>\n\n\n\n<p>Av. C\u00e2ndido Hartmann, 50 \u2013 Bigorrilho | Curitiba-PR<\/p>\n\n\n\n<p>Assine nossa Newsletter e fique por dentro das novidades!<\/p>\n\n\n\n<p>Quer receber seu exemplar da revista Governan\u00e7a Jur\u00eddica? Clique <a href=\"http:\/\/ayadvogados.com.br\/revista\">aqui<\/a>&nbsp;e pe\u00e7a a sua.<\/p>\n\n\n\n<p>Nos acompanhe nas redes sociais: <a href=\"https:\/\/www.facebook.com\/amaral.yazbek\">Facebook<\/a>&nbsp;| <a href=\"https:\/\/www.instagram.com\/amaral.yazbek\/\">Instagram<\/a> | <a href=\"https:\/\/www.linkedin.com\/company\/3357082\/admin\/\">Linkedin<\/a><\/p>\n\n\n\n<p>J\u00e1 conhece o canal Direito da Intelig\u00eancia de Neg\u00f3cios? <a href=\"https:\/\/www.youtube.com\/channel\/UCu2Mpu32ht8DEN8OFRXYMyw\">Inscreva-se j\u00e1<\/a><\/p>\n","protected":false},"excerpt":{"rendered":"<p>Uma ind\u00fastria metal\u00fargica conseguiu na Justi\u00e7a afastar a cobran\u00e7a de PIS e Cofins sobre valor perdoado de d\u00edvida, negociado com um banco. A decis\u00e3o liminar \u00e9 a primeira que se tem not\u00edcia e foi proferida pela 6\u00aa Vara Federal de Campinas (SP). A tese chegou ao Judici\u00e1rio com a jurisprud\u00eancia desfavor\u00e1vel na esfera administrativa. Os [&hellip;]<\/p>\n","protected":false},"author":3,"featured_media":539,"comment_status":"open","ping_status":"open","sticky":false,"template":"","format":"standard","meta":{"footnotes":""},"categories":[1],"tags":[],"class_list":["post-347","post","type-post","status-publish","format-standard","has-post-thumbnail","hentry","category-noticia-do-dia"],"blocksy_meta":{"styles_descriptor":{"styles":{"desktop":"","tablet":"","mobile":""},"google_fonts":[],"version":6}},"yoast_head":"<!-- This site is optimized with the Yoast SEO plugin v27.5 - https:\/\/yoast.com\/product\/yoast-seo-wordpress\/ -->\n<title>Justi\u00e7a Federal afasta PIS e Cofins sobre valor perdoado de d\u00edvida - Amaral, Yazbek Advogados<\/title>\n<meta name=\"robots\" content=\"index, follow, max-snippet:-1, max-image-preview:large, max-video-preview:-1\" \/>\n<link rel=\"canonical\" href=\"https:\/\/www.34.239.117.254.sslip.io\/?p=347\" \/>\n<meta property=\"og:locale\" content=\"pt_BR\" \/>\n<meta property=\"og:type\" content=\"article\" \/>\n<meta property=\"og:title\" content=\"Justi\u00e7a Federal afasta PIS e Cofins sobre valor perdoado de d\u00edvida - Amaral, Yazbek Advogados\" \/>\n<meta property=\"og:description\" content=\"Uma ind\u00fastria metal\u00fargica conseguiu na Justi\u00e7a afastar a cobran\u00e7a de PIS e Cofins sobre valor perdoado de d\u00edvida, negociado com um banco. A decis\u00e3o liminar \u00e9 a primeira que se tem not\u00edcia e foi proferida pela 6\u00aa Vara Federal de Campinas (SP). A tese chegou ao Judici\u00e1rio com a jurisprud\u00eancia desfavor\u00e1vel na esfera administrativa. Os [&hellip;]\" \/>\n<meta property=\"og:url\" content=\"https:\/\/www.34.239.117.254.sslip.io\/?p=347\" \/>\n<meta property=\"og:site_name\" content=\"Amaral, Yazbek Advogados\" \/>\n<meta property=\"article:publisher\" content=\"https:\/\/www.facebook.com\/AYadvogados\" \/>\n<meta property=\"article:published_time\" content=\"2021-03-09T16:46:00+00:00\" \/>\n<meta property=\"article:modified_time\" content=\"2021-03-25T14:41:06+00:00\" \/>\n<meta property=\"og:image\" content=\"https:\/\/www.34.239.117.254.sslip.io\/wp-content\/uploads\/2021\/03\/8b253f7c260049c982a018473f22d6a6.png\" \/>\n\t<meta property=\"og:image:width\" content=\"1000\" \/>\n\t<meta property=\"og:image:height\" content=\"620\" \/>\n\t<meta property=\"og:image:type\" content=\"image\/png\" \/>\n<meta name=\"author\" content=\"Infra\" \/>\n<meta name=\"twitter:card\" content=\"summary_large_image\" \/>\n<meta name=\"twitter:label1\" content=\"Escrito por\" \/>\n\t<meta name=\"twitter:data1\" content=\"Infra\" \/>\n\t<meta name=\"twitter:label2\" content=\"Est. tempo de leitura\" \/>\n\t<meta name=\"twitter:data2\" content=\"5 minutos\" \/>\n<script type=\"application\/ld+json\" class=\"yoast-schema-graph\">{\"@context\":\"https:\\\/\\\/schema.org\",\"@graph\":[{\"@type\":\"Article\",\"@id\":\"https:\\\/\\\/www.34.239.117.254.sslip.io\\\/?p=347#article\",\"isPartOf\":{\"@id\":\"https:\\\/\\\/www.34.239.117.254.sslip.io\\\/?p=347\"},\"author\":{\"name\":\"Infra\",\"@id\":\"https:\\\/\\\/www.34.239.117.254.sslip.io\\\/#\\\/schema\\\/person\\\/6b9165a58758b048b8ea5a4fbd4ec3c4\"},\"headline\":\"Justi\u00e7a Federal afasta PIS e Cofins sobre valor perdoado de d\u00edvida\",\"datePublished\":\"2021-03-09T16:46:00+00:00\",\"dateModified\":\"2021-03-25T14:41:06+00:00\",\"mainEntityOfPage\":{\"@id\":\"https:\\\/\\\/www.34.239.117.254.sslip.io\\\/?p=347\"},\"wordCount\":1041,\"commentCount\":0,\"publisher\":{\"@id\":\"https:\\\/\\\/www.34.239.117.254.sslip.io\\\/#organization\"},\"image\":{\"@id\":\"https:\\\/\\\/www.34.239.117.254.sslip.io\\\/?p=347#primaryimage\"},\"thumbnailUrl\":\"https:\\\/\\\/www.ayadvogados.com.br\\\/wp-content\\\/uploads\\\/2021\\\/03\\\/8b253f7c260049c982a018473f22d6a6.png\",\"articleSection\":[\"Not\u00edcia do Dia\"],\"inLanguage\":\"pt-BR\",\"potentialAction\":[{\"@type\":\"CommentAction\",\"name\":\"Comment\",\"target\":[\"https:\\\/\\\/www.34.239.117.254.sslip.io\\\/?p=347#respond\"]}]},{\"@type\":\"WebPage\",\"@id\":\"https:\\\/\\\/www.34.239.117.254.sslip.io\\\/?p=347\",\"url\":\"https:\\\/\\\/www.34.239.117.254.sslip.io\\\/?p=347\",\"name\":\"Justi\u00e7a Federal afasta PIS e Cofins sobre valor perdoado de d\u00edvida - Amaral, Yazbek Advogados\",\"isPartOf\":{\"@id\":\"https:\\\/\\\/www.34.239.117.254.sslip.io\\\/#website\"},\"primaryImageOfPage\":{\"@id\":\"https:\\\/\\\/www.34.239.117.254.sslip.io\\\/?p=347#primaryimage\"},\"image\":{\"@id\":\"https:\\\/\\\/www.34.239.117.254.sslip.io\\\/?p=347#primaryimage\"},\"thumbnailUrl\":\"https:\\\/\\\/www.ayadvogados.com.br\\\/wp-content\\\/uploads\\\/2021\\\/03\\\/8b253f7c260049c982a018473f22d6a6.png\",\"datePublished\":\"2021-03-09T16:46:00+00:00\",\"dateModified\":\"2021-03-25T14:41:06+00:00\",\"breadcrumb\":{\"@id\":\"https:\\\/\\\/www.34.239.117.254.sslip.io\\\/?p=347#breadcrumb\"},\"inLanguage\":\"pt-BR\",\"potentialAction\":[{\"@type\":\"ReadAction\",\"target\":[\"https:\\\/\\\/www.34.239.117.254.sslip.io\\\/?p=347\"]}]},{\"@type\":\"ImageObject\",\"inLanguage\":\"pt-BR\",\"@id\":\"https:\\\/\\\/www.34.239.117.254.sslip.io\\\/?p=347#primaryimage\",\"url\":\"https:\\\/\\\/www.ayadvogados.com.br\\\/wp-content\\\/uploads\\\/2021\\\/03\\\/8b253f7c260049c982a018473f22d6a6.png\",\"contentUrl\":\"https:\\\/\\\/www.ayadvogados.com.br\\\/wp-content\\\/uploads\\\/2021\\\/03\\\/8b253f7c260049c982a018473f22d6a6.png\",\"width\":1000,\"height\":620},{\"@type\":\"BreadcrumbList\",\"@id\":\"https:\\\/\\\/www.34.239.117.254.sslip.io\\\/?p=347#breadcrumb\",\"itemListElement\":[{\"@type\":\"ListItem\",\"position\":1,\"name\":\"In\u00edcio\",\"item\":\"https:\\\/\\\/www.34.239.117.254.sslip.io\\\/\"},{\"@type\":\"ListItem\",\"position\":2,\"name\":\"Justi\u00e7a Federal afasta PIS e Cofins sobre valor perdoado de d\u00edvida\"}]},{\"@type\":\"WebSite\",\"@id\":\"https:\\\/\\\/www.34.239.117.254.sslip.io\\\/#website\",\"url\":\"https:\\\/\\\/www.34.239.117.254.sslip.io\\\/\",\"name\":\"Amaral, Yazbek Advogados\",\"description\":\"Curitiba \u2022 Bras\u00edlia \u2022 S\u00e3o Paulo\",\"publisher\":{\"@id\":\"https:\\\/\\\/www.34.239.117.254.sslip.io\\\/#organization\"},\"potentialAction\":[{\"@type\":\"SearchAction\",\"target\":{\"@type\":\"EntryPoint\",\"urlTemplate\":\"https:\\\/\\\/www.34.239.117.254.sslip.io\\\/?s={search_term_string}\"},\"query-input\":{\"@type\":\"PropertyValueSpecification\",\"valueRequired\":true,\"valueName\":\"search_term_string\"}}],\"inLanguage\":\"pt-BR\"},{\"@type\":\"Organization\",\"@id\":\"https:\\\/\\\/www.34.239.117.254.sslip.io\\\/#organization\",\"name\":\"Amaral, Yazbek Advogados\",\"url\":\"https:\\\/\\\/www.34.239.117.254.sslip.io\\\/\",\"logo\":{\"@type\":\"ImageObject\",\"inLanguage\":\"pt-BR\",\"@id\":\"https:\\\/\\\/www.34.239.117.254.sslip.io\\\/#\\\/schema\\\/logo\\\/image\\\/\",\"url\":\"http:\\\/\\\/34.239.117.254\\\/wp-content\\\/uploads\\\/2021\\\/03\\\/logo-ay-g.png\",\"contentUrl\":\"http:\\\/\\\/34.239.117.254\\\/wp-content\\\/uploads\\\/2021\\\/03\\\/logo-ay-g.png\",\"width\":434,\"height\":106,\"caption\":\"Amaral, Yazbek Advogados\"},\"image\":{\"@id\":\"https:\\\/\\\/www.34.239.117.254.sslip.io\\\/#\\\/schema\\\/logo\\\/image\\\/\"},\"sameAs\":[\"https:\\\/\\\/www.facebook.com\\\/AYadvogados\",\"https:\\\/\\\/www.instagram.com\\\/ayadvogados\\\/\"]},{\"@type\":\"Person\",\"@id\":\"https:\\\/\\\/www.34.239.117.254.sslip.io\\\/#\\\/schema\\\/person\\\/6b9165a58758b048b8ea5a4fbd4ec3c4\",\"name\":\"Infra\",\"image\":{\"@type\":\"ImageObject\",\"inLanguage\":\"pt-BR\",\"@id\":\"https:\\\/\\\/secure.gravatar.com\\\/avatar\\\/60bf67293e186b9c834e31753dcc586dfcedb661d13b6b9ba29ac991ccafc035?s=96&d=mm&r=g\",\"url\":\"https:\\\/\\\/secure.gravatar.com\\\/avatar\\\/60bf67293e186b9c834e31753dcc586dfcedb661d13b6b9ba29ac991ccafc035?s=96&d=mm&r=g\",\"contentUrl\":\"https:\\\/\\\/secure.gravatar.com\\\/avatar\\\/60bf67293e186b9c834e31753dcc586dfcedb661d13b6b9ba29ac991ccafc035?s=96&d=mm&r=g\",\"caption\":\"Infra\"},\"url\":\"https:\\\/\\\/www.ayadvogados.com.br\\\/?author=3\"}]}<\/script>\n<!-- \/ Yoast SEO plugin. -->","yoast_head_json":{"title":"Justi\u00e7a Federal afasta PIS e Cofins sobre valor perdoado de d\u00edvida - Amaral, Yazbek Advogados","robots":{"index":"index","follow":"follow","max-snippet":"max-snippet:-1","max-image-preview":"max-image-preview:large","max-video-preview":"max-video-preview:-1"},"canonical":"https:\/\/www.34.239.117.254.sslip.io\/?p=347","og_locale":"pt_BR","og_type":"article","og_title":"Justi\u00e7a Federal afasta PIS e Cofins sobre valor perdoado de d\u00edvida - Amaral, Yazbek Advogados","og_description":"Uma ind\u00fastria metal\u00fargica conseguiu na Justi\u00e7a afastar a cobran\u00e7a de PIS e Cofins sobre valor perdoado de d\u00edvida, negociado com um banco. A decis\u00e3o liminar \u00e9 a primeira que se tem not\u00edcia e foi proferida pela 6\u00aa Vara Federal de Campinas (SP). A tese chegou ao Judici\u00e1rio com a jurisprud\u00eancia desfavor\u00e1vel na esfera administrativa. Os [&hellip;]","og_url":"https:\/\/www.34.239.117.254.sslip.io\/?p=347","og_site_name":"Amaral, Yazbek Advogados","article_publisher":"https:\/\/www.facebook.com\/AYadvogados","article_published_time":"2021-03-09T16:46:00+00:00","article_modified_time":"2021-03-25T14:41:06+00:00","og_image":[{"width":1000,"height":620,"url":"https:\/\/www.34.239.117.254.sslip.io\/wp-content\/uploads\/2021\/03\/8b253f7c260049c982a018473f22d6a6.png","type":"image\/png"}],"author":"Infra","twitter_card":"summary_large_image","twitter_misc":{"Escrito por":"Infra","Est. tempo de leitura":"5 minutos"},"schema":{"@context":"https:\/\/schema.org","@graph":[{"@type":"Article","@id":"https:\/\/www.34.239.117.254.sslip.io\/?p=347#article","isPartOf":{"@id":"https:\/\/www.34.239.117.254.sslip.io\/?p=347"},"author":{"name":"Infra","@id":"https:\/\/www.34.239.117.254.sslip.io\/#\/schema\/person\/6b9165a58758b048b8ea5a4fbd4ec3c4"},"headline":"Justi\u00e7a Federal afasta PIS e Cofins sobre valor perdoado de d\u00edvida","datePublished":"2021-03-09T16:46:00+00:00","dateModified":"2021-03-25T14:41:06+00:00","mainEntityOfPage":{"@id":"https:\/\/www.34.239.117.254.sslip.io\/?p=347"},"wordCount":1041,"commentCount":0,"publisher":{"@id":"https:\/\/www.34.239.117.254.sslip.io\/#organization"},"image":{"@id":"https:\/\/www.34.239.117.254.sslip.io\/?p=347#primaryimage"},"thumbnailUrl":"https:\/\/www.ayadvogados.com.br\/wp-content\/uploads\/2021\/03\/8b253f7c260049c982a018473f22d6a6.png","articleSection":["Not\u00edcia do Dia"],"inLanguage":"pt-BR","potentialAction":[{"@type":"CommentAction","name":"Comment","target":["https:\/\/www.34.239.117.254.sslip.io\/?p=347#respond"]}]},{"@type":"WebPage","@id":"https:\/\/www.34.239.117.254.sslip.io\/?p=347","url":"https:\/\/www.34.239.117.254.sslip.io\/?p=347","name":"Justi\u00e7a Federal afasta PIS e Cofins sobre valor perdoado de d\u00edvida - Amaral, Yazbek Advogados","isPartOf":{"@id":"https:\/\/www.34.239.117.254.sslip.io\/#website"},"primaryImageOfPage":{"@id":"https:\/\/www.34.239.117.254.sslip.io\/?p=347#primaryimage"},"image":{"@id":"https:\/\/www.34.239.117.254.sslip.io\/?p=347#primaryimage"},"thumbnailUrl":"https:\/\/www.ayadvogados.com.br\/wp-content\/uploads\/2021\/03\/8b253f7c260049c982a018473f22d6a6.png","datePublished":"2021-03-09T16:46:00+00:00","dateModified":"2021-03-25T14:41:06+00:00","breadcrumb":{"@id":"https:\/\/www.34.239.117.254.sslip.io\/?p=347#breadcrumb"},"inLanguage":"pt-BR","potentialAction":[{"@type":"ReadAction","target":["https:\/\/www.34.239.117.254.sslip.io\/?p=347"]}]},{"@type":"ImageObject","inLanguage":"pt-BR","@id":"https:\/\/www.34.239.117.254.sslip.io\/?p=347#primaryimage","url":"https:\/\/www.ayadvogados.com.br\/wp-content\/uploads\/2021\/03\/8b253f7c260049c982a018473f22d6a6.png","contentUrl":"https:\/\/www.ayadvogados.com.br\/wp-content\/uploads\/2021\/03\/8b253f7c260049c982a018473f22d6a6.png","width":1000,"height":620},{"@type":"BreadcrumbList","@id":"https:\/\/www.34.239.117.254.sslip.io\/?p=347#breadcrumb","itemListElement":[{"@type":"ListItem","position":1,"name":"In\u00edcio","item":"https:\/\/www.34.239.117.254.sslip.io\/"},{"@type":"ListItem","position":2,"name":"Justi\u00e7a Federal afasta PIS e Cofins sobre valor perdoado de d\u00edvida"}]},{"@type":"WebSite","@id":"https:\/\/www.34.239.117.254.sslip.io\/#website","url":"https:\/\/www.34.239.117.254.sslip.io\/","name":"Amaral, Yazbek Advogados","description":"Curitiba \u2022 Bras\u00edlia \u2022 S\u00e3o Paulo","publisher":{"@id":"https:\/\/www.34.239.117.254.sslip.io\/#organization"},"potentialAction":[{"@type":"SearchAction","target":{"@type":"EntryPoint","urlTemplate":"https:\/\/www.34.239.117.254.sslip.io\/?s={search_term_string}"},"query-input":{"@type":"PropertyValueSpecification","valueRequired":true,"valueName":"search_term_string"}}],"inLanguage":"pt-BR"},{"@type":"Organization","@id":"https:\/\/www.34.239.117.254.sslip.io\/#organization","name":"Amaral, Yazbek Advogados","url":"https:\/\/www.34.239.117.254.sslip.io\/","logo":{"@type":"ImageObject","inLanguage":"pt-BR","@id":"https:\/\/www.34.239.117.254.sslip.io\/#\/schema\/logo\/image\/","url":"http:\/\/34.239.117.254\/wp-content\/uploads\/2021\/03\/logo-ay-g.png","contentUrl":"http:\/\/34.239.117.254\/wp-content\/uploads\/2021\/03\/logo-ay-g.png","width":434,"height":106,"caption":"Amaral, Yazbek Advogados"},"image":{"@id":"https:\/\/www.34.239.117.254.sslip.io\/#\/schema\/logo\/image\/"},"sameAs":["https:\/\/www.facebook.com\/AYadvogados","https:\/\/www.instagram.com\/ayadvogados\/"]},{"@type":"Person","@id":"https:\/\/www.34.239.117.254.sslip.io\/#\/schema\/person\/6b9165a58758b048b8ea5a4fbd4ec3c4","name":"Infra","image":{"@type":"ImageObject","inLanguage":"pt-BR","@id":"https:\/\/secure.gravatar.com\/avatar\/60bf67293e186b9c834e31753dcc586dfcedb661d13b6b9ba29ac991ccafc035?s=96&d=mm&r=g","url":"https:\/\/secure.gravatar.com\/avatar\/60bf67293e186b9c834e31753dcc586dfcedb661d13b6b9ba29ac991ccafc035?s=96&d=mm&r=g","contentUrl":"https:\/\/secure.gravatar.com\/avatar\/60bf67293e186b9c834e31753dcc586dfcedb661d13b6b9ba29ac991ccafc035?s=96&d=mm&r=g","caption":"Infra"},"url":"https:\/\/www.ayadvogados.com.br\/?author=3"}]}},"rttpg_featured_image_url":{"full":["https:\/\/www.ayadvogados.com.br\/wp-content\/uploads\/2021\/03\/8b253f7c260049c982a018473f22d6a6.png",1000,620,false],"landscape":["https:\/\/www.ayadvogados.com.br\/wp-content\/uploads\/2021\/03\/8b253f7c260049c982a018473f22d6a6.png",1000,620,false],"portraits":["https:\/\/www.ayadvogados.com.br\/wp-content\/uploads\/2021\/03\/8b253f7c260049c982a018473f22d6a6.png",1000,620,false],"thumbnail":["https:\/\/www.ayadvogados.com.br\/wp-content\/uploads\/2021\/03\/8b253f7c260049c982a018473f22d6a6-150x150.png",150,150,true],"medium":["https:\/\/www.ayadvogados.com.br\/wp-content\/uploads\/2021\/03\/8b253f7c260049c982a018473f22d6a6-300x186.png",300,186,true],"large":["https:\/\/www.ayadvogados.com.br\/wp-content\/uploads\/2021\/03\/8b253f7c260049c982a018473f22d6a6.png",1000,620,false],"1536x1536":["https:\/\/www.ayadvogados.com.br\/wp-content\/uploads\/2021\/03\/8b253f7c260049c982a018473f22d6a6.png",1000,620,false],"2048x2048":["https:\/\/www.ayadvogados.com.br\/wp-content\/uploads\/2021\/03\/8b253f7c260049c982a018473f22d6a6.png",1000,620,false]},"rttpg_author":{"display_name":"Infra","author_link":"https:\/\/www.ayadvogados.com.br\/?author=3"},"rttpg_comment":0,"rttpg_category":"<a href=\"https:\/\/www.ayadvogados.com.br\/?cat=1\" rel=\"category\">Not\u00edcia do Dia<\/a>","rttpg_excerpt":"Uma ind\u00fastria metal\u00fargica conseguiu na Justi\u00e7a afastar a cobran\u00e7a de PIS e Cofins sobre valor perdoado de d\u00edvida, negociado com um banco. A decis\u00e3o liminar \u00e9 a primeira que se tem not\u00edcia e foi proferida pela 6\u00aa Vara Federal de Campinas (SP). A tese chegou ao Judici\u00e1rio com a jurisprud\u00eancia desfavor\u00e1vel na esfera administrativa. Os&hellip;","_links":{"self":[{"href":"https:\/\/www.ayadvogados.com.br\/index.php?rest_route=\/wp\/v2\/posts\/347","targetHints":{"allow":["GET"]}}],"collection":[{"href":"https:\/\/www.ayadvogados.com.br\/index.php?rest_route=\/wp\/v2\/posts"}],"about":[{"href":"https:\/\/www.ayadvogados.com.br\/index.php?rest_route=\/wp\/v2\/types\/post"}],"author":[{"embeddable":true,"href":"https:\/\/www.ayadvogados.com.br\/index.php?rest_route=\/wp\/v2\/users\/3"}],"replies":[{"embeddable":true,"href":"https:\/\/www.ayadvogados.com.br\/index.php?rest_route=%2Fwp%2Fv2%2Fcomments&post=347"}],"version-history":[{"count":1,"href":"https:\/\/www.ayadvogados.com.br\/index.php?rest_route=\/wp\/v2\/posts\/347\/revisions"}],"predecessor-version":[{"id":348,"href":"https:\/\/www.ayadvogados.com.br\/index.php?rest_route=\/wp\/v2\/posts\/347\/revisions\/348"}],"wp:featuredmedia":[{"embeddable":true,"href":"https:\/\/www.ayadvogados.com.br\/index.php?rest_route=\/wp\/v2\/media\/539"}],"wp:attachment":[{"href":"https:\/\/www.ayadvogados.com.br\/index.php?rest_route=%2Fwp%2Fv2%2Fmedia&parent=347"}],"wp:term":[{"taxonomy":"category","embeddable":true,"href":"https:\/\/www.ayadvogados.com.br\/index.php?rest_route=%2Fwp%2Fv2%2Fcategories&post=347"},{"taxonomy":"post_tag","embeddable":true,"href":"https:\/\/www.ayadvogados.com.br\/index.php?rest_route=%2Fwp%2Fv2%2Ftags&post=347"}],"curies":[{"name":"wp","href":"https:\/\/api.w.org\/{rel}","templated":true}]}}