{"id":3464,"date":"2024-08-27T10:56:09","date_gmt":"2024-08-27T13:56:09","guid":{"rendered":"http:\/\/34.239.117.254\/?p=3464"},"modified":"2024-08-27T10:58:36","modified_gmt":"2024-08-27T13:58:36","slug":"prescricao-intercorrente-em-processos-administrativos-de-multas-aduaneiras","status":"publish","type":"post","link":"https:\/\/www.ayadvogados.com.br\/?p=3464","title":{"rendered":"Prescri\u00e7\u00e3o Intercorrente em Processos Administrativos de Multas Aduaneiras"},"content":{"rendered":"\n<p><strong>Prescri\u00e7\u00e3o Intercorrente em Processos Administrativos de Multas Aduaneiras<\/strong><\/p>\n\n\n\n<p>No dia 15 de agosto de 2024, a 2\u00aa Turma do STJ tomou uma decis\u00e3o significativa que certamente vai repercutir no cen\u00e1rio jur\u00eddico. Em um julgamento recente, o tribunal decidiu, por uma maioria de 4 votos a 1, que a prescri\u00e7\u00e3o intercorrente tamb\u00e9m se aplica \u00e0s infra\u00e7\u00f5es aduaneiras.<\/p>\n\n\n\n<p>Mas o que exatamente isso significa? Vamos entender melhor.<\/p>\n\n\n\n<p>O caso em quest\u00e3o envolvia uma autua\u00e7\u00e3o por importa\u00e7\u00e3o irregular de cigarros por uma pessoa f\u00edsica. No decorrer do processo, o STJ reconheceu que houve uma paralisa\u00e7\u00e3o por mais de tr\u00eas anos sem que a Receita Federal do Brasil tomasse qualquer provid\u00eancia para julgar o caso. Diante disso, aplicou-se o instituto da prescri\u00e7\u00e3o intercorrente, que, de forma simples, \u00e9 o prazo m\u00e1ximo que o Estado tem para resolver um processo administrativo.<\/p>\n\n\n\n<p>Esse instituto est\u00e1 previsto na Lei n\u00ba 9.873\/1999, que estabelece um prazo de tr\u00eas anos para que a Administra\u00e7\u00e3o P\u00fablica Federal tome as devidas provid\u00eancias. Caso contr\u00e1rio, o processo deve ser extinto devido \u00e0 in\u00e9rcia.<\/p>\n\n\n\n<p><strong>A Fazenda Nacional, no entanto, tem uma posi\u00e7\u00e3o diferente.<\/strong> Eles argumentam que as infra\u00e7\u00f5es aduaneiras seguem o rito do processo administrativo fiscal e, por isso, a prescri\u00e7\u00e3o intercorrente n\u00e3o se aplicaria.<\/p>\n\n\n\n<p>Por outro lado, o Ministro Afr\u00e2nio Vilela, em seu voto, discordou dessa vis\u00e3o e destacou que a multa decorrente de infra\u00e7\u00e3o aduaneira tem car\u00e1ter administrativo, e n\u00e3o tribut\u00e1rio. Portanto, mesmo que o processo siga os tr\u00e2mites fiscais, a prescri\u00e7\u00e3o intercorrente deve ser aplicada se houver in\u00e9rcia por mais de tr\u00eas anos.<\/p>\n\n\n\n<p>Segundo o Ministro Vilela, <em>&#8220;quando estamos falando de uma penalidade de natureza administrativa, imposta pelo poder de pol\u00edcia da Administra\u00e7\u00e3o P\u00fablica Federal, aplica-se a prescri\u00e7\u00e3o intercorrente. Isso significa que, se um processo administrativo fica paralisado por mais de tr\u00eas anos, sem qualquer movimento, essa prescri\u00e7\u00e3o deve ser reconhecida.&#8221;<\/em><\/p>\n\n\n\n<p>Ent\u00e3o, o que essa decis\u00e3o significa para os importadores? Para aqueles que t\u00eam processos administrativos por infra\u00e7\u00f5es aduaneiras parados h\u00e1 mais de tr\u00eas anos, essa decis\u00e3o abre uma oportunidade. Eles podem recorrer ao Judici\u00e1rio para buscar o reconhecimento da prescri\u00e7\u00e3o intercorrente e, assim, extinguir a penalidade que foi imposta.<\/p>\n\n\n\n<p>Isso \u00e9 tudo por hoje, pessoal! Fiquem atentos \u00e0s pr\u00f3ximas atualiza\u00e7\u00f5es e, se voc\u00ea \u00e9 importador ou est\u00e1 envolvido em processos desse tipo, n\u00e3o deixe de consultar um especialista para entender melhor como essa decis\u00e3o pode impactar o seu caso.<\/p>\n\n\n\n<p>\u00c9 isso, ouvintes! Obrigada por nos acompanhar em mais um epis\u00f3dio. N\u00e3o se esque\u00e7a de seguir nosso DINcast e compartilhar com seus colegas. At\u00e9 a pr\u00f3xima!<\/p>\n\n\n\n<figure class=\"wp-block-embed is-type-rich is-provider-spotify wp-block-embed-spotify wp-embed-aspect-21-9 wp-has-aspect-ratio\"><div class=\"wp-block-embed__wrapper\">\n<iframe title=\"Spotify Embed: Prescri\u00e7\u00e3o Intercorrente em Processos Administrativos de Multas Aduaneiras\" style=\"border-radius: 12px\" width=\"100%\" height=\"152\" frameborder=\"0\" allowfullscreen allow=\"autoplay; clipboard-write; encrypted-media; fullscreen; picture-in-picture\" loading=\"lazy\" src=\"https:\/\/open.spotify.com\/embed\/episode\/393mNEnumKoBHCg05dyI3K?si=e9b73ca3a950463c&#038;utm_source=oembed\"><\/iframe>\n<\/div><\/figure>\n\n\n\n<hr class=\"wp-block-separator has-text-color has-palette-color-1-color has-css-opacity has-palette-color-1-background-color has-background is-style-dots\"\/>\n\n\n\n<div class=\"wp-block-group has-palette-color-6-background-color has-background is-layout-flow wp-block-group-is-layout-flow\">\n<p style=\"font-size:0.8em\">A Amaral,\u00a0Yazbek, OAB\/PR 762, possui 36 anos de experi\u00eancia auxiliando empresas a transformar a tributa\u00e7\u00e3o em lucro. Entre em contato com um dos s\u00f3cios para agendamento de reuni\u00e3o em caso de d\u00favidas.\u00a0\u00a0\u00a0<\/p>\n\n\n\n<p style=\"font-size:0.8em\">Contato: 41 3595-8300 ou pelo nosso WhatsApp 41 99567-5696\u00a0\u00a0\u00a0<\/p>\n\n\n\n<p style=\"font-size:0.8em\">Av. C\u00e2ndido Hartmann, 50 \u2013\u00a0Bigorrilho\u00a0| Curitiba-PR\u00a0\u00a0\u00a0<\/p>\n\n\n\n<p style=\"font-size:0.8em\">Assine nossa <a href=\"http:\/\/ayadvogados.com.br\/contato\/\">Newsletter<\/a> e fique por dentro das novidades!\u00a0\u00a0\u00a0<\/p>\n\n\n\n<p style=\"font-size:0.8em\">Quer receber seu exemplar da revista Governan\u00e7a Jur\u00eddica? <a href=\"http:\/\/ayadvogados.com.br\/revista\/\" data-type=\"page\" data-id=\"68\">Clique\u00a0aqui\u00a0e pe\u00e7a a sua<\/a>.\u00a0\u00a0\u00a0<\/p>\n\n\n\n<p style=\"font-size:0.8em\">Nos acompanhe nas redes sociais:\u00a0<a href=\"https:\/\/www.facebook.com\/AYadvogados\">Facebook<\/a>\u00a0|\u00a0<a href=\"https:\/\/www.instagram.com\/ayadvogados\/\">Instagram<\/a>\u00a0|\u00a0<a href=\"https:\/\/www.linkedin.com\/company\/amaral-yazbek-advogados\">Linkedin<\/a>\u00a0<\/p>\n\n\n\n<p style=\"font-size:0.8em\">J\u00e1 conhece o canal Direito da Intelig\u00eancia de Neg\u00f3cios?\u00a0<a href=\"https:\/\/www.youtube.com\/channel\/UCu2Mpu32ht8DEN8OFRXYMyw\">Inscreva-se j\u00e1<\/a><\/p>\n<\/div>\n","protected":false},"excerpt":{"rendered":"<p>Prescri\u00e7\u00e3o Intercorrente em Processos Administrativos de Multas Aduaneiras No dia 15 de agosto de 2024, a 2\u00aa Turma do STJ tomou uma decis\u00e3o significativa que certamente vai repercutir no cen\u00e1rio jur\u00eddico. Em um julgamento recente, o tribunal decidiu, por uma maioria de 4 votos a 1, que a prescri\u00e7\u00e3o intercorrente tamb\u00e9m se aplica \u00e0s infra\u00e7\u00f5es [&hellip;]<\/p>\n","protected":false},"author":3,"featured_media":3466,"comment_status":"open","ping_status":"open","sticky":false,"template":"","format":"standard","meta":{"footnotes":""},"categories":[5],"tags":[9,10,123,124,45,96],"class_list":["post-3464","post","type-post","status-publish","format-standard","has-post-thumbnail","hentry","category-dincast","tag-amaral-yazbek","tag-dincast","tag-dividas","tag-nova-forma-de-regularizar","tag-receita-federal","tag-reforma-tributaria"],"blocksy_meta":{"styles_descriptor":{"styles":{"desktop":"","tablet":"","mobile":""},"google_fonts":[],"version":6}},"yoast_head":"<!-- This site is optimized with the Yoast SEO plugin v27.5 - https:\/\/yoast.com\/product\/yoast-seo-wordpress\/ -->\n<title>Prescri\u00e7\u00e3o Intercorrente em Processos de Multas Aduaneiras<\/title>\n<meta name=\"description\" content=\"Prescri\u00e7\u00e3o Intercorrente em Processos Administrativos de Multas Aduaneiras, No dia 15 de agosto de 2024, a 2\u00aa Turma do STJ\" \/>\n<meta name=\"robots\" content=\"index, follow, max-snippet:-1, max-image-preview:large, max-video-preview:-1\" \/>\n<link rel=\"canonical\" href=\"https:\/\/www.ayadvogados.com.br\/?p=3464\" \/>\n<meta property=\"og:locale\" content=\"pt_BR\" \/>\n<meta property=\"og:type\" content=\"article\" \/>\n<meta property=\"og:title\" content=\"Prescri\u00e7\u00e3o Intercorrente em Processos de Multas Aduaneiras\" \/>\n<meta property=\"og:description\" content=\"Prescri\u00e7\u00e3o Intercorrente em Processos Administrativos de Multas Aduaneiras, No dia 15 de agosto de 2024, a 2\u00aa Turma do STJ\" \/>\n<meta property=\"og:url\" content=\"https:\/\/www.ayadvogados.com.br\/?p=3464\" \/>\n<meta property=\"og:site_name\" content=\"Amaral, Yazbek Advogados\" \/>\n<meta property=\"article:publisher\" content=\"https:\/\/www.facebook.com\/AYadvogados\" \/>\n<meta property=\"article:published_time\" content=\"2024-08-27T13:56:09+00:00\" \/>\n<meta property=\"article:modified_time\" content=\"2024-08-27T13:58:36+00:00\" \/>\n<meta property=\"og:image\" content=\"https:\/\/www.ayadvogados.com.br\/wp-content\/uploads\/2024\/08\/Banner-reels-copiar-5-1.png\" \/>\n\t<meta property=\"og:image:width\" content=\"1920\" \/>\n\t<meta property=\"og:image:height\" content=\"1080\" \/>\n\t<meta property=\"og:image:type\" content=\"image\/png\" \/>\n<meta name=\"author\" content=\"Infra\" \/>\n<meta name=\"twitter:card\" content=\"summary_large_image\" \/>\n<meta name=\"twitter:label1\" content=\"Escrito por\" \/>\n\t<meta name=\"twitter:data1\" content=\"Infra\" \/>\n\t<meta name=\"twitter:label2\" content=\"Est. tempo de leitura\" \/>\n\t<meta name=\"twitter:data2\" content=\"3 minutos\" \/>\n<script type=\"application\/ld+json\" class=\"yoast-schema-graph\">{\"@context\":\"https:\\\/\\\/schema.org\",\"@graph\":[{\"@type\":\"Article\",\"@id\":\"https:\\\/\\\/www.ayadvogados.com.br\\\/?p=3464#article\",\"isPartOf\":{\"@id\":\"https:\\\/\\\/www.ayadvogados.com.br\\\/?p=3464\"},\"author\":{\"name\":\"Infra\",\"@id\":\"https:\\\/\\\/34.239.117.254\\\/#\\\/schema\\\/person\\\/6b9165a58758b048b8ea5a4fbd4ec3c4\"},\"headline\":\"Prescri\u00e7\u00e3o Intercorrente em Processos Administrativos de Multas Aduaneiras\",\"datePublished\":\"2024-08-27T13:56:09+00:00\",\"dateModified\":\"2024-08-27T13:58:36+00:00\",\"mainEntityOfPage\":{\"@id\":\"https:\\\/\\\/www.ayadvogados.com.br\\\/?p=3464\"},\"wordCount\":486,\"commentCount\":0,\"publisher\":{\"@id\":\"https:\\\/\\\/34.239.117.254\\\/#organization\"},\"image\":{\"@id\":\"https:\\\/\\\/www.ayadvogados.com.br\\\/?p=3464#primaryimage\"},\"thumbnailUrl\":\"https:\\\/\\\/www.ayadvogados.com.br\\\/wp-content\\\/uploads\\\/2024\\\/08\\\/Banner-reels-copiar-5-1.png\",\"keywords\":[\"amaral yazbek\",\"dincast\",\"dividas\",\"nova forma de regularizar\",\"receita federal\",\"Reforma Tribut\u00e1ria\"],\"articleSection\":[\"DINCast\"],\"inLanguage\":\"pt-BR\",\"potentialAction\":[{\"@type\":\"CommentAction\",\"name\":\"Comment\",\"target\":[\"https:\\\/\\\/www.ayadvogados.com.br\\\/?p=3464#respond\"]}]},{\"@type\":\"WebPage\",\"@id\":\"https:\\\/\\\/www.ayadvogados.com.br\\\/?p=3464\",\"url\":\"https:\\\/\\\/www.ayadvogados.com.br\\\/?p=3464\",\"name\":\"Prescri\u00e7\u00e3o Intercorrente em Processos de Multas Aduaneiras\",\"isPartOf\":{\"@id\":\"https:\\\/\\\/34.239.117.254\\\/#website\"},\"primaryImageOfPage\":{\"@id\":\"https:\\\/\\\/www.ayadvogados.com.br\\\/?p=3464#primaryimage\"},\"image\":{\"@id\":\"https:\\\/\\\/www.ayadvogados.com.br\\\/?p=3464#primaryimage\"},\"thumbnailUrl\":\"https:\\\/\\\/www.ayadvogados.com.br\\\/wp-content\\\/uploads\\\/2024\\\/08\\\/Banner-reels-copiar-5-1.png\",\"datePublished\":\"2024-08-27T13:56:09+00:00\",\"dateModified\":\"2024-08-27T13:58:36+00:00\",\"description\":\"Prescri\u00e7\u00e3o Intercorrente em Processos Administrativos de Multas Aduaneiras, No dia 15 de agosto de 2024, a 2\u00aa Turma do STJ\",\"breadcrumb\":{\"@id\":\"https:\\\/\\\/www.ayadvogados.com.br\\\/?p=3464#breadcrumb\"},\"inLanguage\":\"pt-BR\",\"potentialAction\":[{\"@type\":\"ReadAction\",\"target\":[\"https:\\\/\\\/www.ayadvogados.com.br\\\/?p=3464\"]}]},{\"@type\":\"ImageObject\",\"inLanguage\":\"pt-BR\",\"@id\":\"https:\\\/\\\/www.ayadvogados.com.br\\\/?p=3464#primaryimage\",\"url\":\"https:\\\/\\\/www.ayadvogados.com.br\\\/wp-content\\\/uploads\\\/2024\\\/08\\\/Banner-reels-copiar-5-1.png\",\"contentUrl\":\"https:\\\/\\\/www.ayadvogados.com.br\\\/wp-content\\\/uploads\\\/2024\\\/08\\\/Banner-reels-copiar-5-1.png\",\"width\":1920,\"height\":1080,\"caption\":\"Prescri\u00e7\u00e3o Intercorrente em Processos de Multas Aduaneiras\"},{\"@type\":\"BreadcrumbList\",\"@id\":\"https:\\\/\\\/www.ayadvogados.com.br\\\/?p=3464#breadcrumb\",\"itemListElement\":[{\"@type\":\"ListItem\",\"position\":1,\"name\":\"In\u00edcio\",\"item\":\"https:\\\/\\\/34.239.117.254\\\/\"},{\"@type\":\"ListItem\",\"position\":2,\"name\":\"Prescri\u00e7\u00e3o Intercorrente em Processos Administrativos de Multas Aduaneiras\"}]},{\"@type\":\"WebSite\",\"@id\":\"https:\\\/\\\/34.239.117.254\\\/#website\",\"url\":\"https:\\\/\\\/34.239.117.254\\\/\",\"name\":\"Amaral, Yazbek Advogados\",\"description\":\"Curitiba \u2022 Bras\u00edlia \u2022 S\u00e3o Paulo\",\"publisher\":{\"@id\":\"https:\\\/\\\/34.239.117.254\\\/#organization\"},\"potentialAction\":[{\"@type\":\"SearchAction\",\"target\":{\"@type\":\"EntryPoint\",\"urlTemplate\":\"https:\\\/\\\/34.239.117.254\\\/?s={search_term_string}\"},\"query-input\":{\"@type\":\"PropertyValueSpecification\",\"valueRequired\":true,\"valueName\":\"search_term_string\"}}],\"inLanguage\":\"pt-BR\"},{\"@type\":\"Organization\",\"@id\":\"https:\\\/\\\/34.239.117.254\\\/#organization\",\"name\":\"Amaral, Yazbek Advogados\",\"url\":\"https:\\\/\\\/34.239.117.254\\\/\",\"logo\":{\"@type\":\"ImageObject\",\"inLanguage\":\"pt-BR\",\"@id\":\"https:\\\/\\\/34.239.117.254\\\/#\\\/schema\\\/logo\\\/image\\\/\",\"url\":\"http:\\\/\\\/34.239.117.254\\\/wp-content\\\/uploads\\\/2021\\\/03\\\/logo-ay-g.png\",\"contentUrl\":\"http:\\\/\\\/34.239.117.254\\\/wp-content\\\/uploads\\\/2021\\\/03\\\/logo-ay-g.png\",\"width\":434,\"height\":106,\"caption\":\"Amaral, Yazbek Advogados\"},\"image\":{\"@id\":\"https:\\\/\\\/34.239.117.254\\\/#\\\/schema\\\/logo\\\/image\\\/\"},\"sameAs\":[\"https:\\\/\\\/www.facebook.com\\\/AYadvogados\",\"https:\\\/\\\/www.instagram.com\\\/ayadvogados\\\/\"]},{\"@type\":\"Person\",\"@id\":\"https:\\\/\\\/34.239.117.254\\\/#\\\/schema\\\/person\\\/6b9165a58758b048b8ea5a4fbd4ec3c4\",\"name\":\"Infra\",\"image\":{\"@type\":\"ImageObject\",\"inLanguage\":\"pt-BR\",\"@id\":\"https:\\\/\\\/secure.gravatar.com\\\/avatar\\\/60bf67293e186b9c834e31753dcc586dfcedb661d13b6b9ba29ac991ccafc035?s=96&d=mm&r=g\",\"url\":\"https:\\\/\\\/secure.gravatar.com\\\/avatar\\\/60bf67293e186b9c834e31753dcc586dfcedb661d13b6b9ba29ac991ccafc035?s=96&d=mm&r=g\",\"contentUrl\":\"https:\\\/\\\/secure.gravatar.com\\\/avatar\\\/60bf67293e186b9c834e31753dcc586dfcedb661d13b6b9ba29ac991ccafc035?s=96&d=mm&r=g\",\"caption\":\"Infra\"},\"url\":\"https:\\\/\\\/www.ayadvogados.com.br\\\/?author=3\"}]}<\/script>\n<!-- \/ Yoast SEO plugin. -->","yoast_head_json":{"title":"Prescri\u00e7\u00e3o Intercorrente em Processos de Multas Aduaneiras","description":"Prescri\u00e7\u00e3o Intercorrente em Processos Administrativos de Multas Aduaneiras, No dia 15 de agosto de 2024, a 2\u00aa Turma do STJ","robots":{"index":"index","follow":"follow","max-snippet":"max-snippet:-1","max-image-preview":"max-image-preview:large","max-video-preview":"max-video-preview:-1"},"canonical":"https:\/\/www.ayadvogados.com.br\/?p=3464","og_locale":"pt_BR","og_type":"article","og_title":"Prescri\u00e7\u00e3o Intercorrente em Processos de Multas Aduaneiras","og_description":"Prescri\u00e7\u00e3o Intercorrente em Processos Administrativos de Multas Aduaneiras, No dia 15 de agosto de 2024, a 2\u00aa Turma do STJ","og_url":"https:\/\/www.ayadvogados.com.br\/?p=3464","og_site_name":"Amaral, Yazbek Advogados","article_publisher":"https:\/\/www.facebook.com\/AYadvogados","article_published_time":"2024-08-27T13:56:09+00:00","article_modified_time":"2024-08-27T13:58:36+00:00","og_image":[{"width":1920,"height":1080,"url":"https:\/\/www.ayadvogados.com.br\/wp-content\/uploads\/2024\/08\/Banner-reels-copiar-5-1.png","type":"image\/png"}],"author":"Infra","twitter_card":"summary_large_image","twitter_misc":{"Escrito por":"Infra","Est. tempo de leitura":"3 minutos"},"schema":{"@context":"https:\/\/schema.org","@graph":[{"@type":"Article","@id":"https:\/\/www.ayadvogados.com.br\/?p=3464#article","isPartOf":{"@id":"https:\/\/www.ayadvogados.com.br\/?p=3464"},"author":{"name":"Infra","@id":"https:\/\/34.239.117.254\/#\/schema\/person\/6b9165a58758b048b8ea5a4fbd4ec3c4"},"headline":"Prescri\u00e7\u00e3o Intercorrente em Processos Administrativos de Multas Aduaneiras","datePublished":"2024-08-27T13:56:09+00:00","dateModified":"2024-08-27T13:58:36+00:00","mainEntityOfPage":{"@id":"https:\/\/www.ayadvogados.com.br\/?p=3464"},"wordCount":486,"commentCount":0,"publisher":{"@id":"https:\/\/34.239.117.254\/#organization"},"image":{"@id":"https:\/\/www.ayadvogados.com.br\/?p=3464#primaryimage"},"thumbnailUrl":"https:\/\/www.ayadvogados.com.br\/wp-content\/uploads\/2024\/08\/Banner-reels-copiar-5-1.png","keywords":["amaral yazbek","dincast","dividas","nova forma de regularizar","receita federal","Reforma Tribut\u00e1ria"],"articleSection":["DINCast"],"inLanguage":"pt-BR","potentialAction":[{"@type":"CommentAction","name":"Comment","target":["https:\/\/www.ayadvogados.com.br\/?p=3464#respond"]}]},{"@type":"WebPage","@id":"https:\/\/www.ayadvogados.com.br\/?p=3464","url":"https:\/\/www.ayadvogados.com.br\/?p=3464","name":"Prescri\u00e7\u00e3o Intercorrente em Processos de Multas Aduaneiras","isPartOf":{"@id":"https:\/\/34.239.117.254\/#website"},"primaryImageOfPage":{"@id":"https:\/\/www.ayadvogados.com.br\/?p=3464#primaryimage"},"image":{"@id":"https:\/\/www.ayadvogados.com.br\/?p=3464#primaryimage"},"thumbnailUrl":"https:\/\/www.ayadvogados.com.br\/wp-content\/uploads\/2024\/08\/Banner-reels-copiar-5-1.png","datePublished":"2024-08-27T13:56:09+00:00","dateModified":"2024-08-27T13:58:36+00:00","description":"Prescri\u00e7\u00e3o Intercorrente em Processos Administrativos de Multas Aduaneiras, No dia 15 de agosto de 2024, a 2\u00aa Turma do STJ","breadcrumb":{"@id":"https:\/\/www.ayadvogados.com.br\/?p=3464#breadcrumb"},"inLanguage":"pt-BR","potentialAction":[{"@type":"ReadAction","target":["https:\/\/www.ayadvogados.com.br\/?p=3464"]}]},{"@type":"ImageObject","inLanguage":"pt-BR","@id":"https:\/\/www.ayadvogados.com.br\/?p=3464#primaryimage","url":"https:\/\/www.ayadvogados.com.br\/wp-content\/uploads\/2024\/08\/Banner-reels-copiar-5-1.png","contentUrl":"https:\/\/www.ayadvogados.com.br\/wp-content\/uploads\/2024\/08\/Banner-reels-copiar-5-1.png","width":1920,"height":1080,"caption":"Prescri\u00e7\u00e3o Intercorrente em Processos de Multas Aduaneiras"},{"@type":"BreadcrumbList","@id":"https:\/\/www.ayadvogados.com.br\/?p=3464#breadcrumb","itemListElement":[{"@type":"ListItem","position":1,"name":"In\u00edcio","item":"https:\/\/34.239.117.254\/"},{"@type":"ListItem","position":2,"name":"Prescri\u00e7\u00e3o Intercorrente em Processos Administrativos de Multas Aduaneiras"}]},{"@type":"WebSite","@id":"https:\/\/34.239.117.254\/#website","url":"https:\/\/34.239.117.254\/","name":"Amaral, Yazbek Advogados","description":"Curitiba \u2022 Bras\u00edlia \u2022 S\u00e3o Paulo","publisher":{"@id":"https:\/\/34.239.117.254\/#organization"},"potentialAction":[{"@type":"SearchAction","target":{"@type":"EntryPoint","urlTemplate":"https:\/\/34.239.117.254\/?s={search_term_string}"},"query-input":{"@type":"PropertyValueSpecification","valueRequired":true,"valueName":"search_term_string"}}],"inLanguage":"pt-BR"},{"@type":"Organization","@id":"https:\/\/34.239.117.254\/#organization","name":"Amaral, Yazbek Advogados","url":"https:\/\/34.239.117.254\/","logo":{"@type":"ImageObject","inLanguage":"pt-BR","@id":"https:\/\/34.239.117.254\/#\/schema\/logo\/image\/","url":"http:\/\/34.239.117.254\/wp-content\/uploads\/2021\/03\/logo-ay-g.png","contentUrl":"http:\/\/34.239.117.254\/wp-content\/uploads\/2021\/03\/logo-ay-g.png","width":434,"height":106,"caption":"Amaral, Yazbek Advogados"},"image":{"@id":"https:\/\/34.239.117.254\/#\/schema\/logo\/image\/"},"sameAs":["https:\/\/www.facebook.com\/AYadvogados","https:\/\/www.instagram.com\/ayadvogados\/"]},{"@type":"Person","@id":"https:\/\/34.239.117.254\/#\/schema\/person\/6b9165a58758b048b8ea5a4fbd4ec3c4","name":"Infra","image":{"@type":"ImageObject","inLanguage":"pt-BR","@id":"https:\/\/secure.gravatar.com\/avatar\/60bf67293e186b9c834e31753dcc586dfcedb661d13b6b9ba29ac991ccafc035?s=96&d=mm&r=g","url":"https:\/\/secure.gravatar.com\/avatar\/60bf67293e186b9c834e31753dcc586dfcedb661d13b6b9ba29ac991ccafc035?s=96&d=mm&r=g","contentUrl":"https:\/\/secure.gravatar.com\/avatar\/60bf67293e186b9c834e31753dcc586dfcedb661d13b6b9ba29ac991ccafc035?s=96&d=mm&r=g","caption":"Infra"},"url":"https:\/\/www.ayadvogados.com.br\/?author=3"}]}},"rttpg_featured_image_url":{"full":["https:\/\/www.ayadvogados.com.br\/wp-content\/uploads\/2024\/08\/Banner-reels-copiar-5-1.png",1920,1080,false],"landscape":["https:\/\/www.ayadvogados.com.br\/wp-content\/uploads\/2024\/08\/Banner-reels-copiar-5-1.png",1920,1080,false],"portraits":["https:\/\/www.ayadvogados.com.br\/wp-content\/uploads\/2024\/08\/Banner-reels-copiar-5-1.png",1920,1080,false],"thumbnail":["https:\/\/www.ayadvogados.com.br\/wp-content\/uploads\/2024\/08\/Banner-reels-copiar-5-1-150x150.png",150,150,true],"medium":["https:\/\/www.ayadvogados.com.br\/wp-content\/uploads\/2024\/08\/Banner-reels-copiar-5-1-300x169.png",300,169,true],"large":["https:\/\/www.ayadvogados.com.br\/wp-content\/uploads\/2024\/08\/Banner-reels-copiar-5-1-1024x576.png",1024,576,true],"1536x1536":["https:\/\/www.ayadvogados.com.br\/wp-content\/uploads\/2024\/08\/Banner-reels-copiar-5-1-1536x864.png",1536,864,true],"2048x2048":["https:\/\/www.ayadvogados.com.br\/wp-content\/uploads\/2024\/08\/Banner-reels-copiar-5-1.png",1920,1080,false]},"rttpg_author":{"display_name":"Infra","author_link":"https:\/\/www.ayadvogados.com.br\/?author=3"},"rttpg_comment":0,"rttpg_category":"<a href=\"https:\/\/www.ayadvogados.com.br\/?cat=5\" rel=\"category\">DINCast<\/a>","rttpg_excerpt":"Prescri\u00e7\u00e3o Intercorrente em Processos Administrativos de Multas Aduaneiras No dia 15 de agosto de 2024, a 2\u00aa Turma do STJ tomou uma decis\u00e3o significativa que certamente vai repercutir no cen\u00e1rio jur\u00eddico. Em um julgamento recente, o tribunal decidiu, por uma maioria de 4 votos a 1, que a prescri\u00e7\u00e3o intercorrente tamb\u00e9m se aplica \u00e0s infra\u00e7\u00f5es&hellip;","_links":{"self":[{"href":"https:\/\/www.ayadvogados.com.br\/index.php?rest_route=\/wp\/v2\/posts\/3464","targetHints":{"allow":["GET"]}}],"collection":[{"href":"https:\/\/www.ayadvogados.com.br\/index.php?rest_route=\/wp\/v2\/posts"}],"about":[{"href":"https:\/\/www.ayadvogados.com.br\/index.php?rest_route=\/wp\/v2\/types\/post"}],"author":[{"embeddable":true,"href":"https:\/\/www.ayadvogados.com.br\/index.php?rest_route=\/wp\/v2\/users\/3"}],"replies":[{"embeddable":true,"href":"https:\/\/www.ayadvogados.com.br\/index.php?rest_route=%2Fwp%2Fv2%2Fcomments&post=3464"}],"version-history":[{"count":2,"href":"https:\/\/www.ayadvogados.com.br\/index.php?rest_route=\/wp\/v2\/posts\/3464\/revisions"}],"predecessor-version":[{"id":3467,"href":"https:\/\/www.ayadvogados.com.br\/index.php?rest_route=\/wp\/v2\/posts\/3464\/revisions\/3467"}],"wp:featuredmedia":[{"embeddable":true,"href":"https:\/\/www.ayadvogados.com.br\/index.php?rest_route=\/wp\/v2\/media\/3466"}],"wp:attachment":[{"href":"https:\/\/www.ayadvogados.com.br\/index.php?rest_route=%2Fwp%2Fv2%2Fmedia&parent=3464"}],"wp:term":[{"taxonomy":"category","embeddable":true,"href":"https:\/\/www.ayadvogados.com.br\/index.php?rest_route=%2Fwp%2Fv2%2Fcategories&post=3464"},{"taxonomy":"post_tag","embeddable":true,"href":"https:\/\/www.ayadvogados.com.br\/index.php?rest_route=%2Fwp%2Fv2%2Ftags&post=3464"}],"curies":[{"name":"wp","href":"https:\/\/api.w.org\/{rel}","templated":true}]}}