{"id":3443,"date":"2024-08-13T16:09:57","date_gmt":"2024-08-13T19:09:57","guid":{"rendered":"http:\/\/34.239.117.254\/?p=3443"},"modified":"2024-08-13T16:24:43","modified_gmt":"2024-08-13T19:24:43","slug":"a-decisao-judicial-que-autorizou-a-exclusao-do-pis-e-cofins-da-propria-base-de-calculo","status":"publish","type":"post","link":"https:\/\/www.ayadvogados.com.br\/?p=3443","title":{"rendered":"A decis\u00e3o judicial que autorizou a exclus\u00e3o do PIS e COFINS da pr\u00f3pria base de c\u00e1lculo"},"content":{"rendered":"\n<p>A decis\u00e3o judicial que autorizou a exclus\u00e3o do PIS e COFINS da pr\u00f3pria base de c\u00e1lculo<\/p>\n\n\n\n<p>Recentemente se teve not\u00edcia de uma liminar concedida pela Justi\u00e7a Federal que excluiu o PIS e a Cofins da pr\u00f3pria base de c\u00e1lculo. A decis\u00e3o, do juiz federal Paulo Cezar Duran, da 10\u00aa Vara C\u00edvel Federal de S\u00e3o Paulo, beneficia mais de 13 mil companhias associadas ao Sindicato das Empresas de Turismo no Estado de S\u00e3o Paulo (Sindetur).<\/p>\n\n\n\n<p>Essa \u00e9 uma das filhotes da \u201ctese do s\u00e9culo\u201d, que excluiu o ICMS da base do PIS e da Cofins, e ainda ser\u00e1 analisada pelo Supremo Tribunal Federal (STF) em repercuss\u00e3o geral (RE 1233096), conhecido como Tema 1067. O julgamento ainda n\u00e3o tem data marcada e tem impacto estimado de R$ 65,7 bilh\u00f5es, segundo consta na Lei de Diretrizes Or\u00e7ament\u00e1rias (LDO) de 2025.<\/p>\n\n\n\n<p>No pedido, o Sindetur cita o ac\u00f3rd\u00e3o do ICMS como fundamento. Para os contribuintes, assim como no caso do tributo estadual, as contribui\u00e7\u00f5es sociais n\u00e3o fazem parte do faturamento ou receita bruta das empresas, j\u00e1 que os valores apenas transitam no caixa e t\u00eam como destino os cofres p\u00fablicos.<\/p>\n\n\n\n<p>De acordo com o escrit\u00f3rio VDR Advogados, que representou o Sindetur no caso ao lado do BVZ Advogados, a economia tribut\u00e1ria com a exclus\u00e3o dos impostos \u00e9 de 3,65% sobre os rendimentos &#8211; esse \u00e9 o percentual das al\u00edquotas do PIS e da Cofins somadas no regime cumulativo.<\/p>\n\n\n\n<p>Na decis\u00e3o, o juiz Paulo Cezar Duran afirma que se a Lei n\u00ba 9.718\/1998, que regulamenta o PIS e a Cofins, fosse interpretada de forma restritiva, seria leg\u00edtima a inclus\u00e3o do ICMS no c\u00e1lculo do PIS e da Cofins (e, portanto, a do PIS e Cofins sobre a pr\u00f3pria base). O dispositivo determina que a base dos tributos federais \u00e9 \u201ca totalidade das receitas auferidas pela pessoa jur\u00eddica\u201d, salvo as exclus\u00f5es previstas na lei. Por\u00e9m, acrescenta, o STF, na tese do s\u00e9culo, deu outra interpreta\u00e7\u00e3o.<\/p>\n\n\n\n<p>\u201cPor se tratar de \u00f4nus fiscal, o valor correspondente ao ICMS n\u00e3o tem a natureza de faturamento, uma vez que n\u00e3o passa a integrar o patrim\u00f4nio do alienante, quer de mercadoria, quer de servi\u00e7o\u201d, diz Duran. \u201cN\u00e3o obstante os julgados tenham tomado por base o ICMS, o mesmo entendimento aplica-se igualmente ao PIS e \u00e0 Cofins ante a similitude dessas exa\u00e7\u00f5es e das suas naturezas, vale dizer, tributos que apenas transitam na contabilidade da empresa, sem configurar acr\u00e9scimo patrimonial\u201d (processo n\u00ba 5017166-31.2024.4.03.6100).<\/p>\n\n\n\n<p>\u00c9 importante que as empresas analisem se se encaixam na aplica\u00e7\u00e3o dessa tese e ajuizar a a\u00e7\u00e3o para evitar correr o risco de modula\u00e7\u00e3o dos efeitos pelo STF, quando o tema for julgado. A modula\u00e7\u00e3o restringe a aplicabilidade de decis\u00f5es e tem sido muito usada em \u00e2mbito tribut\u00e1rio. No caso da \u201ctese do s\u00e9culo\u201d, por exemplo, a decis\u00e3o favor\u00e1vel aos contribuintes s\u00f3 valeu para quem entrou com processo antes data de in\u00edcio do julgamento.<\/p>\n\n\n\n<p>Importante garantir que essas empresas que aju\u00edzem essa a\u00e7\u00e3o tenham uma vantagem competitiva, pois obtendo essa vantagem tribut\u00e1ria, ser\u00e1 de grande relev\u00e2ncia, pois pode gerar uma economia e melhorar seus fluxos de caixa, ent\u00e3o vale a pena adotar essa estrat\u00e9gia no neg\u00f3cio.<\/p>\n\n\n\n<p>A forma de c\u00e1lculo que inclui o pr\u00f3prio valor do PIS e da Cofins como base \u00e9 algo absolutamente contr\u00e1rio ao conceito de faturamento previsto no direito comercial, em raz\u00e3o da tese do s\u00e9culo que foi a retirada do ICMS da base de c\u00e1lculo do PIS e COFINS ser muito similar, existe uma expectativa positiva no julgamento a ser realizado pelo STF, pois a tributa\u00e7\u00e3o n\u00e3o pode levar em considera\u00e7\u00e3o algo que n\u00e3o seja de fato o faturamento da empresa.<\/p>\n\n\n\n<p>Importante observar que a relatoria da tese filhote \u00e9 da ministra C\u00e1rmen L\u00facia. Mesmo sendo semelhante \u00e0 tese do s\u00e9culo, \u00e9 dif\u00edcil prever se a composi\u00e7\u00e3o atual do STF daria vit\u00f3ria aos contribuintes, segundo advogados. No julgamento envolvendo o ICMS, em 2017, o placar foi de 6 a 4, mas j\u00e1 sa\u00edram os ministros Celso de Mello, Ricardo Lewandowski, Marco Aur\u00e9lio e Rosa Weber, que deram voto favor\u00e1vel \u00e0s empresas. Eles foram substitu\u00eddos pelos ministros Nunes Marques, Cristiano Zanin, Andr\u00e9 Mendon\u00e7a e Fl\u00e1vio Dino, respectivamente. Os outros dois votos favor\u00e1veis aos contribuintes foram da relatora, tamb\u00e9m C\u00e1rmen L\u00facia, e Luiz Fux. Edson Fachin, Lu\u00eds Roberto Barroso, Dias Toffoli e Gilmar Mendes votaram de forma favor\u00e1vel \u00e0 Uni\u00e3o.<\/p>\n\n\n\n<p>Por ora, na segunda inst\u00e2ncia, os tribunais est\u00e3o se posicionando de maneira desfavor\u00e1vel, mas existem decis\u00f5es para ambos os lados, mas a maioria \u00e9 contra os contribuintes, a justificativa nas decis\u00f5es desfavor\u00e1veis \u00e9 de que entendem que a tese do s\u00e9culo n\u00e3o se aplica ao PIS e a Cofins por serem tributos distintos e que n\u00e3o haveria veda\u00e7\u00e3o legal para incid\u00eancia de um tributo sobre ele mesmo.<\/p>\n\n\n\n<p>Hoje existem ao menos outras seis teses filhotes: uma os contribuintes venceram (ICMS-ST na base do PIS e da Cofins), outra perderam (ICMS na base do IRPJ e CSLL) e outras quatro ainda ser\u00e3o julgadas &#8211; a do PIS e Cofins sobre a pr\u00f3pria base, do ISS na base do IRPJ e CSLL presumidos, a do PIS e da Cofins sobre a base do ISS e a do ISS na base do PIS e da Cofins, pautado para final desse m\u00eas de agosto.<\/p>\n\n\n\n<p>Em nota, a Procuradoria-Geral da Fazenda Nacional (PGFN) afirma que o TRF-3 tem sido \u201cun\u00e2nime em acatar o entendimento\u201d do \u00f3rg\u00e3o. \u201cA Fazenda Nacional trabalhou para demonstrar ao Supremo Tribunal Federal que as sistem\u00e1ticas tribut\u00e1rias do PIS e da Cofins s\u00e3o distintas daquela aplicada ao ICMS, que pode ser destacado.<\/p>\n\n\n\n<p>Desse modo, as empresas esperam que no julgamento do tema 1067 o STF utilize a analogia empregada no julgamento do tema 69, mas para isso para evitar riscos, ideal que os contribuintes se adiantem e aju\u00edzem a tese discutida acima para que surtam resultados positivos para as empresas, caso o julgamento seja favor\u00e1vel aos contribuintes.&nbsp;<\/p>\n\n\n\n<p>Nosso objetivo \u00e9 garantir que sua empresa possa aproveitar essas condi\u00e7\u00f5es vantajosas, ent\u00e3o n\u00f3s da Amaral Yazbek Advogados, estamos \u00e0 disposi\u00e7\u00e3o para avaliar se essa \u00e9 a melhor op\u00e7\u00e3o para sua empresa e tirar qualquer d\u00favida sobre o tema.<a><\/a><\/p>\n\n\n\n<p>\u00c9 isso, ouvintes! Obrigada por nos acompanhar em mais um epis\u00f3dio. N\u00e3o se esque\u00e7a de seguir nosso DINcast e compartilhar com seus colegas. At\u00e9 a pr\u00f3xima!<\/p>\n\n\n\n<figure class=\"wp-block-embed is-type-rich is-provider-spotify wp-block-embed-spotify wp-embed-aspect-21-9 wp-has-aspect-ratio\"><div class=\"wp-block-embed__wrapper\">\n<iframe title=\"Spotify Embed: A decis\u00e3o judicial que autorizou a exclus\u00e3o do PIS e COFINS da pr\u00f3pria base de c\u00e1lculo\" style=\"border-radius: 12px\" width=\"100%\" height=\"152\" frameborder=\"0\" allowfullscreen allow=\"autoplay; clipboard-write; encrypted-media; fullscreen; picture-in-picture\" loading=\"lazy\" src=\"https:\/\/open.spotify.com\/embed\/episode\/1PxbYG5yAElS86dQCFSdwf?si=193f55c6d6714b2d&#038;utm_source=oembed\"><\/iframe>\n<\/div><\/figure>\n\n\n\n<hr class=\"wp-block-separator has-text-color has-palette-color-1-color has-css-opacity has-palette-color-1-background-color has-background is-style-dots\"\/>\n\n\n\n<div class=\"wp-block-group has-palette-color-6-background-color has-background is-layout-flow wp-block-group-is-layout-flow\">\n<p style=\"font-size:0.8em\">A Amaral,\u00a0Yazbek, OAB\/PR 762, possui 36 anos de experi\u00eancia auxiliando empresas a transformar a tributa\u00e7\u00e3o em lucro. Entre em contato com um dos s\u00f3cios para agendamento de reuni\u00e3o em caso de d\u00favidas.\u00a0\u00a0\u00a0<\/p>\n\n\n\n<p style=\"font-size:0.8em\">Contato: 41 3595-8300 ou pelo nosso WhatsApp 41 99567-5696\u00a0\u00a0\u00a0<\/p>\n\n\n\n<p style=\"font-size:0.8em\">Av. C\u00e2ndido Hartmann, 50 \u2013\u00a0Bigorrilho\u00a0| Curitiba-PR\u00a0\u00a0\u00a0<\/p>\n\n\n\n<p style=\"font-size:0.8em\">Assine nossa <a href=\"http:\/\/ayadvogados.com.br\/contato\/\">Newsletter<\/a> e fique por dentro das novidades!\u00a0\u00a0\u00a0<\/p>\n\n\n\n<p style=\"font-size:0.8em\">Quer receber seu exemplar da revista Governan\u00e7a Jur\u00eddica? <a href=\"http:\/\/ayadvogados.com.br\/revista\/\" data-type=\"page\" data-id=\"68\">Clique\u00a0aqui\u00a0e pe\u00e7a a sua<\/a>.\u00a0\u00a0\u00a0<\/p>\n\n\n\n<p style=\"font-size:0.8em\">Nos acompanhe nas redes sociais:\u00a0<a href=\"https:\/\/www.facebook.com\/AYadvogados\">Facebook<\/a>\u00a0|\u00a0<a href=\"https:\/\/www.instagram.com\/ayadvogados\/\">Instagram<\/a>\u00a0|\u00a0<a href=\"https:\/\/www.linkedin.com\/company\/amaral-yazbek-advogados\">Linkedin<\/a>\u00a0<\/p>\n\n\n\n<p style=\"font-size:0.8em\">J\u00e1 conhece o canal Direito da Intelig\u00eancia de Neg\u00f3cios?\u00a0<a href=\"https:\/\/www.youtube.com\/channel\/UCu2Mpu32ht8DEN8OFRXYMyw\">Inscreva-se j\u00e1<\/a><\/p>\n<\/div>\n","protected":false},"excerpt":{"rendered":"<p>A decis\u00e3o judicial que autorizou a exclus\u00e3o do PIS e COFINS da pr\u00f3pria base de c\u00e1lculo Recentemente se teve not\u00edcia de uma liminar concedida pela Justi\u00e7a Federal que excluiu o PIS e a Cofins da pr\u00f3pria base de c\u00e1lculo. A decis\u00e3o, do juiz federal Paulo Cezar Duran, da 10\u00aa Vara C\u00edvel Federal de S\u00e3o Paulo, [&hellip;]<\/p>\n","protected":false},"author":3,"featured_media":3445,"comment_status":"open","ping_status":"open","sticky":false,"template":"","format":"standard","meta":{"footnotes":""},"categories":[5],"tags":[9,10,123,124,45,96],"class_list":["post-3443","post","type-post","status-publish","format-standard","has-post-thumbnail","hentry","category-dincast","tag-amaral-yazbek","tag-dincast","tag-dividas","tag-nova-forma-de-regularizar","tag-receita-federal","tag-reforma-tributaria"],"blocksy_meta":{"styles_descriptor":{"styles":{"desktop":"","tablet":"","mobile":""},"google_fonts":[],"version":6}},"yoast_head":"<!-- This site is optimized with the Yoast SEO plugin v27.5 - https:\/\/yoast.com\/product\/yoast-seo-wordpress\/ -->\n<title>A decis\u00e3o judicial que autorizou a exclus\u00e3o do PIS e COFINS da pr\u00f3pria base de c\u00e1lculo<\/title>\n<meta name=\"description\" content=\"A decis\u00e3o judicial que autorizou a exclus\u00e3o do PIS e COFINS da pr\u00f3pria base de c\u00e1lculo\" \/>\n<meta name=\"robots\" content=\"index, follow, max-snippet:-1, max-image-preview:large, max-video-preview:-1\" \/>\n<link rel=\"canonical\" href=\"https:\/\/www.ayadvogados.com.br\/?p=3443\" \/>\n<meta property=\"og:locale\" content=\"pt_BR\" \/>\n<meta property=\"og:type\" content=\"article\" \/>\n<meta property=\"og:title\" content=\"A decis\u00e3o judicial que autorizou a exclus\u00e3o do PIS e COFINS da pr\u00f3pria base de c\u00e1lculo\" \/>\n<meta property=\"og:description\" content=\"A decis\u00e3o judicial que autorizou a exclus\u00e3o do PIS e COFINS da pr\u00f3pria base de c\u00e1lculo\" \/>\n<meta property=\"og:url\" content=\"https:\/\/www.ayadvogados.com.br\/?p=3443\" \/>\n<meta property=\"og:site_name\" content=\"Amaral, Yazbek Advogados\" \/>\n<meta property=\"article:publisher\" content=\"https:\/\/www.facebook.com\/AYadvogados\" \/>\n<meta property=\"article:published_time\" content=\"2024-08-13T19:09:57+00:00\" \/>\n<meta property=\"article:modified_time\" content=\"2024-08-13T19:24:43+00:00\" \/>\n<meta property=\"og:image\" content=\"https:\/\/www.ayadvogados.com.br\/wp-content\/uploads\/2024\/08\/Banner-reels-copiar-6.png\" \/>\n\t<meta property=\"og:image:width\" content=\"1920\" \/>\n\t<meta property=\"og:image:height\" content=\"1080\" \/>\n\t<meta property=\"og:image:type\" content=\"image\/png\" \/>\n<meta name=\"author\" content=\"Infra\" \/>\n<meta name=\"twitter:card\" content=\"summary_large_image\" \/>\n<meta name=\"twitter:label1\" content=\"Escrito por\" \/>\n\t<meta name=\"twitter:data1\" content=\"Infra\" \/>\n\t<meta name=\"twitter:label2\" content=\"Est. tempo de leitura\" \/>\n\t<meta name=\"twitter:data2\" content=\"6 minutos\" \/>\n<script type=\"application\/ld+json\" class=\"yoast-schema-graph\">{\"@context\":\"https:\\\/\\\/schema.org\",\"@graph\":[{\"@type\":\"Article\",\"@id\":\"https:\\\/\\\/www.ayadvogados.com.br\\\/?p=3443#article\",\"isPartOf\":{\"@id\":\"https:\\\/\\\/www.ayadvogados.com.br\\\/?p=3443\"},\"author\":{\"name\":\"Infra\",\"@id\":\"https:\\\/\\\/34.239.117.254\\\/#\\\/schema\\\/person\\\/6b9165a58758b048b8ea5a4fbd4ec3c4\"},\"headline\":\"A decis\u00e3o judicial que autorizou a exclus\u00e3o do PIS e COFINS da pr\u00f3pria base de c\u00e1lculo\",\"datePublished\":\"2024-08-13T19:09:57+00:00\",\"dateModified\":\"2024-08-13T19:24:43+00:00\",\"mainEntityOfPage\":{\"@id\":\"https:\\\/\\\/www.ayadvogados.com.br\\\/?p=3443\"},\"wordCount\":1161,\"commentCount\":0,\"publisher\":{\"@id\":\"https:\\\/\\\/34.239.117.254\\\/#organization\"},\"image\":{\"@id\":\"https:\\\/\\\/www.ayadvogados.com.br\\\/?p=3443#primaryimage\"},\"thumbnailUrl\":\"https:\\\/\\\/www.ayadvogados.com.br\\\/wp-content\\\/uploads\\\/2024\\\/08\\\/Banner-reels-copiar-6.png\",\"keywords\":[\"amaral yazbek\",\"dincast\",\"dividas\",\"nova forma de regularizar\",\"receita federal\",\"Reforma Tribut\u00e1ria\"],\"articleSection\":[\"DINCast\"],\"inLanguage\":\"pt-BR\",\"potentialAction\":[{\"@type\":\"CommentAction\",\"name\":\"Comment\",\"target\":[\"https:\\\/\\\/www.ayadvogados.com.br\\\/?p=3443#respond\"]}]},{\"@type\":\"WebPage\",\"@id\":\"https:\\\/\\\/www.ayadvogados.com.br\\\/?p=3443\",\"url\":\"https:\\\/\\\/www.ayadvogados.com.br\\\/?p=3443\",\"name\":\"A decis\u00e3o judicial que autorizou a exclus\u00e3o do PIS e COFINS da pr\u00f3pria base de c\u00e1lculo\",\"isPartOf\":{\"@id\":\"https:\\\/\\\/34.239.117.254\\\/#website\"},\"primaryImageOfPage\":{\"@id\":\"https:\\\/\\\/www.ayadvogados.com.br\\\/?p=3443#primaryimage\"},\"image\":{\"@id\":\"https:\\\/\\\/www.ayadvogados.com.br\\\/?p=3443#primaryimage\"},\"thumbnailUrl\":\"https:\\\/\\\/www.ayadvogados.com.br\\\/wp-content\\\/uploads\\\/2024\\\/08\\\/Banner-reels-copiar-6.png\",\"datePublished\":\"2024-08-13T19:09:57+00:00\",\"dateModified\":\"2024-08-13T19:24:43+00:00\",\"description\":\"A decis\u00e3o judicial que autorizou a exclus\u00e3o do PIS e COFINS da pr\u00f3pria base de c\u00e1lculo\",\"breadcrumb\":{\"@id\":\"https:\\\/\\\/www.ayadvogados.com.br\\\/?p=3443#breadcrumb\"},\"inLanguage\":\"pt-BR\",\"potentialAction\":[{\"@type\":\"ReadAction\",\"target\":[\"https:\\\/\\\/www.ayadvogados.com.br\\\/?p=3443\"]}]},{\"@type\":\"ImageObject\",\"inLanguage\":\"pt-BR\",\"@id\":\"https:\\\/\\\/www.ayadvogados.com.br\\\/?p=3443#primaryimage\",\"url\":\"https:\\\/\\\/www.ayadvogados.com.br\\\/wp-content\\\/uploads\\\/2024\\\/08\\\/Banner-reels-copiar-6.png\",\"contentUrl\":\"https:\\\/\\\/www.ayadvogados.com.br\\\/wp-content\\\/uploads\\\/2024\\\/08\\\/Banner-reels-copiar-6.png\",\"width\":1920,\"height\":1080},{\"@type\":\"BreadcrumbList\",\"@id\":\"https:\\\/\\\/www.ayadvogados.com.br\\\/?p=3443#breadcrumb\",\"itemListElement\":[{\"@type\":\"ListItem\",\"position\":1,\"name\":\"In\u00edcio\",\"item\":\"https:\\\/\\\/34.239.117.254\\\/\"},{\"@type\":\"ListItem\",\"position\":2,\"name\":\"A decis\u00e3o judicial que autorizou a exclus\u00e3o do PIS e COFINS da pr\u00f3pria base de c\u00e1lculo\"}]},{\"@type\":\"WebSite\",\"@id\":\"https:\\\/\\\/34.239.117.254\\\/#website\",\"url\":\"https:\\\/\\\/34.239.117.254\\\/\",\"name\":\"Amaral, Yazbek Advogados\",\"description\":\"Curitiba \u2022 Bras\u00edlia \u2022 S\u00e3o Paulo\",\"publisher\":{\"@id\":\"https:\\\/\\\/34.239.117.254\\\/#organization\"},\"potentialAction\":[{\"@type\":\"SearchAction\",\"target\":{\"@type\":\"EntryPoint\",\"urlTemplate\":\"https:\\\/\\\/34.239.117.254\\\/?s={search_term_string}\"},\"query-input\":{\"@type\":\"PropertyValueSpecification\",\"valueRequired\":true,\"valueName\":\"search_term_string\"}}],\"inLanguage\":\"pt-BR\"},{\"@type\":\"Organization\",\"@id\":\"https:\\\/\\\/34.239.117.254\\\/#organization\",\"name\":\"Amaral, Yazbek Advogados\",\"url\":\"https:\\\/\\\/34.239.117.254\\\/\",\"logo\":{\"@type\":\"ImageObject\",\"inLanguage\":\"pt-BR\",\"@id\":\"https:\\\/\\\/34.239.117.254\\\/#\\\/schema\\\/logo\\\/image\\\/\",\"url\":\"http:\\\/\\\/34.239.117.254\\\/wp-content\\\/uploads\\\/2021\\\/03\\\/logo-ay-g.png\",\"contentUrl\":\"http:\\\/\\\/34.239.117.254\\\/wp-content\\\/uploads\\\/2021\\\/03\\\/logo-ay-g.png\",\"width\":434,\"height\":106,\"caption\":\"Amaral, Yazbek Advogados\"},\"image\":{\"@id\":\"https:\\\/\\\/34.239.117.254\\\/#\\\/schema\\\/logo\\\/image\\\/\"},\"sameAs\":[\"https:\\\/\\\/www.facebook.com\\\/AYadvogados\",\"https:\\\/\\\/www.instagram.com\\\/ayadvogados\\\/\"]},{\"@type\":\"Person\",\"@id\":\"https:\\\/\\\/34.239.117.254\\\/#\\\/schema\\\/person\\\/6b9165a58758b048b8ea5a4fbd4ec3c4\",\"name\":\"Infra\",\"image\":{\"@type\":\"ImageObject\",\"inLanguage\":\"pt-BR\",\"@id\":\"https:\\\/\\\/secure.gravatar.com\\\/avatar\\\/60bf67293e186b9c834e31753dcc586dfcedb661d13b6b9ba29ac991ccafc035?s=96&d=mm&r=g\",\"url\":\"https:\\\/\\\/secure.gravatar.com\\\/avatar\\\/60bf67293e186b9c834e31753dcc586dfcedb661d13b6b9ba29ac991ccafc035?s=96&d=mm&r=g\",\"contentUrl\":\"https:\\\/\\\/secure.gravatar.com\\\/avatar\\\/60bf67293e186b9c834e31753dcc586dfcedb661d13b6b9ba29ac991ccafc035?s=96&d=mm&r=g\",\"caption\":\"Infra\"},\"url\":\"https:\\\/\\\/www.ayadvogados.com.br\\\/?author=3\"}]}<\/script>\n<!-- \/ Yoast SEO plugin. -->","yoast_head_json":{"title":"A decis\u00e3o judicial que autorizou a exclus\u00e3o do PIS e COFINS da pr\u00f3pria base de c\u00e1lculo","description":"A decis\u00e3o judicial que autorizou a exclus\u00e3o do PIS e COFINS da pr\u00f3pria base de c\u00e1lculo","robots":{"index":"index","follow":"follow","max-snippet":"max-snippet:-1","max-image-preview":"max-image-preview:large","max-video-preview":"max-video-preview:-1"},"canonical":"https:\/\/www.ayadvogados.com.br\/?p=3443","og_locale":"pt_BR","og_type":"article","og_title":"A decis\u00e3o judicial que autorizou a exclus\u00e3o do PIS e COFINS da pr\u00f3pria base de c\u00e1lculo","og_description":"A decis\u00e3o judicial que autorizou a exclus\u00e3o do PIS e COFINS da pr\u00f3pria base de c\u00e1lculo","og_url":"https:\/\/www.ayadvogados.com.br\/?p=3443","og_site_name":"Amaral, Yazbek Advogados","article_publisher":"https:\/\/www.facebook.com\/AYadvogados","article_published_time":"2024-08-13T19:09:57+00:00","article_modified_time":"2024-08-13T19:24:43+00:00","og_image":[{"width":1920,"height":1080,"url":"https:\/\/www.ayadvogados.com.br\/wp-content\/uploads\/2024\/08\/Banner-reels-copiar-6.png","type":"image\/png"}],"author":"Infra","twitter_card":"summary_large_image","twitter_misc":{"Escrito por":"Infra","Est. tempo de leitura":"6 minutos"},"schema":{"@context":"https:\/\/schema.org","@graph":[{"@type":"Article","@id":"https:\/\/www.ayadvogados.com.br\/?p=3443#article","isPartOf":{"@id":"https:\/\/www.ayadvogados.com.br\/?p=3443"},"author":{"name":"Infra","@id":"https:\/\/34.239.117.254\/#\/schema\/person\/6b9165a58758b048b8ea5a4fbd4ec3c4"},"headline":"A decis\u00e3o judicial que autorizou a exclus\u00e3o do PIS e COFINS da pr\u00f3pria base de c\u00e1lculo","datePublished":"2024-08-13T19:09:57+00:00","dateModified":"2024-08-13T19:24:43+00:00","mainEntityOfPage":{"@id":"https:\/\/www.ayadvogados.com.br\/?p=3443"},"wordCount":1161,"commentCount":0,"publisher":{"@id":"https:\/\/34.239.117.254\/#organization"},"image":{"@id":"https:\/\/www.ayadvogados.com.br\/?p=3443#primaryimage"},"thumbnailUrl":"https:\/\/www.ayadvogados.com.br\/wp-content\/uploads\/2024\/08\/Banner-reels-copiar-6.png","keywords":["amaral yazbek","dincast","dividas","nova forma de regularizar","receita federal","Reforma Tribut\u00e1ria"],"articleSection":["DINCast"],"inLanguage":"pt-BR","potentialAction":[{"@type":"CommentAction","name":"Comment","target":["https:\/\/www.ayadvogados.com.br\/?p=3443#respond"]}]},{"@type":"WebPage","@id":"https:\/\/www.ayadvogados.com.br\/?p=3443","url":"https:\/\/www.ayadvogados.com.br\/?p=3443","name":"A decis\u00e3o judicial que autorizou a exclus\u00e3o do PIS e COFINS da pr\u00f3pria base de c\u00e1lculo","isPartOf":{"@id":"https:\/\/34.239.117.254\/#website"},"primaryImageOfPage":{"@id":"https:\/\/www.ayadvogados.com.br\/?p=3443#primaryimage"},"image":{"@id":"https:\/\/www.ayadvogados.com.br\/?p=3443#primaryimage"},"thumbnailUrl":"https:\/\/www.ayadvogados.com.br\/wp-content\/uploads\/2024\/08\/Banner-reels-copiar-6.png","datePublished":"2024-08-13T19:09:57+00:00","dateModified":"2024-08-13T19:24:43+00:00","description":"A decis\u00e3o judicial que autorizou a exclus\u00e3o do PIS e COFINS da pr\u00f3pria base de c\u00e1lculo","breadcrumb":{"@id":"https:\/\/www.ayadvogados.com.br\/?p=3443#breadcrumb"},"inLanguage":"pt-BR","potentialAction":[{"@type":"ReadAction","target":["https:\/\/www.ayadvogados.com.br\/?p=3443"]}]},{"@type":"ImageObject","inLanguage":"pt-BR","@id":"https:\/\/www.ayadvogados.com.br\/?p=3443#primaryimage","url":"https:\/\/www.ayadvogados.com.br\/wp-content\/uploads\/2024\/08\/Banner-reels-copiar-6.png","contentUrl":"https:\/\/www.ayadvogados.com.br\/wp-content\/uploads\/2024\/08\/Banner-reels-copiar-6.png","width":1920,"height":1080},{"@type":"BreadcrumbList","@id":"https:\/\/www.ayadvogados.com.br\/?p=3443#breadcrumb","itemListElement":[{"@type":"ListItem","position":1,"name":"In\u00edcio","item":"https:\/\/34.239.117.254\/"},{"@type":"ListItem","position":2,"name":"A decis\u00e3o judicial que autorizou a exclus\u00e3o do PIS e COFINS da pr\u00f3pria base de c\u00e1lculo"}]},{"@type":"WebSite","@id":"https:\/\/34.239.117.254\/#website","url":"https:\/\/34.239.117.254\/","name":"Amaral, Yazbek Advogados","description":"Curitiba \u2022 Bras\u00edlia \u2022 S\u00e3o Paulo","publisher":{"@id":"https:\/\/34.239.117.254\/#organization"},"potentialAction":[{"@type":"SearchAction","target":{"@type":"EntryPoint","urlTemplate":"https:\/\/34.239.117.254\/?s={search_term_string}"},"query-input":{"@type":"PropertyValueSpecification","valueRequired":true,"valueName":"search_term_string"}}],"inLanguage":"pt-BR"},{"@type":"Organization","@id":"https:\/\/34.239.117.254\/#organization","name":"Amaral, Yazbek Advogados","url":"https:\/\/34.239.117.254\/","logo":{"@type":"ImageObject","inLanguage":"pt-BR","@id":"https:\/\/34.239.117.254\/#\/schema\/logo\/image\/","url":"http:\/\/34.239.117.254\/wp-content\/uploads\/2021\/03\/logo-ay-g.png","contentUrl":"http:\/\/34.239.117.254\/wp-content\/uploads\/2021\/03\/logo-ay-g.png","width":434,"height":106,"caption":"Amaral, Yazbek Advogados"},"image":{"@id":"https:\/\/34.239.117.254\/#\/schema\/logo\/image\/"},"sameAs":["https:\/\/www.facebook.com\/AYadvogados","https:\/\/www.instagram.com\/ayadvogados\/"]},{"@type":"Person","@id":"https:\/\/34.239.117.254\/#\/schema\/person\/6b9165a58758b048b8ea5a4fbd4ec3c4","name":"Infra","image":{"@type":"ImageObject","inLanguage":"pt-BR","@id":"https:\/\/secure.gravatar.com\/avatar\/60bf67293e186b9c834e31753dcc586dfcedb661d13b6b9ba29ac991ccafc035?s=96&d=mm&r=g","url":"https:\/\/secure.gravatar.com\/avatar\/60bf67293e186b9c834e31753dcc586dfcedb661d13b6b9ba29ac991ccafc035?s=96&d=mm&r=g","contentUrl":"https:\/\/secure.gravatar.com\/avatar\/60bf67293e186b9c834e31753dcc586dfcedb661d13b6b9ba29ac991ccafc035?s=96&d=mm&r=g","caption":"Infra"},"url":"https:\/\/www.ayadvogados.com.br\/?author=3"}]}},"rttpg_featured_image_url":{"full":["https:\/\/www.ayadvogados.com.br\/wp-content\/uploads\/2024\/08\/Banner-reels-copiar-6.png",1920,1080,false],"landscape":["https:\/\/www.ayadvogados.com.br\/wp-content\/uploads\/2024\/08\/Banner-reels-copiar-6.png",1920,1080,false],"portraits":["https:\/\/www.ayadvogados.com.br\/wp-content\/uploads\/2024\/08\/Banner-reels-copiar-6.png",1920,1080,false],"thumbnail":["https:\/\/www.ayadvogados.com.br\/wp-content\/uploads\/2024\/08\/Banner-reels-copiar-6-150x150.png",150,150,true],"medium":["https:\/\/www.ayadvogados.com.br\/wp-content\/uploads\/2024\/08\/Banner-reels-copiar-6-300x169.png",300,169,true],"large":["https:\/\/www.ayadvogados.com.br\/wp-content\/uploads\/2024\/08\/Banner-reels-copiar-6-1024x576.png",1024,576,true],"1536x1536":["https:\/\/www.ayadvogados.com.br\/wp-content\/uploads\/2024\/08\/Banner-reels-copiar-6-1536x864.png",1536,864,true],"2048x2048":["https:\/\/www.ayadvogados.com.br\/wp-content\/uploads\/2024\/08\/Banner-reels-copiar-6.png",1920,1080,false]},"rttpg_author":{"display_name":"Infra","author_link":"https:\/\/www.ayadvogados.com.br\/?author=3"},"rttpg_comment":0,"rttpg_category":"<a href=\"https:\/\/www.ayadvogados.com.br\/?cat=5\" rel=\"category\">DINCast<\/a>","rttpg_excerpt":"A decis\u00e3o judicial que autorizou a exclus\u00e3o do PIS e COFINS da pr\u00f3pria base de c\u00e1lculo Recentemente se teve not\u00edcia de uma liminar concedida pela Justi\u00e7a Federal que excluiu o PIS e a Cofins da pr\u00f3pria base de c\u00e1lculo. A decis\u00e3o, do juiz federal Paulo Cezar Duran, da 10\u00aa Vara C\u00edvel Federal de S\u00e3o Paulo,&hellip;","_links":{"self":[{"href":"https:\/\/www.ayadvogados.com.br\/index.php?rest_route=\/wp\/v2\/posts\/3443","targetHints":{"allow":["GET"]}}],"collection":[{"href":"https:\/\/www.ayadvogados.com.br\/index.php?rest_route=\/wp\/v2\/posts"}],"about":[{"href":"https:\/\/www.ayadvogados.com.br\/index.php?rest_route=\/wp\/v2\/types\/post"}],"author":[{"embeddable":true,"href":"https:\/\/www.ayadvogados.com.br\/index.php?rest_route=\/wp\/v2\/users\/3"}],"replies":[{"embeddable":true,"href":"https:\/\/www.ayadvogados.com.br\/index.php?rest_route=%2Fwp%2Fv2%2Fcomments&post=3443"}],"version-history":[{"count":2,"href":"https:\/\/www.ayadvogados.com.br\/index.php?rest_route=\/wp\/v2\/posts\/3443\/revisions"}],"predecessor-version":[{"id":3446,"href":"https:\/\/www.ayadvogados.com.br\/index.php?rest_route=\/wp\/v2\/posts\/3443\/revisions\/3446"}],"wp:featuredmedia":[{"embeddable":true,"href":"https:\/\/www.ayadvogados.com.br\/index.php?rest_route=\/wp\/v2\/media\/3445"}],"wp:attachment":[{"href":"https:\/\/www.ayadvogados.com.br\/index.php?rest_route=%2Fwp%2Fv2%2Fmedia&parent=3443"}],"wp:term":[{"taxonomy":"category","embeddable":true,"href":"https:\/\/www.ayadvogados.com.br\/index.php?rest_route=%2Fwp%2Fv2%2Fcategories&post=3443"},{"taxonomy":"post_tag","embeddable":true,"href":"https:\/\/www.ayadvogados.com.br\/index.php?rest_route=%2Fwp%2Fv2%2Ftags&post=3443"}],"curies":[{"name":"wp","href":"https:\/\/api.w.org\/{rel}","templated":true}]}}