{"id":3435,"date":"2024-08-06T10:12:46","date_gmt":"2024-08-06T13:12:46","guid":{"rendered":"http:\/\/34.239.117.254\/?p=3435"},"modified":"2024-08-06T10:20:03","modified_gmt":"2024-08-06T13:20:03","slug":"prorrogacao-do-prazo-para-adesao-ao-programa-litigios-zero","status":"publish","type":"post","link":"https:\/\/www.ayadvogados.com.br\/?p=3435","title":{"rendered":"Prorroga\u00e7\u00e3o do Prazo para Ades\u00e3o ao Programa Lit\u00edgios Zero"},"content":{"rendered":"\n<p><strong><strong><strong>Prorroga\u00e7\u00e3o do Prazo para Ades\u00e3o ao Programa Lit\u00edgios Zero<\/strong><\/strong><\/strong><\/p>\n\n\n\n<p>A partir de hoje, os contribuintes t\u00eam at\u00e9 o dia 31 de outubro para regularizar d\u00e9bitos com condi\u00e7\u00f5es especiais que ainda estejam em discuss\u00e3o administrativa, seja perante uma delegacia da Receita Federal ou mesmo perante o CARF, gra\u00e7as \u00e0 prorroga\u00e7\u00e3o do prazo para a ades\u00e3o ao programa Lit\u00edgios Zero, promovido no \u00e2mbito da Receita Federal.<\/p>\n\n\n\n<p>Inicialmente, esse programa se encerraria em 30 de julho de 2024. No entanto, com a nova portaria, o prazo foi estendido at\u00e9 o final de outubro. Esta \u00e9 uma nova oportunidade para quitar d\u00edvidas tribut\u00e1rias iguais ou inferiores a R$ 50 milh\u00f5es, com vantagens significativas, incluindo a redu\u00e7\u00e3o de at\u00e9 100% dos juros, multas e encargos, al\u00e9m da possibilidade de pagamento do saldo devedor em at\u00e9 120 parcelas mensais. Tamb\u00e9m \u00e9 poss\u00edvel utilizar o preju\u00edzo fiscal decorrente da base negativa da Contribui\u00e7\u00e3o Social sobre o Lucro L\u00edquido (CSLL) em at\u00e9 70% da d\u00edvida.<\/p>\n\n\n\n<p>Essas vantagens especiais se estendem a pessoas f\u00edsicas, microempresas e empresas de pequeno porte, incluindo entidades como Santas Casas de Miseric\u00f3rdia, cooperativas e demais organiza\u00e7\u00f5es da sociedade civil ou institui\u00e7\u00f5es de ensino, que t\u00eam um prazo facilitado de 140 meses para efetuar o pagamento. Para outros contribuintes, a concess\u00e3o dos descontos depende da avalia\u00e7\u00e3o da capacidade de pagamento, feita n\u00e3o pela Receita Federal, mas pela Procuradoria da Fazenda Nacional.<\/p>\n\n\n\n<p>\u00c9 importante destacar que, se houver alguma altera\u00e7\u00e3o na capacidade de pagamento da empresa, especialmente uma redu\u00e7\u00e3o, os contribuintes devem solicitar a revis\u00e3o dessa capacidade de pagamento antes de solicitar o benef\u00edcio da redu\u00e7\u00e3o dos valores, principalmente das multas e dos juros.<\/p>\n\n\n\n<p>No contexto da Receita Federal, os encargos legais n\u00e3o s\u00e3o acrescidos como ocorre ap\u00f3s a inscri\u00e7\u00e3o da d\u00edvida em d\u00edvida ativa. Na Amaral Yazbek, estamos \u00e0 disposi\u00e7\u00e3o para realizar essas consultas, auxiliar na ades\u00e3o ao programa e avaliar se essa \u00e9 a melhor op\u00e7\u00e3o para sua empresa. Nosso objetivo \u00e9 garantir que sua empresa possa aproveitar essas condi\u00e7\u00f5es vantajosas, sem que o governo se preocupe apenas em arrecadar mais impostos, mas sim em melhorar as condi\u00e7\u00f5es econ\u00f4micas do pa\u00eds.<\/p>\n\n\n\n<p>\u00c9 isso, ouvintes! Obrigada por nos acompanhar em mais um epis\u00f3dio. N\u00e3o se esque\u00e7a de seguir nosso DINcast e compartilhar com seus colegas. At\u00e9 a pr\u00f3xima!<\/p>\n\n\n\n<figure class=\"wp-block-embed is-type-rich is-provider-spotify wp-block-embed-spotify wp-embed-aspect-21-9 wp-has-aspect-ratio\"><div class=\"wp-block-embed__wrapper\">\n<iframe title=\"Spotify Embed: Prorroga\u00e7\u00e3o do Prazo para Ades\u00e3o ao Programa Lit\u00edgios Zero\" style=\"border-radius: 12px\" width=\"100%\" height=\"152\" frameborder=\"0\" allowfullscreen allow=\"autoplay; clipboard-write; encrypted-media; fullscreen; picture-in-picture\" loading=\"lazy\" src=\"https:\/\/open.spotify.com\/embed\/episode\/76ez8UKANMOFZHjRO2Ti7G?si=6f7149e68d2a408f&#038;utm_source=oembed\"><\/iframe>\n<\/div><\/figure>\n\n\n\n<hr class=\"wp-block-separator has-text-color has-palette-color-1-color has-css-opacity has-palette-color-1-background-color has-background is-style-dots\"\/>\n\n\n\n<div class=\"wp-block-group has-palette-color-6-background-color has-background is-layout-flow wp-block-group-is-layout-flow\">\n<p style=\"font-size:0.8em\">A Amaral,\u00a0Yazbek, OAB\/PR 762, possui 36 anos de experi\u00eancia auxiliando empresas a transformar a tributa\u00e7\u00e3o em lucro. Entre em contato com um dos s\u00f3cios para agendamento de reuni\u00e3o em caso de d\u00favidas.\u00a0\u00a0\u00a0<\/p>\n\n\n\n<p style=\"font-size:0.8em\">Contato: 41 3595-8300 ou pelo nosso WhatsApp 41 99567-5696\u00a0\u00a0\u00a0<\/p>\n\n\n\n<p style=\"font-size:0.8em\">Av. C\u00e2ndido Hartmann, 50 \u2013\u00a0Bigorrilho\u00a0| Curitiba-PR\u00a0\u00a0\u00a0<\/p>\n\n\n\n<p style=\"font-size:0.8em\">Assine nossa <a href=\"http:\/\/ayadvogados.com.br\/contato\/\">Newsletter<\/a> e fique por dentro das novidades!\u00a0\u00a0\u00a0<\/p>\n\n\n\n<p style=\"font-size:0.8em\">Quer receber seu exemplar da revista Governan\u00e7a Jur\u00eddica? <a href=\"http:\/\/ayadvogados.com.br\/revista\/\" data-type=\"page\" data-id=\"68\">Clique\u00a0aqui\u00a0e pe\u00e7a a sua<\/a>.\u00a0\u00a0\u00a0<\/p>\n\n\n\n<p style=\"font-size:0.8em\">Nos acompanhe nas redes sociais:\u00a0<a href=\"https:\/\/www.facebook.com\/AYadvogados\">Facebook<\/a>\u00a0|\u00a0<a href=\"https:\/\/www.instagram.com\/ayadvogados\/\">Instagram<\/a>\u00a0|\u00a0<a href=\"https:\/\/www.linkedin.com\/company\/amaral-yazbek-advogados\">Linkedin<\/a>\u00a0<\/p>\n\n\n\n<p style=\"font-size:0.8em\">J\u00e1 conhece o canal Direito da Intelig\u00eancia de Neg\u00f3cios?\u00a0<a href=\"https:\/\/www.youtube.com\/channel\/UCu2Mpu32ht8DEN8OFRXYMyw\">Inscreva-se j\u00e1<\/a><\/p>\n<\/div>\n","protected":false},"excerpt":{"rendered":"<p>Prorroga\u00e7\u00e3o do Prazo para Ades\u00e3o ao Programa Lit\u00edgios Zero A partir de hoje, os contribuintes t\u00eam at\u00e9 o dia 31 de outubro para regularizar d\u00e9bitos com condi\u00e7\u00f5es especiais que ainda estejam em discuss\u00e3o administrativa, seja perante uma delegacia da Receita Federal ou mesmo perante o CARF, gra\u00e7as \u00e0 prorroga\u00e7\u00e3o do prazo para a ades\u00e3o ao [&hellip;]<\/p>\n","protected":false},"author":3,"featured_media":3437,"comment_status":"open","ping_status":"open","sticky":false,"template":"","format":"standard","meta":{"footnotes":""},"categories":[5],"tags":[9,10,123,124,45,96],"class_list":["post-3435","post","type-post","status-publish","format-standard","has-post-thumbnail","hentry","category-dincast","tag-amaral-yazbek","tag-dincast","tag-dividas","tag-nova-forma-de-regularizar","tag-receita-federal","tag-reforma-tributaria"],"blocksy_meta":{"styles_descriptor":{"styles":{"desktop":"","tablet":"","mobile":""},"google_fonts":[],"version":6}},"yoast_head":"<!-- This site is optimized with the Yoast SEO plugin v27.5 - https:\/\/yoast.com\/product\/yoast-seo-wordpress\/ -->\n<title>Prorroga\u00e7\u00e3o do Prazo para Ades\u00e3o ao Programa Lit\u00edgios Zero<\/title>\n<meta name=\"description\" content=\"Prorroga\u00e7\u00e3o do Prazo para Ades\u00e3o ao Programa Lit\u00edgios Zero; esse programa se encerraria em 30 de julho de 2024.\" \/>\n<meta name=\"robots\" content=\"index, follow, max-snippet:-1, max-image-preview:large, max-video-preview:-1\" \/>\n<link rel=\"canonical\" href=\"https:\/\/www.ayadvogados.com.br\/?p=3435\" \/>\n<meta property=\"og:locale\" content=\"pt_BR\" \/>\n<meta property=\"og:type\" content=\"article\" \/>\n<meta property=\"og:title\" content=\"Prorroga\u00e7\u00e3o do Prazo para Ades\u00e3o ao Programa Lit\u00edgios Zero\" \/>\n<meta property=\"og:description\" content=\"Prorroga\u00e7\u00e3o do Prazo para Ades\u00e3o ao Programa Lit\u00edgios Zero; esse programa se encerraria em 30 de julho de 2024.\" \/>\n<meta property=\"og:url\" content=\"https:\/\/www.ayadvogados.com.br\/?p=3435\" \/>\n<meta property=\"og:site_name\" content=\"Amaral, Yazbek Advogados\" \/>\n<meta property=\"article:publisher\" content=\"https:\/\/www.facebook.com\/AYadvogados\" \/>\n<meta property=\"article:published_time\" content=\"2024-08-06T13:12:46+00:00\" \/>\n<meta property=\"article:modified_time\" content=\"2024-08-06T13:20:03+00:00\" \/>\n<meta property=\"og:image\" content=\"https:\/\/www.ayadvogados.com.br\/wp-content\/uploads\/2024\/08\/Banner-reels-copiar-5.png\" \/>\n\t<meta property=\"og:image:width\" content=\"1920\" \/>\n\t<meta property=\"og:image:height\" content=\"1080\" \/>\n\t<meta property=\"og:image:type\" content=\"image\/png\" \/>\n<meta name=\"author\" content=\"Infra\" \/>\n<meta name=\"twitter:card\" content=\"summary_large_image\" \/>\n<meta name=\"twitter:label1\" content=\"Escrito por\" \/>\n\t<meta name=\"twitter:data1\" content=\"Infra\" \/>\n\t<meta name=\"twitter:label2\" content=\"Est. tempo de leitura\" \/>\n\t<meta name=\"twitter:data2\" content=\"3 minutos\" \/>\n<script type=\"application\/ld+json\" class=\"yoast-schema-graph\">{\"@context\":\"https:\\\/\\\/schema.org\",\"@graph\":[{\"@type\":\"Article\",\"@id\":\"https:\\\/\\\/www.ayadvogados.com.br\\\/?p=3435#article\",\"isPartOf\":{\"@id\":\"https:\\\/\\\/www.ayadvogados.com.br\\\/?p=3435\"},\"author\":{\"name\":\"Infra\",\"@id\":\"https:\\\/\\\/34.239.117.254\\\/#\\\/schema\\\/person\\\/6b9165a58758b048b8ea5a4fbd4ec3c4\"},\"headline\":\"Prorroga\u00e7\u00e3o do Prazo para Ades\u00e3o ao Programa Lit\u00edgios Zero\",\"datePublished\":\"2024-08-06T13:12:46+00:00\",\"dateModified\":\"2024-08-06T13:20:03+00:00\",\"mainEntityOfPage\":{\"@id\":\"https:\\\/\\\/www.ayadvogados.com.br\\\/?p=3435\"},\"wordCount\":436,\"commentCount\":0,\"publisher\":{\"@id\":\"https:\\\/\\\/34.239.117.254\\\/#organization\"},\"image\":{\"@id\":\"https:\\\/\\\/www.ayadvogados.com.br\\\/?p=3435#primaryimage\"},\"thumbnailUrl\":\"https:\\\/\\\/www.ayadvogados.com.br\\\/wp-content\\\/uploads\\\/2024\\\/08\\\/Banner-reels-copiar-5.png\",\"keywords\":[\"amaral yazbek\",\"dincast\",\"dividas\",\"nova forma de regularizar\",\"receita federal\",\"Reforma Tribut\u00e1ria\"],\"articleSection\":[\"DINCast\"],\"inLanguage\":\"pt-BR\",\"potentialAction\":[{\"@type\":\"CommentAction\",\"name\":\"Comment\",\"target\":[\"https:\\\/\\\/www.ayadvogados.com.br\\\/?p=3435#respond\"]}]},{\"@type\":\"WebPage\",\"@id\":\"https:\\\/\\\/www.ayadvogados.com.br\\\/?p=3435\",\"url\":\"https:\\\/\\\/www.ayadvogados.com.br\\\/?p=3435\",\"name\":\"Prorroga\u00e7\u00e3o do Prazo para Ades\u00e3o ao Programa Lit\u00edgios Zero\",\"isPartOf\":{\"@id\":\"https:\\\/\\\/34.239.117.254\\\/#website\"},\"primaryImageOfPage\":{\"@id\":\"https:\\\/\\\/www.ayadvogados.com.br\\\/?p=3435#primaryimage\"},\"image\":{\"@id\":\"https:\\\/\\\/www.ayadvogados.com.br\\\/?p=3435#primaryimage\"},\"thumbnailUrl\":\"https:\\\/\\\/www.ayadvogados.com.br\\\/wp-content\\\/uploads\\\/2024\\\/08\\\/Banner-reels-copiar-5.png\",\"datePublished\":\"2024-08-06T13:12:46+00:00\",\"dateModified\":\"2024-08-06T13:20:03+00:00\",\"description\":\"Prorroga\u00e7\u00e3o do Prazo para Ades\u00e3o ao Programa Lit\u00edgios Zero; esse programa se encerraria em 30 de julho de 2024.\",\"breadcrumb\":{\"@id\":\"https:\\\/\\\/www.ayadvogados.com.br\\\/?p=3435#breadcrumb\"},\"inLanguage\":\"pt-BR\",\"potentialAction\":[{\"@type\":\"ReadAction\",\"target\":[\"https:\\\/\\\/www.ayadvogados.com.br\\\/?p=3435\"]}]},{\"@type\":\"ImageObject\",\"inLanguage\":\"pt-BR\",\"@id\":\"https:\\\/\\\/www.ayadvogados.com.br\\\/?p=3435#primaryimage\",\"url\":\"https:\\\/\\\/www.ayadvogados.com.br\\\/wp-content\\\/uploads\\\/2024\\\/08\\\/Banner-reels-copiar-5.png\",\"contentUrl\":\"https:\\\/\\\/www.ayadvogados.com.br\\\/wp-content\\\/uploads\\\/2024\\\/08\\\/Banner-reels-copiar-5.png\",\"width\":1920,\"height\":1080,\"caption\":\"Prorroga\u00e7\u00e3o do Prazo para Ades\u00e3o ao Programa Lit\u00edgios Zero\"},{\"@type\":\"BreadcrumbList\",\"@id\":\"https:\\\/\\\/www.ayadvogados.com.br\\\/?p=3435#breadcrumb\",\"itemListElement\":[{\"@type\":\"ListItem\",\"position\":1,\"name\":\"In\u00edcio\",\"item\":\"https:\\\/\\\/34.239.117.254\\\/\"},{\"@type\":\"ListItem\",\"position\":2,\"name\":\"Prorroga\u00e7\u00e3o do Prazo para Ades\u00e3o ao Programa Lit\u00edgios Zero\"}]},{\"@type\":\"WebSite\",\"@id\":\"https:\\\/\\\/34.239.117.254\\\/#website\",\"url\":\"https:\\\/\\\/34.239.117.254\\\/\",\"name\":\"Amaral, Yazbek Advogados\",\"description\":\"Curitiba \u2022 Bras\u00edlia \u2022 S\u00e3o Paulo\",\"publisher\":{\"@id\":\"https:\\\/\\\/34.239.117.254\\\/#organization\"},\"potentialAction\":[{\"@type\":\"SearchAction\",\"target\":{\"@type\":\"EntryPoint\",\"urlTemplate\":\"https:\\\/\\\/34.239.117.254\\\/?s={search_term_string}\"},\"query-input\":{\"@type\":\"PropertyValueSpecification\",\"valueRequired\":true,\"valueName\":\"search_term_string\"}}],\"inLanguage\":\"pt-BR\"},{\"@type\":\"Organization\",\"@id\":\"https:\\\/\\\/34.239.117.254\\\/#organization\",\"name\":\"Amaral, Yazbek Advogados\",\"url\":\"https:\\\/\\\/34.239.117.254\\\/\",\"logo\":{\"@type\":\"ImageObject\",\"inLanguage\":\"pt-BR\",\"@id\":\"https:\\\/\\\/34.239.117.254\\\/#\\\/schema\\\/logo\\\/image\\\/\",\"url\":\"http:\\\/\\\/34.239.117.254\\\/wp-content\\\/uploads\\\/2021\\\/03\\\/logo-ay-g.png\",\"contentUrl\":\"http:\\\/\\\/34.239.117.254\\\/wp-content\\\/uploads\\\/2021\\\/03\\\/logo-ay-g.png\",\"width\":434,\"height\":106,\"caption\":\"Amaral, Yazbek Advogados\"},\"image\":{\"@id\":\"https:\\\/\\\/34.239.117.254\\\/#\\\/schema\\\/logo\\\/image\\\/\"},\"sameAs\":[\"https:\\\/\\\/www.facebook.com\\\/AYadvogados\",\"https:\\\/\\\/www.instagram.com\\\/ayadvogados\\\/\"]},{\"@type\":\"Person\",\"@id\":\"https:\\\/\\\/34.239.117.254\\\/#\\\/schema\\\/person\\\/6b9165a58758b048b8ea5a4fbd4ec3c4\",\"name\":\"Infra\",\"image\":{\"@type\":\"ImageObject\",\"inLanguage\":\"pt-BR\",\"@id\":\"https:\\\/\\\/secure.gravatar.com\\\/avatar\\\/60bf67293e186b9c834e31753dcc586dfcedb661d13b6b9ba29ac991ccafc035?s=96&d=mm&r=g\",\"url\":\"https:\\\/\\\/secure.gravatar.com\\\/avatar\\\/60bf67293e186b9c834e31753dcc586dfcedb661d13b6b9ba29ac991ccafc035?s=96&d=mm&r=g\",\"contentUrl\":\"https:\\\/\\\/secure.gravatar.com\\\/avatar\\\/60bf67293e186b9c834e31753dcc586dfcedb661d13b6b9ba29ac991ccafc035?s=96&d=mm&r=g\",\"caption\":\"Infra\"},\"url\":\"https:\\\/\\\/www.ayadvogados.com.br\\\/?author=3\"}]}<\/script>\n<!-- \/ Yoast SEO plugin. -->","yoast_head_json":{"title":"Prorroga\u00e7\u00e3o do Prazo para Ades\u00e3o ao Programa Lit\u00edgios Zero","description":"Prorroga\u00e7\u00e3o do Prazo para Ades\u00e3o ao Programa Lit\u00edgios Zero; esse programa se encerraria em 30 de julho de 2024.","robots":{"index":"index","follow":"follow","max-snippet":"max-snippet:-1","max-image-preview":"max-image-preview:large","max-video-preview":"max-video-preview:-1"},"canonical":"https:\/\/www.ayadvogados.com.br\/?p=3435","og_locale":"pt_BR","og_type":"article","og_title":"Prorroga\u00e7\u00e3o do Prazo para Ades\u00e3o ao Programa Lit\u00edgios Zero","og_description":"Prorroga\u00e7\u00e3o do Prazo para Ades\u00e3o ao Programa Lit\u00edgios Zero; esse programa se encerraria em 30 de julho de 2024.","og_url":"https:\/\/www.ayadvogados.com.br\/?p=3435","og_site_name":"Amaral, Yazbek Advogados","article_publisher":"https:\/\/www.facebook.com\/AYadvogados","article_published_time":"2024-08-06T13:12:46+00:00","article_modified_time":"2024-08-06T13:20:03+00:00","og_image":[{"width":1920,"height":1080,"url":"https:\/\/www.ayadvogados.com.br\/wp-content\/uploads\/2024\/08\/Banner-reels-copiar-5.png","type":"image\/png"}],"author":"Infra","twitter_card":"summary_large_image","twitter_misc":{"Escrito por":"Infra","Est. tempo de leitura":"3 minutos"},"schema":{"@context":"https:\/\/schema.org","@graph":[{"@type":"Article","@id":"https:\/\/www.ayadvogados.com.br\/?p=3435#article","isPartOf":{"@id":"https:\/\/www.ayadvogados.com.br\/?p=3435"},"author":{"name":"Infra","@id":"https:\/\/34.239.117.254\/#\/schema\/person\/6b9165a58758b048b8ea5a4fbd4ec3c4"},"headline":"Prorroga\u00e7\u00e3o do Prazo para Ades\u00e3o ao Programa Lit\u00edgios Zero","datePublished":"2024-08-06T13:12:46+00:00","dateModified":"2024-08-06T13:20:03+00:00","mainEntityOfPage":{"@id":"https:\/\/www.ayadvogados.com.br\/?p=3435"},"wordCount":436,"commentCount":0,"publisher":{"@id":"https:\/\/34.239.117.254\/#organization"},"image":{"@id":"https:\/\/www.ayadvogados.com.br\/?p=3435#primaryimage"},"thumbnailUrl":"https:\/\/www.ayadvogados.com.br\/wp-content\/uploads\/2024\/08\/Banner-reels-copiar-5.png","keywords":["amaral yazbek","dincast","dividas","nova forma de regularizar","receita federal","Reforma Tribut\u00e1ria"],"articleSection":["DINCast"],"inLanguage":"pt-BR","potentialAction":[{"@type":"CommentAction","name":"Comment","target":["https:\/\/www.ayadvogados.com.br\/?p=3435#respond"]}]},{"@type":"WebPage","@id":"https:\/\/www.ayadvogados.com.br\/?p=3435","url":"https:\/\/www.ayadvogados.com.br\/?p=3435","name":"Prorroga\u00e7\u00e3o do Prazo para Ades\u00e3o ao Programa Lit\u00edgios Zero","isPartOf":{"@id":"https:\/\/34.239.117.254\/#website"},"primaryImageOfPage":{"@id":"https:\/\/www.ayadvogados.com.br\/?p=3435#primaryimage"},"image":{"@id":"https:\/\/www.ayadvogados.com.br\/?p=3435#primaryimage"},"thumbnailUrl":"https:\/\/www.ayadvogados.com.br\/wp-content\/uploads\/2024\/08\/Banner-reels-copiar-5.png","datePublished":"2024-08-06T13:12:46+00:00","dateModified":"2024-08-06T13:20:03+00:00","description":"Prorroga\u00e7\u00e3o do Prazo para Ades\u00e3o ao Programa Lit\u00edgios Zero; esse programa se encerraria em 30 de julho de 2024.","breadcrumb":{"@id":"https:\/\/www.ayadvogados.com.br\/?p=3435#breadcrumb"},"inLanguage":"pt-BR","potentialAction":[{"@type":"ReadAction","target":["https:\/\/www.ayadvogados.com.br\/?p=3435"]}]},{"@type":"ImageObject","inLanguage":"pt-BR","@id":"https:\/\/www.ayadvogados.com.br\/?p=3435#primaryimage","url":"https:\/\/www.ayadvogados.com.br\/wp-content\/uploads\/2024\/08\/Banner-reels-copiar-5.png","contentUrl":"https:\/\/www.ayadvogados.com.br\/wp-content\/uploads\/2024\/08\/Banner-reels-copiar-5.png","width":1920,"height":1080,"caption":"Prorroga\u00e7\u00e3o do Prazo para Ades\u00e3o ao Programa Lit\u00edgios Zero"},{"@type":"BreadcrumbList","@id":"https:\/\/www.ayadvogados.com.br\/?p=3435#breadcrumb","itemListElement":[{"@type":"ListItem","position":1,"name":"In\u00edcio","item":"https:\/\/34.239.117.254\/"},{"@type":"ListItem","position":2,"name":"Prorroga\u00e7\u00e3o do Prazo para Ades\u00e3o ao Programa Lit\u00edgios Zero"}]},{"@type":"WebSite","@id":"https:\/\/34.239.117.254\/#website","url":"https:\/\/34.239.117.254\/","name":"Amaral, Yazbek Advogados","description":"Curitiba \u2022 Bras\u00edlia \u2022 S\u00e3o Paulo","publisher":{"@id":"https:\/\/34.239.117.254\/#organization"},"potentialAction":[{"@type":"SearchAction","target":{"@type":"EntryPoint","urlTemplate":"https:\/\/34.239.117.254\/?s={search_term_string}"},"query-input":{"@type":"PropertyValueSpecification","valueRequired":true,"valueName":"search_term_string"}}],"inLanguage":"pt-BR"},{"@type":"Organization","@id":"https:\/\/34.239.117.254\/#organization","name":"Amaral, Yazbek Advogados","url":"https:\/\/34.239.117.254\/","logo":{"@type":"ImageObject","inLanguage":"pt-BR","@id":"https:\/\/34.239.117.254\/#\/schema\/logo\/image\/","url":"http:\/\/34.239.117.254\/wp-content\/uploads\/2021\/03\/logo-ay-g.png","contentUrl":"http:\/\/34.239.117.254\/wp-content\/uploads\/2021\/03\/logo-ay-g.png","width":434,"height":106,"caption":"Amaral, Yazbek Advogados"},"image":{"@id":"https:\/\/34.239.117.254\/#\/schema\/logo\/image\/"},"sameAs":["https:\/\/www.facebook.com\/AYadvogados","https:\/\/www.instagram.com\/ayadvogados\/"]},{"@type":"Person","@id":"https:\/\/34.239.117.254\/#\/schema\/person\/6b9165a58758b048b8ea5a4fbd4ec3c4","name":"Infra","image":{"@type":"ImageObject","inLanguage":"pt-BR","@id":"https:\/\/secure.gravatar.com\/avatar\/60bf67293e186b9c834e31753dcc586dfcedb661d13b6b9ba29ac991ccafc035?s=96&d=mm&r=g","url":"https:\/\/secure.gravatar.com\/avatar\/60bf67293e186b9c834e31753dcc586dfcedb661d13b6b9ba29ac991ccafc035?s=96&d=mm&r=g","contentUrl":"https:\/\/secure.gravatar.com\/avatar\/60bf67293e186b9c834e31753dcc586dfcedb661d13b6b9ba29ac991ccafc035?s=96&d=mm&r=g","caption":"Infra"},"url":"https:\/\/www.ayadvogados.com.br\/?author=3"}]}},"rttpg_featured_image_url":{"full":["https:\/\/www.ayadvogados.com.br\/wp-content\/uploads\/2024\/08\/Banner-reels-copiar-5.png",1920,1080,false],"landscape":["https:\/\/www.ayadvogados.com.br\/wp-content\/uploads\/2024\/08\/Banner-reels-copiar-5.png",1920,1080,false],"portraits":["https:\/\/www.ayadvogados.com.br\/wp-content\/uploads\/2024\/08\/Banner-reels-copiar-5.png",1920,1080,false],"thumbnail":["https:\/\/www.ayadvogados.com.br\/wp-content\/uploads\/2024\/08\/Banner-reels-copiar-5-150x150.png",150,150,true],"medium":["https:\/\/www.ayadvogados.com.br\/wp-content\/uploads\/2024\/08\/Banner-reels-copiar-5-300x169.png",300,169,true],"large":["https:\/\/www.ayadvogados.com.br\/wp-content\/uploads\/2024\/08\/Banner-reels-copiar-5-1024x576.png",1024,576,true],"1536x1536":["https:\/\/www.ayadvogados.com.br\/wp-content\/uploads\/2024\/08\/Banner-reels-copiar-5-1536x864.png",1536,864,true],"2048x2048":["https:\/\/www.ayadvogados.com.br\/wp-content\/uploads\/2024\/08\/Banner-reels-copiar-5.png",1920,1080,false]},"rttpg_author":{"display_name":"Infra","author_link":"https:\/\/www.ayadvogados.com.br\/?author=3"},"rttpg_comment":0,"rttpg_category":"<a href=\"https:\/\/www.ayadvogados.com.br\/?cat=5\" rel=\"category\">DINCast<\/a>","rttpg_excerpt":"Prorroga\u00e7\u00e3o do Prazo para Ades\u00e3o ao Programa Lit\u00edgios Zero A partir de hoje, os contribuintes t\u00eam at\u00e9 o dia 31 de outubro para regularizar d\u00e9bitos com condi\u00e7\u00f5es especiais que ainda estejam em discuss\u00e3o administrativa, seja perante uma delegacia da Receita Federal ou mesmo perante o CARF, gra\u00e7as \u00e0 prorroga\u00e7\u00e3o do prazo para a ades\u00e3o ao&hellip;","_links":{"self":[{"href":"https:\/\/www.ayadvogados.com.br\/index.php?rest_route=\/wp\/v2\/posts\/3435","targetHints":{"allow":["GET"]}}],"collection":[{"href":"https:\/\/www.ayadvogados.com.br\/index.php?rest_route=\/wp\/v2\/posts"}],"about":[{"href":"https:\/\/www.ayadvogados.com.br\/index.php?rest_route=\/wp\/v2\/types\/post"}],"author":[{"embeddable":true,"href":"https:\/\/www.ayadvogados.com.br\/index.php?rest_route=\/wp\/v2\/users\/3"}],"replies":[{"embeddable":true,"href":"https:\/\/www.ayadvogados.com.br\/index.php?rest_route=%2Fwp%2Fv2%2Fcomments&post=3435"}],"version-history":[{"count":2,"href":"https:\/\/www.ayadvogados.com.br\/index.php?rest_route=\/wp\/v2\/posts\/3435\/revisions"}],"predecessor-version":[{"id":3438,"href":"https:\/\/www.ayadvogados.com.br\/index.php?rest_route=\/wp\/v2\/posts\/3435\/revisions\/3438"}],"wp:featuredmedia":[{"embeddable":true,"href":"https:\/\/www.ayadvogados.com.br\/index.php?rest_route=\/wp\/v2\/media\/3437"}],"wp:attachment":[{"href":"https:\/\/www.ayadvogados.com.br\/index.php?rest_route=%2Fwp%2Fv2%2Fmedia&parent=3435"}],"wp:term":[{"taxonomy":"category","embeddable":true,"href":"https:\/\/www.ayadvogados.com.br\/index.php?rest_route=%2Fwp%2Fv2%2Fcategories&post=3435"},{"taxonomy":"post_tag","embeddable":true,"href":"https:\/\/www.ayadvogados.com.br\/index.php?rest_route=%2Fwp%2Fv2%2Ftags&post=3435"}],"curies":[{"name":"wp","href":"https:\/\/api.w.org\/{rel}","templated":true}]}}