{"id":3423,"date":"2024-07-30T14:28:36","date_gmt":"2024-07-30T17:28:36","guid":{"rendered":"http:\/\/34.239.117.254\/?p=3423"},"modified":"2024-07-30T14:31:18","modified_gmt":"2024-07-30T17:31:18","slug":"nova-modulacao-do-icms-st-nas-bases-de-calculo-de-pis-e-cofins","status":"publish","type":"post","link":"https:\/\/www.ayadvogados.com.br\/?p=3423","title":{"rendered":"Nova Modula\u00e7\u00e3o do ICMS-ST nas Bases de  C\u00e1lculo  de PIS e COFINS"},"content":{"rendered":"\n<p><strong><strong><strong>Nova Modula\u00e7\u00e3o do ICMS-ST nas Bases de\u00a0 C\u00e1lculo\u00a0 de PIS e COFINS<\/strong><\/strong><\/strong><\/p>\n\n\n\n<p>Recentemente, o STJ revisitou a modula\u00e7\u00e3o dos efeitos de sua decis\u00e3o sobre a exclus\u00e3o do ICMS-ST da base de c\u00e1lculo do PIS e da COFINS. Inicialmente, a modula\u00e7\u00e3o come\u00e7aria a valer a partir de 14 de dezembro de 2023, mas, em um novo julgamento, a data retroagiu para 17 de mar\u00e7o de 2017. Esta mudan\u00e7a beneficia os contribuintes que n\u00e3o haviam contestado a quest\u00e3o judicialmente, alinhando-se \u00e0 &#8220;tese do s\u00e9culo&#8221; do STF, que excluiu o ICMS da base de c\u00e1lculo desses tributos.<\/p>\n\n\n\n<p>Vamos entender o que significa modular os efeitos de uma decis\u00e3o. Modula\u00e7\u00e3o \u00e9 quando os efeitos de uma decis\u00e3o s\u00e3o aplicados a partir de uma determinada data futura, para garantir seguran\u00e7a jur\u00eddica. A altera\u00e7\u00e3o da data para 17 de mar\u00e7o de 2017 coincide com a decis\u00e3o do STF no Tema 69, conhecida como a &#8220;tese do s\u00e9culo&#8221;, que estabeleceu que o ICMS n\u00e3o deve compor a base de c\u00e1lculo do PIS e da COFINS.<\/p>\n\n\n\n<p>Para os contribuintes, isso representa uma vit\u00f3ria significativa. Aqueles que n\u00e3o ingressaram com a\u00e7\u00f5es judiciais ou pedidos administrativos requerendo a exclus\u00e3o do ICMS-ST da base de c\u00e1lculo de PIS\/COFINS at\u00e9 a data de julgamento do STJ, agora t\u00eam seu direito reconhecido desde 2017 e podem pleitear a devolu\u00e7\u00e3o dos valores pagos indevidamente nos \u00faltimos cinco anos.<\/p>\n\n\n\n<p>N\u00e3o obstante, a forma de retirada do ICMS-ST da base de c\u00e1lculo do PIS e da COFINS tem gerado debates no meio tribut\u00e1rio. Isso porque a Receita Federal do Brasil (RFB) e a Procuradoria-Geral da Fazenda Nacional (PGFN) ainda n\u00e3o se manifestaram sobre como calcular a nova base de c\u00e1lculo do PIS e da COFINS para os substitu\u00eddos do ICMS, que normalmente n\u00e3o possuem destaque do ST na nota fiscal. Alguns contribuintes v\u00eam excluindo o valor que seria devido caso fossem tributados como opera\u00e7\u00e3o pr\u00f3pria de ICMS, filtrando as sa\u00eddas que sejam tributadas por PIS e COFINS. Outros est\u00e3o fazendo um controle de \u201cestoque do ICMS-ST\u201d, excluindo na sa\u00edda o valor de entrada do ICMS-ST.<\/p>\n\n\n\n<p>No geral, o que temos a concluir \u00e9 que a decis\u00e3o do STJ \u00e9 um passo importante para a harmoniza\u00e7\u00e3o das regras tribut\u00e1rias e um al\u00edvio para muitos contribuintes. Falta agora a autoridade fazend\u00e1ria instruir os contribuintes em como concretizar a decis\u00e3o, em respeito \u00e0 efici\u00eancia e seguran\u00e7a jur\u00eddica.<\/p>\n\n\n\n<p>\u00c9 isso, ouvintes! Obrigada por nos acompanhar em mais um epis\u00f3dio. N\u00e3o se esque\u00e7a de seguir nosso DINcast e compartilhar com seus colegas. At\u00e9 a pr\u00f3xima!<\/p>\n\n\n\n<figure class=\"wp-block-embed is-type-rich is-provider-spotify wp-block-embed-spotify wp-embed-aspect-21-9 wp-has-aspect-ratio\"><div class=\"wp-block-embed__wrapper\">\n<iframe title=\"Spotify Embed: Nova Modula\u00e7\u00e3o do ICMS-ST nas Bases de C\u00e1lculo de PIS e COFINS\" style=\"border-radius: 12px\" width=\"100%\" height=\"152\" frameborder=\"0\" allowfullscreen allow=\"autoplay; clipboard-write; encrypted-media; fullscreen; picture-in-picture\" loading=\"lazy\" src=\"https:\/\/open.spotify.com\/embed\/episode\/5X7CHTOIviHuJFRVjykI3M?si=b9488b6e44a4410e&#038;utm_source=oembed\"><\/iframe>\n<\/div><\/figure>\n\n\n\n<hr class=\"wp-block-separator has-text-color has-palette-color-1-color has-css-opacity has-palette-color-1-background-color has-background is-style-dots\"\/>\n\n\n\n<div class=\"wp-block-group has-palette-color-6-background-color has-background is-layout-flow wp-block-group-is-layout-flow\">\n<p style=\"font-size:0.8em\">A Amaral,\u00a0Yazbek, OAB\/PR 762, possui 36 anos de experi\u00eancia auxiliando empresas a transformar a tributa\u00e7\u00e3o em lucro. Entre em contato com um dos s\u00f3cios para agendamento de reuni\u00e3o em caso de d\u00favidas.\u00a0\u00a0\u00a0<\/p>\n\n\n\n<p style=\"font-size:0.8em\">Contato: 41 3595-8300 ou pelo nosso WhatsApp 41 99567-5696\u00a0\u00a0\u00a0<\/p>\n\n\n\n<p style=\"font-size:0.8em\">Av. C\u00e2ndido Hartmann, 50 \u2013\u00a0Bigorrilho\u00a0| Curitiba-PR\u00a0\u00a0\u00a0<\/p>\n\n\n\n<p style=\"font-size:0.8em\">Assine nossa <a href=\"http:\/\/ayadvogados.com.br\/contato\/\">Newsletter<\/a> e fique por dentro das novidades!\u00a0\u00a0\u00a0<\/p>\n\n\n\n<p style=\"font-size:0.8em\">Quer receber seu exemplar da revista Governan\u00e7a Jur\u00eddica? <a href=\"http:\/\/ayadvogados.com.br\/revista\/\" data-type=\"page\" data-id=\"68\">Clique\u00a0aqui\u00a0e pe\u00e7a a sua<\/a>.\u00a0\u00a0\u00a0<\/p>\n\n\n\n<p style=\"font-size:0.8em\">Nos acompanhe nas redes sociais:\u00a0<a href=\"https:\/\/www.facebook.com\/AYadvogados\">Facebook<\/a>\u00a0|\u00a0<a href=\"https:\/\/www.instagram.com\/ayadvogados\/\">Instagram<\/a>\u00a0|\u00a0<a href=\"https:\/\/www.linkedin.com\/company\/amaral-yazbek-advogados\">Linkedin<\/a>\u00a0<\/p>\n\n\n\n<p style=\"font-size:0.8em\">J\u00e1 conhece o canal Direito da Intelig\u00eancia de Neg\u00f3cios?\u00a0<a href=\"https:\/\/www.youtube.com\/channel\/UCu2Mpu32ht8DEN8OFRXYMyw\">Inscreva-se j\u00e1<\/a><\/p>\n<\/div>\n","protected":false},"excerpt":{"rendered":"<p>Nova Modula\u00e7\u00e3o do ICMS-ST nas Bases de\u00a0 C\u00e1lculo\u00a0 de PIS e COFINS Recentemente, o STJ revisitou a modula\u00e7\u00e3o dos efeitos de sua decis\u00e3o sobre a exclus\u00e3o do ICMS-ST da base de c\u00e1lculo do PIS e da COFINS. Inicialmente, a modula\u00e7\u00e3o come\u00e7aria a valer a partir de 14 de dezembro de 2023, mas, em um novo [&hellip;]<\/p>\n","protected":false},"author":3,"featured_media":3425,"comment_status":"open","ping_status":"open","sticky":false,"template":"","format":"standard","meta":{"footnotes":""},"categories":[5],"tags":[9,10,123,124,45,96],"class_list":["post-3423","post","type-post","status-publish","format-standard","has-post-thumbnail","hentry","category-dincast","tag-amaral-yazbek","tag-dincast","tag-dividas","tag-nova-forma-de-regularizar","tag-receita-federal","tag-reforma-tributaria"],"blocksy_meta":{"styles_descriptor":{"styles":{"desktop":"","tablet":"","mobile":""},"google_fonts":[],"version":6}},"yoast_head":"<!-- This site is optimized with the Yoast SEO plugin v27.5 - https:\/\/yoast.com\/product\/yoast-seo-wordpress\/ -->\n<title>Nova Modula\u00e7\u00e3o do ICMS-ST nas Bases de\u00a0 C\u00e1lculo\u00a0 de PIS e COFINS<\/title>\n<meta name=\"description\" content=\"Nova Modula\u00e7\u00e3o do ICMS-ST nas Bases de\u00a0 C\u00e1lculo\u00a0 de PIS e COFINS. Recentemente, o STJ revisitou a modula\u00e7\u00e3o dos efeitos de sua decis\u00e3o\" \/>\n<meta name=\"robots\" content=\"index, follow, max-snippet:-1, max-image-preview:large, max-video-preview:-1\" \/>\n<link rel=\"canonical\" href=\"https:\/\/www.ayadvogados.com.br\/?p=3423\" \/>\n<meta property=\"og:locale\" content=\"pt_BR\" \/>\n<meta property=\"og:type\" content=\"article\" \/>\n<meta property=\"og:title\" content=\"Nova Modula\u00e7\u00e3o do ICMS-ST nas Bases de\u00a0 C\u00e1lculo\u00a0 de PIS e COFINS\" \/>\n<meta property=\"og:description\" content=\"Nova Modula\u00e7\u00e3o do ICMS-ST nas Bases de\u00a0 C\u00e1lculo\u00a0 de PIS e COFINS. Recentemente, o STJ revisitou a modula\u00e7\u00e3o dos efeitos de sua decis\u00e3o\" \/>\n<meta property=\"og:url\" content=\"https:\/\/www.ayadvogados.com.br\/?p=3423\" \/>\n<meta property=\"og:site_name\" content=\"Amaral, Yazbek Advogados\" \/>\n<meta property=\"article:publisher\" content=\"https:\/\/www.facebook.com\/AYadvogados\" \/>\n<meta property=\"article:published_time\" content=\"2024-07-30T17:28:36+00:00\" \/>\n<meta property=\"article:modified_time\" content=\"2024-07-30T17:31:18+00:00\" \/>\n<meta property=\"og:image\" content=\"https:\/\/www.ayadvogados.com.br\/wp-content\/uploads\/2024\/07\/Banner-reels-copiar-3-1.png\" \/>\n\t<meta property=\"og:image:width\" content=\"1920\" \/>\n\t<meta property=\"og:image:height\" content=\"1080\" \/>\n\t<meta property=\"og:image:type\" content=\"image\/png\" \/>\n<meta name=\"author\" content=\"Infra\" \/>\n<meta name=\"twitter:card\" content=\"summary_large_image\" \/>\n<meta name=\"twitter:label1\" content=\"Escrito por\" \/>\n\t<meta name=\"twitter:data1\" content=\"Infra\" \/>\n\t<meta name=\"twitter:label2\" content=\"Est. tempo de leitura\" \/>\n\t<meta name=\"twitter:data2\" content=\"3 minutos\" \/>\n<script type=\"application\/ld+json\" class=\"yoast-schema-graph\">{\"@context\":\"https:\\\/\\\/schema.org\",\"@graph\":[{\"@type\":\"Article\",\"@id\":\"https:\\\/\\\/www.ayadvogados.com.br\\\/?p=3423#article\",\"isPartOf\":{\"@id\":\"https:\\\/\\\/www.ayadvogados.com.br\\\/?p=3423\"},\"author\":{\"name\":\"Infra\",\"@id\":\"https:\\\/\\\/34.239.117.254\\\/#\\\/schema\\\/person\\\/6b9165a58758b048b8ea5a4fbd4ec3c4\"},\"headline\":\"Nova Modula\u00e7\u00e3o do ICMS-ST nas Bases de C\u00e1lculo de PIS e COFINS\",\"datePublished\":\"2024-07-30T17:28:36+00:00\",\"dateModified\":\"2024-07-30T17:31:18+00:00\",\"mainEntityOfPage\":{\"@id\":\"https:\\\/\\\/www.ayadvogados.com.br\\\/?p=3423\"},\"wordCount\":488,\"commentCount\":0,\"publisher\":{\"@id\":\"https:\\\/\\\/34.239.117.254\\\/#organization\"},\"image\":{\"@id\":\"https:\\\/\\\/www.ayadvogados.com.br\\\/?p=3423#primaryimage\"},\"thumbnailUrl\":\"https:\\\/\\\/www.ayadvogados.com.br\\\/wp-content\\\/uploads\\\/2024\\\/07\\\/Banner-reels-copiar-3-1.png\",\"keywords\":[\"amaral yazbek\",\"dincast\",\"dividas\",\"nova forma de regularizar\",\"receita federal\",\"Reforma Tribut\u00e1ria\"],\"articleSection\":[\"DINCast\"],\"inLanguage\":\"pt-BR\",\"potentialAction\":[{\"@type\":\"CommentAction\",\"name\":\"Comment\",\"target\":[\"https:\\\/\\\/www.ayadvogados.com.br\\\/?p=3423#respond\"]}]},{\"@type\":\"WebPage\",\"@id\":\"https:\\\/\\\/www.ayadvogados.com.br\\\/?p=3423\",\"url\":\"https:\\\/\\\/www.ayadvogados.com.br\\\/?p=3423\",\"name\":\"Nova Modula\u00e7\u00e3o do ICMS-ST nas Bases de\u00a0 C\u00e1lculo\u00a0 de PIS e COFINS\",\"isPartOf\":{\"@id\":\"https:\\\/\\\/34.239.117.254\\\/#website\"},\"primaryImageOfPage\":{\"@id\":\"https:\\\/\\\/www.ayadvogados.com.br\\\/?p=3423#primaryimage\"},\"image\":{\"@id\":\"https:\\\/\\\/www.ayadvogados.com.br\\\/?p=3423#primaryimage\"},\"thumbnailUrl\":\"https:\\\/\\\/www.ayadvogados.com.br\\\/wp-content\\\/uploads\\\/2024\\\/07\\\/Banner-reels-copiar-3-1.png\",\"datePublished\":\"2024-07-30T17:28:36+00:00\",\"dateModified\":\"2024-07-30T17:31:18+00:00\",\"description\":\"Nova Modula\u00e7\u00e3o do ICMS-ST nas Bases de\u00a0 C\u00e1lculo\u00a0 de PIS e COFINS. Recentemente, o STJ revisitou a modula\u00e7\u00e3o dos efeitos de sua decis\u00e3o\",\"breadcrumb\":{\"@id\":\"https:\\\/\\\/www.ayadvogados.com.br\\\/?p=3423#breadcrumb\"},\"inLanguage\":\"pt-BR\",\"potentialAction\":[{\"@type\":\"ReadAction\",\"target\":[\"https:\\\/\\\/www.ayadvogados.com.br\\\/?p=3423\"]}]},{\"@type\":\"ImageObject\",\"inLanguage\":\"pt-BR\",\"@id\":\"https:\\\/\\\/www.ayadvogados.com.br\\\/?p=3423#primaryimage\",\"url\":\"https:\\\/\\\/www.ayadvogados.com.br\\\/wp-content\\\/uploads\\\/2024\\\/07\\\/Banner-reels-copiar-3-1.png\",\"contentUrl\":\"https:\\\/\\\/www.ayadvogados.com.br\\\/wp-content\\\/uploads\\\/2024\\\/07\\\/Banner-reels-copiar-3-1.png\",\"width\":1920,\"height\":1080,\"caption\":\"Nova Modula\u00e7\u00e3o do ICMS-ST nas Bases de\u00a0 C\u00e1lculo\u00a0 de PIS e COFINS\"},{\"@type\":\"BreadcrumbList\",\"@id\":\"https:\\\/\\\/www.ayadvogados.com.br\\\/?p=3423#breadcrumb\",\"itemListElement\":[{\"@type\":\"ListItem\",\"position\":1,\"name\":\"In\u00edcio\",\"item\":\"https:\\\/\\\/34.239.117.254\\\/\"},{\"@type\":\"ListItem\",\"position\":2,\"name\":\"Nova Modula\u00e7\u00e3o do ICMS-ST nas Bases de C\u00e1lculo de PIS e COFINS\"}]},{\"@type\":\"WebSite\",\"@id\":\"https:\\\/\\\/34.239.117.254\\\/#website\",\"url\":\"https:\\\/\\\/34.239.117.254\\\/\",\"name\":\"Amaral, Yazbek Advogados\",\"description\":\"Curitiba \u2022 Bras\u00edlia \u2022 S\u00e3o Paulo\",\"publisher\":{\"@id\":\"https:\\\/\\\/34.239.117.254\\\/#organization\"},\"potentialAction\":[{\"@type\":\"SearchAction\",\"target\":{\"@type\":\"EntryPoint\",\"urlTemplate\":\"https:\\\/\\\/34.239.117.254\\\/?s={search_term_string}\"},\"query-input\":{\"@type\":\"PropertyValueSpecification\",\"valueRequired\":true,\"valueName\":\"search_term_string\"}}],\"inLanguage\":\"pt-BR\"},{\"@type\":\"Organization\",\"@id\":\"https:\\\/\\\/34.239.117.254\\\/#organization\",\"name\":\"Amaral, Yazbek Advogados\",\"url\":\"https:\\\/\\\/34.239.117.254\\\/\",\"logo\":{\"@type\":\"ImageObject\",\"inLanguage\":\"pt-BR\",\"@id\":\"https:\\\/\\\/34.239.117.254\\\/#\\\/schema\\\/logo\\\/image\\\/\",\"url\":\"http:\\\/\\\/34.239.117.254\\\/wp-content\\\/uploads\\\/2021\\\/03\\\/logo-ay-g.png\",\"contentUrl\":\"http:\\\/\\\/34.239.117.254\\\/wp-content\\\/uploads\\\/2021\\\/03\\\/logo-ay-g.png\",\"width\":434,\"height\":106,\"caption\":\"Amaral, Yazbek Advogados\"},\"image\":{\"@id\":\"https:\\\/\\\/34.239.117.254\\\/#\\\/schema\\\/logo\\\/image\\\/\"},\"sameAs\":[\"https:\\\/\\\/www.facebook.com\\\/AYadvogados\",\"https:\\\/\\\/www.instagram.com\\\/ayadvogados\\\/\"]},{\"@type\":\"Person\",\"@id\":\"https:\\\/\\\/34.239.117.254\\\/#\\\/schema\\\/person\\\/6b9165a58758b048b8ea5a4fbd4ec3c4\",\"name\":\"Infra\",\"image\":{\"@type\":\"ImageObject\",\"inLanguage\":\"pt-BR\",\"@id\":\"https:\\\/\\\/secure.gravatar.com\\\/avatar\\\/60bf67293e186b9c834e31753dcc586dfcedb661d13b6b9ba29ac991ccafc035?s=96&d=mm&r=g\",\"url\":\"https:\\\/\\\/secure.gravatar.com\\\/avatar\\\/60bf67293e186b9c834e31753dcc586dfcedb661d13b6b9ba29ac991ccafc035?s=96&d=mm&r=g\",\"contentUrl\":\"https:\\\/\\\/secure.gravatar.com\\\/avatar\\\/60bf67293e186b9c834e31753dcc586dfcedb661d13b6b9ba29ac991ccafc035?s=96&d=mm&r=g\",\"caption\":\"Infra\"},\"url\":\"https:\\\/\\\/www.ayadvogados.com.br\\\/?author=3\"}]}<\/script>\n<!-- \/ Yoast SEO plugin. -->","yoast_head_json":{"title":"Nova Modula\u00e7\u00e3o do ICMS-ST nas Bases de\u00a0 C\u00e1lculo\u00a0 de PIS e COFINS","description":"Nova Modula\u00e7\u00e3o do ICMS-ST nas Bases de\u00a0 C\u00e1lculo\u00a0 de PIS e COFINS. Recentemente, o STJ revisitou a modula\u00e7\u00e3o dos efeitos de sua decis\u00e3o","robots":{"index":"index","follow":"follow","max-snippet":"max-snippet:-1","max-image-preview":"max-image-preview:large","max-video-preview":"max-video-preview:-1"},"canonical":"https:\/\/www.ayadvogados.com.br\/?p=3423","og_locale":"pt_BR","og_type":"article","og_title":"Nova Modula\u00e7\u00e3o do ICMS-ST nas Bases de\u00a0 C\u00e1lculo\u00a0 de PIS e COFINS","og_description":"Nova Modula\u00e7\u00e3o do ICMS-ST nas Bases de\u00a0 C\u00e1lculo\u00a0 de PIS e COFINS. Recentemente, o STJ revisitou a modula\u00e7\u00e3o dos efeitos de sua decis\u00e3o","og_url":"https:\/\/www.ayadvogados.com.br\/?p=3423","og_site_name":"Amaral, Yazbek Advogados","article_publisher":"https:\/\/www.facebook.com\/AYadvogados","article_published_time":"2024-07-30T17:28:36+00:00","article_modified_time":"2024-07-30T17:31:18+00:00","og_image":[{"width":1920,"height":1080,"url":"https:\/\/www.ayadvogados.com.br\/wp-content\/uploads\/2024\/07\/Banner-reels-copiar-3-1.png","type":"image\/png"}],"author":"Infra","twitter_card":"summary_large_image","twitter_misc":{"Escrito por":"Infra","Est. tempo de leitura":"3 minutos"},"schema":{"@context":"https:\/\/schema.org","@graph":[{"@type":"Article","@id":"https:\/\/www.ayadvogados.com.br\/?p=3423#article","isPartOf":{"@id":"https:\/\/www.ayadvogados.com.br\/?p=3423"},"author":{"name":"Infra","@id":"https:\/\/34.239.117.254\/#\/schema\/person\/6b9165a58758b048b8ea5a4fbd4ec3c4"},"headline":"Nova Modula\u00e7\u00e3o do ICMS-ST nas Bases de C\u00e1lculo de PIS e COFINS","datePublished":"2024-07-30T17:28:36+00:00","dateModified":"2024-07-30T17:31:18+00:00","mainEntityOfPage":{"@id":"https:\/\/www.ayadvogados.com.br\/?p=3423"},"wordCount":488,"commentCount":0,"publisher":{"@id":"https:\/\/34.239.117.254\/#organization"},"image":{"@id":"https:\/\/www.ayadvogados.com.br\/?p=3423#primaryimage"},"thumbnailUrl":"https:\/\/www.ayadvogados.com.br\/wp-content\/uploads\/2024\/07\/Banner-reels-copiar-3-1.png","keywords":["amaral yazbek","dincast","dividas","nova forma de regularizar","receita federal","Reforma Tribut\u00e1ria"],"articleSection":["DINCast"],"inLanguage":"pt-BR","potentialAction":[{"@type":"CommentAction","name":"Comment","target":["https:\/\/www.ayadvogados.com.br\/?p=3423#respond"]}]},{"@type":"WebPage","@id":"https:\/\/www.ayadvogados.com.br\/?p=3423","url":"https:\/\/www.ayadvogados.com.br\/?p=3423","name":"Nova Modula\u00e7\u00e3o do ICMS-ST nas Bases de\u00a0 C\u00e1lculo\u00a0 de PIS e COFINS","isPartOf":{"@id":"https:\/\/34.239.117.254\/#website"},"primaryImageOfPage":{"@id":"https:\/\/www.ayadvogados.com.br\/?p=3423#primaryimage"},"image":{"@id":"https:\/\/www.ayadvogados.com.br\/?p=3423#primaryimage"},"thumbnailUrl":"https:\/\/www.ayadvogados.com.br\/wp-content\/uploads\/2024\/07\/Banner-reels-copiar-3-1.png","datePublished":"2024-07-30T17:28:36+00:00","dateModified":"2024-07-30T17:31:18+00:00","description":"Nova Modula\u00e7\u00e3o do ICMS-ST nas Bases de\u00a0 C\u00e1lculo\u00a0 de PIS e COFINS. Recentemente, o STJ revisitou a modula\u00e7\u00e3o dos efeitos de sua decis\u00e3o","breadcrumb":{"@id":"https:\/\/www.ayadvogados.com.br\/?p=3423#breadcrumb"},"inLanguage":"pt-BR","potentialAction":[{"@type":"ReadAction","target":["https:\/\/www.ayadvogados.com.br\/?p=3423"]}]},{"@type":"ImageObject","inLanguage":"pt-BR","@id":"https:\/\/www.ayadvogados.com.br\/?p=3423#primaryimage","url":"https:\/\/www.ayadvogados.com.br\/wp-content\/uploads\/2024\/07\/Banner-reels-copiar-3-1.png","contentUrl":"https:\/\/www.ayadvogados.com.br\/wp-content\/uploads\/2024\/07\/Banner-reels-copiar-3-1.png","width":1920,"height":1080,"caption":"Nova Modula\u00e7\u00e3o do ICMS-ST nas Bases de\u00a0 C\u00e1lculo\u00a0 de PIS e COFINS"},{"@type":"BreadcrumbList","@id":"https:\/\/www.ayadvogados.com.br\/?p=3423#breadcrumb","itemListElement":[{"@type":"ListItem","position":1,"name":"In\u00edcio","item":"https:\/\/34.239.117.254\/"},{"@type":"ListItem","position":2,"name":"Nova Modula\u00e7\u00e3o do ICMS-ST nas Bases de C\u00e1lculo de PIS e COFINS"}]},{"@type":"WebSite","@id":"https:\/\/34.239.117.254\/#website","url":"https:\/\/34.239.117.254\/","name":"Amaral, Yazbek Advogados","description":"Curitiba \u2022 Bras\u00edlia \u2022 S\u00e3o Paulo","publisher":{"@id":"https:\/\/34.239.117.254\/#organization"},"potentialAction":[{"@type":"SearchAction","target":{"@type":"EntryPoint","urlTemplate":"https:\/\/34.239.117.254\/?s={search_term_string}"},"query-input":{"@type":"PropertyValueSpecification","valueRequired":true,"valueName":"search_term_string"}}],"inLanguage":"pt-BR"},{"@type":"Organization","@id":"https:\/\/34.239.117.254\/#organization","name":"Amaral, Yazbek Advogados","url":"https:\/\/34.239.117.254\/","logo":{"@type":"ImageObject","inLanguage":"pt-BR","@id":"https:\/\/34.239.117.254\/#\/schema\/logo\/image\/","url":"http:\/\/34.239.117.254\/wp-content\/uploads\/2021\/03\/logo-ay-g.png","contentUrl":"http:\/\/34.239.117.254\/wp-content\/uploads\/2021\/03\/logo-ay-g.png","width":434,"height":106,"caption":"Amaral, Yazbek Advogados"},"image":{"@id":"https:\/\/34.239.117.254\/#\/schema\/logo\/image\/"},"sameAs":["https:\/\/www.facebook.com\/AYadvogados","https:\/\/www.instagram.com\/ayadvogados\/"]},{"@type":"Person","@id":"https:\/\/34.239.117.254\/#\/schema\/person\/6b9165a58758b048b8ea5a4fbd4ec3c4","name":"Infra","image":{"@type":"ImageObject","inLanguage":"pt-BR","@id":"https:\/\/secure.gravatar.com\/avatar\/60bf67293e186b9c834e31753dcc586dfcedb661d13b6b9ba29ac991ccafc035?s=96&d=mm&r=g","url":"https:\/\/secure.gravatar.com\/avatar\/60bf67293e186b9c834e31753dcc586dfcedb661d13b6b9ba29ac991ccafc035?s=96&d=mm&r=g","contentUrl":"https:\/\/secure.gravatar.com\/avatar\/60bf67293e186b9c834e31753dcc586dfcedb661d13b6b9ba29ac991ccafc035?s=96&d=mm&r=g","caption":"Infra"},"url":"https:\/\/www.ayadvogados.com.br\/?author=3"}]}},"rttpg_featured_image_url":{"full":["https:\/\/www.ayadvogados.com.br\/wp-content\/uploads\/2024\/07\/Banner-reels-copiar-3-1.png",1920,1080,false],"landscape":["https:\/\/www.ayadvogados.com.br\/wp-content\/uploads\/2024\/07\/Banner-reels-copiar-3-1.png",1920,1080,false],"portraits":["https:\/\/www.ayadvogados.com.br\/wp-content\/uploads\/2024\/07\/Banner-reels-copiar-3-1.png",1920,1080,false],"thumbnail":["https:\/\/www.ayadvogados.com.br\/wp-content\/uploads\/2024\/07\/Banner-reels-copiar-3-1-150x150.png",150,150,true],"medium":["https:\/\/www.ayadvogados.com.br\/wp-content\/uploads\/2024\/07\/Banner-reels-copiar-3-1-300x169.png",300,169,true],"large":["https:\/\/www.ayadvogados.com.br\/wp-content\/uploads\/2024\/07\/Banner-reels-copiar-3-1-1024x576.png",1024,576,true],"1536x1536":["https:\/\/www.ayadvogados.com.br\/wp-content\/uploads\/2024\/07\/Banner-reels-copiar-3-1-1536x864.png",1536,864,true],"2048x2048":["https:\/\/www.ayadvogados.com.br\/wp-content\/uploads\/2024\/07\/Banner-reels-copiar-3-1.png",1920,1080,false]},"rttpg_author":{"display_name":"Infra","author_link":"https:\/\/www.ayadvogados.com.br\/?author=3"},"rttpg_comment":0,"rttpg_category":"<a href=\"https:\/\/www.ayadvogados.com.br\/?cat=5\" rel=\"category\">DINCast<\/a>","rttpg_excerpt":"Nova Modula\u00e7\u00e3o do ICMS-ST nas Bases de\u00a0 C\u00e1lculo\u00a0 de PIS e COFINS Recentemente, o STJ revisitou a modula\u00e7\u00e3o dos efeitos de sua decis\u00e3o sobre a exclus\u00e3o do ICMS-ST da base de c\u00e1lculo do PIS e da COFINS. Inicialmente, a modula\u00e7\u00e3o come\u00e7aria a valer a partir de 14 de dezembro de 2023, mas, em um novo&hellip;","_links":{"self":[{"href":"https:\/\/www.ayadvogados.com.br\/index.php?rest_route=\/wp\/v2\/posts\/3423","targetHints":{"allow":["GET"]}}],"collection":[{"href":"https:\/\/www.ayadvogados.com.br\/index.php?rest_route=\/wp\/v2\/posts"}],"about":[{"href":"https:\/\/www.ayadvogados.com.br\/index.php?rest_route=\/wp\/v2\/types\/post"}],"author":[{"embeddable":true,"href":"https:\/\/www.ayadvogados.com.br\/index.php?rest_route=\/wp\/v2\/users\/3"}],"replies":[{"embeddable":true,"href":"https:\/\/www.ayadvogados.com.br\/index.php?rest_route=%2Fwp%2Fv2%2Fcomments&post=3423"}],"version-history":[{"count":2,"href":"https:\/\/www.ayadvogados.com.br\/index.php?rest_route=\/wp\/v2\/posts\/3423\/revisions"}],"predecessor-version":[{"id":3426,"href":"https:\/\/www.ayadvogados.com.br\/index.php?rest_route=\/wp\/v2\/posts\/3423\/revisions\/3426"}],"wp:featuredmedia":[{"embeddable":true,"href":"https:\/\/www.ayadvogados.com.br\/index.php?rest_route=\/wp\/v2\/media\/3425"}],"wp:attachment":[{"href":"https:\/\/www.ayadvogados.com.br\/index.php?rest_route=%2Fwp%2Fv2%2Fmedia&parent=3423"}],"wp:term":[{"taxonomy":"category","embeddable":true,"href":"https:\/\/www.ayadvogados.com.br\/index.php?rest_route=%2Fwp%2Fv2%2Fcategories&post=3423"},{"taxonomy":"post_tag","embeddable":true,"href":"https:\/\/www.ayadvogados.com.br\/index.php?rest_route=%2Fwp%2Fv2%2Ftags&post=3423"}],"curies":[{"name":"wp","href":"https:\/\/api.w.org\/{rel}","templated":true}]}}