{"id":341,"date":"2021-03-05T12:02:00","date_gmt":"2021-03-05T15:02:00","guid":{"rendered":"http:\/\/34.239.117.254\/?p=341"},"modified":"2021-03-25T11:43:33","modified_gmt":"2021-03-25T14:43:33","slug":"stf-comeca-a-julgar-tributacao-de-creditos-de-icms","status":"publish","type":"post","link":"https:\/\/www.ayadvogados.com.br\/?p=341","title":{"rendered":"STF come\u00e7a a julgar tributa\u00e7\u00e3o de cr\u00e9ditos de ICMS"},"content":{"rendered":"\n<p>Os contribuintes sa\u00edram na frente no julgamento em que o Supremo Tribunal Federal (STF) vai decidir se cr\u00e9ditos presumidos de ICMS comp\u00f5e a base de c\u00e1lculo do PIS e da Cofins. O julgamento come\u00e7ou hoje com o voto do relator no Plen\u00e1rio Virtual e termina na pr\u00f3xima sexta-feira.<\/p>\n\n\n\n<p>O tema \u00e9 julgado em recurso apresentado pela Uni\u00e3o para tentar reformar decis\u00e3o do Tribunal Regional Federal (TRF) da 4\u00aa Regi\u00e3o, sediado em Porto Alegre, favor\u00e1vel \u00e0 OVD Importadora e Distribuidora.<\/p>\n\n\n\n<p>O TRF decidiu que os cr\u00e9ditos presumidos de ICMS, reconhecidos por Estados e pelo Distrito Federal, n\u00e3o configuram receita ou faturamento para atrair a incid\u00eancia da Cofins e da contribui\u00e7\u00e3o ao PIS, mas ren\u00fancia fiscal. A Uni\u00e3o alega que n\u00e3o existe previs\u00e3o legal para essa exclus\u00e3o e que o TRF teria criado um novo caso de isen\u00e7\u00e3o.<\/p>\n\n\n\n<p>At\u00e9 agora, o relator, ministro Marco Aur\u00e9lio Mello, foi o \u00fanico a votar. Ele afirmou que as tens\u00f5es revelam, de um lado, o Fisco buscando m\u00e1xima amplitude aos conceitos de faturamento e receita visando a arrecada\u00e7\u00e3o. Do outro, os contribuintes tentando limitar o alcance da materialidade dos tributos, ante o \u00f4nus fiscal, segundo o relator (RE 835.818).<\/p>\n\n\n\n<p>\u201cOs cr\u00e9ditos presumidos revelam ren\u00fancia fiscal cujo efeito pr\u00e1tico \u00e9 a diminui\u00e7\u00e3o do imposto devido. N\u00e3o h\u00e1 aquisi\u00e7\u00e3o de disponibilidade a sinalizar capacidade contributiva, mas simples redu\u00e7\u00e3o ou ressarcimento de custos\u201d, afirma no voto.<\/p>\n\n\n\n<p>Para o relator, a presun\u00e7\u00e3o de cr\u00e9dito, longe de revelar riqueza nova e, portanto, pass\u00edvel de sujei\u00e7\u00e3o ao PIS e \u00e0 Cofins, indica o abrandamento de custo a ser suportado. \u201cCabe destacar que o registro cont\u00e1bil atinente \u00e0 diminui\u00e7\u00e3o do passivo de ICMS a ser pago em raz\u00e3o do benef\u00edcio, ainda que anotado como ingresso, n\u00e3o o transforma em receita. Entendimento contr\u00e1rio implica potencializar a forma em detrimento do conte\u00fado\u201d, afirma.<\/p>\n\n\n\n<p>O ministro tamb\u00e9m citou a decis\u00e3o do STF de excluir o ICMS da base de c\u00e1lculo do PIS e da Cofins, em 2017, como precedente para o assunto. O voto segue a forma como o ministro tem se posicionado em teses consideradas \u201cfilhotes\u201d daquele julgamento, aquelas que tratam de um tributo na base de c\u00e1lculo de outro. Foi assim que votou, recentemente, sobre a inclus\u00e3o do ICMS da base da contribui\u00e7\u00e3o previdenci\u00e1ria. O ministro ficou vencido naquele caso \u2014 pela decis\u00e3o da maioria, havia diferen\u00e7a para o caso da exclus\u00e3o do ICMS da base do PIS e da Cofins.<\/p>\n\n\n\n<p>Os demais ministros t\u00eam at\u00e9 a pr\u00f3xima sexta-feira para depositar seus votos no Plen\u00e1rio Virtual.<\/p>\n\n\n\n<p>Fonte: <a href=\"https:\/\/valor.globo.com\/legislacao\/noticia\/2021\/03\/05\/stf-comeca-a-julgar-tributacao-de-creditos-de-icms.ghtml\">Valor<\/a><\/p>\n\n\n\n<p>A Amaral, Yazbek, OAB\/PR 762, possui 35 anos de experi\u00eancia auxiliando empresas a transformar a tributa\u00e7\u00e3o em lucro. Entre em contato com um dos s\u00f3cios para agendamento de reuni\u00e3o em caso de d\u00favidas.<\/p>\n\n\n\n<p>Contato: 41 3595-8300 ou pelo nosso WhatsApp 41 99567-5696<\/p>\n\n\n\n<p>Av. C\u00e2ndido Hartmann, 50 \u2013 Bigorrilho | Curitiba-PR<\/p>\n\n\n\n<p>Assine nossa Newsletter e fique por dentro das novidades!<\/p>\n\n\n\n<p>Quer receber seu exemplar da revista Governan\u00e7a Jur\u00eddica? Clique <a href=\"http:\/\/ayadvogados.com.br\/revista\">aqui<\/a>&nbsp;e pe\u00e7a a sua.<\/p>\n\n\n\n<p>Nos acompanhe nas redes sociais: <a href=\"https:\/\/www.facebook.com\/amaral.yazbek\">Facebook<\/a>&nbsp;| <a href=\"https:\/\/www.instagram.com\/amaral.yazbek\/\">Instagram<\/a> | <a href=\"https:\/\/www.linkedin.com\/company\/3357082\/admin\/\">Linkedin<\/a><\/p>\n\n\n\n<p>J\u00e1 conhece o canal Direito da Intelig\u00eancia de Neg\u00f3cios? <a href=\"https:\/\/www.youtube.com\/channel\/UCu2Mpu32ht8DEN8OFRXYMyw\">Inscreva-se j\u00e1<\/a><\/p>\n","protected":false},"excerpt":{"rendered":"<p>Os contribuintes sa\u00edram na frente no julgamento em que o Supremo Tribunal Federal (STF) vai decidir se cr\u00e9ditos presumidos de ICMS comp\u00f5e a base de c\u00e1lculo do PIS e da Cofins. O julgamento come\u00e7ou hoje com o voto do relator no Plen\u00e1rio Virtual e termina na pr\u00f3xima sexta-feira. O tema \u00e9 julgado em recurso apresentado [&hellip;]<\/p>\n","protected":false},"author":3,"featured_media":542,"comment_status":"open","ping_status":"open","sticky":false,"template":"","format":"standard","meta":{"footnotes":""},"categories":[1],"tags":[],"class_list":["post-341","post","type-post","status-publish","format-standard","has-post-thumbnail","hentry","category-noticia-do-dia"],"blocksy_meta":{"styles_descriptor":{"styles":{"desktop":"","tablet":"","mobile":""},"google_fonts":[],"version":6}},"yoast_head":"<!-- This site is optimized with the Yoast SEO plugin v27.5 - https:\/\/yoast.com\/product\/yoast-seo-wordpress\/ -->\n<title>STF come\u00e7a a julgar tributa\u00e7\u00e3o de cr\u00e9ditos de ICMS - Amaral, Yazbek Advogados<\/title>\n<meta name=\"robots\" content=\"index, follow, max-snippet:-1, max-image-preview:large, max-video-preview:-1\" \/>\n<link rel=\"canonical\" href=\"https:\/\/www.34.239.117.254.sslip.io\/?p=341\" \/>\n<meta property=\"og:locale\" content=\"pt_BR\" \/>\n<meta property=\"og:type\" content=\"article\" \/>\n<meta property=\"og:title\" content=\"STF come\u00e7a a julgar tributa\u00e7\u00e3o de cr\u00e9ditos de ICMS - Amaral, Yazbek Advogados\" \/>\n<meta property=\"og:description\" content=\"Os contribuintes sa\u00edram na frente no julgamento em que o Supremo Tribunal Federal (STF) vai decidir se cr\u00e9ditos presumidos de ICMS comp\u00f5e a base de c\u00e1lculo do PIS e da Cofins. O julgamento come\u00e7ou hoje com o voto do relator no Plen\u00e1rio Virtual e termina na pr\u00f3xima sexta-feira. O tema \u00e9 julgado em recurso apresentado [&hellip;]\" \/>\n<meta property=\"og:url\" content=\"https:\/\/www.34.239.117.254.sslip.io\/?p=341\" \/>\n<meta property=\"og:site_name\" content=\"Amaral, Yazbek Advogados\" \/>\n<meta property=\"article:publisher\" content=\"https:\/\/www.facebook.com\/AYadvogados\" \/>\n<meta property=\"article:published_time\" content=\"2021-03-05T15:02:00+00:00\" \/>\n<meta property=\"article:modified_time\" content=\"2021-03-25T14:43:33+00:00\" \/>\n<meta property=\"og:image\" content=\"https:\/\/www.34.239.117.254.sslip.io\/wp-content\/uploads\/2021\/03\/00c340f9d8ff401d807618a216015590.png\" \/>\n\t<meta property=\"og:image:width\" content=\"1000\" \/>\n\t<meta property=\"og:image:height\" content=\"620\" \/>\n\t<meta property=\"og:image:type\" content=\"image\/png\" \/>\n<meta name=\"author\" content=\"Infra\" \/>\n<meta name=\"twitter:card\" content=\"summary_large_image\" \/>\n<meta name=\"twitter:label1\" content=\"Escrito por\" \/>\n\t<meta name=\"twitter:data1\" content=\"Infra\" \/>\n\t<meta name=\"twitter:label2\" content=\"Est. tempo de leitura\" \/>\n\t<meta name=\"twitter:data2\" content=\"3 minutos\" \/>\n<script type=\"application\/ld+json\" class=\"yoast-schema-graph\">{\"@context\":\"https:\\\/\\\/schema.org\",\"@graph\":[{\"@type\":\"Article\",\"@id\":\"https:\\\/\\\/www.34.239.117.254.sslip.io\\\/?p=341#article\",\"isPartOf\":{\"@id\":\"https:\\\/\\\/www.34.239.117.254.sslip.io\\\/?p=341\"},\"author\":{\"name\":\"Infra\",\"@id\":\"https:\\\/\\\/www.34.239.117.254.sslip.io\\\/#\\\/schema\\\/person\\\/6b9165a58758b048b8ea5a4fbd4ec3c4\"},\"headline\":\"STF come\u00e7a a julgar tributa\u00e7\u00e3o de cr\u00e9ditos de ICMS\",\"datePublished\":\"2021-03-05T15:02:00+00:00\",\"dateModified\":\"2021-03-25T14:43:33+00:00\",\"mainEntityOfPage\":{\"@id\":\"https:\\\/\\\/www.34.239.117.254.sslip.io\\\/?p=341\"},\"wordCount\":572,\"commentCount\":0,\"publisher\":{\"@id\":\"https:\\\/\\\/www.34.239.117.254.sslip.io\\\/#organization\"},\"image\":{\"@id\":\"https:\\\/\\\/www.34.239.117.254.sslip.io\\\/?p=341#primaryimage\"},\"thumbnailUrl\":\"https:\\\/\\\/www.ayadvogados.com.br\\\/wp-content\\\/uploads\\\/2021\\\/03\\\/00c340f9d8ff401d807618a216015590.png\",\"articleSection\":[\"Not\u00edcia do Dia\"],\"inLanguage\":\"pt-BR\",\"potentialAction\":[{\"@type\":\"CommentAction\",\"name\":\"Comment\",\"target\":[\"https:\\\/\\\/www.34.239.117.254.sslip.io\\\/?p=341#respond\"]}]},{\"@type\":\"WebPage\",\"@id\":\"https:\\\/\\\/www.34.239.117.254.sslip.io\\\/?p=341\",\"url\":\"https:\\\/\\\/www.34.239.117.254.sslip.io\\\/?p=341\",\"name\":\"STF come\u00e7a a julgar tributa\u00e7\u00e3o de cr\u00e9ditos de ICMS - Amaral, Yazbek Advogados\",\"isPartOf\":{\"@id\":\"https:\\\/\\\/www.34.239.117.254.sslip.io\\\/#website\"},\"primaryImageOfPage\":{\"@id\":\"https:\\\/\\\/www.34.239.117.254.sslip.io\\\/?p=341#primaryimage\"},\"image\":{\"@id\":\"https:\\\/\\\/www.34.239.117.254.sslip.io\\\/?p=341#primaryimage\"},\"thumbnailUrl\":\"https:\\\/\\\/www.ayadvogados.com.br\\\/wp-content\\\/uploads\\\/2021\\\/03\\\/00c340f9d8ff401d807618a216015590.png\",\"datePublished\":\"2021-03-05T15:02:00+00:00\",\"dateModified\":\"2021-03-25T14:43:33+00:00\",\"breadcrumb\":{\"@id\":\"https:\\\/\\\/www.34.239.117.254.sslip.io\\\/?p=341#breadcrumb\"},\"inLanguage\":\"pt-BR\",\"potentialAction\":[{\"@type\":\"ReadAction\",\"target\":[\"https:\\\/\\\/www.34.239.117.254.sslip.io\\\/?p=341\"]}]},{\"@type\":\"ImageObject\",\"inLanguage\":\"pt-BR\",\"@id\":\"https:\\\/\\\/www.34.239.117.254.sslip.io\\\/?p=341#primaryimage\",\"url\":\"https:\\\/\\\/www.ayadvogados.com.br\\\/wp-content\\\/uploads\\\/2021\\\/03\\\/00c340f9d8ff401d807618a216015590.png\",\"contentUrl\":\"https:\\\/\\\/www.ayadvogados.com.br\\\/wp-content\\\/uploads\\\/2021\\\/03\\\/00c340f9d8ff401d807618a216015590.png\",\"width\":1000,\"height\":620},{\"@type\":\"BreadcrumbList\",\"@id\":\"https:\\\/\\\/www.34.239.117.254.sslip.io\\\/?p=341#breadcrumb\",\"itemListElement\":[{\"@type\":\"ListItem\",\"position\":1,\"name\":\"In\u00edcio\",\"item\":\"https:\\\/\\\/www.34.239.117.254.sslip.io\\\/\"},{\"@type\":\"ListItem\",\"position\":2,\"name\":\"STF come\u00e7a a julgar tributa\u00e7\u00e3o de cr\u00e9ditos de ICMS\"}]},{\"@type\":\"WebSite\",\"@id\":\"https:\\\/\\\/www.34.239.117.254.sslip.io\\\/#website\",\"url\":\"https:\\\/\\\/www.34.239.117.254.sslip.io\\\/\",\"name\":\"Amaral, Yazbek Advogados\",\"description\":\"Curitiba \u2022 Bras\u00edlia \u2022 S\u00e3o Paulo\",\"publisher\":{\"@id\":\"https:\\\/\\\/www.34.239.117.254.sslip.io\\\/#organization\"},\"potentialAction\":[{\"@type\":\"SearchAction\",\"target\":{\"@type\":\"EntryPoint\",\"urlTemplate\":\"https:\\\/\\\/www.34.239.117.254.sslip.io\\\/?s={search_term_string}\"},\"query-input\":{\"@type\":\"PropertyValueSpecification\",\"valueRequired\":true,\"valueName\":\"search_term_string\"}}],\"inLanguage\":\"pt-BR\"},{\"@type\":\"Organization\",\"@id\":\"https:\\\/\\\/www.34.239.117.254.sslip.io\\\/#organization\",\"name\":\"Amaral, Yazbek Advogados\",\"url\":\"https:\\\/\\\/www.34.239.117.254.sslip.io\\\/\",\"logo\":{\"@type\":\"ImageObject\",\"inLanguage\":\"pt-BR\",\"@id\":\"https:\\\/\\\/www.34.239.117.254.sslip.io\\\/#\\\/schema\\\/logo\\\/image\\\/\",\"url\":\"http:\\\/\\\/34.239.117.254\\\/wp-content\\\/uploads\\\/2021\\\/03\\\/logo-ay-g.png\",\"contentUrl\":\"http:\\\/\\\/34.239.117.254\\\/wp-content\\\/uploads\\\/2021\\\/03\\\/logo-ay-g.png\",\"width\":434,\"height\":106,\"caption\":\"Amaral, Yazbek Advogados\"},\"image\":{\"@id\":\"https:\\\/\\\/www.34.239.117.254.sslip.io\\\/#\\\/schema\\\/logo\\\/image\\\/\"},\"sameAs\":[\"https:\\\/\\\/www.facebook.com\\\/AYadvogados\",\"https:\\\/\\\/www.instagram.com\\\/ayadvogados\\\/\"]},{\"@type\":\"Person\",\"@id\":\"https:\\\/\\\/www.34.239.117.254.sslip.io\\\/#\\\/schema\\\/person\\\/6b9165a58758b048b8ea5a4fbd4ec3c4\",\"name\":\"Infra\",\"image\":{\"@type\":\"ImageObject\",\"inLanguage\":\"pt-BR\",\"@id\":\"https:\\\/\\\/secure.gravatar.com\\\/avatar\\\/60bf67293e186b9c834e31753dcc586dfcedb661d13b6b9ba29ac991ccafc035?s=96&d=mm&r=g\",\"url\":\"https:\\\/\\\/secure.gravatar.com\\\/avatar\\\/60bf67293e186b9c834e31753dcc586dfcedb661d13b6b9ba29ac991ccafc035?s=96&d=mm&r=g\",\"contentUrl\":\"https:\\\/\\\/secure.gravatar.com\\\/avatar\\\/60bf67293e186b9c834e31753dcc586dfcedb661d13b6b9ba29ac991ccafc035?s=96&d=mm&r=g\",\"caption\":\"Infra\"},\"url\":\"https:\\\/\\\/www.ayadvogados.com.br\\\/?author=3\"}]}<\/script>\n<!-- \/ Yoast SEO plugin. -->","yoast_head_json":{"title":"STF come\u00e7a a julgar tributa\u00e7\u00e3o de cr\u00e9ditos de ICMS - Amaral, Yazbek Advogados","robots":{"index":"index","follow":"follow","max-snippet":"max-snippet:-1","max-image-preview":"max-image-preview:large","max-video-preview":"max-video-preview:-1"},"canonical":"https:\/\/www.34.239.117.254.sslip.io\/?p=341","og_locale":"pt_BR","og_type":"article","og_title":"STF come\u00e7a a julgar tributa\u00e7\u00e3o de cr\u00e9ditos de ICMS - Amaral, Yazbek Advogados","og_description":"Os contribuintes sa\u00edram na frente no julgamento em que o Supremo Tribunal Federal (STF) vai decidir se cr\u00e9ditos presumidos de ICMS comp\u00f5e a base de c\u00e1lculo do PIS e da Cofins. O julgamento come\u00e7ou hoje com o voto do relator no Plen\u00e1rio Virtual e termina na pr\u00f3xima sexta-feira. O tema \u00e9 julgado em recurso apresentado [&hellip;]","og_url":"https:\/\/www.34.239.117.254.sslip.io\/?p=341","og_site_name":"Amaral, Yazbek Advogados","article_publisher":"https:\/\/www.facebook.com\/AYadvogados","article_published_time":"2021-03-05T15:02:00+00:00","article_modified_time":"2021-03-25T14:43:33+00:00","og_image":[{"width":1000,"height":620,"url":"https:\/\/www.34.239.117.254.sslip.io\/wp-content\/uploads\/2021\/03\/00c340f9d8ff401d807618a216015590.png","type":"image\/png"}],"author":"Infra","twitter_card":"summary_large_image","twitter_misc":{"Escrito por":"Infra","Est. tempo de leitura":"3 minutos"},"schema":{"@context":"https:\/\/schema.org","@graph":[{"@type":"Article","@id":"https:\/\/www.34.239.117.254.sslip.io\/?p=341#article","isPartOf":{"@id":"https:\/\/www.34.239.117.254.sslip.io\/?p=341"},"author":{"name":"Infra","@id":"https:\/\/www.34.239.117.254.sslip.io\/#\/schema\/person\/6b9165a58758b048b8ea5a4fbd4ec3c4"},"headline":"STF come\u00e7a a julgar tributa\u00e7\u00e3o de cr\u00e9ditos de ICMS","datePublished":"2021-03-05T15:02:00+00:00","dateModified":"2021-03-25T14:43:33+00:00","mainEntityOfPage":{"@id":"https:\/\/www.34.239.117.254.sslip.io\/?p=341"},"wordCount":572,"commentCount":0,"publisher":{"@id":"https:\/\/www.34.239.117.254.sslip.io\/#organization"},"image":{"@id":"https:\/\/www.34.239.117.254.sslip.io\/?p=341#primaryimage"},"thumbnailUrl":"https:\/\/www.ayadvogados.com.br\/wp-content\/uploads\/2021\/03\/00c340f9d8ff401d807618a216015590.png","articleSection":["Not\u00edcia do Dia"],"inLanguage":"pt-BR","potentialAction":[{"@type":"CommentAction","name":"Comment","target":["https:\/\/www.34.239.117.254.sslip.io\/?p=341#respond"]}]},{"@type":"WebPage","@id":"https:\/\/www.34.239.117.254.sslip.io\/?p=341","url":"https:\/\/www.34.239.117.254.sslip.io\/?p=341","name":"STF come\u00e7a a julgar tributa\u00e7\u00e3o de cr\u00e9ditos de ICMS - Amaral, Yazbek Advogados","isPartOf":{"@id":"https:\/\/www.34.239.117.254.sslip.io\/#website"},"primaryImageOfPage":{"@id":"https:\/\/www.34.239.117.254.sslip.io\/?p=341#primaryimage"},"image":{"@id":"https:\/\/www.34.239.117.254.sslip.io\/?p=341#primaryimage"},"thumbnailUrl":"https:\/\/www.ayadvogados.com.br\/wp-content\/uploads\/2021\/03\/00c340f9d8ff401d807618a216015590.png","datePublished":"2021-03-05T15:02:00+00:00","dateModified":"2021-03-25T14:43:33+00:00","breadcrumb":{"@id":"https:\/\/www.34.239.117.254.sslip.io\/?p=341#breadcrumb"},"inLanguage":"pt-BR","potentialAction":[{"@type":"ReadAction","target":["https:\/\/www.34.239.117.254.sslip.io\/?p=341"]}]},{"@type":"ImageObject","inLanguage":"pt-BR","@id":"https:\/\/www.34.239.117.254.sslip.io\/?p=341#primaryimage","url":"https:\/\/www.ayadvogados.com.br\/wp-content\/uploads\/2021\/03\/00c340f9d8ff401d807618a216015590.png","contentUrl":"https:\/\/www.ayadvogados.com.br\/wp-content\/uploads\/2021\/03\/00c340f9d8ff401d807618a216015590.png","width":1000,"height":620},{"@type":"BreadcrumbList","@id":"https:\/\/www.34.239.117.254.sslip.io\/?p=341#breadcrumb","itemListElement":[{"@type":"ListItem","position":1,"name":"In\u00edcio","item":"https:\/\/www.34.239.117.254.sslip.io\/"},{"@type":"ListItem","position":2,"name":"STF come\u00e7a a julgar tributa\u00e7\u00e3o de cr\u00e9ditos de ICMS"}]},{"@type":"WebSite","@id":"https:\/\/www.34.239.117.254.sslip.io\/#website","url":"https:\/\/www.34.239.117.254.sslip.io\/","name":"Amaral, Yazbek Advogados","description":"Curitiba \u2022 Bras\u00edlia \u2022 S\u00e3o Paulo","publisher":{"@id":"https:\/\/www.34.239.117.254.sslip.io\/#organization"},"potentialAction":[{"@type":"SearchAction","target":{"@type":"EntryPoint","urlTemplate":"https:\/\/www.34.239.117.254.sslip.io\/?s={search_term_string}"},"query-input":{"@type":"PropertyValueSpecification","valueRequired":true,"valueName":"search_term_string"}}],"inLanguage":"pt-BR"},{"@type":"Organization","@id":"https:\/\/www.34.239.117.254.sslip.io\/#organization","name":"Amaral, Yazbek Advogados","url":"https:\/\/www.34.239.117.254.sslip.io\/","logo":{"@type":"ImageObject","inLanguage":"pt-BR","@id":"https:\/\/www.34.239.117.254.sslip.io\/#\/schema\/logo\/image\/","url":"http:\/\/34.239.117.254\/wp-content\/uploads\/2021\/03\/logo-ay-g.png","contentUrl":"http:\/\/34.239.117.254\/wp-content\/uploads\/2021\/03\/logo-ay-g.png","width":434,"height":106,"caption":"Amaral, Yazbek Advogados"},"image":{"@id":"https:\/\/www.34.239.117.254.sslip.io\/#\/schema\/logo\/image\/"},"sameAs":["https:\/\/www.facebook.com\/AYadvogados","https:\/\/www.instagram.com\/ayadvogados\/"]},{"@type":"Person","@id":"https:\/\/www.34.239.117.254.sslip.io\/#\/schema\/person\/6b9165a58758b048b8ea5a4fbd4ec3c4","name":"Infra","image":{"@type":"ImageObject","inLanguage":"pt-BR","@id":"https:\/\/secure.gravatar.com\/avatar\/60bf67293e186b9c834e31753dcc586dfcedb661d13b6b9ba29ac991ccafc035?s=96&d=mm&r=g","url":"https:\/\/secure.gravatar.com\/avatar\/60bf67293e186b9c834e31753dcc586dfcedb661d13b6b9ba29ac991ccafc035?s=96&d=mm&r=g","contentUrl":"https:\/\/secure.gravatar.com\/avatar\/60bf67293e186b9c834e31753dcc586dfcedb661d13b6b9ba29ac991ccafc035?s=96&d=mm&r=g","caption":"Infra"},"url":"https:\/\/www.ayadvogados.com.br\/?author=3"}]}},"rttpg_featured_image_url":{"full":["https:\/\/www.ayadvogados.com.br\/wp-content\/uploads\/2021\/03\/00c340f9d8ff401d807618a216015590.png",1000,620,false],"landscape":["https:\/\/www.ayadvogados.com.br\/wp-content\/uploads\/2021\/03\/00c340f9d8ff401d807618a216015590.png",1000,620,false],"portraits":["https:\/\/www.ayadvogados.com.br\/wp-content\/uploads\/2021\/03\/00c340f9d8ff401d807618a216015590.png",1000,620,false],"thumbnail":["https:\/\/www.ayadvogados.com.br\/wp-content\/uploads\/2021\/03\/00c340f9d8ff401d807618a216015590-150x150.png",150,150,true],"medium":["https:\/\/www.ayadvogados.com.br\/wp-content\/uploads\/2021\/03\/00c340f9d8ff401d807618a216015590-300x186.png",300,186,true],"large":["https:\/\/www.ayadvogados.com.br\/wp-content\/uploads\/2021\/03\/00c340f9d8ff401d807618a216015590.png",1000,620,false],"1536x1536":["https:\/\/www.ayadvogados.com.br\/wp-content\/uploads\/2021\/03\/00c340f9d8ff401d807618a216015590.png",1000,620,false],"2048x2048":["https:\/\/www.ayadvogados.com.br\/wp-content\/uploads\/2021\/03\/00c340f9d8ff401d807618a216015590.png",1000,620,false]},"rttpg_author":{"display_name":"Infra","author_link":"https:\/\/www.ayadvogados.com.br\/?author=3"},"rttpg_comment":0,"rttpg_category":"<a href=\"https:\/\/www.ayadvogados.com.br\/?cat=1\" rel=\"category\">Not\u00edcia do Dia<\/a>","rttpg_excerpt":"Os contribuintes sa\u00edram na frente no julgamento em que o Supremo Tribunal Federal (STF) vai decidir se cr\u00e9ditos presumidos de ICMS comp\u00f5e a base de c\u00e1lculo do PIS e da Cofins. O julgamento come\u00e7ou hoje com o voto do relator no Plen\u00e1rio Virtual e termina na pr\u00f3xima sexta-feira. O tema \u00e9 julgado em recurso apresentado&hellip;","_links":{"self":[{"href":"https:\/\/www.ayadvogados.com.br\/index.php?rest_route=\/wp\/v2\/posts\/341","targetHints":{"allow":["GET"]}}],"collection":[{"href":"https:\/\/www.ayadvogados.com.br\/index.php?rest_route=\/wp\/v2\/posts"}],"about":[{"href":"https:\/\/www.ayadvogados.com.br\/index.php?rest_route=\/wp\/v2\/types\/post"}],"author":[{"embeddable":true,"href":"https:\/\/www.ayadvogados.com.br\/index.php?rest_route=\/wp\/v2\/users\/3"}],"replies":[{"embeddable":true,"href":"https:\/\/www.ayadvogados.com.br\/index.php?rest_route=%2Fwp%2Fv2%2Fcomments&post=341"}],"version-history":[{"count":1,"href":"https:\/\/www.ayadvogados.com.br\/index.php?rest_route=\/wp\/v2\/posts\/341\/revisions"}],"predecessor-version":[{"id":342,"href":"https:\/\/www.ayadvogados.com.br\/index.php?rest_route=\/wp\/v2\/posts\/341\/revisions\/342"}],"wp:featuredmedia":[{"embeddable":true,"href":"https:\/\/www.ayadvogados.com.br\/index.php?rest_route=\/wp\/v2\/media\/542"}],"wp:attachment":[{"href":"https:\/\/www.ayadvogados.com.br\/index.php?rest_route=%2Fwp%2Fv2%2Fmedia&parent=341"}],"wp:term":[{"taxonomy":"category","embeddable":true,"href":"https:\/\/www.ayadvogados.com.br\/index.php?rest_route=%2Fwp%2Fv2%2Fcategories&post=341"},{"taxonomy":"post_tag","embeddable":true,"href":"https:\/\/www.ayadvogados.com.br\/index.php?rest_route=%2Fwp%2Fv2%2Ftags&post=341"}],"curies":[{"name":"wp","href":"https:\/\/api.w.org\/{rel}","templated":true}]}}