{"id":3406,"date":"2024-07-16T11:25:06","date_gmt":"2024-07-16T14:25:06","guid":{"rendered":"http:\/\/34.239.117.254\/?p=3406"},"modified":"2024-07-16T11:56:04","modified_gmt":"2024-07-16T14:56:04","slug":"votacao-do-pl-da-reforma-tributaria-na-camara","status":"publish","type":"post","link":"https:\/\/www.ayadvogados.com.br\/?p=3406","title":{"rendered":"A vota\u00e7\u00e3o na C\u00e2mara dos Deputados do Projeto de Lei que regulamenta a reforma tribut\u00e1ria"},"content":{"rendered":"\n<p><strong><strong>Vota\u00e7\u00e3o do PL da Reforma Tribut\u00e1ria na C\u00e2mara<\/strong><\/strong><\/p>\n\n\n\n<p>A C\u00e2mara dos Deputados concluiu na noite do dia (10\/7) a vota\u00e7\u00e3o do projeto que regulamenta a reforma tribut\u00e1ria (Projeto de Lei Complementar 68\/24), com v\u00e1rias mudan\u00e7as em rela\u00e7\u00e3o ao texto original, de autoria do Poder Executivo. A proposta ser\u00e1 agora enviada ao Senado.<\/p>\n\n\n\n<p>O projeto regulamenta diversos aspectos da cobran\u00e7a do Imposto sobre Bens e Servi\u00e7os (IBS), da Contribui\u00e7\u00e3o Social sobre Bens e Servi\u00e7os (CBS) e do Imposto Seletivo (IS), que substituir\u00e3o o PIS, a Cofins, o ICMS, o ISS e parcialmente o IPI.<\/p>\n\n\n\n<p>O texto estabelece os percentuais de redu\u00e7\u00e3o para v\u00e1rios setores e produtos, al\u00e9m de benef\u00edcios tribut\u00e1rios, como cr\u00e9dito presumido, redu\u00e7\u00f5es de base de c\u00e1lculo, imunidades, isen\u00e7\u00f5es e outros incentivos. A proposta tamb\u00e9m prev\u00ea a devolu\u00e7\u00e3o de tributos para consumidores de baixa renda (cashback).<\/p>\n\n\n\n<p>Dentre essas informa\u00e7\u00f5es alguns especialistas comentam no jornal Valor Econ\u00f4mico alguns pontos positivos e negativos do texto base da reforma tribut\u00e1ria, aprovado pelos deputados.<\/p>\n\n\n\n<p>Pontos positivos:<\/p>\n\n\n\n<ol class=\"wp-block-list\" type=\"1\" start=\"1\">\n<li>Visualiza\u00e7\u00e3o do imposto na nota fiscal &#8211; Com o IVA aprovado, o consumidor que paga R$ 100,00, ter\u00e1 discriminado o valor do imposto de R$ 26,50. \u201c\u00c9 uma transpar\u00eancia revolucion\u00e1ria para o Brasil. Hoje, quando se compra um produto, a carga tribut\u00e1ria dele \u00e9 estimada e ningu\u00e9m sabe quanto pagou de imposto, explica a consultora internacional, especialista em IVA e pesquisadora do N\u00facleo de Estudos Fiscais (NEF)\/ FGV, Melina Rocha. A transpar\u00eancia com o IVA insere o Brasil em um seleto grupo de 175 pa\u00edses com um imposto \u00fanico, conhecido internacionalmente como transparente. \u201cIsso aumenta a competi\u00e7\u00e3o entre produtos e atrai investidores para o Pa\u00eds, diz.<\/li>\n<\/ol>\n\n\n\n<ol class=\"wp-block-list\" type=\"1\" start=\"2\">\n<li>N\u00e3o cumulatividade de impostos &#8211; O texto aprovado na C\u00e2mara prev\u00ea a devolu\u00e7\u00e3o de impostos pagos, mais de uma vez, como cr\u00e9dito. Isso permitir\u00e1 baixar o pre\u00e7o dos produtos apenas pelo fato de n\u00e3o haver cumulatividade na cadeia. Haver\u00e1 um impacto econ\u00f4mico relevante em todos os setores, segundo Melina Rocha.<\/li>\n<\/ol>\n\n\n\n<ol class=\"wp-block-list\" type=\"1\" start=\"3\">\n<li>Aprova\u00e7\u00e3o do cashback &#8211; O potencial redistributivo do cashback, para as fam\u00edlias inscritas no Cadastro \u00danico para Programas Sociais do Governo Federal, \u00e9 muito maior do que qualquer al\u00edquota zero ou redu\u00e7\u00e3o de al\u00edquota, afirma a consultora internacional Melina Rocha. Segundo ela, o mundo est\u00e1 sendo adotado o cashback como sistema mais eficaz para as fam\u00edlias pobres. \u201cPor exemplo, o Uruguai tem esse sistema de cashback. L\u00e1, a pessoa mais pobre j\u00e1 nem paga imposto sobre servi\u00e7os\u201d, afirma Melina Rocha.<\/li>\n<\/ol>\n\n\n\n<ol class=\"wp-block-list\" type=\"1\" start=\"4\">\n<li>Menor burocracia na distribui\u00e7\u00e3o de medicamentos &#8211; Distribui\u00e7\u00e3o dos medicamentos para os munic\u00edpios, com al\u00edquota zero, foi uma decis\u00e3o pol\u00edtica e t\u00e9cnica importante para facilitar o acesso dos munic\u00edpios aos medicamentos por meio do Sistema \u00danico de Sa\u00fade (SUS) com menos burocracia, explica a coordenadora do N\u00facleo de Estudos Fiscais (NEF)\/ FGV, Lina Santin.<\/li>\n<\/ol>\n\n\n\n<ol class=\"wp-block-list\" type=\"1\" start=\"5\">\n<li>Al\u00edquota travada em 26,5% &#8212; O presidente do Instituto Brasileiro de Planejamento e Tributa\u00e7\u00e3o (IBPT), Gilberto Luiz do Amaral, explica que alguns setores \u2013 confec\u00e7\u00f5es, cal\u00e7ados, eletroeletr\u00f4nicos, combust\u00edveis, tem al\u00edquota superior aos 26,5%. \u201cO mais importante \u00e9 a al\u00edquota m\u00e1xima de 26,5% para segurar a vontade do executivo de aumentar a al\u00edquota\u201d, diz.<\/li>\n<\/ol>\n\n\n\n<p>Pontos negativos:<\/p>\n\n\n\n<ol class=\"wp-block-list\" type=\"1\" start=\"1\">\n<li>Imposto Seletivo &#8211; Idealizado para desestimular o consumo de itens nocivos \u00e0 sa\u00fade e ao meio ambiente, o imposto est\u00e1 sendo usado de forma arrecadat\u00f3ria, gerando v\u00e1rias distor\u00e7\u00f5es, na avalia\u00e7\u00e3o de todos os especialistas consultados. Segundo o presidente do Instituto Brasileiro de Planejamento e Tributa\u00e7\u00e3o (IBPT), Gilberto Luiz do Amaral, a cria\u00e7\u00e3o do Imposto Seletivo \u00e9 uma recria\u00e7\u00e3o do IPI, com seletividade para fins de pol\u00edtica p\u00fablica. Lina Santin, coordenadora do NEF\/FGV, avalia que o imposto seletivo est\u00e1 se tornando um instrumento exclusivamente arrecadat\u00f3rio, com pouca efetividade, quando n\u00e3o \u00e9 acompanhado de pol\u00edtica p\u00fablica, de conscientiza\u00e7\u00e3o \u00e0 sa\u00fade e ao meio ambiente. \u201cN\u00e3o adianta tributar se voc\u00ea n\u00e3o tiver tamb\u00e9m uma pol\u00edtica p\u00fablica de sa\u00fade, de conscientiza\u00e7\u00e3o. O imposto mexe em um lado, mas ele n\u00e3o muda comportamento\u201d, afirma. Para ela, \u00e9 um equ\u00edvoco a n\u00e3o inclus\u00e3o de armas e, ao mesmo tempo, tributar explora\u00e7\u00e3o de commodity e tributar ve\u00edculo, quando o Pa\u00eds n\u00e3o oferece acesso a um transporte p\u00fablico de qualidade.<\/li>\n<\/ol>\n\n\n\n<ol class=\"wp-block-list\" type=\"1\" start=\"2\">\n<li>Al\u00edquota zero para carne, queijo e demais itens &#8211; Em geral, produtos mais caros, como carne e queijo, at\u00e9 mesmo medicamentos, s\u00e3o consumidos em maior volume por mais por fam\u00edlias mais ricas que deveriam pagar o imposto, mas ter\u00e3o al\u00edquota zero, segundo o texto da reforma tribut\u00e1ria, aprovado na C\u00e2mara. \u201cO sistema de cashback para carne e queijo seria mais eficaz porque \u00e9 uma desonera\u00e7\u00e3o s\u00f3 para fam\u00edlias cadastradas pelo governo. O ideal seria limitar as al\u00edquotas reduzidas, principalmente, da cesta b\u00e1sica e aplicar cashback elevado para haver efeito redistributivo maior para a fam\u00edlia pobre\u201d, explica a consultora internacional, Melina Rocha.<\/li>\n<\/ol>\n\n\n\n<ol class=\"wp-block-list\" type=\"1\" start=\"3\">\n<li>Longo tempo de transi\u00e7\u00e3o aprovado na reforma &#8211; O presidente do IBPT, Gilberto Luiz do Amaral, alerta para os custos do per\u00edodo de transi\u00e7\u00e3o do sistema tribut\u00e1rio que vai de 2026 a 2032. \u201cFoi errado planejar um per\u00edodo t\u00e3o longo para a transi\u00e7\u00e3o. Cada setor, cada empresa, para cada produto, ter\u00e1 que fazer muitos c\u00e1lculos a partir de 2026, paulatinamente, at\u00e9 o resultado em 2032\u201d, diz. Para ele, os custos dessa transa\u00e7\u00e3o ser\u00e3o computados nos pre\u00e7os finais dos produtos por se tratar de uma adequa\u00e7\u00e3o complexa.<\/li>\n<\/ol>\n\n\n\n<p>O governo e os parlamentares agora trabalham para fechar as estimativas de impacto, mas j\u00e1 admitem que o Senado ter\u00e1 de fazer ajustes no texto para acomodar os benef\u00edcios concedidos na reta final da vota\u00e7\u00e3o do projeto.<\/p>\n\n\n\n<p>O relator do texto no senado ser\u00e1 o Eduardo Braga (MDB-AM). Ap\u00f3s reuni\u00e3o de l\u00edderes, na quinta-feira (11\/7), ficou definido que a regulamenta\u00e7\u00e3o da reforma tribut\u00e1ria deve ser despachada para a Comiss\u00e3o de Constitui\u00e7\u00e3o e Justi\u00e7a (CCJ) antes de seguir ao plen\u00e1rio.<\/p>\n\n\n\n<p>Os l\u00edderes solicitaram ao governo a retirada da urg\u00eancia constitucional, que obriga o Senado a aprovar o texto dentro de 45 dias, sob risco de trancar a pauta. Os senadores acreditam que ser\u00e1 dif\u00edcil aprovar o texto no per\u00edodo.<\/p>\n\n\n\n<p>De todo modo, a equipe da Amaral Yazbek Advogados est\u00e1 acompanhando o desenrolar da aprova\u00e7\u00e3o do texto e eventuais mudan\u00e7as e estaremos \u00e0 disposi\u00e7\u00e3o para qualquer d\u00favida relacionada ao tema.<\/p>\n\n\n\n<figure class=\"wp-block-embed is-type-rich is-provider-spotify wp-block-embed-spotify wp-embed-aspect-21-9 wp-has-aspect-ratio\"><div class=\"wp-block-embed__wrapper\">\n<iframe title=\"Spotify Embed: A vota\u00e7\u00e3o na C\u00e2mara dos Deputados do Projeto de Lei que regulamenta a reforma tribut\u00e1ria\" style=\"border-radius: 12px\" width=\"100%\" height=\"152\" frameborder=\"0\" allowfullscreen allow=\"autoplay; clipboard-write; encrypted-media; fullscreen; picture-in-picture\" loading=\"lazy\" src=\"https:\/\/open.spotify.com\/embed\/episode\/4G3pQdnRB7pQ2kLF6a6gej?si=1p8-WD9fQlymSnq9DNiYEQ&#038;utm_source=oembed\"><\/iframe>\n<\/div><\/figure>\n\n\n\n<hr class=\"wp-block-separator has-text-color has-palette-color-1-color has-css-opacity has-palette-color-1-background-color has-background is-style-dots\"\/>\n\n\n\n<div class=\"wp-block-group has-palette-color-6-background-color has-background is-layout-flow wp-block-group-is-layout-flow\">\n<p style=\"font-size:0.8em\">A Amaral,\u00a0Yazbek, OAB\/PR 762, possui 36 anos de experi\u00eancia auxiliando empresas a transformar a tributa\u00e7\u00e3o em lucro. Entre em contato com um dos s\u00f3cios para agendamento de reuni\u00e3o em caso de d\u00favidas.\u00a0\u00a0\u00a0<\/p>\n\n\n\n<p style=\"font-size:0.8em\">Contato: 41 3595-8300 ou pelo nosso WhatsApp 41 99567-5696\u00a0\u00a0\u00a0<\/p>\n\n\n\n<p style=\"font-size:0.8em\">Av. C\u00e2ndido Hartmann, 50 \u2013\u00a0Bigorrilho\u00a0| Curitiba-PR\u00a0\u00a0\u00a0<\/p>\n\n\n\n<p style=\"font-size:0.8em\">Assine nossa <a href=\"http:\/\/ayadvogados.com.br\/contato\/\">Newsletter<\/a> e fique por dentro das novidades!\u00a0\u00a0\u00a0<\/p>\n\n\n\n<p style=\"font-size:0.8em\">Quer receber seu exemplar da revista Governan\u00e7a Jur\u00eddica? <a href=\"http:\/\/ayadvogados.com.br\/revista\/\" data-type=\"page\" data-id=\"68\">Clique\u00a0aqui\u00a0e pe\u00e7a a sua<\/a>.\u00a0\u00a0\u00a0<\/p>\n\n\n\n<p style=\"font-size:0.8em\">Nos acompanhe nas redes sociais:\u00a0<a href=\"https:\/\/www.facebook.com\/AYadvogados\">Facebook<\/a>\u00a0|\u00a0<a href=\"https:\/\/www.instagram.com\/ayadvogados\/\">Instagram<\/a>\u00a0|\u00a0<a href=\"https:\/\/www.linkedin.com\/company\/amaral-yazbek-advogados\">Linkedin<\/a>\u00a0<\/p>\n\n\n\n<p style=\"font-size:0.8em\">J\u00e1 conhece o canal Direito da Intelig\u00eancia de Neg\u00f3cios?\u00a0<a href=\"https:\/\/www.youtube.com\/channel\/UCu2Mpu32ht8DEN8OFRXYMyw\">Inscreva-se j\u00e1<\/a><\/p>\n<\/div>\n","protected":false},"excerpt":{"rendered":"<p>Vota\u00e7\u00e3o do PL da Reforma Tribut\u00e1ria na C\u00e2mara A C\u00e2mara dos Deputados concluiu na noite do dia (10\/7) a vota\u00e7\u00e3o do projeto que regulamenta a reforma tribut\u00e1ria (Projeto de Lei Complementar 68\/24), com v\u00e1rias mudan\u00e7as em rela\u00e7\u00e3o ao texto original, de autoria do Poder Executivo. A proposta ser\u00e1 agora enviada ao Senado. O projeto regulamenta [&hellip;]<\/p>\n","protected":false},"author":3,"featured_media":3408,"comment_status":"open","ping_status":"open","sticky":false,"template":"","format":"standard","meta":{"footnotes":""},"categories":[5],"tags":[9,10,123,124,45,96],"class_list":["post-3406","post","type-post","status-publish","format-standard","has-post-thumbnail","hentry","category-dincast","tag-amaral-yazbek","tag-dincast","tag-dividas","tag-nova-forma-de-regularizar","tag-receita-federal","tag-reforma-tributaria"],"blocksy_meta":{"styles_descriptor":{"styles":{"desktop":"","tablet":"","mobile":""},"google_fonts":[],"version":6}},"yoast_head":"<!-- This site is optimized with the Yoast SEO plugin v27.5 - https:\/\/yoast.com\/product\/yoast-seo-wordpress\/ -->\n<title>Vota\u00e7\u00e3o do PL da Reforma Tribut\u00e1ria na C\u00e2mara<\/title>\n<meta name=\"description\" content=\"Vota\u00e7\u00e3o do PL da Reforma Tribut\u00e1ria na C\u00e2mara: A vota\u00e7\u00e3o na C\u00e2mara dos Deputados do Projeto de Lei que regulamenta a reforma tribut\u00e1ria\" \/>\n<meta name=\"robots\" content=\"index, follow, max-snippet:-1, max-image-preview:large, max-video-preview:-1\" \/>\n<link rel=\"canonical\" href=\"https:\/\/www.ayadvogados.com.br\/?p=3406\" \/>\n<meta property=\"og:locale\" content=\"pt_BR\" \/>\n<meta property=\"og:type\" content=\"article\" \/>\n<meta property=\"og:title\" content=\"Vota\u00e7\u00e3o do PL da Reforma Tribut\u00e1ria na C\u00e2mara\" \/>\n<meta property=\"og:description\" content=\"Vota\u00e7\u00e3o do PL da Reforma Tribut\u00e1ria na C\u00e2mara: A vota\u00e7\u00e3o na C\u00e2mara dos Deputados do Projeto de Lei que regulamenta a reforma tribut\u00e1ria\" \/>\n<meta property=\"og:url\" content=\"https:\/\/www.ayadvogados.com.br\/?p=3406\" \/>\n<meta property=\"og:site_name\" content=\"Amaral, Yazbek Advogados\" \/>\n<meta property=\"article:publisher\" content=\"https:\/\/www.facebook.com\/AYadvogados\" \/>\n<meta property=\"article:published_time\" content=\"2024-07-16T14:25:06+00:00\" \/>\n<meta property=\"article:modified_time\" content=\"2024-07-16T14:56:04+00:00\" \/>\n<meta property=\"og:image\" content=\"https:\/\/www.ayadvogados.com.br\/wp-content\/uploads\/2024\/07\/Banner-reels-copiar-3.png\" \/>\n\t<meta property=\"og:image:width\" content=\"1920\" \/>\n\t<meta property=\"og:image:height\" content=\"1080\" \/>\n\t<meta property=\"og:image:type\" content=\"image\/png\" \/>\n<meta name=\"author\" content=\"Infra\" \/>\n<meta name=\"twitter:card\" content=\"summary_large_image\" \/>\n<meta name=\"twitter:label1\" content=\"Escrito por\" \/>\n\t<meta name=\"twitter:data1\" content=\"Infra\" \/>\n\t<meta name=\"twitter:label2\" content=\"Est. tempo de leitura\" \/>\n\t<meta name=\"twitter:data2\" content=\"6 minutos\" \/>\n<script type=\"application\/ld+json\" class=\"yoast-schema-graph\">{\"@context\":\"https:\\\/\\\/schema.org\",\"@graph\":[{\"@type\":\"Article\",\"@id\":\"https:\\\/\\\/www.ayadvogados.com.br\\\/?p=3406#article\",\"isPartOf\":{\"@id\":\"https:\\\/\\\/www.ayadvogados.com.br\\\/?p=3406\"},\"author\":{\"name\":\"Infra\",\"@id\":\"https:\\\/\\\/34.239.117.254\\\/#\\\/schema\\\/person\\\/6b9165a58758b048b8ea5a4fbd4ec3c4\"},\"headline\":\"A vota\u00e7\u00e3o na C\u00e2mara dos Deputados do Projeto de Lei que regulamenta a reforma tribut\u00e1ria\",\"datePublished\":\"2024-07-16T14:25:06+00:00\",\"dateModified\":\"2024-07-16T14:56:04+00:00\",\"mainEntityOfPage\":{\"@id\":\"https:\\\/\\\/www.ayadvogados.com.br\\\/?p=3406\"},\"wordCount\":1160,\"commentCount\":0,\"publisher\":{\"@id\":\"https:\\\/\\\/34.239.117.254\\\/#organization\"},\"image\":{\"@id\":\"https:\\\/\\\/www.ayadvogados.com.br\\\/?p=3406#primaryimage\"},\"thumbnailUrl\":\"https:\\\/\\\/www.ayadvogados.com.br\\\/wp-content\\\/uploads\\\/2024\\\/07\\\/Banner-reels-copiar-3.png\",\"keywords\":[\"amaral yazbek\",\"dincast\",\"dividas\",\"nova forma de regularizar\",\"receita federal\",\"Reforma Tribut\u00e1ria\"],\"articleSection\":[\"DINCast\"],\"inLanguage\":\"pt-BR\",\"potentialAction\":[{\"@type\":\"CommentAction\",\"name\":\"Comment\",\"target\":[\"https:\\\/\\\/www.ayadvogados.com.br\\\/?p=3406#respond\"]}]},{\"@type\":\"WebPage\",\"@id\":\"https:\\\/\\\/www.ayadvogados.com.br\\\/?p=3406\",\"url\":\"https:\\\/\\\/www.ayadvogados.com.br\\\/?p=3406\",\"name\":\"Vota\u00e7\u00e3o do PL da Reforma Tribut\u00e1ria na C\u00e2mara\",\"isPartOf\":{\"@id\":\"https:\\\/\\\/34.239.117.254\\\/#website\"},\"primaryImageOfPage\":{\"@id\":\"https:\\\/\\\/www.ayadvogados.com.br\\\/?p=3406#primaryimage\"},\"image\":{\"@id\":\"https:\\\/\\\/www.ayadvogados.com.br\\\/?p=3406#primaryimage\"},\"thumbnailUrl\":\"https:\\\/\\\/www.ayadvogados.com.br\\\/wp-content\\\/uploads\\\/2024\\\/07\\\/Banner-reels-copiar-3.png\",\"datePublished\":\"2024-07-16T14:25:06+00:00\",\"dateModified\":\"2024-07-16T14:56:04+00:00\",\"description\":\"Vota\u00e7\u00e3o do PL da Reforma Tribut\u00e1ria na C\u00e2mara: A vota\u00e7\u00e3o na C\u00e2mara dos Deputados do Projeto de Lei que regulamenta a reforma tribut\u00e1ria\",\"breadcrumb\":{\"@id\":\"https:\\\/\\\/www.ayadvogados.com.br\\\/?p=3406#breadcrumb\"},\"inLanguage\":\"pt-BR\",\"potentialAction\":[{\"@type\":\"ReadAction\",\"target\":[\"https:\\\/\\\/www.ayadvogados.com.br\\\/?p=3406\"]}]},{\"@type\":\"ImageObject\",\"inLanguage\":\"pt-BR\",\"@id\":\"https:\\\/\\\/www.ayadvogados.com.br\\\/?p=3406#primaryimage\",\"url\":\"https:\\\/\\\/www.ayadvogados.com.br\\\/wp-content\\\/uploads\\\/2024\\\/07\\\/Banner-reels-copiar-3.png\",\"contentUrl\":\"https:\\\/\\\/www.ayadvogados.com.br\\\/wp-content\\\/uploads\\\/2024\\\/07\\\/Banner-reels-copiar-3.png\",\"width\":1920,\"height\":1080,\"caption\":\"Vota\u00e7\u00e3o do PL da Reforma Tribut\u00e1ria na C\u00e2mara\"},{\"@type\":\"BreadcrumbList\",\"@id\":\"https:\\\/\\\/www.ayadvogados.com.br\\\/?p=3406#breadcrumb\",\"itemListElement\":[{\"@type\":\"ListItem\",\"position\":1,\"name\":\"In\u00edcio\",\"item\":\"https:\\\/\\\/34.239.117.254\\\/\"},{\"@type\":\"ListItem\",\"position\":2,\"name\":\"A vota\u00e7\u00e3o na C\u00e2mara dos Deputados do Projeto de Lei que regulamenta a reforma tribut\u00e1ria\"}]},{\"@type\":\"WebSite\",\"@id\":\"https:\\\/\\\/34.239.117.254\\\/#website\",\"url\":\"https:\\\/\\\/34.239.117.254\\\/\",\"name\":\"Amaral, Yazbek Advogados\",\"description\":\"Curitiba \u2022 Bras\u00edlia \u2022 S\u00e3o Paulo\",\"publisher\":{\"@id\":\"https:\\\/\\\/34.239.117.254\\\/#organization\"},\"potentialAction\":[{\"@type\":\"SearchAction\",\"target\":{\"@type\":\"EntryPoint\",\"urlTemplate\":\"https:\\\/\\\/34.239.117.254\\\/?s={search_term_string}\"},\"query-input\":{\"@type\":\"PropertyValueSpecification\",\"valueRequired\":true,\"valueName\":\"search_term_string\"}}],\"inLanguage\":\"pt-BR\"},{\"@type\":\"Organization\",\"@id\":\"https:\\\/\\\/34.239.117.254\\\/#organization\",\"name\":\"Amaral, Yazbek Advogados\",\"url\":\"https:\\\/\\\/34.239.117.254\\\/\",\"logo\":{\"@type\":\"ImageObject\",\"inLanguage\":\"pt-BR\",\"@id\":\"https:\\\/\\\/34.239.117.254\\\/#\\\/schema\\\/logo\\\/image\\\/\",\"url\":\"http:\\\/\\\/34.239.117.254\\\/wp-content\\\/uploads\\\/2021\\\/03\\\/logo-ay-g.png\",\"contentUrl\":\"http:\\\/\\\/34.239.117.254\\\/wp-content\\\/uploads\\\/2021\\\/03\\\/logo-ay-g.png\",\"width\":434,\"height\":106,\"caption\":\"Amaral, Yazbek Advogados\"},\"image\":{\"@id\":\"https:\\\/\\\/34.239.117.254\\\/#\\\/schema\\\/logo\\\/image\\\/\"},\"sameAs\":[\"https:\\\/\\\/www.facebook.com\\\/AYadvogados\",\"https:\\\/\\\/www.instagram.com\\\/ayadvogados\\\/\"]},{\"@type\":\"Person\",\"@id\":\"https:\\\/\\\/34.239.117.254\\\/#\\\/schema\\\/person\\\/6b9165a58758b048b8ea5a4fbd4ec3c4\",\"name\":\"Infra\",\"image\":{\"@type\":\"ImageObject\",\"inLanguage\":\"pt-BR\",\"@id\":\"https:\\\/\\\/secure.gravatar.com\\\/avatar\\\/60bf67293e186b9c834e31753dcc586dfcedb661d13b6b9ba29ac991ccafc035?s=96&d=mm&r=g\",\"url\":\"https:\\\/\\\/secure.gravatar.com\\\/avatar\\\/60bf67293e186b9c834e31753dcc586dfcedb661d13b6b9ba29ac991ccafc035?s=96&d=mm&r=g\",\"contentUrl\":\"https:\\\/\\\/secure.gravatar.com\\\/avatar\\\/60bf67293e186b9c834e31753dcc586dfcedb661d13b6b9ba29ac991ccafc035?s=96&d=mm&r=g\",\"caption\":\"Infra\"},\"url\":\"https:\\\/\\\/www.ayadvogados.com.br\\\/?author=3\"}]}<\/script>\n<!-- \/ Yoast SEO plugin. -->","yoast_head_json":{"title":"Vota\u00e7\u00e3o do PL da Reforma Tribut\u00e1ria na C\u00e2mara","description":"Vota\u00e7\u00e3o do PL da Reforma Tribut\u00e1ria na C\u00e2mara: A vota\u00e7\u00e3o na C\u00e2mara dos Deputados do Projeto de Lei que regulamenta a reforma tribut\u00e1ria","robots":{"index":"index","follow":"follow","max-snippet":"max-snippet:-1","max-image-preview":"max-image-preview:large","max-video-preview":"max-video-preview:-1"},"canonical":"https:\/\/www.ayadvogados.com.br\/?p=3406","og_locale":"pt_BR","og_type":"article","og_title":"Vota\u00e7\u00e3o do PL da Reforma Tribut\u00e1ria na C\u00e2mara","og_description":"Vota\u00e7\u00e3o do PL da Reforma Tribut\u00e1ria na C\u00e2mara: A vota\u00e7\u00e3o na C\u00e2mara dos Deputados do Projeto de Lei que regulamenta a reforma tribut\u00e1ria","og_url":"https:\/\/www.ayadvogados.com.br\/?p=3406","og_site_name":"Amaral, Yazbek Advogados","article_publisher":"https:\/\/www.facebook.com\/AYadvogados","article_published_time":"2024-07-16T14:25:06+00:00","article_modified_time":"2024-07-16T14:56:04+00:00","og_image":[{"width":1920,"height":1080,"url":"https:\/\/www.ayadvogados.com.br\/wp-content\/uploads\/2024\/07\/Banner-reels-copiar-3.png","type":"image\/png"}],"author":"Infra","twitter_card":"summary_large_image","twitter_misc":{"Escrito por":"Infra","Est. tempo de leitura":"6 minutos"},"schema":{"@context":"https:\/\/schema.org","@graph":[{"@type":"Article","@id":"https:\/\/www.ayadvogados.com.br\/?p=3406#article","isPartOf":{"@id":"https:\/\/www.ayadvogados.com.br\/?p=3406"},"author":{"name":"Infra","@id":"https:\/\/34.239.117.254\/#\/schema\/person\/6b9165a58758b048b8ea5a4fbd4ec3c4"},"headline":"A vota\u00e7\u00e3o na C\u00e2mara dos Deputados do Projeto de Lei que regulamenta a reforma tribut\u00e1ria","datePublished":"2024-07-16T14:25:06+00:00","dateModified":"2024-07-16T14:56:04+00:00","mainEntityOfPage":{"@id":"https:\/\/www.ayadvogados.com.br\/?p=3406"},"wordCount":1160,"commentCount":0,"publisher":{"@id":"https:\/\/34.239.117.254\/#organization"},"image":{"@id":"https:\/\/www.ayadvogados.com.br\/?p=3406#primaryimage"},"thumbnailUrl":"https:\/\/www.ayadvogados.com.br\/wp-content\/uploads\/2024\/07\/Banner-reels-copiar-3.png","keywords":["amaral yazbek","dincast","dividas","nova forma de regularizar","receita federal","Reforma Tribut\u00e1ria"],"articleSection":["DINCast"],"inLanguage":"pt-BR","potentialAction":[{"@type":"CommentAction","name":"Comment","target":["https:\/\/www.ayadvogados.com.br\/?p=3406#respond"]}]},{"@type":"WebPage","@id":"https:\/\/www.ayadvogados.com.br\/?p=3406","url":"https:\/\/www.ayadvogados.com.br\/?p=3406","name":"Vota\u00e7\u00e3o do PL da Reforma Tribut\u00e1ria na C\u00e2mara","isPartOf":{"@id":"https:\/\/34.239.117.254\/#website"},"primaryImageOfPage":{"@id":"https:\/\/www.ayadvogados.com.br\/?p=3406#primaryimage"},"image":{"@id":"https:\/\/www.ayadvogados.com.br\/?p=3406#primaryimage"},"thumbnailUrl":"https:\/\/www.ayadvogados.com.br\/wp-content\/uploads\/2024\/07\/Banner-reels-copiar-3.png","datePublished":"2024-07-16T14:25:06+00:00","dateModified":"2024-07-16T14:56:04+00:00","description":"Vota\u00e7\u00e3o do PL da Reforma Tribut\u00e1ria na C\u00e2mara: A vota\u00e7\u00e3o na C\u00e2mara dos Deputados do Projeto de Lei que regulamenta a reforma tribut\u00e1ria","breadcrumb":{"@id":"https:\/\/www.ayadvogados.com.br\/?p=3406#breadcrumb"},"inLanguage":"pt-BR","potentialAction":[{"@type":"ReadAction","target":["https:\/\/www.ayadvogados.com.br\/?p=3406"]}]},{"@type":"ImageObject","inLanguage":"pt-BR","@id":"https:\/\/www.ayadvogados.com.br\/?p=3406#primaryimage","url":"https:\/\/www.ayadvogados.com.br\/wp-content\/uploads\/2024\/07\/Banner-reels-copiar-3.png","contentUrl":"https:\/\/www.ayadvogados.com.br\/wp-content\/uploads\/2024\/07\/Banner-reels-copiar-3.png","width":1920,"height":1080,"caption":"Vota\u00e7\u00e3o do PL da Reforma Tribut\u00e1ria na C\u00e2mara"},{"@type":"BreadcrumbList","@id":"https:\/\/www.ayadvogados.com.br\/?p=3406#breadcrumb","itemListElement":[{"@type":"ListItem","position":1,"name":"In\u00edcio","item":"https:\/\/34.239.117.254\/"},{"@type":"ListItem","position":2,"name":"A vota\u00e7\u00e3o na C\u00e2mara dos Deputados do Projeto de Lei que regulamenta a reforma tribut\u00e1ria"}]},{"@type":"WebSite","@id":"https:\/\/34.239.117.254\/#website","url":"https:\/\/34.239.117.254\/","name":"Amaral, Yazbek Advogados","description":"Curitiba \u2022 Bras\u00edlia \u2022 S\u00e3o Paulo","publisher":{"@id":"https:\/\/34.239.117.254\/#organization"},"potentialAction":[{"@type":"SearchAction","target":{"@type":"EntryPoint","urlTemplate":"https:\/\/34.239.117.254\/?s={search_term_string}"},"query-input":{"@type":"PropertyValueSpecification","valueRequired":true,"valueName":"search_term_string"}}],"inLanguage":"pt-BR"},{"@type":"Organization","@id":"https:\/\/34.239.117.254\/#organization","name":"Amaral, Yazbek Advogados","url":"https:\/\/34.239.117.254\/","logo":{"@type":"ImageObject","inLanguage":"pt-BR","@id":"https:\/\/34.239.117.254\/#\/schema\/logo\/image\/","url":"http:\/\/34.239.117.254\/wp-content\/uploads\/2021\/03\/logo-ay-g.png","contentUrl":"http:\/\/34.239.117.254\/wp-content\/uploads\/2021\/03\/logo-ay-g.png","width":434,"height":106,"caption":"Amaral, Yazbek Advogados"},"image":{"@id":"https:\/\/34.239.117.254\/#\/schema\/logo\/image\/"},"sameAs":["https:\/\/www.facebook.com\/AYadvogados","https:\/\/www.instagram.com\/ayadvogados\/"]},{"@type":"Person","@id":"https:\/\/34.239.117.254\/#\/schema\/person\/6b9165a58758b048b8ea5a4fbd4ec3c4","name":"Infra","image":{"@type":"ImageObject","inLanguage":"pt-BR","@id":"https:\/\/secure.gravatar.com\/avatar\/60bf67293e186b9c834e31753dcc586dfcedb661d13b6b9ba29ac991ccafc035?s=96&d=mm&r=g","url":"https:\/\/secure.gravatar.com\/avatar\/60bf67293e186b9c834e31753dcc586dfcedb661d13b6b9ba29ac991ccafc035?s=96&d=mm&r=g","contentUrl":"https:\/\/secure.gravatar.com\/avatar\/60bf67293e186b9c834e31753dcc586dfcedb661d13b6b9ba29ac991ccafc035?s=96&d=mm&r=g","caption":"Infra"},"url":"https:\/\/www.ayadvogados.com.br\/?author=3"}]}},"rttpg_featured_image_url":{"full":["https:\/\/www.ayadvogados.com.br\/wp-content\/uploads\/2024\/07\/Banner-reels-copiar-3.png",1920,1080,false],"landscape":["https:\/\/www.ayadvogados.com.br\/wp-content\/uploads\/2024\/07\/Banner-reels-copiar-3.png",1920,1080,false],"portraits":["https:\/\/www.ayadvogados.com.br\/wp-content\/uploads\/2024\/07\/Banner-reels-copiar-3.png",1920,1080,false],"thumbnail":["https:\/\/www.ayadvogados.com.br\/wp-content\/uploads\/2024\/07\/Banner-reels-copiar-3-150x150.png",150,150,true],"medium":["https:\/\/www.ayadvogados.com.br\/wp-content\/uploads\/2024\/07\/Banner-reels-copiar-3-300x169.png",300,169,true],"large":["https:\/\/www.ayadvogados.com.br\/wp-content\/uploads\/2024\/07\/Banner-reels-copiar-3-1024x576.png",1024,576,true],"1536x1536":["https:\/\/www.ayadvogados.com.br\/wp-content\/uploads\/2024\/07\/Banner-reels-copiar-3-1536x864.png",1536,864,true],"2048x2048":["https:\/\/www.ayadvogados.com.br\/wp-content\/uploads\/2024\/07\/Banner-reels-copiar-3.png",1920,1080,false]},"rttpg_author":{"display_name":"Infra","author_link":"https:\/\/www.ayadvogados.com.br\/?author=3"},"rttpg_comment":0,"rttpg_category":"<a href=\"https:\/\/www.ayadvogados.com.br\/?cat=5\" rel=\"category\">DINCast<\/a>","rttpg_excerpt":"Vota\u00e7\u00e3o do PL da Reforma Tribut\u00e1ria na C\u00e2mara A C\u00e2mara dos Deputados concluiu na noite do dia (10\/7) a vota\u00e7\u00e3o do projeto que regulamenta a reforma tribut\u00e1ria (Projeto de Lei Complementar 68\/24), com v\u00e1rias mudan\u00e7as em rela\u00e7\u00e3o ao texto original, de autoria do Poder Executivo. A proposta ser\u00e1 agora enviada ao Senado. O projeto regulamenta&hellip;","_links":{"self":[{"href":"https:\/\/www.ayadvogados.com.br\/index.php?rest_route=\/wp\/v2\/posts\/3406","targetHints":{"allow":["GET"]}}],"collection":[{"href":"https:\/\/www.ayadvogados.com.br\/index.php?rest_route=\/wp\/v2\/posts"}],"about":[{"href":"https:\/\/www.ayadvogados.com.br\/index.php?rest_route=\/wp\/v2\/types\/post"}],"author":[{"embeddable":true,"href":"https:\/\/www.ayadvogados.com.br\/index.php?rest_route=\/wp\/v2\/users\/3"}],"replies":[{"embeddable":true,"href":"https:\/\/www.ayadvogados.com.br\/index.php?rest_route=%2Fwp%2Fv2%2Fcomments&post=3406"}],"version-history":[{"count":2,"href":"https:\/\/www.ayadvogados.com.br\/index.php?rest_route=\/wp\/v2\/posts\/3406\/revisions"}],"predecessor-version":[{"id":3409,"href":"https:\/\/www.ayadvogados.com.br\/index.php?rest_route=\/wp\/v2\/posts\/3406\/revisions\/3409"}],"wp:featuredmedia":[{"embeddable":true,"href":"https:\/\/www.ayadvogados.com.br\/index.php?rest_route=\/wp\/v2\/media\/3408"}],"wp:attachment":[{"href":"https:\/\/www.ayadvogados.com.br\/index.php?rest_route=%2Fwp%2Fv2%2Fmedia&parent=3406"}],"wp:term":[{"taxonomy":"category","embeddable":true,"href":"https:\/\/www.ayadvogados.com.br\/index.php?rest_route=%2Fwp%2Fv2%2Fcategories&post=3406"},{"taxonomy":"post_tag","embeddable":true,"href":"https:\/\/www.ayadvogados.com.br\/index.php?rest_route=%2Fwp%2Fv2%2Ftags&post=3406"}],"curies":[{"name":"wp","href":"https:\/\/api.w.org\/{rel}","templated":true}]}}