{"id":339,"date":"2021-03-03T12:02:00","date_gmt":"2021-03-03T15:02:00","guid":{"rendered":"http:\/\/34.239.117.254\/?p=339"},"modified":"2021-03-25T11:44:24","modified_gmt":"2021-03-25T14:44:24","slug":"auditoria-da-receita-em-creditos-de-pis-cofins-pode-travar-compensacoes","status":"publish","type":"post","link":"https:\/\/www.ayadvogados.com.br\/?p=339","title":{"rendered":"Auditoria da Receita em cr\u00e9ditos de PIS\/Cofins pode travar compensa\u00e7\u00f5es"},"content":{"rendered":"\n<p>O impacto na arrecada\u00e7\u00e3o pelo uso de cr\u00e9ditos de PIS e Cofins, resultantes da exclus\u00e3o do ICMS, fez a Receita Federal reagir: montou uma equipe exclusiva para verificar os valores que as empresas dizem ter direito. Essa estrat\u00e9gia, afirmam advogados, poder\u00e1 dificultar &#8211; ou at\u00e9 inviabilizar &#8211; as compensa\u00e7\u00f5es (o uso de cr\u00e9dito para pagar tributo).<\/p>\n\n\n\n<p>Trata-se de uma equipe nacional de auditoria. Esse grupo vai concentrar as fiscaliza\u00e7\u00f5es dos valores obtidos pelos contribuintes com as a\u00e7\u00f5es judiciais. Em 2020, as empresas utilizaram R$ 63,6 bilh\u00f5es em cr\u00e9ditos ficais decorrentes de disputas na Justi\u00e7a &#8211; 174% a mais que no ano anterior. O forte crescimento est\u00e1 relacionado \u00e0 chamada \u201ctese do s\u00e9culo\u201d, de acordo com a Receita.<\/p>\n\n\n\n<p>Os balan\u00e7os referentes a 2020 mostram que a arrecada\u00e7\u00e3o federal poder\u00e1 ser novamente afetada pelas compensa\u00e7\u00f5es. A Ambev informa, por exemplo, que os resultados do quarto trimestre \u201cforam impactados positivamente por R$ 4,3 bilh\u00f5es de cr\u00e9ditos tribut\u00e1rios\u201d decorrentes de decis\u00e3o judicial sobre o tema.<\/p>\n\n\n\n<p>O GPA (P\u00e3o de A\u00e7\u00facar), nas suas demonstra\u00e7\u00f5es financeiras, tamb\u00e9m relata ter vencido a disputa, \u201cresultando o registro de cr\u00e9dito tribut\u00e1rio no montante de R$ 1,6 bilh\u00e3o\u201d. Acrescenta que a compensa\u00e7\u00e3o desse cr\u00e9dito est\u00e1 sujeita a determinados processos administrativos e estima realiz\u00e1-lo em cinco anos.<\/p>\n\n\n\n<p>A exclus\u00e3o do ICMS do c\u00e1lculo do PIS e da Cofins est\u00e1 amparada em uma decis\u00e3o do Supremo Tribunal Federal (STF) do ano de 2017. Esse julgamento ainda n\u00e3o est\u00e1 completamente encerrado. O desfecho depende da an\u00e1lise de um recurso (embargos de declara\u00e7\u00e3o) que foi apresentado pela Fazenda Nacional.<\/p>\n\n\n\n<p>Nos tribunais regionais federais, no entanto, os processos est\u00e3o tramitando e \u00e9 por esse motivo que as empresas v\u00eam obtendo as decis\u00f5es finais (tr\u00e2nsito em julgado) dos seus casos &#8211; que servem como passaporte para as compensa\u00e7\u00f5es.<\/p>\n\n\n\n<p>A equipe de auditoria que foi criada pela Receita vai, portanto, se debru\u00e7ar sobre esses valores. Os profissionais ficar\u00e3o vinculados \u00e0 Coordena\u00e7\u00e3o-Geral de Arrecada\u00e7\u00e3o e de Direito Credit\u00f3rio (Codar). Eles ser\u00e3o respons\u00e1veis pela an\u00e1lise do direito aos cr\u00e9ditos e das declara\u00e7\u00f5es de compensa\u00e7\u00e3o dos contribuintes.<\/p>\n\n\n\n<p>Caber\u00e1 a essa equipe emitir os despachos decis\u00f3rios e fazer o lan\u00e7amento de tributos e multas caso entendam que h\u00e1 erro na declara\u00e7\u00e3o do contribuinte. A atua\u00e7\u00e3o desse grupo ocorrer\u00e1 pelo prazo de 12 meses, podendo ser prorrog\u00e1vel se o \u00f3rg\u00e3o entender necess\u00e1rio.<\/p>\n\n\n\n<p>A for\u00e7a-tarefa da Receita est\u00e1 sendo vista no mercado como um esfor\u00e7o da equipe econ\u00f4mica para tentar reduzir as perdas na arrecada\u00e7\u00e3o.<\/p>\n\n\n\n<p>Por isso, na vis\u00e3o dos advogados, deve gerar um n\u00famero grande de autua\u00e7\u00f5es e, consequentemente, mais brigas administrativas e judiciais.<\/p>\n\n\n\n<p>\u201cEssa portaria causa preocupa\u00e7\u00e3o e, de certa forma, mexe com o psicol\u00f3gico, interfere na conduta dos contribuintes de querer ou n\u00e3o continuar compensando. E isso \u00e9 muito ruim, especialmente neste momento de crise\u201d, diz o advogado F\u00e1bio Calcini, s\u00f3cio do Brasil, Salom\u00e3o e Matthes.<\/p>\n\n\n\n<p>Os advogados acreditam que a auditoria da Receita vai se concentrar na quest\u00e3o do ICMS que foi retirado do c\u00e1lculo do PIS e da Cofins: se o que consta na nota fiscal ou o efetivamente recolhido pelo contribuinte aos Estados. O \u00f3rg\u00e3o entende que deve ser o imposto recolhido, que geralmente tem valor menor &#8211; esse posicionamento consta na Solu\u00e7\u00e3o de Consulta n\u00ba 13, de 2018.<\/p>\n\n\n\n<p>H\u00e1 discuss\u00f5es em rela\u00e7\u00e3o a isso e os contribuintes v\u00eam obtendo decis\u00f5es favor\u00e1veis nos tribunais. Em algumas das decis\u00f5es j\u00e1 transitadas em julgado consta expressamente que o ICMS a ser exclu\u00eddo \u00e9 o da nota fiscal. Nesses casos, dizem advogados, a Receita Federal, mesmo entendendo de forma diferente, n\u00e3o poderia desconsiderar o cr\u00e9dito por meio dessas fiscaliza\u00e7\u00f5es.<\/p>\n\n\n\n<p>S\u00f3 que essas a\u00e7\u00f5es s\u00e3o minoria, as mais recentes, afirmam Luca Salvoni e Rafael Vega, do escrit\u00f3rio Cascione. \u201cNa maior parte das a\u00e7\u00f5es, a exclus\u00e3o do ICMS consta de forma gen\u00e9rica. Essa discuss\u00e3o sobre qual o imposto deve ser exclu\u00eddo surgiu depois do julgamento do STF. As a\u00e7\u00f5es que foram ajuizadas antes, portanto, n\u00e3o tratam disso\u201d, diz Vega.<\/p>\n\n\n\n<p>A Receita Federal tamb\u00e9m poder\u00e1 ir al\u00e9m dessa discuss\u00e3o, afirmam os advogados. Um dos temores \u00e9 de que sejam exigidos os comprovantes de pagamento do imposto estadual de um per\u00edodo mais remoto.<\/p>\n\n\n\n<p>Rafael Nichele, s\u00f3cio do escrit\u00f3rio Nichele Advogados Associados, cita o caso de uma empresa, por exemplo, que entrou com a\u00e7\u00e3o em 2008. Ela tem por direito receber os valores que pagou a mais nos cinco anos anteriores. Se a decis\u00e3o que a favorece transitou em julgado em 2018, portanto, ela poder\u00e1 incluir no c\u00e1lculo &#8211; para a soma dos cr\u00e9ditos aos quais t\u00eam direito &#8211; os valores que foram pagos a mais desde 2003.<\/p>\n\n\n\n<p>\u201cEstamos falando de quase 20 anos. A empresa faz o c\u00e1lculo com base nos seus registros cont\u00e1beis. Mas a maioria s\u00f3 guarda os comprovantes de recolhimento do ICMS dos \u00faltimos cinco anos. Se a fiscaliza\u00e7\u00e3o exigir os comprovantes de quase duas d\u00e9cadas, se n\u00e3o bastar o que consta nos registros cont\u00e1beis, pode complicar\u201d, pondera.<\/p>\n\n\n\n<p>O tributarista Caio Malpighi, do escrit\u00f3rio Ayres Ribeiro Advogados, cita uma outra situa\u00e7\u00e3o que tamb\u00e9m poder\u00e1 ser levantada pela Receita Federal: a compensa\u00e7\u00e3o cruzada. Afeta as empresas que usaram os cr\u00e9ditos da exclus\u00e3o do ICMS para pagar d\u00e9bitos previdenci\u00e1rios.<\/p>\n\n\n\n<p>S\u00f3 em 2018, com a unifica\u00e7\u00e3o do sistema, \u00e9 que passou a ser permitido aos contribuintes compensar cr\u00e9dito tribut\u00e1rio com d\u00e9bito previdenci\u00e1rio e vice-versa. Antes n\u00e3o era poss\u00edvel. H\u00e1 discuss\u00e3o &#8211; inclusive no Judici\u00e1rio &#8211; se as empresas que obtiveram decis\u00f5es depois de 2018, mas referentes a fatos ocorridos anteriormente, podem fazer a compensa\u00e7\u00e3o cruzada. \u201cA Receita entende que n\u00e3o. Para ela, vale a data do fato gerador\u201d, diz Caio Malpighi.<\/p>\n\n\n\n<p>A for\u00e7a-tarefa da Receita pode, ainda, interferir em um momento anterior \u00e0 compensa\u00e7\u00e3o, alerta Carlos Vidigal, do escrit\u00f3rio Vinhas e Resenschi. Consta no artigo 4\u00ba da Portaria n\u00ba 10, publicada na noite de segunda-feira para criar a equipe de auditoria, que caber\u00e1 a esses profissionais expedir Termo de Distribui\u00e7\u00e3o do Procedimento Fiscal (TDPF).<\/p>\n\n\n\n<p>Esse procedimento serve para confirmar \u201ca certeza e a liquidez\u201d do cr\u00e9dito. S\u00f3 que quando utilizado trava as compensa\u00e7\u00f5es. A empresa pode ter o cr\u00e9dito habilitado, mas n\u00e3o poder\u00e1 utiliz\u00e1-lo para pagar tributos. Esse \u201ccongelamento\u201d ocorre durante todo o per\u00edodo de fiscaliza\u00e7\u00e3o, inicialmente previsto para 120 dias, mas sem limites para prorroga\u00e7\u00e3o.&nbsp;<\/p>\n\n\n\n<p>Fonte: <a href=\"https:\/\/valor.globo.com\/legislacao\/noticia\/2021\/03\/03\/auditoria-da-receita-em-creditos-de-pis-cofins-pode-travar-compensacoes.ghtml\">Valor<\/a><\/p>\n\n\n\n<p>A Amaral, Yazbek, OAB\/PR 762, possui 35 anos de experi\u00eancia auxiliando empresas a transformar a tributa\u00e7\u00e3o em lucro. Entre em contato com um dos s\u00f3cios para agendamento de reuni\u00e3o em caso de d\u00favidas.<\/p>\n\n\n\n<p>Contato: 41 3595-8300 ou pelo nosso WhatsApp 41 99567-5696<\/p>\n\n\n\n<p>Av. C\u00e2ndido Hartmann, 50 \u2013 Bigorrilho | Curitiba-PR<\/p>\n\n\n\n<p>Assine nossa Newsletter e fique por dentro das novidades!<\/p>\n\n\n\n<p>Quer receber seu exemplar da revista Governan\u00e7a Jur\u00eddica? Clique <a href=\"http:\/\/ayadvogados.com.br\/revista\">aqui<\/a>&nbsp;e pe\u00e7a a sua.<\/p>\n\n\n\n<p>Nos acompanhe nas redes sociais: <a href=\"https:\/\/www.facebook.com\/amaral.yazbek\">Facebook<\/a>&nbsp;| <a href=\"https:\/\/www.instagram.com\/amaral.yazbek\/\">Instagram<\/a> | <a href=\"https:\/\/www.linkedin.com\/company\/3357082\/admin\/\">Linkedin<\/a><\/p>\n\n\n\n<p>J\u00e1 conhece o canal Direito da Intelig\u00eancia de Neg\u00f3cios? <a href=\"https:\/\/www.youtube.com\/channel\/UCu2Mpu32ht8DEN8OFRXYMyw\">Inscreva-se j\u00e1<\/a><\/p>\n","protected":false},"excerpt":{"rendered":"<p>O impacto na arrecada\u00e7\u00e3o pelo uso de cr\u00e9ditos de PIS e Cofins, resultantes da exclus\u00e3o do ICMS, fez a Receita Federal reagir: montou uma equipe exclusiva para verificar os valores que as empresas dizem ter direito. Essa estrat\u00e9gia, afirmam advogados, poder\u00e1 dificultar &#8211; ou at\u00e9 inviabilizar &#8211; as compensa\u00e7\u00f5es (o uso de cr\u00e9dito para pagar [&hellip;]<\/p>\n","protected":false},"author":3,"featured_media":543,"comment_status":"open","ping_status":"open","sticky":false,"template":"","format":"standard","meta":{"footnotes":""},"categories":[1],"tags":[],"class_list":["post-339","post","type-post","status-publish","format-standard","has-post-thumbnail","hentry","category-noticia-do-dia"],"blocksy_meta":{"styles_descriptor":{"styles":{"desktop":"","tablet":"","mobile":""},"google_fonts":[],"version":6}},"yoast_head":"<!-- This site is optimized with the Yoast SEO plugin v27.5 - https:\/\/yoast.com\/product\/yoast-seo-wordpress\/ -->\n<title>Auditoria da Receita em cr\u00e9ditos de PIS\/Cofins pode travar compensa\u00e7\u00f5es - Amaral, Yazbek Advogados<\/title>\n<meta name=\"robots\" content=\"index, follow, max-snippet:-1, max-image-preview:large, max-video-preview:-1\" \/>\n<link rel=\"canonical\" href=\"https:\/\/www.34.239.117.254.sslip.io\/?p=339\" \/>\n<meta property=\"og:locale\" content=\"pt_BR\" \/>\n<meta property=\"og:type\" content=\"article\" \/>\n<meta property=\"og:title\" content=\"Auditoria da Receita em cr\u00e9ditos de PIS\/Cofins pode travar compensa\u00e7\u00f5es - Amaral, Yazbek Advogados\" \/>\n<meta property=\"og:description\" content=\"O impacto na arrecada\u00e7\u00e3o pelo uso de cr\u00e9ditos de PIS e Cofins, resultantes da exclus\u00e3o do ICMS, fez a Receita Federal reagir: montou uma equipe exclusiva para verificar os valores que as empresas dizem ter direito. Essa estrat\u00e9gia, afirmam advogados, poder\u00e1 dificultar &#8211; ou at\u00e9 inviabilizar &#8211; as compensa\u00e7\u00f5es (o uso de cr\u00e9dito para pagar [&hellip;]\" \/>\n<meta property=\"og:url\" content=\"https:\/\/www.34.239.117.254.sslip.io\/?p=339\" \/>\n<meta property=\"og:site_name\" content=\"Amaral, Yazbek Advogados\" \/>\n<meta property=\"article:publisher\" content=\"https:\/\/www.facebook.com\/AYadvogados\" \/>\n<meta property=\"article:published_time\" content=\"2021-03-03T15:02:00+00:00\" \/>\n<meta property=\"article:modified_time\" content=\"2021-03-25T14:44:24+00:00\" \/>\n<meta property=\"og:image\" content=\"https:\/\/www.34.239.117.254.sslip.io\/wp-content\/uploads\/2021\/03\/a1d7127178bf444e8b710ac116cf4436.png\" \/>\n\t<meta property=\"og:image:width\" content=\"1000\" \/>\n\t<meta property=\"og:image:height\" content=\"620\" \/>\n\t<meta property=\"og:image:type\" content=\"image\/png\" \/>\n<meta name=\"author\" content=\"Infra\" \/>\n<meta name=\"twitter:card\" content=\"summary_large_image\" \/>\n<meta name=\"twitter:label1\" content=\"Escrito por\" \/>\n\t<meta name=\"twitter:data1\" content=\"Infra\" \/>\n\t<meta name=\"twitter:label2\" content=\"Est. tempo de leitura\" \/>\n\t<meta name=\"twitter:data2\" content=\"6 minutos\" \/>\n<script type=\"application\/ld+json\" class=\"yoast-schema-graph\">{\"@context\":\"https:\\\/\\\/schema.org\",\"@graph\":[{\"@type\":\"Article\",\"@id\":\"https:\\\/\\\/www.34.239.117.254.sslip.io\\\/?p=339#article\",\"isPartOf\":{\"@id\":\"https:\\\/\\\/www.34.239.117.254.sslip.io\\\/?p=339\"},\"author\":{\"name\":\"Infra\",\"@id\":\"https:\\\/\\\/www.34.239.117.254.sslip.io\\\/#\\\/schema\\\/person\\\/6b9165a58758b048b8ea5a4fbd4ec3c4\"},\"headline\":\"Auditoria da Receita em cr\u00e9ditos de PIS\\\/Cofins pode travar compensa\u00e7\u00f5es\",\"datePublished\":\"2021-03-03T15:02:00+00:00\",\"dateModified\":\"2021-03-25T14:44:24+00:00\",\"mainEntityOfPage\":{\"@id\":\"https:\\\/\\\/www.34.239.117.254.sslip.io\\\/?p=339\"},\"wordCount\":1254,\"commentCount\":0,\"publisher\":{\"@id\":\"https:\\\/\\\/www.34.239.117.254.sslip.io\\\/#organization\"},\"image\":{\"@id\":\"https:\\\/\\\/www.34.239.117.254.sslip.io\\\/?p=339#primaryimage\"},\"thumbnailUrl\":\"https:\\\/\\\/www.ayadvogados.com.br\\\/wp-content\\\/uploads\\\/2021\\\/03\\\/a1d7127178bf444e8b710ac116cf4436.png\",\"articleSection\":[\"Not\u00edcia do Dia\"],\"inLanguage\":\"pt-BR\",\"potentialAction\":[{\"@type\":\"CommentAction\",\"name\":\"Comment\",\"target\":[\"https:\\\/\\\/www.34.239.117.254.sslip.io\\\/?p=339#respond\"]}]},{\"@type\":\"WebPage\",\"@id\":\"https:\\\/\\\/www.34.239.117.254.sslip.io\\\/?p=339\",\"url\":\"https:\\\/\\\/www.34.239.117.254.sslip.io\\\/?p=339\",\"name\":\"Auditoria da Receita em cr\u00e9ditos de PIS\\\/Cofins pode travar compensa\u00e7\u00f5es - Amaral, Yazbek Advogados\",\"isPartOf\":{\"@id\":\"https:\\\/\\\/www.34.239.117.254.sslip.io\\\/#website\"},\"primaryImageOfPage\":{\"@id\":\"https:\\\/\\\/www.34.239.117.254.sslip.io\\\/?p=339#primaryimage\"},\"image\":{\"@id\":\"https:\\\/\\\/www.34.239.117.254.sslip.io\\\/?p=339#primaryimage\"},\"thumbnailUrl\":\"https:\\\/\\\/www.ayadvogados.com.br\\\/wp-content\\\/uploads\\\/2021\\\/03\\\/a1d7127178bf444e8b710ac116cf4436.png\",\"datePublished\":\"2021-03-03T15:02:00+00:00\",\"dateModified\":\"2021-03-25T14:44:24+00:00\",\"breadcrumb\":{\"@id\":\"https:\\\/\\\/www.34.239.117.254.sslip.io\\\/?p=339#breadcrumb\"},\"inLanguage\":\"pt-BR\",\"potentialAction\":[{\"@type\":\"ReadAction\",\"target\":[\"https:\\\/\\\/www.34.239.117.254.sslip.io\\\/?p=339\"]}]},{\"@type\":\"ImageObject\",\"inLanguage\":\"pt-BR\",\"@id\":\"https:\\\/\\\/www.34.239.117.254.sslip.io\\\/?p=339#primaryimage\",\"url\":\"https:\\\/\\\/www.ayadvogados.com.br\\\/wp-content\\\/uploads\\\/2021\\\/03\\\/a1d7127178bf444e8b710ac116cf4436.png\",\"contentUrl\":\"https:\\\/\\\/www.ayadvogados.com.br\\\/wp-content\\\/uploads\\\/2021\\\/03\\\/a1d7127178bf444e8b710ac116cf4436.png\",\"width\":1000,\"height\":620},{\"@type\":\"BreadcrumbList\",\"@id\":\"https:\\\/\\\/www.34.239.117.254.sslip.io\\\/?p=339#breadcrumb\",\"itemListElement\":[{\"@type\":\"ListItem\",\"position\":1,\"name\":\"In\u00edcio\",\"item\":\"https:\\\/\\\/www.34.239.117.254.sslip.io\\\/\"},{\"@type\":\"ListItem\",\"position\":2,\"name\":\"Auditoria da Receita em cr\u00e9ditos de PIS\\\/Cofins pode travar compensa\u00e7\u00f5es\"}]},{\"@type\":\"WebSite\",\"@id\":\"https:\\\/\\\/www.34.239.117.254.sslip.io\\\/#website\",\"url\":\"https:\\\/\\\/www.34.239.117.254.sslip.io\\\/\",\"name\":\"Amaral, Yazbek Advogados\",\"description\":\"Curitiba \u2022 Bras\u00edlia \u2022 S\u00e3o Paulo\",\"publisher\":{\"@id\":\"https:\\\/\\\/www.34.239.117.254.sslip.io\\\/#organization\"},\"potentialAction\":[{\"@type\":\"SearchAction\",\"target\":{\"@type\":\"EntryPoint\",\"urlTemplate\":\"https:\\\/\\\/www.34.239.117.254.sslip.io\\\/?s={search_term_string}\"},\"query-input\":{\"@type\":\"PropertyValueSpecification\",\"valueRequired\":true,\"valueName\":\"search_term_string\"}}],\"inLanguage\":\"pt-BR\"},{\"@type\":\"Organization\",\"@id\":\"https:\\\/\\\/www.34.239.117.254.sslip.io\\\/#organization\",\"name\":\"Amaral, Yazbek Advogados\",\"url\":\"https:\\\/\\\/www.34.239.117.254.sslip.io\\\/\",\"logo\":{\"@type\":\"ImageObject\",\"inLanguage\":\"pt-BR\",\"@id\":\"https:\\\/\\\/www.34.239.117.254.sslip.io\\\/#\\\/schema\\\/logo\\\/image\\\/\",\"url\":\"http:\\\/\\\/34.239.117.254\\\/wp-content\\\/uploads\\\/2021\\\/03\\\/logo-ay-g.png\",\"contentUrl\":\"http:\\\/\\\/34.239.117.254\\\/wp-content\\\/uploads\\\/2021\\\/03\\\/logo-ay-g.png\",\"width\":434,\"height\":106,\"caption\":\"Amaral, Yazbek Advogados\"},\"image\":{\"@id\":\"https:\\\/\\\/www.34.239.117.254.sslip.io\\\/#\\\/schema\\\/logo\\\/image\\\/\"},\"sameAs\":[\"https:\\\/\\\/www.facebook.com\\\/AYadvogados\",\"https:\\\/\\\/www.instagram.com\\\/ayadvogados\\\/\"]},{\"@type\":\"Person\",\"@id\":\"https:\\\/\\\/www.34.239.117.254.sslip.io\\\/#\\\/schema\\\/person\\\/6b9165a58758b048b8ea5a4fbd4ec3c4\",\"name\":\"Infra\",\"image\":{\"@type\":\"ImageObject\",\"inLanguage\":\"pt-BR\",\"@id\":\"https:\\\/\\\/secure.gravatar.com\\\/avatar\\\/60bf67293e186b9c834e31753dcc586dfcedb661d13b6b9ba29ac991ccafc035?s=96&d=mm&r=g\",\"url\":\"https:\\\/\\\/secure.gravatar.com\\\/avatar\\\/60bf67293e186b9c834e31753dcc586dfcedb661d13b6b9ba29ac991ccafc035?s=96&d=mm&r=g\",\"contentUrl\":\"https:\\\/\\\/secure.gravatar.com\\\/avatar\\\/60bf67293e186b9c834e31753dcc586dfcedb661d13b6b9ba29ac991ccafc035?s=96&d=mm&r=g\",\"caption\":\"Infra\"},\"url\":\"https:\\\/\\\/www.ayadvogados.com.br\\\/?author=3\"}]}<\/script>\n<!-- \/ Yoast SEO plugin. -->","yoast_head_json":{"title":"Auditoria da Receita em cr\u00e9ditos de PIS\/Cofins pode travar compensa\u00e7\u00f5es - Amaral, Yazbek Advogados","robots":{"index":"index","follow":"follow","max-snippet":"max-snippet:-1","max-image-preview":"max-image-preview:large","max-video-preview":"max-video-preview:-1"},"canonical":"https:\/\/www.34.239.117.254.sslip.io\/?p=339","og_locale":"pt_BR","og_type":"article","og_title":"Auditoria da Receita em cr\u00e9ditos de PIS\/Cofins pode travar compensa\u00e7\u00f5es - Amaral, Yazbek Advogados","og_description":"O impacto na arrecada\u00e7\u00e3o pelo uso de cr\u00e9ditos de PIS e Cofins, resultantes da exclus\u00e3o do ICMS, fez a Receita Federal reagir: montou uma equipe exclusiva para verificar os valores que as empresas dizem ter direito. Essa estrat\u00e9gia, afirmam advogados, poder\u00e1 dificultar &#8211; ou at\u00e9 inviabilizar &#8211; as compensa\u00e7\u00f5es (o uso de cr\u00e9dito para pagar [&hellip;]","og_url":"https:\/\/www.34.239.117.254.sslip.io\/?p=339","og_site_name":"Amaral, Yazbek Advogados","article_publisher":"https:\/\/www.facebook.com\/AYadvogados","article_published_time":"2021-03-03T15:02:00+00:00","article_modified_time":"2021-03-25T14:44:24+00:00","og_image":[{"width":1000,"height":620,"url":"https:\/\/www.34.239.117.254.sslip.io\/wp-content\/uploads\/2021\/03\/a1d7127178bf444e8b710ac116cf4436.png","type":"image\/png"}],"author":"Infra","twitter_card":"summary_large_image","twitter_misc":{"Escrito por":"Infra","Est. tempo de leitura":"6 minutos"},"schema":{"@context":"https:\/\/schema.org","@graph":[{"@type":"Article","@id":"https:\/\/www.34.239.117.254.sslip.io\/?p=339#article","isPartOf":{"@id":"https:\/\/www.34.239.117.254.sslip.io\/?p=339"},"author":{"name":"Infra","@id":"https:\/\/www.34.239.117.254.sslip.io\/#\/schema\/person\/6b9165a58758b048b8ea5a4fbd4ec3c4"},"headline":"Auditoria da Receita em cr\u00e9ditos de PIS\/Cofins pode travar compensa\u00e7\u00f5es","datePublished":"2021-03-03T15:02:00+00:00","dateModified":"2021-03-25T14:44:24+00:00","mainEntityOfPage":{"@id":"https:\/\/www.34.239.117.254.sslip.io\/?p=339"},"wordCount":1254,"commentCount":0,"publisher":{"@id":"https:\/\/www.34.239.117.254.sslip.io\/#organization"},"image":{"@id":"https:\/\/www.34.239.117.254.sslip.io\/?p=339#primaryimage"},"thumbnailUrl":"https:\/\/www.ayadvogados.com.br\/wp-content\/uploads\/2021\/03\/a1d7127178bf444e8b710ac116cf4436.png","articleSection":["Not\u00edcia do Dia"],"inLanguage":"pt-BR","potentialAction":[{"@type":"CommentAction","name":"Comment","target":["https:\/\/www.34.239.117.254.sslip.io\/?p=339#respond"]}]},{"@type":"WebPage","@id":"https:\/\/www.34.239.117.254.sslip.io\/?p=339","url":"https:\/\/www.34.239.117.254.sslip.io\/?p=339","name":"Auditoria da Receita em cr\u00e9ditos de PIS\/Cofins pode travar compensa\u00e7\u00f5es - Amaral, Yazbek Advogados","isPartOf":{"@id":"https:\/\/www.34.239.117.254.sslip.io\/#website"},"primaryImageOfPage":{"@id":"https:\/\/www.34.239.117.254.sslip.io\/?p=339#primaryimage"},"image":{"@id":"https:\/\/www.34.239.117.254.sslip.io\/?p=339#primaryimage"},"thumbnailUrl":"https:\/\/www.ayadvogados.com.br\/wp-content\/uploads\/2021\/03\/a1d7127178bf444e8b710ac116cf4436.png","datePublished":"2021-03-03T15:02:00+00:00","dateModified":"2021-03-25T14:44:24+00:00","breadcrumb":{"@id":"https:\/\/www.34.239.117.254.sslip.io\/?p=339#breadcrumb"},"inLanguage":"pt-BR","potentialAction":[{"@type":"ReadAction","target":["https:\/\/www.34.239.117.254.sslip.io\/?p=339"]}]},{"@type":"ImageObject","inLanguage":"pt-BR","@id":"https:\/\/www.34.239.117.254.sslip.io\/?p=339#primaryimage","url":"https:\/\/www.ayadvogados.com.br\/wp-content\/uploads\/2021\/03\/a1d7127178bf444e8b710ac116cf4436.png","contentUrl":"https:\/\/www.ayadvogados.com.br\/wp-content\/uploads\/2021\/03\/a1d7127178bf444e8b710ac116cf4436.png","width":1000,"height":620},{"@type":"BreadcrumbList","@id":"https:\/\/www.34.239.117.254.sslip.io\/?p=339#breadcrumb","itemListElement":[{"@type":"ListItem","position":1,"name":"In\u00edcio","item":"https:\/\/www.34.239.117.254.sslip.io\/"},{"@type":"ListItem","position":2,"name":"Auditoria da Receita em cr\u00e9ditos de PIS\/Cofins pode travar compensa\u00e7\u00f5es"}]},{"@type":"WebSite","@id":"https:\/\/www.34.239.117.254.sslip.io\/#website","url":"https:\/\/www.34.239.117.254.sslip.io\/","name":"Amaral, Yazbek Advogados","description":"Curitiba \u2022 Bras\u00edlia \u2022 S\u00e3o Paulo","publisher":{"@id":"https:\/\/www.34.239.117.254.sslip.io\/#organization"},"potentialAction":[{"@type":"SearchAction","target":{"@type":"EntryPoint","urlTemplate":"https:\/\/www.34.239.117.254.sslip.io\/?s={search_term_string}"},"query-input":{"@type":"PropertyValueSpecification","valueRequired":true,"valueName":"search_term_string"}}],"inLanguage":"pt-BR"},{"@type":"Organization","@id":"https:\/\/www.34.239.117.254.sslip.io\/#organization","name":"Amaral, Yazbek Advogados","url":"https:\/\/www.34.239.117.254.sslip.io\/","logo":{"@type":"ImageObject","inLanguage":"pt-BR","@id":"https:\/\/www.34.239.117.254.sslip.io\/#\/schema\/logo\/image\/","url":"http:\/\/34.239.117.254\/wp-content\/uploads\/2021\/03\/logo-ay-g.png","contentUrl":"http:\/\/34.239.117.254\/wp-content\/uploads\/2021\/03\/logo-ay-g.png","width":434,"height":106,"caption":"Amaral, Yazbek Advogados"},"image":{"@id":"https:\/\/www.34.239.117.254.sslip.io\/#\/schema\/logo\/image\/"},"sameAs":["https:\/\/www.facebook.com\/AYadvogados","https:\/\/www.instagram.com\/ayadvogados\/"]},{"@type":"Person","@id":"https:\/\/www.34.239.117.254.sslip.io\/#\/schema\/person\/6b9165a58758b048b8ea5a4fbd4ec3c4","name":"Infra","image":{"@type":"ImageObject","inLanguage":"pt-BR","@id":"https:\/\/secure.gravatar.com\/avatar\/60bf67293e186b9c834e31753dcc586dfcedb661d13b6b9ba29ac991ccafc035?s=96&d=mm&r=g","url":"https:\/\/secure.gravatar.com\/avatar\/60bf67293e186b9c834e31753dcc586dfcedb661d13b6b9ba29ac991ccafc035?s=96&d=mm&r=g","contentUrl":"https:\/\/secure.gravatar.com\/avatar\/60bf67293e186b9c834e31753dcc586dfcedb661d13b6b9ba29ac991ccafc035?s=96&d=mm&r=g","caption":"Infra"},"url":"https:\/\/www.ayadvogados.com.br\/?author=3"}]}},"rttpg_featured_image_url":{"full":["https:\/\/www.ayadvogados.com.br\/wp-content\/uploads\/2021\/03\/a1d7127178bf444e8b710ac116cf4436.png",1000,620,false],"landscape":["https:\/\/www.ayadvogados.com.br\/wp-content\/uploads\/2021\/03\/a1d7127178bf444e8b710ac116cf4436.png",1000,620,false],"portraits":["https:\/\/www.ayadvogados.com.br\/wp-content\/uploads\/2021\/03\/a1d7127178bf444e8b710ac116cf4436.png",1000,620,false],"thumbnail":["https:\/\/www.ayadvogados.com.br\/wp-content\/uploads\/2021\/03\/a1d7127178bf444e8b710ac116cf4436-150x150.png",150,150,true],"medium":["https:\/\/www.ayadvogados.com.br\/wp-content\/uploads\/2021\/03\/a1d7127178bf444e8b710ac116cf4436-300x186.png",300,186,true],"large":["https:\/\/www.ayadvogados.com.br\/wp-content\/uploads\/2021\/03\/a1d7127178bf444e8b710ac116cf4436.png",1000,620,false],"1536x1536":["https:\/\/www.ayadvogados.com.br\/wp-content\/uploads\/2021\/03\/a1d7127178bf444e8b710ac116cf4436.png",1000,620,false],"2048x2048":["https:\/\/www.ayadvogados.com.br\/wp-content\/uploads\/2021\/03\/a1d7127178bf444e8b710ac116cf4436.png",1000,620,false]},"rttpg_author":{"display_name":"Infra","author_link":"https:\/\/www.ayadvogados.com.br\/?author=3"},"rttpg_comment":0,"rttpg_category":"<a href=\"https:\/\/www.ayadvogados.com.br\/?cat=1\" rel=\"category\">Not\u00edcia do Dia<\/a>","rttpg_excerpt":"O impacto na arrecada\u00e7\u00e3o pelo uso de cr\u00e9ditos de PIS e Cofins, resultantes da exclus\u00e3o do ICMS, fez a Receita Federal reagir: montou uma equipe exclusiva para verificar os valores que as empresas dizem ter direito. Essa estrat\u00e9gia, afirmam advogados, poder\u00e1 dificultar &#8211; ou at\u00e9 inviabilizar &#8211; as compensa\u00e7\u00f5es (o uso de cr\u00e9dito para pagar&hellip;","_links":{"self":[{"href":"https:\/\/www.ayadvogados.com.br\/index.php?rest_route=\/wp\/v2\/posts\/339","targetHints":{"allow":["GET"]}}],"collection":[{"href":"https:\/\/www.ayadvogados.com.br\/index.php?rest_route=\/wp\/v2\/posts"}],"about":[{"href":"https:\/\/www.ayadvogados.com.br\/index.php?rest_route=\/wp\/v2\/types\/post"}],"author":[{"embeddable":true,"href":"https:\/\/www.ayadvogados.com.br\/index.php?rest_route=\/wp\/v2\/users\/3"}],"replies":[{"embeddable":true,"href":"https:\/\/www.ayadvogados.com.br\/index.php?rest_route=%2Fwp%2Fv2%2Fcomments&post=339"}],"version-history":[{"count":1,"href":"https:\/\/www.ayadvogados.com.br\/index.php?rest_route=\/wp\/v2\/posts\/339\/revisions"}],"predecessor-version":[{"id":340,"href":"https:\/\/www.ayadvogados.com.br\/index.php?rest_route=\/wp\/v2\/posts\/339\/revisions\/340"}],"wp:featuredmedia":[{"embeddable":true,"href":"https:\/\/www.ayadvogados.com.br\/index.php?rest_route=\/wp\/v2\/media\/543"}],"wp:attachment":[{"href":"https:\/\/www.ayadvogados.com.br\/index.php?rest_route=%2Fwp%2Fv2%2Fmedia&parent=339"}],"wp:term":[{"taxonomy":"category","embeddable":true,"href":"https:\/\/www.ayadvogados.com.br\/index.php?rest_route=%2Fwp%2Fv2%2Fcategories&post=339"},{"taxonomy":"post_tag","embeddable":true,"href":"https:\/\/www.ayadvogados.com.br\/index.php?rest_route=%2Fwp%2Fv2%2Ftags&post=339"}],"curies":[{"name":"wp","href":"https:\/\/api.w.org\/{rel}","templated":true}]}}