{"id":337,"date":"2021-03-02T12:01:00","date_gmt":"2021-03-02T15:01:00","guid":{"rendered":"http:\/\/34.239.117.254\/?p=337"},"modified":"2021-03-25T11:45:24","modified_gmt":"2021-03-25T14:45:24","slug":"receita-federal-fara-auditoria-nacional-sobre-uso-de-creditos-de-pis-cofins-sem-icms","status":"publish","type":"post","link":"https:\/\/www.ayadvogados.com.br\/?p=337","title":{"rendered":"Receita Federal far\u00e1 auditoria nacional sobre uso de cr\u00e9ditos de PIS\/Cofins sem ICMS"},"content":{"rendered":"\n<p>A Receita Federal criou uma equipe nacional de auditoria para tratar exclusivamente dos cr\u00e9ditos usados pelos contribuintes que s\u00e3o decorrentes das a\u00e7\u00f5es judiciais sobre a exclus\u00e3o do ICMS do c\u00e1lculo do PIS e da Cofins \u2014 a chamada tese do s\u00e9culo. A informa\u00e7\u00e3o consta na Portaria n\u00ba 10, publicada em edi\u00e7\u00e3o extra do Di\u00e1rio Oficial de ontem.<\/p>\n\n\n\n<p>As empresas usaram, no ano passado, R$ 63,6 bilh\u00f5es em cr\u00e9ditos tribut\u00e1rios decorrentes de disputas judiciais. Esse montante supera em 174% o que havia sido registrado no ano anterior, 2019, quando as decis\u00f5es judiciais representaram R$ 23,2 bilh\u00f5es em compensa\u00e7\u00f5es \u2014 o uso de cr\u00e9ditos para pagar tributos.<\/p>\n\n\n\n<p>Essa foi uma das informa\u00e7\u00f5es em destaque no relat\u00f3rio da arrecada\u00e7\u00e3o de 2020, divulgado no m\u00eas de janeiro pela Receita Federal. Na ocasi\u00e3o, o subsecret\u00e1rio de Arrecada\u00e7\u00e3o, Cadastro e Atendimento da Receita Federal, Frederico Faber, havia afirmado que o forte crescimento das compensa\u00e7\u00f5es est\u00e1 relacionado \u00e0 chamada \u201ctese do s\u00e9culo\u201d.<\/p>\n\n\n\n<p>A a\u00e7\u00e3o da Receita Federal, agora, portanto, visa reduzir o impacto dessa conta nos cofres da Uni\u00e3o.<\/p>\n\n\n\n<p>A nova equipe de auditoria ficar\u00e1 vinculada \u00e0 Coordena\u00e7\u00e3o-Geral de Arrecada\u00e7\u00e3o e de Direito Credit\u00f3rio (Codar). Esses profissionais ser\u00e3o respons\u00e1veis pela an\u00e1lise do direito aos cr\u00e9ditos e das declara\u00e7\u00f5es de compensa\u00e7\u00e3o emitidas pelos contribuintes.<\/p>\n\n\n\n<p>Tamb\u00e9m consta na portaria que a decis\u00e3o que resultar no reconhecimento de cr\u00e9ditos em valor superior a R$ 5 milh\u00f5es ser\u00e3o proferidas por dois auditores fiscais.<\/p>\n\n\n\n<p>A equipe ainda far\u00e1 o lan\u00e7amento de tributos e multas \u2014 caso haja erro nas declara\u00e7\u00f5es dos contribuintes \u2014 e, se necess\u00e1rio, encaminhar\u00e1 para o Minist\u00e9rio P\u00fablico as representa\u00e7\u00f5es fiscais para fins penais.<\/p>\n\n\n\n<p>As atividades dessa equipe de auditoria nacional ser\u00e3o realizadas por 12 meses, prazo que poder\u00e1 ser prorrog\u00e1vel se o \u00f3rg\u00e3o entender necess\u00e1rio.<\/p>\n\n\n\n<p>Contexto<\/p>\n\n\n\n<p>A exclus\u00e3o do ICMS do c\u00e1lculo do PIS e da Cofins \u2014 que vem gerando um grande volume de cr\u00e9ditos tribut\u00e1rios aos contribuintes \u2014 est\u00e1 amparada em uma decis\u00e3o do Supremo Tribunal Federal (STF) do ano de 2017.<\/p>\n\n\n\n<p>Contudo, esse julgamento ainda n\u00e3o est\u00e1 encerrado. O desfecho depende da an\u00e1lise de um recurso (embargos de declara\u00e7\u00e3o) apresentado pela Fazenda Nacional. Nos tribunais regionais federais, no entanto, os processos est\u00e3o tramitando e, por esse motivo, as empresas est\u00e3o obtendo decis\u00e3o final (tr\u00e2nsito em julgado) dos seus casos.<\/p>\n\n\n\n<p>O tr\u00e2nsito em julgado serve como passaporte para as compensa\u00e7\u00f5es. A empresa calcula o que entende ter direito e faz a habilita\u00e7\u00e3o do cr\u00e9dito perante a Receita Federal. Trata-se de um processo mais formal porque o Fisco n\u00e3o verifica, naquele momento, se os valores est\u00e3o corretos, por exemplo.<\/p>\n\n\n\n<p>Com isso, a empresa passa a ter o direito de usar os cr\u00e9ditos para pagar quaisquer tributos federais. Mas o Fisco ainda tem prazo de cinco anos para fiscalizar e pode contestar o cr\u00e9dito se entender, por exemplo, que o contribuinte prestou informa\u00e7\u00f5es erradas.<\/p>\n\n\n\n<p>Fonte: <a href=\"https:\/\/valor.globo.com\/legislacao\/noticia\/2021\/03\/02\/receita-federal-far-auditoria-nacional-sobre-uso-de-crditos-de-piscofins-sem-icms.ghtml\">Valor<\/a><\/p>\n\n\n\n<p>A Amaral, Yazbek, OAB\/PR 762, possui 35 anos de experi\u00eancia auxiliando empresas a transformar a tributa\u00e7\u00e3o em lucro. Entre em contato com um dos s\u00f3cios para agendamento de reuni\u00e3o em caso de d\u00favidas.<\/p>\n\n\n\n<p>Contato: 41 3595-8300 ou pelo nosso WhatsApp 41 99567-5696<\/p>\n\n\n\n<p>Av. C\u00e2ndido Hartmann, 50 \u2013 Bigorrilho | Curitiba-PR<\/p>\n\n\n\n<p>Assine nossa Newsletter e fique por dentro das novidades!<\/p>\n\n\n\n<p>Quer receber seu exemplar da revista Governan\u00e7a Jur\u00eddica? Clique <a href=\"http:\/\/ayadvogados.com.br\/revista\">aqui<\/a>&nbsp;e pe\u00e7a a sua.<\/p>\n\n\n\n<p>Nos acompanhe nas redes sociais: <a href=\"https:\/\/www.facebook.com\/amaral.yazbek\">Facebook<\/a>&nbsp;| <a href=\"https:\/\/www.instagram.com\/amaral.yazbek\/\">Instagram<\/a> | <a href=\"https:\/\/www.linkedin.com\/company\/3357082\/admin\/\">Linkedin<\/a><\/p>\n\n\n\n<p>J\u00e1 conhece o canal Direito da Intelig\u00eancia de Neg\u00f3cios? <a href=\"https:\/\/www.youtube.com\/channel\/UCu2Mpu32ht8DEN8OFRXYMyw\">Inscreva-se j\u00e1<\/a><\/p>\n","protected":false},"excerpt":{"rendered":"<p>A Receita Federal criou uma equipe nacional de auditoria para tratar exclusivamente dos cr\u00e9ditos usados pelos contribuintes que s\u00e3o decorrentes das a\u00e7\u00f5es judiciais sobre a exclus\u00e3o do ICMS do c\u00e1lculo do PIS e da Cofins \u2014 a chamada tese do s\u00e9culo. A informa\u00e7\u00e3o consta na Portaria n\u00ba 10, publicada em edi\u00e7\u00e3o extra do Di\u00e1rio Oficial [&hellip;]<\/p>\n","protected":false},"author":3,"featured_media":544,"comment_status":"open","ping_status":"open","sticky":false,"template":"","format":"standard","meta":{"footnotes":""},"categories":[1],"tags":[],"class_list":["post-337","post","type-post","status-publish","format-standard","has-post-thumbnail","hentry","category-noticia-do-dia"],"blocksy_meta":{"styles_descriptor":{"styles":{"desktop":"","tablet":"","mobile":""},"google_fonts":[],"version":6}},"yoast_head":"<!-- This site is optimized with the Yoast SEO plugin v27.5 - https:\/\/yoast.com\/product\/yoast-seo-wordpress\/ -->\n<title>Receita Federal far\u00e1 auditoria nacional sobre uso de cr\u00e9ditos de PIS\/Cofins sem ICMS - Amaral, Yazbek Advogados<\/title>\n<meta name=\"robots\" content=\"index, follow, max-snippet:-1, max-image-preview:large, max-video-preview:-1\" \/>\n<link rel=\"canonical\" href=\"https:\/\/www.ayadvogados.com.br\/?p=337\" \/>\n<meta property=\"og:locale\" content=\"pt_BR\" \/>\n<meta property=\"og:type\" content=\"article\" \/>\n<meta property=\"og:title\" content=\"Receita Federal far\u00e1 auditoria nacional sobre uso de cr\u00e9ditos de PIS\/Cofins sem ICMS - Amaral, Yazbek Advogados\" \/>\n<meta property=\"og:description\" content=\"A Receita Federal criou uma equipe nacional de auditoria para tratar exclusivamente dos cr\u00e9ditos usados pelos contribuintes que s\u00e3o decorrentes das a\u00e7\u00f5es judiciais sobre a exclus\u00e3o do ICMS do c\u00e1lculo do PIS e da Cofins \u2014 a chamada tese do s\u00e9culo. A informa\u00e7\u00e3o consta na Portaria n\u00ba 10, publicada em edi\u00e7\u00e3o extra do Di\u00e1rio Oficial [&hellip;]\" \/>\n<meta property=\"og:url\" content=\"https:\/\/www.ayadvogados.com.br\/?p=337\" \/>\n<meta property=\"og:site_name\" content=\"Amaral, Yazbek Advogados\" \/>\n<meta property=\"article:publisher\" content=\"https:\/\/www.facebook.com\/AYadvogados\" \/>\n<meta property=\"article:published_time\" content=\"2021-03-02T15:01:00+00:00\" \/>\n<meta property=\"article:modified_time\" content=\"2021-03-25T14:45:24+00:00\" \/>\n<meta property=\"og:image\" content=\"https:\/\/www.ayadvogados.com.br\/wp-content\/uploads\/2021\/03\/79eea1c5989c447fbfc0c9b3ad5b02e1.png\" \/>\n\t<meta property=\"og:image:width\" content=\"1000\" \/>\n\t<meta property=\"og:image:height\" content=\"620\" \/>\n\t<meta property=\"og:image:type\" content=\"image\/png\" \/>\n<meta name=\"author\" content=\"Infra\" \/>\n<meta name=\"twitter:card\" content=\"summary_large_image\" \/>\n<meta name=\"twitter:label1\" content=\"Escrito por\" \/>\n\t<meta name=\"twitter:data1\" content=\"Infra\" \/>\n\t<meta name=\"twitter:label2\" content=\"Est. tempo de leitura\" \/>\n\t<meta name=\"twitter:data2\" content=\"3 minutos\" \/>\n<script type=\"application\/ld+json\" class=\"yoast-schema-graph\">{\"@context\":\"https:\\\/\\\/schema.org\",\"@graph\":[{\"@type\":\"Article\",\"@id\":\"https:\\\/\\\/www.ayadvogados.com.br\\\/?p=337#article\",\"isPartOf\":{\"@id\":\"https:\\\/\\\/www.ayadvogados.com.br\\\/?p=337\"},\"author\":{\"name\":\"Infra\",\"@id\":\"https:\\\/\\\/www.34.239.117.254.sslip.io\\\/#\\\/schema\\\/person\\\/6b9165a58758b048b8ea5a4fbd4ec3c4\"},\"headline\":\"Receita Federal far\u00e1 auditoria nacional sobre uso de cr\u00e9ditos de PIS\\\/Cofins sem ICMS\",\"datePublished\":\"2021-03-02T15:01:00+00:00\",\"dateModified\":\"2021-03-25T14:45:24+00:00\",\"mainEntityOfPage\":{\"@id\":\"https:\\\/\\\/www.ayadvogados.com.br\\\/?p=337\"},\"wordCount\":637,\"commentCount\":0,\"publisher\":{\"@id\":\"https:\\\/\\\/www.34.239.117.254.sslip.io\\\/#organization\"},\"image\":{\"@id\":\"https:\\\/\\\/www.ayadvogados.com.br\\\/?p=337#primaryimage\"},\"thumbnailUrl\":\"https:\\\/\\\/www.ayadvogados.com.br\\\/wp-content\\\/uploads\\\/2021\\\/03\\\/79eea1c5989c447fbfc0c9b3ad5b02e1.png\",\"articleSection\":[\"Not\u00edcia do Dia\"],\"inLanguage\":\"pt-BR\",\"potentialAction\":[{\"@type\":\"CommentAction\",\"name\":\"Comment\",\"target\":[\"https:\\\/\\\/www.ayadvogados.com.br\\\/?p=337#respond\"]}]},{\"@type\":\"WebPage\",\"@id\":\"https:\\\/\\\/www.ayadvogados.com.br\\\/?p=337\",\"url\":\"https:\\\/\\\/www.ayadvogados.com.br\\\/?p=337\",\"name\":\"Receita Federal far\u00e1 auditoria nacional sobre uso de cr\u00e9ditos de PIS\\\/Cofins sem ICMS - Amaral, Yazbek Advogados\",\"isPartOf\":{\"@id\":\"https:\\\/\\\/www.34.239.117.254.sslip.io\\\/#website\"},\"primaryImageOfPage\":{\"@id\":\"https:\\\/\\\/www.ayadvogados.com.br\\\/?p=337#primaryimage\"},\"image\":{\"@id\":\"https:\\\/\\\/www.ayadvogados.com.br\\\/?p=337#primaryimage\"},\"thumbnailUrl\":\"https:\\\/\\\/www.ayadvogados.com.br\\\/wp-content\\\/uploads\\\/2021\\\/03\\\/79eea1c5989c447fbfc0c9b3ad5b02e1.png\",\"datePublished\":\"2021-03-02T15:01:00+00:00\",\"dateModified\":\"2021-03-25T14:45:24+00:00\",\"breadcrumb\":{\"@id\":\"https:\\\/\\\/www.ayadvogados.com.br\\\/?p=337#breadcrumb\"},\"inLanguage\":\"pt-BR\",\"potentialAction\":[{\"@type\":\"ReadAction\",\"target\":[\"https:\\\/\\\/www.ayadvogados.com.br\\\/?p=337\"]}]},{\"@type\":\"ImageObject\",\"inLanguage\":\"pt-BR\",\"@id\":\"https:\\\/\\\/www.ayadvogados.com.br\\\/?p=337#primaryimage\",\"url\":\"https:\\\/\\\/www.ayadvogados.com.br\\\/wp-content\\\/uploads\\\/2021\\\/03\\\/79eea1c5989c447fbfc0c9b3ad5b02e1.png\",\"contentUrl\":\"https:\\\/\\\/www.ayadvogados.com.br\\\/wp-content\\\/uploads\\\/2021\\\/03\\\/79eea1c5989c447fbfc0c9b3ad5b02e1.png\",\"width\":1000,\"height\":620},{\"@type\":\"BreadcrumbList\",\"@id\":\"https:\\\/\\\/www.ayadvogados.com.br\\\/?p=337#breadcrumb\",\"itemListElement\":[{\"@type\":\"ListItem\",\"position\":1,\"name\":\"In\u00edcio\",\"item\":\"https:\\\/\\\/www.34.239.117.254.sslip.io\\\/\"},{\"@type\":\"ListItem\",\"position\":2,\"name\":\"Receita Federal far\u00e1 auditoria nacional sobre uso de cr\u00e9ditos de PIS\\\/Cofins sem ICMS\"}]},{\"@type\":\"WebSite\",\"@id\":\"https:\\\/\\\/www.34.239.117.254.sslip.io\\\/#website\",\"url\":\"https:\\\/\\\/www.34.239.117.254.sslip.io\\\/\",\"name\":\"Amaral, Yazbek Advogados\",\"description\":\"Curitiba \u2022 Bras\u00edlia \u2022 S\u00e3o Paulo\",\"publisher\":{\"@id\":\"https:\\\/\\\/www.34.239.117.254.sslip.io\\\/#organization\"},\"potentialAction\":[{\"@type\":\"SearchAction\",\"target\":{\"@type\":\"EntryPoint\",\"urlTemplate\":\"https:\\\/\\\/www.34.239.117.254.sslip.io\\\/?s={search_term_string}\"},\"query-input\":{\"@type\":\"PropertyValueSpecification\",\"valueRequired\":true,\"valueName\":\"search_term_string\"}}],\"inLanguage\":\"pt-BR\"},{\"@type\":\"Organization\",\"@id\":\"https:\\\/\\\/www.34.239.117.254.sslip.io\\\/#organization\",\"name\":\"Amaral, Yazbek Advogados\",\"url\":\"https:\\\/\\\/www.34.239.117.254.sslip.io\\\/\",\"logo\":{\"@type\":\"ImageObject\",\"inLanguage\":\"pt-BR\",\"@id\":\"https:\\\/\\\/www.34.239.117.254.sslip.io\\\/#\\\/schema\\\/logo\\\/image\\\/\",\"url\":\"http:\\\/\\\/34.239.117.254\\\/wp-content\\\/uploads\\\/2021\\\/03\\\/logo-ay-g.png\",\"contentUrl\":\"http:\\\/\\\/34.239.117.254\\\/wp-content\\\/uploads\\\/2021\\\/03\\\/logo-ay-g.png\",\"width\":434,\"height\":106,\"caption\":\"Amaral, Yazbek Advogados\"},\"image\":{\"@id\":\"https:\\\/\\\/www.34.239.117.254.sslip.io\\\/#\\\/schema\\\/logo\\\/image\\\/\"},\"sameAs\":[\"https:\\\/\\\/www.facebook.com\\\/AYadvogados\",\"https:\\\/\\\/www.instagram.com\\\/ayadvogados\\\/\"]},{\"@type\":\"Person\",\"@id\":\"https:\\\/\\\/www.34.239.117.254.sslip.io\\\/#\\\/schema\\\/person\\\/6b9165a58758b048b8ea5a4fbd4ec3c4\",\"name\":\"Infra\",\"image\":{\"@type\":\"ImageObject\",\"inLanguage\":\"pt-BR\",\"@id\":\"https:\\\/\\\/secure.gravatar.com\\\/avatar\\\/60bf67293e186b9c834e31753dcc586dfcedb661d13b6b9ba29ac991ccafc035?s=96&d=mm&r=g\",\"url\":\"https:\\\/\\\/secure.gravatar.com\\\/avatar\\\/60bf67293e186b9c834e31753dcc586dfcedb661d13b6b9ba29ac991ccafc035?s=96&d=mm&r=g\",\"contentUrl\":\"https:\\\/\\\/secure.gravatar.com\\\/avatar\\\/60bf67293e186b9c834e31753dcc586dfcedb661d13b6b9ba29ac991ccafc035?s=96&d=mm&r=g\",\"caption\":\"Infra\"},\"url\":\"https:\\\/\\\/www.ayadvogados.com.br\\\/?author=3\"}]}<\/script>\n<!-- \/ Yoast SEO plugin. -->","yoast_head_json":{"title":"Receita Federal far\u00e1 auditoria nacional sobre uso de cr\u00e9ditos de PIS\/Cofins sem ICMS - Amaral, Yazbek Advogados","robots":{"index":"index","follow":"follow","max-snippet":"max-snippet:-1","max-image-preview":"max-image-preview:large","max-video-preview":"max-video-preview:-1"},"canonical":"https:\/\/www.ayadvogados.com.br\/?p=337","og_locale":"pt_BR","og_type":"article","og_title":"Receita Federal far\u00e1 auditoria nacional sobre uso de cr\u00e9ditos de PIS\/Cofins sem ICMS - Amaral, Yazbek Advogados","og_description":"A Receita Federal criou uma equipe nacional de auditoria para tratar exclusivamente dos cr\u00e9ditos usados pelos contribuintes que s\u00e3o decorrentes das a\u00e7\u00f5es judiciais sobre a exclus\u00e3o do ICMS do c\u00e1lculo do PIS e da Cofins \u2014 a chamada tese do s\u00e9culo. A informa\u00e7\u00e3o consta na Portaria n\u00ba 10, publicada em edi\u00e7\u00e3o extra do Di\u00e1rio Oficial [&hellip;]","og_url":"https:\/\/www.ayadvogados.com.br\/?p=337","og_site_name":"Amaral, Yazbek Advogados","article_publisher":"https:\/\/www.facebook.com\/AYadvogados","article_published_time":"2021-03-02T15:01:00+00:00","article_modified_time":"2021-03-25T14:45:24+00:00","og_image":[{"width":1000,"height":620,"url":"https:\/\/www.ayadvogados.com.br\/wp-content\/uploads\/2021\/03\/79eea1c5989c447fbfc0c9b3ad5b02e1.png","type":"image\/png"}],"author":"Infra","twitter_card":"summary_large_image","twitter_misc":{"Escrito por":"Infra","Est. tempo de leitura":"3 minutos"},"schema":{"@context":"https:\/\/schema.org","@graph":[{"@type":"Article","@id":"https:\/\/www.ayadvogados.com.br\/?p=337#article","isPartOf":{"@id":"https:\/\/www.ayadvogados.com.br\/?p=337"},"author":{"name":"Infra","@id":"https:\/\/www.34.239.117.254.sslip.io\/#\/schema\/person\/6b9165a58758b048b8ea5a4fbd4ec3c4"},"headline":"Receita Federal far\u00e1 auditoria nacional sobre uso de cr\u00e9ditos de PIS\/Cofins sem ICMS","datePublished":"2021-03-02T15:01:00+00:00","dateModified":"2021-03-25T14:45:24+00:00","mainEntityOfPage":{"@id":"https:\/\/www.ayadvogados.com.br\/?p=337"},"wordCount":637,"commentCount":0,"publisher":{"@id":"https:\/\/www.34.239.117.254.sslip.io\/#organization"},"image":{"@id":"https:\/\/www.ayadvogados.com.br\/?p=337#primaryimage"},"thumbnailUrl":"https:\/\/www.ayadvogados.com.br\/wp-content\/uploads\/2021\/03\/79eea1c5989c447fbfc0c9b3ad5b02e1.png","articleSection":["Not\u00edcia do Dia"],"inLanguage":"pt-BR","potentialAction":[{"@type":"CommentAction","name":"Comment","target":["https:\/\/www.ayadvogados.com.br\/?p=337#respond"]}]},{"@type":"WebPage","@id":"https:\/\/www.ayadvogados.com.br\/?p=337","url":"https:\/\/www.ayadvogados.com.br\/?p=337","name":"Receita Federal far\u00e1 auditoria nacional sobre uso de cr\u00e9ditos de PIS\/Cofins sem ICMS - Amaral, Yazbek Advogados","isPartOf":{"@id":"https:\/\/www.34.239.117.254.sslip.io\/#website"},"primaryImageOfPage":{"@id":"https:\/\/www.ayadvogados.com.br\/?p=337#primaryimage"},"image":{"@id":"https:\/\/www.ayadvogados.com.br\/?p=337#primaryimage"},"thumbnailUrl":"https:\/\/www.ayadvogados.com.br\/wp-content\/uploads\/2021\/03\/79eea1c5989c447fbfc0c9b3ad5b02e1.png","datePublished":"2021-03-02T15:01:00+00:00","dateModified":"2021-03-25T14:45:24+00:00","breadcrumb":{"@id":"https:\/\/www.ayadvogados.com.br\/?p=337#breadcrumb"},"inLanguage":"pt-BR","potentialAction":[{"@type":"ReadAction","target":["https:\/\/www.ayadvogados.com.br\/?p=337"]}]},{"@type":"ImageObject","inLanguage":"pt-BR","@id":"https:\/\/www.ayadvogados.com.br\/?p=337#primaryimage","url":"https:\/\/www.ayadvogados.com.br\/wp-content\/uploads\/2021\/03\/79eea1c5989c447fbfc0c9b3ad5b02e1.png","contentUrl":"https:\/\/www.ayadvogados.com.br\/wp-content\/uploads\/2021\/03\/79eea1c5989c447fbfc0c9b3ad5b02e1.png","width":1000,"height":620},{"@type":"BreadcrumbList","@id":"https:\/\/www.ayadvogados.com.br\/?p=337#breadcrumb","itemListElement":[{"@type":"ListItem","position":1,"name":"In\u00edcio","item":"https:\/\/www.34.239.117.254.sslip.io\/"},{"@type":"ListItem","position":2,"name":"Receita Federal far\u00e1 auditoria nacional sobre uso de cr\u00e9ditos de PIS\/Cofins sem ICMS"}]},{"@type":"WebSite","@id":"https:\/\/www.34.239.117.254.sslip.io\/#website","url":"https:\/\/www.34.239.117.254.sslip.io\/","name":"Amaral, Yazbek Advogados","description":"Curitiba \u2022 Bras\u00edlia \u2022 S\u00e3o Paulo","publisher":{"@id":"https:\/\/www.34.239.117.254.sslip.io\/#organization"},"potentialAction":[{"@type":"SearchAction","target":{"@type":"EntryPoint","urlTemplate":"https:\/\/www.34.239.117.254.sslip.io\/?s={search_term_string}"},"query-input":{"@type":"PropertyValueSpecification","valueRequired":true,"valueName":"search_term_string"}}],"inLanguage":"pt-BR"},{"@type":"Organization","@id":"https:\/\/www.34.239.117.254.sslip.io\/#organization","name":"Amaral, Yazbek Advogados","url":"https:\/\/www.34.239.117.254.sslip.io\/","logo":{"@type":"ImageObject","inLanguage":"pt-BR","@id":"https:\/\/www.34.239.117.254.sslip.io\/#\/schema\/logo\/image\/","url":"http:\/\/34.239.117.254\/wp-content\/uploads\/2021\/03\/logo-ay-g.png","contentUrl":"http:\/\/34.239.117.254\/wp-content\/uploads\/2021\/03\/logo-ay-g.png","width":434,"height":106,"caption":"Amaral, Yazbek Advogados"},"image":{"@id":"https:\/\/www.34.239.117.254.sslip.io\/#\/schema\/logo\/image\/"},"sameAs":["https:\/\/www.facebook.com\/AYadvogados","https:\/\/www.instagram.com\/ayadvogados\/"]},{"@type":"Person","@id":"https:\/\/www.34.239.117.254.sslip.io\/#\/schema\/person\/6b9165a58758b048b8ea5a4fbd4ec3c4","name":"Infra","image":{"@type":"ImageObject","inLanguage":"pt-BR","@id":"https:\/\/secure.gravatar.com\/avatar\/60bf67293e186b9c834e31753dcc586dfcedb661d13b6b9ba29ac991ccafc035?s=96&d=mm&r=g","url":"https:\/\/secure.gravatar.com\/avatar\/60bf67293e186b9c834e31753dcc586dfcedb661d13b6b9ba29ac991ccafc035?s=96&d=mm&r=g","contentUrl":"https:\/\/secure.gravatar.com\/avatar\/60bf67293e186b9c834e31753dcc586dfcedb661d13b6b9ba29ac991ccafc035?s=96&d=mm&r=g","caption":"Infra"},"url":"https:\/\/www.ayadvogados.com.br\/?author=3"}]}},"rttpg_featured_image_url":{"full":["https:\/\/www.ayadvogados.com.br\/wp-content\/uploads\/2021\/03\/79eea1c5989c447fbfc0c9b3ad5b02e1.png",1000,620,false],"landscape":["https:\/\/www.ayadvogados.com.br\/wp-content\/uploads\/2021\/03\/79eea1c5989c447fbfc0c9b3ad5b02e1.png",1000,620,false],"portraits":["https:\/\/www.ayadvogados.com.br\/wp-content\/uploads\/2021\/03\/79eea1c5989c447fbfc0c9b3ad5b02e1.png",1000,620,false],"thumbnail":["https:\/\/www.ayadvogados.com.br\/wp-content\/uploads\/2021\/03\/79eea1c5989c447fbfc0c9b3ad5b02e1-150x150.png",150,150,true],"medium":["https:\/\/www.ayadvogados.com.br\/wp-content\/uploads\/2021\/03\/79eea1c5989c447fbfc0c9b3ad5b02e1-300x186.png",300,186,true],"large":["https:\/\/www.ayadvogados.com.br\/wp-content\/uploads\/2021\/03\/79eea1c5989c447fbfc0c9b3ad5b02e1.png",1000,620,false],"1536x1536":["https:\/\/www.ayadvogados.com.br\/wp-content\/uploads\/2021\/03\/79eea1c5989c447fbfc0c9b3ad5b02e1.png",1000,620,false],"2048x2048":["https:\/\/www.ayadvogados.com.br\/wp-content\/uploads\/2021\/03\/79eea1c5989c447fbfc0c9b3ad5b02e1.png",1000,620,false]},"rttpg_author":{"display_name":"Infra","author_link":"https:\/\/www.ayadvogados.com.br\/?author=3"},"rttpg_comment":0,"rttpg_category":"<a href=\"https:\/\/www.ayadvogados.com.br\/?cat=1\" rel=\"category\">Not\u00edcia do Dia<\/a>","rttpg_excerpt":"A Receita Federal criou uma equipe nacional de auditoria para tratar exclusivamente dos cr\u00e9ditos usados pelos contribuintes que s\u00e3o decorrentes das a\u00e7\u00f5es judiciais sobre a exclus\u00e3o do ICMS do c\u00e1lculo do PIS e da Cofins \u2014 a chamada tese do s\u00e9culo. A informa\u00e7\u00e3o consta na Portaria n\u00ba 10, publicada em edi\u00e7\u00e3o extra do Di\u00e1rio Oficial&hellip;","_links":{"self":[{"href":"https:\/\/www.ayadvogados.com.br\/index.php?rest_route=\/wp\/v2\/posts\/337","targetHints":{"allow":["GET"]}}],"collection":[{"href":"https:\/\/www.ayadvogados.com.br\/index.php?rest_route=\/wp\/v2\/posts"}],"about":[{"href":"https:\/\/www.ayadvogados.com.br\/index.php?rest_route=\/wp\/v2\/types\/post"}],"author":[{"embeddable":true,"href":"https:\/\/www.ayadvogados.com.br\/index.php?rest_route=\/wp\/v2\/users\/3"}],"replies":[{"embeddable":true,"href":"https:\/\/www.ayadvogados.com.br\/index.php?rest_route=%2Fwp%2Fv2%2Fcomments&post=337"}],"version-history":[{"count":1,"href":"https:\/\/www.ayadvogados.com.br\/index.php?rest_route=\/wp\/v2\/posts\/337\/revisions"}],"predecessor-version":[{"id":338,"href":"https:\/\/www.ayadvogados.com.br\/index.php?rest_route=\/wp\/v2\/posts\/337\/revisions\/338"}],"wp:featuredmedia":[{"embeddable":true,"href":"https:\/\/www.ayadvogados.com.br\/index.php?rest_route=\/wp\/v2\/media\/544"}],"wp:attachment":[{"href":"https:\/\/www.ayadvogados.com.br\/index.php?rest_route=%2Fwp%2Fv2%2Fmedia&parent=337"}],"wp:term":[{"taxonomy":"category","embeddable":true,"href":"https:\/\/www.ayadvogados.com.br\/index.php?rest_route=%2Fwp%2Fv2%2Fcategories&post=337"},{"taxonomy":"post_tag","embeddable":true,"href":"https:\/\/www.ayadvogados.com.br\/index.php?rest_route=%2Fwp%2Fv2%2Ftags&post=337"}],"curies":[{"name":"wp","href":"https:\/\/api.w.org\/{rel}","templated":true}]}}