{"id":3357,"date":"2024-06-11T14:10:48","date_gmt":"2024-06-11T17:10:48","guid":{"rendered":"http:\/\/34.239.117.254\/?p=3357"},"modified":"2024-06-11T14:33:18","modified_gmt":"2024-06-11T17:33:18","slug":"mp-do-fim-do-mundo-e-suas-consequencias-para-os-empresarios","status":"publish","type":"post","link":"https:\/\/www.ayadvogados.com.br\/?p=3357","title":{"rendered":"MP do Fim do Mundo e suas consequ\u00eancias para os empres\u00e1rios"},"content":{"rendered":"\n<p><strong>MP do Fim do Mundo e suas consequ\u00eancias para os empres\u00e1rios<\/strong><\/p>\n\n\n\n<p>A MP 1227\/2024 foi anunciada como provid\u00eancia a compensar a continuidade da desonera\u00e7\u00e3o da folha de pagamento, que segundo o Governo Federal, tem um impacto significativo de R$ 26,3 bilh\u00f5es somente em 2024.\u00a0<\/p>\n\n\n\n<p>Com as novas regras, n\u00e3o apenas as empresas beneficiadas pela desonera\u00e7\u00e3o da folha de pagamento ser\u00e3o afetadas, mas tamb\u00e9m outros setores. O governo espera arrecadar at\u00e9 R$ 29,2 bilh\u00f5es, mais do que o necess\u00e1rio para compensar as desonera\u00e7\u00f5es.<\/p>\n\n\n\n<p>A situa\u00e7\u00e3o impactada pela MP 1227\/2024 \u00e9 a seguinte. Atualmente, empresas conseguem acumular cr\u00e9ditos de PIS\/COFINS usando isen\u00e7\u00f5es, al\u00edquotas reduzidas e cr\u00e9ditos presumidos. At\u00e9 mar\u00e7o deste ano, esses cr\u00e9ditos somaram R$ 53,8 bilh\u00f5es em estoque para restitui\u00e7\u00e3o.&nbsp;<\/p>\n\n\n\n<p>Assim, o Governo Federal quer limitar a sa\u00edda desse saldo credor para os contribuintes.<\/p>\n\n\n\n<p>A principal mudan\u00e7a, portanto, \u00e9 permitir que os cr\u00e9ditos de PIS e COFINS apenas sejam usados para abater o pagamento dessas pr\u00f3prias contribui\u00e7\u00f5es, eliminando a compensa\u00e7\u00e3o com outros tributos, chamada \u201ccompensa\u00e7\u00e3o cruzada\u201d.<\/p>\n\n\n\n<p>Al\u00e9m disso, haver\u00e1 restri\u00e7\u00f5es ao ressarcimento em dinheiro dos cr\u00e9ditos presumidos de PIS\/COFINS, que antes eram utilizados para fomentar a atividade econ\u00f4mica de setores como farmac\u00eautico, agropecu\u00e1rio e petroqu\u00edmico.<\/p>\n\n\n\n<p>Desse modo, segmentos como o agroneg\u00f3cio e o exportador est\u00e3o preocupados com a MP 1227\/2024, pois podem enfrentar dificuldades para utilizar seus cr\u00e9ditos acumulados.<\/p>\n\n\n\n<p>Essa restri\u00e7\u00e3o \u00e9 vista como um retrocesso, pois interfere no princ\u00edpio da n\u00e3o cumulatividade e no direito dos contribuintes ao cr\u00e9dito. A medida tamb\u00e9m viola direitos de propriedade, razoabilidade e seguran\u00e7a jur\u00eddica, pois comprometem a confian\u00e7a no sistema tribut\u00e1rio brasileiro.&nbsp;<\/p>\n\n\n\n<p>Al\u00e9m disso, por a restri\u00e7\u00e3o na compensa\u00e7\u00e3o de cr\u00e9ditos acumulados de PIS e COFINS ser uma forma indireta de aumentar a carga tribut\u00e1ria global dos contribuintes, viola tamb\u00e9m o princ\u00edpio da anterioridade nonagesimal.<\/p>\n\n\n\n<p>A alternativa que o Governo quer impor aos contribuintes para aproveitar seus cr\u00e9ditos acumulados \u00e9 a apresenta\u00e7\u00e3o de pedido de restitui\u00e7\u00e3o, que n\u00e3o tem prazo para ser quitado.<\/p>\n\n\n\n<p>Cabe ressaltar que, a nosso ver, n\u00e3o foram afetados pela MP os cr\u00e9ditos de PIS\/COFINS relacionados a:<\/p>\n\n\n\n<ul class=\"wp-block-list\">\n<li>Pagamento indevido ou a maior de DARF,<\/li>\n\n\n\n<li>Excesso de reten\u00e7\u00f5es na fonte,<\/li>\n\n\n\n<li>Ind\u00e9bitos tribut\u00e1rios provenientes de a\u00e7\u00f5es judiciais, sujeitos aos limites de compensa\u00e7\u00e3o da Portaria MF 14\/2024.<\/li>\n<\/ul>\n\n\n\n<p>De mais a mais, aproveitando a oportunidade da grava\u00e7\u00e3o desse DINCast, importante dizer que a MP 1227\/2024 trouxe tamb\u00e9m novas regras para desfrutar dos incentivos fiscais. Segundo a MP, todas as empresas que usufruem de benef\u00edcios fiscais devem inform\u00e1-los \u00e0 Receita Federal. Essa declara\u00e7\u00e3o deve conter a qualifica\u00e7\u00e3o dos benef\u00edcios e o valor correspondente.<\/p>\n\n\n\n<p>Embora os detalhes sobre os tipos de benef\u00edcios e os prazos para informa\u00e7\u00e3o ainda precisem ser fornecidos pela Receita, a MP j\u00e1 estabelece algumas condi\u00e7\u00f5es para a habilita\u00e7\u00e3o e frui\u00e7\u00e3o dos benef\u00edcios fiscais, como:<\/p>\n\n\n\n<ul class=\"wp-block-list\">\n<li>Regularidade na quita\u00e7\u00e3o de tributos e contribui\u00e7\u00f5es federais,<\/li>\n\n\n\n<li>Regularidade perante o Cadin e o FGTS,<\/li>\n\n\n\n<li>Aus\u00eancia de san\u00e7\u00f5es por improbidade administrativa,<\/li>\n\n\n\n<li>Ades\u00e3o ao Domic\u00edlio Tribut\u00e1rio Eletr\u00f4nico,<\/li>\n\n\n\n<li>Regularidade cadastral na Receita Federal.<\/li>\n<\/ul>\n\n\n\n<p>Essas exig\u00eancias sugerem que as informa\u00e7\u00f5es devem se limitar a benef\u00edcios fiscais federais, n\u00e3o contemplando benef\u00edcios de outros entes, sob pena de afrontar o pacto federativo.<\/p>\n\n\n\n<p>Se uma empresa n\u00e3o entregar essas informa\u00e7\u00f5es ou o fizer com atraso, estar\u00e1 sujeita a multas. As penalidades variam de acordo com a receita bruta da empresa e estar\u00e1 limitada a 30% do valor dos benef\u00edcios fiscais. Al\u00e9m disso, haver\u00e1 uma multa de 3% sobre valores omitidos ou incorretos.<\/p>\n\n\n\n<p>E \u00e9 isso, pessoal! Essas s\u00e3o as novas regras sobre compensa\u00e7\u00e3o de cr\u00e9ditos de PIS\/COFINS e incentivos fiscais trazidas pela MP 1227\/2024 que impactam diretamente os empres\u00e1rios. Fiquem atentos \u00e0s mudan\u00e7as e, se necess\u00e1rio, consultem um especialista em tributa\u00e7\u00e3o para entender melhor como isso pode afetar sua empresa. N\u00f3s da Amaral Yazbek estamos \u00e0 disposi\u00e7\u00e3o. At\u00e9 a pr\u00f3xima!<\/p>\n\n\n\n<figure class=\"wp-block-embed is-type-rich is-provider-spotify wp-block-embed-spotify wp-embed-aspect-21-9 wp-has-aspect-ratio\"><div class=\"wp-block-embed__wrapper\">\n<iframe title=\"Spotify Embed: MP do Fim do Mundo e suas consequ\u00eancias para os empres\u00e1rios\" style=\"border-radius: 12px\" width=\"100%\" height=\"152\" frameborder=\"0\" allowfullscreen allow=\"autoplay; clipboard-write; encrypted-media; fullscreen; picture-in-picture\" loading=\"lazy\" src=\"https:\/\/open.spotify.com\/embed\/episode\/20m26bpSIC54Zl677PhnmI?si=5a4e3c9acc6d40db&#038;utm_source=oembed\"><\/iframe>\n<\/div><\/figure>\n\n\n\n<hr class=\"wp-block-separator has-text-color has-palette-color-1-color has-css-opacity has-palette-color-1-background-color has-background is-style-dots\"\/>\n\n\n\n<div class=\"wp-block-group has-palette-color-6-background-color has-background is-layout-flow wp-block-group-is-layout-flow\">\n<p style=\"font-size:0.8em\">A Amaral,\u00a0Yazbek, OAB\/PR 762, possui 36 anos de experi\u00eancia auxiliando empresas a transformar a tributa\u00e7\u00e3o em lucro. Entre em contato com um dos s\u00f3cios para agendamento de reuni\u00e3o em caso de d\u00favidas.\u00a0\u00a0\u00a0<\/p>\n\n\n\n<p style=\"font-size:0.8em\">Contato: 41 3595-8300 ou pelo nosso WhatsApp 41 99567-5696\u00a0\u00a0\u00a0<\/p>\n\n\n\n<p style=\"font-size:0.8em\">Av. C\u00e2ndido Hartmann, 50 \u2013\u00a0Bigorrilho\u00a0| Curitiba-PR\u00a0\u00a0\u00a0<\/p>\n\n\n\n<p style=\"font-size:0.8em\">Assine nossa <a href=\"http:\/\/ayadvogados.com.br\/contato\/\">Newsletter<\/a> e fique por dentro das novidades!\u00a0\u00a0\u00a0<\/p>\n\n\n\n<p style=\"font-size:0.8em\">Quer receber seu exemplar da revista Governan\u00e7a Jur\u00eddica? <a href=\"http:\/\/ayadvogados.com.br\/revista\/\" data-type=\"page\" data-id=\"68\">Clique\u00a0aqui\u00a0e pe\u00e7a a sua<\/a>.\u00a0\u00a0\u00a0<\/p>\n\n\n\n<p style=\"font-size:0.8em\">Nos acompanhe nas redes sociais:\u00a0<a href=\"https:\/\/www.facebook.com\/AYadvogados\">Facebook<\/a>\u00a0|\u00a0<a href=\"https:\/\/www.instagram.com\/ayadvogados\/\">Instagram<\/a>\u00a0|\u00a0<a href=\"https:\/\/www.linkedin.com\/company\/amaral-yazbek-advogados\">Linkedin<\/a>\u00a0<\/p>\n\n\n\n<p style=\"font-size:0.8em\">J\u00e1 conhece o canal Direito da Intelig\u00eancia de Neg\u00f3cios?\u00a0<a href=\"https:\/\/www.youtube.com\/channel\/UCu2Mpu32ht8DEN8OFRXYMyw\">Inscreva-se j\u00e1<\/a><\/p>\n<\/div>\n","protected":false},"excerpt":{"rendered":"<p>MP do Fim do Mundo e suas consequ\u00eancias para os empres\u00e1rios A MP 1227\/2024 foi anunciada como provid\u00eancia a compensar a continuidade da desonera\u00e7\u00e3o da folha de pagamento, que segundo o Governo Federal, tem um impacto significativo de R$ 26,3 bilh\u00f5es somente em 2024.\u00a0 Com as novas regras, n\u00e3o apenas as empresas beneficiadas pela desonera\u00e7\u00e3o [&hellip;]<\/p>\n","protected":false},"author":3,"featured_media":3359,"comment_status":"open","ping_status":"open","sticky":false,"template":"","format":"standard","meta":{"footnotes":""},"categories":[5],"tags":[9,10,123,124,45,96],"class_list":["post-3357","post","type-post","status-publish","format-standard","has-post-thumbnail","hentry","category-dincast","tag-amaral-yazbek","tag-dincast","tag-dividas","tag-nova-forma-de-regularizar","tag-receita-federal","tag-reforma-tributaria"],"blocksy_meta":{"styles_descriptor":{"styles":{"desktop":"","tablet":"","mobile":""},"google_fonts":[],"version":6}},"yoast_head":"<!-- This site is optimized with the Yoast SEO plugin v27.5 - https:\/\/yoast.com\/product\/yoast-seo-wordpress\/ -->\n<title>MP do Fim do Mundo e suas consequ\u00eancias para os empres\u00e1rios<\/title>\n<meta name=\"description\" content=\"MP do Fim do Mundo e suas consequ\u00eancias para os empres\u00e1rios. A MP 1227\/2024 foi anunciada como provid\u00eancia a compensar a continuidade\" \/>\n<meta name=\"robots\" content=\"index, follow, max-snippet:-1, max-image-preview:large, max-video-preview:-1\" \/>\n<link rel=\"canonical\" href=\"https:\/\/www.34.239.117.254.nip.io\/?p=3357\" \/>\n<meta property=\"og:locale\" content=\"pt_BR\" \/>\n<meta property=\"og:type\" content=\"article\" \/>\n<meta property=\"og:title\" content=\"MP do Fim do Mundo e suas consequ\u00eancias para os empres\u00e1rios\" \/>\n<meta property=\"og:description\" content=\"MP do Fim do Mundo e suas consequ\u00eancias para os empres\u00e1rios. A MP 1227\/2024 foi anunciada como provid\u00eancia a compensar a continuidade\" \/>\n<meta property=\"og:url\" content=\"https:\/\/www.34.239.117.254.nip.io\/?p=3357\" \/>\n<meta property=\"og:site_name\" content=\"Amaral, Yazbek Advogados\" \/>\n<meta property=\"article:publisher\" content=\"https:\/\/www.facebook.com\/AYadvogados\" \/>\n<meta property=\"article:published_time\" content=\"2024-06-11T17:10:48+00:00\" \/>\n<meta property=\"article:modified_time\" content=\"2024-06-11T17:33:18+00:00\" \/>\n<meta property=\"og:image\" content=\"https:\/\/www.34.239.117.254.nip.io\/wp-content\/uploads\/2024\/06\/Banner-reels-copiar-3.png\" \/>\n\t<meta property=\"og:image:width\" content=\"1920\" \/>\n\t<meta property=\"og:image:height\" content=\"1080\" \/>\n\t<meta property=\"og:image:type\" content=\"image\/png\" \/>\n<meta name=\"author\" content=\"Infra\" \/>\n<meta name=\"twitter:card\" content=\"summary_large_image\" \/>\n<meta name=\"twitter:label1\" content=\"Escrito por\" \/>\n\t<meta name=\"twitter:data1\" content=\"Infra\" \/>\n\t<meta name=\"twitter:label2\" content=\"Est. tempo de leitura\" \/>\n\t<meta name=\"twitter:data2\" content=\"4 minutos\" \/>\n<script type=\"application\/ld+json\" class=\"yoast-schema-graph\">{\"@context\":\"https:\\\/\\\/schema.org\",\"@graph\":[{\"@type\":\"Article\",\"@id\":\"https:\\\/\\\/www.34.239.117.254.nip.io\\\/?p=3357#article\",\"isPartOf\":{\"@id\":\"https:\\\/\\\/www.34.239.117.254.nip.io\\\/?p=3357\"},\"author\":{\"name\":\"Infra\",\"@id\":\"https:\\\/\\\/34.239.117.254\\\/#\\\/schema\\\/person\\\/6b9165a58758b048b8ea5a4fbd4ec3c4\"},\"headline\":\"MP do Fim do Mundo e suas consequ\u00eancias para os empres\u00e1rios\",\"datePublished\":\"2024-06-11T17:10:48+00:00\",\"dateModified\":\"2024-06-11T17:33:18+00:00\",\"mainEntityOfPage\":{\"@id\":\"https:\\\/\\\/www.34.239.117.254.nip.io\\\/?p=3357\"},\"wordCount\":736,\"commentCount\":0,\"publisher\":{\"@id\":\"https:\\\/\\\/34.239.117.254\\\/#organization\"},\"image\":{\"@id\":\"https:\\\/\\\/www.34.239.117.254.nip.io\\\/?p=3357#primaryimage\"},\"thumbnailUrl\":\"https:\\\/\\\/www.ayadvogados.com.br\\\/wp-content\\\/uploads\\\/2024\\\/06\\\/Banner-reels-copiar-3.png\",\"keywords\":[\"amaral yazbek\",\"dincast\",\"dividas\",\"nova forma de regularizar\",\"receita federal\",\"Reforma Tribut\u00e1ria\"],\"articleSection\":[\"DINCast\"],\"inLanguage\":\"pt-BR\",\"potentialAction\":[{\"@type\":\"CommentAction\",\"name\":\"Comment\",\"target\":[\"https:\\\/\\\/www.34.239.117.254.nip.io\\\/?p=3357#respond\"]}]},{\"@type\":\"WebPage\",\"@id\":\"https:\\\/\\\/www.34.239.117.254.nip.io\\\/?p=3357\",\"url\":\"https:\\\/\\\/www.34.239.117.254.nip.io\\\/?p=3357\",\"name\":\"MP do Fim do Mundo e suas consequ\u00eancias para os empres\u00e1rios\",\"isPartOf\":{\"@id\":\"https:\\\/\\\/34.239.117.254\\\/#website\"},\"primaryImageOfPage\":{\"@id\":\"https:\\\/\\\/www.34.239.117.254.nip.io\\\/?p=3357#primaryimage\"},\"image\":{\"@id\":\"https:\\\/\\\/www.34.239.117.254.nip.io\\\/?p=3357#primaryimage\"},\"thumbnailUrl\":\"https:\\\/\\\/www.ayadvogados.com.br\\\/wp-content\\\/uploads\\\/2024\\\/06\\\/Banner-reels-copiar-3.png\",\"datePublished\":\"2024-06-11T17:10:48+00:00\",\"dateModified\":\"2024-06-11T17:33:18+00:00\",\"description\":\"MP do Fim do Mundo e suas consequ\u00eancias para os empres\u00e1rios. A MP 1227\\\/2024 foi anunciada como provid\u00eancia a compensar a continuidade\",\"breadcrumb\":{\"@id\":\"https:\\\/\\\/www.34.239.117.254.nip.io\\\/?p=3357#breadcrumb\"},\"inLanguage\":\"pt-BR\",\"potentialAction\":[{\"@type\":\"ReadAction\",\"target\":[\"https:\\\/\\\/www.34.239.117.254.nip.io\\\/?p=3357\"]}]},{\"@type\":\"ImageObject\",\"inLanguage\":\"pt-BR\",\"@id\":\"https:\\\/\\\/www.34.239.117.254.nip.io\\\/?p=3357#primaryimage\",\"url\":\"https:\\\/\\\/www.ayadvogados.com.br\\\/wp-content\\\/uploads\\\/2024\\\/06\\\/Banner-reels-copiar-3.png\",\"contentUrl\":\"https:\\\/\\\/www.ayadvogados.com.br\\\/wp-content\\\/uploads\\\/2024\\\/06\\\/Banner-reels-copiar-3.png\",\"width\":1920,\"height\":1080,\"caption\":\"MP do Fim do Mundo e suas consequ\u00eancias para os empres\u00e1rios\"},{\"@type\":\"BreadcrumbList\",\"@id\":\"https:\\\/\\\/www.34.239.117.254.nip.io\\\/?p=3357#breadcrumb\",\"itemListElement\":[{\"@type\":\"ListItem\",\"position\":1,\"name\":\"In\u00edcio\",\"item\":\"https:\\\/\\\/34.239.117.254\\\/\"},{\"@type\":\"ListItem\",\"position\":2,\"name\":\"MP do Fim do Mundo e suas consequ\u00eancias para os empres\u00e1rios\"}]},{\"@type\":\"WebSite\",\"@id\":\"https:\\\/\\\/34.239.117.254\\\/#website\",\"url\":\"https:\\\/\\\/34.239.117.254\\\/\",\"name\":\"Amaral, Yazbek Advogados\",\"description\":\"Curitiba \u2022 Bras\u00edlia \u2022 S\u00e3o Paulo\",\"publisher\":{\"@id\":\"https:\\\/\\\/34.239.117.254\\\/#organization\"},\"potentialAction\":[{\"@type\":\"SearchAction\",\"target\":{\"@type\":\"EntryPoint\",\"urlTemplate\":\"https:\\\/\\\/34.239.117.254\\\/?s={search_term_string}\"},\"query-input\":{\"@type\":\"PropertyValueSpecification\",\"valueRequired\":true,\"valueName\":\"search_term_string\"}}],\"inLanguage\":\"pt-BR\"},{\"@type\":\"Organization\",\"@id\":\"https:\\\/\\\/34.239.117.254\\\/#organization\",\"name\":\"Amaral, Yazbek Advogados\",\"url\":\"https:\\\/\\\/34.239.117.254\\\/\",\"logo\":{\"@type\":\"ImageObject\",\"inLanguage\":\"pt-BR\",\"@id\":\"https:\\\/\\\/34.239.117.254\\\/#\\\/schema\\\/logo\\\/image\\\/\",\"url\":\"http:\\\/\\\/34.239.117.254\\\/wp-content\\\/uploads\\\/2021\\\/03\\\/logo-ay-g.png\",\"contentUrl\":\"http:\\\/\\\/34.239.117.254\\\/wp-content\\\/uploads\\\/2021\\\/03\\\/logo-ay-g.png\",\"width\":434,\"height\":106,\"caption\":\"Amaral, Yazbek Advogados\"},\"image\":{\"@id\":\"https:\\\/\\\/34.239.117.254\\\/#\\\/schema\\\/logo\\\/image\\\/\"},\"sameAs\":[\"https:\\\/\\\/www.facebook.com\\\/AYadvogados\",\"https:\\\/\\\/www.instagram.com\\\/ayadvogados\\\/\"]},{\"@type\":\"Person\",\"@id\":\"https:\\\/\\\/34.239.117.254\\\/#\\\/schema\\\/person\\\/6b9165a58758b048b8ea5a4fbd4ec3c4\",\"name\":\"Infra\",\"image\":{\"@type\":\"ImageObject\",\"inLanguage\":\"pt-BR\",\"@id\":\"https:\\\/\\\/secure.gravatar.com\\\/avatar\\\/60bf67293e186b9c834e31753dcc586dfcedb661d13b6b9ba29ac991ccafc035?s=96&d=mm&r=g\",\"url\":\"https:\\\/\\\/secure.gravatar.com\\\/avatar\\\/60bf67293e186b9c834e31753dcc586dfcedb661d13b6b9ba29ac991ccafc035?s=96&d=mm&r=g\",\"contentUrl\":\"https:\\\/\\\/secure.gravatar.com\\\/avatar\\\/60bf67293e186b9c834e31753dcc586dfcedb661d13b6b9ba29ac991ccafc035?s=96&d=mm&r=g\",\"caption\":\"Infra\"},\"url\":\"https:\\\/\\\/www.ayadvogados.com.br\\\/?author=3\"}]}<\/script>\n<!-- \/ Yoast SEO plugin. -->","yoast_head_json":{"title":"MP do Fim do Mundo e suas consequ\u00eancias para os empres\u00e1rios","description":"MP do Fim do Mundo e suas consequ\u00eancias para os empres\u00e1rios. A MP 1227\/2024 foi anunciada como provid\u00eancia a compensar a continuidade","robots":{"index":"index","follow":"follow","max-snippet":"max-snippet:-1","max-image-preview":"max-image-preview:large","max-video-preview":"max-video-preview:-1"},"canonical":"https:\/\/www.34.239.117.254.nip.io\/?p=3357","og_locale":"pt_BR","og_type":"article","og_title":"MP do Fim do Mundo e suas consequ\u00eancias para os empres\u00e1rios","og_description":"MP do Fim do Mundo e suas consequ\u00eancias para os empres\u00e1rios. A MP 1227\/2024 foi anunciada como provid\u00eancia a compensar a continuidade","og_url":"https:\/\/www.34.239.117.254.nip.io\/?p=3357","og_site_name":"Amaral, Yazbek Advogados","article_publisher":"https:\/\/www.facebook.com\/AYadvogados","article_published_time":"2024-06-11T17:10:48+00:00","article_modified_time":"2024-06-11T17:33:18+00:00","og_image":[{"width":1920,"height":1080,"url":"https:\/\/www.34.239.117.254.nip.io\/wp-content\/uploads\/2024\/06\/Banner-reels-copiar-3.png","type":"image\/png"}],"author":"Infra","twitter_card":"summary_large_image","twitter_misc":{"Escrito por":"Infra","Est. tempo de leitura":"4 minutos"},"schema":{"@context":"https:\/\/schema.org","@graph":[{"@type":"Article","@id":"https:\/\/www.34.239.117.254.nip.io\/?p=3357#article","isPartOf":{"@id":"https:\/\/www.34.239.117.254.nip.io\/?p=3357"},"author":{"name":"Infra","@id":"https:\/\/34.239.117.254\/#\/schema\/person\/6b9165a58758b048b8ea5a4fbd4ec3c4"},"headline":"MP do Fim do Mundo e suas consequ\u00eancias para os empres\u00e1rios","datePublished":"2024-06-11T17:10:48+00:00","dateModified":"2024-06-11T17:33:18+00:00","mainEntityOfPage":{"@id":"https:\/\/www.34.239.117.254.nip.io\/?p=3357"},"wordCount":736,"commentCount":0,"publisher":{"@id":"https:\/\/34.239.117.254\/#organization"},"image":{"@id":"https:\/\/www.34.239.117.254.nip.io\/?p=3357#primaryimage"},"thumbnailUrl":"https:\/\/www.ayadvogados.com.br\/wp-content\/uploads\/2024\/06\/Banner-reels-copiar-3.png","keywords":["amaral yazbek","dincast","dividas","nova forma de regularizar","receita federal","Reforma Tribut\u00e1ria"],"articleSection":["DINCast"],"inLanguage":"pt-BR","potentialAction":[{"@type":"CommentAction","name":"Comment","target":["https:\/\/www.34.239.117.254.nip.io\/?p=3357#respond"]}]},{"@type":"WebPage","@id":"https:\/\/www.34.239.117.254.nip.io\/?p=3357","url":"https:\/\/www.34.239.117.254.nip.io\/?p=3357","name":"MP do Fim do Mundo e suas consequ\u00eancias para os empres\u00e1rios","isPartOf":{"@id":"https:\/\/34.239.117.254\/#website"},"primaryImageOfPage":{"@id":"https:\/\/www.34.239.117.254.nip.io\/?p=3357#primaryimage"},"image":{"@id":"https:\/\/www.34.239.117.254.nip.io\/?p=3357#primaryimage"},"thumbnailUrl":"https:\/\/www.ayadvogados.com.br\/wp-content\/uploads\/2024\/06\/Banner-reels-copiar-3.png","datePublished":"2024-06-11T17:10:48+00:00","dateModified":"2024-06-11T17:33:18+00:00","description":"MP do Fim do Mundo e suas consequ\u00eancias para os empres\u00e1rios. A MP 1227\/2024 foi anunciada como provid\u00eancia a compensar a continuidade","breadcrumb":{"@id":"https:\/\/www.34.239.117.254.nip.io\/?p=3357#breadcrumb"},"inLanguage":"pt-BR","potentialAction":[{"@type":"ReadAction","target":["https:\/\/www.34.239.117.254.nip.io\/?p=3357"]}]},{"@type":"ImageObject","inLanguage":"pt-BR","@id":"https:\/\/www.34.239.117.254.nip.io\/?p=3357#primaryimage","url":"https:\/\/www.ayadvogados.com.br\/wp-content\/uploads\/2024\/06\/Banner-reels-copiar-3.png","contentUrl":"https:\/\/www.ayadvogados.com.br\/wp-content\/uploads\/2024\/06\/Banner-reels-copiar-3.png","width":1920,"height":1080,"caption":"MP do Fim do Mundo e suas consequ\u00eancias para os empres\u00e1rios"},{"@type":"BreadcrumbList","@id":"https:\/\/www.34.239.117.254.nip.io\/?p=3357#breadcrumb","itemListElement":[{"@type":"ListItem","position":1,"name":"In\u00edcio","item":"https:\/\/34.239.117.254\/"},{"@type":"ListItem","position":2,"name":"MP do Fim do Mundo e suas consequ\u00eancias para os empres\u00e1rios"}]},{"@type":"WebSite","@id":"https:\/\/34.239.117.254\/#website","url":"https:\/\/34.239.117.254\/","name":"Amaral, Yazbek Advogados","description":"Curitiba \u2022 Bras\u00edlia \u2022 S\u00e3o Paulo","publisher":{"@id":"https:\/\/34.239.117.254\/#organization"},"potentialAction":[{"@type":"SearchAction","target":{"@type":"EntryPoint","urlTemplate":"https:\/\/34.239.117.254\/?s={search_term_string}"},"query-input":{"@type":"PropertyValueSpecification","valueRequired":true,"valueName":"search_term_string"}}],"inLanguage":"pt-BR"},{"@type":"Organization","@id":"https:\/\/34.239.117.254\/#organization","name":"Amaral, Yazbek Advogados","url":"https:\/\/34.239.117.254\/","logo":{"@type":"ImageObject","inLanguage":"pt-BR","@id":"https:\/\/34.239.117.254\/#\/schema\/logo\/image\/","url":"http:\/\/34.239.117.254\/wp-content\/uploads\/2021\/03\/logo-ay-g.png","contentUrl":"http:\/\/34.239.117.254\/wp-content\/uploads\/2021\/03\/logo-ay-g.png","width":434,"height":106,"caption":"Amaral, Yazbek Advogados"},"image":{"@id":"https:\/\/34.239.117.254\/#\/schema\/logo\/image\/"},"sameAs":["https:\/\/www.facebook.com\/AYadvogados","https:\/\/www.instagram.com\/ayadvogados\/"]},{"@type":"Person","@id":"https:\/\/34.239.117.254\/#\/schema\/person\/6b9165a58758b048b8ea5a4fbd4ec3c4","name":"Infra","image":{"@type":"ImageObject","inLanguage":"pt-BR","@id":"https:\/\/secure.gravatar.com\/avatar\/60bf67293e186b9c834e31753dcc586dfcedb661d13b6b9ba29ac991ccafc035?s=96&d=mm&r=g","url":"https:\/\/secure.gravatar.com\/avatar\/60bf67293e186b9c834e31753dcc586dfcedb661d13b6b9ba29ac991ccafc035?s=96&d=mm&r=g","contentUrl":"https:\/\/secure.gravatar.com\/avatar\/60bf67293e186b9c834e31753dcc586dfcedb661d13b6b9ba29ac991ccafc035?s=96&d=mm&r=g","caption":"Infra"},"url":"https:\/\/www.ayadvogados.com.br\/?author=3"}]}},"rttpg_featured_image_url":{"full":["https:\/\/www.ayadvogados.com.br\/wp-content\/uploads\/2024\/06\/Banner-reels-copiar-3.png",1920,1080,false],"landscape":["https:\/\/www.ayadvogados.com.br\/wp-content\/uploads\/2024\/06\/Banner-reels-copiar-3.png",1920,1080,false],"portraits":["https:\/\/www.ayadvogados.com.br\/wp-content\/uploads\/2024\/06\/Banner-reels-copiar-3.png",1920,1080,false],"thumbnail":["https:\/\/www.ayadvogados.com.br\/wp-content\/uploads\/2024\/06\/Banner-reels-copiar-3-150x150.png",150,150,true],"medium":["https:\/\/www.ayadvogados.com.br\/wp-content\/uploads\/2024\/06\/Banner-reels-copiar-3-300x169.png",300,169,true],"large":["https:\/\/www.ayadvogados.com.br\/wp-content\/uploads\/2024\/06\/Banner-reels-copiar-3-1024x576.png",1024,576,true],"1536x1536":["https:\/\/www.ayadvogados.com.br\/wp-content\/uploads\/2024\/06\/Banner-reels-copiar-3-1536x864.png",1536,864,true],"2048x2048":["https:\/\/www.ayadvogados.com.br\/wp-content\/uploads\/2024\/06\/Banner-reels-copiar-3.png",1920,1080,false]},"rttpg_author":{"display_name":"Infra","author_link":"https:\/\/www.ayadvogados.com.br\/?author=3"},"rttpg_comment":0,"rttpg_category":"<a href=\"https:\/\/www.ayadvogados.com.br\/?cat=5\" rel=\"category\">DINCast<\/a>","rttpg_excerpt":"MP do Fim do Mundo e suas consequ\u00eancias para os empres\u00e1rios A MP 1227\/2024 foi anunciada como provid\u00eancia a compensar a continuidade da desonera\u00e7\u00e3o da folha de pagamento, que segundo o Governo Federal, tem um impacto significativo de R$ 26,3 bilh\u00f5es somente em 2024.\u00a0 Com as novas regras, n\u00e3o apenas as empresas beneficiadas pela desonera\u00e7\u00e3o&hellip;","_links":{"self":[{"href":"https:\/\/www.ayadvogados.com.br\/index.php?rest_route=\/wp\/v2\/posts\/3357","targetHints":{"allow":["GET"]}}],"collection":[{"href":"https:\/\/www.ayadvogados.com.br\/index.php?rest_route=\/wp\/v2\/posts"}],"about":[{"href":"https:\/\/www.ayadvogados.com.br\/index.php?rest_route=\/wp\/v2\/types\/post"}],"author":[{"embeddable":true,"href":"https:\/\/www.ayadvogados.com.br\/index.php?rest_route=\/wp\/v2\/users\/3"}],"replies":[{"embeddable":true,"href":"https:\/\/www.ayadvogados.com.br\/index.php?rest_route=%2Fwp%2Fv2%2Fcomments&post=3357"}],"version-history":[{"count":2,"href":"https:\/\/www.ayadvogados.com.br\/index.php?rest_route=\/wp\/v2\/posts\/3357\/revisions"}],"predecessor-version":[{"id":3360,"href":"https:\/\/www.ayadvogados.com.br\/index.php?rest_route=\/wp\/v2\/posts\/3357\/revisions\/3360"}],"wp:featuredmedia":[{"embeddable":true,"href":"https:\/\/www.ayadvogados.com.br\/index.php?rest_route=\/wp\/v2\/media\/3359"}],"wp:attachment":[{"href":"https:\/\/www.ayadvogados.com.br\/index.php?rest_route=%2Fwp%2Fv2%2Fmedia&parent=3357"}],"wp:term":[{"taxonomy":"category","embeddable":true,"href":"https:\/\/www.ayadvogados.com.br\/index.php?rest_route=%2Fwp%2Fv2%2Fcategories&post=3357"},{"taxonomy":"post_tag","embeddable":true,"href":"https:\/\/www.ayadvogados.com.br\/index.php?rest_route=%2Fwp%2Fv2%2Ftags&post=3357"}],"curies":[{"name":"wp","href":"https:\/\/api.w.org\/{rel}","templated":true}]}}