{"id":335,"date":"2021-03-01T12:00:00","date_gmt":"2021-03-01T15:00:00","guid":{"rendered":"http:\/\/34.239.117.254\/?p=335"},"modified":"2021-04-19T10:12:07","modified_gmt":"2021-04-19T13:12:07","slug":"governo-vai-reabrir-renegociacao-de-dividas-tributarias","status":"publish","type":"post","link":"https:\/\/www.ayadvogados.com.br\/?p=335","title":{"rendered":"Governo vai reabrir renegocia\u00e7\u00e3o de d\u00edvidas tribut\u00e1rias"},"content":{"rendered":"\n<p>Com o endurecimento de medidas restritivas para tentar conter o avan\u00e7o da covid-19 no Brasil, o governo federal vai reabrir o programa que permite aos contribuintes renegociar d\u00edvidas tribut\u00e1rias. A ideia \u00e9 proporcionar um al\u00edvio no caixa das empresas no momento em que governadores decretam o fechamento de estabelecimentos n\u00e3o essenciais devido ao colapso em seus sistemas de sa\u00fade.<\/p>\n\n\n\n<p>A nova rodada de negocia\u00e7\u00e3o ser\u00e1 mais ampla e poder\u00e1 ter descontos em multas e juros para contribuintes que comprovarem baixa capacidade de pagamento.<\/p>\n\n\n\n<p>A portaria que reabre o chamado Programa de Retomada Fiscal deve ser publicada na edi\u00e7\u00e3o desta segunda-feira (1.\u00ba de mar\u00e7o) do Di\u00e1rio Oficial da Uni\u00e3o. Segundo apurou o Estad\u00e3o\/Broadcast, a expectativa \u00e9 negociar de R$ 70 bilh\u00f5es a R$ 90 bilh\u00f5es em d\u00e9bitos. O valor, por\u00e9m, \u00e9 tido como conservador porque ser\u00e1 poss\u00edvel incluir um rol bem maior de d\u00edvidas, o que deve atrair mais ades\u00f5es.<\/p>\n\n\n\n<p>Na \u00faltima edi\u00e7\u00e3o do programa, encerrada no fim de dezembro, s\u00f3 era poss\u00edvel incluir os d\u00e9bitos inscritos em D\u00edvida Ativa da Uni\u00e3o (DAU) entre mar\u00e7o e dezembro de 2020, per\u00edodo da calamidade p\u00fablica pela covid-19. Nesse formato, os acordos envolveram R$ 81,9 bilh\u00f5es em d\u00edvidas, e os descontos somaram R$ 25,6 bilh\u00f5es. Os prazos de pagamento ficaram entre 84 e 145 meses.<\/p>\n\n\n\n<p>Agora, a negocia\u00e7\u00e3o ser\u00e1 mais abrangente e poder\u00e1 incluir d\u00e9bitos anteriores a mar\u00e7o de 2020, al\u00e9m dos que vierem a ser inscritos na D\u00edvida Ativa at\u00e9 31 de agosto deste ano.<\/p>\n\n\n\n<p>Ao estender o horizonte dos d\u00e9bitos para incluir at\u00e9 mesmo aqueles que ainda ser\u00e3o inscritos nos pr\u00f3ximos meses, o governo tacitamente reconhece que as empresas come\u00e7ar\u00e3o a enfrentar dificuldades severas. A ades\u00e3o vai at\u00e9 30 de setembro.<\/p>\n\n\n\n<p>Limite<\/p>\n\n\n\n<p><br>A negocia\u00e7\u00e3o alcan\u00e7a apenas d\u00e9bitos de at\u00e9 R$ 150 milh\u00f5es inscritos na D\u00edvida Ativa, cuja cobran\u00e7a \u00e9 de responsabilidade da Procuradoria-Geral da Fazenda Nacional (PGFN). Quem deve acima disso precisa partir para um acordo individual.<\/p>\n\n\n\n<p>Segundo apurou o Estad\u00e3o\/Broadcast, h\u00e1 dois motivos principais para a reabertura do programa de renegocia\u00e7\u00e3o: o risco elevado da nova onda de contamina\u00e7\u00f5es e o fato de que muitas d\u00edvidas vencidas no ano passado est\u00e3o chegando s\u00f3 agora para \u00e0 PGFN, uma vez que a pandemia suspendeu algumas cobran\u00e7as e atrasou procedimentos adotados pela Receita Federal para encaminhar esses d\u00e9bitos para inscri\u00e7\u00e3o em D\u00edvida Ativa.<\/p>\n\n\n\n<p>Cobr\u00e1-las seguindo o rito normal poderia estrangular as companhias num momento j\u00e1 delicado.No ano passado, o governo garantiu uma arrecada\u00e7\u00e3o de R$ 1,7 bilh\u00e3o com o programa. Em 2021, a previs\u00e3o \u00e9 de R$ 4 bilh\u00f5es, somados os pagamentos dos acordos antigos e a previs\u00e3o de novas ades\u00f5es.<\/p>\n\n\n\n<p>De acordo com uma fonte que participa das discuss\u00f5es, a Receita Federal tamb\u00e9m prepara uma negocia\u00e7\u00e3o especial para d\u00e9bitos em fase administrativa de cobran\u00e7a e que envolvem &#8220;teses tribut\u00e1rias&#8221;, quando h\u00e1 d\u00favida jur\u00eddica sobre a incid\u00eancia do tributo. Nesses casos, a lei permite a oferta de um acordo para encerrar a disputa.&nbsp;<\/p>\n\n\n\n<p>Fonte: <a href=\"https:\/\/revistapegn.globo.com\/Noticias\/noticia\/2021\/03\/pegn-governo-vai-reabrir-renegociacao-de-dividas-tributarias.html?:~:text=Segundo%20apurou%20o%20Estad%C3%A3o%2FBroadcast,R%24%2090%20bilh%C3%B5es%20em%20d%C3%A9bitos.&amp;text=Agora%2C%20a%20negocia%C3%A7%C3%A3o%20ser%C3%A1%20mais,31%20de%20agosto%20deste%20ano\">Revista Pequenas Empresas Grandes Neg\u00f3cios<\/a><\/p>\n\n\n\n<p>A Amaral, Yazbek, OAB\/PR 762, possui 35 anos de experi\u00eancia auxiliando empresas a transformar a tributa\u00e7\u00e3o em lucro. Entre em contato com um dos s\u00f3cios para agendamento de reuni\u00e3o em caso de d\u00favidas.<\/p>\n\n\n\n<p>Contato: 41 3595-8300 ou pelo nosso WhatsApp 41 99567-5696<\/p>\n\n\n\n<p>Av. C\u00e2ndido Hartmann, 50 \u2013 Bigorrilho | Curitiba-PR<\/p>\n\n\n\n<p>Assine nossa Newsletter e fique por dentro das novidades!<\/p>\n\n\n\n<p>Quer receber seu exemplar da revista Governan\u00e7a Jur\u00eddica? Clique <a href=\"http:\/\/ayadvogados.com.br\/revista\">aqui<\/a>&nbsp;e pe\u00e7a a sua.<\/p>\n\n\n\n<p>Nos acompanhe nas redes sociais: <a href=\"https:\/\/www.facebook.com\/amaral.yazbek\">Facebook<\/a>&nbsp;| <a href=\"https:\/\/www.instagram.com\/amaral.yazbek\/\">Instagram<\/a> | <a href=\"https:\/\/www.linkedin.com\/company\/3357082\/admin\/\">Linkedin<\/a><\/p>\n\n\n\n<p>J\u00e1 conhece o canal Direito da Intelig\u00eancia de Neg\u00f3cios? <a href=\"https:\/\/www.youtube.com\/channel\/UCu2Mpu32ht8DEN8OFRXYMyw\">Inscreva-se j\u00e1<\/a><\/p>\n","protected":false},"excerpt":{"rendered":"<p>Com o endurecimento de medidas restritivas para tentar conter o avan\u00e7o da covid-19 no Brasil, o governo federal vai reabrir o programa que permite aos contribuintes renegociar d\u00edvidas tribut\u00e1rias. A ideia \u00e9 proporcionar um al\u00edvio no caixa das empresas no momento em que governadores decretam o fechamento de estabelecimentos n\u00e3o essenciais devido ao colapso em [&hellip;]<\/p>\n","protected":false},"author":3,"featured_media":796,"comment_status":"open","ping_status":"open","sticky":false,"template":"","format":"standard","meta":{"footnotes":""},"categories":[1],"tags":[],"class_list":["post-335","post","type-post","status-publish","format-standard","has-post-thumbnail","hentry","category-noticia-do-dia"],"blocksy_meta":{"styles_descriptor":{"styles":{"desktop":"","tablet":"","mobile":""},"google_fonts":[],"version":6}},"yoast_head":"<!-- This site is optimized with the Yoast SEO plugin v27.5 - https:\/\/yoast.com\/product\/yoast-seo-wordpress\/ -->\n<title>Governo vai reabrir renegocia\u00e7\u00e3o de d\u00edvidas tribut\u00e1rias - Amaral, Yazbek Advogados<\/title>\n<meta name=\"robots\" content=\"index, follow, max-snippet:-1, max-image-preview:large, max-video-preview:-1\" \/>\n<link rel=\"canonical\" href=\"https:\/\/www.34.239.117.254.sslip.io\/?p=335\" \/>\n<meta property=\"og:locale\" content=\"pt_BR\" \/>\n<meta property=\"og:type\" content=\"article\" \/>\n<meta property=\"og:title\" content=\"Governo vai reabrir renegocia\u00e7\u00e3o de d\u00edvidas tribut\u00e1rias - Amaral, Yazbek Advogados\" \/>\n<meta property=\"og:description\" content=\"Com o endurecimento de medidas restritivas para tentar conter o avan\u00e7o da covid-19 no Brasil, o governo federal vai reabrir o programa que permite aos contribuintes renegociar d\u00edvidas tribut\u00e1rias. A ideia \u00e9 proporcionar um al\u00edvio no caixa das empresas no momento em que governadores decretam o fechamento de estabelecimentos n\u00e3o essenciais devido ao colapso em [&hellip;]\" \/>\n<meta property=\"og:url\" content=\"https:\/\/www.34.239.117.254.sslip.io\/?p=335\" \/>\n<meta property=\"og:site_name\" content=\"Amaral, Yazbek Advogados\" \/>\n<meta property=\"article:publisher\" content=\"https:\/\/www.facebook.com\/AYadvogados\" \/>\n<meta property=\"article:published_time\" content=\"2021-03-01T15:00:00+00:00\" \/>\n<meta property=\"article:modified_time\" content=\"2021-04-19T13:12:07+00:00\" \/>\n<meta property=\"og:image\" content=\"https:\/\/www.34.239.117.254.sslip.io\/wp-content\/uploads\/2021\/03\/6c069464d713477496c174ae5b856c25.png\" \/>\n\t<meta property=\"og:image:width\" content=\"1000\" \/>\n\t<meta property=\"og:image:height\" content=\"620\" \/>\n\t<meta property=\"og:image:type\" content=\"image\/png\" \/>\n<meta name=\"author\" content=\"Infra\" \/>\n<meta name=\"twitter:card\" content=\"summary_large_image\" \/>\n<meta name=\"twitter:label1\" content=\"Escrito por\" \/>\n\t<meta name=\"twitter:data1\" content=\"Infra\" \/>\n\t<meta name=\"twitter:label2\" content=\"Est. tempo de leitura\" \/>\n\t<meta name=\"twitter:data2\" content=\"3 minutos\" \/>\n<script type=\"application\/ld+json\" class=\"yoast-schema-graph\">{\"@context\":\"https:\\\/\\\/schema.org\",\"@graph\":[{\"@type\":\"Article\",\"@id\":\"https:\\\/\\\/www.34.239.117.254.sslip.io\\\/?p=335#article\",\"isPartOf\":{\"@id\":\"https:\\\/\\\/www.34.239.117.254.sslip.io\\\/?p=335\"},\"author\":{\"name\":\"Infra\",\"@id\":\"https:\\\/\\\/www.34.239.117.254.sslip.io\\\/#\\\/schema\\\/person\\\/6b9165a58758b048b8ea5a4fbd4ec3c4\"},\"headline\":\"Governo vai reabrir renegocia\u00e7\u00e3o de d\u00edvidas tribut\u00e1rias\",\"datePublished\":\"2021-03-01T15:00:00+00:00\",\"dateModified\":\"2021-04-19T13:12:07+00:00\",\"mainEntityOfPage\":{\"@id\":\"https:\\\/\\\/www.34.239.117.254.sslip.io\\\/?p=335\"},\"wordCount\":651,\"commentCount\":0,\"publisher\":{\"@id\":\"https:\\\/\\\/www.34.239.117.254.sslip.io\\\/#organization\"},\"image\":{\"@id\":\"https:\\\/\\\/www.34.239.117.254.sslip.io\\\/?p=335#primaryimage\"},\"thumbnailUrl\":\"https:\\\/\\\/www.ayadvogados.com.br\\\/wp-content\\\/uploads\\\/2021\\\/03\\\/6c069464d713477496c174ae5b856c25.png\",\"articleSection\":[\"Not\u00edcia do Dia\"],\"inLanguage\":\"pt-BR\",\"potentialAction\":[{\"@type\":\"CommentAction\",\"name\":\"Comment\",\"target\":[\"https:\\\/\\\/www.34.239.117.254.sslip.io\\\/?p=335#respond\"]}]},{\"@type\":\"WebPage\",\"@id\":\"https:\\\/\\\/www.34.239.117.254.sslip.io\\\/?p=335\",\"url\":\"https:\\\/\\\/www.34.239.117.254.sslip.io\\\/?p=335\",\"name\":\"Governo vai reabrir renegocia\u00e7\u00e3o de d\u00edvidas tribut\u00e1rias - Amaral, Yazbek Advogados\",\"isPartOf\":{\"@id\":\"https:\\\/\\\/www.34.239.117.254.sslip.io\\\/#website\"},\"primaryImageOfPage\":{\"@id\":\"https:\\\/\\\/www.34.239.117.254.sslip.io\\\/?p=335#primaryimage\"},\"image\":{\"@id\":\"https:\\\/\\\/www.34.239.117.254.sslip.io\\\/?p=335#primaryimage\"},\"thumbnailUrl\":\"https:\\\/\\\/www.ayadvogados.com.br\\\/wp-content\\\/uploads\\\/2021\\\/03\\\/6c069464d713477496c174ae5b856c25.png\",\"datePublished\":\"2021-03-01T15:00:00+00:00\",\"dateModified\":\"2021-04-19T13:12:07+00:00\",\"breadcrumb\":{\"@id\":\"https:\\\/\\\/www.34.239.117.254.sslip.io\\\/?p=335#breadcrumb\"},\"inLanguage\":\"pt-BR\",\"potentialAction\":[{\"@type\":\"ReadAction\",\"target\":[\"https:\\\/\\\/www.34.239.117.254.sslip.io\\\/?p=335\"]}]},{\"@type\":\"ImageObject\",\"inLanguage\":\"pt-BR\",\"@id\":\"https:\\\/\\\/www.34.239.117.254.sslip.io\\\/?p=335#primaryimage\",\"url\":\"https:\\\/\\\/www.ayadvogados.com.br\\\/wp-content\\\/uploads\\\/2021\\\/03\\\/6c069464d713477496c174ae5b856c25.png\",\"contentUrl\":\"https:\\\/\\\/www.ayadvogados.com.br\\\/wp-content\\\/uploads\\\/2021\\\/03\\\/6c069464d713477496c174ae5b856c25.png\",\"width\":1000,\"height\":620},{\"@type\":\"BreadcrumbList\",\"@id\":\"https:\\\/\\\/www.34.239.117.254.sslip.io\\\/?p=335#breadcrumb\",\"itemListElement\":[{\"@type\":\"ListItem\",\"position\":1,\"name\":\"In\u00edcio\",\"item\":\"https:\\\/\\\/www.34.239.117.254.sslip.io\\\/\"},{\"@type\":\"ListItem\",\"position\":2,\"name\":\"Governo vai reabrir renegocia\u00e7\u00e3o de d\u00edvidas tribut\u00e1rias\"}]},{\"@type\":\"WebSite\",\"@id\":\"https:\\\/\\\/www.34.239.117.254.sslip.io\\\/#website\",\"url\":\"https:\\\/\\\/www.34.239.117.254.sslip.io\\\/\",\"name\":\"Amaral, Yazbek Advogados\",\"description\":\"Curitiba \u2022 Bras\u00edlia \u2022 S\u00e3o Paulo\",\"publisher\":{\"@id\":\"https:\\\/\\\/www.34.239.117.254.sslip.io\\\/#organization\"},\"potentialAction\":[{\"@type\":\"SearchAction\",\"target\":{\"@type\":\"EntryPoint\",\"urlTemplate\":\"https:\\\/\\\/www.34.239.117.254.sslip.io\\\/?s={search_term_string}\"},\"query-input\":{\"@type\":\"PropertyValueSpecification\",\"valueRequired\":true,\"valueName\":\"search_term_string\"}}],\"inLanguage\":\"pt-BR\"},{\"@type\":\"Organization\",\"@id\":\"https:\\\/\\\/www.34.239.117.254.sslip.io\\\/#organization\",\"name\":\"Amaral, Yazbek Advogados\",\"url\":\"https:\\\/\\\/www.34.239.117.254.sslip.io\\\/\",\"logo\":{\"@type\":\"ImageObject\",\"inLanguage\":\"pt-BR\",\"@id\":\"https:\\\/\\\/www.34.239.117.254.sslip.io\\\/#\\\/schema\\\/logo\\\/image\\\/\",\"url\":\"http:\\\/\\\/34.239.117.254\\\/wp-content\\\/uploads\\\/2021\\\/03\\\/logo-ay-g.png\",\"contentUrl\":\"http:\\\/\\\/34.239.117.254\\\/wp-content\\\/uploads\\\/2021\\\/03\\\/logo-ay-g.png\",\"width\":434,\"height\":106,\"caption\":\"Amaral, Yazbek Advogados\"},\"image\":{\"@id\":\"https:\\\/\\\/www.34.239.117.254.sslip.io\\\/#\\\/schema\\\/logo\\\/image\\\/\"},\"sameAs\":[\"https:\\\/\\\/www.facebook.com\\\/AYadvogados\",\"https:\\\/\\\/www.instagram.com\\\/ayadvogados\\\/\"]},{\"@type\":\"Person\",\"@id\":\"https:\\\/\\\/www.34.239.117.254.sslip.io\\\/#\\\/schema\\\/person\\\/6b9165a58758b048b8ea5a4fbd4ec3c4\",\"name\":\"Infra\",\"image\":{\"@type\":\"ImageObject\",\"inLanguage\":\"pt-BR\",\"@id\":\"https:\\\/\\\/secure.gravatar.com\\\/avatar\\\/60bf67293e186b9c834e31753dcc586dfcedb661d13b6b9ba29ac991ccafc035?s=96&d=mm&r=g\",\"url\":\"https:\\\/\\\/secure.gravatar.com\\\/avatar\\\/60bf67293e186b9c834e31753dcc586dfcedb661d13b6b9ba29ac991ccafc035?s=96&d=mm&r=g\",\"contentUrl\":\"https:\\\/\\\/secure.gravatar.com\\\/avatar\\\/60bf67293e186b9c834e31753dcc586dfcedb661d13b6b9ba29ac991ccafc035?s=96&d=mm&r=g\",\"caption\":\"Infra\"},\"url\":\"https:\\\/\\\/www.ayadvogados.com.br\\\/?author=3\"}]}<\/script>\n<!-- \/ Yoast SEO plugin. -->","yoast_head_json":{"title":"Governo vai reabrir renegocia\u00e7\u00e3o de d\u00edvidas tribut\u00e1rias - Amaral, Yazbek Advogados","robots":{"index":"index","follow":"follow","max-snippet":"max-snippet:-1","max-image-preview":"max-image-preview:large","max-video-preview":"max-video-preview:-1"},"canonical":"https:\/\/www.34.239.117.254.sslip.io\/?p=335","og_locale":"pt_BR","og_type":"article","og_title":"Governo vai reabrir renegocia\u00e7\u00e3o de d\u00edvidas tribut\u00e1rias - Amaral, Yazbek Advogados","og_description":"Com o endurecimento de medidas restritivas para tentar conter o avan\u00e7o da covid-19 no Brasil, o governo federal vai reabrir o programa que permite aos contribuintes renegociar d\u00edvidas tribut\u00e1rias. A ideia \u00e9 proporcionar um al\u00edvio no caixa das empresas no momento em que governadores decretam o fechamento de estabelecimentos n\u00e3o essenciais devido ao colapso em [&hellip;]","og_url":"https:\/\/www.34.239.117.254.sslip.io\/?p=335","og_site_name":"Amaral, Yazbek Advogados","article_publisher":"https:\/\/www.facebook.com\/AYadvogados","article_published_time":"2021-03-01T15:00:00+00:00","article_modified_time":"2021-04-19T13:12:07+00:00","og_image":[{"width":1000,"height":620,"url":"https:\/\/www.34.239.117.254.sslip.io\/wp-content\/uploads\/2021\/03\/6c069464d713477496c174ae5b856c25.png","type":"image\/png"}],"author":"Infra","twitter_card":"summary_large_image","twitter_misc":{"Escrito por":"Infra","Est. tempo de leitura":"3 minutos"},"schema":{"@context":"https:\/\/schema.org","@graph":[{"@type":"Article","@id":"https:\/\/www.34.239.117.254.sslip.io\/?p=335#article","isPartOf":{"@id":"https:\/\/www.34.239.117.254.sslip.io\/?p=335"},"author":{"name":"Infra","@id":"https:\/\/www.34.239.117.254.sslip.io\/#\/schema\/person\/6b9165a58758b048b8ea5a4fbd4ec3c4"},"headline":"Governo vai reabrir renegocia\u00e7\u00e3o de d\u00edvidas tribut\u00e1rias","datePublished":"2021-03-01T15:00:00+00:00","dateModified":"2021-04-19T13:12:07+00:00","mainEntityOfPage":{"@id":"https:\/\/www.34.239.117.254.sslip.io\/?p=335"},"wordCount":651,"commentCount":0,"publisher":{"@id":"https:\/\/www.34.239.117.254.sslip.io\/#organization"},"image":{"@id":"https:\/\/www.34.239.117.254.sslip.io\/?p=335#primaryimage"},"thumbnailUrl":"https:\/\/www.ayadvogados.com.br\/wp-content\/uploads\/2021\/03\/6c069464d713477496c174ae5b856c25.png","articleSection":["Not\u00edcia do Dia"],"inLanguage":"pt-BR","potentialAction":[{"@type":"CommentAction","name":"Comment","target":["https:\/\/www.34.239.117.254.sslip.io\/?p=335#respond"]}]},{"@type":"WebPage","@id":"https:\/\/www.34.239.117.254.sslip.io\/?p=335","url":"https:\/\/www.34.239.117.254.sslip.io\/?p=335","name":"Governo vai reabrir renegocia\u00e7\u00e3o de d\u00edvidas tribut\u00e1rias - Amaral, Yazbek Advogados","isPartOf":{"@id":"https:\/\/www.34.239.117.254.sslip.io\/#website"},"primaryImageOfPage":{"@id":"https:\/\/www.34.239.117.254.sslip.io\/?p=335#primaryimage"},"image":{"@id":"https:\/\/www.34.239.117.254.sslip.io\/?p=335#primaryimage"},"thumbnailUrl":"https:\/\/www.ayadvogados.com.br\/wp-content\/uploads\/2021\/03\/6c069464d713477496c174ae5b856c25.png","datePublished":"2021-03-01T15:00:00+00:00","dateModified":"2021-04-19T13:12:07+00:00","breadcrumb":{"@id":"https:\/\/www.34.239.117.254.sslip.io\/?p=335#breadcrumb"},"inLanguage":"pt-BR","potentialAction":[{"@type":"ReadAction","target":["https:\/\/www.34.239.117.254.sslip.io\/?p=335"]}]},{"@type":"ImageObject","inLanguage":"pt-BR","@id":"https:\/\/www.34.239.117.254.sslip.io\/?p=335#primaryimage","url":"https:\/\/www.ayadvogados.com.br\/wp-content\/uploads\/2021\/03\/6c069464d713477496c174ae5b856c25.png","contentUrl":"https:\/\/www.ayadvogados.com.br\/wp-content\/uploads\/2021\/03\/6c069464d713477496c174ae5b856c25.png","width":1000,"height":620},{"@type":"BreadcrumbList","@id":"https:\/\/www.34.239.117.254.sslip.io\/?p=335#breadcrumb","itemListElement":[{"@type":"ListItem","position":1,"name":"In\u00edcio","item":"https:\/\/www.34.239.117.254.sslip.io\/"},{"@type":"ListItem","position":2,"name":"Governo vai reabrir renegocia\u00e7\u00e3o de d\u00edvidas tribut\u00e1rias"}]},{"@type":"WebSite","@id":"https:\/\/www.34.239.117.254.sslip.io\/#website","url":"https:\/\/www.34.239.117.254.sslip.io\/","name":"Amaral, Yazbek Advogados","description":"Curitiba \u2022 Bras\u00edlia \u2022 S\u00e3o Paulo","publisher":{"@id":"https:\/\/www.34.239.117.254.sslip.io\/#organization"},"potentialAction":[{"@type":"SearchAction","target":{"@type":"EntryPoint","urlTemplate":"https:\/\/www.34.239.117.254.sslip.io\/?s={search_term_string}"},"query-input":{"@type":"PropertyValueSpecification","valueRequired":true,"valueName":"search_term_string"}}],"inLanguage":"pt-BR"},{"@type":"Organization","@id":"https:\/\/www.34.239.117.254.sslip.io\/#organization","name":"Amaral, Yazbek Advogados","url":"https:\/\/www.34.239.117.254.sslip.io\/","logo":{"@type":"ImageObject","inLanguage":"pt-BR","@id":"https:\/\/www.34.239.117.254.sslip.io\/#\/schema\/logo\/image\/","url":"http:\/\/34.239.117.254\/wp-content\/uploads\/2021\/03\/logo-ay-g.png","contentUrl":"http:\/\/34.239.117.254\/wp-content\/uploads\/2021\/03\/logo-ay-g.png","width":434,"height":106,"caption":"Amaral, Yazbek Advogados"},"image":{"@id":"https:\/\/www.34.239.117.254.sslip.io\/#\/schema\/logo\/image\/"},"sameAs":["https:\/\/www.facebook.com\/AYadvogados","https:\/\/www.instagram.com\/ayadvogados\/"]},{"@type":"Person","@id":"https:\/\/www.34.239.117.254.sslip.io\/#\/schema\/person\/6b9165a58758b048b8ea5a4fbd4ec3c4","name":"Infra","image":{"@type":"ImageObject","inLanguage":"pt-BR","@id":"https:\/\/secure.gravatar.com\/avatar\/60bf67293e186b9c834e31753dcc586dfcedb661d13b6b9ba29ac991ccafc035?s=96&d=mm&r=g","url":"https:\/\/secure.gravatar.com\/avatar\/60bf67293e186b9c834e31753dcc586dfcedb661d13b6b9ba29ac991ccafc035?s=96&d=mm&r=g","contentUrl":"https:\/\/secure.gravatar.com\/avatar\/60bf67293e186b9c834e31753dcc586dfcedb661d13b6b9ba29ac991ccafc035?s=96&d=mm&r=g","caption":"Infra"},"url":"https:\/\/www.ayadvogados.com.br\/?author=3"}]}},"rttpg_featured_image_url":{"full":["https:\/\/www.ayadvogados.com.br\/wp-content\/uploads\/2021\/03\/6c069464d713477496c174ae5b856c25.png",1000,620,false],"landscape":["https:\/\/www.ayadvogados.com.br\/wp-content\/uploads\/2021\/03\/6c069464d713477496c174ae5b856c25.png",1000,620,false],"portraits":["https:\/\/www.ayadvogados.com.br\/wp-content\/uploads\/2021\/03\/6c069464d713477496c174ae5b856c25.png",1000,620,false],"thumbnail":["https:\/\/www.ayadvogados.com.br\/wp-content\/uploads\/2021\/03\/6c069464d713477496c174ae5b856c25-150x150.png",150,150,true],"medium":["https:\/\/www.ayadvogados.com.br\/wp-content\/uploads\/2021\/03\/6c069464d713477496c174ae5b856c25-300x186.png",300,186,true],"large":["https:\/\/www.ayadvogados.com.br\/wp-content\/uploads\/2021\/03\/6c069464d713477496c174ae5b856c25.png",1000,620,false],"1536x1536":["https:\/\/www.ayadvogados.com.br\/wp-content\/uploads\/2021\/03\/6c069464d713477496c174ae5b856c25.png",1000,620,false],"2048x2048":["https:\/\/www.ayadvogados.com.br\/wp-content\/uploads\/2021\/03\/6c069464d713477496c174ae5b856c25.png",1000,620,false]},"rttpg_author":{"display_name":"Infra","author_link":"https:\/\/www.ayadvogados.com.br\/?author=3"},"rttpg_comment":0,"rttpg_category":"<a href=\"https:\/\/www.ayadvogados.com.br\/?cat=1\" rel=\"category\">Not\u00edcia do Dia<\/a>","rttpg_excerpt":"Com o endurecimento de medidas restritivas para tentar conter o avan\u00e7o da covid-19 no Brasil, o governo federal vai reabrir o programa que permite aos contribuintes renegociar d\u00edvidas tribut\u00e1rias. A ideia \u00e9 proporcionar um al\u00edvio no caixa das empresas no momento em que governadores decretam o fechamento de estabelecimentos n\u00e3o essenciais devido ao colapso em&hellip;","_links":{"self":[{"href":"https:\/\/www.ayadvogados.com.br\/index.php?rest_route=\/wp\/v2\/posts\/335","targetHints":{"allow":["GET"]}}],"collection":[{"href":"https:\/\/www.ayadvogados.com.br\/index.php?rest_route=\/wp\/v2\/posts"}],"about":[{"href":"https:\/\/www.ayadvogados.com.br\/index.php?rest_route=\/wp\/v2\/types\/post"}],"author":[{"embeddable":true,"href":"https:\/\/www.ayadvogados.com.br\/index.php?rest_route=\/wp\/v2\/users\/3"}],"replies":[{"embeddable":true,"href":"https:\/\/www.ayadvogados.com.br\/index.php?rest_route=%2Fwp%2Fv2%2Fcomments&post=335"}],"version-history":[{"count":1,"href":"https:\/\/www.ayadvogados.com.br\/index.php?rest_route=\/wp\/v2\/posts\/335\/revisions"}],"predecessor-version":[{"id":336,"href":"https:\/\/www.ayadvogados.com.br\/index.php?rest_route=\/wp\/v2\/posts\/335\/revisions\/336"}],"wp:featuredmedia":[{"embeddable":true,"href":"https:\/\/www.ayadvogados.com.br\/index.php?rest_route=\/wp\/v2\/media\/796"}],"wp:attachment":[{"href":"https:\/\/www.ayadvogados.com.br\/index.php?rest_route=%2Fwp%2Fv2%2Fmedia&parent=335"}],"wp:term":[{"taxonomy":"category","embeddable":true,"href":"https:\/\/www.ayadvogados.com.br\/index.php?rest_route=%2Fwp%2Fv2%2Fcategories&post=335"},{"taxonomy":"post_tag","embeddable":true,"href":"https:\/\/www.ayadvogados.com.br\/index.php?rest_route=%2Fwp%2Fv2%2Ftags&post=335"}],"curies":[{"name":"wp","href":"https:\/\/api.w.org\/{rel}","templated":true}]}}