{"id":3326,"date":"2024-05-28T11:00:28","date_gmt":"2024-05-28T14:00:28","guid":{"rendered":"http:\/\/34.239.117.254\/?p=3326"},"modified":"2024-05-27T14:22:52","modified_gmt":"2024-05-27T17:22:52","slug":"como-doar-parte-do-imposto-de-renda-a-instituicoes-de-caridade","status":"publish","type":"post","link":"https:\/\/www.ayadvogados.com.br\/?p=3326","title":{"rendered":"Como Doar Parte do Imposto de Renda a Institui\u00e7\u00f5es de Caridade"},"content":{"rendered":"\n<p>Como Doar Parte do Imposto de Renda a Institui\u00e7\u00f5es de Caridade<\/p>\n\n\n\n<p>Fique conosco at\u00e9 o final deste artigo, pois vamos falar sobre a doa\u00e7\u00e3o de parte do seu Imposto de Renda que iria para o governo. Em vez de pagar tudo ao governo, voc\u00ea pode direcionar uma parte para institui\u00e7\u00f5es de caridade que auxiliam crian\u00e7as ou idosos na sua cidade ou estado. Esse valor ser\u00e1 melhor aproveitado do que se fosse para o governo, onde pode acabar sendo utilizado para emendas parlamentares ou reajustes salariais do Poder Judici\u00e1rio.<\/p>\n\n\n\n<p>Voc\u00ea n\u00e3o pagar\u00e1 nada a mais. O valor que voc\u00ea destinaria ao governo pode ser doado para uma institui\u00e7\u00e3o de caridade. Poucas pessoas sabem disso, mas essa possibilidade existe gra\u00e7as \u00e0 Lei 12.715, criada em 2012. A lei permite que voc\u00ea direcione at\u00e9 3% do valor que seria pago de imposto para doa\u00e7\u00f5es diretamente na sua declara\u00e7\u00e3o de Imposto de Renda.<\/p>\n\n\n\n<p><strong> Como Funciona?<\/strong><\/p>\n\n\n\n<p>Na sua declara\u00e7\u00e3o de Imposto de Renda, h\u00e1 uma aba espec\u00edfica para doa\u00e7\u00f5es diretamente na declara\u00e7\u00e3o. Siga os passos abaixo:<\/p>\n\n\n\n<p>1. **Acesse a aba de doa\u00e7\u00f5es**: Na declara\u00e7\u00e3o de Imposto de Renda, procure a aba onde est\u00e1 escrito &#8220;Doa\u00e7\u00f5es diretamente na declara\u00e7\u00e3o&#8221;.<\/p>\n\n\n\n<p>2. **Clique em &#8220;Novo&#8221;**: Ap\u00f3s clicar em &#8220;Novo&#8221;, escolha o Fundo Nacional, Estadual ou Municipal.<\/p>\n\n\n\n<p>3. **Escolha o Fundo Municipal**: Se optar pelo Fundo Municipal, selecione seu estado e depois a cidade desejada, previamente cadastrada.<\/p>\n\n\n\n<p>As institui\u00e7\u00f5es dispon\u00edveis s\u00e3o s\u00e9rias e utilizam o dinheiro em prol de pessoas carentes, como crian\u00e7as e idosos em situa\u00e7\u00e3o de vulnerabilidade. O pr\u00f3prio programa da Receita Federal calcula quanto voc\u00ea pode doar. Voc\u00ea pode doar o valor total permitido sem pagar nada a mais.<\/p>\n\n\n\n<p><strong>Passo a Passo para Doar<\/strong><\/p>\n\n\n\n<p>1. **Calcule o valor dispon\u00edvel para doa\u00e7\u00e3o**: O programa informar\u00e1 o valor que voc\u00ea pode doar.<\/p>\n\n\n\n<p>2. **Escolha a institui\u00e7\u00e3o**: Direcione o valor para uma institui\u00e7\u00e3o de sua escolha.<\/p>\n\n\n\n<p>3. **Imprima a DARF**: Ap\u00f3s finalizar, imprima a DARF de pagamento.<\/p>\n\n\n\n<p>Lembre-se, o pagamento dessa DARF deve ser feito at\u00e9 o dia 31 de maio. N\u00e3o \u00e9 poss\u00edvel parcelar essa cota, e ela deve ser paga integralmente at\u00e9 essa data.<\/p>\n\n\n\n<p>Ao seguir esses passos, voc\u00ea contribui diretamente para o bem-estar de sua comunidade, garantindo que os recursos sejam utilizados de forma eficiente e em prol dos mais necessitados.<\/p>\n\n\n\n<p>ipal e a multa ser\u00e3o equivalentes \u00e0 taxa referencial da Selic, acumulada mensalmente.<\/p>\n\n\n\n<p>Espero que essas informa\u00e7\u00f5es tenham sido \u00fateis para voc\u00eas. At\u00e9 a pr\u00f3xima!<\/p>\n\n\n\n<p><\/p>\n\n\n\n<figure class=\"wp-block-embed is-type-rich is-provider-spotify wp-block-embed-spotify wp-embed-aspect-21-9 wp-has-aspect-ratio\"><div class=\"wp-block-embed__wrapper\">\n<iframe title=\"Spotify Embed: Como Doar Parte do Imposto de Renda a Institui\u00e7\u00f5es de Caridade\" style=\"border-radius: 12px\" width=\"100%\" height=\"152\" frameborder=\"0\" allowfullscreen allow=\"autoplay; clipboard-write; encrypted-media; fullscreen; picture-in-picture\" loading=\"lazy\" src=\"https:\/\/open.spotify.com\/embed\/episode\/359cplJa6oiJgW9mnpisgG?si=b0850463f3604360&#038;utm_source=oembed\"><\/iframe>\n<\/div><\/figure>\n\n\n\n<hr class=\"wp-block-separator has-text-color has-palette-color-1-color has-css-opacity has-palette-color-1-background-color has-background is-style-dots\"\/>\n\n\n\n<div class=\"wp-block-group has-palette-color-6-background-color has-background is-layout-flow wp-block-group-is-layout-flow\">\n<p style=\"font-size:0.8em\">A Amaral,\u00a0Yazbek, OAB\/PR 762, possui 36 anos de experi\u00eancia auxiliando empresas a transformar a tributa\u00e7\u00e3o em lucro. Entre em contato com um dos s\u00f3cios para agendamento de reuni\u00e3o em caso de d\u00favidas.\u00a0\u00a0\u00a0<\/p>\n\n\n\n<p style=\"font-size:0.8em\">Contato: 41 3595-8300 ou pelo nosso WhatsApp 41 99567-5696\u00a0\u00a0\u00a0<\/p>\n\n\n\n<p style=\"font-size:0.8em\">Av. C\u00e2ndido Hartmann, 50 \u2013\u00a0Bigorrilho\u00a0| Curitiba-PR\u00a0\u00a0\u00a0<\/p>\n\n\n\n<p style=\"font-size:0.8em\">Assine nossa <a href=\"http:\/\/ayadvogados.com.br\/contato\/\">Newsletter<\/a> e fique por dentro das novidades!\u00a0\u00a0\u00a0<\/p>\n\n\n\n<p style=\"font-size:0.8em\">Quer receber seu exemplar da revista Governan\u00e7a Jur\u00eddica? <a href=\"http:\/\/ayadvogados.com.br\/revista\/\" data-type=\"page\" data-id=\"68\">Clique\u00a0aqui\u00a0e pe\u00e7a a sua<\/a>.\u00a0\u00a0\u00a0<\/p>\n\n\n\n<p style=\"font-size:0.8em\">Nos acompanhe nas redes sociais:\u00a0<a href=\"https:\/\/www.facebook.com\/AYadvogados\">Facebook<\/a>\u00a0|\u00a0<a href=\"https:\/\/www.instagram.com\/ayadvogados\/\">Instagram<\/a>\u00a0|\u00a0<a href=\"https:\/\/www.linkedin.com\/company\/amaral-yazbek-advogados\">Linkedin<\/a>\u00a0<\/p>\n\n\n\n<p style=\"font-size:0.8em\">J\u00e1 conhece o canal Direito da Intelig\u00eancia de Neg\u00f3cios?\u00a0<a href=\"https:\/\/www.youtube.com\/channel\/UCu2Mpu32ht8DEN8OFRXYMyw\">Inscreva-se j\u00e1<\/a><\/p>\n<\/div>\n","protected":false},"excerpt":{"rendered":"<p>Como Doar Parte do Imposto de Renda a Institui\u00e7\u00f5es de Caridade Fique conosco at\u00e9 o final deste artigo, pois vamos falar sobre a doa\u00e7\u00e3o de parte do seu Imposto de Renda que iria para o governo. Em vez de pagar tudo ao governo, voc\u00ea pode direcionar uma parte para institui\u00e7\u00f5es de caridade que auxiliam crian\u00e7as [&hellip;]<\/p>\n","protected":false},"author":3,"featured_media":3328,"comment_status":"open","ping_status":"open","sticky":false,"template":"","format":"standard","meta":{"footnotes":""},"categories":[5],"tags":[9,10,123,124,45,96],"class_list":["post-3326","post","type-post","status-publish","format-standard","has-post-thumbnail","hentry","category-dincast","tag-amaral-yazbek","tag-dincast","tag-dividas","tag-nova-forma-de-regularizar","tag-receita-federal","tag-reforma-tributaria"],"blocksy_meta":{"styles_descriptor":{"styles":{"desktop":"","tablet":"","mobile":""},"google_fonts":[],"version":6}},"yoast_head":"<!-- This site is optimized with the Yoast SEO plugin v27.5 - https:\/\/yoast.com\/product\/yoast-seo-wordpress\/ -->\n<title>Como Doar Parte do Imposto de Renda a Institui\u00e7\u00f5es de Caridade<\/title>\n<meta name=\"description\" content=\"Como Doar Parte do Imposto de Renda a Institui\u00e7\u00f5es de Caridade. Fique conosco at\u00e9 o final deste artigo, pois vamos falar sobre a doa\u00e7\u00e3o...\" \/>\n<meta name=\"robots\" content=\"index, follow, max-snippet:-1, max-image-preview:large, max-video-preview:-1\" \/>\n<link rel=\"canonical\" href=\"https:\/\/www.ayadvogados.com.br\/?p=3326\" \/>\n<meta property=\"og:locale\" content=\"pt_BR\" \/>\n<meta property=\"og:type\" content=\"article\" \/>\n<meta property=\"og:title\" content=\"Como Doar Parte do Imposto de Renda a Institui\u00e7\u00f5es de Caridade\" \/>\n<meta property=\"og:description\" content=\"Como Doar Parte do Imposto de Renda a Institui\u00e7\u00f5es de Caridade. Fique conosco at\u00e9 o final deste artigo, pois vamos falar sobre a doa\u00e7\u00e3o...\" \/>\n<meta property=\"og:url\" content=\"https:\/\/www.ayadvogados.com.br\/?p=3326\" \/>\n<meta property=\"og:site_name\" content=\"Amaral, Yazbek Advogados\" \/>\n<meta property=\"article:publisher\" content=\"https:\/\/www.facebook.com\/AYadvogados\" \/>\n<meta property=\"article:published_time\" content=\"2024-05-28T14:00:28+00:00\" \/>\n<meta property=\"og:image\" content=\"https:\/\/www.ayadvogados.com.br\/wp-content\/uploads\/2024\/05\/Banner-reels-copiar-3-1.png\" \/>\n\t<meta property=\"og:image:width\" content=\"1920\" \/>\n\t<meta property=\"og:image:height\" content=\"1080\" \/>\n\t<meta property=\"og:image:type\" content=\"image\/png\" \/>\n<meta name=\"author\" content=\"Infra\" \/>\n<meta name=\"twitter:card\" content=\"summary_large_image\" \/>\n<meta name=\"twitter:label1\" content=\"Escrito por\" \/>\n\t<meta name=\"twitter:data1\" content=\"Infra\" \/>\n<script type=\"application\/ld+json\" class=\"yoast-schema-graph\">{\"@context\":\"https:\\\/\\\/schema.org\",\"@graph\":[{\"@type\":\"Article\",\"@id\":\"https:\\\/\\\/www.ayadvogados.com.br\\\/?p=3326#article\",\"isPartOf\":{\"@id\":\"https:\\\/\\\/www.ayadvogados.com.br\\\/?p=3326\"},\"author\":{\"name\":\"Infra\",\"@id\":\"https:\\\/\\\/34.239.117.254\\\/#\\\/schema\\\/person\\\/6b9165a58758b048b8ea5a4fbd4ec3c4\"},\"headline\":\"Como Doar Parte do Imposto de Renda a Institui\u00e7\u00f5es de Caridade\",\"datePublished\":\"2024-05-28T14:00:28+00:00\",\"mainEntityOfPage\":{\"@id\":\"https:\\\/\\\/www.ayadvogados.com.br\\\/?p=3326\"},\"wordCount\":447,\"commentCount\":0,\"publisher\":{\"@id\":\"https:\\\/\\\/34.239.117.254\\\/#organization\"},\"image\":{\"@id\":\"https:\\\/\\\/www.ayadvogados.com.br\\\/?p=3326#primaryimage\"},\"thumbnailUrl\":\"https:\\\/\\\/www.ayadvogados.com.br\\\/wp-content\\\/uploads\\\/2024\\\/05\\\/Banner-reels-copiar-3-1.png\",\"keywords\":[\"amaral yazbek\",\"dincast\",\"dividas\",\"nova forma de regularizar\",\"receita federal\",\"Reforma Tribut\u00e1ria\"],\"articleSection\":[\"DINCast\"],\"inLanguage\":\"pt-BR\",\"potentialAction\":[{\"@type\":\"CommentAction\",\"name\":\"Comment\",\"target\":[\"https:\\\/\\\/www.ayadvogados.com.br\\\/?p=3326#respond\"]}]},{\"@type\":\"WebPage\",\"@id\":\"https:\\\/\\\/www.ayadvogados.com.br\\\/?p=3326\",\"url\":\"https:\\\/\\\/www.ayadvogados.com.br\\\/?p=3326\",\"name\":\"Como Doar Parte do Imposto de Renda a Institui\u00e7\u00f5es de Caridade\",\"isPartOf\":{\"@id\":\"https:\\\/\\\/34.239.117.254\\\/#website\"},\"primaryImageOfPage\":{\"@id\":\"https:\\\/\\\/www.ayadvogados.com.br\\\/?p=3326#primaryimage\"},\"image\":{\"@id\":\"https:\\\/\\\/www.ayadvogados.com.br\\\/?p=3326#primaryimage\"},\"thumbnailUrl\":\"https:\\\/\\\/www.ayadvogados.com.br\\\/wp-content\\\/uploads\\\/2024\\\/05\\\/Banner-reels-copiar-3-1.png\",\"datePublished\":\"2024-05-28T14:00:28+00:00\",\"description\":\"Como Doar Parte do Imposto de Renda a Institui\u00e7\u00f5es de Caridade. Fique conosco at\u00e9 o final deste artigo, pois vamos falar sobre a doa\u00e7\u00e3o...\",\"breadcrumb\":{\"@id\":\"https:\\\/\\\/www.ayadvogados.com.br\\\/?p=3326#breadcrumb\"},\"inLanguage\":\"pt-BR\",\"potentialAction\":[{\"@type\":\"ReadAction\",\"target\":[\"https:\\\/\\\/www.ayadvogados.com.br\\\/?p=3326\"]}]},{\"@type\":\"ImageObject\",\"inLanguage\":\"pt-BR\",\"@id\":\"https:\\\/\\\/www.ayadvogados.com.br\\\/?p=3326#primaryimage\",\"url\":\"https:\\\/\\\/www.ayadvogados.com.br\\\/wp-content\\\/uploads\\\/2024\\\/05\\\/Banner-reels-copiar-3-1.png\",\"contentUrl\":\"https:\\\/\\\/www.ayadvogados.com.br\\\/wp-content\\\/uploads\\\/2024\\\/05\\\/Banner-reels-copiar-3-1.png\",\"width\":1920,\"height\":1080,\"caption\":\"Como Doar Parte do Imposto de Renda a Institui\u00e7\u00f5es de Caridade\"},{\"@type\":\"BreadcrumbList\",\"@id\":\"https:\\\/\\\/www.ayadvogados.com.br\\\/?p=3326#breadcrumb\",\"itemListElement\":[{\"@type\":\"ListItem\",\"position\":1,\"name\":\"In\u00edcio\",\"item\":\"https:\\\/\\\/34.239.117.254\\\/\"},{\"@type\":\"ListItem\",\"position\":2,\"name\":\"Como Doar Parte do Imposto de Renda a Institui\u00e7\u00f5es de Caridade\"}]},{\"@type\":\"WebSite\",\"@id\":\"https:\\\/\\\/34.239.117.254\\\/#website\",\"url\":\"https:\\\/\\\/34.239.117.254\\\/\",\"name\":\"Amaral, Yazbek Advogados\",\"description\":\"Curitiba \u2022 Bras\u00edlia \u2022 S\u00e3o Paulo\",\"publisher\":{\"@id\":\"https:\\\/\\\/34.239.117.254\\\/#organization\"},\"potentialAction\":[{\"@type\":\"SearchAction\",\"target\":{\"@type\":\"EntryPoint\",\"urlTemplate\":\"https:\\\/\\\/34.239.117.254\\\/?s={search_term_string}\"},\"query-input\":{\"@type\":\"PropertyValueSpecification\",\"valueRequired\":true,\"valueName\":\"search_term_string\"}}],\"inLanguage\":\"pt-BR\"},{\"@type\":\"Organization\",\"@id\":\"https:\\\/\\\/34.239.117.254\\\/#organization\",\"name\":\"Amaral, Yazbek Advogados\",\"url\":\"https:\\\/\\\/34.239.117.254\\\/\",\"logo\":{\"@type\":\"ImageObject\",\"inLanguage\":\"pt-BR\",\"@id\":\"https:\\\/\\\/34.239.117.254\\\/#\\\/schema\\\/logo\\\/image\\\/\",\"url\":\"http:\\\/\\\/34.239.117.254\\\/wp-content\\\/uploads\\\/2021\\\/03\\\/logo-ay-g.png\",\"contentUrl\":\"http:\\\/\\\/34.239.117.254\\\/wp-content\\\/uploads\\\/2021\\\/03\\\/logo-ay-g.png\",\"width\":434,\"height\":106,\"caption\":\"Amaral, Yazbek Advogados\"},\"image\":{\"@id\":\"https:\\\/\\\/34.239.117.254\\\/#\\\/schema\\\/logo\\\/image\\\/\"},\"sameAs\":[\"https:\\\/\\\/www.facebook.com\\\/AYadvogados\",\"https:\\\/\\\/www.instagram.com\\\/ayadvogados\\\/\"]},{\"@type\":\"Person\",\"@id\":\"https:\\\/\\\/34.239.117.254\\\/#\\\/schema\\\/person\\\/6b9165a58758b048b8ea5a4fbd4ec3c4\",\"name\":\"Infra\",\"image\":{\"@type\":\"ImageObject\",\"inLanguage\":\"pt-BR\",\"@id\":\"https:\\\/\\\/secure.gravatar.com\\\/avatar\\\/60bf67293e186b9c834e31753dcc586dfcedb661d13b6b9ba29ac991ccafc035?s=96&d=mm&r=g\",\"url\":\"https:\\\/\\\/secure.gravatar.com\\\/avatar\\\/60bf67293e186b9c834e31753dcc586dfcedb661d13b6b9ba29ac991ccafc035?s=96&d=mm&r=g\",\"contentUrl\":\"https:\\\/\\\/secure.gravatar.com\\\/avatar\\\/60bf67293e186b9c834e31753dcc586dfcedb661d13b6b9ba29ac991ccafc035?s=96&d=mm&r=g\",\"caption\":\"Infra\"},\"url\":\"https:\\\/\\\/www.ayadvogados.com.br\\\/?author=3\"}]}<\/script>\n<!-- \/ Yoast SEO plugin. -->","yoast_head_json":{"title":"Como Doar Parte do Imposto de Renda a Institui\u00e7\u00f5es de Caridade","description":"Como Doar Parte do Imposto de Renda a Institui\u00e7\u00f5es de Caridade. Fique conosco at\u00e9 o final deste artigo, pois vamos falar sobre a doa\u00e7\u00e3o...","robots":{"index":"index","follow":"follow","max-snippet":"max-snippet:-1","max-image-preview":"max-image-preview:large","max-video-preview":"max-video-preview:-1"},"canonical":"https:\/\/www.ayadvogados.com.br\/?p=3326","og_locale":"pt_BR","og_type":"article","og_title":"Como Doar Parte do Imposto de Renda a Institui\u00e7\u00f5es de Caridade","og_description":"Como Doar Parte do Imposto de Renda a Institui\u00e7\u00f5es de Caridade. Fique conosco at\u00e9 o final deste artigo, pois vamos falar sobre a doa\u00e7\u00e3o...","og_url":"https:\/\/www.ayadvogados.com.br\/?p=3326","og_site_name":"Amaral, Yazbek Advogados","article_publisher":"https:\/\/www.facebook.com\/AYadvogados","article_published_time":"2024-05-28T14:00:28+00:00","og_image":[{"width":1920,"height":1080,"url":"https:\/\/www.ayadvogados.com.br\/wp-content\/uploads\/2024\/05\/Banner-reels-copiar-3-1.png","type":"image\/png"}],"author":"Infra","twitter_card":"summary_large_image","twitter_misc":{"Escrito por":"Infra"},"schema":{"@context":"https:\/\/schema.org","@graph":[{"@type":"Article","@id":"https:\/\/www.ayadvogados.com.br\/?p=3326#article","isPartOf":{"@id":"https:\/\/www.ayadvogados.com.br\/?p=3326"},"author":{"name":"Infra","@id":"https:\/\/34.239.117.254\/#\/schema\/person\/6b9165a58758b048b8ea5a4fbd4ec3c4"},"headline":"Como Doar Parte do Imposto de Renda a Institui\u00e7\u00f5es de Caridade","datePublished":"2024-05-28T14:00:28+00:00","mainEntityOfPage":{"@id":"https:\/\/www.ayadvogados.com.br\/?p=3326"},"wordCount":447,"commentCount":0,"publisher":{"@id":"https:\/\/34.239.117.254\/#organization"},"image":{"@id":"https:\/\/www.ayadvogados.com.br\/?p=3326#primaryimage"},"thumbnailUrl":"https:\/\/www.ayadvogados.com.br\/wp-content\/uploads\/2024\/05\/Banner-reels-copiar-3-1.png","keywords":["amaral yazbek","dincast","dividas","nova forma de regularizar","receita federal","Reforma Tribut\u00e1ria"],"articleSection":["DINCast"],"inLanguage":"pt-BR","potentialAction":[{"@type":"CommentAction","name":"Comment","target":["https:\/\/www.ayadvogados.com.br\/?p=3326#respond"]}]},{"@type":"WebPage","@id":"https:\/\/www.ayadvogados.com.br\/?p=3326","url":"https:\/\/www.ayadvogados.com.br\/?p=3326","name":"Como Doar Parte do Imposto de Renda a Institui\u00e7\u00f5es de Caridade","isPartOf":{"@id":"https:\/\/34.239.117.254\/#website"},"primaryImageOfPage":{"@id":"https:\/\/www.ayadvogados.com.br\/?p=3326#primaryimage"},"image":{"@id":"https:\/\/www.ayadvogados.com.br\/?p=3326#primaryimage"},"thumbnailUrl":"https:\/\/www.ayadvogados.com.br\/wp-content\/uploads\/2024\/05\/Banner-reels-copiar-3-1.png","datePublished":"2024-05-28T14:00:28+00:00","description":"Como Doar Parte do Imposto de Renda a Institui\u00e7\u00f5es de Caridade. Fique conosco at\u00e9 o final deste artigo, pois vamos falar sobre a doa\u00e7\u00e3o...","breadcrumb":{"@id":"https:\/\/www.ayadvogados.com.br\/?p=3326#breadcrumb"},"inLanguage":"pt-BR","potentialAction":[{"@type":"ReadAction","target":["https:\/\/www.ayadvogados.com.br\/?p=3326"]}]},{"@type":"ImageObject","inLanguage":"pt-BR","@id":"https:\/\/www.ayadvogados.com.br\/?p=3326#primaryimage","url":"https:\/\/www.ayadvogados.com.br\/wp-content\/uploads\/2024\/05\/Banner-reels-copiar-3-1.png","contentUrl":"https:\/\/www.ayadvogados.com.br\/wp-content\/uploads\/2024\/05\/Banner-reels-copiar-3-1.png","width":1920,"height":1080,"caption":"Como Doar Parte do Imposto de Renda a Institui\u00e7\u00f5es de Caridade"},{"@type":"BreadcrumbList","@id":"https:\/\/www.ayadvogados.com.br\/?p=3326#breadcrumb","itemListElement":[{"@type":"ListItem","position":1,"name":"In\u00edcio","item":"https:\/\/34.239.117.254\/"},{"@type":"ListItem","position":2,"name":"Como Doar Parte do Imposto de Renda a Institui\u00e7\u00f5es de Caridade"}]},{"@type":"WebSite","@id":"https:\/\/34.239.117.254\/#website","url":"https:\/\/34.239.117.254\/","name":"Amaral, Yazbek Advogados","description":"Curitiba \u2022 Bras\u00edlia \u2022 S\u00e3o Paulo","publisher":{"@id":"https:\/\/34.239.117.254\/#organization"},"potentialAction":[{"@type":"SearchAction","target":{"@type":"EntryPoint","urlTemplate":"https:\/\/34.239.117.254\/?s={search_term_string}"},"query-input":{"@type":"PropertyValueSpecification","valueRequired":true,"valueName":"search_term_string"}}],"inLanguage":"pt-BR"},{"@type":"Organization","@id":"https:\/\/34.239.117.254\/#organization","name":"Amaral, Yazbek Advogados","url":"https:\/\/34.239.117.254\/","logo":{"@type":"ImageObject","inLanguage":"pt-BR","@id":"https:\/\/34.239.117.254\/#\/schema\/logo\/image\/","url":"http:\/\/34.239.117.254\/wp-content\/uploads\/2021\/03\/logo-ay-g.png","contentUrl":"http:\/\/34.239.117.254\/wp-content\/uploads\/2021\/03\/logo-ay-g.png","width":434,"height":106,"caption":"Amaral, Yazbek Advogados"},"image":{"@id":"https:\/\/34.239.117.254\/#\/schema\/logo\/image\/"},"sameAs":["https:\/\/www.facebook.com\/AYadvogados","https:\/\/www.instagram.com\/ayadvogados\/"]},{"@type":"Person","@id":"https:\/\/34.239.117.254\/#\/schema\/person\/6b9165a58758b048b8ea5a4fbd4ec3c4","name":"Infra","image":{"@type":"ImageObject","inLanguage":"pt-BR","@id":"https:\/\/secure.gravatar.com\/avatar\/60bf67293e186b9c834e31753dcc586dfcedb661d13b6b9ba29ac991ccafc035?s=96&d=mm&r=g","url":"https:\/\/secure.gravatar.com\/avatar\/60bf67293e186b9c834e31753dcc586dfcedb661d13b6b9ba29ac991ccafc035?s=96&d=mm&r=g","contentUrl":"https:\/\/secure.gravatar.com\/avatar\/60bf67293e186b9c834e31753dcc586dfcedb661d13b6b9ba29ac991ccafc035?s=96&d=mm&r=g","caption":"Infra"},"url":"https:\/\/www.ayadvogados.com.br\/?author=3"}]}},"rttpg_featured_image_url":{"full":["https:\/\/www.ayadvogados.com.br\/wp-content\/uploads\/2024\/05\/Banner-reels-copiar-3-1.png",1920,1080,false],"landscape":["https:\/\/www.ayadvogados.com.br\/wp-content\/uploads\/2024\/05\/Banner-reels-copiar-3-1.png",1920,1080,false],"portraits":["https:\/\/www.ayadvogados.com.br\/wp-content\/uploads\/2024\/05\/Banner-reels-copiar-3-1.png",1920,1080,false],"thumbnail":["https:\/\/www.ayadvogados.com.br\/wp-content\/uploads\/2024\/05\/Banner-reels-copiar-3-1-150x150.png",150,150,true],"medium":["https:\/\/www.ayadvogados.com.br\/wp-content\/uploads\/2024\/05\/Banner-reels-copiar-3-1-300x169.png",300,169,true],"large":["https:\/\/www.ayadvogados.com.br\/wp-content\/uploads\/2024\/05\/Banner-reels-copiar-3-1-1024x576.png",1024,576,true],"1536x1536":["https:\/\/www.ayadvogados.com.br\/wp-content\/uploads\/2024\/05\/Banner-reels-copiar-3-1-1536x864.png",1536,864,true],"2048x2048":["https:\/\/www.ayadvogados.com.br\/wp-content\/uploads\/2024\/05\/Banner-reels-copiar-3-1.png",1920,1080,false]},"rttpg_author":{"display_name":"Infra","author_link":"https:\/\/www.ayadvogados.com.br\/?author=3"},"rttpg_comment":0,"rttpg_category":"<a href=\"https:\/\/www.ayadvogados.com.br\/?cat=5\" rel=\"category\">DINCast<\/a>","rttpg_excerpt":"Como Doar Parte do Imposto de Renda a Institui\u00e7\u00f5es de Caridade Fique conosco at\u00e9 o final deste artigo, pois vamos falar sobre a doa\u00e7\u00e3o de parte do seu Imposto de Renda que iria para o governo. Em vez de pagar tudo ao governo, voc\u00ea pode direcionar uma parte para institui\u00e7\u00f5es de caridade que auxiliam crian\u00e7as&hellip;","_links":{"self":[{"href":"https:\/\/www.ayadvogados.com.br\/index.php?rest_route=\/wp\/v2\/posts\/3326","targetHints":{"allow":["GET"]}}],"collection":[{"href":"https:\/\/www.ayadvogados.com.br\/index.php?rest_route=\/wp\/v2\/posts"}],"about":[{"href":"https:\/\/www.ayadvogados.com.br\/index.php?rest_route=\/wp\/v2\/types\/post"}],"author":[{"embeddable":true,"href":"https:\/\/www.ayadvogados.com.br\/index.php?rest_route=\/wp\/v2\/users\/3"}],"replies":[{"embeddable":true,"href":"https:\/\/www.ayadvogados.com.br\/index.php?rest_route=%2Fwp%2Fv2%2Fcomments&post=3326"}],"version-history":[{"count":5,"href":"https:\/\/www.ayadvogados.com.br\/index.php?rest_route=\/wp\/v2\/posts\/3326\/revisions"}],"predecessor-version":[{"id":3332,"href":"https:\/\/www.ayadvogados.com.br\/index.php?rest_route=\/wp\/v2\/posts\/3326\/revisions\/3332"}],"wp:featuredmedia":[{"embeddable":true,"href":"https:\/\/www.ayadvogados.com.br\/index.php?rest_route=\/wp\/v2\/media\/3328"}],"wp:attachment":[{"href":"https:\/\/www.ayadvogados.com.br\/index.php?rest_route=%2Fwp%2Fv2%2Fmedia&parent=3326"}],"wp:term":[{"taxonomy":"category","embeddable":true,"href":"https:\/\/www.ayadvogados.com.br\/index.php?rest_route=%2Fwp%2Fv2%2Fcategories&post=3326"},{"taxonomy":"post_tag","embeddable":true,"href":"https:\/\/www.ayadvogados.com.br\/index.php?rest_route=%2Fwp%2Fv2%2Ftags&post=3326"}],"curies":[{"name":"wp","href":"https:\/\/api.w.org\/{rel}","templated":true}]}}