{"id":331,"date":"2021-02-26T11:59:00","date_gmt":"2021-02-26T14:59:00","guid":{"rendered":"http:\/\/34.239.117.254\/?p=331"},"modified":"2021-04-19T10:13:42","modified_gmt":"2021-04-19T13:13:42","slug":"toffoli-altera-voto-sobre-tributacao-de-herancas-e-doacao-de-bens-no-exterior","status":"publish","type":"post","link":"https:\/\/www.ayadvogados.com.br\/?p=331","title":{"rendered":"Toffoli altera voto sobre tributa\u00e7\u00e3o de heran\u00e7as e doa\u00e7\u00e3o de bens no exterior"},"content":{"rendered":"\n<p>O ministro Dias Toffoli mudou o seu voto em meio ao julgamento que discute a possibilidade de os Estados tributarem doa\u00e7\u00f5es e heran\u00e7as de bens no exterior &#8211; que se encerra hoje no Supremo Tribunal Federal (STF). Ele \u00e9 o relator da a\u00e7\u00e3o. Toffoli manteve posicionamento contra a cobran\u00e7a, mas mexeu na parte da chamada \u201cmodula\u00e7\u00e3o de efeitos\u201d. Esse novo voto piora a situa\u00e7\u00e3o para os Estados.<\/p>\n\n\n\n<p>Quando apresentou o voto pela primeira vez, dando in\u00edcio ao julgamento, Toffoli prop\u00f4s aos demais ministros que a decis\u00e3o tivesse efeitos somente para as transfer\u00eancias de bens que ocorrerem depois da publica\u00e7\u00e3o do ac\u00f3rd\u00e3o. Ou seja, o contribuinte, mesmo tendo raz\u00e3o, n\u00e3o poderia cobrar do Estado a devolu\u00e7\u00e3o de valores pagos.<\/p>\n\n\n\n<p>Esse posicionamento foi bastante criticado no meio jur\u00eddico. Advogados afirmam que poderia promover uma corrida dos Estados para realizar o m\u00e1ximo de cobran\u00e7as poss\u00edveis nessa janela de tempo. Al\u00e9m disso, dizem, serviria como incentivo para a edi\u00e7\u00e3o de leis inconstitucionais.<\/p>\n\n\n\n<p>Agora, em meio ao julgamento, Toffoli alterou o voto para fazer uma ressalva quanto aos contribuintes que t\u00eam a\u00e7\u00f5es judiciais em andamento contra a cobran\u00e7a. Nesses casos, para o relator, a modula\u00e7\u00e3o de efeitos n\u00e3o se aplicaria. Significa que o contribuinte ganharia a causa e ficaria liberado de pagar o ITCMD.<\/p>\n\n\n\n<p>Esse julgamento pode ser encerrado at\u00e9 a meia-noite de hoje. A discuss\u00e3o ocorre no Plen\u00e1rio Virtual. At\u00e9 a noite de ontem estavam liberados no sistema os votos de sete ministros: cinco contra a cobran\u00e7a e dois a favor. Como onze ministros integram o STF, seria necess\u00e1rio s\u00f3 mais um voto contra a cobran\u00e7a para a forma\u00e7\u00e3o da maioria.<\/p>\n\n\n\n<p>Dias Toffoli mexeu no voto para ajust\u00e1-lo \u00e0 proposta apresentada pelo ministro Lu\u00eds Roberto Barroso. Os ministros Edson Fachin e Rosa Weber concordaram o relator.<\/p>\n\n\n\n<p>Marco Aur\u00e9lio tamb\u00e9m votou contra a cobran\u00e7a, assim como os seus colegas, mas divergiu na parte da modula\u00e7\u00e3o. Para ele, como a cobran\u00e7a n\u00e3o poderia ter sido realizada pelos Estados, os contribuintes deveriam ter o direito de pedir os valores que foram pagos de forma indevida, tendo ou n\u00e3o a\u00e7\u00e3o judicial.<\/p>\n\n\n\n<p>J\u00e1 os ministros Alexandre de Moraes e C\u00e1rmen L\u00facia votaram para possibilitar a cobran\u00e7a de ITCMD sobre as doa\u00e7\u00f5es e heran\u00e7as de bens no exterior.<\/p>\n\n\n\n<p>Se o novo voto de Toffoli prevalecer, ser\u00e1 um baque para os Estados. S\u00e3o Paulo, por exemplo, prev\u00ea impacto de R$ 5,4 bilh\u00f5es &#8211; incluindo poss\u00edveis devolu\u00e7\u00f5es e o que deixaria de arrecadar. Existem pelo menos 200 processos no Estado aguardando essa decis\u00e3o do Supremo.<\/p>\n\n\n\n<p>Algumas dessas a\u00e7\u00f5es envolvem uma \u00fanica fam\u00edlia paulista, que, segundo a Procuradoria Geral do Estado (PGE), deixou de recolher R$ 2 bilh\u00f5es em impostos. Os herdeiros, toda vez que receberam doa\u00e7\u00f5es do patriarca, que reside no exterior, apresentaram mandados de seguran\u00e7a preventivos para evitar a cobran\u00e7a dos 4% de ITCMD. S\u00e3o 30 processos e R$ 46 bilh\u00f5es em doa\u00e7\u00f5es s\u00f3 nessa fam\u00edlia.<\/p>\n\n\n\n<p>H\u00e1 casos ainda, segundo a PGE, de fam\u00edlias que constituem empresas de fachada em para\u00edsos fiscais &#8211; Ilhas Virgens e Panam\u00e1 entre eles &#8211; com o \u00fanico objetivo de mandar o dinheiro para fora e, no retorno, como doa\u00e7\u00e3o, n\u00e3o pagar o imposto.<\/p>\n\n\n\n<p>\u201cSe o STF impedir que os Estados cobrem o ITCMD, essas transa\u00e7\u00f5es ser\u00e3o impulsionadas. As fam\u00edlias afortunadas e os grandes conglomerados n\u00e3o v\u00e3o mais pagar o imposto\u201d, diz ao Valor um dos procuradores do Grupo de Atua\u00e7\u00e3o Especial de Recupera\u00e7\u00e3o Fiscal, tratando o tema como sendo de justi\u00e7a fiscal.<\/p>\n\n\n\n<p>O processo no STF (RE 851108) foi ajuizado pela PGE de S\u00e3o Paulo, mas tem repercuss\u00e3o geral. Dos 27 Estados, 22 t\u00eam normas para tributar as doa\u00e7\u00f5es ou heran\u00e7as de bens localizados no exterior. A discuss\u00e3o \u00e9 saber se o imposto tem que ser institu\u00eddo, obrigatoriamente, por lei complementar federal ou se os governos podem, por meio de normas pr\u00f3prias, estabelecer a cobran\u00e7a.<\/p>\n\n\n\n<p>A a\u00e7\u00e3o que est\u00e1 em an\u00e1lise no Plen\u00e1rio Virtual envolve a advogada Vanessa Andreatta. A PGE contesta decis\u00e3o do Tribunal de Justi\u00e7a de S\u00e3o Paulo que afastou a incid\u00eancia do ITCMS sobre uma heran\u00e7a que ela recebeu do pai, residente da It\u00e1lia.<\/p>\n\n\n\n<p>Ela v\u00ea como positiva a altera\u00e7\u00e3o no voto do relator, mas, ainda assim, n\u00e3o concorda com a modula\u00e7\u00e3o de efeitos. \u201cPremia a atua\u00e7\u00e3o ilegal e inconstitucional por parte dos Estados e cria um arriscado precedente.\u201d&nbsp;<\/p>\n\n\n\n<p>Fonte: <a href=\"http:\/\/O%20ministro%20Dias%20Toffoli%20mudou%20o%20seu%20voto%20em%20meio%20ao%20julgamento%20que%20discute%20a%20possibilidade%20de%20os%20Estados%20tributarem%20doa%C3%A7%C3%B5es%20e%20heran%C3%A7as%20de%20bens%20no%20exterior%20-%20que%20se%20encerra%20hoje%20no%20Supremo%20Tribunal%20Federal%20(STF).%20Ele%20%C3%A9%20o%20relator%20da%20a%C3%A7%C3%A3o.%20Toffoli%20manteve%20posicionamento%20contra%20a%20cobran%C3%A7a,%20mas%20mexeu%20na%20parte%20da%20chamada%20%E2%80%9Cmodula%C3%A7%C3%A3o%20de%20efeitos%E2%80%9D.%20Esse%20novo%20voto%20piora%20a%20situa%C3%A7%C3%A3o%20para%20os%20Estados.%20%20Quando%20apresentou%20o%20voto%20pela%20primeira%20vez,%20dando%20in%C3%ADcio%20ao%20julgamento,%20Toffoli%20prop%C3%B4s%20aos%20demais%20ministros%20que%20a%20decis%C3%A3o%20tivesse%20efeitos%20somente%20para%20as%20transfer%C3%AAncias%20de%20bens%20que%20ocorrerem%20depois%20da%20publica%C3%A7%C3%A3o%20do%20ac%C3%B3rd%C3%A3o.%20Ou%20seja,%20o%20contribuinte,%20mesmo%20tendo%20raz%C3%A3o,%20n%C3%A3o%20poderia%20cobrar%20do%20Estado%20a%20devolu%C3%A7%C3%A3o%20de%20valores%20pagos.%20%20%20Esse%20posicionamento%20foi%20bastante%20criticado%20no%20meio%20jur%C3%ADdico.%20Advogados%20afirmam%20que%20poderia%20promover%20uma%20corrida%20dos%20Estados%20para%20realizar%20o%20m%C3%A1ximo%20de%20cobran%C3%A7as%20poss%C3%ADveis%20nessa%20janela%20de%20tempo.%20Al%C3%A9m%20disso,%20dizem,%20serviria%20como%20incentivo%20para%20a%20edi%C3%A7%C3%A3o%20de%20leis%20inconstitucionais.%20%20Agora,%20em%20meio%20ao%20julgamento,%20Toffoli%20alterou%20o%20voto%20para%20fazer%20uma%20ressalva%20quanto%20aos%20contribuintes%20que%20t%C3%AAm%20a%C3%A7%C3%B5es%20judiciais%20em%20andamento%20contra%20a%20cobran%C3%A7a.%20Nesses%20casos,%20para%20o%20relator,%20a%20modula%C3%A7%C3%A3o%20de%20efeitos%20n%C3%A3o%20se%20aplicaria.%20Significa%20que%20o%20contribuinte%20ganharia%20a%20causa%20e%20ficaria%20liberado%20de%20pagar%20o%20ITCMD.%20%20Esse%20julgamento%20pode%20ser%20encerrado%20at%C3%A9%20a%20meia-noite%20de%20hoje.%20A%20discuss%C3%A3o%20ocorre%20no%20Plen%C3%A1rio%20Virtual.%20At%C3%A9%20a%20noite%20de%20ontem%20estavam%20liberados%20no%20sistema%20os%20votos%20de%20sete%20ministros:%20cinco%20contra%20a%20cobran%C3%A7a%20e%20dois%20a%20favor.%20Como%20onze%20ministros%20integram%20o%20STF,%20seria%20necess%C3%A1rio%20s%C3%B3%20mais%20um%20voto%20contra%20a%20cobran%C3%A7a%20para%20a%20forma%C3%A7%C3%A3o%20da%20maioria.%20%20Dias%20Toffoli%20mexeu%20no%20voto%20para%20ajust%C3%A1-lo%20%C3%A0%20proposta%20apresentada%20pelo%20ministro%20Lu%C3%ADs%20Roberto%20Barroso.%20Os%20ministros%20Edson%20Fachin%20e%20Rosa%20Weber%20concordaram%20o%20relator.%20%20Marco%20Aur%C3%A9lio%20tamb%C3%A9m%20votou%20contra%20a%20cobran%C3%A7a,%20assim%20como%20os%20seus%20colegas,%20mas%20divergiu%20na%20parte%20da%20modula%C3%A7%C3%A3o.%20Para%20ele,%20como%20a%20cobran%C3%A7a%20n%C3%A3o%20poderia%20ter%20sido%20realizada%20pelos%20Estados,%20os%20contribuintes%20deveriam%20ter%20o%20direito%20de%20pedir%20os%20valores%20que%20foram%20pagos%20de%20forma%20indevida,%20tendo%20ou%20n%C3%A3o%20a%C3%A7%C3%A3o%20judicial.%20%20%20J%C3%A1%20os%20ministros%20Alexandre%20de%20Moraes%20e%20C%C3%A1rmen%20L%C3%BAcia%20votaram%20para%20possibilitar%20a%20cobran%C3%A7a%20de%20ITCMD%20sobre%20as%20doa%C3%A7%C3%B5es%20e%20heran%C3%A7as%20de%20bens%20no%20exterior.%20%20Se%20o%20novo%20voto%20de%20Toffoli%20prevalecer,%20ser%C3%A1%20um%20baque%20para%20os%20Estados.%20S%C3%A3o%20Paulo,%20por%20exemplo,%20prev%C3%AA%20impacto%20de%20R$%205,4%20bilh%C3%B5es%20-%20incluindo%20poss%C3%ADveis%20devolu%C3%A7%C3%B5es%20e%20o%20que%20deixaria%20de%20arrecadar.%20Existem%20pelo%20menos%20200%20processos%20no%20Estado%20aguardando%20essa%20decis%C3%A3o%20do%20Supremo.%20%20Algumas%20dessas%20a%C3%A7%C3%B5es%20envolvem%20uma%20%C3%BAnica%20fam%C3%ADlia%20paulista,%20que,%20segundo%20a%20Procuradoria%20Geral%20do%20Estado%20(PGE),%20deixou%20de%20recolher%20R$%202%20bilh%C3%B5es%20em%20impostos.%20Os%20herdeiros,%20toda%20vez%20que%20receberam%20doa%C3%A7%C3%B5es%20do%20patriarca,%20que%20reside%20no%20exterior,%20apresentaram%20mandados%20de%20seguran%C3%A7a%20preventivos%20para%20evitar%20a%20cobran%C3%A7a%20dos%204%%20de%20ITCMD.%20S%C3%A3o%2030%20processos%20e%20R$%2046%20bilh%C3%B5es%20em%20doa%C3%A7%C3%B5es%20s%C3%B3%20nessa%20fam%C3%ADlia.%20%20H%C3%A1%20casos%20ainda,%20segundo%20a%20PGE,%20de%20fam%C3%ADlias%20que%20constituem%20empresas%20de%20fachada%20em%20para%C3%ADsos%20fiscais%20-%20Ilhas%20Virgens%20e%20Panam%C3%A1%20entre%20eles%20-%20com%20o%20%C3%BAnico%20objetivo%20de%20mandar%20o%20dinheiro%20para%20fora%20e,%20no%20retorno,%20como%20doa%C3%A7%C3%A3o,%20n%C3%A3o%20pagar%20o%20imposto.%20%20%E2%80%9CSe%20o%20STF%20impedir%20que%20os%20Estados%20cobrem%20o%20ITCMD,%20essas%20transa%C3%A7%C3%B5es%20ser%C3%A3o%20impulsionadas.%20As%20fam%C3%ADlias%20afortunadas%20e%20os%20grandes%20conglomerados%20n%C3%A3o%20v%C3%A3o%20mais%20pagar%20o%20imposto%E2%80%9D,%20diz%20ao%20Valor%20um%20dos%20procuradores%20do%20Grupo%20de%20Atua%C3%A7%C3%A3o%20Especial%20de%20Recupera%C3%A7%C3%A3o%20Fiscal,%20tratando%20o%20tema%20como%20sendo%20de%20justi%C3%A7a%20fiscal.%20%20O%20processo%20no%20STF%20(RE%20851108)%20foi%20ajuizado%20pela%20PGE%20de%20S%C3%A3o%20Paulo,%20mas%20tem%20repercuss%C3%A3o%20geral.%20Dos%2027%20Estados,%2022%20t%C3%AAm%20normas%20para%20tributar%20as%20doa%C3%A7%C3%B5es%20ou%20heran%C3%A7as%20de%20bens%20localizados%20no%20exterior.%20A%20discuss%C3%A3o%20%C3%A9%20saber%20se%20o%20imposto%20tem%20que%20ser%20institu%C3%ADdo,%20obrigatoriamente,%20por%20lei%20complementar%20federal%20ou%20se%20os%20governos%20podem,%20por%20meio%20de%20normas%20pr%C3%B3prias,%20estabelecer%20a%20cobran%C3%A7a.%20%20A%20a%C3%A7%C3%A3o%20que%20est%C3%A1%20em%20an%C3%A1lise%20no%20Plen%C3%A1rio%20Virtual%20envolve%20a%20advogada%20Vanessa%20Andreatta.%20A%20PGE%20contesta%20decis%C3%A3o%20do%20Tribunal%20de%20Justi%C3%A7a%20de%20S%C3%A3o%20Paulo%20que%20afastou%20a%20incid%C3%AAncia%20do%20ITCMS%20sobre%20uma%20heran%C3%A7a%20que%20ela%20recebeu%20do%20pai,%20residente%20da%20It%C3%A1lia.%20%20%20Ela%20v%C3%AA%20como%20positiva%20a%20altera%C3%A7%C3%A3o%20no%20voto%20do%20relator,%20mas,%20ainda%20assim,%20n%C3%A3o%20concorda%20com%20a%20modula%C3%A7%C3%A3o%20de%20efeitos.%20%E2%80%9CPremia%20a%20atua%C3%A7%C3%A3o%20ilegal%20e%20inconstitucional%20por%20parte%20dos%20Estados%20e%20cria%20um%20arriscado%20precedente.%E2%80%9D\/\">Valor<\/a><\/p>\n\n\n\n<p>A Amaral, Yazbek, OAB\/PR 762, possui 35 anos de experi\u00eancia auxiliando empresas a transformar a tributa\u00e7\u00e3o em lucro. Entre em contato com um dos s\u00f3cios para agendamento de reuni\u00e3o em caso de d\u00favidas.<\/p>\n\n\n\n<p>Contato: 41 3595-8300 ou pelo nosso WhatsApp 41 99567-5696<\/p>\n\n\n\n<p>Av. C\u00e2ndido Hartmann, 50 \u2013 Bigorrilho | Curitiba-PR<\/p>\n\n\n\n<p>Assine nossa Newsletter e fique por dentro das novidades!<\/p>\n\n\n\n<p>Quer receber seu exemplar da revista Governan\u00e7a Jur\u00eddica? Clique <a href=\"http:\/\/ayadvogados.com.br\/revista\">aqui<\/a>&nbsp;e pe\u00e7a a sua.<\/p>\n\n\n\n<p>Nos acompanhe nas redes sociais: <a href=\"https:\/\/www.facebook.com\/amaral.yazbek\">Facebook<\/a>&nbsp;| <a href=\"https:\/\/www.instagram.com\/amaral.yazbek\/\">Instagram<\/a> | <a href=\"https:\/\/www.linkedin.com\/company\/3357082\/admin\/\">Linkedin<\/a><\/p>\n\n\n\n<p>J\u00e1 conhece o canal Direito da Intelig\u00eancia de Neg\u00f3cios? <a href=\"https:\/\/www.youtube.com\/channel\/UCu2Mpu32ht8DEN8OFRXYMyw\">Inscreva-se j\u00e1<\/a><\/p>\n","protected":false},"excerpt":{"rendered":"<p>O ministro Dias Toffoli mudou o seu voto em meio ao julgamento que discute a possibilidade de os Estados tributarem doa\u00e7\u00f5es e heran\u00e7as de bens no exterior &#8211; que se encerra hoje no Supremo Tribunal Federal (STF). Ele \u00e9 o relator da a\u00e7\u00e3o. Toffoli manteve posicionamento contra a cobran\u00e7a, mas mexeu na parte da chamada [&hellip;]<\/p>\n","protected":false},"author":3,"featured_media":797,"comment_status":"open","ping_status":"open","sticky":false,"template":"","format":"standard","meta":{"footnotes":""},"categories":[1],"tags":[],"class_list":["post-331","post","type-post","status-publish","format-standard","has-post-thumbnail","hentry","category-noticia-do-dia"],"blocksy_meta":{"styles_descriptor":{"styles":{"desktop":"","tablet":"","mobile":""},"google_fonts":[],"version":6}},"yoast_head":"<!-- This site is optimized with the Yoast SEO plugin v27.5 - https:\/\/yoast.com\/product\/yoast-seo-wordpress\/ -->\n<title>Toffoli altera voto sobre tributa\u00e7\u00e3o de heran\u00e7as e doa\u00e7\u00e3o de bens no exterior - Amaral, Yazbek Advogados<\/title>\n<meta name=\"robots\" content=\"index, follow, max-snippet:-1, max-image-preview:large, max-video-preview:-1\" \/>\n<link rel=\"canonical\" href=\"https:\/\/www.ayadvogados.com.br\/?p=331\" \/>\n<meta property=\"og:locale\" content=\"pt_BR\" \/>\n<meta property=\"og:type\" content=\"article\" \/>\n<meta property=\"og:title\" content=\"Toffoli altera voto sobre tributa\u00e7\u00e3o de heran\u00e7as e doa\u00e7\u00e3o de bens no exterior - Amaral, Yazbek Advogados\" \/>\n<meta property=\"og:description\" content=\"O ministro Dias Toffoli mudou o seu voto em meio ao julgamento que discute a possibilidade de os Estados tributarem doa\u00e7\u00f5es e heran\u00e7as de bens no exterior &#8211; que se encerra hoje no Supremo Tribunal Federal (STF). Ele \u00e9 o relator da a\u00e7\u00e3o. Toffoli manteve posicionamento contra a cobran\u00e7a, mas mexeu na parte da chamada [&hellip;]\" \/>\n<meta property=\"og:url\" content=\"https:\/\/www.ayadvogados.com.br\/?p=331\" \/>\n<meta property=\"og:site_name\" content=\"Amaral, Yazbek Advogados\" \/>\n<meta property=\"article:publisher\" content=\"https:\/\/www.facebook.com\/AYadvogados\" \/>\n<meta property=\"article:published_time\" content=\"2021-02-26T14:59:00+00:00\" \/>\n<meta property=\"article:modified_time\" content=\"2021-04-19T13:13:42+00:00\" \/>\n<meta property=\"og:image\" content=\"https:\/\/www.ayadvogados.com.br\/wp-content\/uploads\/2021\/02\/6b486cdda09a4ec288760d272b6f6bd8.png\" \/>\n\t<meta property=\"og:image:width\" content=\"1000\" \/>\n\t<meta property=\"og:image:height\" content=\"620\" \/>\n\t<meta property=\"og:image:type\" content=\"image\/png\" \/>\n<meta name=\"author\" content=\"Infra\" \/>\n<meta name=\"twitter:card\" content=\"summary_large_image\" \/>\n<meta name=\"twitter:label1\" content=\"Escrito por\" \/>\n\t<meta name=\"twitter:data1\" content=\"Infra\" \/>\n\t<meta name=\"twitter:label2\" content=\"Est. tempo de leitura\" \/>\n\t<meta name=\"twitter:data2\" content=\"4 minutos\" \/>\n<script type=\"application\/ld+json\" class=\"yoast-schema-graph\">{\"@context\":\"https:\\\/\\\/schema.org\",\"@graph\":[{\"@type\":\"Article\",\"@id\":\"https:\\\/\\\/www.ayadvogados.com.br\\\/?p=331#article\",\"isPartOf\":{\"@id\":\"https:\\\/\\\/www.ayadvogados.com.br\\\/?p=331\"},\"author\":{\"name\":\"Infra\",\"@id\":\"https:\\\/\\\/www.34.239.117.254.sslip.io\\\/#\\\/schema\\\/person\\\/6b9165a58758b048b8ea5a4fbd4ec3c4\"},\"headline\":\"Toffoli altera voto sobre tributa\u00e7\u00e3o de heran\u00e7as e doa\u00e7\u00e3o de bens no exterior\",\"datePublished\":\"2021-02-26T14:59:00+00:00\",\"dateModified\":\"2021-04-19T13:13:42+00:00\",\"mainEntityOfPage\":{\"@id\":\"https:\\\/\\\/www.ayadvogados.com.br\\\/?p=331\"},\"wordCount\":910,\"commentCount\":0,\"publisher\":{\"@id\":\"https:\\\/\\\/www.34.239.117.254.sslip.io\\\/#organization\"},\"image\":{\"@id\":\"https:\\\/\\\/www.ayadvogados.com.br\\\/?p=331#primaryimage\"},\"thumbnailUrl\":\"https:\\\/\\\/www.ayadvogados.com.br\\\/wp-content\\\/uploads\\\/2021\\\/02\\\/6b486cdda09a4ec288760d272b6f6bd8.png\",\"articleSection\":[\"Not\u00edcia do Dia\"],\"inLanguage\":\"pt-BR\",\"potentialAction\":[{\"@type\":\"CommentAction\",\"name\":\"Comment\",\"target\":[\"https:\\\/\\\/www.ayadvogados.com.br\\\/?p=331#respond\"]}]},{\"@type\":\"WebPage\",\"@id\":\"https:\\\/\\\/www.ayadvogados.com.br\\\/?p=331\",\"url\":\"https:\\\/\\\/www.ayadvogados.com.br\\\/?p=331\",\"name\":\"Toffoli altera voto sobre tributa\u00e7\u00e3o de heran\u00e7as e doa\u00e7\u00e3o de bens no exterior - Amaral, Yazbek Advogados\",\"isPartOf\":{\"@id\":\"https:\\\/\\\/www.34.239.117.254.sslip.io\\\/#website\"},\"primaryImageOfPage\":{\"@id\":\"https:\\\/\\\/www.ayadvogados.com.br\\\/?p=331#primaryimage\"},\"image\":{\"@id\":\"https:\\\/\\\/www.ayadvogados.com.br\\\/?p=331#primaryimage\"},\"thumbnailUrl\":\"https:\\\/\\\/www.ayadvogados.com.br\\\/wp-content\\\/uploads\\\/2021\\\/02\\\/6b486cdda09a4ec288760d272b6f6bd8.png\",\"datePublished\":\"2021-02-26T14:59:00+00:00\",\"dateModified\":\"2021-04-19T13:13:42+00:00\",\"breadcrumb\":{\"@id\":\"https:\\\/\\\/www.ayadvogados.com.br\\\/?p=331#breadcrumb\"},\"inLanguage\":\"pt-BR\",\"potentialAction\":[{\"@type\":\"ReadAction\",\"target\":[\"https:\\\/\\\/www.ayadvogados.com.br\\\/?p=331\"]}]},{\"@type\":\"ImageObject\",\"inLanguage\":\"pt-BR\",\"@id\":\"https:\\\/\\\/www.ayadvogados.com.br\\\/?p=331#primaryimage\",\"url\":\"https:\\\/\\\/www.ayadvogados.com.br\\\/wp-content\\\/uploads\\\/2021\\\/02\\\/6b486cdda09a4ec288760d272b6f6bd8.png\",\"contentUrl\":\"https:\\\/\\\/www.ayadvogados.com.br\\\/wp-content\\\/uploads\\\/2021\\\/02\\\/6b486cdda09a4ec288760d272b6f6bd8.png\",\"width\":1000,\"height\":620},{\"@type\":\"BreadcrumbList\",\"@id\":\"https:\\\/\\\/www.ayadvogados.com.br\\\/?p=331#breadcrumb\",\"itemListElement\":[{\"@type\":\"ListItem\",\"position\":1,\"name\":\"In\u00edcio\",\"item\":\"https:\\\/\\\/www.34.239.117.254.sslip.io\\\/\"},{\"@type\":\"ListItem\",\"position\":2,\"name\":\"Toffoli altera voto sobre tributa\u00e7\u00e3o de heran\u00e7as e doa\u00e7\u00e3o de bens no exterior\"}]},{\"@type\":\"WebSite\",\"@id\":\"https:\\\/\\\/www.34.239.117.254.sslip.io\\\/#website\",\"url\":\"https:\\\/\\\/www.34.239.117.254.sslip.io\\\/\",\"name\":\"Amaral, Yazbek Advogados\",\"description\":\"Curitiba \u2022 Bras\u00edlia \u2022 S\u00e3o Paulo\",\"publisher\":{\"@id\":\"https:\\\/\\\/www.34.239.117.254.sslip.io\\\/#organization\"},\"potentialAction\":[{\"@type\":\"SearchAction\",\"target\":{\"@type\":\"EntryPoint\",\"urlTemplate\":\"https:\\\/\\\/www.34.239.117.254.sslip.io\\\/?s={search_term_string}\"},\"query-input\":{\"@type\":\"PropertyValueSpecification\",\"valueRequired\":true,\"valueName\":\"search_term_string\"}}],\"inLanguage\":\"pt-BR\"},{\"@type\":\"Organization\",\"@id\":\"https:\\\/\\\/www.34.239.117.254.sslip.io\\\/#organization\",\"name\":\"Amaral, Yazbek Advogados\",\"url\":\"https:\\\/\\\/www.34.239.117.254.sslip.io\\\/\",\"logo\":{\"@type\":\"ImageObject\",\"inLanguage\":\"pt-BR\",\"@id\":\"https:\\\/\\\/www.34.239.117.254.sslip.io\\\/#\\\/schema\\\/logo\\\/image\\\/\",\"url\":\"http:\\\/\\\/34.239.117.254\\\/wp-content\\\/uploads\\\/2021\\\/03\\\/logo-ay-g.png\",\"contentUrl\":\"http:\\\/\\\/34.239.117.254\\\/wp-content\\\/uploads\\\/2021\\\/03\\\/logo-ay-g.png\",\"width\":434,\"height\":106,\"caption\":\"Amaral, Yazbek Advogados\"},\"image\":{\"@id\":\"https:\\\/\\\/www.34.239.117.254.sslip.io\\\/#\\\/schema\\\/logo\\\/image\\\/\"},\"sameAs\":[\"https:\\\/\\\/www.facebook.com\\\/AYadvogados\",\"https:\\\/\\\/www.instagram.com\\\/ayadvogados\\\/\"]},{\"@type\":\"Person\",\"@id\":\"https:\\\/\\\/www.34.239.117.254.sslip.io\\\/#\\\/schema\\\/person\\\/6b9165a58758b048b8ea5a4fbd4ec3c4\",\"name\":\"Infra\",\"image\":{\"@type\":\"ImageObject\",\"inLanguage\":\"pt-BR\",\"@id\":\"https:\\\/\\\/secure.gravatar.com\\\/avatar\\\/60bf67293e186b9c834e31753dcc586dfcedb661d13b6b9ba29ac991ccafc035?s=96&d=mm&r=g\",\"url\":\"https:\\\/\\\/secure.gravatar.com\\\/avatar\\\/60bf67293e186b9c834e31753dcc586dfcedb661d13b6b9ba29ac991ccafc035?s=96&d=mm&r=g\",\"contentUrl\":\"https:\\\/\\\/secure.gravatar.com\\\/avatar\\\/60bf67293e186b9c834e31753dcc586dfcedb661d13b6b9ba29ac991ccafc035?s=96&d=mm&r=g\",\"caption\":\"Infra\"},\"url\":\"https:\\\/\\\/www.ayadvogados.com.br\\\/?author=3\"}]}<\/script>\n<!-- \/ Yoast SEO plugin. -->","yoast_head_json":{"title":"Toffoli altera voto sobre tributa\u00e7\u00e3o de heran\u00e7as e doa\u00e7\u00e3o de bens no exterior - Amaral, Yazbek Advogados","robots":{"index":"index","follow":"follow","max-snippet":"max-snippet:-1","max-image-preview":"max-image-preview:large","max-video-preview":"max-video-preview:-1"},"canonical":"https:\/\/www.ayadvogados.com.br\/?p=331","og_locale":"pt_BR","og_type":"article","og_title":"Toffoli altera voto sobre tributa\u00e7\u00e3o de heran\u00e7as e doa\u00e7\u00e3o de bens no exterior - Amaral, Yazbek Advogados","og_description":"O ministro Dias Toffoli mudou o seu voto em meio ao julgamento que discute a possibilidade de os Estados tributarem doa\u00e7\u00f5es e heran\u00e7as de bens no exterior &#8211; que se encerra hoje no Supremo Tribunal Federal (STF). Ele \u00e9 o relator da a\u00e7\u00e3o. Toffoli manteve posicionamento contra a cobran\u00e7a, mas mexeu na parte da chamada [&hellip;]","og_url":"https:\/\/www.ayadvogados.com.br\/?p=331","og_site_name":"Amaral, Yazbek Advogados","article_publisher":"https:\/\/www.facebook.com\/AYadvogados","article_published_time":"2021-02-26T14:59:00+00:00","article_modified_time":"2021-04-19T13:13:42+00:00","og_image":[{"width":1000,"height":620,"url":"https:\/\/www.ayadvogados.com.br\/wp-content\/uploads\/2021\/02\/6b486cdda09a4ec288760d272b6f6bd8.png","type":"image\/png"}],"author":"Infra","twitter_card":"summary_large_image","twitter_misc":{"Escrito por":"Infra","Est. tempo de leitura":"4 minutos"},"schema":{"@context":"https:\/\/schema.org","@graph":[{"@type":"Article","@id":"https:\/\/www.ayadvogados.com.br\/?p=331#article","isPartOf":{"@id":"https:\/\/www.ayadvogados.com.br\/?p=331"},"author":{"name":"Infra","@id":"https:\/\/www.34.239.117.254.sslip.io\/#\/schema\/person\/6b9165a58758b048b8ea5a4fbd4ec3c4"},"headline":"Toffoli altera voto sobre tributa\u00e7\u00e3o de heran\u00e7as e doa\u00e7\u00e3o de bens no exterior","datePublished":"2021-02-26T14:59:00+00:00","dateModified":"2021-04-19T13:13:42+00:00","mainEntityOfPage":{"@id":"https:\/\/www.ayadvogados.com.br\/?p=331"},"wordCount":910,"commentCount":0,"publisher":{"@id":"https:\/\/www.34.239.117.254.sslip.io\/#organization"},"image":{"@id":"https:\/\/www.ayadvogados.com.br\/?p=331#primaryimage"},"thumbnailUrl":"https:\/\/www.ayadvogados.com.br\/wp-content\/uploads\/2021\/02\/6b486cdda09a4ec288760d272b6f6bd8.png","articleSection":["Not\u00edcia do Dia"],"inLanguage":"pt-BR","potentialAction":[{"@type":"CommentAction","name":"Comment","target":["https:\/\/www.ayadvogados.com.br\/?p=331#respond"]}]},{"@type":"WebPage","@id":"https:\/\/www.ayadvogados.com.br\/?p=331","url":"https:\/\/www.ayadvogados.com.br\/?p=331","name":"Toffoli altera voto sobre tributa\u00e7\u00e3o de heran\u00e7as e doa\u00e7\u00e3o de bens no exterior - Amaral, Yazbek Advogados","isPartOf":{"@id":"https:\/\/www.34.239.117.254.sslip.io\/#website"},"primaryImageOfPage":{"@id":"https:\/\/www.ayadvogados.com.br\/?p=331#primaryimage"},"image":{"@id":"https:\/\/www.ayadvogados.com.br\/?p=331#primaryimage"},"thumbnailUrl":"https:\/\/www.ayadvogados.com.br\/wp-content\/uploads\/2021\/02\/6b486cdda09a4ec288760d272b6f6bd8.png","datePublished":"2021-02-26T14:59:00+00:00","dateModified":"2021-04-19T13:13:42+00:00","breadcrumb":{"@id":"https:\/\/www.ayadvogados.com.br\/?p=331#breadcrumb"},"inLanguage":"pt-BR","potentialAction":[{"@type":"ReadAction","target":["https:\/\/www.ayadvogados.com.br\/?p=331"]}]},{"@type":"ImageObject","inLanguage":"pt-BR","@id":"https:\/\/www.ayadvogados.com.br\/?p=331#primaryimage","url":"https:\/\/www.ayadvogados.com.br\/wp-content\/uploads\/2021\/02\/6b486cdda09a4ec288760d272b6f6bd8.png","contentUrl":"https:\/\/www.ayadvogados.com.br\/wp-content\/uploads\/2021\/02\/6b486cdda09a4ec288760d272b6f6bd8.png","width":1000,"height":620},{"@type":"BreadcrumbList","@id":"https:\/\/www.ayadvogados.com.br\/?p=331#breadcrumb","itemListElement":[{"@type":"ListItem","position":1,"name":"In\u00edcio","item":"https:\/\/www.34.239.117.254.sslip.io\/"},{"@type":"ListItem","position":2,"name":"Toffoli altera voto sobre tributa\u00e7\u00e3o de heran\u00e7as e doa\u00e7\u00e3o de bens no exterior"}]},{"@type":"WebSite","@id":"https:\/\/www.34.239.117.254.sslip.io\/#website","url":"https:\/\/www.34.239.117.254.sslip.io\/","name":"Amaral, Yazbek Advogados","description":"Curitiba \u2022 Bras\u00edlia \u2022 S\u00e3o Paulo","publisher":{"@id":"https:\/\/www.34.239.117.254.sslip.io\/#organization"},"potentialAction":[{"@type":"SearchAction","target":{"@type":"EntryPoint","urlTemplate":"https:\/\/www.34.239.117.254.sslip.io\/?s={search_term_string}"},"query-input":{"@type":"PropertyValueSpecification","valueRequired":true,"valueName":"search_term_string"}}],"inLanguage":"pt-BR"},{"@type":"Organization","@id":"https:\/\/www.34.239.117.254.sslip.io\/#organization","name":"Amaral, Yazbek Advogados","url":"https:\/\/www.34.239.117.254.sslip.io\/","logo":{"@type":"ImageObject","inLanguage":"pt-BR","@id":"https:\/\/www.34.239.117.254.sslip.io\/#\/schema\/logo\/image\/","url":"http:\/\/34.239.117.254\/wp-content\/uploads\/2021\/03\/logo-ay-g.png","contentUrl":"http:\/\/34.239.117.254\/wp-content\/uploads\/2021\/03\/logo-ay-g.png","width":434,"height":106,"caption":"Amaral, Yazbek Advogados"},"image":{"@id":"https:\/\/www.34.239.117.254.sslip.io\/#\/schema\/logo\/image\/"},"sameAs":["https:\/\/www.facebook.com\/AYadvogados","https:\/\/www.instagram.com\/ayadvogados\/"]},{"@type":"Person","@id":"https:\/\/www.34.239.117.254.sslip.io\/#\/schema\/person\/6b9165a58758b048b8ea5a4fbd4ec3c4","name":"Infra","image":{"@type":"ImageObject","inLanguage":"pt-BR","@id":"https:\/\/secure.gravatar.com\/avatar\/60bf67293e186b9c834e31753dcc586dfcedb661d13b6b9ba29ac991ccafc035?s=96&d=mm&r=g","url":"https:\/\/secure.gravatar.com\/avatar\/60bf67293e186b9c834e31753dcc586dfcedb661d13b6b9ba29ac991ccafc035?s=96&d=mm&r=g","contentUrl":"https:\/\/secure.gravatar.com\/avatar\/60bf67293e186b9c834e31753dcc586dfcedb661d13b6b9ba29ac991ccafc035?s=96&d=mm&r=g","caption":"Infra"},"url":"https:\/\/www.ayadvogados.com.br\/?author=3"}]}},"rttpg_featured_image_url":{"full":["https:\/\/www.ayadvogados.com.br\/wp-content\/uploads\/2021\/02\/6b486cdda09a4ec288760d272b6f6bd8.png",1000,620,false],"landscape":["https:\/\/www.ayadvogados.com.br\/wp-content\/uploads\/2021\/02\/6b486cdda09a4ec288760d272b6f6bd8.png",1000,620,false],"portraits":["https:\/\/www.ayadvogados.com.br\/wp-content\/uploads\/2021\/02\/6b486cdda09a4ec288760d272b6f6bd8.png",1000,620,false],"thumbnail":["https:\/\/www.ayadvogados.com.br\/wp-content\/uploads\/2021\/02\/6b486cdda09a4ec288760d272b6f6bd8-150x150.png",150,150,true],"medium":["https:\/\/www.ayadvogados.com.br\/wp-content\/uploads\/2021\/02\/6b486cdda09a4ec288760d272b6f6bd8-300x186.png",300,186,true],"large":["https:\/\/www.ayadvogados.com.br\/wp-content\/uploads\/2021\/02\/6b486cdda09a4ec288760d272b6f6bd8.png",1000,620,false],"1536x1536":["https:\/\/www.ayadvogados.com.br\/wp-content\/uploads\/2021\/02\/6b486cdda09a4ec288760d272b6f6bd8.png",1000,620,false],"2048x2048":["https:\/\/www.ayadvogados.com.br\/wp-content\/uploads\/2021\/02\/6b486cdda09a4ec288760d272b6f6bd8.png",1000,620,false]},"rttpg_author":{"display_name":"Infra","author_link":"https:\/\/www.ayadvogados.com.br\/?author=3"},"rttpg_comment":0,"rttpg_category":"<a href=\"https:\/\/www.ayadvogados.com.br\/?cat=1\" rel=\"category\">Not\u00edcia do Dia<\/a>","rttpg_excerpt":"O ministro Dias Toffoli mudou o seu voto em meio ao julgamento que discute a possibilidade de os Estados tributarem doa\u00e7\u00f5es e heran\u00e7as de bens no exterior &#8211; que se encerra hoje no Supremo Tribunal Federal (STF). Ele \u00e9 o relator da a\u00e7\u00e3o. Toffoli manteve posicionamento contra a cobran\u00e7a, mas mexeu na parte da chamada&hellip;","_links":{"self":[{"href":"https:\/\/www.ayadvogados.com.br\/index.php?rest_route=\/wp\/v2\/posts\/331","targetHints":{"allow":["GET"]}}],"collection":[{"href":"https:\/\/www.ayadvogados.com.br\/index.php?rest_route=\/wp\/v2\/posts"}],"about":[{"href":"https:\/\/www.ayadvogados.com.br\/index.php?rest_route=\/wp\/v2\/types\/post"}],"author":[{"embeddable":true,"href":"https:\/\/www.ayadvogados.com.br\/index.php?rest_route=\/wp\/v2\/users\/3"}],"replies":[{"embeddable":true,"href":"https:\/\/www.ayadvogados.com.br\/index.php?rest_route=%2Fwp%2Fv2%2Fcomments&post=331"}],"version-history":[{"count":1,"href":"https:\/\/www.ayadvogados.com.br\/index.php?rest_route=\/wp\/v2\/posts\/331\/revisions"}],"predecessor-version":[{"id":332,"href":"https:\/\/www.ayadvogados.com.br\/index.php?rest_route=\/wp\/v2\/posts\/331\/revisions\/332"}],"wp:featuredmedia":[{"embeddable":true,"href":"https:\/\/www.ayadvogados.com.br\/index.php?rest_route=\/wp\/v2\/media\/797"}],"wp:attachment":[{"href":"https:\/\/www.ayadvogados.com.br\/index.php?rest_route=%2Fwp%2Fv2%2Fmedia&parent=331"}],"wp:term":[{"taxonomy":"category","embeddable":true,"href":"https:\/\/www.ayadvogados.com.br\/index.php?rest_route=%2Fwp%2Fv2%2Fcategories&post=331"},{"taxonomy":"post_tag","embeddable":true,"href":"https:\/\/www.ayadvogados.com.br\/index.php?rest_route=%2Fwp%2Fv2%2Ftags&post=331"}],"curies":[{"name":"wp","href":"https:\/\/api.w.org\/{rel}","templated":true}]}}