{"id":3309,"date":"2024-05-14T13:41:58","date_gmt":"2024-05-14T16:41:58","guid":{"rendered":"http:\/\/34.239.117.254\/?p=3309"},"modified":"2024-05-14T15:27:59","modified_gmt":"2024-05-14T18:27:59","slug":"parana-lanca-programa-de-regularizacao-de-dividas-tributarias-e-nao-tributarias","status":"publish","type":"post","link":"https:\/\/www.ayadvogados.com.br\/?p=3309","title":{"rendered":"Paran\u00e1 lan\u00e7a programa de regulariza\u00e7\u00e3o de d\u00edvidas tribut\u00e1rias e n\u00e3o tribut\u00e1rias"},"content":{"rendered":"\n<p><strong>Paran\u00e1 lan\u00e7a programa de regulariza\u00e7\u00e3o de d\u00edvidas tribut\u00e1rias e n\u00e3o tribut\u00e1rias<\/strong><\/p>\n\n\n\n<p>No epis\u00f3dio de hoje, a Dra. T\u00e1via Lorenzo Mota, advogada da equipe da Amaral, Yazbek Advogados. Expressa nossas sinceras condol\u00eancias \u00e0s v\u00edtimas das recentes enchentes no Rio Grande do Sul. Reconhecemos o qu\u00e3o devastadoras essas situa\u00e7\u00f5es podem ser e nossos pensamentos est\u00e3o com todas as pessoas afetadas por essa trag\u00e9dia. \u00c9 um momento dif\u00edcil para muitos, e esperamos que a solidariedade e o apoio m\u00fatuo possam trazer algum conforto nesse momento de adversidade.<\/p>\n\n\n\n<p>Hoje, trago informa\u00e7\u00f5es importantes sobre as condi\u00e7\u00f5es de parcelamento reabertas pelo Decreto Estadual do Paran\u00e1 n\u00ba 5471, datado de 11 de abril de 2024. Essa \u00e9 uma not\u00edcia relevante tanto para pessoas f\u00edsicas quanto para empresas, ent\u00e3o, fiquem atentos!<\/p>\n\n\n\n<p>Vamos direto ao ponto. Os tributos contemplados no parcelamento por esse decreto s\u00e3o o ICMS, o ICMS-ST e o ITCMD, tanto aqueles j\u00e1 constitu\u00eddos quanto os que ainda n\u00e3o foram, inscritos ou n\u00e3o em d\u00edvida ativa, ajuizados ou n\u00e3o. E uma boa not\u00edcia \u00e9 que ele permite a migra\u00e7\u00e3o de parcelamentos anteriores, referentes a fatos ocorridos at\u00e9 31 de julho de 2023.<\/p>\n\n\n\n<p>Agora, sobre os pagamentos, h\u00e1 algumas op\u00e7\u00f5es interessantes:<\/p>\n\n\n\n<ol class=\"wp-block-list\">\n<li>Parcela \u00fanica com uma redu\u00e7\u00e3o incr\u00edvel de 80% dos juros e da multa;<\/li>\n\n\n\n<li>Parcelamento em at\u00e9 60 vezes, com redu\u00e7\u00e3o de 70% dos juros e da multa;<\/li>\n\n\n\n<li>Parcelamento em at\u00e9 120 vezes, com redu\u00e7\u00e3o de 60% dos juros e da multa;<\/li>\n\n\n\n<li>Parcelamento em at\u00e9 180 vezes, com redu\u00e7\u00e3o de 50% dos juros e da multa.<\/li>\n<\/ol>\n\n\n\n<p>A consolida\u00e7\u00e3o do parcelamento ocorre no ato da ades\u00e3o, com todos os acr\u00e9scimos legais. \u00c9 importante mencionar que ser\u00e1 necess\u00e1ria a confiss\u00e3o espont\u00e2nea dos d\u00e9bitos. Os honor\u00e1rios devidos ao Estado ser\u00e3o aqueles fixados nas execu\u00e7\u00f5es fiscais e poder\u00e3o ser parcelados perante a PGE ou \u00e0 Caixa Especial de Sucumb\u00eancia. As multas do artigo 55, par\u00e1grafo 1\u00ba, da Lei 11580\/1996 tamb\u00e9m est\u00e3o inclu\u00eddas. E o melhor: n\u00e3o \u00e9 necess\u00e1rio oferecer garantias, mas as existentes ser\u00e3o mantidas.<\/p>\n\n\n\n<p>H\u00e1 ainda a possibilidade de inclus\u00e3o parcial\/decomposi\u00e7\u00e3o dos d\u00e9bitos, sendo necess\u00e1rio informar esta op\u00e7\u00e3o at\u00e9 2 de setembro de 2024. Para d\u00edvidas ativas, \u00e9 crucial solicitar a emiss\u00e3o do Termo de Regulariza\u00e7\u00e3o de Parcelamento (TRP) at\u00e9 \u00e0s 18h00 do dia 20 de setembro de 2024, acompanhado da documenta\u00e7\u00e3o comprobat\u00f3ria do cumprimento dos requisitos previstos no Decreto, \u00e0 Procuradoria Geral do Estado &#8211; PGE, pelos canais de atendimento ou por meio de e-protocolo.<\/p>\n\n\n\n<p>Um ponto importante diz respeito ao uso de precat\u00f3rios: apenas para quem optar pelo parcelamento em 60 vezes, ser\u00e1 poss\u00edvel quitar parcialmente atrav\u00e9s dessa via, com at\u00e9 95% postergado para a \u00faltima parcela e os restantes 5% divididos em 59 vezes.<\/p>\n\n\n\n<p>E quanto aos prazos, a ades\u00e3o pode ser feita at\u00e9 26 de setembro de 2024, \u00e0s 18h00, atrav\u00e9s do endere\u00e7o eletr\u00f4nico <a href=\"http:\/\/www.fazenda.pr.gov.br\">www.fazenda.pr.gov.br<\/a> para parcelamentos. N\u00e3o se esque\u00e7am de indicar o que desejam parcelar e de realizar o pagamento da primeira parcela at\u00e9 o \u00faltimo dia \u00fatil do m\u00eas da ades\u00e3o. Quando o pagamento for \u00e0 vista, o prazo de ades\u00e3o vai at\u00e9 30 de setembro de 2024.<\/p>\n\n\n\n<p>Por fim, importante observar que o programa tamb\u00e9m inclui regulariza\u00e7\u00e3o de d\u00edvidas n\u00e3o tribut\u00e1rias, que envolve, principalmente, multas emitidas pela Secretaria da Fazenda. Para as d\u00edvidas n\u00e3o tribut\u00e1rias, as redu\u00e7\u00f5es incidem somente sobre os encargos morat\u00f3rios, com percentuais de 80% para pagamento em parcela \u00fanica, 70% para parcelamentos em at\u00e9 60 meses, e 60% para parcelamentos em at\u00e9 120 meses. Os juros aplicados sobre o principal e a multa ser\u00e3o equivalentes \u00e0 taxa referencial da Selic, acumulada mensalmente.<\/p>\n\n\n\n<p>Espero que essas informa\u00e7\u00f5es tenham sido \u00fateis para voc\u00eas. Fiquem atentos aos prazos e \u00e0s condi\u00e7\u00f5es, e aproveitem essa oportunidade de regulariza\u00e7\u00e3o fiscal no Estado do Paran\u00e1. At\u00e9 a pr\u00f3xima!<\/p>\n\n\n\n<p><\/p>\n\n\n\n<figure class=\"wp-block-embed is-type-rich is-provider-spotify wp-block-embed-spotify wp-embed-aspect-21-9 wp-has-aspect-ratio\"><div class=\"wp-block-embed__wrapper\">\nhttps:\/\/open.spotify.com\/episode\/2La2sMUvjgGxFKTb3ABsWG?si=b1eb8bfc864b464e\n<\/div><\/figure>\n\n\n\n<hr class=\"wp-block-separator has-text-color has-palette-color-1-color has-css-opacity has-palette-color-1-background-color has-background is-style-dots\"\/>\n\n\n\n<div class=\"wp-block-group has-palette-color-6-background-color has-background is-layout-flow wp-block-group-is-layout-flow\">\n<p style=\"font-size:0.8em\">A Amaral,\u00a0Yazbek, OAB\/PR 762, possui 36 anos de experi\u00eancia auxiliando empresas a transformar a tributa\u00e7\u00e3o em lucro. Entre em contato com um dos s\u00f3cios para agendamento de reuni\u00e3o em caso de d\u00favidas.\u00a0\u00a0\u00a0<\/p>\n\n\n\n<p style=\"font-size:0.8em\">Contato: 41 3595-8300 ou pelo nosso WhatsApp 41 99567-5696\u00a0\u00a0\u00a0<\/p>\n\n\n\n<p style=\"font-size:0.8em\">Av. C\u00e2ndido Hartmann, 50 \u2013\u00a0Bigorrilho\u00a0| Curitiba-PR\u00a0\u00a0\u00a0<\/p>\n\n\n\n<p style=\"font-size:0.8em\">Assine nossa <a href=\"http:\/\/ayadvogados.com.br\/contato\/\">Newsletter<\/a> e fique por dentro das novidades!\u00a0\u00a0\u00a0<\/p>\n\n\n\n<p style=\"font-size:0.8em\">Quer receber seu exemplar da revista Governan\u00e7a Jur\u00eddica? <a href=\"http:\/\/ayadvogados.com.br\/revista\/\" data-type=\"page\" data-id=\"68\">Clique\u00a0aqui\u00a0e pe\u00e7a a sua<\/a>.\u00a0\u00a0\u00a0<\/p>\n\n\n\n<p style=\"font-size:0.8em\">Nos acompanhe nas redes sociais:\u00a0<a href=\"https:\/\/www.facebook.com\/AYadvogados\">Facebook<\/a>\u00a0|\u00a0<a href=\"https:\/\/www.instagram.com\/ayadvogados\/\">Instagram<\/a>\u00a0|\u00a0<a href=\"https:\/\/www.linkedin.com\/company\/amaral-yazbek-advogados\">Linkedin<\/a>\u00a0<\/p>\n\n\n\n<p style=\"font-size:0.8em\">J\u00e1 conhece o canal Direito da Intelig\u00eancia de Neg\u00f3cios?\u00a0<a href=\"https:\/\/www.youtube.com\/channel\/UCu2Mpu32ht8DEN8OFRXYMyw\">Inscreva-se j\u00e1<\/a><\/p>\n<\/div>\n","protected":false},"excerpt":{"rendered":"<p>Paran\u00e1 lan\u00e7a programa de regulariza\u00e7\u00e3o de d\u00edvidas tribut\u00e1rias e n\u00e3o tribut\u00e1rias No epis\u00f3dio de hoje, a Dra. T\u00e1via Lorenzo Mota, advogada da equipe da Amaral, Yazbek Advogados. Expressa nossas sinceras condol\u00eancias \u00e0s v\u00edtimas das recentes enchentes no Rio Grande do Sul. Reconhecemos o qu\u00e3o devastadoras essas situa\u00e7\u00f5es podem ser e nossos pensamentos est\u00e3o com todas [&hellip;]<\/p>\n","protected":false},"author":3,"featured_media":3311,"comment_status":"open","ping_status":"open","sticky":false,"template":"","format":"standard","meta":{"footnotes":""},"categories":[5],"tags":[9,10,123,124,45,96],"class_list":["post-3309","post","type-post","status-publish","format-standard","has-post-thumbnail","hentry","category-dincast","tag-amaral-yazbek","tag-dincast","tag-dividas","tag-nova-forma-de-regularizar","tag-receita-federal","tag-reforma-tributaria"],"blocksy_meta":{"styles_descriptor":{"styles":{"desktop":"","tablet":"","mobile":""},"google_fonts":[],"version":6}},"yoast_head":"<!-- This site is optimized with the Yoast SEO plugin v27.5 - https:\/\/yoast.com\/product\/yoast-seo-wordpress\/ -->\n<title>Paran\u00e1 lan\u00e7a programa de regulariza\u00e7\u00e3o de d\u00edvidas tribut\u00e1rias e n\u00e3o tribut\u00e1rias<\/title>\n<meta name=\"description\" content=\"Paran\u00e1 lan\u00e7a programa de regulariza\u00e7\u00e3o de d\u00edvidas tribut\u00e1rias e n\u00e3o tribut\u00e1rias. importantes sobre as condi\u00e7\u00f5es de parcelamento reabertas...\" \/>\n<meta name=\"robots\" content=\"index, follow, max-snippet:-1, max-image-preview:large, max-video-preview:-1\" \/>\n<link rel=\"canonical\" href=\"https:\/\/www.ayadvogados.com.br\/?p=3309\" \/>\n<meta property=\"og:locale\" content=\"pt_BR\" \/>\n<meta property=\"og:type\" content=\"article\" \/>\n<meta property=\"og:title\" content=\"Paran\u00e1 lan\u00e7a programa de regulariza\u00e7\u00e3o de d\u00edvidas tribut\u00e1rias e n\u00e3o tribut\u00e1rias\" \/>\n<meta property=\"og:description\" content=\"Paran\u00e1 lan\u00e7a programa de regulariza\u00e7\u00e3o de d\u00edvidas tribut\u00e1rias e n\u00e3o tribut\u00e1rias. importantes sobre as condi\u00e7\u00f5es de parcelamento reabertas...\" \/>\n<meta property=\"og:url\" content=\"https:\/\/www.ayadvogados.com.br\/?p=3309\" \/>\n<meta property=\"og:site_name\" content=\"Amaral, Yazbek Advogados\" \/>\n<meta property=\"article:publisher\" content=\"https:\/\/www.facebook.com\/AYadvogados\" \/>\n<meta property=\"article:published_time\" content=\"2024-05-14T16:41:58+00:00\" \/>\n<meta property=\"article:modified_time\" content=\"2024-05-14T18:27:59+00:00\" \/>\n<meta property=\"og:image\" content=\"https:\/\/www.ayadvogados.com.br\/wp-content\/uploads\/2024\/05\/Banner-reels-copiar-5.png\" \/>\n\t<meta property=\"og:image:width\" content=\"1920\" \/>\n\t<meta property=\"og:image:height\" content=\"1080\" \/>\n\t<meta property=\"og:image:type\" content=\"image\/png\" \/>\n<meta name=\"author\" content=\"Infra\" \/>\n<meta name=\"twitter:card\" content=\"summary_large_image\" \/>\n<meta name=\"twitter:label1\" content=\"Escrito por\" \/>\n\t<meta name=\"twitter:data1\" content=\"Infra\" \/>\n\t<meta name=\"twitter:label2\" content=\"Est. tempo de leitura\" \/>\n\t<meta name=\"twitter:data2\" content=\"4 minutos\" \/>\n<script type=\"application\/ld+json\" class=\"yoast-schema-graph\">{\"@context\":\"https:\\\/\\\/schema.org\",\"@graph\":[{\"@type\":\"Article\",\"@id\":\"https:\\\/\\\/www.ayadvogados.com.br\\\/?p=3309#article\",\"isPartOf\":{\"@id\":\"https:\\\/\\\/www.ayadvogados.com.br\\\/?p=3309\"},\"author\":{\"name\":\"Infra\",\"@id\":\"https:\\\/\\\/34.239.117.254\\\/#\\\/schema\\\/person\\\/6b9165a58758b048b8ea5a4fbd4ec3c4\"},\"headline\":\"Paran\u00e1 lan\u00e7a programa de regulariza\u00e7\u00e3o de d\u00edvidas tribut\u00e1rias e n\u00e3o tribut\u00e1rias\",\"datePublished\":\"2024-05-14T16:41:58+00:00\",\"dateModified\":\"2024-05-14T18:27:59+00:00\",\"mainEntityOfPage\":{\"@id\":\"https:\\\/\\\/www.ayadvogados.com.br\\\/?p=3309\"},\"wordCount\":697,\"commentCount\":0,\"publisher\":{\"@id\":\"https:\\\/\\\/34.239.117.254\\\/#organization\"},\"image\":{\"@id\":\"https:\\\/\\\/www.ayadvogados.com.br\\\/?p=3309#primaryimage\"},\"thumbnailUrl\":\"https:\\\/\\\/www.ayadvogados.com.br\\\/wp-content\\\/uploads\\\/2024\\\/05\\\/Banner-reels-copiar-5.png\",\"keywords\":[\"amaral yazbek\",\"dincast\",\"dividas\",\"nova forma de regularizar\",\"receita federal\",\"Reforma Tribut\u00e1ria\"],\"articleSection\":[\"DINCast\"],\"inLanguage\":\"pt-BR\",\"potentialAction\":[{\"@type\":\"CommentAction\",\"name\":\"Comment\",\"target\":[\"https:\\\/\\\/www.ayadvogados.com.br\\\/?p=3309#respond\"]}]},{\"@type\":\"WebPage\",\"@id\":\"https:\\\/\\\/www.ayadvogados.com.br\\\/?p=3309\",\"url\":\"https:\\\/\\\/www.ayadvogados.com.br\\\/?p=3309\",\"name\":\"Paran\u00e1 lan\u00e7a programa de regulariza\u00e7\u00e3o de d\u00edvidas tribut\u00e1rias e n\u00e3o tribut\u00e1rias\",\"isPartOf\":{\"@id\":\"https:\\\/\\\/34.239.117.254\\\/#website\"},\"primaryImageOfPage\":{\"@id\":\"https:\\\/\\\/www.ayadvogados.com.br\\\/?p=3309#primaryimage\"},\"image\":{\"@id\":\"https:\\\/\\\/www.ayadvogados.com.br\\\/?p=3309#primaryimage\"},\"thumbnailUrl\":\"https:\\\/\\\/www.ayadvogados.com.br\\\/wp-content\\\/uploads\\\/2024\\\/05\\\/Banner-reels-copiar-5.png\",\"datePublished\":\"2024-05-14T16:41:58+00:00\",\"dateModified\":\"2024-05-14T18:27:59+00:00\",\"description\":\"Paran\u00e1 lan\u00e7a programa de regulariza\u00e7\u00e3o de d\u00edvidas tribut\u00e1rias e n\u00e3o tribut\u00e1rias. importantes sobre as condi\u00e7\u00f5es de parcelamento reabertas...\",\"breadcrumb\":{\"@id\":\"https:\\\/\\\/www.ayadvogados.com.br\\\/?p=3309#breadcrumb\"},\"inLanguage\":\"pt-BR\",\"potentialAction\":[{\"@type\":\"ReadAction\",\"target\":[\"https:\\\/\\\/www.ayadvogados.com.br\\\/?p=3309\"]}]},{\"@type\":\"ImageObject\",\"inLanguage\":\"pt-BR\",\"@id\":\"https:\\\/\\\/www.ayadvogados.com.br\\\/?p=3309#primaryimage\",\"url\":\"https:\\\/\\\/www.ayadvogados.com.br\\\/wp-content\\\/uploads\\\/2024\\\/05\\\/Banner-reels-copiar-5.png\",\"contentUrl\":\"https:\\\/\\\/www.ayadvogados.com.br\\\/wp-content\\\/uploads\\\/2024\\\/05\\\/Banner-reels-copiar-5.png\",\"width\":1920,\"height\":1080},{\"@type\":\"BreadcrumbList\",\"@id\":\"https:\\\/\\\/www.ayadvogados.com.br\\\/?p=3309#breadcrumb\",\"itemListElement\":[{\"@type\":\"ListItem\",\"position\":1,\"name\":\"In\u00edcio\",\"item\":\"https:\\\/\\\/34.239.117.254\\\/\"},{\"@type\":\"ListItem\",\"position\":2,\"name\":\"Paran\u00e1 lan\u00e7a programa de regulariza\u00e7\u00e3o de d\u00edvidas tribut\u00e1rias e n\u00e3o tribut\u00e1rias\"}]},{\"@type\":\"WebSite\",\"@id\":\"https:\\\/\\\/34.239.117.254\\\/#website\",\"url\":\"https:\\\/\\\/34.239.117.254\\\/\",\"name\":\"Amaral, Yazbek Advogados\",\"description\":\"Curitiba \u2022 Bras\u00edlia \u2022 S\u00e3o Paulo\",\"publisher\":{\"@id\":\"https:\\\/\\\/34.239.117.254\\\/#organization\"},\"potentialAction\":[{\"@type\":\"SearchAction\",\"target\":{\"@type\":\"EntryPoint\",\"urlTemplate\":\"https:\\\/\\\/34.239.117.254\\\/?s={search_term_string}\"},\"query-input\":{\"@type\":\"PropertyValueSpecification\",\"valueRequired\":true,\"valueName\":\"search_term_string\"}}],\"inLanguage\":\"pt-BR\"},{\"@type\":\"Organization\",\"@id\":\"https:\\\/\\\/34.239.117.254\\\/#organization\",\"name\":\"Amaral, Yazbek Advogados\",\"url\":\"https:\\\/\\\/34.239.117.254\\\/\",\"logo\":{\"@type\":\"ImageObject\",\"inLanguage\":\"pt-BR\",\"@id\":\"https:\\\/\\\/34.239.117.254\\\/#\\\/schema\\\/logo\\\/image\\\/\",\"url\":\"http:\\\/\\\/34.239.117.254\\\/wp-content\\\/uploads\\\/2021\\\/03\\\/logo-ay-g.png\",\"contentUrl\":\"http:\\\/\\\/34.239.117.254\\\/wp-content\\\/uploads\\\/2021\\\/03\\\/logo-ay-g.png\",\"width\":434,\"height\":106,\"caption\":\"Amaral, Yazbek Advogados\"},\"image\":{\"@id\":\"https:\\\/\\\/34.239.117.254\\\/#\\\/schema\\\/logo\\\/image\\\/\"},\"sameAs\":[\"https:\\\/\\\/www.facebook.com\\\/AYadvogados\",\"https:\\\/\\\/www.instagram.com\\\/ayadvogados\\\/\"]},{\"@type\":\"Person\",\"@id\":\"https:\\\/\\\/34.239.117.254\\\/#\\\/schema\\\/person\\\/6b9165a58758b048b8ea5a4fbd4ec3c4\",\"name\":\"Infra\",\"image\":{\"@type\":\"ImageObject\",\"inLanguage\":\"pt-BR\",\"@id\":\"https:\\\/\\\/secure.gravatar.com\\\/avatar\\\/60bf67293e186b9c834e31753dcc586dfcedb661d13b6b9ba29ac991ccafc035?s=96&d=mm&r=g\",\"url\":\"https:\\\/\\\/secure.gravatar.com\\\/avatar\\\/60bf67293e186b9c834e31753dcc586dfcedb661d13b6b9ba29ac991ccafc035?s=96&d=mm&r=g\",\"contentUrl\":\"https:\\\/\\\/secure.gravatar.com\\\/avatar\\\/60bf67293e186b9c834e31753dcc586dfcedb661d13b6b9ba29ac991ccafc035?s=96&d=mm&r=g\",\"caption\":\"Infra\"},\"url\":\"https:\\\/\\\/www.ayadvogados.com.br\\\/?author=3\"}]}<\/script>\n<!-- \/ Yoast SEO plugin. -->","yoast_head_json":{"title":"Paran\u00e1 lan\u00e7a programa de regulariza\u00e7\u00e3o de d\u00edvidas tribut\u00e1rias e n\u00e3o tribut\u00e1rias","description":"Paran\u00e1 lan\u00e7a programa de regulariza\u00e7\u00e3o de d\u00edvidas tribut\u00e1rias e n\u00e3o tribut\u00e1rias. importantes sobre as condi\u00e7\u00f5es de parcelamento reabertas...","robots":{"index":"index","follow":"follow","max-snippet":"max-snippet:-1","max-image-preview":"max-image-preview:large","max-video-preview":"max-video-preview:-1"},"canonical":"https:\/\/www.ayadvogados.com.br\/?p=3309","og_locale":"pt_BR","og_type":"article","og_title":"Paran\u00e1 lan\u00e7a programa de regulariza\u00e7\u00e3o de d\u00edvidas tribut\u00e1rias e n\u00e3o tribut\u00e1rias","og_description":"Paran\u00e1 lan\u00e7a programa de regulariza\u00e7\u00e3o de d\u00edvidas tribut\u00e1rias e n\u00e3o tribut\u00e1rias. importantes sobre as condi\u00e7\u00f5es de parcelamento reabertas...","og_url":"https:\/\/www.ayadvogados.com.br\/?p=3309","og_site_name":"Amaral, Yazbek Advogados","article_publisher":"https:\/\/www.facebook.com\/AYadvogados","article_published_time":"2024-05-14T16:41:58+00:00","article_modified_time":"2024-05-14T18:27:59+00:00","og_image":[{"width":1920,"height":1080,"url":"https:\/\/www.ayadvogados.com.br\/wp-content\/uploads\/2024\/05\/Banner-reels-copiar-5.png","type":"image\/png"}],"author":"Infra","twitter_card":"summary_large_image","twitter_misc":{"Escrito por":"Infra","Est. tempo de leitura":"4 minutos"},"schema":{"@context":"https:\/\/schema.org","@graph":[{"@type":"Article","@id":"https:\/\/www.ayadvogados.com.br\/?p=3309#article","isPartOf":{"@id":"https:\/\/www.ayadvogados.com.br\/?p=3309"},"author":{"name":"Infra","@id":"https:\/\/34.239.117.254\/#\/schema\/person\/6b9165a58758b048b8ea5a4fbd4ec3c4"},"headline":"Paran\u00e1 lan\u00e7a programa de regulariza\u00e7\u00e3o de d\u00edvidas tribut\u00e1rias e n\u00e3o tribut\u00e1rias","datePublished":"2024-05-14T16:41:58+00:00","dateModified":"2024-05-14T18:27:59+00:00","mainEntityOfPage":{"@id":"https:\/\/www.ayadvogados.com.br\/?p=3309"},"wordCount":697,"commentCount":0,"publisher":{"@id":"https:\/\/34.239.117.254\/#organization"},"image":{"@id":"https:\/\/www.ayadvogados.com.br\/?p=3309#primaryimage"},"thumbnailUrl":"https:\/\/www.ayadvogados.com.br\/wp-content\/uploads\/2024\/05\/Banner-reels-copiar-5.png","keywords":["amaral yazbek","dincast","dividas","nova forma de regularizar","receita federal","Reforma Tribut\u00e1ria"],"articleSection":["DINCast"],"inLanguage":"pt-BR","potentialAction":[{"@type":"CommentAction","name":"Comment","target":["https:\/\/www.ayadvogados.com.br\/?p=3309#respond"]}]},{"@type":"WebPage","@id":"https:\/\/www.ayadvogados.com.br\/?p=3309","url":"https:\/\/www.ayadvogados.com.br\/?p=3309","name":"Paran\u00e1 lan\u00e7a programa de regulariza\u00e7\u00e3o de d\u00edvidas tribut\u00e1rias e n\u00e3o tribut\u00e1rias","isPartOf":{"@id":"https:\/\/34.239.117.254\/#website"},"primaryImageOfPage":{"@id":"https:\/\/www.ayadvogados.com.br\/?p=3309#primaryimage"},"image":{"@id":"https:\/\/www.ayadvogados.com.br\/?p=3309#primaryimage"},"thumbnailUrl":"https:\/\/www.ayadvogados.com.br\/wp-content\/uploads\/2024\/05\/Banner-reels-copiar-5.png","datePublished":"2024-05-14T16:41:58+00:00","dateModified":"2024-05-14T18:27:59+00:00","description":"Paran\u00e1 lan\u00e7a programa de regulariza\u00e7\u00e3o de d\u00edvidas tribut\u00e1rias e n\u00e3o tribut\u00e1rias. importantes sobre as condi\u00e7\u00f5es de parcelamento reabertas...","breadcrumb":{"@id":"https:\/\/www.ayadvogados.com.br\/?p=3309#breadcrumb"},"inLanguage":"pt-BR","potentialAction":[{"@type":"ReadAction","target":["https:\/\/www.ayadvogados.com.br\/?p=3309"]}]},{"@type":"ImageObject","inLanguage":"pt-BR","@id":"https:\/\/www.ayadvogados.com.br\/?p=3309#primaryimage","url":"https:\/\/www.ayadvogados.com.br\/wp-content\/uploads\/2024\/05\/Banner-reels-copiar-5.png","contentUrl":"https:\/\/www.ayadvogados.com.br\/wp-content\/uploads\/2024\/05\/Banner-reels-copiar-5.png","width":1920,"height":1080},{"@type":"BreadcrumbList","@id":"https:\/\/www.ayadvogados.com.br\/?p=3309#breadcrumb","itemListElement":[{"@type":"ListItem","position":1,"name":"In\u00edcio","item":"https:\/\/34.239.117.254\/"},{"@type":"ListItem","position":2,"name":"Paran\u00e1 lan\u00e7a programa de regulariza\u00e7\u00e3o de d\u00edvidas tribut\u00e1rias e n\u00e3o tribut\u00e1rias"}]},{"@type":"WebSite","@id":"https:\/\/34.239.117.254\/#website","url":"https:\/\/34.239.117.254\/","name":"Amaral, Yazbek Advogados","description":"Curitiba \u2022 Bras\u00edlia \u2022 S\u00e3o Paulo","publisher":{"@id":"https:\/\/34.239.117.254\/#organization"},"potentialAction":[{"@type":"SearchAction","target":{"@type":"EntryPoint","urlTemplate":"https:\/\/34.239.117.254\/?s={search_term_string}"},"query-input":{"@type":"PropertyValueSpecification","valueRequired":true,"valueName":"search_term_string"}}],"inLanguage":"pt-BR"},{"@type":"Organization","@id":"https:\/\/34.239.117.254\/#organization","name":"Amaral, Yazbek Advogados","url":"https:\/\/34.239.117.254\/","logo":{"@type":"ImageObject","inLanguage":"pt-BR","@id":"https:\/\/34.239.117.254\/#\/schema\/logo\/image\/","url":"http:\/\/34.239.117.254\/wp-content\/uploads\/2021\/03\/logo-ay-g.png","contentUrl":"http:\/\/34.239.117.254\/wp-content\/uploads\/2021\/03\/logo-ay-g.png","width":434,"height":106,"caption":"Amaral, Yazbek Advogados"},"image":{"@id":"https:\/\/34.239.117.254\/#\/schema\/logo\/image\/"},"sameAs":["https:\/\/www.facebook.com\/AYadvogados","https:\/\/www.instagram.com\/ayadvogados\/"]},{"@type":"Person","@id":"https:\/\/34.239.117.254\/#\/schema\/person\/6b9165a58758b048b8ea5a4fbd4ec3c4","name":"Infra","image":{"@type":"ImageObject","inLanguage":"pt-BR","@id":"https:\/\/secure.gravatar.com\/avatar\/60bf67293e186b9c834e31753dcc586dfcedb661d13b6b9ba29ac991ccafc035?s=96&d=mm&r=g","url":"https:\/\/secure.gravatar.com\/avatar\/60bf67293e186b9c834e31753dcc586dfcedb661d13b6b9ba29ac991ccafc035?s=96&d=mm&r=g","contentUrl":"https:\/\/secure.gravatar.com\/avatar\/60bf67293e186b9c834e31753dcc586dfcedb661d13b6b9ba29ac991ccafc035?s=96&d=mm&r=g","caption":"Infra"},"url":"https:\/\/www.ayadvogados.com.br\/?author=3"}]}},"rttpg_featured_image_url":{"full":["https:\/\/www.ayadvogados.com.br\/wp-content\/uploads\/2024\/05\/Banner-reels-copiar-5.png",1920,1080,false],"landscape":["https:\/\/www.ayadvogados.com.br\/wp-content\/uploads\/2024\/05\/Banner-reels-copiar-5.png",1920,1080,false],"portraits":["https:\/\/www.ayadvogados.com.br\/wp-content\/uploads\/2024\/05\/Banner-reels-copiar-5.png",1920,1080,false],"thumbnail":["https:\/\/www.ayadvogados.com.br\/wp-content\/uploads\/2024\/05\/Banner-reels-copiar-5-150x150.png",150,150,true],"medium":["https:\/\/www.ayadvogados.com.br\/wp-content\/uploads\/2024\/05\/Banner-reels-copiar-5-300x169.png",300,169,true],"large":["https:\/\/www.ayadvogados.com.br\/wp-content\/uploads\/2024\/05\/Banner-reels-copiar-5-1024x576.png",1024,576,true],"1536x1536":["https:\/\/www.ayadvogados.com.br\/wp-content\/uploads\/2024\/05\/Banner-reels-copiar-5-1536x864.png",1536,864,true],"2048x2048":["https:\/\/www.ayadvogados.com.br\/wp-content\/uploads\/2024\/05\/Banner-reels-copiar-5.png",1920,1080,false]},"rttpg_author":{"display_name":"Infra","author_link":"https:\/\/www.ayadvogados.com.br\/?author=3"},"rttpg_comment":0,"rttpg_category":"<a href=\"https:\/\/www.ayadvogados.com.br\/?cat=5\" rel=\"category\">DINCast<\/a>","rttpg_excerpt":"Paran\u00e1 lan\u00e7a programa de regulariza\u00e7\u00e3o de d\u00edvidas tribut\u00e1rias e n\u00e3o tribut\u00e1rias No epis\u00f3dio de hoje, a Dra. T\u00e1via Lorenzo Mota, advogada da equipe da Amaral, Yazbek Advogados. Expressa nossas sinceras condol\u00eancias \u00e0s v\u00edtimas das recentes enchentes no Rio Grande do Sul. Reconhecemos o qu\u00e3o devastadoras essas situa\u00e7\u00f5es podem ser e nossos pensamentos est\u00e3o com todas&hellip;","_links":{"self":[{"href":"https:\/\/www.ayadvogados.com.br\/index.php?rest_route=\/wp\/v2\/posts\/3309","targetHints":{"allow":["GET"]}}],"collection":[{"href":"https:\/\/www.ayadvogados.com.br\/index.php?rest_route=\/wp\/v2\/posts"}],"about":[{"href":"https:\/\/www.ayadvogados.com.br\/index.php?rest_route=\/wp\/v2\/types\/post"}],"author":[{"embeddable":true,"href":"https:\/\/www.ayadvogados.com.br\/index.php?rest_route=\/wp\/v2\/users\/3"}],"replies":[{"embeddable":true,"href":"https:\/\/www.ayadvogados.com.br\/index.php?rest_route=%2Fwp%2Fv2%2Fcomments&post=3309"}],"version-history":[{"count":2,"href":"https:\/\/www.ayadvogados.com.br\/index.php?rest_route=\/wp\/v2\/posts\/3309\/revisions"}],"predecessor-version":[{"id":3312,"href":"https:\/\/www.ayadvogados.com.br\/index.php?rest_route=\/wp\/v2\/posts\/3309\/revisions\/3312"}],"wp:featuredmedia":[{"embeddable":true,"href":"https:\/\/www.ayadvogados.com.br\/index.php?rest_route=\/wp\/v2\/media\/3311"}],"wp:attachment":[{"href":"https:\/\/www.ayadvogados.com.br\/index.php?rest_route=%2Fwp%2Fv2%2Fmedia&parent=3309"}],"wp:term":[{"taxonomy":"category","embeddable":true,"href":"https:\/\/www.ayadvogados.com.br\/index.php?rest_route=%2Fwp%2Fv2%2Fcategories&post=3309"},{"taxonomy":"post_tag","embeddable":true,"href":"https:\/\/www.ayadvogados.com.br\/index.php?rest_route=%2Fwp%2Fv2%2Ftags&post=3309"}],"curies":[{"name":"wp","href":"https:\/\/api.w.org\/{rel}","templated":true}]}}