{"id":3297,"date":"2024-05-08T10:04:44","date_gmt":"2024-05-08T13:04:44","guid":{"rendered":"http:\/\/34.239.117.254\/?p=3297"},"modified":"2024-05-08T10:08:54","modified_gmt":"2024-05-08T13:08:54","slug":"noticias-em-destaque-da-semana-29-04-a-06-05","status":"publish","type":"post","link":"https:\/\/www.ayadvogados.com.br\/?p=3297","title":{"rendered":"Not\u00edcias em Destaque da Semana &#8211; 29\/04 a 06\/05"},"content":{"rendered":"\n<p>Not\u00edcias em Destaque da Semana &#8211; 29\/04 a 06\/05<\/p>\n\n\n\n<p><strong>Subven\u00e7\u00f5es de ICMS: Receita amplia prazo para ades\u00e3o a programa de autorregulariza\u00e7\u00e3o<\/strong><\/p>\n\n\n\n<p>Data: 30\/04\/2024<\/p>\n\n\n\n<p>A Receita Federal prorrogou at\u00e9 31 de maio o prazo para ades\u00e3o ao programa de autorregulariza\u00e7\u00e3o das subven\u00e7\u00f5es para investimento concedidas por governos estaduais (Lei n\u00ba 14.789\/2023). O prazo acabaria hoje, mas foi estendido a partir de instru\u00e7\u00e3o normativa (IN) publicada no &#8220;Di\u00e1rio Oficial da Uni\u00e3o&#8221;.<\/p>\n\n\n\n<p>A IN que prev\u00ea a prorroga\u00e7\u00e3o de prazo n\u00e3o impede a &#8220;instaura\u00e7\u00e3o e conclus\u00e3o de procedimento fiscal, com o correspondente lan\u00e7amento, salvo na hip\u00f3tese de o contribuinte ter apresentado o requerimento de ades\u00e3o \u00e0 autorregulariza\u00e7\u00e3o&#8221;.<\/p>\n\n\n\n<p>As empresas que aderirem a autorregulariza\u00e7\u00e3o poder\u00e3o quitar seus d\u00e9bitos com desconto de at\u00e9 80% do IRPJ e CSLL vencidos at\u00e9 29 de dezembro de 2023, que n\u00e3o tenham sido objeto de lan\u00e7amento, e dos tributos administrados pela Receita que tenham sido compensados com saldos negativos de IRPJ ou CSLL indevidamente apurados.<\/p>\n\n\n\n<p>A formaliza\u00e7\u00e3o do pedido dever\u00e1 ser realizada no Centro Virtual de Atendimento &#8211; e-CAC, na aba \u201cLegisla\u00e7\u00e3o e Processo\u201d, por meio do servi\u00e7o \u201cRequerimentos Web\u201d, dispon\u00edvel no site da Receita Federal.<br><a href=\"https:\/\/valor.globo.com\/legislacao\/noticia\/2024\/04\/30\/subvencoes-de-icms-receita-amplia-prazo-para-adesao-a-programa-de-autorregularizacao.ghtml\">https:\/\/valor.globo.com\/legislacao\/noticia\/2024\/04\/30\/subvencoes-de-icms-receita-amplia-prazo-para-adesao-a-programa-de-autorregularizacao.ghtml<\/a>&nbsp;<\/p>\n\n\n\n<p><strong>Senado aprova reestrutura\u00e7\u00e3o do Perse; texto vai \u00e0 san\u00e7\u00e3o<\/strong><\/p>\n\n\n\n<p>Data: 30\/04\/2024<\/p>\n\n\n\n<p>O Senado aprovou nesta ter\u00e7a-feira (30\/4) o PL 1026\/2024, que reestrutura o Programa Emergencial de Recupera\u00e7\u00e3o do Setor de Eventos (Perse). O projeto, que segue para san\u00e7\u00e3o presidencial, foi aprovado sem mudan\u00e7as estruturantes em rela\u00e7\u00e3o ao texto que recebeu aval na C\u00e2mara no \u00faltimo dia 23.<\/p>\n\n\n\n<p>A proposta prev\u00ea isen\u00e7\u00e3o de PIS, Cofins, CSLL e IRPJ at\u00e9 que se atinja o limite m\u00e1ximo de gasto fiscal com os tributos de R$ 15 bilh\u00f5es at\u00e9 dezembro de 2026. Antes, a relatora, senadora Daniella Ribeiro (PSD-PB), havia adicionado uma mudan\u00e7a no texto que aumentava o impacto fiscal prevendo a corre\u00e7\u00e3o pela infla\u00e7\u00e3o no limite de gasto fiscal. No entanto, ap\u00f3s acordo, a previs\u00e3o foi retirada do texto.<\/p>\n\n\n\n<p>Em rela\u00e7\u00e3o ao programa em vigor pela MP 1202, o projeto amplia de 12 para 30 as atividades econ\u00f4micas benefici\u00e1rias do programa, mas acrescenta a obriga\u00e7\u00e3o de habilita\u00e7\u00e3o. No caso das empresas que optam pelo regime de Lucro Real, o texto estabelece a escolha entre o benef\u00edcio da redu\u00e7\u00e3o de al\u00edquotas no Perse ou pelo direito usar preju\u00edzos fiscais acumulados, base de c\u00e1lculo negativa da CSLL e descontos de cr\u00e9ditos de PIS\/Cofins em rela\u00e7\u00e3o a bens e servi\u00e7os utilizados como insumo.<\/p>\n\n\n\n<p>A MP 1202, que estabelece o fim do Perse, est\u00e1 em vigor desde 1\u00ba de abril e perder\u00e1 os efeitos com a san\u00e7\u00e3o do PL 1026. Com isso, o texto aprovado estabelece que ter\u00e3o direto a cr\u00e9dito tribut\u00e1rio os contribuintes que recolherem os tributos relativos a abril \u2013 per\u00edodo em que a MP esteve em vigor.<br><a href=\"https:\/\/www.jota.info\/legislativo\/senado-aprova-reestruturacao-do-perse-texto-vai-a-sancao-30042024?non-beta=1\">https:\/\/www.jota.info\/legislativo\/senado-aprova-reestruturacao-do-perse-texto-vai-a-sancao-30042024?non-beta=1<\/a>&nbsp;<\/p>\n\n\n\n<p><strong>Receita Federal esclarece que reonera\u00e7\u00e3o da folha tem efeitos a partir de 26 de abril<\/strong><\/p>\n\n\n\n<p>Data: 02\/05\/2024<\/p>\n\n\n\n<p>A Receita Federal explicou, em nota, que a decis\u00e3o liminar do ministro do Supremo Tribunal Federal (<a href=\"https:\/\/www.jota.info\/tudo-sobre\/stf\">STF<\/a>) Cristiano Zanin na&nbsp;ADI 7633,&nbsp;que&nbsp;<a href=\"https:\/\/www.jota.info\/stf\/do-supremo\/zanin-suspende-desoneracao-da-folha-de-pagamentos-de-empresas-e-municipios-25042024\">suspendeu a desonera\u00e7\u00e3o&nbsp;<\/a>da folha de pagamento de munic\u00edpios e dos setores produtivos at\u00e9 o ano de 2027, tem efeitos a partir de sua publica\u00e7\u00e3o, que ocorreu em 26 de abril de 2024, no Di\u00e1rio da Justi\u00e7a Eletr\u00f4nico (DJE).&nbsp;Isso significa que a reonera\u00e7\u00e3o j\u00e1 vale a partir de 26 de abril.<\/p>\n\n\n\n<p>\u201cConsiderando que a decis\u00e3o foi publicada em 26 de abril de 2024 e que o fato gerador das contribui\u00e7\u00f5es \u00e9 mensal, a decis\u00e3o judicial deve ser aplicada inclusive \u00e0s contribui\u00e7\u00f5es devidas relativas \u00e0 compet\u00eancia abril de 2024, cujo prazo de recolhimento \u00e9 at\u00e9 o dia 20 de maio de 2024\u201d, afirma trecho da nota.<\/p>\n\n\n\n<p>Com a decis\u00e3o de Zanin, a Contribui\u00e7\u00e3o Previdenci\u00e1ria sobre a Receita Bruta foi suspensa. Assim, todas as empresas antes contempladas devem passar a recolher as contribui\u00e7\u00f5es previdenci\u00e1rias sobre a folha de pagamentos nos termos do art. 22 da Lei 8.212, de 1991.<\/p>\n\n\n\n<p>Ou seja, a al\u00edquota de contribui\u00e7\u00e3o volta a ser de 20% sobre a folha de pagamentos dos munic\u00edpios contemplados anteriormente pela redu\u00e7\u00e3o para 8%.&nbsp;A decis\u00e3o judicial deve ser aplicada inclusive \u00e0s contribui\u00e7\u00f5es devidas relativas \u00e0 compet\u00eancia abril de 2024, cujo prazo de recolhimento \u00e9 at\u00e9 o dia 20 de maio de 2024.<\/p>\n\n\n\n<p><a href=\"https:\/\/www.jota.info\/tributos-e-empresas\/tributario\/receita-federal-esclarece-que-reoneracao-da-folha-tem-efeitos-a-partir-de-26-de-abril-02052024#:~:text=A%20Receita%20Federal%20explicou%2C%20em,de%20abril%20de%202024%2C%20no\">https:\/\/www.jota.info\/tributos-e-empresas\/tributario\/receita-federal-esclarece-que-reoneracao-da-folha-tem-efeitos-a-partir-de-26-de-abril-02052024#:~:text=A%20Receita%20Federal%20explicou%2C%20em,de%20abril%20de%202024%2C%20no<\/a><\/p>\n\n\n\n<p><strong>Compet\u00eancia para julgar compensa\u00e7\u00e3o em embargos \u00e0 execu\u00e7\u00e3o \u00e9 do STJ, decide STF<\/strong><\/p>\n\n\n\n<p>Data: 02\/05\/2024&nbsp;<\/p>\n\n\n\n<p>Por unanimidade, os ministros do Supremo Tribunal Federal (<a href=\"https:\/\/www.jota.info\/tudo-sobre\/stf\">STF<\/a>) decidiram n\u00e3o analisar a possibilidade de os contribuintes alegarem a exist\u00eancia de compensa\u00e7\u00e3o tribut\u00e1ria, ainda que n\u00e3o homologada, em sede de embargos \u00e0 execu\u00e7\u00e3o fiscal.<\/p>\n\n\n\n<p>Os magistrados acompanharam o entendimento do relator, o ministro&nbsp;<a href=\"https:\/\/www.jota.info\/tudo-sobre\/dias-toffoli\">Dias Toffoli<\/a>, para n\u00e3o conhecer da discuss\u00e3o<strong>,&nbsp;<\/strong>ou seja, n\u00e3o discutir seu m\u00e9rito, uma vez que h\u00e1 jurisprud\u00eancia firmada sobre o tema no Superior Tribunal de Justi\u00e7a (<a href=\"https:\/\/www.jota.info\/tudo-sobre\/stj\">STJ<\/a>).<\/p>\n\n\n\n<p>Os embargos \u00e0 execu\u00e7\u00e3o s\u00e3o um instrumento de defesa do contribuinte na cobran\u00e7a de d\u00edvida tribut\u00e1ria, previsto na Lei 6.830\/1980, a Lei da Execu\u00e7\u00e3o Fiscal. A a\u00e7\u00e3o que defende a possibilidade de os contribuintes alegarem compensa\u00e7\u00e3o tribut\u00e1ria em sede de embargos \u00e0 execu\u00e7\u00e3o foi ajuizada pelo Conselho Federal da Ordem dos Advogados do Brasil (OAB).<\/p>\n\n\n\n<p>Para a entidade, a interpreta\u00e7\u00e3o restritiva da Lei 6830, no sentido de que a compensa\u00e7\u00e3o tribut\u00e1ria s\u00f3 seria poss\u00edvel, em embargos \u00e0 execu\u00e7\u00e3o, na hip\u00f3tese de compensa\u00e7\u00f5es j\u00e1 reconhecidas, ou seja, j\u00e1 homologadas pelo fisco<strong>,&nbsp;<\/strong>viola os princ\u00edpios constitucionais da isonomia, do contradit\u00f3rio, da ampla defesa, da economia e da celeridade processual e da proibi\u00e7\u00e3o de denega\u00e7\u00e3o da Justi\u00e7a.<\/p>\n\n\n\n<p>Por\u00e9m, em seu voto, Toffoli afirmou que suposta ofensa \u00e0 Constitui\u00e7\u00e3o, caso configurada, seria apenas&nbsp; reflexa ou indireta. Toffoli disse ainda que j\u00e1 existe precedente fixado pelo Superior Tribunal de Justi\u00e7a (STJ) sobre o tema, o EREsp 1.795.347\/RJ. Conforme o julgador, n\u00e3o \u00e9 poss\u00edvel utilizar a Argui\u00e7\u00e3o de Descumprimento de Preceito Fundamental (ADPF) para desconstituir precedente do STJ.<\/p>\n\n\n\n<p>\u201cN\u00e3o cabe usar a presente argui\u00e7\u00e3o para, em substitui\u00e7\u00e3o a recurso ou a\u00e7\u00e3o rescis\u00f3ria, reverter precedente estabelecido pelo Superior Tribunal de Justi\u00e7a no EREsp 1795347\/RJ, o qual, respeitando sua compet\u00eancia constitucional, uniformizou a interpreta\u00e7\u00e3o da legisla\u00e7\u00e3o infraconstitucional\u201d, afirmou.<\/p>\n\n\n\n<p>O julgamento ocorreu na ADPF 1.023.<\/p>\n\n\n\n<p><a href=\"https:\/\/www.jota.info\/tributos-e-empresas\/tributario\/competencia-para-julgar-compensacao-em-embargos-a-execucao-e-do-stj-decide-stf-02052024\">https:\/\/www.jota.info\/tributos-e-empresas\/tributario\/competencia-para-julgar-compensacao-em-embargos-a-execucao-e-do-stj-decide-stf-02052024<\/a><\/p>\n\n\n\n<p>Confira o <a href=\"http:\/\/ayadvogados.com.br\/?p=3289\">Retrospecto Tribut\u00e1rio &#8211; 29\/04 a 06\/05 (ayadvogados.com.br)<\/a> Completo!<\/p>\n","protected":false},"excerpt":{"rendered":"<p>Not\u00edcias em Destaque da Semana &#8211; 29\/04 a 06\/05 Subven\u00e7\u00f5es de ICMS: Receita amplia prazo para ades\u00e3o a programa de autorregulariza\u00e7\u00e3o Data: 30\/04\/2024 A Receita Federal prorrogou at\u00e9 31 de maio o prazo para ades\u00e3o ao programa de autorregulariza\u00e7\u00e3o das subven\u00e7\u00f5es para investimento concedidas por governos estaduais (Lei n\u00ba 14.789\/2023). O prazo acabaria hoje, mas [&hellip;]<\/p>\n","protected":false},"author":3,"featured_media":3299,"comment_status":"open","ping_status":"closed","sticky":false,"template":"","format":"standard","meta":{"footnotes":""},"categories":[1,3],"tags":[9,29,33,63,96,73],"class_list":["post-3297","post","type-post","status-publish","format-standard","has-post-thumbnail","hentry","category-noticia-do-dia","category-retrospecto-tributario","tag-amaral-yazbek","tag-empresas","tag-negocios","tag-noticia-do-dia","tag-reforma-tributaria","tag-retrospecto-tributario"],"blocksy_meta":{"styles_descriptor":{"styles":{"desktop":"","tablet":"","mobile":""},"google_fonts":[],"version":6}},"yoast_head":"<!-- This site is optimized with the Yoast SEO plugin v27.5 - https:\/\/yoast.com\/product\/yoast-seo-wordpress\/ -->\n<title>Not\u00edcias em Destaque da Semana - 29\/04 a 06\/05<\/title>\n<meta name=\"description\" content=\"Atualidades Tributarias ,fique por dentro de todas as atualiza\u00e7\u00f5es do mundo do nosso Not\u00edcias em Destaque da Semana - 29\/04 a 06\/05\" \/>\n<meta name=\"robots\" content=\"index, follow, max-snippet:-1, max-image-preview:large, max-video-preview:-1\" \/>\n<link rel=\"canonical\" href=\"https:\/\/www.ayadvogados.com.br\/?p=3297\" \/>\n<meta property=\"og:locale\" content=\"pt_BR\" \/>\n<meta property=\"og:type\" content=\"article\" \/>\n<meta property=\"og:title\" content=\"Not\u00edcias em Destaque da Semana - 29\/04 a 06\/05\" \/>\n<meta property=\"og:description\" content=\"Atualidades Tributarias ,fique por dentro de todas as atualiza\u00e7\u00f5es do mundo do nosso Not\u00edcias em Destaque da Semana - 29\/04 a 06\/05\" \/>\n<meta property=\"og:url\" content=\"https:\/\/www.ayadvogados.com.br\/?p=3297\" \/>\n<meta property=\"og:site_name\" content=\"Amaral, Yazbek Advogados\" \/>\n<meta property=\"article:publisher\" content=\"https:\/\/www.facebook.com\/AYadvogados\" \/>\n<meta property=\"article:published_time\" content=\"2024-05-08T13:04:44+00:00\" \/>\n<meta property=\"article:modified_time\" content=\"2024-05-08T13:08:54+00:00\" \/>\n<meta property=\"og:image\" content=\"https:\/\/www.ayadvogados.com.br\/wp-content\/uploads\/2024\/05\/1-copiar.png\" \/>\n\t<meta property=\"og:image:width\" content=\"1920\" \/>\n\t<meta property=\"og:image:height\" content=\"1080\" \/>\n\t<meta property=\"og:image:type\" content=\"image\/png\" \/>\n<meta name=\"author\" content=\"Infra\" \/>\n<meta name=\"twitter:card\" content=\"summary_large_image\" \/>\n<meta name=\"twitter:label1\" content=\"Escrito por\" \/>\n\t<meta name=\"twitter:data1\" content=\"Infra\" \/>\n\t<meta name=\"twitter:label2\" content=\"Est. tempo de leitura\" \/>\n\t<meta name=\"twitter:data2\" content=\"6 minutos\" \/>\n<script type=\"application\/ld+json\" class=\"yoast-schema-graph\">{\"@context\":\"https:\\\/\\\/schema.org\",\"@graph\":[{\"@type\":\"Article\",\"@id\":\"https:\\\/\\\/www.ayadvogados.com.br\\\/?p=3297#article\",\"isPartOf\":{\"@id\":\"https:\\\/\\\/www.ayadvogados.com.br\\\/?p=3297\"},\"author\":{\"name\":\"Infra\",\"@id\":\"https:\\\/\\\/www.ayadvogados.com.br\\\/#\\\/schema\\\/person\\\/6b9165a58758b048b8ea5a4fbd4ec3c4\"},\"headline\":\"Not\u00edcias em Destaque da Semana &#8211; 29\\\/04 a 06\\\/05\",\"datePublished\":\"2024-05-08T13:04:44+00:00\",\"dateModified\":\"2024-05-08T13:08:54+00:00\",\"mainEntityOfPage\":{\"@id\":\"https:\\\/\\\/www.ayadvogados.com.br\\\/?p=3297\"},\"wordCount\":1147,\"commentCount\":0,\"publisher\":{\"@id\":\"https:\\\/\\\/www.ayadvogados.com.br\\\/#organization\"},\"image\":{\"@id\":\"https:\\\/\\\/www.ayadvogados.com.br\\\/?p=3297#primaryimage\"},\"thumbnailUrl\":\"https:\\\/\\\/www.ayadvogados.com.br\\\/wp-content\\\/uploads\\\/2024\\\/05\\\/1-copiar.png\",\"keywords\":[\"amaral yazbek\",\"empresas\",\"neg\u00f3cios\",\"noticia do dia\",\"Reforma Tribut\u00e1ria\",\"retrospecto tribut\u00e1rio\"],\"articleSection\":[\"Not\u00edcia do Dia\",\"Retrospecto Tribut\u00e1rio\"],\"inLanguage\":\"pt-BR\",\"potentialAction\":[{\"@type\":\"CommentAction\",\"name\":\"Comment\",\"target\":[\"https:\\\/\\\/www.ayadvogados.com.br\\\/?p=3297#respond\"]}]},{\"@type\":\"WebPage\",\"@id\":\"https:\\\/\\\/www.ayadvogados.com.br\\\/?p=3297\",\"url\":\"https:\\\/\\\/www.ayadvogados.com.br\\\/?p=3297\",\"name\":\"Not\u00edcias em Destaque da Semana - 29\\\/04 a 06\\\/05\",\"isPartOf\":{\"@id\":\"https:\\\/\\\/www.ayadvogados.com.br\\\/#website\"},\"primaryImageOfPage\":{\"@id\":\"https:\\\/\\\/www.ayadvogados.com.br\\\/?p=3297#primaryimage\"},\"image\":{\"@id\":\"https:\\\/\\\/www.ayadvogados.com.br\\\/?p=3297#primaryimage\"},\"thumbnailUrl\":\"https:\\\/\\\/www.ayadvogados.com.br\\\/wp-content\\\/uploads\\\/2024\\\/05\\\/1-copiar.png\",\"datePublished\":\"2024-05-08T13:04:44+00:00\",\"dateModified\":\"2024-05-08T13:08:54+00:00\",\"description\":\"Atualidades Tributarias ,fique por dentro de todas as atualiza\u00e7\u00f5es do mundo do nosso Not\u00edcias em Destaque da Semana - 29\\\/04 a 06\\\/05\",\"breadcrumb\":{\"@id\":\"https:\\\/\\\/www.ayadvogados.com.br\\\/?p=3297#breadcrumb\"},\"inLanguage\":\"pt-BR\",\"potentialAction\":[{\"@type\":\"ReadAction\",\"target\":[\"https:\\\/\\\/www.ayadvogados.com.br\\\/?p=3297\"]}]},{\"@type\":\"ImageObject\",\"inLanguage\":\"pt-BR\",\"@id\":\"https:\\\/\\\/www.ayadvogados.com.br\\\/?p=3297#primaryimage\",\"url\":\"https:\\\/\\\/www.ayadvogados.com.br\\\/wp-content\\\/uploads\\\/2024\\\/05\\\/1-copiar.png\",\"contentUrl\":\"https:\\\/\\\/www.ayadvogados.com.br\\\/wp-content\\\/uploads\\\/2024\\\/05\\\/1-copiar.png\",\"width\":1920,\"height\":1080,\"caption\":\"Not\u00edcias em Destaque da Semana - 29\\\/04 a 06\\\/05\"},{\"@type\":\"BreadcrumbList\",\"@id\":\"https:\\\/\\\/www.ayadvogados.com.br\\\/?p=3297#breadcrumb\",\"itemListElement\":[{\"@type\":\"ListItem\",\"position\":1,\"name\":\"In\u00edcio\",\"item\":\"https:\\\/\\\/www.ayadvogados.com.br\\\/\"},{\"@type\":\"ListItem\",\"position\":2,\"name\":\"Not\u00edcias em Destaque da Semana &#8211; 29\\\/04 a 06\\\/05\"}]},{\"@type\":\"WebSite\",\"@id\":\"https:\\\/\\\/www.ayadvogados.com.br\\\/#website\",\"url\":\"https:\\\/\\\/www.ayadvogados.com.br\\\/\",\"name\":\"Amaral, Yazbek Advogados\",\"description\":\"Curitiba \u2022 Bras\u00edlia \u2022 S\u00e3o Paulo\",\"publisher\":{\"@id\":\"https:\\\/\\\/www.ayadvogados.com.br\\\/#organization\"},\"potentialAction\":[{\"@type\":\"SearchAction\",\"target\":{\"@type\":\"EntryPoint\",\"urlTemplate\":\"https:\\\/\\\/www.ayadvogados.com.br\\\/?s={search_term_string}\"},\"query-input\":{\"@type\":\"PropertyValueSpecification\",\"valueRequired\":true,\"valueName\":\"search_term_string\"}}],\"inLanguage\":\"pt-BR\"},{\"@type\":\"Organization\",\"@id\":\"https:\\\/\\\/www.ayadvogados.com.br\\\/#organization\",\"name\":\"Amaral, Yazbek Advogados\",\"url\":\"https:\\\/\\\/www.ayadvogados.com.br\\\/\",\"logo\":{\"@type\":\"ImageObject\",\"inLanguage\":\"pt-BR\",\"@id\":\"https:\\\/\\\/www.ayadvogados.com.br\\\/#\\\/schema\\\/logo\\\/image\\\/\",\"url\":\"http:\\\/\\\/34.239.117.254\\\/wp-content\\\/uploads\\\/2021\\\/03\\\/logo-ay-g.png\",\"contentUrl\":\"http:\\\/\\\/34.239.117.254\\\/wp-content\\\/uploads\\\/2021\\\/03\\\/logo-ay-g.png\",\"width\":434,\"height\":106,\"caption\":\"Amaral, Yazbek Advogados\"},\"image\":{\"@id\":\"https:\\\/\\\/www.ayadvogados.com.br\\\/#\\\/schema\\\/logo\\\/image\\\/\"},\"sameAs\":[\"https:\\\/\\\/www.facebook.com\\\/AYadvogados\",\"https:\\\/\\\/www.instagram.com\\\/ayadvogados\\\/\"]},{\"@type\":\"Person\",\"@id\":\"https:\\\/\\\/www.ayadvogados.com.br\\\/#\\\/schema\\\/person\\\/6b9165a58758b048b8ea5a4fbd4ec3c4\",\"name\":\"Infra\",\"image\":{\"@type\":\"ImageObject\",\"inLanguage\":\"pt-BR\",\"@id\":\"https:\\\/\\\/secure.gravatar.com\\\/avatar\\\/60bf67293e186b9c834e31753dcc586dfcedb661d13b6b9ba29ac991ccafc035?s=96&d=mm&r=g\",\"url\":\"https:\\\/\\\/secure.gravatar.com\\\/avatar\\\/60bf67293e186b9c834e31753dcc586dfcedb661d13b6b9ba29ac991ccafc035?s=96&d=mm&r=g\",\"contentUrl\":\"https:\\\/\\\/secure.gravatar.com\\\/avatar\\\/60bf67293e186b9c834e31753dcc586dfcedb661d13b6b9ba29ac991ccafc035?s=96&d=mm&r=g\",\"caption\":\"Infra\"},\"url\":\"https:\\\/\\\/www.ayadvogados.com.br\\\/?author=3\"}]}<\/script>\n<!-- \/ Yoast SEO plugin. -->","yoast_head_json":{"title":"Not\u00edcias em Destaque da Semana - 29\/04 a 06\/05","description":"Atualidades Tributarias ,fique por dentro de todas as atualiza\u00e7\u00f5es do mundo do nosso Not\u00edcias em Destaque da Semana - 29\/04 a 06\/05","robots":{"index":"index","follow":"follow","max-snippet":"max-snippet:-1","max-image-preview":"max-image-preview:large","max-video-preview":"max-video-preview:-1"},"canonical":"https:\/\/www.ayadvogados.com.br\/?p=3297","og_locale":"pt_BR","og_type":"article","og_title":"Not\u00edcias em Destaque da Semana - 29\/04 a 06\/05","og_description":"Atualidades Tributarias ,fique por dentro de todas as atualiza\u00e7\u00f5es do mundo do nosso Not\u00edcias em Destaque da Semana - 29\/04 a 06\/05","og_url":"https:\/\/www.ayadvogados.com.br\/?p=3297","og_site_name":"Amaral, Yazbek Advogados","article_publisher":"https:\/\/www.facebook.com\/AYadvogados","article_published_time":"2024-05-08T13:04:44+00:00","article_modified_time":"2024-05-08T13:08:54+00:00","og_image":[{"width":1920,"height":1080,"url":"https:\/\/www.ayadvogados.com.br\/wp-content\/uploads\/2024\/05\/1-copiar.png","type":"image\/png"}],"author":"Infra","twitter_card":"summary_large_image","twitter_misc":{"Escrito por":"Infra","Est. tempo de leitura":"6 minutos"},"schema":{"@context":"https:\/\/schema.org","@graph":[{"@type":"Article","@id":"https:\/\/www.ayadvogados.com.br\/?p=3297#article","isPartOf":{"@id":"https:\/\/www.ayadvogados.com.br\/?p=3297"},"author":{"name":"Infra","@id":"https:\/\/www.ayadvogados.com.br\/#\/schema\/person\/6b9165a58758b048b8ea5a4fbd4ec3c4"},"headline":"Not\u00edcias em Destaque da Semana &#8211; 29\/04 a 06\/05","datePublished":"2024-05-08T13:04:44+00:00","dateModified":"2024-05-08T13:08:54+00:00","mainEntityOfPage":{"@id":"https:\/\/www.ayadvogados.com.br\/?p=3297"},"wordCount":1147,"commentCount":0,"publisher":{"@id":"https:\/\/www.ayadvogados.com.br\/#organization"},"image":{"@id":"https:\/\/www.ayadvogados.com.br\/?p=3297#primaryimage"},"thumbnailUrl":"https:\/\/www.ayadvogados.com.br\/wp-content\/uploads\/2024\/05\/1-copiar.png","keywords":["amaral yazbek","empresas","neg\u00f3cios","noticia do dia","Reforma Tribut\u00e1ria","retrospecto tribut\u00e1rio"],"articleSection":["Not\u00edcia do Dia","Retrospecto Tribut\u00e1rio"],"inLanguage":"pt-BR","potentialAction":[{"@type":"CommentAction","name":"Comment","target":["https:\/\/www.ayadvogados.com.br\/?p=3297#respond"]}]},{"@type":"WebPage","@id":"https:\/\/www.ayadvogados.com.br\/?p=3297","url":"https:\/\/www.ayadvogados.com.br\/?p=3297","name":"Not\u00edcias em Destaque da Semana - 29\/04 a 06\/05","isPartOf":{"@id":"https:\/\/www.ayadvogados.com.br\/#website"},"primaryImageOfPage":{"@id":"https:\/\/www.ayadvogados.com.br\/?p=3297#primaryimage"},"image":{"@id":"https:\/\/www.ayadvogados.com.br\/?p=3297#primaryimage"},"thumbnailUrl":"https:\/\/www.ayadvogados.com.br\/wp-content\/uploads\/2024\/05\/1-copiar.png","datePublished":"2024-05-08T13:04:44+00:00","dateModified":"2024-05-08T13:08:54+00:00","description":"Atualidades Tributarias ,fique por dentro de todas as atualiza\u00e7\u00f5es do mundo do nosso Not\u00edcias em Destaque da Semana - 29\/04 a 06\/05","breadcrumb":{"@id":"https:\/\/www.ayadvogados.com.br\/?p=3297#breadcrumb"},"inLanguage":"pt-BR","potentialAction":[{"@type":"ReadAction","target":["https:\/\/www.ayadvogados.com.br\/?p=3297"]}]},{"@type":"ImageObject","inLanguage":"pt-BR","@id":"https:\/\/www.ayadvogados.com.br\/?p=3297#primaryimage","url":"https:\/\/www.ayadvogados.com.br\/wp-content\/uploads\/2024\/05\/1-copiar.png","contentUrl":"https:\/\/www.ayadvogados.com.br\/wp-content\/uploads\/2024\/05\/1-copiar.png","width":1920,"height":1080,"caption":"Not\u00edcias em Destaque da Semana - 29\/04 a 06\/05"},{"@type":"BreadcrumbList","@id":"https:\/\/www.ayadvogados.com.br\/?p=3297#breadcrumb","itemListElement":[{"@type":"ListItem","position":1,"name":"In\u00edcio","item":"https:\/\/www.ayadvogados.com.br\/"},{"@type":"ListItem","position":2,"name":"Not\u00edcias em Destaque da Semana &#8211; 29\/04 a 06\/05"}]},{"@type":"WebSite","@id":"https:\/\/www.ayadvogados.com.br\/#website","url":"https:\/\/www.ayadvogados.com.br\/","name":"Amaral, Yazbek Advogados","description":"Curitiba \u2022 Bras\u00edlia \u2022 S\u00e3o Paulo","publisher":{"@id":"https:\/\/www.ayadvogados.com.br\/#organization"},"potentialAction":[{"@type":"SearchAction","target":{"@type":"EntryPoint","urlTemplate":"https:\/\/www.ayadvogados.com.br\/?s={search_term_string}"},"query-input":{"@type":"PropertyValueSpecification","valueRequired":true,"valueName":"search_term_string"}}],"inLanguage":"pt-BR"},{"@type":"Organization","@id":"https:\/\/www.ayadvogados.com.br\/#organization","name":"Amaral, Yazbek Advogados","url":"https:\/\/www.ayadvogados.com.br\/","logo":{"@type":"ImageObject","inLanguage":"pt-BR","@id":"https:\/\/www.ayadvogados.com.br\/#\/schema\/logo\/image\/","url":"http:\/\/34.239.117.254\/wp-content\/uploads\/2021\/03\/logo-ay-g.png","contentUrl":"http:\/\/34.239.117.254\/wp-content\/uploads\/2021\/03\/logo-ay-g.png","width":434,"height":106,"caption":"Amaral, Yazbek Advogados"},"image":{"@id":"https:\/\/www.ayadvogados.com.br\/#\/schema\/logo\/image\/"},"sameAs":["https:\/\/www.facebook.com\/AYadvogados","https:\/\/www.instagram.com\/ayadvogados\/"]},{"@type":"Person","@id":"https:\/\/www.ayadvogados.com.br\/#\/schema\/person\/6b9165a58758b048b8ea5a4fbd4ec3c4","name":"Infra","image":{"@type":"ImageObject","inLanguage":"pt-BR","@id":"https:\/\/secure.gravatar.com\/avatar\/60bf67293e186b9c834e31753dcc586dfcedb661d13b6b9ba29ac991ccafc035?s=96&d=mm&r=g","url":"https:\/\/secure.gravatar.com\/avatar\/60bf67293e186b9c834e31753dcc586dfcedb661d13b6b9ba29ac991ccafc035?s=96&d=mm&r=g","contentUrl":"https:\/\/secure.gravatar.com\/avatar\/60bf67293e186b9c834e31753dcc586dfcedb661d13b6b9ba29ac991ccafc035?s=96&d=mm&r=g","caption":"Infra"},"url":"https:\/\/www.ayadvogados.com.br\/?author=3"}]}},"rttpg_featured_image_url":{"full":["https:\/\/www.ayadvogados.com.br\/wp-content\/uploads\/2024\/05\/1-copiar.png",1920,1080,false],"landscape":["https:\/\/www.ayadvogados.com.br\/wp-content\/uploads\/2024\/05\/1-copiar.png",1920,1080,false],"portraits":["https:\/\/www.ayadvogados.com.br\/wp-content\/uploads\/2024\/05\/1-copiar.png",1920,1080,false],"thumbnail":["https:\/\/www.ayadvogados.com.br\/wp-content\/uploads\/2024\/05\/1-copiar-150x150.png",150,150,true],"medium":["https:\/\/www.ayadvogados.com.br\/wp-content\/uploads\/2024\/05\/1-copiar-300x169.png",300,169,true],"large":["https:\/\/www.ayadvogados.com.br\/wp-content\/uploads\/2024\/05\/1-copiar-1024x576.png",1024,576,true],"1536x1536":["https:\/\/www.ayadvogados.com.br\/wp-content\/uploads\/2024\/05\/1-copiar-1536x864.png",1536,864,true],"2048x2048":["https:\/\/www.ayadvogados.com.br\/wp-content\/uploads\/2024\/05\/1-copiar.png",1920,1080,false]},"rttpg_author":{"display_name":"Infra","author_link":"https:\/\/www.ayadvogados.com.br\/?author=3"},"rttpg_comment":0,"rttpg_category":"<a href=\"https:\/\/www.ayadvogados.com.br\/?cat=1\" rel=\"category\">Not\u00edcia do Dia<\/a> <a href=\"https:\/\/www.ayadvogados.com.br\/?cat=3\" rel=\"category\">Retrospecto Tribut\u00e1rio<\/a>","rttpg_excerpt":"Not\u00edcias em Destaque da Semana &#8211; 29\/04 a 06\/05 Subven\u00e7\u00f5es de ICMS: Receita amplia prazo para ades\u00e3o a programa de autorregulariza\u00e7\u00e3o Data: 30\/04\/2024 A Receita Federal prorrogou at\u00e9 31 de maio o prazo para ades\u00e3o ao programa de autorregulariza\u00e7\u00e3o das subven\u00e7\u00f5es para investimento concedidas por governos estaduais (Lei n\u00ba 14.789\/2023). O prazo acabaria hoje, mas&hellip;","_links":{"self":[{"href":"https:\/\/www.ayadvogados.com.br\/index.php?rest_route=\/wp\/v2\/posts\/3297","targetHints":{"allow":["GET"]}}],"collection":[{"href":"https:\/\/www.ayadvogados.com.br\/index.php?rest_route=\/wp\/v2\/posts"}],"about":[{"href":"https:\/\/www.ayadvogados.com.br\/index.php?rest_route=\/wp\/v2\/types\/post"}],"author":[{"embeddable":true,"href":"https:\/\/www.ayadvogados.com.br\/index.php?rest_route=\/wp\/v2\/users\/3"}],"replies":[{"embeddable":true,"href":"https:\/\/www.ayadvogados.com.br\/index.php?rest_route=%2Fwp%2Fv2%2Fcomments&post=3297"}],"version-history":[{"count":2,"href":"https:\/\/www.ayadvogados.com.br\/index.php?rest_route=\/wp\/v2\/posts\/3297\/revisions"}],"predecessor-version":[{"id":3300,"href":"https:\/\/www.ayadvogados.com.br\/index.php?rest_route=\/wp\/v2\/posts\/3297\/revisions\/3300"}],"wp:featuredmedia":[{"embeddable":true,"href":"https:\/\/www.ayadvogados.com.br\/index.php?rest_route=\/wp\/v2\/media\/3299"}],"wp:attachment":[{"href":"https:\/\/www.ayadvogados.com.br\/index.php?rest_route=%2Fwp%2Fv2%2Fmedia&parent=3297"}],"wp:term":[{"taxonomy":"category","embeddable":true,"href":"https:\/\/www.ayadvogados.com.br\/index.php?rest_route=%2Fwp%2Fv2%2Fcategories&post=3297"},{"taxonomy":"post_tag","embeddable":true,"href":"https:\/\/www.ayadvogados.com.br\/index.php?rest_route=%2Fwp%2Fv2%2Ftags&post=3297"}],"curies":[{"name":"wp","href":"https:\/\/api.w.org\/{rel}","templated":true}]}}