{"id":3293,"date":"2024-05-07T10:18:27","date_gmt":"2024-05-07T13:18:27","guid":{"rendered":"http:\/\/34.239.117.254\/?p=3293"},"modified":"2024-05-07T10:48:28","modified_gmt":"2024-05-07T13:48:28","slug":"o-impacto-da-suspensao-da-lei-que-prorrogou-a-desoneracao-da-folha-ate-2027-para-diversos-setores","status":"publish","type":"post","link":"https:\/\/www.ayadvogados.com.br\/?p=3293","title":{"rendered":"O impacto da suspens\u00e3o da lei que prorrogou a desonera\u00e7\u00e3o da folha at\u00e9 2027 para diversos setores"},"content":{"rendered":"\n<p><strong>Desonera\u00e7\u00e3o da Folha: Suspens\u00e3o e Impactos Setoriais<\/strong><\/p>\n\n\n\n<p>O ministro Cristiano Zanin, do Supremo Tribunal Federal, suspendeu pontos da lei que prorroga a desonera\u00e7\u00e3o da folha de pagamento de munic\u00edpios e de diversos setores produtivos at\u00e9 2027.<\/p>\n\n\n\n<p>Na avalia\u00e7\u00e3o do magistrado, a norma n\u00e3o observou o que disp\u00f5e a Constitui\u00e7\u00e3o quanto ao impacto or\u00e7ament\u00e1rio e financeiro.<\/p>\n\n\n\n<p>A liminar foi concedida na a\u00e7\u00e3o direta de inconstitucionalidade n\u00ba 7633 em que o presidente da Rep\u00fablica, Luiz In\u00e1cio Lula da Silva (PT), questiona a validade de dispositivos da Lei 14.784\/2023.<\/p>\n\n\n\n<p>No final de 2023, com o objetivo de equilibrar as contas p\u00fablicas, o presidente Lula editou a Medida Provis\u00f3ria 1.202\/2023. O texto previa a retomada gradual da carga tribut\u00e1ria sobre 17 atividades econ\u00f4micas e a limita\u00e7\u00e3o das compensa\u00e7\u00f5es tribut\u00e1rias decorrentes de decis\u00f5es judiciais, al\u00e9m da volta da tributa\u00e7\u00e3o sobre o setor de eventos. Na sequ\u00eancia, o Congresso aprovou a Lei 14.784\/2023, que, al\u00e9m de prorrogar a desonera\u00e7\u00e3o desses setores, diminuiu para 8% a al\u00edquota da contribui\u00e7\u00e3o previdenci\u00e1ria incidente sobre a folha de pagamento dos munic\u00edpios.<\/p>\n\n\n\n<p>A decis\u00e3o foi submetida a referendo no Plen\u00e1rio Virtual do Supremo no dia 26\/04\/2024 a qual foi paralisada ap\u00f3s pedido de vista do Ministro Fux, o pedido de vista n\u00e3o afeta a liminar, ou seja: a desonera\u00e7\u00e3o da folha permanece suspensa, o Ministro Fux tem at\u00e9 90 dias para devolver o caso ao plen\u00e1rio.<\/p>\n\n\n\n<p>Na decis\u00e3o, o ministro Zanin afirmou que a lei n\u00e3o atendeu \u00e0 condi\u00e7\u00e3o estabelecida na Constitui\u00e7\u00e3o Federal de que para a cria\u00e7\u00e3o de despesa obrigat\u00f3ria \u00e9 necess\u00e1ria a avalia\u00e7\u00e3o do seu impacto or\u00e7ament\u00e1rio e financeiro. A inobserv\u00e2ncia dessa condi\u00e7\u00e3o, frisou o ministro, torna imperativa a atua\u00e7\u00e3o do Supremo na fun\u00e7\u00e3o de promover a compatibilidade da legisla\u00e7\u00e3o com a Constitui\u00e7\u00e3o.<\/p>\n\n\n\n<p>Com a decis\u00e3o do STF, est\u00e3o suspensos os efeitos dos seguintes artigos da Lei n\u00ba 14.784\/2023, que prorrogou a desonera\u00e7\u00e3o da folha de pagamento at\u00e9 2027:<\/p>\n\n\n\n<p>Arts. 1\u00ba e 2\u00ba&nbsp;&nbsp;&nbsp;&nbsp;&nbsp; Prorrogam at\u00e9 31.12.2027 a desonera\u00e7\u00e3o da folha de pagamento para 17 setores da economia.<\/p>\n\n\n\n<p>Art. 4\u00ba Reduz a al\u00edquota de contribui\u00e7\u00e3o previdenci\u00e1ria patronal b\u00e1sica de 20% para 8% para os munic\u00edpios com at\u00e9 156.216 habitantes<\/p>\n\n\n\n<p>Art. 5\u00ba Reduz para 1%, at\u00e9 31.12.2027, a contribui\u00e7\u00e3o sobre a receita bruta das empresas de transporte rodovi\u00e1rio coletivo de passageiros, com itiner\u00e1rio fixo, municipal, intermunicipal em regi\u00e3o metropolitana, intermunicipal, interestadual e internacional enquadradas nas classes 4921-3 e 4922-1 da CNAE 2.0.<\/p>\n\n\n\n<p>Diante disso, as empresas t\u00eam poucas op\u00e7\u00f5es, antes de fazer recolhimento referente ao m\u00eas de abril: elas podem recolher o valor cheio em maio e depois solicitar a sua devolu\u00e7\u00e3o, caso a desonera\u00e7\u00e3o volte a valer, ou ainda depositar o valor em ju\u00edzo.<\/p>\n\n\n\n<p>O n\u00e3o recolhimento pode ensejar fiscaliza\u00e7\u00e3o e consequentemente autua\u00e7\u00e3o da Receita Federal.<\/p>\n\n\n\n<p>Outra op\u00e7\u00e3o seria nesse meio tempo, sem contrariar diretamente a liminar, \u00e9 pedir em a\u00e7\u00f5es pr\u00f3prias ou coletivas na via judicial, para conferir as empresas o direito de permanecer sistem\u00e1tica de recolhimento anterior at\u00e9 que haja uma decis\u00e3o final.<\/p>\n\n\n\n<p>Essa mudan\u00e7a abrupta nas empresas \u00e9 preocupante, pois elas se programaram para que essa mudan\u00e7a fosse ocorrer daqui alguns anos, colocando-as em situa\u00e7\u00e3o de risco, gerando inseguran\u00e7a.<\/p>\n\n\n\n<p>Foi assinada uma nota conjunta assinada pelos representantes dos 17 setores que destacam que eles empregam 9,3 milh\u00f5es de profissionais e que foram criados 151 mil empregos nos dois primeiros meses de 2024 e que al\u00e9m disso, o sal\u00e1rio m\u00e9dio destes setores \u00e9 de 12,7% superior aos setores que n\u00e3o contam com essa desonera\u00e7\u00e3o tribut\u00e1ria.<\/p>\n\n\n\n<p>Espera-se que o Ministro da Fazenda possa renegociar com o Congresso uma agenda para o fim da desonera\u00e7\u00e3o.<\/p>\n\n\n\n<p>Por fim, \u00e9 preciso cautela dos empres\u00e1rios ao analisar as op\u00e7\u00f5es mencionadas, verificando o cen\u00e1rio empresarial e analisando internamente a possibilidade de ajuizar a quest\u00e3o.<\/p>\n\n\n\n<p>Outrossim, devido essas fragilidades sobre o tema, as empresas dever\u00e3o avaliar as op\u00e7\u00f5es mencionadas, dentre elas avaliar se seria o caso de ajuizar a\u00e7\u00e3o judicial ou realizar uma prepara\u00e7\u00e3o em seus caixas para cumprimento da obriga\u00e7\u00e3o que j\u00e1 vale para esse m\u00eas, verificando a realidade individual de cada empresa.<\/p>\n\n\n\n<p>Esses s\u00e3o os pontos mais importantes sobre Desonera\u00e7\u00e3o da Folha: Suspens\u00e3o e Impactos Setoriais a Amaral Yazbek Advogados permanece \u00e0 disposi\u00e7\u00e3o para prestar quaisquer esclarecimentos adicionais sobre o tema.<\/p>\n\n\n\n<p><\/p>\n\n\n\n<figure class=\"wp-block-embed is-type-rich is-provider-spotify wp-block-embed-spotify wp-embed-aspect-21-9 wp-has-aspect-ratio\"><div class=\"wp-block-embed__wrapper\">\n<iframe title=\"Spotify Embed: O impacto da suspens\u00e3o da lei que prorrogou a desonera\u00e7\u00e3o da folha at\u00e9 2027 para diversos setores\" style=\"border-radius: 12px\" width=\"100%\" height=\"152\" frameborder=\"0\" allowfullscreen allow=\"autoplay; clipboard-write; encrypted-media; fullscreen; picture-in-picture\" loading=\"lazy\" src=\"https:\/\/open.spotify.com\/embed\/episode\/7avsCDTTHzqaqvTskTBjOG?si=380de0e56c894c04&#038;utm_source=oembed\"><\/iframe>\n<\/div><\/figure>\n\n\n\n<hr class=\"wp-block-separator has-text-color has-palette-color-1-color has-css-opacity has-palette-color-1-background-color has-background is-style-dots\"\/>\n\n\n\n<div class=\"wp-block-group has-palette-color-6-background-color has-background is-layout-flow wp-block-group-is-layout-flow\">\n<p style=\"font-size:0.8em\">A Amaral,\u00a0Yazbek, OAB\/PR 762, possui 36 anos de experi\u00eancia auxiliando empresas a transformar a tributa\u00e7\u00e3o em lucro. Entre em contato com um dos s\u00f3cios para agendamento de reuni\u00e3o em caso de d\u00favidas.\u00a0\u00a0\u00a0<\/p>\n\n\n\n<p style=\"font-size:0.8em\">Contato: 41 3595-8300 ou pelo nosso WhatsApp 41 99567-5696\u00a0\u00a0\u00a0<\/p>\n\n\n\n<p style=\"font-size:0.8em\">Av. C\u00e2ndido Hartmann, 50 \u2013\u00a0Bigorrilho\u00a0| Curitiba-PR\u00a0\u00a0\u00a0<\/p>\n\n\n\n<p style=\"font-size:0.8em\">Assine nossa <a href=\"http:\/\/ayadvogados.com.br\/contato\/\">Newsletter<\/a> e fique por dentro das novidades!\u00a0\u00a0\u00a0<\/p>\n\n\n\n<p style=\"font-size:0.8em\">Quer receber seu exemplar da revista Governan\u00e7a Jur\u00eddica? <a href=\"http:\/\/ayadvogados.com.br\/revista\/\" data-type=\"page\" data-id=\"68\">Clique\u00a0aqui\u00a0e pe\u00e7a a sua<\/a>.\u00a0\u00a0\u00a0<\/p>\n\n\n\n<p style=\"font-size:0.8em\">Nos acompanhe nas redes sociais:\u00a0<a href=\"https:\/\/www.facebook.com\/AYadvogados\">Facebook<\/a>\u00a0|\u00a0<a href=\"https:\/\/www.instagram.com\/ayadvogados\/\">Instagram<\/a>\u00a0|\u00a0<a href=\"https:\/\/www.linkedin.com\/company\/amaral-yazbek-advogados\">Linkedin<\/a>\u00a0<\/p>\n\n\n\n<p style=\"font-size:0.8em\">J\u00e1 conhece o canal Direito da Intelig\u00eancia de Neg\u00f3cios?\u00a0<a href=\"https:\/\/www.youtube.com\/channel\/UCu2Mpu32ht8DEN8OFRXYMyw\">Inscreva-se j\u00e1<\/a><\/p>\n<\/div>\n","protected":false},"excerpt":{"rendered":"<p>Desonera\u00e7\u00e3o da Folha: Suspens\u00e3o e Impactos Setoriais O ministro Cristiano Zanin, do Supremo Tribunal Federal, suspendeu pontos da lei que prorroga a desonera\u00e7\u00e3o da folha de pagamento de munic\u00edpios e de diversos setores produtivos at\u00e9 2027. Na avalia\u00e7\u00e3o do magistrado, a norma n\u00e3o observou o que disp\u00f5e a Constitui\u00e7\u00e3o quanto ao impacto or\u00e7ament\u00e1rio e financeiro. [&hellip;]<\/p>\n","protected":false},"author":3,"featured_media":3295,"comment_status":"open","ping_status":"open","sticky":false,"template":"","format":"standard","meta":{"footnotes":""},"categories":[5],"tags":[9,10,123,124,45,96],"class_list":["post-3293","post","type-post","status-publish","format-standard","has-post-thumbnail","hentry","category-dincast","tag-amaral-yazbek","tag-dincast","tag-dividas","tag-nova-forma-de-regularizar","tag-receita-federal","tag-reforma-tributaria"],"blocksy_meta":{"styles_descriptor":{"styles":{"desktop":"","tablet":"","mobile":""},"google_fonts":[],"version":6}},"yoast_head":"<!-- This site is optimized with the Yoast SEO plugin v27.5 - https:\/\/yoast.com\/product\/yoast-seo-wordpress\/ -->\n<title>Desonera\u00e7\u00e3o da Folha: Suspens\u00e3o e Impactos Setoriais<\/title>\n<meta name=\"description\" content=\"Desonera\u00e7\u00e3o da Folha: Suspens\u00e3o e Impactos Setoriais. O impacto da suspens\u00e3o da lei que prorrogou a desonera\u00e7\u00e3o da folha at\u00e9 2027\" \/>\n<meta name=\"robots\" content=\"index, follow, max-snippet:-1, max-image-preview:large, max-video-preview:-1\" \/>\n<link rel=\"canonical\" href=\"https:\/\/www.ayadvogados.com.br\/?p=3293\" \/>\n<meta property=\"og:locale\" content=\"pt_BR\" \/>\n<meta property=\"og:type\" content=\"article\" \/>\n<meta property=\"og:title\" content=\"Desonera\u00e7\u00e3o da Folha: Suspens\u00e3o e Impactos Setoriais\" \/>\n<meta property=\"og:description\" content=\"Desonera\u00e7\u00e3o da Folha: Suspens\u00e3o e Impactos Setoriais. O impacto da suspens\u00e3o da lei que prorrogou a desonera\u00e7\u00e3o da folha at\u00e9 2027\" \/>\n<meta property=\"og:url\" content=\"https:\/\/www.ayadvogados.com.br\/?p=3293\" \/>\n<meta property=\"og:site_name\" content=\"Amaral, Yazbek Advogados\" \/>\n<meta property=\"article:publisher\" content=\"https:\/\/www.facebook.com\/AYadvogados\" \/>\n<meta property=\"article:published_time\" content=\"2024-05-07T13:18:27+00:00\" \/>\n<meta property=\"article:modified_time\" content=\"2024-05-07T13:48:28+00:00\" \/>\n<meta property=\"og:image\" content=\"https:\/\/www.ayadvogados.com.br\/wp-content\/uploads\/2024\/05\/Banner-reels-copiar-3.png\" \/>\n\t<meta property=\"og:image:width\" content=\"1920\" \/>\n\t<meta property=\"og:image:height\" content=\"1080\" \/>\n\t<meta property=\"og:image:type\" content=\"image\/png\" \/>\n<meta name=\"author\" content=\"Infra\" \/>\n<meta name=\"twitter:card\" content=\"summary_large_image\" \/>\n<meta name=\"twitter:label1\" content=\"Escrito por\" \/>\n\t<meta name=\"twitter:data1\" content=\"Infra\" \/>\n\t<meta name=\"twitter:label2\" content=\"Est. tempo de leitura\" \/>\n\t<meta name=\"twitter:data2\" content=\"4 minutos\" \/>\n<script type=\"application\/ld+json\" class=\"yoast-schema-graph\">{\"@context\":\"https:\\\/\\\/schema.org\",\"@graph\":[{\"@type\":\"Article\",\"@id\":\"https:\\\/\\\/www.ayadvogados.com.br\\\/?p=3293#article\",\"isPartOf\":{\"@id\":\"https:\\\/\\\/www.ayadvogados.com.br\\\/?p=3293\"},\"author\":{\"name\":\"Infra\",\"@id\":\"https:\\\/\\\/34.239.117.254\\\/#\\\/schema\\\/person\\\/6b9165a58758b048b8ea5a4fbd4ec3c4\"},\"headline\":\"O impacto da suspens\u00e3o da lei que prorrogou a desonera\u00e7\u00e3o da folha at\u00e9 2027 para diversos setores\",\"datePublished\":\"2024-05-07T13:18:27+00:00\",\"dateModified\":\"2024-05-07T13:48:28+00:00\",\"mainEntityOfPage\":{\"@id\":\"https:\\\/\\\/www.ayadvogados.com.br\\\/?p=3293\"},\"wordCount\":791,\"commentCount\":0,\"publisher\":{\"@id\":\"https:\\\/\\\/34.239.117.254\\\/#organization\"},\"image\":{\"@id\":\"https:\\\/\\\/www.ayadvogados.com.br\\\/?p=3293#primaryimage\"},\"thumbnailUrl\":\"https:\\\/\\\/www.ayadvogados.com.br\\\/wp-content\\\/uploads\\\/2024\\\/05\\\/Banner-reels-copiar-3.png\",\"keywords\":[\"amaral yazbek\",\"dincast\",\"dividas\",\"nova forma de regularizar\",\"receita federal\",\"Reforma Tribut\u00e1ria\"],\"articleSection\":[\"DINCast\"],\"inLanguage\":\"pt-BR\",\"potentialAction\":[{\"@type\":\"CommentAction\",\"name\":\"Comment\",\"target\":[\"https:\\\/\\\/www.ayadvogados.com.br\\\/?p=3293#respond\"]}]},{\"@type\":\"WebPage\",\"@id\":\"https:\\\/\\\/www.ayadvogados.com.br\\\/?p=3293\",\"url\":\"https:\\\/\\\/www.ayadvogados.com.br\\\/?p=3293\",\"name\":\"Desonera\u00e7\u00e3o da Folha: Suspens\u00e3o e Impactos Setoriais\",\"isPartOf\":{\"@id\":\"https:\\\/\\\/34.239.117.254\\\/#website\"},\"primaryImageOfPage\":{\"@id\":\"https:\\\/\\\/www.ayadvogados.com.br\\\/?p=3293#primaryimage\"},\"image\":{\"@id\":\"https:\\\/\\\/www.ayadvogados.com.br\\\/?p=3293#primaryimage\"},\"thumbnailUrl\":\"https:\\\/\\\/www.ayadvogados.com.br\\\/wp-content\\\/uploads\\\/2024\\\/05\\\/Banner-reels-copiar-3.png\",\"datePublished\":\"2024-05-07T13:18:27+00:00\",\"dateModified\":\"2024-05-07T13:48:28+00:00\",\"description\":\"Desonera\u00e7\u00e3o da Folha: Suspens\u00e3o e Impactos Setoriais. O impacto da suspens\u00e3o da lei que prorrogou a desonera\u00e7\u00e3o da folha at\u00e9 2027\",\"breadcrumb\":{\"@id\":\"https:\\\/\\\/www.ayadvogados.com.br\\\/?p=3293#breadcrumb\"},\"inLanguage\":\"pt-BR\",\"potentialAction\":[{\"@type\":\"ReadAction\",\"target\":[\"https:\\\/\\\/www.ayadvogados.com.br\\\/?p=3293\"]}]},{\"@type\":\"ImageObject\",\"inLanguage\":\"pt-BR\",\"@id\":\"https:\\\/\\\/www.ayadvogados.com.br\\\/?p=3293#primaryimage\",\"url\":\"https:\\\/\\\/www.ayadvogados.com.br\\\/wp-content\\\/uploads\\\/2024\\\/05\\\/Banner-reels-copiar-3.png\",\"contentUrl\":\"https:\\\/\\\/www.ayadvogados.com.br\\\/wp-content\\\/uploads\\\/2024\\\/05\\\/Banner-reels-copiar-3.png\",\"width\":1920,\"height\":1080,\"caption\":\"Desonera\u00e7\u00e3o da Folha: Suspens\u00e3o e Impactos Setoriais\"},{\"@type\":\"BreadcrumbList\",\"@id\":\"https:\\\/\\\/www.ayadvogados.com.br\\\/?p=3293#breadcrumb\",\"itemListElement\":[{\"@type\":\"ListItem\",\"position\":1,\"name\":\"In\u00edcio\",\"item\":\"https:\\\/\\\/34.239.117.254\\\/\"},{\"@type\":\"ListItem\",\"position\":2,\"name\":\"O impacto da suspens\u00e3o da lei que prorrogou a desonera\u00e7\u00e3o da folha at\u00e9 2027 para diversos setores\"}]},{\"@type\":\"WebSite\",\"@id\":\"https:\\\/\\\/34.239.117.254\\\/#website\",\"url\":\"https:\\\/\\\/34.239.117.254\\\/\",\"name\":\"Amaral, Yazbek Advogados\",\"description\":\"Curitiba \u2022 Bras\u00edlia \u2022 S\u00e3o Paulo\",\"publisher\":{\"@id\":\"https:\\\/\\\/34.239.117.254\\\/#organization\"},\"potentialAction\":[{\"@type\":\"SearchAction\",\"target\":{\"@type\":\"EntryPoint\",\"urlTemplate\":\"https:\\\/\\\/34.239.117.254\\\/?s={search_term_string}\"},\"query-input\":{\"@type\":\"PropertyValueSpecification\",\"valueRequired\":true,\"valueName\":\"search_term_string\"}}],\"inLanguage\":\"pt-BR\"},{\"@type\":\"Organization\",\"@id\":\"https:\\\/\\\/34.239.117.254\\\/#organization\",\"name\":\"Amaral, Yazbek Advogados\",\"url\":\"https:\\\/\\\/34.239.117.254\\\/\",\"logo\":{\"@type\":\"ImageObject\",\"inLanguage\":\"pt-BR\",\"@id\":\"https:\\\/\\\/34.239.117.254\\\/#\\\/schema\\\/logo\\\/image\\\/\",\"url\":\"http:\\\/\\\/34.239.117.254\\\/wp-content\\\/uploads\\\/2021\\\/03\\\/logo-ay-g.png\",\"contentUrl\":\"http:\\\/\\\/34.239.117.254\\\/wp-content\\\/uploads\\\/2021\\\/03\\\/logo-ay-g.png\",\"width\":434,\"height\":106,\"caption\":\"Amaral, Yazbek Advogados\"},\"image\":{\"@id\":\"https:\\\/\\\/34.239.117.254\\\/#\\\/schema\\\/logo\\\/image\\\/\"},\"sameAs\":[\"https:\\\/\\\/www.facebook.com\\\/AYadvogados\",\"https:\\\/\\\/www.instagram.com\\\/ayadvogados\\\/\"]},{\"@type\":\"Person\",\"@id\":\"https:\\\/\\\/34.239.117.254\\\/#\\\/schema\\\/person\\\/6b9165a58758b048b8ea5a4fbd4ec3c4\",\"name\":\"Infra\",\"image\":{\"@type\":\"ImageObject\",\"inLanguage\":\"pt-BR\",\"@id\":\"https:\\\/\\\/secure.gravatar.com\\\/avatar\\\/60bf67293e186b9c834e31753dcc586dfcedb661d13b6b9ba29ac991ccafc035?s=96&d=mm&r=g\",\"url\":\"https:\\\/\\\/secure.gravatar.com\\\/avatar\\\/60bf67293e186b9c834e31753dcc586dfcedb661d13b6b9ba29ac991ccafc035?s=96&d=mm&r=g\",\"contentUrl\":\"https:\\\/\\\/secure.gravatar.com\\\/avatar\\\/60bf67293e186b9c834e31753dcc586dfcedb661d13b6b9ba29ac991ccafc035?s=96&d=mm&r=g\",\"caption\":\"Infra\"},\"url\":\"https:\\\/\\\/www.ayadvogados.com.br\\\/?author=3\"}]}<\/script>\n<!-- \/ Yoast SEO plugin. -->","yoast_head_json":{"title":"Desonera\u00e7\u00e3o da Folha: Suspens\u00e3o e Impactos Setoriais","description":"Desonera\u00e7\u00e3o da Folha: Suspens\u00e3o e Impactos Setoriais. O impacto da suspens\u00e3o da lei que prorrogou a desonera\u00e7\u00e3o da folha at\u00e9 2027","robots":{"index":"index","follow":"follow","max-snippet":"max-snippet:-1","max-image-preview":"max-image-preview:large","max-video-preview":"max-video-preview:-1"},"canonical":"https:\/\/www.ayadvogados.com.br\/?p=3293","og_locale":"pt_BR","og_type":"article","og_title":"Desonera\u00e7\u00e3o da Folha: Suspens\u00e3o e Impactos Setoriais","og_description":"Desonera\u00e7\u00e3o da Folha: Suspens\u00e3o e Impactos Setoriais. O impacto da suspens\u00e3o da lei que prorrogou a desonera\u00e7\u00e3o da folha at\u00e9 2027","og_url":"https:\/\/www.ayadvogados.com.br\/?p=3293","og_site_name":"Amaral, Yazbek Advogados","article_publisher":"https:\/\/www.facebook.com\/AYadvogados","article_published_time":"2024-05-07T13:18:27+00:00","article_modified_time":"2024-05-07T13:48:28+00:00","og_image":[{"width":1920,"height":1080,"url":"https:\/\/www.ayadvogados.com.br\/wp-content\/uploads\/2024\/05\/Banner-reels-copiar-3.png","type":"image\/png"}],"author":"Infra","twitter_card":"summary_large_image","twitter_misc":{"Escrito por":"Infra","Est. tempo de leitura":"4 minutos"},"schema":{"@context":"https:\/\/schema.org","@graph":[{"@type":"Article","@id":"https:\/\/www.ayadvogados.com.br\/?p=3293#article","isPartOf":{"@id":"https:\/\/www.ayadvogados.com.br\/?p=3293"},"author":{"name":"Infra","@id":"https:\/\/34.239.117.254\/#\/schema\/person\/6b9165a58758b048b8ea5a4fbd4ec3c4"},"headline":"O impacto da suspens\u00e3o da lei que prorrogou a desonera\u00e7\u00e3o da folha at\u00e9 2027 para diversos setores","datePublished":"2024-05-07T13:18:27+00:00","dateModified":"2024-05-07T13:48:28+00:00","mainEntityOfPage":{"@id":"https:\/\/www.ayadvogados.com.br\/?p=3293"},"wordCount":791,"commentCount":0,"publisher":{"@id":"https:\/\/34.239.117.254\/#organization"},"image":{"@id":"https:\/\/www.ayadvogados.com.br\/?p=3293#primaryimage"},"thumbnailUrl":"https:\/\/www.ayadvogados.com.br\/wp-content\/uploads\/2024\/05\/Banner-reels-copiar-3.png","keywords":["amaral yazbek","dincast","dividas","nova forma de regularizar","receita federal","Reforma Tribut\u00e1ria"],"articleSection":["DINCast"],"inLanguage":"pt-BR","potentialAction":[{"@type":"CommentAction","name":"Comment","target":["https:\/\/www.ayadvogados.com.br\/?p=3293#respond"]}]},{"@type":"WebPage","@id":"https:\/\/www.ayadvogados.com.br\/?p=3293","url":"https:\/\/www.ayadvogados.com.br\/?p=3293","name":"Desonera\u00e7\u00e3o da Folha: Suspens\u00e3o e Impactos Setoriais","isPartOf":{"@id":"https:\/\/34.239.117.254\/#website"},"primaryImageOfPage":{"@id":"https:\/\/www.ayadvogados.com.br\/?p=3293#primaryimage"},"image":{"@id":"https:\/\/www.ayadvogados.com.br\/?p=3293#primaryimage"},"thumbnailUrl":"https:\/\/www.ayadvogados.com.br\/wp-content\/uploads\/2024\/05\/Banner-reels-copiar-3.png","datePublished":"2024-05-07T13:18:27+00:00","dateModified":"2024-05-07T13:48:28+00:00","description":"Desonera\u00e7\u00e3o da Folha: Suspens\u00e3o e Impactos Setoriais. O impacto da suspens\u00e3o da lei que prorrogou a desonera\u00e7\u00e3o da folha at\u00e9 2027","breadcrumb":{"@id":"https:\/\/www.ayadvogados.com.br\/?p=3293#breadcrumb"},"inLanguage":"pt-BR","potentialAction":[{"@type":"ReadAction","target":["https:\/\/www.ayadvogados.com.br\/?p=3293"]}]},{"@type":"ImageObject","inLanguage":"pt-BR","@id":"https:\/\/www.ayadvogados.com.br\/?p=3293#primaryimage","url":"https:\/\/www.ayadvogados.com.br\/wp-content\/uploads\/2024\/05\/Banner-reels-copiar-3.png","contentUrl":"https:\/\/www.ayadvogados.com.br\/wp-content\/uploads\/2024\/05\/Banner-reels-copiar-3.png","width":1920,"height":1080,"caption":"Desonera\u00e7\u00e3o da Folha: Suspens\u00e3o e Impactos Setoriais"},{"@type":"BreadcrumbList","@id":"https:\/\/www.ayadvogados.com.br\/?p=3293#breadcrumb","itemListElement":[{"@type":"ListItem","position":1,"name":"In\u00edcio","item":"https:\/\/34.239.117.254\/"},{"@type":"ListItem","position":2,"name":"O impacto da suspens\u00e3o da lei que prorrogou a desonera\u00e7\u00e3o da folha at\u00e9 2027 para diversos setores"}]},{"@type":"WebSite","@id":"https:\/\/34.239.117.254\/#website","url":"https:\/\/34.239.117.254\/","name":"Amaral, Yazbek Advogados","description":"Curitiba \u2022 Bras\u00edlia \u2022 S\u00e3o Paulo","publisher":{"@id":"https:\/\/34.239.117.254\/#organization"},"potentialAction":[{"@type":"SearchAction","target":{"@type":"EntryPoint","urlTemplate":"https:\/\/34.239.117.254\/?s={search_term_string}"},"query-input":{"@type":"PropertyValueSpecification","valueRequired":true,"valueName":"search_term_string"}}],"inLanguage":"pt-BR"},{"@type":"Organization","@id":"https:\/\/34.239.117.254\/#organization","name":"Amaral, Yazbek Advogados","url":"https:\/\/34.239.117.254\/","logo":{"@type":"ImageObject","inLanguage":"pt-BR","@id":"https:\/\/34.239.117.254\/#\/schema\/logo\/image\/","url":"http:\/\/34.239.117.254\/wp-content\/uploads\/2021\/03\/logo-ay-g.png","contentUrl":"http:\/\/34.239.117.254\/wp-content\/uploads\/2021\/03\/logo-ay-g.png","width":434,"height":106,"caption":"Amaral, Yazbek Advogados"},"image":{"@id":"https:\/\/34.239.117.254\/#\/schema\/logo\/image\/"},"sameAs":["https:\/\/www.facebook.com\/AYadvogados","https:\/\/www.instagram.com\/ayadvogados\/"]},{"@type":"Person","@id":"https:\/\/34.239.117.254\/#\/schema\/person\/6b9165a58758b048b8ea5a4fbd4ec3c4","name":"Infra","image":{"@type":"ImageObject","inLanguage":"pt-BR","@id":"https:\/\/secure.gravatar.com\/avatar\/60bf67293e186b9c834e31753dcc586dfcedb661d13b6b9ba29ac991ccafc035?s=96&d=mm&r=g","url":"https:\/\/secure.gravatar.com\/avatar\/60bf67293e186b9c834e31753dcc586dfcedb661d13b6b9ba29ac991ccafc035?s=96&d=mm&r=g","contentUrl":"https:\/\/secure.gravatar.com\/avatar\/60bf67293e186b9c834e31753dcc586dfcedb661d13b6b9ba29ac991ccafc035?s=96&d=mm&r=g","caption":"Infra"},"url":"https:\/\/www.ayadvogados.com.br\/?author=3"}]}},"rttpg_featured_image_url":{"full":["https:\/\/www.ayadvogados.com.br\/wp-content\/uploads\/2024\/05\/Banner-reels-copiar-3.png",1920,1080,false],"landscape":["https:\/\/www.ayadvogados.com.br\/wp-content\/uploads\/2024\/05\/Banner-reels-copiar-3.png",1920,1080,false],"portraits":["https:\/\/www.ayadvogados.com.br\/wp-content\/uploads\/2024\/05\/Banner-reels-copiar-3.png",1920,1080,false],"thumbnail":["https:\/\/www.ayadvogados.com.br\/wp-content\/uploads\/2024\/05\/Banner-reels-copiar-3-150x150.png",150,150,true],"medium":["https:\/\/www.ayadvogados.com.br\/wp-content\/uploads\/2024\/05\/Banner-reels-copiar-3-300x169.png",300,169,true],"large":["https:\/\/www.ayadvogados.com.br\/wp-content\/uploads\/2024\/05\/Banner-reels-copiar-3-1024x576.png",1024,576,true],"1536x1536":["https:\/\/www.ayadvogados.com.br\/wp-content\/uploads\/2024\/05\/Banner-reels-copiar-3-1536x864.png",1536,864,true],"2048x2048":["https:\/\/www.ayadvogados.com.br\/wp-content\/uploads\/2024\/05\/Banner-reels-copiar-3.png",1920,1080,false]},"rttpg_author":{"display_name":"Infra","author_link":"https:\/\/www.ayadvogados.com.br\/?author=3"},"rttpg_comment":0,"rttpg_category":"<a href=\"https:\/\/www.ayadvogados.com.br\/?cat=5\" rel=\"category\">DINCast<\/a>","rttpg_excerpt":"Desonera\u00e7\u00e3o da Folha: Suspens\u00e3o e Impactos Setoriais O ministro Cristiano Zanin, do Supremo Tribunal Federal, suspendeu pontos da lei que prorroga a desonera\u00e7\u00e3o da folha de pagamento de munic\u00edpios e de diversos setores produtivos at\u00e9 2027. Na avalia\u00e7\u00e3o do magistrado, a norma n\u00e3o observou o que disp\u00f5e a Constitui\u00e7\u00e3o quanto ao impacto or\u00e7ament\u00e1rio e financeiro.&hellip;","_links":{"self":[{"href":"https:\/\/www.ayadvogados.com.br\/index.php?rest_route=\/wp\/v2\/posts\/3293","targetHints":{"allow":["GET"]}}],"collection":[{"href":"https:\/\/www.ayadvogados.com.br\/index.php?rest_route=\/wp\/v2\/posts"}],"about":[{"href":"https:\/\/www.ayadvogados.com.br\/index.php?rest_route=\/wp\/v2\/types\/post"}],"author":[{"embeddable":true,"href":"https:\/\/www.ayadvogados.com.br\/index.php?rest_route=\/wp\/v2\/users\/3"}],"replies":[{"embeddable":true,"href":"https:\/\/www.ayadvogados.com.br\/index.php?rest_route=%2Fwp%2Fv2%2Fcomments&post=3293"}],"version-history":[{"count":2,"href":"https:\/\/www.ayadvogados.com.br\/index.php?rest_route=\/wp\/v2\/posts\/3293\/revisions"}],"predecessor-version":[{"id":3296,"href":"https:\/\/www.ayadvogados.com.br\/index.php?rest_route=\/wp\/v2\/posts\/3293\/revisions\/3296"}],"wp:featuredmedia":[{"embeddable":true,"href":"https:\/\/www.ayadvogados.com.br\/index.php?rest_route=\/wp\/v2\/media\/3295"}],"wp:attachment":[{"href":"https:\/\/www.ayadvogados.com.br\/index.php?rest_route=%2Fwp%2Fv2%2Fmedia&parent=3293"}],"wp:term":[{"taxonomy":"category","embeddable":true,"href":"https:\/\/www.ayadvogados.com.br\/index.php?rest_route=%2Fwp%2Fv2%2Fcategories&post=3293"},{"taxonomy":"post_tag","embeddable":true,"href":"https:\/\/www.ayadvogados.com.br\/index.php?rest_route=%2Fwp%2Fv2%2Ftags&post=3293"}],"curies":[{"name":"wp","href":"https:\/\/api.w.org\/{rel}","templated":true}]}}