{"id":3254,"date":"2024-04-16T14:41:48","date_gmt":"2024-04-16T17:41:48","guid":{"rendered":"http:\/\/34.239.117.254\/?p=3254"},"modified":"2024-04-16T14:49:04","modified_gmt":"2024-04-16T17:49:04","slug":"receita-federal-concede-desconto-para-empresas-regularizarem-debitos","status":"publish","type":"post","link":"https:\/\/www.ayadvogados.com.br\/?p=3254","title":{"rendered":"Receita Federal Concede Desconto para Empresas Regularizarem D\u00e9bitos Relacionados \u00e0s Subven\u00e7\u00f5es de Investimento."},"content":{"rendered":"\n<p><strong>RF Concede Desconto para Empresas Regularizarem D\u00e9bitos<\/strong>.<\/p>\n\n\n\n<p>A Receita Federal anunciou uma medida que pode impactar significativamente diversas empresas no pa\u00eds. No dia 10\/04\/2024, abriu-se o prazo de autorregulariza\u00e7\u00e3o para aquelas que exclu\u00edram indevidamente benef\u00edcios fiscais de ICMS da base de c\u00e1lculo do IRPJ e da CSLL.<\/p>\n\n\n\n<p>Essa iniciativa vem como resposta a uma nova lei sancionada pelo presidente Luiz In\u00e1cio Lula da Silva em dezembro de 2023. A&nbsp; referida legisla\u00e7\u00e3o limitou a possibilidade de subven\u00e7\u00f5es concedidas por Estados via cr\u00e9ditos de ICMS serem desconsideradas da base de c\u00e1lculo para recolhimento de dois tributos federais: o Imposto de Renda Pessoa Jur\u00eddica (IRPJ) e a Contribui\u00e7\u00e3o Social sobre o Lucro L\u00edquido (CSLL).<\/p>\n\n\n\n<p>Mas quais s\u00e3o os detalhes dessa autorregulariza\u00e7\u00e3o? A instru\u00e7\u00e3o normativa publicada pelo \u00f3rg\u00e3o do Minist\u00e9rio da Fazenda estabelece que ser\u00e3o aceitos d\u00e9bitos vencidos at\u00e9 29 de dezembro de 2023 de IRPJ ou CSLL em duas situa\u00e7\u00f5es espec\u00edficas.<\/p>\n\n\n\n<p>Em primeiro lugar, est\u00e3o os d\u00e9bitos relativos aos per\u00edodos de apura\u00e7\u00e3o encerrados at\u00e9 31 de dezembro de 2022, cujas exclus\u00f5es tenham sido efetuadas indevidamente na Escritura\u00e7\u00e3o Cont\u00e1bil Fiscal (ECF). E em segundo lugar, os d\u00e9bitos referentes aos per\u00edodos de apura\u00e7\u00e3o trimestrais do ano de 2023, que tenham sido informados nas Declara\u00e7\u00f5es de D\u00e9bitos e Cr\u00e9ditos Tribut\u00e1rios Federais (DCTF).<\/p>\n\n\n\n<p>Al\u00e9m disso, a instru\u00e7\u00e3o normativa tamb\u00e9m contempla a possibilidade de autorregulariza\u00e7\u00e3o de tributos administrados pela Receita Federal que tenham sido compensados indevidamente com cr\u00e9ditos de saldos negativos de IRPJ ou CSLL, ou com pagamentos indevidos ou a maior de IRPJ ou CSLL.<\/p>\n\n\n\n<p>E como ser\u00e1 feita essa liquida\u00e7\u00e3o dos d\u00e9bitos tribut\u00e1rios? A Receita Federal oferece duas op\u00e7\u00f5es. A primeira \u00e9 o pagamento da d\u00edvida consolidada, com uma redu\u00e7\u00e3o significativa de 80%, em at\u00e9 12 parcelas mensais e sucessivas. E a segunda op\u00e7\u00e3o \u00e9 o pagamento m\u00ednimo de 5% do valor da d\u00edvida consolidada, sem redu\u00e7\u00e3o, em at\u00e9 5 parcelas mensais e sucessivas, e o restante pode ser pago em at\u00e9 60 parcelas, com redu\u00e7\u00e3o de 50% do valor remanescente do d\u00e9bito, ou em at\u00e9 84 parcelas, com redu\u00e7\u00e3o de 35%.<\/p>\n\n\n\n<p>Mas aten\u00e7\u00e3o! O prazo para ades\u00e3o a essa autorregulariza\u00e7\u00e3o \u00e9 limitado. Para os per\u00edodos de apura\u00e7\u00e3o ocorridos at\u00e9 31 de dezembro de 2022, o requerimento de ades\u00e3o dever\u00e1 ser apresentado entre 10 e 30 de abril. J\u00e1 para os per\u00edodos de apura\u00e7\u00e3o referentes ao ano de 2023, o prazo vai de 10 de abril a 31 de julho.<\/p>\n\n\n\n<p>E com isso, encerramos mais um epis\u00f3dio do nosso DINcast. Fiquem atentos \u00e0s atualiza\u00e7\u00f5es e n\u00e3o deixem de se manter em conformidade com as obriga\u00e7\u00f5es fiscais da sua empresa. At\u00e9 a pr\u00f3xima!<\/p>\n\n\n\n<p><\/p>\n\n\n\n<figure class=\"wp-block-embed is-type-video is-provider-spotify wp-block-embed-spotify wp-embed-aspect-16-9 wp-has-aspect-ratio\"><div class=\"wp-block-embed__wrapper\">\n<iframe title=\"Spotify Embed: Receita Federal Concede Desconto para Empresas Regularizarem D\u00e9bitos Relacionados \u00e0s Subven\u00e7\u00f5es de Investimento.\" style=\"border-radius: 12px\" width=\"624\" height=\"351\" frameborder=\"0\" allowfullscreen allow=\"autoplay; clipboard-write; encrypted-media; fullscreen; picture-in-picture\" loading=\"lazy\" src=\"https:\/\/open.spotify.com\/embed\/episode\/70v9obctGEqb1sNnj4IA4P\/video?si=5d8658bd3a49474f&#038;utm_source=oembed\"><\/iframe>\n<\/div><\/figure>\n\n\n\n<hr class=\"wp-block-separator has-text-color has-palette-color-1-color has-css-opacity has-palette-color-1-background-color has-background is-style-dots\"\/>\n\n\n\n<div class=\"wp-block-group has-palette-color-6-background-color has-background is-layout-flow wp-block-group-is-layout-flow\">\n<p style=\"font-size:0.8em\">A Amaral,\u00a0Yazbek, OAB\/PR 762, possui 36 anos de experi\u00eancia auxiliando empresas a transformar a tributa\u00e7\u00e3o em lucro. Entre em contato com um dos s\u00f3cios para agendamento de reuni\u00e3o em caso de d\u00favidas.\u00a0\u00a0\u00a0<\/p>\n\n\n\n<p style=\"font-size:0.8em\">Contato: 41 3595-8300 ou pelo nosso WhatsApp 41 99567-5696\u00a0\u00a0\u00a0<\/p>\n\n\n\n<p style=\"font-size:0.8em\">Av. C\u00e2ndido Hartmann, 50 \u2013\u00a0Bigorrilho\u00a0| Curitiba-PR\u00a0\u00a0\u00a0<\/p>\n\n\n\n<p style=\"font-size:0.8em\">Assine nossa <a href=\"http:\/\/ayadvogados.com.br\/contato\/\">Newsletter<\/a> e fique por dentro das novidades!\u00a0\u00a0\u00a0<\/p>\n\n\n\n<p style=\"font-size:0.8em\">Quer receber seu exemplar da revista Governan\u00e7a Jur\u00eddica? <a href=\"http:\/\/ayadvogados.com.br\/revista\/\" data-type=\"page\" data-id=\"68\">Clique\u00a0aqui\u00a0e pe\u00e7a a sua<\/a>.\u00a0\u00a0\u00a0<\/p>\n\n\n\n<p style=\"font-size:0.8em\">Nos acompanhe nas redes sociais:\u00a0<a href=\"https:\/\/www.facebook.com\/AYadvogados\">Facebook<\/a>\u00a0|\u00a0<a href=\"https:\/\/www.instagram.com\/ayadvogados\/\">Instagram<\/a>\u00a0|\u00a0<a href=\"https:\/\/www.linkedin.com\/company\/amaral-yazbek-advogados\">Linkedin<\/a>\u00a0<\/p>\n\n\n\n<p style=\"font-size:0.8em\">J\u00e1 conhece o canal Direito da Intelig\u00eancia de Neg\u00f3cios?\u00a0<a href=\"https:\/\/www.youtube.com\/channel\/UCu2Mpu32ht8DEN8OFRXYMyw\">Inscreva-se j\u00e1<\/a><\/p>\n<\/div>\n","protected":false},"excerpt":{"rendered":"<p>RF Concede Desconto para Empresas Regularizarem D\u00e9bitos. A Receita Federal anunciou uma medida que pode impactar significativamente diversas empresas no pa\u00eds. No dia 10\/04\/2024, abriu-se o prazo de autorregulariza\u00e7\u00e3o para aquelas que exclu\u00edram indevidamente benef\u00edcios fiscais de ICMS da base de c\u00e1lculo do IRPJ e da CSLL. Essa iniciativa vem como resposta a uma nova [&hellip;]<\/p>\n","protected":false},"author":3,"featured_media":3256,"comment_status":"open","ping_status":"open","sticky":false,"template":"","format":"standard","meta":{"footnotes":""},"categories":[5],"tags":[9,10,123,124,45,96],"class_list":["post-3254","post","type-post","status-publish","format-standard","has-post-thumbnail","hentry","category-dincast","tag-amaral-yazbek","tag-dincast","tag-dividas","tag-nova-forma-de-regularizar","tag-receita-federal","tag-reforma-tributaria"],"blocksy_meta":{"styles_descriptor":{"styles":{"desktop":"","tablet":"","mobile":""},"google_fonts":[],"version":6}},"yoast_head":"<!-- This site is optimized with the Yoast SEO plugin v27.5 - https:\/\/yoast.com\/product\/yoast-seo-wordpress\/ -->\n<title>RF Concede Desconto para Empresas Regularizarem D\u00e9bitos<\/title>\n<meta name=\"description\" content=\"RF Concede Desconto para Empresas Regularizarem D\u00e9bitos Relacionados \u00e0s Subven\u00e7\u00f5es de Investimento. No dia 10\/04\/2024...\" \/>\n<meta name=\"robots\" content=\"index, follow, max-snippet:-1, max-image-preview:large, max-video-preview:-1\" \/>\n<link rel=\"canonical\" href=\"https:\/\/www.ayadvogados.com.br\/?p=3254\" \/>\n<meta property=\"og:locale\" content=\"pt_BR\" \/>\n<meta property=\"og:type\" content=\"article\" \/>\n<meta property=\"og:title\" content=\"RF Concede Desconto para Empresas Regularizarem D\u00e9bitos\" \/>\n<meta property=\"og:description\" content=\"RF Concede Desconto para Empresas Regularizarem D\u00e9bitos Relacionados \u00e0s Subven\u00e7\u00f5es de Investimento. No dia 10\/04\/2024...\" \/>\n<meta property=\"og:url\" content=\"https:\/\/www.ayadvogados.com.br\/?p=3254\" \/>\n<meta property=\"og:site_name\" content=\"Amaral, Yazbek Advogados\" \/>\n<meta property=\"article:publisher\" content=\"https:\/\/www.facebook.com\/AYadvogados\" \/>\n<meta property=\"article:published_time\" content=\"2024-04-16T17:41:48+00:00\" \/>\n<meta property=\"article:modified_time\" content=\"2024-04-16T17:49:04+00:00\" \/>\n<meta property=\"og:image\" content=\"https:\/\/www.ayadvogados.com.br\/wp-content\/uploads\/2024\/04\/Banner-reels-copiar-3.png\" \/>\n\t<meta property=\"og:image:width\" content=\"1920\" \/>\n\t<meta property=\"og:image:height\" content=\"1080\" \/>\n\t<meta property=\"og:image:type\" content=\"image\/png\" \/>\n<meta name=\"author\" content=\"Infra\" \/>\n<meta name=\"twitter:card\" content=\"summary_large_image\" \/>\n<meta name=\"twitter:label1\" content=\"Escrito por\" \/>\n\t<meta name=\"twitter:data1\" content=\"Infra\" \/>\n\t<meta name=\"twitter:label2\" content=\"Est. tempo de leitura\" \/>\n\t<meta name=\"twitter:data2\" content=\"3 minutos\" \/>\n<script type=\"application\/ld+json\" class=\"yoast-schema-graph\">{\"@context\":\"https:\\\/\\\/schema.org\",\"@graph\":[{\"@type\":\"Article\",\"@id\":\"https:\\\/\\\/www.ayadvogados.com.br\\\/?p=3254#article\",\"isPartOf\":{\"@id\":\"https:\\\/\\\/www.ayadvogados.com.br\\\/?p=3254\"},\"author\":{\"name\":\"Infra\",\"@id\":\"https:\\\/\\\/34.239.117.254\\\/#\\\/schema\\\/person\\\/6b9165a58758b048b8ea5a4fbd4ec3c4\"},\"headline\":\"Receita Federal Concede Desconto para Empresas Regularizarem D\u00e9bitos Relacionados \u00e0s Subven\u00e7\u00f5es de Investimento.\",\"datePublished\":\"2024-04-16T17:41:48+00:00\",\"dateModified\":\"2024-04-16T17:49:04+00:00\",\"mainEntityOfPage\":{\"@id\":\"https:\\\/\\\/www.ayadvogados.com.br\\\/?p=3254\"},\"wordCount\":500,\"commentCount\":0,\"publisher\":{\"@id\":\"https:\\\/\\\/34.239.117.254\\\/#organization\"},\"image\":{\"@id\":\"https:\\\/\\\/www.ayadvogados.com.br\\\/?p=3254#primaryimage\"},\"thumbnailUrl\":\"https:\\\/\\\/www.ayadvogados.com.br\\\/wp-content\\\/uploads\\\/2024\\\/04\\\/Banner-reels-copiar-3.png\",\"keywords\":[\"amaral yazbek\",\"dincast\",\"dividas\",\"nova forma de regularizar\",\"receita federal\",\"Reforma Tribut\u00e1ria\"],\"articleSection\":[\"DINCast\"],\"inLanguage\":\"pt-BR\",\"potentialAction\":[{\"@type\":\"CommentAction\",\"name\":\"Comment\",\"target\":[\"https:\\\/\\\/www.ayadvogados.com.br\\\/?p=3254#respond\"]}]},{\"@type\":\"WebPage\",\"@id\":\"https:\\\/\\\/www.ayadvogados.com.br\\\/?p=3254\",\"url\":\"https:\\\/\\\/www.ayadvogados.com.br\\\/?p=3254\",\"name\":\"RF Concede Desconto para Empresas Regularizarem D\u00e9bitos\",\"isPartOf\":{\"@id\":\"https:\\\/\\\/34.239.117.254\\\/#website\"},\"primaryImageOfPage\":{\"@id\":\"https:\\\/\\\/www.ayadvogados.com.br\\\/?p=3254#primaryimage\"},\"image\":{\"@id\":\"https:\\\/\\\/www.ayadvogados.com.br\\\/?p=3254#primaryimage\"},\"thumbnailUrl\":\"https:\\\/\\\/www.ayadvogados.com.br\\\/wp-content\\\/uploads\\\/2024\\\/04\\\/Banner-reels-copiar-3.png\",\"datePublished\":\"2024-04-16T17:41:48+00:00\",\"dateModified\":\"2024-04-16T17:49:04+00:00\",\"description\":\"RF Concede Desconto para Empresas Regularizarem D\u00e9bitos Relacionados \u00e0s Subven\u00e7\u00f5es de Investimento. No dia 10\\\/04\\\/2024...\",\"breadcrumb\":{\"@id\":\"https:\\\/\\\/www.ayadvogados.com.br\\\/?p=3254#breadcrumb\"},\"inLanguage\":\"pt-BR\",\"potentialAction\":[{\"@type\":\"ReadAction\",\"target\":[\"https:\\\/\\\/www.ayadvogados.com.br\\\/?p=3254\"]}]},{\"@type\":\"ImageObject\",\"inLanguage\":\"pt-BR\",\"@id\":\"https:\\\/\\\/www.ayadvogados.com.br\\\/?p=3254#primaryimage\",\"url\":\"https:\\\/\\\/www.ayadvogados.com.br\\\/wp-content\\\/uploads\\\/2024\\\/04\\\/Banner-reels-copiar-3.png\",\"contentUrl\":\"https:\\\/\\\/www.ayadvogados.com.br\\\/wp-content\\\/uploads\\\/2024\\\/04\\\/Banner-reels-copiar-3.png\",\"width\":1920,\"height\":1080,\"caption\":\"RF Concede Desconto para Empresas Regularizarem D\u00e9bitos.\"},{\"@type\":\"BreadcrumbList\",\"@id\":\"https:\\\/\\\/www.ayadvogados.com.br\\\/?p=3254#breadcrumb\",\"itemListElement\":[{\"@type\":\"ListItem\",\"position\":1,\"name\":\"In\u00edcio\",\"item\":\"https:\\\/\\\/34.239.117.254\\\/\"},{\"@type\":\"ListItem\",\"position\":2,\"name\":\"Receita Federal Concede Desconto para Empresas Regularizarem D\u00e9bitos Relacionados \u00e0s Subven\u00e7\u00f5es de Investimento.\"}]},{\"@type\":\"WebSite\",\"@id\":\"https:\\\/\\\/34.239.117.254\\\/#website\",\"url\":\"https:\\\/\\\/34.239.117.254\\\/\",\"name\":\"Amaral, Yazbek Advogados\",\"description\":\"Curitiba \u2022 Bras\u00edlia \u2022 S\u00e3o Paulo\",\"publisher\":{\"@id\":\"https:\\\/\\\/34.239.117.254\\\/#organization\"},\"potentialAction\":[{\"@type\":\"SearchAction\",\"target\":{\"@type\":\"EntryPoint\",\"urlTemplate\":\"https:\\\/\\\/34.239.117.254\\\/?s={search_term_string}\"},\"query-input\":{\"@type\":\"PropertyValueSpecification\",\"valueRequired\":true,\"valueName\":\"search_term_string\"}}],\"inLanguage\":\"pt-BR\"},{\"@type\":\"Organization\",\"@id\":\"https:\\\/\\\/34.239.117.254\\\/#organization\",\"name\":\"Amaral, Yazbek Advogados\",\"url\":\"https:\\\/\\\/34.239.117.254\\\/\",\"logo\":{\"@type\":\"ImageObject\",\"inLanguage\":\"pt-BR\",\"@id\":\"https:\\\/\\\/34.239.117.254\\\/#\\\/schema\\\/logo\\\/image\\\/\",\"url\":\"http:\\\/\\\/34.239.117.254\\\/wp-content\\\/uploads\\\/2021\\\/03\\\/logo-ay-g.png\",\"contentUrl\":\"http:\\\/\\\/34.239.117.254\\\/wp-content\\\/uploads\\\/2021\\\/03\\\/logo-ay-g.png\",\"width\":434,\"height\":106,\"caption\":\"Amaral, Yazbek Advogados\"},\"image\":{\"@id\":\"https:\\\/\\\/34.239.117.254\\\/#\\\/schema\\\/logo\\\/image\\\/\"},\"sameAs\":[\"https:\\\/\\\/www.facebook.com\\\/AYadvogados\",\"https:\\\/\\\/www.instagram.com\\\/ayadvogados\\\/\"]},{\"@type\":\"Person\",\"@id\":\"https:\\\/\\\/34.239.117.254\\\/#\\\/schema\\\/person\\\/6b9165a58758b048b8ea5a4fbd4ec3c4\",\"name\":\"Infra\",\"image\":{\"@type\":\"ImageObject\",\"inLanguage\":\"pt-BR\",\"@id\":\"https:\\\/\\\/secure.gravatar.com\\\/avatar\\\/60bf67293e186b9c834e31753dcc586dfcedb661d13b6b9ba29ac991ccafc035?s=96&d=mm&r=g\",\"url\":\"https:\\\/\\\/secure.gravatar.com\\\/avatar\\\/60bf67293e186b9c834e31753dcc586dfcedb661d13b6b9ba29ac991ccafc035?s=96&d=mm&r=g\",\"contentUrl\":\"https:\\\/\\\/secure.gravatar.com\\\/avatar\\\/60bf67293e186b9c834e31753dcc586dfcedb661d13b6b9ba29ac991ccafc035?s=96&d=mm&r=g\",\"caption\":\"Infra\"},\"url\":\"https:\\\/\\\/www.ayadvogados.com.br\\\/?author=3\"}]}<\/script>\n<!-- \/ Yoast SEO plugin. -->","yoast_head_json":{"title":"RF Concede Desconto para Empresas Regularizarem D\u00e9bitos","description":"RF Concede Desconto para Empresas Regularizarem D\u00e9bitos Relacionados \u00e0s Subven\u00e7\u00f5es de Investimento. No dia 10\/04\/2024...","robots":{"index":"index","follow":"follow","max-snippet":"max-snippet:-1","max-image-preview":"max-image-preview:large","max-video-preview":"max-video-preview:-1"},"canonical":"https:\/\/www.ayadvogados.com.br\/?p=3254","og_locale":"pt_BR","og_type":"article","og_title":"RF Concede Desconto para Empresas Regularizarem D\u00e9bitos","og_description":"RF Concede Desconto para Empresas Regularizarem D\u00e9bitos Relacionados \u00e0s Subven\u00e7\u00f5es de Investimento. No dia 10\/04\/2024...","og_url":"https:\/\/www.ayadvogados.com.br\/?p=3254","og_site_name":"Amaral, Yazbek Advogados","article_publisher":"https:\/\/www.facebook.com\/AYadvogados","article_published_time":"2024-04-16T17:41:48+00:00","article_modified_time":"2024-04-16T17:49:04+00:00","og_image":[{"width":1920,"height":1080,"url":"https:\/\/www.ayadvogados.com.br\/wp-content\/uploads\/2024\/04\/Banner-reels-copiar-3.png","type":"image\/png"}],"author":"Infra","twitter_card":"summary_large_image","twitter_misc":{"Escrito por":"Infra","Est. tempo de leitura":"3 minutos"},"schema":{"@context":"https:\/\/schema.org","@graph":[{"@type":"Article","@id":"https:\/\/www.ayadvogados.com.br\/?p=3254#article","isPartOf":{"@id":"https:\/\/www.ayadvogados.com.br\/?p=3254"},"author":{"name":"Infra","@id":"https:\/\/34.239.117.254\/#\/schema\/person\/6b9165a58758b048b8ea5a4fbd4ec3c4"},"headline":"Receita Federal Concede Desconto para Empresas Regularizarem D\u00e9bitos Relacionados \u00e0s Subven\u00e7\u00f5es de Investimento.","datePublished":"2024-04-16T17:41:48+00:00","dateModified":"2024-04-16T17:49:04+00:00","mainEntityOfPage":{"@id":"https:\/\/www.ayadvogados.com.br\/?p=3254"},"wordCount":500,"commentCount":0,"publisher":{"@id":"https:\/\/34.239.117.254\/#organization"},"image":{"@id":"https:\/\/www.ayadvogados.com.br\/?p=3254#primaryimage"},"thumbnailUrl":"https:\/\/www.ayadvogados.com.br\/wp-content\/uploads\/2024\/04\/Banner-reels-copiar-3.png","keywords":["amaral yazbek","dincast","dividas","nova forma de regularizar","receita federal","Reforma Tribut\u00e1ria"],"articleSection":["DINCast"],"inLanguage":"pt-BR","potentialAction":[{"@type":"CommentAction","name":"Comment","target":["https:\/\/www.ayadvogados.com.br\/?p=3254#respond"]}]},{"@type":"WebPage","@id":"https:\/\/www.ayadvogados.com.br\/?p=3254","url":"https:\/\/www.ayadvogados.com.br\/?p=3254","name":"RF Concede Desconto para Empresas Regularizarem D\u00e9bitos","isPartOf":{"@id":"https:\/\/34.239.117.254\/#website"},"primaryImageOfPage":{"@id":"https:\/\/www.ayadvogados.com.br\/?p=3254#primaryimage"},"image":{"@id":"https:\/\/www.ayadvogados.com.br\/?p=3254#primaryimage"},"thumbnailUrl":"https:\/\/www.ayadvogados.com.br\/wp-content\/uploads\/2024\/04\/Banner-reels-copiar-3.png","datePublished":"2024-04-16T17:41:48+00:00","dateModified":"2024-04-16T17:49:04+00:00","description":"RF Concede Desconto para Empresas Regularizarem D\u00e9bitos Relacionados \u00e0s Subven\u00e7\u00f5es de Investimento. No dia 10\/04\/2024...","breadcrumb":{"@id":"https:\/\/www.ayadvogados.com.br\/?p=3254#breadcrumb"},"inLanguage":"pt-BR","potentialAction":[{"@type":"ReadAction","target":["https:\/\/www.ayadvogados.com.br\/?p=3254"]}]},{"@type":"ImageObject","inLanguage":"pt-BR","@id":"https:\/\/www.ayadvogados.com.br\/?p=3254#primaryimage","url":"https:\/\/www.ayadvogados.com.br\/wp-content\/uploads\/2024\/04\/Banner-reels-copiar-3.png","contentUrl":"https:\/\/www.ayadvogados.com.br\/wp-content\/uploads\/2024\/04\/Banner-reels-copiar-3.png","width":1920,"height":1080,"caption":"RF Concede Desconto para Empresas Regularizarem D\u00e9bitos."},{"@type":"BreadcrumbList","@id":"https:\/\/www.ayadvogados.com.br\/?p=3254#breadcrumb","itemListElement":[{"@type":"ListItem","position":1,"name":"In\u00edcio","item":"https:\/\/34.239.117.254\/"},{"@type":"ListItem","position":2,"name":"Receita Federal Concede Desconto para Empresas Regularizarem D\u00e9bitos Relacionados \u00e0s Subven\u00e7\u00f5es de Investimento."}]},{"@type":"WebSite","@id":"https:\/\/34.239.117.254\/#website","url":"https:\/\/34.239.117.254\/","name":"Amaral, Yazbek Advogados","description":"Curitiba \u2022 Bras\u00edlia \u2022 S\u00e3o Paulo","publisher":{"@id":"https:\/\/34.239.117.254\/#organization"},"potentialAction":[{"@type":"SearchAction","target":{"@type":"EntryPoint","urlTemplate":"https:\/\/34.239.117.254\/?s={search_term_string}"},"query-input":{"@type":"PropertyValueSpecification","valueRequired":true,"valueName":"search_term_string"}}],"inLanguage":"pt-BR"},{"@type":"Organization","@id":"https:\/\/34.239.117.254\/#organization","name":"Amaral, Yazbek Advogados","url":"https:\/\/34.239.117.254\/","logo":{"@type":"ImageObject","inLanguage":"pt-BR","@id":"https:\/\/34.239.117.254\/#\/schema\/logo\/image\/","url":"http:\/\/34.239.117.254\/wp-content\/uploads\/2021\/03\/logo-ay-g.png","contentUrl":"http:\/\/34.239.117.254\/wp-content\/uploads\/2021\/03\/logo-ay-g.png","width":434,"height":106,"caption":"Amaral, Yazbek Advogados"},"image":{"@id":"https:\/\/34.239.117.254\/#\/schema\/logo\/image\/"},"sameAs":["https:\/\/www.facebook.com\/AYadvogados","https:\/\/www.instagram.com\/ayadvogados\/"]},{"@type":"Person","@id":"https:\/\/34.239.117.254\/#\/schema\/person\/6b9165a58758b048b8ea5a4fbd4ec3c4","name":"Infra","image":{"@type":"ImageObject","inLanguage":"pt-BR","@id":"https:\/\/secure.gravatar.com\/avatar\/60bf67293e186b9c834e31753dcc586dfcedb661d13b6b9ba29ac991ccafc035?s=96&d=mm&r=g","url":"https:\/\/secure.gravatar.com\/avatar\/60bf67293e186b9c834e31753dcc586dfcedb661d13b6b9ba29ac991ccafc035?s=96&d=mm&r=g","contentUrl":"https:\/\/secure.gravatar.com\/avatar\/60bf67293e186b9c834e31753dcc586dfcedb661d13b6b9ba29ac991ccafc035?s=96&d=mm&r=g","caption":"Infra"},"url":"https:\/\/www.ayadvogados.com.br\/?author=3"}]}},"rttpg_featured_image_url":{"full":["https:\/\/www.ayadvogados.com.br\/wp-content\/uploads\/2024\/04\/Banner-reels-copiar-3.png",1920,1080,false],"landscape":["https:\/\/www.ayadvogados.com.br\/wp-content\/uploads\/2024\/04\/Banner-reels-copiar-3.png",1920,1080,false],"portraits":["https:\/\/www.ayadvogados.com.br\/wp-content\/uploads\/2024\/04\/Banner-reels-copiar-3.png",1920,1080,false],"thumbnail":["https:\/\/www.ayadvogados.com.br\/wp-content\/uploads\/2024\/04\/Banner-reels-copiar-3-150x150.png",150,150,true],"medium":["https:\/\/www.ayadvogados.com.br\/wp-content\/uploads\/2024\/04\/Banner-reels-copiar-3-300x169.png",300,169,true],"large":["https:\/\/www.ayadvogados.com.br\/wp-content\/uploads\/2024\/04\/Banner-reels-copiar-3-1024x576.png",1024,576,true],"1536x1536":["https:\/\/www.ayadvogados.com.br\/wp-content\/uploads\/2024\/04\/Banner-reels-copiar-3-1536x864.png",1536,864,true],"2048x2048":["https:\/\/www.ayadvogados.com.br\/wp-content\/uploads\/2024\/04\/Banner-reels-copiar-3.png",1920,1080,false]},"rttpg_author":{"display_name":"Infra","author_link":"https:\/\/www.ayadvogados.com.br\/?author=3"},"rttpg_comment":0,"rttpg_category":"<a href=\"https:\/\/www.ayadvogados.com.br\/?cat=5\" rel=\"category\">DINCast<\/a>","rttpg_excerpt":"RF Concede Desconto para Empresas Regularizarem D\u00e9bitos. A Receita Federal anunciou uma medida que pode impactar significativamente diversas empresas no pa\u00eds. No dia 10\/04\/2024, abriu-se o prazo de autorregulariza\u00e7\u00e3o para aquelas que exclu\u00edram indevidamente benef\u00edcios fiscais de ICMS da base de c\u00e1lculo do IRPJ e da CSLL. Essa iniciativa vem como resposta a uma nova&hellip;","_links":{"self":[{"href":"https:\/\/www.ayadvogados.com.br\/index.php?rest_route=\/wp\/v2\/posts\/3254","targetHints":{"allow":["GET"]}}],"collection":[{"href":"https:\/\/www.ayadvogados.com.br\/index.php?rest_route=\/wp\/v2\/posts"}],"about":[{"href":"https:\/\/www.ayadvogados.com.br\/index.php?rest_route=\/wp\/v2\/types\/post"}],"author":[{"embeddable":true,"href":"https:\/\/www.ayadvogados.com.br\/index.php?rest_route=\/wp\/v2\/users\/3"}],"replies":[{"embeddable":true,"href":"https:\/\/www.ayadvogados.com.br\/index.php?rest_route=%2Fwp%2Fv2%2Fcomments&post=3254"}],"version-history":[{"count":3,"href":"https:\/\/www.ayadvogados.com.br\/index.php?rest_route=\/wp\/v2\/posts\/3254\/revisions"}],"predecessor-version":[{"id":3258,"href":"https:\/\/www.ayadvogados.com.br\/index.php?rest_route=\/wp\/v2\/posts\/3254\/revisions\/3258"}],"wp:featuredmedia":[{"embeddable":true,"href":"https:\/\/www.ayadvogados.com.br\/index.php?rest_route=\/wp\/v2\/media\/3256"}],"wp:attachment":[{"href":"https:\/\/www.ayadvogados.com.br\/index.php?rest_route=%2Fwp%2Fv2%2Fmedia&parent=3254"}],"wp:term":[{"taxonomy":"category","embeddable":true,"href":"https:\/\/www.ayadvogados.com.br\/index.php?rest_route=%2Fwp%2Fv2%2Fcategories&post=3254"},{"taxonomy":"post_tag","embeddable":true,"href":"https:\/\/www.ayadvogados.com.br\/index.php?rest_route=%2Fwp%2Fv2%2Ftags&post=3254"}],"curies":[{"name":"wp","href":"https:\/\/api.w.org\/{rel}","templated":true}]}}