{"id":323,"date":"2020-11-03T11:51:00","date_gmt":"2020-11-03T14:51:00","guid":{"rendered":"http:\/\/34.239.117.254\/?p=323"},"modified":"2021-03-18T11:52:05","modified_gmt":"2021-03-18T14:52:05","slug":"supremo-volta-a-analisar-icms-na-importacao","status":"publish","type":"post","link":"https:\/\/www.ayadvogados.com.br\/?p=323","title":{"rendered":"Supremo volta a analisar ICMS na importa\u00e7\u00e3o"},"content":{"rendered":"\n<p>O Supremo Tribunal Federal (STF) tem uma semana para decidir de quem \u00e9 a compet\u00eancia para cobrar ICMS-Importa\u00e7\u00e3o nas opera\u00e7\u00f5es envolvendo uma mesma empresa. Caso, por exemplo, em que a matriz importa as mercadorias do exterior e as direciona para as pr\u00f3prias filiais localizadas em outros Estados.<\/p>\n\n\n\n<p>A resposta vir\u00e1 por meio de embargos de declara\u00e7\u00e3o. Os ministros decidiram sobre o ICMS-Importa\u00e7\u00e3o no m\u00eas de maio. Para o Estado de Minas Gerais, no entanto, faltou analisar esse ponto espec\u00edfico das transa\u00e7\u00f5es relativas \u00e0s empresas que t\u00eam um mesmo propriet\u00e1rio &#8211; uma quarta modalidade, segundo o governo mineiro, n\u00e3o abordada no julgamento.<\/p>\n\n\n\n<p>H\u00e1, por enquanto, somente o voto do relator, o ministro Edson Fachin, que beneficia as empresas (ARE 665134). O julgamento teve in\u00edcio na sexta-feira por meio do Plen\u00e1rio Virtual da Corte. Os ministros t\u00eam at\u00e9 uma semana para depositar os votos no sistema. Esse prazo \u00e9 contado em dias \u00fateis &#8211; como ontem foi feriado, o encerramento ocorrer\u00e1 somente na pr\u00f3xima segunda-feira.<\/p>\n\n\n\n<p>Edson Fachin reafirma, no seu voto, o que j\u00e1 havia dito no julgamento de m\u00e9rito: a tributa\u00e7\u00e3o tem de estar atrelada \u00e0 modalidade de importa\u00e7\u00e3o que foi feita. Essa premissa, segundo o ministro, serve para todos os casos. N\u00e3o h\u00e1, acrescenta, uma hip\u00f3tese espec\u00edfica para situa\u00e7\u00f5es envolvendo matriz e filiais.<\/p>\n\n\n\n<p>Existem tr\u00eas tipos de importa\u00e7\u00e3o, segundo o relator: por conta pr\u00f3pria; por conta e ordem de terceiros, situa\u00e7\u00e3o em que a importadora \u00e9 contratada para fazer apenas o despacho aduaneiro, ela n\u00e3o emprega recursos nem realiza o contrato de c\u00e2mbio; e por encomenda, modalidade em que os produtos s\u00e3o adquiridos no exterior com recursos pr\u00f3prios da importadora e, aqui no Brasil, revendidos para aqueles que contrataram previamente o servi\u00e7o.<\/p>\n\n\n\n<p>Na primeira e terceira hip\u00f3teses, o imposto deve ser pago no Estado onde est\u00e1 localizado o importador. J\u00e1 na segunda modalidade &#8211; por conta e ordem de terceiros -, o Estado de quem contratou o servi\u00e7o \u00e9 quem pode cobrar o imposto.<\/p>\n\n\n\n<p>\u201cA forma n\u00e3o prevalece sobre o conte\u00fado\u201d, diz o ministro Fachin em seu voto nos embargos de declara\u00e7\u00e3o. \u201cIndependentemente de quem constar formalmente como estabelecimento importador (matriz ou filial), o que deve definir o destinat\u00e1rio final para fins de tributa\u00e7\u00e3o \u00e9 o tipo de importa\u00e7\u00e3o e o papel jur\u00eddico e materialmente desempenhado por cada estabelecimento envolvido na opera\u00e7\u00e3o.\u201d<\/p>\n\n\n\n<p>Advogados afirmam que esse entendimento, se prevalecer, ser\u00e1 o mais favor\u00e1vel \u00e0s empresas. \u201cA parte produtiva da empresa, na maioria das vezes, n\u00e3o est\u00e1 instalada no Estado onde ocorre o desembara\u00e7o aduaneiro, que, por vezes, t\u00eam al\u00edquota menor do imposto. Mas nada impede que elas abram filiais nesses Estados ou se utilizem de trading companies e, assim, tenham uma carga tribut\u00e1ria menor\u201d, afirma Danielle Rezende de Toledo, especialista na \u00e1rea de contencioso tribut\u00e1rio e aduaneiro do escrit\u00f3rio Lira Advogados.<\/p>\n\n\n\n<p>O Esp\u00edrito Santo \u00e9 considerado um dos redutos das importadoras. N\u00e3o s\u00f3 pelo seu porto, mas principalmente porque o Estado foi um dos primeiros a oferecer benef\u00edcios fiscais. Santa Catarina, pelos mesmos motivos, tamb\u00e9m \u00e9 apontada pelos advogados como um importante polo.<\/p>\n\n\n\n<p>As modalidades de importa\u00e7\u00e3o por encomenda e por conta e ordem de terceiros est\u00e3o entre as mais praticadas no pa\u00eds e motivaram disputas acirradas entre os Estados de origem das importadoras e os de destino das mercadorias. Com a decis\u00e3o dos embargos, no STF, o processo ser\u00e1 encerrado e o resultado sacramentado. As demais inst\u00e2ncias t\u00eam de seguir a orienta\u00e7\u00e3o do Supremo Tribunal Federal.<\/p>\n\n\n\n<p>At\u00e9 o m\u00eas de maio, quando houve o julgamento do m\u00e9rito, dizem advogados, havia uma s\u00e9rie de autua\u00e7\u00f5es aplicadas principalmente pelos Estados de destino das mercadorias aos seus contribuintes &#8211; os clientes das importadoras localizadas em outros locais &#8211; nos casos das opera\u00e7\u00f5es por encomenda.<\/p>\n\n\n\n<p>As cobran\u00e7as ocorriam geralmente nas situa\u00e7\u00f5es em que a mercadoria segue do porto diretamente para o cliente, ou seja, sem antes passar pelo estabelecimento da importadora. Um dispositivo da Lei Kandir servia como base para essas autua\u00e7\u00f5es.<\/p>\n\n\n\n<p>Consta no artigo 11 da norma que deve ser considerado para a cobran\u00e7a do ICMS-Importa\u00e7\u00e3o \u201co estabelecimento onde ocorrer a entrada f\u00edsica\u201d do produto. O ministro Edson Fachin, entendeu, no entanto, ao decidir o tema, que a Lei Kandir \u201cdisse menos do que deveria\u201d sobre o assunto e vetou a sua aplica\u00e7\u00e3o para as chamadas opera\u00e7\u00f5es por encomenda.<\/p>\n\n\n\n<p>Esse tema \u00e9 tratado no artigo 155 da Constitui\u00e7\u00e3o Federal. Fachin interpretou que deve-se levar em conta, para a cobran\u00e7a do imposto, quem adquiriu a mercadoria no exterior &#8211; se a importadora ou o cliente &#8211; e n\u00e3o o local onde ser\u00e1 entregue.<\/p>\n\n\n\n<p>\u201cO dinamismo das rela\u00e7\u00f5es comerciais n\u00e3o comporta a imposi\u00e7\u00e3o da entrada f\u00edsica da mercadoria no estabelecimento do adquirente-importador para configurar a circula\u00e7\u00e3o de mercadoria\u201d, afirma o ministro no voto dado no m\u00eas de maio.<\/p>\n\n\n\n<p>Fonte: <a href=\"https:\/\/valor.globo.com\/legislacao\/noticia\/2020\/11\/03\/supremo-volta-a-analisar-icms-na-importacao.ghtml\">Valor<\/a><\/p>\n\n\n\n<p>A Amaral, Yazbek, OAB\/PR 762, possui 35 anos de experi\u00eancia auxiliando empresas a transformar a tributa\u00e7\u00e3o em lucro. Entre em contato com um dos s\u00f3cios para agendamento de reuni\u00e3o em caso de d\u00favidas.<\/p>\n\n\n\n<p>Contato: 41 3595-8300 ou pelo nosso WhatsApp 41 99567-5696<\/p>\n\n\n\n<p>Av. C\u00e2ndido Hartmann, 50 \u2013 Bigorrilho | Curitiba-PR<\/p>\n\n\n\n<p>Assine nossa Newsletter e fique por dentro das novidades!<\/p>\n\n\n\n<p>Quer receber seu exemplar da revista Governan\u00e7a Jur\u00eddica? Clique <a href=\"http:\/\/ayadvogados.com.br\/revista\">aqui<\/a>&nbsp;e pe\u00e7a a sua.<\/p>\n\n\n\n<p>Nos acompanhe nas redes sociais: <a href=\"https:\/\/www.facebook.com\/amaral.yazbek\">Facebook<\/a>&nbsp;| <a href=\"https:\/\/www.instagram.com\/amaral.yazbek\/\">Instagram<\/a> | <a href=\"https:\/\/www.linkedin.com\/company\/3357082\/admin\/\">Linkedin<\/a><\/p>\n\n\n\n<p>J\u00e1 conhece o canal Direito da Intelig\u00eancia de Neg\u00f3cios? <a href=\"https:\/\/www.youtube.com\/channel\/UCu2Mpu32ht8DEN8OFRXYMyw\">Inscreva-se j\u00e1<\/a><\/p>\n","protected":false},"excerpt":{"rendered":"<p>O Supremo Tribunal Federal (STF) tem uma semana para decidir de quem \u00e9 a compet\u00eancia para cobrar ICMS-Importa\u00e7\u00e3o nas opera\u00e7\u00f5es envolvendo uma mesma empresa. Caso, por exemplo, em que a matriz importa as mercadorias do exterior e as direciona para as pr\u00f3prias filiais localizadas em outros Estados. A resposta vir\u00e1 por meio de embargos de [&hellip;]<\/p>\n","protected":false},"author":3,"featured_media":0,"comment_status":"open","ping_status":"open","sticky":false,"template":"","format":"standard","meta":{"footnotes":""},"categories":[1],"tags":[],"class_list":["post-323","post","type-post","status-publish","format-standard","hentry","category-noticia-do-dia"],"blocksy_meta":{"styles_descriptor":{"styles":{"desktop":"","tablet":"","mobile":""},"google_fonts":[],"version":6}},"yoast_head":"<!-- This site is optimized with the Yoast SEO plugin v27.5 - https:\/\/yoast.com\/product\/yoast-seo-wordpress\/ -->\n<title>Supremo volta a analisar ICMS na importa\u00e7\u00e3o - Amaral, Yazbek Advogados<\/title>\n<meta name=\"robots\" content=\"index, follow, max-snippet:-1, max-image-preview:large, max-video-preview:-1\" \/>\n<link rel=\"canonical\" href=\"https:\/\/www.ayadvogados.com.br\/?p=323\" \/>\n<meta property=\"og:locale\" content=\"pt_BR\" \/>\n<meta property=\"og:type\" content=\"article\" \/>\n<meta property=\"og:title\" content=\"Supremo volta a analisar ICMS na importa\u00e7\u00e3o - Amaral, Yazbek Advogados\" \/>\n<meta property=\"og:description\" content=\"O Supremo Tribunal Federal (STF) tem uma semana para decidir de quem \u00e9 a compet\u00eancia para cobrar ICMS-Importa\u00e7\u00e3o nas opera\u00e7\u00f5es envolvendo uma mesma empresa. Caso, por exemplo, em que a matriz importa as mercadorias do exterior e as direciona para as pr\u00f3prias filiais localizadas em outros Estados. A resposta vir\u00e1 por meio de embargos de [&hellip;]\" \/>\n<meta property=\"og:url\" content=\"https:\/\/www.ayadvogados.com.br\/?p=323\" \/>\n<meta property=\"og:site_name\" content=\"Amaral, Yazbek Advogados\" \/>\n<meta property=\"article:publisher\" content=\"https:\/\/www.facebook.com\/AYadvogados\" \/>\n<meta property=\"article:published_time\" content=\"2020-11-03T14:51:00+00:00\" \/>\n<meta property=\"article:modified_time\" content=\"2021-03-18T14:52:05+00:00\" \/>\n<meta name=\"author\" content=\"Infra\" \/>\n<meta name=\"twitter:card\" content=\"summary_large_image\" \/>\n<meta name=\"twitter:label1\" content=\"Escrito por\" \/>\n\t<meta name=\"twitter:data1\" content=\"Infra\" \/>\n\t<meta name=\"twitter:label2\" content=\"Est. tempo de leitura\" \/>\n\t<meta name=\"twitter:data2\" content=\"5 minutos\" \/>\n<script type=\"application\/ld+json\" class=\"yoast-schema-graph\">{\"@context\":\"https:\\\/\\\/schema.org\",\"@graph\":[{\"@type\":\"Article\",\"@id\":\"https:\\\/\\\/www.ayadvogados.com.br\\\/?p=323#article\",\"isPartOf\":{\"@id\":\"https:\\\/\\\/www.ayadvogados.com.br\\\/?p=323\"},\"author\":{\"name\":\"Infra\",\"@id\":\"https:\\\/\\\/www.34.239.117.254.sslip.io\\\/#\\\/schema\\\/person\\\/6b9165a58758b048b8ea5a4fbd4ec3c4\"},\"headline\":\"Supremo volta a analisar ICMS na importa\u00e7\u00e3o\",\"datePublished\":\"2020-11-03T14:51:00+00:00\",\"dateModified\":\"2021-03-18T14:52:05+00:00\",\"mainEntityOfPage\":{\"@id\":\"https:\\\/\\\/www.ayadvogados.com.br\\\/?p=323\"},\"wordCount\":964,\"commentCount\":0,\"publisher\":{\"@id\":\"https:\\\/\\\/www.34.239.117.254.sslip.io\\\/#organization\"},\"articleSection\":[\"Not\u00edcia do Dia\"],\"inLanguage\":\"pt-BR\",\"potentialAction\":[{\"@type\":\"CommentAction\",\"name\":\"Comment\",\"target\":[\"https:\\\/\\\/www.ayadvogados.com.br\\\/?p=323#respond\"]}]},{\"@type\":\"WebPage\",\"@id\":\"https:\\\/\\\/www.ayadvogados.com.br\\\/?p=323\",\"url\":\"https:\\\/\\\/www.ayadvogados.com.br\\\/?p=323\",\"name\":\"Supremo volta a analisar ICMS na importa\u00e7\u00e3o - Amaral, Yazbek Advogados\",\"isPartOf\":{\"@id\":\"https:\\\/\\\/www.34.239.117.254.sslip.io\\\/#website\"},\"datePublished\":\"2020-11-03T14:51:00+00:00\",\"dateModified\":\"2021-03-18T14:52:05+00:00\",\"breadcrumb\":{\"@id\":\"https:\\\/\\\/www.ayadvogados.com.br\\\/?p=323#breadcrumb\"},\"inLanguage\":\"pt-BR\",\"potentialAction\":[{\"@type\":\"ReadAction\",\"target\":[\"https:\\\/\\\/www.ayadvogados.com.br\\\/?p=323\"]}]},{\"@type\":\"BreadcrumbList\",\"@id\":\"https:\\\/\\\/www.ayadvogados.com.br\\\/?p=323#breadcrumb\",\"itemListElement\":[{\"@type\":\"ListItem\",\"position\":1,\"name\":\"In\u00edcio\",\"item\":\"https:\\\/\\\/www.34.239.117.254.sslip.io\\\/\"},{\"@type\":\"ListItem\",\"position\":2,\"name\":\"Supremo volta a analisar ICMS na importa\u00e7\u00e3o\"}]},{\"@type\":\"WebSite\",\"@id\":\"https:\\\/\\\/www.34.239.117.254.sslip.io\\\/#website\",\"url\":\"https:\\\/\\\/www.34.239.117.254.sslip.io\\\/\",\"name\":\"Amaral, Yazbek Advogados\",\"description\":\"Curitiba \u2022 Bras\u00edlia \u2022 S\u00e3o Paulo\",\"publisher\":{\"@id\":\"https:\\\/\\\/www.34.239.117.254.sslip.io\\\/#organization\"},\"potentialAction\":[{\"@type\":\"SearchAction\",\"target\":{\"@type\":\"EntryPoint\",\"urlTemplate\":\"https:\\\/\\\/www.34.239.117.254.sslip.io\\\/?s={search_term_string}\"},\"query-input\":{\"@type\":\"PropertyValueSpecification\",\"valueRequired\":true,\"valueName\":\"search_term_string\"}}],\"inLanguage\":\"pt-BR\"},{\"@type\":\"Organization\",\"@id\":\"https:\\\/\\\/www.34.239.117.254.sslip.io\\\/#organization\",\"name\":\"Amaral, Yazbek Advogados\",\"url\":\"https:\\\/\\\/www.34.239.117.254.sslip.io\\\/\",\"logo\":{\"@type\":\"ImageObject\",\"inLanguage\":\"pt-BR\",\"@id\":\"https:\\\/\\\/www.34.239.117.254.sslip.io\\\/#\\\/schema\\\/logo\\\/image\\\/\",\"url\":\"http:\\\/\\\/34.239.117.254\\\/wp-content\\\/uploads\\\/2021\\\/03\\\/logo-ay-g.png\",\"contentUrl\":\"http:\\\/\\\/34.239.117.254\\\/wp-content\\\/uploads\\\/2021\\\/03\\\/logo-ay-g.png\",\"width\":434,\"height\":106,\"caption\":\"Amaral, Yazbek Advogados\"},\"image\":{\"@id\":\"https:\\\/\\\/www.34.239.117.254.sslip.io\\\/#\\\/schema\\\/logo\\\/image\\\/\"},\"sameAs\":[\"https:\\\/\\\/www.facebook.com\\\/AYadvogados\",\"https:\\\/\\\/www.instagram.com\\\/ayadvogados\\\/\"]},{\"@type\":\"Person\",\"@id\":\"https:\\\/\\\/www.34.239.117.254.sslip.io\\\/#\\\/schema\\\/person\\\/6b9165a58758b048b8ea5a4fbd4ec3c4\",\"name\":\"Infra\",\"image\":{\"@type\":\"ImageObject\",\"inLanguage\":\"pt-BR\",\"@id\":\"https:\\\/\\\/secure.gravatar.com\\\/avatar\\\/60bf67293e186b9c834e31753dcc586dfcedb661d13b6b9ba29ac991ccafc035?s=96&d=mm&r=g\",\"url\":\"https:\\\/\\\/secure.gravatar.com\\\/avatar\\\/60bf67293e186b9c834e31753dcc586dfcedb661d13b6b9ba29ac991ccafc035?s=96&d=mm&r=g\",\"contentUrl\":\"https:\\\/\\\/secure.gravatar.com\\\/avatar\\\/60bf67293e186b9c834e31753dcc586dfcedb661d13b6b9ba29ac991ccafc035?s=96&d=mm&r=g\",\"caption\":\"Infra\"},\"url\":\"https:\\\/\\\/www.ayadvogados.com.br\\\/?author=3\"}]}<\/script>\n<!-- \/ Yoast SEO plugin. -->","yoast_head_json":{"title":"Supremo volta a analisar ICMS na importa\u00e7\u00e3o - Amaral, Yazbek Advogados","robots":{"index":"index","follow":"follow","max-snippet":"max-snippet:-1","max-image-preview":"max-image-preview:large","max-video-preview":"max-video-preview:-1"},"canonical":"https:\/\/www.ayadvogados.com.br\/?p=323","og_locale":"pt_BR","og_type":"article","og_title":"Supremo volta a analisar ICMS na importa\u00e7\u00e3o - Amaral, Yazbek Advogados","og_description":"O Supremo Tribunal Federal (STF) tem uma semana para decidir de quem \u00e9 a compet\u00eancia para cobrar ICMS-Importa\u00e7\u00e3o nas opera\u00e7\u00f5es envolvendo uma mesma empresa. Caso, por exemplo, em que a matriz importa as mercadorias do exterior e as direciona para as pr\u00f3prias filiais localizadas em outros Estados. A resposta vir\u00e1 por meio de embargos de [&hellip;]","og_url":"https:\/\/www.ayadvogados.com.br\/?p=323","og_site_name":"Amaral, Yazbek Advogados","article_publisher":"https:\/\/www.facebook.com\/AYadvogados","article_published_time":"2020-11-03T14:51:00+00:00","article_modified_time":"2021-03-18T14:52:05+00:00","author":"Infra","twitter_card":"summary_large_image","twitter_misc":{"Escrito por":"Infra","Est. tempo de leitura":"5 minutos"},"schema":{"@context":"https:\/\/schema.org","@graph":[{"@type":"Article","@id":"https:\/\/www.ayadvogados.com.br\/?p=323#article","isPartOf":{"@id":"https:\/\/www.ayadvogados.com.br\/?p=323"},"author":{"name":"Infra","@id":"https:\/\/www.34.239.117.254.sslip.io\/#\/schema\/person\/6b9165a58758b048b8ea5a4fbd4ec3c4"},"headline":"Supremo volta a analisar ICMS na importa\u00e7\u00e3o","datePublished":"2020-11-03T14:51:00+00:00","dateModified":"2021-03-18T14:52:05+00:00","mainEntityOfPage":{"@id":"https:\/\/www.ayadvogados.com.br\/?p=323"},"wordCount":964,"commentCount":0,"publisher":{"@id":"https:\/\/www.34.239.117.254.sslip.io\/#organization"},"articleSection":["Not\u00edcia do Dia"],"inLanguage":"pt-BR","potentialAction":[{"@type":"CommentAction","name":"Comment","target":["https:\/\/www.ayadvogados.com.br\/?p=323#respond"]}]},{"@type":"WebPage","@id":"https:\/\/www.ayadvogados.com.br\/?p=323","url":"https:\/\/www.ayadvogados.com.br\/?p=323","name":"Supremo volta a analisar ICMS na importa\u00e7\u00e3o - Amaral, Yazbek Advogados","isPartOf":{"@id":"https:\/\/www.34.239.117.254.sslip.io\/#website"},"datePublished":"2020-11-03T14:51:00+00:00","dateModified":"2021-03-18T14:52:05+00:00","breadcrumb":{"@id":"https:\/\/www.ayadvogados.com.br\/?p=323#breadcrumb"},"inLanguage":"pt-BR","potentialAction":[{"@type":"ReadAction","target":["https:\/\/www.ayadvogados.com.br\/?p=323"]}]},{"@type":"BreadcrumbList","@id":"https:\/\/www.ayadvogados.com.br\/?p=323#breadcrumb","itemListElement":[{"@type":"ListItem","position":1,"name":"In\u00edcio","item":"https:\/\/www.34.239.117.254.sslip.io\/"},{"@type":"ListItem","position":2,"name":"Supremo volta a analisar ICMS na importa\u00e7\u00e3o"}]},{"@type":"WebSite","@id":"https:\/\/www.34.239.117.254.sslip.io\/#website","url":"https:\/\/www.34.239.117.254.sslip.io\/","name":"Amaral, Yazbek Advogados","description":"Curitiba \u2022 Bras\u00edlia \u2022 S\u00e3o Paulo","publisher":{"@id":"https:\/\/www.34.239.117.254.sslip.io\/#organization"},"potentialAction":[{"@type":"SearchAction","target":{"@type":"EntryPoint","urlTemplate":"https:\/\/www.34.239.117.254.sslip.io\/?s={search_term_string}"},"query-input":{"@type":"PropertyValueSpecification","valueRequired":true,"valueName":"search_term_string"}}],"inLanguage":"pt-BR"},{"@type":"Organization","@id":"https:\/\/www.34.239.117.254.sslip.io\/#organization","name":"Amaral, Yazbek Advogados","url":"https:\/\/www.34.239.117.254.sslip.io\/","logo":{"@type":"ImageObject","inLanguage":"pt-BR","@id":"https:\/\/www.34.239.117.254.sslip.io\/#\/schema\/logo\/image\/","url":"http:\/\/34.239.117.254\/wp-content\/uploads\/2021\/03\/logo-ay-g.png","contentUrl":"http:\/\/34.239.117.254\/wp-content\/uploads\/2021\/03\/logo-ay-g.png","width":434,"height":106,"caption":"Amaral, Yazbek Advogados"},"image":{"@id":"https:\/\/www.34.239.117.254.sslip.io\/#\/schema\/logo\/image\/"},"sameAs":["https:\/\/www.facebook.com\/AYadvogados","https:\/\/www.instagram.com\/ayadvogados\/"]},{"@type":"Person","@id":"https:\/\/www.34.239.117.254.sslip.io\/#\/schema\/person\/6b9165a58758b048b8ea5a4fbd4ec3c4","name":"Infra","image":{"@type":"ImageObject","inLanguage":"pt-BR","@id":"https:\/\/secure.gravatar.com\/avatar\/60bf67293e186b9c834e31753dcc586dfcedb661d13b6b9ba29ac991ccafc035?s=96&d=mm&r=g","url":"https:\/\/secure.gravatar.com\/avatar\/60bf67293e186b9c834e31753dcc586dfcedb661d13b6b9ba29ac991ccafc035?s=96&d=mm&r=g","contentUrl":"https:\/\/secure.gravatar.com\/avatar\/60bf67293e186b9c834e31753dcc586dfcedb661d13b6b9ba29ac991ccafc035?s=96&d=mm&r=g","caption":"Infra"},"url":"https:\/\/www.ayadvogados.com.br\/?author=3"}]}},"rttpg_featured_image_url":null,"rttpg_author":{"display_name":"Infra","author_link":"https:\/\/www.ayadvogados.com.br\/?author=3"},"rttpg_comment":0,"rttpg_category":"<a href=\"https:\/\/www.ayadvogados.com.br\/?cat=1\" rel=\"category\">Not\u00edcia do Dia<\/a>","rttpg_excerpt":"O Supremo Tribunal Federal (STF) tem uma semana para decidir de quem \u00e9 a compet\u00eancia para cobrar ICMS-Importa\u00e7\u00e3o nas opera\u00e7\u00f5es envolvendo uma mesma empresa. Caso, por exemplo, em que a matriz importa as mercadorias do exterior e as direciona para as pr\u00f3prias filiais localizadas em outros Estados. A resposta vir\u00e1 por meio de embargos de&hellip;","_links":{"self":[{"href":"https:\/\/www.ayadvogados.com.br\/index.php?rest_route=\/wp\/v2\/posts\/323","targetHints":{"allow":["GET"]}}],"collection":[{"href":"https:\/\/www.ayadvogados.com.br\/index.php?rest_route=\/wp\/v2\/posts"}],"about":[{"href":"https:\/\/www.ayadvogados.com.br\/index.php?rest_route=\/wp\/v2\/types\/post"}],"author":[{"embeddable":true,"href":"https:\/\/www.ayadvogados.com.br\/index.php?rest_route=\/wp\/v2\/users\/3"}],"replies":[{"embeddable":true,"href":"https:\/\/www.ayadvogados.com.br\/index.php?rest_route=%2Fwp%2Fv2%2Fcomments&post=323"}],"version-history":[{"count":1,"href":"https:\/\/www.ayadvogados.com.br\/index.php?rest_route=\/wp\/v2\/posts\/323\/revisions"}],"predecessor-version":[{"id":324,"href":"https:\/\/www.ayadvogados.com.br\/index.php?rest_route=\/wp\/v2\/posts\/323\/revisions\/324"}],"wp:attachment":[{"href":"https:\/\/www.ayadvogados.com.br\/index.php?rest_route=%2Fwp%2Fv2%2Fmedia&parent=323"}],"wp:term":[{"taxonomy":"category","embeddable":true,"href":"https:\/\/www.ayadvogados.com.br\/index.php?rest_route=%2Fwp%2Fv2%2Fcategories&post=323"},{"taxonomy":"post_tag","embeddable":true,"href":"https:\/\/www.ayadvogados.com.br\/index.php?rest_route=%2Fwp%2Fv2%2Ftags&post=323"}],"curies":[{"name":"wp","href":"https:\/\/api.w.org\/{rel}","templated":true}]}}